{"id":94877,"date":"2021-03-23T00:00:00","date_gmt":"2021-03-23T02:00:00","guid":{"rendered":"http:\/\/pre.boxrepsol.com\/sin-categorizar\/equipo-repsol-honda-centrado-ya-primer-gp-la-temporada\/"},"modified":"2024-04-17T10:16:02","modified_gmt":"2024-04-17T12:16:02","slug":"equipo-repsol-honda-centrado-ya-primer-gp-la-temporada","status":"publish","type":"post","link":"https:\/\/www.boxrepsol.com\/es\/motogp\/equipo-repsol-honda-centrado-ya-primer-gp-la-temporada\/","title":{"rendered":"El equipo Repsol Honda, centrado ya en el primer GP de la temporada"},"content":{"rendered":"<p>Despu\u00e9s de completar cinco d\u00edas de test en el Circuito Internacional de Losail a principios de este mes de marzo, el equipo Repsol Honda llega a la primera cita de la temporada con Pol Espargar\u00f3 listo para realizar su debut con su nuevo equipo. El piloto espa\u00f1ol termin\u00f3 los dos tests de la pretemporada con buenas sensaciones, mostr\u00e1ndose motivado y satisfecho con los resultados obtenidos.<\/p>\n<p>Su compa\u00f1ero de equipo, Stefan Bradl, tambi\u00e9n termin\u00f3 positivamente los dos tests celebrados en este mismo trazado, llegando a situarse al frente de la clasificaci\u00f3n de tiempos en m\u00e1s de una ocasi\u00f3n. El piloto del equipo Repsol Honda sigue sustituyendo a Marc M\u00e1rquez, que contin\u00faa trabajando para recuperarse cuanto antes de la lesi\u00f3n que sufri\u00f3 el a\u00f1o pasado durante el Gran Premio de Espa\u00f1a en Jerez.<\/p>\n<figure>\n        <picture style=\"padding-bottom: 56.25%; background-image: url(https:\/\/www.boxrepsol.com\/wp-content\/uploads\/2021\/03\/pol-caballito-32x18.jpg);\">\n<p>            <noscript><\/noscript>\n        <\/picture><figcaption>Pol Espargar\u00f3 haciendo un caballito en el circuito de Losail<\/figcaption><\/figure>\n<h2>Declaraciones de los pilotos<\/h2>\n<p><a href=\"https:\/\/twitter.com\/hashtag\/PE44?src=hash&#038;lang=es\">#PE44<\/a><\/p>\n<p><em>\u201cFinalmente ha llegado la primera carrera y estoy muy emocionado de volver a pilotar la Honda. Hemos hecho unos buenos tests y estoy deseando que llegue el primer fin de semana de carreras. Hay algunas cosas que todav\u00eda tenemos que aprender y entender sobre la moto y ser\u00e1 un fin de semana de inicio intenso, pero estoy emocionado. Correr con el equipo Repsol Honda es algo con lo que la mayor\u00eda de la gente sue\u00f1a y no veo la hora de hacerlo. No me pongo otro objetivo para la carrera que no sea hacerlo lo mejor que podamos. Ofrezcamos un buen espect\u00e1culo para todos los aficionados que est\u00e1n en casa, \u00a1es hora de salir a correr!\u201d.<br \/>\n<\/em><\/p>\n<hr\/>\n<p><a href=\"https:\/\/twitter.com\/hashtag\/SB6?src=hash&#038;lang=es\">#SB6<\/a><\/p>\n<p><em>\u201cEn primer lugar, quiero agradecer al equipo Repsol Honda y desearle a Marc todo lo mejor en su recuperaci\u00f3n. Hemos hecho unos buenos tests y he estado pilotando bien despu\u00e9s de un 2020 ajetreado y un buen comienzo de 2021. Ojal\u00e1 podamos tener otro fin de semana fuerte y recopilar buena informaci\u00f3n para Honda. Ser\u00e1 genial volver a correr en Catar, ha pasado un tiempo desde que corr\u00ed aqu\u00ed, pero ciertamente los dos tests me han puesto al d\u00eda con la pista, as\u00ed que no creo que esto sea una desventaja para nosotros. Empecemos la temporada\u00bb.<br \/>\n<\/em><\/p>\n","protected":false},"excerpt":{"rendered":"<p>Pol Espargar\u00f3 y Stefan Bradl empezar\u00e1n este fin de semana en Catar la temporada 2021 del Campeonato del Mundo de MotoGP, mientras Marc M\u00e1rquez sigue avanzando en su recuperaci\u00f3n para regresar pronto al Mundial<\/p>\n","protected":false},"author":43146,"featured_media":42593,"comment_status":"open","ping_status":"open","sticky":false,"template":"","format":"standard","meta":{"footnotes":""},"categories":[4],"tags":[194,157],"class_list":["post-94877","post","type-post","status-publish","format-standard","hentry","category-motogp","tag-194","tag-motogp-catar"],"yoast_head":"<!-- This site is optimized with the Yoast SEO plugin v27.3 - https:\/\/yoast.com\/product\/yoast-seo-wordpress\/ -->\n<title>El equipo Repsol Honda, centrado ya en el primer GP de la temporada - Box Repsol<\/title>\n<meta name=\"description\" content=\"Pol Espargar\u00f3 y Stefan Bradl empezar\u00e1n este fin de semana en Catar la temporada 2021 del Campeonato del Mundo de MotoGP.\" \/>\n<link rel=\"canonical\" href=\"https:\/\/www.boxrepsol.com\/es\/motogp\/equipo-repsol-honda-centrado-ya-primer-gp-la-temporada\/\" \/>\n<meta property=\"og:locale\" content=\"es_ES\" \/>\n<meta property=\"og:type\" content=\"article\" \/>\n<meta property=\"og:title\" content=\"El equipo Repsol Honda, centrado ya en el primer GP de la temporada - Box Repsol\" \/>\n<meta property=\"og:description\" content=\"Pol Espargar\u00f3 y Stefan Bradl empezar\u00e1n este fin de semana en Catar la temporada 2021 del Campeonato del Mundo de MotoGP.\" \/>\n<meta property=\"og:url\" content=\"https:\/\/www.boxrepsol.com\/es\/motogp\/equipo-repsol-honda-centrado-ya-primer-gp-la-temporada\/\" \/>\n<meta property=\"og:site_name\" content=\"Box Repsol\" \/>\n<meta property=\"article:publisher\" content=\"https:\/\/www.facebook.com\/BoxRepsol\" \/>\n<meta property=\"article:author\" content=\"https:\/\/www.facebook.com\/BoxRepsol\/\" \/>\n<meta property=\"article:published_time\" content=\"2021-03-23T02:00:00+00:00\" \/>\n<meta property=\"article:modified_time\" content=\"2024-04-17T12:16:02+00:00\" \/>\n<meta property=\"og:image\" content=\"https:\/\/bxrepsol.s3.eu-west-1.amazonaws.com\/static\/2022\/08\/09125952\/pol-pitlane.jpg\" \/>\n\t<meta property=\"og:image:width\" content=\"1280\" \/>\n\t<meta property=\"og:image:height\" content=\"720\" \/>\n\t<meta property=\"og:image:type\" content=\"image\/jpeg\" \/>\n<meta name=\"author\" content=\"Redacci\u00f3n Box Repsol\" \/>\n<meta name=\"twitter:card\" content=\"summary_large_image\" \/>\n<meta name=\"twitter:creator\" content=\"@https:\/\/twitter.com\/box_repsol\" \/>\n<meta name=\"twitter:site\" content=\"@box_repsol\" \/>\n<meta name=\"twitter:label1\" content=\"Written by\" \/>\n\t<meta name=\"twitter:data1\" content=\"Redacci\u00f3n Box Repsol\" \/>\n\t<meta name=\"twitter:label2\" content=\"Est. reading time\" \/>\n\t<meta name=\"twitter:data2\" content=\"2 minutos\" \/>\n<script type=\"application\/ld+json\" class=\"yoast-schema-graph\">{\"@context\":\"https:\\\/\\\/schema.org\",\"@graph\":[{\"@type\":\"Article\",\"@id\":\"https:\\\/\\\/www.boxrepsol.com\\\/es\\\/motogp\\\/equipo-repsol-honda-centrado-ya-primer-gp-la-temporada\\\/#article\",\"isPartOf\":{\"@id\":\"https:\\\/\\\/www.boxrepsol.com\\\/es\\\/motogp\\\/equipo-repsol-honda-centrado-ya-primer-gp-la-temporada\\\/\"},\"author\":{\"name\":\"Redacci\u00f3n Box Repsol\",\"@id\":\"https:\\\/\\\/www.boxrepsol.com\\\/es\\\/#\\\/schema\\\/person\\\/c5c2138f2cca251b0ad92b7086bb60b7\"},\"headline\":\"El equipo Repsol Honda, centrado ya en el primer GP de la temporada\",\"datePublished\":\"2021-03-23T02:00:00+00:00\",\"dateModified\":\"2024-04-17T12:16:02+00:00\",\"mainEntityOfPage\":{\"@id\":\"https:\\\/\\\/www.boxrepsol.com\\\/es\\\/motogp\\\/equipo-repsol-honda-centrado-ya-primer-gp-la-temporada\\\/\"},\"wordCount\":393,\"commentCount\":0,\"publisher\":{\"@id\":\"https:\\\/\\\/www.boxrepsol.com\\\/es\\\/#organization\"},\"image\":{\"@id\":\"https:\\\/\\\/www.boxrepsol.com\\\/es\\\/motogp\\\/equipo-repsol-honda-centrado-ya-primer-gp-la-temporada\\\/#primaryimage\"},\"thumbnailUrl\":\"https:\\\/\\\/bxrepsol.s3.eu-west-1.amazonaws.com\\\/static\\\/2022\\\/08\\\/09125952\\\/pol-pitlane.jpg\",\"keywords\":[\"2021\",\"MotoGP Catar\"],\"articleSection\":[\"MotoGP\"],\"inLanguage\":\"es\",\"potentialAction\":[{\"@type\":\"CommentAction\",\"name\":\"Comment\",\"target\":[\"https:\\\/\\\/www.boxrepsol.com\\\/es\\\/motogp\\\/equipo-repsol-honda-centrado-ya-primer-gp-la-temporada\\\/#respond\"]}]},{\"@type\":\"WebPage\",\"@id\":\"https:\\\/\\\/www.boxrepsol.com\\\/es\\\/motogp\\\/equipo-repsol-honda-centrado-ya-primer-gp-la-temporada\\\/\",\"url\":\"https:\\\/\\\/www.boxrepsol.com\\\/es\\\/motogp\\\/equipo-repsol-honda-centrado-ya-primer-gp-la-temporada\\\/\",\"name\":\"El equipo Repsol Honda, centrado ya en el primer GP de la temporada - Box Repsol\",\"isPartOf\":{\"@id\":\"https:\\\/\\\/www.boxrepsol.com\\\/es\\\/#website\"},\"primaryImageOfPage\":{\"@id\":\"https:\\\/\\\/www.boxrepsol.com\\\/es\\\/motogp\\\/equipo-repsol-honda-centrado-ya-primer-gp-la-temporada\\\/#primaryimage\"},\"image\":{\"@id\":\"https:\\\/\\\/www.boxrepsol.com\\\/es\\\/motogp\\\/equipo-repsol-honda-centrado-ya-primer-gp-la-temporada\\\/#primaryimage\"},\"thumbnailUrl\":\"https:\\\/\\\/bxrepsol.s3.eu-west-1.amazonaws.com\\\/static\\\/2022\\\/08\\\/09125952\\\/pol-pitlane.jpg\",\"datePublished\":\"2021-03-23T02:00:00+00:00\",\"dateModified\":\"2024-04-17T12:16:02+00:00\",\"description\":\"Pol Espargar\u00f3 y Stefan Bradl empezar\u00e1n este fin de semana en Catar la temporada 2021 del Campeonato del Mundo de MotoGP.\",\"breadcrumb\":{\"@id\":\"https:\\\/\\\/www.boxrepsol.com\\\/es\\\/motogp\\\/equipo-repsol-honda-centrado-ya-primer-gp-la-temporada\\\/#breadcrumb\"},\"inLanguage\":\"es\",\"potentialAction\":[{\"@type\":\"ReadAction\",\"target\":[\"https:\\\/\\\/www.boxrepsol.com\\\/es\\\/motogp\\\/equipo-repsol-honda-centrado-ya-primer-gp-la-temporada\\\/\"]}]},{\"@type\":\"ImageObject\",\"inLanguage\":\"es\",\"@id\":\"https:\\\/\\\/www.boxrepsol.com\\\/es\\\/motogp\\\/equipo-repsol-honda-centrado-ya-primer-gp-la-temporada\\\/#primaryimage\",\"url\":\"https:\\\/\\\/bxrepsol.s3.eu-west-1.amazonaws.com\\\/static\\\/2022\\\/08\\\/09125952\\\/pol-pitlane.jpg\",\"contentUrl\":\"https:\\\/\\\/bxrepsol.s3.eu-west-1.amazonaws.com\\\/static\\\/2022\\\/08\\\/09125952\\\/pol-pitlane.jpg\",\"width\":1280,\"height\":720,\"caption\":\"Pol Espargar\u00f3 saliendo del Box en el circuito de Losail\"},{\"@type\":\"BreadcrumbList\",\"@id\":\"https:\\\/\\\/www.boxrepsol.com\\\/es\\\/motogp\\\/equipo-repsol-honda-centrado-ya-primer-gp-la-temporada\\\/#breadcrumb\",\"itemListElement\":[{\"@type\":\"ListItem\",\"position\":1,\"name\":\"Home\",\"item\":\"https:\\\/\\\/www.boxrepsol.com\\\/es\\\/\"},{\"@type\":\"ListItem\",\"position\":2,\"name\":\"El equipo Repsol Honda, centrado ya en el primer GP de la temporada\"}]},{\"@type\":\"WebSite\",\"@id\":\"https:\\\/\\\/www.boxrepsol.com\\\/es\\\/#website\",\"url\":\"https:\\\/\\\/www.boxrepsol.com\\\/es\\\/\",\"name\":\"Box Repsol\",\"description\":\"Box Repsol Site\",\"publisher\":{\"@id\":\"https:\\\/\\\/www.boxrepsol.com\\\/es\\\/#organization\"},\"potentialAction\":[{\"@type\":\"SearchAction\",\"target\":{\"@type\":\"EntryPoint\",\"urlTemplate\":\"https:\\\/\\\/www.boxrepsol.com\\\/es\\\/?s={search_term_string}\"},\"query-input\":{\"@type\":\"PropertyValueSpecification\",\"valueRequired\":true,\"valueName\":\"search_term_string\"}}],\"inLanguage\":\"es\"},{\"@type\":\"Organization\",\"@id\":\"https:\\\/\\\/www.boxrepsol.com\\\/es\\\/#organization\",\"name\":\"Box Repsol\",\"url\":\"https:\\\/\\\/www.boxrepsol.com\\\/es\\\/\",\"logo\":{\"@type\":\"ImageObject\",\"inLanguage\":\"es\",\"@id\":\"https:\\\/\\\/www.boxrepsol.com\\\/es\\\/#\\\/schema\\\/logo\\\/image\\\/\",\"url\":\"https:\\\/\\\/bxrepsol.s3.eu-west-1.amazonaws.com\\\/static\\\/2025\\\/07\\\/30083337\\\/favicon-96x96-1.png\",\"contentUrl\":\"https:\\\/\\\/bxrepsol.s3.eu-west-1.amazonaws.com\\\/static\\\/2025\\\/07\\\/30083337\\\/favicon-96x96-1.png\",\"width\":96,\"height\":96,\"caption\":\"Box Repsol\"},\"image\":{\"@id\":\"https:\\\/\\\/www.boxrepsol.com\\\/es\\\/#\\\/schema\\\/logo\\\/image\\\/\"},\"sameAs\":[\"https:\\\/\\\/www.facebook.com\\\/BoxRepsol\",\"https:\\\/\\\/x.com\\\/box_repsol\",\"http:\\\/\\\/instagram.com\\\/box_repsol\",\"https:\\\/\\\/www.youtube.com\\\/user\\\/RepsolCompeticion\",\"https:\\\/\\\/www.flickr.com\\\/photos\\\/box_repsol\\\/\"]},{\"@type\":\"Person\",\"@id\":\"https:\\\/\\\/www.boxrepsol.com\\\/es\\\/#\\\/schema\\\/person\\\/c5c2138f2cca251b0ad92b7086bb60b7\",\"name\":\"Redacci\u00f3n Box Repsol\",\"image\":{\"@type\":\"ImageObject\",\"inLanguage\":\"es\",\"@id\":\"https:\\\/\\\/secure.gravatar.com\\\/avatar\\\/adf7b77e38b4419baf32c7e9c21dde01f4e40df611f0978e3006fc4ba0aaab7e?s=96&d=mm&r=g\",\"url\":\"https:\\\/\\\/secure.gravatar.com\\\/avatar\\\/adf7b77e38b4419baf32c7e9c21dde01f4e40df611f0978e3006fc4ba0aaab7e?s=96&d=mm&r=g\",\"contentUrl\":\"https:\\\/\\\/secure.gravatar.com\\\/avatar\\\/adf7b77e38b4419baf32c7e9c21dde01f4e40df611f0978e3006fc4ba0aaab7e?s=96&d=mm&r=g\",\"caption\":\"Redacci\u00f3n Box Repsol\"},\"description\":\"Box Repsol lo forma un equipo de periodistas, community managers, dise\u00f1adores y fot\u00f3grafos con m\u00e1s de 20 a\u00f1os de experiencia en el mundo del motorsport. Hemos vivido el primer mundial de un espa\u00f1ol en la categor\u00eda reina de motociclismo con \u00c1lex Crivill\u00e9, estuvimos en las victorias de Pedrosa y los t\u00edtulos de M\u00e1rquez, acompa\u00f1amos en \u00c1frica a Nani Roma y Marc Coma en sus conquistas del Dakar y hemos vibrado con los t\u00edtulos de Toni Bou en Trial. Adem\u00e1s, en nuestro equipo contamos con expertos en el mundo de las dos y cuatro ruedas tanto de la calle y las carreteras, como de los circuitos. Periodistas que han trabajado en revistas y publicaciones para hacerte llegar desde rutas y consejos de mantenimiento, a curiosidades y trucos de pilotaje.\",\"sameAs\":[\"https:\\\/\\\/www.facebook.com\\\/BoxRepsol\\\/\",\"https:\\\/\\\/www.instagram.com\\\/box_repsol\\\/\",\"https:\\\/\\\/x.com\\\/https:\\\/\\\/twitter.com\\\/box_repsol\",\"https:\\\/\\\/www.youtube.com\\\/@Boxrepsol\"],\"url\":\"https:\\\/\\\/www.boxrepsol.com\\\/es\\\/author\\\/redaccion-box-repsol\\\/\"}]}<\/script>\n<!-- \/ Yoast SEO plugin. -->","yoast_head_json":{"title":"El equipo Repsol Honda, centrado ya en el primer GP de la temporada - Box Repsol","description":"Pol Espargar\u00f3 y Stefan Bradl empezar\u00e1n este fin de semana en Catar la temporada 2021 del Campeonato del Mundo de MotoGP.","canonical":"https:\/\/www.boxrepsol.com\/es\/motogp\/equipo-repsol-honda-centrado-ya-primer-gp-la-temporada\/","og_locale":"es_ES","og_type":"article","og_title":"El equipo Repsol Honda, centrado ya en el primer GP de la temporada - Box Repsol","og_description":"Pol Espargar\u00f3 y Stefan Bradl empezar\u00e1n este fin de semana en Catar la temporada 2021 del Campeonato del Mundo de MotoGP.","og_url":"https:\/\/www.boxrepsol.com\/es\/motogp\/equipo-repsol-honda-centrado-ya-primer-gp-la-temporada\/","og_site_name":"Box Repsol","article_publisher":"https:\/\/www.facebook.com\/BoxRepsol","article_author":"https:\/\/www.facebook.com\/BoxRepsol\/","article_published_time":"2021-03-23T02:00:00+00:00","article_modified_time":"2024-04-17T12:16:02+00:00","og_image":[{"width":1280,"height":720,"url":"https:\/\/bxrepsol.s3.eu-west-1.amazonaws.com\/static\/2022\/08\/09125952\/pol-pitlane.jpg","type":"image\/jpeg"}],"author":"Redacci\u00f3n Box Repsol","twitter_card":"summary_large_image","twitter_creator":"@https:\/\/twitter.com\/box_repsol","twitter_site":"@box_repsol","twitter_misc":{"Written by":"Redacci\u00f3n Box Repsol","Est. reading time":"2 minutos"},"schema":{"@context":"https:\/\/schema.org","@graph":[{"@type":"Article","@id":"https:\/\/www.boxrepsol.com\/es\/motogp\/equipo-repsol-honda-centrado-ya-primer-gp-la-temporada\/#article","isPartOf":{"@id":"https:\/\/www.boxrepsol.com\/es\/motogp\/equipo-repsol-honda-centrado-ya-primer-gp-la-temporada\/"},"author":{"name":"Redacci\u00f3n Box Repsol","@id":"https:\/\/www.boxrepsol.com\/es\/#\/schema\/person\/c5c2138f2cca251b0ad92b7086bb60b7"},"headline":"El equipo Repsol Honda, centrado ya en el primer GP de la temporada","datePublished":"2021-03-23T02:00:00+00:00","dateModified":"2024-04-17T12:16:02+00:00","mainEntityOfPage":{"@id":"https:\/\/www.boxrepsol.com\/es\/motogp\/equipo-repsol-honda-centrado-ya-primer-gp-la-temporada\/"},"wordCount":393,"commentCount":0,"publisher":{"@id":"https:\/\/www.boxrepsol.com\/es\/#organization"},"image":{"@id":"https:\/\/www.boxrepsol.com\/es\/motogp\/equipo-repsol-honda-centrado-ya-primer-gp-la-temporada\/#primaryimage"},"thumbnailUrl":"https:\/\/bxrepsol.s3.eu-west-1.amazonaws.com\/static\/2022\/08\/09125952\/pol-pitlane.jpg","keywords":["2021","MotoGP Catar"],"articleSection":["MotoGP"],"inLanguage":"es","potentialAction":[{"@type":"CommentAction","name":"Comment","target":["https:\/\/www.boxrepsol.com\/es\/motogp\/equipo-repsol-honda-centrado-ya-primer-gp-la-temporada\/#respond"]}]},{"@type":"WebPage","@id":"https:\/\/www.boxrepsol.com\/es\/motogp\/equipo-repsol-honda-centrado-ya-primer-gp-la-temporada\/","url":"https:\/\/www.boxrepsol.com\/es\/motogp\/equipo-repsol-honda-centrado-ya-primer-gp-la-temporada\/","name":"El equipo Repsol Honda, centrado ya en el primer GP de la temporada - Box Repsol","isPartOf":{"@id":"https:\/\/www.boxrepsol.com\/es\/#website"},"primaryImageOfPage":{"@id":"https:\/\/www.boxrepsol.com\/es\/motogp\/equipo-repsol-honda-centrado-ya-primer-gp-la-temporada\/#primaryimage"},"image":{"@id":"https:\/\/www.boxrepsol.com\/es\/motogp\/equipo-repsol-honda-centrado-ya-primer-gp-la-temporada\/#primaryimage"},"thumbnailUrl":"https:\/\/bxrepsol.s3.eu-west-1.amazonaws.com\/static\/2022\/08\/09125952\/pol-pitlane.jpg","datePublished":"2021-03-23T02:00:00+00:00","dateModified":"2024-04-17T12:16:02+00:00","description":"Pol Espargar\u00f3 y Stefan Bradl empezar\u00e1n este fin de semana en Catar la temporada 2021 del Campeonato del Mundo de MotoGP.","breadcrumb":{"@id":"https:\/\/www.boxrepsol.com\/es\/motogp\/equipo-repsol-honda-centrado-ya-primer-gp-la-temporada\/#breadcrumb"},"inLanguage":"es","potentialAction":[{"@type":"ReadAction","target":["https:\/\/www.boxrepsol.com\/es\/motogp\/equipo-repsol-honda-centrado-ya-primer-gp-la-temporada\/"]}]},{"@type":"ImageObject","inLanguage":"es","@id":"https:\/\/www.boxrepsol.com\/es\/motogp\/equipo-repsol-honda-centrado-ya-primer-gp-la-temporada\/#primaryimage","url":"https:\/\/bxrepsol.s3.eu-west-1.amazonaws.com\/static\/2022\/08\/09125952\/pol-pitlane.jpg","contentUrl":"https:\/\/bxrepsol.s3.eu-west-1.amazonaws.com\/static\/2022\/08\/09125952\/pol-pitlane.jpg","width":1280,"height":720,"caption":"Pol Espargar\u00f3 saliendo del Box en el circuito de Losail"},{"@type":"BreadcrumbList","@id":"https:\/\/www.boxrepsol.com\/es\/motogp\/equipo-repsol-honda-centrado-ya-primer-gp-la-temporada\/#breadcrumb","itemListElement":[{"@type":"ListItem","position":1,"name":"Home","item":"https:\/\/www.boxrepsol.com\/es\/"},{"@type":"ListItem","position":2,"name":"El equipo Repsol Honda, centrado ya en el primer GP de la temporada"}]},{"@type":"WebSite","@id":"https:\/\/www.boxrepsol.com\/es\/#website","url":"https:\/\/www.boxrepsol.com\/es\/","name":"Box Repsol","description":"Box Repsol Site","publisher":{"@id":"https:\/\/www.boxrepsol.com\/es\/#organization"},"potentialAction":[{"@type":"SearchAction","target":{"@type":"EntryPoint","urlTemplate":"https:\/\/www.boxrepsol.com\/es\/?s={search_term_string}"},"query-input":{"@type":"PropertyValueSpecification","valueRequired":true,"valueName":"search_term_string"}}],"inLanguage":"es"},{"@type":"Organization","@id":"https:\/\/www.boxrepsol.com\/es\/#organization","name":"Box Repsol","url":"https:\/\/www.boxrepsol.com\/es\/","logo":{"@type":"ImageObject","inLanguage":"es","@id":"https:\/\/www.boxrepsol.com\/es\/#\/schema\/logo\/image\/","url":"https:\/\/bxrepsol.s3.eu-west-1.amazonaws.com\/static\/2025\/07\/30083337\/favicon-96x96-1.png","contentUrl":"https:\/\/bxrepsol.s3.eu-west-1.amazonaws.com\/static\/2025\/07\/30083337\/favicon-96x96-1.png","width":96,"height":96,"caption":"Box Repsol"},"image":{"@id":"https:\/\/www.boxrepsol.com\/es\/#\/schema\/logo\/image\/"},"sameAs":["https:\/\/www.facebook.com\/BoxRepsol","https:\/\/x.com\/box_repsol","http:\/\/instagram.com\/box_repsol","https:\/\/www.youtube.com\/user\/RepsolCompeticion","https:\/\/www.flickr.com\/photos\/box_repsol\/"]},{"@type":"Person","@id":"https:\/\/www.boxrepsol.com\/es\/#\/schema\/person\/c5c2138f2cca251b0ad92b7086bb60b7","name":"Redacci\u00f3n Box Repsol","image":{"@type":"ImageObject","inLanguage":"es","@id":"https:\/\/secure.gravatar.com\/avatar\/adf7b77e38b4419baf32c7e9c21dde01f4e40df611f0978e3006fc4ba0aaab7e?s=96&d=mm&r=g","url":"https:\/\/secure.gravatar.com\/avatar\/adf7b77e38b4419baf32c7e9c21dde01f4e40df611f0978e3006fc4ba0aaab7e?s=96&d=mm&r=g","contentUrl":"https:\/\/secure.gravatar.com\/avatar\/adf7b77e38b4419baf32c7e9c21dde01f4e40df611f0978e3006fc4ba0aaab7e?s=96&d=mm&r=g","caption":"Redacci\u00f3n Box Repsol"},"description":"Box Repsol lo forma un equipo de periodistas, community managers, dise\u00f1adores y fot\u00f3grafos con m\u00e1s de 20 a\u00f1os de experiencia en el mundo del motorsport. Hemos vivido el primer mundial de un espa\u00f1ol en la categor\u00eda reina de motociclismo con \u00c1lex Crivill\u00e9, estuvimos en las victorias de Pedrosa y los t\u00edtulos de M\u00e1rquez, acompa\u00f1amos en \u00c1frica a Nani Roma y Marc Coma en sus conquistas del Dakar y hemos vibrado con los t\u00edtulos de Toni Bou en Trial. Adem\u00e1s, en nuestro equipo contamos con expertos en el mundo de las dos y cuatro ruedas tanto de la calle y las carreteras, como de los circuitos. Periodistas que han trabajado en revistas y publicaciones para hacerte llegar desde rutas y consejos de mantenimiento, a curiosidades y trucos de pilotaje.","sameAs":["https:\/\/www.facebook.com\/BoxRepsol\/","https:\/\/www.instagram.com\/box_repsol\/","https:\/\/x.com\/https:\/\/twitter.com\/box_repsol","https:\/\/www.youtube.com\/@Boxrepsol"],"url":"https:\/\/www.boxrepsol.com\/es\/author\/redaccion-box-repsol\/"}]}},"_links":{"self":[{"href":"https:\/\/www.boxrepsol.com\/es\/wp-json\/wp\/v2\/posts\/94877","targetHints":{"allow":["GET"]}}],"collection":[{"href":"https:\/\/www.boxrepsol.com\/es\/wp-json\/wp\/v2\/posts"}],"about":[{"href":"https:\/\/www.boxrepsol.com\/es\/wp-json\/wp\/v2\/types\/post"}],"author":[{"embeddable":true,"href":"https:\/\/www.boxrepsol.com\/es\/wp-json\/wp\/v2\/users\/43146"}],"replies":[{"embeddable":true,"href":"https:\/\/www.boxrepsol.com\/es\/wp-json\/wp\/v2\/comments?post=94877"}],"version-history":[{"count":4,"href":"https:\/\/www.boxrepsol.com\/es\/wp-json\/wp\/v2\/posts\/94877\/revisions"}],"predecessor-version":[{"id":108751,"href":"https:\/\/www.boxrepsol.com\/es\/wp-json\/wp\/v2\/posts\/94877\/revisions\/108751"}],"wp:featuredmedia":[{"embeddable":true,"href":"https:\/\/www.boxrepsol.com\/es\/wp-json\/wp\/v2\/media\/42593"}],"wp:attachment":[{"href":"https:\/\/www.boxrepsol.com\/es\/wp-json\/wp\/v2\/media?parent=94877"}],"wp:term":[{"taxonomy":"category","embeddable":true,"href":"https:\/\/www.boxrepsol.com\/es\/wp-json\/wp\/v2\/categories?post=94877"},{"taxonomy":"post_tag","embeddable":true,"href":"https:\/\/www.boxrepsol.com\/es\/wp-json\/wp\/v2\/tags?post=94877"}],"curies":[{"name":"wp","href":"https:\/\/api.w.org\/{rel}","templated":true}]}}