{"id":94869,"date":"2021-03-17T00:00:00","date_gmt":"2021-03-17T02:00:00","guid":{"rendered":"http:\/\/pre.boxrepsol.com\/sin-categorizar\/marc-marquez-regresa-la-accion-barcelona\/"},"modified":"2024-04-17T10:18:11","modified_gmt":"2024-04-17T12:18:11","slug":"marc-marquez-regresa-la-accion-barcelona","status":"publish","type":"post","link":"https:\/\/www.boxrepsol.com\/es\/motogp\/marc-marquez-regresa-la-accion-barcelona\/","title":{"rendered":"Marc M\u00e1rquez regresa a la acci\u00f3n en Barcelona"},"content":{"rendered":"<p>Pocos d\u00edas despu\u00e9s de que el equipo m\u00e9dico de Marc M\u00e1rquez confirmara los avances en su recuperaci\u00f3n, el ocho veces Campe\u00f3n del Mundo ha vuelto a entrenar en pista. Primero realiz\u00f3 una breve sesi\u00f3n con una mini-moto cerca de su casa en Cervera y ayer, M\u00e1rquez complet\u00f3 un d\u00eda de entrenamientos en el Circuit de Barcelona con la RC213V-S. De esta forma, el piloto del equipo Repsol Honda pudo entender mejor cu\u00e1l es su condici\u00f3n f\u00edsica actual despu\u00e9s de ocho meses sin pilotar.<\/p>\n<p>        <button data-glide-dir=\"<\"><br \/>\n            <svg role=\"img\"  viewBox=\"0 0 256 512\">\n                <path fill=\"currentColor\" d=\"M238.475 475.535l7.071-7.07c4.686-4.686 4.686-12.284 0-16.971L50.053 256 245.546 60.506c4.686-4.686 4.686-12.284 0-16.971l-7.071-7.07c-4.686-4.686-12.284-4.686-16.97 0L10.454 247.515c-4.686 4.686-4.686 12.284 0 16.971l211.051 211.05c4.686 4.686 12.284 4.686 16.97-.001z\"><\/path>\n            <\/svg><br \/>\n        <\/button><br \/>\n        <button data-glide-dir=\">\u00ab><br \/>\n            <svg role=\"img\"  viewBox=\"0 0 256 512\">\n                <path fill=\"currentColor\" d=\"M17.525 36.465l-7.071 7.07c-4.686 4.686-4.686 12.284 0 16.971L205.947 256 10.454 451.494c-4.686 4.686-4.686 12.284 0 16.971l7.071 7.07c4.686 4.686 12.284 4.686 16.97 0l211.051-211.05c4.686-4.686 4.686-12.284 0-16.971L34.495 36.465c-4.686-4.687-12.284-4.687-16.97 0z\"><\/path>\n            <\/svg><br \/>\n        <\/button><\/p>\n","protected":false},"excerpt":{"rendered":"<p>El piloto del equipo Repsol Honda ha estado evaluando su estado f\u00edsico con una jornada de entrenamiento en el Circuit de Barcelona-Catalunya pilotando la Honda RC213V-S de calle.<\/p>\n","protected":false},"author":43146,"featured_media":42565,"comment_status":"open","ping_status":"open","sticky":false,"template":"","format":"standard","meta":{"footnotes":""},"categories":[4],"tags":[194,6],"class_list":["post-94869","post","type-post","status-publish","format-standard","hentry","category-motogp","tag-194","tag-marc-marquez"],"yoast_head":"<!-- This site is optimized with the Yoast SEO plugin v27.3 - https:\/\/yoast.com\/product\/yoast-seo-wordpress\/ -->\n<title>Marc M\u00e1rquez regresa a la acci\u00f3n en Barcelona - Box Repsol<\/title>\n<meta name=\"description\" content=\"El piloto del equipo Repsol Honda ha estado evaluando su estado f\u00edsico con una jornada de entrenamiento en el Circuit de Barcelona-Catalunya.\" \/>\n<link rel=\"canonical\" href=\"https:\/\/www.boxrepsol.com\/es\/motogp\/marc-marquez-regresa-la-accion-barcelona\/\" \/>\n<meta property=\"og:locale\" content=\"es_ES\" \/>\n<meta property=\"og:type\" content=\"article\" \/>\n<meta property=\"og:title\" content=\"Marc M\u00e1rquez regresa a la acci\u00f3n en Barcelona - Box Repsol\" \/>\n<meta property=\"og:description\" content=\"El piloto del equipo Repsol Honda ha estado evaluando su estado f\u00edsico con una jornada de entrenamiento en el Circuit de Barcelona-Catalunya.\" \/>\n<meta property=\"og:url\" content=\"https:\/\/www.boxrepsol.com\/es\/motogp\/marc-marquez-regresa-la-accion-barcelona\/\" \/>\n<meta property=\"og:site_name\" content=\"Box Repsol\" \/>\n<meta property=\"article:publisher\" content=\"https:\/\/www.facebook.com\/BoxRepsol\" \/>\n<meta property=\"article:author\" content=\"https:\/\/www.facebook.com\/BoxRepsol\/\" \/>\n<meta property=\"article:published_time\" content=\"2021-03-17T02:00:00+00:00\" \/>\n<meta property=\"article:modified_time\" content=\"2024-04-17T12:18:11+00:00\" \/>\n<meta property=\"og:image\" content=\"https:\/\/bxrepsol.s3.eu-west-1.amazonaws.com\/static\/2022\/08\/09125833\/DSC3679.jpg\" \/>\n\t<meta property=\"og:image:width\" content=\"1280\" \/>\n\t<meta property=\"og:image:height\" content=\"720\" \/>\n\t<meta property=\"og:image:type\" content=\"image\/jpeg\" \/>\n<meta name=\"author\" content=\"Redacci\u00f3n Box Repsol\" \/>\n<meta name=\"twitter:card\" content=\"summary_large_image\" \/>\n<meta name=\"twitter:creator\" content=\"@https:\/\/twitter.com\/box_repsol\" \/>\n<meta name=\"twitter:site\" content=\"@box_repsol\" \/>\n<meta name=\"twitter:label1\" content=\"Written by\" \/>\n\t<meta name=\"twitter:data1\" content=\"Redacci\u00f3n Box Repsol\" \/>\n<script type=\"application\/ld+json\" class=\"yoast-schema-graph\">{\"@context\":\"https:\\\/\\\/schema.org\",\"@graph\":[{\"@type\":\"Article\",\"@id\":\"https:\\\/\\\/www.boxrepsol.com\\\/es\\\/motogp\\\/marc-marquez-regresa-la-accion-barcelona\\\/#article\",\"isPartOf\":{\"@id\":\"https:\\\/\\\/www.boxrepsol.com\\\/es\\\/motogp\\\/marc-marquez-regresa-la-accion-barcelona\\\/\"},\"author\":{\"name\":\"Redacci\u00f3n Box Repsol\",\"@id\":\"https:\\\/\\\/www.boxrepsol.com\\\/es\\\/#\\\/schema\\\/person\\\/c5c2138f2cca251b0ad92b7086bb60b7\"},\"headline\":\"Marc M\u00e1rquez regresa a la acci\u00f3n en Barcelona\",\"datePublished\":\"2021-03-17T02:00:00+00:00\",\"dateModified\":\"2024-04-17T12:18:11+00:00\",\"mainEntityOfPage\":{\"@id\":\"https:\\\/\\\/www.boxrepsol.com\\\/es\\\/motogp\\\/marc-marquez-regresa-la-accion-barcelona\\\/\"},\"wordCount\":107,\"commentCount\":0,\"publisher\":{\"@id\":\"https:\\\/\\\/www.boxrepsol.com\\\/es\\\/#organization\"},\"image\":{\"@id\":\"https:\\\/\\\/www.boxrepsol.com\\\/es\\\/motogp\\\/marc-marquez-regresa-la-accion-barcelona\\\/#primaryimage\"},\"thumbnailUrl\":\"https:\\\/\\\/bxrepsol.s3.eu-west-1.amazonaws.com\\\/static\\\/2022\\\/08\\\/09125833\\\/DSC3679.jpg\",\"keywords\":[\"2021\",\"Marc M\u00e1rquez\"],\"articleSection\":[\"MotoGP\"],\"inLanguage\":\"es\",\"potentialAction\":[{\"@type\":\"CommentAction\",\"name\":\"Comment\",\"target\":[\"https:\\\/\\\/www.boxrepsol.com\\\/es\\\/motogp\\\/marc-marquez-regresa-la-accion-barcelona\\\/#respond\"]}]},{\"@type\":\"WebPage\",\"@id\":\"https:\\\/\\\/www.boxrepsol.com\\\/es\\\/motogp\\\/marc-marquez-regresa-la-accion-barcelona\\\/\",\"url\":\"https:\\\/\\\/www.boxrepsol.com\\\/es\\\/motogp\\\/marc-marquez-regresa-la-accion-barcelona\\\/\",\"name\":\"Marc M\u00e1rquez regresa a la acci\u00f3n en Barcelona - Box Repsol\",\"isPartOf\":{\"@id\":\"https:\\\/\\\/www.boxrepsol.com\\\/es\\\/#website\"},\"primaryImageOfPage\":{\"@id\":\"https:\\\/\\\/www.boxrepsol.com\\\/es\\\/motogp\\\/marc-marquez-regresa-la-accion-barcelona\\\/#primaryimage\"},\"image\":{\"@id\":\"https:\\\/\\\/www.boxrepsol.com\\\/es\\\/motogp\\\/marc-marquez-regresa-la-accion-barcelona\\\/#primaryimage\"},\"thumbnailUrl\":\"https:\\\/\\\/bxrepsol.s3.eu-west-1.amazonaws.com\\\/static\\\/2022\\\/08\\\/09125833\\\/DSC3679.jpg\",\"datePublished\":\"2021-03-17T02:00:00+00:00\",\"dateModified\":\"2024-04-17T12:18:11+00:00\",\"description\":\"El piloto del equipo Repsol Honda ha estado evaluando su estado f\u00edsico con una jornada de entrenamiento en el Circuit de Barcelona-Catalunya.\",\"breadcrumb\":{\"@id\":\"https:\\\/\\\/www.boxrepsol.com\\\/es\\\/motogp\\\/marc-marquez-regresa-la-accion-barcelona\\\/#breadcrumb\"},\"inLanguage\":\"es\",\"potentialAction\":[{\"@type\":\"ReadAction\",\"target\":[\"https:\\\/\\\/www.boxrepsol.com\\\/es\\\/motogp\\\/marc-marquez-regresa-la-accion-barcelona\\\/\"]}]},{\"@type\":\"ImageObject\",\"inLanguage\":\"es\",\"@id\":\"https:\\\/\\\/www.boxrepsol.com\\\/es\\\/motogp\\\/marc-marquez-regresa-la-accion-barcelona\\\/#primaryimage\",\"url\":\"https:\\\/\\\/bxrepsol.s3.eu-west-1.amazonaws.com\\\/static\\\/2022\\\/08\\\/09125833\\\/DSC3679.jpg\",\"contentUrl\":\"https:\\\/\\\/bxrepsol.s3.eu-west-1.amazonaws.com\\\/static\\\/2022\\\/08\\\/09125833\\\/DSC3679.jpg\",\"width\":1280,\"height\":720,\"caption\":\"Marc M\u00e1rquez probando una Honda RC213V-S en el circuito de Catalu\u00f1a\"},{\"@type\":\"BreadcrumbList\",\"@id\":\"https:\\\/\\\/www.boxrepsol.com\\\/es\\\/motogp\\\/marc-marquez-regresa-la-accion-barcelona\\\/#breadcrumb\",\"itemListElement\":[{\"@type\":\"ListItem\",\"position\":1,\"name\":\"Home\",\"item\":\"https:\\\/\\\/www.boxrepsol.com\\\/es\\\/\"},{\"@type\":\"ListItem\",\"position\":2,\"name\":\"Marc M\u00e1rquez regresa a la acci\u00f3n en Barcelona\"}]},{\"@type\":\"WebSite\",\"@id\":\"https:\\\/\\\/www.boxrepsol.com\\\/es\\\/#website\",\"url\":\"https:\\\/\\\/www.boxrepsol.com\\\/es\\\/\",\"name\":\"Box Repsol\",\"description\":\"Box Repsol Site\",\"publisher\":{\"@id\":\"https:\\\/\\\/www.boxrepsol.com\\\/es\\\/#organization\"},\"potentialAction\":[{\"@type\":\"SearchAction\",\"target\":{\"@type\":\"EntryPoint\",\"urlTemplate\":\"https:\\\/\\\/www.boxrepsol.com\\\/es\\\/?s={search_term_string}\"},\"query-input\":{\"@type\":\"PropertyValueSpecification\",\"valueRequired\":true,\"valueName\":\"search_term_string\"}}],\"inLanguage\":\"es\"},{\"@type\":\"Organization\",\"@id\":\"https:\\\/\\\/www.boxrepsol.com\\\/es\\\/#organization\",\"name\":\"Box Repsol\",\"url\":\"https:\\\/\\\/www.boxrepsol.com\\\/es\\\/\",\"logo\":{\"@type\":\"ImageObject\",\"inLanguage\":\"es\",\"@id\":\"https:\\\/\\\/www.boxrepsol.com\\\/es\\\/#\\\/schema\\\/logo\\\/image\\\/\",\"url\":\"https:\\\/\\\/bxrepsol.s3.eu-west-1.amazonaws.com\\\/static\\\/2025\\\/07\\\/30083337\\\/favicon-96x96-1.png\",\"contentUrl\":\"https:\\\/\\\/bxrepsol.s3.eu-west-1.amazonaws.com\\\/static\\\/2025\\\/07\\\/30083337\\\/favicon-96x96-1.png\",\"width\":96,\"height\":96,\"caption\":\"Box Repsol\"},\"image\":{\"@id\":\"https:\\\/\\\/www.boxrepsol.com\\\/es\\\/#\\\/schema\\\/logo\\\/image\\\/\"},\"sameAs\":[\"https:\\\/\\\/www.facebook.com\\\/BoxRepsol\",\"https:\\\/\\\/x.com\\\/box_repsol\",\"http:\\\/\\\/instagram.com\\\/box_repsol\",\"https:\\\/\\\/www.youtube.com\\\/user\\\/RepsolCompeticion\",\"https:\\\/\\\/www.flickr.com\\\/photos\\\/box_repsol\\\/\"]},{\"@type\":\"Person\",\"@id\":\"https:\\\/\\\/www.boxrepsol.com\\\/es\\\/#\\\/schema\\\/person\\\/c5c2138f2cca251b0ad92b7086bb60b7\",\"name\":\"Redacci\u00f3n Box Repsol\",\"image\":{\"@type\":\"ImageObject\",\"inLanguage\":\"es\",\"@id\":\"https:\\\/\\\/secure.gravatar.com\\\/avatar\\\/adf7b77e38b4419baf32c7e9c21dde01f4e40df611f0978e3006fc4ba0aaab7e?s=96&d=mm&r=g\",\"url\":\"https:\\\/\\\/secure.gravatar.com\\\/avatar\\\/adf7b77e38b4419baf32c7e9c21dde01f4e40df611f0978e3006fc4ba0aaab7e?s=96&d=mm&r=g\",\"contentUrl\":\"https:\\\/\\\/secure.gravatar.com\\\/avatar\\\/adf7b77e38b4419baf32c7e9c21dde01f4e40df611f0978e3006fc4ba0aaab7e?s=96&d=mm&r=g\",\"caption\":\"Redacci\u00f3n Box Repsol\"},\"description\":\"Box Repsol lo forma un equipo de periodistas, community managers, dise\u00f1adores y fot\u00f3grafos con m\u00e1s de 20 a\u00f1os de experiencia en el mundo del motorsport. Hemos vivido el primer mundial de un espa\u00f1ol en la categor\u00eda reina de motociclismo con \u00c1lex Crivill\u00e9, estuvimos en las victorias de Pedrosa y los t\u00edtulos de M\u00e1rquez, acompa\u00f1amos en \u00c1frica a Nani Roma y Marc Coma en sus conquistas del Dakar y hemos vibrado con los t\u00edtulos de Toni Bou en Trial. Adem\u00e1s, en nuestro equipo contamos con expertos en el mundo de las dos y cuatro ruedas tanto de la calle y las carreteras, como de los circuitos. Periodistas que han trabajado en revistas y publicaciones para hacerte llegar desde rutas y consejos de mantenimiento, a curiosidades y trucos de pilotaje.\",\"sameAs\":[\"https:\\\/\\\/www.facebook.com\\\/BoxRepsol\\\/\",\"https:\\\/\\\/www.instagram.com\\\/box_repsol\\\/\",\"https:\\\/\\\/x.com\\\/https:\\\/\\\/twitter.com\\\/box_repsol\",\"https:\\\/\\\/www.youtube.com\\\/@Boxrepsol\"],\"url\":\"https:\\\/\\\/www.boxrepsol.com\\\/es\\\/author\\\/redaccion-box-repsol\\\/\"}]}<\/script>\n<!-- \/ Yoast SEO plugin. -->","yoast_head_json":{"title":"Marc M\u00e1rquez regresa a la acci\u00f3n en Barcelona - Box Repsol","description":"El piloto del equipo Repsol Honda ha estado evaluando su estado f\u00edsico con una jornada de entrenamiento en el Circuit de Barcelona-Catalunya.","canonical":"https:\/\/www.boxrepsol.com\/es\/motogp\/marc-marquez-regresa-la-accion-barcelona\/","og_locale":"es_ES","og_type":"article","og_title":"Marc M\u00e1rquez regresa a la acci\u00f3n en Barcelona - Box Repsol","og_description":"El piloto del equipo Repsol Honda ha estado evaluando su estado f\u00edsico con una jornada de entrenamiento en el Circuit de Barcelona-Catalunya.","og_url":"https:\/\/www.boxrepsol.com\/es\/motogp\/marc-marquez-regresa-la-accion-barcelona\/","og_site_name":"Box Repsol","article_publisher":"https:\/\/www.facebook.com\/BoxRepsol","article_author":"https:\/\/www.facebook.com\/BoxRepsol\/","article_published_time":"2021-03-17T02:00:00+00:00","article_modified_time":"2024-04-17T12:18:11+00:00","og_image":[{"width":1280,"height":720,"url":"https:\/\/bxrepsol.s3.eu-west-1.amazonaws.com\/static\/2022\/08\/09125833\/DSC3679.jpg","type":"image\/jpeg"}],"author":"Redacci\u00f3n Box Repsol","twitter_card":"summary_large_image","twitter_creator":"@https:\/\/twitter.com\/box_repsol","twitter_site":"@box_repsol","twitter_misc":{"Written by":"Redacci\u00f3n Box Repsol"},"schema":{"@context":"https:\/\/schema.org","@graph":[{"@type":"Article","@id":"https:\/\/www.boxrepsol.com\/es\/motogp\/marc-marquez-regresa-la-accion-barcelona\/#article","isPartOf":{"@id":"https:\/\/www.boxrepsol.com\/es\/motogp\/marc-marquez-regresa-la-accion-barcelona\/"},"author":{"name":"Redacci\u00f3n Box Repsol","@id":"https:\/\/www.boxrepsol.com\/es\/#\/schema\/person\/c5c2138f2cca251b0ad92b7086bb60b7"},"headline":"Marc M\u00e1rquez regresa a la acci\u00f3n en Barcelona","datePublished":"2021-03-17T02:00:00+00:00","dateModified":"2024-04-17T12:18:11+00:00","mainEntityOfPage":{"@id":"https:\/\/www.boxrepsol.com\/es\/motogp\/marc-marquez-regresa-la-accion-barcelona\/"},"wordCount":107,"commentCount":0,"publisher":{"@id":"https:\/\/www.boxrepsol.com\/es\/#organization"},"image":{"@id":"https:\/\/www.boxrepsol.com\/es\/motogp\/marc-marquez-regresa-la-accion-barcelona\/#primaryimage"},"thumbnailUrl":"https:\/\/bxrepsol.s3.eu-west-1.amazonaws.com\/static\/2022\/08\/09125833\/DSC3679.jpg","keywords":["2021","Marc M\u00e1rquez"],"articleSection":["MotoGP"],"inLanguage":"es","potentialAction":[{"@type":"CommentAction","name":"Comment","target":["https:\/\/www.boxrepsol.com\/es\/motogp\/marc-marquez-regresa-la-accion-barcelona\/#respond"]}]},{"@type":"WebPage","@id":"https:\/\/www.boxrepsol.com\/es\/motogp\/marc-marquez-regresa-la-accion-barcelona\/","url":"https:\/\/www.boxrepsol.com\/es\/motogp\/marc-marquez-regresa-la-accion-barcelona\/","name":"Marc M\u00e1rquez regresa a la acci\u00f3n en Barcelona - Box Repsol","isPartOf":{"@id":"https:\/\/www.boxrepsol.com\/es\/#website"},"primaryImageOfPage":{"@id":"https:\/\/www.boxrepsol.com\/es\/motogp\/marc-marquez-regresa-la-accion-barcelona\/#primaryimage"},"image":{"@id":"https:\/\/www.boxrepsol.com\/es\/motogp\/marc-marquez-regresa-la-accion-barcelona\/#primaryimage"},"thumbnailUrl":"https:\/\/bxrepsol.s3.eu-west-1.amazonaws.com\/static\/2022\/08\/09125833\/DSC3679.jpg","datePublished":"2021-03-17T02:00:00+00:00","dateModified":"2024-04-17T12:18:11+00:00","description":"El piloto del equipo Repsol Honda ha estado evaluando su estado f\u00edsico con una jornada de entrenamiento en el Circuit de Barcelona-Catalunya.","breadcrumb":{"@id":"https:\/\/www.boxrepsol.com\/es\/motogp\/marc-marquez-regresa-la-accion-barcelona\/#breadcrumb"},"inLanguage":"es","potentialAction":[{"@type":"ReadAction","target":["https:\/\/www.boxrepsol.com\/es\/motogp\/marc-marquez-regresa-la-accion-barcelona\/"]}]},{"@type":"ImageObject","inLanguage":"es","@id":"https:\/\/www.boxrepsol.com\/es\/motogp\/marc-marquez-regresa-la-accion-barcelona\/#primaryimage","url":"https:\/\/bxrepsol.s3.eu-west-1.amazonaws.com\/static\/2022\/08\/09125833\/DSC3679.jpg","contentUrl":"https:\/\/bxrepsol.s3.eu-west-1.amazonaws.com\/static\/2022\/08\/09125833\/DSC3679.jpg","width":1280,"height":720,"caption":"Marc M\u00e1rquez probando una Honda RC213V-S en el circuito de Catalu\u00f1a"},{"@type":"BreadcrumbList","@id":"https:\/\/www.boxrepsol.com\/es\/motogp\/marc-marquez-regresa-la-accion-barcelona\/#breadcrumb","itemListElement":[{"@type":"ListItem","position":1,"name":"Home","item":"https:\/\/www.boxrepsol.com\/es\/"},{"@type":"ListItem","position":2,"name":"Marc M\u00e1rquez regresa a la acci\u00f3n en Barcelona"}]},{"@type":"WebSite","@id":"https:\/\/www.boxrepsol.com\/es\/#website","url":"https:\/\/www.boxrepsol.com\/es\/","name":"Box Repsol","description":"Box Repsol Site","publisher":{"@id":"https:\/\/www.boxrepsol.com\/es\/#organization"},"potentialAction":[{"@type":"SearchAction","target":{"@type":"EntryPoint","urlTemplate":"https:\/\/www.boxrepsol.com\/es\/?s={search_term_string}"},"query-input":{"@type":"PropertyValueSpecification","valueRequired":true,"valueName":"search_term_string"}}],"inLanguage":"es"},{"@type":"Organization","@id":"https:\/\/www.boxrepsol.com\/es\/#organization","name":"Box Repsol","url":"https:\/\/www.boxrepsol.com\/es\/","logo":{"@type":"ImageObject","inLanguage":"es","@id":"https:\/\/www.boxrepsol.com\/es\/#\/schema\/logo\/image\/","url":"https:\/\/bxrepsol.s3.eu-west-1.amazonaws.com\/static\/2025\/07\/30083337\/favicon-96x96-1.png","contentUrl":"https:\/\/bxrepsol.s3.eu-west-1.amazonaws.com\/static\/2025\/07\/30083337\/favicon-96x96-1.png","width":96,"height":96,"caption":"Box Repsol"},"image":{"@id":"https:\/\/www.boxrepsol.com\/es\/#\/schema\/logo\/image\/"},"sameAs":["https:\/\/www.facebook.com\/BoxRepsol","https:\/\/x.com\/box_repsol","http:\/\/instagram.com\/box_repsol","https:\/\/www.youtube.com\/user\/RepsolCompeticion","https:\/\/www.flickr.com\/photos\/box_repsol\/"]},{"@type":"Person","@id":"https:\/\/www.boxrepsol.com\/es\/#\/schema\/person\/c5c2138f2cca251b0ad92b7086bb60b7","name":"Redacci\u00f3n Box Repsol","image":{"@type":"ImageObject","inLanguage":"es","@id":"https:\/\/secure.gravatar.com\/avatar\/adf7b77e38b4419baf32c7e9c21dde01f4e40df611f0978e3006fc4ba0aaab7e?s=96&d=mm&r=g","url":"https:\/\/secure.gravatar.com\/avatar\/adf7b77e38b4419baf32c7e9c21dde01f4e40df611f0978e3006fc4ba0aaab7e?s=96&d=mm&r=g","contentUrl":"https:\/\/secure.gravatar.com\/avatar\/adf7b77e38b4419baf32c7e9c21dde01f4e40df611f0978e3006fc4ba0aaab7e?s=96&d=mm&r=g","caption":"Redacci\u00f3n Box Repsol"},"description":"Box Repsol lo forma un equipo de periodistas, community managers, dise\u00f1adores y fot\u00f3grafos con m\u00e1s de 20 a\u00f1os de experiencia en el mundo del motorsport. Hemos vivido el primer mundial de un espa\u00f1ol en la categor\u00eda reina de motociclismo con \u00c1lex Crivill\u00e9, estuvimos en las victorias de Pedrosa y los t\u00edtulos de M\u00e1rquez, acompa\u00f1amos en \u00c1frica a Nani Roma y Marc Coma en sus conquistas del Dakar y hemos vibrado con los t\u00edtulos de Toni Bou en Trial. Adem\u00e1s, en nuestro equipo contamos con expertos en el mundo de las dos y cuatro ruedas tanto de la calle y las carreteras, como de los circuitos. Periodistas que han trabajado en revistas y publicaciones para hacerte llegar desde rutas y consejos de mantenimiento, a curiosidades y trucos de pilotaje.","sameAs":["https:\/\/www.facebook.com\/BoxRepsol\/","https:\/\/www.instagram.com\/box_repsol\/","https:\/\/x.com\/https:\/\/twitter.com\/box_repsol","https:\/\/www.youtube.com\/@Boxrepsol"],"url":"https:\/\/www.boxrepsol.com\/es\/author\/redaccion-box-repsol\/"}]}},"_links":{"self":[{"href":"https:\/\/www.boxrepsol.com\/es\/wp-json\/wp\/v2\/posts\/94869","targetHints":{"allow":["GET"]}}],"collection":[{"href":"https:\/\/www.boxrepsol.com\/es\/wp-json\/wp\/v2\/posts"}],"about":[{"href":"https:\/\/www.boxrepsol.com\/es\/wp-json\/wp\/v2\/types\/post"}],"author":[{"embeddable":true,"href":"https:\/\/www.boxrepsol.com\/es\/wp-json\/wp\/v2\/users\/43146"}],"replies":[{"embeddable":true,"href":"https:\/\/www.boxrepsol.com\/es\/wp-json\/wp\/v2\/comments?post=94869"}],"version-history":[{"count":17,"href":"https:\/\/www.boxrepsol.com\/es\/wp-json\/wp\/v2\/posts\/94869\/revisions"}],"predecessor-version":[{"id":108730,"href":"https:\/\/www.boxrepsol.com\/es\/wp-json\/wp\/v2\/posts\/94869\/revisions\/108730"}],"wp:featuredmedia":[{"embeddable":true,"href":"https:\/\/www.boxrepsol.com\/es\/wp-json\/wp\/v2\/media\/42565"}],"wp:attachment":[{"href":"https:\/\/www.boxrepsol.com\/es\/wp-json\/wp\/v2\/media?parent=94869"}],"wp:term":[{"taxonomy":"category","embeddable":true,"href":"https:\/\/www.boxrepsol.com\/es\/wp-json\/wp\/v2\/categories?post=94869"},{"taxonomy":"post_tag","embeddable":true,"href":"https:\/\/www.boxrepsol.com\/es\/wp-json\/wp\/v2\/tags?post=94869"}],"curies":[{"name":"wp","href":"https:\/\/api.w.org\/{rel}","templated":true}]}}