{"id":94864,"date":"2021-03-15T00:00:00","date_gmt":"2021-03-15T02:00:00","guid":{"rendered":"http:\/\/pre.boxrepsol.com\/sin-categorizar\/viento-reduce-tiempo-entrenamiento-del-ultimo-dia-pruebas-catar\/"},"modified":"2024-04-18T05:58:39","modified_gmt":"2024-04-18T07:58:39","slug":"viento-reduce-tiempo-entrenamiento-del-ultimo-dia-pruebas-catar","status":"publish","type":"post","link":"https:\/\/www.boxrepsol.com\/es\/motogp\/viento-reduce-tiempo-entrenamiento-del-ultimo-dia-pruebas-catar\/","title":{"rendered":"El viento reduce el tiempo de entrenamiento del \u00faltimo d\u00eda de pruebas en Catar"},"content":{"rendered":"<p>Completando solo ocho vueltas en el \u00faltimo d\u00eda de entrenamientos, Pol Espargar\u00f3 ha terminado esta breve jornada en quinta posici\u00f3n con un tiempo de 2 minutos, 1 segundo y 303 mil\u00e9simas, esta vez a siete segundos de su mejor vuelta del test. Pese al deslucido final, Espargar\u00f3 y el equipo Repsol Honda se van muy satisfechos con la base de trabajo que han construido durante los cinco d\u00edas de entrenamientos.<\/p>\n<p>Stefan Bradl ha salido a pista despu\u00e9s de que una bandera roja permitiera que se limpiara el asfalto. Al igual que Espargar\u00f3, sus vueltas han sido limitadas y Bradl ha marcado un mejor tiempo de 1 minuto, 49 segundos y 432 mil\u00e9simas para finalizar la jornada en segunda posici\u00f3n.<\/p>\n<p>La acci\u00f3n se reanudar\u00e1 en el Circuito Internacional de Losail el viernes 26 de marzo, cuando los primeros entrenamientos libres de las 15:40 hora local marcar\u00e1n el inicio oficial de la temporada 2021 de MotoGP.<\/p>\n<p>        <button data-glide-dir=\"<\"><br \/>\n            <svg role=\"img\"  viewBox=\"0 0 256 512\">\n                <path fill=\"currentColor\" d=\"M238.475 475.535l7.071-7.07c4.686-4.686 4.686-12.284 0-16.971L50.053 256 245.546 60.506c4.686-4.686 4.686-12.284 0-16.971l-7.071-7.07c-4.686-4.686-12.284-4.686-16.97 0L10.454 247.515c-4.686 4.686-4.686 12.284 0 16.971l211.051 211.05c4.686 4.686 12.284 4.686 16.97-.001z\"><\/path>\n            <\/svg><br \/>\n        <\/button><br \/>\n        <button data-glide-dir=\">\u00ab><br \/>\n            <svg role=\"img\"  viewBox=\"0 0 256 512\">\n                <path fill=\"currentColor\" d=\"M17.525 36.465l-7.071 7.07c-4.686 4.686-4.686 12.284 0 16.971L205.947 256 10.454 451.494c-4.686 4.686-4.686 12.284 0 16.971l7.071 7.07c4.686 4.686 12.284 4.686 16.97 0l211.051-211.05c4.686-4.686 4.686-12.284 0-16.971L34.495 36.465c-4.686-4.687-12.284-4.687-16.97 0z\"><\/path>\n            <\/svg><br \/>\n        <\/button><\/p>\n<h2>Declaraciones de los pilotos<\/h2>\n<p><a href=\"https:\/\/twitter.com\/hashtag\/PE44?src=hash&#038;lang=es\">#PE44<\/a><\/p>\n<p><em>\u201cRealmente no llamar\u00eda vueltas a lo que hemos hecho hoy, pero esta es la situaci\u00f3n para todos. Creo que con tan solo cuatro d\u00edas de pruebas hemos hecho un buen trabajo. Me he preparado bastante para la primera carrera y hacer esto en tan poco tiempo contra pilotos que han estado en sus motos durante mucho tiempo, es una buena noticia. Me he adaptado bien a la RC213V y quiero agradecer a todo el equipo Repsol Honda el trabajo realizado estos d\u00edas. El equipo ha sido fant\u00e1stico y hemos aprovechado al m\u00e1ximo el tiempo de test que hemos tenido. Veremos ahora lo que traer\u00e1 la temporada\u00bb.<\/em><\/p>\n<hr\/>\n<p><a href=\"https:\/\/twitter.com\/hashtag\/SB6?src=hash&#038;lang=es\">#SB6<\/a><\/p>\n<p><em>\u201cLamentablemente hoy no hay mucho de qu\u00e9 hablar porque el tiempo y la arena no han sido muy buenos, las condiciones han hecho que no pudi\u00e9ramos intentar nada. Seis d\u00edas entrenando aqu\u00ed que comenzaron muy bien, pero luego hemos tenido un par de momentos dif\u00edciles hacia el final; esto a veces pasa. Hemos trabajado en nuestro plan de pruebas y ahora los ingenieros tienen muchos datos para estudiar. Podemos estar contentos porque la moto est\u00e1 funcionando bien y creo que Honda est\u00e1 en una buena posici\u00f3n para la primera carrera\u201d.<br \/>\n<\/em><\/p>\n","protected":false},"excerpt":{"rendered":"<p>El polvo y la arena provocados por un fuerte viento han complicado dr\u00e1sticamente el \u00faltimo d\u00eda de test para el equipo Repsol Honda en el Circuito Internacional de Losail.<\/p>\n","protected":false},"author":43146,"featured_media":42524,"comment_status":"open","ping_status":"open","sticky":false,"template":"","format":"standard","meta":{"footnotes":""},"categories":[4],"tags":[194,136,50],"class_list":["post-94864","post","type-post","status-publish","format-standard","hentry","category-motogp","tag-194","tag-campeonato-del-mundo-de-motociclismo","tag-equipo-repsol-honda"],"yoast_head":"<!-- This site is optimized with the Yoast SEO plugin v27.3 - https:\/\/yoast.com\/product\/yoast-seo-wordpress\/ -->\n<title>El viento reduce el tiempo de entrenamiento del \u00faltimo d\u00eda de pruebas en Catar - Box Repsol<\/title>\n<meta name=\"description\" content=\"El polvo y la arena provocados por un fuerte viento han complicado dr\u00e1sticamente el \u00faltimo d\u00eda de test para el equipo Repsol Honda en el Circuito de Losail.\" \/>\n<link rel=\"canonical\" href=\"https:\/\/www.boxrepsol.com\/es\/motogp\/viento-reduce-tiempo-entrenamiento-del-ultimo-dia-pruebas-catar\/\" \/>\n<meta property=\"og:locale\" content=\"es_ES\" \/>\n<meta property=\"og:type\" content=\"article\" \/>\n<meta property=\"og:title\" content=\"El viento reduce el tiempo de entrenamiento del \u00faltimo d\u00eda de pruebas en Catar - Box Repsol\" \/>\n<meta property=\"og:description\" content=\"El polvo y la arena provocados por un fuerte viento han complicado dr\u00e1sticamente el \u00faltimo d\u00eda de test para el equipo Repsol Honda en el Circuito de Losail.\" \/>\n<meta property=\"og:url\" content=\"https:\/\/www.boxrepsol.com\/es\/motogp\/viento-reduce-tiempo-entrenamiento-del-ultimo-dia-pruebas-catar\/\" \/>\n<meta property=\"og:site_name\" content=\"Box Repsol\" \/>\n<meta property=\"article:publisher\" content=\"https:\/\/www.facebook.com\/BoxRepsol\" \/>\n<meta property=\"article:author\" content=\"https:\/\/www.facebook.com\/BoxRepsol\/\" \/>\n<meta property=\"article:published_time\" content=\"2021-03-15T02:00:00+00:00\" \/>\n<meta property=\"article:modified_time\" content=\"2024-04-18T07:58:39+00:00\" \/>\n<meta property=\"og:image\" content=\"https:\/\/bxrepsol.s3.eu-west-1.amazonaws.com\/static\/2022\/08\/09125303\/pol-pit-test-catar-2021.jpg\" \/>\n\t<meta property=\"og:image:width\" content=\"1280\" \/>\n\t<meta property=\"og:image:height\" content=\"720\" \/>\n\t<meta property=\"og:image:type\" content=\"image\/jpeg\" \/>\n<meta name=\"author\" content=\"Redacci\u00f3n Box Repsol\" \/>\n<meta name=\"twitter:card\" content=\"summary_large_image\" \/>\n<meta name=\"twitter:creator\" content=\"@https:\/\/twitter.com\/box_repsol\" \/>\n<meta name=\"twitter:site\" content=\"@box_repsol\" \/>\n<meta name=\"twitter:label1\" content=\"Written by\" \/>\n\t<meta name=\"twitter:data1\" content=\"Redacci\u00f3n Box Repsol\" \/>\n\t<meta name=\"twitter:label2\" content=\"Est. reading time\" \/>\n\t<meta name=\"twitter:data2\" content=\"2 minutos\" \/>\n<script type=\"application\/ld+json\" class=\"yoast-schema-graph\">{\"@context\":\"https:\\\/\\\/schema.org\",\"@graph\":[{\"@type\":\"Article\",\"@id\":\"https:\\\/\\\/www.boxrepsol.com\\\/es\\\/motogp\\\/viento-reduce-tiempo-entrenamiento-del-ultimo-dia-pruebas-catar\\\/#article\",\"isPartOf\":{\"@id\":\"https:\\\/\\\/www.boxrepsol.com\\\/es\\\/motogp\\\/viento-reduce-tiempo-entrenamiento-del-ultimo-dia-pruebas-catar\\\/\"},\"author\":{\"name\":\"Redacci\u00f3n Box Repsol\",\"@id\":\"https:\\\/\\\/www.boxrepsol.com\\\/es\\\/#\\\/schema\\\/person\\\/c5c2138f2cca251b0ad92b7086bb60b7\"},\"headline\":\"El viento reduce el tiempo de entrenamiento del \u00faltimo d\u00eda de pruebas en Catar\",\"datePublished\":\"2021-03-15T02:00:00+00:00\",\"dateModified\":\"2024-04-18T07:58:39+00:00\",\"mainEntityOfPage\":{\"@id\":\"https:\\\/\\\/www.boxrepsol.com\\\/es\\\/motogp\\\/viento-reduce-tiempo-entrenamiento-del-ultimo-dia-pruebas-catar\\\/\"},\"wordCount\":382,\"commentCount\":0,\"publisher\":{\"@id\":\"https:\\\/\\\/www.boxrepsol.com\\\/es\\\/#organization\"},\"image\":{\"@id\":\"https:\\\/\\\/www.boxrepsol.com\\\/es\\\/motogp\\\/viento-reduce-tiempo-entrenamiento-del-ultimo-dia-pruebas-catar\\\/#primaryimage\"},\"thumbnailUrl\":\"https:\\\/\\\/bxrepsol.s3.eu-west-1.amazonaws.com\\\/static\\\/2022\\\/08\\\/09125303\\\/pol-pit-test-catar-2021.jpg\",\"keywords\":[\"2021\",\"Campeonato del Mundo de Motociclismo\",\"Equipo Repsol Honda\"],\"articleSection\":[\"MotoGP\"],\"inLanguage\":\"es\",\"potentialAction\":[{\"@type\":\"CommentAction\",\"name\":\"Comment\",\"target\":[\"https:\\\/\\\/www.boxrepsol.com\\\/es\\\/motogp\\\/viento-reduce-tiempo-entrenamiento-del-ultimo-dia-pruebas-catar\\\/#respond\"]}]},{\"@type\":\"WebPage\",\"@id\":\"https:\\\/\\\/www.boxrepsol.com\\\/es\\\/motogp\\\/viento-reduce-tiempo-entrenamiento-del-ultimo-dia-pruebas-catar\\\/\",\"url\":\"https:\\\/\\\/www.boxrepsol.com\\\/es\\\/motogp\\\/viento-reduce-tiempo-entrenamiento-del-ultimo-dia-pruebas-catar\\\/\",\"name\":\"El viento reduce el tiempo de entrenamiento del \u00faltimo d\u00eda de pruebas en Catar - Box Repsol\",\"isPartOf\":{\"@id\":\"https:\\\/\\\/www.boxrepsol.com\\\/es\\\/#website\"},\"primaryImageOfPage\":{\"@id\":\"https:\\\/\\\/www.boxrepsol.com\\\/es\\\/motogp\\\/viento-reduce-tiempo-entrenamiento-del-ultimo-dia-pruebas-catar\\\/#primaryimage\"},\"image\":{\"@id\":\"https:\\\/\\\/www.boxrepsol.com\\\/es\\\/motogp\\\/viento-reduce-tiempo-entrenamiento-del-ultimo-dia-pruebas-catar\\\/#primaryimage\"},\"thumbnailUrl\":\"https:\\\/\\\/bxrepsol.s3.eu-west-1.amazonaws.com\\\/static\\\/2022\\\/08\\\/09125303\\\/pol-pit-test-catar-2021.jpg\",\"datePublished\":\"2021-03-15T02:00:00+00:00\",\"dateModified\":\"2024-04-18T07:58:39+00:00\",\"description\":\"El polvo y la arena provocados por un fuerte viento han complicado dr\u00e1sticamente el \u00faltimo d\u00eda de test para el equipo Repsol Honda en el Circuito de Losail.\",\"breadcrumb\":{\"@id\":\"https:\\\/\\\/www.boxrepsol.com\\\/es\\\/motogp\\\/viento-reduce-tiempo-entrenamiento-del-ultimo-dia-pruebas-catar\\\/#breadcrumb\"},\"inLanguage\":\"es\",\"potentialAction\":[{\"@type\":\"ReadAction\",\"target\":[\"https:\\\/\\\/www.boxrepsol.com\\\/es\\\/motogp\\\/viento-reduce-tiempo-entrenamiento-del-ultimo-dia-pruebas-catar\\\/\"]}]},{\"@type\":\"ImageObject\",\"inLanguage\":\"es\",\"@id\":\"https:\\\/\\\/www.boxrepsol.com\\\/es\\\/motogp\\\/viento-reduce-tiempo-entrenamiento-del-ultimo-dia-pruebas-catar\\\/#primaryimage\",\"url\":\"https:\\\/\\\/bxrepsol.s3.eu-west-1.amazonaws.com\\\/static\\\/2022\\\/08\\\/09125303\\\/pol-pit-test-catar-2021.jpg\",\"contentUrl\":\"https:\\\/\\\/bxrepsol.s3.eu-west-1.amazonaws.com\\\/static\\\/2022\\\/08\\\/09125303\\\/pol-pit-test-catar-2021.jpg\",\"width\":1280,\"height\":720,\"caption\":\"Pol Espargar\u00f3 en el pitlane en los Test de Catar 2021\"},{\"@type\":\"BreadcrumbList\",\"@id\":\"https:\\\/\\\/www.boxrepsol.com\\\/es\\\/motogp\\\/viento-reduce-tiempo-entrenamiento-del-ultimo-dia-pruebas-catar\\\/#breadcrumb\",\"itemListElement\":[{\"@type\":\"ListItem\",\"position\":1,\"name\":\"Home\",\"item\":\"https:\\\/\\\/www.boxrepsol.com\\\/es\\\/\"},{\"@type\":\"ListItem\",\"position\":2,\"name\":\"El viento reduce el tiempo de entrenamiento del \u00faltimo d\u00eda de pruebas en Catar\"}]},{\"@type\":\"WebSite\",\"@id\":\"https:\\\/\\\/www.boxrepsol.com\\\/es\\\/#website\",\"url\":\"https:\\\/\\\/www.boxrepsol.com\\\/es\\\/\",\"name\":\"Box Repsol\",\"description\":\"Box Repsol Site\",\"publisher\":{\"@id\":\"https:\\\/\\\/www.boxrepsol.com\\\/es\\\/#organization\"},\"potentialAction\":[{\"@type\":\"SearchAction\",\"target\":{\"@type\":\"EntryPoint\",\"urlTemplate\":\"https:\\\/\\\/www.boxrepsol.com\\\/es\\\/?s={search_term_string}\"},\"query-input\":{\"@type\":\"PropertyValueSpecification\",\"valueRequired\":true,\"valueName\":\"search_term_string\"}}],\"inLanguage\":\"es\"},{\"@type\":\"Organization\",\"@id\":\"https:\\\/\\\/www.boxrepsol.com\\\/es\\\/#organization\",\"name\":\"Box Repsol\",\"url\":\"https:\\\/\\\/www.boxrepsol.com\\\/es\\\/\",\"logo\":{\"@type\":\"ImageObject\",\"inLanguage\":\"es\",\"@id\":\"https:\\\/\\\/www.boxrepsol.com\\\/es\\\/#\\\/schema\\\/logo\\\/image\\\/\",\"url\":\"https:\\\/\\\/bxrepsol.s3.eu-west-1.amazonaws.com\\\/static\\\/2025\\\/07\\\/30083337\\\/favicon-96x96-1.png\",\"contentUrl\":\"https:\\\/\\\/bxrepsol.s3.eu-west-1.amazonaws.com\\\/static\\\/2025\\\/07\\\/30083337\\\/favicon-96x96-1.png\",\"width\":96,\"height\":96,\"caption\":\"Box Repsol\"},\"image\":{\"@id\":\"https:\\\/\\\/www.boxrepsol.com\\\/es\\\/#\\\/schema\\\/logo\\\/image\\\/\"},\"sameAs\":[\"https:\\\/\\\/www.facebook.com\\\/BoxRepsol\",\"https:\\\/\\\/x.com\\\/box_repsol\",\"http:\\\/\\\/instagram.com\\\/box_repsol\",\"https:\\\/\\\/www.youtube.com\\\/user\\\/RepsolCompeticion\",\"https:\\\/\\\/www.flickr.com\\\/photos\\\/box_repsol\\\/\"]},{\"@type\":\"Person\",\"@id\":\"https:\\\/\\\/www.boxrepsol.com\\\/es\\\/#\\\/schema\\\/person\\\/c5c2138f2cca251b0ad92b7086bb60b7\",\"name\":\"Redacci\u00f3n Box Repsol\",\"image\":{\"@type\":\"ImageObject\",\"inLanguage\":\"es\",\"@id\":\"https:\\\/\\\/secure.gravatar.com\\\/avatar\\\/adf7b77e38b4419baf32c7e9c21dde01f4e40df611f0978e3006fc4ba0aaab7e?s=96&d=mm&r=g\",\"url\":\"https:\\\/\\\/secure.gravatar.com\\\/avatar\\\/adf7b77e38b4419baf32c7e9c21dde01f4e40df611f0978e3006fc4ba0aaab7e?s=96&d=mm&r=g\",\"contentUrl\":\"https:\\\/\\\/secure.gravatar.com\\\/avatar\\\/adf7b77e38b4419baf32c7e9c21dde01f4e40df611f0978e3006fc4ba0aaab7e?s=96&d=mm&r=g\",\"caption\":\"Redacci\u00f3n Box Repsol\"},\"description\":\"Box Repsol lo forma un equipo de periodistas, community managers, dise\u00f1adores y fot\u00f3grafos con m\u00e1s de 20 a\u00f1os de experiencia en el mundo del motorsport. Hemos vivido el primer mundial de un espa\u00f1ol en la categor\u00eda reina de motociclismo con \u00c1lex Crivill\u00e9, estuvimos en las victorias de Pedrosa y los t\u00edtulos de M\u00e1rquez, acompa\u00f1amos en \u00c1frica a Nani Roma y Marc Coma en sus conquistas del Dakar y hemos vibrado con los t\u00edtulos de Toni Bou en Trial. Adem\u00e1s, en nuestro equipo contamos con expertos en el mundo de las dos y cuatro ruedas tanto de la calle y las carreteras, como de los circuitos. Periodistas que han trabajado en revistas y publicaciones para hacerte llegar desde rutas y consejos de mantenimiento, a curiosidades y trucos de pilotaje.\",\"sameAs\":[\"https:\\\/\\\/www.facebook.com\\\/BoxRepsol\\\/\",\"https:\\\/\\\/www.instagram.com\\\/box_repsol\\\/\",\"https:\\\/\\\/x.com\\\/https:\\\/\\\/twitter.com\\\/box_repsol\",\"https:\\\/\\\/www.youtube.com\\\/@Boxrepsol\"],\"url\":\"https:\\\/\\\/www.boxrepsol.com\\\/es\\\/author\\\/redaccion-box-repsol\\\/\"}]}<\/script>\n<!-- \/ Yoast SEO plugin. -->","yoast_head_json":{"title":"El viento reduce el tiempo de entrenamiento del \u00faltimo d\u00eda de pruebas en Catar - Box Repsol","description":"El polvo y la arena provocados por un fuerte viento han complicado dr\u00e1sticamente el \u00faltimo d\u00eda de test para el equipo Repsol Honda en el Circuito de Losail.","canonical":"https:\/\/www.boxrepsol.com\/es\/motogp\/viento-reduce-tiempo-entrenamiento-del-ultimo-dia-pruebas-catar\/","og_locale":"es_ES","og_type":"article","og_title":"El viento reduce el tiempo de entrenamiento del \u00faltimo d\u00eda de pruebas en Catar - Box Repsol","og_description":"El polvo y la arena provocados por un fuerte viento han complicado dr\u00e1sticamente el \u00faltimo d\u00eda de test para el equipo Repsol Honda en el Circuito de Losail.","og_url":"https:\/\/www.boxrepsol.com\/es\/motogp\/viento-reduce-tiempo-entrenamiento-del-ultimo-dia-pruebas-catar\/","og_site_name":"Box Repsol","article_publisher":"https:\/\/www.facebook.com\/BoxRepsol","article_author":"https:\/\/www.facebook.com\/BoxRepsol\/","article_published_time":"2021-03-15T02:00:00+00:00","article_modified_time":"2024-04-18T07:58:39+00:00","og_image":[{"width":1280,"height":720,"url":"https:\/\/bxrepsol.s3.eu-west-1.amazonaws.com\/static\/2022\/08\/09125303\/pol-pit-test-catar-2021.jpg","type":"image\/jpeg"}],"author":"Redacci\u00f3n Box Repsol","twitter_card":"summary_large_image","twitter_creator":"@https:\/\/twitter.com\/box_repsol","twitter_site":"@box_repsol","twitter_misc":{"Written by":"Redacci\u00f3n Box Repsol","Est. reading time":"2 minutos"},"schema":{"@context":"https:\/\/schema.org","@graph":[{"@type":"Article","@id":"https:\/\/www.boxrepsol.com\/es\/motogp\/viento-reduce-tiempo-entrenamiento-del-ultimo-dia-pruebas-catar\/#article","isPartOf":{"@id":"https:\/\/www.boxrepsol.com\/es\/motogp\/viento-reduce-tiempo-entrenamiento-del-ultimo-dia-pruebas-catar\/"},"author":{"name":"Redacci\u00f3n Box Repsol","@id":"https:\/\/www.boxrepsol.com\/es\/#\/schema\/person\/c5c2138f2cca251b0ad92b7086bb60b7"},"headline":"El viento reduce el tiempo de entrenamiento del \u00faltimo d\u00eda de pruebas en Catar","datePublished":"2021-03-15T02:00:00+00:00","dateModified":"2024-04-18T07:58:39+00:00","mainEntityOfPage":{"@id":"https:\/\/www.boxrepsol.com\/es\/motogp\/viento-reduce-tiempo-entrenamiento-del-ultimo-dia-pruebas-catar\/"},"wordCount":382,"commentCount":0,"publisher":{"@id":"https:\/\/www.boxrepsol.com\/es\/#organization"},"image":{"@id":"https:\/\/www.boxrepsol.com\/es\/motogp\/viento-reduce-tiempo-entrenamiento-del-ultimo-dia-pruebas-catar\/#primaryimage"},"thumbnailUrl":"https:\/\/bxrepsol.s3.eu-west-1.amazonaws.com\/static\/2022\/08\/09125303\/pol-pit-test-catar-2021.jpg","keywords":["2021","Campeonato del Mundo de Motociclismo","Equipo Repsol Honda"],"articleSection":["MotoGP"],"inLanguage":"es","potentialAction":[{"@type":"CommentAction","name":"Comment","target":["https:\/\/www.boxrepsol.com\/es\/motogp\/viento-reduce-tiempo-entrenamiento-del-ultimo-dia-pruebas-catar\/#respond"]}]},{"@type":"WebPage","@id":"https:\/\/www.boxrepsol.com\/es\/motogp\/viento-reduce-tiempo-entrenamiento-del-ultimo-dia-pruebas-catar\/","url":"https:\/\/www.boxrepsol.com\/es\/motogp\/viento-reduce-tiempo-entrenamiento-del-ultimo-dia-pruebas-catar\/","name":"El viento reduce el tiempo de entrenamiento del \u00faltimo d\u00eda de pruebas en Catar - Box Repsol","isPartOf":{"@id":"https:\/\/www.boxrepsol.com\/es\/#website"},"primaryImageOfPage":{"@id":"https:\/\/www.boxrepsol.com\/es\/motogp\/viento-reduce-tiempo-entrenamiento-del-ultimo-dia-pruebas-catar\/#primaryimage"},"image":{"@id":"https:\/\/www.boxrepsol.com\/es\/motogp\/viento-reduce-tiempo-entrenamiento-del-ultimo-dia-pruebas-catar\/#primaryimage"},"thumbnailUrl":"https:\/\/bxrepsol.s3.eu-west-1.amazonaws.com\/static\/2022\/08\/09125303\/pol-pit-test-catar-2021.jpg","datePublished":"2021-03-15T02:00:00+00:00","dateModified":"2024-04-18T07:58:39+00:00","description":"El polvo y la arena provocados por un fuerte viento han complicado dr\u00e1sticamente el \u00faltimo d\u00eda de test para el equipo Repsol Honda en el Circuito de Losail.","breadcrumb":{"@id":"https:\/\/www.boxrepsol.com\/es\/motogp\/viento-reduce-tiempo-entrenamiento-del-ultimo-dia-pruebas-catar\/#breadcrumb"},"inLanguage":"es","potentialAction":[{"@type":"ReadAction","target":["https:\/\/www.boxrepsol.com\/es\/motogp\/viento-reduce-tiempo-entrenamiento-del-ultimo-dia-pruebas-catar\/"]}]},{"@type":"ImageObject","inLanguage":"es","@id":"https:\/\/www.boxrepsol.com\/es\/motogp\/viento-reduce-tiempo-entrenamiento-del-ultimo-dia-pruebas-catar\/#primaryimage","url":"https:\/\/bxrepsol.s3.eu-west-1.amazonaws.com\/static\/2022\/08\/09125303\/pol-pit-test-catar-2021.jpg","contentUrl":"https:\/\/bxrepsol.s3.eu-west-1.amazonaws.com\/static\/2022\/08\/09125303\/pol-pit-test-catar-2021.jpg","width":1280,"height":720,"caption":"Pol Espargar\u00f3 en el pitlane en los Test de Catar 2021"},{"@type":"BreadcrumbList","@id":"https:\/\/www.boxrepsol.com\/es\/motogp\/viento-reduce-tiempo-entrenamiento-del-ultimo-dia-pruebas-catar\/#breadcrumb","itemListElement":[{"@type":"ListItem","position":1,"name":"Home","item":"https:\/\/www.boxrepsol.com\/es\/"},{"@type":"ListItem","position":2,"name":"El viento reduce el tiempo de entrenamiento del \u00faltimo d\u00eda de pruebas en Catar"}]},{"@type":"WebSite","@id":"https:\/\/www.boxrepsol.com\/es\/#website","url":"https:\/\/www.boxrepsol.com\/es\/","name":"Box Repsol","description":"Box Repsol Site","publisher":{"@id":"https:\/\/www.boxrepsol.com\/es\/#organization"},"potentialAction":[{"@type":"SearchAction","target":{"@type":"EntryPoint","urlTemplate":"https:\/\/www.boxrepsol.com\/es\/?s={search_term_string}"},"query-input":{"@type":"PropertyValueSpecification","valueRequired":true,"valueName":"search_term_string"}}],"inLanguage":"es"},{"@type":"Organization","@id":"https:\/\/www.boxrepsol.com\/es\/#organization","name":"Box Repsol","url":"https:\/\/www.boxrepsol.com\/es\/","logo":{"@type":"ImageObject","inLanguage":"es","@id":"https:\/\/www.boxrepsol.com\/es\/#\/schema\/logo\/image\/","url":"https:\/\/bxrepsol.s3.eu-west-1.amazonaws.com\/static\/2025\/07\/30083337\/favicon-96x96-1.png","contentUrl":"https:\/\/bxrepsol.s3.eu-west-1.amazonaws.com\/static\/2025\/07\/30083337\/favicon-96x96-1.png","width":96,"height":96,"caption":"Box Repsol"},"image":{"@id":"https:\/\/www.boxrepsol.com\/es\/#\/schema\/logo\/image\/"},"sameAs":["https:\/\/www.facebook.com\/BoxRepsol","https:\/\/x.com\/box_repsol","http:\/\/instagram.com\/box_repsol","https:\/\/www.youtube.com\/user\/RepsolCompeticion","https:\/\/www.flickr.com\/photos\/box_repsol\/"]},{"@type":"Person","@id":"https:\/\/www.boxrepsol.com\/es\/#\/schema\/person\/c5c2138f2cca251b0ad92b7086bb60b7","name":"Redacci\u00f3n Box Repsol","image":{"@type":"ImageObject","inLanguage":"es","@id":"https:\/\/secure.gravatar.com\/avatar\/adf7b77e38b4419baf32c7e9c21dde01f4e40df611f0978e3006fc4ba0aaab7e?s=96&d=mm&r=g","url":"https:\/\/secure.gravatar.com\/avatar\/adf7b77e38b4419baf32c7e9c21dde01f4e40df611f0978e3006fc4ba0aaab7e?s=96&d=mm&r=g","contentUrl":"https:\/\/secure.gravatar.com\/avatar\/adf7b77e38b4419baf32c7e9c21dde01f4e40df611f0978e3006fc4ba0aaab7e?s=96&d=mm&r=g","caption":"Redacci\u00f3n Box Repsol"},"description":"Box Repsol lo forma un equipo de periodistas, community managers, dise\u00f1adores y fot\u00f3grafos con m\u00e1s de 20 a\u00f1os de experiencia en el mundo del motorsport. Hemos vivido el primer mundial de un espa\u00f1ol en la categor\u00eda reina de motociclismo con \u00c1lex Crivill\u00e9, estuvimos en las victorias de Pedrosa y los t\u00edtulos de M\u00e1rquez, acompa\u00f1amos en \u00c1frica a Nani Roma y Marc Coma en sus conquistas del Dakar y hemos vibrado con los t\u00edtulos de Toni Bou en Trial. Adem\u00e1s, en nuestro equipo contamos con expertos en el mundo de las dos y cuatro ruedas tanto de la calle y las carreteras, como de los circuitos. Periodistas que han trabajado en revistas y publicaciones para hacerte llegar desde rutas y consejos de mantenimiento, a curiosidades y trucos de pilotaje.","sameAs":["https:\/\/www.facebook.com\/BoxRepsol\/","https:\/\/www.instagram.com\/box_repsol\/","https:\/\/x.com\/https:\/\/twitter.com\/box_repsol","https:\/\/www.youtube.com\/@Boxrepsol"],"url":"https:\/\/www.boxrepsol.com\/es\/author\/redaccion-box-repsol\/"}]}},"_links":{"self":[{"href":"https:\/\/www.boxrepsol.com\/es\/wp-json\/wp\/v2\/posts\/94864","targetHints":{"allow":["GET"]}}],"collection":[{"href":"https:\/\/www.boxrepsol.com\/es\/wp-json\/wp\/v2\/posts"}],"about":[{"href":"https:\/\/www.boxrepsol.com\/es\/wp-json\/wp\/v2\/types\/post"}],"author":[{"embeddable":true,"href":"https:\/\/www.boxrepsol.com\/es\/wp-json\/wp\/v2\/users\/43146"}],"replies":[{"embeddable":true,"href":"https:\/\/www.boxrepsol.com\/es\/wp-json\/wp\/v2\/comments?post=94864"}],"version-history":[{"count":13,"href":"https:\/\/www.boxrepsol.com\/es\/wp-json\/wp\/v2\/posts\/94864\/revisions"}],"predecessor-version":[{"id":108696,"href":"https:\/\/www.boxrepsol.com\/es\/wp-json\/wp\/v2\/posts\/94864\/revisions\/108696"}],"wp:featuredmedia":[{"embeddable":true,"href":"https:\/\/www.boxrepsol.com\/es\/wp-json\/wp\/v2\/media\/42524"}],"wp:attachment":[{"href":"https:\/\/www.boxrepsol.com\/es\/wp-json\/wp\/v2\/media?parent=94864"}],"wp:term":[{"taxonomy":"category","embeddable":true,"href":"https:\/\/www.boxrepsol.com\/es\/wp-json\/wp\/v2\/categories?post=94864"},{"taxonomy":"post_tag","embeddable":true,"href":"https:\/\/www.boxrepsol.com\/es\/wp-json\/wp\/v2\/tags?post=94864"}],"curies":[{"name":"wp","href":"https:\/\/api.w.org\/{rel}","templated":true}]}}