{"id":94845,"date":"2021-03-01T00:00:00","date_gmt":"2021-03-01T02:00:00","guid":{"rendered":"http:\/\/pre.boxrepsol.com\/sin-categorizar\/pol-espargaro-ilusion-misma-subi-motogp\/"},"modified":"2024-04-18T06:07:06","modified_gmt":"2024-04-18T08:07:06","slug":"pol-espargaro-ilusion-misma-subi-motogp","status":"publish","type":"post","link":"https:\/\/www.boxrepsol.com\/es\/motogp\/pol-espargaro-ilusion-misma-subi-motogp\/","title":{"rendered":"\u201cLa ilusi\u00f3n que tengo ahora mismo es pr\u00e1cticamente la misma que cuando sub\u00ed a MotoGP\u201d"},"content":{"rendered":"<p><strong>\u00bfC\u00f3mo ha ido la primera toma de contacto con la remodelaci\u00f3n de la curva 10?<\/strong><\/p>\n<p>\u201cMuy bien. Lo cierto es que lo ech\u00e1bamos de menos. En los \u00faltimos a\u00f1os hemos vivido distintos cambios aqu\u00ed y creo que el circuito ha vuelto a su ADN original y a la curva con la que todos los pilotos de MotoGP hemos aprendido\u201d.<\/p>\n<p><strong>\u00bfCrees que esta modificaci\u00f3n es buena para tu estilo de pilotaje?<\/strong><\/p>\n<p>\u201cEso lo veremos en verano, cuando corramos aqu\u00ed, pero puede que favorezca un poco m\u00e1s al estilo de pilotaje de paso por curva, de motos que ayuden a tener ese giro y entrada r\u00e1pida en curva. Las motos que frenen un poco m\u00e1s tarde y paren m\u00e1s dentro de la curva se ver\u00e1n un poco m\u00e1s perjudicadas\u201d.<\/p>\n<p><strong>\u00bfCrees que esta moto funciona bien para este nuevo trazado?<\/strong><\/p>\n<p>\u201cS\u00ed, estoy convencido de que si no funciona bien al principio, sacaremos las conclusiones que tengamos para poder mejorar la moto. Estoy convencido de que aqu\u00ed haremos funcionar la moto e intentaremos hacer disfrutar, con un poco de suerte, a toda la gente que est\u00e9 en las gradas\u201d.<\/p>\n<p><strong>\u00bfDespu\u00e9s de la presentaci\u00f3n del lunes, \u00bfya vas asimilando que eres piloto del equipo Repsol Honda?<\/strong><\/p>\n<p>\u201cS\u00ed, ya me voy viendo un poquito m\u00e1s con los colores. Es complicado a\u00fan, porque no me he visto encima de la moto, que para m\u00ed es lo m\u00e1s importante, pero ya empieza a ser real y dentro de unos d\u00edas, en Catar, las cosas ser\u00e1n mucho m\u00e1s reales\u201d.<\/p>\n<p><strong>\u00bfQu\u00e9 te impresion\u00f3 m\u00e1s de la presentaci\u00f3n?<\/strong><\/p>\n<p>\u201cSin duda, la repercusi\u00f3n medi\u00e1tica es lo que m\u00e1s choca, porque un equipo oficial tiene m\u00e1s medios alrededor para informar a todo el mundo. Adem\u00e1s, el Repsol Honda es un equipo ganador cuyos pilotos dan que hablar, as\u00ed que los medios de comunicaci\u00f3n quieren saber de los pilotos y del equipo\u201d.<\/p>\n<p><strong>\u00bfPrimeras sensaciones con la Honda en un circuito?<\/strong><\/p>\n<p>\u201cSon buenas. Me falta conocerla un poquito, pero poco a poco nos vamos conociendo y he ido mejorando durante el d\u00eda; pero la MotoGP es un poco distinta, as\u00ed que esa ser\u00e1 la prueba de fuego\u201d.<\/p>\n<p><strong>\u00bfQu\u00e9 esperas de tus \u00faltimos dos tests en Catar?<\/strong><\/p>\n<p>\u201cTengo much\u00edsimas ganas. Son dos tests que realmente llevo mucho tiempo esperando; la ilusi\u00f3n que tengo ahora mismo es pr\u00e1cticamente la misma que cuando sub\u00ed a MotoGP. S\u00e9 que ser\u00e1 un proyecto complicado y ser\u00e1 un a\u00f1o duro y largo, pero empezar en Catar con la Honda va a ser algo muy memorable para m\u00ed y tengo muchas ganas de ponerlo en pr\u00e1ctica\u201d.<\/p>\n","protected":false},"excerpt":{"rendered":"<p>Pol Espargar\u00f3 nos cuenta c\u00f3mo ha ido su primer entrenamiento con la Honda RC213V-S en el Circuito de Barcelona \u2013 Catalunya. El piloto del equipo Repsol Honda ha probado la remodelaci\u00f3n de la curva n\u00famero 10 y tambi\u00e9n ha aprovechado para hablar de los primeros tests de la pretemporada en Catar la pr\u00f3xima semana.<\/p>\n","protected":false},"author":43146,"featured_media":42337,"comment_status":"open","ping_status":"open","sticky":false,"template":"","format":"standard","meta":{"footnotes":""},"categories":[4],"tags":[194,136,50],"class_list":["post-94845","post","type-post","status-publish","format-standard","hentry","category-motogp","tag-194","tag-campeonato-del-mundo-de-motociclismo","tag-equipo-repsol-honda"],"yoast_head":"<!-- This site is optimized with the Yoast SEO plugin v27.3 - https:\/\/yoast.com\/product\/yoast-seo-wordpress\/ -->\n<title>\u201cLa ilusi\u00f3n que tengo ahora mismo es pr\u00e1cticamente la misma que cuando sub\u00ed a MotoGP\u201d - Box Repsol<\/title>\n<meta name=\"description\" content=\"Pol Espargar\u00f3 nos cuenta c\u00f3mo ha ido su primer entrenamiento con la Honda RC213V-S en el Circuito de Barcelona \u2013 Catalunya.\" \/>\n<link rel=\"canonical\" href=\"https:\/\/www.boxrepsol.com\/es\/motogp\/pol-espargaro-ilusion-misma-subi-motogp\/\" \/>\n<meta property=\"og:locale\" content=\"es_ES\" \/>\n<meta property=\"og:type\" content=\"article\" \/>\n<meta property=\"og:title\" content=\"\u201cLa ilusi\u00f3n que tengo ahora mismo es pr\u00e1cticamente la misma que cuando sub\u00ed a MotoGP\u201d - Box Repsol\" \/>\n<meta property=\"og:description\" content=\"Pol Espargar\u00f3 nos cuenta c\u00f3mo ha ido su primer entrenamiento con la Honda RC213V-S en el Circuito de Barcelona \u2013 Catalunya.\" \/>\n<meta property=\"og:url\" content=\"https:\/\/www.boxrepsol.com\/es\/motogp\/pol-espargaro-ilusion-misma-subi-motogp\/\" \/>\n<meta property=\"og:site_name\" content=\"Box Repsol\" \/>\n<meta property=\"article:publisher\" content=\"https:\/\/www.facebook.com\/BoxRepsol\" \/>\n<meta property=\"article:author\" content=\"https:\/\/www.facebook.com\/BoxRepsol\/\" \/>\n<meta property=\"article:published_time\" content=\"2021-03-01T02:00:00+00:00\" \/>\n<meta property=\"article:modified_time\" content=\"2024-04-18T08:07:06+00:00\" \/>\n<meta property=\"og:image\" content=\"https:\/\/bxrepsol.s3.eu-west-1.amazonaws.com\/static\/2022\/08\/09121959\/pol-catalunya.jpg\" \/>\n\t<meta property=\"og:image:width\" content=\"1280\" \/>\n\t<meta property=\"og:image:height\" content=\"720\" \/>\n\t<meta property=\"og:image:type\" content=\"image\/jpeg\" \/>\n<meta name=\"author\" content=\"Redacci\u00f3n Box Repsol\" \/>\n<meta name=\"twitter:card\" content=\"summary_large_image\" \/>\n<meta name=\"twitter:creator\" content=\"@https:\/\/twitter.com\/box_repsol\" \/>\n<meta name=\"twitter:site\" content=\"@box_repsol\" \/>\n<meta name=\"twitter:label1\" content=\"Written by\" \/>\n\t<meta name=\"twitter:data1\" content=\"Redacci\u00f3n Box Repsol\" \/>\n\t<meta name=\"twitter:label2\" content=\"Est. reading time\" \/>\n\t<meta name=\"twitter:data2\" content=\"2 minutos\" \/>\n<script type=\"application\/ld+json\" class=\"yoast-schema-graph\">{\"@context\":\"https:\\\/\\\/schema.org\",\"@graph\":[{\"@type\":\"Article\",\"@id\":\"https:\\\/\\\/www.boxrepsol.com\\\/es\\\/motogp\\\/pol-espargaro-ilusion-misma-subi-motogp\\\/#article\",\"isPartOf\":{\"@id\":\"https:\\\/\\\/www.boxrepsol.com\\\/es\\\/motogp\\\/pol-espargaro-ilusion-misma-subi-motogp\\\/\"},\"author\":{\"name\":\"Redacci\u00f3n Box Repsol\",\"@id\":\"https:\\\/\\\/www.boxrepsol.com\\\/es\\\/#\\\/schema\\\/person\\\/c5c2138f2cca251b0ad92b7086bb60b7\"},\"headline\":\"\u201cLa ilusi\u00f3n que tengo ahora mismo es pr\u00e1cticamente la misma que cuando sub\u00ed a MotoGP\u201d\",\"datePublished\":\"2021-03-01T02:00:00+00:00\",\"dateModified\":\"2024-04-18T08:07:06+00:00\",\"mainEntityOfPage\":{\"@id\":\"https:\\\/\\\/www.boxrepsol.com\\\/es\\\/motogp\\\/pol-espargaro-ilusion-misma-subi-motogp\\\/\"},\"wordCount\":473,\"commentCount\":0,\"publisher\":{\"@id\":\"https:\\\/\\\/www.boxrepsol.com\\\/es\\\/#organization\"},\"image\":{\"@id\":\"https:\\\/\\\/www.boxrepsol.com\\\/es\\\/motogp\\\/pol-espargaro-ilusion-misma-subi-motogp\\\/#primaryimage\"},\"thumbnailUrl\":\"https:\\\/\\\/bxrepsol.s3.eu-west-1.amazonaws.com\\\/static\\\/2022\\\/08\\\/09121959\\\/pol-catalunya.jpg\",\"keywords\":[\"2021\",\"Campeonato del Mundo de Motociclismo\",\"Equipo Repsol Honda\"],\"articleSection\":[\"MotoGP\"],\"inLanguage\":\"es\",\"potentialAction\":[{\"@type\":\"CommentAction\",\"name\":\"Comment\",\"target\":[\"https:\\\/\\\/www.boxrepsol.com\\\/es\\\/motogp\\\/pol-espargaro-ilusion-misma-subi-motogp\\\/#respond\"]}]},{\"@type\":\"WebPage\",\"@id\":\"https:\\\/\\\/www.boxrepsol.com\\\/es\\\/motogp\\\/pol-espargaro-ilusion-misma-subi-motogp\\\/\",\"url\":\"https:\\\/\\\/www.boxrepsol.com\\\/es\\\/motogp\\\/pol-espargaro-ilusion-misma-subi-motogp\\\/\",\"name\":\"\u201cLa ilusi\u00f3n que tengo ahora mismo es pr\u00e1cticamente la misma que cuando sub\u00ed a MotoGP\u201d - Box Repsol\",\"isPartOf\":{\"@id\":\"https:\\\/\\\/www.boxrepsol.com\\\/es\\\/#website\"},\"primaryImageOfPage\":{\"@id\":\"https:\\\/\\\/www.boxrepsol.com\\\/es\\\/motogp\\\/pol-espargaro-ilusion-misma-subi-motogp\\\/#primaryimage\"},\"image\":{\"@id\":\"https:\\\/\\\/www.boxrepsol.com\\\/es\\\/motogp\\\/pol-espargaro-ilusion-misma-subi-motogp\\\/#primaryimage\"},\"thumbnailUrl\":\"https:\\\/\\\/bxrepsol.s3.eu-west-1.amazonaws.com\\\/static\\\/2022\\\/08\\\/09121959\\\/pol-catalunya.jpg\",\"datePublished\":\"2021-03-01T02:00:00+00:00\",\"dateModified\":\"2024-04-18T08:07:06+00:00\",\"description\":\"Pol Espargar\u00f3 nos cuenta c\u00f3mo ha ido su primer entrenamiento con la Honda RC213V-S en el Circuito de Barcelona \u2013 Catalunya.\",\"breadcrumb\":{\"@id\":\"https:\\\/\\\/www.boxrepsol.com\\\/es\\\/motogp\\\/pol-espargaro-ilusion-misma-subi-motogp\\\/#breadcrumb\"},\"inLanguage\":\"es\",\"potentialAction\":[{\"@type\":\"ReadAction\",\"target\":[\"https:\\\/\\\/www.boxrepsol.com\\\/es\\\/motogp\\\/pol-espargaro-ilusion-misma-subi-motogp\\\/\"]}]},{\"@type\":\"ImageObject\",\"inLanguage\":\"es\",\"@id\":\"https:\\\/\\\/www.boxrepsol.com\\\/es\\\/motogp\\\/pol-espargaro-ilusion-misma-subi-motogp\\\/#primaryimage\",\"url\":\"https:\\\/\\\/bxrepsol.s3.eu-west-1.amazonaws.com\\\/static\\\/2022\\\/08\\\/09121959\\\/pol-catalunya.jpg\",\"contentUrl\":\"https:\\\/\\\/bxrepsol.s3.eu-west-1.amazonaws.com\\\/static\\\/2022\\\/08\\\/09121959\\\/pol-catalunya.jpg\",\"width\":1280,\"height\":720,\"caption\":\"Pol Espargar\u00f3 en el circuito de Catalunya\"},{\"@type\":\"BreadcrumbList\",\"@id\":\"https:\\\/\\\/www.boxrepsol.com\\\/es\\\/motogp\\\/pol-espargaro-ilusion-misma-subi-motogp\\\/#breadcrumb\",\"itemListElement\":[{\"@type\":\"ListItem\",\"position\":1,\"name\":\"Home\",\"item\":\"https:\\\/\\\/www.boxrepsol.com\\\/es\\\/\"},{\"@type\":\"ListItem\",\"position\":2,\"name\":\"\u201cLa ilusi\u00f3n que tengo ahora mismo es pr\u00e1cticamente la misma que cuando sub\u00ed a MotoGP\u201d\"}]},{\"@type\":\"WebSite\",\"@id\":\"https:\\\/\\\/www.boxrepsol.com\\\/es\\\/#website\",\"url\":\"https:\\\/\\\/www.boxrepsol.com\\\/es\\\/\",\"name\":\"Box Repsol\",\"description\":\"Box Repsol Site\",\"publisher\":{\"@id\":\"https:\\\/\\\/www.boxrepsol.com\\\/es\\\/#organization\"},\"potentialAction\":[{\"@type\":\"SearchAction\",\"target\":{\"@type\":\"EntryPoint\",\"urlTemplate\":\"https:\\\/\\\/www.boxrepsol.com\\\/es\\\/?s={search_term_string}\"},\"query-input\":{\"@type\":\"PropertyValueSpecification\",\"valueRequired\":true,\"valueName\":\"search_term_string\"}}],\"inLanguage\":\"es\"},{\"@type\":\"Organization\",\"@id\":\"https:\\\/\\\/www.boxrepsol.com\\\/es\\\/#organization\",\"name\":\"Box Repsol\",\"url\":\"https:\\\/\\\/www.boxrepsol.com\\\/es\\\/\",\"logo\":{\"@type\":\"ImageObject\",\"inLanguage\":\"es\",\"@id\":\"https:\\\/\\\/www.boxrepsol.com\\\/es\\\/#\\\/schema\\\/logo\\\/image\\\/\",\"url\":\"https:\\\/\\\/bxrepsol.s3.eu-west-1.amazonaws.com\\\/static\\\/2025\\\/07\\\/30083337\\\/favicon-96x96-1.png\",\"contentUrl\":\"https:\\\/\\\/bxrepsol.s3.eu-west-1.amazonaws.com\\\/static\\\/2025\\\/07\\\/30083337\\\/favicon-96x96-1.png\",\"width\":96,\"height\":96,\"caption\":\"Box Repsol\"},\"image\":{\"@id\":\"https:\\\/\\\/www.boxrepsol.com\\\/es\\\/#\\\/schema\\\/logo\\\/image\\\/\"},\"sameAs\":[\"https:\\\/\\\/www.facebook.com\\\/BoxRepsol\",\"https:\\\/\\\/x.com\\\/box_repsol\",\"http:\\\/\\\/instagram.com\\\/box_repsol\",\"https:\\\/\\\/www.youtube.com\\\/user\\\/RepsolCompeticion\",\"https:\\\/\\\/www.flickr.com\\\/photos\\\/box_repsol\\\/\"]},{\"@type\":\"Person\",\"@id\":\"https:\\\/\\\/www.boxrepsol.com\\\/es\\\/#\\\/schema\\\/person\\\/c5c2138f2cca251b0ad92b7086bb60b7\",\"name\":\"Redacci\u00f3n Box Repsol\",\"image\":{\"@type\":\"ImageObject\",\"inLanguage\":\"es\",\"@id\":\"https:\\\/\\\/secure.gravatar.com\\\/avatar\\\/adf7b77e38b4419baf32c7e9c21dde01f4e40df611f0978e3006fc4ba0aaab7e?s=96&d=mm&r=g\",\"url\":\"https:\\\/\\\/secure.gravatar.com\\\/avatar\\\/adf7b77e38b4419baf32c7e9c21dde01f4e40df611f0978e3006fc4ba0aaab7e?s=96&d=mm&r=g\",\"contentUrl\":\"https:\\\/\\\/secure.gravatar.com\\\/avatar\\\/adf7b77e38b4419baf32c7e9c21dde01f4e40df611f0978e3006fc4ba0aaab7e?s=96&d=mm&r=g\",\"caption\":\"Redacci\u00f3n Box Repsol\"},\"description\":\"Box Repsol lo forma un equipo de periodistas, community managers, dise\u00f1adores y fot\u00f3grafos con m\u00e1s de 20 a\u00f1os de experiencia en el mundo del motorsport. Hemos vivido el primer mundial de un espa\u00f1ol en la categor\u00eda reina de motociclismo con \u00c1lex Crivill\u00e9, estuvimos en las victorias de Pedrosa y los t\u00edtulos de M\u00e1rquez, acompa\u00f1amos en \u00c1frica a Nani Roma y Marc Coma en sus conquistas del Dakar y hemos vibrado con los t\u00edtulos de Toni Bou en Trial. Adem\u00e1s, en nuestro equipo contamos con expertos en el mundo de las dos y cuatro ruedas tanto de la calle y las carreteras, como de los circuitos. Periodistas que han trabajado en revistas y publicaciones para hacerte llegar desde rutas y consejos de mantenimiento, a curiosidades y trucos de pilotaje.\",\"sameAs\":[\"https:\\\/\\\/www.facebook.com\\\/BoxRepsol\\\/\",\"https:\\\/\\\/www.instagram.com\\\/box_repsol\\\/\",\"https:\\\/\\\/x.com\\\/https:\\\/\\\/twitter.com\\\/box_repsol\",\"https:\\\/\\\/www.youtube.com\\\/@Boxrepsol\"],\"url\":\"https:\\\/\\\/www.boxrepsol.com\\\/es\\\/author\\\/redaccion-box-repsol\\\/\"}]}<\/script>\n<!-- \/ Yoast SEO plugin. -->","yoast_head_json":{"title":"\u201cLa ilusi\u00f3n que tengo ahora mismo es pr\u00e1cticamente la misma que cuando sub\u00ed a MotoGP\u201d - Box Repsol","description":"Pol Espargar\u00f3 nos cuenta c\u00f3mo ha ido su primer entrenamiento con la Honda RC213V-S en el Circuito de Barcelona \u2013 Catalunya.","canonical":"https:\/\/www.boxrepsol.com\/es\/motogp\/pol-espargaro-ilusion-misma-subi-motogp\/","og_locale":"es_ES","og_type":"article","og_title":"\u201cLa ilusi\u00f3n que tengo ahora mismo es pr\u00e1cticamente la misma que cuando sub\u00ed a MotoGP\u201d - Box Repsol","og_description":"Pol Espargar\u00f3 nos cuenta c\u00f3mo ha ido su primer entrenamiento con la Honda RC213V-S en el Circuito de Barcelona \u2013 Catalunya.","og_url":"https:\/\/www.boxrepsol.com\/es\/motogp\/pol-espargaro-ilusion-misma-subi-motogp\/","og_site_name":"Box Repsol","article_publisher":"https:\/\/www.facebook.com\/BoxRepsol","article_author":"https:\/\/www.facebook.com\/BoxRepsol\/","article_published_time":"2021-03-01T02:00:00+00:00","article_modified_time":"2024-04-18T08:07:06+00:00","og_image":[{"width":1280,"height":720,"url":"https:\/\/bxrepsol.s3.eu-west-1.amazonaws.com\/static\/2022\/08\/09121959\/pol-catalunya.jpg","type":"image\/jpeg"}],"author":"Redacci\u00f3n Box Repsol","twitter_card":"summary_large_image","twitter_creator":"@https:\/\/twitter.com\/box_repsol","twitter_site":"@box_repsol","twitter_misc":{"Written by":"Redacci\u00f3n Box Repsol","Est. reading time":"2 minutos"},"schema":{"@context":"https:\/\/schema.org","@graph":[{"@type":"Article","@id":"https:\/\/www.boxrepsol.com\/es\/motogp\/pol-espargaro-ilusion-misma-subi-motogp\/#article","isPartOf":{"@id":"https:\/\/www.boxrepsol.com\/es\/motogp\/pol-espargaro-ilusion-misma-subi-motogp\/"},"author":{"name":"Redacci\u00f3n Box Repsol","@id":"https:\/\/www.boxrepsol.com\/es\/#\/schema\/person\/c5c2138f2cca251b0ad92b7086bb60b7"},"headline":"\u201cLa ilusi\u00f3n que tengo ahora mismo es pr\u00e1cticamente la misma que cuando sub\u00ed a MotoGP\u201d","datePublished":"2021-03-01T02:00:00+00:00","dateModified":"2024-04-18T08:07:06+00:00","mainEntityOfPage":{"@id":"https:\/\/www.boxrepsol.com\/es\/motogp\/pol-espargaro-ilusion-misma-subi-motogp\/"},"wordCount":473,"commentCount":0,"publisher":{"@id":"https:\/\/www.boxrepsol.com\/es\/#organization"},"image":{"@id":"https:\/\/www.boxrepsol.com\/es\/motogp\/pol-espargaro-ilusion-misma-subi-motogp\/#primaryimage"},"thumbnailUrl":"https:\/\/bxrepsol.s3.eu-west-1.amazonaws.com\/static\/2022\/08\/09121959\/pol-catalunya.jpg","keywords":["2021","Campeonato del Mundo de Motociclismo","Equipo Repsol Honda"],"articleSection":["MotoGP"],"inLanguage":"es","potentialAction":[{"@type":"CommentAction","name":"Comment","target":["https:\/\/www.boxrepsol.com\/es\/motogp\/pol-espargaro-ilusion-misma-subi-motogp\/#respond"]}]},{"@type":"WebPage","@id":"https:\/\/www.boxrepsol.com\/es\/motogp\/pol-espargaro-ilusion-misma-subi-motogp\/","url":"https:\/\/www.boxrepsol.com\/es\/motogp\/pol-espargaro-ilusion-misma-subi-motogp\/","name":"\u201cLa ilusi\u00f3n que tengo ahora mismo es pr\u00e1cticamente la misma que cuando sub\u00ed a MotoGP\u201d - Box Repsol","isPartOf":{"@id":"https:\/\/www.boxrepsol.com\/es\/#website"},"primaryImageOfPage":{"@id":"https:\/\/www.boxrepsol.com\/es\/motogp\/pol-espargaro-ilusion-misma-subi-motogp\/#primaryimage"},"image":{"@id":"https:\/\/www.boxrepsol.com\/es\/motogp\/pol-espargaro-ilusion-misma-subi-motogp\/#primaryimage"},"thumbnailUrl":"https:\/\/bxrepsol.s3.eu-west-1.amazonaws.com\/static\/2022\/08\/09121959\/pol-catalunya.jpg","datePublished":"2021-03-01T02:00:00+00:00","dateModified":"2024-04-18T08:07:06+00:00","description":"Pol Espargar\u00f3 nos cuenta c\u00f3mo ha ido su primer entrenamiento con la Honda RC213V-S en el Circuito de Barcelona \u2013 Catalunya.","breadcrumb":{"@id":"https:\/\/www.boxrepsol.com\/es\/motogp\/pol-espargaro-ilusion-misma-subi-motogp\/#breadcrumb"},"inLanguage":"es","potentialAction":[{"@type":"ReadAction","target":["https:\/\/www.boxrepsol.com\/es\/motogp\/pol-espargaro-ilusion-misma-subi-motogp\/"]}]},{"@type":"ImageObject","inLanguage":"es","@id":"https:\/\/www.boxrepsol.com\/es\/motogp\/pol-espargaro-ilusion-misma-subi-motogp\/#primaryimage","url":"https:\/\/bxrepsol.s3.eu-west-1.amazonaws.com\/static\/2022\/08\/09121959\/pol-catalunya.jpg","contentUrl":"https:\/\/bxrepsol.s3.eu-west-1.amazonaws.com\/static\/2022\/08\/09121959\/pol-catalunya.jpg","width":1280,"height":720,"caption":"Pol Espargar\u00f3 en el circuito de Catalunya"},{"@type":"BreadcrumbList","@id":"https:\/\/www.boxrepsol.com\/es\/motogp\/pol-espargaro-ilusion-misma-subi-motogp\/#breadcrumb","itemListElement":[{"@type":"ListItem","position":1,"name":"Home","item":"https:\/\/www.boxrepsol.com\/es\/"},{"@type":"ListItem","position":2,"name":"\u201cLa ilusi\u00f3n que tengo ahora mismo es pr\u00e1cticamente la misma que cuando sub\u00ed a MotoGP\u201d"}]},{"@type":"WebSite","@id":"https:\/\/www.boxrepsol.com\/es\/#website","url":"https:\/\/www.boxrepsol.com\/es\/","name":"Box Repsol","description":"Box Repsol Site","publisher":{"@id":"https:\/\/www.boxrepsol.com\/es\/#organization"},"potentialAction":[{"@type":"SearchAction","target":{"@type":"EntryPoint","urlTemplate":"https:\/\/www.boxrepsol.com\/es\/?s={search_term_string}"},"query-input":{"@type":"PropertyValueSpecification","valueRequired":true,"valueName":"search_term_string"}}],"inLanguage":"es"},{"@type":"Organization","@id":"https:\/\/www.boxrepsol.com\/es\/#organization","name":"Box Repsol","url":"https:\/\/www.boxrepsol.com\/es\/","logo":{"@type":"ImageObject","inLanguage":"es","@id":"https:\/\/www.boxrepsol.com\/es\/#\/schema\/logo\/image\/","url":"https:\/\/bxrepsol.s3.eu-west-1.amazonaws.com\/static\/2025\/07\/30083337\/favicon-96x96-1.png","contentUrl":"https:\/\/bxrepsol.s3.eu-west-1.amazonaws.com\/static\/2025\/07\/30083337\/favicon-96x96-1.png","width":96,"height":96,"caption":"Box Repsol"},"image":{"@id":"https:\/\/www.boxrepsol.com\/es\/#\/schema\/logo\/image\/"},"sameAs":["https:\/\/www.facebook.com\/BoxRepsol","https:\/\/x.com\/box_repsol","http:\/\/instagram.com\/box_repsol","https:\/\/www.youtube.com\/user\/RepsolCompeticion","https:\/\/www.flickr.com\/photos\/box_repsol\/"]},{"@type":"Person","@id":"https:\/\/www.boxrepsol.com\/es\/#\/schema\/person\/c5c2138f2cca251b0ad92b7086bb60b7","name":"Redacci\u00f3n Box Repsol","image":{"@type":"ImageObject","inLanguage":"es","@id":"https:\/\/secure.gravatar.com\/avatar\/adf7b77e38b4419baf32c7e9c21dde01f4e40df611f0978e3006fc4ba0aaab7e?s=96&d=mm&r=g","url":"https:\/\/secure.gravatar.com\/avatar\/adf7b77e38b4419baf32c7e9c21dde01f4e40df611f0978e3006fc4ba0aaab7e?s=96&d=mm&r=g","contentUrl":"https:\/\/secure.gravatar.com\/avatar\/adf7b77e38b4419baf32c7e9c21dde01f4e40df611f0978e3006fc4ba0aaab7e?s=96&d=mm&r=g","caption":"Redacci\u00f3n Box Repsol"},"description":"Box Repsol lo forma un equipo de periodistas, community managers, dise\u00f1adores y fot\u00f3grafos con m\u00e1s de 20 a\u00f1os de experiencia en el mundo del motorsport. Hemos vivido el primer mundial de un espa\u00f1ol en la categor\u00eda reina de motociclismo con \u00c1lex Crivill\u00e9, estuvimos en las victorias de Pedrosa y los t\u00edtulos de M\u00e1rquez, acompa\u00f1amos en \u00c1frica a Nani Roma y Marc Coma en sus conquistas del Dakar y hemos vibrado con los t\u00edtulos de Toni Bou en Trial. Adem\u00e1s, en nuestro equipo contamos con expertos en el mundo de las dos y cuatro ruedas tanto de la calle y las carreteras, como de los circuitos. Periodistas que han trabajado en revistas y publicaciones para hacerte llegar desde rutas y consejos de mantenimiento, a curiosidades y trucos de pilotaje.","sameAs":["https:\/\/www.facebook.com\/BoxRepsol\/","https:\/\/www.instagram.com\/box_repsol\/","https:\/\/x.com\/https:\/\/twitter.com\/box_repsol","https:\/\/www.youtube.com\/@Boxrepsol"],"url":"https:\/\/www.boxrepsol.com\/es\/author\/redaccion-box-repsol\/"}]}},"_links":{"self":[{"href":"https:\/\/www.boxrepsol.com\/es\/wp-json\/wp\/v2\/posts\/94845","targetHints":{"allow":["GET"]}}],"collection":[{"href":"https:\/\/www.boxrepsol.com\/es\/wp-json\/wp\/v2\/posts"}],"about":[{"href":"https:\/\/www.boxrepsol.com\/es\/wp-json\/wp\/v2\/types\/post"}],"author":[{"embeddable":true,"href":"https:\/\/www.boxrepsol.com\/es\/wp-json\/wp\/v2\/users\/43146"}],"replies":[{"embeddable":true,"href":"https:\/\/www.boxrepsol.com\/es\/wp-json\/wp\/v2\/comments?post=94845"}],"version-history":[{"count":1,"href":"https:\/\/www.boxrepsol.com\/es\/wp-json\/wp\/v2\/posts\/94845\/revisions"}],"predecessor-version":[{"id":115027,"href":"https:\/\/www.boxrepsol.com\/es\/wp-json\/wp\/v2\/posts\/94845\/revisions\/115027"}],"wp:featuredmedia":[{"embeddable":true,"href":"https:\/\/www.boxrepsol.com\/es\/wp-json\/wp\/v2\/media\/42337"}],"wp:attachment":[{"href":"https:\/\/www.boxrepsol.com\/es\/wp-json\/wp\/v2\/media?parent=94845"}],"wp:term":[{"taxonomy":"category","embeddable":true,"href":"https:\/\/www.boxrepsol.com\/es\/wp-json\/wp\/v2\/categories?post=94845"},{"taxonomy":"post_tag","embeddable":true,"href":"https:\/\/www.boxrepsol.com\/es\/wp-json\/wp\/v2\/tags?post=94845"}],"curies":[{"name":"wp","href":"https:\/\/api.w.org\/{rel}","templated":true}]}}