{"id":94839,"date":"2021-02-26T00:00:00","date_gmt":"2021-02-26T02:00:00","guid":{"rendered":"http:\/\/pre.boxrepsol.com\/sin-categorizar\/carlos-sainz-1996-wrc-ford-escort-rs-cosworth-repsol\/"},"modified":"2025-06-27T07:05:07","modified_gmt":"2025-06-27T09:05:07","slug":"carlos-sainz-1996-wrc-ford-escort-rs-cosworth-repsol","status":"publish","type":"post","link":"https:\/\/www.boxrepsol.com\/es\/de-leyenda\/carlos-sainz-1996-wrc-ford-escort-rs-cosworth-repsol\/","title":{"rendered":"Mundial de Rallys 1996: Carlos Sainz con el espectacular Ford Escort RS Cosworth Repsol que nunca olvidaremos"},"content":{"rendered":"\n<p><\/p>\n\n\n\n<div class=\"wp-block-create-block-prueba-estructura\"><div class=\"centrar\"><div class=\"imagen-bloque\"><img decoding=\"async\" src=\"https:\/\/bxrepsol.s3.eu-west-1.amazonaws.com\/static\/2022\/08\/09120001\/00_carlos_sainz_repsol_rally_1995-2.jpg\" alt=\"\"\/><\/div><div class=\"contenido-bloque\"><div class=\"br__category\"><span>De leyenda<\/span><\/div><h3><a href=\"https:\/\/www.boxrepsol.com\/es\/de-leyenda\/1995-ano-apasionante-carlos-sainz\/\" target=\"_blank\" rel=\"noopener noreferrer\">Mundial de Rallys 1995: un a\u00f1o apasionante para Carlos Sainz<\/a><\/h3><\/div><\/div><\/div>\n\n\n\n<p>El coche que pilotar\u00eda Sainz ser\u00eda el <strong>Ford Escort RS Cosworth<\/strong>, un veh\u00edculo que ya hab\u00eda demostrado a\u00f1os atr\u00e1s una gran competitividad, ganando rallys en Montecarlo, C\u00f3rcega o los 1.000 Lagos, entre otros, pero que en los \u00faltimos tiempos no hab\u00eda sido evolucionado al mismo nivel que los coches rivales. Su \u00faltima victoria hab\u00eda sido lograda en 1994, lo que hac\u00eda presagiar que ser\u00eda necesaria una actualizaci\u00f3n importante de sus capacidades.<\/p>\n\n\n\n<p><strong>Carlos Sainz<\/strong> deber\u00eda, de nuevo, empezar desde cero y evolucionar un coche para lograr ser competitivo contra los Mitsubishi Lancer Evo III y los Subaru Impreza 555, lo que no era una tarea f\u00e1cil ni al alcance de muchos, sobre todo teniendo en cuenta a dos de los pilotos a los que se enfrentar\u00eda, Tommi M\u00e4kinen y su compa\u00f1ero en las dos \u00faltimas temporadas, Colin McRae.<\/p>\n\n\n\n<p>El coche, como era de esperar, montaba un propulsor de dos litros turboalimentado, y otorgaba una potencia de unos 300 caballos que transmit\u00eda a las ruedas mediante una caja manual de seis velocidades y un sistema de tracci\u00f3n total dotado de diferenciales delantero y central con control electro hidr\u00e1ulico, y un trasero Torsen o de discos en funci\u00f3n del terreno donde se fuera a correr. El freno de mano desconectaba el diferencial central para que no fuera necesario embragar al tirar de \u00e9l al redondear curvas usando este. Eso s\u00ed, tras los test realizados a principios de a\u00f1o, Carlos ya vio qu\u00e9 se podr\u00eda mejorar, realiz\u00e1ndose diversos cambios en la suspensi\u00f3n y diferenciales.<\/p>\n\n\n\n<p><\/p>\n\n\n\n<p>La temporada contar\u00eda con 9 pruebas, todas puntuables. Algunos cambios en la normativa provocaban que, ahora, las asistencias mec\u00e1nicas estuvieran m\u00e1s limitadas, obligando en ocasiones a piloto y copiloto a ejercer de mec\u00e1nicos entre tramos para arreglar problemas en el coche.<\/p>\n\n\n\n<p>Como compa\u00f1eros, Sainz ver\u00eda pasar por el equipo a lo largo del a\u00f1o a Fran\u00e7ois Delecour, Stig Blomqvist, Gwyndaf Evans y Bruno Thiry.<\/p>\n\n\n\n<p>Comenzaba el a\u00f1o y, por primera vez desde 1973, Montecarlo no ser\u00eda puntuable para el Mundial de Rallys, aunque s\u00ed para la copa del Mundo de 2 litros, donde Repsol tambi\u00e9n participaba con el Ibiza Kit Car, y cuyo t\u00edtulo ganar\u00eda in extremis ese a\u00f1o.<\/p>\n\n\n\n<p>La primera prueba de fuego fue, pues, el <strong>Rally de Suecia<\/strong>. Una prueba de 490 km desarrollada sobre pistas de nieve y hielo que no hac\u00edan albergar muchas esperanzas en la primera toma de contacto real con el Ford Escort, tanto por comprobar si los cambios de los test surtir\u00edan efecto, como por la presencia de los pilotos locales, expertos en ese tipo de terreno.<\/p>\n\n\n\n<p>Sin embargo, la sorpresa tard\u00f3 poco en llegar. En el primer d\u00eda, en el octavo tramo (el m\u00e1s largo con 44,6 km) Sainz se hac\u00eda con la victoria. Acabado el primer d\u00eda Sainz estaba tercero a tan solo 14 segundos de Makinen y 8 de Kankkunen.<\/p>\n\n\n\n<figure class=\"wp-block-image\"><img decoding=\"async\" src=\"https:\/\/bxrepsol.s3.eu-west-1.amazonaws.com\/static\/2022\/08\/09121740\/1996-Suecia-Sainz-2-2.jpg\" alt=\"\"\/><\/figure>\n\n\n\n<p>En el segundo d\u00eda las cosas mejoraron, logrando los mejores tiempos en dos de los tramos y situ\u00e1ndose Carlos ya en segunda posici\u00f3n, persiguiendo al Mitsubishi Lancer Evo III de Tommi M\u00e4kinen, que apenas contaba con 15 segundos de ventaja. Eso s\u00ed, la igualdad era tal que en el tramo 21 la victoria de Sainz era compartida con otros cuatro pilotos, marcando todos el mismo tiempo, situaci\u00f3n pr\u00e1cticamente impensable dado el terreno del rally y trat\u00e1ndose adem\u00e1s de un tramo nocturno.<\/p>\n\n\n\n<p>El tercer d\u00eda contaba con solo cinco tramos. Sainz y Moya atacaban desde la salida y comenzaban a recortar tiempo al l\u00edder, pero una aver\u00eda en el diferencial central arruinaba el buen ritmo que llevaban y, al final del d\u00eda, se ten\u00edan que conformar con una esperanzadora segunda posici\u00f3n a 23 segundos de M\u00e4kinen.<\/p>\n\n\n\n<p><iframe loading=\"lazy\" src=\"https:\/\/www.youtube.com\/embed\/NvAG7U6_IcE\" allowfullscreen=\"allowfullscreen\" width=\"560\" height=\"315\" frameborder=\"0\"><\/iframe><\/p>\n\n\n\n<p>Dejando atr\u00e1s las g\u00e9lidas temperaturas bajo cero, el Mundial de Rallys viajaba para disputar la segunda prueba al continente africano, donde esperaba el <strong>Rally Safari <\/strong>en Kenia. La prueba, conocida por su dureza y longitud, contaba aquel a\u00f1o con 1.784 km sobre tierra y grava, distancia que acab\u00f3 rebaj\u00e1ndose en m\u00e1s de 290 km por la cancelaci\u00f3n de algunos tramos debido a las trombas de agua que hab\u00edan dejado algunas zonas del terreno pr\u00e1cticamente intransitables.<\/p>\n\n\n\n<p>Como en a\u00f1os anteriores, los coches usados en el Rally Safari eran veh\u00edculos con una configuraci\u00f3n totalmente diferente a la de cualquier otra prueba del Mundial de Rallys. Se instalaron protecciones adicionales, refrigeraci\u00f3n mejorada, dep\u00f3sitos de carburante m\u00e1s grandes y ajustes de suspensi\u00f3n con gran recorrido.<\/p>\n\n\n\n<p>Pese a todo, la poca experiencia del equipo en esta dura prueba pas\u00f3 factura al coche, sufriendo problemas de suspensi\u00f3n durante una primera jornada que termin\u00f3 para los nuestros con una quinta posici\u00f3n en la tabla. Tras una intensa asistencia durante el segundo d\u00eda se lograba volver a la carrera aplicando una reparaci\u00f3n de emergencia aunque, debido a lo roto del terreno y pese a no forzar la mec\u00e1nica, todo terminaba con el abandono de Sainz y Moya.<\/p>\n\n\n\n<figure class=\"wp-block-image\"><img decoding=\"async\" src=\"https:\/\/bxrepsol.s3.eu-west-1.amazonaws.com\/static\/2022\/08\/09121741\/1996-Safari-Sainz-2.jpg\" alt=\"\"\/><\/figure>\n\n\n\n<p>Tras el fiasco en Kenia, el Mundial viajaba a tierras asi\u00e1ticas para disputar el <strong>Rally de Indonesia<\/strong>, donde 452 kil\u00f3metros de pistas de tierra y resbaladizo barro esperaban a los participantes.<\/p>\n\n\n\n<p>Era la primera vez que Sainz y Moya disputaban este rally, por lo que la idea era seguir adquiriendo experiencia con el coche y trabajando en constantes mejoras.<\/p>\n\n\n\n<p>Ya a mediados del primer d\u00eda las cosas empezaban a ponerse feas, con algunos problemas en la caja de cambios con la tercera y cuarta relaci\u00f3n, que se saltaban y terminaban por causar una salida de pista que, afortunadamente, se saldaba sin consecuencias para los pilotos. Se terminaba el primer d\u00eda en cuarta posici\u00f3n a 3 minutos y 29 segundos de McRae, que hab\u00eda salido a por todas en su lucha contra M\u00e4kinen.<\/p>\n\n\n\n<p>El segundo d\u00eda comenzaba con varias sorpresas. En primer lugar, la victoria en el primer tramo con el mismo tiempo que McRae indicaba que la cosa parec\u00eda poder igualarse con sus rivales. La segunda fue el abandono de Tommi M\u00e4kinen, que en su intento por alcanzar a Colin McRae sufr\u00eda una salida de pista en la que romp\u00eda el radiador y provocaba una aver\u00eda en el motor de su Lancer EVO III, diciendo adi\u00f3s al rally. En el tramo 14, y pese a las malas condiciones provocadas por la lluvia, Carlos lograba la victoria y se colocaba ya segundo en la clasificaci\u00f3n. Cerca del final del d\u00eda, Sainz sufr\u00eda una salida de pista que le hac\u00eda perder algo de tiempo, y terminaba en una tercera posici\u00f3n general a 4 minutos y 17 segundos de McRae y a menos de un minuto de Kankkunen.<\/p>\n\n\n\n<p>El tercer d\u00eda tambi\u00e9n estuvo plagado de sorpresas. Todos los pilotos sal\u00edan atacando, pero era Sainz el que se llevaba la victoria en el primer tramo. Piero Liatti comenz\u00f3 a continuaci\u00f3n a encadenar victorias de tramo y McRae, que ve\u00eda peligrar su liderato, apretaba y terminaba sufriendo un vuelco que destrozaba el coche y sus opciones de continuar. Carlos Sainz sigui\u00f3 presionando y tratando de mantener a raya a sus perseguidores y, ya en el tramo 24, se colocaba l\u00edder y acababa la prueba con una inesperada victoria a 23 segundos de Liatti y m\u00e1s de un minuto sobre Kankkunen.<\/p>\n\n\n\n<p><\/p>\n\n\n\n<p>Con un gran sabor de boca, Carlos Sainz y Luis Moya viajaban ahora para disputar la siguiente prueba del Mundial de Rallys en tierras griegas. Era el turno del espectacular <strong>Rally Acr\u00f3polis<\/strong>, que en esta ocasi\u00f3n constar\u00eda de 21 etapas sobre grava y tierra, con un total de 454km.<\/p>\n\n\n\n<p>Este a\u00f1o la organizaci\u00f3n hab\u00eda cambiado algunos tramos, y algunos de ellos eran totalmente nuevos. La dureza del terreno, las nuevas zonas y la falta de rendimiento de los Ford contra los Mitsibishi y los Subaru, explican la cuarta posici\u00f3n de la primera jornada, a 1 minuto y 49 segundos de McRae. Eso s\u00ed, Carlos Sainz y Luis Moya se adjudicaron una victoria de tramo.<\/p>\n\n\n\n<figure class=\"wp-block-image\"><img decoding=\"async\" src=\"https:\/\/bxrepsol.s3.eu-west-1.amazonaws.com\/static\/2022\/08\/09121742\/1996-Acropolis-Sainz-3-2.jpg\" alt=\"\"\/><\/figure>\n\n\n\n<p>El segundo d\u00eda promet\u00eda ser m\u00e1s duro a\u00fan, pero las manos de Carlos y algunos ajustes en el coche, sobre todo en lo relativo a la reducci\u00f3n del peso, permitieron lograr dos victorias de tramo y estar m\u00e1s cerca de la cabeza de carrera, acabando en tercera posici\u00f3n a 1 minuto y 34 segundos.<\/p>\n\n\n\n<p>En el tercer d\u00eda casi todos los pilotos comenzaron a sufrir problemas con los neum\u00e1ticos que, debido a la nueva reglamentaci\u00f3n con menos asistencias, obligaban en ocasiones a pasar dos o tres tramos con las mismas gomas y, debido al estado de las pistas, los neum\u00e1ticos acababan destrozados, obligando a los pilotos a bajar el ritmo de forma notable. El resultado final fue satisfactorio, con una tercera posici\u00f3n final a poco menos de cuatro minutos de McRae, que se llevaba la victoria en esta ocasi\u00f3n.<\/p>\n\n\n\n<p><iframe loading=\"lazy\" src=\"https:\/\/www.youtube.com\/embed\/Ba3LSvdudlI?start=57\" allowfullscreen=\"allowfullscreen\" width=\"560\" height=\"315\" frameborder=\"0\"><\/iframe><\/p>\n\n\n\n<p>De nuevo tocaba cambiar de continente, viajando esta vez a Sudam\u00e9rica para correr en el <strong>Rally de Argentina<\/strong>. La prueba, caracterizada por sus tramos r\u00e1pidos, no era desconocida por Carlos, que hab\u00eda logrado la victoria y varios podios all\u00ed en a\u00f1os anteriores. La edici\u00f3n de 1996 contar\u00eda con 516 kil\u00f3metros cronometrados sobre pistas de gravilla.<\/p>\n\n\n\n<p>Comenzaba el primer d\u00eda, que ser\u00eda bastante largo, con 13 tramos. Con nuevos ajustes de suspensi\u00f3n, pero sin las mejoras de motor que se esperaban desde Ford, Carlos Sainz sal\u00eda atacando, y pese a varios problemas mec\u00e1nicos, lograba cuatro victorias de tramo. La jornada se saldaba con una cuarta posici\u00f3n a poco m\u00e1s de 2 minutos de M\u00e4kinen, que estaba volando, y el abandono de McRae tras un vuelco.<\/p>\n\n\n\n<figure class=\"wp-block-image\"><img decoding=\"async\" src=\"https:\/\/bxrepsol.s3.eu-west-1.amazonaws.com\/static\/2022\/08\/09121743\/1996-Argentina-Sainz-2.jpg\" alt=\"\"\/><\/figure>\n\n\n\n<p>El segundo d\u00eda, de nuevo largo y con uno de los tramos con m\u00e1s kil\u00f3metros del Mundial de Rallys, serv\u00eda para demostrar que las mejoras en el coche iban surtiendo el efecto deseado y, pese a algunos problemas, Carlos Sainz lograba seis victorias de tramo y la tercera posici\u00f3n general. Adem\u00e1s, pudo recortar tiempo al l\u00edder, coloc\u00e1ndose a poco m\u00e1s de minuto y medio de este.<\/p>\n\n\n\n<p>El tercer d\u00eda contaba con solo cinco tramos. Fallos en la organizaci\u00f3n de un tramo supusieron un problema para algunos pilotos que tomaron un camino equivocado, pero finalmente y tras apretar todo lo que pudo, Carlos acababa el d\u00eda en segunda posici\u00f3n y se situaba a 13 puntos de Tommi M\u00e4kinen en la clasificaci\u00f3n del Mundial.<\/p>\n\n\n\n<p><\/p>\n\n\n\n<p>El Mundial volv\u00eda a Europa, y llegaba uno de los rallys m\u00e1s aclamados y espectaculares, el <strong>Rally 1.000 Lagos o Rally de Finlandia<\/strong>. 478 kil\u00f3metros de r\u00e1pidas pistas de grava entre bosques, con muchos saltos y escenarios espectaculares. Ford tra\u00eda una modificaci\u00f3n de motor para esta ocasi\u00f3n, que otorgaba una respuesta con mejor entrega de potencia en la zona media.<\/p>\n\n\n\n<p>El rally comenz\u00f3 con dificultades para Sainz, que ten\u00eda problemas con un manguito del turbo y perd\u00eda un valioso tiempo en el primer tramo. Sainz presionaba en las complicadas pistas finlandesas, sabiendo que cualquier error se pod\u00eda pagar caro. Un ejemplo fue Colin McRae, que volvi\u00f3 a volcar y abandonar. Carlos demostraba su gran pilotaje acabando el \u00faltimo tramo con un amortiguador sin hidr\u00e1ulico, y firmando la octava posici\u00f3n de la jornada a tres minutos de la cabeza.<\/p>\n\n\n\n<figure class=\"wp-block-image\"><img decoding=\"async\" src=\"https:\/\/bxrepsol.s3.eu-west-1.amazonaws.com\/static\/2022\/08\/09121744\/1996-1000-Lagos-Sainz-2.jpg\" alt=\"\"\/><\/figure>\n\n\n\n<p>El segundo d\u00eda comenzaba algo mejor. Sainz y Moya lo daban todo por tratar de recuperar algo de tiempo, pero la competencia era brutal y el Rally de Finlandia es uno de los m\u00e1s complicados para poder recuperar tiempos a los adversarios. Aun y todo, Carlos lograba subir a la sexta posici\u00f3n en la general, pero perd\u00eda unos pocos segundos m\u00e1s sobre M\u00e4kinen, que como buen piloto local se tornaba inalcanzable.<\/p>\n\n\n\n<p>El tercer d\u00eda se preve\u00eda complicado, ya que de los seis tramos, dos de ellos eran totalmente nuevos para Sainz, y adem\u00e1s se disputaban en ambos sentidos. Lamentablemente, apenas unos kil\u00f3metros antes de finalizar el \u00faltimo tramo, la caja de cambios del Ford Escort dec\u00eda basta y Carlos y Luis se ve\u00edan sin opciones de acabar la prueba en un posible podio, cediendo adem\u00e1s muchas opciones al t\u00edtulo Mundial.<\/p>\n\n\n\n<p><\/p>\n\n\n\n<p>El Mundial de Rallys viajaba ahora al otro lado del mundo para disputar el <strong>Rally de Australia<\/strong>, con 475 kil\u00f3metros de dif\u00edcil grava de gran tama\u00f1o que, adem\u00e1s, se complicaba por las lluvias ca\u00eddas en los d\u00edas anteriores.<\/p>\n\n\n\n<p>Sainz comenzaba la primera etapa llev\u00e1ndose la victoria en los dos primeros tramos y repitiendo victoria en la quinta. De nuevo, M\u00e4kinen era el hombre a batir y Carlos trataba de limitar la p\u00e9rdida de tiempo con el piloto finland\u00e9s a base de un pilotaje preciso y gracias al buen funcionamiento del coche. Finalmente, el d\u00eda finalizaba con una segunda posici\u00f3n a 37 segundos de Tommi.<\/p>\n\n\n\n<p>En la segunda etapa la lluvia fue la protagonista, dejando las pistas en unas condiciones muy deslizantes y provocando la cancelaci\u00f3n a posteriori de algunos tramos, entre ellos uno en el que era necesario atravesar un r\u00edo apenas a 200 metros del final, y en el que tanto Carlos como otros pilotos sufrieron la parada de sus coches por la gran crecida experimentada en el caudal. Gracias a la cancelaci\u00f3n de ese tramo, Carlos pudo llevar el coche a la asistencia y solucionar los problemas, siguiendo en carrera y acabando el d\u00eda en tercera posici\u00f3n a 1 minuto 53 segundos.<\/p>\n\n\n\n<p>Llegaba la tercera etapa de este complicad\u00edsimo rally y Sainz sal\u00eda a por todas para tratar de lograr la segunda posici\u00f3n ya que, en caso de victoria de M\u00e4kinen, esa segunda plaza era lo \u00fanico que evitar\u00eda que el finland\u00e9s se proclamara matem\u00e1ticamente Campe\u00f3n del Mundo. Carlos volaba por las deslizantes pistas, logrando la victoria en seis de los 8 tramos y manteniendo la esperanza de adelantar a Eriksson pero, finalmente, se quedaba a 4 segundos de la segunda posici\u00f3n, dando el Mundial a M\u00e4kinen y acabando el rally en tercera plaza.<\/p>\n\n\n\n<p><\/p>\n\n\n\n<p>Llegaba la pen\u00faltima prueba del Mundial de Rallys, el <strong>Rally de San Remo<\/strong>. La prueba constaba de un recorrido con mezcla de grava los dos primeros d\u00edas y asfalto el tercero, y un total de 413 kil\u00f3metros cronometrados.<\/p>\n\n\n\n<p>La primera etapa comenzaba con la cancelaci\u00f3n del primer tramo tras dos accidentes, uno de ellos apenas a 500 metros de la salida. El reci\u00e9n coronado Campe\u00f3n del Mundo, Tommi M\u00e4kinnen, sufr\u00eda un duro golpe y se ve\u00eda obligado a retirarse por lesi\u00f3n de su copiloto. Carlos trataba de sacar buenos tiempos, pero al ir abriendo pista sus perseguidores le met\u00edan segundos en cada tramo, terminando el d\u00eda en octava posici\u00f3n a 44 segundos de McRae.<\/p>\n\n\n\n<figure class=\"wp-block-image\"><img decoding=\"async\" src=\"https:\/\/bxrepsol.s3.eu-west-1.amazonaws.com\/static\/2022\/08\/09121746\/1996-Sanremo-Sainz-2.jpg\" alt=\"\"\/><\/figure>\n\n\n\n<p>La segunda etapa comenzaba mejor, saliendo tras otros coches y con la pista limpia, Carlos Sainz y Luis Moya volaban sobre las pistas y lograban la victoria en el primer tramo, logrando m\u00e1s adelante otras tres. Con el fin del d\u00eda comenz\u00f3 a diluviar, y Carlos perd\u00eda parte de la ventaja acumulada por salir retrasado, terminando la jornada en segunda posici\u00f3n a 32 segundos.<\/p>\n\n\n\n<p>Llegaba la tercera etapa y el asfalto, lo que obligaba a hacer grandes modificaciones en los coches. Ser\u00eda la primera toma de contacto de verdad de Carlos con el Ford Escort RS Cosworth sobre pistas asfaltadas. Pese a la lluvia el rendimiento del Ford era bueno y se lograba una victoria de tramo. Carlos se lleg\u00f3 a colocar a tan solo seis segundos de McRae, pero las pistas empezaban a secarse y el brit\u00e1nico lograba recuperar algo de tiempo. El rally se saldaba finalmente con la segunda posici\u00f3n de Sainz, a 22 segundos del vencedor. Adem\u00e1s, Bruno Thiry, compa\u00f1ero de Sainz, acababa en tercera posici\u00f3n, colocando dos Ford Repsol en el podio.<\/p>\n\n\n\n<p><\/p>\n\n\n\n<p>Llegaba el final del Mundial de Rallys y lo hac\u00eda en casa en el<strong> Rally de Catalu\u00f1a<\/strong>, un rally 100% de asfalto y con un total de 393 kil\u00f3metros cronometrados. Sainz luchaba por el subcampeonato, llevando una c\u00f3moda ventaja de puntos sobre McRae y adem\u00e1s ten\u00eda el apoyo del p\u00fablico local.<\/p>\n\n\n\n<p>La primera etapa empezaba bien, con un buen tiempo en el primer tramo pero, por desgracia, en el segundo, cuando segu\u00eda marcando un buen ritmo, una zona h\u00fameda que no aparec\u00eda en las notas hac\u00eda cruzarse al Ford y provocaba el impacto contra un talud, con posterior vuelco del coche que, con enorme mala fortuna, romp\u00eda la correa de distribuci\u00f3n y obligaba a los nuestros a abandonar el rally.<\/p>\n\n\n\n<figure class=\"wp-block-image\"><img decoding=\"async\" src=\"https:\/\/bxrepsol.s3.eu-west-1.amazonaws.com\/static\/2022\/08\/09121747\/1996-Cataluna-Bruno-Thiry-2-1.jpg\" alt=\"\"\/><\/figure>\n\n\n\n<p>Con Sainz fuera de carrera, McRae lograba la victoria en el rally y se hac\u00eda con el subcampeonato, que se les escapaba a Sainz y Moya por apenas tres puntos. Al menos, Bruno Thiry volv\u00eda a lograr la tercera posici\u00f3n, mostrando los colores de Repsol en el podio de casa.<\/p>\n\n\n\n<p><iframe loading=\"lazy\" src=\"https:\/\/www.youtube.com\/embed\/OqmWhcBdrNM\" allowfullscreen=\"allowfullscreen\" width=\"560\" height=\"315\" frameborder=\"0\"><\/iframe><\/p>\n\n\n\n<p>Con la temporada 1996 terminada en tercera posici\u00f3n, para Repsol al menos s\u00ed se logr\u00f3 otro Mundial, el de Marcas -junto a Seat- en la Copa del Mundo de 2 litros con el Ibiza Kit Car.<\/p>\n\n\n\n<p>1997 Promet\u00eda un nuevo espect\u00e1culo, con una nueva versi\u00f3n del Ford Escort ya mucho m\u00e1s madura y con Sainz y Repsol de nuevo otorg\u00e1ndonos im\u00e1genes espectaculares y la mayor de las emociones.<\/p>\n","protected":false},"excerpt":{"rendered":"<p>Habiendo logrado el subcampeonato en 1995, con el t\u00edtulo escap\u00e1ndose por los pelos, Carlos Sainz buscaba para 1996 un nuevo equipo. Con la imposibilidad de correr en Toyota debido a una sanci\u00f3n que pesaba sobre ellos, Sainz y Repsol acababan firmando con Ford, marca con la que Carlos Sainz hab\u00eda corrido en sus inicios.<\/p>\n","protected":false},"author":43146,"featured_media":42302,"comment_status":"open","ping_status":"open","sticky":false,"template":"","format":"standard","meta":{"footnotes":""},"categories":[164],"tags":[584,130,158],"class_list":["post-94839","post","type-post","status-publish","format-standard","hentry","category-de-leyenda","tag-legado","tag-otros-eventos-y-competiciones","tag-repsol"],"yoast_head":"<!-- This site is optimized with the Yoast SEO plugin v27.3 - https:\/\/yoast.com\/product\/yoast-seo-wordpress\/ -->\n<title>Mundial de Rallys 1996: Carlos Sainz con el espectacular Ford Escort RS Cosworth Repsol que nunca olvidaremos - Box Repsol<\/title>\n<meta name=\"description\" content=\"Habiendo logrado el subcampeonato en 1995, con el t\u00edtulo escap\u00e1ndose por los pelos, Carlos Sainz buscaba para 1996 un nuevo equipo.\" \/>\n<link rel=\"canonical\" href=\"https:\/\/www.boxrepsol.com\/es\/de-leyenda\/carlos-sainz-1996-wrc-ford-escort-rs-cosworth-repsol\/\" \/>\n<meta property=\"og:locale\" content=\"es_ES\" \/>\n<meta property=\"og:type\" content=\"article\" \/>\n<meta property=\"og:title\" content=\"Mundial de Rallys 1996: Carlos Sainz con el espectacular Ford Escort RS Cosworth Repsol que nunca olvidaremos - Box Repsol\" \/>\n<meta property=\"og:description\" content=\"Habiendo logrado el subcampeonato en 1995, con el t\u00edtulo escap\u00e1ndose por los pelos, Carlos Sainz buscaba para 1996 un nuevo equipo.\" \/>\n<meta property=\"og:url\" content=\"https:\/\/www.boxrepsol.com\/es\/de-leyenda\/carlos-sainz-1996-wrc-ford-escort-rs-cosworth-repsol\/\" \/>\n<meta property=\"og:site_name\" content=\"Box Repsol\" \/>\n<meta property=\"article:publisher\" content=\"https:\/\/www.facebook.com\/BoxRepsol\" \/>\n<meta property=\"article:author\" content=\"https:\/\/www.facebook.com\/BoxRepsol\/\" \/>\n<meta property=\"article:published_time\" content=\"2021-02-26T02:00:00+00:00\" \/>\n<meta property=\"article:modified_time\" content=\"2025-06-27T09:05:07+00:00\" \/>\n<meta property=\"og:image\" content=\"https:\/\/bxrepsol.s3.eu-west-1.amazonaws.com\/static\/2022\/08\/09121749\/1996-Suecia-Sainz-4.jpg\" \/>\n\t<meta property=\"og:image:width\" content=\"1280\" \/>\n\t<meta property=\"og:image:height\" content=\"600\" \/>\n\t<meta property=\"og:image:type\" content=\"image\/jpeg\" \/>\n<meta name=\"author\" content=\"Redacci\u00f3n Box Repsol\" \/>\n<meta name=\"twitter:card\" content=\"summary_large_image\" \/>\n<meta name=\"twitter:creator\" content=\"@https:\/\/twitter.com\/box_repsol\" \/>\n<meta name=\"twitter:site\" content=\"@box_repsol\" \/>\n<meta name=\"twitter:label1\" content=\"Written by\" \/>\n\t<meta name=\"twitter:data1\" content=\"Redacci\u00f3n Box Repsol\" \/>\n\t<meta name=\"twitter:label2\" content=\"Est. reading time\" \/>\n\t<meta name=\"twitter:data2\" content=\"15 minutos\" \/>\n<script type=\"application\/ld+json\" class=\"yoast-schema-graph\">{\"@context\":\"https:\\\/\\\/schema.org\",\"@graph\":[{\"@type\":\"Article\",\"@id\":\"https:\\\/\\\/www.boxrepsol.com\\\/es\\\/de-leyenda\\\/carlos-sainz-1996-wrc-ford-escort-rs-cosworth-repsol\\\/#article\",\"isPartOf\":{\"@id\":\"https:\\\/\\\/www.boxrepsol.com\\\/es\\\/de-leyenda\\\/carlos-sainz-1996-wrc-ford-escort-rs-cosworth-repsol\\\/\"},\"author\":{\"name\":\"Redacci\u00f3n Box Repsol\",\"@id\":\"https:\\\/\\\/www.boxrepsol.com\\\/es\\\/#\\\/schema\\\/person\\\/c5c2138f2cca251b0ad92b7086bb60b7\"},\"headline\":\"Mundial de Rallys 1996: Carlos Sainz con el espectacular Ford Escort RS Cosworth Repsol que nunca olvidaremos\",\"datePublished\":\"2021-02-26T02:00:00+00:00\",\"dateModified\":\"2025-06-27T09:05:07+00:00\",\"mainEntityOfPage\":{\"@id\":\"https:\\\/\\\/www.boxrepsol.com\\\/es\\\/de-leyenda\\\/carlos-sainz-1996-wrc-ford-escort-rs-cosworth-repsol\\\/\"},\"wordCount\":3011,\"commentCount\":0,\"publisher\":{\"@id\":\"https:\\\/\\\/www.boxrepsol.com\\\/es\\\/#organization\"},\"image\":{\"@id\":\"https:\\\/\\\/www.boxrepsol.com\\\/es\\\/de-leyenda\\\/carlos-sainz-1996-wrc-ford-escort-rs-cosworth-repsol\\\/#primaryimage\"},\"thumbnailUrl\":\"https:\\\/\\\/bxrepsol.s3.eu-west-1.amazonaws.com\\\/static\\\/2022\\\/08\\\/09121749\\\/1996-Suecia-Sainz-4.jpg\",\"keywords\":[\"legado\",\"otros eventos y competiciones\",\"Repsol\"],\"articleSection\":[\"De leyenda\"],\"inLanguage\":\"es\",\"potentialAction\":[{\"@type\":\"CommentAction\",\"name\":\"Comment\",\"target\":[\"https:\\\/\\\/www.boxrepsol.com\\\/es\\\/de-leyenda\\\/carlos-sainz-1996-wrc-ford-escort-rs-cosworth-repsol\\\/#respond\"]}]},{\"@type\":\"WebPage\",\"@id\":\"https:\\\/\\\/www.boxrepsol.com\\\/es\\\/de-leyenda\\\/carlos-sainz-1996-wrc-ford-escort-rs-cosworth-repsol\\\/\",\"url\":\"https:\\\/\\\/www.boxrepsol.com\\\/es\\\/de-leyenda\\\/carlos-sainz-1996-wrc-ford-escort-rs-cosworth-repsol\\\/\",\"name\":\"Mundial de Rallys 1996: Carlos Sainz con el espectacular Ford Escort RS Cosworth Repsol que nunca olvidaremos - Box Repsol\",\"isPartOf\":{\"@id\":\"https:\\\/\\\/www.boxrepsol.com\\\/es\\\/#website\"},\"primaryImageOfPage\":{\"@id\":\"https:\\\/\\\/www.boxrepsol.com\\\/es\\\/de-leyenda\\\/carlos-sainz-1996-wrc-ford-escort-rs-cosworth-repsol\\\/#primaryimage\"},\"image\":{\"@id\":\"https:\\\/\\\/www.boxrepsol.com\\\/es\\\/de-leyenda\\\/carlos-sainz-1996-wrc-ford-escort-rs-cosworth-repsol\\\/#primaryimage\"},\"thumbnailUrl\":\"https:\\\/\\\/bxrepsol.s3.eu-west-1.amazonaws.com\\\/static\\\/2022\\\/08\\\/09121749\\\/1996-Suecia-Sainz-4.jpg\",\"datePublished\":\"2021-02-26T02:00:00+00:00\",\"dateModified\":\"2025-06-27T09:05:07+00:00\",\"description\":\"Habiendo logrado el subcampeonato en 1995, con el t\u00edtulo escap\u00e1ndose por los pelos, Carlos Sainz buscaba para 1996 un nuevo equipo.\",\"breadcrumb\":{\"@id\":\"https:\\\/\\\/www.boxrepsol.com\\\/es\\\/de-leyenda\\\/carlos-sainz-1996-wrc-ford-escort-rs-cosworth-repsol\\\/#breadcrumb\"},\"inLanguage\":\"es\",\"potentialAction\":[{\"@type\":\"ReadAction\",\"target\":[\"https:\\\/\\\/www.boxrepsol.com\\\/es\\\/de-leyenda\\\/carlos-sainz-1996-wrc-ford-escort-rs-cosworth-repsol\\\/\"]}]},{\"@type\":\"ImageObject\",\"inLanguage\":\"es\",\"@id\":\"https:\\\/\\\/www.boxrepsol.com\\\/es\\\/de-leyenda\\\/carlos-sainz-1996-wrc-ford-escort-rs-cosworth-repsol\\\/#primaryimage\",\"url\":\"https:\\\/\\\/bxrepsol.s3.eu-west-1.amazonaws.com\\\/static\\\/2022\\\/08\\\/09121749\\\/1996-Suecia-Sainz-4.jpg\",\"contentUrl\":\"https:\\\/\\\/bxrepsol.s3.eu-west-1.amazonaws.com\\\/static\\\/2022\\\/08\\\/09121749\\\/1996-Suecia-Sainz-4.jpg\",\"width\":1280,\"height\":600,\"caption\":\"Carlos Sainz 1996 con el Ford Escort RS Cosworth deslizando en la nieve en el rally de Suecia\"},{\"@type\":\"BreadcrumbList\",\"@id\":\"https:\\\/\\\/www.boxrepsol.com\\\/es\\\/de-leyenda\\\/carlos-sainz-1996-wrc-ford-escort-rs-cosworth-repsol\\\/#breadcrumb\",\"itemListElement\":[{\"@type\":\"ListItem\",\"position\":1,\"name\":\"Home\",\"item\":\"https:\\\/\\\/www.boxrepsol.com\\\/es\\\/\"},{\"@type\":\"ListItem\",\"position\":2,\"name\":\"Mundial de Rallys 1996: Carlos Sainz con el espectacular Ford Escort RS Cosworth Repsol que nunca olvidaremos\"}]},{\"@type\":\"WebSite\",\"@id\":\"https:\\\/\\\/www.boxrepsol.com\\\/es\\\/#website\",\"url\":\"https:\\\/\\\/www.boxrepsol.com\\\/es\\\/\",\"name\":\"Box Repsol\",\"description\":\"Box Repsol Site\",\"publisher\":{\"@id\":\"https:\\\/\\\/www.boxrepsol.com\\\/es\\\/#organization\"},\"potentialAction\":[{\"@type\":\"SearchAction\",\"target\":{\"@type\":\"EntryPoint\",\"urlTemplate\":\"https:\\\/\\\/www.boxrepsol.com\\\/es\\\/?s={search_term_string}\"},\"query-input\":{\"@type\":\"PropertyValueSpecification\",\"valueRequired\":true,\"valueName\":\"search_term_string\"}}],\"inLanguage\":\"es\"},{\"@type\":\"Organization\",\"@id\":\"https:\\\/\\\/www.boxrepsol.com\\\/es\\\/#organization\",\"name\":\"Box Repsol\",\"url\":\"https:\\\/\\\/www.boxrepsol.com\\\/es\\\/\",\"logo\":{\"@type\":\"ImageObject\",\"inLanguage\":\"es\",\"@id\":\"https:\\\/\\\/www.boxrepsol.com\\\/es\\\/#\\\/schema\\\/logo\\\/image\\\/\",\"url\":\"https:\\\/\\\/bxrepsol.s3.eu-west-1.amazonaws.com\\\/static\\\/2025\\\/07\\\/30083337\\\/favicon-96x96-1.png\",\"contentUrl\":\"https:\\\/\\\/bxrepsol.s3.eu-west-1.amazonaws.com\\\/static\\\/2025\\\/07\\\/30083337\\\/favicon-96x96-1.png\",\"width\":96,\"height\":96,\"caption\":\"Box Repsol\"},\"image\":{\"@id\":\"https:\\\/\\\/www.boxrepsol.com\\\/es\\\/#\\\/schema\\\/logo\\\/image\\\/\"},\"sameAs\":[\"https:\\\/\\\/www.facebook.com\\\/BoxRepsol\",\"https:\\\/\\\/x.com\\\/box_repsol\",\"http:\\\/\\\/instagram.com\\\/box_repsol\",\"https:\\\/\\\/www.youtube.com\\\/user\\\/RepsolCompeticion\",\"https:\\\/\\\/www.flickr.com\\\/photos\\\/box_repsol\\\/\"]},{\"@type\":\"Person\",\"@id\":\"https:\\\/\\\/www.boxrepsol.com\\\/es\\\/#\\\/schema\\\/person\\\/c5c2138f2cca251b0ad92b7086bb60b7\",\"name\":\"Redacci\u00f3n Box Repsol\",\"image\":{\"@type\":\"ImageObject\",\"inLanguage\":\"es\",\"@id\":\"https:\\\/\\\/secure.gravatar.com\\\/avatar\\\/adf7b77e38b4419baf32c7e9c21dde01f4e40df611f0978e3006fc4ba0aaab7e?s=96&d=mm&r=g\",\"url\":\"https:\\\/\\\/secure.gravatar.com\\\/avatar\\\/adf7b77e38b4419baf32c7e9c21dde01f4e40df611f0978e3006fc4ba0aaab7e?s=96&d=mm&r=g\",\"contentUrl\":\"https:\\\/\\\/secure.gravatar.com\\\/avatar\\\/adf7b77e38b4419baf32c7e9c21dde01f4e40df611f0978e3006fc4ba0aaab7e?s=96&d=mm&r=g\",\"caption\":\"Redacci\u00f3n Box Repsol\"},\"description\":\"Box Repsol lo forma un equipo de periodistas, community managers, dise\u00f1adores y fot\u00f3grafos con m\u00e1s de 20 a\u00f1os de experiencia en el mundo del motorsport. Hemos vivido el primer mundial de un espa\u00f1ol en la categor\u00eda reina de motociclismo con \u00c1lex Crivill\u00e9, estuvimos en las victorias de Pedrosa y los t\u00edtulos de M\u00e1rquez, acompa\u00f1amos en \u00c1frica a Nani Roma y Marc Coma en sus conquistas del Dakar y hemos vibrado con los t\u00edtulos de Toni Bou en Trial. Adem\u00e1s, en nuestro equipo contamos con expertos en el mundo de las dos y cuatro ruedas tanto de la calle y las carreteras, como de los circuitos. Periodistas que han trabajado en revistas y publicaciones para hacerte llegar desde rutas y consejos de mantenimiento, a curiosidades y trucos de pilotaje.\",\"sameAs\":[\"https:\\\/\\\/www.facebook.com\\\/BoxRepsol\\\/\",\"https:\\\/\\\/www.instagram.com\\\/box_repsol\\\/\",\"https:\\\/\\\/x.com\\\/https:\\\/\\\/twitter.com\\\/box_repsol\",\"https:\\\/\\\/www.youtube.com\\\/@Boxrepsol\"],\"url\":\"https:\\\/\\\/www.boxrepsol.com\\\/es\\\/author\\\/redaccion-box-repsol\\\/\"}]}<\/script>\n<!-- \/ Yoast SEO plugin. -->","yoast_head_json":{"title":"Mundial de Rallys 1996: Carlos Sainz con el espectacular Ford Escort RS Cosworth Repsol que nunca olvidaremos - Box Repsol","description":"Habiendo logrado el subcampeonato en 1995, con el t\u00edtulo escap\u00e1ndose por los pelos, Carlos Sainz buscaba para 1996 un nuevo equipo.","canonical":"https:\/\/www.boxrepsol.com\/es\/de-leyenda\/carlos-sainz-1996-wrc-ford-escort-rs-cosworth-repsol\/","og_locale":"es_ES","og_type":"article","og_title":"Mundial de Rallys 1996: Carlos Sainz con el espectacular Ford Escort RS Cosworth Repsol que nunca olvidaremos - Box Repsol","og_description":"Habiendo logrado el subcampeonato en 1995, con el t\u00edtulo escap\u00e1ndose por los pelos, Carlos Sainz buscaba para 1996 un nuevo equipo.","og_url":"https:\/\/www.boxrepsol.com\/es\/de-leyenda\/carlos-sainz-1996-wrc-ford-escort-rs-cosworth-repsol\/","og_site_name":"Box Repsol","article_publisher":"https:\/\/www.facebook.com\/BoxRepsol","article_author":"https:\/\/www.facebook.com\/BoxRepsol\/","article_published_time":"2021-02-26T02:00:00+00:00","article_modified_time":"2025-06-27T09:05:07+00:00","og_image":[{"width":1280,"height":600,"url":"https:\/\/bxrepsol.s3.eu-west-1.amazonaws.com\/static\/2022\/08\/09121749\/1996-Suecia-Sainz-4.jpg","type":"image\/jpeg"}],"author":"Redacci\u00f3n Box Repsol","twitter_card":"summary_large_image","twitter_creator":"@https:\/\/twitter.com\/box_repsol","twitter_site":"@box_repsol","twitter_misc":{"Written by":"Redacci\u00f3n Box Repsol","Est. reading time":"15 minutos"},"schema":{"@context":"https:\/\/schema.org","@graph":[{"@type":"Article","@id":"https:\/\/www.boxrepsol.com\/es\/de-leyenda\/carlos-sainz-1996-wrc-ford-escort-rs-cosworth-repsol\/#article","isPartOf":{"@id":"https:\/\/www.boxrepsol.com\/es\/de-leyenda\/carlos-sainz-1996-wrc-ford-escort-rs-cosworth-repsol\/"},"author":{"name":"Redacci\u00f3n Box Repsol","@id":"https:\/\/www.boxrepsol.com\/es\/#\/schema\/person\/c5c2138f2cca251b0ad92b7086bb60b7"},"headline":"Mundial de Rallys 1996: Carlos Sainz con el espectacular Ford Escort RS Cosworth Repsol que nunca olvidaremos","datePublished":"2021-02-26T02:00:00+00:00","dateModified":"2025-06-27T09:05:07+00:00","mainEntityOfPage":{"@id":"https:\/\/www.boxrepsol.com\/es\/de-leyenda\/carlos-sainz-1996-wrc-ford-escort-rs-cosworth-repsol\/"},"wordCount":3011,"commentCount":0,"publisher":{"@id":"https:\/\/www.boxrepsol.com\/es\/#organization"},"image":{"@id":"https:\/\/www.boxrepsol.com\/es\/de-leyenda\/carlos-sainz-1996-wrc-ford-escort-rs-cosworth-repsol\/#primaryimage"},"thumbnailUrl":"https:\/\/bxrepsol.s3.eu-west-1.amazonaws.com\/static\/2022\/08\/09121749\/1996-Suecia-Sainz-4.jpg","keywords":["legado","otros eventos y competiciones","Repsol"],"articleSection":["De leyenda"],"inLanguage":"es","potentialAction":[{"@type":"CommentAction","name":"Comment","target":["https:\/\/www.boxrepsol.com\/es\/de-leyenda\/carlos-sainz-1996-wrc-ford-escort-rs-cosworth-repsol\/#respond"]}]},{"@type":"WebPage","@id":"https:\/\/www.boxrepsol.com\/es\/de-leyenda\/carlos-sainz-1996-wrc-ford-escort-rs-cosworth-repsol\/","url":"https:\/\/www.boxrepsol.com\/es\/de-leyenda\/carlos-sainz-1996-wrc-ford-escort-rs-cosworth-repsol\/","name":"Mundial de Rallys 1996: Carlos Sainz con el espectacular Ford Escort RS Cosworth Repsol que nunca olvidaremos - Box Repsol","isPartOf":{"@id":"https:\/\/www.boxrepsol.com\/es\/#website"},"primaryImageOfPage":{"@id":"https:\/\/www.boxrepsol.com\/es\/de-leyenda\/carlos-sainz-1996-wrc-ford-escort-rs-cosworth-repsol\/#primaryimage"},"image":{"@id":"https:\/\/www.boxrepsol.com\/es\/de-leyenda\/carlos-sainz-1996-wrc-ford-escort-rs-cosworth-repsol\/#primaryimage"},"thumbnailUrl":"https:\/\/bxrepsol.s3.eu-west-1.amazonaws.com\/static\/2022\/08\/09121749\/1996-Suecia-Sainz-4.jpg","datePublished":"2021-02-26T02:00:00+00:00","dateModified":"2025-06-27T09:05:07+00:00","description":"Habiendo logrado el subcampeonato en 1995, con el t\u00edtulo escap\u00e1ndose por los pelos, Carlos Sainz buscaba para 1996 un nuevo equipo.","breadcrumb":{"@id":"https:\/\/www.boxrepsol.com\/es\/de-leyenda\/carlos-sainz-1996-wrc-ford-escort-rs-cosworth-repsol\/#breadcrumb"},"inLanguage":"es","potentialAction":[{"@type":"ReadAction","target":["https:\/\/www.boxrepsol.com\/es\/de-leyenda\/carlos-sainz-1996-wrc-ford-escort-rs-cosworth-repsol\/"]}]},{"@type":"ImageObject","inLanguage":"es","@id":"https:\/\/www.boxrepsol.com\/es\/de-leyenda\/carlos-sainz-1996-wrc-ford-escort-rs-cosworth-repsol\/#primaryimage","url":"https:\/\/bxrepsol.s3.eu-west-1.amazonaws.com\/static\/2022\/08\/09121749\/1996-Suecia-Sainz-4.jpg","contentUrl":"https:\/\/bxrepsol.s3.eu-west-1.amazonaws.com\/static\/2022\/08\/09121749\/1996-Suecia-Sainz-4.jpg","width":1280,"height":600,"caption":"Carlos Sainz 1996 con el Ford Escort RS Cosworth deslizando en la nieve en el rally de Suecia"},{"@type":"BreadcrumbList","@id":"https:\/\/www.boxrepsol.com\/es\/de-leyenda\/carlos-sainz-1996-wrc-ford-escort-rs-cosworth-repsol\/#breadcrumb","itemListElement":[{"@type":"ListItem","position":1,"name":"Home","item":"https:\/\/www.boxrepsol.com\/es\/"},{"@type":"ListItem","position":2,"name":"Mundial de Rallys 1996: Carlos Sainz con el espectacular Ford Escort RS Cosworth Repsol que nunca olvidaremos"}]},{"@type":"WebSite","@id":"https:\/\/www.boxrepsol.com\/es\/#website","url":"https:\/\/www.boxrepsol.com\/es\/","name":"Box Repsol","description":"Box Repsol Site","publisher":{"@id":"https:\/\/www.boxrepsol.com\/es\/#organization"},"potentialAction":[{"@type":"SearchAction","target":{"@type":"EntryPoint","urlTemplate":"https:\/\/www.boxrepsol.com\/es\/?s={search_term_string}"},"query-input":{"@type":"PropertyValueSpecification","valueRequired":true,"valueName":"search_term_string"}}],"inLanguage":"es"},{"@type":"Organization","@id":"https:\/\/www.boxrepsol.com\/es\/#organization","name":"Box Repsol","url":"https:\/\/www.boxrepsol.com\/es\/","logo":{"@type":"ImageObject","inLanguage":"es","@id":"https:\/\/www.boxrepsol.com\/es\/#\/schema\/logo\/image\/","url":"https:\/\/bxrepsol.s3.eu-west-1.amazonaws.com\/static\/2025\/07\/30083337\/favicon-96x96-1.png","contentUrl":"https:\/\/bxrepsol.s3.eu-west-1.amazonaws.com\/static\/2025\/07\/30083337\/favicon-96x96-1.png","width":96,"height":96,"caption":"Box Repsol"},"image":{"@id":"https:\/\/www.boxrepsol.com\/es\/#\/schema\/logo\/image\/"},"sameAs":["https:\/\/www.facebook.com\/BoxRepsol","https:\/\/x.com\/box_repsol","http:\/\/instagram.com\/box_repsol","https:\/\/www.youtube.com\/user\/RepsolCompeticion","https:\/\/www.flickr.com\/photos\/box_repsol\/"]},{"@type":"Person","@id":"https:\/\/www.boxrepsol.com\/es\/#\/schema\/person\/c5c2138f2cca251b0ad92b7086bb60b7","name":"Redacci\u00f3n Box Repsol","image":{"@type":"ImageObject","inLanguage":"es","@id":"https:\/\/secure.gravatar.com\/avatar\/adf7b77e38b4419baf32c7e9c21dde01f4e40df611f0978e3006fc4ba0aaab7e?s=96&d=mm&r=g","url":"https:\/\/secure.gravatar.com\/avatar\/adf7b77e38b4419baf32c7e9c21dde01f4e40df611f0978e3006fc4ba0aaab7e?s=96&d=mm&r=g","contentUrl":"https:\/\/secure.gravatar.com\/avatar\/adf7b77e38b4419baf32c7e9c21dde01f4e40df611f0978e3006fc4ba0aaab7e?s=96&d=mm&r=g","caption":"Redacci\u00f3n Box Repsol"},"description":"Box Repsol lo forma un equipo de periodistas, community managers, dise\u00f1adores y fot\u00f3grafos con m\u00e1s de 20 a\u00f1os de experiencia en el mundo del motorsport. Hemos vivido el primer mundial de un espa\u00f1ol en la categor\u00eda reina de motociclismo con \u00c1lex Crivill\u00e9, estuvimos en las victorias de Pedrosa y los t\u00edtulos de M\u00e1rquez, acompa\u00f1amos en \u00c1frica a Nani Roma y Marc Coma en sus conquistas del Dakar y hemos vibrado con los t\u00edtulos de Toni Bou en Trial. Adem\u00e1s, en nuestro equipo contamos con expertos en el mundo de las dos y cuatro ruedas tanto de la calle y las carreteras, como de los circuitos. Periodistas que han trabajado en revistas y publicaciones para hacerte llegar desde rutas y consejos de mantenimiento, a curiosidades y trucos de pilotaje.","sameAs":["https:\/\/www.facebook.com\/BoxRepsol\/","https:\/\/www.instagram.com\/box_repsol\/","https:\/\/x.com\/https:\/\/twitter.com\/box_repsol","https:\/\/www.youtube.com\/@Boxrepsol"],"url":"https:\/\/www.boxrepsol.com\/es\/author\/redaccion-box-repsol\/"}]}},"_links":{"self":[{"href":"https:\/\/www.boxrepsol.com\/es\/wp-json\/wp\/v2\/posts\/94839","targetHints":{"allow":["GET"]}}],"collection":[{"href":"https:\/\/www.boxrepsol.com\/es\/wp-json\/wp\/v2\/posts"}],"about":[{"href":"https:\/\/www.boxrepsol.com\/es\/wp-json\/wp\/v2\/types\/post"}],"author":[{"embeddable":true,"href":"https:\/\/www.boxrepsol.com\/es\/wp-json\/wp\/v2\/users\/43146"}],"replies":[{"embeddable":true,"href":"https:\/\/www.boxrepsol.com\/es\/wp-json\/wp\/v2\/comments?post=94839"}],"version-history":[{"count":7,"href":"https:\/\/www.boxrepsol.com\/es\/wp-json\/wp\/v2\/posts\/94839\/revisions"}],"predecessor-version":[{"id":113936,"href":"https:\/\/www.boxrepsol.com\/es\/wp-json\/wp\/v2\/posts\/94839\/revisions\/113936"}],"wp:featuredmedia":[{"embeddable":true,"href":"https:\/\/www.boxrepsol.com\/es\/wp-json\/wp\/v2\/media\/42302"}],"wp:attachment":[{"href":"https:\/\/www.boxrepsol.com\/es\/wp-json\/wp\/v2\/media?parent=94839"}],"wp:term":[{"taxonomy":"category","embeddable":true,"href":"https:\/\/www.boxrepsol.com\/es\/wp-json\/wp\/v2\/categories?post=94839"},{"taxonomy":"post_tag","embeddable":true,"href":"https:\/\/www.boxrepsol.com\/es\/wp-json\/wp\/v2\/tags?post=94839"}],"curies":[{"name":"wp","href":"https:\/\/api.w.org\/{rel}","templated":true}]}}