{"id":94819,"date":"2021-01-18T00:00:00","date_gmt":"2021-01-18T02:00:00","guid":{"rendered":"http:\/\/pre.boxrepsol.com\/sin-categorizar\/dakar-2021-isidre-esteve-vuelve-del-dakar\/"},"modified":"2024-04-18T06:50:25","modified_gmt":"2024-04-18T08:50:25","slug":"dakar-2021-isidre-esteve-vuelve-del-dakar","status":"publish","type":"post","link":"https:\/\/www.boxrepsol.com\/es\/rally\/dakar-2021-isidre-esteve-vuelve-del-dakar\/","title":{"rendered":"Dakar 2021: Isidre Esteve vuelve del Dakar muy satisfecho con su progresi\u00f3n"},"content":{"rendered":"<p>\u201cEstamos muy contentos de volver a casa con el objetivo conseguido de acabar el Dakar\u201d.<\/p>\n<p>\u201cEl reto era ser competitivos y lo hemos sido, aunque no todo lo que quer\u00edamos pero el deporte es as\u00ed. Algunas etapas hemos rodado dentro de los 15 primeros, con parciales muy buenos, y otros d\u00edas, en cambio, hemos tenido problemas, pero eso es normal en esta carrera\u201d.<\/p>\n<p>\u201cMe ha gustado mucho el recorrido y las novedades de este a\u00f1o porque la navegaci\u00f3n ha vuelto a cobrar la importancia que necesitaba para recuperar el esp\u00edritu de esta carrera\u201d.<\/p>\n<p>                <!-- Imagen relacionada --><br \/>\n        <img loading=\"lazy\" decoding=\"async\" width=\"404\" height=\"336\" src=\"https:\/\/bxrepsol.s3.eu-west-1.amazonaws.com\/static\/2022\/08\/09121513\/Dakar-2021-Isidre-Esteve-llegada-2.jpg\" alt=\"Isidre Esteve junto a su equipo y Toyota Hilux celebrando la llegada en el Dakar 2021 d\u00eda 12\" \/><br \/>\n                <!-- Categor\u00eda --><br \/>\n            Rally<br \/>\n        <!-- T\u00edtulo --><br \/>\n        <a href=\"https:\/\/www.boxrepsol.com\/es\/rally\/dakar-2021-dia-12-isidre-esteve-contento-competitivo\/\"><\/p>\n<h3>Dakar 2021 d\u00eda 12: Isidre Esteve acaba contento por ser m\u00e1s competitiv&#8230;<\/h3>\n<p>        <\/a><br \/>\n                    <!-- Fecha --><br \/>\n            hace 1 hora        <\/p>\n<p>Isidre Esteve ya est\u00e1 en casa, despu\u00e9s de finalizar con \u00e9xito el Dakar 2021. El piloto ilerdense ha aterrizado esta tarde en el aeropuerto de Barcelona, acompa\u00f1ado por el resto de miembros del Repsol Rally Team. Todos ellos han regresado con la satisfacci\u00f3n de haber realizado un gran trabajo que les ha permitido ser m\u00e1s competitivos que nunca en una de las ediciones de mayor nivel.<\/p>\n<p>Isidre Esteve ha volado a Espa\u00f1a en un ch\u00e1rter fletado por la organizaci\u00f3n del Dakar. Le acompa\u00f1aban su copiloto Txema Villalobos, la preparadora f\u00edsica Lidia Guerrero y los mec\u00e1nicos David Pigem, Carles M\u00e9ndez y Albert Soler. Todos ellos reflejaban en su rostro el cansancio acumulado tras dos intensas semanas de carrera, pero tambi\u00e9n la felicidad por haber realizado un gran papel con el nuevo Toyota Hilux Overdrive.<\/p>\n<p><a href=\"https:\/\/bxrepsol.s3.eu-west-1.amazonaws.com\/static\/2022\/08\/09121601\/Dakar-2021-Regreso-Isidre-Esteve-3-2.jpg\" \n   title=\"Isidre Esteve a su Regreso del Dakar 2021 con Txema Villalobos\" \n   data-gallery-thumbnail=\"https:\/\/bxrepsol.s3.eu-west-1.amazonaws.com\/static\/2022\/08\/09121601\/Dakar-2021-Regreso-Isidre-Esteve-3-2.jpg\"\n   data-gallery-title=\"\"\n   data-gallery><\/p>\n<figure>\n        <picture style=\"padding-bottom: 56.25%; background-image: url(https:\/\/bxrepsol.s3.eu-west-1.amazonaws.com\/static\/2022\/08\/09121601\/Dakar-2021-Regreso-Isidre-Esteve-3-2.jpg);\">\n            <img decoding=\"async\" src=\"https:\/\/bxrepsol.s3.eu-west-1.amazonaws.com\/static\/2022\/08\/09121601\/Dakar-2021-Regreso-Isidre-Esteve-3-2.jpg\"><br \/>\n            <img itemprop=\"image\"\n                data-srcset=\"https:\/\/bxrepsol.s3.eu-west-1.amazonaws.com\/static\/2022\/08\/09121601\/Dakar-2021-Regreso-Isidre-Esteve-3-2.jpg 480w, https:\/\/bxrepsol.s3.eu-west-1.amazonaws.com\/static\/2022\/08\/09121601\/Dakar-2021-Regreso-Isidre-Esteve-3-2.jpg 600w, https:\/\/bxrepsol.s3.eu-west-1.amazonaws.com\/static\/2022\/08\/09121601\/Dakar-2021-Regreso-Isidre-Esteve-3-2.jpg 900w, https:\/\/bxrepsol.s3.eu-west-1.amazonaws.com\/static\/2022\/08\/09121601\/Dakar-2021-Regreso-Isidre-Esteve-3-2.jpg 1280w\"\n                data-src=\"https:\/\/bxrepsol.s3.eu-west-1.amazonaws.com\/static\/2022\/08\/09121601\/Dakar-2021-Regreso-Isidre-Esteve-3-2.jpg\"\n                alt=\"Isidre Esteve a su Regreso del Dakar 2021 con Txema Villalobos\"\n                title=\"Dakar-2021-Regreso-Isidre-Esteve-3\"\/><br \/>\n            <noscript><img decoding=\"async\" src=\"https:\/\/bxrepsol.s3.eu-west-1.amazonaws.com\/static\/2022\/08\/09121601\/Dakar-2021-Regreso-Isidre-Esteve-3-2.jpg\" alt=\"Isidre Esteve a su Regreso del Dakar 2021 con Txema Villalobos\"><\/noscript>\n        <\/picture><figcaption>Isidre Esteve a su Regreso del Dakar 2021 con Txema Villalobos<\/figcaption><\/figure>\n<p><\/a><\/p>\n<p>\u201cEstamos muy contentos de volver a casa con el objetivo conseguido de acabar el Dakar. Seguro que pod\u00edamos haberlo hecho un poco mejor pero esta carrera es muy complicada y no todos los d\u00edas son buenos. Lo importante es que hemos sido muy competitivos varias etapas, aunque la segunda semana nos ha costado un poco. Pero estamos muy contentos porque sabemos los aspectos a mejorar en el futuro\u201d, explicaba Isidre Esteve.<\/p>\n<p>\u201cMe ha gustado mucho el recorrido de este a\u00f1o; ha sido duro y complicado, porque la navegaci\u00f3n ha vuelto a cobrar la importancia que necesitaba, con el roadbook digital que se entregaba 10 minutos antes. Todo eso ha dificultado mucho la navegaci\u00f3n, pero hay que adaptarse porque \u00e9se es el camino. Hab\u00eda llegado un momento en el que algunos equipos ten\u00edan mucha informaci\u00f3n extra cada d\u00eda y que solo se corr\u00eda. Este a\u00f1o, por primera vez, hemos visto que los de delante tambi\u00e9n se pierden y eso es muy importante para recuperar el esp\u00edritu de esta carrera\u201d, afirmaba el piloto de Repsol, MGS Seguros, KH-7 y Toyota Espa\u00f1a.<\/p>\n<p>A nivel personal, la gran novedad en este Dakar 2021 ha sido el estreno del Toyota Hilux Overdrive con el que el ilerdense ha quedado muy complacido: \u201cLa Hilux ha funcionado incre\u00edble y nos ha hecho disfrutar del pilotaje. Los t\u00e9cnicos de Overdrive y los mec\u00e1nicos del Repsol Rally Team han realizado un gran trabajo con el coche; Txema Villalobos ha mejorado mucho en la navegaci\u00f3n y Lidia Guerrero ha estado incre\u00edble. Estoy muy contento con todo el equipo que ha dado un gran paso adelante\u201d.<\/p>\n<p><a href=\"https:\/\/bxrepsol.s3.eu-west-1.amazonaws.com\/static\/2022\/08\/09121603\/Dakar-2021-Regreso-Isidre-Esteve-2-2.jpg\" \n   title=\"Isidre Esteve a su Regreso del Dakar 2021 con su equipo\" \n   data-gallery-thumbnail=\"https:\/\/bxrepsol.s3.eu-west-1.amazonaws.com\/static\/2022\/08\/09121603\/Dakar-2021-Regreso-Isidre-Esteve-2-2.jpg\"\n   data-gallery-title=\"\"\n   data-gallery><\/p>\n<figure>\n        <picture style=\"padding-bottom: 56.25%; background-image: url(https:\/\/bxrepsol.s3.eu-west-1.amazonaws.com\/static\/2022\/08\/09121603\/Dakar-2021-Regreso-Isidre-Esteve-2-2.jpg);\">\n            <img decoding=\"async\" src=\"https:\/\/bxrepsol.s3.eu-west-1.amazonaws.com\/static\/2022\/08\/09121603\/Dakar-2021-Regreso-Isidre-Esteve-2-2.jpg\"><br \/>\n            <img itemprop=\"image\"\n                data-srcset=\"https:\/\/bxrepsol.s3.eu-west-1.amazonaws.com\/static\/2022\/08\/09121603\/Dakar-2021-Regreso-Isidre-Esteve-2-2.jpg 480w, https:\/\/bxrepsol.s3.eu-west-1.amazonaws.com\/static\/2022\/08\/09121603\/Dakar-2021-Regreso-Isidre-Esteve-2-2.jpg 600w, https:\/\/bxrepsol.s3.eu-west-1.amazonaws.com\/static\/2022\/08\/09121603\/Dakar-2021-Regreso-Isidre-Esteve-2-2.jpg 900w, https:\/\/bxrepsol.s3.eu-west-1.amazonaws.com\/static\/2022\/08\/09121603\/Dakar-2021-Regreso-Isidre-Esteve-2-2.jpg 1280w\"\n                data-src=\"https:\/\/bxrepsol.s3.eu-west-1.amazonaws.com\/static\/2022\/08\/09121603\/Dakar-2021-Regreso-Isidre-Esteve-2-2.jpg\"\n                alt=\"Isidre Esteve a su Regreso del Dakar 2021 con su equipo\"\n                title=\"Dakar-2021-Regreso-Isidre-Esteve-2\"\/><br \/>\n            <noscript><img decoding=\"async\" src=\"https:\/\/bxrepsol.s3.eu-west-1.amazonaws.com\/static\/2022\/08\/09121603\/Dakar-2021-Regreso-Isidre-Esteve-2-2.jpg\" alt=\"Isidre Esteve a su Regreso del Dakar 2021 con su equipo\"><\/noscript>\n        <\/picture><figcaption>Isidre Esteve a su Regreso del Dakar 2021 con su equipo<\/figcaption><\/figure>\n<p><\/a><\/p>\n<p>\u201cEl objetivo era ser competitivos y lo hemos sido, aunque no todo lo que quer\u00edamos pero el deporte es as\u00ed. Algunas etapas hemos rodado dentro de los 15 primeros, con parciales muy buenos, y otros d\u00edas, en cambio, hemos tenido problemas, pero eso es normal en el Dakar\u201d, recordaba Isidre Esteve que ha concluido en 28\u00ba lugar de la general, retrasado por un problema t\u00e9cnico en la pen\u00faltima especial.<\/p>\n<p>El piloto del Repsol Rally Team, todo un ejemplo de superaci\u00f3n, ya hablaba en clave de futuro: \u201cEs inevitable pensar en nuestra pr\u00f3xima participaci\u00f3n y en el avi\u00f3n ya lo ven\u00edamos hablando con mis compa\u00f1eros de equipo. Creo que eso es bueno porque quiere decir que ya tenemos en mente mejorar en el Dakar 2022\u201d.<\/p>\n","protected":false},"excerpt":{"rendered":"<p>El ilerdense ha regresado este s\u00e1bado a Barcelona, junto al resto de compa\u00f1eros del Repsol Rally Team.<\/p>\n","protected":false},"author":43146,"featured_media":42120,"comment_status":"open","ping_status":"open","sticky":false,"template":"","format":"standard","meta":{"footnotes":""},"categories":[27],"tags":[194,201,29,183],"class_list":["post-94819","post","type-post","status-publish","format-standard","hentry","category-rally","tag-194","tag-dakar","tag-isidre-esteve","tag-repsol-rally-team"],"yoast_head":"<!-- This site is optimized with the Yoast SEO plugin v27.3 - https:\/\/yoast.com\/product\/yoast-seo-wordpress\/ -->\n<title>Dakar 2021: Isidre Esteve vuelve del Dakar muy satisfecho con su progresi\u00f3n - Box Repsol<\/title>\n<meta name=\"description\" content=\"El ilerdense ha regresado muy contento este s\u00e1bado a Barcelona, junto al resto de compa\u00f1eros del Repsol Rally Team tras acabar 28\u00ba en esta edici\u00f3n.\" \/>\n<link rel=\"canonical\" href=\"https:\/\/www.boxrepsol.com\/es\/rally\/dakar-2021-isidre-esteve-vuelve-del-dakar\/\" \/>\n<meta property=\"og:locale\" content=\"es_ES\" \/>\n<meta property=\"og:type\" content=\"article\" \/>\n<meta property=\"og:title\" content=\"Dakar 2021: Isidre Esteve vuelve del Dakar muy satisfecho con su progresi\u00f3n - Box Repsol\" \/>\n<meta property=\"og:description\" content=\"El ilerdense ha regresado muy contento este s\u00e1bado a Barcelona, junto al resto de compa\u00f1eros del Repsol Rally Team tras acabar 28\u00ba en esta edici\u00f3n.\" \/>\n<meta property=\"og:url\" content=\"https:\/\/www.boxrepsol.com\/es\/rally\/dakar-2021-isidre-esteve-vuelve-del-dakar\/\" \/>\n<meta property=\"og:site_name\" content=\"Box Repsol\" \/>\n<meta property=\"article:publisher\" content=\"https:\/\/www.facebook.com\/BoxRepsol\" \/>\n<meta property=\"article:author\" content=\"https:\/\/www.facebook.com\/BoxRepsol\/\" \/>\n<meta property=\"article:published_time\" content=\"2021-01-18T02:00:00+00:00\" \/>\n<meta property=\"article:modified_time\" content=\"2024-04-18T08:50:25+00:00\" \/>\n<meta property=\"og:image\" content=\"https:\/\/bxrepsol.s3.eu-west-1.amazonaws.com\/static\/2022\/08\/09121604\/Dakar-2021-Regreso-Isidre-Esteve-1-3.jpg\" \/>\n\t<meta property=\"og:image:width\" content=\"1280\" \/>\n\t<meta property=\"og:image:height\" content=\"720\" \/>\n\t<meta property=\"og:image:type\" content=\"image\/jpeg\" \/>\n<meta name=\"author\" content=\"Redacci\u00f3n Box Repsol\" \/>\n<meta name=\"twitter:card\" content=\"summary_large_image\" \/>\n<meta name=\"twitter:creator\" content=\"@https:\/\/twitter.com\/box_repsol\" \/>\n<meta name=\"twitter:site\" content=\"@box_repsol\" \/>\n<meta name=\"twitter:label1\" content=\"Written by\" \/>\n\t<meta name=\"twitter:data1\" content=\"Redacci\u00f3n Box Repsol\" \/>\n\t<meta name=\"twitter:label2\" content=\"Est. reading time\" \/>\n\t<meta name=\"twitter:data2\" content=\"3 minutos\" \/>\n<script type=\"application\/ld+json\" class=\"yoast-schema-graph\">{\"@context\":\"https:\\\/\\\/schema.org\",\"@graph\":[{\"@type\":\"Article\",\"@id\":\"https:\\\/\\\/www.boxrepsol.com\\\/es\\\/rally\\\/dakar-2021-isidre-esteve-vuelve-del-dakar\\\/#article\",\"isPartOf\":{\"@id\":\"https:\\\/\\\/www.boxrepsol.com\\\/es\\\/rally\\\/dakar-2021-isidre-esteve-vuelve-del-dakar\\\/\"},\"author\":{\"name\":\"Redacci\u00f3n Box Repsol\",\"@id\":\"https:\\\/\\\/www.boxrepsol.com\\\/es\\\/#\\\/schema\\\/person\\\/c5c2138f2cca251b0ad92b7086bb60b7\"},\"headline\":\"Dakar 2021: Isidre Esteve vuelve del Dakar muy satisfecho con su progresi\u00f3n\",\"datePublished\":\"2021-01-18T02:00:00+00:00\",\"dateModified\":\"2024-04-18T08:50:25+00:00\",\"mainEntityOfPage\":{\"@id\":\"https:\\\/\\\/www.boxrepsol.com\\\/es\\\/rally\\\/dakar-2021-isidre-esteve-vuelve-del-dakar\\\/\"},\"wordCount\":701,\"commentCount\":0,\"publisher\":{\"@id\":\"https:\\\/\\\/www.boxrepsol.com\\\/es\\\/#organization\"},\"image\":{\"@id\":\"https:\\\/\\\/www.boxrepsol.com\\\/es\\\/rally\\\/dakar-2021-isidre-esteve-vuelve-del-dakar\\\/#primaryimage\"},\"thumbnailUrl\":\"https:\\\/\\\/bxrepsol.s3.eu-west-1.amazonaws.com\\\/static\\\/2022\\\/08\\\/09121604\\\/Dakar-2021-Regreso-Isidre-Esteve-1-3.jpg\",\"keywords\":[\"2021\",\"Dakar\",\"Isidre Esteve\",\"Repsol Rally Team\"],\"articleSection\":[\"Rally\"],\"inLanguage\":\"es\",\"potentialAction\":[{\"@type\":\"CommentAction\",\"name\":\"Comment\",\"target\":[\"https:\\\/\\\/www.boxrepsol.com\\\/es\\\/rally\\\/dakar-2021-isidre-esteve-vuelve-del-dakar\\\/#respond\"]}]},{\"@type\":\"WebPage\",\"@id\":\"https:\\\/\\\/www.boxrepsol.com\\\/es\\\/rally\\\/dakar-2021-isidre-esteve-vuelve-del-dakar\\\/\",\"url\":\"https:\\\/\\\/www.boxrepsol.com\\\/es\\\/rally\\\/dakar-2021-isidre-esteve-vuelve-del-dakar\\\/\",\"name\":\"Dakar 2021: Isidre Esteve vuelve del Dakar muy satisfecho con su progresi\u00f3n - Box Repsol\",\"isPartOf\":{\"@id\":\"https:\\\/\\\/www.boxrepsol.com\\\/es\\\/#website\"},\"primaryImageOfPage\":{\"@id\":\"https:\\\/\\\/www.boxrepsol.com\\\/es\\\/rally\\\/dakar-2021-isidre-esteve-vuelve-del-dakar\\\/#primaryimage\"},\"image\":{\"@id\":\"https:\\\/\\\/www.boxrepsol.com\\\/es\\\/rally\\\/dakar-2021-isidre-esteve-vuelve-del-dakar\\\/#primaryimage\"},\"thumbnailUrl\":\"https:\\\/\\\/bxrepsol.s3.eu-west-1.amazonaws.com\\\/static\\\/2022\\\/08\\\/09121604\\\/Dakar-2021-Regreso-Isidre-Esteve-1-3.jpg\",\"datePublished\":\"2021-01-18T02:00:00+00:00\",\"dateModified\":\"2024-04-18T08:50:25+00:00\",\"description\":\"El ilerdense ha regresado muy contento este s\u00e1bado a Barcelona, junto al resto de compa\u00f1eros del Repsol Rally Team tras acabar 28\u00ba en esta edici\u00f3n.\",\"breadcrumb\":{\"@id\":\"https:\\\/\\\/www.boxrepsol.com\\\/es\\\/rally\\\/dakar-2021-isidre-esteve-vuelve-del-dakar\\\/#breadcrumb\"},\"inLanguage\":\"es\",\"potentialAction\":[{\"@type\":\"ReadAction\",\"target\":[\"https:\\\/\\\/www.boxrepsol.com\\\/es\\\/rally\\\/dakar-2021-isidre-esteve-vuelve-del-dakar\\\/\"]}]},{\"@type\":\"ImageObject\",\"inLanguage\":\"es\",\"@id\":\"https:\\\/\\\/www.boxrepsol.com\\\/es\\\/rally\\\/dakar-2021-isidre-esteve-vuelve-del-dakar\\\/#primaryimage\",\"url\":\"https:\\\/\\\/bxrepsol.s3.eu-west-1.amazonaws.com\\\/static\\\/2022\\\/08\\\/09121604\\\/Dakar-2021-Regreso-Isidre-Esteve-1-3.jpg\",\"contentUrl\":\"https:\\\/\\\/bxrepsol.s3.eu-west-1.amazonaws.com\\\/static\\\/2022\\\/08\\\/09121604\\\/Dakar-2021-Regreso-Isidre-Esteve-1-3.jpg\",\"width\":1280,\"height\":720,\"caption\":\"Isidre Esteve a su Regreso del Dakar 2021\"},{\"@type\":\"BreadcrumbList\",\"@id\":\"https:\\\/\\\/www.boxrepsol.com\\\/es\\\/rally\\\/dakar-2021-isidre-esteve-vuelve-del-dakar\\\/#breadcrumb\",\"itemListElement\":[{\"@type\":\"ListItem\",\"position\":1,\"name\":\"Home\",\"item\":\"https:\\\/\\\/www.boxrepsol.com\\\/es\\\/\"},{\"@type\":\"ListItem\",\"position\":2,\"name\":\"Dakar 2021: Isidre Esteve vuelve del Dakar muy satisfecho con su progresi\u00f3n\"}]},{\"@type\":\"WebSite\",\"@id\":\"https:\\\/\\\/www.boxrepsol.com\\\/es\\\/#website\",\"url\":\"https:\\\/\\\/www.boxrepsol.com\\\/es\\\/\",\"name\":\"Box Repsol\",\"description\":\"Box Repsol Site\",\"publisher\":{\"@id\":\"https:\\\/\\\/www.boxrepsol.com\\\/es\\\/#organization\"},\"potentialAction\":[{\"@type\":\"SearchAction\",\"target\":{\"@type\":\"EntryPoint\",\"urlTemplate\":\"https:\\\/\\\/www.boxrepsol.com\\\/es\\\/?s={search_term_string}\"},\"query-input\":{\"@type\":\"PropertyValueSpecification\",\"valueRequired\":true,\"valueName\":\"search_term_string\"}}],\"inLanguage\":\"es\"},{\"@type\":\"Organization\",\"@id\":\"https:\\\/\\\/www.boxrepsol.com\\\/es\\\/#organization\",\"name\":\"Box Repsol\",\"url\":\"https:\\\/\\\/www.boxrepsol.com\\\/es\\\/\",\"logo\":{\"@type\":\"ImageObject\",\"inLanguage\":\"es\",\"@id\":\"https:\\\/\\\/www.boxrepsol.com\\\/es\\\/#\\\/schema\\\/logo\\\/image\\\/\",\"url\":\"https:\\\/\\\/bxrepsol.s3.eu-west-1.amazonaws.com\\\/static\\\/2025\\\/07\\\/30083337\\\/favicon-96x96-1.png\",\"contentUrl\":\"https:\\\/\\\/bxrepsol.s3.eu-west-1.amazonaws.com\\\/static\\\/2025\\\/07\\\/30083337\\\/favicon-96x96-1.png\",\"width\":96,\"height\":96,\"caption\":\"Box Repsol\"},\"image\":{\"@id\":\"https:\\\/\\\/www.boxrepsol.com\\\/es\\\/#\\\/schema\\\/logo\\\/image\\\/\"},\"sameAs\":[\"https:\\\/\\\/www.facebook.com\\\/BoxRepsol\",\"https:\\\/\\\/x.com\\\/box_repsol\",\"http:\\\/\\\/instagram.com\\\/box_repsol\",\"https:\\\/\\\/www.youtube.com\\\/user\\\/RepsolCompeticion\",\"https:\\\/\\\/www.flickr.com\\\/photos\\\/box_repsol\\\/\"]},{\"@type\":\"Person\",\"@id\":\"https:\\\/\\\/www.boxrepsol.com\\\/es\\\/#\\\/schema\\\/person\\\/c5c2138f2cca251b0ad92b7086bb60b7\",\"name\":\"Redacci\u00f3n Box Repsol\",\"image\":{\"@type\":\"ImageObject\",\"inLanguage\":\"es\",\"@id\":\"https:\\\/\\\/secure.gravatar.com\\\/avatar\\\/adf7b77e38b4419baf32c7e9c21dde01f4e40df611f0978e3006fc4ba0aaab7e?s=96&d=mm&r=g\",\"url\":\"https:\\\/\\\/secure.gravatar.com\\\/avatar\\\/adf7b77e38b4419baf32c7e9c21dde01f4e40df611f0978e3006fc4ba0aaab7e?s=96&d=mm&r=g\",\"contentUrl\":\"https:\\\/\\\/secure.gravatar.com\\\/avatar\\\/adf7b77e38b4419baf32c7e9c21dde01f4e40df611f0978e3006fc4ba0aaab7e?s=96&d=mm&r=g\",\"caption\":\"Redacci\u00f3n Box Repsol\"},\"description\":\"Box Repsol lo forma un equipo de periodistas, community managers, dise\u00f1adores y fot\u00f3grafos con m\u00e1s de 20 a\u00f1os de experiencia en el mundo del motorsport. Hemos vivido el primer mundial de un espa\u00f1ol en la categor\u00eda reina de motociclismo con \u00c1lex Crivill\u00e9, estuvimos en las victorias de Pedrosa y los t\u00edtulos de M\u00e1rquez, acompa\u00f1amos en \u00c1frica a Nani Roma y Marc Coma en sus conquistas del Dakar y hemos vibrado con los t\u00edtulos de Toni Bou en Trial. Adem\u00e1s, en nuestro equipo contamos con expertos en el mundo de las dos y cuatro ruedas tanto de la calle y las carreteras, como de los circuitos. Periodistas que han trabajado en revistas y publicaciones para hacerte llegar desde rutas y consejos de mantenimiento, a curiosidades y trucos de pilotaje.\",\"sameAs\":[\"https:\\\/\\\/www.facebook.com\\\/BoxRepsol\\\/\",\"https:\\\/\\\/www.instagram.com\\\/box_repsol\\\/\",\"https:\\\/\\\/x.com\\\/https:\\\/\\\/twitter.com\\\/box_repsol\",\"https:\\\/\\\/www.youtube.com\\\/@Boxrepsol\"],\"url\":\"https:\\\/\\\/www.boxrepsol.com\\\/es\\\/author\\\/redaccion-box-repsol\\\/\"}]}<\/script>\n<!-- \/ Yoast SEO plugin. -->","yoast_head_json":{"title":"Dakar 2021: Isidre Esteve vuelve del Dakar muy satisfecho con su progresi\u00f3n - Box Repsol","description":"El ilerdense ha regresado muy contento este s\u00e1bado a Barcelona, junto al resto de compa\u00f1eros del Repsol Rally Team tras acabar 28\u00ba en esta edici\u00f3n.","canonical":"https:\/\/www.boxrepsol.com\/es\/rally\/dakar-2021-isidre-esteve-vuelve-del-dakar\/","og_locale":"es_ES","og_type":"article","og_title":"Dakar 2021: Isidre Esteve vuelve del Dakar muy satisfecho con su progresi\u00f3n - Box Repsol","og_description":"El ilerdense ha regresado muy contento este s\u00e1bado a Barcelona, junto al resto de compa\u00f1eros del Repsol Rally Team tras acabar 28\u00ba en esta edici\u00f3n.","og_url":"https:\/\/www.boxrepsol.com\/es\/rally\/dakar-2021-isidre-esteve-vuelve-del-dakar\/","og_site_name":"Box Repsol","article_publisher":"https:\/\/www.facebook.com\/BoxRepsol","article_author":"https:\/\/www.facebook.com\/BoxRepsol\/","article_published_time":"2021-01-18T02:00:00+00:00","article_modified_time":"2024-04-18T08:50:25+00:00","og_image":[{"width":1280,"height":720,"url":"https:\/\/bxrepsol.s3.eu-west-1.amazonaws.com\/static\/2022\/08\/09121604\/Dakar-2021-Regreso-Isidre-Esteve-1-3.jpg","type":"image\/jpeg"}],"author":"Redacci\u00f3n Box Repsol","twitter_card":"summary_large_image","twitter_creator":"@https:\/\/twitter.com\/box_repsol","twitter_site":"@box_repsol","twitter_misc":{"Written by":"Redacci\u00f3n Box Repsol","Est. reading time":"3 minutos"},"schema":{"@context":"https:\/\/schema.org","@graph":[{"@type":"Article","@id":"https:\/\/www.boxrepsol.com\/es\/rally\/dakar-2021-isidre-esteve-vuelve-del-dakar\/#article","isPartOf":{"@id":"https:\/\/www.boxrepsol.com\/es\/rally\/dakar-2021-isidre-esteve-vuelve-del-dakar\/"},"author":{"name":"Redacci\u00f3n Box Repsol","@id":"https:\/\/www.boxrepsol.com\/es\/#\/schema\/person\/c5c2138f2cca251b0ad92b7086bb60b7"},"headline":"Dakar 2021: Isidre Esteve vuelve del Dakar muy satisfecho con su progresi\u00f3n","datePublished":"2021-01-18T02:00:00+00:00","dateModified":"2024-04-18T08:50:25+00:00","mainEntityOfPage":{"@id":"https:\/\/www.boxrepsol.com\/es\/rally\/dakar-2021-isidre-esteve-vuelve-del-dakar\/"},"wordCount":701,"commentCount":0,"publisher":{"@id":"https:\/\/www.boxrepsol.com\/es\/#organization"},"image":{"@id":"https:\/\/www.boxrepsol.com\/es\/rally\/dakar-2021-isidre-esteve-vuelve-del-dakar\/#primaryimage"},"thumbnailUrl":"https:\/\/bxrepsol.s3.eu-west-1.amazonaws.com\/static\/2022\/08\/09121604\/Dakar-2021-Regreso-Isidre-Esteve-1-3.jpg","keywords":["2021","Dakar","Isidre Esteve","Repsol Rally Team"],"articleSection":["Rally"],"inLanguage":"es","potentialAction":[{"@type":"CommentAction","name":"Comment","target":["https:\/\/www.boxrepsol.com\/es\/rally\/dakar-2021-isidre-esteve-vuelve-del-dakar\/#respond"]}]},{"@type":"WebPage","@id":"https:\/\/www.boxrepsol.com\/es\/rally\/dakar-2021-isidre-esteve-vuelve-del-dakar\/","url":"https:\/\/www.boxrepsol.com\/es\/rally\/dakar-2021-isidre-esteve-vuelve-del-dakar\/","name":"Dakar 2021: Isidre Esteve vuelve del Dakar muy satisfecho con su progresi\u00f3n - Box Repsol","isPartOf":{"@id":"https:\/\/www.boxrepsol.com\/es\/#website"},"primaryImageOfPage":{"@id":"https:\/\/www.boxrepsol.com\/es\/rally\/dakar-2021-isidre-esteve-vuelve-del-dakar\/#primaryimage"},"image":{"@id":"https:\/\/www.boxrepsol.com\/es\/rally\/dakar-2021-isidre-esteve-vuelve-del-dakar\/#primaryimage"},"thumbnailUrl":"https:\/\/bxrepsol.s3.eu-west-1.amazonaws.com\/static\/2022\/08\/09121604\/Dakar-2021-Regreso-Isidre-Esteve-1-3.jpg","datePublished":"2021-01-18T02:00:00+00:00","dateModified":"2024-04-18T08:50:25+00:00","description":"El ilerdense ha regresado muy contento este s\u00e1bado a Barcelona, junto al resto de compa\u00f1eros del Repsol Rally Team tras acabar 28\u00ba en esta edici\u00f3n.","breadcrumb":{"@id":"https:\/\/www.boxrepsol.com\/es\/rally\/dakar-2021-isidre-esteve-vuelve-del-dakar\/#breadcrumb"},"inLanguage":"es","potentialAction":[{"@type":"ReadAction","target":["https:\/\/www.boxrepsol.com\/es\/rally\/dakar-2021-isidre-esteve-vuelve-del-dakar\/"]}]},{"@type":"ImageObject","inLanguage":"es","@id":"https:\/\/www.boxrepsol.com\/es\/rally\/dakar-2021-isidre-esteve-vuelve-del-dakar\/#primaryimage","url":"https:\/\/bxrepsol.s3.eu-west-1.amazonaws.com\/static\/2022\/08\/09121604\/Dakar-2021-Regreso-Isidre-Esteve-1-3.jpg","contentUrl":"https:\/\/bxrepsol.s3.eu-west-1.amazonaws.com\/static\/2022\/08\/09121604\/Dakar-2021-Regreso-Isidre-Esteve-1-3.jpg","width":1280,"height":720,"caption":"Isidre Esteve a su Regreso del Dakar 2021"},{"@type":"BreadcrumbList","@id":"https:\/\/www.boxrepsol.com\/es\/rally\/dakar-2021-isidre-esteve-vuelve-del-dakar\/#breadcrumb","itemListElement":[{"@type":"ListItem","position":1,"name":"Home","item":"https:\/\/www.boxrepsol.com\/es\/"},{"@type":"ListItem","position":2,"name":"Dakar 2021: Isidre Esteve vuelve del Dakar muy satisfecho con su progresi\u00f3n"}]},{"@type":"WebSite","@id":"https:\/\/www.boxrepsol.com\/es\/#website","url":"https:\/\/www.boxrepsol.com\/es\/","name":"Box Repsol","description":"Box Repsol Site","publisher":{"@id":"https:\/\/www.boxrepsol.com\/es\/#organization"},"potentialAction":[{"@type":"SearchAction","target":{"@type":"EntryPoint","urlTemplate":"https:\/\/www.boxrepsol.com\/es\/?s={search_term_string}"},"query-input":{"@type":"PropertyValueSpecification","valueRequired":true,"valueName":"search_term_string"}}],"inLanguage":"es"},{"@type":"Organization","@id":"https:\/\/www.boxrepsol.com\/es\/#organization","name":"Box Repsol","url":"https:\/\/www.boxrepsol.com\/es\/","logo":{"@type":"ImageObject","inLanguage":"es","@id":"https:\/\/www.boxrepsol.com\/es\/#\/schema\/logo\/image\/","url":"https:\/\/bxrepsol.s3.eu-west-1.amazonaws.com\/static\/2025\/07\/30083337\/favicon-96x96-1.png","contentUrl":"https:\/\/bxrepsol.s3.eu-west-1.amazonaws.com\/static\/2025\/07\/30083337\/favicon-96x96-1.png","width":96,"height":96,"caption":"Box Repsol"},"image":{"@id":"https:\/\/www.boxrepsol.com\/es\/#\/schema\/logo\/image\/"},"sameAs":["https:\/\/www.facebook.com\/BoxRepsol","https:\/\/x.com\/box_repsol","http:\/\/instagram.com\/box_repsol","https:\/\/www.youtube.com\/user\/RepsolCompeticion","https:\/\/www.flickr.com\/photos\/box_repsol\/"]},{"@type":"Person","@id":"https:\/\/www.boxrepsol.com\/es\/#\/schema\/person\/c5c2138f2cca251b0ad92b7086bb60b7","name":"Redacci\u00f3n Box Repsol","image":{"@type":"ImageObject","inLanguage":"es","@id":"https:\/\/secure.gravatar.com\/avatar\/adf7b77e38b4419baf32c7e9c21dde01f4e40df611f0978e3006fc4ba0aaab7e?s=96&d=mm&r=g","url":"https:\/\/secure.gravatar.com\/avatar\/adf7b77e38b4419baf32c7e9c21dde01f4e40df611f0978e3006fc4ba0aaab7e?s=96&d=mm&r=g","contentUrl":"https:\/\/secure.gravatar.com\/avatar\/adf7b77e38b4419baf32c7e9c21dde01f4e40df611f0978e3006fc4ba0aaab7e?s=96&d=mm&r=g","caption":"Redacci\u00f3n Box Repsol"},"description":"Box Repsol lo forma un equipo de periodistas, community managers, dise\u00f1adores y fot\u00f3grafos con m\u00e1s de 20 a\u00f1os de experiencia en el mundo del motorsport. Hemos vivido el primer mundial de un espa\u00f1ol en la categor\u00eda reina de motociclismo con \u00c1lex Crivill\u00e9, estuvimos en las victorias de Pedrosa y los t\u00edtulos de M\u00e1rquez, acompa\u00f1amos en \u00c1frica a Nani Roma y Marc Coma en sus conquistas del Dakar y hemos vibrado con los t\u00edtulos de Toni Bou en Trial. Adem\u00e1s, en nuestro equipo contamos con expertos en el mundo de las dos y cuatro ruedas tanto de la calle y las carreteras, como de los circuitos. Periodistas que han trabajado en revistas y publicaciones para hacerte llegar desde rutas y consejos de mantenimiento, a curiosidades y trucos de pilotaje.","sameAs":["https:\/\/www.facebook.com\/BoxRepsol\/","https:\/\/www.instagram.com\/box_repsol\/","https:\/\/x.com\/https:\/\/twitter.com\/box_repsol","https:\/\/www.youtube.com\/@Boxrepsol"],"url":"https:\/\/www.boxrepsol.com\/es\/author\/redaccion-box-repsol\/"}]}},"_links":{"self":[{"href":"https:\/\/www.boxrepsol.com\/es\/wp-json\/wp\/v2\/posts\/94819","targetHints":{"allow":["GET"]}}],"collection":[{"href":"https:\/\/www.boxrepsol.com\/es\/wp-json\/wp\/v2\/posts"}],"about":[{"href":"https:\/\/www.boxrepsol.com\/es\/wp-json\/wp\/v2\/types\/post"}],"author":[{"embeddable":true,"href":"https:\/\/www.boxrepsol.com\/es\/wp-json\/wp\/v2\/users\/43146"}],"replies":[{"embeddable":true,"href":"https:\/\/www.boxrepsol.com\/es\/wp-json\/wp\/v2\/comments?post=94819"}],"version-history":[{"count":1,"href":"https:\/\/www.boxrepsol.com\/es\/wp-json\/wp\/v2\/posts\/94819\/revisions"}],"predecessor-version":[{"id":94820,"href":"https:\/\/www.boxrepsol.com\/es\/wp-json\/wp\/v2\/posts\/94819\/revisions\/94820"}],"wp:featuredmedia":[{"embeddable":true,"href":"https:\/\/www.boxrepsol.com\/es\/wp-json\/wp\/v2\/media\/42120"}],"wp:attachment":[{"href":"https:\/\/www.boxrepsol.com\/es\/wp-json\/wp\/v2\/media?parent=94819"}],"wp:term":[{"taxonomy":"category","embeddable":true,"href":"https:\/\/www.boxrepsol.com\/es\/wp-json\/wp\/v2\/categories?post=94819"},{"taxonomy":"post_tag","embeddable":true,"href":"https:\/\/www.boxrepsol.com\/es\/wp-json\/wp\/v2\/tags?post=94819"}],"curies":[{"name":"wp","href":"https:\/\/api.w.org\/{rel}","templated":true}]}}