{"id":94815,"date":"2021-01-18T00:00:00","date_gmt":"2021-01-18T02:00:00","guid":{"rendered":"http:\/\/pre.boxrepsol.com\/sin-categorizar\/dakar-2021-dia-12-isidre-esteve-contento-competitivo\/"},"modified":"2024-04-18T06:49:30","modified_gmt":"2024-04-18T08:49:30","slug":"dakar-2021-dia-12-isidre-esteve-contento-competitivo","status":"publish","type":"post","link":"https:\/\/www.boxrepsol.com\/es\/rally\/dakar-2021-dia-12-isidre-esteve-contento-competitivo\/","title":{"rendered":"Dakar 2021 d\u00eda 12: Isidre Esteve acaba contento por ser m\u00e1s competitivo que nunca"},"content":{"rendered":"<p>\u201cHa sido el Dakar con m\u00e1s nivel de los seis que he disputado en coche y nuestro resultado tiene un m\u00e9rito enorme\u201d.<\/p>\n<p>\u201cEstoy satisfecho porque este a\u00f1o hemos dado un importante paso adelante\u201d.<\/p>\n<p>                <!-- Imagen relacionada --><br \/>\n        <img loading=\"lazy\" decoding=\"async\" width=\"404\" height=\"336\" src=\"https:\/\/bxrepsol.s3.eu-west-1.amazonaws.com\/static\/2022\/08\/09121504\/Dakar-2021-dia-11-Isidre-Esteve-toyota-hilux-2.jpg\" alt=\"Isidre Esteve en su Toyota Hilux en el Dakar 2021 d\u00eda 11\" \/><br \/>\n                <!-- Categor\u00eda --><br \/>\n            Rally<br \/>\n        <!-- T\u00edtulo --><br \/>\n        <a href=\"https:\/\/www.boxrepsol.com\/es\/rally\/dakar-2021-dia-11-isidre-esteve-momento-delicado\/\"><\/p>\n<h3>Dakar 2021 d\u00eda 11: Isidre Esteve salva su momento m\u00e1s delicado en la p&#8230;<\/h3>\n<p>        <\/a><br \/>\n                    <!-- Fecha --><br \/>\n            hace 1 hora        <\/p>\n<p>Isidre Esteve suma ya cinco ediciones del Dakar completadas en coche. El piloto del Repsol Rally Team se ha mostrado muy competitivo en una exigente edici\u00f3n que ha destacado por su elevado nivel de participaci\u00f3n. Tras completar la \u00faltima etapa de este viernes en 29\u00aa posici\u00f3n, el ilerdense ha finalizado en el 28\u00ba lugar de la general, con su Toyota Hilux Overdrive.<\/p>\n<p>La \u00faltima noche en el campamento ha resultado la m\u00e1s larga para los mec\u00e1nicos del Repsol Rally Team, David Pigem, Carlos M\u00e9ndez y Albert Soler que han trabajado muy duro para reparar el diferencial delantero del veh\u00edculo, tras el problema que sufri\u00f3 ayer a escasos 20 kil\u00f3metros de meta, el \u00fanico de toda la carrera. \u201cJunto a los t\u00e9cnicos de Overdrive, han realizado un gran esfuerzo para que el coche volviera a estar hoy perfecto\u201d, les agradec\u00eda Isidre Esteve.<\/p>\n<p><a href=\"https:\/\/bxrepsol.s3.eu-west-1.amazonaws.com\/static\/2022\/08\/09121357\/Dakar-2021-dia-6-Isidre-Esteve-salto-2.jpg\" \n   title=\"Isidre Esteve saltando con su Toyota Hilux en el Dakar 2021 d\u00eda 6\" \n   data-gallery-thumbnail=\"https:\/\/bxrepsol.s3.eu-west-1.amazonaws.com\/static\/2022\/08\/09121357\/Dakar-2021-dia-6-Isidre-Esteve-salto-2.jpg\"\n   data-gallery-title=\"\"\n   data-gallery><\/p>\n<figure>\n        <picture style=\"padding-bottom: 56.25%; background-image: url(https:\/\/bxrepsol.s3.eu-west-1.amazonaws.com\/static\/2022\/08\/09121357\/Dakar-2021-dia-6-Isidre-Esteve-salto-2.jpg);\">\n            <img decoding=\"async\" src=\"https:\/\/bxrepsol.s3.eu-west-1.amazonaws.com\/static\/2022\/08\/09121357\/Dakar-2021-dia-6-Isidre-Esteve-salto-2.jpg\"><br \/>\n            <img itemprop=\"image\"\n                data-srcset=\"https:\/\/bxrepsol.s3.eu-west-1.amazonaws.com\/static\/2022\/08\/09121357\/Dakar-2021-dia-6-Isidre-Esteve-salto-2.jpg 480w, https:\/\/bxrepsol.s3.eu-west-1.amazonaws.com\/static\/2022\/08\/09121357\/Dakar-2021-dia-6-Isidre-Esteve-salto-2.jpg 600w, https:\/\/bxrepsol.s3.eu-west-1.amazonaws.com\/static\/2022\/08\/09121357\/Dakar-2021-dia-6-Isidre-Esteve-salto-2.jpg 900w, https:\/\/bxrepsol.s3.eu-west-1.amazonaws.com\/static\/2022\/08\/09121357\/Dakar-2021-dia-6-Isidre-Esteve-salto-2.jpg 1280w\"\n                data-src=\"https:\/\/bxrepsol.s3.eu-west-1.amazonaws.com\/static\/2022\/08\/09121357\/Dakar-2021-dia-6-Isidre-Esteve-salto-2.jpg\"\n                alt=\"Isidre Esteve saltando con su Toyota Hilux en el Dakar 2021 d\u00eda 6\"\n                title=\"Dakar-2021-dia-6-Isidre-Esteve-salto\"\/><br \/>\n            <noscript><img decoding=\"async\" src=\"https:\/\/bxrepsol.s3.eu-west-1.amazonaws.com\/static\/2022\/08\/09121357\/Dakar-2021-dia-6-Isidre-Esteve-salto-2.jpg\" alt=\"Isidre Esteve saltando con su Toyota Hilux en el Dakar 2021 d\u00eda 6\"><\/noscript>\n        <\/picture><figcaption>Isidre Esteve saltando con su Toyota Hilux en el Dakar 2021 d\u00eda 6<\/figcaption><\/figure>\n<p><\/a><\/p>\n<p>La \u00faltima jornada constaba de 227 kil\u00f3metros de enlace y 225 de lucha contra el reloj. Isidre Esteve y Txema Villalobos part\u00edan retrasados desde el puesto 44, aunque han rodado a buen ritmo para remontar posiciones y finalizar en el 29\u00ba lugar, con un tiempo de 2h 52&#8242; 38\u00bb. Y eso que nada m\u00e1s iniciar, han decidido detenerse para auxiliar a un buggy accidentado.<\/p>\n<p>\u201cLlev\u00e1bamos tres kil\u00f3metros cuando hemos visto un accidente justo delante nuestro y nos hemos parado para ayudarles. En seguida han llegado otros buggys y hemos podido continuar para disfrutar de una etapa bonita, muy variada, con dunas blancas bastante complicadas. Hemos disfrutado de un buen final de Dakar\u201d, explicaba el piloto de Repsol, MGS Seguros, KH-7 y Toyota Espa\u00f1a.<\/p>\n<p>En la clasificaci\u00f3n general, Isidre Esteve ha acabado 28\u00ba con un tiempo acumulado de 54h 51&#8242; 18\u00bb. De no ser por las casi dos horas perdidas ayer por el inesperado contratiempo, el Repsol Rally Team hubiera igualado el 21\u00ba lugar que tiene como mejor resultado, conseguido en 2018 y 2019. Aun as\u00ed el piloto de Oliana otorga un gran valor al papel realizado este a\u00f1o por su equipo.<\/p>\n<p><a href=\"https:\/\/bxrepsol.s3.eu-west-1.amazonaws.com\/static\/2022\/08\/09121329\/Dakar-2021-dia-2-Isidre-Esteve-2.jpg\" \n   title=\"Isidre Esteve sorteando una duna en el Dakar 2021 d\u00eda 2\" \n   data-gallery-thumbnail=\"https:\/\/bxrepsol.s3.eu-west-1.amazonaws.com\/static\/2022\/08\/09121329\/Dakar-2021-dia-2-Isidre-Esteve-2.jpg\"\n   data-gallery-title=\"\"\n   data-gallery><\/p>\n<figure>\n        <picture style=\"padding-bottom: 56.25%; background-image: url(https:\/\/bxrepsol.s3.eu-west-1.amazonaws.com\/static\/2022\/08\/09121329\/Dakar-2021-dia-2-Isidre-Esteve-2.jpg);\">\n            <img decoding=\"async\" src=\"https:\/\/bxrepsol.s3.eu-west-1.amazonaws.com\/static\/2022\/08\/09121329\/Dakar-2021-dia-2-Isidre-Esteve-2.jpg\"><br \/>\n            <img itemprop=\"image\"\n                data-srcset=\"https:\/\/bxrepsol.s3.eu-west-1.amazonaws.com\/static\/2022\/08\/09121329\/Dakar-2021-dia-2-Isidre-Esteve-2.jpg 480w, https:\/\/bxrepsol.s3.eu-west-1.amazonaws.com\/static\/2022\/08\/09121329\/Dakar-2021-dia-2-Isidre-Esteve-2.jpg 600w, https:\/\/bxrepsol.s3.eu-west-1.amazonaws.com\/static\/2022\/08\/09121329\/Dakar-2021-dia-2-Isidre-Esteve-2.jpg 900w, https:\/\/bxrepsol.s3.eu-west-1.amazonaws.com\/static\/2022\/08\/09121329\/Dakar-2021-dia-2-Isidre-Esteve-2.jpg 1280w\"\n                data-src=\"https:\/\/bxrepsol.s3.eu-west-1.amazonaws.com\/static\/2022\/08\/09121329\/Dakar-2021-dia-2-Isidre-Esteve-2.jpg\"\n                alt=\"Isidre Esteve sorteando una duna en el Dakar 2021 d\u00eda 2\"\n                title=\"Dakar-2021-dia-2-Isidre-Esteve\"\/><br \/>\n            <noscript><img decoding=\"async\" src=\"https:\/\/bxrepsol.s3.eu-west-1.amazonaws.com\/static\/2022\/08\/09121329\/Dakar-2021-dia-2-Isidre-Esteve-2.jpg\" alt=\"Isidre Esteve sorteando una duna en el Dakar 2021 d\u00eda 2\"><\/noscript>\n        <\/picture><figcaption>Isidre Esteve sorteando una duna en el Dakar 2021 d\u00eda 2<\/figcaption><\/figure>\n<p><\/a><\/p>\n<p>\u201cHa sido la edici\u00f3n con m\u00e1s competitividad de las seis que he disputado en coche y nuestro resultado tiene un m\u00e9rito enorme. Hab\u00eda muchos pilotos r\u00e1pidos y muy pocos han tenido problemas mec\u00e1nicos. Este a\u00f1o ha subido much\u00edsimo el nivel en general y ha habido m\u00e1s profesionalizaci\u00f3n. Estoy satisfecho porque nosotros tambi\u00e9n hemos dado un importante paso adelante y hemos sido m\u00e1s competitivos que nunca\u201d, resum\u00eda Isidre Esteve.<\/p>\n<p>Por todo ello, se muestra \u201ccontento de haber acabado y de no haber cometido ning\u00fan error grave. Todo el equipo ha realizado una gran labor en una edici\u00f3n muy exigente, especialmente por las zonas de piedra, donde nos ha costado encontrar el ritmo para no pinchar. Despu\u00e9s de una buena primera semana, la segunda ha sido m\u00e1s complicada para nosotros y tuvimos la mala suerte de bloquear el diferencial, lo que nos ha acabado penalizando demasiado\u201d.<\/p>\n<p>Isidre Esteve agradece el apoyo recibido por todas las personas implicadas en el proyecto del Repsol Rally Team: \u201cGracias a ellos hemos podido disfrutar del mejor coche que he pilotado nunca. Este Dakar nos ha permitido detectar aquellos aspectos que debemos mejorar para seguir creciendo de cara al futuro. Ya tenemos ganas de volver el a\u00f1o que viene para ser todav\u00eda m\u00e1s competitivos\u201d.<\/p>\n<p>                <!-- Imagen relacionada --><br \/>\n        <img loading=\"lazy\" decoding=\"async\" width=\"404\" height=\"336\" src=\"https:\/\/bxrepsol.s3.eu-west-1.amazonaws.com\/static\/2022\/08\/09121531\/Dakar-2021-Regreso-Isidre-Esteve-1-2.jpg\" alt=\"Isidre Esteve a su Regreso del Dakar 2021\" \/><br \/>\n                <!-- Categor\u00eda --><br \/>\n            Rally<br \/>\n        <!-- T\u00edtulo --><br \/>\n        <a href=\"https:\/\/www.boxrepsol.com\/es\/rally\/dakar-2021-isidre-esteve-vuelve-del-dakar\/\"><\/p>\n<h3>Dakar 2021: Isidre Esteve vuelve del Dakar muy satisfecho con su progr&#8230;<\/h3>\n<p>        <\/a><br \/>\n                    <!-- Fecha --><br \/>\n            hace 1 hora<\/p>\n","protected":false},"excerpt":{"rendered":"<p>El piloto del Repsol Rally Team completa la \u00faltima etapa en 29\u00aa posici\u00f3n y finaliza en el 28\u00ba lugar de la general, con su nuevo Toyota Hilux Overdrive.<\/p>\n","protected":false},"author":43146,"featured_media":42060,"comment_status":"open","ping_status":"open","sticky":false,"template":"","format":"standard","meta":{"footnotes":""},"categories":[27],"tags":[194,201,29,183],"class_list":["post-94815","post","type-post","status-publish","format-standard","hentry","category-rally","tag-194","tag-dakar","tag-isidre-esteve","tag-repsol-rally-team"],"yoast_head":"<!-- This site is optimized with the Yoast SEO plugin v27.3 - https:\/\/yoast.com\/product\/yoast-seo-wordpress\/ -->\n<title>Dakar 2021 d\u00eda 12: Isidre Esteve acaba contento por ser m\u00e1s competitivo que nunca - Box Repsol<\/title>\n<meta name=\"description\" content=\"El piloto del Repsol Rally Team completa la \u00faltima etapa en 29\u00aa posici\u00f3n y finaliza en el 28\u00ba lugar de la general, con su nuevo Toyota Hilux Overdrive.\" \/>\n<link rel=\"canonical\" href=\"https:\/\/www.boxrepsol.com\/es\/rally\/dakar-2021-dia-12-isidre-esteve-contento-competitivo\/\" \/>\n<meta property=\"og:locale\" content=\"es_ES\" \/>\n<meta property=\"og:type\" content=\"article\" \/>\n<meta property=\"og:title\" content=\"Dakar 2021 d\u00eda 12: Isidre Esteve acaba contento por ser m\u00e1s competitivo que nunca - Box Repsol\" \/>\n<meta property=\"og:description\" content=\"El piloto del Repsol Rally Team completa la \u00faltima etapa en 29\u00aa posici\u00f3n y finaliza en el 28\u00ba lugar de la general, con su nuevo Toyota Hilux Overdrive.\" \/>\n<meta property=\"og:url\" content=\"https:\/\/www.boxrepsol.com\/es\/rally\/dakar-2021-dia-12-isidre-esteve-contento-competitivo\/\" \/>\n<meta property=\"og:site_name\" content=\"Box Repsol\" \/>\n<meta property=\"article:publisher\" content=\"https:\/\/www.facebook.com\/BoxRepsol\" \/>\n<meta property=\"article:author\" content=\"https:\/\/www.facebook.com\/BoxRepsol\/\" \/>\n<meta property=\"article:published_time\" content=\"2021-01-18T02:00:00+00:00\" \/>\n<meta property=\"article:modified_time\" content=\"2024-04-18T08:49:30+00:00\" \/>\n<meta property=\"og:image\" content=\"https:\/\/bxrepsol.s3.eu-west-1.amazonaws.com\/static\/2022\/08\/09121532\/Dakar-2021-Isidre-Esteve-llegada-3.jpg\" \/>\n\t<meta property=\"og:image:width\" content=\"1280\" \/>\n\t<meta property=\"og:image:height\" content=\"720\" \/>\n\t<meta property=\"og:image:type\" content=\"image\/jpeg\" \/>\n<meta name=\"author\" content=\"Redacci\u00f3n Box Repsol\" \/>\n<meta name=\"twitter:card\" content=\"summary_large_image\" \/>\n<meta name=\"twitter:creator\" content=\"@https:\/\/twitter.com\/box_repsol\" \/>\n<meta name=\"twitter:site\" content=\"@box_repsol\" \/>\n<meta name=\"twitter:label1\" content=\"Written by\" \/>\n\t<meta name=\"twitter:data1\" content=\"Redacci\u00f3n Box Repsol\" \/>\n\t<meta name=\"twitter:label2\" content=\"Est. reading time\" \/>\n\t<meta name=\"twitter:data2\" content=\"3 minutos\" \/>\n<script type=\"application\/ld+json\" class=\"yoast-schema-graph\">{\"@context\":\"https:\\\/\\\/schema.org\",\"@graph\":[{\"@type\":\"Article\",\"@id\":\"https:\\\/\\\/www.boxrepsol.com\\\/es\\\/rally\\\/dakar-2021-dia-12-isidre-esteve-contento-competitivo\\\/#article\",\"isPartOf\":{\"@id\":\"https:\\\/\\\/www.boxrepsol.com\\\/es\\\/rally\\\/dakar-2021-dia-12-isidre-esteve-contento-competitivo\\\/\"},\"author\":{\"name\":\"Redacci\u00f3n Box Repsol\",\"@id\":\"https:\\\/\\\/www.boxrepsol.com\\\/es\\\/#\\\/schema\\\/person\\\/c5c2138f2cca251b0ad92b7086bb60b7\"},\"headline\":\"Dakar 2021 d\u00eda 12: Isidre Esteve acaba contento por ser m\u00e1s competitivo que nunca\",\"datePublished\":\"2021-01-18T02:00:00+00:00\",\"dateModified\":\"2024-04-18T08:49:30+00:00\",\"mainEntityOfPage\":{\"@id\":\"https:\\\/\\\/www.boxrepsol.com\\\/es\\\/rally\\\/dakar-2021-dia-12-isidre-esteve-contento-competitivo\\\/\"},\"wordCount\":665,\"commentCount\":0,\"publisher\":{\"@id\":\"https:\\\/\\\/www.boxrepsol.com\\\/es\\\/#organization\"},\"image\":{\"@id\":\"https:\\\/\\\/www.boxrepsol.com\\\/es\\\/rally\\\/dakar-2021-dia-12-isidre-esteve-contento-competitivo\\\/#primaryimage\"},\"thumbnailUrl\":\"https:\\\/\\\/bxrepsol.s3.eu-west-1.amazonaws.com\\\/static\\\/2022\\\/08\\\/09121532\\\/Dakar-2021-Isidre-Esteve-llegada-3.jpg\",\"keywords\":[\"2021\",\"Dakar\",\"Isidre Esteve\",\"Repsol Rally Team\"],\"articleSection\":[\"Rally\"],\"inLanguage\":\"es\",\"potentialAction\":[{\"@type\":\"CommentAction\",\"name\":\"Comment\",\"target\":[\"https:\\\/\\\/www.boxrepsol.com\\\/es\\\/rally\\\/dakar-2021-dia-12-isidre-esteve-contento-competitivo\\\/#respond\"]}]},{\"@type\":\"WebPage\",\"@id\":\"https:\\\/\\\/www.boxrepsol.com\\\/es\\\/rally\\\/dakar-2021-dia-12-isidre-esteve-contento-competitivo\\\/\",\"url\":\"https:\\\/\\\/www.boxrepsol.com\\\/es\\\/rally\\\/dakar-2021-dia-12-isidre-esteve-contento-competitivo\\\/\",\"name\":\"Dakar 2021 d\u00eda 12: Isidre Esteve acaba contento por ser m\u00e1s competitivo que nunca - Box Repsol\",\"isPartOf\":{\"@id\":\"https:\\\/\\\/www.boxrepsol.com\\\/es\\\/#website\"},\"primaryImageOfPage\":{\"@id\":\"https:\\\/\\\/www.boxrepsol.com\\\/es\\\/rally\\\/dakar-2021-dia-12-isidre-esteve-contento-competitivo\\\/#primaryimage\"},\"image\":{\"@id\":\"https:\\\/\\\/www.boxrepsol.com\\\/es\\\/rally\\\/dakar-2021-dia-12-isidre-esteve-contento-competitivo\\\/#primaryimage\"},\"thumbnailUrl\":\"https:\\\/\\\/bxrepsol.s3.eu-west-1.amazonaws.com\\\/static\\\/2022\\\/08\\\/09121532\\\/Dakar-2021-Isidre-Esteve-llegada-3.jpg\",\"datePublished\":\"2021-01-18T02:00:00+00:00\",\"dateModified\":\"2024-04-18T08:49:30+00:00\",\"description\":\"El piloto del Repsol Rally Team completa la \u00faltima etapa en 29\u00aa posici\u00f3n y finaliza en el 28\u00ba lugar de la general, con su nuevo Toyota Hilux Overdrive.\",\"breadcrumb\":{\"@id\":\"https:\\\/\\\/www.boxrepsol.com\\\/es\\\/rally\\\/dakar-2021-dia-12-isidre-esteve-contento-competitivo\\\/#breadcrumb\"},\"inLanguage\":\"es\",\"potentialAction\":[{\"@type\":\"ReadAction\",\"target\":[\"https:\\\/\\\/www.boxrepsol.com\\\/es\\\/rally\\\/dakar-2021-dia-12-isidre-esteve-contento-competitivo\\\/\"]}]},{\"@type\":\"ImageObject\",\"inLanguage\":\"es\",\"@id\":\"https:\\\/\\\/www.boxrepsol.com\\\/es\\\/rally\\\/dakar-2021-dia-12-isidre-esteve-contento-competitivo\\\/#primaryimage\",\"url\":\"https:\\\/\\\/bxrepsol.s3.eu-west-1.amazonaws.com\\\/static\\\/2022\\\/08\\\/09121532\\\/Dakar-2021-Isidre-Esteve-llegada-3.jpg\",\"contentUrl\":\"https:\\\/\\\/bxrepsol.s3.eu-west-1.amazonaws.com\\\/static\\\/2022\\\/08\\\/09121532\\\/Dakar-2021-Isidre-Esteve-llegada-3.jpg\",\"width\":1280,\"height\":720,\"caption\":\"Isidre Esteve junto a su equipo y Toyota Hilux celebrando la llegada en el Dakar 2021 d\u00eda 12\"},{\"@type\":\"BreadcrumbList\",\"@id\":\"https:\\\/\\\/www.boxrepsol.com\\\/es\\\/rally\\\/dakar-2021-dia-12-isidre-esteve-contento-competitivo\\\/#breadcrumb\",\"itemListElement\":[{\"@type\":\"ListItem\",\"position\":1,\"name\":\"Home\",\"item\":\"https:\\\/\\\/www.boxrepsol.com\\\/es\\\/\"},{\"@type\":\"ListItem\",\"position\":2,\"name\":\"Dakar 2021 d\u00eda 12: Isidre Esteve acaba contento por ser m\u00e1s competitivo que nunca\"}]},{\"@type\":\"WebSite\",\"@id\":\"https:\\\/\\\/www.boxrepsol.com\\\/es\\\/#website\",\"url\":\"https:\\\/\\\/www.boxrepsol.com\\\/es\\\/\",\"name\":\"Box Repsol\",\"description\":\"Box Repsol Site\",\"publisher\":{\"@id\":\"https:\\\/\\\/www.boxrepsol.com\\\/es\\\/#organization\"},\"potentialAction\":[{\"@type\":\"SearchAction\",\"target\":{\"@type\":\"EntryPoint\",\"urlTemplate\":\"https:\\\/\\\/www.boxrepsol.com\\\/es\\\/?s={search_term_string}\"},\"query-input\":{\"@type\":\"PropertyValueSpecification\",\"valueRequired\":true,\"valueName\":\"search_term_string\"}}],\"inLanguage\":\"es\"},{\"@type\":\"Organization\",\"@id\":\"https:\\\/\\\/www.boxrepsol.com\\\/es\\\/#organization\",\"name\":\"Box Repsol\",\"url\":\"https:\\\/\\\/www.boxrepsol.com\\\/es\\\/\",\"logo\":{\"@type\":\"ImageObject\",\"inLanguage\":\"es\",\"@id\":\"https:\\\/\\\/www.boxrepsol.com\\\/es\\\/#\\\/schema\\\/logo\\\/image\\\/\",\"url\":\"https:\\\/\\\/bxrepsol.s3.eu-west-1.amazonaws.com\\\/static\\\/2025\\\/07\\\/30083337\\\/favicon-96x96-1.png\",\"contentUrl\":\"https:\\\/\\\/bxrepsol.s3.eu-west-1.amazonaws.com\\\/static\\\/2025\\\/07\\\/30083337\\\/favicon-96x96-1.png\",\"width\":96,\"height\":96,\"caption\":\"Box Repsol\"},\"image\":{\"@id\":\"https:\\\/\\\/www.boxrepsol.com\\\/es\\\/#\\\/schema\\\/logo\\\/image\\\/\"},\"sameAs\":[\"https:\\\/\\\/www.facebook.com\\\/BoxRepsol\",\"https:\\\/\\\/x.com\\\/box_repsol\",\"http:\\\/\\\/instagram.com\\\/box_repsol\",\"https:\\\/\\\/www.youtube.com\\\/user\\\/RepsolCompeticion\",\"https:\\\/\\\/www.flickr.com\\\/photos\\\/box_repsol\\\/\"]},{\"@type\":\"Person\",\"@id\":\"https:\\\/\\\/www.boxrepsol.com\\\/es\\\/#\\\/schema\\\/person\\\/c5c2138f2cca251b0ad92b7086bb60b7\",\"name\":\"Redacci\u00f3n Box Repsol\",\"image\":{\"@type\":\"ImageObject\",\"inLanguage\":\"es\",\"@id\":\"https:\\\/\\\/secure.gravatar.com\\\/avatar\\\/adf7b77e38b4419baf32c7e9c21dde01f4e40df611f0978e3006fc4ba0aaab7e?s=96&d=mm&r=g\",\"url\":\"https:\\\/\\\/secure.gravatar.com\\\/avatar\\\/adf7b77e38b4419baf32c7e9c21dde01f4e40df611f0978e3006fc4ba0aaab7e?s=96&d=mm&r=g\",\"contentUrl\":\"https:\\\/\\\/secure.gravatar.com\\\/avatar\\\/adf7b77e38b4419baf32c7e9c21dde01f4e40df611f0978e3006fc4ba0aaab7e?s=96&d=mm&r=g\",\"caption\":\"Redacci\u00f3n Box Repsol\"},\"description\":\"Box Repsol lo forma un equipo de periodistas, community managers, dise\u00f1adores y fot\u00f3grafos con m\u00e1s de 20 a\u00f1os de experiencia en el mundo del motorsport. Hemos vivido el primer mundial de un espa\u00f1ol en la categor\u00eda reina de motociclismo con \u00c1lex Crivill\u00e9, estuvimos en las victorias de Pedrosa y los t\u00edtulos de M\u00e1rquez, acompa\u00f1amos en \u00c1frica a Nani Roma y Marc Coma en sus conquistas del Dakar y hemos vibrado con los t\u00edtulos de Toni Bou en Trial. Adem\u00e1s, en nuestro equipo contamos con expertos en el mundo de las dos y cuatro ruedas tanto de la calle y las carreteras, como de los circuitos. Periodistas que han trabajado en revistas y publicaciones para hacerte llegar desde rutas y consejos de mantenimiento, a curiosidades y trucos de pilotaje.\",\"sameAs\":[\"https:\\\/\\\/www.facebook.com\\\/BoxRepsol\\\/\",\"https:\\\/\\\/www.instagram.com\\\/box_repsol\\\/\",\"https:\\\/\\\/x.com\\\/https:\\\/\\\/twitter.com\\\/box_repsol\",\"https:\\\/\\\/www.youtube.com\\\/@Boxrepsol\"],\"url\":\"https:\\\/\\\/www.boxrepsol.com\\\/es\\\/author\\\/redaccion-box-repsol\\\/\"}]}<\/script>\n<!-- \/ Yoast SEO plugin. -->","yoast_head_json":{"title":"Dakar 2021 d\u00eda 12: Isidre Esteve acaba contento por ser m\u00e1s competitivo que nunca - Box Repsol","description":"El piloto del Repsol Rally Team completa la \u00faltima etapa en 29\u00aa posici\u00f3n y finaliza en el 28\u00ba lugar de la general, con su nuevo Toyota Hilux Overdrive.","canonical":"https:\/\/www.boxrepsol.com\/es\/rally\/dakar-2021-dia-12-isidre-esteve-contento-competitivo\/","og_locale":"es_ES","og_type":"article","og_title":"Dakar 2021 d\u00eda 12: Isidre Esteve acaba contento por ser m\u00e1s competitivo que nunca - Box Repsol","og_description":"El piloto del Repsol Rally Team completa la \u00faltima etapa en 29\u00aa posici\u00f3n y finaliza en el 28\u00ba lugar de la general, con su nuevo Toyota Hilux Overdrive.","og_url":"https:\/\/www.boxrepsol.com\/es\/rally\/dakar-2021-dia-12-isidre-esteve-contento-competitivo\/","og_site_name":"Box Repsol","article_publisher":"https:\/\/www.facebook.com\/BoxRepsol","article_author":"https:\/\/www.facebook.com\/BoxRepsol\/","article_published_time":"2021-01-18T02:00:00+00:00","article_modified_time":"2024-04-18T08:49:30+00:00","og_image":[{"width":1280,"height":720,"url":"https:\/\/bxrepsol.s3.eu-west-1.amazonaws.com\/static\/2022\/08\/09121532\/Dakar-2021-Isidre-Esteve-llegada-3.jpg","type":"image\/jpeg"}],"author":"Redacci\u00f3n Box Repsol","twitter_card":"summary_large_image","twitter_creator":"@https:\/\/twitter.com\/box_repsol","twitter_site":"@box_repsol","twitter_misc":{"Written by":"Redacci\u00f3n Box Repsol","Est. reading time":"3 minutos"},"schema":{"@context":"https:\/\/schema.org","@graph":[{"@type":"Article","@id":"https:\/\/www.boxrepsol.com\/es\/rally\/dakar-2021-dia-12-isidre-esteve-contento-competitivo\/#article","isPartOf":{"@id":"https:\/\/www.boxrepsol.com\/es\/rally\/dakar-2021-dia-12-isidre-esteve-contento-competitivo\/"},"author":{"name":"Redacci\u00f3n Box Repsol","@id":"https:\/\/www.boxrepsol.com\/es\/#\/schema\/person\/c5c2138f2cca251b0ad92b7086bb60b7"},"headline":"Dakar 2021 d\u00eda 12: Isidre Esteve acaba contento por ser m\u00e1s competitivo que nunca","datePublished":"2021-01-18T02:00:00+00:00","dateModified":"2024-04-18T08:49:30+00:00","mainEntityOfPage":{"@id":"https:\/\/www.boxrepsol.com\/es\/rally\/dakar-2021-dia-12-isidre-esteve-contento-competitivo\/"},"wordCount":665,"commentCount":0,"publisher":{"@id":"https:\/\/www.boxrepsol.com\/es\/#organization"},"image":{"@id":"https:\/\/www.boxrepsol.com\/es\/rally\/dakar-2021-dia-12-isidre-esteve-contento-competitivo\/#primaryimage"},"thumbnailUrl":"https:\/\/bxrepsol.s3.eu-west-1.amazonaws.com\/static\/2022\/08\/09121532\/Dakar-2021-Isidre-Esteve-llegada-3.jpg","keywords":["2021","Dakar","Isidre Esteve","Repsol Rally Team"],"articleSection":["Rally"],"inLanguage":"es","potentialAction":[{"@type":"CommentAction","name":"Comment","target":["https:\/\/www.boxrepsol.com\/es\/rally\/dakar-2021-dia-12-isidre-esteve-contento-competitivo\/#respond"]}]},{"@type":"WebPage","@id":"https:\/\/www.boxrepsol.com\/es\/rally\/dakar-2021-dia-12-isidre-esteve-contento-competitivo\/","url":"https:\/\/www.boxrepsol.com\/es\/rally\/dakar-2021-dia-12-isidre-esteve-contento-competitivo\/","name":"Dakar 2021 d\u00eda 12: Isidre Esteve acaba contento por ser m\u00e1s competitivo que nunca - Box Repsol","isPartOf":{"@id":"https:\/\/www.boxrepsol.com\/es\/#website"},"primaryImageOfPage":{"@id":"https:\/\/www.boxrepsol.com\/es\/rally\/dakar-2021-dia-12-isidre-esteve-contento-competitivo\/#primaryimage"},"image":{"@id":"https:\/\/www.boxrepsol.com\/es\/rally\/dakar-2021-dia-12-isidre-esteve-contento-competitivo\/#primaryimage"},"thumbnailUrl":"https:\/\/bxrepsol.s3.eu-west-1.amazonaws.com\/static\/2022\/08\/09121532\/Dakar-2021-Isidre-Esteve-llegada-3.jpg","datePublished":"2021-01-18T02:00:00+00:00","dateModified":"2024-04-18T08:49:30+00:00","description":"El piloto del Repsol Rally Team completa la \u00faltima etapa en 29\u00aa posici\u00f3n y finaliza en el 28\u00ba lugar de la general, con su nuevo Toyota Hilux Overdrive.","breadcrumb":{"@id":"https:\/\/www.boxrepsol.com\/es\/rally\/dakar-2021-dia-12-isidre-esteve-contento-competitivo\/#breadcrumb"},"inLanguage":"es","potentialAction":[{"@type":"ReadAction","target":["https:\/\/www.boxrepsol.com\/es\/rally\/dakar-2021-dia-12-isidre-esteve-contento-competitivo\/"]}]},{"@type":"ImageObject","inLanguage":"es","@id":"https:\/\/www.boxrepsol.com\/es\/rally\/dakar-2021-dia-12-isidre-esteve-contento-competitivo\/#primaryimage","url":"https:\/\/bxrepsol.s3.eu-west-1.amazonaws.com\/static\/2022\/08\/09121532\/Dakar-2021-Isidre-Esteve-llegada-3.jpg","contentUrl":"https:\/\/bxrepsol.s3.eu-west-1.amazonaws.com\/static\/2022\/08\/09121532\/Dakar-2021-Isidre-Esteve-llegada-3.jpg","width":1280,"height":720,"caption":"Isidre Esteve junto a su equipo y Toyota Hilux celebrando la llegada en el Dakar 2021 d\u00eda 12"},{"@type":"BreadcrumbList","@id":"https:\/\/www.boxrepsol.com\/es\/rally\/dakar-2021-dia-12-isidre-esteve-contento-competitivo\/#breadcrumb","itemListElement":[{"@type":"ListItem","position":1,"name":"Home","item":"https:\/\/www.boxrepsol.com\/es\/"},{"@type":"ListItem","position":2,"name":"Dakar 2021 d\u00eda 12: Isidre Esteve acaba contento por ser m\u00e1s competitivo que nunca"}]},{"@type":"WebSite","@id":"https:\/\/www.boxrepsol.com\/es\/#website","url":"https:\/\/www.boxrepsol.com\/es\/","name":"Box Repsol","description":"Box Repsol Site","publisher":{"@id":"https:\/\/www.boxrepsol.com\/es\/#organization"},"potentialAction":[{"@type":"SearchAction","target":{"@type":"EntryPoint","urlTemplate":"https:\/\/www.boxrepsol.com\/es\/?s={search_term_string}"},"query-input":{"@type":"PropertyValueSpecification","valueRequired":true,"valueName":"search_term_string"}}],"inLanguage":"es"},{"@type":"Organization","@id":"https:\/\/www.boxrepsol.com\/es\/#organization","name":"Box Repsol","url":"https:\/\/www.boxrepsol.com\/es\/","logo":{"@type":"ImageObject","inLanguage":"es","@id":"https:\/\/www.boxrepsol.com\/es\/#\/schema\/logo\/image\/","url":"https:\/\/bxrepsol.s3.eu-west-1.amazonaws.com\/static\/2025\/07\/30083337\/favicon-96x96-1.png","contentUrl":"https:\/\/bxrepsol.s3.eu-west-1.amazonaws.com\/static\/2025\/07\/30083337\/favicon-96x96-1.png","width":96,"height":96,"caption":"Box Repsol"},"image":{"@id":"https:\/\/www.boxrepsol.com\/es\/#\/schema\/logo\/image\/"},"sameAs":["https:\/\/www.facebook.com\/BoxRepsol","https:\/\/x.com\/box_repsol","http:\/\/instagram.com\/box_repsol","https:\/\/www.youtube.com\/user\/RepsolCompeticion","https:\/\/www.flickr.com\/photos\/box_repsol\/"]},{"@type":"Person","@id":"https:\/\/www.boxrepsol.com\/es\/#\/schema\/person\/c5c2138f2cca251b0ad92b7086bb60b7","name":"Redacci\u00f3n Box Repsol","image":{"@type":"ImageObject","inLanguage":"es","@id":"https:\/\/secure.gravatar.com\/avatar\/adf7b77e38b4419baf32c7e9c21dde01f4e40df611f0978e3006fc4ba0aaab7e?s=96&d=mm&r=g","url":"https:\/\/secure.gravatar.com\/avatar\/adf7b77e38b4419baf32c7e9c21dde01f4e40df611f0978e3006fc4ba0aaab7e?s=96&d=mm&r=g","contentUrl":"https:\/\/secure.gravatar.com\/avatar\/adf7b77e38b4419baf32c7e9c21dde01f4e40df611f0978e3006fc4ba0aaab7e?s=96&d=mm&r=g","caption":"Redacci\u00f3n Box Repsol"},"description":"Box Repsol lo forma un equipo de periodistas, community managers, dise\u00f1adores y fot\u00f3grafos con m\u00e1s de 20 a\u00f1os de experiencia en el mundo del motorsport. Hemos vivido el primer mundial de un espa\u00f1ol en la categor\u00eda reina de motociclismo con \u00c1lex Crivill\u00e9, estuvimos en las victorias de Pedrosa y los t\u00edtulos de M\u00e1rquez, acompa\u00f1amos en \u00c1frica a Nani Roma y Marc Coma en sus conquistas del Dakar y hemos vibrado con los t\u00edtulos de Toni Bou en Trial. Adem\u00e1s, en nuestro equipo contamos con expertos en el mundo de las dos y cuatro ruedas tanto de la calle y las carreteras, como de los circuitos. Periodistas que han trabajado en revistas y publicaciones para hacerte llegar desde rutas y consejos de mantenimiento, a curiosidades y trucos de pilotaje.","sameAs":["https:\/\/www.facebook.com\/BoxRepsol\/","https:\/\/www.instagram.com\/box_repsol\/","https:\/\/x.com\/https:\/\/twitter.com\/box_repsol","https:\/\/www.youtube.com\/@Boxrepsol"],"url":"https:\/\/www.boxrepsol.com\/es\/author\/redaccion-box-repsol\/"}]}},"_links":{"self":[{"href":"https:\/\/www.boxrepsol.com\/es\/wp-json\/wp\/v2\/posts\/94815","targetHints":{"allow":["GET"]}}],"collection":[{"href":"https:\/\/www.boxrepsol.com\/es\/wp-json\/wp\/v2\/posts"}],"about":[{"href":"https:\/\/www.boxrepsol.com\/es\/wp-json\/wp\/v2\/types\/post"}],"author":[{"embeddable":true,"href":"https:\/\/www.boxrepsol.com\/es\/wp-json\/wp\/v2\/users\/43146"}],"replies":[{"embeddable":true,"href":"https:\/\/www.boxrepsol.com\/es\/wp-json\/wp\/v2\/comments?post=94815"}],"version-history":[{"count":1,"href":"https:\/\/www.boxrepsol.com\/es\/wp-json\/wp\/v2\/posts\/94815\/revisions"}],"predecessor-version":[{"id":94816,"href":"https:\/\/www.boxrepsol.com\/es\/wp-json\/wp\/v2\/posts\/94815\/revisions\/94816"}],"wp:featuredmedia":[{"embeddable":true,"href":"https:\/\/www.boxrepsol.com\/es\/wp-json\/wp\/v2\/media\/42060"}],"wp:attachment":[{"href":"https:\/\/www.boxrepsol.com\/es\/wp-json\/wp\/v2\/media?parent=94815"}],"wp:term":[{"taxonomy":"category","embeddable":true,"href":"https:\/\/www.boxrepsol.com\/es\/wp-json\/wp\/v2\/categories?post=94815"},{"taxonomy":"post_tag","embeddable":true,"href":"https:\/\/www.boxrepsol.com\/es\/wp-json\/wp\/v2\/tags?post=94815"}],"curies":[{"name":"wp","href":"https:\/\/api.w.org\/{rel}","templated":true}]}}