{"id":94811,"date":"2021-01-15T00:00:00","date_gmt":"2021-01-15T02:00:00","guid":{"rendered":"http:\/\/pre.boxrepsol.com\/sin-categorizar\/dakar-2021-dia-11-isidre-esteve-momento-delicado\/"},"modified":"2024-04-18T06:51:00","modified_gmt":"2024-04-18T08:51:00","slug":"dakar-2021-dia-11-isidre-esteve-momento-delicado","status":"publish","type":"post","link":"https:\/\/www.boxrepsol.com\/es\/rally\/dakar-2021-dia-11-isidre-esteve-momento-delicado\/","title":{"rendered":"Dakar 2021 d\u00eda 11: Isidre Esteve salva su momento m\u00e1s delicado en la pen\u00faltima etapa"},"content":{"rendered":"<p>El piloto del Repsol Rally Team ha debido detenerse a escasos 20 kil\u00f3metros de la llegada, con las ruedas delanteras bloqueadas.<\/p>\n<p>\u201cLo positivo es que no hemos tenido que esperar al cami\u00f3n de asistencia r\u00e1pida y que esta noche los t\u00e9cnicos dejar\u00e1n el coche listo para salir ma\u00f1ana a la \u00faltima etapa\u201d.<\/p>\n<p>                <!-- Imagen relacionada --><br \/>\n        <img loading=\"lazy\" decoding=\"async\" width=\"404\" height=\"336\" src=\"https:\/\/bxrepsol.s3.eu-west-1.amazonaws.com\/static\/2022\/08\/09121455\/Dakar-2021-dia-10-Isidre-Esteve-polvo-2.jpg\" alt=\"Isidre Esteve pilotando en una pista de arena en el Dakar 2021 d\u00eda 10\" \/><br \/>\n                <!-- Categor\u00eda --><br \/>\n            Rally<br \/>\n        <!-- T\u00edtulo --><br \/>\n        <a href=\"https:\/\/www.boxrepsol.com\/es\/rally\/dakar-2021-dia-10-isidre-esteve-supera-etapa-horrible\/\"><\/p>\n<h3>Dakar 2021 d\u00eda 10: Isidre Esteve supera una etapa que califica de \u201chor&#8230;<\/h3>\n<p>        <\/a><br \/>\n                    <!-- Fecha --><br \/>\n            hace 1 hora        <\/p>\n<p>Isidre Esteve ha comprobado hoy en primera persona como en el Dakar puede suceder cualquier cosa, buena o mala, hasta el \u00faltimo kil\u00f3metro. Este jueves, durante la pen\u00faltima etapa, el Repsol Rally Team ha sufrido un problema t\u00e9cnico que le ha obligado a detenerse a escasos 20 kil\u00f3metros de la meta. El copiloto Txema Villalobos, mec\u00e1nico de profesi\u00f3n, ha tenido que ingeni\u00e1rselas para improvisar una soluci\u00f3n y reemprender la marcha, aunque despu\u00e9s de hora y media larga de trabajo.<\/p>\n<p>La 11\u00aa jornada part\u00eda desde AlUla y acababa en Yanbu, una de las m\u00e1s largas y peligrosas del Dakar 2021, al constar de 464 kil\u00f3metros cronometrados. Isidre Esteve y Txema Villalobos, salvo en la parte inicial por culpa del polvo que levantaban otros veh\u00edculos, han logrado imprimir un ritmo elevado con su Toyota Hilux Overdrive y superar sin problemas las dunas finales. Estaba siendo un buen d\u00eda, hasta que se torci\u00f3 casi al final.<\/p>\n<p><a href=\"https:\/\/bxrepsol.s3.eu-west-1.amazonaws.com\/static\/2022\/08\/09121511\/Dakar-2021-dia-11-Isidre-Esteve-pista-arena-2.jpg\" \n   title=\"Isidre Esteve pilotando en una pista de arena en el Dakar 2021 d\u00eda 11\" \n   data-gallery-thumbnail=\"https:\/\/bxrepsol.s3.eu-west-1.amazonaws.com\/static\/2022\/08\/09121511\/Dakar-2021-dia-11-Isidre-Esteve-pista-arena-2.jpg\"\n   data-gallery-title=\"\"\n   data-gallery><\/p>\n<figure>\n        <picture style=\"padding-bottom: 56.25%; background-image: url(https:\/\/bxrepsol.s3.eu-west-1.amazonaws.com\/static\/2022\/08\/09121511\/Dakar-2021-dia-11-Isidre-Esteve-pista-arena-2.jpg);\">\n            <img decoding=\"async\" src=\"https:\/\/bxrepsol.s3.eu-west-1.amazonaws.com\/static\/2022\/08\/09121511\/Dakar-2021-dia-11-Isidre-Esteve-pista-arena-2.jpg\"><br \/>\n            <img itemprop=\"image\"\n                data-srcset=\"https:\/\/bxrepsol.s3.eu-west-1.amazonaws.com\/static\/2022\/08\/09121511\/Dakar-2021-dia-11-Isidre-Esteve-pista-arena-2.jpg 480w, https:\/\/bxrepsol.s3.eu-west-1.amazonaws.com\/static\/2022\/08\/09121511\/Dakar-2021-dia-11-Isidre-Esteve-pista-arena-2.jpg 600w, https:\/\/bxrepsol.s3.eu-west-1.amazonaws.com\/static\/2022\/08\/09121511\/Dakar-2021-dia-11-Isidre-Esteve-pista-arena-2.jpg 900w, https:\/\/bxrepsol.s3.eu-west-1.amazonaws.com\/static\/2022\/08\/09121511\/Dakar-2021-dia-11-Isidre-Esteve-pista-arena-2.jpg 1280w\"\n                data-src=\"https:\/\/bxrepsol.s3.eu-west-1.amazonaws.com\/static\/2022\/08\/09121511\/Dakar-2021-dia-11-Isidre-Esteve-pista-arena-2.jpg\"\n                alt=\"Isidre Esteve pilotando en una pista de arena en el Dakar 2021 d\u00eda 11\"\n                title=\"Dakar-2021-dia-11-Isidre-Esteve-pista-arena\"\/><br \/>\n            <noscript><img decoding=\"async\" src=\"https:\/\/bxrepsol.s3.eu-west-1.amazonaws.com\/static\/2022\/08\/09121511\/Dakar-2021-dia-11-Isidre-Esteve-pista-arena-2.jpg\" alt=\"Isidre Esteve pilotando en una pista de arena en el Dakar 2021 d\u00eda 11\"><\/noscript>\n        <\/picture><figcaption>Isidre Esteve pilotando en una pista de arena en el Dakar 2021 d\u00eda 11<\/figcaption><\/figure>\n<p><\/a><\/p>\n<p>\u201cHemos tenido que pararnos porque despu\u00e9s de superar las dunas sin problemas, el diferencial frontal se ha bloqueado sin previo aviso, cuando s\u00f3lo faltaban 20 kil\u00f3metros. Suerte que Txema ha podido retirar el card\u00e1n y los palieres delanteros para desbloquear las ruedas y poder as\u00ed seguir hasta el final\u201d, explicaba el piloto de Oliana.<\/p>\n<p>Los amplios conocimientos mec\u00e1nicos del copiloto Txema Villalobos han resultado fundamentales para salir de ah\u00ed y completar la especial, aunque con 1 hora y 40 minutos perdidas y a una velocidad de s\u00f3lo 20 km\/h. Esa inesperada incidencia les ha relegado hasta la 44\u00aa plaza de la jornada, con un tiempo de 7h 06&#8217;16\u00bb.<\/p>\n<p>\u201cHa sido una l\u00e1stima porque la especial era bonita y, aunque hemos sufrido al principio por el polvo para adelantar alg\u00fan coche, hemos tenido ratos limpios en los que hemos podido ir r\u00e1pido\u201d, reconoc\u00eda Isidre Esteve que se mostraba \u201cmuy contento de haber acabado\u201d.<\/p>\n<p><a href=\"https:\/\/bxrepsol.s3.eu-west-1.amazonaws.com\/static\/2022\/08\/09121512\/Dakar-2021-dia-11-Isidre-Esteve-arena-2.jpg\" \n   title=\"Isidre Esteve pilotando en una pista de arena en el Dakar 2021 d\u00eda 11\" \n   data-gallery-thumbnail=\"https:\/\/bxrepsol.s3.eu-west-1.amazonaws.com\/static\/2022\/08\/09121512\/Dakar-2021-dia-11-Isidre-Esteve-arena-2.jpg\"\n   data-gallery-title=\"\"\n   data-gallery><\/p>\n<figure>\n        <picture style=\"padding-bottom: 56.25%; background-image: url(https:\/\/bxrepsol.s3.eu-west-1.amazonaws.com\/static\/2022\/08\/09121512\/Dakar-2021-dia-11-Isidre-Esteve-arena-2.jpg);\">\n            <img decoding=\"async\" src=\"https:\/\/bxrepsol.s3.eu-west-1.amazonaws.com\/static\/2022\/08\/09121512\/Dakar-2021-dia-11-Isidre-Esteve-arena-2.jpg\"><br \/>\n            <img itemprop=\"image\"\n                data-srcset=\"https:\/\/bxrepsol.s3.eu-west-1.amazonaws.com\/static\/2022\/08\/09121512\/Dakar-2021-dia-11-Isidre-Esteve-arena-2.jpg 480w, https:\/\/bxrepsol.s3.eu-west-1.amazonaws.com\/static\/2022\/08\/09121512\/Dakar-2021-dia-11-Isidre-Esteve-arena-2.jpg 600w, https:\/\/bxrepsol.s3.eu-west-1.amazonaws.com\/static\/2022\/08\/09121512\/Dakar-2021-dia-11-Isidre-Esteve-arena-2.jpg 900w, https:\/\/bxrepsol.s3.eu-west-1.amazonaws.com\/static\/2022\/08\/09121512\/Dakar-2021-dia-11-Isidre-Esteve-arena-2.jpg 1280w\"\n                data-src=\"https:\/\/bxrepsol.s3.eu-west-1.amazonaws.com\/static\/2022\/08\/09121512\/Dakar-2021-dia-11-Isidre-Esteve-arena-2.jpg\"\n                alt=\"Isidre Esteve pilotando en una pista de arena en el Dakar 2021 d\u00eda 11\"\n                title=\"Dakar-2021-dia-11-Isidre-Esteve-arena\"\/><br \/>\n            <noscript><img decoding=\"async\" src=\"https:\/\/bxrepsol.s3.eu-west-1.amazonaws.com\/static\/2022\/08\/09121512\/Dakar-2021-dia-11-Isidre-Esteve-arena-2.jpg\" alt=\"Isidre Esteve pilotando en una pista de arena en el Dakar 2021 d\u00eda 11\"><\/noscript>\n        <\/picture><figcaption>Isidre Esteve pilotando en una pista de arena en el Dakar 2021 d\u00eda 11<\/figcaption><\/figure>\n<p><\/a><\/p>\n<p>El ilerdense de Repsol, MGS Seguros, KH-7 y Toyota Espa\u00f1a subrayaba que \u201clo positivo es que no hemos tenido que esperar al cami\u00f3n de asistencia r\u00e1pida gracias a que Txema ha conseguido solucionar el problema solo, porque de lo contrario hubi\u00e9ramos perdido a\u00fan m\u00e1s tiempo. Esta noche los t\u00e9cnicos dejar\u00e1n el coche listo para salir ma\u00f1ana a la \u00faltima etapa\u201d.<\/p>\n<p>El de Oliana recordaba que \u201cmec\u00e1nicamente el Dakar 2021 est\u00e1 resultando muy exigente y ya sab\u00edamos que esta carrera no se acaba hasta que llegas al final, para lo bueno y para lo malo. Hoy no estamos todo lo contentos que querr\u00edamos, pero s\u00ed satisfechos del trabajo realizado\u201d.<\/p>\n<p>En la general, el Repsol Rally Team pasa a ocupar la 28\u00aa plaza, a falta de la \u00faltima etapa de ma\u00f1ana, entre Yanbu y Jeddah, donde tras completar 225 kil\u00f3metros cronometrados y 227 de enlace les aguardar\u00e1 el podio de llegada. All\u00ed esperan estar Isidre Esteve y Txema Villalobos con su Toyota Hilux con los mandos adaptados en el volante por Guidosimplex.<\/p>\n<p>                <!-- Imagen relacionada --><br \/>\n        <img loading=\"lazy\" decoding=\"async\" width=\"404\" height=\"336\" src=\"https:\/\/bxrepsol.s3.eu-west-1.amazonaws.com\/static\/2022\/08\/09121513\/Dakar-2021-Isidre-Esteve-llegada-2.jpg\" alt=\"Isidre Esteve junto a su equipo y Toyota Hilux celebrando la llegada en el Dakar 2021 d\u00eda 12\" \/><br \/>\n                <!-- Categor\u00eda --><br \/>\n            Rally<br \/>\n        <!-- T\u00edtulo --><br \/>\n        <a href=\"https:\/\/www.boxrepsol.com\/es\/rally\/dakar-2021-dia-12-isidre-esteve-contento-competitivo\/\"><\/p>\n<h3>Dakar 2021 d\u00eda 12: Isidre Esteve acaba contento por ser m\u00e1s competitiv&#8230;<\/h3>\n<p>        <\/a><br \/>\n                    <!-- Fecha --><br \/>\n            hace 1 hora<\/p>\n","protected":false},"excerpt":{"rendered":"<p>El ilerdense se ha visto retrasado durante 1 hora y 40 minutos a causa de un contratiempo que su copiloto Txema Villalobos ha logrado solucionar.<\/p>\n","protected":false},"author":43146,"featured_media":42032,"comment_status":"open","ping_status":"open","sticky":false,"template":"","format":"standard","meta":{"footnotes":""},"categories":[27],"tags":[194,201,29,183],"class_list":["post-94811","post","type-post","status-publish","format-standard","hentry","category-rally","tag-194","tag-dakar","tag-isidre-esteve","tag-repsol-rally-team"],"yoast_head":"<!-- This site is optimized with the Yoast SEO plugin v27.3 - https:\/\/yoast.com\/product\/yoast-seo-wordpress\/ -->\n<title>Dakar 2021 d\u00eda 11: Isidre Esteve salva su momento m\u00e1s delicado en la pen\u00faltima etapa - Box Repsol<\/title>\n<meta name=\"description\" content=\"El ilerdense se ha visto retrasado durante 1 hora y 40 minutos a causa de un contratiempo que su copiloto Txema Villalobos ha logrado solucionar.\" \/>\n<link rel=\"canonical\" href=\"https:\/\/www.boxrepsol.com\/es\/rally\/dakar-2021-dia-11-isidre-esteve-momento-delicado\/\" \/>\n<meta property=\"og:locale\" content=\"es_ES\" \/>\n<meta property=\"og:type\" content=\"article\" \/>\n<meta property=\"og:title\" content=\"Dakar 2021 d\u00eda 11: Isidre Esteve salva su momento m\u00e1s delicado en la pen\u00faltima etapa - Box Repsol\" \/>\n<meta property=\"og:description\" content=\"El ilerdense se ha visto retrasado durante 1 hora y 40 minutos a causa de un contratiempo que su copiloto Txema Villalobos ha logrado solucionar.\" \/>\n<meta property=\"og:url\" content=\"https:\/\/www.boxrepsol.com\/es\/rally\/dakar-2021-dia-11-isidre-esteve-momento-delicado\/\" \/>\n<meta property=\"og:site_name\" content=\"Box Repsol\" \/>\n<meta property=\"article:publisher\" content=\"https:\/\/www.facebook.com\/BoxRepsol\" \/>\n<meta property=\"article:author\" content=\"https:\/\/www.facebook.com\/BoxRepsol\/\" \/>\n<meta property=\"article:published_time\" content=\"2021-01-15T02:00:00+00:00\" \/>\n<meta property=\"article:modified_time\" content=\"2024-04-18T08:51:00+00:00\" \/>\n<meta property=\"og:image\" content=\"https:\/\/bxrepsol.s3.eu-west-1.amazonaws.com\/static\/2022\/08\/09121515\/Dakar-2021-dia-11-Isidre-Esteve-toyota-hilux-3.jpg\" \/>\n\t<meta property=\"og:image:width\" content=\"1280\" \/>\n\t<meta property=\"og:image:height\" content=\"720\" \/>\n\t<meta property=\"og:image:type\" content=\"image\/jpeg\" \/>\n<meta name=\"author\" content=\"Redacci\u00f3n Box Repsol\" \/>\n<meta name=\"twitter:card\" content=\"summary_large_image\" \/>\n<meta name=\"twitter:creator\" content=\"@https:\/\/twitter.com\/box_repsol\" \/>\n<meta name=\"twitter:site\" content=\"@box_repsol\" \/>\n<meta name=\"twitter:label1\" content=\"Written by\" \/>\n\t<meta name=\"twitter:data1\" content=\"Redacci\u00f3n Box Repsol\" \/>\n\t<meta name=\"twitter:label2\" content=\"Est. reading time\" \/>\n\t<meta name=\"twitter:data2\" content=\"3 minutos\" \/>\n<script type=\"application\/ld+json\" class=\"yoast-schema-graph\">{\"@context\":\"https:\\\/\\\/schema.org\",\"@graph\":[{\"@type\":\"Article\",\"@id\":\"https:\\\/\\\/www.boxrepsol.com\\\/es\\\/rally\\\/dakar-2021-dia-11-isidre-esteve-momento-delicado\\\/#article\",\"isPartOf\":{\"@id\":\"https:\\\/\\\/www.boxrepsol.com\\\/es\\\/rally\\\/dakar-2021-dia-11-isidre-esteve-momento-delicado\\\/\"},\"author\":{\"name\":\"Redacci\u00f3n Box Repsol\",\"@id\":\"https:\\\/\\\/www.boxrepsol.com\\\/es\\\/#\\\/schema\\\/person\\\/c5c2138f2cca251b0ad92b7086bb60b7\"},\"headline\":\"Dakar 2021 d\u00eda 11: Isidre Esteve salva su momento m\u00e1s delicado en la pen\u00faltima etapa\",\"datePublished\":\"2021-01-15T02:00:00+00:00\",\"dateModified\":\"2024-04-18T08:51:00+00:00\",\"mainEntityOfPage\":{\"@id\":\"https:\\\/\\\/www.boxrepsol.com\\\/es\\\/rally\\\/dakar-2021-dia-11-isidre-esteve-momento-delicado\\\/\"},\"wordCount\":629,\"commentCount\":0,\"publisher\":{\"@id\":\"https:\\\/\\\/www.boxrepsol.com\\\/es\\\/#organization\"},\"image\":{\"@id\":\"https:\\\/\\\/www.boxrepsol.com\\\/es\\\/rally\\\/dakar-2021-dia-11-isidre-esteve-momento-delicado\\\/#primaryimage\"},\"thumbnailUrl\":\"https:\\\/\\\/bxrepsol.s3.eu-west-1.amazonaws.com\\\/static\\\/2022\\\/08\\\/09121515\\\/Dakar-2021-dia-11-Isidre-Esteve-toyota-hilux-3.jpg\",\"keywords\":[\"2021\",\"Dakar\",\"Isidre Esteve\",\"Repsol Rally Team\"],\"articleSection\":[\"Rally\"],\"inLanguage\":\"es\",\"potentialAction\":[{\"@type\":\"CommentAction\",\"name\":\"Comment\",\"target\":[\"https:\\\/\\\/www.boxrepsol.com\\\/es\\\/rally\\\/dakar-2021-dia-11-isidre-esteve-momento-delicado\\\/#respond\"]}]},{\"@type\":\"WebPage\",\"@id\":\"https:\\\/\\\/www.boxrepsol.com\\\/es\\\/rally\\\/dakar-2021-dia-11-isidre-esteve-momento-delicado\\\/\",\"url\":\"https:\\\/\\\/www.boxrepsol.com\\\/es\\\/rally\\\/dakar-2021-dia-11-isidre-esteve-momento-delicado\\\/\",\"name\":\"Dakar 2021 d\u00eda 11: Isidre Esteve salva su momento m\u00e1s delicado en la pen\u00faltima etapa - Box Repsol\",\"isPartOf\":{\"@id\":\"https:\\\/\\\/www.boxrepsol.com\\\/es\\\/#website\"},\"primaryImageOfPage\":{\"@id\":\"https:\\\/\\\/www.boxrepsol.com\\\/es\\\/rally\\\/dakar-2021-dia-11-isidre-esteve-momento-delicado\\\/#primaryimage\"},\"image\":{\"@id\":\"https:\\\/\\\/www.boxrepsol.com\\\/es\\\/rally\\\/dakar-2021-dia-11-isidre-esteve-momento-delicado\\\/#primaryimage\"},\"thumbnailUrl\":\"https:\\\/\\\/bxrepsol.s3.eu-west-1.amazonaws.com\\\/static\\\/2022\\\/08\\\/09121515\\\/Dakar-2021-dia-11-Isidre-Esteve-toyota-hilux-3.jpg\",\"datePublished\":\"2021-01-15T02:00:00+00:00\",\"dateModified\":\"2024-04-18T08:51:00+00:00\",\"description\":\"El ilerdense se ha visto retrasado durante 1 hora y 40 minutos a causa de un contratiempo que su copiloto Txema Villalobos ha logrado solucionar.\",\"breadcrumb\":{\"@id\":\"https:\\\/\\\/www.boxrepsol.com\\\/es\\\/rally\\\/dakar-2021-dia-11-isidre-esteve-momento-delicado\\\/#breadcrumb\"},\"inLanguage\":\"es\",\"potentialAction\":[{\"@type\":\"ReadAction\",\"target\":[\"https:\\\/\\\/www.boxrepsol.com\\\/es\\\/rally\\\/dakar-2021-dia-11-isidre-esteve-momento-delicado\\\/\"]}]},{\"@type\":\"ImageObject\",\"inLanguage\":\"es\",\"@id\":\"https:\\\/\\\/www.boxrepsol.com\\\/es\\\/rally\\\/dakar-2021-dia-11-isidre-esteve-momento-delicado\\\/#primaryimage\",\"url\":\"https:\\\/\\\/bxrepsol.s3.eu-west-1.amazonaws.com\\\/static\\\/2022\\\/08\\\/09121515\\\/Dakar-2021-dia-11-Isidre-Esteve-toyota-hilux-3.jpg\",\"contentUrl\":\"https:\\\/\\\/bxrepsol.s3.eu-west-1.amazonaws.com\\\/static\\\/2022\\\/08\\\/09121515\\\/Dakar-2021-dia-11-Isidre-Esteve-toyota-hilux-3.jpg\",\"width\":1280,\"height\":720,\"caption\":\"Isidre Esteve en su Toyota Hilux en el Dakar 2021 d\u00eda 11\"},{\"@type\":\"BreadcrumbList\",\"@id\":\"https:\\\/\\\/www.boxrepsol.com\\\/es\\\/rally\\\/dakar-2021-dia-11-isidre-esteve-momento-delicado\\\/#breadcrumb\",\"itemListElement\":[{\"@type\":\"ListItem\",\"position\":1,\"name\":\"Home\",\"item\":\"https:\\\/\\\/www.boxrepsol.com\\\/es\\\/\"},{\"@type\":\"ListItem\",\"position\":2,\"name\":\"Dakar 2021 d\u00eda 11: Isidre Esteve salva su momento m\u00e1s delicado en la pen\u00faltima etapa\"}]},{\"@type\":\"WebSite\",\"@id\":\"https:\\\/\\\/www.boxrepsol.com\\\/es\\\/#website\",\"url\":\"https:\\\/\\\/www.boxrepsol.com\\\/es\\\/\",\"name\":\"Box Repsol\",\"description\":\"Box Repsol Site\",\"publisher\":{\"@id\":\"https:\\\/\\\/www.boxrepsol.com\\\/es\\\/#organization\"},\"potentialAction\":[{\"@type\":\"SearchAction\",\"target\":{\"@type\":\"EntryPoint\",\"urlTemplate\":\"https:\\\/\\\/www.boxrepsol.com\\\/es\\\/?s={search_term_string}\"},\"query-input\":{\"@type\":\"PropertyValueSpecification\",\"valueRequired\":true,\"valueName\":\"search_term_string\"}}],\"inLanguage\":\"es\"},{\"@type\":\"Organization\",\"@id\":\"https:\\\/\\\/www.boxrepsol.com\\\/es\\\/#organization\",\"name\":\"Box Repsol\",\"url\":\"https:\\\/\\\/www.boxrepsol.com\\\/es\\\/\",\"logo\":{\"@type\":\"ImageObject\",\"inLanguage\":\"es\",\"@id\":\"https:\\\/\\\/www.boxrepsol.com\\\/es\\\/#\\\/schema\\\/logo\\\/image\\\/\",\"url\":\"https:\\\/\\\/bxrepsol.s3.eu-west-1.amazonaws.com\\\/static\\\/2025\\\/07\\\/30083337\\\/favicon-96x96-1.png\",\"contentUrl\":\"https:\\\/\\\/bxrepsol.s3.eu-west-1.amazonaws.com\\\/static\\\/2025\\\/07\\\/30083337\\\/favicon-96x96-1.png\",\"width\":96,\"height\":96,\"caption\":\"Box Repsol\"},\"image\":{\"@id\":\"https:\\\/\\\/www.boxrepsol.com\\\/es\\\/#\\\/schema\\\/logo\\\/image\\\/\"},\"sameAs\":[\"https:\\\/\\\/www.facebook.com\\\/BoxRepsol\",\"https:\\\/\\\/x.com\\\/box_repsol\",\"http:\\\/\\\/instagram.com\\\/box_repsol\",\"https:\\\/\\\/www.youtube.com\\\/user\\\/RepsolCompeticion\",\"https:\\\/\\\/www.flickr.com\\\/photos\\\/box_repsol\\\/\"]},{\"@type\":\"Person\",\"@id\":\"https:\\\/\\\/www.boxrepsol.com\\\/es\\\/#\\\/schema\\\/person\\\/c5c2138f2cca251b0ad92b7086bb60b7\",\"name\":\"Redacci\u00f3n Box Repsol\",\"image\":{\"@type\":\"ImageObject\",\"inLanguage\":\"es\",\"@id\":\"https:\\\/\\\/secure.gravatar.com\\\/avatar\\\/adf7b77e38b4419baf32c7e9c21dde01f4e40df611f0978e3006fc4ba0aaab7e?s=96&d=mm&r=g\",\"url\":\"https:\\\/\\\/secure.gravatar.com\\\/avatar\\\/adf7b77e38b4419baf32c7e9c21dde01f4e40df611f0978e3006fc4ba0aaab7e?s=96&d=mm&r=g\",\"contentUrl\":\"https:\\\/\\\/secure.gravatar.com\\\/avatar\\\/adf7b77e38b4419baf32c7e9c21dde01f4e40df611f0978e3006fc4ba0aaab7e?s=96&d=mm&r=g\",\"caption\":\"Redacci\u00f3n Box Repsol\"},\"description\":\"Box Repsol lo forma un equipo de periodistas, community managers, dise\u00f1adores y fot\u00f3grafos con m\u00e1s de 20 a\u00f1os de experiencia en el mundo del motorsport. Hemos vivido el primer mundial de un espa\u00f1ol en la categor\u00eda reina de motociclismo con \u00c1lex Crivill\u00e9, estuvimos en las victorias de Pedrosa y los t\u00edtulos de M\u00e1rquez, acompa\u00f1amos en \u00c1frica a Nani Roma y Marc Coma en sus conquistas del Dakar y hemos vibrado con los t\u00edtulos de Toni Bou en Trial. Adem\u00e1s, en nuestro equipo contamos con expertos en el mundo de las dos y cuatro ruedas tanto de la calle y las carreteras, como de los circuitos. Periodistas que han trabajado en revistas y publicaciones para hacerte llegar desde rutas y consejos de mantenimiento, a curiosidades y trucos de pilotaje.\",\"sameAs\":[\"https:\\\/\\\/www.facebook.com\\\/BoxRepsol\\\/\",\"https:\\\/\\\/www.instagram.com\\\/box_repsol\\\/\",\"https:\\\/\\\/x.com\\\/https:\\\/\\\/twitter.com\\\/box_repsol\",\"https:\\\/\\\/www.youtube.com\\\/@Boxrepsol\"],\"url\":\"https:\\\/\\\/www.boxrepsol.com\\\/es\\\/author\\\/redaccion-box-repsol\\\/\"}]}<\/script>\n<!-- \/ Yoast SEO plugin. -->","yoast_head_json":{"title":"Dakar 2021 d\u00eda 11: Isidre Esteve salva su momento m\u00e1s delicado en la pen\u00faltima etapa - Box Repsol","description":"El ilerdense se ha visto retrasado durante 1 hora y 40 minutos a causa de un contratiempo que su copiloto Txema Villalobos ha logrado solucionar.","canonical":"https:\/\/www.boxrepsol.com\/es\/rally\/dakar-2021-dia-11-isidre-esteve-momento-delicado\/","og_locale":"es_ES","og_type":"article","og_title":"Dakar 2021 d\u00eda 11: Isidre Esteve salva su momento m\u00e1s delicado en la pen\u00faltima etapa - Box Repsol","og_description":"El ilerdense se ha visto retrasado durante 1 hora y 40 minutos a causa de un contratiempo que su copiloto Txema Villalobos ha logrado solucionar.","og_url":"https:\/\/www.boxrepsol.com\/es\/rally\/dakar-2021-dia-11-isidre-esteve-momento-delicado\/","og_site_name":"Box Repsol","article_publisher":"https:\/\/www.facebook.com\/BoxRepsol","article_author":"https:\/\/www.facebook.com\/BoxRepsol\/","article_published_time":"2021-01-15T02:00:00+00:00","article_modified_time":"2024-04-18T08:51:00+00:00","og_image":[{"width":1280,"height":720,"url":"https:\/\/bxrepsol.s3.eu-west-1.amazonaws.com\/static\/2022\/08\/09121515\/Dakar-2021-dia-11-Isidre-Esteve-toyota-hilux-3.jpg","type":"image\/jpeg"}],"author":"Redacci\u00f3n Box Repsol","twitter_card":"summary_large_image","twitter_creator":"@https:\/\/twitter.com\/box_repsol","twitter_site":"@box_repsol","twitter_misc":{"Written by":"Redacci\u00f3n Box Repsol","Est. reading time":"3 minutos"},"schema":{"@context":"https:\/\/schema.org","@graph":[{"@type":"Article","@id":"https:\/\/www.boxrepsol.com\/es\/rally\/dakar-2021-dia-11-isidre-esteve-momento-delicado\/#article","isPartOf":{"@id":"https:\/\/www.boxrepsol.com\/es\/rally\/dakar-2021-dia-11-isidre-esteve-momento-delicado\/"},"author":{"name":"Redacci\u00f3n Box Repsol","@id":"https:\/\/www.boxrepsol.com\/es\/#\/schema\/person\/c5c2138f2cca251b0ad92b7086bb60b7"},"headline":"Dakar 2021 d\u00eda 11: Isidre Esteve salva su momento m\u00e1s delicado en la pen\u00faltima etapa","datePublished":"2021-01-15T02:00:00+00:00","dateModified":"2024-04-18T08:51:00+00:00","mainEntityOfPage":{"@id":"https:\/\/www.boxrepsol.com\/es\/rally\/dakar-2021-dia-11-isidre-esteve-momento-delicado\/"},"wordCount":629,"commentCount":0,"publisher":{"@id":"https:\/\/www.boxrepsol.com\/es\/#organization"},"image":{"@id":"https:\/\/www.boxrepsol.com\/es\/rally\/dakar-2021-dia-11-isidre-esteve-momento-delicado\/#primaryimage"},"thumbnailUrl":"https:\/\/bxrepsol.s3.eu-west-1.amazonaws.com\/static\/2022\/08\/09121515\/Dakar-2021-dia-11-Isidre-Esteve-toyota-hilux-3.jpg","keywords":["2021","Dakar","Isidre Esteve","Repsol Rally Team"],"articleSection":["Rally"],"inLanguage":"es","potentialAction":[{"@type":"CommentAction","name":"Comment","target":["https:\/\/www.boxrepsol.com\/es\/rally\/dakar-2021-dia-11-isidre-esteve-momento-delicado\/#respond"]}]},{"@type":"WebPage","@id":"https:\/\/www.boxrepsol.com\/es\/rally\/dakar-2021-dia-11-isidre-esteve-momento-delicado\/","url":"https:\/\/www.boxrepsol.com\/es\/rally\/dakar-2021-dia-11-isidre-esteve-momento-delicado\/","name":"Dakar 2021 d\u00eda 11: Isidre Esteve salva su momento m\u00e1s delicado en la pen\u00faltima etapa - Box Repsol","isPartOf":{"@id":"https:\/\/www.boxrepsol.com\/es\/#website"},"primaryImageOfPage":{"@id":"https:\/\/www.boxrepsol.com\/es\/rally\/dakar-2021-dia-11-isidre-esteve-momento-delicado\/#primaryimage"},"image":{"@id":"https:\/\/www.boxrepsol.com\/es\/rally\/dakar-2021-dia-11-isidre-esteve-momento-delicado\/#primaryimage"},"thumbnailUrl":"https:\/\/bxrepsol.s3.eu-west-1.amazonaws.com\/static\/2022\/08\/09121515\/Dakar-2021-dia-11-Isidre-Esteve-toyota-hilux-3.jpg","datePublished":"2021-01-15T02:00:00+00:00","dateModified":"2024-04-18T08:51:00+00:00","description":"El ilerdense se ha visto retrasado durante 1 hora y 40 minutos a causa de un contratiempo que su copiloto Txema Villalobos ha logrado solucionar.","breadcrumb":{"@id":"https:\/\/www.boxrepsol.com\/es\/rally\/dakar-2021-dia-11-isidre-esteve-momento-delicado\/#breadcrumb"},"inLanguage":"es","potentialAction":[{"@type":"ReadAction","target":["https:\/\/www.boxrepsol.com\/es\/rally\/dakar-2021-dia-11-isidre-esteve-momento-delicado\/"]}]},{"@type":"ImageObject","inLanguage":"es","@id":"https:\/\/www.boxrepsol.com\/es\/rally\/dakar-2021-dia-11-isidre-esteve-momento-delicado\/#primaryimage","url":"https:\/\/bxrepsol.s3.eu-west-1.amazonaws.com\/static\/2022\/08\/09121515\/Dakar-2021-dia-11-Isidre-Esteve-toyota-hilux-3.jpg","contentUrl":"https:\/\/bxrepsol.s3.eu-west-1.amazonaws.com\/static\/2022\/08\/09121515\/Dakar-2021-dia-11-Isidre-Esteve-toyota-hilux-3.jpg","width":1280,"height":720,"caption":"Isidre Esteve en su Toyota Hilux en el Dakar 2021 d\u00eda 11"},{"@type":"BreadcrumbList","@id":"https:\/\/www.boxrepsol.com\/es\/rally\/dakar-2021-dia-11-isidre-esteve-momento-delicado\/#breadcrumb","itemListElement":[{"@type":"ListItem","position":1,"name":"Home","item":"https:\/\/www.boxrepsol.com\/es\/"},{"@type":"ListItem","position":2,"name":"Dakar 2021 d\u00eda 11: Isidre Esteve salva su momento m\u00e1s delicado en la pen\u00faltima etapa"}]},{"@type":"WebSite","@id":"https:\/\/www.boxrepsol.com\/es\/#website","url":"https:\/\/www.boxrepsol.com\/es\/","name":"Box Repsol","description":"Box Repsol Site","publisher":{"@id":"https:\/\/www.boxrepsol.com\/es\/#organization"},"potentialAction":[{"@type":"SearchAction","target":{"@type":"EntryPoint","urlTemplate":"https:\/\/www.boxrepsol.com\/es\/?s={search_term_string}"},"query-input":{"@type":"PropertyValueSpecification","valueRequired":true,"valueName":"search_term_string"}}],"inLanguage":"es"},{"@type":"Organization","@id":"https:\/\/www.boxrepsol.com\/es\/#organization","name":"Box Repsol","url":"https:\/\/www.boxrepsol.com\/es\/","logo":{"@type":"ImageObject","inLanguage":"es","@id":"https:\/\/www.boxrepsol.com\/es\/#\/schema\/logo\/image\/","url":"https:\/\/bxrepsol.s3.eu-west-1.amazonaws.com\/static\/2025\/07\/30083337\/favicon-96x96-1.png","contentUrl":"https:\/\/bxrepsol.s3.eu-west-1.amazonaws.com\/static\/2025\/07\/30083337\/favicon-96x96-1.png","width":96,"height":96,"caption":"Box Repsol"},"image":{"@id":"https:\/\/www.boxrepsol.com\/es\/#\/schema\/logo\/image\/"},"sameAs":["https:\/\/www.facebook.com\/BoxRepsol","https:\/\/x.com\/box_repsol","http:\/\/instagram.com\/box_repsol","https:\/\/www.youtube.com\/user\/RepsolCompeticion","https:\/\/www.flickr.com\/photos\/box_repsol\/"]},{"@type":"Person","@id":"https:\/\/www.boxrepsol.com\/es\/#\/schema\/person\/c5c2138f2cca251b0ad92b7086bb60b7","name":"Redacci\u00f3n Box Repsol","image":{"@type":"ImageObject","inLanguage":"es","@id":"https:\/\/secure.gravatar.com\/avatar\/adf7b77e38b4419baf32c7e9c21dde01f4e40df611f0978e3006fc4ba0aaab7e?s=96&d=mm&r=g","url":"https:\/\/secure.gravatar.com\/avatar\/adf7b77e38b4419baf32c7e9c21dde01f4e40df611f0978e3006fc4ba0aaab7e?s=96&d=mm&r=g","contentUrl":"https:\/\/secure.gravatar.com\/avatar\/adf7b77e38b4419baf32c7e9c21dde01f4e40df611f0978e3006fc4ba0aaab7e?s=96&d=mm&r=g","caption":"Redacci\u00f3n Box Repsol"},"description":"Box Repsol lo forma un equipo de periodistas, community managers, dise\u00f1adores y fot\u00f3grafos con m\u00e1s de 20 a\u00f1os de experiencia en el mundo del motorsport. Hemos vivido el primer mundial de un espa\u00f1ol en la categor\u00eda reina de motociclismo con \u00c1lex Crivill\u00e9, estuvimos en las victorias de Pedrosa y los t\u00edtulos de M\u00e1rquez, acompa\u00f1amos en \u00c1frica a Nani Roma y Marc Coma en sus conquistas del Dakar y hemos vibrado con los t\u00edtulos de Toni Bou en Trial. Adem\u00e1s, en nuestro equipo contamos con expertos en el mundo de las dos y cuatro ruedas tanto de la calle y las carreteras, como de los circuitos. Periodistas que han trabajado en revistas y publicaciones para hacerte llegar desde rutas y consejos de mantenimiento, a curiosidades y trucos de pilotaje.","sameAs":["https:\/\/www.facebook.com\/BoxRepsol\/","https:\/\/www.instagram.com\/box_repsol\/","https:\/\/x.com\/https:\/\/twitter.com\/box_repsol","https:\/\/www.youtube.com\/@Boxrepsol"],"url":"https:\/\/www.boxrepsol.com\/es\/author\/redaccion-box-repsol\/"}]}},"_links":{"self":[{"href":"https:\/\/www.boxrepsol.com\/es\/wp-json\/wp\/v2\/posts\/94811","targetHints":{"allow":["GET"]}}],"collection":[{"href":"https:\/\/www.boxrepsol.com\/es\/wp-json\/wp\/v2\/posts"}],"about":[{"href":"https:\/\/www.boxrepsol.com\/es\/wp-json\/wp\/v2\/types\/post"}],"author":[{"embeddable":true,"href":"https:\/\/www.boxrepsol.com\/es\/wp-json\/wp\/v2\/users\/43146"}],"replies":[{"embeddable":true,"href":"https:\/\/www.boxrepsol.com\/es\/wp-json\/wp\/v2\/comments?post=94811"}],"version-history":[{"count":1,"href":"https:\/\/www.boxrepsol.com\/es\/wp-json\/wp\/v2\/posts\/94811\/revisions"}],"predecessor-version":[{"id":94812,"href":"https:\/\/www.boxrepsol.com\/es\/wp-json\/wp\/v2\/posts\/94811\/revisions\/94812"}],"wp:featuredmedia":[{"embeddable":true,"href":"https:\/\/www.boxrepsol.com\/es\/wp-json\/wp\/v2\/media\/42032"}],"wp:attachment":[{"href":"https:\/\/www.boxrepsol.com\/es\/wp-json\/wp\/v2\/media?parent=94811"}],"wp:term":[{"taxonomy":"category","embeddable":true,"href":"https:\/\/www.boxrepsol.com\/es\/wp-json\/wp\/v2\/categories?post=94811"},{"taxonomy":"post_tag","embeddable":true,"href":"https:\/\/www.boxrepsol.com\/es\/wp-json\/wp\/v2\/tags?post=94811"}],"curies":[{"name":"wp","href":"https:\/\/api.w.org\/{rel}","templated":true}]}}