{"id":94808,"date":"2021-01-14T00:00:00","date_gmt":"2021-01-14T02:00:00","guid":{"rendered":"http:\/\/pre.boxrepsol.com\/sin-categorizar\/dakar-2021-dia-10-isidre-esteve-supera-etapa-horrible\/"},"modified":"2024-04-18T06:52:22","modified_gmt":"2024-04-18T08:52:22","slug":"dakar-2021-dia-10-isidre-esteve-supera-etapa-horrible","status":"publish","type":"post","link":"https:\/\/www.boxrepsol.com\/es\/rally\/dakar-2021-dia-10-isidre-esteve-supera-etapa-horrible\/","title":{"rendered":"Dakar 2021 d\u00eda 10: Isidre Esteve supera una etapa que califica de \u201chorrible\u201d"},"content":{"rendered":"<p>\u201cHa sido un d\u00eda muy dif\u00edcil: donde pod\u00edamos ir a 180 km\/h, \u00edbamos a menos de 50 e incluso nos hemos tenido que parar varias veces porque no ve\u00edamos nada\u201d.<\/p>\n<p>\u201cDicen que la de ma\u00f1ana ser\u00e1 una de las especiales m\u00e1s dif\u00edciles del Dakar y tenemos muchas ganas de disputarla\u201d.<\/p>\n<p>                <!-- Imagen relacionada --><br \/>\n        <img loading=\"lazy\" decoding=\"async\" width=\"404\" height=\"336\" src=\"https:\/\/bxrepsol.s3.eu-west-1.amazonaws.com\/static\/2022\/08\/09121448\/Dakar-2021-dia-9-Isidre-Esteve-pista-2.jpg\" alt=\"Isidre Esteve pilotando en una pista en el Dakar 2021 d\u00eda 9\" \/><br \/>\n                <!-- Categor\u00eda --><br \/>\n            Rally<br \/>\n        <!-- T\u00edtulo --><br \/>\n        <a href=\"https:\/\/www.boxrepsol.com\/es\/rally\/dakar-2021-dia-9-pinchazo-isidre-esteve\/\"><\/p>\n<h3>Dakar 2021 d\u00eda 9: Un pinchazo rompe el buen ritmo de Isidre Esteve<\/h3>\n<p>        <\/a><br \/>\n                    <!-- Fecha --><br \/>\n            hace 1 hora        <\/p>\n<p>Isidre Esteve ha superado una etapa 10 del Dakar 2021 que ha resultado mucho m\u00e1s complicada de lo que se preve\u00eda inicialmente, por la falta de visibilidad. Sin embargo, el piloto del Repsol Rally Team ha finalizado hoy en 30\u00aa posici\u00f3n y consigue escalar un lugar en la general, para situarse en el puesto 22\u00ba.<\/p>\n<p>La etapa de este mi\u00e9rcoles part\u00eda desde Neom y finalizaba en AlUla, despu\u00e9s de 241 kil\u00f3metros de enlace y otros 342 de carrera. Un d\u00eda m\u00e1s, los participantes se han visto claramente afectados por el polvo, todo un h\u00e1ndicap para encontrar un buen ritmo. Al margen de ello, Isidre y su copiloto Txema Villalobos no han tenido ning\u00fan problema ni mec\u00e1nico, ni de navegaci\u00f3n.<\/p>\n<p><a href=\"https:\/\/bxrepsol.s3.eu-west-1.amazonaws.com\/static\/2022\/08\/09121501\/Dakar-2021-dia-10-Isidre-Esteve-arena-2.jpg\" \n   title=\"Isidre Esteve pilotando en una pista de arena en el Dakar 2021 d\u00eda 10\" \n   data-gallery-thumbnail=\"https:\/\/bxrepsol.s3.eu-west-1.amazonaws.com\/static\/2022\/08\/09121501\/Dakar-2021-dia-10-Isidre-Esteve-arena-2.jpg\"\n   data-gallery-title=\"\"\n   data-gallery><\/p>\n<figure>\n        <picture style=\"padding-bottom: 56.25%; background-image: url(https:\/\/bxrepsol.s3.eu-west-1.amazonaws.com\/static\/2022\/08\/09121501\/Dakar-2021-dia-10-Isidre-Esteve-arena-2.jpg);\">\n            <img decoding=\"async\" src=\"https:\/\/bxrepsol.s3.eu-west-1.amazonaws.com\/static\/2022\/08\/09121501\/Dakar-2021-dia-10-Isidre-Esteve-arena-2.jpg\"><br \/>\n            <img itemprop=\"image\"\n                data-srcset=\"https:\/\/bxrepsol.s3.eu-west-1.amazonaws.com\/static\/2022\/08\/09121501\/Dakar-2021-dia-10-Isidre-Esteve-arena-2.jpg 480w, https:\/\/bxrepsol.s3.eu-west-1.amazonaws.com\/static\/2022\/08\/09121501\/Dakar-2021-dia-10-Isidre-Esteve-arena-2.jpg 600w, https:\/\/bxrepsol.s3.eu-west-1.amazonaws.com\/static\/2022\/08\/09121501\/Dakar-2021-dia-10-Isidre-Esteve-arena-2.jpg 900w, https:\/\/bxrepsol.s3.eu-west-1.amazonaws.com\/static\/2022\/08\/09121501\/Dakar-2021-dia-10-Isidre-Esteve-arena-2.jpg 1280w\"\n                data-src=\"https:\/\/bxrepsol.s3.eu-west-1.amazonaws.com\/static\/2022\/08\/09121501\/Dakar-2021-dia-10-Isidre-Esteve-arena-2.jpg\"\n                alt=\"Isidre Esteve pilotando en una pista de arena en el Dakar 2021 d\u00eda 10\"\n                title=\"Dakar-2021-dia-10-Isidre-Esteve-arena\"\/><br \/>\n            <noscript><img decoding=\"async\" src=\"https:\/\/bxrepsol.s3.eu-west-1.amazonaws.com\/static\/2022\/08\/09121501\/Dakar-2021-dia-10-Isidre-Esteve-arena-2.jpg\" alt=\"Isidre Esteve pilotando en una pista de arena en el Dakar 2021 d\u00eda 10\"><\/noscript>\n        <\/picture><figcaption>Isidre Esteve pilotando en una pista de arena en el Dakar 2021 d\u00eda 10<\/figcaption><\/figure>\n<p><\/a><\/p>\n<p>\u201cLo que deb\u00eda ser un d\u00eda f\u00e1cil ha acabado resultando horrible por culpa del polvo que levantaban los camiones en pistas sin espacio para adelantar. Donde pod\u00edamos ir a 180 km\/h, \u00edbamos a menos de 50 e incluso nos hemos tenido que parar varias veces por seguridad, ya que no ve\u00edamos nada\u201d, lamentaba Isidre Esteve en meta.<\/p>\n<p>El Repsol Rally Team ha invertido 3 horas, 30 minutos y 38 segundos en completar la especial, es decir, 26&#8242; 41\u00bb m\u00e1s que el vencedor, el saud\u00ed Yazeed Al-Rajhi (Toyota). En la general, Isidre Esteve recupera una posici\u00f3n y ya figura 22\u00ba con un tiempo total de 44h 52&#8242; 56\u00bb.<\/p>\n<p><a href=\"https:\/\/bxrepsol.s3.eu-west-1.amazonaws.com\/static\/2022\/08\/09121502\/Dakar-2021-dia-10-Isidre-Esteve-toyota-2.jpg\" \n   title=\"Isidre Esteve en su Toyota Hilux en el Dakar 2021 d\u00eda 10\" \n   data-gallery-thumbnail=\"https:\/\/bxrepsol.s3.eu-west-1.amazonaws.com\/static\/2022\/08\/09121502\/Dakar-2021-dia-10-Isidre-Esteve-toyota-2.jpg\"\n   data-gallery-title=\"\"\n   data-gallery><\/p>\n<figure>\n        <picture style=\"padding-bottom: 56.25%; background-image: url(https:\/\/bxrepsol.s3.eu-west-1.amazonaws.com\/static\/2022\/08\/09121502\/Dakar-2021-dia-10-Isidre-Esteve-toyota-2.jpg);\">\n            <img decoding=\"async\" src=\"https:\/\/bxrepsol.s3.eu-west-1.amazonaws.com\/static\/2022\/08\/09121502\/Dakar-2021-dia-10-Isidre-Esteve-toyota-2.jpg\"><br \/>\n            <img itemprop=\"image\"\n                data-srcset=\"https:\/\/bxrepsol.s3.eu-west-1.amazonaws.com\/static\/2022\/08\/09121502\/Dakar-2021-dia-10-Isidre-Esteve-toyota-2.jpg 480w, https:\/\/bxrepsol.s3.eu-west-1.amazonaws.com\/static\/2022\/08\/09121502\/Dakar-2021-dia-10-Isidre-Esteve-toyota-2.jpg 600w, https:\/\/bxrepsol.s3.eu-west-1.amazonaws.com\/static\/2022\/08\/09121502\/Dakar-2021-dia-10-Isidre-Esteve-toyota-2.jpg 900w, https:\/\/bxrepsol.s3.eu-west-1.amazonaws.com\/static\/2022\/08\/09121502\/Dakar-2021-dia-10-Isidre-Esteve-toyota-2.jpg 1280w\"\n                data-src=\"https:\/\/bxrepsol.s3.eu-west-1.amazonaws.com\/static\/2022\/08\/09121502\/Dakar-2021-dia-10-Isidre-Esteve-toyota-2.jpg\"\n                alt=\"Isidre Esteve en su Toyota Hilux en el Dakar 2021 d\u00eda 10\"\n                title=\"Dakar-2021-dia-10-Isidre-Esteve-toyota\"\/><br \/>\n            <noscript><img decoding=\"async\" src=\"https:\/\/bxrepsol.s3.eu-west-1.amazonaws.com\/static\/2022\/08\/09121502\/Dakar-2021-dia-10-Isidre-Esteve-toyota-2.jpg\" alt=\"Isidre Esteve en su Toyota Hilux en el Dakar 2021 d\u00eda 10\"><\/noscript>\n        <\/picture><figcaption>Isidre Esteve en su Toyota Hilux en el Dakar 2021 d\u00eda 10<\/figcaption><\/figure>\n<p><\/a><\/p>\n<p>\u201cLa jornada de ma\u00f1ana volver\u00e1 a ser muy exigente y seguro que provocar\u00e1 alguna sorpresa. Dicen que ser\u00e1 una de las especiales m\u00e1s dif\u00edciles del Dakar y tenemos much\u00edsimas ganas de disputarla. Todav\u00eda falta mucho para llegar a la meta\u201d, recuerda el piloto de Repsol, MGS Seguros, KH-7 y Toyota Espa\u00f1a.<\/p>\n<p>La pen\u00faltima etapa transcurrir\u00e1 entre AlUla y Yanbu y albergar\u00e1 otra exigente especial de 464 kil\u00f3metros que significar\u00e1 un nuevo examen para el Repsol Rally Team de Isidre Esteve y Txema Villalobos.<\/p>\n<p>                <!-- Imagen relacionada --><br \/>\n        <img loading=\"lazy\" decoding=\"async\" width=\"404\" height=\"336\" src=\"https:\/\/bxrepsol.s3.eu-west-1.amazonaws.com\/static\/2022\/08\/09121504\/Dakar-2021-dia-11-Isidre-Esteve-toyota-hilux-2.jpg\" alt=\"Isidre Esteve en su Toyota Hilux en el Dakar 2021 d\u00eda 11\" \/><br \/>\n                <!-- Categor\u00eda --><br \/>\n            Rally<br \/>\n        <!-- T\u00edtulo --><br \/>\n        <a href=\"https:\/\/www.boxrepsol.com\/es\/rally\/dakar-2021-dia-11-isidre-esteve-momento-delicado\/\"><\/p>\n<h3>Dakar 2021 d\u00eda 11: Isidre Esteve salva su momento m\u00e1s delicado en la p&#8230;<\/h3>\n<p>        <\/a><br \/>\n                    <!-- Fecha --><br \/>\n            hace 1 hora<\/p>\n","protected":false},"excerpt":{"rendered":"<p>El piloto del Repsol Rally Team lamenta no haber podido imprimir m\u00e1s velocidad a su Toyota Hilux Overdrive por culpa de la polvareda levantada por los camiones.<\/p>\n","protected":false},"author":43146,"featured_media":42015,"comment_status":"open","ping_status":"open","sticky":false,"template":"","format":"standard","meta":{"footnotes":""},"categories":[27],"tags":[194,201,29,183],"class_list":["post-94808","post","type-post","status-publish","format-standard","hentry","category-rally","tag-194","tag-dakar","tag-isidre-esteve","tag-repsol-rally-team"],"yoast_head":"<!-- This site is optimized with the Yoast SEO plugin v27.3 - https:\/\/yoast.com\/product\/yoast-seo-wordpress\/ -->\n<title>Dakar 2021 d\u00eda 10: Isidre Esteve supera una etapa que califica de \u201chorrible\u201d - Box Repsol<\/title>\n<meta name=\"description\" content=\"El piloto del Repsol Rally Team lamenta no haber podido imprimir m\u00e1s velocidad a su Toyota Hilux Overdrive por culpa del polvo levantado por los camiones.\" \/>\n<link rel=\"canonical\" href=\"https:\/\/www.boxrepsol.com\/es\/rally\/dakar-2021-dia-10-isidre-esteve-supera-etapa-horrible\/\" \/>\n<meta property=\"og:locale\" content=\"es_ES\" \/>\n<meta property=\"og:type\" content=\"article\" \/>\n<meta property=\"og:title\" content=\"Dakar 2021 d\u00eda 10: Isidre Esteve supera una etapa que califica de \u201chorrible\u201d - Box Repsol\" \/>\n<meta property=\"og:description\" content=\"El piloto del Repsol Rally Team lamenta no haber podido imprimir m\u00e1s velocidad a su Toyota Hilux Overdrive por culpa del polvo levantado por los camiones.\" \/>\n<meta property=\"og:url\" content=\"https:\/\/www.boxrepsol.com\/es\/rally\/dakar-2021-dia-10-isidre-esteve-supera-etapa-horrible\/\" \/>\n<meta property=\"og:site_name\" content=\"Box Repsol\" \/>\n<meta property=\"article:publisher\" content=\"https:\/\/www.facebook.com\/BoxRepsol\" \/>\n<meta property=\"article:author\" content=\"https:\/\/www.facebook.com\/BoxRepsol\/\" \/>\n<meta property=\"article:published_time\" content=\"2021-01-14T02:00:00+00:00\" \/>\n<meta property=\"article:modified_time\" content=\"2024-04-18T08:52:22+00:00\" \/>\n<meta property=\"og:image\" content=\"https:\/\/bxrepsol.s3.eu-west-1.amazonaws.com\/static\/2022\/08\/09121505\/Dakar-2021-dia-10-Isidre-Esteve-polvo-3.jpg\" \/>\n\t<meta property=\"og:image:width\" content=\"1280\" \/>\n\t<meta property=\"og:image:height\" content=\"720\" \/>\n\t<meta property=\"og:image:type\" content=\"image\/jpeg\" \/>\n<meta name=\"author\" content=\"Redacci\u00f3n Box Repsol\" \/>\n<meta name=\"twitter:card\" content=\"summary_large_image\" \/>\n<meta name=\"twitter:creator\" content=\"@https:\/\/twitter.com\/box_repsol\" \/>\n<meta name=\"twitter:site\" content=\"@box_repsol\" \/>\n<meta name=\"twitter:label1\" content=\"Written by\" \/>\n\t<meta name=\"twitter:data1\" content=\"Redacci\u00f3n Box Repsol\" \/>\n\t<meta name=\"twitter:label2\" content=\"Est. reading time\" \/>\n\t<meta name=\"twitter:data2\" content=\"2 minutos\" \/>\n<script type=\"application\/ld+json\" class=\"yoast-schema-graph\">{\"@context\":\"https:\\\/\\\/schema.org\",\"@graph\":[{\"@type\":\"Article\",\"@id\":\"https:\\\/\\\/www.boxrepsol.com\\\/es\\\/rally\\\/dakar-2021-dia-10-isidre-esteve-supera-etapa-horrible\\\/#article\",\"isPartOf\":{\"@id\":\"https:\\\/\\\/www.boxrepsol.com\\\/es\\\/rally\\\/dakar-2021-dia-10-isidre-esteve-supera-etapa-horrible\\\/\"},\"author\":{\"name\":\"Redacci\u00f3n Box Repsol\",\"@id\":\"https:\\\/\\\/www.boxrepsol.com\\\/es\\\/#\\\/schema\\\/person\\\/c5c2138f2cca251b0ad92b7086bb60b7\"},\"headline\":\"Dakar 2021 d\u00eda 10: Isidre Esteve supera una etapa que califica de \u201chorrible\u201d\",\"datePublished\":\"2021-01-14T02:00:00+00:00\",\"dateModified\":\"2024-04-18T08:52:22+00:00\",\"mainEntityOfPage\":{\"@id\":\"https:\\\/\\\/www.boxrepsol.com\\\/es\\\/rally\\\/dakar-2021-dia-10-isidre-esteve-supera-etapa-horrible\\\/\"},\"wordCount\":445,\"commentCount\":0,\"publisher\":{\"@id\":\"https:\\\/\\\/www.boxrepsol.com\\\/es\\\/#organization\"},\"image\":{\"@id\":\"https:\\\/\\\/www.boxrepsol.com\\\/es\\\/rally\\\/dakar-2021-dia-10-isidre-esteve-supera-etapa-horrible\\\/#primaryimage\"},\"thumbnailUrl\":\"https:\\\/\\\/bxrepsol.s3.eu-west-1.amazonaws.com\\\/static\\\/2022\\\/08\\\/09121505\\\/Dakar-2021-dia-10-Isidre-Esteve-polvo-3.jpg\",\"keywords\":[\"2021\",\"Dakar\",\"Isidre Esteve\",\"Repsol Rally Team\"],\"articleSection\":[\"Rally\"],\"inLanguage\":\"es\",\"potentialAction\":[{\"@type\":\"CommentAction\",\"name\":\"Comment\",\"target\":[\"https:\\\/\\\/www.boxrepsol.com\\\/es\\\/rally\\\/dakar-2021-dia-10-isidre-esteve-supera-etapa-horrible\\\/#respond\"]}]},{\"@type\":\"WebPage\",\"@id\":\"https:\\\/\\\/www.boxrepsol.com\\\/es\\\/rally\\\/dakar-2021-dia-10-isidre-esteve-supera-etapa-horrible\\\/\",\"url\":\"https:\\\/\\\/www.boxrepsol.com\\\/es\\\/rally\\\/dakar-2021-dia-10-isidre-esteve-supera-etapa-horrible\\\/\",\"name\":\"Dakar 2021 d\u00eda 10: Isidre Esteve supera una etapa que califica de \u201chorrible\u201d - Box Repsol\",\"isPartOf\":{\"@id\":\"https:\\\/\\\/www.boxrepsol.com\\\/es\\\/#website\"},\"primaryImageOfPage\":{\"@id\":\"https:\\\/\\\/www.boxrepsol.com\\\/es\\\/rally\\\/dakar-2021-dia-10-isidre-esteve-supera-etapa-horrible\\\/#primaryimage\"},\"image\":{\"@id\":\"https:\\\/\\\/www.boxrepsol.com\\\/es\\\/rally\\\/dakar-2021-dia-10-isidre-esteve-supera-etapa-horrible\\\/#primaryimage\"},\"thumbnailUrl\":\"https:\\\/\\\/bxrepsol.s3.eu-west-1.amazonaws.com\\\/static\\\/2022\\\/08\\\/09121505\\\/Dakar-2021-dia-10-Isidre-Esteve-polvo-3.jpg\",\"datePublished\":\"2021-01-14T02:00:00+00:00\",\"dateModified\":\"2024-04-18T08:52:22+00:00\",\"description\":\"El piloto del Repsol Rally Team lamenta no haber podido imprimir m\u00e1s velocidad a su Toyota Hilux Overdrive por culpa del polvo levantado por los camiones.\",\"breadcrumb\":{\"@id\":\"https:\\\/\\\/www.boxrepsol.com\\\/es\\\/rally\\\/dakar-2021-dia-10-isidre-esteve-supera-etapa-horrible\\\/#breadcrumb\"},\"inLanguage\":\"es\",\"potentialAction\":[{\"@type\":\"ReadAction\",\"target\":[\"https:\\\/\\\/www.boxrepsol.com\\\/es\\\/rally\\\/dakar-2021-dia-10-isidre-esteve-supera-etapa-horrible\\\/\"]}]},{\"@type\":\"ImageObject\",\"inLanguage\":\"es\",\"@id\":\"https:\\\/\\\/www.boxrepsol.com\\\/es\\\/rally\\\/dakar-2021-dia-10-isidre-esteve-supera-etapa-horrible\\\/#primaryimage\",\"url\":\"https:\\\/\\\/bxrepsol.s3.eu-west-1.amazonaws.com\\\/static\\\/2022\\\/08\\\/09121505\\\/Dakar-2021-dia-10-Isidre-Esteve-polvo-3.jpg\",\"contentUrl\":\"https:\\\/\\\/bxrepsol.s3.eu-west-1.amazonaws.com\\\/static\\\/2022\\\/08\\\/09121505\\\/Dakar-2021-dia-10-Isidre-Esteve-polvo-3.jpg\",\"width\":1280,\"height\":720,\"caption\":\"Isidre Esteve pilotando en una pista de arena en el Dakar 2021 d\u00eda 10\"},{\"@type\":\"BreadcrumbList\",\"@id\":\"https:\\\/\\\/www.boxrepsol.com\\\/es\\\/rally\\\/dakar-2021-dia-10-isidre-esteve-supera-etapa-horrible\\\/#breadcrumb\",\"itemListElement\":[{\"@type\":\"ListItem\",\"position\":1,\"name\":\"Home\",\"item\":\"https:\\\/\\\/www.boxrepsol.com\\\/es\\\/\"},{\"@type\":\"ListItem\",\"position\":2,\"name\":\"Dakar 2021 d\u00eda 10: Isidre Esteve supera una etapa que califica de \u201chorrible\u201d\"}]},{\"@type\":\"WebSite\",\"@id\":\"https:\\\/\\\/www.boxrepsol.com\\\/es\\\/#website\",\"url\":\"https:\\\/\\\/www.boxrepsol.com\\\/es\\\/\",\"name\":\"Box Repsol\",\"description\":\"Box Repsol Site\",\"publisher\":{\"@id\":\"https:\\\/\\\/www.boxrepsol.com\\\/es\\\/#organization\"},\"potentialAction\":[{\"@type\":\"SearchAction\",\"target\":{\"@type\":\"EntryPoint\",\"urlTemplate\":\"https:\\\/\\\/www.boxrepsol.com\\\/es\\\/?s={search_term_string}\"},\"query-input\":{\"@type\":\"PropertyValueSpecification\",\"valueRequired\":true,\"valueName\":\"search_term_string\"}}],\"inLanguage\":\"es\"},{\"@type\":\"Organization\",\"@id\":\"https:\\\/\\\/www.boxrepsol.com\\\/es\\\/#organization\",\"name\":\"Box Repsol\",\"url\":\"https:\\\/\\\/www.boxrepsol.com\\\/es\\\/\",\"logo\":{\"@type\":\"ImageObject\",\"inLanguage\":\"es\",\"@id\":\"https:\\\/\\\/www.boxrepsol.com\\\/es\\\/#\\\/schema\\\/logo\\\/image\\\/\",\"url\":\"https:\\\/\\\/bxrepsol.s3.eu-west-1.amazonaws.com\\\/static\\\/2025\\\/07\\\/30083337\\\/favicon-96x96-1.png\",\"contentUrl\":\"https:\\\/\\\/bxrepsol.s3.eu-west-1.amazonaws.com\\\/static\\\/2025\\\/07\\\/30083337\\\/favicon-96x96-1.png\",\"width\":96,\"height\":96,\"caption\":\"Box Repsol\"},\"image\":{\"@id\":\"https:\\\/\\\/www.boxrepsol.com\\\/es\\\/#\\\/schema\\\/logo\\\/image\\\/\"},\"sameAs\":[\"https:\\\/\\\/www.facebook.com\\\/BoxRepsol\",\"https:\\\/\\\/x.com\\\/box_repsol\",\"http:\\\/\\\/instagram.com\\\/box_repsol\",\"https:\\\/\\\/www.youtube.com\\\/user\\\/RepsolCompeticion\",\"https:\\\/\\\/www.flickr.com\\\/photos\\\/box_repsol\\\/\"]},{\"@type\":\"Person\",\"@id\":\"https:\\\/\\\/www.boxrepsol.com\\\/es\\\/#\\\/schema\\\/person\\\/c5c2138f2cca251b0ad92b7086bb60b7\",\"name\":\"Redacci\u00f3n Box Repsol\",\"image\":{\"@type\":\"ImageObject\",\"inLanguage\":\"es\",\"@id\":\"https:\\\/\\\/secure.gravatar.com\\\/avatar\\\/adf7b77e38b4419baf32c7e9c21dde01f4e40df611f0978e3006fc4ba0aaab7e?s=96&d=mm&r=g\",\"url\":\"https:\\\/\\\/secure.gravatar.com\\\/avatar\\\/adf7b77e38b4419baf32c7e9c21dde01f4e40df611f0978e3006fc4ba0aaab7e?s=96&d=mm&r=g\",\"contentUrl\":\"https:\\\/\\\/secure.gravatar.com\\\/avatar\\\/adf7b77e38b4419baf32c7e9c21dde01f4e40df611f0978e3006fc4ba0aaab7e?s=96&d=mm&r=g\",\"caption\":\"Redacci\u00f3n Box Repsol\"},\"description\":\"Box Repsol lo forma un equipo de periodistas, community managers, dise\u00f1adores y fot\u00f3grafos con m\u00e1s de 20 a\u00f1os de experiencia en el mundo del motorsport. Hemos vivido el primer mundial de un espa\u00f1ol en la categor\u00eda reina de motociclismo con \u00c1lex Crivill\u00e9, estuvimos en las victorias de Pedrosa y los t\u00edtulos de M\u00e1rquez, acompa\u00f1amos en \u00c1frica a Nani Roma y Marc Coma en sus conquistas del Dakar y hemos vibrado con los t\u00edtulos de Toni Bou en Trial. Adem\u00e1s, en nuestro equipo contamos con expertos en el mundo de las dos y cuatro ruedas tanto de la calle y las carreteras, como de los circuitos. Periodistas que han trabajado en revistas y publicaciones para hacerte llegar desde rutas y consejos de mantenimiento, a curiosidades y trucos de pilotaje.\",\"sameAs\":[\"https:\\\/\\\/www.facebook.com\\\/BoxRepsol\\\/\",\"https:\\\/\\\/www.instagram.com\\\/box_repsol\\\/\",\"https:\\\/\\\/x.com\\\/https:\\\/\\\/twitter.com\\\/box_repsol\",\"https:\\\/\\\/www.youtube.com\\\/@Boxrepsol\"],\"url\":\"https:\\\/\\\/www.boxrepsol.com\\\/es\\\/author\\\/redaccion-box-repsol\\\/\"}]}<\/script>\n<!-- \/ Yoast SEO plugin. -->","yoast_head_json":{"title":"Dakar 2021 d\u00eda 10: Isidre Esteve supera una etapa que califica de \u201chorrible\u201d - Box Repsol","description":"El piloto del Repsol Rally Team lamenta no haber podido imprimir m\u00e1s velocidad a su Toyota Hilux Overdrive por culpa del polvo levantado por los camiones.","canonical":"https:\/\/www.boxrepsol.com\/es\/rally\/dakar-2021-dia-10-isidre-esteve-supera-etapa-horrible\/","og_locale":"es_ES","og_type":"article","og_title":"Dakar 2021 d\u00eda 10: Isidre Esteve supera una etapa que califica de \u201chorrible\u201d - Box Repsol","og_description":"El piloto del Repsol Rally Team lamenta no haber podido imprimir m\u00e1s velocidad a su Toyota Hilux Overdrive por culpa del polvo levantado por los camiones.","og_url":"https:\/\/www.boxrepsol.com\/es\/rally\/dakar-2021-dia-10-isidre-esteve-supera-etapa-horrible\/","og_site_name":"Box Repsol","article_publisher":"https:\/\/www.facebook.com\/BoxRepsol","article_author":"https:\/\/www.facebook.com\/BoxRepsol\/","article_published_time":"2021-01-14T02:00:00+00:00","article_modified_time":"2024-04-18T08:52:22+00:00","og_image":[{"width":1280,"height":720,"url":"https:\/\/bxrepsol.s3.eu-west-1.amazonaws.com\/static\/2022\/08\/09121505\/Dakar-2021-dia-10-Isidre-Esteve-polvo-3.jpg","type":"image\/jpeg"}],"author":"Redacci\u00f3n Box Repsol","twitter_card":"summary_large_image","twitter_creator":"@https:\/\/twitter.com\/box_repsol","twitter_site":"@box_repsol","twitter_misc":{"Written by":"Redacci\u00f3n Box Repsol","Est. reading time":"2 minutos"},"schema":{"@context":"https:\/\/schema.org","@graph":[{"@type":"Article","@id":"https:\/\/www.boxrepsol.com\/es\/rally\/dakar-2021-dia-10-isidre-esteve-supera-etapa-horrible\/#article","isPartOf":{"@id":"https:\/\/www.boxrepsol.com\/es\/rally\/dakar-2021-dia-10-isidre-esteve-supera-etapa-horrible\/"},"author":{"name":"Redacci\u00f3n Box Repsol","@id":"https:\/\/www.boxrepsol.com\/es\/#\/schema\/person\/c5c2138f2cca251b0ad92b7086bb60b7"},"headline":"Dakar 2021 d\u00eda 10: Isidre Esteve supera una etapa que califica de \u201chorrible\u201d","datePublished":"2021-01-14T02:00:00+00:00","dateModified":"2024-04-18T08:52:22+00:00","mainEntityOfPage":{"@id":"https:\/\/www.boxrepsol.com\/es\/rally\/dakar-2021-dia-10-isidre-esteve-supera-etapa-horrible\/"},"wordCount":445,"commentCount":0,"publisher":{"@id":"https:\/\/www.boxrepsol.com\/es\/#organization"},"image":{"@id":"https:\/\/www.boxrepsol.com\/es\/rally\/dakar-2021-dia-10-isidre-esteve-supera-etapa-horrible\/#primaryimage"},"thumbnailUrl":"https:\/\/bxrepsol.s3.eu-west-1.amazonaws.com\/static\/2022\/08\/09121505\/Dakar-2021-dia-10-Isidre-Esteve-polvo-3.jpg","keywords":["2021","Dakar","Isidre Esteve","Repsol Rally Team"],"articleSection":["Rally"],"inLanguage":"es","potentialAction":[{"@type":"CommentAction","name":"Comment","target":["https:\/\/www.boxrepsol.com\/es\/rally\/dakar-2021-dia-10-isidre-esteve-supera-etapa-horrible\/#respond"]}]},{"@type":"WebPage","@id":"https:\/\/www.boxrepsol.com\/es\/rally\/dakar-2021-dia-10-isidre-esteve-supera-etapa-horrible\/","url":"https:\/\/www.boxrepsol.com\/es\/rally\/dakar-2021-dia-10-isidre-esteve-supera-etapa-horrible\/","name":"Dakar 2021 d\u00eda 10: Isidre Esteve supera una etapa que califica de \u201chorrible\u201d - Box Repsol","isPartOf":{"@id":"https:\/\/www.boxrepsol.com\/es\/#website"},"primaryImageOfPage":{"@id":"https:\/\/www.boxrepsol.com\/es\/rally\/dakar-2021-dia-10-isidre-esteve-supera-etapa-horrible\/#primaryimage"},"image":{"@id":"https:\/\/www.boxrepsol.com\/es\/rally\/dakar-2021-dia-10-isidre-esteve-supera-etapa-horrible\/#primaryimage"},"thumbnailUrl":"https:\/\/bxrepsol.s3.eu-west-1.amazonaws.com\/static\/2022\/08\/09121505\/Dakar-2021-dia-10-Isidre-Esteve-polvo-3.jpg","datePublished":"2021-01-14T02:00:00+00:00","dateModified":"2024-04-18T08:52:22+00:00","description":"El piloto del Repsol Rally Team lamenta no haber podido imprimir m\u00e1s velocidad a su Toyota Hilux Overdrive por culpa del polvo levantado por los camiones.","breadcrumb":{"@id":"https:\/\/www.boxrepsol.com\/es\/rally\/dakar-2021-dia-10-isidre-esteve-supera-etapa-horrible\/#breadcrumb"},"inLanguage":"es","potentialAction":[{"@type":"ReadAction","target":["https:\/\/www.boxrepsol.com\/es\/rally\/dakar-2021-dia-10-isidre-esteve-supera-etapa-horrible\/"]}]},{"@type":"ImageObject","inLanguage":"es","@id":"https:\/\/www.boxrepsol.com\/es\/rally\/dakar-2021-dia-10-isidre-esteve-supera-etapa-horrible\/#primaryimage","url":"https:\/\/bxrepsol.s3.eu-west-1.amazonaws.com\/static\/2022\/08\/09121505\/Dakar-2021-dia-10-Isidre-Esteve-polvo-3.jpg","contentUrl":"https:\/\/bxrepsol.s3.eu-west-1.amazonaws.com\/static\/2022\/08\/09121505\/Dakar-2021-dia-10-Isidre-Esteve-polvo-3.jpg","width":1280,"height":720,"caption":"Isidre Esteve pilotando en una pista de arena en el Dakar 2021 d\u00eda 10"},{"@type":"BreadcrumbList","@id":"https:\/\/www.boxrepsol.com\/es\/rally\/dakar-2021-dia-10-isidre-esteve-supera-etapa-horrible\/#breadcrumb","itemListElement":[{"@type":"ListItem","position":1,"name":"Home","item":"https:\/\/www.boxrepsol.com\/es\/"},{"@type":"ListItem","position":2,"name":"Dakar 2021 d\u00eda 10: Isidre Esteve supera una etapa que califica de \u201chorrible\u201d"}]},{"@type":"WebSite","@id":"https:\/\/www.boxrepsol.com\/es\/#website","url":"https:\/\/www.boxrepsol.com\/es\/","name":"Box Repsol","description":"Box Repsol Site","publisher":{"@id":"https:\/\/www.boxrepsol.com\/es\/#organization"},"potentialAction":[{"@type":"SearchAction","target":{"@type":"EntryPoint","urlTemplate":"https:\/\/www.boxrepsol.com\/es\/?s={search_term_string}"},"query-input":{"@type":"PropertyValueSpecification","valueRequired":true,"valueName":"search_term_string"}}],"inLanguage":"es"},{"@type":"Organization","@id":"https:\/\/www.boxrepsol.com\/es\/#organization","name":"Box Repsol","url":"https:\/\/www.boxrepsol.com\/es\/","logo":{"@type":"ImageObject","inLanguage":"es","@id":"https:\/\/www.boxrepsol.com\/es\/#\/schema\/logo\/image\/","url":"https:\/\/bxrepsol.s3.eu-west-1.amazonaws.com\/static\/2025\/07\/30083337\/favicon-96x96-1.png","contentUrl":"https:\/\/bxrepsol.s3.eu-west-1.amazonaws.com\/static\/2025\/07\/30083337\/favicon-96x96-1.png","width":96,"height":96,"caption":"Box Repsol"},"image":{"@id":"https:\/\/www.boxrepsol.com\/es\/#\/schema\/logo\/image\/"},"sameAs":["https:\/\/www.facebook.com\/BoxRepsol","https:\/\/x.com\/box_repsol","http:\/\/instagram.com\/box_repsol","https:\/\/www.youtube.com\/user\/RepsolCompeticion","https:\/\/www.flickr.com\/photos\/box_repsol\/"]},{"@type":"Person","@id":"https:\/\/www.boxrepsol.com\/es\/#\/schema\/person\/c5c2138f2cca251b0ad92b7086bb60b7","name":"Redacci\u00f3n Box Repsol","image":{"@type":"ImageObject","inLanguage":"es","@id":"https:\/\/secure.gravatar.com\/avatar\/adf7b77e38b4419baf32c7e9c21dde01f4e40df611f0978e3006fc4ba0aaab7e?s=96&d=mm&r=g","url":"https:\/\/secure.gravatar.com\/avatar\/adf7b77e38b4419baf32c7e9c21dde01f4e40df611f0978e3006fc4ba0aaab7e?s=96&d=mm&r=g","contentUrl":"https:\/\/secure.gravatar.com\/avatar\/adf7b77e38b4419baf32c7e9c21dde01f4e40df611f0978e3006fc4ba0aaab7e?s=96&d=mm&r=g","caption":"Redacci\u00f3n Box Repsol"},"description":"Box Repsol lo forma un equipo de periodistas, community managers, dise\u00f1adores y fot\u00f3grafos con m\u00e1s de 20 a\u00f1os de experiencia en el mundo del motorsport. Hemos vivido el primer mundial de un espa\u00f1ol en la categor\u00eda reina de motociclismo con \u00c1lex Crivill\u00e9, estuvimos en las victorias de Pedrosa y los t\u00edtulos de M\u00e1rquez, acompa\u00f1amos en \u00c1frica a Nani Roma y Marc Coma en sus conquistas del Dakar y hemos vibrado con los t\u00edtulos de Toni Bou en Trial. Adem\u00e1s, en nuestro equipo contamos con expertos en el mundo de las dos y cuatro ruedas tanto de la calle y las carreteras, como de los circuitos. Periodistas que han trabajado en revistas y publicaciones para hacerte llegar desde rutas y consejos de mantenimiento, a curiosidades y trucos de pilotaje.","sameAs":["https:\/\/www.facebook.com\/BoxRepsol\/","https:\/\/www.instagram.com\/box_repsol\/","https:\/\/x.com\/https:\/\/twitter.com\/box_repsol","https:\/\/www.youtube.com\/@Boxrepsol"],"url":"https:\/\/www.boxrepsol.com\/es\/author\/redaccion-box-repsol\/"}]}},"_links":{"self":[{"href":"https:\/\/www.boxrepsol.com\/es\/wp-json\/wp\/v2\/posts\/94808","targetHints":{"allow":["GET"]}}],"collection":[{"href":"https:\/\/www.boxrepsol.com\/es\/wp-json\/wp\/v2\/posts"}],"about":[{"href":"https:\/\/www.boxrepsol.com\/es\/wp-json\/wp\/v2\/types\/post"}],"author":[{"embeddable":true,"href":"https:\/\/www.boxrepsol.com\/es\/wp-json\/wp\/v2\/users\/43146"}],"replies":[{"embeddable":true,"href":"https:\/\/www.boxrepsol.com\/es\/wp-json\/wp\/v2\/comments?post=94808"}],"version-history":[{"count":1,"href":"https:\/\/www.boxrepsol.com\/es\/wp-json\/wp\/v2\/posts\/94808\/revisions"}],"predecessor-version":[{"id":94809,"href":"https:\/\/www.boxrepsol.com\/es\/wp-json\/wp\/v2\/posts\/94808\/revisions\/94809"}],"wp:featuredmedia":[{"embeddable":true,"href":"https:\/\/www.boxrepsol.com\/es\/wp-json\/wp\/v2\/media\/42015"}],"wp:attachment":[{"href":"https:\/\/www.boxrepsol.com\/es\/wp-json\/wp\/v2\/media?parent=94808"}],"wp:term":[{"taxonomy":"category","embeddable":true,"href":"https:\/\/www.boxrepsol.com\/es\/wp-json\/wp\/v2\/categories?post=94808"},{"taxonomy":"post_tag","embeddable":true,"href":"https:\/\/www.boxrepsol.com\/es\/wp-json\/wp\/v2\/tags?post=94808"}],"curies":[{"name":"wp","href":"https:\/\/api.w.org\/{rel}","templated":true}]}}