{"id":94806,"date":"2021-01-13T00:00:00","date_gmt":"2021-01-13T02:00:00","guid":{"rendered":"http:\/\/pre.boxrepsol.com\/sin-categorizar\/dakar-2021-dia-9-pinchazo-isidre-esteve\/"},"modified":"2024-04-18T06:53:24","modified_gmt":"2024-04-18T08:53:24","slug":"dakar-2021-dia-9-pinchazo-isidre-esteve","status":"publish","type":"post","link":"https:\/\/www.boxrepsol.com\/es\/rally\/dakar-2021-dia-9-pinchazo-isidre-esteve\/","title":{"rendered":"Dakar 2021 d\u00eda 9: Un pinchazo rompe el buen ritmo de Isidre Esteve"},"content":{"rendered":"<p>Cualquier incidencia le penaliza el doble que a sus rivales, ya que el ilerdense no puede bajar del coche debido a su lesi\u00f3n medular.<\/p>\n<p>\u00abFuimos r\u00e1pido hasta que pinchamos en la zona de piedras y optamos por ser m\u00e1s conservadores\u201d.<\/p>\n<p>Ha finalizado 30\u00ba la etapa y se mantiene en 23\u00aa posici\u00f3n de la general, con su Toyota Hilux Overdrive.<\/p>\n<p>                <!-- Imagen relacionada --><br \/>\n        <img loading=\"lazy\" decoding=\"async\" width=\"404\" height=\"336\" src=\"https:\/\/bxrepsol.s3.eu-west-1.amazonaws.com\/static\/2022\/08\/09121421\/Dakar-2021-dia-8-Isidre-Esteve-arena-2.jpg\" alt=\"Isidre Esteve sobre arena en el Dakar 2021 d\u00eda 8\" \/><br \/>\n                <!-- Categor\u00eda --><br \/>\n            Rally<br \/>\n        <!-- T\u00edtulo --><br \/>\n        <a href=\"https:\/\/www.boxrepsol.com\/es\/rally\/dakar-2021-dia-8-final-maraton-isidre-esteve\/\"><\/p>\n<h3>Dakar 2021 d\u00eda 8: El dif\u00edcil final de marat\u00f3n no mina la moral de Isid&#8230;<\/h3>\n<p>        <\/a><br \/>\n                    <!-- Fecha --><br \/>\n            hace 1 hora        <\/p>\n<p>Isidre Esteve ya divisa la meta del Dakar 2021, despu\u00e9s de haber superado hoy la etapa 9 con un meritorio 30\u00ba lugar que le mantiene 23\u00ba de la general, a falta de tres jornadas. El ilerdense del Repsol Rally Team ha completado el bucle de Neom a buen ritmo, aunque un inoportuno pinchazo en una zona muy pedregosa le ha hecho ralentizar la marcha.<\/p>\n<p>La etapa 9 part\u00eda y llegaba a Neom, despu\u00e9s de 109 kil\u00f3metros de enlace y 465 de especial. Buena parte de la carrera ha transcurrido a orillas del Mar Rojo, lo que ha generado unas im\u00e1genes espectaculares. Pero Isidre Esteve y su copiloto Txema Villalobos apenas han podido contemplar el paisaje, al imprimir un fuerte ritmo desde la salida que les ha permitido pasar por el CP1 a pocos minutos del top 20. El problema que ha lastrado sus aspiraciones se produc\u00eda algo m\u00e1s adelante, al llegar a una zona con muchas piedras.<\/p>\n<p><a href=\"https:\/\/bxrepsol.s3.eu-west-1.amazonaws.com\/static\/2022\/08\/09121453\/Dakar-2021-dia-9-Isidre-Esteve-arena-2.jpg\" \n   title=\"Isidre Esteve pilotando en una pista de arena en el Dakar 2021 d\u00eda 9\" \n   data-gallery-thumbnail=\"https:\/\/bxrepsol.s3.eu-west-1.amazonaws.com\/static\/2022\/08\/09121453\/Dakar-2021-dia-9-Isidre-Esteve-arena-2.jpg\"\n   data-gallery-title=\"\"\n   data-gallery><\/p>\n<figure>\n        <picture style=\"padding-bottom: 56.25%; background-image: url(https:\/\/bxrepsol.s3.eu-west-1.amazonaws.com\/static\/2022\/08\/09121453\/Dakar-2021-dia-9-Isidre-Esteve-arena-2.jpg);\">\n            <img decoding=\"async\" src=\"https:\/\/bxrepsol.s3.eu-west-1.amazonaws.com\/static\/2022\/08\/09121453\/Dakar-2021-dia-9-Isidre-Esteve-arena-2.jpg\"><br \/>\n            <img itemprop=\"image\"\n                data-srcset=\"https:\/\/bxrepsol.s3.eu-west-1.amazonaws.com\/static\/2022\/08\/09121453\/Dakar-2021-dia-9-Isidre-Esteve-arena-2.jpg 480w, https:\/\/bxrepsol.s3.eu-west-1.amazonaws.com\/static\/2022\/08\/09121453\/Dakar-2021-dia-9-Isidre-Esteve-arena-2.jpg 600w, https:\/\/bxrepsol.s3.eu-west-1.amazonaws.com\/static\/2022\/08\/09121453\/Dakar-2021-dia-9-Isidre-Esteve-arena-2.jpg 900w, https:\/\/bxrepsol.s3.eu-west-1.amazonaws.com\/static\/2022\/08\/09121453\/Dakar-2021-dia-9-Isidre-Esteve-arena-2.jpg 1280w\"\n                data-src=\"https:\/\/bxrepsol.s3.eu-west-1.amazonaws.com\/static\/2022\/08\/09121453\/Dakar-2021-dia-9-Isidre-Esteve-arena-2.jpg\"\n                alt=\"Isidre Esteve pilotando en una pista de arena en el Dakar 2021 d\u00eda 9\"\n                title=\"Dakar-2021-dia-9-Isidre-Esteve-arena\"\/><br \/>\n            <noscript><img decoding=\"async\" src=\"https:\/\/bxrepsol.s3.eu-west-1.amazonaws.com\/static\/2022\/08\/09121453\/Dakar-2021-dia-9-Isidre-Esteve-arena-2.jpg\" alt=\"Isidre Esteve pilotando en una pista de arena en el Dakar 2021 d\u00eda 9\"><\/noscript>\n        <\/picture><figcaption>Isidre Esteve pilotando en una pista de arena en el Dakar 2021 d\u00eda 9<\/figcaption><\/figure>\n<p><\/a><\/p>\n<p>\u201cHemos empezado muy bien la etapa, a pesar de tener que adelantar a varios buggys al principio. Pero logramos ir r\u00e1pido, hasta que sufrimos un pinchazo y, a partir de ah\u00ed, optamos por ser m\u00e1s conservadores. Hemos tenido en cuenta que un pinchazo nos hace perder el doble de tiempo que a nuestros rivales, al no poder bajarme del coche a ayudar a Txema Villalobos, que debe hacer \u00e9l solo todo el trabajo\u201d, explicaba Isidre Esteve.<\/p>\n<p>A pesar de todo, el piloto del Repsol Rally Team valora muy positivamente su actuaci\u00f3n en la jornada de este martes: \u201cEstamos contentos, porque hemos disfrutado de una etapa muy bonita, hemos ido r\u00e1pidos, el coche ha vuelto a funcionar muy bien y hemos acertado de nuevo en la navegaci\u00f3n, sobre todo en los tres o cuatro puntos m\u00e1s complicados que hab\u00eda\u201d.<\/p>\n<p><a href=\"https:\/\/bxrepsol.s3.eu-west-1.amazonaws.com\/static\/2022\/08\/09121454\/Dakar-2021-dia-9-Isidre-Esteve-coche-2.jpg\" \n   title=\"Isidre Esteve en su Toyota Hilux en el Dakar 2021 d\u00eda 9\" \n   data-gallery-thumbnail=\"https:\/\/bxrepsol.s3.eu-west-1.amazonaws.com\/static\/2022\/08\/09121454\/Dakar-2021-dia-9-Isidre-Esteve-coche-2.jpg\"\n   data-gallery-title=\"\"\n   data-gallery><\/p>\n<figure>\n        <picture style=\"padding-bottom: 56.25%; background-image: url(https:\/\/bxrepsol.s3.eu-west-1.amazonaws.com\/static\/2022\/08\/09121454\/Dakar-2021-dia-9-Isidre-Esteve-coche-2.jpg);\">\n            <img decoding=\"async\" src=\"https:\/\/bxrepsol.s3.eu-west-1.amazonaws.com\/static\/2022\/08\/09121454\/Dakar-2021-dia-9-Isidre-Esteve-coche-2.jpg\"><br \/>\n            <img itemprop=\"image\"\n                data-srcset=\"https:\/\/bxrepsol.s3.eu-west-1.amazonaws.com\/static\/2022\/08\/09121454\/Dakar-2021-dia-9-Isidre-Esteve-coche-2.jpg 480w, https:\/\/bxrepsol.s3.eu-west-1.amazonaws.com\/static\/2022\/08\/09121454\/Dakar-2021-dia-9-Isidre-Esteve-coche-2.jpg 600w, https:\/\/bxrepsol.s3.eu-west-1.amazonaws.com\/static\/2022\/08\/09121454\/Dakar-2021-dia-9-Isidre-Esteve-coche-2.jpg 900w, https:\/\/bxrepsol.s3.eu-west-1.amazonaws.com\/static\/2022\/08\/09121454\/Dakar-2021-dia-9-Isidre-Esteve-coche-2.jpg 1280w\"\n                data-src=\"https:\/\/bxrepsol.s3.eu-west-1.amazonaws.com\/static\/2022\/08\/09121454\/Dakar-2021-dia-9-Isidre-Esteve-coche-2.jpg\"\n                alt=\"Isidre Esteve en su Toyota Hilux en el Dakar 2021 d\u00eda 9\"\n                title=\"Dakar-2021-dia-9-Isidre-Esteve-coche\"\/><br \/>\n            <noscript><img decoding=\"async\" src=\"https:\/\/bxrepsol.s3.eu-west-1.amazonaws.com\/static\/2022\/08\/09121454\/Dakar-2021-dia-9-Isidre-Esteve-coche-2.jpg\" alt=\"Isidre Esteve en su Toyota Hilux en el Dakar 2021 d\u00eda 9\"><\/noscript>\n        <\/picture><figcaption>Isidre Esteve en su Toyota Hilux en el Dakar 2021 d\u00eda 9<\/figcaption><\/figure>\n<p><\/a><\/p>\n<p>El ilerdense ha marcado hoy un registro de 5 horas, 38 minutos y 59 segundos, que le ha otorgado la 30\u00aa plaza, a 48&#8217;32\u00bb del vencedor, el franc\u00e9s St\u00e9phane Peterhansel. En la general, Isidre Esteve permanece en el 23\u00ba lugar, con un acumulado de 41h 22&#8242; 18\u00bb, con su Toyota Hilux Overdrive con los mandos adaptados al volante por Guidosimplex.<\/p>\n<p>Ma\u00f1ana mi\u00e9rcoles se celebrar\u00e1 la d\u00e9cima etapa del Dakar 2021 entre Neom y AlUla, con 241 kil\u00f3metros de enlace y 342 de especial, en los que el piloto de Repsol, MGS Seguros, KH-7 y Toyota Espa\u00f1a se marca un desaf\u00edo: \u201cIntentar ser m\u00e1s r\u00e1pido en las piedras, donde los dem\u00e1s corren m\u00e1s riesgos que nosotros\u2026 aunque la situaci\u00f3n es dif\u00edcil de gestionar\u201d.<\/p>\n<p>                <!-- Imagen relacionada --><br \/>\n        <img loading=\"lazy\" decoding=\"async\" width=\"404\" height=\"336\" src=\"https:\/\/bxrepsol.s3.eu-west-1.amazonaws.com\/static\/2022\/08\/09121455\/Dakar-2021-dia-10-Isidre-Esteve-polvo-2.jpg\" alt=\"Isidre Esteve pilotando en una pista de arena en el Dakar 2021 d\u00eda 10\" \/><br \/>\n                <!-- Categor\u00eda --><br \/>\n            Rally<br \/>\n        <!-- T\u00edtulo --><br \/>\n        <a href=\"https:\/\/www.boxrepsol.com\/es\/rally\/dakar-2021-dia-10-isidre-esteve-supera-etapa-horrible\/\"><\/p>\n<h3>Dakar 2021 d\u00eda 10: Isidre Esteve supera una etapa que califica de \u201chor&#8230;<\/h3>\n<p>        <\/a><br \/>\n                    <!-- Fecha --><br \/>\n            hace 1 hora<\/p>\n","protected":false},"excerpt":{"rendered":"<p>El piloto del Repsol Rally Team ha cedido tiempo en la parte rocosa, donde ha preferido ralentizar la marcha para evitar problemas.<\/p>\n","protected":false},"author":43146,"featured_media":42001,"comment_status":"open","ping_status":"open","sticky":false,"template":"","format":"standard","meta":{"footnotes":""},"categories":[27],"tags":[194,201,29,183],"class_list":["post-94806","post","type-post","status-publish","format-standard","hentry","category-rally","tag-194","tag-dakar","tag-isidre-esteve","tag-repsol-rally-team"],"yoast_head":"<!-- This site is optimized with the Yoast SEO plugin v27.3 - https:\/\/yoast.com\/product\/yoast-seo-wordpress\/ -->\n<title>Dakar 2021 d\u00eda 9: Un pinchazo rompe el buen ritmo de Isidre Esteve - Box Repsol<\/title>\n<meta name=\"description\" content=\"El piloto del Repsol Rally Team ha cedido tiempo en la parte rocosa, donde ha preferido ralentizar la marcha para evitar problemas.\" \/>\n<link rel=\"canonical\" href=\"https:\/\/www.boxrepsol.com\/es\/rally\/dakar-2021-dia-9-pinchazo-isidre-esteve\/\" \/>\n<meta property=\"og:locale\" content=\"es_ES\" \/>\n<meta property=\"og:type\" content=\"article\" \/>\n<meta property=\"og:title\" content=\"Dakar 2021 d\u00eda 9: Un pinchazo rompe el buen ritmo de Isidre Esteve - Box Repsol\" \/>\n<meta property=\"og:description\" content=\"El piloto del Repsol Rally Team ha cedido tiempo en la parte rocosa, donde ha preferido ralentizar la marcha para evitar problemas.\" \/>\n<meta property=\"og:url\" content=\"https:\/\/www.boxrepsol.com\/es\/rally\/dakar-2021-dia-9-pinchazo-isidre-esteve\/\" \/>\n<meta property=\"og:site_name\" content=\"Box Repsol\" \/>\n<meta property=\"article:publisher\" content=\"https:\/\/www.facebook.com\/BoxRepsol\" \/>\n<meta property=\"article:author\" content=\"https:\/\/www.facebook.com\/BoxRepsol\/\" \/>\n<meta property=\"article:published_time\" content=\"2021-01-13T02:00:00+00:00\" \/>\n<meta property=\"article:modified_time\" content=\"2024-04-18T08:53:24+00:00\" \/>\n<meta property=\"og:image\" content=\"https:\/\/bxrepsol.s3.eu-west-1.amazonaws.com\/static\/2022\/08\/09121457\/Dakar-2021-dia-9-Isidre-Esteve-pista-3.jpg\" \/>\n\t<meta property=\"og:image:width\" content=\"1280\" \/>\n\t<meta property=\"og:image:height\" content=\"720\" \/>\n\t<meta property=\"og:image:type\" content=\"image\/jpeg\" \/>\n<meta name=\"author\" content=\"Redacci\u00f3n Box Repsol\" \/>\n<meta name=\"twitter:card\" content=\"summary_large_image\" \/>\n<meta name=\"twitter:creator\" content=\"@https:\/\/twitter.com\/box_repsol\" \/>\n<meta name=\"twitter:site\" content=\"@box_repsol\" \/>\n<meta name=\"twitter:label1\" content=\"Written by\" \/>\n\t<meta name=\"twitter:data1\" content=\"Redacci\u00f3n Box Repsol\" \/>\n\t<meta name=\"twitter:label2\" content=\"Est. reading time\" \/>\n\t<meta name=\"twitter:data2\" content=\"3 minutos\" \/>\n<script type=\"application\/ld+json\" class=\"yoast-schema-graph\">{\"@context\":\"https:\\\/\\\/schema.org\",\"@graph\":[{\"@type\":\"Article\",\"@id\":\"https:\\\/\\\/www.boxrepsol.com\\\/es\\\/rally\\\/dakar-2021-dia-9-pinchazo-isidre-esteve\\\/#article\",\"isPartOf\":{\"@id\":\"https:\\\/\\\/www.boxrepsol.com\\\/es\\\/rally\\\/dakar-2021-dia-9-pinchazo-isidre-esteve\\\/\"},\"author\":{\"name\":\"Redacci\u00f3n Box Repsol\",\"@id\":\"https:\\\/\\\/www.boxrepsol.com\\\/es\\\/#\\\/schema\\\/person\\\/c5c2138f2cca251b0ad92b7086bb60b7\"},\"headline\":\"Dakar 2021 d\u00eda 9: Un pinchazo rompe el buen ritmo de Isidre Esteve\",\"datePublished\":\"2021-01-13T02:00:00+00:00\",\"dateModified\":\"2024-04-18T08:53:24+00:00\",\"mainEntityOfPage\":{\"@id\":\"https:\\\/\\\/www.boxrepsol.com\\\/es\\\/rally\\\/dakar-2021-dia-9-pinchazo-isidre-esteve\\\/\"},\"wordCount\":557,\"commentCount\":0,\"publisher\":{\"@id\":\"https:\\\/\\\/www.boxrepsol.com\\\/es\\\/#organization\"},\"image\":{\"@id\":\"https:\\\/\\\/www.boxrepsol.com\\\/es\\\/rally\\\/dakar-2021-dia-9-pinchazo-isidre-esteve\\\/#primaryimage\"},\"thumbnailUrl\":\"https:\\\/\\\/bxrepsol.s3.eu-west-1.amazonaws.com\\\/static\\\/2022\\\/08\\\/09121457\\\/Dakar-2021-dia-9-Isidre-Esteve-pista-3.jpg\",\"keywords\":[\"2021\",\"Dakar\",\"Isidre Esteve\",\"Repsol Rally Team\"],\"articleSection\":[\"Rally\"],\"inLanguage\":\"es\",\"potentialAction\":[{\"@type\":\"CommentAction\",\"name\":\"Comment\",\"target\":[\"https:\\\/\\\/www.boxrepsol.com\\\/es\\\/rally\\\/dakar-2021-dia-9-pinchazo-isidre-esteve\\\/#respond\"]}]},{\"@type\":\"WebPage\",\"@id\":\"https:\\\/\\\/www.boxrepsol.com\\\/es\\\/rally\\\/dakar-2021-dia-9-pinchazo-isidre-esteve\\\/\",\"url\":\"https:\\\/\\\/www.boxrepsol.com\\\/es\\\/rally\\\/dakar-2021-dia-9-pinchazo-isidre-esteve\\\/\",\"name\":\"Dakar 2021 d\u00eda 9: Un pinchazo rompe el buen ritmo de Isidre Esteve - Box Repsol\",\"isPartOf\":{\"@id\":\"https:\\\/\\\/www.boxrepsol.com\\\/es\\\/#website\"},\"primaryImageOfPage\":{\"@id\":\"https:\\\/\\\/www.boxrepsol.com\\\/es\\\/rally\\\/dakar-2021-dia-9-pinchazo-isidre-esteve\\\/#primaryimage\"},\"image\":{\"@id\":\"https:\\\/\\\/www.boxrepsol.com\\\/es\\\/rally\\\/dakar-2021-dia-9-pinchazo-isidre-esteve\\\/#primaryimage\"},\"thumbnailUrl\":\"https:\\\/\\\/bxrepsol.s3.eu-west-1.amazonaws.com\\\/static\\\/2022\\\/08\\\/09121457\\\/Dakar-2021-dia-9-Isidre-Esteve-pista-3.jpg\",\"datePublished\":\"2021-01-13T02:00:00+00:00\",\"dateModified\":\"2024-04-18T08:53:24+00:00\",\"description\":\"El piloto del Repsol Rally Team ha cedido tiempo en la parte rocosa, donde ha preferido ralentizar la marcha para evitar problemas.\",\"breadcrumb\":{\"@id\":\"https:\\\/\\\/www.boxrepsol.com\\\/es\\\/rally\\\/dakar-2021-dia-9-pinchazo-isidre-esteve\\\/#breadcrumb\"},\"inLanguage\":\"es\",\"potentialAction\":[{\"@type\":\"ReadAction\",\"target\":[\"https:\\\/\\\/www.boxrepsol.com\\\/es\\\/rally\\\/dakar-2021-dia-9-pinchazo-isidre-esteve\\\/\"]}]},{\"@type\":\"ImageObject\",\"inLanguage\":\"es\",\"@id\":\"https:\\\/\\\/www.boxrepsol.com\\\/es\\\/rally\\\/dakar-2021-dia-9-pinchazo-isidre-esteve\\\/#primaryimage\",\"url\":\"https:\\\/\\\/bxrepsol.s3.eu-west-1.amazonaws.com\\\/static\\\/2022\\\/08\\\/09121457\\\/Dakar-2021-dia-9-Isidre-Esteve-pista-3.jpg\",\"contentUrl\":\"https:\\\/\\\/bxrepsol.s3.eu-west-1.amazonaws.com\\\/static\\\/2022\\\/08\\\/09121457\\\/Dakar-2021-dia-9-Isidre-Esteve-pista-3.jpg\",\"width\":1280,\"height\":720,\"caption\":\"Isidre Esteve pilotando en una pista en el Dakar 2021 d\u00eda 9\"},{\"@type\":\"BreadcrumbList\",\"@id\":\"https:\\\/\\\/www.boxrepsol.com\\\/es\\\/rally\\\/dakar-2021-dia-9-pinchazo-isidre-esteve\\\/#breadcrumb\",\"itemListElement\":[{\"@type\":\"ListItem\",\"position\":1,\"name\":\"Home\",\"item\":\"https:\\\/\\\/www.boxrepsol.com\\\/es\\\/\"},{\"@type\":\"ListItem\",\"position\":2,\"name\":\"Dakar 2021 d\u00eda 9: Un pinchazo rompe el buen ritmo de Isidre Esteve\"}]},{\"@type\":\"WebSite\",\"@id\":\"https:\\\/\\\/www.boxrepsol.com\\\/es\\\/#website\",\"url\":\"https:\\\/\\\/www.boxrepsol.com\\\/es\\\/\",\"name\":\"Box Repsol\",\"description\":\"Box Repsol Site\",\"publisher\":{\"@id\":\"https:\\\/\\\/www.boxrepsol.com\\\/es\\\/#organization\"},\"potentialAction\":[{\"@type\":\"SearchAction\",\"target\":{\"@type\":\"EntryPoint\",\"urlTemplate\":\"https:\\\/\\\/www.boxrepsol.com\\\/es\\\/?s={search_term_string}\"},\"query-input\":{\"@type\":\"PropertyValueSpecification\",\"valueRequired\":true,\"valueName\":\"search_term_string\"}}],\"inLanguage\":\"es\"},{\"@type\":\"Organization\",\"@id\":\"https:\\\/\\\/www.boxrepsol.com\\\/es\\\/#organization\",\"name\":\"Box Repsol\",\"url\":\"https:\\\/\\\/www.boxrepsol.com\\\/es\\\/\",\"logo\":{\"@type\":\"ImageObject\",\"inLanguage\":\"es\",\"@id\":\"https:\\\/\\\/www.boxrepsol.com\\\/es\\\/#\\\/schema\\\/logo\\\/image\\\/\",\"url\":\"https:\\\/\\\/bxrepsol.s3.eu-west-1.amazonaws.com\\\/static\\\/2025\\\/07\\\/30083337\\\/favicon-96x96-1.png\",\"contentUrl\":\"https:\\\/\\\/bxrepsol.s3.eu-west-1.amazonaws.com\\\/static\\\/2025\\\/07\\\/30083337\\\/favicon-96x96-1.png\",\"width\":96,\"height\":96,\"caption\":\"Box Repsol\"},\"image\":{\"@id\":\"https:\\\/\\\/www.boxrepsol.com\\\/es\\\/#\\\/schema\\\/logo\\\/image\\\/\"},\"sameAs\":[\"https:\\\/\\\/www.facebook.com\\\/BoxRepsol\",\"https:\\\/\\\/x.com\\\/box_repsol\",\"http:\\\/\\\/instagram.com\\\/box_repsol\",\"https:\\\/\\\/www.youtube.com\\\/user\\\/RepsolCompeticion\",\"https:\\\/\\\/www.flickr.com\\\/photos\\\/box_repsol\\\/\"]},{\"@type\":\"Person\",\"@id\":\"https:\\\/\\\/www.boxrepsol.com\\\/es\\\/#\\\/schema\\\/person\\\/c5c2138f2cca251b0ad92b7086bb60b7\",\"name\":\"Redacci\u00f3n Box Repsol\",\"image\":{\"@type\":\"ImageObject\",\"inLanguage\":\"es\",\"@id\":\"https:\\\/\\\/secure.gravatar.com\\\/avatar\\\/adf7b77e38b4419baf32c7e9c21dde01f4e40df611f0978e3006fc4ba0aaab7e?s=96&d=mm&r=g\",\"url\":\"https:\\\/\\\/secure.gravatar.com\\\/avatar\\\/adf7b77e38b4419baf32c7e9c21dde01f4e40df611f0978e3006fc4ba0aaab7e?s=96&d=mm&r=g\",\"contentUrl\":\"https:\\\/\\\/secure.gravatar.com\\\/avatar\\\/adf7b77e38b4419baf32c7e9c21dde01f4e40df611f0978e3006fc4ba0aaab7e?s=96&d=mm&r=g\",\"caption\":\"Redacci\u00f3n Box Repsol\"},\"description\":\"Box Repsol lo forma un equipo de periodistas, community managers, dise\u00f1adores y fot\u00f3grafos con m\u00e1s de 20 a\u00f1os de experiencia en el mundo del motorsport. Hemos vivido el primer mundial de un espa\u00f1ol en la categor\u00eda reina de motociclismo con \u00c1lex Crivill\u00e9, estuvimos en las victorias de Pedrosa y los t\u00edtulos de M\u00e1rquez, acompa\u00f1amos en \u00c1frica a Nani Roma y Marc Coma en sus conquistas del Dakar y hemos vibrado con los t\u00edtulos de Toni Bou en Trial. Adem\u00e1s, en nuestro equipo contamos con expertos en el mundo de las dos y cuatro ruedas tanto de la calle y las carreteras, como de los circuitos. Periodistas que han trabajado en revistas y publicaciones para hacerte llegar desde rutas y consejos de mantenimiento, a curiosidades y trucos de pilotaje.\",\"sameAs\":[\"https:\\\/\\\/www.facebook.com\\\/BoxRepsol\\\/\",\"https:\\\/\\\/www.instagram.com\\\/box_repsol\\\/\",\"https:\\\/\\\/x.com\\\/https:\\\/\\\/twitter.com\\\/box_repsol\",\"https:\\\/\\\/www.youtube.com\\\/@Boxrepsol\"],\"url\":\"https:\\\/\\\/www.boxrepsol.com\\\/es\\\/author\\\/redaccion-box-repsol\\\/\"}]}<\/script>\n<!-- \/ Yoast SEO plugin. -->","yoast_head_json":{"title":"Dakar 2021 d\u00eda 9: Un pinchazo rompe el buen ritmo de Isidre Esteve - Box Repsol","description":"El piloto del Repsol Rally Team ha cedido tiempo en la parte rocosa, donde ha preferido ralentizar la marcha para evitar problemas.","canonical":"https:\/\/www.boxrepsol.com\/es\/rally\/dakar-2021-dia-9-pinchazo-isidre-esteve\/","og_locale":"es_ES","og_type":"article","og_title":"Dakar 2021 d\u00eda 9: Un pinchazo rompe el buen ritmo de Isidre Esteve - Box Repsol","og_description":"El piloto del Repsol Rally Team ha cedido tiempo en la parte rocosa, donde ha preferido ralentizar la marcha para evitar problemas.","og_url":"https:\/\/www.boxrepsol.com\/es\/rally\/dakar-2021-dia-9-pinchazo-isidre-esteve\/","og_site_name":"Box Repsol","article_publisher":"https:\/\/www.facebook.com\/BoxRepsol","article_author":"https:\/\/www.facebook.com\/BoxRepsol\/","article_published_time":"2021-01-13T02:00:00+00:00","article_modified_time":"2024-04-18T08:53:24+00:00","og_image":[{"width":1280,"height":720,"url":"https:\/\/bxrepsol.s3.eu-west-1.amazonaws.com\/static\/2022\/08\/09121457\/Dakar-2021-dia-9-Isidre-Esteve-pista-3.jpg","type":"image\/jpeg"}],"author":"Redacci\u00f3n Box Repsol","twitter_card":"summary_large_image","twitter_creator":"@https:\/\/twitter.com\/box_repsol","twitter_site":"@box_repsol","twitter_misc":{"Written by":"Redacci\u00f3n Box Repsol","Est. reading time":"3 minutos"},"schema":{"@context":"https:\/\/schema.org","@graph":[{"@type":"Article","@id":"https:\/\/www.boxrepsol.com\/es\/rally\/dakar-2021-dia-9-pinchazo-isidre-esteve\/#article","isPartOf":{"@id":"https:\/\/www.boxrepsol.com\/es\/rally\/dakar-2021-dia-9-pinchazo-isidre-esteve\/"},"author":{"name":"Redacci\u00f3n Box Repsol","@id":"https:\/\/www.boxrepsol.com\/es\/#\/schema\/person\/c5c2138f2cca251b0ad92b7086bb60b7"},"headline":"Dakar 2021 d\u00eda 9: Un pinchazo rompe el buen ritmo de Isidre Esteve","datePublished":"2021-01-13T02:00:00+00:00","dateModified":"2024-04-18T08:53:24+00:00","mainEntityOfPage":{"@id":"https:\/\/www.boxrepsol.com\/es\/rally\/dakar-2021-dia-9-pinchazo-isidre-esteve\/"},"wordCount":557,"commentCount":0,"publisher":{"@id":"https:\/\/www.boxrepsol.com\/es\/#organization"},"image":{"@id":"https:\/\/www.boxrepsol.com\/es\/rally\/dakar-2021-dia-9-pinchazo-isidre-esteve\/#primaryimage"},"thumbnailUrl":"https:\/\/bxrepsol.s3.eu-west-1.amazonaws.com\/static\/2022\/08\/09121457\/Dakar-2021-dia-9-Isidre-Esteve-pista-3.jpg","keywords":["2021","Dakar","Isidre Esteve","Repsol Rally Team"],"articleSection":["Rally"],"inLanguage":"es","potentialAction":[{"@type":"CommentAction","name":"Comment","target":["https:\/\/www.boxrepsol.com\/es\/rally\/dakar-2021-dia-9-pinchazo-isidre-esteve\/#respond"]}]},{"@type":"WebPage","@id":"https:\/\/www.boxrepsol.com\/es\/rally\/dakar-2021-dia-9-pinchazo-isidre-esteve\/","url":"https:\/\/www.boxrepsol.com\/es\/rally\/dakar-2021-dia-9-pinchazo-isidre-esteve\/","name":"Dakar 2021 d\u00eda 9: Un pinchazo rompe el buen ritmo de Isidre Esteve - Box Repsol","isPartOf":{"@id":"https:\/\/www.boxrepsol.com\/es\/#website"},"primaryImageOfPage":{"@id":"https:\/\/www.boxrepsol.com\/es\/rally\/dakar-2021-dia-9-pinchazo-isidre-esteve\/#primaryimage"},"image":{"@id":"https:\/\/www.boxrepsol.com\/es\/rally\/dakar-2021-dia-9-pinchazo-isidre-esteve\/#primaryimage"},"thumbnailUrl":"https:\/\/bxrepsol.s3.eu-west-1.amazonaws.com\/static\/2022\/08\/09121457\/Dakar-2021-dia-9-Isidre-Esteve-pista-3.jpg","datePublished":"2021-01-13T02:00:00+00:00","dateModified":"2024-04-18T08:53:24+00:00","description":"El piloto del Repsol Rally Team ha cedido tiempo en la parte rocosa, donde ha preferido ralentizar la marcha para evitar problemas.","breadcrumb":{"@id":"https:\/\/www.boxrepsol.com\/es\/rally\/dakar-2021-dia-9-pinchazo-isidre-esteve\/#breadcrumb"},"inLanguage":"es","potentialAction":[{"@type":"ReadAction","target":["https:\/\/www.boxrepsol.com\/es\/rally\/dakar-2021-dia-9-pinchazo-isidre-esteve\/"]}]},{"@type":"ImageObject","inLanguage":"es","@id":"https:\/\/www.boxrepsol.com\/es\/rally\/dakar-2021-dia-9-pinchazo-isidre-esteve\/#primaryimage","url":"https:\/\/bxrepsol.s3.eu-west-1.amazonaws.com\/static\/2022\/08\/09121457\/Dakar-2021-dia-9-Isidre-Esteve-pista-3.jpg","contentUrl":"https:\/\/bxrepsol.s3.eu-west-1.amazonaws.com\/static\/2022\/08\/09121457\/Dakar-2021-dia-9-Isidre-Esteve-pista-3.jpg","width":1280,"height":720,"caption":"Isidre Esteve pilotando en una pista en el Dakar 2021 d\u00eda 9"},{"@type":"BreadcrumbList","@id":"https:\/\/www.boxrepsol.com\/es\/rally\/dakar-2021-dia-9-pinchazo-isidre-esteve\/#breadcrumb","itemListElement":[{"@type":"ListItem","position":1,"name":"Home","item":"https:\/\/www.boxrepsol.com\/es\/"},{"@type":"ListItem","position":2,"name":"Dakar 2021 d\u00eda 9: Un pinchazo rompe el buen ritmo de Isidre Esteve"}]},{"@type":"WebSite","@id":"https:\/\/www.boxrepsol.com\/es\/#website","url":"https:\/\/www.boxrepsol.com\/es\/","name":"Box Repsol","description":"Box Repsol Site","publisher":{"@id":"https:\/\/www.boxrepsol.com\/es\/#organization"},"potentialAction":[{"@type":"SearchAction","target":{"@type":"EntryPoint","urlTemplate":"https:\/\/www.boxrepsol.com\/es\/?s={search_term_string}"},"query-input":{"@type":"PropertyValueSpecification","valueRequired":true,"valueName":"search_term_string"}}],"inLanguage":"es"},{"@type":"Organization","@id":"https:\/\/www.boxrepsol.com\/es\/#organization","name":"Box Repsol","url":"https:\/\/www.boxrepsol.com\/es\/","logo":{"@type":"ImageObject","inLanguage":"es","@id":"https:\/\/www.boxrepsol.com\/es\/#\/schema\/logo\/image\/","url":"https:\/\/bxrepsol.s3.eu-west-1.amazonaws.com\/static\/2025\/07\/30083337\/favicon-96x96-1.png","contentUrl":"https:\/\/bxrepsol.s3.eu-west-1.amazonaws.com\/static\/2025\/07\/30083337\/favicon-96x96-1.png","width":96,"height":96,"caption":"Box Repsol"},"image":{"@id":"https:\/\/www.boxrepsol.com\/es\/#\/schema\/logo\/image\/"},"sameAs":["https:\/\/www.facebook.com\/BoxRepsol","https:\/\/x.com\/box_repsol","http:\/\/instagram.com\/box_repsol","https:\/\/www.youtube.com\/user\/RepsolCompeticion","https:\/\/www.flickr.com\/photos\/box_repsol\/"]},{"@type":"Person","@id":"https:\/\/www.boxrepsol.com\/es\/#\/schema\/person\/c5c2138f2cca251b0ad92b7086bb60b7","name":"Redacci\u00f3n Box Repsol","image":{"@type":"ImageObject","inLanguage":"es","@id":"https:\/\/secure.gravatar.com\/avatar\/adf7b77e38b4419baf32c7e9c21dde01f4e40df611f0978e3006fc4ba0aaab7e?s=96&d=mm&r=g","url":"https:\/\/secure.gravatar.com\/avatar\/adf7b77e38b4419baf32c7e9c21dde01f4e40df611f0978e3006fc4ba0aaab7e?s=96&d=mm&r=g","contentUrl":"https:\/\/secure.gravatar.com\/avatar\/adf7b77e38b4419baf32c7e9c21dde01f4e40df611f0978e3006fc4ba0aaab7e?s=96&d=mm&r=g","caption":"Redacci\u00f3n Box Repsol"},"description":"Box Repsol lo forma un equipo de periodistas, community managers, dise\u00f1adores y fot\u00f3grafos con m\u00e1s de 20 a\u00f1os de experiencia en el mundo del motorsport. Hemos vivido el primer mundial de un espa\u00f1ol en la categor\u00eda reina de motociclismo con \u00c1lex Crivill\u00e9, estuvimos en las victorias de Pedrosa y los t\u00edtulos de M\u00e1rquez, acompa\u00f1amos en \u00c1frica a Nani Roma y Marc Coma en sus conquistas del Dakar y hemos vibrado con los t\u00edtulos de Toni Bou en Trial. Adem\u00e1s, en nuestro equipo contamos con expertos en el mundo de las dos y cuatro ruedas tanto de la calle y las carreteras, como de los circuitos. Periodistas que han trabajado en revistas y publicaciones para hacerte llegar desde rutas y consejos de mantenimiento, a curiosidades y trucos de pilotaje.","sameAs":["https:\/\/www.facebook.com\/BoxRepsol\/","https:\/\/www.instagram.com\/box_repsol\/","https:\/\/x.com\/https:\/\/twitter.com\/box_repsol","https:\/\/www.youtube.com\/@Boxrepsol"],"url":"https:\/\/www.boxrepsol.com\/es\/author\/redaccion-box-repsol\/"}]}},"_links":{"self":[{"href":"https:\/\/www.boxrepsol.com\/es\/wp-json\/wp\/v2\/posts\/94806","targetHints":{"allow":["GET"]}}],"collection":[{"href":"https:\/\/www.boxrepsol.com\/es\/wp-json\/wp\/v2\/posts"}],"about":[{"href":"https:\/\/www.boxrepsol.com\/es\/wp-json\/wp\/v2\/types\/post"}],"author":[{"embeddable":true,"href":"https:\/\/www.boxrepsol.com\/es\/wp-json\/wp\/v2\/users\/43146"}],"replies":[{"embeddable":true,"href":"https:\/\/www.boxrepsol.com\/es\/wp-json\/wp\/v2\/comments?post=94806"}],"version-history":[{"count":1,"href":"https:\/\/www.boxrepsol.com\/es\/wp-json\/wp\/v2\/posts\/94806\/revisions"}],"predecessor-version":[{"id":94807,"href":"https:\/\/www.boxrepsol.com\/es\/wp-json\/wp\/v2\/posts\/94806\/revisions\/94807"}],"wp:featuredmedia":[{"embeddable":true,"href":"https:\/\/www.boxrepsol.com\/es\/wp-json\/wp\/v2\/media\/42001"}],"wp:attachment":[{"href":"https:\/\/www.boxrepsol.com\/es\/wp-json\/wp\/v2\/media?parent=94806"}],"wp:term":[{"taxonomy":"category","embeddable":true,"href":"https:\/\/www.boxrepsol.com\/es\/wp-json\/wp\/v2\/categories?post=94806"},{"taxonomy":"post_tag","embeddable":true,"href":"https:\/\/www.boxrepsol.com\/es\/wp-json\/wp\/v2\/tags?post=94806"}],"curies":[{"name":"wp","href":"https:\/\/api.w.org\/{rel}","templated":true}]}}