{"id":94804,"date":"2021-01-12T00:00:00","date_gmt":"2021-01-12T02:00:00","guid":{"rendered":"http:\/\/pre.boxrepsol.com\/sin-categorizar\/dakar-2021-dia-8-final-maraton-isidre-esteve\/"},"modified":"2024-04-18T06:54:26","modified_gmt":"2024-04-18T08:54:26","slug":"dakar-2021-dia-8-final-maraton-isidre-esteve","status":"publish","type":"post","link":"https:\/\/www.boxrepsol.com\/es\/rally\/dakar-2021-dia-8-final-maraton-isidre-esteve\/","title":{"rendered":"Dakar 2021 d\u00eda 8: El dif\u00edcil final de marat\u00f3n no mina la moral de Isidre Esteve"},"content":{"rendered":"<p>Los incidentes han retrasado al Repsol Rally Team hasta el puesto 36 de la especial y le sit\u00faan 23\u00ba en la general provisional.<\/p>\n<p>\u00abNo ha sido un buen d\u00eda; primero nos hemos perdido y despu\u00e9s hemos pinchado dos veces\u2026 aunque lo importante es que superamos una jornada m\u00e1s y seguimos motivados\u201d.<\/p>\n<p>                <!-- Imagen relacionada --><br \/>\n        <img loading=\"lazy\" decoding=\"async\" width=\"404\" height=\"336\" src=\"https:\/\/bxrepsol.s3.eu-west-1.amazonaws.com\/static\/2022\/08\/09121413\/Dakar-2021-dia-7-Isidre-Esteve-bajada-arena-2.jpg\" alt=\"Isidre Esteve sobre arena en el Dakar 2021 d\u00eda 7\" \/><br \/>\n                <!-- Categor\u00eda --><br \/>\n            Rally<br \/>\n        <!-- T\u00edtulo --><br \/>\n        <a href=\"https:\/\/www.boxrepsol.com\/es\/rally\/dakar-2021-dia-7-isidre-esteve-primera-mitad-maraton\/\"><\/p>\n<h3>Dakar 2021 d\u00eda 7: Isidre Esteve opta por conservar en la primera mitad&#8230;<\/h3>\n<p>        <\/a><br \/>\n                    <!-- Fecha --><br \/>\n            hace 1 hora        <\/p>\n<p>Isidre Esteve ha vivido este lunes su d\u00eda m\u00e1s complicado en la presente edici\u00f3n del Rally Dakar. El ilerdense del Repsol Rally Team ha encadenado diversos contratiempos a lo largo de la etapa 8 -el final de la marat\u00f3n- y ha acabado cediendo casi una hora respecto al ganador. Aun as\u00ed, se mantiene 23\u00ba en la general, con opciones de escalar puestos en las pr\u00f3ximas jornadas con su Toyota Hilux Overdrive con los mandos adaptados en el volante por Guidosimplex.<\/p>\n<p>Despu\u00e9s de pernoctar anoche en el vivac de Sakaka, Isidre Esteve y su copiloto Txema Villalobos afrontaban la segunda parte de la marat\u00f3n con la intenci\u00f3n de recuperar parte del terreno que sacrificaron para conservar la mec\u00e1nica. Por delante, les aguardaba una especial muy rompedora, de 375 kil\u00f3metros en total que no ha salido seg\u00fan lo previsto.<\/p>\n<p><a href=\"https:\/\/bxrepsol.s3.eu-west-1.amazonaws.com\/static\/2022\/08\/09121446\/Dakar-2021-dia-8-Isidre-Esteve-piedras-2.jpg\" \n   title=\"Isidre Esteve pilotando en una zona de rocas en el Dakar 2021 d\u00eda 8\" \n   data-gallery-thumbnail=\"https:\/\/bxrepsol.s3.eu-west-1.amazonaws.com\/static\/2022\/08\/09121446\/Dakar-2021-dia-8-Isidre-Esteve-piedras-2.jpg\"\n   data-gallery-title=\"\"\n   data-gallery><\/p>\n<figure>\n        <picture style=\"padding-bottom: 56.25%; background-image: url(https:\/\/bxrepsol.s3.eu-west-1.amazonaws.com\/static\/2022\/08\/09121446\/Dakar-2021-dia-8-Isidre-Esteve-piedras-2.jpg);\">\n            <img decoding=\"async\" src=\"https:\/\/bxrepsol.s3.eu-west-1.amazonaws.com\/static\/2022\/08\/09121446\/Dakar-2021-dia-8-Isidre-Esteve-piedras-2.jpg\"><br \/>\n            <img itemprop=\"image\"\n                data-srcset=\"https:\/\/bxrepsol.s3.eu-west-1.amazonaws.com\/static\/2022\/08\/09121446\/Dakar-2021-dia-8-Isidre-Esteve-piedras-2.jpg 480w, https:\/\/bxrepsol.s3.eu-west-1.amazonaws.com\/static\/2022\/08\/09121446\/Dakar-2021-dia-8-Isidre-Esteve-piedras-2.jpg 600w, https:\/\/bxrepsol.s3.eu-west-1.amazonaws.com\/static\/2022\/08\/09121446\/Dakar-2021-dia-8-Isidre-Esteve-piedras-2.jpg 900w, https:\/\/bxrepsol.s3.eu-west-1.amazonaws.com\/static\/2022\/08\/09121446\/Dakar-2021-dia-8-Isidre-Esteve-piedras-2.jpg 1280w\"\n                data-src=\"https:\/\/bxrepsol.s3.eu-west-1.amazonaws.com\/static\/2022\/08\/09121446\/Dakar-2021-dia-8-Isidre-Esteve-piedras-2.jpg\"\n                alt=\"Isidre Esteve pilotando en una zona de rocas en el Dakar 2021 d\u00eda 8\"\n                title=\"Dakar-2021-dia-8-Isidre-Esteve-piedras\"\/><br \/>\n            <noscript><img decoding=\"async\" src=\"https:\/\/bxrepsol.s3.eu-west-1.amazonaws.com\/static\/2022\/08\/09121446\/Dakar-2021-dia-8-Isidre-Esteve-piedras-2.jpg\" alt=\"Isidre Esteve pilotando en una zona de rocas en el Dakar 2021 d\u00eda 8\"><\/noscript>\n        <\/picture><figcaption>Isidre Esteve pilotando en una zona de rocas en el Dakar 2021 d\u00eda 8<\/figcaption><\/figure>\n<p><\/a><\/p>\n<p>\u201cHoy no era nuestro d\u00eda\u2026 Hacia el kil\u00f3metro 60 nos hemos perdido en un \u2018plateau\u2019 de piedras y nos ha costado mucho encontrar un way point. Cuando lo hemos hecho, hab\u00eda mucho tr\u00e1fico por delante y mucho polvo, por lo que he decidido salirme de la pista para ir m\u00e1s r\u00e1pido. En un cambio de rasante hab\u00eda unas piedras y hemos pinchado por mi culpa. M\u00e1s adelante, a 50 km de meta, hemos vuelto a pinchar\u2026 calculo que habremos perdido 20 minutos como m\u00ednimo\u201d, explicaba resignado Isidre Esteve.<\/p>\n<p>Por fortuna, contaba con ruedas suficientes de recambio y ha podido continuar sin problemas, aunque al final el Repsol Rally Team ha llegado en 36\u00ba lugar tras invertir un tiempo de 3 horas, 56 minutos y 29 segundos, es decir, 59\u201933\u201d m\u00e1s que el ganador del d\u00eda, el qatar\u00ed de Toyota Nasser Al-Attiyah. En la general, Isidre Esteve pasa a ocupar la 23\u00aa plaza, con un acumulado de 35h 43&#8217;19\u00bb, que tratar\u00e1 de mejorar en las pr\u00f3ximas jornadas, camino de la meta de Jedah.<\/p>\n<p><a href=\"https:\/\/bxrepsol.s3.eu-west-1.amazonaws.com\/static\/2022\/08\/09121447\/Dakar-2021-dia-8-Isidre-Esteve-2.jpg\" \n   title=\"Isidre Esteve en su Toyota Hilux en el Dakar 2021 d\u00eda 8\" \n   data-gallery-thumbnail=\"https:\/\/bxrepsol.s3.eu-west-1.amazonaws.com\/static\/2022\/08\/09121447\/Dakar-2021-dia-8-Isidre-Esteve-2.jpg\"\n   data-gallery-title=\"\"\n   data-gallery><\/p>\n<figure>\n        <picture style=\"padding-bottom: 56.25%; background-image: url(https:\/\/bxrepsol.s3.eu-west-1.amazonaws.com\/static\/2022\/08\/09121447\/Dakar-2021-dia-8-Isidre-Esteve-2.jpg);\">\n            <img decoding=\"async\" src=\"https:\/\/bxrepsol.s3.eu-west-1.amazonaws.com\/static\/2022\/08\/09121447\/Dakar-2021-dia-8-Isidre-Esteve-2.jpg\"><br \/>\n            <img itemprop=\"image\"\n                data-srcset=\"https:\/\/bxrepsol.s3.eu-west-1.amazonaws.com\/static\/2022\/08\/09121447\/Dakar-2021-dia-8-Isidre-Esteve-2.jpg 480w, https:\/\/bxrepsol.s3.eu-west-1.amazonaws.com\/static\/2022\/08\/09121447\/Dakar-2021-dia-8-Isidre-Esteve-2.jpg 600w, https:\/\/bxrepsol.s3.eu-west-1.amazonaws.com\/static\/2022\/08\/09121447\/Dakar-2021-dia-8-Isidre-Esteve-2.jpg 900w, https:\/\/bxrepsol.s3.eu-west-1.amazonaws.com\/static\/2022\/08\/09121447\/Dakar-2021-dia-8-Isidre-Esteve-2.jpg 1280w\"\n                data-src=\"https:\/\/bxrepsol.s3.eu-west-1.amazonaws.com\/static\/2022\/08\/09121447\/Dakar-2021-dia-8-Isidre-Esteve-2.jpg\"\n                alt=\"Isidre Esteve en su Toyota Hilux en el Dakar 2021 d\u00eda 8\"\n                title=\"Dakar-2021-dia-8-Isidre-Esteve\"\/><br \/>\n            <noscript><img decoding=\"async\" src=\"https:\/\/bxrepsol.s3.eu-west-1.amazonaws.com\/static\/2022\/08\/09121447\/Dakar-2021-dia-8-Isidre-Esteve-2.jpg\" alt=\"Isidre Esteve en su Toyota Hilux en el Dakar 2021 d\u00eda 8\"><\/noscript>\n        <\/picture><figcaption>Isidre Esteve en su Toyota Hilux en el Dakar 2021 d\u00eda 8<\/figcaption><\/figure>\n<p><\/a><\/p>\n<p>\u201cTodo el mundo tiene un mal d\u00eda en el Dakar y hoy nos ha tocado a nosotros. Pero, pese a todo, hemos pasado por todos los way points y mantenido la mec\u00e1nica intacta de nuestro Hilux, por lo que debemos ser optimistas. Ahora toca analizar lo que nos ha sucedido y tomar buena nota para que no vuelva a repetirse. Seguimos muy motivados y con ganas de afrontar las pr\u00f3ximas etapas\u201d, afirmaba el piloto de Repsol, MG Seguros, KH-7 y Toyota Espa\u00f1a.<\/p>\n<p>El pr\u00f3ximo obst\u00e1culo llegar\u00e1 ma\u00f1ana martes, durante una complicada jornada con salida y llegada a Neom, que incluir\u00e1 una larga especial de 465 kil\u00f3metros. \u201cSer\u00e1 una etapa muy bonita y variada, a orillas del Mar Rojo. Todav\u00eda quedan cuatro d\u00edas, tres de ellos muy exigentes y seguro que pasar\u00e1n muchas cosas\u201d, vaticina Isidre Esteve.<\/p>\n<p>                <!-- Imagen relacionada --><br \/>\n        <img loading=\"lazy\" decoding=\"async\" width=\"404\" height=\"336\" src=\"https:\/\/bxrepsol.s3.eu-west-1.amazonaws.com\/static\/2022\/08\/09121448\/Dakar-2021-dia-9-Isidre-Esteve-pista-2.jpg\" alt=\"Isidre Esteve pilotando en una pista en el Dakar 2021 d\u00eda 9\" \/><br \/>\n                <!-- Categor\u00eda --><br \/>\n            Rally<br \/>\n        <!-- T\u00edtulo --><br \/>\n        <a href=\"https:\/\/www.boxrepsol.com\/es\/rally\/dakar-2021-dia-9-pinchazo-isidre-esteve\/\"><\/p>\n<h3>Dakar 2021 d\u00eda 9: Un pinchazo rompe el buen ritmo de Isidre Esteve<\/h3>\n<p>        <\/a><br \/>\n                    <!-- Fecha --><br \/>\n            hace 1 hora<\/p>\n","protected":false},"excerpt":{"rendered":"<p>El piloto de Oliana vive su jornada m\u00e1s complicada en el Dakar 2021: le ha costado encontrar un way point y ha sufrido dos pinchazos.<\/p>\n","protected":false},"author":43146,"featured_media":41987,"comment_status":"open","ping_status":"open","sticky":false,"template":"","format":"standard","meta":{"footnotes":""},"categories":[27],"tags":[194,201,29,183],"class_list":["post-94804","post","type-post","status-publish","format-standard","hentry","category-rally","tag-194","tag-dakar","tag-isidre-esteve","tag-repsol-rally-team"],"yoast_head":"<!-- This site is optimized with the Yoast SEO plugin v27.3 - https:\/\/yoast.com\/product\/yoast-seo-wordpress\/ -->\n<title>Dakar 2021 d\u00eda 8: El dif\u00edcil final de marat\u00f3n no mina la moral de Isidre Esteve - Box Repsol<\/title>\n<meta name=\"description\" content=\"El piloto de Oliana vive su jornada m\u00e1s complicada en el Dakar 2021: le ha costado encontrar un way point y ha sufrido dos pinchazos.\" \/>\n<link rel=\"canonical\" href=\"https:\/\/www.boxrepsol.com\/es\/rally\/dakar-2021-dia-8-final-maraton-isidre-esteve\/\" \/>\n<meta property=\"og:locale\" content=\"es_ES\" \/>\n<meta property=\"og:type\" content=\"article\" \/>\n<meta property=\"og:title\" content=\"Dakar 2021 d\u00eda 8: El dif\u00edcil final de marat\u00f3n no mina la moral de Isidre Esteve - Box Repsol\" \/>\n<meta property=\"og:description\" content=\"El piloto de Oliana vive su jornada m\u00e1s complicada en el Dakar 2021: le ha costado encontrar un way point y ha sufrido dos pinchazos.\" \/>\n<meta property=\"og:url\" content=\"https:\/\/www.boxrepsol.com\/es\/rally\/dakar-2021-dia-8-final-maraton-isidre-esteve\/\" \/>\n<meta property=\"og:site_name\" content=\"Box Repsol\" \/>\n<meta property=\"article:publisher\" content=\"https:\/\/www.facebook.com\/BoxRepsol\" \/>\n<meta property=\"article:author\" content=\"https:\/\/www.facebook.com\/BoxRepsol\/\" \/>\n<meta property=\"article:published_time\" content=\"2021-01-12T02:00:00+00:00\" \/>\n<meta property=\"article:modified_time\" content=\"2024-04-18T08:54:26+00:00\" \/>\n<meta property=\"og:image\" content=\"https:\/\/bxrepsol.s3.eu-west-1.amazonaws.com\/static\/2022\/08\/09121450\/Dakar-2021-dia-8-Isidre-Esteve-arena-3.jpg\" \/>\n\t<meta property=\"og:image:width\" content=\"1280\" \/>\n\t<meta property=\"og:image:height\" content=\"720\" \/>\n\t<meta property=\"og:image:type\" content=\"image\/jpeg\" \/>\n<meta name=\"author\" content=\"Redacci\u00f3n Box Repsol\" \/>\n<meta name=\"twitter:card\" content=\"summary_large_image\" \/>\n<meta name=\"twitter:creator\" content=\"@https:\/\/twitter.com\/box_repsol\" \/>\n<meta name=\"twitter:site\" content=\"@box_repsol\" \/>\n<meta name=\"twitter:label1\" content=\"Written by\" \/>\n\t<meta name=\"twitter:data1\" content=\"Redacci\u00f3n Box Repsol\" \/>\n\t<meta name=\"twitter:label2\" content=\"Est. reading time\" \/>\n\t<meta name=\"twitter:data2\" content=\"3 minutos\" \/>\n<script type=\"application\/ld+json\" class=\"yoast-schema-graph\">{\"@context\":\"https:\\\/\\\/schema.org\",\"@graph\":[{\"@type\":\"Article\",\"@id\":\"https:\\\/\\\/www.boxrepsol.com\\\/es\\\/rally\\\/dakar-2021-dia-8-final-maraton-isidre-esteve\\\/#article\",\"isPartOf\":{\"@id\":\"https:\\\/\\\/www.boxrepsol.com\\\/es\\\/rally\\\/dakar-2021-dia-8-final-maraton-isidre-esteve\\\/\"},\"author\":{\"name\":\"Redacci\u00f3n Box Repsol\",\"@id\":\"https:\\\/\\\/www.boxrepsol.com\\\/es\\\/#\\\/schema\\\/person\\\/c5c2138f2cca251b0ad92b7086bb60b7\"},\"headline\":\"Dakar 2021 d\u00eda 8: El dif\u00edcil final de marat\u00f3n no mina la moral de Isidre Esteve\",\"datePublished\":\"2021-01-12T02:00:00+00:00\",\"dateModified\":\"2024-04-18T08:54:26+00:00\",\"mainEntityOfPage\":{\"@id\":\"https:\\\/\\\/www.boxrepsol.com\\\/es\\\/rally\\\/dakar-2021-dia-8-final-maraton-isidre-esteve\\\/\"},\"wordCount\":589,\"commentCount\":0,\"publisher\":{\"@id\":\"https:\\\/\\\/www.boxrepsol.com\\\/es\\\/#organization\"},\"image\":{\"@id\":\"https:\\\/\\\/www.boxrepsol.com\\\/es\\\/rally\\\/dakar-2021-dia-8-final-maraton-isidre-esteve\\\/#primaryimage\"},\"thumbnailUrl\":\"https:\\\/\\\/bxrepsol.s3.eu-west-1.amazonaws.com\\\/static\\\/2022\\\/08\\\/09121450\\\/Dakar-2021-dia-8-Isidre-Esteve-arena-3.jpg\",\"keywords\":[\"2021\",\"Dakar\",\"Isidre Esteve\",\"Repsol Rally Team\"],\"articleSection\":[\"Rally\"],\"inLanguage\":\"es\",\"potentialAction\":[{\"@type\":\"CommentAction\",\"name\":\"Comment\",\"target\":[\"https:\\\/\\\/www.boxrepsol.com\\\/es\\\/rally\\\/dakar-2021-dia-8-final-maraton-isidre-esteve\\\/#respond\"]}]},{\"@type\":\"WebPage\",\"@id\":\"https:\\\/\\\/www.boxrepsol.com\\\/es\\\/rally\\\/dakar-2021-dia-8-final-maraton-isidre-esteve\\\/\",\"url\":\"https:\\\/\\\/www.boxrepsol.com\\\/es\\\/rally\\\/dakar-2021-dia-8-final-maraton-isidre-esteve\\\/\",\"name\":\"Dakar 2021 d\u00eda 8: El dif\u00edcil final de marat\u00f3n no mina la moral de Isidre Esteve - Box Repsol\",\"isPartOf\":{\"@id\":\"https:\\\/\\\/www.boxrepsol.com\\\/es\\\/#website\"},\"primaryImageOfPage\":{\"@id\":\"https:\\\/\\\/www.boxrepsol.com\\\/es\\\/rally\\\/dakar-2021-dia-8-final-maraton-isidre-esteve\\\/#primaryimage\"},\"image\":{\"@id\":\"https:\\\/\\\/www.boxrepsol.com\\\/es\\\/rally\\\/dakar-2021-dia-8-final-maraton-isidre-esteve\\\/#primaryimage\"},\"thumbnailUrl\":\"https:\\\/\\\/bxrepsol.s3.eu-west-1.amazonaws.com\\\/static\\\/2022\\\/08\\\/09121450\\\/Dakar-2021-dia-8-Isidre-Esteve-arena-3.jpg\",\"datePublished\":\"2021-01-12T02:00:00+00:00\",\"dateModified\":\"2024-04-18T08:54:26+00:00\",\"description\":\"El piloto de Oliana vive su jornada m\u00e1s complicada en el Dakar 2021: le ha costado encontrar un way point y ha sufrido dos pinchazos.\",\"breadcrumb\":{\"@id\":\"https:\\\/\\\/www.boxrepsol.com\\\/es\\\/rally\\\/dakar-2021-dia-8-final-maraton-isidre-esteve\\\/#breadcrumb\"},\"inLanguage\":\"es\",\"potentialAction\":[{\"@type\":\"ReadAction\",\"target\":[\"https:\\\/\\\/www.boxrepsol.com\\\/es\\\/rally\\\/dakar-2021-dia-8-final-maraton-isidre-esteve\\\/\"]}]},{\"@type\":\"ImageObject\",\"inLanguage\":\"es\",\"@id\":\"https:\\\/\\\/www.boxrepsol.com\\\/es\\\/rally\\\/dakar-2021-dia-8-final-maraton-isidre-esteve\\\/#primaryimage\",\"url\":\"https:\\\/\\\/bxrepsol.s3.eu-west-1.amazonaws.com\\\/static\\\/2022\\\/08\\\/09121450\\\/Dakar-2021-dia-8-Isidre-Esteve-arena-3.jpg\",\"contentUrl\":\"https:\\\/\\\/bxrepsol.s3.eu-west-1.amazonaws.com\\\/static\\\/2022\\\/08\\\/09121450\\\/Dakar-2021-dia-8-Isidre-Esteve-arena-3.jpg\",\"width\":1280,\"height\":720,\"caption\":\"Isidre Esteve sobre arena en el Dakar 2021 d\u00eda 8\"},{\"@type\":\"BreadcrumbList\",\"@id\":\"https:\\\/\\\/www.boxrepsol.com\\\/es\\\/rally\\\/dakar-2021-dia-8-final-maraton-isidre-esteve\\\/#breadcrumb\",\"itemListElement\":[{\"@type\":\"ListItem\",\"position\":1,\"name\":\"Home\",\"item\":\"https:\\\/\\\/www.boxrepsol.com\\\/es\\\/\"},{\"@type\":\"ListItem\",\"position\":2,\"name\":\"Dakar 2021 d\u00eda 8: El dif\u00edcil final de marat\u00f3n no mina la moral de Isidre Esteve\"}]},{\"@type\":\"WebSite\",\"@id\":\"https:\\\/\\\/www.boxrepsol.com\\\/es\\\/#website\",\"url\":\"https:\\\/\\\/www.boxrepsol.com\\\/es\\\/\",\"name\":\"Box Repsol\",\"description\":\"Box Repsol Site\",\"publisher\":{\"@id\":\"https:\\\/\\\/www.boxrepsol.com\\\/es\\\/#organization\"},\"potentialAction\":[{\"@type\":\"SearchAction\",\"target\":{\"@type\":\"EntryPoint\",\"urlTemplate\":\"https:\\\/\\\/www.boxrepsol.com\\\/es\\\/?s={search_term_string}\"},\"query-input\":{\"@type\":\"PropertyValueSpecification\",\"valueRequired\":true,\"valueName\":\"search_term_string\"}}],\"inLanguage\":\"es\"},{\"@type\":\"Organization\",\"@id\":\"https:\\\/\\\/www.boxrepsol.com\\\/es\\\/#organization\",\"name\":\"Box Repsol\",\"url\":\"https:\\\/\\\/www.boxrepsol.com\\\/es\\\/\",\"logo\":{\"@type\":\"ImageObject\",\"inLanguage\":\"es\",\"@id\":\"https:\\\/\\\/www.boxrepsol.com\\\/es\\\/#\\\/schema\\\/logo\\\/image\\\/\",\"url\":\"https:\\\/\\\/bxrepsol.s3.eu-west-1.amazonaws.com\\\/static\\\/2025\\\/07\\\/30083337\\\/favicon-96x96-1.png\",\"contentUrl\":\"https:\\\/\\\/bxrepsol.s3.eu-west-1.amazonaws.com\\\/static\\\/2025\\\/07\\\/30083337\\\/favicon-96x96-1.png\",\"width\":96,\"height\":96,\"caption\":\"Box Repsol\"},\"image\":{\"@id\":\"https:\\\/\\\/www.boxrepsol.com\\\/es\\\/#\\\/schema\\\/logo\\\/image\\\/\"},\"sameAs\":[\"https:\\\/\\\/www.facebook.com\\\/BoxRepsol\",\"https:\\\/\\\/x.com\\\/box_repsol\",\"http:\\\/\\\/instagram.com\\\/box_repsol\",\"https:\\\/\\\/www.youtube.com\\\/user\\\/RepsolCompeticion\",\"https:\\\/\\\/www.flickr.com\\\/photos\\\/box_repsol\\\/\"]},{\"@type\":\"Person\",\"@id\":\"https:\\\/\\\/www.boxrepsol.com\\\/es\\\/#\\\/schema\\\/person\\\/c5c2138f2cca251b0ad92b7086bb60b7\",\"name\":\"Redacci\u00f3n Box Repsol\",\"image\":{\"@type\":\"ImageObject\",\"inLanguage\":\"es\",\"@id\":\"https:\\\/\\\/secure.gravatar.com\\\/avatar\\\/adf7b77e38b4419baf32c7e9c21dde01f4e40df611f0978e3006fc4ba0aaab7e?s=96&d=mm&r=g\",\"url\":\"https:\\\/\\\/secure.gravatar.com\\\/avatar\\\/adf7b77e38b4419baf32c7e9c21dde01f4e40df611f0978e3006fc4ba0aaab7e?s=96&d=mm&r=g\",\"contentUrl\":\"https:\\\/\\\/secure.gravatar.com\\\/avatar\\\/adf7b77e38b4419baf32c7e9c21dde01f4e40df611f0978e3006fc4ba0aaab7e?s=96&d=mm&r=g\",\"caption\":\"Redacci\u00f3n Box Repsol\"},\"description\":\"Box Repsol lo forma un equipo de periodistas, community managers, dise\u00f1adores y fot\u00f3grafos con m\u00e1s de 20 a\u00f1os de experiencia en el mundo del motorsport. Hemos vivido el primer mundial de un espa\u00f1ol en la categor\u00eda reina de motociclismo con \u00c1lex Crivill\u00e9, estuvimos en las victorias de Pedrosa y los t\u00edtulos de M\u00e1rquez, acompa\u00f1amos en \u00c1frica a Nani Roma y Marc Coma en sus conquistas del Dakar y hemos vibrado con los t\u00edtulos de Toni Bou en Trial. Adem\u00e1s, en nuestro equipo contamos con expertos en el mundo de las dos y cuatro ruedas tanto de la calle y las carreteras, como de los circuitos. Periodistas que han trabajado en revistas y publicaciones para hacerte llegar desde rutas y consejos de mantenimiento, a curiosidades y trucos de pilotaje.\",\"sameAs\":[\"https:\\\/\\\/www.facebook.com\\\/BoxRepsol\\\/\",\"https:\\\/\\\/www.instagram.com\\\/box_repsol\\\/\",\"https:\\\/\\\/x.com\\\/https:\\\/\\\/twitter.com\\\/box_repsol\",\"https:\\\/\\\/www.youtube.com\\\/@Boxrepsol\"],\"url\":\"https:\\\/\\\/www.boxrepsol.com\\\/es\\\/author\\\/redaccion-box-repsol\\\/\"}]}<\/script>\n<!-- \/ Yoast SEO plugin. -->","yoast_head_json":{"title":"Dakar 2021 d\u00eda 8: El dif\u00edcil final de marat\u00f3n no mina la moral de Isidre Esteve - Box Repsol","description":"El piloto de Oliana vive su jornada m\u00e1s complicada en el Dakar 2021: le ha costado encontrar un way point y ha sufrido dos pinchazos.","canonical":"https:\/\/www.boxrepsol.com\/es\/rally\/dakar-2021-dia-8-final-maraton-isidre-esteve\/","og_locale":"es_ES","og_type":"article","og_title":"Dakar 2021 d\u00eda 8: El dif\u00edcil final de marat\u00f3n no mina la moral de Isidre Esteve - Box Repsol","og_description":"El piloto de Oliana vive su jornada m\u00e1s complicada en el Dakar 2021: le ha costado encontrar un way point y ha sufrido dos pinchazos.","og_url":"https:\/\/www.boxrepsol.com\/es\/rally\/dakar-2021-dia-8-final-maraton-isidre-esteve\/","og_site_name":"Box Repsol","article_publisher":"https:\/\/www.facebook.com\/BoxRepsol","article_author":"https:\/\/www.facebook.com\/BoxRepsol\/","article_published_time":"2021-01-12T02:00:00+00:00","article_modified_time":"2024-04-18T08:54:26+00:00","og_image":[{"width":1280,"height":720,"url":"https:\/\/bxrepsol.s3.eu-west-1.amazonaws.com\/static\/2022\/08\/09121450\/Dakar-2021-dia-8-Isidre-Esteve-arena-3.jpg","type":"image\/jpeg"}],"author":"Redacci\u00f3n Box Repsol","twitter_card":"summary_large_image","twitter_creator":"@https:\/\/twitter.com\/box_repsol","twitter_site":"@box_repsol","twitter_misc":{"Written by":"Redacci\u00f3n Box Repsol","Est. reading time":"3 minutos"},"schema":{"@context":"https:\/\/schema.org","@graph":[{"@type":"Article","@id":"https:\/\/www.boxrepsol.com\/es\/rally\/dakar-2021-dia-8-final-maraton-isidre-esteve\/#article","isPartOf":{"@id":"https:\/\/www.boxrepsol.com\/es\/rally\/dakar-2021-dia-8-final-maraton-isidre-esteve\/"},"author":{"name":"Redacci\u00f3n Box Repsol","@id":"https:\/\/www.boxrepsol.com\/es\/#\/schema\/person\/c5c2138f2cca251b0ad92b7086bb60b7"},"headline":"Dakar 2021 d\u00eda 8: El dif\u00edcil final de marat\u00f3n no mina la moral de Isidre Esteve","datePublished":"2021-01-12T02:00:00+00:00","dateModified":"2024-04-18T08:54:26+00:00","mainEntityOfPage":{"@id":"https:\/\/www.boxrepsol.com\/es\/rally\/dakar-2021-dia-8-final-maraton-isidre-esteve\/"},"wordCount":589,"commentCount":0,"publisher":{"@id":"https:\/\/www.boxrepsol.com\/es\/#organization"},"image":{"@id":"https:\/\/www.boxrepsol.com\/es\/rally\/dakar-2021-dia-8-final-maraton-isidre-esteve\/#primaryimage"},"thumbnailUrl":"https:\/\/bxrepsol.s3.eu-west-1.amazonaws.com\/static\/2022\/08\/09121450\/Dakar-2021-dia-8-Isidre-Esteve-arena-3.jpg","keywords":["2021","Dakar","Isidre Esteve","Repsol Rally Team"],"articleSection":["Rally"],"inLanguage":"es","potentialAction":[{"@type":"CommentAction","name":"Comment","target":["https:\/\/www.boxrepsol.com\/es\/rally\/dakar-2021-dia-8-final-maraton-isidre-esteve\/#respond"]}]},{"@type":"WebPage","@id":"https:\/\/www.boxrepsol.com\/es\/rally\/dakar-2021-dia-8-final-maraton-isidre-esteve\/","url":"https:\/\/www.boxrepsol.com\/es\/rally\/dakar-2021-dia-8-final-maraton-isidre-esteve\/","name":"Dakar 2021 d\u00eda 8: El dif\u00edcil final de marat\u00f3n no mina la moral de Isidre Esteve - Box Repsol","isPartOf":{"@id":"https:\/\/www.boxrepsol.com\/es\/#website"},"primaryImageOfPage":{"@id":"https:\/\/www.boxrepsol.com\/es\/rally\/dakar-2021-dia-8-final-maraton-isidre-esteve\/#primaryimage"},"image":{"@id":"https:\/\/www.boxrepsol.com\/es\/rally\/dakar-2021-dia-8-final-maraton-isidre-esteve\/#primaryimage"},"thumbnailUrl":"https:\/\/bxrepsol.s3.eu-west-1.amazonaws.com\/static\/2022\/08\/09121450\/Dakar-2021-dia-8-Isidre-Esteve-arena-3.jpg","datePublished":"2021-01-12T02:00:00+00:00","dateModified":"2024-04-18T08:54:26+00:00","description":"El piloto de Oliana vive su jornada m\u00e1s complicada en el Dakar 2021: le ha costado encontrar un way point y ha sufrido dos pinchazos.","breadcrumb":{"@id":"https:\/\/www.boxrepsol.com\/es\/rally\/dakar-2021-dia-8-final-maraton-isidre-esteve\/#breadcrumb"},"inLanguage":"es","potentialAction":[{"@type":"ReadAction","target":["https:\/\/www.boxrepsol.com\/es\/rally\/dakar-2021-dia-8-final-maraton-isidre-esteve\/"]}]},{"@type":"ImageObject","inLanguage":"es","@id":"https:\/\/www.boxrepsol.com\/es\/rally\/dakar-2021-dia-8-final-maraton-isidre-esteve\/#primaryimage","url":"https:\/\/bxrepsol.s3.eu-west-1.amazonaws.com\/static\/2022\/08\/09121450\/Dakar-2021-dia-8-Isidre-Esteve-arena-3.jpg","contentUrl":"https:\/\/bxrepsol.s3.eu-west-1.amazonaws.com\/static\/2022\/08\/09121450\/Dakar-2021-dia-8-Isidre-Esteve-arena-3.jpg","width":1280,"height":720,"caption":"Isidre Esteve sobre arena en el Dakar 2021 d\u00eda 8"},{"@type":"BreadcrumbList","@id":"https:\/\/www.boxrepsol.com\/es\/rally\/dakar-2021-dia-8-final-maraton-isidre-esteve\/#breadcrumb","itemListElement":[{"@type":"ListItem","position":1,"name":"Home","item":"https:\/\/www.boxrepsol.com\/es\/"},{"@type":"ListItem","position":2,"name":"Dakar 2021 d\u00eda 8: El dif\u00edcil final de marat\u00f3n no mina la moral de Isidre Esteve"}]},{"@type":"WebSite","@id":"https:\/\/www.boxrepsol.com\/es\/#website","url":"https:\/\/www.boxrepsol.com\/es\/","name":"Box Repsol","description":"Box Repsol Site","publisher":{"@id":"https:\/\/www.boxrepsol.com\/es\/#organization"},"potentialAction":[{"@type":"SearchAction","target":{"@type":"EntryPoint","urlTemplate":"https:\/\/www.boxrepsol.com\/es\/?s={search_term_string}"},"query-input":{"@type":"PropertyValueSpecification","valueRequired":true,"valueName":"search_term_string"}}],"inLanguage":"es"},{"@type":"Organization","@id":"https:\/\/www.boxrepsol.com\/es\/#organization","name":"Box Repsol","url":"https:\/\/www.boxrepsol.com\/es\/","logo":{"@type":"ImageObject","inLanguage":"es","@id":"https:\/\/www.boxrepsol.com\/es\/#\/schema\/logo\/image\/","url":"https:\/\/bxrepsol.s3.eu-west-1.amazonaws.com\/static\/2025\/07\/30083337\/favicon-96x96-1.png","contentUrl":"https:\/\/bxrepsol.s3.eu-west-1.amazonaws.com\/static\/2025\/07\/30083337\/favicon-96x96-1.png","width":96,"height":96,"caption":"Box Repsol"},"image":{"@id":"https:\/\/www.boxrepsol.com\/es\/#\/schema\/logo\/image\/"},"sameAs":["https:\/\/www.facebook.com\/BoxRepsol","https:\/\/x.com\/box_repsol","http:\/\/instagram.com\/box_repsol","https:\/\/www.youtube.com\/user\/RepsolCompeticion","https:\/\/www.flickr.com\/photos\/box_repsol\/"]},{"@type":"Person","@id":"https:\/\/www.boxrepsol.com\/es\/#\/schema\/person\/c5c2138f2cca251b0ad92b7086bb60b7","name":"Redacci\u00f3n Box Repsol","image":{"@type":"ImageObject","inLanguage":"es","@id":"https:\/\/secure.gravatar.com\/avatar\/adf7b77e38b4419baf32c7e9c21dde01f4e40df611f0978e3006fc4ba0aaab7e?s=96&d=mm&r=g","url":"https:\/\/secure.gravatar.com\/avatar\/adf7b77e38b4419baf32c7e9c21dde01f4e40df611f0978e3006fc4ba0aaab7e?s=96&d=mm&r=g","contentUrl":"https:\/\/secure.gravatar.com\/avatar\/adf7b77e38b4419baf32c7e9c21dde01f4e40df611f0978e3006fc4ba0aaab7e?s=96&d=mm&r=g","caption":"Redacci\u00f3n Box Repsol"},"description":"Box Repsol lo forma un equipo de periodistas, community managers, dise\u00f1adores y fot\u00f3grafos con m\u00e1s de 20 a\u00f1os de experiencia en el mundo del motorsport. Hemos vivido el primer mundial de un espa\u00f1ol en la categor\u00eda reina de motociclismo con \u00c1lex Crivill\u00e9, estuvimos en las victorias de Pedrosa y los t\u00edtulos de M\u00e1rquez, acompa\u00f1amos en \u00c1frica a Nani Roma y Marc Coma en sus conquistas del Dakar y hemos vibrado con los t\u00edtulos de Toni Bou en Trial. Adem\u00e1s, en nuestro equipo contamos con expertos en el mundo de las dos y cuatro ruedas tanto de la calle y las carreteras, como de los circuitos. Periodistas que han trabajado en revistas y publicaciones para hacerte llegar desde rutas y consejos de mantenimiento, a curiosidades y trucos de pilotaje.","sameAs":["https:\/\/www.facebook.com\/BoxRepsol\/","https:\/\/www.instagram.com\/box_repsol\/","https:\/\/x.com\/https:\/\/twitter.com\/box_repsol","https:\/\/www.youtube.com\/@Boxrepsol"],"url":"https:\/\/www.boxrepsol.com\/es\/author\/redaccion-box-repsol\/"}]}},"_links":{"self":[{"href":"https:\/\/www.boxrepsol.com\/es\/wp-json\/wp\/v2\/posts\/94804","targetHints":{"allow":["GET"]}}],"collection":[{"href":"https:\/\/www.boxrepsol.com\/es\/wp-json\/wp\/v2\/posts"}],"about":[{"href":"https:\/\/www.boxrepsol.com\/es\/wp-json\/wp\/v2\/types\/post"}],"author":[{"embeddable":true,"href":"https:\/\/www.boxrepsol.com\/es\/wp-json\/wp\/v2\/users\/43146"}],"replies":[{"embeddable":true,"href":"https:\/\/www.boxrepsol.com\/es\/wp-json\/wp\/v2\/comments?post=94804"}],"version-history":[{"count":1,"href":"https:\/\/www.boxrepsol.com\/es\/wp-json\/wp\/v2\/posts\/94804\/revisions"}],"predecessor-version":[{"id":94805,"href":"https:\/\/www.boxrepsol.com\/es\/wp-json\/wp\/v2\/posts\/94804\/revisions\/94805"}],"wp:featuredmedia":[{"embeddable":true,"href":"https:\/\/www.boxrepsol.com\/es\/wp-json\/wp\/v2\/media\/41987"}],"wp:attachment":[{"href":"https:\/\/www.boxrepsol.com\/es\/wp-json\/wp\/v2\/media?parent=94804"}],"wp:term":[{"taxonomy":"category","embeddable":true,"href":"https:\/\/www.boxrepsol.com\/es\/wp-json\/wp\/v2\/categories?post=94804"},{"taxonomy":"post_tag","embeddable":true,"href":"https:\/\/www.boxrepsol.com\/es\/wp-json\/wp\/v2\/tags?post=94804"}],"curies":[{"name":"wp","href":"https:\/\/api.w.org\/{rel}","templated":true}]}}