{"id":94800,"date":"2021-01-11T00:00:00","date_gmt":"2021-01-11T02:00:00","guid":{"rendered":"http:\/\/pre.boxrepsol.com\/sin-categorizar\/dakar-2021-dia-7-isidre-esteve-primera-mitad-maraton\/"},"modified":"2024-04-18T06:54:42","modified_gmt":"2024-04-18T08:54:42","slug":"dakar-2021-dia-7-isidre-esteve-primera-mitad-maraton","status":"publish","type":"post","link":"https:\/\/www.boxrepsol.com\/es\/rally\/dakar-2021-dia-7-isidre-esteve-primera-mitad-maraton\/","title":{"rendered":"Dakar 2021 d\u00eda 7: Isidre Esteve opta por conservar en la primera mitad de la marat\u00f3n"},"content":{"rendered":"<p>El ilerdense ha sufrido el primer pinchazo de todo el Dakar, a la altura del kil\u00f3metro 110, lo que le ha obligado a extremar precauciones.<\/p>\n<p>Pese a todo, ha finalizado 31\u00ba con su Toyota Hilux Overdrive en perfecto estado para afrontar la pr\u00f3xima jornada.<\/p>\n<p>\u00abLo importante hoy era cuidar la mec\u00e1nica y evitar tener problemas para intentar atacar ma\u00f1ana, porque la marat\u00f3n debe tomarse como una \u00fanica etapa\u201d.<\/p>\n<p>                <!-- Imagen relacionada --><br \/>\n        <img loading=\"lazy\" decoding=\"async\" width=\"404\" height=\"336\" src=\"https:\/\/bxrepsol.s3.eu-west-1.amazonaws.com\/static\/2022\/08\/09121406\/Dakar-2021-dia-descanso-Isidre-Esteve-2.jpg\" alt=\"Isidre Esteve junto al motorhome en el Dakar 2021 d\u00eda de descanso\" \/><br \/>\n                <!-- Categor\u00eda --><br \/>\n            Rally<br \/>\n        <!-- T\u00edtulo --><br \/>\n        <a href=\"https:\/\/www.boxrepsol.com\/es\/rally\/dakar-2021-dia-descanso-isidre-esteve-motorhome\/\"><\/p>\n<h3>Dakar 2021 d\u00eda de descanso: Isidre Esteve nos abre las puertas de su c&#8230;<\/h3>\n<p>        <\/a><br \/>\n                    <!-- Fecha --><br \/>\n            hace 1 hora        <\/p>\n<p>Isidre Esteve ten\u00eda muy clara su estrategia para la etapa de este domingo, la s\u00e9ptima del Dakar 2021 y primera parte de la siempre temida marat\u00f3n. Su principal objetivo era llegar al campamento con el Toyota Hilux Overdrive en buen estado, consciente de que no dispondr\u00eda de asistencia t\u00e9cnica a la llegada. Paras cumplir con su cometido ha dejado en un segundo plano el cron\u00f3metro, lo que le ha retrasado al 31\u00ba lugar. Ma\u00f1ana, el piloto del Repsol Rally Team incrementar\u00e1 su ritmo y conf\u00eda en aprovechar el desgaste sufrido por sus rivales para ganar posiciones.<\/p>\n<p>La jornada, con salida en Ha\u2019il y llegada a Sakaka, constaba de 267 kil\u00f3metros de enlace y 471 cronometrados, con un recorrido muy variado sobre arena, dunas, r\u00edos secos y piedra, mucha piedra. El coche de Isidre Esteve y Txema Villalobos ha sufrido su primer pinchazo del presente Dakar antes de completar una cuarta parte de la etapa. Ese inesperado contratiempo ha obligado a la pareja de Repsol, MGS Seguros, KH-7 y Toyota Espa\u00f1a a extremar las precauciones, al disponer de s\u00f3lo tres ruedas de recambio para hoy y ma\u00f1ana.<\/p>\n<p><a href=\"https:\/\/bxrepsol.s3.eu-west-1.amazonaws.com\/static\/2022\/08\/09121419\/Dakar-2021-dia-7-Isidre-Esteve-pista-2.jpg\" \n   title=\"Isidre Esteve sobre arena en el Dakar 2021 d\u00eda 7\" \n   data-gallery-thumbnail=\"https:\/\/bxrepsol.s3.eu-west-1.amazonaws.com\/static\/2022\/08\/09121419\/Dakar-2021-dia-7-Isidre-Esteve-pista-2.jpg\"\n   data-gallery-title=\"\"\n   data-gallery><\/p>\n<figure>\n        <picture style=\"padding-bottom: 56.25%; background-image: url(https:\/\/bxrepsol.s3.eu-west-1.amazonaws.com\/static\/2022\/08\/09121419\/Dakar-2021-dia-7-Isidre-Esteve-pista-2.jpg);\">\n            <img decoding=\"async\" src=\"https:\/\/bxrepsol.s3.eu-west-1.amazonaws.com\/static\/2022\/08\/09121419\/Dakar-2021-dia-7-Isidre-Esteve-pista-2.jpg\"><br \/>\n            <img itemprop=\"image\"\n                data-srcset=\"https:\/\/bxrepsol.s3.eu-west-1.amazonaws.com\/static\/2022\/08\/09121419\/Dakar-2021-dia-7-Isidre-Esteve-pista-2.jpg 480w, https:\/\/bxrepsol.s3.eu-west-1.amazonaws.com\/static\/2022\/08\/09121419\/Dakar-2021-dia-7-Isidre-Esteve-pista-2.jpg 600w, https:\/\/bxrepsol.s3.eu-west-1.amazonaws.com\/static\/2022\/08\/09121419\/Dakar-2021-dia-7-Isidre-Esteve-pista-2.jpg 900w, https:\/\/bxrepsol.s3.eu-west-1.amazonaws.com\/static\/2022\/08\/09121419\/Dakar-2021-dia-7-Isidre-Esteve-pista-2.jpg 1280w\"\n                data-src=\"https:\/\/bxrepsol.s3.eu-west-1.amazonaws.com\/static\/2022\/08\/09121419\/Dakar-2021-dia-7-Isidre-Esteve-pista-2.jpg\"\n                alt=\"Isidre Esteve sobre arena en el Dakar 2021 d\u00eda 7\"\n                title=\"Dakar-2021-dia-7-Isidre-Esteve-pista\"\/><br \/>\n            <noscript><img decoding=\"async\" src=\"https:\/\/bxrepsol.s3.eu-west-1.amazonaws.com\/static\/2022\/08\/09121419\/Dakar-2021-dia-7-Isidre-Esteve-pista-2.jpg\" alt=\"Isidre Esteve sobre arena en el Dakar 2021 d\u00eda 7\"><\/noscript>\n        <\/picture><figcaption>Isidre Esteve sobre arena en el Dakar 2021 d\u00eda 7<\/figcaption><\/figure>\n<p><\/a><\/p>\n<p>\u201cHemos pinchado en una recta muy r\u00e1pida y, como todav\u00eda quedaban muchos kil\u00f3metros por zonas de piedras, hemos decidido bajar el ritmo e ir m\u00e1s tranquilos. Lo importante hoy era conservar la mec\u00e1nica y evitar tener problemas para intentar atacar ma\u00f1ana, porque la marat\u00f3n debe tomarse como una \u00fanica etapa, dividida en dos partes\u201d, reconoc\u00eda Isidre Esteve.<\/p>\n<p>El ilerdense del Repsol Rally Team afirmaba que \u201cen general ha sido un buen d\u00eda para recuperar el ritmo de carrera tras el descanso de ayer y debemos sentirnos satisfechos\u201d. Su tiempo final de 5 horas, 28 minutos y 29 segundos le ha otorgado la 31\u00aa plaza de la jornada y situado en el 22\u00ba lugar de la clasificaci\u00f3n provisional de coches.<\/p>\n<p><a href=\"https:\/\/bxrepsol.s3.eu-west-1.amazonaws.com\/static\/2022\/08\/09121420\/Dakar-2021-dia-7-Isidre-Esteve-pista-arena-2.jpg\" \n   title=\"Isidre Esteve sobre arena en el Dakar 2021 d\u00eda 7\" \n   data-gallery-thumbnail=\"https:\/\/bxrepsol.s3.eu-west-1.amazonaws.com\/static\/2022\/08\/09121420\/Dakar-2021-dia-7-Isidre-Esteve-pista-arena-2.jpg\"\n   data-gallery-title=\"\"\n   data-gallery><\/p>\n<figure>\n        <picture style=\"padding-bottom: 56.25%; background-image: url(https:\/\/bxrepsol.s3.eu-west-1.amazonaws.com\/static\/2022\/08\/09121420\/Dakar-2021-dia-7-Isidre-Esteve-pista-arena-2.jpg);\">\n            <img decoding=\"async\" src=\"https:\/\/bxrepsol.s3.eu-west-1.amazonaws.com\/static\/2022\/08\/09121420\/Dakar-2021-dia-7-Isidre-Esteve-pista-arena-2.jpg\"><br \/>\n            <img itemprop=\"image\"\n                data-srcset=\"https:\/\/bxrepsol.s3.eu-west-1.amazonaws.com\/static\/2022\/08\/09121420\/Dakar-2021-dia-7-Isidre-Esteve-pista-arena-2.jpg 480w, https:\/\/bxrepsol.s3.eu-west-1.amazonaws.com\/static\/2022\/08\/09121420\/Dakar-2021-dia-7-Isidre-Esteve-pista-arena-2.jpg 600w, https:\/\/bxrepsol.s3.eu-west-1.amazonaws.com\/static\/2022\/08\/09121420\/Dakar-2021-dia-7-Isidre-Esteve-pista-arena-2.jpg 900w, https:\/\/bxrepsol.s3.eu-west-1.amazonaws.com\/static\/2022\/08\/09121420\/Dakar-2021-dia-7-Isidre-Esteve-pista-arena-2.jpg 1280w\"\n                data-src=\"https:\/\/bxrepsol.s3.eu-west-1.amazonaws.com\/static\/2022\/08\/09121420\/Dakar-2021-dia-7-Isidre-Esteve-pista-arena-2.jpg\"\n                alt=\"Isidre Esteve sobre arena en el Dakar 2021 d\u00eda 7\"\n                title=\"Dakar-2021-dia-7-Isidre-Esteve-pista-arena\"\/><br \/>\n            <noscript><img decoding=\"async\" src=\"https:\/\/bxrepsol.s3.eu-west-1.amazonaws.com\/static\/2022\/08\/09121420\/Dakar-2021-dia-7-Isidre-Esteve-pista-arena-2.jpg\" alt=\"Isidre Esteve sobre arena en el Dakar 2021 d\u00eda 7\"><\/noscript>\n        <\/picture><figcaption>Isidre Esteve sobre arena en el Dakar 2021 d\u00eda 7<\/figcaption><\/figure>\n<p><\/a><\/p>\n<p>De todas formas, Isidre Esteve conf\u00eda en culminar su t\u00e1ctica ma\u00f1ana, durante la segunda parte de la marat\u00f3n, entre Sakaka y Neom, con una especial de 375 kil\u00f3metros. \u201cSer\u00e1 otra etapa larga y exigente, de mucho cansancio f\u00edsico y desgaste mec\u00e1nico. Seguro que correremos m\u00e1s que hoy y trataremos de obtener un buen resultado\u201d, adelantaba el de Oliana.<\/p>\n<p>Mientras Txema Villalobos -mec\u00e1nico de profesi\u00f3n- revisaba a fondo el Toyota, Isidre Esteve se acomodaba en una zona del vivac que la organizaci\u00f3n ha acondicionado expresamente para \u00e9l, con ba\u00f1o adaptado incluido. \u201cLa verdad es que la organizaci\u00f3n nos est\u00e1 tratando muy bien y piensa en todo\u2026 por lo que estamos muy agradecidos\u201d, subrayaba.<\/p>\n<p>                <!-- Imagen relacionada --><br \/>\n        <img loading=\"lazy\" decoding=\"async\" width=\"404\" height=\"336\" src=\"https:\/\/bxrepsol.s3.eu-west-1.amazonaws.com\/static\/2022\/08\/09121421\/Dakar-2021-dia-8-Isidre-Esteve-arena-2.jpg\" alt=\"Isidre Esteve sobre arena en el Dakar 2021 d\u00eda 8\" \/><br \/>\n                <!-- Categor\u00eda --><br \/>\n            Rally<br \/>\n        <!-- T\u00edtulo --><br \/>\n        <a href=\"https:\/\/www.boxrepsol.com\/es\/rally\/dakar-2021-dia-8-final-maraton-isidre-esteve\/\"><\/p>\n<h3>Dakar 2021 d\u00eda 8: El dif\u00edcil final de marat\u00f3n no mina la moral de Isid&#8230;<\/h3>\n<p>        <\/a><br \/>\n                    <!-- Fecha --><br \/>\n            hace 1 hora<\/p>\n","protected":false},"excerpt":{"rendered":"<p>El piloto del Repsol Rally Team no ha arriesgado lo m\u00e1s m\u00ednimo, consciente de que al final de la especial carec\u00eda de asistencia.<\/p>\n","protected":false},"author":43146,"featured_media":41937,"comment_status":"open","ping_status":"open","sticky":false,"template":"","format":"standard","meta":{"footnotes":""},"categories":[27],"tags":[194,201,29,183],"class_list":["post-94800","post","type-post","status-publish","format-standard","hentry","category-rally","tag-194","tag-dakar","tag-isidre-esteve","tag-repsol-rally-team"],"yoast_head":"<!-- This site is optimized with the Yoast SEO plugin v27.3 - https:\/\/yoast.com\/product\/yoast-seo-wordpress\/ -->\n<title>Dakar 2021 d\u00eda 7: Isidre Esteve opta por conservar en la primera mitad de la marat\u00f3n - Box Repsol<\/title>\n<meta name=\"description\" content=\"El piloto del Repsol Rally Team no ha arriesgado lo m\u00e1s m\u00ednimo, consciente de que al final de la especial carec\u00eda de asistencia.\" \/>\n<link rel=\"canonical\" href=\"https:\/\/www.boxrepsol.com\/es\/rally\/dakar-2021-dia-7-isidre-esteve-primera-mitad-maraton\/\" \/>\n<meta property=\"og:locale\" content=\"es_ES\" \/>\n<meta property=\"og:type\" content=\"article\" \/>\n<meta property=\"og:title\" content=\"Dakar 2021 d\u00eda 7: Isidre Esteve opta por conservar en la primera mitad de la marat\u00f3n - Box Repsol\" \/>\n<meta property=\"og:description\" content=\"El piloto del Repsol Rally Team no ha arriesgado lo m\u00e1s m\u00ednimo, consciente de que al final de la especial carec\u00eda de asistencia.\" \/>\n<meta property=\"og:url\" content=\"https:\/\/www.boxrepsol.com\/es\/rally\/dakar-2021-dia-7-isidre-esteve-primera-mitad-maraton\/\" \/>\n<meta property=\"og:site_name\" content=\"Box Repsol\" \/>\n<meta property=\"article:publisher\" content=\"https:\/\/www.facebook.com\/BoxRepsol\" \/>\n<meta property=\"article:author\" content=\"https:\/\/www.facebook.com\/BoxRepsol\/\" \/>\n<meta property=\"article:published_time\" content=\"2021-01-11T02:00:00+00:00\" \/>\n<meta property=\"article:modified_time\" content=\"2024-04-18T08:54:42+00:00\" \/>\n<meta property=\"og:image\" content=\"https:\/\/bxrepsol.s3.eu-west-1.amazonaws.com\/static\/2022\/08\/09121423\/Dakar-2021-dia-7-Isidre-Esteve-bajada-arena-3.jpg\" \/>\n\t<meta property=\"og:image:width\" content=\"1280\" \/>\n\t<meta property=\"og:image:height\" content=\"720\" \/>\n\t<meta property=\"og:image:type\" content=\"image\/jpeg\" \/>\n<meta name=\"author\" content=\"Redacci\u00f3n Box Repsol\" \/>\n<meta name=\"twitter:card\" content=\"summary_large_image\" \/>\n<meta name=\"twitter:creator\" content=\"@https:\/\/twitter.com\/box_repsol\" \/>\n<meta name=\"twitter:site\" content=\"@box_repsol\" \/>\n<meta name=\"twitter:label1\" content=\"Written by\" \/>\n\t<meta name=\"twitter:data1\" content=\"Redacci\u00f3n Box Repsol\" \/>\n\t<meta name=\"twitter:label2\" content=\"Est. reading time\" \/>\n\t<meta name=\"twitter:data2\" content=\"3 minutos\" \/>\n<script type=\"application\/ld+json\" class=\"yoast-schema-graph\">{\"@context\":\"https:\\\/\\\/schema.org\",\"@graph\":[{\"@type\":\"Article\",\"@id\":\"https:\\\/\\\/www.boxrepsol.com\\\/es\\\/rally\\\/dakar-2021-dia-7-isidre-esteve-primera-mitad-maraton\\\/#article\",\"isPartOf\":{\"@id\":\"https:\\\/\\\/www.boxrepsol.com\\\/es\\\/rally\\\/dakar-2021-dia-7-isidre-esteve-primera-mitad-maraton\\\/\"},\"author\":{\"name\":\"Redacci\u00f3n Box Repsol\",\"@id\":\"https:\\\/\\\/www.boxrepsol.com\\\/es\\\/#\\\/schema\\\/person\\\/c5c2138f2cca251b0ad92b7086bb60b7\"},\"headline\":\"Dakar 2021 d\u00eda 7: Isidre Esteve opta por conservar en la primera mitad de la marat\u00f3n\",\"datePublished\":\"2021-01-11T02:00:00+00:00\",\"dateModified\":\"2024-04-18T08:54:42+00:00\",\"mainEntityOfPage\":{\"@id\":\"https:\\\/\\\/www.boxrepsol.com\\\/es\\\/rally\\\/dakar-2021-dia-7-isidre-esteve-primera-mitad-maraton\\\/\"},\"wordCount\":585,\"commentCount\":0,\"publisher\":{\"@id\":\"https:\\\/\\\/www.boxrepsol.com\\\/es\\\/#organization\"},\"image\":{\"@id\":\"https:\\\/\\\/www.boxrepsol.com\\\/es\\\/rally\\\/dakar-2021-dia-7-isidre-esteve-primera-mitad-maraton\\\/#primaryimage\"},\"thumbnailUrl\":\"https:\\\/\\\/bxrepsol.s3.eu-west-1.amazonaws.com\\\/static\\\/2022\\\/08\\\/09121423\\\/Dakar-2021-dia-7-Isidre-Esteve-bajada-arena-3.jpg\",\"keywords\":[\"2021\",\"Dakar\",\"Isidre Esteve\",\"Repsol Rally Team\"],\"articleSection\":[\"Rally\"],\"inLanguage\":\"es\",\"potentialAction\":[{\"@type\":\"CommentAction\",\"name\":\"Comment\",\"target\":[\"https:\\\/\\\/www.boxrepsol.com\\\/es\\\/rally\\\/dakar-2021-dia-7-isidre-esteve-primera-mitad-maraton\\\/#respond\"]}]},{\"@type\":\"WebPage\",\"@id\":\"https:\\\/\\\/www.boxrepsol.com\\\/es\\\/rally\\\/dakar-2021-dia-7-isidre-esteve-primera-mitad-maraton\\\/\",\"url\":\"https:\\\/\\\/www.boxrepsol.com\\\/es\\\/rally\\\/dakar-2021-dia-7-isidre-esteve-primera-mitad-maraton\\\/\",\"name\":\"Dakar 2021 d\u00eda 7: Isidre Esteve opta por conservar en la primera mitad de la marat\u00f3n - Box Repsol\",\"isPartOf\":{\"@id\":\"https:\\\/\\\/www.boxrepsol.com\\\/es\\\/#website\"},\"primaryImageOfPage\":{\"@id\":\"https:\\\/\\\/www.boxrepsol.com\\\/es\\\/rally\\\/dakar-2021-dia-7-isidre-esteve-primera-mitad-maraton\\\/#primaryimage\"},\"image\":{\"@id\":\"https:\\\/\\\/www.boxrepsol.com\\\/es\\\/rally\\\/dakar-2021-dia-7-isidre-esteve-primera-mitad-maraton\\\/#primaryimage\"},\"thumbnailUrl\":\"https:\\\/\\\/bxrepsol.s3.eu-west-1.amazonaws.com\\\/static\\\/2022\\\/08\\\/09121423\\\/Dakar-2021-dia-7-Isidre-Esteve-bajada-arena-3.jpg\",\"datePublished\":\"2021-01-11T02:00:00+00:00\",\"dateModified\":\"2024-04-18T08:54:42+00:00\",\"description\":\"El piloto del Repsol Rally Team no ha arriesgado lo m\u00e1s m\u00ednimo, consciente de que al final de la especial carec\u00eda de asistencia.\",\"breadcrumb\":{\"@id\":\"https:\\\/\\\/www.boxrepsol.com\\\/es\\\/rally\\\/dakar-2021-dia-7-isidre-esteve-primera-mitad-maraton\\\/#breadcrumb\"},\"inLanguage\":\"es\",\"potentialAction\":[{\"@type\":\"ReadAction\",\"target\":[\"https:\\\/\\\/www.boxrepsol.com\\\/es\\\/rally\\\/dakar-2021-dia-7-isidre-esteve-primera-mitad-maraton\\\/\"]}]},{\"@type\":\"ImageObject\",\"inLanguage\":\"es\",\"@id\":\"https:\\\/\\\/www.boxrepsol.com\\\/es\\\/rally\\\/dakar-2021-dia-7-isidre-esteve-primera-mitad-maraton\\\/#primaryimage\",\"url\":\"https:\\\/\\\/bxrepsol.s3.eu-west-1.amazonaws.com\\\/static\\\/2022\\\/08\\\/09121423\\\/Dakar-2021-dia-7-Isidre-Esteve-bajada-arena-3.jpg\",\"contentUrl\":\"https:\\\/\\\/bxrepsol.s3.eu-west-1.amazonaws.com\\\/static\\\/2022\\\/08\\\/09121423\\\/Dakar-2021-dia-7-Isidre-Esteve-bajada-arena-3.jpg\",\"width\":1280,\"height\":720,\"caption\":\"Isidre Esteve sobre arena en el Dakar 2021 d\u00eda 7\"},{\"@type\":\"BreadcrumbList\",\"@id\":\"https:\\\/\\\/www.boxrepsol.com\\\/es\\\/rally\\\/dakar-2021-dia-7-isidre-esteve-primera-mitad-maraton\\\/#breadcrumb\",\"itemListElement\":[{\"@type\":\"ListItem\",\"position\":1,\"name\":\"Home\",\"item\":\"https:\\\/\\\/www.boxrepsol.com\\\/es\\\/\"},{\"@type\":\"ListItem\",\"position\":2,\"name\":\"Dakar 2021 d\u00eda 7: Isidre Esteve opta por conservar en la primera mitad de la marat\u00f3n\"}]},{\"@type\":\"WebSite\",\"@id\":\"https:\\\/\\\/www.boxrepsol.com\\\/es\\\/#website\",\"url\":\"https:\\\/\\\/www.boxrepsol.com\\\/es\\\/\",\"name\":\"Box Repsol\",\"description\":\"Box Repsol Site\",\"publisher\":{\"@id\":\"https:\\\/\\\/www.boxrepsol.com\\\/es\\\/#organization\"},\"potentialAction\":[{\"@type\":\"SearchAction\",\"target\":{\"@type\":\"EntryPoint\",\"urlTemplate\":\"https:\\\/\\\/www.boxrepsol.com\\\/es\\\/?s={search_term_string}\"},\"query-input\":{\"@type\":\"PropertyValueSpecification\",\"valueRequired\":true,\"valueName\":\"search_term_string\"}}],\"inLanguage\":\"es\"},{\"@type\":\"Organization\",\"@id\":\"https:\\\/\\\/www.boxrepsol.com\\\/es\\\/#organization\",\"name\":\"Box Repsol\",\"url\":\"https:\\\/\\\/www.boxrepsol.com\\\/es\\\/\",\"logo\":{\"@type\":\"ImageObject\",\"inLanguage\":\"es\",\"@id\":\"https:\\\/\\\/www.boxrepsol.com\\\/es\\\/#\\\/schema\\\/logo\\\/image\\\/\",\"url\":\"https:\\\/\\\/bxrepsol.s3.eu-west-1.amazonaws.com\\\/static\\\/2025\\\/07\\\/30083337\\\/favicon-96x96-1.png\",\"contentUrl\":\"https:\\\/\\\/bxrepsol.s3.eu-west-1.amazonaws.com\\\/static\\\/2025\\\/07\\\/30083337\\\/favicon-96x96-1.png\",\"width\":96,\"height\":96,\"caption\":\"Box Repsol\"},\"image\":{\"@id\":\"https:\\\/\\\/www.boxrepsol.com\\\/es\\\/#\\\/schema\\\/logo\\\/image\\\/\"},\"sameAs\":[\"https:\\\/\\\/www.facebook.com\\\/BoxRepsol\",\"https:\\\/\\\/x.com\\\/box_repsol\",\"http:\\\/\\\/instagram.com\\\/box_repsol\",\"https:\\\/\\\/www.youtube.com\\\/user\\\/RepsolCompeticion\",\"https:\\\/\\\/www.flickr.com\\\/photos\\\/box_repsol\\\/\"]},{\"@type\":\"Person\",\"@id\":\"https:\\\/\\\/www.boxrepsol.com\\\/es\\\/#\\\/schema\\\/person\\\/c5c2138f2cca251b0ad92b7086bb60b7\",\"name\":\"Redacci\u00f3n Box Repsol\",\"image\":{\"@type\":\"ImageObject\",\"inLanguage\":\"es\",\"@id\":\"https:\\\/\\\/secure.gravatar.com\\\/avatar\\\/adf7b77e38b4419baf32c7e9c21dde01f4e40df611f0978e3006fc4ba0aaab7e?s=96&d=mm&r=g\",\"url\":\"https:\\\/\\\/secure.gravatar.com\\\/avatar\\\/adf7b77e38b4419baf32c7e9c21dde01f4e40df611f0978e3006fc4ba0aaab7e?s=96&d=mm&r=g\",\"contentUrl\":\"https:\\\/\\\/secure.gravatar.com\\\/avatar\\\/adf7b77e38b4419baf32c7e9c21dde01f4e40df611f0978e3006fc4ba0aaab7e?s=96&d=mm&r=g\",\"caption\":\"Redacci\u00f3n Box Repsol\"},\"description\":\"Box Repsol lo forma un equipo de periodistas, community managers, dise\u00f1adores y fot\u00f3grafos con m\u00e1s de 20 a\u00f1os de experiencia en el mundo del motorsport. Hemos vivido el primer mundial de un espa\u00f1ol en la categor\u00eda reina de motociclismo con \u00c1lex Crivill\u00e9, estuvimos en las victorias de Pedrosa y los t\u00edtulos de M\u00e1rquez, acompa\u00f1amos en \u00c1frica a Nani Roma y Marc Coma en sus conquistas del Dakar y hemos vibrado con los t\u00edtulos de Toni Bou en Trial. Adem\u00e1s, en nuestro equipo contamos con expertos en el mundo de las dos y cuatro ruedas tanto de la calle y las carreteras, como de los circuitos. Periodistas que han trabajado en revistas y publicaciones para hacerte llegar desde rutas y consejos de mantenimiento, a curiosidades y trucos de pilotaje.\",\"sameAs\":[\"https:\\\/\\\/www.facebook.com\\\/BoxRepsol\\\/\",\"https:\\\/\\\/www.instagram.com\\\/box_repsol\\\/\",\"https:\\\/\\\/x.com\\\/https:\\\/\\\/twitter.com\\\/box_repsol\",\"https:\\\/\\\/www.youtube.com\\\/@Boxrepsol\"],\"url\":\"https:\\\/\\\/www.boxrepsol.com\\\/es\\\/author\\\/redaccion-box-repsol\\\/\"}]}<\/script>\n<!-- \/ Yoast SEO plugin. -->","yoast_head_json":{"title":"Dakar 2021 d\u00eda 7: Isidre Esteve opta por conservar en la primera mitad de la marat\u00f3n - Box Repsol","description":"El piloto del Repsol Rally Team no ha arriesgado lo m\u00e1s m\u00ednimo, consciente de que al final de la especial carec\u00eda de asistencia.","canonical":"https:\/\/www.boxrepsol.com\/es\/rally\/dakar-2021-dia-7-isidre-esteve-primera-mitad-maraton\/","og_locale":"es_ES","og_type":"article","og_title":"Dakar 2021 d\u00eda 7: Isidre Esteve opta por conservar en la primera mitad de la marat\u00f3n - Box Repsol","og_description":"El piloto del Repsol Rally Team no ha arriesgado lo m\u00e1s m\u00ednimo, consciente de que al final de la especial carec\u00eda de asistencia.","og_url":"https:\/\/www.boxrepsol.com\/es\/rally\/dakar-2021-dia-7-isidre-esteve-primera-mitad-maraton\/","og_site_name":"Box Repsol","article_publisher":"https:\/\/www.facebook.com\/BoxRepsol","article_author":"https:\/\/www.facebook.com\/BoxRepsol\/","article_published_time":"2021-01-11T02:00:00+00:00","article_modified_time":"2024-04-18T08:54:42+00:00","og_image":[{"width":1280,"height":720,"url":"https:\/\/bxrepsol.s3.eu-west-1.amazonaws.com\/static\/2022\/08\/09121423\/Dakar-2021-dia-7-Isidre-Esteve-bajada-arena-3.jpg","type":"image\/jpeg"}],"author":"Redacci\u00f3n Box Repsol","twitter_card":"summary_large_image","twitter_creator":"@https:\/\/twitter.com\/box_repsol","twitter_site":"@box_repsol","twitter_misc":{"Written by":"Redacci\u00f3n Box Repsol","Est. reading time":"3 minutos"},"schema":{"@context":"https:\/\/schema.org","@graph":[{"@type":"Article","@id":"https:\/\/www.boxrepsol.com\/es\/rally\/dakar-2021-dia-7-isidre-esteve-primera-mitad-maraton\/#article","isPartOf":{"@id":"https:\/\/www.boxrepsol.com\/es\/rally\/dakar-2021-dia-7-isidre-esteve-primera-mitad-maraton\/"},"author":{"name":"Redacci\u00f3n Box Repsol","@id":"https:\/\/www.boxrepsol.com\/es\/#\/schema\/person\/c5c2138f2cca251b0ad92b7086bb60b7"},"headline":"Dakar 2021 d\u00eda 7: Isidre Esteve opta por conservar en la primera mitad de la marat\u00f3n","datePublished":"2021-01-11T02:00:00+00:00","dateModified":"2024-04-18T08:54:42+00:00","mainEntityOfPage":{"@id":"https:\/\/www.boxrepsol.com\/es\/rally\/dakar-2021-dia-7-isidre-esteve-primera-mitad-maraton\/"},"wordCount":585,"commentCount":0,"publisher":{"@id":"https:\/\/www.boxrepsol.com\/es\/#organization"},"image":{"@id":"https:\/\/www.boxrepsol.com\/es\/rally\/dakar-2021-dia-7-isidre-esteve-primera-mitad-maraton\/#primaryimage"},"thumbnailUrl":"https:\/\/bxrepsol.s3.eu-west-1.amazonaws.com\/static\/2022\/08\/09121423\/Dakar-2021-dia-7-Isidre-Esteve-bajada-arena-3.jpg","keywords":["2021","Dakar","Isidre Esteve","Repsol Rally Team"],"articleSection":["Rally"],"inLanguage":"es","potentialAction":[{"@type":"CommentAction","name":"Comment","target":["https:\/\/www.boxrepsol.com\/es\/rally\/dakar-2021-dia-7-isidre-esteve-primera-mitad-maraton\/#respond"]}]},{"@type":"WebPage","@id":"https:\/\/www.boxrepsol.com\/es\/rally\/dakar-2021-dia-7-isidre-esteve-primera-mitad-maraton\/","url":"https:\/\/www.boxrepsol.com\/es\/rally\/dakar-2021-dia-7-isidre-esteve-primera-mitad-maraton\/","name":"Dakar 2021 d\u00eda 7: Isidre Esteve opta por conservar en la primera mitad de la marat\u00f3n - Box Repsol","isPartOf":{"@id":"https:\/\/www.boxrepsol.com\/es\/#website"},"primaryImageOfPage":{"@id":"https:\/\/www.boxrepsol.com\/es\/rally\/dakar-2021-dia-7-isidre-esteve-primera-mitad-maraton\/#primaryimage"},"image":{"@id":"https:\/\/www.boxrepsol.com\/es\/rally\/dakar-2021-dia-7-isidre-esteve-primera-mitad-maraton\/#primaryimage"},"thumbnailUrl":"https:\/\/bxrepsol.s3.eu-west-1.amazonaws.com\/static\/2022\/08\/09121423\/Dakar-2021-dia-7-Isidre-Esteve-bajada-arena-3.jpg","datePublished":"2021-01-11T02:00:00+00:00","dateModified":"2024-04-18T08:54:42+00:00","description":"El piloto del Repsol Rally Team no ha arriesgado lo m\u00e1s m\u00ednimo, consciente de que al final de la especial carec\u00eda de asistencia.","breadcrumb":{"@id":"https:\/\/www.boxrepsol.com\/es\/rally\/dakar-2021-dia-7-isidre-esteve-primera-mitad-maraton\/#breadcrumb"},"inLanguage":"es","potentialAction":[{"@type":"ReadAction","target":["https:\/\/www.boxrepsol.com\/es\/rally\/dakar-2021-dia-7-isidre-esteve-primera-mitad-maraton\/"]}]},{"@type":"ImageObject","inLanguage":"es","@id":"https:\/\/www.boxrepsol.com\/es\/rally\/dakar-2021-dia-7-isidre-esteve-primera-mitad-maraton\/#primaryimage","url":"https:\/\/bxrepsol.s3.eu-west-1.amazonaws.com\/static\/2022\/08\/09121423\/Dakar-2021-dia-7-Isidre-Esteve-bajada-arena-3.jpg","contentUrl":"https:\/\/bxrepsol.s3.eu-west-1.amazonaws.com\/static\/2022\/08\/09121423\/Dakar-2021-dia-7-Isidre-Esteve-bajada-arena-3.jpg","width":1280,"height":720,"caption":"Isidre Esteve sobre arena en el Dakar 2021 d\u00eda 7"},{"@type":"BreadcrumbList","@id":"https:\/\/www.boxrepsol.com\/es\/rally\/dakar-2021-dia-7-isidre-esteve-primera-mitad-maraton\/#breadcrumb","itemListElement":[{"@type":"ListItem","position":1,"name":"Home","item":"https:\/\/www.boxrepsol.com\/es\/"},{"@type":"ListItem","position":2,"name":"Dakar 2021 d\u00eda 7: Isidre Esteve opta por conservar en la primera mitad de la marat\u00f3n"}]},{"@type":"WebSite","@id":"https:\/\/www.boxrepsol.com\/es\/#website","url":"https:\/\/www.boxrepsol.com\/es\/","name":"Box Repsol","description":"Box Repsol Site","publisher":{"@id":"https:\/\/www.boxrepsol.com\/es\/#organization"},"potentialAction":[{"@type":"SearchAction","target":{"@type":"EntryPoint","urlTemplate":"https:\/\/www.boxrepsol.com\/es\/?s={search_term_string}"},"query-input":{"@type":"PropertyValueSpecification","valueRequired":true,"valueName":"search_term_string"}}],"inLanguage":"es"},{"@type":"Organization","@id":"https:\/\/www.boxrepsol.com\/es\/#organization","name":"Box Repsol","url":"https:\/\/www.boxrepsol.com\/es\/","logo":{"@type":"ImageObject","inLanguage":"es","@id":"https:\/\/www.boxrepsol.com\/es\/#\/schema\/logo\/image\/","url":"https:\/\/bxrepsol.s3.eu-west-1.amazonaws.com\/static\/2025\/07\/30083337\/favicon-96x96-1.png","contentUrl":"https:\/\/bxrepsol.s3.eu-west-1.amazonaws.com\/static\/2025\/07\/30083337\/favicon-96x96-1.png","width":96,"height":96,"caption":"Box Repsol"},"image":{"@id":"https:\/\/www.boxrepsol.com\/es\/#\/schema\/logo\/image\/"},"sameAs":["https:\/\/www.facebook.com\/BoxRepsol","https:\/\/x.com\/box_repsol","http:\/\/instagram.com\/box_repsol","https:\/\/www.youtube.com\/user\/RepsolCompeticion","https:\/\/www.flickr.com\/photos\/box_repsol\/"]},{"@type":"Person","@id":"https:\/\/www.boxrepsol.com\/es\/#\/schema\/person\/c5c2138f2cca251b0ad92b7086bb60b7","name":"Redacci\u00f3n Box Repsol","image":{"@type":"ImageObject","inLanguage":"es","@id":"https:\/\/secure.gravatar.com\/avatar\/adf7b77e38b4419baf32c7e9c21dde01f4e40df611f0978e3006fc4ba0aaab7e?s=96&d=mm&r=g","url":"https:\/\/secure.gravatar.com\/avatar\/adf7b77e38b4419baf32c7e9c21dde01f4e40df611f0978e3006fc4ba0aaab7e?s=96&d=mm&r=g","contentUrl":"https:\/\/secure.gravatar.com\/avatar\/adf7b77e38b4419baf32c7e9c21dde01f4e40df611f0978e3006fc4ba0aaab7e?s=96&d=mm&r=g","caption":"Redacci\u00f3n Box Repsol"},"description":"Box Repsol lo forma un equipo de periodistas, community managers, dise\u00f1adores y fot\u00f3grafos con m\u00e1s de 20 a\u00f1os de experiencia en el mundo del motorsport. Hemos vivido el primer mundial de un espa\u00f1ol en la categor\u00eda reina de motociclismo con \u00c1lex Crivill\u00e9, estuvimos en las victorias de Pedrosa y los t\u00edtulos de M\u00e1rquez, acompa\u00f1amos en \u00c1frica a Nani Roma y Marc Coma en sus conquistas del Dakar y hemos vibrado con los t\u00edtulos de Toni Bou en Trial. Adem\u00e1s, en nuestro equipo contamos con expertos en el mundo de las dos y cuatro ruedas tanto de la calle y las carreteras, como de los circuitos. Periodistas que han trabajado en revistas y publicaciones para hacerte llegar desde rutas y consejos de mantenimiento, a curiosidades y trucos de pilotaje.","sameAs":["https:\/\/www.facebook.com\/BoxRepsol\/","https:\/\/www.instagram.com\/box_repsol\/","https:\/\/x.com\/https:\/\/twitter.com\/box_repsol","https:\/\/www.youtube.com\/@Boxrepsol"],"url":"https:\/\/www.boxrepsol.com\/es\/author\/redaccion-box-repsol\/"}]}},"_links":{"self":[{"href":"https:\/\/www.boxrepsol.com\/es\/wp-json\/wp\/v2\/posts\/94800","targetHints":{"allow":["GET"]}}],"collection":[{"href":"https:\/\/www.boxrepsol.com\/es\/wp-json\/wp\/v2\/posts"}],"about":[{"href":"https:\/\/www.boxrepsol.com\/es\/wp-json\/wp\/v2\/types\/post"}],"author":[{"embeddable":true,"href":"https:\/\/www.boxrepsol.com\/es\/wp-json\/wp\/v2\/users\/43146"}],"replies":[{"embeddable":true,"href":"https:\/\/www.boxrepsol.com\/es\/wp-json\/wp\/v2\/comments?post=94800"}],"version-history":[{"count":1,"href":"https:\/\/www.boxrepsol.com\/es\/wp-json\/wp\/v2\/posts\/94800\/revisions"}],"predecessor-version":[{"id":94801,"href":"https:\/\/www.boxrepsol.com\/es\/wp-json\/wp\/v2\/posts\/94800\/revisions\/94801"}],"wp:featuredmedia":[{"embeddable":true,"href":"https:\/\/www.boxrepsol.com\/es\/wp-json\/wp\/v2\/media\/41937"}],"wp:attachment":[{"href":"https:\/\/www.boxrepsol.com\/es\/wp-json\/wp\/v2\/media?parent=94800"}],"wp:term":[{"taxonomy":"category","embeddable":true,"href":"https:\/\/www.boxrepsol.com\/es\/wp-json\/wp\/v2\/categories?post=94800"},{"taxonomy":"post_tag","embeddable":true,"href":"https:\/\/www.boxrepsol.com\/es\/wp-json\/wp\/v2\/tags?post=94800"}],"curies":[{"name":"wp","href":"https:\/\/api.w.org\/{rel}","templated":true}]}}