{"id":94798,"date":"2021-01-10T00:00:00","date_gmt":"2021-01-10T02:00:00","guid":{"rendered":"http:\/\/pre.boxrepsol.com\/sin-categorizar\/dakar-2021-dia-descanso-isidre-esteve-motorhome\/"},"modified":"2024-04-18T06:54:56","modified_gmt":"2024-04-18T08:54:56","slug":"dakar-2021-dia-descanso-isidre-esteve-motorhome","status":"publish","type":"post","link":"https:\/\/www.boxrepsol.com\/es\/rally\/dakar-2021-dia-descanso-isidre-esteve-motorhome\/","title":{"rendered":"Dakar 2021 d\u00eda de descanso: Isidre Esteve nos abre las puertas de su casa en el Dakar"},"content":{"rendered":"<p>Se trata de un contenedor de barco transformado a medida para facilitar la vida a todo el equipo y en especial al piloto ilerdense, afectado por una lesi\u00f3n medular.<\/p>\n<p>\u201cEsta casa ha mejorado mucho mi calidad de vida y me permite pensar s\u00f3lo en pilotar. Cuando empec\u00e9 todo eran incomodidades, dorm\u00eda en una tienda y me resultaba muy dif\u00edcil la vida en el campamento\u00bb.<\/p>\n<p>En tiempos de pandemia, la instalaci\u00f3n permite al equipo mantenerse dentro de su propia burbuja para minimizar el riesgo de contagio.<\/p>\n<p>                <!-- Imagen relacionada --><br \/>\n        <img loading=\"lazy\" decoding=\"async\" width=\"404\" height=\"336\" src=\"https:\/\/bxrepsol.s3.eu-west-1.amazonaws.com\/static\/2022\/08\/09121357\/Dakar-2021-dia-6-Isidre-Esteve-salto-2.jpg\" alt=\"Isidre Esteve saltando con su Toyota Hilux en el Dakar 2021 d\u00eda 6\" \/><br \/>\n                <!-- Categor\u00eda --><br \/>\n            Rally<br \/>\n        <!-- T\u00edtulo --><br \/>\n        <a href=\"https:\/\/www.boxrepsol.com\/es\/rally\/dakar-2021-dia-6-isidre-esteve-descanso-top-20\/\"><\/p>\n<h3>Dakar 2021 d\u00eda 6: Isidre Esteve llega a la etapa de descanso situado e&#8230;<\/h3>\n<p>        <\/a><br \/>\n                    <!-- Fecha --><br \/>\n            hace 1 hora        <\/p>\n<p>Si para cualquier participante en el Dakar el d\u00eda a d\u00eda es muy inc\u00f3modo, imag\u00ednense c\u00f3mo debe serlo para Isidre Esteve, que se desplaza en silla de ruedas a causa de su lesi\u00f3n medular. Para facilitar su calidad de vida, el equipo Repsol Rally Team dispone este a\u00f1o de una nueva instalaci\u00f3n que se ha convertido en el hogar de todos sus integrantes, pero tambi\u00e9n en el puesto de trabajo para preparar las etapas y poner a punto el Toyota Hilux Overdrive.<\/p>\n<p>\u201cSe trata de un contenedor de barco que fue transformado en vivienda-taller y que los mec\u00e1nicos Carlos M\u00e9ndez y Albert Soler transportan en cami\u00f3n de campamento en campamento mientras Txema Villalobos y yo estamos en carrera. Dentro disponemos de muchas comodidades, como camas, ba\u00f1o, ducha\u2026 todo en el mismo nivel y adaptado para que pueda moverme con plena autonom\u00eda, sin necesidad de plataformas\u201d, comenta Isidre Esteve, mientras se toma un caf\u00e9 durante la etapa de descanso de este s\u00e1bado.<\/p>\n<p>En el exterior, esta casa rodante se convierte cada d\u00eda en un taller equipado al cien por cien. David Pigem, jefe de mec\u00e1nicos del Repsol Rally Team y dise\u00f1ador de esta instalaci\u00f3n personalizada, explica que \u201caqu\u00ed disponemos de todo lo necesario para repasar y poner a punto el Toyota antes y despu\u00e9s de cada etapa. Tenemos banco de trabajo con cajoneras, carro de herramientas, sistema de compresi\u00f3n, cajas para guardar las piezas y los productos Repsol, todo bien ordenado, etiquetado y a la vista para no perder tiempo en buscarlo\u201d.<\/p>\n<p><a href=\"https:\/\/bxrepsol.s3.eu-west-1.amazonaws.com\/static\/2022\/08\/09121411\/Dakar-2021-dia-descanso-Isidre-Esteve-dormitorio-2.jpg\" \n   title=\"Isidre Esteve en su motorhome en el Dakar 2021 d\u00eda de descanso\" \n   data-gallery-thumbnail=\"https:\/\/bxrepsol.s3.eu-west-1.amazonaws.com\/static\/2022\/08\/09121411\/Dakar-2021-dia-descanso-Isidre-Esteve-dormitorio-2.jpg\"\n   data-gallery-title=\"\"\n   data-gallery><\/p>\n<figure>\n        <picture style=\"padding-bottom: 56.25%; background-image: url(https:\/\/bxrepsol.s3.eu-west-1.amazonaws.com\/static\/2022\/08\/09121411\/Dakar-2021-dia-descanso-Isidre-Esteve-dormitorio-2.jpg);\">\n            <img decoding=\"async\" src=\"https:\/\/bxrepsol.s3.eu-west-1.amazonaws.com\/static\/2022\/08\/09121411\/Dakar-2021-dia-descanso-Isidre-Esteve-dormitorio-2.jpg\"><br \/>\n            <img itemprop=\"image\"\n                data-srcset=\"https:\/\/bxrepsol.s3.eu-west-1.amazonaws.com\/static\/2022\/08\/09121411\/Dakar-2021-dia-descanso-Isidre-Esteve-dormitorio-2.jpg 480w, https:\/\/bxrepsol.s3.eu-west-1.amazonaws.com\/static\/2022\/08\/09121411\/Dakar-2021-dia-descanso-Isidre-Esteve-dormitorio-2.jpg 600w, https:\/\/bxrepsol.s3.eu-west-1.amazonaws.com\/static\/2022\/08\/09121411\/Dakar-2021-dia-descanso-Isidre-Esteve-dormitorio-2.jpg 900w, https:\/\/bxrepsol.s3.eu-west-1.amazonaws.com\/static\/2022\/08\/09121411\/Dakar-2021-dia-descanso-Isidre-Esteve-dormitorio-2.jpg 1280w\"\n                data-src=\"https:\/\/bxrepsol.s3.eu-west-1.amazonaws.com\/static\/2022\/08\/09121411\/Dakar-2021-dia-descanso-Isidre-Esteve-dormitorio-2.jpg\"\n                alt=\"Isidre Esteve en su motorhome en el Dakar 2021 d\u00eda de descanso\"\n                title=\"Dakar-2021-dia-descanso-Isidre-Esteve-dormitorio\"\/><br \/>\n            <noscript><img decoding=\"async\" src=\"https:\/\/bxrepsol.s3.eu-west-1.amazonaws.com\/static\/2022\/08\/09121411\/Dakar-2021-dia-descanso-Isidre-Esteve-dormitorio-2.jpg\" alt=\"Isidre Esteve en su motorhome en el Dakar 2021 d\u00eda de descanso\"><\/noscript>\n        <\/picture><figcaption>Isidre Esteve en su motorhome en el Dakar 2021 d\u00eda de descanso<\/figcaption><\/figure>\n<p><\/a><\/p>\n<p>Pese a ocupar una superficie de 20&#215;15 metros cuadrados en total, los mec\u00e1nicos deben tirar de imaginaci\u00f3n para aprovechar cualquier rinc\u00f3n disponible. De esta manera, incluso el falso techo se convierte en un peque\u00f1o almac\u00e9n en el que el equipo guarda algunos recambios del coche. \u201cEs importante disponer de un buen lugar de trabajo y el nuestro tiene poco que envidiar al de un taller convencional, salvo por la l\u00f3gica limitaci\u00f3n de espacio, que compensamos a base de imaginaci\u00f3n y buena organizaci\u00f3n\u201d, apunta David Pigem.<\/p>\n<p>El hogar dakariano del Repsol Rally Team se completa con una carpa multiuso de 18 metros cuadrados, en la que los miembros del equipo desayunan y cenan (el almuerzo suelen hacerlo en ruta la mayor\u00eda de d\u00edas), celebran los briefings e Isidre Esteve prepara las etapas con su copiloto Txema Villalobos. Ambos tambi\u00e9n reciben all\u00ed los masajes de recuperaci\u00f3n, a cargo de la preparadora f\u00edsica Lidia Guerrero.<\/p>\n<p>\u201cEsta vivienda ha mejorado mi calidad de vida, me ahorra mucho sobreesfuerzo y me permita centrarme \u00fanicamente en pilotar. Cuando empec\u00e9 todo eran incomodidades, dorm\u00eda en una tienda y me resultaba muy dif\u00edcil la vida en el campamento, mientras que ahora todo es mucho m\u00e1s f\u00e1cil. La instalaci\u00f3n parte de la experiencia vivida los \u00faltimos cuatro a\u00f1os, es accesible y est\u00e1 equipada para ser aut\u00f3nomo\u201d, destaca Isidre Esteve.<\/p>\n<p><a href=\"https:\/\/bxrepsol.s3.eu-west-1.amazonaws.com\/static\/2022\/08\/09121412\/Dakar-2021-dia-descanso-Isidre-Esteve-motorhome-2.jpg\" \n   title=\"Parte del motorhome de Isidre Esteve en el Dakar 2021 d\u00eda de descanso\" \n   data-gallery-thumbnail=\"https:\/\/bxrepsol.s3.eu-west-1.amazonaws.com\/static\/2022\/08\/09121412\/Dakar-2021-dia-descanso-Isidre-Esteve-motorhome-2.jpg\"\n   data-gallery-title=\"\"\n   data-gallery><\/p>\n<figure>\n        <picture style=\"padding-bottom: 56.25%; background-image: url(https:\/\/bxrepsol.s3.eu-west-1.amazonaws.com\/static\/2022\/08\/09121412\/Dakar-2021-dia-descanso-Isidre-Esteve-motorhome-2.jpg);\">\n            <img decoding=\"async\" src=\"https:\/\/bxrepsol.s3.eu-west-1.amazonaws.com\/static\/2022\/08\/09121412\/Dakar-2021-dia-descanso-Isidre-Esteve-motorhome-2.jpg\"><br \/>\n            <img itemprop=\"image\"\n                data-srcset=\"https:\/\/bxrepsol.s3.eu-west-1.amazonaws.com\/static\/2022\/08\/09121412\/Dakar-2021-dia-descanso-Isidre-Esteve-motorhome-2.jpg 480w, https:\/\/bxrepsol.s3.eu-west-1.amazonaws.com\/static\/2022\/08\/09121412\/Dakar-2021-dia-descanso-Isidre-Esteve-motorhome-2.jpg 600w, https:\/\/bxrepsol.s3.eu-west-1.amazonaws.com\/static\/2022\/08\/09121412\/Dakar-2021-dia-descanso-Isidre-Esteve-motorhome-2.jpg 900w, https:\/\/bxrepsol.s3.eu-west-1.amazonaws.com\/static\/2022\/08\/09121412\/Dakar-2021-dia-descanso-Isidre-Esteve-motorhome-2.jpg 1280w\"\n                data-src=\"https:\/\/bxrepsol.s3.eu-west-1.amazonaws.com\/static\/2022\/08\/09121412\/Dakar-2021-dia-descanso-Isidre-Esteve-motorhome-2.jpg\"\n                alt=\"Parte del motorhome de Isidre Esteve en el Dakar 2021 d\u00eda de descanso\"\n                title=\"Dakar-2021-dia-descanso-Isidre-Esteve-motorhome\"\/><br \/>\n            <noscript><img decoding=\"async\" src=\"https:\/\/bxrepsol.s3.eu-west-1.amazonaws.com\/static\/2022\/08\/09121412\/Dakar-2021-dia-descanso-Isidre-Esteve-motorhome-2.jpg\" alt=\"Parte del motorhome de Isidre Esteve en el Dakar 2021 d\u00eda de descanso\"><\/noscript>\n        <\/picture><figcaption>Parte del motorhome de Isidre Esteve en el Dakar 2021 d\u00eda de descanso<\/figcaption><\/figure>\n<p><\/a><\/p>\n<p>En esta at\u00edpica edici\u00f3n marcada por el coronavirus, otro aspecto a tener muy en cuenta es que al disponer de agua caliente, luz, calefactor, conexiones, cafetera y nevera, todo ello con la energ\u00eda que genera un grupo electr\u00f3nico propio, les permite ser cien por cien autosuficientes y mantener la distancia social. \u201cTener esta vivienda en plena pandemia es muy importante porque nos permite aislarnos del resto y no salir de nuestra parcela salvo para ir al tramo, con lo que evitamos el riesgo de contagio\u201d, remarca el ilerdense.<\/p>\n<p>Con su nuevo hogar en el Dakar, Isidre Esteve sigue avanzando para normalizar su vida dentro de la caravana dakariana y poder competir en igualdad de condiciones con sus rivales. De momento, el piloto de Repsol, MGS Seguros, KH-7 y Toyota Espa\u00f1a demuestra ser uno m\u00e1s en carrera y ya ocupa la 20\u00aa plaza en la general, despu\u00e9s de seis etapas completadas con su Toyota Hilux Overdrive con los mandos adaptados en el volante por Guidosimplex.<\/p>\n<p>                <!-- Imagen relacionada --><br \/>\n        <img loading=\"lazy\" decoding=\"async\" width=\"404\" height=\"336\" src=\"https:\/\/bxrepsol.s3.eu-west-1.amazonaws.com\/static\/2022\/08\/09121413\/Dakar-2021-dia-7-Isidre-Esteve-bajada-arena-2.jpg\" alt=\"Isidre Esteve sobre arena en el Dakar 2021 d\u00eda 7\" \/><br \/>\n                <!-- Categor\u00eda --><br \/>\n            Rally<br \/>\n        <!-- T\u00edtulo --><br \/>\n        <a href=\"https:\/\/www.boxrepsol.com\/es\/rally\/dakar-2021-dia-7-isidre-esteve-primera-mitad-maraton\/\"><\/p>\n<h3>Dakar 2021 d\u00eda 7: Isidre Esteve opta por conservar en la primera mitad&#8230;<\/h3>\n<p>        <\/a><br \/>\n                    <!-- Fecha --><br \/>\n            hace 1 hora<\/p>\n","protected":false},"excerpt":{"rendered":"<p>El Repsol Rally Team dispone de una vivienda m\u00f3vil que ocupa una parcela de 20&#215;15 metros cuadrados, con camas, ba\u00f1o, zona de almacenaje, taller, comedor y carpa para los masajes.<\/p>\n","protected":false},"author":43146,"featured_media":41923,"comment_status":"open","ping_status":"open","sticky":false,"template":"","format":"standard","meta":{"footnotes":""},"categories":[27],"tags":[194,201,29,183],"class_list":["post-94798","post","type-post","status-publish","format-standard","hentry","category-rally","tag-194","tag-dakar","tag-isidre-esteve","tag-repsol-rally-team"],"yoast_head":"<!-- This site is optimized with the Yoast SEO plugin v27.3 - https:\/\/yoast.com\/product\/yoast-seo-wordpress\/ -->\n<title>Dakar 2021 d\u00eda de descanso: Isidre Esteve nos abre las puertas de su casa en el Dakar - Box Repsol<\/title>\n<meta name=\"description\" content=\"El Repsol Rally Team dispone de un motorhome que ocupa una parcela de 20x15 metros, con camas, ba\u00f1o, almac\u00e9n, taller, comedor y carpa para los masajes.\" \/>\n<link rel=\"canonical\" href=\"https:\/\/www.boxrepsol.com\/es\/rally\/dakar-2021-dia-descanso-isidre-esteve-motorhome\/\" \/>\n<meta property=\"og:locale\" content=\"es_ES\" \/>\n<meta property=\"og:type\" content=\"article\" \/>\n<meta property=\"og:title\" content=\"Dakar 2021 d\u00eda de descanso: Isidre Esteve nos abre las puertas de su casa en el Dakar - Box Repsol\" \/>\n<meta property=\"og:description\" content=\"El Repsol Rally Team dispone de un motorhome que ocupa una parcela de 20x15 metros, con camas, ba\u00f1o, almac\u00e9n, taller, comedor y carpa para los masajes.\" \/>\n<meta property=\"og:url\" content=\"https:\/\/www.boxrepsol.com\/es\/rally\/dakar-2021-dia-descanso-isidre-esteve-motorhome\/\" \/>\n<meta property=\"og:site_name\" content=\"Box Repsol\" \/>\n<meta property=\"article:publisher\" content=\"https:\/\/www.facebook.com\/BoxRepsol\" \/>\n<meta property=\"article:author\" content=\"https:\/\/www.facebook.com\/BoxRepsol\/\" \/>\n<meta property=\"article:published_time\" content=\"2021-01-10T02:00:00+00:00\" \/>\n<meta property=\"article:modified_time\" content=\"2024-04-18T08:54:56+00:00\" \/>\n<meta property=\"og:image\" content=\"https:\/\/bxrepsol.s3.eu-west-1.amazonaws.com\/static\/2022\/08\/09121414\/Dakar-2021-dia-descanso-Isidre-Esteve-3.jpg\" \/>\n\t<meta property=\"og:image:width\" content=\"1280\" \/>\n\t<meta property=\"og:image:height\" content=\"720\" \/>\n\t<meta property=\"og:image:type\" content=\"image\/jpeg\" \/>\n<meta name=\"author\" content=\"Redacci\u00f3n Box Repsol\" \/>\n<meta name=\"twitter:card\" content=\"summary_large_image\" \/>\n<meta name=\"twitter:creator\" content=\"@https:\/\/twitter.com\/box_repsol\" \/>\n<meta name=\"twitter:site\" content=\"@box_repsol\" \/>\n<meta name=\"twitter:label1\" content=\"Written by\" \/>\n\t<meta name=\"twitter:data1\" content=\"Redacci\u00f3n Box Repsol\" \/>\n\t<meta name=\"twitter:label2\" content=\"Est. reading time\" \/>\n\t<meta name=\"twitter:data2\" content=\"4 minutos\" \/>\n<script type=\"application\/ld+json\" class=\"yoast-schema-graph\">{\"@context\":\"https:\\\/\\\/schema.org\",\"@graph\":[{\"@type\":\"Article\",\"@id\":\"https:\\\/\\\/www.boxrepsol.com\\\/es\\\/rally\\\/dakar-2021-dia-descanso-isidre-esteve-motorhome\\\/#article\",\"isPartOf\":{\"@id\":\"https:\\\/\\\/www.boxrepsol.com\\\/es\\\/rally\\\/dakar-2021-dia-descanso-isidre-esteve-motorhome\\\/\"},\"author\":{\"name\":\"Redacci\u00f3n Box Repsol\",\"@id\":\"https:\\\/\\\/www.boxrepsol.com\\\/es\\\/#\\\/schema\\\/person\\\/c5c2138f2cca251b0ad92b7086bb60b7\"},\"headline\":\"Dakar 2021 d\u00eda de descanso: Isidre Esteve nos abre las puertas de su casa en el Dakar\",\"datePublished\":\"2021-01-10T02:00:00+00:00\",\"dateModified\":\"2024-04-18T08:54:56+00:00\",\"mainEntityOfPage\":{\"@id\":\"https:\\\/\\\/www.boxrepsol.com\\\/es\\\/rally\\\/dakar-2021-dia-descanso-isidre-esteve-motorhome\\\/\"},\"wordCount\":845,\"commentCount\":0,\"publisher\":{\"@id\":\"https:\\\/\\\/www.boxrepsol.com\\\/es\\\/#organization\"},\"image\":{\"@id\":\"https:\\\/\\\/www.boxrepsol.com\\\/es\\\/rally\\\/dakar-2021-dia-descanso-isidre-esteve-motorhome\\\/#primaryimage\"},\"thumbnailUrl\":\"https:\\\/\\\/bxrepsol.s3.eu-west-1.amazonaws.com\\\/static\\\/2022\\\/08\\\/09121414\\\/Dakar-2021-dia-descanso-Isidre-Esteve-3.jpg\",\"keywords\":[\"2021\",\"Dakar\",\"Isidre Esteve\",\"Repsol Rally Team\"],\"articleSection\":[\"Rally\"],\"inLanguage\":\"es\",\"potentialAction\":[{\"@type\":\"CommentAction\",\"name\":\"Comment\",\"target\":[\"https:\\\/\\\/www.boxrepsol.com\\\/es\\\/rally\\\/dakar-2021-dia-descanso-isidre-esteve-motorhome\\\/#respond\"]}]},{\"@type\":\"WebPage\",\"@id\":\"https:\\\/\\\/www.boxrepsol.com\\\/es\\\/rally\\\/dakar-2021-dia-descanso-isidre-esteve-motorhome\\\/\",\"url\":\"https:\\\/\\\/www.boxrepsol.com\\\/es\\\/rally\\\/dakar-2021-dia-descanso-isidre-esteve-motorhome\\\/\",\"name\":\"Dakar 2021 d\u00eda de descanso: Isidre Esteve nos abre las puertas de su casa en el Dakar - Box Repsol\",\"isPartOf\":{\"@id\":\"https:\\\/\\\/www.boxrepsol.com\\\/es\\\/#website\"},\"primaryImageOfPage\":{\"@id\":\"https:\\\/\\\/www.boxrepsol.com\\\/es\\\/rally\\\/dakar-2021-dia-descanso-isidre-esteve-motorhome\\\/#primaryimage\"},\"image\":{\"@id\":\"https:\\\/\\\/www.boxrepsol.com\\\/es\\\/rally\\\/dakar-2021-dia-descanso-isidre-esteve-motorhome\\\/#primaryimage\"},\"thumbnailUrl\":\"https:\\\/\\\/bxrepsol.s3.eu-west-1.amazonaws.com\\\/static\\\/2022\\\/08\\\/09121414\\\/Dakar-2021-dia-descanso-Isidre-Esteve-3.jpg\",\"datePublished\":\"2021-01-10T02:00:00+00:00\",\"dateModified\":\"2024-04-18T08:54:56+00:00\",\"description\":\"El Repsol Rally Team dispone de un motorhome que ocupa una parcela de 20x15 metros, con camas, ba\u00f1o, almac\u00e9n, taller, comedor y carpa para los masajes.\",\"breadcrumb\":{\"@id\":\"https:\\\/\\\/www.boxrepsol.com\\\/es\\\/rally\\\/dakar-2021-dia-descanso-isidre-esteve-motorhome\\\/#breadcrumb\"},\"inLanguage\":\"es\",\"potentialAction\":[{\"@type\":\"ReadAction\",\"target\":[\"https:\\\/\\\/www.boxrepsol.com\\\/es\\\/rally\\\/dakar-2021-dia-descanso-isidre-esteve-motorhome\\\/\"]}]},{\"@type\":\"ImageObject\",\"inLanguage\":\"es\",\"@id\":\"https:\\\/\\\/www.boxrepsol.com\\\/es\\\/rally\\\/dakar-2021-dia-descanso-isidre-esteve-motorhome\\\/#primaryimage\",\"url\":\"https:\\\/\\\/bxrepsol.s3.eu-west-1.amazonaws.com\\\/static\\\/2022\\\/08\\\/09121414\\\/Dakar-2021-dia-descanso-Isidre-Esteve-3.jpg\",\"contentUrl\":\"https:\\\/\\\/bxrepsol.s3.eu-west-1.amazonaws.com\\\/static\\\/2022\\\/08\\\/09121414\\\/Dakar-2021-dia-descanso-Isidre-Esteve-3.jpg\",\"width\":1280,\"height\":720,\"caption\":\"Isidre Esteve junto al motorhome en el Dakar 2021 d\u00eda de descanso\"},{\"@type\":\"BreadcrumbList\",\"@id\":\"https:\\\/\\\/www.boxrepsol.com\\\/es\\\/rally\\\/dakar-2021-dia-descanso-isidre-esteve-motorhome\\\/#breadcrumb\",\"itemListElement\":[{\"@type\":\"ListItem\",\"position\":1,\"name\":\"Home\",\"item\":\"https:\\\/\\\/www.boxrepsol.com\\\/es\\\/\"},{\"@type\":\"ListItem\",\"position\":2,\"name\":\"Dakar 2021 d\u00eda de descanso: Isidre Esteve nos abre las puertas de su casa en el Dakar\"}]},{\"@type\":\"WebSite\",\"@id\":\"https:\\\/\\\/www.boxrepsol.com\\\/es\\\/#website\",\"url\":\"https:\\\/\\\/www.boxrepsol.com\\\/es\\\/\",\"name\":\"Box Repsol\",\"description\":\"Box Repsol Site\",\"publisher\":{\"@id\":\"https:\\\/\\\/www.boxrepsol.com\\\/es\\\/#organization\"},\"potentialAction\":[{\"@type\":\"SearchAction\",\"target\":{\"@type\":\"EntryPoint\",\"urlTemplate\":\"https:\\\/\\\/www.boxrepsol.com\\\/es\\\/?s={search_term_string}\"},\"query-input\":{\"@type\":\"PropertyValueSpecification\",\"valueRequired\":true,\"valueName\":\"search_term_string\"}}],\"inLanguage\":\"es\"},{\"@type\":\"Organization\",\"@id\":\"https:\\\/\\\/www.boxrepsol.com\\\/es\\\/#organization\",\"name\":\"Box Repsol\",\"url\":\"https:\\\/\\\/www.boxrepsol.com\\\/es\\\/\",\"logo\":{\"@type\":\"ImageObject\",\"inLanguage\":\"es\",\"@id\":\"https:\\\/\\\/www.boxrepsol.com\\\/es\\\/#\\\/schema\\\/logo\\\/image\\\/\",\"url\":\"https:\\\/\\\/bxrepsol.s3.eu-west-1.amazonaws.com\\\/static\\\/2025\\\/07\\\/30083337\\\/favicon-96x96-1.png\",\"contentUrl\":\"https:\\\/\\\/bxrepsol.s3.eu-west-1.amazonaws.com\\\/static\\\/2025\\\/07\\\/30083337\\\/favicon-96x96-1.png\",\"width\":96,\"height\":96,\"caption\":\"Box Repsol\"},\"image\":{\"@id\":\"https:\\\/\\\/www.boxrepsol.com\\\/es\\\/#\\\/schema\\\/logo\\\/image\\\/\"},\"sameAs\":[\"https:\\\/\\\/www.facebook.com\\\/BoxRepsol\",\"https:\\\/\\\/x.com\\\/box_repsol\",\"http:\\\/\\\/instagram.com\\\/box_repsol\",\"https:\\\/\\\/www.youtube.com\\\/user\\\/RepsolCompeticion\",\"https:\\\/\\\/www.flickr.com\\\/photos\\\/box_repsol\\\/\"]},{\"@type\":\"Person\",\"@id\":\"https:\\\/\\\/www.boxrepsol.com\\\/es\\\/#\\\/schema\\\/person\\\/c5c2138f2cca251b0ad92b7086bb60b7\",\"name\":\"Redacci\u00f3n Box Repsol\",\"image\":{\"@type\":\"ImageObject\",\"inLanguage\":\"es\",\"@id\":\"https:\\\/\\\/secure.gravatar.com\\\/avatar\\\/adf7b77e38b4419baf32c7e9c21dde01f4e40df611f0978e3006fc4ba0aaab7e?s=96&d=mm&r=g\",\"url\":\"https:\\\/\\\/secure.gravatar.com\\\/avatar\\\/adf7b77e38b4419baf32c7e9c21dde01f4e40df611f0978e3006fc4ba0aaab7e?s=96&d=mm&r=g\",\"contentUrl\":\"https:\\\/\\\/secure.gravatar.com\\\/avatar\\\/adf7b77e38b4419baf32c7e9c21dde01f4e40df611f0978e3006fc4ba0aaab7e?s=96&d=mm&r=g\",\"caption\":\"Redacci\u00f3n Box Repsol\"},\"description\":\"Box Repsol lo forma un equipo de periodistas, community managers, dise\u00f1adores y fot\u00f3grafos con m\u00e1s de 20 a\u00f1os de experiencia en el mundo del motorsport. Hemos vivido el primer mundial de un espa\u00f1ol en la categor\u00eda reina de motociclismo con \u00c1lex Crivill\u00e9, estuvimos en las victorias de Pedrosa y los t\u00edtulos de M\u00e1rquez, acompa\u00f1amos en \u00c1frica a Nani Roma y Marc Coma en sus conquistas del Dakar y hemos vibrado con los t\u00edtulos de Toni Bou en Trial. Adem\u00e1s, en nuestro equipo contamos con expertos en el mundo de las dos y cuatro ruedas tanto de la calle y las carreteras, como de los circuitos. Periodistas que han trabajado en revistas y publicaciones para hacerte llegar desde rutas y consejos de mantenimiento, a curiosidades y trucos de pilotaje.\",\"sameAs\":[\"https:\\\/\\\/www.facebook.com\\\/BoxRepsol\\\/\",\"https:\\\/\\\/www.instagram.com\\\/box_repsol\\\/\",\"https:\\\/\\\/x.com\\\/https:\\\/\\\/twitter.com\\\/box_repsol\",\"https:\\\/\\\/www.youtube.com\\\/@Boxrepsol\"],\"url\":\"https:\\\/\\\/www.boxrepsol.com\\\/es\\\/author\\\/redaccion-box-repsol\\\/\"}]}<\/script>\n<!-- \/ Yoast SEO plugin. -->","yoast_head_json":{"title":"Dakar 2021 d\u00eda de descanso: Isidre Esteve nos abre las puertas de su casa en el Dakar - Box Repsol","description":"El Repsol Rally Team dispone de un motorhome que ocupa una parcela de 20x15 metros, con camas, ba\u00f1o, almac\u00e9n, taller, comedor y carpa para los masajes.","canonical":"https:\/\/www.boxrepsol.com\/es\/rally\/dakar-2021-dia-descanso-isidre-esteve-motorhome\/","og_locale":"es_ES","og_type":"article","og_title":"Dakar 2021 d\u00eda de descanso: Isidre Esteve nos abre las puertas de su casa en el Dakar - Box Repsol","og_description":"El Repsol Rally Team dispone de un motorhome que ocupa una parcela de 20x15 metros, con camas, ba\u00f1o, almac\u00e9n, taller, comedor y carpa para los masajes.","og_url":"https:\/\/www.boxrepsol.com\/es\/rally\/dakar-2021-dia-descanso-isidre-esteve-motorhome\/","og_site_name":"Box Repsol","article_publisher":"https:\/\/www.facebook.com\/BoxRepsol","article_author":"https:\/\/www.facebook.com\/BoxRepsol\/","article_published_time":"2021-01-10T02:00:00+00:00","article_modified_time":"2024-04-18T08:54:56+00:00","og_image":[{"width":1280,"height":720,"url":"https:\/\/bxrepsol.s3.eu-west-1.amazonaws.com\/static\/2022\/08\/09121414\/Dakar-2021-dia-descanso-Isidre-Esteve-3.jpg","type":"image\/jpeg"}],"author":"Redacci\u00f3n Box Repsol","twitter_card":"summary_large_image","twitter_creator":"@https:\/\/twitter.com\/box_repsol","twitter_site":"@box_repsol","twitter_misc":{"Written by":"Redacci\u00f3n Box Repsol","Est. reading time":"4 minutos"},"schema":{"@context":"https:\/\/schema.org","@graph":[{"@type":"Article","@id":"https:\/\/www.boxrepsol.com\/es\/rally\/dakar-2021-dia-descanso-isidre-esteve-motorhome\/#article","isPartOf":{"@id":"https:\/\/www.boxrepsol.com\/es\/rally\/dakar-2021-dia-descanso-isidre-esteve-motorhome\/"},"author":{"name":"Redacci\u00f3n Box Repsol","@id":"https:\/\/www.boxrepsol.com\/es\/#\/schema\/person\/c5c2138f2cca251b0ad92b7086bb60b7"},"headline":"Dakar 2021 d\u00eda de descanso: Isidre Esteve nos abre las puertas de su casa en el Dakar","datePublished":"2021-01-10T02:00:00+00:00","dateModified":"2024-04-18T08:54:56+00:00","mainEntityOfPage":{"@id":"https:\/\/www.boxrepsol.com\/es\/rally\/dakar-2021-dia-descanso-isidre-esteve-motorhome\/"},"wordCount":845,"commentCount":0,"publisher":{"@id":"https:\/\/www.boxrepsol.com\/es\/#organization"},"image":{"@id":"https:\/\/www.boxrepsol.com\/es\/rally\/dakar-2021-dia-descanso-isidre-esteve-motorhome\/#primaryimage"},"thumbnailUrl":"https:\/\/bxrepsol.s3.eu-west-1.amazonaws.com\/static\/2022\/08\/09121414\/Dakar-2021-dia-descanso-Isidre-Esteve-3.jpg","keywords":["2021","Dakar","Isidre Esteve","Repsol Rally Team"],"articleSection":["Rally"],"inLanguage":"es","potentialAction":[{"@type":"CommentAction","name":"Comment","target":["https:\/\/www.boxrepsol.com\/es\/rally\/dakar-2021-dia-descanso-isidre-esteve-motorhome\/#respond"]}]},{"@type":"WebPage","@id":"https:\/\/www.boxrepsol.com\/es\/rally\/dakar-2021-dia-descanso-isidre-esteve-motorhome\/","url":"https:\/\/www.boxrepsol.com\/es\/rally\/dakar-2021-dia-descanso-isidre-esteve-motorhome\/","name":"Dakar 2021 d\u00eda de descanso: Isidre Esteve nos abre las puertas de su casa en el Dakar - Box Repsol","isPartOf":{"@id":"https:\/\/www.boxrepsol.com\/es\/#website"},"primaryImageOfPage":{"@id":"https:\/\/www.boxrepsol.com\/es\/rally\/dakar-2021-dia-descanso-isidre-esteve-motorhome\/#primaryimage"},"image":{"@id":"https:\/\/www.boxrepsol.com\/es\/rally\/dakar-2021-dia-descanso-isidre-esteve-motorhome\/#primaryimage"},"thumbnailUrl":"https:\/\/bxrepsol.s3.eu-west-1.amazonaws.com\/static\/2022\/08\/09121414\/Dakar-2021-dia-descanso-Isidre-Esteve-3.jpg","datePublished":"2021-01-10T02:00:00+00:00","dateModified":"2024-04-18T08:54:56+00:00","description":"El Repsol Rally Team dispone de un motorhome que ocupa una parcela de 20x15 metros, con camas, ba\u00f1o, almac\u00e9n, taller, comedor y carpa para los masajes.","breadcrumb":{"@id":"https:\/\/www.boxrepsol.com\/es\/rally\/dakar-2021-dia-descanso-isidre-esteve-motorhome\/#breadcrumb"},"inLanguage":"es","potentialAction":[{"@type":"ReadAction","target":["https:\/\/www.boxrepsol.com\/es\/rally\/dakar-2021-dia-descanso-isidre-esteve-motorhome\/"]}]},{"@type":"ImageObject","inLanguage":"es","@id":"https:\/\/www.boxrepsol.com\/es\/rally\/dakar-2021-dia-descanso-isidre-esteve-motorhome\/#primaryimage","url":"https:\/\/bxrepsol.s3.eu-west-1.amazonaws.com\/static\/2022\/08\/09121414\/Dakar-2021-dia-descanso-Isidre-Esteve-3.jpg","contentUrl":"https:\/\/bxrepsol.s3.eu-west-1.amazonaws.com\/static\/2022\/08\/09121414\/Dakar-2021-dia-descanso-Isidre-Esteve-3.jpg","width":1280,"height":720,"caption":"Isidre Esteve junto al motorhome en el Dakar 2021 d\u00eda de descanso"},{"@type":"BreadcrumbList","@id":"https:\/\/www.boxrepsol.com\/es\/rally\/dakar-2021-dia-descanso-isidre-esteve-motorhome\/#breadcrumb","itemListElement":[{"@type":"ListItem","position":1,"name":"Home","item":"https:\/\/www.boxrepsol.com\/es\/"},{"@type":"ListItem","position":2,"name":"Dakar 2021 d\u00eda de descanso: Isidre Esteve nos abre las puertas de su casa en el Dakar"}]},{"@type":"WebSite","@id":"https:\/\/www.boxrepsol.com\/es\/#website","url":"https:\/\/www.boxrepsol.com\/es\/","name":"Box Repsol","description":"Box Repsol Site","publisher":{"@id":"https:\/\/www.boxrepsol.com\/es\/#organization"},"potentialAction":[{"@type":"SearchAction","target":{"@type":"EntryPoint","urlTemplate":"https:\/\/www.boxrepsol.com\/es\/?s={search_term_string}"},"query-input":{"@type":"PropertyValueSpecification","valueRequired":true,"valueName":"search_term_string"}}],"inLanguage":"es"},{"@type":"Organization","@id":"https:\/\/www.boxrepsol.com\/es\/#organization","name":"Box Repsol","url":"https:\/\/www.boxrepsol.com\/es\/","logo":{"@type":"ImageObject","inLanguage":"es","@id":"https:\/\/www.boxrepsol.com\/es\/#\/schema\/logo\/image\/","url":"https:\/\/bxrepsol.s3.eu-west-1.amazonaws.com\/static\/2025\/07\/30083337\/favicon-96x96-1.png","contentUrl":"https:\/\/bxrepsol.s3.eu-west-1.amazonaws.com\/static\/2025\/07\/30083337\/favicon-96x96-1.png","width":96,"height":96,"caption":"Box Repsol"},"image":{"@id":"https:\/\/www.boxrepsol.com\/es\/#\/schema\/logo\/image\/"},"sameAs":["https:\/\/www.facebook.com\/BoxRepsol","https:\/\/x.com\/box_repsol","http:\/\/instagram.com\/box_repsol","https:\/\/www.youtube.com\/user\/RepsolCompeticion","https:\/\/www.flickr.com\/photos\/box_repsol\/"]},{"@type":"Person","@id":"https:\/\/www.boxrepsol.com\/es\/#\/schema\/person\/c5c2138f2cca251b0ad92b7086bb60b7","name":"Redacci\u00f3n Box Repsol","image":{"@type":"ImageObject","inLanguage":"es","@id":"https:\/\/secure.gravatar.com\/avatar\/adf7b77e38b4419baf32c7e9c21dde01f4e40df611f0978e3006fc4ba0aaab7e?s=96&d=mm&r=g","url":"https:\/\/secure.gravatar.com\/avatar\/adf7b77e38b4419baf32c7e9c21dde01f4e40df611f0978e3006fc4ba0aaab7e?s=96&d=mm&r=g","contentUrl":"https:\/\/secure.gravatar.com\/avatar\/adf7b77e38b4419baf32c7e9c21dde01f4e40df611f0978e3006fc4ba0aaab7e?s=96&d=mm&r=g","caption":"Redacci\u00f3n Box Repsol"},"description":"Box Repsol lo forma un equipo de periodistas, community managers, dise\u00f1adores y fot\u00f3grafos con m\u00e1s de 20 a\u00f1os de experiencia en el mundo del motorsport. Hemos vivido el primer mundial de un espa\u00f1ol en la categor\u00eda reina de motociclismo con \u00c1lex Crivill\u00e9, estuvimos en las victorias de Pedrosa y los t\u00edtulos de M\u00e1rquez, acompa\u00f1amos en \u00c1frica a Nani Roma y Marc Coma en sus conquistas del Dakar y hemos vibrado con los t\u00edtulos de Toni Bou en Trial. Adem\u00e1s, en nuestro equipo contamos con expertos en el mundo de las dos y cuatro ruedas tanto de la calle y las carreteras, como de los circuitos. Periodistas que han trabajado en revistas y publicaciones para hacerte llegar desde rutas y consejos de mantenimiento, a curiosidades y trucos de pilotaje.","sameAs":["https:\/\/www.facebook.com\/BoxRepsol\/","https:\/\/www.instagram.com\/box_repsol\/","https:\/\/x.com\/https:\/\/twitter.com\/box_repsol","https:\/\/www.youtube.com\/@Boxrepsol"],"url":"https:\/\/www.boxrepsol.com\/es\/author\/redaccion-box-repsol\/"}]}},"_links":{"self":[{"href":"https:\/\/www.boxrepsol.com\/es\/wp-json\/wp\/v2\/posts\/94798","targetHints":{"allow":["GET"]}}],"collection":[{"href":"https:\/\/www.boxrepsol.com\/es\/wp-json\/wp\/v2\/posts"}],"about":[{"href":"https:\/\/www.boxrepsol.com\/es\/wp-json\/wp\/v2\/types\/post"}],"author":[{"embeddable":true,"href":"https:\/\/www.boxrepsol.com\/es\/wp-json\/wp\/v2\/users\/43146"}],"replies":[{"embeddable":true,"href":"https:\/\/www.boxrepsol.com\/es\/wp-json\/wp\/v2\/comments?post=94798"}],"version-history":[{"count":1,"href":"https:\/\/www.boxrepsol.com\/es\/wp-json\/wp\/v2\/posts\/94798\/revisions"}],"predecessor-version":[{"id":94799,"href":"https:\/\/www.boxrepsol.com\/es\/wp-json\/wp\/v2\/posts\/94798\/revisions\/94799"}],"wp:featuredmedia":[{"embeddable":true,"href":"https:\/\/www.boxrepsol.com\/es\/wp-json\/wp\/v2\/media\/41923"}],"wp:attachment":[{"href":"https:\/\/www.boxrepsol.com\/es\/wp-json\/wp\/v2\/media?parent=94798"}],"wp:term":[{"taxonomy":"category","embeddable":true,"href":"https:\/\/www.boxrepsol.com\/es\/wp-json\/wp\/v2\/categories?post=94798"},{"taxonomy":"post_tag","embeddable":true,"href":"https:\/\/www.boxrepsol.com\/es\/wp-json\/wp\/v2\/tags?post=94798"}],"curies":[{"name":"wp","href":"https:\/\/api.w.org\/{rel}","templated":true}]}}