{"id":94796,"date":"2021-01-09T00:00:00","date_gmt":"2021-01-09T02:00:00","guid":{"rendered":"http:\/\/pre.boxrepsol.com\/sin-categorizar\/dakar-2021-dia-6-isidre-esteve-descanso-top-20\/"},"modified":"2024-04-18T07:11:20","modified_gmt":"2024-04-18T09:11:20","slug":"dakar-2021-dia-6-isidre-esteve-descanso-top-20","status":"publish","type":"post","link":"https:\/\/www.boxrepsol.com\/es\/rally\/dakar-2021-dia-6-isidre-esteve-descanso-top-20\/","title":{"rendered":"Dakar 2021 d\u00eda 6: Isidre Esteve llega a la etapa de descanso situado en el top 20"},"content":{"rendered":"<p>\u00abHemos logrado nuestro primer objetivo de este Dakar: llegar a la jornada de descanso sin perder la cara a la carrera y con el coche en perfecto estado\u00bb, afirma el piloto del Repsol Rally Team.<\/p>\n<p>\u201cLa segunda semana ser\u00e1 todav\u00eda m\u00e1s exigente y confiamos en remontar posiciones, porque nos encontramos bien y nuestra estrategia est\u00e1 funcionando\u201d.<\/p>\n<p>                <!-- Imagen relacionada --><br \/>\n        <img loading=\"lazy\" decoding=\"async\" width=\"404\" height=\"336\" src=\"https:\/\/bxrepsol.s3.eu-west-1.amazonaws.com\/static\/2022\/08\/09121353\/Dakar-2021-dia-5-Isidre-Esteve-coche-2.jpg\" alt=\"Isidre Esteve en su Toyota Hilux en el Dakar 2021 d\u00eda 5\" \/><br \/>\n                <!-- Categor\u00eda --><br \/>\n            Rally<br \/>\n        <!-- T\u00edtulo --><br \/>\n        <a href=\"https:\/\/www.boxrepsol.com\/es\/rally\/dakar-2021-dia-5-isidre-esteve-dakar\/\"><\/p>\n<h3>Dakar 2021 d\u00eda 5: Zarpazo de Isidre Esteve en la quinta etapa del Daka&#8230;<\/h3>\n<p>        <\/a><br \/>\n                    <!-- Fecha --><br \/>\n            hace 1 hora        <\/p>\n<p>Objetivo cumplido. Isidre Esteve y Txema Villalobos han superado la primera semana de Dakar 2021 sin problemas mec\u00e1nicos y con opciones de luchar por conseguir su mejor resultado desde que compite en coche. En la sexta etapa disputada este viernes, el Repsol Rally Team ha finalizado en un valioso 25\u00ba lugar que le permite llegar a la jornada de descanso como 20\u00ba clasificado en la general, con su Toyota Hilux Overdrive.<\/p>\n<p>\u201cEstamos muy contentos porque en las seis primeras etapas no hemos tenido ning\u00fan problema mec\u00e1nico, no nos hemos perdido, ni hemos recibido ninguna penalizaci\u00f3n. Eso nos permite conseguir nuestro primer objetivo de este Dakar: llegar a la jornada de descanso sin perder la cara a la carrera y con el coche en perfecto estado\u201d, resum\u00eda un satisfecho Isidre Esteve.<\/p>\n<p><a href=\"https:\/\/bxrepsol.s3.eu-west-1.amazonaws.com\/static\/2022\/08\/09121403\/Dakar-2021-dia-6-Isidre-Esteve-arena-2.jpg\" \n   title=\"Isidre Esteve saltando con su Toyota Hilux en el Dakar 2021 d\u00eda 6\" \n   data-gallery-thumbnail=\"https:\/\/bxrepsol.s3.eu-west-1.amazonaws.com\/static\/2022\/08\/09121403\/Dakar-2021-dia-6-Isidre-Esteve-arena-2.jpg\"\n   data-gallery-title=\"\"\n   data-gallery><\/p>\n<figure>\n        <picture style=\"padding-bottom: 56.25%; background-image: url(https:\/\/bxrepsol.s3.eu-west-1.amazonaws.com\/static\/2022\/08\/09121403\/Dakar-2021-dia-6-Isidre-Esteve-arena-2.jpg);\">\n            <img decoding=\"async\" src=\"https:\/\/bxrepsol.s3.eu-west-1.amazonaws.com\/static\/2022\/08\/09121403\/Dakar-2021-dia-6-Isidre-Esteve-arena-2.jpg\"><br \/>\n            <img itemprop=\"image\"\n                data-srcset=\"https:\/\/bxrepsol.s3.eu-west-1.amazonaws.com\/static\/2022\/08\/09121403\/Dakar-2021-dia-6-Isidre-Esteve-arena-2.jpg 480w, https:\/\/bxrepsol.s3.eu-west-1.amazonaws.com\/static\/2022\/08\/09121403\/Dakar-2021-dia-6-Isidre-Esteve-arena-2.jpg 600w, https:\/\/bxrepsol.s3.eu-west-1.amazonaws.com\/static\/2022\/08\/09121403\/Dakar-2021-dia-6-Isidre-Esteve-arena-2.jpg 900w, https:\/\/bxrepsol.s3.eu-west-1.amazonaws.com\/static\/2022\/08\/09121403\/Dakar-2021-dia-6-Isidre-Esteve-arena-2.jpg 1280w\"\n                data-src=\"https:\/\/bxrepsol.s3.eu-west-1.amazonaws.com\/static\/2022\/08\/09121403\/Dakar-2021-dia-6-Isidre-Esteve-arena-2.jpg\"\n                alt=\"Isidre Esteve saltando con su Toyota Hilux en el Dakar 2021 d\u00eda 6\"\n                title=\"Dakar-2021-dia-6-Isidre-Esteve-arena\"\/><br \/>\n            <noscript><img decoding=\"async\" src=\"https:\/\/bxrepsol.s3.eu-west-1.amazonaws.com\/static\/2022\/08\/09121403\/Dakar-2021-dia-6-Isidre-Esteve-arena-2.jpg\" alt=\"Isidre Esteve saltando con su Toyota Hilux en el Dakar 2021 d\u00eda 6\"><\/noscript>\n        <\/picture><figcaption>Isidre Esteve saltando con su Toyota Hilux en el Dakar 2021 d\u00eda 6<\/figcaption><\/figure>\n<p><\/a><\/p>\n<p>Otro factor que el ilerdense destaca es que, a diferencia de sus anteriores participaciones, el copiloto Txema Villalobos \u201cno se ha bajado ni una sola vez del coche en toda la semana, ni siquiera para cambiar una rueda, porque hemos pasado todas las etapas sin sufrir ni un solo pinchazo\u201d. Una buena muestra, sin duda, de la eficacia de los neum\u00e1ticos BFGoodrich KDR 2.<\/p>\n<p>La jornada de hoy, entre Al Qaisumah y Ha\u2019il, se ha visto recortada un centenar de kil\u00f3metros en la parte intermedia, para quedarse finalmente en 347 cronometrados, que no han entra\u00f1ado excesivas complicaciones para el Repsol Rally Team. \u201cLa especial ha sido toda sobre arena y mucho fuera pista, pero sin ninguna dificultad ni de navegaci\u00f3n ni de pilotaje. Nos hemos esforzado en rodar a nuestro ritmo, siempre de forma segura\u201d, valoraba el piloto de Oliana.<\/p>\n<p>A su llegada a la meta de Ha\u2019il, Isidre Esteve marcaba un registro de 4 horas, 30 minutos y 31 segundos, que le otorgaba la 25\u00aa plaza, a 52&#8217;04\u00bb del vencedor, Carlos Sainz. En la general, el piloto de Repsol, MGS Seguros, KH-7 y Toyota Espa\u00f1a prosigue con su escalada y ya figura en el puesto 20, con un acumulado de 26h 18&#8242; 21\u00bb.<\/p>\n<p><a href=\"https:\/\/bxrepsol.s3.eu-west-1.amazonaws.com\/static\/2022\/08\/09121405\/Dakar-2021-dia-6-Isidre-Esteve-frente-2.jpg\" \n   title=\"Isidre Esteve sobre arena con su Toyota Hilux en el Dakar 2021 d\u00eda 6\" \n   data-gallery-thumbnail=\"https:\/\/bxrepsol.s3.eu-west-1.amazonaws.com\/static\/2022\/08\/09121405\/Dakar-2021-dia-6-Isidre-Esteve-frente-2.jpg\"\n   data-gallery-title=\"\"\n   data-gallery><\/p>\n<figure>\n        <picture style=\"padding-bottom: 56.25%; background-image: url(https:\/\/bxrepsol.s3.eu-west-1.amazonaws.com\/static\/2022\/08\/09121405\/Dakar-2021-dia-6-Isidre-Esteve-frente-2.jpg);\">\n            <img decoding=\"async\" src=\"https:\/\/bxrepsol.s3.eu-west-1.amazonaws.com\/static\/2022\/08\/09121405\/Dakar-2021-dia-6-Isidre-Esteve-frente-2.jpg\"><br \/>\n            <img itemprop=\"image\"\n                data-srcset=\"https:\/\/bxrepsol.s3.eu-west-1.amazonaws.com\/static\/2022\/08\/09121405\/Dakar-2021-dia-6-Isidre-Esteve-frente-2.jpg 480w, https:\/\/bxrepsol.s3.eu-west-1.amazonaws.com\/static\/2022\/08\/09121405\/Dakar-2021-dia-6-Isidre-Esteve-frente-2.jpg 600w, https:\/\/bxrepsol.s3.eu-west-1.amazonaws.com\/static\/2022\/08\/09121405\/Dakar-2021-dia-6-Isidre-Esteve-frente-2.jpg 900w, https:\/\/bxrepsol.s3.eu-west-1.amazonaws.com\/static\/2022\/08\/09121405\/Dakar-2021-dia-6-Isidre-Esteve-frente-2.jpg 1280w\"\n                data-src=\"https:\/\/bxrepsol.s3.eu-west-1.amazonaws.com\/static\/2022\/08\/09121405\/Dakar-2021-dia-6-Isidre-Esteve-frente-2.jpg\"\n                alt=\"Isidre Esteve sobre arena con su Toyota Hilux en el Dakar 2021 d\u00eda 6\"\n                title=\"Dakar-2021-dia-6-Isidre-Esteve-frente\"\/><br \/>\n            <noscript><img decoding=\"async\" src=\"https:\/\/bxrepsol.s3.eu-west-1.amazonaws.com\/static\/2022\/08\/09121405\/Dakar-2021-dia-6-Isidre-Esteve-frente-2.jpg\" alt=\"Isidre Esteve sobre arena con su Toyota Hilux en el Dakar 2021 d\u00eda 6\"><\/noscript>\n        <\/picture><figcaption>Isidre Esteve sobre arena con su Toyota Hilux en el Dakar 2021 d\u00eda 6<\/figcaption><\/figure>\n<p><\/a><\/p>\n<p>Una buena manera de encarar la merecida jornada de descanso de ma\u00f1ana s\u00e1bado, seg\u00fan reconoce el propio Isidre Esteve: \u201cEl par\u00f3n nos vendr\u00e1 bien para recuperar fuerzas y repasar bien el Toyota. Todo el equipo est\u00e1 trabajando much\u00edsimo para que nos sintamos a gusto con el coche y podamos llegar en mejores condiciones que nunca a la parte decisiva de la carrera. La segunda semana ser\u00e1 todav\u00eda m\u00e1s exigente y confiamos en remontar posiciones, porque nos encontramos bien y nuestra estrategia est\u00e1 funcionando\u201d.<\/p>\n<p>El Dakar 2021 se reanudar\u00e1 el domingo con la primera parte de la etapa marat\u00f3n, entre Ha\u2019il y Sakaka, con 267 kil\u00f3metros de enlace y 471 de especial, en la que los participantes deber\u00e1n cuidar bien las mec\u00e1nicas, al no disponer de asistencia externa a su llegada al campamento. El Repsol Rally Team extremar\u00e1 precauciones para continuar con su l\u00ednea ascendente.<\/p>\n<p>                <!-- Imagen relacionada --><br \/>\n        <img loading=\"lazy\" decoding=\"async\" width=\"404\" height=\"336\" src=\"https:\/\/bxrepsol.s3.eu-west-1.amazonaws.com\/static\/2022\/08\/09121406\/Dakar-2021-dia-descanso-Isidre-Esteve-2.jpg\" alt=\"Isidre Esteve junto al motorhome en el Dakar 2021 d\u00eda de descanso\" \/><br \/>\n                <!-- Categor\u00eda --><br \/>\n            Rally<br \/>\n        <!-- T\u00edtulo --><br \/>\n        <a href=\"https:\/\/www.boxrepsol.com\/es\/rally\/dakar-2021-dia-descanso-isidre-esteve-motorhome\/\"><\/p>\n<h3>Dakar 2021 d\u00eda de descanso: Isidre Esteve nos abre las puertas de su c&#8230;<\/h3>\n<p>        <\/a><br \/>\n                    <!-- Fecha --><br \/>\n            hace 1 hora<\/p>\n","protected":false},"excerpt":{"rendered":"<p>El ilerdense ha vuelto a ganar hoy dos puestos en la general y se muestra muy optimista de cara a la segunda semana.<\/p>\n","protected":false},"author":43146,"featured_media":41909,"comment_status":"open","ping_status":"open","sticky":false,"template":"","format":"standard","meta":{"footnotes":""},"categories":[27],"tags":[194,201,29,183],"class_list":["post-94796","post","type-post","status-publish","format-standard","hentry","category-rally","tag-194","tag-dakar","tag-isidre-esteve","tag-repsol-rally-team"],"yoast_head":"<!-- This site is optimized with the Yoast SEO plugin v27.3 - https:\/\/yoast.com\/product\/yoast-seo-wordpress\/ -->\n<title>Dakar 2021 d\u00eda 6: Isidre Esteve llega a la etapa de descanso situado en el top 20 - Box Repsol<\/title>\n<meta name=\"description\" content=\"El ilerdense ha vuelto a ganar hoy dos puestos en la general y se muestra muy optimista de cara a la segunda semana. Ma\u00f1ana jornada de descanso.\" \/>\n<link rel=\"canonical\" href=\"https:\/\/www.boxrepsol.com\/es\/rally\/dakar-2021-dia-6-isidre-esteve-descanso-top-20\/\" \/>\n<meta property=\"og:locale\" content=\"es_ES\" \/>\n<meta property=\"og:type\" content=\"article\" \/>\n<meta property=\"og:title\" content=\"Dakar 2021 d\u00eda 6: Isidre Esteve llega a la etapa de descanso situado en el top 20 - Box Repsol\" \/>\n<meta property=\"og:description\" content=\"El ilerdense ha vuelto a ganar hoy dos puestos en la general y se muestra muy optimista de cara a la segunda semana. Ma\u00f1ana jornada de descanso.\" \/>\n<meta property=\"og:url\" content=\"https:\/\/www.boxrepsol.com\/es\/rally\/dakar-2021-dia-6-isidre-esteve-descanso-top-20\/\" \/>\n<meta property=\"og:site_name\" content=\"Box Repsol\" \/>\n<meta property=\"article:publisher\" content=\"https:\/\/www.facebook.com\/BoxRepsol\" \/>\n<meta property=\"article:author\" content=\"https:\/\/www.facebook.com\/BoxRepsol\/\" \/>\n<meta property=\"article:published_time\" content=\"2021-01-09T02:00:00+00:00\" \/>\n<meta property=\"article:modified_time\" content=\"2024-04-18T09:11:20+00:00\" \/>\n<meta property=\"og:image\" content=\"https:\/\/bxrepsol.s3.eu-west-1.amazonaws.com\/static\/2022\/08\/09121407\/Dakar-2021-dia-6-Isidre-Esteve-salto-3.jpg\" \/>\n\t<meta property=\"og:image:width\" content=\"1280\" \/>\n\t<meta property=\"og:image:height\" content=\"720\" \/>\n\t<meta property=\"og:image:type\" content=\"image\/jpeg\" \/>\n<meta name=\"author\" content=\"Redacci\u00f3n Box Repsol\" \/>\n<meta name=\"twitter:card\" content=\"summary_large_image\" \/>\n<meta name=\"twitter:creator\" content=\"@https:\/\/twitter.com\/box_repsol\" \/>\n<meta name=\"twitter:site\" content=\"@box_repsol\" \/>\n<meta name=\"twitter:label1\" content=\"Written by\" \/>\n\t<meta name=\"twitter:data1\" content=\"Redacci\u00f3n Box Repsol\" \/>\n\t<meta name=\"twitter:label2\" content=\"Est. reading time\" \/>\n\t<meta name=\"twitter:data2\" content=\"3 minutos\" \/>\n<script type=\"application\/ld+json\" class=\"yoast-schema-graph\">{\"@context\":\"https:\\\/\\\/schema.org\",\"@graph\":[{\"@type\":\"Article\",\"@id\":\"https:\\\/\\\/www.boxrepsol.com\\\/es\\\/rally\\\/dakar-2021-dia-6-isidre-esteve-descanso-top-20\\\/#article\",\"isPartOf\":{\"@id\":\"https:\\\/\\\/www.boxrepsol.com\\\/es\\\/rally\\\/dakar-2021-dia-6-isidre-esteve-descanso-top-20\\\/\"},\"author\":{\"name\":\"Redacci\u00f3n Box Repsol\",\"@id\":\"https:\\\/\\\/www.boxrepsol.com\\\/es\\\/#\\\/schema\\\/person\\\/c5c2138f2cca251b0ad92b7086bb60b7\"},\"headline\":\"Dakar 2021 d\u00eda 6: Isidre Esteve llega a la etapa de descanso situado en el top 20\",\"datePublished\":\"2021-01-09T02:00:00+00:00\",\"dateModified\":\"2024-04-18T09:11:20+00:00\",\"mainEntityOfPage\":{\"@id\":\"https:\\\/\\\/www.boxrepsol.com\\\/es\\\/rally\\\/dakar-2021-dia-6-isidre-esteve-descanso-top-20\\\/\"},\"wordCount\":618,\"commentCount\":0,\"publisher\":{\"@id\":\"https:\\\/\\\/www.boxrepsol.com\\\/es\\\/#organization\"},\"image\":{\"@id\":\"https:\\\/\\\/www.boxrepsol.com\\\/es\\\/rally\\\/dakar-2021-dia-6-isidre-esteve-descanso-top-20\\\/#primaryimage\"},\"thumbnailUrl\":\"https:\\\/\\\/bxrepsol.s3.eu-west-1.amazonaws.com\\\/static\\\/2022\\\/08\\\/09121407\\\/Dakar-2021-dia-6-Isidre-Esteve-salto-3.jpg\",\"keywords\":[\"2021\",\"Dakar\",\"Isidre Esteve\",\"Repsol Rally Team\"],\"articleSection\":[\"Rally\"],\"inLanguage\":\"es\",\"potentialAction\":[{\"@type\":\"CommentAction\",\"name\":\"Comment\",\"target\":[\"https:\\\/\\\/www.boxrepsol.com\\\/es\\\/rally\\\/dakar-2021-dia-6-isidre-esteve-descanso-top-20\\\/#respond\"]}]},{\"@type\":\"WebPage\",\"@id\":\"https:\\\/\\\/www.boxrepsol.com\\\/es\\\/rally\\\/dakar-2021-dia-6-isidre-esteve-descanso-top-20\\\/\",\"url\":\"https:\\\/\\\/www.boxrepsol.com\\\/es\\\/rally\\\/dakar-2021-dia-6-isidre-esteve-descanso-top-20\\\/\",\"name\":\"Dakar 2021 d\u00eda 6: Isidre Esteve llega a la etapa de descanso situado en el top 20 - Box Repsol\",\"isPartOf\":{\"@id\":\"https:\\\/\\\/www.boxrepsol.com\\\/es\\\/#website\"},\"primaryImageOfPage\":{\"@id\":\"https:\\\/\\\/www.boxrepsol.com\\\/es\\\/rally\\\/dakar-2021-dia-6-isidre-esteve-descanso-top-20\\\/#primaryimage\"},\"image\":{\"@id\":\"https:\\\/\\\/www.boxrepsol.com\\\/es\\\/rally\\\/dakar-2021-dia-6-isidre-esteve-descanso-top-20\\\/#primaryimage\"},\"thumbnailUrl\":\"https:\\\/\\\/bxrepsol.s3.eu-west-1.amazonaws.com\\\/static\\\/2022\\\/08\\\/09121407\\\/Dakar-2021-dia-6-Isidre-Esteve-salto-3.jpg\",\"datePublished\":\"2021-01-09T02:00:00+00:00\",\"dateModified\":\"2024-04-18T09:11:20+00:00\",\"description\":\"El ilerdense ha vuelto a ganar hoy dos puestos en la general y se muestra muy optimista de cara a la segunda semana. Ma\u00f1ana jornada de descanso.\",\"breadcrumb\":{\"@id\":\"https:\\\/\\\/www.boxrepsol.com\\\/es\\\/rally\\\/dakar-2021-dia-6-isidre-esteve-descanso-top-20\\\/#breadcrumb\"},\"inLanguage\":\"es\",\"potentialAction\":[{\"@type\":\"ReadAction\",\"target\":[\"https:\\\/\\\/www.boxrepsol.com\\\/es\\\/rally\\\/dakar-2021-dia-6-isidre-esteve-descanso-top-20\\\/\"]}]},{\"@type\":\"ImageObject\",\"inLanguage\":\"es\",\"@id\":\"https:\\\/\\\/www.boxrepsol.com\\\/es\\\/rally\\\/dakar-2021-dia-6-isidre-esteve-descanso-top-20\\\/#primaryimage\",\"url\":\"https:\\\/\\\/bxrepsol.s3.eu-west-1.amazonaws.com\\\/static\\\/2022\\\/08\\\/09121407\\\/Dakar-2021-dia-6-Isidre-Esteve-salto-3.jpg\",\"contentUrl\":\"https:\\\/\\\/bxrepsol.s3.eu-west-1.amazonaws.com\\\/static\\\/2022\\\/08\\\/09121407\\\/Dakar-2021-dia-6-Isidre-Esteve-salto-3.jpg\",\"width\":1280,\"height\":720,\"caption\":\"Isidre Esteve saltando con su Toyota Hilux en el Dakar 2021 d\u00eda 6\"},{\"@type\":\"BreadcrumbList\",\"@id\":\"https:\\\/\\\/www.boxrepsol.com\\\/es\\\/rally\\\/dakar-2021-dia-6-isidre-esteve-descanso-top-20\\\/#breadcrumb\",\"itemListElement\":[{\"@type\":\"ListItem\",\"position\":1,\"name\":\"Home\",\"item\":\"https:\\\/\\\/www.boxrepsol.com\\\/es\\\/\"},{\"@type\":\"ListItem\",\"position\":2,\"name\":\"Dakar 2021 d\u00eda 6: Isidre Esteve llega a la etapa de descanso situado en el top 20\"}]},{\"@type\":\"WebSite\",\"@id\":\"https:\\\/\\\/www.boxrepsol.com\\\/es\\\/#website\",\"url\":\"https:\\\/\\\/www.boxrepsol.com\\\/es\\\/\",\"name\":\"Box Repsol\",\"description\":\"Box Repsol Site\",\"publisher\":{\"@id\":\"https:\\\/\\\/www.boxrepsol.com\\\/es\\\/#organization\"},\"potentialAction\":[{\"@type\":\"SearchAction\",\"target\":{\"@type\":\"EntryPoint\",\"urlTemplate\":\"https:\\\/\\\/www.boxrepsol.com\\\/es\\\/?s={search_term_string}\"},\"query-input\":{\"@type\":\"PropertyValueSpecification\",\"valueRequired\":true,\"valueName\":\"search_term_string\"}}],\"inLanguage\":\"es\"},{\"@type\":\"Organization\",\"@id\":\"https:\\\/\\\/www.boxrepsol.com\\\/es\\\/#organization\",\"name\":\"Box Repsol\",\"url\":\"https:\\\/\\\/www.boxrepsol.com\\\/es\\\/\",\"logo\":{\"@type\":\"ImageObject\",\"inLanguage\":\"es\",\"@id\":\"https:\\\/\\\/www.boxrepsol.com\\\/es\\\/#\\\/schema\\\/logo\\\/image\\\/\",\"url\":\"https:\\\/\\\/bxrepsol.s3.eu-west-1.amazonaws.com\\\/static\\\/2025\\\/07\\\/30083337\\\/favicon-96x96-1.png\",\"contentUrl\":\"https:\\\/\\\/bxrepsol.s3.eu-west-1.amazonaws.com\\\/static\\\/2025\\\/07\\\/30083337\\\/favicon-96x96-1.png\",\"width\":96,\"height\":96,\"caption\":\"Box Repsol\"},\"image\":{\"@id\":\"https:\\\/\\\/www.boxrepsol.com\\\/es\\\/#\\\/schema\\\/logo\\\/image\\\/\"},\"sameAs\":[\"https:\\\/\\\/www.facebook.com\\\/BoxRepsol\",\"https:\\\/\\\/x.com\\\/box_repsol\",\"http:\\\/\\\/instagram.com\\\/box_repsol\",\"https:\\\/\\\/www.youtube.com\\\/user\\\/RepsolCompeticion\",\"https:\\\/\\\/www.flickr.com\\\/photos\\\/box_repsol\\\/\"]},{\"@type\":\"Person\",\"@id\":\"https:\\\/\\\/www.boxrepsol.com\\\/es\\\/#\\\/schema\\\/person\\\/c5c2138f2cca251b0ad92b7086bb60b7\",\"name\":\"Redacci\u00f3n Box Repsol\",\"image\":{\"@type\":\"ImageObject\",\"inLanguage\":\"es\",\"@id\":\"https:\\\/\\\/secure.gravatar.com\\\/avatar\\\/adf7b77e38b4419baf32c7e9c21dde01f4e40df611f0978e3006fc4ba0aaab7e?s=96&d=mm&r=g\",\"url\":\"https:\\\/\\\/secure.gravatar.com\\\/avatar\\\/adf7b77e38b4419baf32c7e9c21dde01f4e40df611f0978e3006fc4ba0aaab7e?s=96&d=mm&r=g\",\"contentUrl\":\"https:\\\/\\\/secure.gravatar.com\\\/avatar\\\/adf7b77e38b4419baf32c7e9c21dde01f4e40df611f0978e3006fc4ba0aaab7e?s=96&d=mm&r=g\",\"caption\":\"Redacci\u00f3n Box Repsol\"},\"description\":\"Box Repsol lo forma un equipo de periodistas, community managers, dise\u00f1adores y fot\u00f3grafos con m\u00e1s de 20 a\u00f1os de experiencia en el mundo del motorsport. Hemos vivido el primer mundial de un espa\u00f1ol en la categor\u00eda reina de motociclismo con \u00c1lex Crivill\u00e9, estuvimos en las victorias de Pedrosa y los t\u00edtulos de M\u00e1rquez, acompa\u00f1amos en \u00c1frica a Nani Roma y Marc Coma en sus conquistas del Dakar y hemos vibrado con los t\u00edtulos de Toni Bou en Trial. Adem\u00e1s, en nuestro equipo contamos con expertos en el mundo de las dos y cuatro ruedas tanto de la calle y las carreteras, como de los circuitos. Periodistas que han trabajado en revistas y publicaciones para hacerte llegar desde rutas y consejos de mantenimiento, a curiosidades y trucos de pilotaje.\",\"sameAs\":[\"https:\\\/\\\/www.facebook.com\\\/BoxRepsol\\\/\",\"https:\\\/\\\/www.instagram.com\\\/box_repsol\\\/\",\"https:\\\/\\\/x.com\\\/https:\\\/\\\/twitter.com\\\/box_repsol\",\"https:\\\/\\\/www.youtube.com\\\/@Boxrepsol\"],\"url\":\"https:\\\/\\\/www.boxrepsol.com\\\/es\\\/author\\\/redaccion-box-repsol\\\/\"}]}<\/script>\n<!-- \/ Yoast SEO plugin. -->","yoast_head_json":{"title":"Dakar 2021 d\u00eda 6: Isidre Esteve llega a la etapa de descanso situado en el top 20 - Box Repsol","description":"El ilerdense ha vuelto a ganar hoy dos puestos en la general y se muestra muy optimista de cara a la segunda semana. Ma\u00f1ana jornada de descanso.","canonical":"https:\/\/www.boxrepsol.com\/es\/rally\/dakar-2021-dia-6-isidre-esteve-descanso-top-20\/","og_locale":"es_ES","og_type":"article","og_title":"Dakar 2021 d\u00eda 6: Isidre Esteve llega a la etapa de descanso situado en el top 20 - Box Repsol","og_description":"El ilerdense ha vuelto a ganar hoy dos puestos en la general y se muestra muy optimista de cara a la segunda semana. Ma\u00f1ana jornada de descanso.","og_url":"https:\/\/www.boxrepsol.com\/es\/rally\/dakar-2021-dia-6-isidre-esteve-descanso-top-20\/","og_site_name":"Box Repsol","article_publisher":"https:\/\/www.facebook.com\/BoxRepsol","article_author":"https:\/\/www.facebook.com\/BoxRepsol\/","article_published_time":"2021-01-09T02:00:00+00:00","article_modified_time":"2024-04-18T09:11:20+00:00","og_image":[{"width":1280,"height":720,"url":"https:\/\/bxrepsol.s3.eu-west-1.amazonaws.com\/static\/2022\/08\/09121407\/Dakar-2021-dia-6-Isidre-Esteve-salto-3.jpg","type":"image\/jpeg"}],"author":"Redacci\u00f3n Box Repsol","twitter_card":"summary_large_image","twitter_creator":"@https:\/\/twitter.com\/box_repsol","twitter_site":"@box_repsol","twitter_misc":{"Written by":"Redacci\u00f3n Box Repsol","Est. reading time":"3 minutos"},"schema":{"@context":"https:\/\/schema.org","@graph":[{"@type":"Article","@id":"https:\/\/www.boxrepsol.com\/es\/rally\/dakar-2021-dia-6-isidre-esteve-descanso-top-20\/#article","isPartOf":{"@id":"https:\/\/www.boxrepsol.com\/es\/rally\/dakar-2021-dia-6-isidre-esteve-descanso-top-20\/"},"author":{"name":"Redacci\u00f3n Box Repsol","@id":"https:\/\/www.boxrepsol.com\/es\/#\/schema\/person\/c5c2138f2cca251b0ad92b7086bb60b7"},"headline":"Dakar 2021 d\u00eda 6: Isidre Esteve llega a la etapa de descanso situado en el top 20","datePublished":"2021-01-09T02:00:00+00:00","dateModified":"2024-04-18T09:11:20+00:00","mainEntityOfPage":{"@id":"https:\/\/www.boxrepsol.com\/es\/rally\/dakar-2021-dia-6-isidre-esteve-descanso-top-20\/"},"wordCount":618,"commentCount":0,"publisher":{"@id":"https:\/\/www.boxrepsol.com\/es\/#organization"},"image":{"@id":"https:\/\/www.boxrepsol.com\/es\/rally\/dakar-2021-dia-6-isidre-esteve-descanso-top-20\/#primaryimage"},"thumbnailUrl":"https:\/\/bxrepsol.s3.eu-west-1.amazonaws.com\/static\/2022\/08\/09121407\/Dakar-2021-dia-6-Isidre-Esteve-salto-3.jpg","keywords":["2021","Dakar","Isidre Esteve","Repsol Rally Team"],"articleSection":["Rally"],"inLanguage":"es","potentialAction":[{"@type":"CommentAction","name":"Comment","target":["https:\/\/www.boxrepsol.com\/es\/rally\/dakar-2021-dia-6-isidre-esteve-descanso-top-20\/#respond"]}]},{"@type":"WebPage","@id":"https:\/\/www.boxrepsol.com\/es\/rally\/dakar-2021-dia-6-isidre-esteve-descanso-top-20\/","url":"https:\/\/www.boxrepsol.com\/es\/rally\/dakar-2021-dia-6-isidre-esteve-descanso-top-20\/","name":"Dakar 2021 d\u00eda 6: Isidre Esteve llega a la etapa de descanso situado en el top 20 - Box Repsol","isPartOf":{"@id":"https:\/\/www.boxrepsol.com\/es\/#website"},"primaryImageOfPage":{"@id":"https:\/\/www.boxrepsol.com\/es\/rally\/dakar-2021-dia-6-isidre-esteve-descanso-top-20\/#primaryimage"},"image":{"@id":"https:\/\/www.boxrepsol.com\/es\/rally\/dakar-2021-dia-6-isidre-esteve-descanso-top-20\/#primaryimage"},"thumbnailUrl":"https:\/\/bxrepsol.s3.eu-west-1.amazonaws.com\/static\/2022\/08\/09121407\/Dakar-2021-dia-6-Isidre-Esteve-salto-3.jpg","datePublished":"2021-01-09T02:00:00+00:00","dateModified":"2024-04-18T09:11:20+00:00","description":"El ilerdense ha vuelto a ganar hoy dos puestos en la general y se muestra muy optimista de cara a la segunda semana. Ma\u00f1ana jornada de descanso.","breadcrumb":{"@id":"https:\/\/www.boxrepsol.com\/es\/rally\/dakar-2021-dia-6-isidre-esteve-descanso-top-20\/#breadcrumb"},"inLanguage":"es","potentialAction":[{"@type":"ReadAction","target":["https:\/\/www.boxrepsol.com\/es\/rally\/dakar-2021-dia-6-isidre-esteve-descanso-top-20\/"]}]},{"@type":"ImageObject","inLanguage":"es","@id":"https:\/\/www.boxrepsol.com\/es\/rally\/dakar-2021-dia-6-isidre-esteve-descanso-top-20\/#primaryimage","url":"https:\/\/bxrepsol.s3.eu-west-1.amazonaws.com\/static\/2022\/08\/09121407\/Dakar-2021-dia-6-Isidre-Esteve-salto-3.jpg","contentUrl":"https:\/\/bxrepsol.s3.eu-west-1.amazonaws.com\/static\/2022\/08\/09121407\/Dakar-2021-dia-6-Isidre-Esteve-salto-3.jpg","width":1280,"height":720,"caption":"Isidre Esteve saltando con su Toyota Hilux en el Dakar 2021 d\u00eda 6"},{"@type":"BreadcrumbList","@id":"https:\/\/www.boxrepsol.com\/es\/rally\/dakar-2021-dia-6-isidre-esteve-descanso-top-20\/#breadcrumb","itemListElement":[{"@type":"ListItem","position":1,"name":"Home","item":"https:\/\/www.boxrepsol.com\/es\/"},{"@type":"ListItem","position":2,"name":"Dakar 2021 d\u00eda 6: Isidre Esteve llega a la etapa de descanso situado en el top 20"}]},{"@type":"WebSite","@id":"https:\/\/www.boxrepsol.com\/es\/#website","url":"https:\/\/www.boxrepsol.com\/es\/","name":"Box Repsol","description":"Box Repsol Site","publisher":{"@id":"https:\/\/www.boxrepsol.com\/es\/#organization"},"potentialAction":[{"@type":"SearchAction","target":{"@type":"EntryPoint","urlTemplate":"https:\/\/www.boxrepsol.com\/es\/?s={search_term_string}"},"query-input":{"@type":"PropertyValueSpecification","valueRequired":true,"valueName":"search_term_string"}}],"inLanguage":"es"},{"@type":"Organization","@id":"https:\/\/www.boxrepsol.com\/es\/#organization","name":"Box Repsol","url":"https:\/\/www.boxrepsol.com\/es\/","logo":{"@type":"ImageObject","inLanguage":"es","@id":"https:\/\/www.boxrepsol.com\/es\/#\/schema\/logo\/image\/","url":"https:\/\/bxrepsol.s3.eu-west-1.amazonaws.com\/static\/2025\/07\/30083337\/favicon-96x96-1.png","contentUrl":"https:\/\/bxrepsol.s3.eu-west-1.amazonaws.com\/static\/2025\/07\/30083337\/favicon-96x96-1.png","width":96,"height":96,"caption":"Box Repsol"},"image":{"@id":"https:\/\/www.boxrepsol.com\/es\/#\/schema\/logo\/image\/"},"sameAs":["https:\/\/www.facebook.com\/BoxRepsol","https:\/\/x.com\/box_repsol","http:\/\/instagram.com\/box_repsol","https:\/\/www.youtube.com\/user\/RepsolCompeticion","https:\/\/www.flickr.com\/photos\/box_repsol\/"]},{"@type":"Person","@id":"https:\/\/www.boxrepsol.com\/es\/#\/schema\/person\/c5c2138f2cca251b0ad92b7086bb60b7","name":"Redacci\u00f3n Box Repsol","image":{"@type":"ImageObject","inLanguage":"es","@id":"https:\/\/secure.gravatar.com\/avatar\/adf7b77e38b4419baf32c7e9c21dde01f4e40df611f0978e3006fc4ba0aaab7e?s=96&d=mm&r=g","url":"https:\/\/secure.gravatar.com\/avatar\/adf7b77e38b4419baf32c7e9c21dde01f4e40df611f0978e3006fc4ba0aaab7e?s=96&d=mm&r=g","contentUrl":"https:\/\/secure.gravatar.com\/avatar\/adf7b77e38b4419baf32c7e9c21dde01f4e40df611f0978e3006fc4ba0aaab7e?s=96&d=mm&r=g","caption":"Redacci\u00f3n Box Repsol"},"description":"Box Repsol lo forma un equipo de periodistas, community managers, dise\u00f1adores y fot\u00f3grafos con m\u00e1s de 20 a\u00f1os de experiencia en el mundo del motorsport. Hemos vivido el primer mundial de un espa\u00f1ol en la categor\u00eda reina de motociclismo con \u00c1lex Crivill\u00e9, estuvimos en las victorias de Pedrosa y los t\u00edtulos de M\u00e1rquez, acompa\u00f1amos en \u00c1frica a Nani Roma y Marc Coma en sus conquistas del Dakar y hemos vibrado con los t\u00edtulos de Toni Bou en Trial. Adem\u00e1s, en nuestro equipo contamos con expertos en el mundo de las dos y cuatro ruedas tanto de la calle y las carreteras, como de los circuitos. Periodistas que han trabajado en revistas y publicaciones para hacerte llegar desde rutas y consejos de mantenimiento, a curiosidades y trucos de pilotaje.","sameAs":["https:\/\/www.facebook.com\/BoxRepsol\/","https:\/\/www.instagram.com\/box_repsol\/","https:\/\/x.com\/https:\/\/twitter.com\/box_repsol","https:\/\/www.youtube.com\/@Boxrepsol"],"url":"https:\/\/www.boxrepsol.com\/es\/author\/redaccion-box-repsol\/"}]}},"_links":{"self":[{"href":"https:\/\/www.boxrepsol.com\/es\/wp-json\/wp\/v2\/posts\/94796","targetHints":{"allow":["GET"]}}],"collection":[{"href":"https:\/\/www.boxrepsol.com\/es\/wp-json\/wp\/v2\/posts"}],"about":[{"href":"https:\/\/www.boxrepsol.com\/es\/wp-json\/wp\/v2\/types\/post"}],"author":[{"embeddable":true,"href":"https:\/\/www.boxrepsol.com\/es\/wp-json\/wp\/v2\/users\/43146"}],"replies":[{"embeddable":true,"href":"https:\/\/www.boxrepsol.com\/es\/wp-json\/wp\/v2\/comments?post=94796"}],"version-history":[{"count":1,"href":"https:\/\/www.boxrepsol.com\/es\/wp-json\/wp\/v2\/posts\/94796\/revisions"}],"predecessor-version":[{"id":94797,"href":"https:\/\/www.boxrepsol.com\/es\/wp-json\/wp\/v2\/posts\/94796\/revisions\/94797"}],"wp:featuredmedia":[{"embeddable":true,"href":"https:\/\/www.boxrepsol.com\/es\/wp-json\/wp\/v2\/media\/41909"}],"wp:attachment":[{"href":"https:\/\/www.boxrepsol.com\/es\/wp-json\/wp\/v2\/media?parent=94796"}],"wp:term":[{"taxonomy":"category","embeddable":true,"href":"https:\/\/www.boxrepsol.com\/es\/wp-json\/wp\/v2\/categories?post=94796"},{"taxonomy":"post_tag","embeddable":true,"href":"https:\/\/www.boxrepsol.com\/es\/wp-json\/wp\/v2\/tags?post=94796"}],"curies":[{"name":"wp","href":"https:\/\/api.w.org\/{rel}","templated":true}]}}