{"id":94794,"date":"2021-01-08T00:00:00","date_gmt":"2021-01-08T02:00:00","guid":{"rendered":"http:\/\/pre.boxrepsol.com\/sin-categorizar\/dakar-2021-dia-5-isidre-esteve-dakar\/"},"modified":"2024-04-18T07:11:13","modified_gmt":"2024-04-18T09:11:13","slug":"dakar-2021-dia-5-isidre-esteve-dakar","status":"publish","type":"post","link":"https:\/\/www.boxrepsol.com\/es\/rally\/dakar-2021-dia-5-isidre-esteve-dakar\/","title":{"rendered":"Dakar 2021 d\u00eda 5: Zarpazo de Isidre Esteve en la quinta etapa del Dakar"},"content":{"rendered":"<p>El de Oliana ha rodado muy cerca de los diez primeros buena parte de la especial para acabar 17\u00ba con su Toyota Hilux Overdrive.<\/p>\n<p>\u201cSin duda es la mejor etapa que hemos hecho nunca en coches, no s\u00f3lo por el resultado final, sino por la confianza en la conducci\u00f3n, que me otorga pilotar un coche maravilloso y tener a un copiloto como Txema Villalobos que ha dado un paso adelante muy importante\u201d.<\/p>\n<p>\u201cNuestro objetivo es llegar a la etapa de descanso sin perder la cara a la carrera, sin penalizaciones y con la mec\u00e1nica intacta. Si lo logramos, seguro que iremos a m\u00e1s\u201d.<\/p>\n<p>                <!-- Imagen relacionada --><br \/>\n        <img loading=\"lazy\" decoding=\"async\" width=\"404\" height=\"336\" src=\"https:\/\/bxrepsol.s3.eu-west-1.amazonaws.com\/static\/2022\/08\/09121345\/Dakar-2021-dia-4-Isidre-Esteve-arena-1.jpg\" alt=\"Isidre Esteve sobre arena en el Dakar 2021 d\u00eda 4\" \/><br \/>\n                <!-- Categor\u00eda --><br \/>\n            Rally<br \/>\n        <!-- T\u00edtulo --><br \/>\n        <a href=\"https:\/\/www.boxrepsol.com\/es\/rally\/dakar-2021-dia-4-dia-transicion-isidre-esteve\/\"><\/p>\n<h3>Dakar 2021 d\u00eda 4: D\u00eda de transici\u00f3n para Isidre Esteve, con la mirada&#8230;<\/h3>\n<p>        <\/a><br \/>\n                    <!-- Fecha --><br \/>\n            hace 1 hora        <\/p>\n<p>Ayer ya avisaba Isidre Esteve que la dos etapas previas a la jornada de descanso iban a ser m\u00e1s propicias para el Repsol Rally Team y que las hab\u00eda marcado en rojo para iniciar la remontada. Dicho y hecho. El ilerdense ha firmado su mejor actuaci\u00f3n del presente Dakar 2021, lo que le ha permitido finalizar hoy 17\u00ba y escalar hasta el 22\u00ba lugar de la general de coches, con su Toyota Hilux Overdrive con los mandos adaptados en el volante.<\/p>\n<p>La quinta etapa de este jueves ha transitado entre Riad y Al Qaisumah y ha incluido una especial muy larga y exigente, de 456 kil\u00f3metros. Por primera vez, el recorrido no primaba tanto la velocidad como la navegaci\u00f3n y la habilidad en la conducci\u00f3n, dos de los puntos fuertes del Repsol Rally Team. Y es que el tramo cronometrado inclu\u00eda una extensa zona de dunas y varias pistas de piedras, donde era f\u00e1cil pinchar.<\/p>\n<p><a href=\"https:\/\/bxrepsol.s3.eu-west-1.amazonaws.com\/static\/2022\/08\/09121356\/Dakar-2021-dia-5-Isidre-Esteve-duna-2.jpg\" \n   title=\"Isidre Esteve sorteando una duna en el Dakar 2021 d\u00eda 5\" \n   data-gallery-thumbnail=\"https:\/\/bxrepsol.s3.eu-west-1.amazonaws.com\/static\/2022\/08\/09121356\/Dakar-2021-dia-5-Isidre-Esteve-duna-2.jpg\"\n   data-gallery-title=\"\"\n   data-gallery><\/p>\n<figure>\n        <picture style=\"padding-bottom: 56.25%; background-image: url(https:\/\/bxrepsol.s3.eu-west-1.amazonaws.com\/static\/2022\/08\/09121356\/Dakar-2021-dia-5-Isidre-Esteve-duna-2.jpg);\">\n            <img decoding=\"async\" src=\"https:\/\/bxrepsol.s3.eu-west-1.amazonaws.com\/static\/2022\/08\/09121356\/Dakar-2021-dia-5-Isidre-Esteve-duna-2.jpg\"><br \/>\n            <img itemprop=\"image\"\n                data-srcset=\"https:\/\/bxrepsol.s3.eu-west-1.amazonaws.com\/static\/2022\/08\/09121356\/Dakar-2021-dia-5-Isidre-Esteve-duna-2.jpg 480w, https:\/\/bxrepsol.s3.eu-west-1.amazonaws.com\/static\/2022\/08\/09121356\/Dakar-2021-dia-5-Isidre-Esteve-duna-2.jpg 600w, https:\/\/bxrepsol.s3.eu-west-1.amazonaws.com\/static\/2022\/08\/09121356\/Dakar-2021-dia-5-Isidre-Esteve-duna-2.jpg 900w, https:\/\/bxrepsol.s3.eu-west-1.amazonaws.com\/static\/2022\/08\/09121356\/Dakar-2021-dia-5-Isidre-Esteve-duna-2.jpg 1280w\"\n                data-src=\"https:\/\/bxrepsol.s3.eu-west-1.amazonaws.com\/static\/2022\/08\/09121356\/Dakar-2021-dia-5-Isidre-Esteve-duna-2.jpg\"\n                alt=\"Isidre Esteve sorteando una duna en el Dakar 2021 d\u00eda 5\"\n                title=\"Dakar-2021-dia-5-Isidre-Esteve-duna\"\/><br \/>\n            <noscript><img decoding=\"async\" src=\"https:\/\/bxrepsol.s3.eu-west-1.amazonaws.com\/static\/2022\/08\/09121356\/Dakar-2021-dia-5-Isidre-Esteve-duna-2.jpg\" alt=\"Isidre Esteve sorteando una duna en el Dakar 2021 d\u00eda 5\"><\/noscript>\n        <\/picture><figcaption>Isidre Esteve sorteando una duna en el Dakar 2021 d\u00eda 5<\/figcaption><\/figure>\n<p><\/a><\/p>\n<p>Lo que ha acabado marcando la diferencia ha sido el paso por el kil\u00f3metro 30, seg\u00fan explica Isidre Esteve: \u201cPas\u00e1bamos por r\u00edos secos con muchos cambios de direcci\u00f3n, en los que resultaba muy complicado seguir el rumbo. Los de delante, en solitario, lo han sabido encontrar bien, pero para los de detr\u00e1s ha resultado m\u00e1s complicado. Cuando hemos llegado all\u00ed hab\u00eda mucho tr\u00e1fico, polvo y gente en contra direcci\u00f3n. La clave de que hayamos perdido poco tiempo en esa zona ha estado en saber ser fr\u00edos, situarnos y encontrar la buena direcci\u00f3n hacia los way points, gracias al gran trabajo de Txema Villalobos\u201d.<\/p>\n<p>Esa gran navegaci\u00f3n le ha permitido rodar en el puesto 11 durante buena parte de la especial, m\u00e1s cerca que nunca del top 10. Pese a ello, el ilerdense del Repsol Rally Team afirma que su actitud al volante ha sido la de siempre: \u201cUna vez est\u00e1bamos seguros de la buena direcci\u00f3n, no ha cambiado nuestra forma de pilotar. No hemos corrido m\u00e1s que otros d\u00edas, sino que la t\u00e1ctica ha sido la misma: conducci\u00f3n segura, sin poner en riesgo el coche y ser regulares toda la etapa\u201d.<\/p>\n<p><a href=\"https:\/\/bxrepsol.s3.eu-west-1.amazonaws.com\/static\/2022\/08\/09121356\/Dakar-2021-dia-5-Isidre-Esteve-pista-2.jpg\" \n   title=\"Isidre Esteve pilotando en una zona de rocas en el Dakar 2021 d\u00eda 5\" \n   data-gallery-thumbnail=\"https:\/\/bxrepsol.s3.eu-west-1.amazonaws.com\/static\/2022\/08\/09121356\/Dakar-2021-dia-5-Isidre-Esteve-pista-2.jpg\"\n   data-gallery-title=\"\"\n   data-gallery><\/p>\n<figure>\n        <picture style=\"padding-bottom: 56.25%; background-image: url(https:\/\/bxrepsol.s3.eu-west-1.amazonaws.com\/static\/2022\/08\/09121356\/Dakar-2021-dia-5-Isidre-Esteve-pista-2.jpg);\">\n            <img decoding=\"async\" src=\"https:\/\/bxrepsol.s3.eu-west-1.amazonaws.com\/static\/2022\/08\/09121356\/Dakar-2021-dia-5-Isidre-Esteve-pista-2.jpg\"><br \/>\n            <img itemprop=\"image\"\n                data-srcset=\"https:\/\/bxrepsol.s3.eu-west-1.amazonaws.com\/static\/2022\/08\/09121356\/Dakar-2021-dia-5-Isidre-Esteve-pista-2.jpg 480w, https:\/\/bxrepsol.s3.eu-west-1.amazonaws.com\/static\/2022\/08\/09121356\/Dakar-2021-dia-5-Isidre-Esteve-pista-2.jpg 600w, https:\/\/bxrepsol.s3.eu-west-1.amazonaws.com\/static\/2022\/08\/09121356\/Dakar-2021-dia-5-Isidre-Esteve-pista-2.jpg 900w, https:\/\/bxrepsol.s3.eu-west-1.amazonaws.com\/static\/2022\/08\/09121356\/Dakar-2021-dia-5-Isidre-Esteve-pista-2.jpg 1280w\"\n                data-src=\"https:\/\/bxrepsol.s3.eu-west-1.amazonaws.com\/static\/2022\/08\/09121356\/Dakar-2021-dia-5-Isidre-Esteve-pista-2.jpg\"\n                alt=\"Isidre Esteve pilotando en una zona de rocas en el Dakar 2021 d\u00eda 5\"\n                title=\"Dakar-2021-dia-5-Isidre-Esteve-pista\"\/><br \/>\n            <noscript><img decoding=\"async\" src=\"https:\/\/bxrepsol.s3.eu-west-1.amazonaws.com\/static\/2022\/08\/09121356\/Dakar-2021-dia-5-Isidre-Esteve-pista-2.jpg\" alt=\"Isidre Esteve pilotando en una zona de rocas en el Dakar 2021 d\u00eda 5\"><\/noscript>\n        <\/picture><figcaption>Isidre Esteve pilotando en una zona de rocas en el Dakar 2021 d\u00eda 5<\/figcaption><\/figure>\n<p><\/a><\/p>\n<p>Al final, el de Oliana ha cruzado la meta en 17\u00ba lugar, con un tiempo de 5 horas, 51 minutos y 17 segundos, a 41&#8217;52\u00bb del vencedor, el sudafricano de Toyota Giniel de Villiers. \u201cSin duda es la mejor etapa que hemos hecho nunca en coches, no s\u00f3lo por el resultado final, sino por la confianza en la conducci\u00f3n, que me otorga pilotar un coche maravilloso y tener a mi lado a un copiloto como Txema [Villalobos] que ha dado un paso adelante muy importante, al igual que el resto del equipo\u201d, valoraba Isidre Esteve.<\/p>\n<p>En la general, el Repsol Rally Team remonta siete posiciones y ya es 22\u00ba, con un tiempo total de 21h 47&#8217;50\u00bb, es decir, a 3h 19&#8217;48\u00bb del l\u00edder St\u00e9phane Peterhansel y dentro de la misma hora que otros diez equipos. \u201cTen\u00edamos muchas ganas de vivir una etapa limpia y por fin nos ha llegado. Estamos muy pero que muy contentos porque este a\u00f1o, a diferencia de otras ediciones, hay muchos pilotos que van muy r\u00e1pidos y estar entre los 20 primeros en las etapas tiene un m\u00e9rito enorme\u201d, se\u00f1alaba Isidre Esteve, radiante.<\/p>\n<p>Ma\u00f1ana viernes, \u00faltimo d\u00eda antes de la jornada de descanso, el Dakar 2021 vivir\u00e1 una etapa de extrema dificultad entre Al Qaisumah y Ha&#8217;il, con 170 kil\u00f3metros de enlace y 448 de especial, \u00edntegramente por arena y con las dunas como aut\u00e9nticas protagonistas. \u201cSer\u00e1 el d\u00eda m\u00e1s duro de toda la semana y trataremos de mantener nuestra estrategia de llegar a la jornada de descanso sin perder la cara a la carrera, sin penalizaciones y con la mec\u00e1nica intacta. Si lo logramos, seguro que iremos a m\u00e1s en la segunda semana\u201d, pronostica el piloto de Repsol, MGS Seguros, KH-7 y Toyota Espa\u00f1a.<\/p>\n<p>                <!-- Imagen relacionada --><br \/>\n        <img loading=\"lazy\" decoding=\"async\" width=\"404\" height=\"336\" src=\"https:\/\/bxrepsol.s3.eu-west-1.amazonaws.com\/static\/2022\/08\/09121357\/Dakar-2021-dia-6-Isidre-Esteve-salto-2.jpg\" alt=\"Isidre Esteve saltando con su Toyota Hilux en el Dakar 2021 d\u00eda 6\" \/><br \/>\n                <!-- Categor\u00eda --><br \/>\n            Rally<br \/>\n        <!-- T\u00edtulo --><br \/>\n        <a href=\"https:\/\/www.boxrepsol.com\/es\/rally\/dakar-2021-dia-6-isidre-esteve-descanso-top-20\/\"><\/p>\n<h3>Dakar 2021 d\u00eda 6: Isidre Esteve llega a la etapa de descanso situado e&#8230;<\/h3>\n<p>        <\/a><br \/>\n                    <!-- Fecha --><br \/>\n            hace 1 hora<\/p>\n","protected":false},"excerpt":{"rendered":"<p>El piloto del Repsol Rally Team firma una brillante jornada, remonta seis puestos en la general y ya es 22\u00ba.<\/p>\n","protected":false},"author":43146,"featured_media":41895,"comment_status":"open","ping_status":"open","sticky":false,"template":"","format":"standard","meta":{"footnotes":""},"categories":[27],"tags":[194,201,29,183],"class_list":["post-94794","post","type-post","status-publish","format-standard","hentry","category-rally","tag-194","tag-dakar","tag-isidre-esteve","tag-repsol-rally-team"],"yoast_head":"<!-- This site is optimized with the Yoast SEO plugin v27.3 - https:\/\/yoast.com\/product\/yoast-seo-wordpress\/ -->\n<title>Dakar 2021 d\u00eda 5: Zarpazo de Isidre Esteve en la quinta etapa del Dakar - Box Repsol<\/title>\n<meta name=\"description\" content=\"El piloto del Repsol Rally Team ha rodado muy cerca de los diez primeros buena parte de la especial y remonta seis puestos en la general y ya es 22\u00ba.\" \/>\n<link rel=\"canonical\" href=\"https:\/\/www.boxrepsol.com\/es\/rally\/dakar-2021-dia-5-isidre-esteve-dakar\/\" \/>\n<meta property=\"og:locale\" content=\"es_ES\" \/>\n<meta property=\"og:type\" content=\"article\" \/>\n<meta property=\"og:title\" content=\"Dakar 2021 d\u00eda 5: Zarpazo de Isidre Esteve en la quinta etapa del Dakar - Box Repsol\" \/>\n<meta property=\"og:description\" content=\"El piloto del Repsol Rally Team ha rodado muy cerca de los diez primeros buena parte de la especial y remonta seis puestos en la general y ya es 22\u00ba.\" \/>\n<meta property=\"og:url\" content=\"https:\/\/www.boxrepsol.com\/es\/rally\/dakar-2021-dia-5-isidre-esteve-dakar\/\" \/>\n<meta property=\"og:site_name\" content=\"Box Repsol\" \/>\n<meta property=\"article:publisher\" content=\"https:\/\/www.facebook.com\/BoxRepsol\" \/>\n<meta property=\"article:author\" content=\"https:\/\/www.facebook.com\/BoxRepsol\/\" \/>\n<meta property=\"article:published_time\" content=\"2021-01-08T02:00:00+00:00\" \/>\n<meta property=\"article:modified_time\" content=\"2024-04-18T09:11:13+00:00\" \/>\n<meta property=\"og:image\" content=\"https:\/\/bxrepsol.s3.eu-west-1.amazonaws.com\/static\/2022\/08\/09121359\/Dakar-2021-dia-5-Isidre-Esteve-coche-3.jpg\" \/>\n\t<meta property=\"og:image:width\" content=\"1280\" \/>\n\t<meta property=\"og:image:height\" content=\"720\" \/>\n\t<meta property=\"og:image:type\" content=\"image\/jpeg\" \/>\n<meta name=\"author\" content=\"Redacci\u00f3n Box Repsol\" \/>\n<meta name=\"twitter:card\" content=\"summary_large_image\" \/>\n<meta name=\"twitter:creator\" content=\"@https:\/\/twitter.com\/box_repsol\" \/>\n<meta name=\"twitter:site\" content=\"@box_repsol\" \/>\n<meta name=\"twitter:label1\" content=\"Written by\" \/>\n\t<meta name=\"twitter:data1\" content=\"Redacci\u00f3n Box Repsol\" \/>\n\t<meta name=\"twitter:label2\" content=\"Est. reading time\" \/>\n\t<meta name=\"twitter:data2\" content=\"4 minutos\" \/>\n<script type=\"application\/ld+json\" class=\"yoast-schema-graph\">{\"@context\":\"https:\\\/\\\/schema.org\",\"@graph\":[{\"@type\":\"Article\",\"@id\":\"https:\\\/\\\/www.boxrepsol.com\\\/es\\\/rally\\\/dakar-2021-dia-5-isidre-esteve-dakar\\\/#article\",\"isPartOf\":{\"@id\":\"https:\\\/\\\/www.boxrepsol.com\\\/es\\\/rally\\\/dakar-2021-dia-5-isidre-esteve-dakar\\\/\"},\"author\":{\"name\":\"Redacci\u00f3n Box Repsol\",\"@id\":\"https:\\\/\\\/www.boxrepsol.com\\\/es\\\/#\\\/schema\\\/person\\\/c5c2138f2cca251b0ad92b7086bb60b7\"},\"headline\":\"Dakar 2021 d\u00eda 5: Zarpazo de Isidre Esteve en la quinta etapa del Dakar\",\"datePublished\":\"2021-01-08T02:00:00+00:00\",\"dateModified\":\"2024-04-18T09:11:13+00:00\",\"mainEntityOfPage\":{\"@id\":\"https:\\\/\\\/www.boxrepsol.com\\\/es\\\/rally\\\/dakar-2021-dia-5-isidre-esteve-dakar\\\/\"},\"wordCount\":838,\"commentCount\":0,\"publisher\":{\"@id\":\"https:\\\/\\\/www.boxrepsol.com\\\/es\\\/#organization\"},\"image\":{\"@id\":\"https:\\\/\\\/www.boxrepsol.com\\\/es\\\/rally\\\/dakar-2021-dia-5-isidre-esteve-dakar\\\/#primaryimage\"},\"thumbnailUrl\":\"https:\\\/\\\/bxrepsol.s3.eu-west-1.amazonaws.com\\\/static\\\/2022\\\/08\\\/09121359\\\/Dakar-2021-dia-5-Isidre-Esteve-coche-3.jpg\",\"keywords\":[\"2021\",\"Dakar\",\"Isidre Esteve\",\"Repsol Rally Team\"],\"articleSection\":[\"Rally\"],\"inLanguage\":\"es\",\"potentialAction\":[{\"@type\":\"CommentAction\",\"name\":\"Comment\",\"target\":[\"https:\\\/\\\/www.boxrepsol.com\\\/es\\\/rally\\\/dakar-2021-dia-5-isidre-esteve-dakar\\\/#respond\"]}]},{\"@type\":\"WebPage\",\"@id\":\"https:\\\/\\\/www.boxrepsol.com\\\/es\\\/rally\\\/dakar-2021-dia-5-isidre-esteve-dakar\\\/\",\"url\":\"https:\\\/\\\/www.boxrepsol.com\\\/es\\\/rally\\\/dakar-2021-dia-5-isidre-esteve-dakar\\\/\",\"name\":\"Dakar 2021 d\u00eda 5: Zarpazo de Isidre Esteve en la quinta etapa del Dakar - Box Repsol\",\"isPartOf\":{\"@id\":\"https:\\\/\\\/www.boxrepsol.com\\\/es\\\/#website\"},\"primaryImageOfPage\":{\"@id\":\"https:\\\/\\\/www.boxrepsol.com\\\/es\\\/rally\\\/dakar-2021-dia-5-isidre-esteve-dakar\\\/#primaryimage\"},\"image\":{\"@id\":\"https:\\\/\\\/www.boxrepsol.com\\\/es\\\/rally\\\/dakar-2021-dia-5-isidre-esteve-dakar\\\/#primaryimage\"},\"thumbnailUrl\":\"https:\\\/\\\/bxrepsol.s3.eu-west-1.amazonaws.com\\\/static\\\/2022\\\/08\\\/09121359\\\/Dakar-2021-dia-5-Isidre-Esteve-coche-3.jpg\",\"datePublished\":\"2021-01-08T02:00:00+00:00\",\"dateModified\":\"2024-04-18T09:11:13+00:00\",\"description\":\"El piloto del Repsol Rally Team ha rodado muy cerca de los diez primeros buena parte de la especial y remonta seis puestos en la general y ya es 22\u00ba.\",\"breadcrumb\":{\"@id\":\"https:\\\/\\\/www.boxrepsol.com\\\/es\\\/rally\\\/dakar-2021-dia-5-isidre-esteve-dakar\\\/#breadcrumb\"},\"inLanguage\":\"es\",\"potentialAction\":[{\"@type\":\"ReadAction\",\"target\":[\"https:\\\/\\\/www.boxrepsol.com\\\/es\\\/rally\\\/dakar-2021-dia-5-isidre-esteve-dakar\\\/\"]}]},{\"@type\":\"ImageObject\",\"inLanguage\":\"es\",\"@id\":\"https:\\\/\\\/www.boxrepsol.com\\\/es\\\/rally\\\/dakar-2021-dia-5-isidre-esteve-dakar\\\/#primaryimage\",\"url\":\"https:\\\/\\\/bxrepsol.s3.eu-west-1.amazonaws.com\\\/static\\\/2022\\\/08\\\/09121359\\\/Dakar-2021-dia-5-Isidre-Esteve-coche-3.jpg\",\"contentUrl\":\"https:\\\/\\\/bxrepsol.s3.eu-west-1.amazonaws.com\\\/static\\\/2022\\\/08\\\/09121359\\\/Dakar-2021-dia-5-Isidre-Esteve-coche-3.jpg\",\"width\":1280,\"height\":720,\"caption\":\"Isidre Esteve en su Toyota Hilux en el Dakar 2021 d\u00eda 5\"},{\"@type\":\"BreadcrumbList\",\"@id\":\"https:\\\/\\\/www.boxrepsol.com\\\/es\\\/rally\\\/dakar-2021-dia-5-isidre-esteve-dakar\\\/#breadcrumb\",\"itemListElement\":[{\"@type\":\"ListItem\",\"position\":1,\"name\":\"Home\",\"item\":\"https:\\\/\\\/www.boxrepsol.com\\\/es\\\/\"},{\"@type\":\"ListItem\",\"position\":2,\"name\":\"Dakar 2021 d\u00eda 5: Zarpazo de Isidre Esteve en la quinta etapa del Dakar\"}]},{\"@type\":\"WebSite\",\"@id\":\"https:\\\/\\\/www.boxrepsol.com\\\/es\\\/#website\",\"url\":\"https:\\\/\\\/www.boxrepsol.com\\\/es\\\/\",\"name\":\"Box Repsol\",\"description\":\"Box Repsol Site\",\"publisher\":{\"@id\":\"https:\\\/\\\/www.boxrepsol.com\\\/es\\\/#organization\"},\"potentialAction\":[{\"@type\":\"SearchAction\",\"target\":{\"@type\":\"EntryPoint\",\"urlTemplate\":\"https:\\\/\\\/www.boxrepsol.com\\\/es\\\/?s={search_term_string}\"},\"query-input\":{\"@type\":\"PropertyValueSpecification\",\"valueRequired\":true,\"valueName\":\"search_term_string\"}}],\"inLanguage\":\"es\"},{\"@type\":\"Organization\",\"@id\":\"https:\\\/\\\/www.boxrepsol.com\\\/es\\\/#organization\",\"name\":\"Box Repsol\",\"url\":\"https:\\\/\\\/www.boxrepsol.com\\\/es\\\/\",\"logo\":{\"@type\":\"ImageObject\",\"inLanguage\":\"es\",\"@id\":\"https:\\\/\\\/www.boxrepsol.com\\\/es\\\/#\\\/schema\\\/logo\\\/image\\\/\",\"url\":\"https:\\\/\\\/bxrepsol.s3.eu-west-1.amazonaws.com\\\/static\\\/2025\\\/07\\\/30083337\\\/favicon-96x96-1.png\",\"contentUrl\":\"https:\\\/\\\/bxrepsol.s3.eu-west-1.amazonaws.com\\\/static\\\/2025\\\/07\\\/30083337\\\/favicon-96x96-1.png\",\"width\":96,\"height\":96,\"caption\":\"Box Repsol\"},\"image\":{\"@id\":\"https:\\\/\\\/www.boxrepsol.com\\\/es\\\/#\\\/schema\\\/logo\\\/image\\\/\"},\"sameAs\":[\"https:\\\/\\\/www.facebook.com\\\/BoxRepsol\",\"https:\\\/\\\/x.com\\\/box_repsol\",\"http:\\\/\\\/instagram.com\\\/box_repsol\",\"https:\\\/\\\/www.youtube.com\\\/user\\\/RepsolCompeticion\",\"https:\\\/\\\/www.flickr.com\\\/photos\\\/box_repsol\\\/\"]},{\"@type\":\"Person\",\"@id\":\"https:\\\/\\\/www.boxrepsol.com\\\/es\\\/#\\\/schema\\\/person\\\/c5c2138f2cca251b0ad92b7086bb60b7\",\"name\":\"Redacci\u00f3n Box Repsol\",\"image\":{\"@type\":\"ImageObject\",\"inLanguage\":\"es\",\"@id\":\"https:\\\/\\\/secure.gravatar.com\\\/avatar\\\/adf7b77e38b4419baf32c7e9c21dde01f4e40df611f0978e3006fc4ba0aaab7e?s=96&d=mm&r=g\",\"url\":\"https:\\\/\\\/secure.gravatar.com\\\/avatar\\\/adf7b77e38b4419baf32c7e9c21dde01f4e40df611f0978e3006fc4ba0aaab7e?s=96&d=mm&r=g\",\"contentUrl\":\"https:\\\/\\\/secure.gravatar.com\\\/avatar\\\/adf7b77e38b4419baf32c7e9c21dde01f4e40df611f0978e3006fc4ba0aaab7e?s=96&d=mm&r=g\",\"caption\":\"Redacci\u00f3n Box Repsol\"},\"description\":\"Box Repsol lo forma un equipo de periodistas, community managers, dise\u00f1adores y fot\u00f3grafos con m\u00e1s de 20 a\u00f1os de experiencia en el mundo del motorsport. Hemos vivido el primer mundial de un espa\u00f1ol en la categor\u00eda reina de motociclismo con \u00c1lex Crivill\u00e9, estuvimos en las victorias de Pedrosa y los t\u00edtulos de M\u00e1rquez, acompa\u00f1amos en \u00c1frica a Nani Roma y Marc Coma en sus conquistas del Dakar y hemos vibrado con los t\u00edtulos de Toni Bou en Trial. Adem\u00e1s, en nuestro equipo contamos con expertos en el mundo de las dos y cuatro ruedas tanto de la calle y las carreteras, como de los circuitos. Periodistas que han trabajado en revistas y publicaciones para hacerte llegar desde rutas y consejos de mantenimiento, a curiosidades y trucos de pilotaje.\",\"sameAs\":[\"https:\\\/\\\/www.facebook.com\\\/BoxRepsol\\\/\",\"https:\\\/\\\/www.instagram.com\\\/box_repsol\\\/\",\"https:\\\/\\\/x.com\\\/https:\\\/\\\/twitter.com\\\/box_repsol\",\"https:\\\/\\\/www.youtube.com\\\/@Boxrepsol\"],\"url\":\"https:\\\/\\\/www.boxrepsol.com\\\/es\\\/author\\\/redaccion-box-repsol\\\/\"}]}<\/script>\n<!-- \/ Yoast SEO plugin. -->","yoast_head_json":{"title":"Dakar 2021 d\u00eda 5: Zarpazo de Isidre Esteve en la quinta etapa del Dakar - Box Repsol","description":"El piloto del Repsol Rally Team ha rodado muy cerca de los diez primeros buena parte de la especial y remonta seis puestos en la general y ya es 22\u00ba.","canonical":"https:\/\/www.boxrepsol.com\/es\/rally\/dakar-2021-dia-5-isidre-esteve-dakar\/","og_locale":"es_ES","og_type":"article","og_title":"Dakar 2021 d\u00eda 5: Zarpazo de Isidre Esteve en la quinta etapa del Dakar - Box Repsol","og_description":"El piloto del Repsol Rally Team ha rodado muy cerca de los diez primeros buena parte de la especial y remonta seis puestos en la general y ya es 22\u00ba.","og_url":"https:\/\/www.boxrepsol.com\/es\/rally\/dakar-2021-dia-5-isidre-esteve-dakar\/","og_site_name":"Box Repsol","article_publisher":"https:\/\/www.facebook.com\/BoxRepsol","article_author":"https:\/\/www.facebook.com\/BoxRepsol\/","article_published_time":"2021-01-08T02:00:00+00:00","article_modified_time":"2024-04-18T09:11:13+00:00","og_image":[{"width":1280,"height":720,"url":"https:\/\/bxrepsol.s3.eu-west-1.amazonaws.com\/static\/2022\/08\/09121359\/Dakar-2021-dia-5-Isidre-Esteve-coche-3.jpg","type":"image\/jpeg"}],"author":"Redacci\u00f3n Box Repsol","twitter_card":"summary_large_image","twitter_creator":"@https:\/\/twitter.com\/box_repsol","twitter_site":"@box_repsol","twitter_misc":{"Written by":"Redacci\u00f3n Box Repsol","Est. reading time":"4 minutos"},"schema":{"@context":"https:\/\/schema.org","@graph":[{"@type":"Article","@id":"https:\/\/www.boxrepsol.com\/es\/rally\/dakar-2021-dia-5-isidre-esteve-dakar\/#article","isPartOf":{"@id":"https:\/\/www.boxrepsol.com\/es\/rally\/dakar-2021-dia-5-isidre-esteve-dakar\/"},"author":{"name":"Redacci\u00f3n Box Repsol","@id":"https:\/\/www.boxrepsol.com\/es\/#\/schema\/person\/c5c2138f2cca251b0ad92b7086bb60b7"},"headline":"Dakar 2021 d\u00eda 5: Zarpazo de Isidre Esteve en la quinta etapa del Dakar","datePublished":"2021-01-08T02:00:00+00:00","dateModified":"2024-04-18T09:11:13+00:00","mainEntityOfPage":{"@id":"https:\/\/www.boxrepsol.com\/es\/rally\/dakar-2021-dia-5-isidre-esteve-dakar\/"},"wordCount":838,"commentCount":0,"publisher":{"@id":"https:\/\/www.boxrepsol.com\/es\/#organization"},"image":{"@id":"https:\/\/www.boxrepsol.com\/es\/rally\/dakar-2021-dia-5-isidre-esteve-dakar\/#primaryimage"},"thumbnailUrl":"https:\/\/bxrepsol.s3.eu-west-1.amazonaws.com\/static\/2022\/08\/09121359\/Dakar-2021-dia-5-Isidre-Esteve-coche-3.jpg","keywords":["2021","Dakar","Isidre Esteve","Repsol Rally Team"],"articleSection":["Rally"],"inLanguage":"es","potentialAction":[{"@type":"CommentAction","name":"Comment","target":["https:\/\/www.boxrepsol.com\/es\/rally\/dakar-2021-dia-5-isidre-esteve-dakar\/#respond"]}]},{"@type":"WebPage","@id":"https:\/\/www.boxrepsol.com\/es\/rally\/dakar-2021-dia-5-isidre-esteve-dakar\/","url":"https:\/\/www.boxrepsol.com\/es\/rally\/dakar-2021-dia-5-isidre-esteve-dakar\/","name":"Dakar 2021 d\u00eda 5: Zarpazo de Isidre Esteve en la quinta etapa del Dakar - Box Repsol","isPartOf":{"@id":"https:\/\/www.boxrepsol.com\/es\/#website"},"primaryImageOfPage":{"@id":"https:\/\/www.boxrepsol.com\/es\/rally\/dakar-2021-dia-5-isidre-esteve-dakar\/#primaryimage"},"image":{"@id":"https:\/\/www.boxrepsol.com\/es\/rally\/dakar-2021-dia-5-isidre-esteve-dakar\/#primaryimage"},"thumbnailUrl":"https:\/\/bxrepsol.s3.eu-west-1.amazonaws.com\/static\/2022\/08\/09121359\/Dakar-2021-dia-5-Isidre-Esteve-coche-3.jpg","datePublished":"2021-01-08T02:00:00+00:00","dateModified":"2024-04-18T09:11:13+00:00","description":"El piloto del Repsol Rally Team ha rodado muy cerca de los diez primeros buena parte de la especial y remonta seis puestos en la general y ya es 22\u00ba.","breadcrumb":{"@id":"https:\/\/www.boxrepsol.com\/es\/rally\/dakar-2021-dia-5-isidre-esteve-dakar\/#breadcrumb"},"inLanguage":"es","potentialAction":[{"@type":"ReadAction","target":["https:\/\/www.boxrepsol.com\/es\/rally\/dakar-2021-dia-5-isidre-esteve-dakar\/"]}]},{"@type":"ImageObject","inLanguage":"es","@id":"https:\/\/www.boxrepsol.com\/es\/rally\/dakar-2021-dia-5-isidre-esteve-dakar\/#primaryimage","url":"https:\/\/bxrepsol.s3.eu-west-1.amazonaws.com\/static\/2022\/08\/09121359\/Dakar-2021-dia-5-Isidre-Esteve-coche-3.jpg","contentUrl":"https:\/\/bxrepsol.s3.eu-west-1.amazonaws.com\/static\/2022\/08\/09121359\/Dakar-2021-dia-5-Isidre-Esteve-coche-3.jpg","width":1280,"height":720,"caption":"Isidre Esteve en su Toyota Hilux en el Dakar 2021 d\u00eda 5"},{"@type":"BreadcrumbList","@id":"https:\/\/www.boxrepsol.com\/es\/rally\/dakar-2021-dia-5-isidre-esteve-dakar\/#breadcrumb","itemListElement":[{"@type":"ListItem","position":1,"name":"Home","item":"https:\/\/www.boxrepsol.com\/es\/"},{"@type":"ListItem","position":2,"name":"Dakar 2021 d\u00eda 5: Zarpazo de Isidre Esteve en la quinta etapa del Dakar"}]},{"@type":"WebSite","@id":"https:\/\/www.boxrepsol.com\/es\/#website","url":"https:\/\/www.boxrepsol.com\/es\/","name":"Box Repsol","description":"Box Repsol Site","publisher":{"@id":"https:\/\/www.boxrepsol.com\/es\/#organization"},"potentialAction":[{"@type":"SearchAction","target":{"@type":"EntryPoint","urlTemplate":"https:\/\/www.boxrepsol.com\/es\/?s={search_term_string}"},"query-input":{"@type":"PropertyValueSpecification","valueRequired":true,"valueName":"search_term_string"}}],"inLanguage":"es"},{"@type":"Organization","@id":"https:\/\/www.boxrepsol.com\/es\/#organization","name":"Box Repsol","url":"https:\/\/www.boxrepsol.com\/es\/","logo":{"@type":"ImageObject","inLanguage":"es","@id":"https:\/\/www.boxrepsol.com\/es\/#\/schema\/logo\/image\/","url":"https:\/\/bxrepsol.s3.eu-west-1.amazonaws.com\/static\/2025\/07\/30083337\/favicon-96x96-1.png","contentUrl":"https:\/\/bxrepsol.s3.eu-west-1.amazonaws.com\/static\/2025\/07\/30083337\/favicon-96x96-1.png","width":96,"height":96,"caption":"Box Repsol"},"image":{"@id":"https:\/\/www.boxrepsol.com\/es\/#\/schema\/logo\/image\/"},"sameAs":["https:\/\/www.facebook.com\/BoxRepsol","https:\/\/x.com\/box_repsol","http:\/\/instagram.com\/box_repsol","https:\/\/www.youtube.com\/user\/RepsolCompeticion","https:\/\/www.flickr.com\/photos\/box_repsol\/"]},{"@type":"Person","@id":"https:\/\/www.boxrepsol.com\/es\/#\/schema\/person\/c5c2138f2cca251b0ad92b7086bb60b7","name":"Redacci\u00f3n Box Repsol","image":{"@type":"ImageObject","inLanguage":"es","@id":"https:\/\/secure.gravatar.com\/avatar\/adf7b77e38b4419baf32c7e9c21dde01f4e40df611f0978e3006fc4ba0aaab7e?s=96&d=mm&r=g","url":"https:\/\/secure.gravatar.com\/avatar\/adf7b77e38b4419baf32c7e9c21dde01f4e40df611f0978e3006fc4ba0aaab7e?s=96&d=mm&r=g","contentUrl":"https:\/\/secure.gravatar.com\/avatar\/adf7b77e38b4419baf32c7e9c21dde01f4e40df611f0978e3006fc4ba0aaab7e?s=96&d=mm&r=g","caption":"Redacci\u00f3n Box Repsol"},"description":"Box Repsol lo forma un equipo de periodistas, community managers, dise\u00f1adores y fot\u00f3grafos con m\u00e1s de 20 a\u00f1os de experiencia en el mundo del motorsport. Hemos vivido el primer mundial de un espa\u00f1ol en la categor\u00eda reina de motociclismo con \u00c1lex Crivill\u00e9, estuvimos en las victorias de Pedrosa y los t\u00edtulos de M\u00e1rquez, acompa\u00f1amos en \u00c1frica a Nani Roma y Marc Coma en sus conquistas del Dakar y hemos vibrado con los t\u00edtulos de Toni Bou en Trial. Adem\u00e1s, en nuestro equipo contamos con expertos en el mundo de las dos y cuatro ruedas tanto de la calle y las carreteras, como de los circuitos. Periodistas que han trabajado en revistas y publicaciones para hacerte llegar desde rutas y consejos de mantenimiento, a curiosidades y trucos de pilotaje.","sameAs":["https:\/\/www.facebook.com\/BoxRepsol\/","https:\/\/www.instagram.com\/box_repsol\/","https:\/\/x.com\/https:\/\/twitter.com\/box_repsol","https:\/\/www.youtube.com\/@Boxrepsol"],"url":"https:\/\/www.boxrepsol.com\/es\/author\/redaccion-box-repsol\/"}]}},"_links":{"self":[{"href":"https:\/\/www.boxrepsol.com\/es\/wp-json\/wp\/v2\/posts\/94794","targetHints":{"allow":["GET"]}}],"collection":[{"href":"https:\/\/www.boxrepsol.com\/es\/wp-json\/wp\/v2\/posts"}],"about":[{"href":"https:\/\/www.boxrepsol.com\/es\/wp-json\/wp\/v2\/types\/post"}],"author":[{"embeddable":true,"href":"https:\/\/www.boxrepsol.com\/es\/wp-json\/wp\/v2\/users\/43146"}],"replies":[{"embeddable":true,"href":"https:\/\/www.boxrepsol.com\/es\/wp-json\/wp\/v2\/comments?post=94794"}],"version-history":[{"count":1,"href":"https:\/\/www.boxrepsol.com\/es\/wp-json\/wp\/v2\/posts\/94794\/revisions"}],"predecessor-version":[{"id":94795,"href":"https:\/\/www.boxrepsol.com\/es\/wp-json\/wp\/v2\/posts\/94794\/revisions\/94795"}],"wp:featuredmedia":[{"embeddable":true,"href":"https:\/\/www.boxrepsol.com\/es\/wp-json\/wp\/v2\/media\/41895"}],"wp:attachment":[{"href":"https:\/\/www.boxrepsol.com\/es\/wp-json\/wp\/v2\/media?parent=94794"}],"wp:term":[{"taxonomy":"category","embeddable":true,"href":"https:\/\/www.boxrepsol.com\/es\/wp-json\/wp\/v2\/categories?post=94794"},{"taxonomy":"post_tag","embeddable":true,"href":"https:\/\/www.boxrepsol.com\/es\/wp-json\/wp\/v2\/tags?post=94794"}],"curies":[{"name":"wp","href":"https:\/\/api.w.org\/{rel}","templated":true}]}}