{"id":94792,"date":"2021-01-07T00:00:00","date_gmt":"2021-01-07T02:00:00","guid":{"rendered":"http:\/\/pre.boxrepsol.com\/sin-categorizar\/dakar-2021-dia-4-dia-transicion-isidre-esteve\/"},"modified":"2024-04-18T07:11:05","modified_gmt":"2024-04-18T09:11:05","slug":"dakar-2021-dia-4-dia-transicion-isidre-esteve","status":"publish","type":"post","link":"https:\/\/www.boxrepsol.com\/es\/rally\/dakar-2021-dia-4-dia-transicion-isidre-esteve\/","title":{"rendered":"Dakar 2021 d\u00eda 4: D\u00eda de transici\u00f3n para Isidre Esteve, con la mirada puesta en la remontada"},"content":{"rendered":"<p>El Repsol Rally Team se mantiene en el ajustado top 30 de la general, tras ceder hoy poco m\u00e1s de media hora.<\/p>\n<p>\u201cHemos encontrado una buena puesta a punto del Toyota Hilux y lo tenemos m\u00e1s por mano para sacar el mejor provecho cuando las cosas se pongan m\u00e1s complicadas\u201d.<\/p>\n<p>                <!-- Imagen relacionada --><br \/>\n        <img loading=\"lazy\" decoding=\"async\" width=\"404\" height=\"336\" src=\"https:\/\/bxrepsol.s3.eu-west-1.amazonaws.com\/static\/2022\/08\/09121338\/Dakar-2021-dia-3-Isidre-Esteve-arena-2.jpg\" alt=\"Isidre Esteve sobre arena en el Dakar 2021 d\u00eda 3\" \/><br \/>\n                <!-- Categor\u00eda --><br \/>\n            Rally<br \/>\n        <!-- T\u00edtulo --><br \/>\n        <a href=\"https:\/\/www.boxrepsol.com\/es\/rally\/dakar-2021-dia-3-isidre-esteve-mejora-ritmo\/\"><\/p>\n<h3>Dakar 2021 d\u00eda 3: Isidre Esteve mejora su ritmo y se divierte al volan&#8230;<\/h3>\n<p>        <\/a><br \/>\n                    <!-- Fecha --><br \/>\n            hace 1 hora        <\/p>\n<p>Isidre Esteve y Txema Villalobos part\u00edan esta ma\u00f1ana de Wadi Ad-Dawasir conscientes de que la cuarta etapa del Dakar 2021 no iba a marcar grandes diferencias y de que no val\u00eda la pena arriesgar. El t\u00e1ndem del Repsol Rally Team ha rodado a un ritmo constante y seguro, que le ha permitido ceder en meta poco m\u00e1s de media hora respecto al ganador Nasser Al-Attiyah. Tras cumplir el objetivo del d\u00eda, el ilerdense ya s\u00f3lo piensa en las dos pr\u00f3ximas jornadas que, seg\u00fan prev\u00e9, le permitir\u00e1n recuperar posiciones.<\/p>\n<p>Pese a tratarse de la jornada m\u00e1s larga de esta 43\u00aa edici\u00f3n, con un total de 813 kil\u00f3metros, el tramo cronometrado ha constado de 337, sobre un terreno poco exigente y en el que primaba la velocidad. Isidre Esteve ha completado la distancia en 3 horas, 8 minutos y 28 segundos, un registro que le ha situado en 36\u00ba lugar. Un d\u00eda m\u00e1s se mantiene en el nutrido grupo de aspirantes a luchar por el top10 de la general, con su Toyota Hilux Overdrive con los mandos adaptados en el volante por Guidosimplex.<\/p>\n<p><a href=\"https:\/\/bxrepsol.s3.eu-west-1.amazonaws.com\/static\/2022\/08\/09121351\/Dakar-2021-dia-4-Isidre-Esteve-pista-1.jpg\" \n   title=\"Isidre Esteve pilotando en una zona de rocas en el Dakar 2021 d\u00eda 4\" \n   data-gallery-thumbnail=\"https:\/\/bxrepsol.s3.eu-west-1.amazonaws.com\/static\/2022\/08\/09121351\/Dakar-2021-dia-4-Isidre-Esteve-pista-1.jpg\"\n   data-gallery-title=\"\"\n   data-gallery><\/p>\n<figure>\n        <picture style=\"padding-bottom: 56.25%; background-image: url(https:\/\/bxrepsol.s3.eu-west-1.amazonaws.com\/static\/2022\/08\/09121351\/Dakar-2021-dia-4-Isidre-Esteve-pista-1.jpg);\">\n            <img decoding=\"async\" src=\"https:\/\/bxrepsol.s3.eu-west-1.amazonaws.com\/static\/2022\/08\/09121351\/Dakar-2021-dia-4-Isidre-Esteve-pista-1.jpg\"><br \/>\n            <img itemprop=\"image\"\n                data-srcset=\"https:\/\/bxrepsol.s3.eu-west-1.amazonaws.com\/static\/2022\/08\/09121351\/Dakar-2021-dia-4-Isidre-Esteve-pista-1.jpg 480w, https:\/\/bxrepsol.s3.eu-west-1.amazonaws.com\/static\/2022\/08\/09121351\/Dakar-2021-dia-4-Isidre-Esteve-pista-1.jpg 600w, https:\/\/bxrepsol.s3.eu-west-1.amazonaws.com\/static\/2022\/08\/09121351\/Dakar-2021-dia-4-Isidre-Esteve-pista-1.jpg 900w, https:\/\/bxrepsol.s3.eu-west-1.amazonaws.com\/static\/2022\/08\/09121351\/Dakar-2021-dia-4-Isidre-Esteve-pista-1.jpg 1280w\"\n                data-src=\"https:\/\/bxrepsol.s3.eu-west-1.amazonaws.com\/static\/2022\/08\/09121351\/Dakar-2021-dia-4-Isidre-Esteve-pista-1.jpg\"\n                alt=\"Isidre Esteve pilotando en una zona de rocas en el Dakar 2021 d\u00eda 4\"\n                title=\"Dakar-2021-d\u00eda-4-Isidre-Esteve-pista\"\/><br \/>\n            <noscript><img decoding=\"async\" src=\"https:\/\/bxrepsol.s3.eu-west-1.amazonaws.com\/static\/2022\/08\/09121351\/Dakar-2021-dia-4-Isidre-Esteve-pista-1.jpg\" alt=\"Isidre Esteve pilotando en una zona de rocas en el Dakar 2021 d\u00eda 4\"><\/noscript>\n        <\/picture><figcaption>Isidre Esteve pilotando en una zona de rocas en el Dakar 2021 d\u00eda 4<\/figcaption><\/figure>\n<p><\/a><\/p>\n<p>\u201cHa sido una etapa r\u00e1pida y sin apenas complicaciones, a excepci\u00f3n de la parte final en la que hab\u00eda mucho polvo y nos ha costado encontrar dos way points, creemos que por modificaciones que la organizaci\u00f3n ha hecho a \u00faltima hora. Cuando hemos visto que hab\u00eda otros muchos veh\u00edculos dando vueltas en esos puntos, hemos preferido mantener la calma. Ha sido una buena decisi\u00f3n, ya que hemos perdido menos de 10 minutos\u201d, explicaba el piloto del Repsol Rally Team.<\/p>\n<p>Incluso con ese leve contratiempo, Isidre Esteve se mostraba \u201ccontento con la regularidad de los \u00faltimos d\u00edas, con el buen funcionamiento del Toyota y con el nivel de navegaci\u00f3n que est\u00e1 demostrando Txema Villalobos, porque acierta donde mucha gente se pierde\u201d.<\/p>\n<p>Esas vibraciones le hacen sentirse optimista de cara a las etapas que preceder\u00e1n la jornada del descanso del s\u00e1bado: \u201cLa organizaci\u00f3n ya nos ha avisado que las dos pr\u00f3ximas etapas ser\u00e1n muy exigentes, m\u00e1s de navegaci\u00f3n que de velocidad. Eso me hace pensar que se nos dar\u00e1n mejor y que podremos remontar posiciones\u201d.<\/p>\n<p><a href=\"https:\/\/bxrepsol.s3.eu-west-1.amazonaws.com\/static\/2022\/08\/09121352\/Dakar-2021-dia-4-Isidre-Esteve-toyota-hilux-1.jpg\" \n   title=\"Isidre Esteve junto a su Toyota Hilux en el Dakar 2021 d\u00eda 3\" \n   data-gallery-thumbnail=\"https:\/\/bxrepsol.s3.eu-west-1.amazonaws.com\/static\/2022\/08\/09121352\/Dakar-2021-dia-4-Isidre-Esteve-toyota-hilux-1.jpg\"\n   data-gallery-title=\"\"\n   data-gallery><\/p>\n<figure>\n        <picture style=\"padding-bottom: 56.25%; background-image: url(https:\/\/bxrepsol.s3.eu-west-1.amazonaws.com\/static\/2022\/08\/09121352\/Dakar-2021-dia-4-Isidre-Esteve-toyota-hilux-1.jpg);\">\n            <img decoding=\"async\" src=\"https:\/\/bxrepsol.s3.eu-west-1.amazonaws.com\/static\/2022\/08\/09121352\/Dakar-2021-dia-4-Isidre-Esteve-toyota-hilux-1.jpg\"><br \/>\n            <img itemprop=\"image\"\n                data-srcset=\"https:\/\/bxrepsol.s3.eu-west-1.amazonaws.com\/static\/2022\/08\/09121352\/Dakar-2021-dia-4-Isidre-Esteve-toyota-hilux-1.jpg 480w, https:\/\/bxrepsol.s3.eu-west-1.amazonaws.com\/static\/2022\/08\/09121352\/Dakar-2021-dia-4-Isidre-Esteve-toyota-hilux-1.jpg 600w, https:\/\/bxrepsol.s3.eu-west-1.amazonaws.com\/static\/2022\/08\/09121352\/Dakar-2021-dia-4-Isidre-Esteve-toyota-hilux-1.jpg 900w, https:\/\/bxrepsol.s3.eu-west-1.amazonaws.com\/static\/2022\/08\/09121352\/Dakar-2021-dia-4-Isidre-Esteve-toyota-hilux-1.jpg 1280w\"\n                data-src=\"https:\/\/bxrepsol.s3.eu-west-1.amazonaws.com\/static\/2022\/08\/09121352\/Dakar-2021-dia-4-Isidre-Esteve-toyota-hilux-1.jpg\"\n                alt=\"Isidre Esteve junto a su Toyota Hilux en el Dakar 2021 d\u00eda 3\"\n                title=\"Dakar-2021-d\u00eda-4-Isidre-Esteve-toyota-hilux\"\/><br \/>\n            <noscript><img decoding=\"async\" src=\"https:\/\/bxrepsol.s3.eu-west-1.amazonaws.com\/static\/2022\/08\/09121352\/Dakar-2021-dia-4-Isidre-Esteve-toyota-hilux-1.jpg\" alt=\"Isidre Esteve junto a su Toyota Hilux en el Dakar 2021 d\u00eda 3\"><\/noscript>\n        <\/picture><figcaption>Isidre Esteve junto a su Toyota Hilux en el Dakar 2021 d\u00eda 3<\/figcaption><\/figure>\n<p><\/a><\/p>\n<p>El piloto de Oliana que cuenta con el apoyo de Repsol, MGS Seguros, KH-7 y Toyota Espa\u00f1a, afirma que \u201cya hemos encontrado una buena puesta a punto del Hilux, lo tenemos m\u00e1s por mano y lo entendemos mejor para sacar el mejor provecho cuando las cosas se pongan m\u00e1s complicadas\u201d.<\/p>\n<p>Una buena oportunidad podr\u00eda llegar ma\u00f1ana jueves con motivo de la quinta etapa, entre Riad y Al Qaisumah, con una larga especial de 456 kil\u00f3metros que el Repsol Rally Team afrontar\u00e1 con la remontada en el punto de mira.<\/p>\n<p>                <!-- Imagen relacionada --><br \/>\n        <img loading=\"lazy\" decoding=\"async\" width=\"404\" height=\"336\" src=\"https:\/\/bxrepsol.s3.eu-west-1.amazonaws.com\/static\/2022\/08\/09121353\/Dakar-2021-dia-5-Isidre-Esteve-coche-2.jpg\" alt=\"Isidre Esteve en su Toyota Hilux en el Dakar 2021 d\u00eda 5\" \/><br \/>\n                <!-- Categor\u00eda --><br \/>\n            Rally<br \/>\n        <!-- T\u00edtulo --><br \/>\n        <a href=\"https:\/\/www.boxrepsol.com\/es\/rally\/dakar-2021-dia-5-isidre-esteve-dakar\/\"><\/p>\n<h3>Dakar 2021 d\u00eda 5: Zarpazo de Isidre Esteve en la quinta etapa del Daka&#8230;<\/h3>\n<p>        <\/a><br \/>\n                    <!-- Fecha --><br \/>\n            hace 1 hora<\/p>\n","protected":false},"excerpt":{"rendered":"<p>El ilerdense supera la cuarta etapa sin grandes contratiempos y conf\u00eda en que las dos pr\u00f3ximas jornadas le sean m\u00e1s propicias.<\/p>\n","protected":false},"author":43146,"featured_media":41870,"comment_status":"open","ping_status":"open","sticky":false,"template":"","format":"standard","meta":{"footnotes":""},"categories":[27],"tags":[194,201,29,183],"class_list":["post-94792","post","type-post","status-publish","format-standard","hentry","category-rally","tag-194","tag-dakar","tag-isidre-esteve","tag-repsol-rally-team"],"yoast_head":"<!-- This site is optimized with the Yoast SEO plugin v27.3 - https:\/\/yoast.com\/product\/yoast-seo-wordpress\/ -->\n<title>Dakar 2021 d\u00eda 4: D\u00eda de transici\u00f3n para Isidre Esteve, con la mirada puesta en la remontada - Box Repsol<\/title>\n<meta name=\"description\" content=\"El ilerdense supera la cuarta etapa sin grandes contratiempos y conf\u00eda en que las dos pr\u00f3ximas jornadas le sean m\u00e1s propicias.\" \/>\n<link rel=\"canonical\" href=\"https:\/\/www.boxrepsol.com\/es\/rally\/dakar-2021-dia-4-dia-transicion-isidre-esteve\/\" \/>\n<meta property=\"og:locale\" content=\"es_ES\" \/>\n<meta property=\"og:type\" content=\"article\" \/>\n<meta property=\"og:title\" content=\"Dakar 2021 d\u00eda 4: D\u00eda de transici\u00f3n para Isidre Esteve, con la mirada puesta en la remontada - Box Repsol\" \/>\n<meta property=\"og:description\" content=\"El ilerdense supera la cuarta etapa sin grandes contratiempos y conf\u00eda en que las dos pr\u00f3ximas jornadas le sean m\u00e1s propicias.\" \/>\n<meta property=\"og:url\" content=\"https:\/\/www.boxrepsol.com\/es\/rally\/dakar-2021-dia-4-dia-transicion-isidre-esteve\/\" \/>\n<meta property=\"og:site_name\" content=\"Box Repsol\" \/>\n<meta property=\"article:publisher\" content=\"https:\/\/www.facebook.com\/BoxRepsol\" \/>\n<meta property=\"article:author\" content=\"https:\/\/www.facebook.com\/BoxRepsol\/\" \/>\n<meta property=\"article:published_time\" content=\"2021-01-07T02:00:00+00:00\" \/>\n<meta property=\"article:modified_time\" content=\"2024-04-18T09:11:05+00:00\" \/>\n<meta property=\"og:image\" content=\"https:\/\/bxrepsol.s3.eu-west-1.amazonaws.com\/static\/2022\/08\/09121345\/Dakar-2021-dia-4-Isidre-Esteve-arena-1.jpg\" \/>\n\t<meta property=\"og:image:width\" content=\"1280\" \/>\n\t<meta property=\"og:image:height\" content=\"720\" \/>\n\t<meta property=\"og:image:type\" content=\"image\/jpeg\" \/>\n<meta name=\"author\" content=\"Redacci\u00f3n Box Repsol\" \/>\n<meta name=\"twitter:card\" content=\"summary_large_image\" \/>\n<meta name=\"twitter:creator\" content=\"@https:\/\/twitter.com\/box_repsol\" \/>\n<meta name=\"twitter:site\" content=\"@box_repsol\" \/>\n<meta name=\"twitter:label1\" content=\"Written by\" \/>\n\t<meta name=\"twitter:data1\" content=\"Redacci\u00f3n Box Repsol\" \/>\n\t<meta name=\"twitter:label2\" content=\"Est. reading time\" \/>\n\t<meta name=\"twitter:data2\" content=\"3 minutos\" \/>\n<script type=\"application\/ld+json\" class=\"yoast-schema-graph\">{\"@context\":\"https:\\\/\\\/schema.org\",\"@graph\":[{\"@type\":\"Article\",\"@id\":\"https:\\\/\\\/www.boxrepsol.com\\\/es\\\/rally\\\/dakar-2021-dia-4-dia-transicion-isidre-esteve\\\/#article\",\"isPartOf\":{\"@id\":\"https:\\\/\\\/www.boxrepsol.com\\\/es\\\/rally\\\/dakar-2021-dia-4-dia-transicion-isidre-esteve\\\/\"},\"author\":{\"name\":\"Redacci\u00f3n Box Repsol\",\"@id\":\"https:\\\/\\\/www.boxrepsol.com\\\/es\\\/#\\\/schema\\\/person\\\/c5c2138f2cca251b0ad92b7086bb60b7\"},\"headline\":\"Dakar 2021 d\u00eda 4: D\u00eda de transici\u00f3n para Isidre Esteve, con la mirada puesta en la remontada\",\"datePublished\":\"2021-01-07T02:00:00+00:00\",\"dateModified\":\"2024-04-18T09:11:05+00:00\",\"mainEntityOfPage\":{\"@id\":\"https:\\\/\\\/www.boxrepsol.com\\\/es\\\/rally\\\/dakar-2021-dia-4-dia-transicion-isidre-esteve\\\/\"},\"wordCount\":598,\"commentCount\":0,\"publisher\":{\"@id\":\"https:\\\/\\\/www.boxrepsol.com\\\/es\\\/#organization\"},\"image\":{\"@id\":\"https:\\\/\\\/www.boxrepsol.com\\\/es\\\/rally\\\/dakar-2021-dia-4-dia-transicion-isidre-esteve\\\/#primaryimage\"},\"thumbnailUrl\":\"https:\\\/\\\/bxrepsol.s3.eu-west-1.amazonaws.com\\\/static\\\/2022\\\/08\\\/09121345\\\/Dakar-2021-dia-4-Isidre-Esteve-arena-1.jpg\",\"keywords\":[\"2021\",\"Dakar\",\"Isidre Esteve\",\"Repsol Rally Team\"],\"articleSection\":[\"Rally\"],\"inLanguage\":\"es\",\"potentialAction\":[{\"@type\":\"CommentAction\",\"name\":\"Comment\",\"target\":[\"https:\\\/\\\/www.boxrepsol.com\\\/es\\\/rally\\\/dakar-2021-dia-4-dia-transicion-isidre-esteve\\\/#respond\"]}]},{\"@type\":\"WebPage\",\"@id\":\"https:\\\/\\\/www.boxrepsol.com\\\/es\\\/rally\\\/dakar-2021-dia-4-dia-transicion-isidre-esteve\\\/\",\"url\":\"https:\\\/\\\/www.boxrepsol.com\\\/es\\\/rally\\\/dakar-2021-dia-4-dia-transicion-isidre-esteve\\\/\",\"name\":\"Dakar 2021 d\u00eda 4: D\u00eda de transici\u00f3n para Isidre Esteve, con la mirada puesta en la remontada - Box Repsol\",\"isPartOf\":{\"@id\":\"https:\\\/\\\/www.boxrepsol.com\\\/es\\\/#website\"},\"primaryImageOfPage\":{\"@id\":\"https:\\\/\\\/www.boxrepsol.com\\\/es\\\/rally\\\/dakar-2021-dia-4-dia-transicion-isidre-esteve\\\/#primaryimage\"},\"image\":{\"@id\":\"https:\\\/\\\/www.boxrepsol.com\\\/es\\\/rally\\\/dakar-2021-dia-4-dia-transicion-isidre-esteve\\\/#primaryimage\"},\"thumbnailUrl\":\"https:\\\/\\\/bxrepsol.s3.eu-west-1.amazonaws.com\\\/static\\\/2022\\\/08\\\/09121345\\\/Dakar-2021-dia-4-Isidre-Esteve-arena-1.jpg\",\"datePublished\":\"2021-01-07T02:00:00+00:00\",\"dateModified\":\"2024-04-18T09:11:05+00:00\",\"description\":\"El ilerdense supera la cuarta etapa sin grandes contratiempos y conf\u00eda en que las dos pr\u00f3ximas jornadas le sean m\u00e1s propicias.\",\"breadcrumb\":{\"@id\":\"https:\\\/\\\/www.boxrepsol.com\\\/es\\\/rally\\\/dakar-2021-dia-4-dia-transicion-isidre-esteve\\\/#breadcrumb\"},\"inLanguage\":\"es\",\"potentialAction\":[{\"@type\":\"ReadAction\",\"target\":[\"https:\\\/\\\/www.boxrepsol.com\\\/es\\\/rally\\\/dakar-2021-dia-4-dia-transicion-isidre-esteve\\\/\"]}]},{\"@type\":\"ImageObject\",\"inLanguage\":\"es\",\"@id\":\"https:\\\/\\\/www.boxrepsol.com\\\/es\\\/rally\\\/dakar-2021-dia-4-dia-transicion-isidre-esteve\\\/#primaryimage\",\"url\":\"https:\\\/\\\/bxrepsol.s3.eu-west-1.amazonaws.com\\\/static\\\/2022\\\/08\\\/09121345\\\/Dakar-2021-dia-4-Isidre-Esteve-arena-1.jpg\",\"contentUrl\":\"https:\\\/\\\/bxrepsol.s3.eu-west-1.amazonaws.com\\\/static\\\/2022\\\/08\\\/09121345\\\/Dakar-2021-dia-4-Isidre-Esteve-arena-1.jpg\",\"width\":1280,\"height\":720,\"caption\":\"Isidre Esteve sobre arena en el Dakar 2021 d\u00eda 4\"},{\"@type\":\"BreadcrumbList\",\"@id\":\"https:\\\/\\\/www.boxrepsol.com\\\/es\\\/rally\\\/dakar-2021-dia-4-dia-transicion-isidre-esteve\\\/#breadcrumb\",\"itemListElement\":[{\"@type\":\"ListItem\",\"position\":1,\"name\":\"Home\",\"item\":\"https:\\\/\\\/www.boxrepsol.com\\\/es\\\/\"},{\"@type\":\"ListItem\",\"position\":2,\"name\":\"Dakar 2021 d\u00eda 4: D\u00eda de transici\u00f3n para Isidre Esteve, con la mirada puesta en la remontada\"}]},{\"@type\":\"WebSite\",\"@id\":\"https:\\\/\\\/www.boxrepsol.com\\\/es\\\/#website\",\"url\":\"https:\\\/\\\/www.boxrepsol.com\\\/es\\\/\",\"name\":\"Box Repsol\",\"description\":\"Box Repsol Site\",\"publisher\":{\"@id\":\"https:\\\/\\\/www.boxrepsol.com\\\/es\\\/#organization\"},\"potentialAction\":[{\"@type\":\"SearchAction\",\"target\":{\"@type\":\"EntryPoint\",\"urlTemplate\":\"https:\\\/\\\/www.boxrepsol.com\\\/es\\\/?s={search_term_string}\"},\"query-input\":{\"@type\":\"PropertyValueSpecification\",\"valueRequired\":true,\"valueName\":\"search_term_string\"}}],\"inLanguage\":\"es\"},{\"@type\":\"Organization\",\"@id\":\"https:\\\/\\\/www.boxrepsol.com\\\/es\\\/#organization\",\"name\":\"Box Repsol\",\"url\":\"https:\\\/\\\/www.boxrepsol.com\\\/es\\\/\",\"logo\":{\"@type\":\"ImageObject\",\"inLanguage\":\"es\",\"@id\":\"https:\\\/\\\/www.boxrepsol.com\\\/es\\\/#\\\/schema\\\/logo\\\/image\\\/\",\"url\":\"https:\\\/\\\/bxrepsol.s3.eu-west-1.amazonaws.com\\\/static\\\/2025\\\/07\\\/30083337\\\/favicon-96x96-1.png\",\"contentUrl\":\"https:\\\/\\\/bxrepsol.s3.eu-west-1.amazonaws.com\\\/static\\\/2025\\\/07\\\/30083337\\\/favicon-96x96-1.png\",\"width\":96,\"height\":96,\"caption\":\"Box Repsol\"},\"image\":{\"@id\":\"https:\\\/\\\/www.boxrepsol.com\\\/es\\\/#\\\/schema\\\/logo\\\/image\\\/\"},\"sameAs\":[\"https:\\\/\\\/www.facebook.com\\\/BoxRepsol\",\"https:\\\/\\\/x.com\\\/box_repsol\",\"http:\\\/\\\/instagram.com\\\/box_repsol\",\"https:\\\/\\\/www.youtube.com\\\/user\\\/RepsolCompeticion\",\"https:\\\/\\\/www.flickr.com\\\/photos\\\/box_repsol\\\/\"]},{\"@type\":\"Person\",\"@id\":\"https:\\\/\\\/www.boxrepsol.com\\\/es\\\/#\\\/schema\\\/person\\\/c5c2138f2cca251b0ad92b7086bb60b7\",\"name\":\"Redacci\u00f3n Box Repsol\",\"image\":{\"@type\":\"ImageObject\",\"inLanguage\":\"es\",\"@id\":\"https:\\\/\\\/secure.gravatar.com\\\/avatar\\\/adf7b77e38b4419baf32c7e9c21dde01f4e40df611f0978e3006fc4ba0aaab7e?s=96&d=mm&r=g\",\"url\":\"https:\\\/\\\/secure.gravatar.com\\\/avatar\\\/adf7b77e38b4419baf32c7e9c21dde01f4e40df611f0978e3006fc4ba0aaab7e?s=96&d=mm&r=g\",\"contentUrl\":\"https:\\\/\\\/secure.gravatar.com\\\/avatar\\\/adf7b77e38b4419baf32c7e9c21dde01f4e40df611f0978e3006fc4ba0aaab7e?s=96&d=mm&r=g\",\"caption\":\"Redacci\u00f3n Box Repsol\"},\"description\":\"Box Repsol lo forma un equipo de periodistas, community managers, dise\u00f1adores y fot\u00f3grafos con m\u00e1s de 20 a\u00f1os de experiencia en el mundo del motorsport. Hemos vivido el primer mundial de un espa\u00f1ol en la categor\u00eda reina de motociclismo con \u00c1lex Crivill\u00e9, estuvimos en las victorias de Pedrosa y los t\u00edtulos de M\u00e1rquez, acompa\u00f1amos en \u00c1frica a Nani Roma y Marc Coma en sus conquistas del Dakar y hemos vibrado con los t\u00edtulos de Toni Bou en Trial. Adem\u00e1s, en nuestro equipo contamos con expertos en el mundo de las dos y cuatro ruedas tanto de la calle y las carreteras, como de los circuitos. Periodistas que han trabajado en revistas y publicaciones para hacerte llegar desde rutas y consejos de mantenimiento, a curiosidades y trucos de pilotaje.\",\"sameAs\":[\"https:\\\/\\\/www.facebook.com\\\/BoxRepsol\\\/\",\"https:\\\/\\\/www.instagram.com\\\/box_repsol\\\/\",\"https:\\\/\\\/x.com\\\/https:\\\/\\\/twitter.com\\\/box_repsol\",\"https:\\\/\\\/www.youtube.com\\\/@Boxrepsol\"],\"url\":\"https:\\\/\\\/www.boxrepsol.com\\\/es\\\/author\\\/redaccion-box-repsol\\\/\"}]}<\/script>\n<!-- \/ Yoast SEO plugin. -->","yoast_head_json":{"title":"Dakar 2021 d\u00eda 4: D\u00eda de transici\u00f3n para Isidre Esteve, con la mirada puesta en la remontada - Box Repsol","description":"El ilerdense supera la cuarta etapa sin grandes contratiempos y conf\u00eda en que las dos pr\u00f3ximas jornadas le sean m\u00e1s propicias.","canonical":"https:\/\/www.boxrepsol.com\/es\/rally\/dakar-2021-dia-4-dia-transicion-isidre-esteve\/","og_locale":"es_ES","og_type":"article","og_title":"Dakar 2021 d\u00eda 4: D\u00eda de transici\u00f3n para Isidre Esteve, con la mirada puesta en la remontada - Box Repsol","og_description":"El ilerdense supera la cuarta etapa sin grandes contratiempos y conf\u00eda en que las dos pr\u00f3ximas jornadas le sean m\u00e1s propicias.","og_url":"https:\/\/www.boxrepsol.com\/es\/rally\/dakar-2021-dia-4-dia-transicion-isidre-esteve\/","og_site_name":"Box Repsol","article_publisher":"https:\/\/www.facebook.com\/BoxRepsol","article_author":"https:\/\/www.facebook.com\/BoxRepsol\/","article_published_time":"2021-01-07T02:00:00+00:00","article_modified_time":"2024-04-18T09:11:05+00:00","og_image":[{"width":1280,"height":720,"url":"https:\/\/bxrepsol.s3.eu-west-1.amazonaws.com\/static\/2022\/08\/09121345\/Dakar-2021-dia-4-Isidre-Esteve-arena-1.jpg","type":"image\/jpeg"}],"author":"Redacci\u00f3n Box Repsol","twitter_card":"summary_large_image","twitter_creator":"@https:\/\/twitter.com\/box_repsol","twitter_site":"@box_repsol","twitter_misc":{"Written by":"Redacci\u00f3n Box Repsol","Est. reading time":"3 minutos"},"schema":{"@context":"https:\/\/schema.org","@graph":[{"@type":"Article","@id":"https:\/\/www.boxrepsol.com\/es\/rally\/dakar-2021-dia-4-dia-transicion-isidre-esteve\/#article","isPartOf":{"@id":"https:\/\/www.boxrepsol.com\/es\/rally\/dakar-2021-dia-4-dia-transicion-isidre-esteve\/"},"author":{"name":"Redacci\u00f3n Box Repsol","@id":"https:\/\/www.boxrepsol.com\/es\/#\/schema\/person\/c5c2138f2cca251b0ad92b7086bb60b7"},"headline":"Dakar 2021 d\u00eda 4: D\u00eda de transici\u00f3n para Isidre Esteve, con la mirada puesta en la remontada","datePublished":"2021-01-07T02:00:00+00:00","dateModified":"2024-04-18T09:11:05+00:00","mainEntityOfPage":{"@id":"https:\/\/www.boxrepsol.com\/es\/rally\/dakar-2021-dia-4-dia-transicion-isidre-esteve\/"},"wordCount":598,"commentCount":0,"publisher":{"@id":"https:\/\/www.boxrepsol.com\/es\/#organization"},"image":{"@id":"https:\/\/www.boxrepsol.com\/es\/rally\/dakar-2021-dia-4-dia-transicion-isidre-esteve\/#primaryimage"},"thumbnailUrl":"https:\/\/bxrepsol.s3.eu-west-1.amazonaws.com\/static\/2022\/08\/09121345\/Dakar-2021-dia-4-Isidre-Esteve-arena-1.jpg","keywords":["2021","Dakar","Isidre Esteve","Repsol Rally Team"],"articleSection":["Rally"],"inLanguage":"es","potentialAction":[{"@type":"CommentAction","name":"Comment","target":["https:\/\/www.boxrepsol.com\/es\/rally\/dakar-2021-dia-4-dia-transicion-isidre-esteve\/#respond"]}]},{"@type":"WebPage","@id":"https:\/\/www.boxrepsol.com\/es\/rally\/dakar-2021-dia-4-dia-transicion-isidre-esteve\/","url":"https:\/\/www.boxrepsol.com\/es\/rally\/dakar-2021-dia-4-dia-transicion-isidre-esteve\/","name":"Dakar 2021 d\u00eda 4: D\u00eda de transici\u00f3n para Isidre Esteve, con la mirada puesta en la remontada - Box Repsol","isPartOf":{"@id":"https:\/\/www.boxrepsol.com\/es\/#website"},"primaryImageOfPage":{"@id":"https:\/\/www.boxrepsol.com\/es\/rally\/dakar-2021-dia-4-dia-transicion-isidre-esteve\/#primaryimage"},"image":{"@id":"https:\/\/www.boxrepsol.com\/es\/rally\/dakar-2021-dia-4-dia-transicion-isidre-esteve\/#primaryimage"},"thumbnailUrl":"https:\/\/bxrepsol.s3.eu-west-1.amazonaws.com\/static\/2022\/08\/09121345\/Dakar-2021-dia-4-Isidre-Esteve-arena-1.jpg","datePublished":"2021-01-07T02:00:00+00:00","dateModified":"2024-04-18T09:11:05+00:00","description":"El ilerdense supera la cuarta etapa sin grandes contratiempos y conf\u00eda en que las dos pr\u00f3ximas jornadas le sean m\u00e1s propicias.","breadcrumb":{"@id":"https:\/\/www.boxrepsol.com\/es\/rally\/dakar-2021-dia-4-dia-transicion-isidre-esteve\/#breadcrumb"},"inLanguage":"es","potentialAction":[{"@type":"ReadAction","target":["https:\/\/www.boxrepsol.com\/es\/rally\/dakar-2021-dia-4-dia-transicion-isidre-esteve\/"]}]},{"@type":"ImageObject","inLanguage":"es","@id":"https:\/\/www.boxrepsol.com\/es\/rally\/dakar-2021-dia-4-dia-transicion-isidre-esteve\/#primaryimage","url":"https:\/\/bxrepsol.s3.eu-west-1.amazonaws.com\/static\/2022\/08\/09121345\/Dakar-2021-dia-4-Isidre-Esteve-arena-1.jpg","contentUrl":"https:\/\/bxrepsol.s3.eu-west-1.amazonaws.com\/static\/2022\/08\/09121345\/Dakar-2021-dia-4-Isidre-Esteve-arena-1.jpg","width":1280,"height":720,"caption":"Isidre Esteve sobre arena en el Dakar 2021 d\u00eda 4"},{"@type":"BreadcrumbList","@id":"https:\/\/www.boxrepsol.com\/es\/rally\/dakar-2021-dia-4-dia-transicion-isidre-esteve\/#breadcrumb","itemListElement":[{"@type":"ListItem","position":1,"name":"Home","item":"https:\/\/www.boxrepsol.com\/es\/"},{"@type":"ListItem","position":2,"name":"Dakar 2021 d\u00eda 4: D\u00eda de transici\u00f3n para Isidre Esteve, con la mirada puesta en la remontada"}]},{"@type":"WebSite","@id":"https:\/\/www.boxrepsol.com\/es\/#website","url":"https:\/\/www.boxrepsol.com\/es\/","name":"Box Repsol","description":"Box Repsol Site","publisher":{"@id":"https:\/\/www.boxrepsol.com\/es\/#organization"},"potentialAction":[{"@type":"SearchAction","target":{"@type":"EntryPoint","urlTemplate":"https:\/\/www.boxrepsol.com\/es\/?s={search_term_string}"},"query-input":{"@type":"PropertyValueSpecification","valueRequired":true,"valueName":"search_term_string"}}],"inLanguage":"es"},{"@type":"Organization","@id":"https:\/\/www.boxrepsol.com\/es\/#organization","name":"Box Repsol","url":"https:\/\/www.boxrepsol.com\/es\/","logo":{"@type":"ImageObject","inLanguage":"es","@id":"https:\/\/www.boxrepsol.com\/es\/#\/schema\/logo\/image\/","url":"https:\/\/bxrepsol.s3.eu-west-1.amazonaws.com\/static\/2025\/07\/30083337\/favicon-96x96-1.png","contentUrl":"https:\/\/bxrepsol.s3.eu-west-1.amazonaws.com\/static\/2025\/07\/30083337\/favicon-96x96-1.png","width":96,"height":96,"caption":"Box Repsol"},"image":{"@id":"https:\/\/www.boxrepsol.com\/es\/#\/schema\/logo\/image\/"},"sameAs":["https:\/\/www.facebook.com\/BoxRepsol","https:\/\/x.com\/box_repsol","http:\/\/instagram.com\/box_repsol","https:\/\/www.youtube.com\/user\/RepsolCompeticion","https:\/\/www.flickr.com\/photos\/box_repsol\/"]},{"@type":"Person","@id":"https:\/\/www.boxrepsol.com\/es\/#\/schema\/person\/c5c2138f2cca251b0ad92b7086bb60b7","name":"Redacci\u00f3n Box Repsol","image":{"@type":"ImageObject","inLanguage":"es","@id":"https:\/\/secure.gravatar.com\/avatar\/adf7b77e38b4419baf32c7e9c21dde01f4e40df611f0978e3006fc4ba0aaab7e?s=96&d=mm&r=g","url":"https:\/\/secure.gravatar.com\/avatar\/adf7b77e38b4419baf32c7e9c21dde01f4e40df611f0978e3006fc4ba0aaab7e?s=96&d=mm&r=g","contentUrl":"https:\/\/secure.gravatar.com\/avatar\/adf7b77e38b4419baf32c7e9c21dde01f4e40df611f0978e3006fc4ba0aaab7e?s=96&d=mm&r=g","caption":"Redacci\u00f3n Box Repsol"},"description":"Box Repsol lo forma un equipo de periodistas, community managers, dise\u00f1adores y fot\u00f3grafos con m\u00e1s de 20 a\u00f1os de experiencia en el mundo del motorsport. Hemos vivido el primer mundial de un espa\u00f1ol en la categor\u00eda reina de motociclismo con \u00c1lex Crivill\u00e9, estuvimos en las victorias de Pedrosa y los t\u00edtulos de M\u00e1rquez, acompa\u00f1amos en \u00c1frica a Nani Roma y Marc Coma en sus conquistas del Dakar y hemos vibrado con los t\u00edtulos de Toni Bou en Trial. Adem\u00e1s, en nuestro equipo contamos con expertos en el mundo de las dos y cuatro ruedas tanto de la calle y las carreteras, como de los circuitos. Periodistas que han trabajado en revistas y publicaciones para hacerte llegar desde rutas y consejos de mantenimiento, a curiosidades y trucos de pilotaje.","sameAs":["https:\/\/www.facebook.com\/BoxRepsol\/","https:\/\/www.instagram.com\/box_repsol\/","https:\/\/x.com\/https:\/\/twitter.com\/box_repsol","https:\/\/www.youtube.com\/@Boxrepsol"],"url":"https:\/\/www.boxrepsol.com\/es\/author\/redaccion-box-repsol\/"}]}},"_links":{"self":[{"href":"https:\/\/www.boxrepsol.com\/es\/wp-json\/wp\/v2\/posts\/94792","targetHints":{"allow":["GET"]}}],"collection":[{"href":"https:\/\/www.boxrepsol.com\/es\/wp-json\/wp\/v2\/posts"}],"about":[{"href":"https:\/\/www.boxrepsol.com\/es\/wp-json\/wp\/v2\/types\/post"}],"author":[{"embeddable":true,"href":"https:\/\/www.boxrepsol.com\/es\/wp-json\/wp\/v2\/users\/43146"}],"replies":[{"embeddable":true,"href":"https:\/\/www.boxrepsol.com\/es\/wp-json\/wp\/v2\/comments?post=94792"}],"version-history":[{"count":1,"href":"https:\/\/www.boxrepsol.com\/es\/wp-json\/wp\/v2\/posts\/94792\/revisions"}],"predecessor-version":[{"id":94793,"href":"https:\/\/www.boxrepsol.com\/es\/wp-json\/wp\/v2\/posts\/94792\/revisions\/94793"}],"wp:featuredmedia":[{"embeddable":true,"href":"https:\/\/www.boxrepsol.com\/es\/wp-json\/wp\/v2\/media\/41870"}],"wp:attachment":[{"href":"https:\/\/www.boxrepsol.com\/es\/wp-json\/wp\/v2\/media?parent=94792"}],"wp:term":[{"taxonomy":"category","embeddable":true,"href":"https:\/\/www.boxrepsol.com\/es\/wp-json\/wp\/v2\/categories?post=94792"},{"taxonomy":"post_tag","embeddable":true,"href":"https:\/\/www.boxrepsol.com\/es\/wp-json\/wp\/v2\/tags?post=94792"}],"curies":[{"name":"wp","href":"https:\/\/api.w.org\/{rel}","templated":true}]}}