{"id":94790,"date":"2021-01-06T00:00:00","date_gmt":"2021-01-06T02:00:00","guid":{"rendered":"http:\/\/pre.boxrepsol.com\/sin-categorizar\/dakar-2021-dia-3-isidre-esteve-mejora-ritmo\/"},"modified":"2024-04-18T07:10:57","modified_gmt":"2024-04-18T09:10:57","slug":"dakar-2021-dia-3-isidre-esteve-mejora-ritmo","status":"publish","type":"post","link":"https:\/\/www.boxrepsol.com\/es\/rally\/dakar-2021-dia-3-isidre-esteve-mejora-ritmo\/","title":{"rendered":"Dakar 2021 d\u00eda 3: Isidre Esteve mejora su ritmo y se divierte al volante del Toyota Hilux"},"content":{"rendered":"<p>\u201cEstamos contentos porque por fin hemos disfrutado de la conducci\u00f3n y hemos ido r\u00e1pido\u201d.<\/p>\n<p>El ilerdense destaca la gran labor del copiloto Txema Villalobos en la navegaci\u00f3n.<\/p>\n<p>                <!-- Imagen relacionada --><br \/>\n        <img loading=\"lazy\" decoding=\"async\" width=\"404\" height=\"336\" src=\"https:\/\/bxrepsol.s3.eu-west-1.amazonaws.com\/static\/2022\/08\/09121329\/Dakar-2021-dia-2-Isidre-Esteve-2.jpg\" alt=\"Isidre Esteve sorteando una duna en el Dakar 2021 d\u00eda 2\" \/><br \/>\n                <!-- Categor\u00eda --><br \/>\n            Rally<br \/>\n        <!-- T\u00edtulo --><br \/>\n        <a href=\"https:\/\/www.boxrepsol.com\/es\/rally\/dakar-2021-dia-2-camiones-ralentiza-isidre-esteve\/\"><\/p>\n<h3>Dakar 2021 d\u00eda 2: Una caravana de camiones ralentiza a Isidre Esteve e&#8230;<\/h3>\n<p>        <\/a><br \/>\n                    <!-- Fecha --><br \/>\n            hace 1 hora        <\/p>\n<p>La tercera etapa del Dakar 2021 ha permitido a Isidre Esteve recuperar las buenas sensaciones al volante de su Toyota Hilux Overdrive. El ilerdense del Repsol Rally Team ha rodado este martes a un elevado ritmo y, de no ser por el tiempo perdido al encallar en una duna, hubiera marcado su primer top 20 de la presente edici\u00f3n.<\/p>\n<p>\u201cEstamos contentos porque por fin hemos disfrutado de la conducci\u00f3n y hemos ido r\u00e1pido, aunque el resultado final no lo refleje\u201d, valoraba con satisfacci\u00f3n Isidre Esteve. \u201cNo he acabado tan cansado como ayer, cuando acus\u00e9 el estr\u00e9s y la tensi\u00f3n de ir tantos kil\u00f3metros detr\u00e1s de los camiones tragando polvo\u201d, a\u00f1ad\u00eda.<\/p>\n<p><a href=\"https:\/\/bxrepsol.s3.eu-west-1.amazonaws.com\/static\/2022\/08\/09121343\/Dakar-2021-dia-3-Isidre-Esteve-duna-2.jpg\" \n   title=\"Isidre Esteve sorteando una duna en el Dakar 2021 d\u00eda 3\" \n   data-gallery-thumbnail=\"https:\/\/bxrepsol.s3.eu-west-1.amazonaws.com\/static\/2022\/08\/09121343\/Dakar-2021-dia-3-Isidre-Esteve-duna-2.jpg\"\n   data-gallery-title=\"\"\n   data-gallery><\/p>\n<figure>\n        <picture style=\"padding-bottom: 56.25%; background-image: url(https:\/\/bxrepsol.s3.eu-west-1.amazonaws.com\/static\/2022\/08\/09121343\/Dakar-2021-dia-3-Isidre-Esteve-duna-2.jpg);\">\n            <img decoding=\"async\" src=\"https:\/\/bxrepsol.s3.eu-west-1.amazonaws.com\/static\/2022\/08\/09121343\/Dakar-2021-dia-3-Isidre-Esteve-duna-2.jpg\"><br \/>\n            <img itemprop=\"image\"\n                data-srcset=\"https:\/\/bxrepsol.s3.eu-west-1.amazonaws.com\/static\/2022\/08\/09121343\/Dakar-2021-dia-3-Isidre-Esteve-duna-2.jpg 480w, https:\/\/bxrepsol.s3.eu-west-1.amazonaws.com\/static\/2022\/08\/09121343\/Dakar-2021-dia-3-Isidre-Esteve-duna-2.jpg 600w, https:\/\/bxrepsol.s3.eu-west-1.amazonaws.com\/static\/2022\/08\/09121343\/Dakar-2021-dia-3-Isidre-Esteve-duna-2.jpg 900w, https:\/\/bxrepsol.s3.eu-west-1.amazonaws.com\/static\/2022\/08\/09121343\/Dakar-2021-dia-3-Isidre-Esteve-duna-2.jpg 1280w\"\n                data-src=\"https:\/\/bxrepsol.s3.eu-west-1.amazonaws.com\/static\/2022\/08\/09121343\/Dakar-2021-dia-3-Isidre-Esteve-duna-2.jpg\"\n                alt=\"Isidre Esteve sorteando una duna en el Dakar 2021 d\u00eda 3\"\n                title=\"Dakar-2021-dia-3-Isidre-Esteve-duna\"\/><br \/>\n            <noscript><img decoding=\"async\" src=\"https:\/\/bxrepsol.s3.eu-west-1.amazonaws.com\/static\/2022\/08\/09121343\/Dakar-2021-dia-3-Isidre-Esteve-duna-2.jpg\" alt=\"Isidre Esteve sorteando una duna en el Dakar 2021 d\u00eda 3\"><\/noscript>\n        <\/picture><figcaption>Isidre Esteve sorteando una duna en el Dakar 2021 d\u00eda 3<\/figcaption><\/figure>\n<p><\/a><\/p>\n<p>Por recorrido, la jornada ha resultado similar a la anterior, es decir, con un trazado muy variado de dunas y arena blanda, pero tambi\u00e9n con zonas r\u00e1pidas y otras de piedras, m\u00e1s t\u00e9cnicas y rompedoras. Adem\u00e1s, los 403 kil\u00f3metros cronometrados escond\u00edan varias trampas de navegaci\u00f3n, especialmente en una primera parte en la que algunos participantes han invertido bastantes minutos en encontrar un way point.<\/p>\n<p>No ha sido el caso del Repsol Rally Team que, gracias a la gran labor del copiloto Txema Villalobos, ha navegado sin mayores contratiempos durante toda la especial. \u201cTxema ha estado perfecto en la navegaci\u00f3n y ha sabido encontrar r\u00e1pidamente todos los way points, incluso aquellos m\u00e1s dif\u00edciles, donde otros se han dejado tiempo\u201d, subrayaba Isidre Esteve.<\/p>\n<p>El \u00fanico contratiempo del d\u00eda para el Repsol Rally Team se ha producido en la cresta de una duna, donde se han visto obligados a encallar para no colisionar con otro veh\u00edculo varado. \u201cHa sido una l\u00e1stima porque est\u00e1bamos pasando todas las dunas a muy buen ritmo. Hoy hemos bajado las presiones de los neum\u00e1ticos BFGoodrich y el Toyota se ha comportado mucho mejor, tanto en la arena como en las zonas m\u00e1s r\u00e1pidas\u201d, afirmaba el de Oliana, que ha invertido 3h 58\u201952\u201d en completar la etapa.<\/p>\n<p><a href=\"https:\/\/bxrepsol.s3.eu-west-1.amazonaws.com\/static\/2022\/08\/09121344\/Dakar-2021-dia-3-Isidre-Esteve-piedras-2.jpg\" \n   title=\"Isidre Esteve pilotando en una zona de rocas en el Dakar 2021 d\u00eda 3\" \n   data-gallery-thumbnail=\"https:\/\/bxrepsol.s3.eu-west-1.amazonaws.com\/static\/2022\/08\/09121344\/Dakar-2021-dia-3-Isidre-Esteve-piedras-2.jpg\"\n   data-gallery-title=\"\"\n   data-gallery><\/p>\n<figure>\n        <picture style=\"padding-bottom: 56.25%; background-image: url(https:\/\/bxrepsol.s3.eu-west-1.amazonaws.com\/static\/2022\/08\/09121344\/Dakar-2021-dia-3-Isidre-Esteve-piedras-2.jpg);\">\n            <img decoding=\"async\" src=\"https:\/\/bxrepsol.s3.eu-west-1.amazonaws.com\/static\/2022\/08\/09121344\/Dakar-2021-dia-3-Isidre-Esteve-piedras-2.jpg\"><br \/>\n            <img itemprop=\"image\"\n                data-srcset=\"https:\/\/bxrepsol.s3.eu-west-1.amazonaws.com\/static\/2022\/08\/09121344\/Dakar-2021-dia-3-Isidre-Esteve-piedras-2.jpg 480w, https:\/\/bxrepsol.s3.eu-west-1.amazonaws.com\/static\/2022\/08\/09121344\/Dakar-2021-dia-3-Isidre-Esteve-piedras-2.jpg 600w, https:\/\/bxrepsol.s3.eu-west-1.amazonaws.com\/static\/2022\/08\/09121344\/Dakar-2021-dia-3-Isidre-Esteve-piedras-2.jpg 900w, https:\/\/bxrepsol.s3.eu-west-1.amazonaws.com\/static\/2022\/08\/09121344\/Dakar-2021-dia-3-Isidre-Esteve-piedras-2.jpg 1280w\"\n                data-src=\"https:\/\/bxrepsol.s3.eu-west-1.amazonaws.com\/static\/2022\/08\/09121344\/Dakar-2021-dia-3-Isidre-Esteve-piedras-2.jpg\"\n                alt=\"Isidre Esteve pilotando en una zona de rocas en el Dakar 2021 d\u00eda 3\"\n                title=\"Dakar-2021-dia-3-Isidre-Esteve-piedras\"\/><br \/>\n            <noscript><img decoding=\"async\" src=\"https:\/\/bxrepsol.s3.eu-west-1.amazonaws.com\/static\/2022\/08\/09121344\/Dakar-2021-dia-3-Isidre-Esteve-piedras-2.jpg\" alt=\"Isidre Esteve pilotando en una zona de rocas en el Dakar 2021 d\u00eda 3\"><\/noscript>\n        <\/picture><figcaption>Isidre Esteve pilotando en una zona de rocas en el Dakar 2021 d\u00eda 3<\/figcaption><\/figure>\n<p><\/a><\/p>\n<p>Ese registro le ha otorgado la 29\u00aa plaza, mientras que en la general pasa a ocupar el 30\u00ba lugar provisional. El ilerdense de Repsol, MGS Seguros, KH-7 y Toyota Espa\u00f1a acumula ya 12 horas, 48 minutos y 5 segundos de carrera. Est\u00e1 a 2h 09\u201903\u201d del l\u00edder St\u00e9phane Peterhansel y a poco m\u00e1s de una hora del top 10 por el que luchan una treintena de pilotos, dato que refleja la tremenda igualdad de la presente edici\u00f3n.<\/p>\n<p>\u201cEstamos muy satisfechos con nuestro ritmo y porque las diferencias son buenas respecto al grupo delantero. Esta edici\u00f3n hay muchos coches r\u00e1pidos y el m\u00ednimo contratiempo te hace perder 10 o 15 puestos, como nos ha sucedido hoy. Pero estoy completamente seguro de que al final encontraremos nuestro sitio, porque cada vez vamos m\u00e1s r\u00e1pido y todav\u00eda tenemos margen de mejora\u201d, afirmaba Isidre Esteve.<\/p>\n<p>Lejos de descansar el d\u00eda de Reyes, este mi\u00e9rcoles los corredores afrontar\u00e1n la jornada m\u00e1s larga del Dakar 2021 entre Wadi Ad-Dawasir y Riad, con un total de 813 kil\u00f3metros, de los cuales 337 ser\u00e1n cronometrados. \u201cNecesitamos una etapa limpia para que nuestra progresi\u00f3n se vea reflejada con un buen resultado, que pronto llegar\u00e1\u201d, vaticina el piloto del Repsol Rally Team.<\/p>\n<p>                <!-- Imagen relacionada --><br \/>\n        <img loading=\"lazy\" decoding=\"async\" width=\"404\" height=\"336\" src=\"https:\/\/bxrepsol.s3.eu-west-1.amazonaws.com\/static\/2022\/08\/09121345\/Dakar-2021-dia-4-Isidre-Esteve-arena-1.jpg\" alt=\"Isidre Esteve sobre arena en el Dakar 2021 d\u00eda 4\" \/><br \/>\n                <!-- Categor\u00eda --><br \/>\n            Rally<br \/>\n        <!-- T\u00edtulo --><br \/>\n        <a href=\"https:\/\/www.boxrepsol.com\/es\/rally\/dakar-2021-dia-4-dia-transicion-isidre-esteve\/\"><\/p>\n<h3>Dakar 2021 d\u00eda 4: D\u00eda de transici\u00f3n para Isidre Esteve, con la mirada&#8230;<\/h3>\n<p>        <\/a><br \/>\n                    <!-- Fecha --><br \/>\n            hace 1 hora<\/p>\n","protected":false},"excerpt":{"rendered":"<p>El piloto del Repsol Rally Team ha marcado buenos registros durante la tercera etapa, aunque una enganchada en una duna le ha retrasado al 29\u00ba lugar.<\/p>\n","protected":false},"author":43146,"featured_media":41873,"comment_status":"open","ping_status":"open","sticky":false,"template":"","format":"standard","meta":{"footnotes":""},"categories":[27],"tags":[194,201,29,183],"class_list":["post-94790","post","type-post","status-publish","format-standard","hentry","category-rally","tag-194","tag-dakar","tag-isidre-esteve","tag-repsol-rally-team"],"yoast_head":"<!-- This site is optimized with the Yoast SEO plugin v27.3 - https:\/\/yoast.com\/product\/yoast-seo-wordpress\/ -->\n<title>Dakar 2021 d\u00eda 3: Isidre Esteve mejora su ritmo y se divierte al volante del Toyota Hilux - Box Repsol<\/title>\n<meta name=\"description\" content=\"El piloto de Repsol ha marcado buenos registros durante la tercera etapa, aunque una enganchada en una duna le ha retrasado al 29\u00ba lugar.\" \/>\n<link rel=\"canonical\" href=\"https:\/\/www.boxrepsol.com\/es\/rally\/dakar-2021-dia-3-isidre-esteve-mejora-ritmo\/\" \/>\n<meta property=\"og:locale\" content=\"es_ES\" \/>\n<meta property=\"og:type\" content=\"article\" \/>\n<meta property=\"og:title\" content=\"Dakar 2021 d\u00eda 3: Isidre Esteve mejora su ritmo y se divierte al volante del Toyota Hilux - Box Repsol\" \/>\n<meta property=\"og:description\" content=\"El piloto de Repsol ha marcado buenos registros durante la tercera etapa, aunque una enganchada en una duna le ha retrasado al 29\u00ba lugar.\" \/>\n<meta property=\"og:url\" content=\"https:\/\/www.boxrepsol.com\/es\/rally\/dakar-2021-dia-3-isidre-esteve-mejora-ritmo\/\" \/>\n<meta property=\"og:site_name\" content=\"Box Repsol\" \/>\n<meta property=\"article:publisher\" content=\"https:\/\/www.facebook.com\/BoxRepsol\" \/>\n<meta property=\"article:author\" content=\"https:\/\/www.facebook.com\/BoxRepsol\/\" \/>\n<meta property=\"article:published_time\" content=\"2021-01-06T02:00:00+00:00\" \/>\n<meta property=\"article:modified_time\" content=\"2024-04-18T09:10:57+00:00\" \/>\n<meta property=\"og:image\" content=\"https:\/\/bxrepsol.s3.eu-west-1.amazonaws.com\/static\/2022\/08\/09121346\/Dakar-2021-dia-3-Isidre-Esteve-arena-3.jpg\" \/>\n\t<meta property=\"og:image:width\" content=\"1280\" \/>\n\t<meta property=\"og:image:height\" content=\"720\" \/>\n\t<meta property=\"og:image:type\" content=\"image\/jpeg\" \/>\n<meta name=\"author\" content=\"Redacci\u00f3n Box Repsol\" \/>\n<meta name=\"twitter:card\" content=\"summary_large_image\" \/>\n<meta name=\"twitter:creator\" content=\"@https:\/\/twitter.com\/box_repsol\" \/>\n<meta name=\"twitter:site\" content=\"@box_repsol\" \/>\n<meta name=\"twitter:label1\" content=\"Written by\" \/>\n\t<meta name=\"twitter:data1\" content=\"Redacci\u00f3n Box Repsol\" \/>\n\t<meta name=\"twitter:label2\" content=\"Est. reading time\" \/>\n\t<meta name=\"twitter:data2\" content=\"3 minutos\" \/>\n<script type=\"application\/ld+json\" class=\"yoast-schema-graph\">{\"@context\":\"https:\\\/\\\/schema.org\",\"@graph\":[{\"@type\":\"Article\",\"@id\":\"https:\\\/\\\/www.boxrepsol.com\\\/es\\\/rally\\\/dakar-2021-dia-3-isidre-esteve-mejora-ritmo\\\/#article\",\"isPartOf\":{\"@id\":\"https:\\\/\\\/www.boxrepsol.com\\\/es\\\/rally\\\/dakar-2021-dia-3-isidre-esteve-mejora-ritmo\\\/\"},\"author\":{\"name\":\"Redacci\u00f3n Box Repsol\",\"@id\":\"https:\\\/\\\/www.boxrepsol.com\\\/es\\\/#\\\/schema\\\/person\\\/c5c2138f2cca251b0ad92b7086bb60b7\"},\"headline\":\"Dakar 2021 d\u00eda 3: Isidre Esteve mejora su ritmo y se divierte al volante del Toyota Hilux\",\"datePublished\":\"2021-01-06T02:00:00+00:00\",\"dateModified\":\"2024-04-18T09:10:57+00:00\",\"mainEntityOfPage\":{\"@id\":\"https:\\\/\\\/www.boxrepsol.com\\\/es\\\/rally\\\/dakar-2021-dia-3-isidre-esteve-mejora-ritmo\\\/\"},\"wordCount\":652,\"commentCount\":0,\"publisher\":{\"@id\":\"https:\\\/\\\/www.boxrepsol.com\\\/es\\\/#organization\"},\"image\":{\"@id\":\"https:\\\/\\\/www.boxrepsol.com\\\/es\\\/rally\\\/dakar-2021-dia-3-isidre-esteve-mejora-ritmo\\\/#primaryimage\"},\"thumbnailUrl\":\"https:\\\/\\\/bxrepsol.s3.eu-west-1.amazonaws.com\\\/static\\\/2022\\\/08\\\/09121346\\\/Dakar-2021-dia-3-Isidre-Esteve-arena-3.jpg\",\"keywords\":[\"2021\",\"Dakar\",\"Isidre Esteve\",\"Repsol Rally Team\"],\"articleSection\":[\"Rally\"],\"inLanguage\":\"es\",\"potentialAction\":[{\"@type\":\"CommentAction\",\"name\":\"Comment\",\"target\":[\"https:\\\/\\\/www.boxrepsol.com\\\/es\\\/rally\\\/dakar-2021-dia-3-isidre-esteve-mejora-ritmo\\\/#respond\"]}]},{\"@type\":\"WebPage\",\"@id\":\"https:\\\/\\\/www.boxrepsol.com\\\/es\\\/rally\\\/dakar-2021-dia-3-isidre-esteve-mejora-ritmo\\\/\",\"url\":\"https:\\\/\\\/www.boxrepsol.com\\\/es\\\/rally\\\/dakar-2021-dia-3-isidre-esteve-mejora-ritmo\\\/\",\"name\":\"Dakar 2021 d\u00eda 3: Isidre Esteve mejora su ritmo y se divierte al volante del Toyota Hilux - Box Repsol\",\"isPartOf\":{\"@id\":\"https:\\\/\\\/www.boxrepsol.com\\\/es\\\/#website\"},\"primaryImageOfPage\":{\"@id\":\"https:\\\/\\\/www.boxrepsol.com\\\/es\\\/rally\\\/dakar-2021-dia-3-isidre-esteve-mejora-ritmo\\\/#primaryimage\"},\"image\":{\"@id\":\"https:\\\/\\\/www.boxrepsol.com\\\/es\\\/rally\\\/dakar-2021-dia-3-isidre-esteve-mejora-ritmo\\\/#primaryimage\"},\"thumbnailUrl\":\"https:\\\/\\\/bxrepsol.s3.eu-west-1.amazonaws.com\\\/static\\\/2022\\\/08\\\/09121346\\\/Dakar-2021-dia-3-Isidre-Esteve-arena-3.jpg\",\"datePublished\":\"2021-01-06T02:00:00+00:00\",\"dateModified\":\"2024-04-18T09:10:57+00:00\",\"description\":\"El piloto de Repsol ha marcado buenos registros durante la tercera etapa, aunque una enganchada en una duna le ha retrasado al 29\u00ba lugar.\",\"breadcrumb\":{\"@id\":\"https:\\\/\\\/www.boxrepsol.com\\\/es\\\/rally\\\/dakar-2021-dia-3-isidre-esteve-mejora-ritmo\\\/#breadcrumb\"},\"inLanguage\":\"es\",\"potentialAction\":[{\"@type\":\"ReadAction\",\"target\":[\"https:\\\/\\\/www.boxrepsol.com\\\/es\\\/rally\\\/dakar-2021-dia-3-isidre-esteve-mejora-ritmo\\\/\"]}]},{\"@type\":\"ImageObject\",\"inLanguage\":\"es\",\"@id\":\"https:\\\/\\\/www.boxrepsol.com\\\/es\\\/rally\\\/dakar-2021-dia-3-isidre-esteve-mejora-ritmo\\\/#primaryimage\",\"url\":\"https:\\\/\\\/bxrepsol.s3.eu-west-1.amazonaws.com\\\/static\\\/2022\\\/08\\\/09121346\\\/Dakar-2021-dia-3-Isidre-Esteve-arena-3.jpg\",\"contentUrl\":\"https:\\\/\\\/bxrepsol.s3.eu-west-1.amazonaws.com\\\/static\\\/2022\\\/08\\\/09121346\\\/Dakar-2021-dia-3-Isidre-Esteve-arena-3.jpg\",\"width\":1280,\"height\":720,\"caption\":\"Isidre Esteve sobre arena en el Dakar 2021 d\u00eda 3\"},{\"@type\":\"BreadcrumbList\",\"@id\":\"https:\\\/\\\/www.boxrepsol.com\\\/es\\\/rally\\\/dakar-2021-dia-3-isidre-esteve-mejora-ritmo\\\/#breadcrumb\",\"itemListElement\":[{\"@type\":\"ListItem\",\"position\":1,\"name\":\"Home\",\"item\":\"https:\\\/\\\/www.boxrepsol.com\\\/es\\\/\"},{\"@type\":\"ListItem\",\"position\":2,\"name\":\"Dakar 2021 d\u00eda 3: Isidre Esteve mejora su ritmo y se divierte al volante del Toyota Hilux\"}]},{\"@type\":\"WebSite\",\"@id\":\"https:\\\/\\\/www.boxrepsol.com\\\/es\\\/#website\",\"url\":\"https:\\\/\\\/www.boxrepsol.com\\\/es\\\/\",\"name\":\"Box Repsol\",\"description\":\"Box Repsol Site\",\"publisher\":{\"@id\":\"https:\\\/\\\/www.boxrepsol.com\\\/es\\\/#organization\"},\"potentialAction\":[{\"@type\":\"SearchAction\",\"target\":{\"@type\":\"EntryPoint\",\"urlTemplate\":\"https:\\\/\\\/www.boxrepsol.com\\\/es\\\/?s={search_term_string}\"},\"query-input\":{\"@type\":\"PropertyValueSpecification\",\"valueRequired\":true,\"valueName\":\"search_term_string\"}}],\"inLanguage\":\"es\"},{\"@type\":\"Organization\",\"@id\":\"https:\\\/\\\/www.boxrepsol.com\\\/es\\\/#organization\",\"name\":\"Box Repsol\",\"url\":\"https:\\\/\\\/www.boxrepsol.com\\\/es\\\/\",\"logo\":{\"@type\":\"ImageObject\",\"inLanguage\":\"es\",\"@id\":\"https:\\\/\\\/www.boxrepsol.com\\\/es\\\/#\\\/schema\\\/logo\\\/image\\\/\",\"url\":\"https:\\\/\\\/bxrepsol.s3.eu-west-1.amazonaws.com\\\/static\\\/2025\\\/07\\\/30083337\\\/favicon-96x96-1.png\",\"contentUrl\":\"https:\\\/\\\/bxrepsol.s3.eu-west-1.amazonaws.com\\\/static\\\/2025\\\/07\\\/30083337\\\/favicon-96x96-1.png\",\"width\":96,\"height\":96,\"caption\":\"Box Repsol\"},\"image\":{\"@id\":\"https:\\\/\\\/www.boxrepsol.com\\\/es\\\/#\\\/schema\\\/logo\\\/image\\\/\"},\"sameAs\":[\"https:\\\/\\\/www.facebook.com\\\/BoxRepsol\",\"https:\\\/\\\/x.com\\\/box_repsol\",\"http:\\\/\\\/instagram.com\\\/box_repsol\",\"https:\\\/\\\/www.youtube.com\\\/user\\\/RepsolCompeticion\",\"https:\\\/\\\/www.flickr.com\\\/photos\\\/box_repsol\\\/\"]},{\"@type\":\"Person\",\"@id\":\"https:\\\/\\\/www.boxrepsol.com\\\/es\\\/#\\\/schema\\\/person\\\/c5c2138f2cca251b0ad92b7086bb60b7\",\"name\":\"Redacci\u00f3n Box Repsol\",\"image\":{\"@type\":\"ImageObject\",\"inLanguage\":\"es\",\"@id\":\"https:\\\/\\\/secure.gravatar.com\\\/avatar\\\/adf7b77e38b4419baf32c7e9c21dde01f4e40df611f0978e3006fc4ba0aaab7e?s=96&d=mm&r=g\",\"url\":\"https:\\\/\\\/secure.gravatar.com\\\/avatar\\\/adf7b77e38b4419baf32c7e9c21dde01f4e40df611f0978e3006fc4ba0aaab7e?s=96&d=mm&r=g\",\"contentUrl\":\"https:\\\/\\\/secure.gravatar.com\\\/avatar\\\/adf7b77e38b4419baf32c7e9c21dde01f4e40df611f0978e3006fc4ba0aaab7e?s=96&d=mm&r=g\",\"caption\":\"Redacci\u00f3n Box Repsol\"},\"description\":\"Box Repsol lo forma un equipo de periodistas, community managers, dise\u00f1adores y fot\u00f3grafos con m\u00e1s de 20 a\u00f1os de experiencia en el mundo del motorsport. Hemos vivido el primer mundial de un espa\u00f1ol en la categor\u00eda reina de motociclismo con \u00c1lex Crivill\u00e9, estuvimos en las victorias de Pedrosa y los t\u00edtulos de M\u00e1rquez, acompa\u00f1amos en \u00c1frica a Nani Roma y Marc Coma en sus conquistas del Dakar y hemos vibrado con los t\u00edtulos de Toni Bou en Trial. Adem\u00e1s, en nuestro equipo contamos con expertos en el mundo de las dos y cuatro ruedas tanto de la calle y las carreteras, como de los circuitos. Periodistas que han trabajado en revistas y publicaciones para hacerte llegar desde rutas y consejos de mantenimiento, a curiosidades y trucos de pilotaje.\",\"sameAs\":[\"https:\\\/\\\/www.facebook.com\\\/BoxRepsol\\\/\",\"https:\\\/\\\/www.instagram.com\\\/box_repsol\\\/\",\"https:\\\/\\\/x.com\\\/https:\\\/\\\/twitter.com\\\/box_repsol\",\"https:\\\/\\\/www.youtube.com\\\/@Boxrepsol\"],\"url\":\"https:\\\/\\\/www.boxrepsol.com\\\/es\\\/author\\\/redaccion-box-repsol\\\/\"}]}<\/script>\n<!-- \/ Yoast SEO plugin. -->","yoast_head_json":{"title":"Dakar 2021 d\u00eda 3: Isidre Esteve mejora su ritmo y se divierte al volante del Toyota Hilux - Box Repsol","description":"El piloto de Repsol ha marcado buenos registros durante la tercera etapa, aunque una enganchada en una duna le ha retrasado al 29\u00ba lugar.","canonical":"https:\/\/www.boxrepsol.com\/es\/rally\/dakar-2021-dia-3-isidre-esteve-mejora-ritmo\/","og_locale":"es_ES","og_type":"article","og_title":"Dakar 2021 d\u00eda 3: Isidre Esteve mejora su ritmo y se divierte al volante del Toyota Hilux - Box Repsol","og_description":"El piloto de Repsol ha marcado buenos registros durante la tercera etapa, aunque una enganchada en una duna le ha retrasado al 29\u00ba lugar.","og_url":"https:\/\/www.boxrepsol.com\/es\/rally\/dakar-2021-dia-3-isidre-esteve-mejora-ritmo\/","og_site_name":"Box Repsol","article_publisher":"https:\/\/www.facebook.com\/BoxRepsol","article_author":"https:\/\/www.facebook.com\/BoxRepsol\/","article_published_time":"2021-01-06T02:00:00+00:00","article_modified_time":"2024-04-18T09:10:57+00:00","og_image":[{"width":1280,"height":720,"url":"https:\/\/bxrepsol.s3.eu-west-1.amazonaws.com\/static\/2022\/08\/09121346\/Dakar-2021-dia-3-Isidre-Esteve-arena-3.jpg","type":"image\/jpeg"}],"author":"Redacci\u00f3n Box Repsol","twitter_card":"summary_large_image","twitter_creator":"@https:\/\/twitter.com\/box_repsol","twitter_site":"@box_repsol","twitter_misc":{"Written by":"Redacci\u00f3n Box Repsol","Est. reading time":"3 minutos"},"schema":{"@context":"https:\/\/schema.org","@graph":[{"@type":"Article","@id":"https:\/\/www.boxrepsol.com\/es\/rally\/dakar-2021-dia-3-isidre-esteve-mejora-ritmo\/#article","isPartOf":{"@id":"https:\/\/www.boxrepsol.com\/es\/rally\/dakar-2021-dia-3-isidre-esteve-mejora-ritmo\/"},"author":{"name":"Redacci\u00f3n Box Repsol","@id":"https:\/\/www.boxrepsol.com\/es\/#\/schema\/person\/c5c2138f2cca251b0ad92b7086bb60b7"},"headline":"Dakar 2021 d\u00eda 3: Isidre Esteve mejora su ritmo y se divierte al volante del Toyota Hilux","datePublished":"2021-01-06T02:00:00+00:00","dateModified":"2024-04-18T09:10:57+00:00","mainEntityOfPage":{"@id":"https:\/\/www.boxrepsol.com\/es\/rally\/dakar-2021-dia-3-isidre-esteve-mejora-ritmo\/"},"wordCount":652,"commentCount":0,"publisher":{"@id":"https:\/\/www.boxrepsol.com\/es\/#organization"},"image":{"@id":"https:\/\/www.boxrepsol.com\/es\/rally\/dakar-2021-dia-3-isidre-esteve-mejora-ritmo\/#primaryimage"},"thumbnailUrl":"https:\/\/bxrepsol.s3.eu-west-1.amazonaws.com\/static\/2022\/08\/09121346\/Dakar-2021-dia-3-Isidre-Esteve-arena-3.jpg","keywords":["2021","Dakar","Isidre Esteve","Repsol Rally Team"],"articleSection":["Rally"],"inLanguage":"es","potentialAction":[{"@type":"CommentAction","name":"Comment","target":["https:\/\/www.boxrepsol.com\/es\/rally\/dakar-2021-dia-3-isidre-esteve-mejora-ritmo\/#respond"]}]},{"@type":"WebPage","@id":"https:\/\/www.boxrepsol.com\/es\/rally\/dakar-2021-dia-3-isidre-esteve-mejora-ritmo\/","url":"https:\/\/www.boxrepsol.com\/es\/rally\/dakar-2021-dia-3-isidre-esteve-mejora-ritmo\/","name":"Dakar 2021 d\u00eda 3: Isidre Esteve mejora su ritmo y se divierte al volante del Toyota Hilux - Box Repsol","isPartOf":{"@id":"https:\/\/www.boxrepsol.com\/es\/#website"},"primaryImageOfPage":{"@id":"https:\/\/www.boxrepsol.com\/es\/rally\/dakar-2021-dia-3-isidre-esteve-mejora-ritmo\/#primaryimage"},"image":{"@id":"https:\/\/www.boxrepsol.com\/es\/rally\/dakar-2021-dia-3-isidre-esteve-mejora-ritmo\/#primaryimage"},"thumbnailUrl":"https:\/\/bxrepsol.s3.eu-west-1.amazonaws.com\/static\/2022\/08\/09121346\/Dakar-2021-dia-3-Isidre-Esteve-arena-3.jpg","datePublished":"2021-01-06T02:00:00+00:00","dateModified":"2024-04-18T09:10:57+00:00","description":"El piloto de Repsol ha marcado buenos registros durante la tercera etapa, aunque una enganchada en una duna le ha retrasado al 29\u00ba lugar.","breadcrumb":{"@id":"https:\/\/www.boxrepsol.com\/es\/rally\/dakar-2021-dia-3-isidre-esteve-mejora-ritmo\/#breadcrumb"},"inLanguage":"es","potentialAction":[{"@type":"ReadAction","target":["https:\/\/www.boxrepsol.com\/es\/rally\/dakar-2021-dia-3-isidre-esteve-mejora-ritmo\/"]}]},{"@type":"ImageObject","inLanguage":"es","@id":"https:\/\/www.boxrepsol.com\/es\/rally\/dakar-2021-dia-3-isidre-esteve-mejora-ritmo\/#primaryimage","url":"https:\/\/bxrepsol.s3.eu-west-1.amazonaws.com\/static\/2022\/08\/09121346\/Dakar-2021-dia-3-Isidre-Esteve-arena-3.jpg","contentUrl":"https:\/\/bxrepsol.s3.eu-west-1.amazonaws.com\/static\/2022\/08\/09121346\/Dakar-2021-dia-3-Isidre-Esteve-arena-3.jpg","width":1280,"height":720,"caption":"Isidre Esteve sobre arena en el Dakar 2021 d\u00eda 3"},{"@type":"BreadcrumbList","@id":"https:\/\/www.boxrepsol.com\/es\/rally\/dakar-2021-dia-3-isidre-esteve-mejora-ritmo\/#breadcrumb","itemListElement":[{"@type":"ListItem","position":1,"name":"Home","item":"https:\/\/www.boxrepsol.com\/es\/"},{"@type":"ListItem","position":2,"name":"Dakar 2021 d\u00eda 3: Isidre Esteve mejora su ritmo y se divierte al volante del Toyota Hilux"}]},{"@type":"WebSite","@id":"https:\/\/www.boxrepsol.com\/es\/#website","url":"https:\/\/www.boxrepsol.com\/es\/","name":"Box Repsol","description":"Box Repsol Site","publisher":{"@id":"https:\/\/www.boxrepsol.com\/es\/#organization"},"potentialAction":[{"@type":"SearchAction","target":{"@type":"EntryPoint","urlTemplate":"https:\/\/www.boxrepsol.com\/es\/?s={search_term_string}"},"query-input":{"@type":"PropertyValueSpecification","valueRequired":true,"valueName":"search_term_string"}}],"inLanguage":"es"},{"@type":"Organization","@id":"https:\/\/www.boxrepsol.com\/es\/#organization","name":"Box Repsol","url":"https:\/\/www.boxrepsol.com\/es\/","logo":{"@type":"ImageObject","inLanguage":"es","@id":"https:\/\/www.boxrepsol.com\/es\/#\/schema\/logo\/image\/","url":"https:\/\/bxrepsol.s3.eu-west-1.amazonaws.com\/static\/2025\/07\/30083337\/favicon-96x96-1.png","contentUrl":"https:\/\/bxrepsol.s3.eu-west-1.amazonaws.com\/static\/2025\/07\/30083337\/favicon-96x96-1.png","width":96,"height":96,"caption":"Box Repsol"},"image":{"@id":"https:\/\/www.boxrepsol.com\/es\/#\/schema\/logo\/image\/"},"sameAs":["https:\/\/www.facebook.com\/BoxRepsol","https:\/\/x.com\/box_repsol","http:\/\/instagram.com\/box_repsol","https:\/\/www.youtube.com\/user\/RepsolCompeticion","https:\/\/www.flickr.com\/photos\/box_repsol\/"]},{"@type":"Person","@id":"https:\/\/www.boxrepsol.com\/es\/#\/schema\/person\/c5c2138f2cca251b0ad92b7086bb60b7","name":"Redacci\u00f3n Box Repsol","image":{"@type":"ImageObject","inLanguage":"es","@id":"https:\/\/secure.gravatar.com\/avatar\/adf7b77e38b4419baf32c7e9c21dde01f4e40df611f0978e3006fc4ba0aaab7e?s=96&d=mm&r=g","url":"https:\/\/secure.gravatar.com\/avatar\/adf7b77e38b4419baf32c7e9c21dde01f4e40df611f0978e3006fc4ba0aaab7e?s=96&d=mm&r=g","contentUrl":"https:\/\/secure.gravatar.com\/avatar\/adf7b77e38b4419baf32c7e9c21dde01f4e40df611f0978e3006fc4ba0aaab7e?s=96&d=mm&r=g","caption":"Redacci\u00f3n Box Repsol"},"description":"Box Repsol lo forma un equipo de periodistas, community managers, dise\u00f1adores y fot\u00f3grafos con m\u00e1s de 20 a\u00f1os de experiencia en el mundo del motorsport. Hemos vivido el primer mundial de un espa\u00f1ol en la categor\u00eda reina de motociclismo con \u00c1lex Crivill\u00e9, estuvimos en las victorias de Pedrosa y los t\u00edtulos de M\u00e1rquez, acompa\u00f1amos en \u00c1frica a Nani Roma y Marc Coma en sus conquistas del Dakar y hemos vibrado con los t\u00edtulos de Toni Bou en Trial. Adem\u00e1s, en nuestro equipo contamos con expertos en el mundo de las dos y cuatro ruedas tanto de la calle y las carreteras, como de los circuitos. Periodistas que han trabajado en revistas y publicaciones para hacerte llegar desde rutas y consejos de mantenimiento, a curiosidades y trucos de pilotaje.","sameAs":["https:\/\/www.facebook.com\/BoxRepsol\/","https:\/\/www.instagram.com\/box_repsol\/","https:\/\/x.com\/https:\/\/twitter.com\/box_repsol","https:\/\/www.youtube.com\/@Boxrepsol"],"url":"https:\/\/www.boxrepsol.com\/es\/author\/redaccion-box-repsol\/"}]}},"_links":{"self":[{"href":"https:\/\/www.boxrepsol.com\/es\/wp-json\/wp\/v2\/posts\/94790","targetHints":{"allow":["GET"]}}],"collection":[{"href":"https:\/\/www.boxrepsol.com\/es\/wp-json\/wp\/v2\/posts"}],"about":[{"href":"https:\/\/www.boxrepsol.com\/es\/wp-json\/wp\/v2\/types\/post"}],"author":[{"embeddable":true,"href":"https:\/\/www.boxrepsol.com\/es\/wp-json\/wp\/v2\/users\/43146"}],"replies":[{"embeddable":true,"href":"https:\/\/www.boxrepsol.com\/es\/wp-json\/wp\/v2\/comments?post=94790"}],"version-history":[{"count":1,"href":"https:\/\/www.boxrepsol.com\/es\/wp-json\/wp\/v2\/posts\/94790\/revisions"}],"predecessor-version":[{"id":94791,"href":"https:\/\/www.boxrepsol.com\/es\/wp-json\/wp\/v2\/posts\/94790\/revisions\/94791"}],"wp:featuredmedia":[{"embeddable":true,"href":"https:\/\/www.boxrepsol.com\/es\/wp-json\/wp\/v2\/media\/41873"}],"wp:attachment":[{"href":"https:\/\/www.boxrepsol.com\/es\/wp-json\/wp\/v2\/media?parent=94790"}],"wp:term":[{"taxonomy":"category","embeddable":true,"href":"https:\/\/www.boxrepsol.com\/es\/wp-json\/wp\/v2\/categories?post=94790"},{"taxonomy":"post_tag","embeddable":true,"href":"https:\/\/www.boxrepsol.com\/es\/wp-json\/wp\/v2\/tags?post=94790"}],"curies":[{"name":"wp","href":"https:\/\/api.w.org\/{rel}","templated":true}]}}