{"id":94785,"date":"2021-01-04T00:00:00","date_gmt":"2021-01-04T02:00:00","guid":{"rendered":"http:\/\/pre.boxrepsol.com\/sin-categorizar\/isidre-esteve-dakar-2021-dia-1-top-30\/"},"modified":"2024-04-18T07:10:24","modified_gmt":"2024-04-18T09:10:24","slug":"isidre-esteve-dakar-2021-dia-1-top-30","status":"publish","type":"post","link":"https:\/\/www.boxrepsol.com\/es\/rally\/isidre-esteve-dakar-2021-dia-1-top-30\/","title":{"rendered":"Dakar 2021 d\u00eda 1: Isidre Esteve escala posiciones y ya est\u00e1 en el top 30"},"content":{"rendered":"<p>\u201cLas dos primeras jornadas han servido para demostrar que este a\u00f1o hay un nivel muy alto en coches y que el m\u00e1s m\u00ednimo problema te deja fuera de los 20 primeros\u201d.<\/p>\n<p>                <!-- Imagen relacionada --><br \/>\n        <img loading=\"lazy\" decoding=\"async\" width=\"404\" height=\"336\" src=\"https:\/\/bxrepsol.s3.eu-west-1.amazonaws.com\/static\/2022\/08\/09121326\/Isidre-Esteve-salida-prologo-dakar-2021-3.jpg\" alt=\"Dakar 2021 pr\u00f3logo\" \/><br \/>\n                <!-- Categor\u00eda --><br \/>\n            Rally<br \/>\n        <!-- T\u00edtulo --><br \/>\n        <a href=\"https:\/\/www.boxrepsol.com\/es\/rally\/isidre-esteve-inicia-dakar-2021-prologo\/\"><\/p>\n<h3>Isidre Esteve inicia el Dakar 2021, contento y con muy buen \u2018feeling\u2019<\/h3>\n<p>        <\/a><br \/>\n                    <!-- Fecha --><br \/>\n            hace 1 hora        <\/p>\n<p>La gesti\u00f3n ser\u00e1 clave en este Dakar 2021. Isidre Esteve lo tiene claro y as\u00ed lo ha podido comprobar en la primera etapa de este domingo. El piloto del Repsol Rally Team ha optado por bajar el ritmo durante los 277 km de especial, al encontrarse con muchos veh\u00edculos pinchados. Aun as\u00ed, ha concluido 31\u00ba y ha escalado 11 posiciones en la general.<\/p>\n<p>La etapa transcurr\u00eda entre Jeddah y Bisha, con 345 kil\u00f3metros de enlace y otros 277 de especial. A pesar de tratarse de la primera y no ser excesivamente larga, pronto ha quedado claro que en la carrera m\u00e1s dura del mundo ning\u00fan d\u00eda es de tr\u00e1mite y que la dificultad est\u00e1 siempre presente. Varios han sido los pilotos que han cedido tiempo al cometer errores de navegaci\u00f3n y muchos otros han sufrido pinchazos.<\/p>\n<p>Tras la pr\u00f3logo de ayer, Isidre Esteve y Txema Villalobos part\u00edan en 41\u00ba lugar, lo que les ha permitido salir a la expectativa. En vista del preocupante panorama que se han ido encontrando en la pista, han optado por bajar el ritmo y no arriesgar lo m\u00e1s m\u00ednimo para evitar as\u00ed cualquier sobresalto.<\/p>\n<p><a href=\"https:\/\/bxrepsol.s3.eu-west-1.amazonaws.com\/static\/2022\/08\/09121327\/Dakar2021-dia-1-Isidre-Esteve-3-2.jpg\" \n   title=\"Isidre Esteve pilotando en el Dakar 2021 d\u00eda 1\" \n   data-gallery-thumbnail=\"https:\/\/bxrepsol.s3.eu-west-1.amazonaws.com\/static\/2022\/08\/09121327\/Dakar2021-dia-1-Isidre-Esteve-3-2.jpg\"\n   data-gallery-title=\"\"\n   data-gallery><\/p>\n<figure>\n        <picture style=\"padding-bottom: 56.25%; background-image: url(https:\/\/bxrepsol.s3.eu-west-1.amazonaws.com\/static\/2022\/08\/09121327\/Dakar2021-dia-1-Isidre-Esteve-3-2.jpg);\">\n            <img decoding=\"async\" src=\"https:\/\/bxrepsol.s3.eu-west-1.amazonaws.com\/static\/2022\/08\/09121327\/Dakar2021-dia-1-Isidre-Esteve-3-2.jpg\"><br \/>\n            <img itemprop=\"image\"\n                data-srcset=\"https:\/\/bxrepsol.s3.eu-west-1.amazonaws.com\/static\/2022\/08\/09121327\/Dakar2021-dia-1-Isidre-Esteve-3-2.jpg 480w, https:\/\/bxrepsol.s3.eu-west-1.amazonaws.com\/static\/2022\/08\/09121327\/Dakar2021-dia-1-Isidre-Esteve-3-2.jpg 600w, https:\/\/bxrepsol.s3.eu-west-1.amazonaws.com\/static\/2022\/08\/09121327\/Dakar2021-dia-1-Isidre-Esteve-3-2.jpg 900w, https:\/\/bxrepsol.s3.eu-west-1.amazonaws.com\/static\/2022\/08\/09121327\/Dakar2021-dia-1-Isidre-Esteve-3-2.jpg 1280w\"\n                data-src=\"https:\/\/bxrepsol.s3.eu-west-1.amazonaws.com\/static\/2022\/08\/09121327\/Dakar2021-dia-1-Isidre-Esteve-3-2.jpg\"\n                alt=\"Isidre Esteve pilotando en el Dakar 2021 d\u00eda 1\"\n                title=\"Dakar2021-dia-1-Isidre-Esteve-3\"\/><br \/>\n            <noscript><img decoding=\"async\" src=\"https:\/\/bxrepsol.s3.eu-west-1.amazonaws.com\/static\/2022\/08\/09121327\/Dakar2021-dia-1-Isidre-Esteve-3-2.jpg\" alt=\"Isidre Esteve pilotando en el Dakar 2021 d\u00eda 1\"><\/noscript>\n        <\/picture><figcaption>Isidre Esteve pilotando en el Dakar 2021 d\u00eda 1<\/figcaption><\/figure>\n<p><\/a><\/p>\n<p>\u201cNos hab\u00edan dicho que la etapa s\u00f3lo ten\u00eda un 5% de piedra, pero a la hora de la verdad hab\u00eda mucho m\u00e1s. Nos hemos encontrado a una gran cantidad de coches pinchados, sobre todo 4&#215;4 como nuestro Toyota Hilux, m\u00e1s pesado que los buggys y con las ruedas m\u00e1s estrechas. Eso nos ha hecho replantear la estrategia y bajar el ritmo en una decisi\u00f3n que, tal como ha ido la jornada, ha resultado acertada\u201d, reflexionaba Isidre Esteve.<\/p>\n<p>A nivel de navegaci\u00f3n, tambi\u00e9n han salido airosos y tan s\u00f3lo han dudado en un punto. \u201cEn la salida de un r\u00edo nos hemos confundido, pero a los 300 metros, hemos detectado el error y lo hemos corregido r\u00e1pidamente. Txema Villalobos va cogiendo mucha seguridad como navegante y eso nos permitir\u00e1 corregir pronto los errores. Hoy ha estado muy acertado\u201d, valoraba el piloto de Oliana.<\/p>\n<p>Otra situaci\u00f3n clave en la etapa se produc\u00eda a escasos 50 kil\u00f3metros del final de la especial, cuando el Repsol Rally Team se encontraba en mitad de la pista a Ronan Chabot, que hab\u00eda pinchado por cuarta vez y ya no ten\u00eda recambios. Isidre y Txema no han dudado ni un momento en detenerse para cederle uno de sus neum\u00e1ticos BFGoodrich KDR 2 en un gesto que ha permitido al franc\u00e9s de Toyota proseguir la marcha. \u201cHemos cre\u00eddo que era lo m\u00e1s oportuno, porque as\u00ed es el esp\u00edritu del Dakar y otro d\u00eda seremos nosotros los que necesitaremos ayuda\u201d, reconoc\u00eda Isidre, que ha perdido minuto y medio en este gesto de solidaridad.<\/p>\n<p><a href=\"https:\/\/bxrepsol.s3.eu-west-1.amazonaws.com\/static\/2022\/08\/09121328\/Dakar2021-dia-1-Isidre-Esteve-4.jpg\" \n   title=\"Isidre Esteve pilotando en el Dakar 2021 d\u00eda 1\" \n   data-gallery-thumbnail=\"https:\/\/bxrepsol.s3.eu-west-1.amazonaws.com\/static\/2022\/08\/09121328\/Dakar2021-dia-1-Isidre-Esteve-4.jpg\"\n   data-gallery-title=\"\"\n   data-gallery><\/p>\n<figure>\n        <picture style=\"padding-bottom: 56.25%; background-image: url(https:\/\/bxrepsol.s3.eu-west-1.amazonaws.com\/static\/2022\/08\/09121328\/Dakar2021-dia-1-Isidre-Esteve-4.jpg);\">\n            <img decoding=\"async\" src=\"https:\/\/bxrepsol.s3.eu-west-1.amazonaws.com\/static\/2022\/08\/09121328\/Dakar2021-dia-1-Isidre-Esteve-4.jpg\"><br \/>\n            <img itemprop=\"image\"\n                data-srcset=\"https:\/\/bxrepsol.s3.eu-west-1.amazonaws.com\/static\/2022\/08\/09121328\/Dakar2021-dia-1-Isidre-Esteve-4.jpg 480w, https:\/\/bxrepsol.s3.eu-west-1.amazonaws.com\/static\/2022\/08\/09121328\/Dakar2021-dia-1-Isidre-Esteve-4.jpg 600w, https:\/\/bxrepsol.s3.eu-west-1.amazonaws.com\/static\/2022\/08\/09121328\/Dakar2021-dia-1-Isidre-Esteve-4.jpg 900w, https:\/\/bxrepsol.s3.eu-west-1.amazonaws.com\/static\/2022\/08\/09121328\/Dakar2021-dia-1-Isidre-Esteve-4.jpg 1280w\"\n                data-src=\"https:\/\/bxrepsol.s3.eu-west-1.amazonaws.com\/static\/2022\/08\/09121328\/Dakar2021-dia-1-Isidre-Esteve-4.jpg\"\n                alt=\"Isidre Esteve pilotando en el Dakar 2021 d\u00eda 1\"\n                title=\"Dakar2021-dia-1-Isidre-Esteve\"\/><br \/>\n            <noscript><img decoding=\"async\" src=\"https:\/\/bxrepsol.s3.eu-west-1.amazonaws.com\/static\/2022\/08\/09121328\/Dakar2021-dia-1-Isidre-Esteve-4.jpg\" alt=\"Isidre Esteve pilotando en el Dakar 2021 d\u00eda 1\"><\/noscript>\n        <\/picture><figcaption>Isidre Esteve pilotando en el Dakar 2021 d\u00eda 1<\/figcaption><\/figure>\n<p><\/a><\/p>\n<p>Al final, el Hilux Overdrive con los colores de Repsol, MGS Seguros, KH-7 y Toyota Espa\u00f1a llegaba a la meta de Bisha con un tiempo de 3h 43&#8242; 23\u00bb que le otorgaba la 31\u00aa plaza, a 37&#8217;27\u00bb del vencedor, Carlos Sainz. En la general, Isidre Esteve escala 11 puestos y ya figura en 30\u00ba lugar, a 37\u201947\u201d del l\u00edder y a 25\u2019 del top 10 que cierra Nasser Al-Attiyah.<\/p>\n<p>Un claro reflejo del enorme potencial que hay en esta 43\u00aa edici\u00f3n del Dakar, seg\u00fan se\u00f1ala el propio Isidre Esteve: \u201cLas dos primeras jornadas han servido para demostrar que este a\u00f1o hay un nivel muy alto en coches y que el m\u00e1s m\u00ednimo problema te deja fuera de los 20 primeros, como vimos ayer con Sainz y hoy con Loeb\u2026 Por eso no debemos fijarnos tanto en las posiciones y s\u00ed en las diferencias. Estar a menos de 40 minutos de los primeros es muy positivo porque lo importante es no alejarnos demasiado\u201d.<\/p>\n<p>Con esa idea en mente, el Repsol Rally Team afrontar\u00e1 la etapa de ma\u00f1ana lunes entre Bisha y Wadi Ad-Dawasir, la cuarta m\u00e1s larga del Dakar 2021, con 685 km en total y 457 cronometrados. Los participantes deber\u00e1n superar las primeras dunas, un terreno a priori m\u00e1s propicio para el Toyota Hilux Overdrive que pilota Isidre Esteve, con los mandos adaptados en el volante por Guidosimplex, a causa de su lesi\u00f3n medular.<\/p>\n<p>                <!-- Imagen relacionada --><br \/>\n        <img loading=\"lazy\" decoding=\"async\" width=\"404\" height=\"336\" src=\"https:\/\/bxrepsol.s3.eu-west-1.amazonaws.com\/static\/2022\/08\/09121329\/Dakar-2021-dia-2-Isidre-Esteve-2.jpg\" alt=\"Isidre Esteve sorteando una duna en el Dakar 2021 d\u00eda 2\" \/><br \/>\n                <!-- Categor\u00eda --><br \/>\n            Rally<br \/>\n        <!-- T\u00edtulo --><br \/>\n        <a href=\"https:\/\/www.boxrepsol.com\/es\/rally\/dakar-2021-dia-2-camiones-ralentiza-isidre-esteve\/\"><\/p>\n<h3>Dakar 2021 d\u00eda 2: Una caravana de camiones ralentiza a Isidre Esteve e&#8230;<\/h3>\n<p>        <\/a><br \/>\n                    <!-- Fecha --><br \/>\n            hace 1 hora<\/p>\n","protected":false},"excerpt":{"rendered":"<p>El ilerdense del Repsol Rally Team completa sin problemas la primera etapa del Dakar 2021 y escala once puestos en la general.<br \/>\nHa extremado precauciones para evitar pinchar en una especial con mucha piedra e incluso se ha detenido para ceder una rueda al franc\u00e9s de Toyota Ronan Chabot.<\/p>\n","protected":false},"author":43146,"featured_media":41842,"comment_status":"open","ping_status":"open","sticky":false,"template":"","format":"standard","meta":{"footnotes":""},"categories":[27],"tags":[194,201,29,183],"class_list":["post-94785","post","type-post","status-publish","format-standard","hentry","category-rally","tag-194","tag-dakar","tag-isidre-esteve","tag-repsol-rally-team"],"yoast_head":"<!-- This site is optimized with the Yoast SEO plugin v27.3 - https:\/\/yoast.com\/product\/yoast-seo-wordpress\/ -->\n<title>Dakar 2021 d\u00eda 1: Isidre Esteve escala posiciones y ya est\u00e1 en el top 30 - Box Repsol<\/title>\n<meta name=\"description\" content=\"El ilerdense del Repsol Rally Team completa sin problemas la primera etapa del Dakar 2021 y escala once puestos en la general.\" \/>\n<link rel=\"canonical\" href=\"https:\/\/www.boxrepsol.com\/es\/rally\/isidre-esteve-dakar-2021-dia-1-top-30\/\" \/>\n<meta property=\"og:locale\" content=\"es_ES\" \/>\n<meta property=\"og:type\" content=\"article\" \/>\n<meta property=\"og:title\" content=\"Dakar 2021 d\u00eda 1: Isidre Esteve escala posiciones y ya est\u00e1 en el top 30 - Box Repsol\" \/>\n<meta property=\"og:description\" content=\"El ilerdense del Repsol Rally Team completa sin problemas la primera etapa del Dakar 2021 y escala once puestos en la general.\" \/>\n<meta property=\"og:url\" content=\"https:\/\/www.boxrepsol.com\/es\/rally\/isidre-esteve-dakar-2021-dia-1-top-30\/\" \/>\n<meta property=\"og:site_name\" content=\"Box Repsol\" \/>\n<meta property=\"article:publisher\" content=\"https:\/\/www.facebook.com\/BoxRepsol\" \/>\n<meta property=\"article:author\" content=\"https:\/\/www.facebook.com\/BoxRepsol\/\" \/>\n<meta property=\"article:published_time\" content=\"2021-01-04T02:00:00+00:00\" \/>\n<meta property=\"article:modified_time\" content=\"2024-04-18T09:10:24+00:00\" \/>\n<meta property=\"og:image\" content=\"https:\/\/bxrepsol.s3.eu-west-1.amazonaws.com\/static\/2022\/08\/09121330\/Dakar2021-dia-1-Isidre-Esteve-2-3.jpg\" \/>\n\t<meta property=\"og:image:width\" content=\"1280\" \/>\n\t<meta property=\"og:image:height\" content=\"720\" \/>\n\t<meta property=\"og:image:type\" content=\"image\/jpeg\" \/>\n<meta name=\"author\" content=\"Redacci\u00f3n Box Repsol\" \/>\n<meta name=\"twitter:card\" content=\"summary_large_image\" \/>\n<meta name=\"twitter:creator\" content=\"@https:\/\/twitter.com\/box_repsol\" \/>\n<meta name=\"twitter:site\" content=\"@box_repsol\" \/>\n<meta name=\"twitter:label1\" content=\"Written by\" \/>\n\t<meta name=\"twitter:data1\" content=\"Redacci\u00f3n Box Repsol\" \/>\n\t<meta name=\"twitter:label2\" content=\"Est. reading time\" \/>\n\t<meta name=\"twitter:data2\" content=\"4 minutos\" \/>\n<script type=\"application\/ld+json\" class=\"yoast-schema-graph\">{\"@context\":\"https:\\\/\\\/schema.org\",\"@graph\":[{\"@type\":\"Article\",\"@id\":\"https:\\\/\\\/www.boxrepsol.com\\\/es\\\/rally\\\/isidre-esteve-dakar-2021-dia-1-top-30\\\/#article\",\"isPartOf\":{\"@id\":\"https:\\\/\\\/www.boxrepsol.com\\\/es\\\/rally\\\/isidre-esteve-dakar-2021-dia-1-top-30\\\/\"},\"author\":{\"name\":\"Redacci\u00f3n Box Repsol\",\"@id\":\"https:\\\/\\\/www.boxrepsol.com\\\/es\\\/#\\\/schema\\\/person\\\/c5c2138f2cca251b0ad92b7086bb60b7\"},\"headline\":\"Dakar 2021 d\u00eda 1: Isidre Esteve escala posiciones y ya est\u00e1 en el top 30\",\"datePublished\":\"2021-01-04T02:00:00+00:00\",\"dateModified\":\"2024-04-18T09:10:24+00:00\",\"mainEntityOfPage\":{\"@id\":\"https:\\\/\\\/www.boxrepsol.com\\\/es\\\/rally\\\/isidre-esteve-dakar-2021-dia-1-top-30\\\/\"},\"wordCount\":793,\"commentCount\":0,\"publisher\":{\"@id\":\"https:\\\/\\\/www.boxrepsol.com\\\/es\\\/#organization\"},\"image\":{\"@id\":\"https:\\\/\\\/www.boxrepsol.com\\\/es\\\/rally\\\/isidre-esteve-dakar-2021-dia-1-top-30\\\/#primaryimage\"},\"thumbnailUrl\":\"https:\\\/\\\/bxrepsol.s3.eu-west-1.amazonaws.com\\\/static\\\/2022\\\/08\\\/09121330\\\/Dakar2021-dia-1-Isidre-Esteve-2-3.jpg\",\"keywords\":[\"2021\",\"Dakar\",\"Isidre Esteve\",\"Repsol Rally Team\"],\"articleSection\":[\"Rally\"],\"inLanguage\":\"es\",\"potentialAction\":[{\"@type\":\"CommentAction\",\"name\":\"Comment\",\"target\":[\"https:\\\/\\\/www.boxrepsol.com\\\/es\\\/rally\\\/isidre-esteve-dakar-2021-dia-1-top-30\\\/#respond\"]}]},{\"@type\":\"WebPage\",\"@id\":\"https:\\\/\\\/www.boxrepsol.com\\\/es\\\/rally\\\/isidre-esteve-dakar-2021-dia-1-top-30\\\/\",\"url\":\"https:\\\/\\\/www.boxrepsol.com\\\/es\\\/rally\\\/isidre-esteve-dakar-2021-dia-1-top-30\\\/\",\"name\":\"Dakar 2021 d\u00eda 1: Isidre Esteve escala posiciones y ya est\u00e1 en el top 30 - Box Repsol\",\"isPartOf\":{\"@id\":\"https:\\\/\\\/www.boxrepsol.com\\\/es\\\/#website\"},\"primaryImageOfPage\":{\"@id\":\"https:\\\/\\\/www.boxrepsol.com\\\/es\\\/rally\\\/isidre-esteve-dakar-2021-dia-1-top-30\\\/#primaryimage\"},\"image\":{\"@id\":\"https:\\\/\\\/www.boxrepsol.com\\\/es\\\/rally\\\/isidre-esteve-dakar-2021-dia-1-top-30\\\/#primaryimage\"},\"thumbnailUrl\":\"https:\\\/\\\/bxrepsol.s3.eu-west-1.amazonaws.com\\\/static\\\/2022\\\/08\\\/09121330\\\/Dakar2021-dia-1-Isidre-Esteve-2-3.jpg\",\"datePublished\":\"2021-01-04T02:00:00+00:00\",\"dateModified\":\"2024-04-18T09:10:24+00:00\",\"description\":\"El ilerdense del Repsol Rally Team completa sin problemas la primera etapa del Dakar 2021 y escala once puestos en la general.\",\"breadcrumb\":{\"@id\":\"https:\\\/\\\/www.boxrepsol.com\\\/es\\\/rally\\\/isidre-esteve-dakar-2021-dia-1-top-30\\\/#breadcrumb\"},\"inLanguage\":\"es\",\"potentialAction\":[{\"@type\":\"ReadAction\",\"target\":[\"https:\\\/\\\/www.boxrepsol.com\\\/es\\\/rally\\\/isidre-esteve-dakar-2021-dia-1-top-30\\\/\"]}]},{\"@type\":\"ImageObject\",\"inLanguage\":\"es\",\"@id\":\"https:\\\/\\\/www.boxrepsol.com\\\/es\\\/rally\\\/isidre-esteve-dakar-2021-dia-1-top-30\\\/#primaryimage\",\"url\":\"https:\\\/\\\/bxrepsol.s3.eu-west-1.amazonaws.com\\\/static\\\/2022\\\/08\\\/09121330\\\/Dakar2021-dia-1-Isidre-Esteve-2-3.jpg\",\"contentUrl\":\"https:\\\/\\\/bxrepsol.s3.eu-west-1.amazonaws.com\\\/static\\\/2022\\\/08\\\/09121330\\\/Dakar2021-dia-1-Isidre-Esteve-2-3.jpg\",\"width\":1280,\"height\":720,\"caption\":\"Isidre Esteve pilotando en el Dakar 2021 d\u00eda 1\"},{\"@type\":\"BreadcrumbList\",\"@id\":\"https:\\\/\\\/www.boxrepsol.com\\\/es\\\/rally\\\/isidre-esteve-dakar-2021-dia-1-top-30\\\/#breadcrumb\",\"itemListElement\":[{\"@type\":\"ListItem\",\"position\":1,\"name\":\"Home\",\"item\":\"https:\\\/\\\/www.boxrepsol.com\\\/es\\\/\"},{\"@type\":\"ListItem\",\"position\":2,\"name\":\"Dakar 2021 d\u00eda 1: Isidre Esteve escala posiciones y ya est\u00e1 en el top 30\"}]},{\"@type\":\"WebSite\",\"@id\":\"https:\\\/\\\/www.boxrepsol.com\\\/es\\\/#website\",\"url\":\"https:\\\/\\\/www.boxrepsol.com\\\/es\\\/\",\"name\":\"Box Repsol\",\"description\":\"Box Repsol Site\",\"publisher\":{\"@id\":\"https:\\\/\\\/www.boxrepsol.com\\\/es\\\/#organization\"},\"potentialAction\":[{\"@type\":\"SearchAction\",\"target\":{\"@type\":\"EntryPoint\",\"urlTemplate\":\"https:\\\/\\\/www.boxrepsol.com\\\/es\\\/?s={search_term_string}\"},\"query-input\":{\"@type\":\"PropertyValueSpecification\",\"valueRequired\":true,\"valueName\":\"search_term_string\"}}],\"inLanguage\":\"es\"},{\"@type\":\"Organization\",\"@id\":\"https:\\\/\\\/www.boxrepsol.com\\\/es\\\/#organization\",\"name\":\"Box Repsol\",\"url\":\"https:\\\/\\\/www.boxrepsol.com\\\/es\\\/\",\"logo\":{\"@type\":\"ImageObject\",\"inLanguage\":\"es\",\"@id\":\"https:\\\/\\\/www.boxrepsol.com\\\/es\\\/#\\\/schema\\\/logo\\\/image\\\/\",\"url\":\"https:\\\/\\\/bxrepsol.s3.eu-west-1.amazonaws.com\\\/static\\\/2025\\\/07\\\/30083337\\\/favicon-96x96-1.png\",\"contentUrl\":\"https:\\\/\\\/bxrepsol.s3.eu-west-1.amazonaws.com\\\/static\\\/2025\\\/07\\\/30083337\\\/favicon-96x96-1.png\",\"width\":96,\"height\":96,\"caption\":\"Box Repsol\"},\"image\":{\"@id\":\"https:\\\/\\\/www.boxrepsol.com\\\/es\\\/#\\\/schema\\\/logo\\\/image\\\/\"},\"sameAs\":[\"https:\\\/\\\/www.facebook.com\\\/BoxRepsol\",\"https:\\\/\\\/x.com\\\/box_repsol\",\"http:\\\/\\\/instagram.com\\\/box_repsol\",\"https:\\\/\\\/www.youtube.com\\\/user\\\/RepsolCompeticion\",\"https:\\\/\\\/www.flickr.com\\\/photos\\\/box_repsol\\\/\"]},{\"@type\":\"Person\",\"@id\":\"https:\\\/\\\/www.boxrepsol.com\\\/es\\\/#\\\/schema\\\/person\\\/c5c2138f2cca251b0ad92b7086bb60b7\",\"name\":\"Redacci\u00f3n Box Repsol\",\"image\":{\"@type\":\"ImageObject\",\"inLanguage\":\"es\",\"@id\":\"https:\\\/\\\/secure.gravatar.com\\\/avatar\\\/adf7b77e38b4419baf32c7e9c21dde01f4e40df611f0978e3006fc4ba0aaab7e?s=96&d=mm&r=g\",\"url\":\"https:\\\/\\\/secure.gravatar.com\\\/avatar\\\/adf7b77e38b4419baf32c7e9c21dde01f4e40df611f0978e3006fc4ba0aaab7e?s=96&d=mm&r=g\",\"contentUrl\":\"https:\\\/\\\/secure.gravatar.com\\\/avatar\\\/adf7b77e38b4419baf32c7e9c21dde01f4e40df611f0978e3006fc4ba0aaab7e?s=96&d=mm&r=g\",\"caption\":\"Redacci\u00f3n Box Repsol\"},\"description\":\"Box Repsol lo forma un equipo de periodistas, community managers, dise\u00f1adores y fot\u00f3grafos con m\u00e1s de 20 a\u00f1os de experiencia en el mundo del motorsport. Hemos vivido el primer mundial de un espa\u00f1ol en la categor\u00eda reina de motociclismo con \u00c1lex Crivill\u00e9, estuvimos en las victorias de Pedrosa y los t\u00edtulos de M\u00e1rquez, acompa\u00f1amos en \u00c1frica a Nani Roma y Marc Coma en sus conquistas del Dakar y hemos vibrado con los t\u00edtulos de Toni Bou en Trial. Adem\u00e1s, en nuestro equipo contamos con expertos en el mundo de las dos y cuatro ruedas tanto de la calle y las carreteras, como de los circuitos. Periodistas que han trabajado en revistas y publicaciones para hacerte llegar desde rutas y consejos de mantenimiento, a curiosidades y trucos de pilotaje.\",\"sameAs\":[\"https:\\\/\\\/www.facebook.com\\\/BoxRepsol\\\/\",\"https:\\\/\\\/www.instagram.com\\\/box_repsol\\\/\",\"https:\\\/\\\/x.com\\\/https:\\\/\\\/twitter.com\\\/box_repsol\",\"https:\\\/\\\/www.youtube.com\\\/@Boxrepsol\"],\"url\":\"https:\\\/\\\/www.boxrepsol.com\\\/es\\\/author\\\/redaccion-box-repsol\\\/\"}]}<\/script>\n<!-- \/ Yoast SEO plugin. -->","yoast_head_json":{"title":"Dakar 2021 d\u00eda 1: Isidre Esteve escala posiciones y ya est\u00e1 en el top 30 - Box Repsol","description":"El ilerdense del Repsol Rally Team completa sin problemas la primera etapa del Dakar 2021 y escala once puestos en la general.","canonical":"https:\/\/www.boxrepsol.com\/es\/rally\/isidre-esteve-dakar-2021-dia-1-top-30\/","og_locale":"es_ES","og_type":"article","og_title":"Dakar 2021 d\u00eda 1: Isidre Esteve escala posiciones y ya est\u00e1 en el top 30 - Box Repsol","og_description":"El ilerdense del Repsol Rally Team completa sin problemas la primera etapa del Dakar 2021 y escala once puestos en la general.","og_url":"https:\/\/www.boxrepsol.com\/es\/rally\/isidre-esteve-dakar-2021-dia-1-top-30\/","og_site_name":"Box Repsol","article_publisher":"https:\/\/www.facebook.com\/BoxRepsol","article_author":"https:\/\/www.facebook.com\/BoxRepsol\/","article_published_time":"2021-01-04T02:00:00+00:00","article_modified_time":"2024-04-18T09:10:24+00:00","og_image":[{"width":1280,"height":720,"url":"https:\/\/bxrepsol.s3.eu-west-1.amazonaws.com\/static\/2022\/08\/09121330\/Dakar2021-dia-1-Isidre-Esteve-2-3.jpg","type":"image\/jpeg"}],"author":"Redacci\u00f3n Box Repsol","twitter_card":"summary_large_image","twitter_creator":"@https:\/\/twitter.com\/box_repsol","twitter_site":"@box_repsol","twitter_misc":{"Written by":"Redacci\u00f3n Box Repsol","Est. reading time":"4 minutos"},"schema":{"@context":"https:\/\/schema.org","@graph":[{"@type":"Article","@id":"https:\/\/www.boxrepsol.com\/es\/rally\/isidre-esteve-dakar-2021-dia-1-top-30\/#article","isPartOf":{"@id":"https:\/\/www.boxrepsol.com\/es\/rally\/isidre-esteve-dakar-2021-dia-1-top-30\/"},"author":{"name":"Redacci\u00f3n Box Repsol","@id":"https:\/\/www.boxrepsol.com\/es\/#\/schema\/person\/c5c2138f2cca251b0ad92b7086bb60b7"},"headline":"Dakar 2021 d\u00eda 1: Isidre Esteve escala posiciones y ya est\u00e1 en el top 30","datePublished":"2021-01-04T02:00:00+00:00","dateModified":"2024-04-18T09:10:24+00:00","mainEntityOfPage":{"@id":"https:\/\/www.boxrepsol.com\/es\/rally\/isidre-esteve-dakar-2021-dia-1-top-30\/"},"wordCount":793,"commentCount":0,"publisher":{"@id":"https:\/\/www.boxrepsol.com\/es\/#organization"},"image":{"@id":"https:\/\/www.boxrepsol.com\/es\/rally\/isidre-esteve-dakar-2021-dia-1-top-30\/#primaryimage"},"thumbnailUrl":"https:\/\/bxrepsol.s3.eu-west-1.amazonaws.com\/static\/2022\/08\/09121330\/Dakar2021-dia-1-Isidre-Esteve-2-3.jpg","keywords":["2021","Dakar","Isidre Esteve","Repsol Rally Team"],"articleSection":["Rally"],"inLanguage":"es","potentialAction":[{"@type":"CommentAction","name":"Comment","target":["https:\/\/www.boxrepsol.com\/es\/rally\/isidre-esteve-dakar-2021-dia-1-top-30\/#respond"]}]},{"@type":"WebPage","@id":"https:\/\/www.boxrepsol.com\/es\/rally\/isidre-esteve-dakar-2021-dia-1-top-30\/","url":"https:\/\/www.boxrepsol.com\/es\/rally\/isidre-esteve-dakar-2021-dia-1-top-30\/","name":"Dakar 2021 d\u00eda 1: Isidre Esteve escala posiciones y ya est\u00e1 en el top 30 - Box Repsol","isPartOf":{"@id":"https:\/\/www.boxrepsol.com\/es\/#website"},"primaryImageOfPage":{"@id":"https:\/\/www.boxrepsol.com\/es\/rally\/isidre-esteve-dakar-2021-dia-1-top-30\/#primaryimage"},"image":{"@id":"https:\/\/www.boxrepsol.com\/es\/rally\/isidre-esteve-dakar-2021-dia-1-top-30\/#primaryimage"},"thumbnailUrl":"https:\/\/bxrepsol.s3.eu-west-1.amazonaws.com\/static\/2022\/08\/09121330\/Dakar2021-dia-1-Isidre-Esteve-2-3.jpg","datePublished":"2021-01-04T02:00:00+00:00","dateModified":"2024-04-18T09:10:24+00:00","description":"El ilerdense del Repsol Rally Team completa sin problemas la primera etapa del Dakar 2021 y escala once puestos en la general.","breadcrumb":{"@id":"https:\/\/www.boxrepsol.com\/es\/rally\/isidre-esteve-dakar-2021-dia-1-top-30\/#breadcrumb"},"inLanguage":"es","potentialAction":[{"@type":"ReadAction","target":["https:\/\/www.boxrepsol.com\/es\/rally\/isidre-esteve-dakar-2021-dia-1-top-30\/"]}]},{"@type":"ImageObject","inLanguage":"es","@id":"https:\/\/www.boxrepsol.com\/es\/rally\/isidre-esteve-dakar-2021-dia-1-top-30\/#primaryimage","url":"https:\/\/bxrepsol.s3.eu-west-1.amazonaws.com\/static\/2022\/08\/09121330\/Dakar2021-dia-1-Isidre-Esteve-2-3.jpg","contentUrl":"https:\/\/bxrepsol.s3.eu-west-1.amazonaws.com\/static\/2022\/08\/09121330\/Dakar2021-dia-1-Isidre-Esteve-2-3.jpg","width":1280,"height":720,"caption":"Isidre Esteve pilotando en el Dakar 2021 d\u00eda 1"},{"@type":"BreadcrumbList","@id":"https:\/\/www.boxrepsol.com\/es\/rally\/isidre-esteve-dakar-2021-dia-1-top-30\/#breadcrumb","itemListElement":[{"@type":"ListItem","position":1,"name":"Home","item":"https:\/\/www.boxrepsol.com\/es\/"},{"@type":"ListItem","position":2,"name":"Dakar 2021 d\u00eda 1: Isidre Esteve escala posiciones y ya est\u00e1 en el top 30"}]},{"@type":"WebSite","@id":"https:\/\/www.boxrepsol.com\/es\/#website","url":"https:\/\/www.boxrepsol.com\/es\/","name":"Box Repsol","description":"Box Repsol Site","publisher":{"@id":"https:\/\/www.boxrepsol.com\/es\/#organization"},"potentialAction":[{"@type":"SearchAction","target":{"@type":"EntryPoint","urlTemplate":"https:\/\/www.boxrepsol.com\/es\/?s={search_term_string}"},"query-input":{"@type":"PropertyValueSpecification","valueRequired":true,"valueName":"search_term_string"}}],"inLanguage":"es"},{"@type":"Organization","@id":"https:\/\/www.boxrepsol.com\/es\/#organization","name":"Box Repsol","url":"https:\/\/www.boxrepsol.com\/es\/","logo":{"@type":"ImageObject","inLanguage":"es","@id":"https:\/\/www.boxrepsol.com\/es\/#\/schema\/logo\/image\/","url":"https:\/\/bxrepsol.s3.eu-west-1.amazonaws.com\/static\/2025\/07\/30083337\/favicon-96x96-1.png","contentUrl":"https:\/\/bxrepsol.s3.eu-west-1.amazonaws.com\/static\/2025\/07\/30083337\/favicon-96x96-1.png","width":96,"height":96,"caption":"Box Repsol"},"image":{"@id":"https:\/\/www.boxrepsol.com\/es\/#\/schema\/logo\/image\/"},"sameAs":["https:\/\/www.facebook.com\/BoxRepsol","https:\/\/x.com\/box_repsol","http:\/\/instagram.com\/box_repsol","https:\/\/www.youtube.com\/user\/RepsolCompeticion","https:\/\/www.flickr.com\/photos\/box_repsol\/"]},{"@type":"Person","@id":"https:\/\/www.boxrepsol.com\/es\/#\/schema\/person\/c5c2138f2cca251b0ad92b7086bb60b7","name":"Redacci\u00f3n Box Repsol","image":{"@type":"ImageObject","inLanguage":"es","@id":"https:\/\/secure.gravatar.com\/avatar\/adf7b77e38b4419baf32c7e9c21dde01f4e40df611f0978e3006fc4ba0aaab7e?s=96&d=mm&r=g","url":"https:\/\/secure.gravatar.com\/avatar\/adf7b77e38b4419baf32c7e9c21dde01f4e40df611f0978e3006fc4ba0aaab7e?s=96&d=mm&r=g","contentUrl":"https:\/\/secure.gravatar.com\/avatar\/adf7b77e38b4419baf32c7e9c21dde01f4e40df611f0978e3006fc4ba0aaab7e?s=96&d=mm&r=g","caption":"Redacci\u00f3n Box Repsol"},"description":"Box Repsol lo forma un equipo de periodistas, community managers, dise\u00f1adores y fot\u00f3grafos con m\u00e1s de 20 a\u00f1os de experiencia en el mundo del motorsport. Hemos vivido el primer mundial de un espa\u00f1ol en la categor\u00eda reina de motociclismo con \u00c1lex Crivill\u00e9, estuvimos en las victorias de Pedrosa y los t\u00edtulos de M\u00e1rquez, acompa\u00f1amos en \u00c1frica a Nani Roma y Marc Coma en sus conquistas del Dakar y hemos vibrado con los t\u00edtulos de Toni Bou en Trial. Adem\u00e1s, en nuestro equipo contamos con expertos en el mundo de las dos y cuatro ruedas tanto de la calle y las carreteras, como de los circuitos. Periodistas que han trabajado en revistas y publicaciones para hacerte llegar desde rutas y consejos de mantenimiento, a curiosidades y trucos de pilotaje.","sameAs":["https:\/\/www.facebook.com\/BoxRepsol\/","https:\/\/www.instagram.com\/box_repsol\/","https:\/\/x.com\/https:\/\/twitter.com\/box_repsol","https:\/\/www.youtube.com\/@Boxrepsol"],"url":"https:\/\/www.boxrepsol.com\/es\/author\/redaccion-box-repsol\/"}]}},"_links":{"self":[{"href":"https:\/\/www.boxrepsol.com\/es\/wp-json\/wp\/v2\/posts\/94785","targetHints":{"allow":["GET"]}}],"collection":[{"href":"https:\/\/www.boxrepsol.com\/es\/wp-json\/wp\/v2\/posts"}],"about":[{"href":"https:\/\/www.boxrepsol.com\/es\/wp-json\/wp\/v2\/types\/post"}],"author":[{"embeddable":true,"href":"https:\/\/www.boxrepsol.com\/es\/wp-json\/wp\/v2\/users\/43146"}],"replies":[{"embeddable":true,"href":"https:\/\/www.boxrepsol.com\/es\/wp-json\/wp\/v2\/comments?post=94785"}],"version-history":[{"count":1,"href":"https:\/\/www.boxrepsol.com\/es\/wp-json\/wp\/v2\/posts\/94785\/revisions"}],"predecessor-version":[{"id":94786,"href":"https:\/\/www.boxrepsol.com\/es\/wp-json\/wp\/v2\/posts\/94785\/revisions\/94786"}],"wp:featuredmedia":[{"embeddable":true,"href":"https:\/\/www.boxrepsol.com\/es\/wp-json\/wp\/v2\/media\/41842"}],"wp:attachment":[{"href":"https:\/\/www.boxrepsol.com\/es\/wp-json\/wp\/v2\/media?parent=94785"}],"wp:term":[{"taxonomy":"category","embeddable":true,"href":"https:\/\/www.boxrepsol.com\/es\/wp-json\/wp\/v2\/categories?post=94785"},{"taxonomy":"post_tag","embeddable":true,"href":"https:\/\/www.boxrepsol.com\/es\/wp-json\/wp\/v2\/tags?post=94785"}],"curies":[{"name":"wp","href":"https:\/\/api.w.org\/{rel}","templated":true}]}}