{"id":94783,"date":"2021-01-03T00:00:00","date_gmt":"2021-01-03T02:00:00","guid":{"rendered":"http:\/\/pre.boxrepsol.com\/sin-categorizar\/isidre-esteve-inicia-dakar-2021-prologo\/"},"modified":"2024-04-18T07:10:14","modified_gmt":"2024-04-18T09:10:14","slug":"isidre-esteve-inicia-dakar-2021-prologo","status":"publish","type":"post","link":"https:\/\/www.boxrepsol.com\/es\/rally\/isidre-esteve-inicia-dakar-2021-prologo\/","title":{"rendered":"Isidre Esteve inicia el Dakar 2021, contento y con muy buen \u2018feeling\u2019"},"content":{"rendered":"<p>\u201cLo que realmente cuenta es que las sensaciones son muy positivas y que el coche va perfecto\u201d.<\/p>\n<p>Este s\u00e1bado se ha dado el pistoletazo de salida al Dakar 2021, que Isidre Esteve afronta con su proyecto m\u00e1s ambicioso. El ilerdense del Repsol Rally Team dispone del mejor coche que ha pilotado nunca, un Toyota Hilux Overdrive, y se ha marcado el reto de luchar por el top 10. Consciente de que en la etapa pr\u00f3logo ten\u00eda mucho que perder y poco que ganar, ha apostado por una estrategia conservadora que le ha llevado a finalizar en 41\u00ba lugar a 56 segundos del vencedor del d\u00eda, Nasser Al-Attiyah.<\/p>\n<p>\u201cEste tipo de etapas hay que tomarlas con mucha precauci\u00f3n, porque s\u00f3lo sirven para entrar en carrera, las diferencias son m\u00ednimas y los tiempos son anecd\u00f3ticos. Por eso hemos pilotado con cautela, sin correr ning\u00fan tipo de riesgo por las piedras y pensando ya en la jornada de ma\u00f1ana, cuando empezar\u00e1 el Dakar de verdad\u201d, valoraba Isidre Esteve al final de la pr\u00f3logo de 11 kil\u00f3metros.<\/p>\n<p><a href=\"https:\/\/bxrepsol.s3.eu-west-1.amazonaws.com\/static\/2022\/08\/09121321\/Isidre-Esteve-prologo-dakar-2021-2.jpg\" \n   title=\"Isidre Esteve pilotando en la etapa pr\u00f3logo del Dakar 2021\" \n   data-gallery-thumbnail=\"https:\/\/bxrepsol.s3.eu-west-1.amazonaws.com\/static\/2022\/08\/09121321\/Isidre-Esteve-prologo-dakar-2021-2.jpg\"\n   data-gallery-title=\"\"\n   data-gallery><\/p>\n<figure>\n        <picture style=\"padding-bottom: 56.25%; background-image: url(https:\/\/bxrepsol.s3.eu-west-1.amazonaws.com\/static\/2022\/08\/09121321\/Isidre-Esteve-prologo-dakar-2021-2.jpg);\">\n            <img decoding=\"async\" src=\"https:\/\/bxrepsol.s3.eu-west-1.amazonaws.com\/static\/2022\/08\/09121321\/Isidre-Esteve-prologo-dakar-2021-2.jpg\"><br \/>\n            <img itemprop=\"image\"\n                data-srcset=\"https:\/\/bxrepsol.s3.eu-west-1.amazonaws.com\/static\/2022\/08\/09121321\/Isidre-Esteve-prologo-dakar-2021-2.jpg 480w, https:\/\/bxrepsol.s3.eu-west-1.amazonaws.com\/static\/2022\/08\/09121321\/Isidre-Esteve-prologo-dakar-2021-2.jpg 600w, https:\/\/bxrepsol.s3.eu-west-1.amazonaws.com\/static\/2022\/08\/09121321\/Isidre-Esteve-prologo-dakar-2021-2.jpg 900w, https:\/\/bxrepsol.s3.eu-west-1.amazonaws.com\/static\/2022\/08\/09121321\/Isidre-Esteve-prologo-dakar-2021-2.jpg 1280w\"\n                data-src=\"https:\/\/bxrepsol.s3.eu-west-1.amazonaws.com\/static\/2022\/08\/09121321\/Isidre-Esteve-prologo-dakar-2021-2.jpg\"\n                alt=\"Isidre Esteve pilotando en la etapa pr\u00f3logo del Dakar 2021\"\n                title=\"Isidre-Esteve-prologo-dakar-2021\"\/><br \/>\n            <noscript><img decoding=\"async\" src=\"https:\/\/bxrepsol.s3.eu-west-1.amazonaws.com\/static\/2022\/08\/09121321\/Isidre-Esteve-prologo-dakar-2021-2.jpg\" alt=\"Isidre Esteve pilotando en la etapa pr\u00f3logo del Dakar 2021\"><\/noscript>\n        <\/picture><figcaption>Isidre Esteve pilotando en la etapa pr\u00f3logo del Dakar 2021<\/figcaption><\/figure>\n<p><\/a><\/p>\n<p>Su tiempo invertido ha sido de 6 minutos y 44 segundos, que le ha situado en la 41\u00aa plaza provisional y tercera entre los espa\u00f1oles, tras Nani Roma y Carlos Sainz. \u201cLa clasificaci\u00f3n ahora es lo de menos y lo m\u00e1s importante es que nos hemos sentido muy bien y nos hemos divertido. Lo que realmente cuenta es que las sensaciones de este primer d\u00eda han sido muy positivas\u201d, reconoc\u00eda el piloto de Oliana.<\/p>\n<p>Ma\u00f1ana domingo se celebrar\u00e1 la primera etapa, entre Jeddah y Bisha, con una especial de 277 kil\u00f3metros por pistas y otros 345 de enlace. \u201cTenemos muchas ganas de que empiece la carrera de verdad, aunque nuestra estrategia ser\u00e1 de no cometer errores, sobre todo los primeros d\u00edas, en los que nuestro objetivo debe ser coger ritmo e ir mejorando poco a poco, conscientes de que el Dakar es muy largo y van a pasar muchas cosas\u201d, avisa Isidre Esteve que cuenta con el apoyo de Repsol, MGS Seguros, KH-7 y Toyota Espa\u00f1a.<\/p>\n<p>Para intentar hacer historia, pilotar\u00e1 un Toyota Hilux preparado por Overdrive y con los mandos adaptados al volante por Guidosimplex, a causa de su lesi\u00f3n medular. \u201cTanto en el shakedown como en la pr\u00f3logo, el coche ha ido perfecto y est\u00e1 listo para demostrar su potencial. Tengo un gran equipo, un gran copiloto como es Txema Villalobos y el coche que siempre hab\u00eda so\u00f1ado pilotar en el Dakar. Soy muy optimista\u201d, sentencia Esteve.<\/p>\n<p>                <!-- Imagen relacionada --><br \/>\n        <img loading=\"lazy\" decoding=\"async\" width=\"404\" height=\"336\" src=\"https:\/\/bxrepsol.s3.eu-west-1.amazonaws.com\/static\/2022\/08\/09121322\/Dakar2021-dia-1-Isidre-Esteve-2-2.jpg\" alt=\"Isidre Esteve pilotando en el Dakar 2021 d\u00eda 1\" \/><br \/>\n                <!-- Categor\u00eda --><br \/>\n            Rally<br \/>\n        <!-- T\u00edtulo --><br \/>\n        <a href=\"https:\/\/www.boxrepsol.com\/es\/rally\/isidre-esteve-dakar-2021-dia-1-top-30\/\"><\/p>\n<h3>Dakar 2021 d\u00eda 1: Isidre Esteve escala posiciones y ya est\u00e1 en el top&#8230;<\/h3>\n<p>        <\/a><br \/>\n                    <!-- Fecha --><br \/>\n            hace 1 hora<\/p>\n","protected":false},"excerpt":{"rendered":"<p>El piloto del Repsol Rally Team ha afrontado la pr\u00f3logo \u201csin arriesgar y pensando en la etapa de ma\u00f1ana cuando empezar\u00e1 el Dakar de verdad\u201d.<br \/>\nHa cedido menos de un minuto respecto al vencedor de la especial, el qatar\u00ed Nasser Al-Attiyah, tambi\u00e9n al volante de un Toyota Hilux.<\/p>\n","protected":false},"author":43146,"featured_media":41828,"comment_status":"open","ping_status":"open","sticky":false,"template":"","format":"standard","meta":{"footnotes":""},"categories":[27],"tags":[194,201,29,183],"class_list":["post-94783","post","type-post","status-publish","format-standard","hentry","category-rally","tag-194","tag-dakar","tag-isidre-esteve","tag-repsol-rally-team"],"yoast_head":"<!-- This site is optimized with the Yoast SEO plugin v27.3 - https:\/\/yoast.com\/product\/yoast-seo-wordpress\/ -->\n<title>Isidre Esteve inicia el Dakar 2021, contento y con muy buen \u2018feeling\u2019 - Box Repsol<\/title>\n<meta name=\"description\" content=\"Dakar 2021 pr\u00f3logo: El piloto del Repsol Rally Team ha afrontado la pr\u00f3logo \u201csin arriesgar y pensando en ma\u00f1ana cuando empezar\u00e1 el Dakar de verdad\u201d.\" \/>\n<link rel=\"canonical\" href=\"https:\/\/www.boxrepsol.com\/es\/rally\/isidre-esteve-inicia-dakar-2021-prologo\/\" \/>\n<meta property=\"og:locale\" content=\"es_ES\" \/>\n<meta property=\"og:type\" content=\"article\" \/>\n<meta property=\"og:title\" content=\"Isidre Esteve inicia el Dakar 2021, contento y con muy buen \u2018feeling\u2019 - Box Repsol\" \/>\n<meta property=\"og:description\" content=\"Dakar 2021 pr\u00f3logo: El piloto del Repsol Rally Team ha afrontado la pr\u00f3logo \u201csin arriesgar y pensando en ma\u00f1ana cuando empezar\u00e1 el Dakar de verdad\u201d.\" \/>\n<meta property=\"og:url\" content=\"https:\/\/www.boxrepsol.com\/es\/rally\/isidre-esteve-inicia-dakar-2021-prologo\/\" \/>\n<meta property=\"og:site_name\" content=\"Box Repsol\" \/>\n<meta property=\"article:publisher\" content=\"https:\/\/www.facebook.com\/BoxRepsol\" \/>\n<meta property=\"article:author\" content=\"https:\/\/www.facebook.com\/BoxRepsol\/\" \/>\n<meta property=\"article:published_time\" content=\"2021-01-03T02:00:00+00:00\" \/>\n<meta property=\"article:modified_time\" content=\"2024-04-18T09:10:14+00:00\" \/>\n<meta property=\"og:image\" content=\"https:\/\/bxrepsol.s3.eu-west-1.amazonaws.com\/static\/2022\/08\/09121323\/Isidre-Esteve-salida-prologo-dakar-2021-2.jpg\" \/>\n\t<meta property=\"og:image:width\" content=\"1280\" \/>\n\t<meta property=\"og:image:height\" content=\"600\" \/>\n\t<meta property=\"og:image:type\" content=\"image\/jpeg\" \/>\n<meta name=\"author\" content=\"Redacci\u00f3n Box Repsol\" \/>\n<meta name=\"twitter:card\" content=\"summary_large_image\" \/>\n<meta name=\"twitter:creator\" content=\"@https:\/\/twitter.com\/box_repsol\" \/>\n<meta name=\"twitter:site\" content=\"@box_repsol\" \/>\n<meta name=\"twitter:label1\" content=\"Written by\" \/>\n\t<meta name=\"twitter:data1\" content=\"Redacci\u00f3n Box Repsol\" \/>\n\t<meta name=\"twitter:label2\" content=\"Est. reading time\" \/>\n\t<meta name=\"twitter:data2\" content=\"2 minutos\" \/>\n<script type=\"application\/ld+json\" class=\"yoast-schema-graph\">{\"@context\":\"https:\\\/\\\/schema.org\",\"@graph\":[{\"@type\":\"Article\",\"@id\":\"https:\\\/\\\/www.boxrepsol.com\\\/es\\\/rally\\\/isidre-esteve-inicia-dakar-2021-prologo\\\/#article\",\"isPartOf\":{\"@id\":\"https:\\\/\\\/www.boxrepsol.com\\\/es\\\/rally\\\/isidre-esteve-inicia-dakar-2021-prologo\\\/\"},\"author\":{\"name\":\"Redacci\u00f3n Box Repsol\",\"@id\":\"https:\\\/\\\/www.boxrepsol.com\\\/es\\\/#\\\/schema\\\/person\\\/c5c2138f2cca251b0ad92b7086bb60b7\"},\"headline\":\"Isidre Esteve inicia el Dakar 2021, contento y con muy buen \u2018feeling\u2019\",\"datePublished\":\"2021-01-03T02:00:00+00:00\",\"dateModified\":\"2024-04-18T09:10:14+00:00\",\"mainEntityOfPage\":{\"@id\":\"https:\\\/\\\/www.boxrepsol.com\\\/es\\\/rally\\\/isidre-esteve-inicia-dakar-2021-prologo\\\/\"},\"wordCount\":465,\"commentCount\":0,\"publisher\":{\"@id\":\"https:\\\/\\\/www.boxrepsol.com\\\/es\\\/#organization\"},\"image\":{\"@id\":\"https:\\\/\\\/www.boxrepsol.com\\\/es\\\/rally\\\/isidre-esteve-inicia-dakar-2021-prologo\\\/#primaryimage\"},\"thumbnailUrl\":\"https:\\\/\\\/bxrepsol.s3.eu-west-1.amazonaws.com\\\/static\\\/2022\\\/08\\\/09121323\\\/Isidre-Esteve-salida-prologo-dakar-2021-2.jpg\",\"keywords\":[\"2021\",\"Dakar\",\"Isidre Esteve\",\"Repsol Rally Team\"],\"articleSection\":[\"Rally\"],\"inLanguage\":\"es\",\"potentialAction\":[{\"@type\":\"CommentAction\",\"name\":\"Comment\",\"target\":[\"https:\\\/\\\/www.boxrepsol.com\\\/es\\\/rally\\\/isidre-esteve-inicia-dakar-2021-prologo\\\/#respond\"]}]},{\"@type\":\"WebPage\",\"@id\":\"https:\\\/\\\/www.boxrepsol.com\\\/es\\\/rally\\\/isidre-esteve-inicia-dakar-2021-prologo\\\/\",\"url\":\"https:\\\/\\\/www.boxrepsol.com\\\/es\\\/rally\\\/isidre-esteve-inicia-dakar-2021-prologo\\\/\",\"name\":\"Isidre Esteve inicia el Dakar 2021, contento y con muy buen \u2018feeling\u2019 - Box Repsol\",\"isPartOf\":{\"@id\":\"https:\\\/\\\/www.boxrepsol.com\\\/es\\\/#website\"},\"primaryImageOfPage\":{\"@id\":\"https:\\\/\\\/www.boxrepsol.com\\\/es\\\/rally\\\/isidre-esteve-inicia-dakar-2021-prologo\\\/#primaryimage\"},\"image\":{\"@id\":\"https:\\\/\\\/www.boxrepsol.com\\\/es\\\/rally\\\/isidre-esteve-inicia-dakar-2021-prologo\\\/#primaryimage\"},\"thumbnailUrl\":\"https:\\\/\\\/bxrepsol.s3.eu-west-1.amazonaws.com\\\/static\\\/2022\\\/08\\\/09121323\\\/Isidre-Esteve-salida-prologo-dakar-2021-2.jpg\",\"datePublished\":\"2021-01-03T02:00:00+00:00\",\"dateModified\":\"2024-04-18T09:10:14+00:00\",\"description\":\"Dakar 2021 pr\u00f3logo: El piloto del Repsol Rally Team ha afrontado la pr\u00f3logo \u201csin arriesgar y pensando en ma\u00f1ana cuando empezar\u00e1 el Dakar de verdad\u201d.\",\"breadcrumb\":{\"@id\":\"https:\\\/\\\/www.boxrepsol.com\\\/es\\\/rally\\\/isidre-esteve-inicia-dakar-2021-prologo\\\/#breadcrumb\"},\"inLanguage\":\"es\",\"potentialAction\":[{\"@type\":\"ReadAction\",\"target\":[\"https:\\\/\\\/www.boxrepsol.com\\\/es\\\/rally\\\/isidre-esteve-inicia-dakar-2021-prologo\\\/\"]}]},{\"@type\":\"ImageObject\",\"inLanguage\":\"es\",\"@id\":\"https:\\\/\\\/www.boxrepsol.com\\\/es\\\/rally\\\/isidre-esteve-inicia-dakar-2021-prologo\\\/#primaryimage\",\"url\":\"https:\\\/\\\/bxrepsol.s3.eu-west-1.amazonaws.com\\\/static\\\/2022\\\/08\\\/09121323\\\/Isidre-Esteve-salida-prologo-dakar-2021-2.jpg\",\"contentUrl\":\"https:\\\/\\\/bxrepsol.s3.eu-west-1.amazonaws.com\\\/static\\\/2022\\\/08\\\/09121323\\\/Isidre-Esteve-salida-prologo-dakar-2021-2.jpg\",\"width\":1280,\"height\":600,\"caption\":\"Dakar 2021 pr\u00f3logo\"},{\"@type\":\"BreadcrumbList\",\"@id\":\"https:\\\/\\\/www.boxrepsol.com\\\/es\\\/rally\\\/isidre-esteve-inicia-dakar-2021-prologo\\\/#breadcrumb\",\"itemListElement\":[{\"@type\":\"ListItem\",\"position\":1,\"name\":\"Home\",\"item\":\"https:\\\/\\\/www.boxrepsol.com\\\/es\\\/\"},{\"@type\":\"ListItem\",\"position\":2,\"name\":\"Isidre Esteve inicia el Dakar 2021, contento y con muy buen \u2018feeling\u2019\"}]},{\"@type\":\"WebSite\",\"@id\":\"https:\\\/\\\/www.boxrepsol.com\\\/es\\\/#website\",\"url\":\"https:\\\/\\\/www.boxrepsol.com\\\/es\\\/\",\"name\":\"Box Repsol\",\"description\":\"Box Repsol Site\",\"publisher\":{\"@id\":\"https:\\\/\\\/www.boxrepsol.com\\\/es\\\/#organization\"},\"potentialAction\":[{\"@type\":\"SearchAction\",\"target\":{\"@type\":\"EntryPoint\",\"urlTemplate\":\"https:\\\/\\\/www.boxrepsol.com\\\/es\\\/?s={search_term_string}\"},\"query-input\":{\"@type\":\"PropertyValueSpecification\",\"valueRequired\":true,\"valueName\":\"search_term_string\"}}],\"inLanguage\":\"es\"},{\"@type\":\"Organization\",\"@id\":\"https:\\\/\\\/www.boxrepsol.com\\\/es\\\/#organization\",\"name\":\"Box Repsol\",\"url\":\"https:\\\/\\\/www.boxrepsol.com\\\/es\\\/\",\"logo\":{\"@type\":\"ImageObject\",\"inLanguage\":\"es\",\"@id\":\"https:\\\/\\\/www.boxrepsol.com\\\/es\\\/#\\\/schema\\\/logo\\\/image\\\/\",\"url\":\"https:\\\/\\\/bxrepsol.s3.eu-west-1.amazonaws.com\\\/static\\\/2025\\\/07\\\/30083337\\\/favicon-96x96-1.png\",\"contentUrl\":\"https:\\\/\\\/bxrepsol.s3.eu-west-1.amazonaws.com\\\/static\\\/2025\\\/07\\\/30083337\\\/favicon-96x96-1.png\",\"width\":96,\"height\":96,\"caption\":\"Box Repsol\"},\"image\":{\"@id\":\"https:\\\/\\\/www.boxrepsol.com\\\/es\\\/#\\\/schema\\\/logo\\\/image\\\/\"},\"sameAs\":[\"https:\\\/\\\/www.facebook.com\\\/BoxRepsol\",\"https:\\\/\\\/x.com\\\/box_repsol\",\"http:\\\/\\\/instagram.com\\\/box_repsol\",\"https:\\\/\\\/www.youtube.com\\\/user\\\/RepsolCompeticion\",\"https:\\\/\\\/www.flickr.com\\\/photos\\\/box_repsol\\\/\"]},{\"@type\":\"Person\",\"@id\":\"https:\\\/\\\/www.boxrepsol.com\\\/es\\\/#\\\/schema\\\/person\\\/c5c2138f2cca251b0ad92b7086bb60b7\",\"name\":\"Redacci\u00f3n Box Repsol\",\"image\":{\"@type\":\"ImageObject\",\"inLanguage\":\"es\",\"@id\":\"https:\\\/\\\/secure.gravatar.com\\\/avatar\\\/adf7b77e38b4419baf32c7e9c21dde01f4e40df611f0978e3006fc4ba0aaab7e?s=96&d=mm&r=g\",\"url\":\"https:\\\/\\\/secure.gravatar.com\\\/avatar\\\/adf7b77e38b4419baf32c7e9c21dde01f4e40df611f0978e3006fc4ba0aaab7e?s=96&d=mm&r=g\",\"contentUrl\":\"https:\\\/\\\/secure.gravatar.com\\\/avatar\\\/adf7b77e38b4419baf32c7e9c21dde01f4e40df611f0978e3006fc4ba0aaab7e?s=96&d=mm&r=g\",\"caption\":\"Redacci\u00f3n Box Repsol\"},\"description\":\"Box Repsol lo forma un equipo de periodistas, community managers, dise\u00f1adores y fot\u00f3grafos con m\u00e1s de 20 a\u00f1os de experiencia en el mundo del motorsport. Hemos vivido el primer mundial de un espa\u00f1ol en la categor\u00eda reina de motociclismo con \u00c1lex Crivill\u00e9, estuvimos en las victorias de Pedrosa y los t\u00edtulos de M\u00e1rquez, acompa\u00f1amos en \u00c1frica a Nani Roma y Marc Coma en sus conquistas del Dakar y hemos vibrado con los t\u00edtulos de Toni Bou en Trial. Adem\u00e1s, en nuestro equipo contamos con expertos en el mundo de las dos y cuatro ruedas tanto de la calle y las carreteras, como de los circuitos. Periodistas que han trabajado en revistas y publicaciones para hacerte llegar desde rutas y consejos de mantenimiento, a curiosidades y trucos de pilotaje.\",\"sameAs\":[\"https:\\\/\\\/www.facebook.com\\\/BoxRepsol\\\/\",\"https:\\\/\\\/www.instagram.com\\\/box_repsol\\\/\",\"https:\\\/\\\/x.com\\\/https:\\\/\\\/twitter.com\\\/box_repsol\",\"https:\\\/\\\/www.youtube.com\\\/@Boxrepsol\"],\"url\":\"https:\\\/\\\/www.boxrepsol.com\\\/es\\\/author\\\/redaccion-box-repsol\\\/\"}]}<\/script>\n<!-- \/ Yoast SEO plugin. -->","yoast_head_json":{"title":"Isidre Esteve inicia el Dakar 2021, contento y con muy buen \u2018feeling\u2019 - Box Repsol","description":"Dakar 2021 pr\u00f3logo: El piloto del Repsol Rally Team ha afrontado la pr\u00f3logo \u201csin arriesgar y pensando en ma\u00f1ana cuando empezar\u00e1 el Dakar de verdad\u201d.","canonical":"https:\/\/www.boxrepsol.com\/es\/rally\/isidre-esteve-inicia-dakar-2021-prologo\/","og_locale":"es_ES","og_type":"article","og_title":"Isidre Esteve inicia el Dakar 2021, contento y con muy buen \u2018feeling\u2019 - Box Repsol","og_description":"Dakar 2021 pr\u00f3logo: El piloto del Repsol Rally Team ha afrontado la pr\u00f3logo \u201csin arriesgar y pensando en ma\u00f1ana cuando empezar\u00e1 el Dakar de verdad\u201d.","og_url":"https:\/\/www.boxrepsol.com\/es\/rally\/isidre-esteve-inicia-dakar-2021-prologo\/","og_site_name":"Box Repsol","article_publisher":"https:\/\/www.facebook.com\/BoxRepsol","article_author":"https:\/\/www.facebook.com\/BoxRepsol\/","article_published_time":"2021-01-03T02:00:00+00:00","article_modified_time":"2024-04-18T09:10:14+00:00","og_image":[{"width":1280,"height":600,"url":"https:\/\/bxrepsol.s3.eu-west-1.amazonaws.com\/static\/2022\/08\/09121323\/Isidre-Esteve-salida-prologo-dakar-2021-2.jpg","type":"image\/jpeg"}],"author":"Redacci\u00f3n Box Repsol","twitter_card":"summary_large_image","twitter_creator":"@https:\/\/twitter.com\/box_repsol","twitter_site":"@box_repsol","twitter_misc":{"Written by":"Redacci\u00f3n Box Repsol","Est. reading time":"2 minutos"},"schema":{"@context":"https:\/\/schema.org","@graph":[{"@type":"Article","@id":"https:\/\/www.boxrepsol.com\/es\/rally\/isidre-esteve-inicia-dakar-2021-prologo\/#article","isPartOf":{"@id":"https:\/\/www.boxrepsol.com\/es\/rally\/isidre-esteve-inicia-dakar-2021-prologo\/"},"author":{"name":"Redacci\u00f3n Box Repsol","@id":"https:\/\/www.boxrepsol.com\/es\/#\/schema\/person\/c5c2138f2cca251b0ad92b7086bb60b7"},"headline":"Isidre Esteve inicia el Dakar 2021, contento y con muy buen \u2018feeling\u2019","datePublished":"2021-01-03T02:00:00+00:00","dateModified":"2024-04-18T09:10:14+00:00","mainEntityOfPage":{"@id":"https:\/\/www.boxrepsol.com\/es\/rally\/isidre-esteve-inicia-dakar-2021-prologo\/"},"wordCount":465,"commentCount":0,"publisher":{"@id":"https:\/\/www.boxrepsol.com\/es\/#organization"},"image":{"@id":"https:\/\/www.boxrepsol.com\/es\/rally\/isidre-esteve-inicia-dakar-2021-prologo\/#primaryimage"},"thumbnailUrl":"https:\/\/bxrepsol.s3.eu-west-1.amazonaws.com\/static\/2022\/08\/09121323\/Isidre-Esteve-salida-prologo-dakar-2021-2.jpg","keywords":["2021","Dakar","Isidre Esteve","Repsol Rally Team"],"articleSection":["Rally"],"inLanguage":"es","potentialAction":[{"@type":"CommentAction","name":"Comment","target":["https:\/\/www.boxrepsol.com\/es\/rally\/isidre-esteve-inicia-dakar-2021-prologo\/#respond"]}]},{"@type":"WebPage","@id":"https:\/\/www.boxrepsol.com\/es\/rally\/isidre-esteve-inicia-dakar-2021-prologo\/","url":"https:\/\/www.boxrepsol.com\/es\/rally\/isidre-esteve-inicia-dakar-2021-prologo\/","name":"Isidre Esteve inicia el Dakar 2021, contento y con muy buen \u2018feeling\u2019 - Box Repsol","isPartOf":{"@id":"https:\/\/www.boxrepsol.com\/es\/#website"},"primaryImageOfPage":{"@id":"https:\/\/www.boxrepsol.com\/es\/rally\/isidre-esteve-inicia-dakar-2021-prologo\/#primaryimage"},"image":{"@id":"https:\/\/www.boxrepsol.com\/es\/rally\/isidre-esteve-inicia-dakar-2021-prologo\/#primaryimage"},"thumbnailUrl":"https:\/\/bxrepsol.s3.eu-west-1.amazonaws.com\/static\/2022\/08\/09121323\/Isidre-Esteve-salida-prologo-dakar-2021-2.jpg","datePublished":"2021-01-03T02:00:00+00:00","dateModified":"2024-04-18T09:10:14+00:00","description":"Dakar 2021 pr\u00f3logo: El piloto del Repsol Rally Team ha afrontado la pr\u00f3logo \u201csin arriesgar y pensando en ma\u00f1ana cuando empezar\u00e1 el Dakar de verdad\u201d.","breadcrumb":{"@id":"https:\/\/www.boxrepsol.com\/es\/rally\/isidre-esteve-inicia-dakar-2021-prologo\/#breadcrumb"},"inLanguage":"es","potentialAction":[{"@type":"ReadAction","target":["https:\/\/www.boxrepsol.com\/es\/rally\/isidre-esteve-inicia-dakar-2021-prologo\/"]}]},{"@type":"ImageObject","inLanguage":"es","@id":"https:\/\/www.boxrepsol.com\/es\/rally\/isidre-esteve-inicia-dakar-2021-prologo\/#primaryimage","url":"https:\/\/bxrepsol.s3.eu-west-1.amazonaws.com\/static\/2022\/08\/09121323\/Isidre-Esteve-salida-prologo-dakar-2021-2.jpg","contentUrl":"https:\/\/bxrepsol.s3.eu-west-1.amazonaws.com\/static\/2022\/08\/09121323\/Isidre-Esteve-salida-prologo-dakar-2021-2.jpg","width":1280,"height":600,"caption":"Dakar 2021 pr\u00f3logo"},{"@type":"BreadcrumbList","@id":"https:\/\/www.boxrepsol.com\/es\/rally\/isidre-esteve-inicia-dakar-2021-prologo\/#breadcrumb","itemListElement":[{"@type":"ListItem","position":1,"name":"Home","item":"https:\/\/www.boxrepsol.com\/es\/"},{"@type":"ListItem","position":2,"name":"Isidre Esteve inicia el Dakar 2021, contento y con muy buen \u2018feeling\u2019"}]},{"@type":"WebSite","@id":"https:\/\/www.boxrepsol.com\/es\/#website","url":"https:\/\/www.boxrepsol.com\/es\/","name":"Box Repsol","description":"Box Repsol Site","publisher":{"@id":"https:\/\/www.boxrepsol.com\/es\/#organization"},"potentialAction":[{"@type":"SearchAction","target":{"@type":"EntryPoint","urlTemplate":"https:\/\/www.boxrepsol.com\/es\/?s={search_term_string}"},"query-input":{"@type":"PropertyValueSpecification","valueRequired":true,"valueName":"search_term_string"}}],"inLanguage":"es"},{"@type":"Organization","@id":"https:\/\/www.boxrepsol.com\/es\/#organization","name":"Box Repsol","url":"https:\/\/www.boxrepsol.com\/es\/","logo":{"@type":"ImageObject","inLanguage":"es","@id":"https:\/\/www.boxrepsol.com\/es\/#\/schema\/logo\/image\/","url":"https:\/\/bxrepsol.s3.eu-west-1.amazonaws.com\/static\/2025\/07\/30083337\/favicon-96x96-1.png","contentUrl":"https:\/\/bxrepsol.s3.eu-west-1.amazonaws.com\/static\/2025\/07\/30083337\/favicon-96x96-1.png","width":96,"height":96,"caption":"Box Repsol"},"image":{"@id":"https:\/\/www.boxrepsol.com\/es\/#\/schema\/logo\/image\/"},"sameAs":["https:\/\/www.facebook.com\/BoxRepsol","https:\/\/x.com\/box_repsol","http:\/\/instagram.com\/box_repsol","https:\/\/www.youtube.com\/user\/RepsolCompeticion","https:\/\/www.flickr.com\/photos\/box_repsol\/"]},{"@type":"Person","@id":"https:\/\/www.boxrepsol.com\/es\/#\/schema\/person\/c5c2138f2cca251b0ad92b7086bb60b7","name":"Redacci\u00f3n Box Repsol","image":{"@type":"ImageObject","inLanguage":"es","@id":"https:\/\/secure.gravatar.com\/avatar\/adf7b77e38b4419baf32c7e9c21dde01f4e40df611f0978e3006fc4ba0aaab7e?s=96&d=mm&r=g","url":"https:\/\/secure.gravatar.com\/avatar\/adf7b77e38b4419baf32c7e9c21dde01f4e40df611f0978e3006fc4ba0aaab7e?s=96&d=mm&r=g","contentUrl":"https:\/\/secure.gravatar.com\/avatar\/adf7b77e38b4419baf32c7e9c21dde01f4e40df611f0978e3006fc4ba0aaab7e?s=96&d=mm&r=g","caption":"Redacci\u00f3n Box Repsol"},"description":"Box Repsol lo forma un equipo de periodistas, community managers, dise\u00f1adores y fot\u00f3grafos con m\u00e1s de 20 a\u00f1os de experiencia en el mundo del motorsport. Hemos vivido el primer mundial de un espa\u00f1ol en la categor\u00eda reina de motociclismo con \u00c1lex Crivill\u00e9, estuvimos en las victorias de Pedrosa y los t\u00edtulos de M\u00e1rquez, acompa\u00f1amos en \u00c1frica a Nani Roma y Marc Coma en sus conquistas del Dakar y hemos vibrado con los t\u00edtulos de Toni Bou en Trial. Adem\u00e1s, en nuestro equipo contamos con expertos en el mundo de las dos y cuatro ruedas tanto de la calle y las carreteras, como de los circuitos. Periodistas que han trabajado en revistas y publicaciones para hacerte llegar desde rutas y consejos de mantenimiento, a curiosidades y trucos de pilotaje.","sameAs":["https:\/\/www.facebook.com\/BoxRepsol\/","https:\/\/www.instagram.com\/box_repsol\/","https:\/\/x.com\/https:\/\/twitter.com\/box_repsol","https:\/\/www.youtube.com\/@Boxrepsol"],"url":"https:\/\/www.boxrepsol.com\/es\/author\/redaccion-box-repsol\/"}]}},"_links":{"self":[{"href":"https:\/\/www.boxrepsol.com\/es\/wp-json\/wp\/v2\/posts\/94783","targetHints":{"allow":["GET"]}}],"collection":[{"href":"https:\/\/www.boxrepsol.com\/es\/wp-json\/wp\/v2\/posts"}],"about":[{"href":"https:\/\/www.boxrepsol.com\/es\/wp-json\/wp\/v2\/types\/post"}],"author":[{"embeddable":true,"href":"https:\/\/www.boxrepsol.com\/es\/wp-json\/wp\/v2\/users\/43146"}],"replies":[{"embeddable":true,"href":"https:\/\/www.boxrepsol.com\/es\/wp-json\/wp\/v2\/comments?post=94783"}],"version-history":[{"count":1,"href":"https:\/\/www.boxrepsol.com\/es\/wp-json\/wp\/v2\/posts\/94783\/revisions"}],"predecessor-version":[{"id":94784,"href":"https:\/\/www.boxrepsol.com\/es\/wp-json\/wp\/v2\/posts\/94783\/revisions\/94784"}],"wp:featuredmedia":[{"embeddable":true,"href":"https:\/\/www.boxrepsol.com\/es\/wp-json\/wp\/v2\/media\/41828"}],"wp:attachment":[{"href":"https:\/\/www.boxrepsol.com\/es\/wp-json\/wp\/v2\/media?parent=94783"}],"wp:term":[{"taxonomy":"category","embeddable":true,"href":"https:\/\/www.boxrepsol.com\/es\/wp-json\/wp\/v2\/categories?post=94783"},{"taxonomy":"post_tag","embeddable":true,"href":"https:\/\/www.boxrepsol.com\/es\/wp-json\/wp\/v2\/tags?post=94783"}],"curies":[{"name":"wp","href":"https:\/\/api.w.org\/{rel}","templated":true}]}}