{"id":94779,"date":"2020-12-27T00:00:00","date_gmt":"2020-12-27T02:00:00","guid":{"rendered":"http:\/\/pre.boxrepsol.com\/sin-categorizar\/isidre-esteve-parte-al-dakar-2021-arabia-saudi\/"},"modified":"2024-04-18T07:09:43","modified_gmt":"2024-04-18T09:09:43","slug":"isidre-esteve-parte-al-dakar-2021-arabia-saudi","status":"publish","type":"post","link":"https:\/\/www.boxrepsol.com\/es\/rally\/isidre-esteve-parte-al-dakar-2021-arabia-saudi\/","title":{"rendered":"Isidre Esteve viaja a Arabia Saud\u00ed con ganas de hacer historia en el Dakar 2021"},"content":{"rendered":"<p>\u201cDebemos ser muy precavidos y comprendemos perfectamente todas las medidas que adopta la organizaci\u00f3n para que la carrera pueda celebrarse con normalidad\u201d.<\/p>\n<p>Isidre Esteve y el resto de miembros del Repsol Rally Team han partido este domingo desde el aeropuerto de Barcelona rumbo a Arabia Saud\u00ed, para disputar el Rally Dakar 2021 que arrancar\u00e1 el 2 de enero con la ceremonia de salida en Jeddah. El ilerdense liderar\u00e1 su proyecto m\u00e1s ambicioso desde que compite en coche, al contar con un competitivo Toyota Hilux Overdrive, con los mandos adaptados en el volante, que le permitir\u00e1 aspirar al top 10 por primera vez.<\/p>\n<p>La expedici\u00f3n ha volado despu\u00e9s de cumplir con todos los requisitos sanitarios, incluidos los test PCR 72 horas antes de partir. Una vez en Arabia Saud\u00ed, Isidre Esteve y sus compa\u00f1eros de equipo deber\u00e1n pasar dos d\u00edas de cuarentena en el hotel. Acto seguido, tendr\u00e1n que someterse a nuevas pruebas para constatar que est\u00e1n libres de Covid-19 y poder pasar as\u00ed a formar parte de la \u2018burbuja\u2019 dakariana.<\/p>\n<p><a href=\"https:\/\/bxrepsol.s3.eu-west-1.amazonaws.com\/static\/2022\/08\/05080329\/isidre-txema-toyota-hilux.jpg\" \n   title=\"El nuevo Toyota Hilux overdrive de Isidre Esteve\" \n   data-gallery-thumbnail=\"https:\/\/bxrepsol.s3.eu-west-1.amazonaws.com\/static\/2022\/08\/05080329\/isidre-txema-toyota-hilux.jpg\"\n   data-gallery-title=\"\"\n   data-gallery><\/p>\n<figure>\n        <picture style=\"padding-bottom: 46.875%; background-image: url(https:\/\/bxrepsol.s3.eu-west-1.amazonaws.com\/static\/2022\/08\/05080329\/isidre-txema-toyota-hilux.jpg);\">\n            <img decoding=\"async\" src=\"https:\/\/bxrepsol.s3.eu-west-1.amazonaws.com\/static\/2022\/08\/05080329\/isidre-txema-toyota-hilux.jpg\"><br \/>\n            <img itemprop=\"image\"\n                data-srcset=\"https:\/\/bxrepsol.s3.eu-west-1.amazonaws.com\/static\/2022\/08\/05080329\/isidre-txema-toyota-hilux.jpg 480w, https:\/\/bxrepsol.s3.eu-west-1.amazonaws.com\/static\/2022\/08\/05080329\/isidre-txema-toyota-hilux.jpg 600w, https:\/\/bxrepsol.s3.eu-west-1.amazonaws.com\/static\/2022\/08\/05080329\/isidre-txema-toyota-hilux.jpg 900w, https:\/\/bxrepsol.s3.eu-west-1.amazonaws.com\/static\/2022\/08\/05080329\/isidre-txema-toyota-hilux.jpg 1280w\"\n                data-src=\"https:\/\/bxrepsol.s3.eu-west-1.amazonaws.com\/static\/2022\/08\/05080329\/isidre-txema-toyota-hilux.jpg\"\n                alt=\"El nuevo Toyota Hilux overdrive de Isidre Esteve\"\n                title=\"isidre-txema-toyota-hilux\"\/><br \/>\n            <noscript><img decoding=\"async\" src=\"https:\/\/bxrepsol.s3.eu-west-1.amazonaws.com\/static\/2022\/08\/05080329\/isidre-txema-toyota-hilux.jpg\" alt=\"El nuevo Toyota Hilux overdrive de Isidre Esteve\"><\/noscript>\n        <\/picture><figcaption>El nuevo Toyota Hilux overdrive de Isidre Esteve<\/figcaption><\/figure>\n<p><\/a><\/p>\n<p>\u201cEste a\u00f1o todo es distinto, pero debemos ser muy precavidos y comprendemos perfectamente todas las medidas que adopta la organizaci\u00f3n, porque la salud es lo primero. Llevamos ya varios test y los que nos esperan\u2026 todo sea porque la carrera pueda celebrarse con normalidad\u201d, comentaba Isidre Esteve en el aeropuerto barcelon\u00e9s.<\/p>\n<p>A nivel deportivo, el piloto del Repsol Rally Team presagia \u201cuna edici\u00f3n apasionante, con mucho nivel en todas las categor\u00edas y varios aspirantes al triunfo. Me gusta el nuevo recorrido dise\u00f1ado para este a\u00f1o. La carrera se disputa m\u00e1s al norte para evitar las zonas r\u00e1pidas que se hac\u00edan interminables. Ser\u00e1 una edici\u00f3n de terreno muy variado, que obligar\u00e1 a trabajar mucho cada d\u00eda para conseguir un buen resultado. No habr\u00e1 una etapa extrema y otra de tr\u00e1mite, sino que todas tendr\u00e1n una dureza equilibrada y una navegaci\u00f3n complicada\u201d.<\/p>\n<p>En el aspecto personal, Isidre Esteve se ha marcado su reto m\u00e1s ambicioso y aspirar a conseguir un buen resultado: \u201cConscientes de lo duro que es un Dakar, nuestro objetivo es ser competitivos cada jornada, intentar no cometer errores y acabar las etapas cerca de los 15 primeros. Si lo logramos, seguro que al final estaremos en el top 10, lo que representar\u00eda un resultado fant\u00e1stico, si tenemos en cuenta el alt\u00edsimo nivel de esta edici\u00f3n\u201d.<\/p>\n<p>Para intentarlo, contar\u00e1 con el apoyo de Repsol, MGS Seguros, KH-7 Sport y Toyota Espa\u00f1a, en un proyecto que dispondr\u00e1 del veh\u00edculo m\u00e1s competitivo que nunca antes ha pilotado el de Oliana. \u201cEl Toyota Hilux es el coche que siempre hab\u00eda so\u00f1ado pilotar en el Dakar, porque est\u00e1 dise\u00f1ado para esta carrera. Adem\u00e1s de nuestros mec\u00e1nicos, contaremos con los servicios de Overdrive y una asistencia r\u00e1pida en carrera, lo que junto al buen trabajo realizado esta temporada, me hace ser muy optimista\u201d, sentenciaba Isidre Esteve poco antes de embarcar.<\/p>\n<p>En pocos d\u00edas, el Repsol Rally Team recuperar\u00e1 el Hilux en el puerto de Jeddah y el equipo podr\u00e1 realizar un breve test para comprobar que todo funciona de forma correcta y el viaje en barco no ha afectado a ninguna pieza. Ser\u00e1 el \u00faltimo tr\u00e1mite antes de afrontar del 2 al 15 de enero una pr\u00f3logo y 12 etapas con 7.646 kil\u00f3metros en total, de los cuales 4.767 km ser\u00e1n cronometrados.<\/p>\n","protected":false},"excerpt":{"rendered":"<p>El ilerdense ha volado este domingo hacia Jeddah junto a su copiloto Txema Villalobos y el resto del Repsol Rally Team. Una vez all\u00ed pasar\u00e1n un test PCR para confirmar que est\u00e1n libres de coronavirus y poder entrar en la \u2018burbuja\u2019 dakariana.<\/p>\n","protected":false},"author":43146,"featured_media":41808,"comment_status":"open","ping_status":"open","sticky":false,"template":"","format":"standard","meta":{"footnotes":""},"categories":[27],"tags":[194,201,29,183],"class_list":["post-94779","post","type-post","status-publish","format-standard","hentry","category-rally","tag-194","tag-dakar","tag-isidre-esteve","tag-repsol-rally-team"],"yoast_head":"<!-- This site is optimized with the Yoast SEO plugin v27.3 - https:\/\/yoast.com\/product\/yoast-seo-wordpress\/ -->\n<title>Isidre Esteve viaja a Arabia Saud\u00ed con ganas de hacer historia en el Dakar 2021 - Box Repsol<\/title>\n<meta name=\"description\" content=\"Dakar 2021. El ilerdense ha volado este domingo hacia Jeddah junto a su copiloto Txema Villalobos y el resto del Repsol Rally Team.\" \/>\n<link rel=\"canonical\" href=\"https:\/\/www.boxrepsol.com\/es\/rally\/isidre-esteve-parte-al-dakar-2021-arabia-saudi\/\" \/>\n<meta property=\"og:locale\" content=\"es_ES\" \/>\n<meta property=\"og:type\" content=\"article\" \/>\n<meta property=\"og:title\" content=\"Isidre Esteve viaja a Arabia Saud\u00ed con ganas de hacer historia en el Dakar 2021 - Box Repsol\" \/>\n<meta property=\"og:description\" content=\"Dakar 2021. El ilerdense ha volado este domingo hacia Jeddah junto a su copiloto Txema Villalobos y el resto del Repsol Rally Team.\" \/>\n<meta property=\"og:url\" content=\"https:\/\/www.boxrepsol.com\/es\/rally\/isidre-esteve-parte-al-dakar-2021-arabia-saudi\/\" \/>\n<meta property=\"og:site_name\" content=\"Box Repsol\" \/>\n<meta property=\"article:publisher\" content=\"https:\/\/www.facebook.com\/BoxRepsol\" \/>\n<meta property=\"article:author\" content=\"https:\/\/www.facebook.com\/BoxRepsol\/\" \/>\n<meta property=\"article:published_time\" content=\"2020-12-27T02:00:00+00:00\" \/>\n<meta property=\"article:modified_time\" content=\"2024-04-18T09:09:43+00:00\" \/>\n<meta property=\"og:image\" content=\"https:\/\/bxrepsol.s3.eu-west-1.amazonaws.com\/static\/2022\/08\/09121312\/partida-dakar-2021-1.jpg\" \/>\n\t<meta property=\"og:image:width\" content=\"1280\" \/>\n\t<meta property=\"og:image:height\" content=\"720\" \/>\n\t<meta property=\"og:image:type\" content=\"image\/jpeg\" \/>\n<meta name=\"author\" content=\"Redacci\u00f3n Box Repsol\" \/>\n<meta name=\"twitter:card\" content=\"summary_large_image\" \/>\n<meta name=\"twitter:creator\" content=\"@https:\/\/twitter.com\/box_repsol\" \/>\n<meta name=\"twitter:site\" content=\"@box_repsol\" \/>\n<meta name=\"twitter:label1\" content=\"Written by\" \/>\n\t<meta name=\"twitter:data1\" content=\"Redacci\u00f3n Box Repsol\" \/>\n\t<meta name=\"twitter:label2\" content=\"Est. reading time\" \/>\n\t<meta name=\"twitter:data2\" content=\"3 minutos\" \/>\n<script type=\"application\/ld+json\" class=\"yoast-schema-graph\">{\"@context\":\"https:\\\/\\\/schema.org\",\"@graph\":[{\"@type\":\"Article\",\"@id\":\"https:\\\/\\\/www.boxrepsol.com\\\/es\\\/rally\\\/isidre-esteve-parte-al-dakar-2021-arabia-saudi\\\/#article\",\"isPartOf\":{\"@id\":\"https:\\\/\\\/www.boxrepsol.com\\\/es\\\/rally\\\/isidre-esteve-parte-al-dakar-2021-arabia-saudi\\\/\"},\"author\":{\"name\":\"Redacci\u00f3n Box Repsol\",\"@id\":\"https:\\\/\\\/www.boxrepsol.com\\\/es\\\/#\\\/schema\\\/person\\\/c5c2138f2cca251b0ad92b7086bb60b7\"},\"headline\":\"Isidre Esteve viaja a Arabia Saud\u00ed con ganas de hacer historia en el Dakar 2021\",\"datePublished\":\"2020-12-27T02:00:00+00:00\",\"dateModified\":\"2024-04-18T09:09:43+00:00\",\"mainEntityOfPage\":{\"@id\":\"https:\\\/\\\/www.boxrepsol.com\\\/es\\\/rally\\\/isidre-esteve-parte-al-dakar-2021-arabia-saudi\\\/\"},\"wordCount\":601,\"commentCount\":0,\"publisher\":{\"@id\":\"https:\\\/\\\/www.boxrepsol.com\\\/es\\\/#organization\"},\"image\":{\"@id\":\"https:\\\/\\\/www.boxrepsol.com\\\/es\\\/rally\\\/isidre-esteve-parte-al-dakar-2021-arabia-saudi\\\/#primaryimage\"},\"thumbnailUrl\":\"https:\\\/\\\/bxrepsol.s3.eu-west-1.amazonaws.com\\\/static\\\/2022\\\/08\\\/09121312\\\/partida-dakar-2021-1.jpg\",\"keywords\":[\"2021\",\"Dakar\",\"Isidre Esteve\",\"Repsol Rally Team\"],\"articleSection\":[\"Rally\"],\"inLanguage\":\"es\",\"potentialAction\":[{\"@type\":\"CommentAction\",\"name\":\"Comment\",\"target\":[\"https:\\\/\\\/www.boxrepsol.com\\\/es\\\/rally\\\/isidre-esteve-parte-al-dakar-2021-arabia-saudi\\\/#respond\"]}]},{\"@type\":\"WebPage\",\"@id\":\"https:\\\/\\\/www.boxrepsol.com\\\/es\\\/rally\\\/isidre-esteve-parte-al-dakar-2021-arabia-saudi\\\/\",\"url\":\"https:\\\/\\\/www.boxrepsol.com\\\/es\\\/rally\\\/isidre-esteve-parte-al-dakar-2021-arabia-saudi\\\/\",\"name\":\"Isidre Esteve viaja a Arabia Saud\u00ed con ganas de hacer historia en el Dakar 2021 - Box Repsol\",\"isPartOf\":{\"@id\":\"https:\\\/\\\/www.boxrepsol.com\\\/es\\\/#website\"},\"primaryImageOfPage\":{\"@id\":\"https:\\\/\\\/www.boxrepsol.com\\\/es\\\/rally\\\/isidre-esteve-parte-al-dakar-2021-arabia-saudi\\\/#primaryimage\"},\"image\":{\"@id\":\"https:\\\/\\\/www.boxrepsol.com\\\/es\\\/rally\\\/isidre-esteve-parte-al-dakar-2021-arabia-saudi\\\/#primaryimage\"},\"thumbnailUrl\":\"https:\\\/\\\/bxrepsol.s3.eu-west-1.amazonaws.com\\\/static\\\/2022\\\/08\\\/09121312\\\/partida-dakar-2021-1.jpg\",\"datePublished\":\"2020-12-27T02:00:00+00:00\",\"dateModified\":\"2024-04-18T09:09:43+00:00\",\"description\":\"Dakar 2021. El ilerdense ha volado este domingo hacia Jeddah junto a su copiloto Txema Villalobos y el resto del Repsol Rally Team.\",\"breadcrumb\":{\"@id\":\"https:\\\/\\\/www.boxrepsol.com\\\/es\\\/rally\\\/isidre-esteve-parte-al-dakar-2021-arabia-saudi\\\/#breadcrumb\"},\"inLanguage\":\"es\",\"potentialAction\":[{\"@type\":\"ReadAction\",\"target\":[\"https:\\\/\\\/www.boxrepsol.com\\\/es\\\/rally\\\/isidre-esteve-parte-al-dakar-2021-arabia-saudi\\\/\"]}]},{\"@type\":\"ImageObject\",\"inLanguage\":\"es\",\"@id\":\"https:\\\/\\\/www.boxrepsol.com\\\/es\\\/rally\\\/isidre-esteve-parte-al-dakar-2021-arabia-saudi\\\/#primaryimage\",\"url\":\"https:\\\/\\\/bxrepsol.s3.eu-west-1.amazonaws.com\\\/static\\\/2022\\\/08\\\/09121312\\\/partida-dakar-2021-1.jpg\",\"contentUrl\":\"https:\\\/\\\/bxrepsol.s3.eu-west-1.amazonaws.com\\\/static\\\/2022\\\/08\\\/09121312\\\/partida-dakar-2021-1.jpg\",\"width\":1280,\"height\":720,\"caption\":\"Isidre Esteve parte al Dakar 2021 con su equipo\"},{\"@type\":\"BreadcrumbList\",\"@id\":\"https:\\\/\\\/www.boxrepsol.com\\\/es\\\/rally\\\/isidre-esteve-parte-al-dakar-2021-arabia-saudi\\\/#breadcrumb\",\"itemListElement\":[{\"@type\":\"ListItem\",\"position\":1,\"name\":\"Home\",\"item\":\"https:\\\/\\\/www.boxrepsol.com\\\/es\\\/\"},{\"@type\":\"ListItem\",\"position\":2,\"name\":\"Isidre Esteve viaja a Arabia Saud\u00ed con ganas de hacer historia en el Dakar 2021\"}]},{\"@type\":\"WebSite\",\"@id\":\"https:\\\/\\\/www.boxrepsol.com\\\/es\\\/#website\",\"url\":\"https:\\\/\\\/www.boxrepsol.com\\\/es\\\/\",\"name\":\"Box Repsol\",\"description\":\"Box Repsol Site\",\"publisher\":{\"@id\":\"https:\\\/\\\/www.boxrepsol.com\\\/es\\\/#organization\"},\"potentialAction\":[{\"@type\":\"SearchAction\",\"target\":{\"@type\":\"EntryPoint\",\"urlTemplate\":\"https:\\\/\\\/www.boxrepsol.com\\\/es\\\/?s={search_term_string}\"},\"query-input\":{\"@type\":\"PropertyValueSpecification\",\"valueRequired\":true,\"valueName\":\"search_term_string\"}}],\"inLanguage\":\"es\"},{\"@type\":\"Organization\",\"@id\":\"https:\\\/\\\/www.boxrepsol.com\\\/es\\\/#organization\",\"name\":\"Box Repsol\",\"url\":\"https:\\\/\\\/www.boxrepsol.com\\\/es\\\/\",\"logo\":{\"@type\":\"ImageObject\",\"inLanguage\":\"es\",\"@id\":\"https:\\\/\\\/www.boxrepsol.com\\\/es\\\/#\\\/schema\\\/logo\\\/image\\\/\",\"url\":\"https:\\\/\\\/bxrepsol.s3.eu-west-1.amazonaws.com\\\/static\\\/2025\\\/07\\\/30083337\\\/favicon-96x96-1.png\",\"contentUrl\":\"https:\\\/\\\/bxrepsol.s3.eu-west-1.amazonaws.com\\\/static\\\/2025\\\/07\\\/30083337\\\/favicon-96x96-1.png\",\"width\":96,\"height\":96,\"caption\":\"Box Repsol\"},\"image\":{\"@id\":\"https:\\\/\\\/www.boxrepsol.com\\\/es\\\/#\\\/schema\\\/logo\\\/image\\\/\"},\"sameAs\":[\"https:\\\/\\\/www.facebook.com\\\/BoxRepsol\",\"https:\\\/\\\/x.com\\\/box_repsol\",\"http:\\\/\\\/instagram.com\\\/box_repsol\",\"https:\\\/\\\/www.youtube.com\\\/user\\\/RepsolCompeticion\",\"https:\\\/\\\/www.flickr.com\\\/photos\\\/box_repsol\\\/\"]},{\"@type\":\"Person\",\"@id\":\"https:\\\/\\\/www.boxrepsol.com\\\/es\\\/#\\\/schema\\\/person\\\/c5c2138f2cca251b0ad92b7086bb60b7\",\"name\":\"Redacci\u00f3n Box Repsol\",\"image\":{\"@type\":\"ImageObject\",\"inLanguage\":\"es\",\"@id\":\"https:\\\/\\\/secure.gravatar.com\\\/avatar\\\/adf7b77e38b4419baf32c7e9c21dde01f4e40df611f0978e3006fc4ba0aaab7e?s=96&d=mm&r=g\",\"url\":\"https:\\\/\\\/secure.gravatar.com\\\/avatar\\\/adf7b77e38b4419baf32c7e9c21dde01f4e40df611f0978e3006fc4ba0aaab7e?s=96&d=mm&r=g\",\"contentUrl\":\"https:\\\/\\\/secure.gravatar.com\\\/avatar\\\/adf7b77e38b4419baf32c7e9c21dde01f4e40df611f0978e3006fc4ba0aaab7e?s=96&d=mm&r=g\",\"caption\":\"Redacci\u00f3n Box Repsol\"},\"description\":\"Box Repsol lo forma un equipo de periodistas, community managers, dise\u00f1adores y fot\u00f3grafos con m\u00e1s de 20 a\u00f1os de experiencia en el mundo del motorsport. Hemos vivido el primer mundial de un espa\u00f1ol en la categor\u00eda reina de motociclismo con \u00c1lex Crivill\u00e9, estuvimos en las victorias de Pedrosa y los t\u00edtulos de M\u00e1rquez, acompa\u00f1amos en \u00c1frica a Nani Roma y Marc Coma en sus conquistas del Dakar y hemos vibrado con los t\u00edtulos de Toni Bou en Trial. Adem\u00e1s, en nuestro equipo contamos con expertos en el mundo de las dos y cuatro ruedas tanto de la calle y las carreteras, como de los circuitos. Periodistas que han trabajado en revistas y publicaciones para hacerte llegar desde rutas y consejos de mantenimiento, a curiosidades y trucos de pilotaje.\",\"sameAs\":[\"https:\\\/\\\/www.facebook.com\\\/BoxRepsol\\\/\",\"https:\\\/\\\/www.instagram.com\\\/box_repsol\\\/\",\"https:\\\/\\\/x.com\\\/https:\\\/\\\/twitter.com\\\/box_repsol\",\"https:\\\/\\\/www.youtube.com\\\/@Boxrepsol\"],\"url\":\"https:\\\/\\\/www.boxrepsol.com\\\/es\\\/author\\\/redaccion-box-repsol\\\/\"}]}<\/script>\n<!-- \/ Yoast SEO plugin. -->","yoast_head_json":{"title":"Isidre Esteve viaja a Arabia Saud\u00ed con ganas de hacer historia en el Dakar 2021 - Box Repsol","description":"Dakar 2021. El ilerdense ha volado este domingo hacia Jeddah junto a su copiloto Txema Villalobos y el resto del Repsol Rally Team.","canonical":"https:\/\/www.boxrepsol.com\/es\/rally\/isidre-esteve-parte-al-dakar-2021-arabia-saudi\/","og_locale":"es_ES","og_type":"article","og_title":"Isidre Esteve viaja a Arabia Saud\u00ed con ganas de hacer historia en el Dakar 2021 - Box Repsol","og_description":"Dakar 2021. El ilerdense ha volado este domingo hacia Jeddah junto a su copiloto Txema Villalobos y el resto del Repsol Rally Team.","og_url":"https:\/\/www.boxrepsol.com\/es\/rally\/isidre-esteve-parte-al-dakar-2021-arabia-saudi\/","og_site_name":"Box Repsol","article_publisher":"https:\/\/www.facebook.com\/BoxRepsol","article_author":"https:\/\/www.facebook.com\/BoxRepsol\/","article_published_time":"2020-12-27T02:00:00+00:00","article_modified_time":"2024-04-18T09:09:43+00:00","og_image":[{"width":1280,"height":720,"url":"https:\/\/bxrepsol.s3.eu-west-1.amazonaws.com\/static\/2022\/08\/09121312\/partida-dakar-2021-1.jpg","type":"image\/jpeg"}],"author":"Redacci\u00f3n Box Repsol","twitter_card":"summary_large_image","twitter_creator":"@https:\/\/twitter.com\/box_repsol","twitter_site":"@box_repsol","twitter_misc":{"Written by":"Redacci\u00f3n Box Repsol","Est. reading time":"3 minutos"},"schema":{"@context":"https:\/\/schema.org","@graph":[{"@type":"Article","@id":"https:\/\/www.boxrepsol.com\/es\/rally\/isidre-esteve-parte-al-dakar-2021-arabia-saudi\/#article","isPartOf":{"@id":"https:\/\/www.boxrepsol.com\/es\/rally\/isidre-esteve-parte-al-dakar-2021-arabia-saudi\/"},"author":{"name":"Redacci\u00f3n Box Repsol","@id":"https:\/\/www.boxrepsol.com\/es\/#\/schema\/person\/c5c2138f2cca251b0ad92b7086bb60b7"},"headline":"Isidre Esteve viaja a Arabia Saud\u00ed con ganas de hacer historia en el Dakar 2021","datePublished":"2020-12-27T02:00:00+00:00","dateModified":"2024-04-18T09:09:43+00:00","mainEntityOfPage":{"@id":"https:\/\/www.boxrepsol.com\/es\/rally\/isidre-esteve-parte-al-dakar-2021-arabia-saudi\/"},"wordCount":601,"commentCount":0,"publisher":{"@id":"https:\/\/www.boxrepsol.com\/es\/#organization"},"image":{"@id":"https:\/\/www.boxrepsol.com\/es\/rally\/isidre-esteve-parte-al-dakar-2021-arabia-saudi\/#primaryimage"},"thumbnailUrl":"https:\/\/bxrepsol.s3.eu-west-1.amazonaws.com\/static\/2022\/08\/09121312\/partida-dakar-2021-1.jpg","keywords":["2021","Dakar","Isidre Esteve","Repsol Rally Team"],"articleSection":["Rally"],"inLanguage":"es","potentialAction":[{"@type":"CommentAction","name":"Comment","target":["https:\/\/www.boxrepsol.com\/es\/rally\/isidre-esteve-parte-al-dakar-2021-arabia-saudi\/#respond"]}]},{"@type":"WebPage","@id":"https:\/\/www.boxrepsol.com\/es\/rally\/isidre-esteve-parte-al-dakar-2021-arabia-saudi\/","url":"https:\/\/www.boxrepsol.com\/es\/rally\/isidre-esteve-parte-al-dakar-2021-arabia-saudi\/","name":"Isidre Esteve viaja a Arabia Saud\u00ed con ganas de hacer historia en el Dakar 2021 - Box Repsol","isPartOf":{"@id":"https:\/\/www.boxrepsol.com\/es\/#website"},"primaryImageOfPage":{"@id":"https:\/\/www.boxrepsol.com\/es\/rally\/isidre-esteve-parte-al-dakar-2021-arabia-saudi\/#primaryimage"},"image":{"@id":"https:\/\/www.boxrepsol.com\/es\/rally\/isidre-esteve-parte-al-dakar-2021-arabia-saudi\/#primaryimage"},"thumbnailUrl":"https:\/\/bxrepsol.s3.eu-west-1.amazonaws.com\/static\/2022\/08\/09121312\/partida-dakar-2021-1.jpg","datePublished":"2020-12-27T02:00:00+00:00","dateModified":"2024-04-18T09:09:43+00:00","description":"Dakar 2021. El ilerdense ha volado este domingo hacia Jeddah junto a su copiloto Txema Villalobos y el resto del Repsol Rally Team.","breadcrumb":{"@id":"https:\/\/www.boxrepsol.com\/es\/rally\/isidre-esteve-parte-al-dakar-2021-arabia-saudi\/#breadcrumb"},"inLanguage":"es","potentialAction":[{"@type":"ReadAction","target":["https:\/\/www.boxrepsol.com\/es\/rally\/isidre-esteve-parte-al-dakar-2021-arabia-saudi\/"]}]},{"@type":"ImageObject","inLanguage":"es","@id":"https:\/\/www.boxrepsol.com\/es\/rally\/isidre-esteve-parte-al-dakar-2021-arabia-saudi\/#primaryimage","url":"https:\/\/bxrepsol.s3.eu-west-1.amazonaws.com\/static\/2022\/08\/09121312\/partida-dakar-2021-1.jpg","contentUrl":"https:\/\/bxrepsol.s3.eu-west-1.amazonaws.com\/static\/2022\/08\/09121312\/partida-dakar-2021-1.jpg","width":1280,"height":720,"caption":"Isidre Esteve parte al Dakar 2021 con su equipo"},{"@type":"BreadcrumbList","@id":"https:\/\/www.boxrepsol.com\/es\/rally\/isidre-esteve-parte-al-dakar-2021-arabia-saudi\/#breadcrumb","itemListElement":[{"@type":"ListItem","position":1,"name":"Home","item":"https:\/\/www.boxrepsol.com\/es\/"},{"@type":"ListItem","position":2,"name":"Isidre Esteve viaja a Arabia Saud\u00ed con ganas de hacer historia en el Dakar 2021"}]},{"@type":"WebSite","@id":"https:\/\/www.boxrepsol.com\/es\/#website","url":"https:\/\/www.boxrepsol.com\/es\/","name":"Box Repsol","description":"Box Repsol Site","publisher":{"@id":"https:\/\/www.boxrepsol.com\/es\/#organization"},"potentialAction":[{"@type":"SearchAction","target":{"@type":"EntryPoint","urlTemplate":"https:\/\/www.boxrepsol.com\/es\/?s={search_term_string}"},"query-input":{"@type":"PropertyValueSpecification","valueRequired":true,"valueName":"search_term_string"}}],"inLanguage":"es"},{"@type":"Organization","@id":"https:\/\/www.boxrepsol.com\/es\/#organization","name":"Box Repsol","url":"https:\/\/www.boxrepsol.com\/es\/","logo":{"@type":"ImageObject","inLanguage":"es","@id":"https:\/\/www.boxrepsol.com\/es\/#\/schema\/logo\/image\/","url":"https:\/\/bxrepsol.s3.eu-west-1.amazonaws.com\/static\/2025\/07\/30083337\/favicon-96x96-1.png","contentUrl":"https:\/\/bxrepsol.s3.eu-west-1.amazonaws.com\/static\/2025\/07\/30083337\/favicon-96x96-1.png","width":96,"height":96,"caption":"Box Repsol"},"image":{"@id":"https:\/\/www.boxrepsol.com\/es\/#\/schema\/logo\/image\/"},"sameAs":["https:\/\/www.facebook.com\/BoxRepsol","https:\/\/x.com\/box_repsol","http:\/\/instagram.com\/box_repsol","https:\/\/www.youtube.com\/user\/RepsolCompeticion","https:\/\/www.flickr.com\/photos\/box_repsol\/"]},{"@type":"Person","@id":"https:\/\/www.boxrepsol.com\/es\/#\/schema\/person\/c5c2138f2cca251b0ad92b7086bb60b7","name":"Redacci\u00f3n Box Repsol","image":{"@type":"ImageObject","inLanguage":"es","@id":"https:\/\/secure.gravatar.com\/avatar\/adf7b77e38b4419baf32c7e9c21dde01f4e40df611f0978e3006fc4ba0aaab7e?s=96&d=mm&r=g","url":"https:\/\/secure.gravatar.com\/avatar\/adf7b77e38b4419baf32c7e9c21dde01f4e40df611f0978e3006fc4ba0aaab7e?s=96&d=mm&r=g","contentUrl":"https:\/\/secure.gravatar.com\/avatar\/adf7b77e38b4419baf32c7e9c21dde01f4e40df611f0978e3006fc4ba0aaab7e?s=96&d=mm&r=g","caption":"Redacci\u00f3n Box Repsol"},"description":"Box Repsol lo forma un equipo de periodistas, community managers, dise\u00f1adores y fot\u00f3grafos con m\u00e1s de 20 a\u00f1os de experiencia en el mundo del motorsport. Hemos vivido el primer mundial de un espa\u00f1ol en la categor\u00eda reina de motociclismo con \u00c1lex Crivill\u00e9, estuvimos en las victorias de Pedrosa y los t\u00edtulos de M\u00e1rquez, acompa\u00f1amos en \u00c1frica a Nani Roma y Marc Coma en sus conquistas del Dakar y hemos vibrado con los t\u00edtulos de Toni Bou en Trial. Adem\u00e1s, en nuestro equipo contamos con expertos en el mundo de las dos y cuatro ruedas tanto de la calle y las carreteras, como de los circuitos. Periodistas que han trabajado en revistas y publicaciones para hacerte llegar desde rutas y consejos de mantenimiento, a curiosidades y trucos de pilotaje.","sameAs":["https:\/\/www.facebook.com\/BoxRepsol\/","https:\/\/www.instagram.com\/box_repsol\/","https:\/\/x.com\/https:\/\/twitter.com\/box_repsol","https:\/\/www.youtube.com\/@Boxrepsol"],"url":"https:\/\/www.boxrepsol.com\/es\/author\/redaccion-box-repsol\/"}]}},"_links":{"self":[{"href":"https:\/\/www.boxrepsol.com\/es\/wp-json\/wp\/v2\/posts\/94779","targetHints":{"allow":["GET"]}}],"collection":[{"href":"https:\/\/www.boxrepsol.com\/es\/wp-json\/wp\/v2\/posts"}],"about":[{"href":"https:\/\/www.boxrepsol.com\/es\/wp-json\/wp\/v2\/types\/post"}],"author":[{"embeddable":true,"href":"https:\/\/www.boxrepsol.com\/es\/wp-json\/wp\/v2\/users\/43146"}],"replies":[{"embeddable":true,"href":"https:\/\/www.boxrepsol.com\/es\/wp-json\/wp\/v2\/comments?post=94779"}],"version-history":[{"count":1,"href":"https:\/\/www.boxrepsol.com\/es\/wp-json\/wp\/v2\/posts\/94779\/revisions"}],"predecessor-version":[{"id":94780,"href":"https:\/\/www.boxrepsol.com\/es\/wp-json\/wp\/v2\/posts\/94779\/revisions\/94780"}],"wp:featuredmedia":[{"embeddable":true,"href":"https:\/\/www.boxrepsol.com\/es\/wp-json\/wp\/v2\/media\/41808"}],"wp:attachment":[{"href":"https:\/\/www.boxrepsol.com\/es\/wp-json\/wp\/v2\/media?parent=94779"}],"wp:term":[{"taxonomy":"category","embeddable":true,"href":"https:\/\/www.boxrepsol.com\/es\/wp-json\/wp\/v2\/categories?post=94779"},{"taxonomy":"post_tag","embeddable":true,"href":"https:\/\/www.boxrepsol.com\/es\/wp-json\/wp\/v2\/tags?post=94779"}],"curies":[{"name":"wp","href":"https:\/\/api.w.org\/{rel}","templated":true}]}}