{"id":94775,"date":"2020-12-28T00:00:00","date_gmt":"2020-12-28T02:00:00","guid":{"rendered":"http:\/\/pre.boxrepsol.com\/sin-categorizar\/dakar-2021-recorrido-rally\/"},"modified":"2024-04-18T07:09:59","modified_gmt":"2024-04-18T09:09:59","slug":"dakar-2021-recorrido-rally","status":"publish","type":"post","link":"https:\/\/www.boxrepsol.com\/es\/rally\/dakar-2021-recorrido-rally\/","title":{"rendered":"Dakar 2021, el recorrido del rally m\u00e1s exigente del a\u00f1o"},"content":{"rendered":"<p><strong>Dakar 2021<\/strong>: Arabia Saudita es el trig\u00e9simo pa\u00eds que acoge, al menos, una parte de esta prueba. Al igual que en 2020, el Dakar transcurrir\u00e1 totalmente por este reino, que se ubica en la Pen\u00ednsula Ar\u00e1biga y es el pa\u00eds m\u00e1s grande de Oriente Pr\u00f3ximo, as\u00ed como el d\u00e9cimo tercero m\u00e1s grande del mundo, con 2.149.692 m2, si bien es cierto que casi una cuarta parte del territorio est\u00e1 despoblada. La mayor parte de su superficie est\u00e1 cubierta por zonas des\u00e9rticas y son frecuentes las tormentas de arena.<\/p>\n<p>Posee cinco lugares inscritos en el patrimonio mundial de la UNESCO, donde destaca La Meca, el lugar al que millones de musulmanes peregrinan cada a\u00f1o.<\/p>\n<p>Durante la estancia del Dakar en el mes de enero, las temperaturas diurnas suelen superar los 30 \u00baC, bajando estas por debajo de 0 \u00baC durante las noches, lo que supone una dura prueba para las mec\u00e1nicas.<\/p>\n<p>Para este a\u00f1o los cambios en el reglamento incluyen el nuevo <em>roadbook<\/em> en tabletas para los pilotos de \u00e9lite. Este se entregar\u00e1 a los participantes poco antes de tomar la salida de cada etapa. Adem\u00e1s, se han a\u00f1adido alertas sonoras y anotaciones especiales para zonas cr\u00edticas.<\/p>\n<p><a href=\"https:\/\/bxrepsol.s3.eu-west-1.amazonaws.com\/static\/2022\/08\/09121256\/recorrido-dakar-2021-2.jpg\" \n   title=\"Recorrido Dakar 2021\" \n   data-gallery-thumbnail=\"https:\/\/bxrepsol.s3.eu-west-1.amazonaws.com\/static\/2022\/08\/09121256\/recorrido-dakar-2021-2.jpg\"\n   data-gallery-title=\"\"\n   data-gallery><\/p>\n<figure>\n        <picture style=\"padding-bottom: 84%; background-image: url(https:\/\/bxrepsol.s3.eu-west-1.amazonaws.com\/static\/2022\/08\/09121256\/recorrido-dakar-2021-2.jpg);\">\n            <img decoding=\"async\" src=\"https:\/\/bxrepsol.s3.eu-west-1.amazonaws.com\/static\/2022\/08\/09121256\/recorrido-dakar-2021-2.jpg\"><br \/>\n            <img itemprop=\"image\"\n                data-srcset=\"https:\/\/bxrepsol.s3.eu-west-1.amazonaws.com\/static\/2022\/08\/09121256\/recorrido-dakar-2021-2.jpg 480w, https:\/\/bxrepsol.s3.eu-west-1.amazonaws.com\/static\/2022\/08\/09121256\/recorrido-dakar-2021-2.jpg 600w, https:\/\/bxrepsol.s3.eu-west-1.amazonaws.com\/static\/2022\/08\/09121256\/recorrido-dakar-2021-2.jpg 900w\"\n                data-src=\"https:\/\/bxrepsol.s3.eu-west-1.amazonaws.com\/static\/2022\/08\/09121256\/recorrido-dakar-2021-2.jpg\"\n                alt=\"Recorrido Dakar 2021\"\n                title=\"recorrido-dakar-2021\"\/><br \/>\n            <noscript><img decoding=\"async\" src=\"https:\/\/bxrepsol.s3.eu-west-1.amazonaws.com\/static\/2022\/08\/09121256\/recorrido-dakar-2021-2.jpg\" alt=\"Recorrido Dakar 2021\"><\/noscript>\n        <\/picture><figcaption>Recorrido Dakar 2021<\/figcaption><\/figure>\n<p><\/a><\/p>\n<p>La etapa pr\u00f3logo comenzar\u00e1 el s\u00e1bado 2 de enero en Jeddah, y el Dakar 2021 llegar\u00e1 a su fin el viernes 15 de enero en el mismo lugar. Este a\u00f1o, el recorrido se realizar\u00e1 en sentido contrario al de 2019. Comenzaremos bajando al sur para tomar luego direcci\u00f3n este. Despu\u00e9s, tomaremos rumbo norte, pasando por Riyadh hasta llegar a Sakaka, donde se giraremos al oeste hasta Neom, y de all\u00ed rumbo sur de vuelta a Jeddah. Todas las especiales de este a\u00f1o recorrer\u00e1n tramos in\u00e9ditos.<\/p>\n<p><strong>D\u00eda 1, pr\u00f3logo<\/strong> \u2013 2\/01\/21.<br \/>\n Una etapa circular de 11 kil\u00f3metros en Jeddah, que servir\u00e1 sobre todo para determinar el orden de salida del d\u00eda siguiente.<\/p>\n<p><strong>D\u00eda 2, etapa 1<\/strong> \u2013 3\/01\/21. Jeddah \u2013 Bisha.<br \/>\n 622 kil\u00f3metros, 277 de ellos cronometrados. La verdadera prueba comenzar\u00e1 y lo har\u00e1 por pistas, lo que obligar\u00e1 a los copilotos a estar atentos a las intersecciones y a los pilotos a vigilar las piedras para evitar sustos.  <\/p>\n<p><strong>D\u00eda 3, etapa 2<\/strong> \u2013 4\/01\/21. Bisha \u2013 Wadi Ad-Dawasir.<br \/>\n 685 kil\u00f3metros de los que 457 ser\u00e1n cronometrados. A poco de comenzar la especial nos encontraremos las primeras dunas de este Dakar 2021. 30 Kil\u00f3metros de monta\u00f1as de arena que dar\u00e1n paso a zonas fuera de pista en pleno desierto.<\/p>\n<p><strong>D\u00eda 4, etapa 3<\/strong> \u2013 05\/01\/21. Wadi Ad-Dawasir.<br \/>\n Etapa circular de 630 kil\u00f3metros de desierto y dunas con un total de 403 cronometrados.  El color amarillo y dorado de las dunas acompa\u00f1ar\u00e1 a los participantes mientras enlazan las monta\u00f1as de arena y zonas t\u00e9cnicas.<\/p>\n<p><a href=\"https:\/\/bxrepsol.s3.eu-west-1.amazonaws.com\/static\/2022\/08\/09121257\/toyota-hilux-salto-2.jpg\" \n   title=\"Toyota Hilux pilotado por Isidre Esteve dando un salto\" \n   data-gallery-thumbnail=\"https:\/\/bxrepsol.s3.eu-west-1.amazonaws.com\/static\/2022\/08\/09121257\/toyota-hilux-salto-2.jpg\"\n   data-gallery-title=\"\"\n   data-gallery><\/p>\n<figure>\n        <picture style=\"padding-bottom: 56.25%; background-image: url(https:\/\/bxrepsol.s3.eu-west-1.amazonaws.com\/static\/2022\/08\/09121257\/toyota-hilux-salto-2.jpg);\">\n            <img decoding=\"async\" src=\"https:\/\/bxrepsol.s3.eu-west-1.amazonaws.com\/static\/2022\/08\/09121257\/toyota-hilux-salto-2.jpg\"><br \/>\n            <img itemprop=\"image\"\n                data-srcset=\"https:\/\/bxrepsol.s3.eu-west-1.amazonaws.com\/static\/2022\/08\/09121257\/toyota-hilux-salto-2.jpg 480w, https:\/\/bxrepsol.s3.eu-west-1.amazonaws.com\/static\/2022\/08\/09121257\/toyota-hilux-salto-2.jpg 600w, https:\/\/bxrepsol.s3.eu-west-1.amazonaws.com\/static\/2022\/08\/09121257\/toyota-hilux-salto-2.jpg 900w, https:\/\/bxrepsol.s3.eu-west-1.amazonaws.com\/static\/2022\/08\/09121257\/toyota-hilux-salto-2.jpg 1280w\"\n                data-src=\"https:\/\/bxrepsol.s3.eu-west-1.amazonaws.com\/static\/2022\/08\/09121257\/toyota-hilux-salto-2.jpg\"\n                alt=\"Toyota Hilux pilotado por Isidre Esteve dando un salto\"\n                title=\"toyota-hilux-salto\"\/><br \/>\n            <noscript><img decoding=\"async\" src=\"https:\/\/bxrepsol.s3.eu-west-1.amazonaws.com\/static\/2022\/08\/09121257\/toyota-hilux-salto-2.jpg\" alt=\"Toyota Hilux pilotado por Isidre Esteve dando un salto\"><\/noscript>\n        <\/picture><figcaption>Toyota Hilux pilotado por Isidre Esteve dando un salto<\/figcaption><\/figure>\n<p><\/a><\/p>\n<p><strong>D\u00eda 5, etapa 4<\/strong> \u2013 06\/01\/21. Wadi Ad-Dawasir \u2013 Riyadh.<br \/>\n Con 813 kil\u00f3metros ser\u00e1 la etapa m\u00e1s larga de esta edici\u00f3n, aunque tan solo 337 de ellos ser\u00e1n cronometrados. Ser\u00e1 una etapa de pistas, agradable para los participantes, pero en la que tampoco deber\u00e1n bajar la guardia, ya que un error en cualquier cruce les har\u00e1 perder un tiempo valioso.<\/p>\n<p><strong>D\u00eda 6, etapa 5<\/strong> \u2013 7\/01\/21. Riyadh \u2013 Buraydah.<br \/>\n 625 kil\u00f3metros de los que 419 ser\u00e1n de especial. Una complicada jornada que mezclar\u00e1 una gran zona de dunas con pistas y zonas de piedras. Los pilotos deber\u00e1n ser pacientes para no arriesgarse a pinchazos o a quedarse atrapados en la arena.<\/p>\n<p><strong>D\u00eda 7, etapa 6<\/strong> \u2013 8\/01\/21. Buraydah \u2013 Ha\u2019il.<br \/>\n 655 kil\u00f3metros, 485 de estos cronometrados. La jornada transcurrir\u00e1 \u00edntegramente por arena. Las dunas se volver\u00e1n traicioneras y atrapar\u00e1n a los participantes que se conf\u00eden. <\/p>\n<p><strong>D\u00eda 8, descanso<\/strong> &#8211; 9\/01\/21. Ha\u2019il.<br \/>\n Tras la dura jornada del d\u00eda anterior, los pilotos podr\u00e1n disfrutar de un merecido y reparador descanso.<\/p>\n<p><strong>D\u00eda 9, etapa 7<\/strong> \u2013 10\/01\/21. Ha\u2019il \u2013 Sakaka.<br \/>\n Etapa marat\u00f3n de 737 kil\u00f3metros con 471 cronometrados. Una monta\u00f1a rusa de m\u00e1s de 100 kil\u00f3metros de arena, seguidos de tramos de rocas y finalizando en pistas r\u00e1pidas y sinuosas.<\/p>\n<p>Solo los participantes podr\u00e1n realizar reparaciones a sus veh\u00edculos este d\u00eda, por lo que conservar la mec\u00e1nica ser\u00e1 vital.<\/p>\n<p><a href=\"https:\/\/bxrepsol.s3.eu-west-1.amazonaws.com\/static\/2022\/08\/09121258\/toyota-hilux-pista-2.jpg\" \n   title=\"Toyota Hilux pilotado por Isidre Esteve a toda velocidad\" \n   data-gallery-thumbnail=\"https:\/\/bxrepsol.s3.eu-west-1.amazonaws.com\/static\/2022\/08\/09121258\/toyota-hilux-pista-2.jpg\"\n   data-gallery-title=\"\"\n   data-gallery><\/p>\n<figure>\n        <picture style=\"padding-bottom: 46.875%; background-image: url(https:\/\/bxrepsol.s3.eu-west-1.amazonaws.com\/static\/2022\/08\/09121258\/toyota-hilux-pista-2.jpg);\">\n            <img decoding=\"async\" src=\"https:\/\/bxrepsol.s3.eu-west-1.amazonaws.com\/static\/2022\/08\/09121258\/toyota-hilux-pista-2.jpg\"><br \/>\n            <img itemprop=\"image\"\n                data-srcset=\"https:\/\/bxrepsol.s3.eu-west-1.amazonaws.com\/static\/2022\/08\/09121258\/toyota-hilux-pista-2.jpg 480w, https:\/\/bxrepsol.s3.eu-west-1.amazonaws.com\/static\/2022\/08\/09121258\/toyota-hilux-pista-2.jpg 600w, https:\/\/bxrepsol.s3.eu-west-1.amazonaws.com\/static\/2022\/08\/09121258\/toyota-hilux-pista-2.jpg 900w, https:\/\/bxrepsol.s3.eu-west-1.amazonaws.com\/static\/2022\/08\/09121258\/toyota-hilux-pista-2.jpg 1280w\"\n                data-src=\"https:\/\/bxrepsol.s3.eu-west-1.amazonaws.com\/static\/2022\/08\/09121258\/toyota-hilux-pista-2.jpg\"\n                alt=\"Toyota Hilux pilotado por Isidre Esteve a toda velocidad\"\n                title=\"toyota-hilux-pista\"\/><br \/>\n            <noscript><img decoding=\"async\" src=\"https:\/\/bxrepsol.s3.eu-west-1.amazonaws.com\/static\/2022\/08\/09121258\/toyota-hilux-pista-2.jpg\" alt=\"Toyota Hilux pilotado por Isidre Esteve a toda velocidad\"><\/noscript>\n        <\/picture><figcaption>Toyota Hilux pilotado por Isidre Esteve a toda velocidad<\/figcaption><\/figure>\n<p><\/a><\/p>\n<p><strong>D\u00eda 10, etapa 8<\/strong> \u2013 11\/01\/21. Sakaka \u2013 Neom.<br \/>\n 709 kil\u00f3metros de los que 375 ser\u00e1n de especial. Continuando con la marat\u00f3n del d\u00eda anterior, los pilotos que hayan sabido gestionar bien la salud de sus veh\u00edculos tendr\u00e1n una gran ventaja. Una de las etapas m\u00e1s bonitas de este Dakar, que discurrir\u00e1 por pistas de arena y piedras, y nos llevar\u00e1 por algunos de los lugares m\u00e1s bellos del pa\u00eds.<\/p>\n<p><strong>D\u00eda 11, etapa 9<\/strong> \u2013 12\/01\/21. Neom.<br \/>\n Etapa circular de 579 kil\u00f3metros con 465 cronometrados. Partiendo rumbo noreste a orillas del Mar Rojo, los pilotos dejar\u00e1n r\u00e1pidamente la relajante visi\u00f3n para adentrarse en una de las jornadas m\u00e1s duras de esta edici\u00f3n. Pistas r\u00e1pidas de arena llenas de trampas que har\u00e1n perder tiempo a los que m\u00e1s corran.<\/p>\n<p><a href=\"https:\/\/bxrepsol.s3.eu-west-1.amazonaws.com\/static\/2022\/08\/09121259\/toyota-hilux-playa-2.jpg\" \n   title=\"Toyota Hilux del Repsol Rally Team en una playa\" \n   data-gallery-thumbnail=\"https:\/\/bxrepsol.s3.eu-west-1.amazonaws.com\/static\/2022\/08\/09121259\/toyota-hilux-playa-2.jpg\"\n   data-gallery-title=\"\"\n   data-gallery><\/p>\n<figure>\n        <picture style=\"padding-bottom: 56.25%; background-image: url(https:\/\/bxrepsol.s3.eu-west-1.amazonaws.com\/static\/2022\/08\/09121259\/toyota-hilux-playa-2.jpg);\">\n            <img decoding=\"async\" src=\"https:\/\/bxrepsol.s3.eu-west-1.amazonaws.com\/static\/2022\/08\/09121259\/toyota-hilux-playa-2.jpg\"><br \/>\n            <img itemprop=\"image\"\n                data-srcset=\"https:\/\/bxrepsol.s3.eu-west-1.amazonaws.com\/static\/2022\/08\/09121259\/toyota-hilux-playa-2.jpg 480w, https:\/\/bxrepsol.s3.eu-west-1.amazonaws.com\/static\/2022\/08\/09121259\/toyota-hilux-playa-2.jpg 600w, https:\/\/bxrepsol.s3.eu-west-1.amazonaws.com\/static\/2022\/08\/09121259\/toyota-hilux-playa-2.jpg 900w, https:\/\/bxrepsol.s3.eu-west-1.amazonaws.com\/static\/2022\/08\/09121259\/toyota-hilux-playa-2.jpg 1280w\"\n                data-src=\"https:\/\/bxrepsol.s3.eu-west-1.amazonaws.com\/static\/2022\/08\/09121259\/toyota-hilux-playa-2.jpg\"\n                alt=\"Toyota Hilux del Repsol Rally Team en una playa\"\n                title=\"toyota-hilux-playa\"\/><br \/>\n            <noscript><img decoding=\"async\" src=\"https:\/\/bxrepsol.s3.eu-west-1.amazonaws.com\/static\/2022\/08\/09121259\/toyota-hilux-playa-2.jpg\" alt=\"Toyota Hilux del Repsol Rally Team en una playa\"><\/noscript>\n        <\/picture><figcaption>Toyota Hilux del Repsol Rally Team en una playa<\/figcaption><\/figure>\n<p><\/a><\/p>\n<p><strong>D\u00eda 12, etapa 10<\/strong> \u2013 13\/01\/21. Neom \u2013 AlUla.<br \/>\n 583 kil\u00f3metros en los que 342 ser\u00e1n de especial. Partiendo ya direcci\u00f3n sur los participantes comenzar\u00e1n otra dura etapa, esta vez en cuanto a navegaci\u00f3n se refiere. Circulando entre valles y zonas monta\u00f1osas los participantes disfrutaran, eso s\u00ed, de espl\u00e9ndidos paisajes.<\/p>\n<p><strong>D\u00eda 13, etapa 11<\/strong> \u2013 14\/01\/21. AlUla \u2013 Yanbu.<br \/>\n 557 kil\u00f3metros con 511 de especiales, siendo la etapa cronometrada m\u00e1s larga del Dakar 2021. Tras varios d\u00edas de pistas, valles, monta\u00f1as y escenarios maravillosos, los pilotos se encontrar\u00e1n de nuevo con las dunas, y no con unas pocas\u2026 100 kil\u00f3metros de mares arenosos que podr\u00e1n marcar las diferencias y que ser\u00e1n la antesala de la \u00faltima jornada.<\/p>\n<p><strong>D\u00eda 14, etapa 12<\/strong> \u2013 15\/01\/21. Yanbu \u2013 Jeddah.<br \/>\n 452 kil\u00f3metros con 225 cronometrados. La recta final continuar\u00e1 con la presencia de las dunas y el peligro que estas conllevan. Tras pasarlas las pistas finales acabar\u00e1n en la l\u00ednea de meta a orillas del Mar Rojo. <\/p>\n<p><a href=\"https:\/\/bxrepsol.s3.eu-west-1.amazonaws.com\/static\/2022\/08\/09121300\/toyota-hilux-atardecer-2.jpg\" \n   title=\"Toyota Hilux de Isidre Esteve al atardecer\" \n   data-gallery-thumbnail=\"https:\/\/bxrepsol.s3.eu-west-1.amazonaws.com\/static\/2022\/08\/09121300\/toyota-hilux-atardecer-2.jpg\"\n   data-gallery-title=\"\"\n   data-gallery><\/p>\n<figure>\n        <picture style=\"padding-bottom: 56.25%; background-image: url(https:\/\/bxrepsol.s3.eu-west-1.amazonaws.com\/static\/2022\/08\/09121300\/toyota-hilux-atardecer-2.jpg);\">\n            <img decoding=\"async\" src=\"https:\/\/bxrepsol.s3.eu-west-1.amazonaws.com\/static\/2022\/08\/09121300\/toyota-hilux-atardecer-2.jpg\"><br \/>\n            <img itemprop=\"image\"\n                data-srcset=\"https:\/\/bxrepsol.s3.eu-west-1.amazonaws.com\/static\/2022\/08\/09121300\/toyota-hilux-atardecer-2.jpg 480w, https:\/\/bxrepsol.s3.eu-west-1.amazonaws.com\/static\/2022\/08\/09121300\/toyota-hilux-atardecer-2.jpg 600w, https:\/\/bxrepsol.s3.eu-west-1.amazonaws.com\/static\/2022\/08\/09121300\/toyota-hilux-atardecer-2.jpg 900w, https:\/\/bxrepsol.s3.eu-west-1.amazonaws.com\/static\/2022\/08\/09121300\/toyota-hilux-atardecer-2.jpg 1280w\"\n                data-src=\"https:\/\/bxrepsol.s3.eu-west-1.amazonaws.com\/static\/2022\/08\/09121300\/toyota-hilux-atardecer-2.jpg\"\n                alt=\"Toyota Hilux de Isidre Esteve al atardecer\"\n                title=\"toyota-hilux-atardecer\"\/><br \/>\n            <noscript><img decoding=\"async\" src=\"https:\/\/bxrepsol.s3.eu-west-1.amazonaws.com\/static\/2022\/08\/09121300\/toyota-hilux-atardecer-2.jpg\" alt=\"Toyota Hilux de Isidre Esteve al atardecer\"><\/noscript>\n        <\/picture><figcaption>Toyota Hilux de Isidre Esteve al atardecer<\/figcaption><\/figure>\n<p><\/a><\/p>\n<p>Sin duda, la experiencia del Dakar 2021 de esta edici\u00f3n ser\u00e1 toda una aventura para los pilotos, que descubrir\u00e1n lugares incre\u00edbles y disfrutar\u00e1n de una de las competiciones m\u00e1s intensas del mundo del motor.<\/p>\n","protected":false},"excerpt":{"rendered":"<p>El Dakar 2021 regresa a tierras saud\u00edes. El Rally m\u00e1s duro del mundo recorrer\u00e1 pistas, dunas y zonas rocosas para poner a prueba a los pilotos m\u00e1s extremos del planeta.<\/p>\n","protected":false},"author":43146,"featured_media":41790,"comment_status":"open","ping_status":"open","sticky":false,"template":"","format":"standard","meta":{"footnotes":""},"categories":[27],"tags":[194,201,29,183],"class_list":["post-94775","post","type-post","status-publish","format-standard","hentry","category-rally","tag-194","tag-dakar","tag-isidre-esteve","tag-repsol-rally-team"],"yoast_head":"<!-- This site is optimized with the Yoast SEO plugin v27.3 - https:\/\/yoast.com\/product\/yoast-seo-wordpress\/ -->\n<title>Dakar 2021, el recorrido del rally m\u00e1s exigente del a\u00f1o - Box Repsol<\/title>\n<meta name=\"description\" content=\"El Dakar 2021 regresa a tierras saud\u00edes. El Rally m\u00e1s duro del mundo recorrer\u00e1 pistas, dunas y zonas rocosas para poner a prueba a los pilotos.\" \/>\n<link rel=\"canonical\" href=\"https:\/\/www.boxrepsol.com\/es\/rally\/dakar-2021-recorrido-rally\/\" \/>\n<meta property=\"og:locale\" content=\"es_ES\" \/>\n<meta property=\"og:type\" content=\"article\" \/>\n<meta property=\"og:title\" content=\"Dakar 2021, el recorrido del rally m\u00e1s exigente del a\u00f1o - Box Repsol\" \/>\n<meta property=\"og:description\" content=\"El Dakar 2021 regresa a tierras saud\u00edes. El Rally m\u00e1s duro del mundo recorrer\u00e1 pistas, dunas y zonas rocosas para poner a prueba a los pilotos.\" \/>\n<meta property=\"og:url\" content=\"https:\/\/www.boxrepsol.com\/es\/rally\/dakar-2021-recorrido-rally\/\" \/>\n<meta property=\"og:site_name\" content=\"Box Repsol\" \/>\n<meta property=\"article:publisher\" content=\"https:\/\/www.facebook.com\/BoxRepsol\" \/>\n<meta property=\"article:author\" content=\"https:\/\/www.facebook.com\/BoxRepsol\/\" \/>\n<meta property=\"article:published_time\" content=\"2020-12-28T02:00:00+00:00\" \/>\n<meta property=\"article:modified_time\" content=\"2024-04-18T09:09:59+00:00\" \/>\n<meta property=\"og:image\" content=\"https:\/\/bxrepsol.s3.eu-west-1.amazonaws.com\/static\/2022\/08\/09121302\/Isidre-Esteve-Toyota-Hilux-dakar-2021-1.jpg\" \/>\n\t<meta property=\"og:image:width\" content=\"1280\" \/>\n\t<meta property=\"og:image:height\" content=\"720\" \/>\n\t<meta property=\"og:image:type\" content=\"image\/jpeg\" \/>\n<meta name=\"author\" content=\"Redacci\u00f3n Box Repsol\" \/>\n<meta name=\"twitter:card\" content=\"summary_large_image\" \/>\n<meta name=\"twitter:creator\" content=\"@https:\/\/twitter.com\/box_repsol\" \/>\n<meta name=\"twitter:site\" content=\"@box_repsol\" \/>\n<meta name=\"twitter:label1\" content=\"Written by\" \/>\n\t<meta name=\"twitter:data1\" content=\"Redacci\u00f3n Box Repsol\" \/>\n\t<meta name=\"twitter:label2\" content=\"Est. reading time\" \/>\n\t<meta name=\"twitter:data2\" content=\"5 minutos\" \/>\n<script type=\"application\/ld+json\" class=\"yoast-schema-graph\">{\"@context\":\"https:\\\/\\\/schema.org\",\"@graph\":[{\"@type\":\"Article\",\"@id\":\"https:\\\/\\\/www.boxrepsol.com\\\/es\\\/rally\\\/dakar-2021-recorrido-rally\\\/#article\",\"isPartOf\":{\"@id\":\"https:\\\/\\\/www.boxrepsol.com\\\/es\\\/rally\\\/dakar-2021-recorrido-rally\\\/\"},\"author\":{\"name\":\"Redacci\u00f3n Box Repsol\",\"@id\":\"https:\\\/\\\/www.boxrepsol.com\\\/es\\\/#\\\/schema\\\/person\\\/c5c2138f2cca251b0ad92b7086bb60b7\"},\"headline\":\"Dakar 2021, el recorrido del rally m\u00e1s exigente del a\u00f1o\",\"datePublished\":\"2020-12-28T02:00:00+00:00\",\"dateModified\":\"2024-04-18T09:09:59+00:00\",\"mainEntityOfPage\":{\"@id\":\"https:\\\/\\\/www.boxrepsol.com\\\/es\\\/rally\\\/dakar-2021-recorrido-rally\\\/\"},\"wordCount\":1062,\"commentCount\":0,\"publisher\":{\"@id\":\"https:\\\/\\\/www.boxrepsol.com\\\/es\\\/#organization\"},\"image\":{\"@id\":\"https:\\\/\\\/www.boxrepsol.com\\\/es\\\/rally\\\/dakar-2021-recorrido-rally\\\/#primaryimage\"},\"thumbnailUrl\":\"https:\\\/\\\/bxrepsol.s3.eu-west-1.amazonaws.com\\\/static\\\/2022\\\/08\\\/09121302\\\/Isidre-Esteve-Toyota-Hilux-dakar-2021-1.jpg\",\"keywords\":[\"2021\",\"Dakar\",\"Isidre Esteve\",\"Repsol Rally Team\"],\"articleSection\":[\"Rally\"],\"inLanguage\":\"es\",\"potentialAction\":[{\"@type\":\"CommentAction\",\"name\":\"Comment\",\"target\":[\"https:\\\/\\\/www.boxrepsol.com\\\/es\\\/rally\\\/dakar-2021-recorrido-rally\\\/#respond\"]}]},{\"@type\":\"WebPage\",\"@id\":\"https:\\\/\\\/www.boxrepsol.com\\\/es\\\/rally\\\/dakar-2021-recorrido-rally\\\/\",\"url\":\"https:\\\/\\\/www.boxrepsol.com\\\/es\\\/rally\\\/dakar-2021-recorrido-rally\\\/\",\"name\":\"Dakar 2021, el recorrido del rally m\u00e1s exigente del a\u00f1o - Box Repsol\",\"isPartOf\":{\"@id\":\"https:\\\/\\\/www.boxrepsol.com\\\/es\\\/#website\"},\"primaryImageOfPage\":{\"@id\":\"https:\\\/\\\/www.boxrepsol.com\\\/es\\\/rally\\\/dakar-2021-recorrido-rally\\\/#primaryimage\"},\"image\":{\"@id\":\"https:\\\/\\\/www.boxrepsol.com\\\/es\\\/rally\\\/dakar-2021-recorrido-rally\\\/#primaryimage\"},\"thumbnailUrl\":\"https:\\\/\\\/bxrepsol.s3.eu-west-1.amazonaws.com\\\/static\\\/2022\\\/08\\\/09121302\\\/Isidre-Esteve-Toyota-Hilux-dakar-2021-1.jpg\",\"datePublished\":\"2020-12-28T02:00:00+00:00\",\"dateModified\":\"2024-04-18T09:09:59+00:00\",\"description\":\"El Dakar 2021 regresa a tierras saud\u00edes. El Rally m\u00e1s duro del mundo recorrer\u00e1 pistas, dunas y zonas rocosas para poner a prueba a los pilotos.\",\"breadcrumb\":{\"@id\":\"https:\\\/\\\/www.boxrepsol.com\\\/es\\\/rally\\\/dakar-2021-recorrido-rally\\\/#breadcrumb\"},\"inLanguage\":\"es\",\"potentialAction\":[{\"@type\":\"ReadAction\",\"target\":[\"https:\\\/\\\/www.boxrepsol.com\\\/es\\\/rally\\\/dakar-2021-recorrido-rally\\\/\"]}]},{\"@type\":\"ImageObject\",\"inLanguage\":\"es\",\"@id\":\"https:\\\/\\\/www.boxrepsol.com\\\/es\\\/rally\\\/dakar-2021-recorrido-rally\\\/#primaryimage\",\"url\":\"https:\\\/\\\/bxrepsol.s3.eu-west-1.amazonaws.com\\\/static\\\/2022\\\/08\\\/09121302\\\/Isidre-Esteve-Toyota-Hilux-dakar-2021-1.jpg\",\"contentUrl\":\"https:\\\/\\\/bxrepsol.s3.eu-west-1.amazonaws.com\\\/static\\\/2022\\\/08\\\/09121302\\\/Isidre-Esteve-Toyota-Hilux-dakar-2021-1.jpg\",\"width\":1280,\"height\":720,\"caption\":\"Isidre Esteve y Txema Villalobos en su Toyota Hilux\"},{\"@type\":\"BreadcrumbList\",\"@id\":\"https:\\\/\\\/www.boxrepsol.com\\\/es\\\/rally\\\/dakar-2021-recorrido-rally\\\/#breadcrumb\",\"itemListElement\":[{\"@type\":\"ListItem\",\"position\":1,\"name\":\"Home\",\"item\":\"https:\\\/\\\/www.boxrepsol.com\\\/es\\\/\"},{\"@type\":\"ListItem\",\"position\":2,\"name\":\"Dakar 2021, el recorrido del rally m\u00e1s exigente del a\u00f1o\"}]},{\"@type\":\"WebSite\",\"@id\":\"https:\\\/\\\/www.boxrepsol.com\\\/es\\\/#website\",\"url\":\"https:\\\/\\\/www.boxrepsol.com\\\/es\\\/\",\"name\":\"Box Repsol\",\"description\":\"Box Repsol Site\",\"publisher\":{\"@id\":\"https:\\\/\\\/www.boxrepsol.com\\\/es\\\/#organization\"},\"potentialAction\":[{\"@type\":\"SearchAction\",\"target\":{\"@type\":\"EntryPoint\",\"urlTemplate\":\"https:\\\/\\\/www.boxrepsol.com\\\/es\\\/?s={search_term_string}\"},\"query-input\":{\"@type\":\"PropertyValueSpecification\",\"valueRequired\":true,\"valueName\":\"search_term_string\"}}],\"inLanguage\":\"es\"},{\"@type\":\"Organization\",\"@id\":\"https:\\\/\\\/www.boxrepsol.com\\\/es\\\/#organization\",\"name\":\"Box Repsol\",\"url\":\"https:\\\/\\\/www.boxrepsol.com\\\/es\\\/\",\"logo\":{\"@type\":\"ImageObject\",\"inLanguage\":\"es\",\"@id\":\"https:\\\/\\\/www.boxrepsol.com\\\/es\\\/#\\\/schema\\\/logo\\\/image\\\/\",\"url\":\"https:\\\/\\\/bxrepsol.s3.eu-west-1.amazonaws.com\\\/static\\\/2025\\\/07\\\/30083337\\\/favicon-96x96-1.png\",\"contentUrl\":\"https:\\\/\\\/bxrepsol.s3.eu-west-1.amazonaws.com\\\/static\\\/2025\\\/07\\\/30083337\\\/favicon-96x96-1.png\",\"width\":96,\"height\":96,\"caption\":\"Box Repsol\"},\"image\":{\"@id\":\"https:\\\/\\\/www.boxrepsol.com\\\/es\\\/#\\\/schema\\\/logo\\\/image\\\/\"},\"sameAs\":[\"https:\\\/\\\/www.facebook.com\\\/BoxRepsol\",\"https:\\\/\\\/x.com\\\/box_repsol\",\"http:\\\/\\\/instagram.com\\\/box_repsol\",\"https:\\\/\\\/www.youtube.com\\\/user\\\/RepsolCompeticion\",\"https:\\\/\\\/www.flickr.com\\\/photos\\\/box_repsol\\\/\"]},{\"@type\":\"Person\",\"@id\":\"https:\\\/\\\/www.boxrepsol.com\\\/es\\\/#\\\/schema\\\/person\\\/c5c2138f2cca251b0ad92b7086bb60b7\",\"name\":\"Redacci\u00f3n Box Repsol\",\"image\":{\"@type\":\"ImageObject\",\"inLanguage\":\"es\",\"@id\":\"https:\\\/\\\/secure.gravatar.com\\\/avatar\\\/adf7b77e38b4419baf32c7e9c21dde01f4e40df611f0978e3006fc4ba0aaab7e?s=96&d=mm&r=g\",\"url\":\"https:\\\/\\\/secure.gravatar.com\\\/avatar\\\/adf7b77e38b4419baf32c7e9c21dde01f4e40df611f0978e3006fc4ba0aaab7e?s=96&d=mm&r=g\",\"contentUrl\":\"https:\\\/\\\/secure.gravatar.com\\\/avatar\\\/adf7b77e38b4419baf32c7e9c21dde01f4e40df611f0978e3006fc4ba0aaab7e?s=96&d=mm&r=g\",\"caption\":\"Redacci\u00f3n Box Repsol\"},\"description\":\"Box Repsol lo forma un equipo de periodistas, community managers, dise\u00f1adores y fot\u00f3grafos con m\u00e1s de 20 a\u00f1os de experiencia en el mundo del motorsport. Hemos vivido el primer mundial de un espa\u00f1ol en la categor\u00eda reina de motociclismo con \u00c1lex Crivill\u00e9, estuvimos en las victorias de Pedrosa y los t\u00edtulos de M\u00e1rquez, acompa\u00f1amos en \u00c1frica a Nani Roma y Marc Coma en sus conquistas del Dakar y hemos vibrado con los t\u00edtulos de Toni Bou en Trial. Adem\u00e1s, en nuestro equipo contamos con expertos en el mundo de las dos y cuatro ruedas tanto de la calle y las carreteras, como de los circuitos. Periodistas que han trabajado en revistas y publicaciones para hacerte llegar desde rutas y consejos de mantenimiento, a curiosidades y trucos de pilotaje.\",\"sameAs\":[\"https:\\\/\\\/www.facebook.com\\\/BoxRepsol\\\/\",\"https:\\\/\\\/www.instagram.com\\\/box_repsol\\\/\",\"https:\\\/\\\/x.com\\\/https:\\\/\\\/twitter.com\\\/box_repsol\",\"https:\\\/\\\/www.youtube.com\\\/@Boxrepsol\"],\"url\":\"https:\\\/\\\/www.boxrepsol.com\\\/es\\\/author\\\/redaccion-box-repsol\\\/\"}]}<\/script>\n<!-- \/ Yoast SEO plugin. -->","yoast_head_json":{"title":"Dakar 2021, el recorrido del rally m\u00e1s exigente del a\u00f1o - Box Repsol","description":"El Dakar 2021 regresa a tierras saud\u00edes. El Rally m\u00e1s duro del mundo recorrer\u00e1 pistas, dunas y zonas rocosas para poner a prueba a los pilotos.","canonical":"https:\/\/www.boxrepsol.com\/es\/rally\/dakar-2021-recorrido-rally\/","og_locale":"es_ES","og_type":"article","og_title":"Dakar 2021, el recorrido del rally m\u00e1s exigente del a\u00f1o - Box Repsol","og_description":"El Dakar 2021 regresa a tierras saud\u00edes. El Rally m\u00e1s duro del mundo recorrer\u00e1 pistas, dunas y zonas rocosas para poner a prueba a los pilotos.","og_url":"https:\/\/www.boxrepsol.com\/es\/rally\/dakar-2021-recorrido-rally\/","og_site_name":"Box Repsol","article_publisher":"https:\/\/www.facebook.com\/BoxRepsol","article_author":"https:\/\/www.facebook.com\/BoxRepsol\/","article_published_time":"2020-12-28T02:00:00+00:00","article_modified_time":"2024-04-18T09:09:59+00:00","og_image":[{"width":1280,"height":720,"url":"https:\/\/bxrepsol.s3.eu-west-1.amazonaws.com\/static\/2022\/08\/09121302\/Isidre-Esteve-Toyota-Hilux-dakar-2021-1.jpg","type":"image\/jpeg"}],"author":"Redacci\u00f3n Box Repsol","twitter_card":"summary_large_image","twitter_creator":"@https:\/\/twitter.com\/box_repsol","twitter_site":"@box_repsol","twitter_misc":{"Written by":"Redacci\u00f3n Box Repsol","Est. reading time":"5 minutos"},"schema":{"@context":"https:\/\/schema.org","@graph":[{"@type":"Article","@id":"https:\/\/www.boxrepsol.com\/es\/rally\/dakar-2021-recorrido-rally\/#article","isPartOf":{"@id":"https:\/\/www.boxrepsol.com\/es\/rally\/dakar-2021-recorrido-rally\/"},"author":{"name":"Redacci\u00f3n Box Repsol","@id":"https:\/\/www.boxrepsol.com\/es\/#\/schema\/person\/c5c2138f2cca251b0ad92b7086bb60b7"},"headline":"Dakar 2021, el recorrido del rally m\u00e1s exigente del a\u00f1o","datePublished":"2020-12-28T02:00:00+00:00","dateModified":"2024-04-18T09:09:59+00:00","mainEntityOfPage":{"@id":"https:\/\/www.boxrepsol.com\/es\/rally\/dakar-2021-recorrido-rally\/"},"wordCount":1062,"commentCount":0,"publisher":{"@id":"https:\/\/www.boxrepsol.com\/es\/#organization"},"image":{"@id":"https:\/\/www.boxrepsol.com\/es\/rally\/dakar-2021-recorrido-rally\/#primaryimage"},"thumbnailUrl":"https:\/\/bxrepsol.s3.eu-west-1.amazonaws.com\/static\/2022\/08\/09121302\/Isidre-Esteve-Toyota-Hilux-dakar-2021-1.jpg","keywords":["2021","Dakar","Isidre Esteve","Repsol Rally Team"],"articleSection":["Rally"],"inLanguage":"es","potentialAction":[{"@type":"CommentAction","name":"Comment","target":["https:\/\/www.boxrepsol.com\/es\/rally\/dakar-2021-recorrido-rally\/#respond"]}]},{"@type":"WebPage","@id":"https:\/\/www.boxrepsol.com\/es\/rally\/dakar-2021-recorrido-rally\/","url":"https:\/\/www.boxrepsol.com\/es\/rally\/dakar-2021-recorrido-rally\/","name":"Dakar 2021, el recorrido del rally m\u00e1s exigente del a\u00f1o - Box Repsol","isPartOf":{"@id":"https:\/\/www.boxrepsol.com\/es\/#website"},"primaryImageOfPage":{"@id":"https:\/\/www.boxrepsol.com\/es\/rally\/dakar-2021-recorrido-rally\/#primaryimage"},"image":{"@id":"https:\/\/www.boxrepsol.com\/es\/rally\/dakar-2021-recorrido-rally\/#primaryimage"},"thumbnailUrl":"https:\/\/bxrepsol.s3.eu-west-1.amazonaws.com\/static\/2022\/08\/09121302\/Isidre-Esteve-Toyota-Hilux-dakar-2021-1.jpg","datePublished":"2020-12-28T02:00:00+00:00","dateModified":"2024-04-18T09:09:59+00:00","description":"El Dakar 2021 regresa a tierras saud\u00edes. El Rally m\u00e1s duro del mundo recorrer\u00e1 pistas, dunas y zonas rocosas para poner a prueba a los pilotos.","breadcrumb":{"@id":"https:\/\/www.boxrepsol.com\/es\/rally\/dakar-2021-recorrido-rally\/#breadcrumb"},"inLanguage":"es","potentialAction":[{"@type":"ReadAction","target":["https:\/\/www.boxrepsol.com\/es\/rally\/dakar-2021-recorrido-rally\/"]}]},{"@type":"ImageObject","inLanguage":"es","@id":"https:\/\/www.boxrepsol.com\/es\/rally\/dakar-2021-recorrido-rally\/#primaryimage","url":"https:\/\/bxrepsol.s3.eu-west-1.amazonaws.com\/static\/2022\/08\/09121302\/Isidre-Esteve-Toyota-Hilux-dakar-2021-1.jpg","contentUrl":"https:\/\/bxrepsol.s3.eu-west-1.amazonaws.com\/static\/2022\/08\/09121302\/Isidre-Esteve-Toyota-Hilux-dakar-2021-1.jpg","width":1280,"height":720,"caption":"Isidre Esteve y Txema Villalobos en su Toyota Hilux"},{"@type":"BreadcrumbList","@id":"https:\/\/www.boxrepsol.com\/es\/rally\/dakar-2021-recorrido-rally\/#breadcrumb","itemListElement":[{"@type":"ListItem","position":1,"name":"Home","item":"https:\/\/www.boxrepsol.com\/es\/"},{"@type":"ListItem","position":2,"name":"Dakar 2021, el recorrido del rally m\u00e1s exigente del a\u00f1o"}]},{"@type":"WebSite","@id":"https:\/\/www.boxrepsol.com\/es\/#website","url":"https:\/\/www.boxrepsol.com\/es\/","name":"Box Repsol","description":"Box Repsol Site","publisher":{"@id":"https:\/\/www.boxrepsol.com\/es\/#organization"},"potentialAction":[{"@type":"SearchAction","target":{"@type":"EntryPoint","urlTemplate":"https:\/\/www.boxrepsol.com\/es\/?s={search_term_string}"},"query-input":{"@type":"PropertyValueSpecification","valueRequired":true,"valueName":"search_term_string"}}],"inLanguage":"es"},{"@type":"Organization","@id":"https:\/\/www.boxrepsol.com\/es\/#organization","name":"Box Repsol","url":"https:\/\/www.boxrepsol.com\/es\/","logo":{"@type":"ImageObject","inLanguage":"es","@id":"https:\/\/www.boxrepsol.com\/es\/#\/schema\/logo\/image\/","url":"https:\/\/bxrepsol.s3.eu-west-1.amazonaws.com\/static\/2025\/07\/30083337\/favicon-96x96-1.png","contentUrl":"https:\/\/bxrepsol.s3.eu-west-1.amazonaws.com\/static\/2025\/07\/30083337\/favicon-96x96-1.png","width":96,"height":96,"caption":"Box Repsol"},"image":{"@id":"https:\/\/www.boxrepsol.com\/es\/#\/schema\/logo\/image\/"},"sameAs":["https:\/\/www.facebook.com\/BoxRepsol","https:\/\/x.com\/box_repsol","http:\/\/instagram.com\/box_repsol","https:\/\/www.youtube.com\/user\/RepsolCompeticion","https:\/\/www.flickr.com\/photos\/box_repsol\/"]},{"@type":"Person","@id":"https:\/\/www.boxrepsol.com\/es\/#\/schema\/person\/c5c2138f2cca251b0ad92b7086bb60b7","name":"Redacci\u00f3n Box Repsol","image":{"@type":"ImageObject","inLanguage":"es","@id":"https:\/\/secure.gravatar.com\/avatar\/adf7b77e38b4419baf32c7e9c21dde01f4e40df611f0978e3006fc4ba0aaab7e?s=96&d=mm&r=g","url":"https:\/\/secure.gravatar.com\/avatar\/adf7b77e38b4419baf32c7e9c21dde01f4e40df611f0978e3006fc4ba0aaab7e?s=96&d=mm&r=g","contentUrl":"https:\/\/secure.gravatar.com\/avatar\/adf7b77e38b4419baf32c7e9c21dde01f4e40df611f0978e3006fc4ba0aaab7e?s=96&d=mm&r=g","caption":"Redacci\u00f3n Box Repsol"},"description":"Box Repsol lo forma un equipo de periodistas, community managers, dise\u00f1adores y fot\u00f3grafos con m\u00e1s de 20 a\u00f1os de experiencia en el mundo del motorsport. Hemos vivido el primer mundial de un espa\u00f1ol en la categor\u00eda reina de motociclismo con \u00c1lex Crivill\u00e9, estuvimos en las victorias de Pedrosa y los t\u00edtulos de M\u00e1rquez, acompa\u00f1amos en \u00c1frica a Nani Roma y Marc Coma en sus conquistas del Dakar y hemos vibrado con los t\u00edtulos de Toni Bou en Trial. Adem\u00e1s, en nuestro equipo contamos con expertos en el mundo de las dos y cuatro ruedas tanto de la calle y las carreteras, como de los circuitos. Periodistas que han trabajado en revistas y publicaciones para hacerte llegar desde rutas y consejos de mantenimiento, a curiosidades y trucos de pilotaje.","sameAs":["https:\/\/www.facebook.com\/BoxRepsol\/","https:\/\/www.instagram.com\/box_repsol\/","https:\/\/x.com\/https:\/\/twitter.com\/box_repsol","https:\/\/www.youtube.com\/@Boxrepsol"],"url":"https:\/\/www.boxrepsol.com\/es\/author\/redaccion-box-repsol\/"}]}},"_links":{"self":[{"href":"https:\/\/www.boxrepsol.com\/es\/wp-json\/wp\/v2\/posts\/94775","targetHints":{"allow":["GET"]}}],"collection":[{"href":"https:\/\/www.boxrepsol.com\/es\/wp-json\/wp\/v2\/posts"}],"about":[{"href":"https:\/\/www.boxrepsol.com\/es\/wp-json\/wp\/v2\/types\/post"}],"author":[{"embeddable":true,"href":"https:\/\/www.boxrepsol.com\/es\/wp-json\/wp\/v2\/users\/43146"}],"replies":[{"embeddable":true,"href":"https:\/\/www.boxrepsol.com\/es\/wp-json\/wp\/v2\/comments?post=94775"}],"version-history":[{"count":1,"href":"https:\/\/www.boxrepsol.com\/es\/wp-json\/wp\/v2\/posts\/94775\/revisions"}],"predecessor-version":[{"id":94776,"href":"https:\/\/www.boxrepsol.com\/es\/wp-json\/wp\/v2\/posts\/94775\/revisions\/94776"}],"wp:featuredmedia":[{"embeddable":true,"href":"https:\/\/www.boxrepsol.com\/es\/wp-json\/wp\/v2\/media\/41790"}],"wp:attachment":[{"href":"https:\/\/www.boxrepsol.com\/es\/wp-json\/wp\/v2\/media?parent=94775"}],"wp:term":[{"taxonomy":"category","embeddable":true,"href":"https:\/\/www.boxrepsol.com\/es\/wp-json\/wp\/v2\/categories?post=94775"},{"taxonomy":"post_tag","embeddable":true,"href":"https:\/\/www.boxrepsol.com\/es\/wp-json\/wp\/v2\/tags?post=94775"}],"curies":[{"name":"wp","href":"https:\/\/api.w.org\/{rel}","templated":true}]}}