{"id":94773,"date":"2020-12-18T00:00:00","date_gmt":"2020-12-18T02:00:00","guid":{"rendered":"http:\/\/pre.boxrepsol.com\/sin-categorizar\/toyota-hilux-overdrive-repsol-rally-team-dakar-2021\/"},"modified":"2024-04-18T07:03:47","modified_gmt":"2024-04-18T09:03:47","slug":"toyota-hilux-overdrive-repsol-rally-team-dakar-2021","status":"publish","type":"post","link":"https:\/\/www.boxrepsol.com\/es\/rally\/toyota-hilux-overdrive-repsol-rally-team-dakar-2021\/","title":{"rendered":"El flamante Toyota Hilux Overdrive del Repsol Rally Team para el Dakar 2021"},"content":{"rendered":"<p>El estreno en el <strong>Dakar 2021<\/strong> del Toyota Hilux del <strong>Repsol Rally Team<\/strong> es un momento muy esperado, ya que es el modelo m\u00e1s prometedor utilizado hasta la fecha. Es un coche relativamente f\u00e1cil de pilotar, con un equilibrio incre\u00edble, aunque como todo veh\u00edculo de m\u00e1ximo nivel requiere una correcta adaptaci\u00f3n para lograr extraer el 100% de sus capacidades.<\/p>\n<p>El <strong>Toyota Hilux Overdrive<\/strong>, a diferencia del modelo comercial, es un prototipo con chasis tubular dise\u00f1ado para soportar las m\u00e1s duras condiciones de los rally TT. Cuenta con un <strong>motor de gasolina V8 de cinco litros<\/strong> de cilindrada. Este propulsor rinde una potencia de 350 CV y un enorme par de 560 Nm.<\/p>\n<p><a href=\"https:\/\/bxrepsol.s3.eu-west-1.amazonaws.com\/static\/2022\/08\/05080318\/toyota-hilux-overdrive-dakar-2021-2.jpg\" \n   title=\"Toyota Hilux del Repsol Rally Team a toda velocidad\" \n   data-gallery-thumbnail=\"https:\/\/bxrepsol.s3.eu-west-1.amazonaws.com\/static\/2022\/08\/05080318\/toyota-hilux-overdrive-dakar-2021-2.jpg\"\n   data-gallery-title=\"\"\n   data-gallery><\/p>\n<figure>\n        <picture style=\"padding-bottom: 56.25%; background-image: url(https:\/\/bxrepsol.s3.eu-west-1.amazonaws.com\/static\/2022\/08\/05080318\/toyota-hilux-overdrive-dakar-2021-2.jpg);\">\n            <img decoding=\"async\" src=\"https:\/\/bxrepsol.s3.eu-west-1.amazonaws.com\/static\/2022\/08\/05080318\/toyota-hilux-overdrive-dakar-2021-2.jpg\"><br \/>\n            <img itemprop=\"image\"\n                data-srcset=\"https:\/\/bxrepsol.s3.eu-west-1.amazonaws.com\/static\/2022\/08\/05080318\/toyota-hilux-overdrive-dakar-2021-2.jpg 480w, https:\/\/bxrepsol.s3.eu-west-1.amazonaws.com\/static\/2022\/08\/05080318\/toyota-hilux-overdrive-dakar-2021-2.jpg 600w, https:\/\/bxrepsol.s3.eu-west-1.amazonaws.com\/static\/2022\/08\/05080318\/toyota-hilux-overdrive-dakar-2021-2.jpg 900w, https:\/\/bxrepsol.s3.eu-west-1.amazonaws.com\/static\/2022\/08\/05080318\/toyota-hilux-overdrive-dakar-2021-2.jpg 1280w\"\n                data-src=\"https:\/\/bxrepsol.s3.eu-west-1.amazonaws.com\/static\/2022\/08\/05080318\/toyota-hilux-overdrive-dakar-2021-2.jpg\"\n                alt=\"Toyota Hilux del Repsol Rally Team a toda velocidad\"\n                title=\"toyota-hilux-overdrive-dakar-2021-2\"\/><br \/>\n            <noscript><img decoding=\"async\" src=\"https:\/\/bxrepsol.s3.eu-west-1.amazonaws.com\/static\/2022\/08\/05080318\/toyota-hilux-overdrive-dakar-2021-2.jpg\" alt=\"Toyota Hilux del Repsol Rally Team a toda velocidad\"><\/noscript>\n        <\/picture><figcaption>Toyota Hilux del Repsol Rally Team a toda velocidad<\/figcaption><\/figure>\n<p><\/a><br \/>\n                    <a\n                        href=\"https:\/\/bxrepsol.s3.eu-west-1.amazonaws.com\/static\/2022\/08\/05080319\/toyota-hilux-overdrive-dakar-2021-9.jpg\"\n                        data-index=\"0\"\n                    ><br \/>\n                        <img decoding=\"async\"\n                            src=\"https:\/\/bxrepsol.s3.eu-west-1.amazonaws.com\/static\/2022\/08\/05080319\/toyota-hilux-overdrive-dakar-2021-9.jpg\"\n                            srcset=\"https:\/\/bxrepsol.s3.eu-west-1.amazonaws.com\/static\/2022\/08\/05080319\/toyota-hilux-overdrive-dakar-2021-9.jpg 1280w, https:\/\/bxrepsol.s3.eu-west-1.amazonaws.com\/static\/2022\/08\/05080319\/toyota-hilux-overdrive-dakar-2021-9.jpg 900w, https:\/\/bxrepsol.s3.eu-west-1.amazonaws.com\/static\/2022\/08\/05080319\/toyota-hilux-overdrive-dakar-2021-9.jpg 600w, https:\/\/bxrepsol.s3.eu-west-1.amazonaws.com\/static\/2022\/08\/05080319\/toyota-hilux-overdrive-dakar-2021-9.jpg 480w, https:\/\/bxrepsol.s3.eu-west-1.amazonaws.com\/static\/2022\/08\/05080319\/toyota-hilux-overdrive-dakar-2021-9.jpg 32w\"\n                            title=\"toyota-hilux-overdrive-dakar-2021-9\"\n                            alt=\"Isidre Esteve y Txema Villalobos en su Toyota Hilux\"\n                            data-title=\"\"><br \/>\n                    <\/a><br \/>\n                    <a\n                        href=\"https:\/\/bxrepsol.s3.eu-west-1.amazonaws.com\/static\/2022\/08\/05080321\/toyota-hilux-overdrive-dakar-2021-6.jpg\"\n                        data-index=\"1\"\n                    ><br \/>\n                        <img decoding=\"async\"\n                            src=\"https:\/\/bxrepsol.s3.eu-west-1.amazonaws.com\/static\/2022\/08\/05080321\/toyota-hilux-overdrive-dakar-2021-6.jpg\"\n                            srcset=\"https:\/\/bxrepsol.s3.eu-west-1.amazonaws.com\/static\/2022\/08\/05080321\/toyota-hilux-overdrive-dakar-2021-6.jpg 1280w, https:\/\/bxrepsol.s3.eu-west-1.amazonaws.com\/static\/2022\/08\/05080321\/toyota-hilux-overdrive-dakar-2021-6.jpg 900w, https:\/\/bxrepsol.s3.eu-west-1.amazonaws.com\/static\/2022\/08\/05080321\/toyota-hilux-overdrive-dakar-2021-6.jpg 600w, https:\/\/bxrepsol.s3.eu-west-1.amazonaws.com\/static\/2022\/08\/05080321\/toyota-hilux-overdrive-dakar-2021-6.jpg 480w, https:\/\/bxrepsol.s3.eu-west-1.amazonaws.com\/static\/2022\/08\/05080321\/toyota-hilux-overdrive-dakar-2021-6.jpg 32w\"\n                            title=\"toyota-hilux-overdrive-dakar-2021-6\"\n                            alt=\"Toyota Hilux del Repsol Rally Team saltando\"\n                            data-title=\"\"><br \/>\n                    <\/a><br \/>\n                    <a\n                        href=\"https:\/\/bxrepsol.s3.eu-west-1.amazonaws.com\/static\/2022\/08\/05080322\/toyota-hilux-overdrive-dakar-2021-5.jpg\"\n                        data-index=\"2\"\n                    ><br \/>\n                        <img decoding=\"async\"\n                            src=\"https:\/\/bxrepsol.s3.eu-west-1.amazonaws.com\/static\/2022\/08\/05080322\/toyota-hilux-overdrive-dakar-2021-5.jpg\"\n                            srcset=\"https:\/\/bxrepsol.s3.eu-west-1.amazonaws.com\/static\/2022\/08\/05080322\/toyota-hilux-overdrive-dakar-2021-5.jpg 1280w, https:\/\/bxrepsol.s3.eu-west-1.amazonaws.com\/static\/2022\/08\/05080322\/toyota-hilux-overdrive-dakar-2021-5.jpg 900w, https:\/\/bxrepsol.s3.eu-west-1.amazonaws.com\/static\/2022\/08\/05080322\/toyota-hilux-overdrive-dakar-2021-5.jpg 600w, https:\/\/bxrepsol.s3.eu-west-1.amazonaws.com\/static\/2022\/08\/05080322\/toyota-hilux-overdrive-dakar-2021-5.jpg 480w, https:\/\/bxrepsol.s3.eu-west-1.amazonaws.com\/static\/2022\/08\/05080322\/toyota-hilux-overdrive-dakar-2021-5.jpg 32w\"\n                            title=\"toyota-hilux-overdrive-dakar-2021-5\"\n                            alt=\"Toyota Hilux del Repsol Rally Team a toda velocidad\"\n                            data-title=\"\"><br \/>\n                    <\/a><br \/>\n                    <a\n                        href=\"https:\/\/bxrepsol.s3.eu-west-1.amazonaws.com\/static\/2022\/08\/05080323\/toyota-hilux-overdrive-dakar-2021-4.jpg\"\n                        data-index=\"3\"\n                    ><br \/>\n                        <img decoding=\"async\"\n                            src=\"https:\/\/bxrepsol.s3.eu-west-1.amazonaws.com\/static\/2022\/08\/05080323\/toyota-hilux-overdrive-dakar-2021-4.jpg\"\n                            srcset=\"https:\/\/bxrepsol.s3.eu-west-1.amazonaws.com\/static\/2022\/08\/05080323\/toyota-hilux-overdrive-dakar-2021-4.jpg 1280w, https:\/\/bxrepsol.s3.eu-west-1.amazonaws.com\/static\/2022\/08\/05080323\/toyota-hilux-overdrive-dakar-2021-4.jpg 900w, https:\/\/bxrepsol.s3.eu-west-1.amazonaws.com\/static\/2022\/08\/05080323\/toyota-hilux-overdrive-dakar-2021-4.jpg 600w, https:\/\/bxrepsol.s3.eu-west-1.amazonaws.com\/static\/2022\/08\/05080323\/toyota-hilux-overdrive-dakar-2021-4.jpg 480w, https:\/\/bxrepsol.s3.eu-west-1.amazonaws.com\/static\/2022\/08\/05080323\/toyota-hilux-overdrive-dakar-2021-4.jpg 32w\"\n                            title=\"toyota-hilux-overdrive-dakar-2021-4\"\n                            alt=\"Toyota Hilux del Repsol Rally Team a toda velocidad\"\n                            data-title=\"\"><br \/>\n                    <\/a><br \/>\n                    <a\n                        href=\"https:\/\/bxrepsol.s3.eu-west-1.amazonaws.com\/static\/2022\/08\/05080324\/toyota-hilux-overdrive-dakar-2021-3.jpg\"\n                        data-index=\"4\"\n                    ><br \/>\n                        <img decoding=\"async\"\n                            src=\"https:\/\/bxrepsol.s3.eu-west-1.amazonaws.com\/static\/2022\/08\/05080324\/toyota-hilux-overdrive-dakar-2021-3.jpg\"\n                            srcset=\"https:\/\/bxrepsol.s3.eu-west-1.amazonaws.com\/static\/2022\/08\/05080324\/toyota-hilux-overdrive-dakar-2021-3.jpg 1280w, https:\/\/bxrepsol.s3.eu-west-1.amazonaws.com\/static\/2022\/08\/05080324\/toyota-hilux-overdrive-dakar-2021-3.jpg 900w, https:\/\/bxrepsol.s3.eu-west-1.amazonaws.com\/static\/2022\/08\/05080324\/toyota-hilux-overdrive-dakar-2021-3.jpg 600w, https:\/\/bxrepsol.s3.eu-west-1.amazonaws.com\/static\/2022\/08\/05080324\/toyota-hilux-overdrive-dakar-2021-3.jpg 480w, https:\/\/bxrepsol.s3.eu-west-1.amazonaws.com\/static\/2022\/08\/05080324\/toyota-hilux-overdrive-dakar-2021-3.jpg 32w\"\n                            title=\"toyota-hilux-overdrive-dakar-2021-3\"\n                            alt=\"pasando un tramo con agua\"\n                            data-title=\"\"><br \/>\n                    <\/a><br \/>\n                    <a\n                        href=\"https:\/\/bxrepsol.s3.eu-west-1.amazonaws.com\/static\/2022\/08\/05080325\/toyota-hilux-overdrive-dakar-2021-8.jpg\"\n                        data-index=\"5\"\n                    ><br \/>\n                        <img decoding=\"async\"\n                            src=\"https:\/\/bxrepsol.s3.eu-west-1.amazonaws.com\/static\/2022\/08\/05080325\/toyota-hilux-overdrive-dakar-2021-8.jpg\"\n                            srcset=\"https:\/\/bxrepsol.s3.eu-west-1.amazonaws.com\/static\/2022\/08\/05080325\/toyota-hilux-overdrive-dakar-2021-8.jpg 1280w, https:\/\/bxrepsol.s3.eu-west-1.amazonaws.com\/static\/2022\/08\/05080325\/toyota-hilux-overdrive-dakar-2021-8.jpg 900w, https:\/\/bxrepsol.s3.eu-west-1.amazonaws.com\/static\/2022\/08\/05080325\/toyota-hilux-overdrive-dakar-2021-8.jpg 600w, https:\/\/bxrepsol.s3.eu-west-1.amazonaws.com\/static\/2022\/08\/05080325\/toyota-hilux-overdrive-dakar-2021-8.jpg 480w, https:\/\/bxrepsol.s3.eu-west-1.amazonaws.com\/static\/2022\/08\/05080325\/toyota-hilux-overdrive-dakar-2021-8.jpg 32w\"\n                            title=\"toyota-hilux-overdrive-dakar-2021-8\"\n                            alt=\"Mec\u00e1nico trabajando en el Toyota Hilux del Repsol Rally Team\"\n                            data-title=\"\"><br \/>\n                    <\/a><br \/>\n                    <a\n                        href=\"https:\/\/bxrepsol.s3.eu-west-1.amazonaws.com\/static\/2022\/08\/05080326\/toyota-hilux-overdrive-dakar-2021-7.jpg\"\n                        data-index=\"6\"\n                    ><br \/>\n                        <img decoding=\"async\"\n                            src=\"https:\/\/bxrepsol.s3.eu-west-1.amazonaws.com\/static\/2022\/08\/05080326\/toyota-hilux-overdrive-dakar-2021-7.jpg\"\n                            srcset=\"https:\/\/bxrepsol.s3.eu-west-1.amazonaws.com\/static\/2022\/08\/05080326\/toyota-hilux-overdrive-dakar-2021-7.jpg 1280w, https:\/\/bxrepsol.s3.eu-west-1.amazonaws.com\/static\/2022\/08\/05080326\/toyota-hilux-overdrive-dakar-2021-7.jpg 900w, https:\/\/bxrepsol.s3.eu-west-1.amazonaws.com\/static\/2022\/08\/05080326\/toyota-hilux-overdrive-dakar-2021-7.jpg 600w, https:\/\/bxrepsol.s3.eu-west-1.amazonaws.com\/static\/2022\/08\/05080326\/toyota-hilux-overdrive-dakar-2021-7.jpg 480w, https:\/\/bxrepsol.s3.eu-west-1.amazonaws.com\/static\/2022\/08\/05080326\/toyota-hilux-overdrive-dakar-2021-7.jpg 32w\"\n                            title=\"toyota-hilux-overdrive-dakar-2021-7\"\n                            alt=\"Toyota Hilux del Repsol Rally Team saltando\"\n                            data-title=\"\"><br \/>\n                    <\/a><br \/>\n                    <a\n                        href=\"https:\/\/bxrepsol.s3.eu-west-1.amazonaws.com\/static\/2022\/08\/05080318\/toyota-hilux-overdrive-dakar-2021-2.jpg\"\n                        data-index=\"7\"\n                    ><br \/>\n                        <img decoding=\"async\"\n                            src=\"https:\/\/bxrepsol.s3.eu-west-1.amazonaws.com\/static\/2022\/08\/05080318\/toyota-hilux-overdrive-dakar-2021-2.jpg\"\n                            srcset=\"https:\/\/bxrepsol.s3.eu-west-1.amazonaws.com\/static\/2022\/08\/05080318\/toyota-hilux-overdrive-dakar-2021-2.jpg 1280w, https:\/\/bxrepsol.s3.eu-west-1.amazonaws.com\/static\/2022\/08\/05080318\/toyota-hilux-overdrive-dakar-2021-2.jpg 900w, https:\/\/bxrepsol.s3.eu-west-1.amazonaws.com\/static\/2022\/08\/05080318\/toyota-hilux-overdrive-dakar-2021-2.jpg 600w, https:\/\/bxrepsol.s3.eu-west-1.amazonaws.com\/static\/2022\/08\/05080318\/toyota-hilux-overdrive-dakar-2021-2.jpg 480w, https:\/\/bxrepsol.s3.eu-west-1.amazonaws.com\/static\/2022\/08\/05080318\/toyota-hilux-overdrive-dakar-2021-2.jpg 32w\"\n                            title=\"toyota-hilux-overdrive-dakar-2021-2\"\n                            alt=\"Toyota Hilux del Repsol Rally Team a toda velocidad\"\n                            data-title=\"\"><br \/>\n                    <\/a><br \/>\n                    <a\n                        href=\"https:\/\/bxrepsol.s3.eu-west-1.amazonaws.com\/static\/2022\/08\/05080327\/toyota-hilux-overdrive-dakar-2021-1.jpg\"\n                        data-index=\"8\"\n                    ><br \/>\n                        <img decoding=\"async\"\n                            src=\"https:\/\/bxrepsol.s3.eu-west-1.amazonaws.com\/static\/2022\/08\/05080327\/toyota-hilux-overdrive-dakar-2021-1.jpg\"\n                            srcset=\"https:\/\/bxrepsol.s3.eu-west-1.amazonaws.com\/static\/2022\/08\/05080327\/toyota-hilux-overdrive-dakar-2021-1.jpg 1280w, https:\/\/bxrepsol.s3.eu-west-1.amazonaws.com\/static\/2022\/08\/05080327\/toyota-hilux-overdrive-dakar-2021-1.jpg 900w, https:\/\/bxrepsol.s3.eu-west-1.amazonaws.com\/static\/2022\/08\/05080327\/toyota-hilux-overdrive-dakar-2021-1.jpg 600w, https:\/\/bxrepsol.s3.eu-west-1.amazonaws.com\/static\/2022\/08\/05080327\/toyota-hilux-overdrive-dakar-2021-1.jpg 480w, https:\/\/bxrepsol.s3.eu-west-1.amazonaws.com\/static\/2022\/08\/05080327\/toyota-hilux-overdrive-dakar-2021-1.jpg 32w\"\n                            title=\"toyota-hilux-overdrive-dakar-2021-1\"\n                            alt=\"Isidre Esteve pilotando su Toyota Hilux Overdirve\"\n                            data-title=\"\"><br \/>\n                    <\/a><br \/>\n                    <a\n                        href=\"https:\/\/bxrepsol.s3.eu-west-1.amazonaws.com\/static\/2022\/08\/05080328\/mandos-volante.jpg\"\n                        data-index=\"9\"\n                    ><br \/>\n                        <img decoding=\"async\"\n                            src=\"https:\/\/bxrepsol.s3.eu-west-1.amazonaws.com\/static\/2022\/08\/05080328\/mandos-volante.jpg\"\n                            srcset=\"https:\/\/bxrepsol.s3.eu-west-1.amazonaws.com\/static\/2022\/08\/05080328\/mandos-volante.jpg 1280w, https:\/\/bxrepsol.s3.eu-west-1.amazonaws.com\/static\/2022\/08\/05080328\/mandos-volante.jpg 900w, https:\/\/bxrepsol.s3.eu-west-1.amazonaws.com\/static\/2022\/08\/05080328\/mandos-volante.jpg 600w, https:\/\/bxrepsol.s3.eu-west-1.amazonaws.com\/static\/2022\/08\/05080328\/mandos-volante.jpg 480w, https:\/\/bxrepsol.s3.eu-west-1.amazonaws.com\/static\/2022\/08\/05080328\/mandos-volante.jpg 32w\"\n                            title=\"mandos-volante\"\n                            alt=\"\"\n                            data-title=\"\"><br \/>\n                    <\/a><br \/>\n                    <a\n                        href=\"https:\/\/bxrepsol.s3.eu-west-1.amazonaws.com\/static\/2022\/08\/05080329\/isidre-txema-toyota-hilux.jpg\"\n                        data-index=\"10\"\n                    ><br \/>\n                        <img decoding=\"async\"\n                            src=\"https:\/\/bxrepsol.s3.eu-west-1.amazonaws.com\/static\/2022\/08\/05080329\/isidre-txema-toyota-hilux.jpg\"\n                            srcset=\"https:\/\/bxrepsol.s3.eu-west-1.amazonaws.com\/static\/2022\/08\/05080329\/isidre-txema-toyota-hilux.jpg 1280w, https:\/\/bxrepsol.s3.eu-west-1.amazonaws.com\/static\/2022\/08\/05080329\/isidre-txema-toyota-hilux.jpg 900w, https:\/\/bxrepsol.s3.eu-west-1.amazonaws.com\/static\/2022\/08\/05080329\/isidre-txema-toyota-hilux.jpg 600w, https:\/\/bxrepsol.s3.eu-west-1.amazonaws.com\/static\/2022\/08\/05080329\/isidre-txema-toyota-hilux.jpg 480w, https:\/\/bxrepsol.s3.eu-west-1.amazonaws.com\/static\/2022\/08\/05080329\/isidre-txema-toyota-hilux.jpg 32w\"\n                            title=\"isidre-txema-toyota-hilux\"\n                            alt=\"El nuevo Toyota Hilux overdrive de Isidre Esteve\"\n                            data-title=\"\"><br \/>\n                    <\/a><br \/>\n        <button data-glide-dir=\"<\"><br \/>\n            <svg role=\"img\"  viewBox=\"0 0 256 512\">\n                <path fill=\"currentColor\" d=\"M238.475 475.535l7.071-7.07c4.686-4.686 4.686-12.284 0-16.971L50.053 256 245.546 60.506c4.686-4.686 4.686-12.284 0-16.971l-7.071-7.07c-4.686-4.686-12.284-4.686-16.97 0L10.454 247.515c-4.686 4.686-4.686 12.284 0 16.971l211.051 211.05c4.686 4.686 12.284 4.686 16.97-.001z\"><\/path>\n            <\/svg><br \/>\n        <\/button><br \/>\n        <button data-glide-dir=\">\u00ab><br \/>\n            <svg role=\"img\"  viewBox=\"0 0 256 512\">\n                <path fill=\"currentColor\" d=\"M17.525 36.465l-7.071 7.07c-4.686 4.686-4.686 12.284 0 16.971L205.947 256 10.454 451.494c-4.686 4.686-4.686 12.284 0 16.971l7.071 7.07c4.686 4.686 12.284 4.686 16.97 0l211.051-211.05c4.686-4.686 4.686-12.284 0-16.971L34.495 36.465c-4.686-4.687-12.284-4.687-16.97 0z\"><\/path>\n            <\/svg><br \/>\n        <\/button><\/p>\n<p>Dispone de una caja de cambios Sadev de 6 velocidades y accionamiento secuencial  y controles para el manejo de los diferenciales. <\/p>\n<p>Los frenos, firmados por AP Racing, uno de los mejores fabricantes de sistemas de frenado para competici\u00f3n, disponen de enormes discos mordidos por pinzas de 6 pistones en ambos ejes.<\/p>\n<p>Las suspensiones son de doble trapecio y poseen un sistema de doble amortiguador de amplio recorrido por rueda.<\/p>\n<p><a href=\"https:\/\/bxrepsol.s3.eu-west-1.amazonaws.com\/static\/2022\/08\/05080325\/toyota-hilux-overdrive-dakar-2021-8.jpg\" \n   title=\"Mec\u00e1nico trabajando en el Toyota Hilux del Repsol Rally Team\" \n   data-gallery-thumbnail=\"https:\/\/bxrepsol.s3.eu-west-1.amazonaws.com\/static\/2022\/08\/05080325\/toyota-hilux-overdrive-dakar-2021-8.jpg\"\n   data-gallery-title=\"\"\n   data-gallery><\/p>\n<figure>\n        <picture style=\"padding-bottom: 56.25%; background-image: url(https:\/\/bxrepsol.s3.eu-west-1.amazonaws.com\/static\/2022\/08\/05080325\/toyota-hilux-overdrive-dakar-2021-8.jpg);\">\n            <img decoding=\"async\" src=\"https:\/\/bxrepsol.s3.eu-west-1.amazonaws.com\/static\/2022\/08\/05080325\/toyota-hilux-overdrive-dakar-2021-8.jpg\"><br \/>\n            <img itemprop=\"image\"\n                data-srcset=\"https:\/\/bxrepsol.s3.eu-west-1.amazonaws.com\/static\/2022\/08\/05080325\/toyota-hilux-overdrive-dakar-2021-8.jpg 480w, https:\/\/bxrepsol.s3.eu-west-1.amazonaws.com\/static\/2022\/08\/05080325\/toyota-hilux-overdrive-dakar-2021-8.jpg 600w, https:\/\/bxrepsol.s3.eu-west-1.amazonaws.com\/static\/2022\/08\/05080325\/toyota-hilux-overdrive-dakar-2021-8.jpg 900w, https:\/\/bxrepsol.s3.eu-west-1.amazonaws.com\/static\/2022\/08\/05080325\/toyota-hilux-overdrive-dakar-2021-8.jpg 1280w\"\n                data-src=\"https:\/\/bxrepsol.s3.eu-west-1.amazonaws.com\/static\/2022\/08\/05080325\/toyota-hilux-overdrive-dakar-2021-8.jpg\"\n                alt=\"Mec\u00e1nico trabajando en el Toyota Hilux del Repsol Rally Team\"\n                title=\"toyota-hilux-overdrive-dakar-2021-8\"\/><br \/>\n            <noscript><img decoding=\"async\" src=\"https:\/\/bxrepsol.s3.eu-west-1.amazonaws.com\/static\/2022\/08\/05080325\/toyota-hilux-overdrive-dakar-2021-8.jpg\" alt=\"Mec\u00e1nico trabajando en el Toyota Hilux del Repsol Rally Team\"><\/noscript>\n        <\/picture><figcaption>Mec\u00e1nico trabajando en el Toyota Hilux del Repsol Rally Team<\/figcaption><\/figure>\n<p><\/a><\/p>\n<p>El Toyota Hilux Overdrive de Isidre cuenta con los mandos adaptados en el volante por Guidosimplex, para permitirle pilotar exclusivamente con las manos, a causa de su lesi\u00f3n medular y el imprescindible Coj\u00edn Inteligente, que le permite permanecer sentado durante muchas horas sin riesgo a sufrir \u00falceras por presi\u00f3n.<\/p>\n<p>En palabras de Isidre \u201cEl coj\u00edn Nubolo, como se conoce en su versi\u00f3n comercial, me permite volver a competir con seguridad. Cuenta con ocho zonas con celdas de aire (de m\u00e1s cr\u00edticas a menos cr\u00edticas). Cada zona est\u00e1 controlada por microsensores y v\u00e1lvulas de presi\u00f3n. Son alveolos con aire en su interior y en cada sector decidimos una presi\u00f3n m\u00e1xima y una m\u00ednima. El coj\u00edn va oscilando la presi\u00f3n para favorecer la irrigaci\u00f3n sangu\u00ednea de mis gl\u00fateos, que van presionados todo el rato, y evitar as\u00ed las lesiones en la piel\u201d.<\/p>\n<p><a href=\"https:\/\/bxrepsol.s3.eu-west-1.amazonaws.com\/static\/2022\/08\/05080327\/toyota-hilux-overdrive-dakar-2021-1.jpg\" \n   title=\"Isidre Esteve pilotando su Toyota Hilux Overdirve\" \n   data-gallery-thumbnail=\"https:\/\/bxrepsol.s3.eu-west-1.amazonaws.com\/static\/2022\/08\/05080327\/toyota-hilux-overdrive-dakar-2021-1.jpg\"\n   data-gallery-title=\"\"\n   data-gallery><\/p>\n<figure>\n        <picture style=\"padding-bottom: 56.25%; background-image: url(https:\/\/bxrepsol.s3.eu-west-1.amazonaws.com\/static\/2022\/08\/05080327\/toyota-hilux-overdrive-dakar-2021-1.jpg);\">\n            <img decoding=\"async\" src=\"https:\/\/bxrepsol.s3.eu-west-1.amazonaws.com\/static\/2022\/08\/05080327\/toyota-hilux-overdrive-dakar-2021-1.jpg\"><br \/>\n            <img itemprop=\"image\"\n                data-srcset=\"https:\/\/bxrepsol.s3.eu-west-1.amazonaws.com\/static\/2022\/08\/05080327\/toyota-hilux-overdrive-dakar-2021-1.jpg 480w, https:\/\/bxrepsol.s3.eu-west-1.amazonaws.com\/static\/2022\/08\/05080327\/toyota-hilux-overdrive-dakar-2021-1.jpg 600w, https:\/\/bxrepsol.s3.eu-west-1.amazonaws.com\/static\/2022\/08\/05080327\/toyota-hilux-overdrive-dakar-2021-1.jpg 900w, https:\/\/bxrepsol.s3.eu-west-1.amazonaws.com\/static\/2022\/08\/05080327\/toyota-hilux-overdrive-dakar-2021-1.jpg 1280w\"\n                data-src=\"https:\/\/bxrepsol.s3.eu-west-1.amazonaws.com\/static\/2022\/08\/05080327\/toyota-hilux-overdrive-dakar-2021-1.jpg\"\n                alt=\"Isidre Esteve pilotando su Toyota Hilux Overdirve\"\n                title=\"toyota-hilux-overdrive-dakar-2021-1\"\/><br \/>\n            <noscript><img decoding=\"async\" src=\"https:\/\/bxrepsol.s3.eu-west-1.amazonaws.com\/static\/2022\/08\/05080327\/toyota-hilux-overdrive-dakar-2021-1.jpg\" alt=\"Isidre Esteve pilotando su Toyota Hilux Overdirve\"><\/noscript>\n        <\/picture><figcaption>Isidre Esteve pilotando su Toyota Hilux Overdirve<\/figcaption><\/figure>\n<p><\/a><\/p>\n","protected":false},"excerpt":{"rendered":"<p>Isidre Esteve vuelve a la aventura en el Dakar 2021 con el coche m\u00e1s competitivo que jam\u00e1s ha pilotado. El ilerdense del Repsol Rally Team contar\u00e1 con un nuevo veh\u00edculo que ya estren\u00f3 en el Rally de Andaluc\u00eda, el Toyota Hilux Overdrive.<\/p>\n","protected":false},"author":43146,"featured_media":41756,"comment_status":"open","ping_status":"open","sticky":false,"template":"","format":"standard","meta":{"footnotes":""},"categories":[27],"tags":[201,29,183],"class_list":["post-94773","post","type-post","status-publish","format-standard","hentry","category-rally","tag-dakar","tag-isidre-esteve","tag-repsol-rally-team"],"yoast_head":"<!-- This site is optimized with the Yoast SEO plugin v27.3 - https:\/\/yoast.com\/product\/yoast-seo-wordpress\/ -->\n<title>El flamante Toyota Hilux Overdrive del Repsol Rally Team para el Dakar 2021 - Box Repsol<\/title>\n<meta name=\"description\" content=\"Isidre Esteve vuelve a la aventura en el Dakar 2021 con el coche m\u00e1s competitivo que jam\u00e1s ha pilotado, el Toyota Hilux Overdrive V8.\" \/>\n<link rel=\"canonical\" href=\"https:\/\/www.boxrepsol.com\/es\/rally\/toyota-hilux-overdrive-repsol-rally-team-dakar-2021\/\" \/>\n<meta property=\"og:locale\" content=\"es_ES\" \/>\n<meta property=\"og:type\" content=\"article\" \/>\n<meta property=\"og:title\" content=\"El flamante Toyota Hilux Overdrive del Repsol Rally Team para el Dakar 2021 - Box Repsol\" \/>\n<meta property=\"og:description\" content=\"Isidre Esteve vuelve a la aventura en el Dakar 2021 con el coche m\u00e1s competitivo que jam\u00e1s ha pilotado, el Toyota Hilux Overdrive V8.\" \/>\n<meta property=\"og:url\" content=\"https:\/\/www.boxrepsol.com\/es\/rally\/toyota-hilux-overdrive-repsol-rally-team-dakar-2021\/\" \/>\n<meta property=\"og:site_name\" content=\"Box Repsol\" \/>\n<meta property=\"article:publisher\" content=\"https:\/\/www.facebook.com\/BoxRepsol\" \/>\n<meta property=\"article:author\" content=\"https:\/\/www.facebook.com\/BoxRepsol\/\" \/>\n<meta property=\"article:published_time\" content=\"2020-12-18T02:00:00+00:00\" \/>\n<meta property=\"article:modified_time\" content=\"2024-04-18T09:03:47+00:00\" \/>\n<meta property=\"og:image\" content=\"https:\/\/bxrepsol.s3.eu-west-1.amazonaws.com\/static\/2022\/08\/09121244\/toyota-hilux-overdrive-dakar-2021-7-1.jpg\" \/>\n\t<meta property=\"og:image:width\" content=\"1280\" \/>\n\t<meta property=\"og:image:height\" content=\"720\" \/>\n\t<meta property=\"og:image:type\" content=\"image\/jpeg\" \/>\n<meta name=\"author\" content=\"Redacci\u00f3n Box Repsol\" \/>\n<meta name=\"twitter:card\" content=\"summary_large_image\" \/>\n<meta name=\"twitter:creator\" content=\"@https:\/\/twitter.com\/box_repsol\" \/>\n<meta name=\"twitter:site\" content=\"@box_repsol\" \/>\n<meta name=\"twitter:label1\" content=\"Written by\" \/>\n\t<meta name=\"twitter:data1\" content=\"Redacci\u00f3n Box Repsol\" \/>\n\t<meta name=\"twitter:label2\" content=\"Est. reading time\" \/>\n\t<meta name=\"twitter:data2\" content=\"2 minutos\" \/>\n<script type=\"application\/ld+json\" class=\"yoast-schema-graph\">{\"@context\":\"https:\\\/\\\/schema.org\",\"@graph\":[{\"@type\":\"Article\",\"@id\":\"https:\\\/\\\/www.boxrepsol.com\\\/es\\\/rally\\\/toyota-hilux-overdrive-repsol-rally-team-dakar-2021\\\/#article\",\"isPartOf\":{\"@id\":\"https:\\\/\\\/www.boxrepsol.com\\\/es\\\/rally\\\/toyota-hilux-overdrive-repsol-rally-team-dakar-2021\\\/\"},\"author\":{\"name\":\"Redacci\u00f3n Box Repsol\",\"@id\":\"https:\\\/\\\/www.boxrepsol.com\\\/es\\\/#\\\/schema\\\/person\\\/c5c2138f2cca251b0ad92b7086bb60b7\"},\"headline\":\"El flamante Toyota Hilux Overdrive del Repsol Rally Team para el Dakar 2021\",\"datePublished\":\"2020-12-18T02:00:00+00:00\",\"dateModified\":\"2024-04-18T09:03:47+00:00\",\"mainEntityOfPage\":{\"@id\":\"https:\\\/\\\/www.boxrepsol.com\\\/es\\\/rally\\\/toyota-hilux-overdrive-repsol-rally-team-dakar-2021\\\/\"},\"wordCount\":381,\"commentCount\":0,\"publisher\":{\"@id\":\"https:\\\/\\\/www.boxrepsol.com\\\/es\\\/#organization\"},\"image\":{\"@id\":\"https:\\\/\\\/www.boxrepsol.com\\\/es\\\/rally\\\/toyota-hilux-overdrive-repsol-rally-team-dakar-2021\\\/#primaryimage\"},\"thumbnailUrl\":\"https:\\\/\\\/bxrepsol.s3.eu-west-1.amazonaws.com\\\/static\\\/2022\\\/08\\\/09121244\\\/toyota-hilux-overdrive-dakar-2021-7-1.jpg\",\"keywords\":[\"Dakar\",\"Isidre Esteve\",\"Repsol Rally Team\"],\"articleSection\":[\"Rally\"],\"inLanguage\":\"es\",\"potentialAction\":[{\"@type\":\"CommentAction\",\"name\":\"Comment\",\"target\":[\"https:\\\/\\\/www.boxrepsol.com\\\/es\\\/rally\\\/toyota-hilux-overdrive-repsol-rally-team-dakar-2021\\\/#respond\"]}]},{\"@type\":\"WebPage\",\"@id\":\"https:\\\/\\\/www.boxrepsol.com\\\/es\\\/rally\\\/toyota-hilux-overdrive-repsol-rally-team-dakar-2021\\\/\",\"url\":\"https:\\\/\\\/www.boxrepsol.com\\\/es\\\/rally\\\/toyota-hilux-overdrive-repsol-rally-team-dakar-2021\\\/\",\"name\":\"El flamante Toyota Hilux Overdrive del Repsol Rally Team para el Dakar 2021 - Box Repsol\",\"isPartOf\":{\"@id\":\"https:\\\/\\\/www.boxrepsol.com\\\/es\\\/#website\"},\"primaryImageOfPage\":{\"@id\":\"https:\\\/\\\/www.boxrepsol.com\\\/es\\\/rally\\\/toyota-hilux-overdrive-repsol-rally-team-dakar-2021\\\/#primaryimage\"},\"image\":{\"@id\":\"https:\\\/\\\/www.boxrepsol.com\\\/es\\\/rally\\\/toyota-hilux-overdrive-repsol-rally-team-dakar-2021\\\/#primaryimage\"},\"thumbnailUrl\":\"https:\\\/\\\/bxrepsol.s3.eu-west-1.amazonaws.com\\\/static\\\/2022\\\/08\\\/09121244\\\/toyota-hilux-overdrive-dakar-2021-7-1.jpg\",\"datePublished\":\"2020-12-18T02:00:00+00:00\",\"dateModified\":\"2024-04-18T09:03:47+00:00\",\"description\":\"Isidre Esteve vuelve a la aventura en el Dakar 2021 con el coche m\u00e1s competitivo que jam\u00e1s ha pilotado, el Toyota Hilux Overdrive V8.\",\"breadcrumb\":{\"@id\":\"https:\\\/\\\/www.boxrepsol.com\\\/es\\\/rally\\\/toyota-hilux-overdrive-repsol-rally-team-dakar-2021\\\/#breadcrumb\"},\"inLanguage\":\"es\",\"potentialAction\":[{\"@type\":\"ReadAction\",\"target\":[\"https:\\\/\\\/www.boxrepsol.com\\\/es\\\/rally\\\/toyota-hilux-overdrive-repsol-rally-team-dakar-2021\\\/\"]}]},{\"@type\":\"ImageObject\",\"inLanguage\":\"es\",\"@id\":\"https:\\\/\\\/www.boxrepsol.com\\\/es\\\/rally\\\/toyota-hilux-overdrive-repsol-rally-team-dakar-2021\\\/#primaryimage\",\"url\":\"https:\\\/\\\/bxrepsol.s3.eu-west-1.amazonaws.com\\\/static\\\/2022\\\/08\\\/09121244\\\/toyota-hilux-overdrive-dakar-2021-7-1.jpg\",\"contentUrl\":\"https:\\\/\\\/bxrepsol.s3.eu-west-1.amazonaws.com\\\/static\\\/2022\\\/08\\\/09121244\\\/toyota-hilux-overdrive-dakar-2021-7-1.jpg\",\"width\":1280,\"height\":720,\"caption\":\"Toyota Hilux del Repsol Rally Team saltando\"},{\"@type\":\"BreadcrumbList\",\"@id\":\"https:\\\/\\\/www.boxrepsol.com\\\/es\\\/rally\\\/toyota-hilux-overdrive-repsol-rally-team-dakar-2021\\\/#breadcrumb\",\"itemListElement\":[{\"@type\":\"ListItem\",\"position\":1,\"name\":\"Home\",\"item\":\"https:\\\/\\\/www.boxrepsol.com\\\/es\\\/\"},{\"@type\":\"ListItem\",\"position\":2,\"name\":\"El flamante Toyota Hilux Overdrive del Repsol Rally Team para el Dakar 2021\"}]},{\"@type\":\"WebSite\",\"@id\":\"https:\\\/\\\/www.boxrepsol.com\\\/es\\\/#website\",\"url\":\"https:\\\/\\\/www.boxrepsol.com\\\/es\\\/\",\"name\":\"Box Repsol\",\"description\":\"Box Repsol Site\",\"publisher\":{\"@id\":\"https:\\\/\\\/www.boxrepsol.com\\\/es\\\/#organization\"},\"potentialAction\":[{\"@type\":\"SearchAction\",\"target\":{\"@type\":\"EntryPoint\",\"urlTemplate\":\"https:\\\/\\\/www.boxrepsol.com\\\/es\\\/?s={search_term_string}\"},\"query-input\":{\"@type\":\"PropertyValueSpecification\",\"valueRequired\":true,\"valueName\":\"search_term_string\"}}],\"inLanguage\":\"es\"},{\"@type\":\"Organization\",\"@id\":\"https:\\\/\\\/www.boxrepsol.com\\\/es\\\/#organization\",\"name\":\"Box Repsol\",\"url\":\"https:\\\/\\\/www.boxrepsol.com\\\/es\\\/\",\"logo\":{\"@type\":\"ImageObject\",\"inLanguage\":\"es\",\"@id\":\"https:\\\/\\\/www.boxrepsol.com\\\/es\\\/#\\\/schema\\\/logo\\\/image\\\/\",\"url\":\"https:\\\/\\\/bxrepsol.s3.eu-west-1.amazonaws.com\\\/static\\\/2025\\\/07\\\/30083337\\\/favicon-96x96-1.png\",\"contentUrl\":\"https:\\\/\\\/bxrepsol.s3.eu-west-1.amazonaws.com\\\/static\\\/2025\\\/07\\\/30083337\\\/favicon-96x96-1.png\",\"width\":96,\"height\":96,\"caption\":\"Box Repsol\"},\"image\":{\"@id\":\"https:\\\/\\\/www.boxrepsol.com\\\/es\\\/#\\\/schema\\\/logo\\\/image\\\/\"},\"sameAs\":[\"https:\\\/\\\/www.facebook.com\\\/BoxRepsol\",\"https:\\\/\\\/x.com\\\/box_repsol\",\"http:\\\/\\\/instagram.com\\\/box_repsol\",\"https:\\\/\\\/www.youtube.com\\\/user\\\/RepsolCompeticion\",\"https:\\\/\\\/www.flickr.com\\\/photos\\\/box_repsol\\\/\"]},{\"@type\":\"Person\",\"@id\":\"https:\\\/\\\/www.boxrepsol.com\\\/es\\\/#\\\/schema\\\/person\\\/c5c2138f2cca251b0ad92b7086bb60b7\",\"name\":\"Redacci\u00f3n Box Repsol\",\"image\":{\"@type\":\"ImageObject\",\"inLanguage\":\"es\",\"@id\":\"https:\\\/\\\/secure.gravatar.com\\\/avatar\\\/adf7b77e38b4419baf32c7e9c21dde01f4e40df611f0978e3006fc4ba0aaab7e?s=96&d=mm&r=g\",\"url\":\"https:\\\/\\\/secure.gravatar.com\\\/avatar\\\/adf7b77e38b4419baf32c7e9c21dde01f4e40df611f0978e3006fc4ba0aaab7e?s=96&d=mm&r=g\",\"contentUrl\":\"https:\\\/\\\/secure.gravatar.com\\\/avatar\\\/adf7b77e38b4419baf32c7e9c21dde01f4e40df611f0978e3006fc4ba0aaab7e?s=96&d=mm&r=g\",\"caption\":\"Redacci\u00f3n Box Repsol\"},\"description\":\"Box Repsol lo forma un equipo de periodistas, community managers, dise\u00f1adores y fot\u00f3grafos con m\u00e1s de 20 a\u00f1os de experiencia en el mundo del motorsport. Hemos vivido el primer mundial de un espa\u00f1ol en la categor\u00eda reina de motociclismo con \u00c1lex Crivill\u00e9, estuvimos en las victorias de Pedrosa y los t\u00edtulos de M\u00e1rquez, acompa\u00f1amos en \u00c1frica a Nani Roma y Marc Coma en sus conquistas del Dakar y hemos vibrado con los t\u00edtulos de Toni Bou en Trial. Adem\u00e1s, en nuestro equipo contamos con expertos en el mundo de las dos y cuatro ruedas tanto de la calle y las carreteras, como de los circuitos. Periodistas que han trabajado en revistas y publicaciones para hacerte llegar desde rutas y consejos de mantenimiento, a curiosidades y trucos de pilotaje.\",\"sameAs\":[\"https:\\\/\\\/www.facebook.com\\\/BoxRepsol\\\/\",\"https:\\\/\\\/www.instagram.com\\\/box_repsol\\\/\",\"https:\\\/\\\/x.com\\\/https:\\\/\\\/twitter.com\\\/box_repsol\",\"https:\\\/\\\/www.youtube.com\\\/@Boxrepsol\"],\"url\":\"https:\\\/\\\/www.boxrepsol.com\\\/es\\\/author\\\/redaccion-box-repsol\\\/\"}]}<\/script>\n<!-- \/ Yoast SEO plugin. -->","yoast_head_json":{"title":"El flamante Toyota Hilux Overdrive del Repsol Rally Team para el Dakar 2021 - Box Repsol","description":"Isidre Esteve vuelve a la aventura en el Dakar 2021 con el coche m\u00e1s competitivo que jam\u00e1s ha pilotado, el Toyota Hilux Overdrive V8.","canonical":"https:\/\/www.boxrepsol.com\/es\/rally\/toyota-hilux-overdrive-repsol-rally-team-dakar-2021\/","og_locale":"es_ES","og_type":"article","og_title":"El flamante Toyota Hilux Overdrive del Repsol Rally Team para el Dakar 2021 - Box Repsol","og_description":"Isidre Esteve vuelve a la aventura en el Dakar 2021 con el coche m\u00e1s competitivo que jam\u00e1s ha pilotado, el Toyota Hilux Overdrive V8.","og_url":"https:\/\/www.boxrepsol.com\/es\/rally\/toyota-hilux-overdrive-repsol-rally-team-dakar-2021\/","og_site_name":"Box Repsol","article_publisher":"https:\/\/www.facebook.com\/BoxRepsol","article_author":"https:\/\/www.facebook.com\/BoxRepsol\/","article_published_time":"2020-12-18T02:00:00+00:00","article_modified_time":"2024-04-18T09:03:47+00:00","og_image":[{"width":1280,"height":720,"url":"https:\/\/bxrepsol.s3.eu-west-1.amazonaws.com\/static\/2022\/08\/09121244\/toyota-hilux-overdrive-dakar-2021-7-1.jpg","type":"image\/jpeg"}],"author":"Redacci\u00f3n Box Repsol","twitter_card":"summary_large_image","twitter_creator":"@https:\/\/twitter.com\/box_repsol","twitter_site":"@box_repsol","twitter_misc":{"Written by":"Redacci\u00f3n Box Repsol","Est. reading time":"2 minutos"},"schema":{"@context":"https:\/\/schema.org","@graph":[{"@type":"Article","@id":"https:\/\/www.boxrepsol.com\/es\/rally\/toyota-hilux-overdrive-repsol-rally-team-dakar-2021\/#article","isPartOf":{"@id":"https:\/\/www.boxrepsol.com\/es\/rally\/toyota-hilux-overdrive-repsol-rally-team-dakar-2021\/"},"author":{"name":"Redacci\u00f3n Box Repsol","@id":"https:\/\/www.boxrepsol.com\/es\/#\/schema\/person\/c5c2138f2cca251b0ad92b7086bb60b7"},"headline":"El flamante Toyota Hilux Overdrive del Repsol Rally Team para el Dakar 2021","datePublished":"2020-12-18T02:00:00+00:00","dateModified":"2024-04-18T09:03:47+00:00","mainEntityOfPage":{"@id":"https:\/\/www.boxrepsol.com\/es\/rally\/toyota-hilux-overdrive-repsol-rally-team-dakar-2021\/"},"wordCount":381,"commentCount":0,"publisher":{"@id":"https:\/\/www.boxrepsol.com\/es\/#organization"},"image":{"@id":"https:\/\/www.boxrepsol.com\/es\/rally\/toyota-hilux-overdrive-repsol-rally-team-dakar-2021\/#primaryimage"},"thumbnailUrl":"https:\/\/bxrepsol.s3.eu-west-1.amazonaws.com\/static\/2022\/08\/09121244\/toyota-hilux-overdrive-dakar-2021-7-1.jpg","keywords":["Dakar","Isidre Esteve","Repsol Rally Team"],"articleSection":["Rally"],"inLanguage":"es","potentialAction":[{"@type":"CommentAction","name":"Comment","target":["https:\/\/www.boxrepsol.com\/es\/rally\/toyota-hilux-overdrive-repsol-rally-team-dakar-2021\/#respond"]}]},{"@type":"WebPage","@id":"https:\/\/www.boxrepsol.com\/es\/rally\/toyota-hilux-overdrive-repsol-rally-team-dakar-2021\/","url":"https:\/\/www.boxrepsol.com\/es\/rally\/toyota-hilux-overdrive-repsol-rally-team-dakar-2021\/","name":"El flamante Toyota Hilux Overdrive del Repsol Rally Team para el Dakar 2021 - Box Repsol","isPartOf":{"@id":"https:\/\/www.boxrepsol.com\/es\/#website"},"primaryImageOfPage":{"@id":"https:\/\/www.boxrepsol.com\/es\/rally\/toyota-hilux-overdrive-repsol-rally-team-dakar-2021\/#primaryimage"},"image":{"@id":"https:\/\/www.boxrepsol.com\/es\/rally\/toyota-hilux-overdrive-repsol-rally-team-dakar-2021\/#primaryimage"},"thumbnailUrl":"https:\/\/bxrepsol.s3.eu-west-1.amazonaws.com\/static\/2022\/08\/09121244\/toyota-hilux-overdrive-dakar-2021-7-1.jpg","datePublished":"2020-12-18T02:00:00+00:00","dateModified":"2024-04-18T09:03:47+00:00","description":"Isidre Esteve vuelve a la aventura en el Dakar 2021 con el coche m\u00e1s competitivo que jam\u00e1s ha pilotado, el Toyota Hilux Overdrive V8.","breadcrumb":{"@id":"https:\/\/www.boxrepsol.com\/es\/rally\/toyota-hilux-overdrive-repsol-rally-team-dakar-2021\/#breadcrumb"},"inLanguage":"es","potentialAction":[{"@type":"ReadAction","target":["https:\/\/www.boxrepsol.com\/es\/rally\/toyota-hilux-overdrive-repsol-rally-team-dakar-2021\/"]}]},{"@type":"ImageObject","inLanguage":"es","@id":"https:\/\/www.boxrepsol.com\/es\/rally\/toyota-hilux-overdrive-repsol-rally-team-dakar-2021\/#primaryimage","url":"https:\/\/bxrepsol.s3.eu-west-1.amazonaws.com\/static\/2022\/08\/09121244\/toyota-hilux-overdrive-dakar-2021-7-1.jpg","contentUrl":"https:\/\/bxrepsol.s3.eu-west-1.amazonaws.com\/static\/2022\/08\/09121244\/toyota-hilux-overdrive-dakar-2021-7-1.jpg","width":1280,"height":720,"caption":"Toyota Hilux del Repsol Rally Team saltando"},{"@type":"BreadcrumbList","@id":"https:\/\/www.boxrepsol.com\/es\/rally\/toyota-hilux-overdrive-repsol-rally-team-dakar-2021\/#breadcrumb","itemListElement":[{"@type":"ListItem","position":1,"name":"Home","item":"https:\/\/www.boxrepsol.com\/es\/"},{"@type":"ListItem","position":2,"name":"El flamante Toyota Hilux Overdrive del Repsol Rally Team para el Dakar 2021"}]},{"@type":"WebSite","@id":"https:\/\/www.boxrepsol.com\/es\/#website","url":"https:\/\/www.boxrepsol.com\/es\/","name":"Box Repsol","description":"Box Repsol Site","publisher":{"@id":"https:\/\/www.boxrepsol.com\/es\/#organization"},"potentialAction":[{"@type":"SearchAction","target":{"@type":"EntryPoint","urlTemplate":"https:\/\/www.boxrepsol.com\/es\/?s={search_term_string}"},"query-input":{"@type":"PropertyValueSpecification","valueRequired":true,"valueName":"search_term_string"}}],"inLanguage":"es"},{"@type":"Organization","@id":"https:\/\/www.boxrepsol.com\/es\/#organization","name":"Box Repsol","url":"https:\/\/www.boxrepsol.com\/es\/","logo":{"@type":"ImageObject","inLanguage":"es","@id":"https:\/\/www.boxrepsol.com\/es\/#\/schema\/logo\/image\/","url":"https:\/\/bxrepsol.s3.eu-west-1.amazonaws.com\/static\/2025\/07\/30083337\/favicon-96x96-1.png","contentUrl":"https:\/\/bxrepsol.s3.eu-west-1.amazonaws.com\/static\/2025\/07\/30083337\/favicon-96x96-1.png","width":96,"height":96,"caption":"Box Repsol"},"image":{"@id":"https:\/\/www.boxrepsol.com\/es\/#\/schema\/logo\/image\/"},"sameAs":["https:\/\/www.facebook.com\/BoxRepsol","https:\/\/x.com\/box_repsol","http:\/\/instagram.com\/box_repsol","https:\/\/www.youtube.com\/user\/RepsolCompeticion","https:\/\/www.flickr.com\/photos\/box_repsol\/"]},{"@type":"Person","@id":"https:\/\/www.boxrepsol.com\/es\/#\/schema\/person\/c5c2138f2cca251b0ad92b7086bb60b7","name":"Redacci\u00f3n Box Repsol","image":{"@type":"ImageObject","inLanguage":"es","@id":"https:\/\/secure.gravatar.com\/avatar\/adf7b77e38b4419baf32c7e9c21dde01f4e40df611f0978e3006fc4ba0aaab7e?s=96&d=mm&r=g","url":"https:\/\/secure.gravatar.com\/avatar\/adf7b77e38b4419baf32c7e9c21dde01f4e40df611f0978e3006fc4ba0aaab7e?s=96&d=mm&r=g","contentUrl":"https:\/\/secure.gravatar.com\/avatar\/adf7b77e38b4419baf32c7e9c21dde01f4e40df611f0978e3006fc4ba0aaab7e?s=96&d=mm&r=g","caption":"Redacci\u00f3n Box Repsol"},"description":"Box Repsol lo forma un equipo de periodistas, community managers, dise\u00f1adores y fot\u00f3grafos con m\u00e1s de 20 a\u00f1os de experiencia en el mundo del motorsport. Hemos vivido el primer mundial de un espa\u00f1ol en la categor\u00eda reina de motociclismo con \u00c1lex Crivill\u00e9, estuvimos en las victorias de Pedrosa y los t\u00edtulos de M\u00e1rquez, acompa\u00f1amos en \u00c1frica a Nani Roma y Marc Coma en sus conquistas del Dakar y hemos vibrado con los t\u00edtulos de Toni Bou en Trial. Adem\u00e1s, en nuestro equipo contamos con expertos en el mundo de las dos y cuatro ruedas tanto de la calle y las carreteras, como de los circuitos. Periodistas que han trabajado en revistas y publicaciones para hacerte llegar desde rutas y consejos de mantenimiento, a curiosidades y trucos de pilotaje.","sameAs":["https:\/\/www.facebook.com\/BoxRepsol\/","https:\/\/www.instagram.com\/box_repsol\/","https:\/\/x.com\/https:\/\/twitter.com\/box_repsol","https:\/\/www.youtube.com\/@Boxrepsol"],"url":"https:\/\/www.boxrepsol.com\/es\/author\/redaccion-box-repsol\/"}]}},"_links":{"self":[{"href":"https:\/\/www.boxrepsol.com\/es\/wp-json\/wp\/v2\/posts\/94773","targetHints":{"allow":["GET"]}}],"collection":[{"href":"https:\/\/www.boxrepsol.com\/es\/wp-json\/wp\/v2\/posts"}],"about":[{"href":"https:\/\/www.boxrepsol.com\/es\/wp-json\/wp\/v2\/types\/post"}],"author":[{"embeddable":true,"href":"https:\/\/www.boxrepsol.com\/es\/wp-json\/wp\/v2\/users\/43146"}],"replies":[{"embeddable":true,"href":"https:\/\/www.boxrepsol.com\/es\/wp-json\/wp\/v2\/comments?post=94773"}],"version-history":[{"count":1,"href":"https:\/\/www.boxrepsol.com\/es\/wp-json\/wp\/v2\/posts\/94773\/revisions"}],"predecessor-version":[{"id":94774,"href":"https:\/\/www.boxrepsol.com\/es\/wp-json\/wp\/v2\/posts\/94773\/revisions\/94774"}],"wp:featuredmedia":[{"embeddable":true,"href":"https:\/\/www.boxrepsol.com\/es\/wp-json\/wp\/v2\/media\/41756"}],"wp:attachment":[{"href":"https:\/\/www.boxrepsol.com\/es\/wp-json\/wp\/v2\/media?parent=94773"}],"wp:term":[{"taxonomy":"category","embeddable":true,"href":"https:\/\/www.boxrepsol.com\/es\/wp-json\/wp\/v2\/categories?post=94773"},{"taxonomy":"post_tag","embeddable":true,"href":"https:\/\/www.boxrepsol.com\/es\/wp-json\/wp\/v2\/tags?post=94773"}],"curies":[{"name":"wp","href":"https:\/\/api.w.org\/{rel}","templated":true}]}}