{"id":94771,"date":"2020-12-21T00:00:00","date_gmt":"2020-12-21T02:00:00","guid":{"rendered":"http:\/\/pre.boxrepsol.com\/sin-categorizar\/evitar-frio-en-moto-combatirlo\/"},"modified":"2024-04-18T07:04:56","modified_gmt":"2024-04-18T09:04:56","slug":"evitar-frio-en-moto-combatirlo","status":"publish","type":"post","link":"https:\/\/www.boxrepsol.com\/es\/vive-tu-moto\/evitar-frio-en-moto-combatirlo\/","title":{"rendered":"Fr\u00edo en moto \u2744 Aprende a combatirlo"},"content":{"rendered":"\n<h2 class=\"wp-block-heading\">Convivir con el fr\u00edo en moto<\/h2>\n\n\n\n<p>Seamos realistas, es imposible eliminar el<strong> fr\u00edo en moto<\/strong> totalmente. Al igual que pasa con el calor, las temperaturas nos van a afectar queramos o no. Lo bueno es que siguiendo una serie de consejos, equipamiento y algo de astucia seremos capaces de vencer en gran medida a las temperaturas g\u00e9lidas del invierno y a la humedad.<\/p>\n\n\n\n<p>Lo primero que hay que tener en cuenta es que existe una gama de equipamientos para nuestra moto que nos permiten luchar contra las bajas temperaturas de diferentes maneras.<\/p>\n\n\n\n<p>Despu\u00e9s debemos preocuparnos por lo que llevaremos puesto encima cuando salgamos con nuestra montura.<\/p>\n\n\n\n<h2 class=\"wp-block-heading\">Equipamiento para motos contra el frio en moto<\/h2>\n\n\n\n<p>En el mercado existen una inmensa cantidad de elementos que podremos colocar para evitar el fr\u00edo en moto. Algunos de ellos son espec\u00edficos para modelos concretos, mientras que otros se pueden adaptar a casi cualquier modelo.<\/p>\n\n\n\n<h3 class=\"wp-block-heading\">Pu\u00f1os t\u00e9rmicos:<\/h3>\n\n\n\n<p>Los cl\u00e1sicos <strong>pu\u00f1os calefactables<\/strong> que podemos ver en muchas motos y que muchas marcas lo ofrecen como opci\u00f3n al comprar nuestra <a href=\"https:\/\/www.boxrepsol.com\/es\/vive-tu-moto\/motos-honda-2021-novedades\/\">moto nueva<\/a>.<\/p>\n\n\n\n<p>Se trata de un sistema casi siempre regulable que, usando el sistema el\u00e9ctrico de la moto, nos permitir\u00e1 generar calor en los pu\u00f1os del manillar.<\/p>\n\n\n\n<p>Esto nos ayudar\u00e1 a aliviar en gran medida el fr\u00edo en moto que notamos en las manos, pero supone una carga el\u00e9ctrica importante y requiere de una cuidadosa instalaci\u00f3n.<\/p>\n\n\n\n<figure class=\"wp-block-image\"><img decoding=\"async\" src=\"https:\/\/bxrepsol.s3.eu-west-1.amazonaws.com\/static\/2022\/08\/09121229\/punos-calefactables-1.jpg\" alt=\"\"\/><figcaption class=\"wp-element-caption\">pu\u00f1os calefactables en una moto<\/figcaption><\/figure>\n\n\n\n<h3 class=\"wp-block-heading\">Asientos t\u00e9rmicos:<\/h3>\n\n\n\n<p>Si bien no es lo m\u00e1s habitual, existe la opci\u00f3n de instalar un asiento t\u00e9rmico en nuestra moto.<\/p>\n\n\n\n<p>Al igual que los pu\u00f1os, suelen tener varios niveles de regulaci\u00f3n de <a href=\"https:\/\/www.boxrepsol.com\/es\/motogp\/temperatura-alcanzan-los-componentes-una-motogp\/\">temperatura<\/a> y existen diferentes opciones para su instalaci\u00f3n, desde almohadillas externas hasta asientos completos.<\/p>\n\n\n\n<h3 class=\"wp-block-heading\">Pantallas aerodin\u00e1micas:<\/h3>\n\n\n\n<p>Una de las opciones m\u00e1s comunes que podemos encontrar para la protecci\u00f3n contra el fr\u00edo en moto, la lluvia y el viento, son las pantallas de moto.<\/p>\n\n\n\n<p>Ya sea en forma de pantalla completa o de a\u00f1adido a la que ya tenga la moto en origen, estos escudos nos evitar\u00e1n de forma notable el impacto del aire contra el cuerpo, ayud\u00e1ndonos a mantener la temperatura.<\/p>\n\n\n\n<p>Existen tambi\u00e9n pantallas auxiliares para cubrir las manos y las piernas.<\/p>\n\n\n\n<p>Su instalaci\u00f3n suele ser sencilla y en ocasiones sin necesidad de herramientas, pero ojo, en ocasiones ser\u00e1 necesario incluirla en la ficha t\u00e9cnica de la moto para no tener problemas en la ITV.<\/p>\n\n\n\n<figure class=\"wp-block-image\"><img decoding=\"async\" src=\"https:\/\/bxrepsol.s3.eu-west-1.amazonaws.com\/static\/2022\/08\/09121230\/pantallas-moto-2.jpg\" alt=\"\"\/><figcaption class=\"wp-element-caption\">Moto con pantallas aerodin\u00e1micas para evitar el fr\u00edo en moto<\/figcaption><\/figure>\n\n\n\n<h3 class=\"wp-block-heading\">Manoplas aislantes:<\/h3>\n\n\n\n<p>Una alternativa a las pantallas para la protecci\u00f3n de nuestras manos contra el fr\u00edo en moto es la instalaci\u00f3n de manoplas en las pi\u00f1as el manillar.<\/p>\n\n\n\n<p>Estos elementos se colocan de forma fija o temporal y quedar\u00e1n resguardados en su interior los mandos de la moto.<\/p>\n\n\n\n<p>Las manoplas pueden ser algo inc\u00f3modas en algunos modelos, ya que el hueco resultante puede ser muy justo para mover nuestras manos con agilidad y resultar\u00e1 inc\u00f3modo manejar las manetas o los mandos.<\/p>\n\n\n\n<h3 class=\"wp-block-heading\">Mantas t\u00e9rmicas cubre piernas:<\/h3>\n\n\n\n<p>Una de las opciones m\u00e1s comunes que vemos en las ciudades son las<strong> mantas t\u00e9rmicas<\/strong> cubre piernas, aunque existen tambi\u00e9n para motos de carretera.<\/p>\n\n\n\n<p>Estos elementos se colocan abrazando el carenado frontal de la moto y se extienden por encima de las piernas del usuario y por sus laterales, proporcionando un aislamiento importante. Adem\u00e1s suelen tener sistemas para evitar el movimiento con el aire, as\u00ed como para colocar accesorios en su exterior, como tel\u00e9fonos m\u00f3viles o GPS.<\/p>\n\n\n\n<p>Existen modelos para motos espec\u00edficas y otros adaptables a cualquier moto. Son, sin duda, una de las mejores armas para combatir el fr\u00edo en moto.<\/p>\n\n\n\n<p>Adem\u00e1s del equipamiento para la moto no te olvides de su mantenimiento, sobre todo de la bater\u00eda, ya que es una de las <a href=\"https:\/\/www.boxrepsol.com\/es\/vive-tu-moto\/averias-electricas-en-moto\/\">aver\u00edas el\u00e9ctricas<\/a> m\u00e1s habituales cuando hace mucho fr\u00edo.<\/p>\n\n\n\n<h2 class=\"wp-block-heading\">Equipamiento motero para combatir el frio en moto<\/h2>\n\n\n\n<p>Ya tenemos nuestra moto preparada para ayudarnos a sobrellevar las bajas temperaturas, ahora nos toca a los que vamos encima pertrecharnos de la mejor manera para pilotar nuestra moto con el mayor confort posible.<\/p>\n\n\n\n<figure class=\"wp-block-image\"><img decoding=\"async\" src=\"https:\/\/bxrepsol.s3.eu-west-1.amazonaws.com\/static\/2022\/08\/09121231\/motero-preparado-para-el-frio-en-moto-2.jpg\" alt=\"\"\/><figcaption class=\"wp-element-caption\">Motero preparado para combatir el fr\u00edo en moto<\/figcaption><\/figure>\n\n\n\n<p>Existen multitud de fabricantes de equipamiento de moto, con cat\u00e1logos llenos de guantes, botas, chaquetas y otros accesorios. Pero para el fr\u00edo deberemos buscar aquellos que contengan tecnolog\u00edas de aislamiento, tanto contra el fr\u00edo como contra el agua.<\/p>\n\n\n\n<h3 class=\"wp-block-heading\">Proteger manos y pies del fr\u00edo en moto<\/h3>\n\n\n\n<p>Las extremidades del cuerpo sufren especialmente con el fr\u00edo. Es pues muy importante que las protejamos lo mejor posible.<\/p>\n\n\n\n<p>Unos <strong>guantes de invierno<\/strong> de ca\u00f1a larga y que posean aislamiento t\u00e9rmico son imprescindibles. Suelen tener diferentes membranas que ayudar\u00e1n a parar el viento, evitar que entre el agua, mantendr\u00e1n el calor interior y tambi\u00e9n ayudar\u00e1n a evitar la sudoraci\u00f3n.<\/p>\n\n\n\n<p>Actualmente muchos fabricantes han adoptado m\u00e9todos de fabricaci\u00f3n que permiten que estos guantes ya no abulten tanto como los de antes, otorg\u00e1ndonos un manejo similar al de los guantes de verano.<\/p>\n\n\n\n<p>Es importante que los guantes nos queden bien, no solo de talla en la mano, si no con nuestra chaqueta. Acude a tu tienda de confianza para prob\u00e1rtelos o si los compras online, comprueba que puedas realizar cambios y devoluciones sin coste.<\/p>\n\n\n\n<p>Existen tambi\u00e9n los <strong>guantes calefactados<\/strong>, ya sea con bater\u00edas o conectados al sistema el\u00e9ctrico de la moto, que son una excelente opci\u00f3n para mantener las manos calientes, si bien su precio suele ser elevado.<\/p>\n\n\n\n<p>Para los pies buscaremos unas botas tambi\u00e9n de ca\u00f1a alta y calcetines t\u00e9rmicos.<\/p>\n\n\n\n<h3 class=\"wp-block-heading\">Chaqueta y pantal\u00f3n para combatir el frio en moto<\/h3>\n\n\n\n<p>En el mercado existen gran cantidad de <strong>chaquetas de invierno para moto<\/strong>, as\u00ed como otras todo tiempo que ofrecen la posibilidad de poner o quitar diferentes capas para poder usarlas todo el a\u00f1o.<\/p>\n\n\n\n<figure class=\"wp-block-image\"><img decoding=\"async\" src=\"https:\/\/bxrepsol.s3.eu-west-1.amazonaws.com\/static\/2022\/08\/09121232\/motero-preparado-para-el-frio-en-moto-nieve-2.jpg\" alt=\"\"\/><figcaption class=\"wp-element-caption\">Motero en su moto en la nieve con equipamiento para el fr\u00edo en moto<\/figcaption><\/figure>\n\n\n\n<p>Es importante que cuenten con una capa t\u00e9rmica o cortavientos. Adem\u00e1s, buscaremos el mejor ajuste posible gracias a el\u00e1sticos o tiras de ajuste.<\/p>\n\n\n\n<p>Para el pantal\u00f3n podremos optar por una prenda espec\u00edfica para invierno o, si preferimos algo m\u00e1s econ\u00f3mico, un pantal\u00f3n impermeable y cortavientos que nos pondremos por encima del pantal\u00f3n cuando queramos.<\/p>\n\n\n\n<p>La <strong>ropa interior t\u00e9rmica<\/strong> es algo que tambi\u00e9n deberemos tener en cuenta, tanto camiseta como pantal\u00f3n nos ayudar\u00e1n a evitar el fr\u00edo en gran medida.<\/p>\n\n\n\n<h3 class=\"wp-block-heading\">Proteger la cabeza del fr\u00edo en moto<\/h3>\n\n\n\n<p>La cabeza es uno de los lugares cr\u00edticos cuando hablamos de protecci\u00f3n en moto. En el caso del invierno, es uno de los puntos que m\u00e1s tenemos que valorar, ya que se pierde mucha temperatura por la cabeza y, adem\u00e1s, existe la posibilidad de que se genere vaho en nuestra pantalla.<\/p>\n\n\n\n<p>Adem\u00e1s el cuello es otra parte que requiere especial atenci\u00f3n, ya que un mal aislamiento de esta parte del cuerpo har\u00e1 entrar aire fr\u00edo dentro de la chaqueta.<\/p>\n\n\n\n<figure class=\"wp-block-image\"><img decoding=\"async\" src=\"https:\/\/bxrepsol.s3.eu-west-1.amazonaws.com\/static\/2022\/08\/09121233\/pasamontanas-y-guantes-de-invierno-1.jpg\" alt=\"\"\/><figcaption class=\"wp-element-caption\">Pasamonta\u00f1as y guantes de invierno para combatir el fr\u00edo en moto<\/figcaption><\/figure>\n\n\n\n<p>Lo m\u00e1s b\u00e1sico para combatir el fr\u00edo en la cabeza mientras andamos en moto es usar un<strong> casco integral<\/strong> y una braga para el cuello. Pero ante temperaturas muy fr\u00edas se puede optar por usar sotocascos o pasamonta\u00f1as t\u00e9rmicos que nos dar\u00e1n un extra de confort.<\/p>\n\n\n\n<p>Adem\u00e1s no olvides mantener bien limpia la pantalla, cerrar la ventilaci\u00f3n cuando no sea necesaria y si tu casco dispone de visera con sistema anti empa\u00f1amiento, mantenerla bien ajustada.<\/p>\n\n\n\n<p>No hay que olvidar que con el fr\u00edo baja la adherencia, por lo que ser\u00e1 conveniente que estos equipamientos cuenten con las mayores protecciones posibles y con elementos reflectantes, ya que en estos meses las horas de luz son menores.<\/p>\n\n\n\n<p>Con todos estos consejos, ya podr\u00e1s disfrutar de tu moto haga el fr\u00edo que haga.<\/p>\n\n\n\n<figure class=\"wp-block-image\"><img decoding=\"async\" src=\"https:\/\/bxrepsol.s3.eu-west-1.amazonaws.com\/static\/2022\/08\/09121234\/preparados-para-el-frio-en-moto-2.jpg\" alt=\"\"\/><figcaption class=\"wp-element-caption\">Motero haciendo el gesto de OK con un guante de invierno<\/figcaption><\/figure>\n","protected":false},"excerpt":{"rendered":"<p>En nuestras motos estamos expuestos a las inclemencias del tiempo y el fr\u00edo es uno de los peores enemigos. Desde boxrepsol.com te ense\u00f1amos a combatir el fr\u00edo en moto para que la puedas usar tambi\u00e9n en estas fechas.<\/p>\n","protected":false},"author":43146,"featured_media":41744,"comment_status":"open","ping_status":"open","sticky":false,"template":"","format":"standard","meta":{"footnotes":""},"categories":[122],"tags":[131,124],"class_list":["post-94771","post","type-post","status-publish","format-standard","hentry","category-vive-tu-moto","tag-equipacion-y-accesorios-moto","tag-moteros"],"yoast_head":"<!-- This site is optimized with the Yoast SEO plugin v27.3 - https:\/\/yoast.com\/product\/yoast-seo-wordpress\/ -->\n<title>Fr\u00edo en moto \u2744 Aprende a combatirlo - Box Repsol<\/title>\n<meta name=\"description\" content=\"En nuestras motos estamos expuestos a las inclemencias del tiempo. Te ense\u00f1amos a combatir el fr\u00edo en moto para que la puedas usar tambi\u00e9n en estas fechas.\" \/>\n<link rel=\"canonical\" href=\"https:\/\/www.boxrepsol.com\/es\/vive-tu-moto\/evitar-frio-en-moto-combatirlo\/\" \/>\n<meta property=\"og:locale\" content=\"es_ES\" \/>\n<meta property=\"og:type\" content=\"article\" \/>\n<meta property=\"og:title\" content=\"Fr\u00edo en moto \u2744 Aprende a combatirlo - Box Repsol\" \/>\n<meta property=\"og:description\" content=\"En nuestras motos estamos expuestos a las inclemencias del tiempo. Te ense\u00f1amos a combatir el fr\u00edo en moto para que la puedas usar tambi\u00e9n en estas fechas.\" \/>\n<meta property=\"og:url\" content=\"https:\/\/www.boxrepsol.com\/es\/vive-tu-moto\/evitar-frio-en-moto-combatirlo\/\" \/>\n<meta property=\"og:site_name\" content=\"Box Repsol\" \/>\n<meta property=\"article:publisher\" content=\"https:\/\/www.facebook.com\/BoxRepsol\" \/>\n<meta property=\"article:author\" content=\"https:\/\/www.facebook.com\/BoxRepsol\/\" \/>\n<meta property=\"article:published_time\" content=\"2020-12-21T02:00:00+00:00\" \/>\n<meta property=\"article:modified_time\" content=\"2024-04-18T09:04:56+00:00\" \/>\n<meta property=\"og:image\" content=\"https:\/\/bxrepsol.s3.eu-west-1.amazonaws.com\/static\/2022\/08\/09121236\/portada-frio-en-moto-1.jpg\" \/>\n\t<meta property=\"og:image:width\" content=\"1280\" \/>\n\t<meta property=\"og:image:height\" content=\"600\" \/>\n\t<meta property=\"og:image:type\" content=\"image\/jpeg\" \/>\n<meta name=\"author\" content=\"Redacci\u00f3n Box Repsol\" \/>\n<meta name=\"twitter:card\" content=\"summary_large_image\" \/>\n<meta name=\"twitter:creator\" content=\"@https:\/\/twitter.com\/box_repsol\" \/>\n<meta name=\"twitter:site\" content=\"@box_repsol\" \/>\n<meta name=\"twitter:label1\" content=\"Written by\" \/>\n\t<meta name=\"twitter:data1\" content=\"Redacci\u00f3n Box Repsol\" \/>\n\t<meta name=\"twitter:label2\" content=\"Est. reading time\" \/>\n\t<meta name=\"twitter:data2\" content=\"7 minutos\" \/>\n<script type=\"application\/ld+json\" class=\"yoast-schema-graph\">{\"@context\":\"https:\\\/\\\/schema.org\",\"@graph\":[{\"@type\":\"Article\",\"@id\":\"https:\\\/\\\/www.boxrepsol.com\\\/es\\\/vive-tu-moto\\\/evitar-frio-en-moto-combatirlo\\\/#article\",\"isPartOf\":{\"@id\":\"https:\\\/\\\/www.boxrepsol.com\\\/es\\\/vive-tu-moto\\\/evitar-frio-en-moto-combatirlo\\\/\"},\"author\":{\"name\":\"Redacci\u00f3n Box Repsol\",\"@id\":\"https:\\\/\\\/www.boxrepsol.com\\\/es\\\/#\\\/schema\\\/person\\\/c5c2138f2cca251b0ad92b7086bb60b7\"},\"headline\":\"Fr\u00edo en moto \u2744 Aprende a combatirlo\",\"datePublished\":\"2020-12-21T02:00:00+00:00\",\"dateModified\":\"2024-04-18T09:04:56+00:00\",\"mainEntityOfPage\":{\"@id\":\"https:\\\/\\\/www.boxrepsol.com\\\/es\\\/vive-tu-moto\\\/evitar-frio-en-moto-combatirlo\\\/\"},\"wordCount\":1397,\"commentCount\":0,\"publisher\":{\"@id\":\"https:\\\/\\\/www.boxrepsol.com\\\/es\\\/#organization\"},\"image\":{\"@id\":\"https:\\\/\\\/www.boxrepsol.com\\\/es\\\/vive-tu-moto\\\/evitar-frio-en-moto-combatirlo\\\/#primaryimage\"},\"thumbnailUrl\":\"https:\\\/\\\/bxrepsol.s3.eu-west-1.amazonaws.com\\\/static\\\/2022\\\/08\\\/09121236\\\/portada-frio-en-moto-1.jpg\",\"keywords\":[\"equipaci\u00f3n y accesorios moto\",\"moteros\"],\"articleSection\":[\"Vive tu moto\"],\"inLanguage\":\"es\",\"potentialAction\":[{\"@type\":\"CommentAction\",\"name\":\"Comment\",\"target\":[\"https:\\\/\\\/www.boxrepsol.com\\\/es\\\/vive-tu-moto\\\/evitar-frio-en-moto-combatirlo\\\/#respond\"]}]},{\"@type\":\"WebPage\",\"@id\":\"https:\\\/\\\/www.boxrepsol.com\\\/es\\\/vive-tu-moto\\\/evitar-frio-en-moto-combatirlo\\\/\",\"url\":\"https:\\\/\\\/www.boxrepsol.com\\\/es\\\/vive-tu-moto\\\/evitar-frio-en-moto-combatirlo\\\/\",\"name\":\"Fr\u00edo en moto \u2744 Aprende a combatirlo - Box Repsol\",\"isPartOf\":{\"@id\":\"https:\\\/\\\/www.boxrepsol.com\\\/es\\\/#website\"},\"primaryImageOfPage\":{\"@id\":\"https:\\\/\\\/www.boxrepsol.com\\\/es\\\/vive-tu-moto\\\/evitar-frio-en-moto-combatirlo\\\/#primaryimage\"},\"image\":{\"@id\":\"https:\\\/\\\/www.boxrepsol.com\\\/es\\\/vive-tu-moto\\\/evitar-frio-en-moto-combatirlo\\\/#primaryimage\"},\"thumbnailUrl\":\"https:\\\/\\\/bxrepsol.s3.eu-west-1.amazonaws.com\\\/static\\\/2022\\\/08\\\/09121236\\\/portada-frio-en-moto-1.jpg\",\"datePublished\":\"2020-12-21T02:00:00+00:00\",\"dateModified\":\"2024-04-18T09:04:56+00:00\",\"description\":\"En nuestras motos estamos expuestos a las inclemencias del tiempo. Te ense\u00f1amos a combatir el fr\u00edo en moto para que la puedas usar tambi\u00e9n en estas fechas.\",\"breadcrumb\":{\"@id\":\"https:\\\/\\\/www.boxrepsol.com\\\/es\\\/vive-tu-moto\\\/evitar-frio-en-moto-combatirlo\\\/#breadcrumb\"},\"inLanguage\":\"es\",\"potentialAction\":[{\"@type\":\"ReadAction\",\"target\":[\"https:\\\/\\\/www.boxrepsol.com\\\/es\\\/vive-tu-moto\\\/evitar-frio-en-moto-combatirlo\\\/\"]}]},{\"@type\":\"ImageObject\",\"inLanguage\":\"es\",\"@id\":\"https:\\\/\\\/www.boxrepsol.com\\\/es\\\/vive-tu-moto\\\/evitar-frio-en-moto-combatirlo\\\/#primaryimage\",\"url\":\"https:\\\/\\\/bxrepsol.s3.eu-west-1.amazonaws.com\\\/static\\\/2022\\\/08\\\/09121236\\\/portada-frio-en-moto-1.jpg\",\"contentUrl\":\"https:\\\/\\\/bxrepsol.s3.eu-west-1.amazonaws.com\\\/static\\\/2022\\\/08\\\/09121236\\\/portada-frio-en-moto-1.jpg\",\"width\":1280,\"height\":600,\"caption\":\"motera con equipamiento para combatir el fr\u00edo en moto\"},{\"@type\":\"BreadcrumbList\",\"@id\":\"https:\\\/\\\/www.boxrepsol.com\\\/es\\\/vive-tu-moto\\\/evitar-frio-en-moto-combatirlo\\\/#breadcrumb\",\"itemListElement\":[{\"@type\":\"ListItem\",\"position\":1,\"name\":\"Home\",\"item\":\"https:\\\/\\\/www.boxrepsol.com\\\/es\\\/\"},{\"@type\":\"ListItem\",\"position\":2,\"name\":\"Fr\u00edo en moto \u2744 Aprende a combatirlo\"}]},{\"@type\":\"WebSite\",\"@id\":\"https:\\\/\\\/www.boxrepsol.com\\\/es\\\/#website\",\"url\":\"https:\\\/\\\/www.boxrepsol.com\\\/es\\\/\",\"name\":\"Box Repsol\",\"description\":\"Box Repsol Site\",\"publisher\":{\"@id\":\"https:\\\/\\\/www.boxrepsol.com\\\/es\\\/#organization\"},\"potentialAction\":[{\"@type\":\"SearchAction\",\"target\":{\"@type\":\"EntryPoint\",\"urlTemplate\":\"https:\\\/\\\/www.boxrepsol.com\\\/es\\\/?s={search_term_string}\"},\"query-input\":{\"@type\":\"PropertyValueSpecification\",\"valueRequired\":true,\"valueName\":\"search_term_string\"}}],\"inLanguage\":\"es\"},{\"@type\":\"Organization\",\"@id\":\"https:\\\/\\\/www.boxrepsol.com\\\/es\\\/#organization\",\"name\":\"Box Repsol\",\"url\":\"https:\\\/\\\/www.boxrepsol.com\\\/es\\\/\",\"logo\":{\"@type\":\"ImageObject\",\"inLanguage\":\"es\",\"@id\":\"https:\\\/\\\/www.boxrepsol.com\\\/es\\\/#\\\/schema\\\/logo\\\/image\\\/\",\"url\":\"https:\\\/\\\/bxrepsol.s3.eu-west-1.amazonaws.com\\\/static\\\/2025\\\/07\\\/30083337\\\/favicon-96x96-1.png\",\"contentUrl\":\"https:\\\/\\\/bxrepsol.s3.eu-west-1.amazonaws.com\\\/static\\\/2025\\\/07\\\/30083337\\\/favicon-96x96-1.png\",\"width\":96,\"height\":96,\"caption\":\"Box Repsol\"},\"image\":{\"@id\":\"https:\\\/\\\/www.boxrepsol.com\\\/es\\\/#\\\/schema\\\/logo\\\/image\\\/\"},\"sameAs\":[\"https:\\\/\\\/www.facebook.com\\\/BoxRepsol\",\"https:\\\/\\\/x.com\\\/box_repsol\",\"http:\\\/\\\/instagram.com\\\/box_repsol\",\"https:\\\/\\\/www.youtube.com\\\/user\\\/RepsolCompeticion\",\"https:\\\/\\\/www.flickr.com\\\/photos\\\/box_repsol\\\/\"]},{\"@type\":\"Person\",\"@id\":\"https:\\\/\\\/www.boxrepsol.com\\\/es\\\/#\\\/schema\\\/person\\\/c5c2138f2cca251b0ad92b7086bb60b7\",\"name\":\"Redacci\u00f3n Box Repsol\",\"image\":{\"@type\":\"ImageObject\",\"inLanguage\":\"es\",\"@id\":\"https:\\\/\\\/secure.gravatar.com\\\/avatar\\\/adf7b77e38b4419baf32c7e9c21dde01f4e40df611f0978e3006fc4ba0aaab7e?s=96&d=mm&r=g\",\"url\":\"https:\\\/\\\/secure.gravatar.com\\\/avatar\\\/adf7b77e38b4419baf32c7e9c21dde01f4e40df611f0978e3006fc4ba0aaab7e?s=96&d=mm&r=g\",\"contentUrl\":\"https:\\\/\\\/secure.gravatar.com\\\/avatar\\\/adf7b77e38b4419baf32c7e9c21dde01f4e40df611f0978e3006fc4ba0aaab7e?s=96&d=mm&r=g\",\"caption\":\"Redacci\u00f3n Box Repsol\"},\"description\":\"Box Repsol lo forma un equipo de periodistas, community managers, dise\u00f1adores y fot\u00f3grafos con m\u00e1s de 20 a\u00f1os de experiencia en el mundo del motorsport. Hemos vivido el primer mundial de un espa\u00f1ol en la categor\u00eda reina de motociclismo con \u00c1lex Crivill\u00e9, estuvimos en las victorias de Pedrosa y los t\u00edtulos de M\u00e1rquez, acompa\u00f1amos en \u00c1frica a Nani Roma y Marc Coma en sus conquistas del Dakar y hemos vibrado con los t\u00edtulos de Toni Bou en Trial. Adem\u00e1s, en nuestro equipo contamos con expertos en el mundo de las dos y cuatro ruedas tanto de la calle y las carreteras, como de los circuitos. Periodistas que han trabajado en revistas y publicaciones para hacerte llegar desde rutas y consejos de mantenimiento, a curiosidades y trucos de pilotaje.\",\"sameAs\":[\"https:\\\/\\\/www.facebook.com\\\/BoxRepsol\\\/\",\"https:\\\/\\\/www.instagram.com\\\/box_repsol\\\/\",\"https:\\\/\\\/x.com\\\/https:\\\/\\\/twitter.com\\\/box_repsol\",\"https:\\\/\\\/www.youtube.com\\\/@Boxrepsol\"],\"url\":\"https:\\\/\\\/www.boxrepsol.com\\\/es\\\/author\\\/redaccion-box-repsol\\\/\"}]}<\/script>\n<!-- \/ Yoast SEO plugin. -->","yoast_head_json":{"title":"Fr\u00edo en moto \u2744 Aprende a combatirlo - Box Repsol","description":"En nuestras motos estamos expuestos a las inclemencias del tiempo. Te ense\u00f1amos a combatir el fr\u00edo en moto para que la puedas usar tambi\u00e9n en estas fechas.","canonical":"https:\/\/www.boxrepsol.com\/es\/vive-tu-moto\/evitar-frio-en-moto-combatirlo\/","og_locale":"es_ES","og_type":"article","og_title":"Fr\u00edo en moto \u2744 Aprende a combatirlo - Box Repsol","og_description":"En nuestras motos estamos expuestos a las inclemencias del tiempo. Te ense\u00f1amos a combatir el fr\u00edo en moto para que la puedas usar tambi\u00e9n en estas fechas.","og_url":"https:\/\/www.boxrepsol.com\/es\/vive-tu-moto\/evitar-frio-en-moto-combatirlo\/","og_site_name":"Box Repsol","article_publisher":"https:\/\/www.facebook.com\/BoxRepsol","article_author":"https:\/\/www.facebook.com\/BoxRepsol\/","article_published_time":"2020-12-21T02:00:00+00:00","article_modified_time":"2024-04-18T09:04:56+00:00","og_image":[{"width":1280,"height":600,"url":"https:\/\/bxrepsol.s3.eu-west-1.amazonaws.com\/static\/2022\/08\/09121236\/portada-frio-en-moto-1.jpg","type":"image\/jpeg"}],"author":"Redacci\u00f3n Box Repsol","twitter_card":"summary_large_image","twitter_creator":"@https:\/\/twitter.com\/box_repsol","twitter_site":"@box_repsol","twitter_misc":{"Written by":"Redacci\u00f3n Box Repsol","Est. reading time":"7 minutos"},"schema":{"@context":"https:\/\/schema.org","@graph":[{"@type":"Article","@id":"https:\/\/www.boxrepsol.com\/es\/vive-tu-moto\/evitar-frio-en-moto-combatirlo\/#article","isPartOf":{"@id":"https:\/\/www.boxrepsol.com\/es\/vive-tu-moto\/evitar-frio-en-moto-combatirlo\/"},"author":{"name":"Redacci\u00f3n Box Repsol","@id":"https:\/\/www.boxrepsol.com\/es\/#\/schema\/person\/c5c2138f2cca251b0ad92b7086bb60b7"},"headline":"Fr\u00edo en moto \u2744 Aprende a combatirlo","datePublished":"2020-12-21T02:00:00+00:00","dateModified":"2024-04-18T09:04:56+00:00","mainEntityOfPage":{"@id":"https:\/\/www.boxrepsol.com\/es\/vive-tu-moto\/evitar-frio-en-moto-combatirlo\/"},"wordCount":1397,"commentCount":0,"publisher":{"@id":"https:\/\/www.boxrepsol.com\/es\/#organization"},"image":{"@id":"https:\/\/www.boxrepsol.com\/es\/vive-tu-moto\/evitar-frio-en-moto-combatirlo\/#primaryimage"},"thumbnailUrl":"https:\/\/bxrepsol.s3.eu-west-1.amazonaws.com\/static\/2022\/08\/09121236\/portada-frio-en-moto-1.jpg","keywords":["equipaci\u00f3n y accesorios moto","moteros"],"articleSection":["Vive tu moto"],"inLanguage":"es","potentialAction":[{"@type":"CommentAction","name":"Comment","target":["https:\/\/www.boxrepsol.com\/es\/vive-tu-moto\/evitar-frio-en-moto-combatirlo\/#respond"]}]},{"@type":"WebPage","@id":"https:\/\/www.boxrepsol.com\/es\/vive-tu-moto\/evitar-frio-en-moto-combatirlo\/","url":"https:\/\/www.boxrepsol.com\/es\/vive-tu-moto\/evitar-frio-en-moto-combatirlo\/","name":"Fr\u00edo en moto \u2744 Aprende a combatirlo - Box Repsol","isPartOf":{"@id":"https:\/\/www.boxrepsol.com\/es\/#website"},"primaryImageOfPage":{"@id":"https:\/\/www.boxrepsol.com\/es\/vive-tu-moto\/evitar-frio-en-moto-combatirlo\/#primaryimage"},"image":{"@id":"https:\/\/www.boxrepsol.com\/es\/vive-tu-moto\/evitar-frio-en-moto-combatirlo\/#primaryimage"},"thumbnailUrl":"https:\/\/bxrepsol.s3.eu-west-1.amazonaws.com\/static\/2022\/08\/09121236\/portada-frio-en-moto-1.jpg","datePublished":"2020-12-21T02:00:00+00:00","dateModified":"2024-04-18T09:04:56+00:00","description":"En nuestras motos estamos expuestos a las inclemencias del tiempo. Te ense\u00f1amos a combatir el fr\u00edo en moto para que la puedas usar tambi\u00e9n en estas fechas.","breadcrumb":{"@id":"https:\/\/www.boxrepsol.com\/es\/vive-tu-moto\/evitar-frio-en-moto-combatirlo\/#breadcrumb"},"inLanguage":"es","potentialAction":[{"@type":"ReadAction","target":["https:\/\/www.boxrepsol.com\/es\/vive-tu-moto\/evitar-frio-en-moto-combatirlo\/"]}]},{"@type":"ImageObject","inLanguage":"es","@id":"https:\/\/www.boxrepsol.com\/es\/vive-tu-moto\/evitar-frio-en-moto-combatirlo\/#primaryimage","url":"https:\/\/bxrepsol.s3.eu-west-1.amazonaws.com\/static\/2022\/08\/09121236\/portada-frio-en-moto-1.jpg","contentUrl":"https:\/\/bxrepsol.s3.eu-west-1.amazonaws.com\/static\/2022\/08\/09121236\/portada-frio-en-moto-1.jpg","width":1280,"height":600,"caption":"motera con equipamiento para combatir el fr\u00edo en moto"},{"@type":"BreadcrumbList","@id":"https:\/\/www.boxrepsol.com\/es\/vive-tu-moto\/evitar-frio-en-moto-combatirlo\/#breadcrumb","itemListElement":[{"@type":"ListItem","position":1,"name":"Home","item":"https:\/\/www.boxrepsol.com\/es\/"},{"@type":"ListItem","position":2,"name":"Fr\u00edo en moto \u2744 Aprende a combatirlo"}]},{"@type":"WebSite","@id":"https:\/\/www.boxrepsol.com\/es\/#website","url":"https:\/\/www.boxrepsol.com\/es\/","name":"Box Repsol","description":"Box Repsol Site","publisher":{"@id":"https:\/\/www.boxrepsol.com\/es\/#organization"},"potentialAction":[{"@type":"SearchAction","target":{"@type":"EntryPoint","urlTemplate":"https:\/\/www.boxrepsol.com\/es\/?s={search_term_string}"},"query-input":{"@type":"PropertyValueSpecification","valueRequired":true,"valueName":"search_term_string"}}],"inLanguage":"es"},{"@type":"Organization","@id":"https:\/\/www.boxrepsol.com\/es\/#organization","name":"Box Repsol","url":"https:\/\/www.boxrepsol.com\/es\/","logo":{"@type":"ImageObject","inLanguage":"es","@id":"https:\/\/www.boxrepsol.com\/es\/#\/schema\/logo\/image\/","url":"https:\/\/bxrepsol.s3.eu-west-1.amazonaws.com\/static\/2025\/07\/30083337\/favicon-96x96-1.png","contentUrl":"https:\/\/bxrepsol.s3.eu-west-1.amazonaws.com\/static\/2025\/07\/30083337\/favicon-96x96-1.png","width":96,"height":96,"caption":"Box Repsol"},"image":{"@id":"https:\/\/www.boxrepsol.com\/es\/#\/schema\/logo\/image\/"},"sameAs":["https:\/\/www.facebook.com\/BoxRepsol","https:\/\/x.com\/box_repsol","http:\/\/instagram.com\/box_repsol","https:\/\/www.youtube.com\/user\/RepsolCompeticion","https:\/\/www.flickr.com\/photos\/box_repsol\/"]},{"@type":"Person","@id":"https:\/\/www.boxrepsol.com\/es\/#\/schema\/person\/c5c2138f2cca251b0ad92b7086bb60b7","name":"Redacci\u00f3n Box Repsol","image":{"@type":"ImageObject","inLanguage":"es","@id":"https:\/\/secure.gravatar.com\/avatar\/adf7b77e38b4419baf32c7e9c21dde01f4e40df611f0978e3006fc4ba0aaab7e?s=96&d=mm&r=g","url":"https:\/\/secure.gravatar.com\/avatar\/adf7b77e38b4419baf32c7e9c21dde01f4e40df611f0978e3006fc4ba0aaab7e?s=96&d=mm&r=g","contentUrl":"https:\/\/secure.gravatar.com\/avatar\/adf7b77e38b4419baf32c7e9c21dde01f4e40df611f0978e3006fc4ba0aaab7e?s=96&d=mm&r=g","caption":"Redacci\u00f3n Box Repsol"},"description":"Box Repsol lo forma un equipo de periodistas, community managers, dise\u00f1adores y fot\u00f3grafos con m\u00e1s de 20 a\u00f1os de experiencia en el mundo del motorsport. Hemos vivido el primer mundial de un espa\u00f1ol en la categor\u00eda reina de motociclismo con \u00c1lex Crivill\u00e9, estuvimos en las victorias de Pedrosa y los t\u00edtulos de M\u00e1rquez, acompa\u00f1amos en \u00c1frica a Nani Roma y Marc Coma en sus conquistas del Dakar y hemos vibrado con los t\u00edtulos de Toni Bou en Trial. Adem\u00e1s, en nuestro equipo contamos con expertos en el mundo de las dos y cuatro ruedas tanto de la calle y las carreteras, como de los circuitos. Periodistas que han trabajado en revistas y publicaciones para hacerte llegar desde rutas y consejos de mantenimiento, a curiosidades y trucos de pilotaje.","sameAs":["https:\/\/www.facebook.com\/BoxRepsol\/","https:\/\/www.instagram.com\/box_repsol\/","https:\/\/x.com\/https:\/\/twitter.com\/box_repsol","https:\/\/www.youtube.com\/@Boxrepsol"],"url":"https:\/\/www.boxrepsol.com\/es\/author\/redaccion-box-repsol\/"}]}},"_links":{"self":[{"href":"https:\/\/www.boxrepsol.com\/es\/wp-json\/wp\/v2\/posts\/94771","targetHints":{"allow":["GET"]}}],"collection":[{"href":"https:\/\/www.boxrepsol.com\/es\/wp-json\/wp\/v2\/posts"}],"about":[{"href":"https:\/\/www.boxrepsol.com\/es\/wp-json\/wp\/v2\/types\/post"}],"author":[{"embeddable":true,"href":"https:\/\/www.boxrepsol.com\/es\/wp-json\/wp\/v2\/users\/43146"}],"replies":[{"embeddable":true,"href":"https:\/\/www.boxrepsol.com\/es\/wp-json\/wp\/v2\/comments?post=94771"}],"version-history":[{"count":2,"href":"https:\/\/www.boxrepsol.com\/es\/wp-json\/wp\/v2\/posts\/94771\/revisions"}],"predecessor-version":[{"id":98997,"href":"https:\/\/www.boxrepsol.com\/es\/wp-json\/wp\/v2\/posts\/94771\/revisions\/98997"}],"wp:featuredmedia":[{"embeddable":true,"href":"https:\/\/www.boxrepsol.com\/es\/wp-json\/wp\/v2\/media\/41744"}],"wp:attachment":[{"href":"https:\/\/www.boxrepsol.com\/es\/wp-json\/wp\/v2\/media?parent=94771"}],"wp:term":[{"taxonomy":"category","embeddable":true,"href":"https:\/\/www.boxrepsol.com\/es\/wp-json\/wp\/v2\/categories?post=94771"},{"taxonomy":"post_tag","embeddable":true,"href":"https:\/\/www.boxrepsol.com\/es\/wp-json\/wp\/v2\/tags?post=94771"}],"curies":[{"name":"wp","href":"https:\/\/api.w.org\/{rel}","templated":true}]}}