{"id":94762,"date":"2020-12-02T00:00:00","date_gmt":"2020-12-02T02:00:00","guid":{"rendered":"http:\/\/pre.boxrepsol.com\/sin-categorizar\/toyota-dakar\/"},"modified":"2024-04-19T06:49:03","modified_gmt":"2024-04-19T08:49:03","slug":"toyota-dakar","status":"publish","type":"post","link":"https:\/\/www.boxrepsol.com\/es\/rally\/toyota-dakar\/","title":{"rendered":"El Toyota Hilux Overdrive de Isidre Esteve pone rumbo al Dakar 2021"},"content":{"rendered":"<p>El <strong>Dakar 2021<\/strong> ha comenzado su cuenta atr\u00e1s con el traslado de los veh\u00edculos al puerto franc\u00e9s de Marsella. Uno de los primeros en llegar ha sido el <strong>Toyota Hilux Overdrive<\/strong> que pilotar\u00e1 por primera vez Isidre Esteve en la prueba m\u00e1s dura del mundo. El ilerdense del <strong>Repsol Rally Team<\/strong> ha querido supervisar de primera mano todo el procedimiento de embarque, a un mes del inicio de la competici\u00f3n.<\/p>\n<p>Por el puerto galo deben pasar estos d\u00edas, cumpliendo con las estrictas medidas sanitarias, la gran mayor\u00eda de camiones, coches, buggys, quads y motos del<strong> Dakar 2021,<\/strong> antes de iniciar su larga traves\u00eda mar\u00edtima. Alrededor de medio millar de veh\u00edculos ser\u00e1n los que formar\u00e1n la caravana dakariana del 3 al 15 de enero, entre competidores, asistencia, organizaci\u00f3n y prensa.<\/p>\n<p>El Toyota Hilux del <strong>Repsol Rally Team<\/strong> llegaba el martes imponente a Marsella, acompa\u00f1ado de un cami\u00f3n-taller T5, acondicionado tambi\u00e9n para convertirse en la vivienda de Isidre Esteve durante las dos intensas semanas de carrera que le aguardan en la pen\u00ednsula ar\u00e1biga. En su sexta participaci\u00f3n en coches y primera con el prototipo de Overdrive, el de <strong>Oliana<\/strong> estar\u00e1 acompa\u00f1ado por su inseparable copiloto Txema Villalobos, su pareja y preparadora f\u00edsica<strong> Lidia Guerrero<\/strong>, y sus tres mec\u00e1nicos de confianza: <strong>David Pigem, Carles M\u00e9ndez y Albert Soler<\/strong>, que tambi\u00e9n se trasladar\u00e1n en un Hilux.<\/p>\n<p><a href=\"https:\/\/bxrepsol.s3.eu-west-1.amazonaws.com\/static\/2022\/08\/09121124\/Isidre_Embarque_3_1280-1.jpg\" \n   title=\"Isidre_Embarque_3_1280\" \n   data-gallery-thumbnail=\"https:\/\/bxrepsol.s3.eu-west-1.amazonaws.com\/static\/2022\/08\/09121124\/Isidre_Embarque_3_1280-1.jpg\"\n   data-gallery-title=\"\"\n   data-gallery><\/p>\n<figure>\n        <picture style=\"padding-bottom: 56.25%; background-image: url(https:\/\/bxrepsol.s3.eu-west-1.amazonaws.com\/static\/2022\/08\/09121124\/Isidre_Embarque_3_1280-1.jpg);\">\n            <img decoding=\"async\" src=\"https:\/\/bxrepsol.s3.eu-west-1.amazonaws.com\/static\/2022\/08\/09121124\/Isidre_Embarque_3_1280-1.jpg\"><br \/>\n            <img itemprop=\"image\"\n                data-srcset=\"https:\/\/bxrepsol.s3.eu-west-1.amazonaws.com\/static\/2022\/08\/09121124\/Isidre_Embarque_3_1280-1.jpg 480w, https:\/\/bxrepsol.s3.eu-west-1.amazonaws.com\/static\/2022\/08\/09121124\/Isidre_Embarque_3_1280-1.jpg 600w, https:\/\/bxrepsol.s3.eu-west-1.amazonaws.com\/static\/2022\/08\/09121124\/Isidre_Embarque_3_1280-1.jpg 900w, https:\/\/bxrepsol.s3.eu-west-1.amazonaws.com\/static\/2022\/08\/09121124\/Isidre_Embarque_3_1280-1.jpg 1280w\"\n                data-src=\"https:\/\/bxrepsol.s3.eu-west-1.amazonaws.com\/static\/2022\/08\/09121124\/Isidre_Embarque_3_1280-1.jpg\"\n                alt=\"Isidre_Embarque_3_1280\"\n                title=\"Isidre_Embarque_3_1280\"\/><br \/>\n            <noscript><img decoding=\"async\" src=\"https:\/\/bxrepsol.s3.eu-west-1.amazonaws.com\/static\/2022\/08\/09121124\/Isidre_Embarque_3_1280-1.jpg\" alt=\"Isidre_Embarque_3_1280\"><\/noscript>\n        <\/picture><figcaption>Isidre_Embarque_3_1280<\/figcaption><\/figure>\n<p><\/a><\/p>\n<p>\u201cPor muchos a\u00f1os que pasen, este momento siempre es muy especial. Dejas los veh\u00edculos y todo el material a punto para embarcar y sabes que el inicio del <strong>Dakar<\/strong> ya est\u00e1 a la vuelta de la esquina. Es una sensaci\u00f3n de alegr\u00eda, porque vuelves a estar aqu\u00ed, pero tambi\u00e9n de nervios y responsabilidad porque se acerca el momento por el que llevamos tanto tiempo trabajando\u201d, reconoc\u00eda un ilusionado Isidre Esteve.<\/p>\n<p>Tras unos \u00faltimos d\u00edas muy intensos y de mucho trabajo log\u00edstico, el 4&#215;4 con los colores de<strong> Repsol, MGS Seguros, KH-7 y Toyota Espa\u00f1a<\/strong> est\u00e1 listo para zarpar rumbo al Mar Rojo. \u201cYa tenemos ganas de viajar tambi\u00e9n nosotros a Jeddah para comenzar a competir y experimentar hasta d\u00f3nde podemos llegar con este gran veh\u00edculo, el mejor que he pilotado nunca. Estamos muy felices de poder volver a vivir esta experiencia y contamos los d\u00edas que faltan para que empiece la carrera\u201d, afirma Isidre.<\/p>\n<p>El pick-up del <strong>Repsol Rally Team<\/strong> comenzar\u00e1 en breve una larga traves\u00eda mar\u00edtima, junto al resto de veh\u00edculos, que finalizar\u00e1 el 30 de diciembre en el puerto saud\u00ed de Jeddah. Cuando Isidre Esteve y su equipo recuperen su Toyota Hilux, apenas quedar\u00e1n un par de d\u00edas para el inicio del<strong> Dakar 2021<\/strong>. El ilerdense llegar\u00e1 bien preparado a la gran cita de la temporada, despu\u00e9s de su destacada participaci\u00f3n en el Andaluc\u00eda Rally, donde rod\u00f3 por primera vez muy cerca de los campeones dakarianos Nasser Al-Attiyah, Carlos Sainz y St\u00e9phane Peterhansel.<\/p>\n","protected":false},"excerpt":{"rendered":"<p>El piloto del Repsol Rally Team ha llevado su nuevo prototipo dakariano hasta Marsella, desde donde iniciar\u00e1 una larga traves\u00eda hacia Arabia Saud\u00ed.<\/p>\n","protected":false},"author":43146,"featured_media":41621,"comment_status":"open","ping_status":"open","sticky":false,"template":"","format":"standard","meta":{"footnotes":""},"categories":[27],"tags":[191,201,29,183],"class_list":["post-94762","post","type-post","status-publish","format-standard","hentry","category-rally","tag-191","tag-dakar","tag-isidre-esteve","tag-repsol-rally-team"],"yoast_head":"<!-- This site is optimized with the Yoast SEO plugin v27.3 - https:\/\/yoast.com\/product\/yoast-seo-wordpress\/ -->\n<title>El Toyota Hilux Overdrive de Isidre Esteve pone rumbo al Dakar 2021 - Box Repsol<\/title>\n<meta name=\"description\" content=\"El piloto del Repsol Rally Team ha llevado su nuevo prototipo dakariano hasta Marsella, desde donde iniciar\u00e1 una larga traves\u00eda hacia Arabia Saud\u00ed.\" \/>\n<link rel=\"canonical\" href=\"https:\/\/www.boxrepsol.com\/es\/rally\/toyota-dakar\/\" \/>\n<meta property=\"og:locale\" content=\"es_ES\" \/>\n<meta property=\"og:type\" content=\"article\" \/>\n<meta property=\"og:title\" content=\"El Toyota Hilux Overdrive de Isidre Esteve pone rumbo al Dakar 2021 - Box Repsol\" \/>\n<meta property=\"og:description\" content=\"El piloto del Repsol Rally Team ha llevado su nuevo prototipo dakariano hasta Marsella, desde donde iniciar\u00e1 una larga traves\u00eda hacia Arabia Saud\u00ed.\" \/>\n<meta property=\"og:url\" content=\"https:\/\/www.boxrepsol.com\/es\/rally\/toyota-dakar\/\" \/>\n<meta property=\"og:site_name\" content=\"Box Repsol\" \/>\n<meta property=\"article:publisher\" content=\"https:\/\/www.facebook.com\/BoxRepsol\" \/>\n<meta property=\"article:author\" content=\"https:\/\/www.facebook.com\/BoxRepsol\/\" \/>\n<meta property=\"article:published_time\" content=\"2020-12-02T02:00:00+00:00\" \/>\n<meta property=\"article:modified_time\" content=\"2024-04-19T08:49:03+00:00\" \/>\n<meta property=\"og:image\" content=\"https:\/\/bxrepsol.s3.eu-west-1.amazonaws.com\/static\/2022\/08\/09121125\/Isidre_Embarque_1280.jpg\" \/>\n\t<meta property=\"og:image:width\" content=\"1280\" \/>\n\t<meta property=\"og:image:height\" content=\"720\" \/>\n\t<meta property=\"og:image:type\" content=\"image\/jpeg\" \/>\n<meta name=\"author\" content=\"Redacci\u00f3n Box Repsol\" \/>\n<meta name=\"twitter:card\" content=\"summary_large_image\" \/>\n<meta name=\"twitter:creator\" content=\"@https:\/\/twitter.com\/box_repsol\" \/>\n<meta name=\"twitter:site\" content=\"@box_repsol\" \/>\n<meta name=\"twitter:label1\" content=\"Written by\" \/>\n\t<meta name=\"twitter:data1\" content=\"Redacci\u00f3n Box Repsol\" \/>\n\t<meta name=\"twitter:label2\" content=\"Est. reading time\" \/>\n\t<meta name=\"twitter:data2\" content=\"3 minutos\" \/>\n<script type=\"application\/ld+json\" class=\"yoast-schema-graph\">{\"@context\":\"https:\\\/\\\/schema.org\",\"@graph\":[{\"@type\":\"Article\",\"@id\":\"https:\\\/\\\/www.boxrepsol.com\\\/es\\\/rally\\\/toyota-dakar\\\/#article\",\"isPartOf\":{\"@id\":\"https:\\\/\\\/www.boxrepsol.com\\\/es\\\/rally\\\/toyota-dakar\\\/\"},\"author\":{\"name\":\"Redacci\u00f3n Box Repsol\",\"@id\":\"https:\\\/\\\/www.boxrepsol.com\\\/es\\\/#\\\/schema\\\/person\\\/c5c2138f2cca251b0ad92b7086bb60b7\"},\"headline\":\"El Toyota Hilux Overdrive de Isidre Esteve pone rumbo al Dakar 2021\",\"datePublished\":\"2020-12-02T02:00:00+00:00\",\"dateModified\":\"2024-04-19T08:49:03+00:00\",\"mainEntityOfPage\":{\"@id\":\"https:\\\/\\\/www.boxrepsol.com\\\/es\\\/rally\\\/toyota-dakar\\\/\"},\"wordCount\":521,\"commentCount\":0,\"publisher\":{\"@id\":\"https:\\\/\\\/www.boxrepsol.com\\\/es\\\/#organization\"},\"image\":{\"@id\":\"https:\\\/\\\/www.boxrepsol.com\\\/es\\\/rally\\\/toyota-dakar\\\/#primaryimage\"},\"thumbnailUrl\":\"https:\\\/\\\/bxrepsol.s3.eu-west-1.amazonaws.com\\\/static\\\/2022\\\/08\\\/09121125\\\/Isidre_Embarque_1280.jpg\",\"keywords\":[\"2020\",\"Dakar\",\"Isidre Esteve\",\"Repsol Rally Team\"],\"articleSection\":[\"Rally\"],\"inLanguage\":\"es\",\"potentialAction\":[{\"@type\":\"CommentAction\",\"name\":\"Comment\",\"target\":[\"https:\\\/\\\/www.boxrepsol.com\\\/es\\\/rally\\\/toyota-dakar\\\/#respond\"]}]},{\"@type\":\"WebPage\",\"@id\":\"https:\\\/\\\/www.boxrepsol.com\\\/es\\\/rally\\\/toyota-dakar\\\/\",\"url\":\"https:\\\/\\\/www.boxrepsol.com\\\/es\\\/rally\\\/toyota-dakar\\\/\",\"name\":\"El Toyota Hilux Overdrive de Isidre Esteve pone rumbo al Dakar 2021 - Box Repsol\",\"isPartOf\":{\"@id\":\"https:\\\/\\\/www.boxrepsol.com\\\/es\\\/#website\"},\"primaryImageOfPage\":{\"@id\":\"https:\\\/\\\/www.boxrepsol.com\\\/es\\\/rally\\\/toyota-dakar\\\/#primaryimage\"},\"image\":{\"@id\":\"https:\\\/\\\/www.boxrepsol.com\\\/es\\\/rally\\\/toyota-dakar\\\/#primaryimage\"},\"thumbnailUrl\":\"https:\\\/\\\/bxrepsol.s3.eu-west-1.amazonaws.com\\\/static\\\/2022\\\/08\\\/09121125\\\/Isidre_Embarque_1280.jpg\",\"datePublished\":\"2020-12-02T02:00:00+00:00\",\"dateModified\":\"2024-04-19T08:49:03+00:00\",\"description\":\"El piloto del Repsol Rally Team ha llevado su nuevo prototipo dakariano hasta Marsella, desde donde iniciar\u00e1 una larga traves\u00eda hacia Arabia Saud\u00ed.\",\"breadcrumb\":{\"@id\":\"https:\\\/\\\/www.boxrepsol.com\\\/es\\\/rally\\\/toyota-dakar\\\/#breadcrumb\"},\"inLanguage\":\"es\",\"potentialAction\":[{\"@type\":\"ReadAction\",\"target\":[\"https:\\\/\\\/www.boxrepsol.com\\\/es\\\/rally\\\/toyota-dakar\\\/\"]}]},{\"@type\":\"ImageObject\",\"inLanguage\":\"es\",\"@id\":\"https:\\\/\\\/www.boxrepsol.com\\\/es\\\/rally\\\/toyota-dakar\\\/#primaryimage\",\"url\":\"https:\\\/\\\/bxrepsol.s3.eu-west-1.amazonaws.com\\\/static\\\/2022\\\/08\\\/09121125\\\/Isidre_Embarque_1280.jpg\",\"contentUrl\":\"https:\\\/\\\/bxrepsol.s3.eu-west-1.amazonaws.com\\\/static\\\/2022\\\/08\\\/09121125\\\/Isidre_Embarque_1280.jpg\",\"width\":1280,\"height\":720,\"caption\":\"Isidre Esteve Dakar 2021\"},{\"@type\":\"BreadcrumbList\",\"@id\":\"https:\\\/\\\/www.boxrepsol.com\\\/es\\\/rally\\\/toyota-dakar\\\/#breadcrumb\",\"itemListElement\":[{\"@type\":\"ListItem\",\"position\":1,\"name\":\"Home\",\"item\":\"https:\\\/\\\/www.boxrepsol.com\\\/es\\\/\"},{\"@type\":\"ListItem\",\"position\":2,\"name\":\"El Toyota Hilux Overdrive de Isidre Esteve pone rumbo al Dakar 2021\"}]},{\"@type\":\"WebSite\",\"@id\":\"https:\\\/\\\/www.boxrepsol.com\\\/es\\\/#website\",\"url\":\"https:\\\/\\\/www.boxrepsol.com\\\/es\\\/\",\"name\":\"Box Repsol\",\"description\":\"Box Repsol Site\",\"publisher\":{\"@id\":\"https:\\\/\\\/www.boxrepsol.com\\\/es\\\/#organization\"},\"potentialAction\":[{\"@type\":\"SearchAction\",\"target\":{\"@type\":\"EntryPoint\",\"urlTemplate\":\"https:\\\/\\\/www.boxrepsol.com\\\/es\\\/?s={search_term_string}\"},\"query-input\":{\"@type\":\"PropertyValueSpecification\",\"valueRequired\":true,\"valueName\":\"search_term_string\"}}],\"inLanguage\":\"es\"},{\"@type\":\"Organization\",\"@id\":\"https:\\\/\\\/www.boxrepsol.com\\\/es\\\/#organization\",\"name\":\"Box Repsol\",\"url\":\"https:\\\/\\\/www.boxrepsol.com\\\/es\\\/\",\"logo\":{\"@type\":\"ImageObject\",\"inLanguage\":\"es\",\"@id\":\"https:\\\/\\\/www.boxrepsol.com\\\/es\\\/#\\\/schema\\\/logo\\\/image\\\/\",\"url\":\"https:\\\/\\\/bxrepsol.s3.eu-west-1.amazonaws.com\\\/static\\\/2025\\\/07\\\/30083337\\\/favicon-96x96-1.png\",\"contentUrl\":\"https:\\\/\\\/bxrepsol.s3.eu-west-1.amazonaws.com\\\/static\\\/2025\\\/07\\\/30083337\\\/favicon-96x96-1.png\",\"width\":96,\"height\":96,\"caption\":\"Box Repsol\"},\"image\":{\"@id\":\"https:\\\/\\\/www.boxrepsol.com\\\/es\\\/#\\\/schema\\\/logo\\\/image\\\/\"},\"sameAs\":[\"https:\\\/\\\/www.facebook.com\\\/BoxRepsol\",\"https:\\\/\\\/x.com\\\/box_repsol\",\"http:\\\/\\\/instagram.com\\\/box_repsol\",\"https:\\\/\\\/www.youtube.com\\\/user\\\/RepsolCompeticion\",\"https:\\\/\\\/www.flickr.com\\\/photos\\\/box_repsol\\\/\"]},{\"@type\":\"Person\",\"@id\":\"https:\\\/\\\/www.boxrepsol.com\\\/es\\\/#\\\/schema\\\/person\\\/c5c2138f2cca251b0ad92b7086bb60b7\",\"name\":\"Redacci\u00f3n Box Repsol\",\"image\":{\"@type\":\"ImageObject\",\"inLanguage\":\"es\",\"@id\":\"https:\\\/\\\/secure.gravatar.com\\\/avatar\\\/adf7b77e38b4419baf32c7e9c21dde01f4e40df611f0978e3006fc4ba0aaab7e?s=96&d=mm&r=g\",\"url\":\"https:\\\/\\\/secure.gravatar.com\\\/avatar\\\/adf7b77e38b4419baf32c7e9c21dde01f4e40df611f0978e3006fc4ba0aaab7e?s=96&d=mm&r=g\",\"contentUrl\":\"https:\\\/\\\/secure.gravatar.com\\\/avatar\\\/adf7b77e38b4419baf32c7e9c21dde01f4e40df611f0978e3006fc4ba0aaab7e?s=96&d=mm&r=g\",\"caption\":\"Redacci\u00f3n Box Repsol\"},\"description\":\"Box Repsol lo forma un equipo de periodistas, community managers, dise\u00f1adores y fot\u00f3grafos con m\u00e1s de 20 a\u00f1os de experiencia en el mundo del motorsport. Hemos vivido el primer mundial de un espa\u00f1ol en la categor\u00eda reina de motociclismo con \u00c1lex Crivill\u00e9, estuvimos en las victorias de Pedrosa y los t\u00edtulos de M\u00e1rquez, acompa\u00f1amos en \u00c1frica a Nani Roma y Marc Coma en sus conquistas del Dakar y hemos vibrado con los t\u00edtulos de Toni Bou en Trial. Adem\u00e1s, en nuestro equipo contamos con expertos en el mundo de las dos y cuatro ruedas tanto de la calle y las carreteras, como de los circuitos. Periodistas que han trabajado en revistas y publicaciones para hacerte llegar desde rutas y consejos de mantenimiento, a curiosidades y trucos de pilotaje.\",\"sameAs\":[\"https:\\\/\\\/www.facebook.com\\\/BoxRepsol\\\/\",\"https:\\\/\\\/www.instagram.com\\\/box_repsol\\\/\",\"https:\\\/\\\/x.com\\\/https:\\\/\\\/twitter.com\\\/box_repsol\",\"https:\\\/\\\/www.youtube.com\\\/@Boxrepsol\"],\"url\":\"https:\\\/\\\/www.boxrepsol.com\\\/es\\\/author\\\/redaccion-box-repsol\\\/\"}]}<\/script>\n<!-- \/ Yoast SEO plugin. -->","yoast_head_json":{"title":"El Toyota Hilux Overdrive de Isidre Esteve pone rumbo al Dakar 2021 - Box Repsol","description":"El piloto del Repsol Rally Team ha llevado su nuevo prototipo dakariano hasta Marsella, desde donde iniciar\u00e1 una larga traves\u00eda hacia Arabia Saud\u00ed.","canonical":"https:\/\/www.boxrepsol.com\/es\/rally\/toyota-dakar\/","og_locale":"es_ES","og_type":"article","og_title":"El Toyota Hilux Overdrive de Isidre Esteve pone rumbo al Dakar 2021 - Box Repsol","og_description":"El piloto del Repsol Rally Team ha llevado su nuevo prototipo dakariano hasta Marsella, desde donde iniciar\u00e1 una larga traves\u00eda hacia Arabia Saud\u00ed.","og_url":"https:\/\/www.boxrepsol.com\/es\/rally\/toyota-dakar\/","og_site_name":"Box Repsol","article_publisher":"https:\/\/www.facebook.com\/BoxRepsol","article_author":"https:\/\/www.facebook.com\/BoxRepsol\/","article_published_time":"2020-12-02T02:00:00+00:00","article_modified_time":"2024-04-19T08:49:03+00:00","og_image":[{"width":1280,"height":720,"url":"https:\/\/bxrepsol.s3.eu-west-1.amazonaws.com\/static\/2022\/08\/09121125\/Isidre_Embarque_1280.jpg","type":"image\/jpeg"}],"author":"Redacci\u00f3n Box Repsol","twitter_card":"summary_large_image","twitter_creator":"@https:\/\/twitter.com\/box_repsol","twitter_site":"@box_repsol","twitter_misc":{"Written by":"Redacci\u00f3n Box Repsol","Est. reading time":"3 minutos"},"schema":{"@context":"https:\/\/schema.org","@graph":[{"@type":"Article","@id":"https:\/\/www.boxrepsol.com\/es\/rally\/toyota-dakar\/#article","isPartOf":{"@id":"https:\/\/www.boxrepsol.com\/es\/rally\/toyota-dakar\/"},"author":{"name":"Redacci\u00f3n Box Repsol","@id":"https:\/\/www.boxrepsol.com\/es\/#\/schema\/person\/c5c2138f2cca251b0ad92b7086bb60b7"},"headline":"El Toyota Hilux Overdrive de Isidre Esteve pone rumbo al Dakar 2021","datePublished":"2020-12-02T02:00:00+00:00","dateModified":"2024-04-19T08:49:03+00:00","mainEntityOfPage":{"@id":"https:\/\/www.boxrepsol.com\/es\/rally\/toyota-dakar\/"},"wordCount":521,"commentCount":0,"publisher":{"@id":"https:\/\/www.boxrepsol.com\/es\/#organization"},"image":{"@id":"https:\/\/www.boxrepsol.com\/es\/rally\/toyota-dakar\/#primaryimage"},"thumbnailUrl":"https:\/\/bxrepsol.s3.eu-west-1.amazonaws.com\/static\/2022\/08\/09121125\/Isidre_Embarque_1280.jpg","keywords":["2020","Dakar","Isidre Esteve","Repsol Rally Team"],"articleSection":["Rally"],"inLanguage":"es","potentialAction":[{"@type":"CommentAction","name":"Comment","target":["https:\/\/www.boxrepsol.com\/es\/rally\/toyota-dakar\/#respond"]}]},{"@type":"WebPage","@id":"https:\/\/www.boxrepsol.com\/es\/rally\/toyota-dakar\/","url":"https:\/\/www.boxrepsol.com\/es\/rally\/toyota-dakar\/","name":"El Toyota Hilux Overdrive de Isidre Esteve pone rumbo al Dakar 2021 - Box Repsol","isPartOf":{"@id":"https:\/\/www.boxrepsol.com\/es\/#website"},"primaryImageOfPage":{"@id":"https:\/\/www.boxrepsol.com\/es\/rally\/toyota-dakar\/#primaryimage"},"image":{"@id":"https:\/\/www.boxrepsol.com\/es\/rally\/toyota-dakar\/#primaryimage"},"thumbnailUrl":"https:\/\/bxrepsol.s3.eu-west-1.amazonaws.com\/static\/2022\/08\/09121125\/Isidre_Embarque_1280.jpg","datePublished":"2020-12-02T02:00:00+00:00","dateModified":"2024-04-19T08:49:03+00:00","description":"El piloto del Repsol Rally Team ha llevado su nuevo prototipo dakariano hasta Marsella, desde donde iniciar\u00e1 una larga traves\u00eda hacia Arabia Saud\u00ed.","breadcrumb":{"@id":"https:\/\/www.boxrepsol.com\/es\/rally\/toyota-dakar\/#breadcrumb"},"inLanguage":"es","potentialAction":[{"@type":"ReadAction","target":["https:\/\/www.boxrepsol.com\/es\/rally\/toyota-dakar\/"]}]},{"@type":"ImageObject","inLanguage":"es","@id":"https:\/\/www.boxrepsol.com\/es\/rally\/toyota-dakar\/#primaryimage","url":"https:\/\/bxrepsol.s3.eu-west-1.amazonaws.com\/static\/2022\/08\/09121125\/Isidre_Embarque_1280.jpg","contentUrl":"https:\/\/bxrepsol.s3.eu-west-1.amazonaws.com\/static\/2022\/08\/09121125\/Isidre_Embarque_1280.jpg","width":1280,"height":720,"caption":"Isidre Esteve Dakar 2021"},{"@type":"BreadcrumbList","@id":"https:\/\/www.boxrepsol.com\/es\/rally\/toyota-dakar\/#breadcrumb","itemListElement":[{"@type":"ListItem","position":1,"name":"Home","item":"https:\/\/www.boxrepsol.com\/es\/"},{"@type":"ListItem","position":2,"name":"El Toyota Hilux Overdrive de Isidre Esteve pone rumbo al Dakar 2021"}]},{"@type":"WebSite","@id":"https:\/\/www.boxrepsol.com\/es\/#website","url":"https:\/\/www.boxrepsol.com\/es\/","name":"Box Repsol","description":"Box Repsol Site","publisher":{"@id":"https:\/\/www.boxrepsol.com\/es\/#organization"},"potentialAction":[{"@type":"SearchAction","target":{"@type":"EntryPoint","urlTemplate":"https:\/\/www.boxrepsol.com\/es\/?s={search_term_string}"},"query-input":{"@type":"PropertyValueSpecification","valueRequired":true,"valueName":"search_term_string"}}],"inLanguage":"es"},{"@type":"Organization","@id":"https:\/\/www.boxrepsol.com\/es\/#organization","name":"Box Repsol","url":"https:\/\/www.boxrepsol.com\/es\/","logo":{"@type":"ImageObject","inLanguage":"es","@id":"https:\/\/www.boxrepsol.com\/es\/#\/schema\/logo\/image\/","url":"https:\/\/bxrepsol.s3.eu-west-1.amazonaws.com\/static\/2025\/07\/30083337\/favicon-96x96-1.png","contentUrl":"https:\/\/bxrepsol.s3.eu-west-1.amazonaws.com\/static\/2025\/07\/30083337\/favicon-96x96-1.png","width":96,"height":96,"caption":"Box Repsol"},"image":{"@id":"https:\/\/www.boxrepsol.com\/es\/#\/schema\/logo\/image\/"},"sameAs":["https:\/\/www.facebook.com\/BoxRepsol","https:\/\/x.com\/box_repsol","http:\/\/instagram.com\/box_repsol","https:\/\/www.youtube.com\/user\/RepsolCompeticion","https:\/\/www.flickr.com\/photos\/box_repsol\/"]},{"@type":"Person","@id":"https:\/\/www.boxrepsol.com\/es\/#\/schema\/person\/c5c2138f2cca251b0ad92b7086bb60b7","name":"Redacci\u00f3n Box Repsol","image":{"@type":"ImageObject","inLanguage":"es","@id":"https:\/\/secure.gravatar.com\/avatar\/adf7b77e38b4419baf32c7e9c21dde01f4e40df611f0978e3006fc4ba0aaab7e?s=96&d=mm&r=g","url":"https:\/\/secure.gravatar.com\/avatar\/adf7b77e38b4419baf32c7e9c21dde01f4e40df611f0978e3006fc4ba0aaab7e?s=96&d=mm&r=g","contentUrl":"https:\/\/secure.gravatar.com\/avatar\/adf7b77e38b4419baf32c7e9c21dde01f4e40df611f0978e3006fc4ba0aaab7e?s=96&d=mm&r=g","caption":"Redacci\u00f3n Box Repsol"},"description":"Box Repsol lo forma un equipo de periodistas, community managers, dise\u00f1adores y fot\u00f3grafos con m\u00e1s de 20 a\u00f1os de experiencia en el mundo del motorsport. Hemos vivido el primer mundial de un espa\u00f1ol en la categor\u00eda reina de motociclismo con \u00c1lex Crivill\u00e9, estuvimos en las victorias de Pedrosa y los t\u00edtulos de M\u00e1rquez, acompa\u00f1amos en \u00c1frica a Nani Roma y Marc Coma en sus conquistas del Dakar y hemos vibrado con los t\u00edtulos de Toni Bou en Trial. Adem\u00e1s, en nuestro equipo contamos con expertos en el mundo de las dos y cuatro ruedas tanto de la calle y las carreteras, como de los circuitos. Periodistas que han trabajado en revistas y publicaciones para hacerte llegar desde rutas y consejos de mantenimiento, a curiosidades y trucos de pilotaje.","sameAs":["https:\/\/www.facebook.com\/BoxRepsol\/","https:\/\/www.instagram.com\/box_repsol\/","https:\/\/x.com\/https:\/\/twitter.com\/box_repsol","https:\/\/www.youtube.com\/@Boxrepsol"],"url":"https:\/\/www.boxrepsol.com\/es\/author\/redaccion-box-repsol\/"}]}},"_links":{"self":[{"href":"https:\/\/www.boxrepsol.com\/es\/wp-json\/wp\/v2\/posts\/94762","targetHints":{"allow":["GET"]}}],"collection":[{"href":"https:\/\/www.boxrepsol.com\/es\/wp-json\/wp\/v2\/posts"}],"about":[{"href":"https:\/\/www.boxrepsol.com\/es\/wp-json\/wp\/v2\/types\/post"}],"author":[{"embeddable":true,"href":"https:\/\/www.boxrepsol.com\/es\/wp-json\/wp\/v2\/users\/43146"}],"replies":[{"embeddable":true,"href":"https:\/\/www.boxrepsol.com\/es\/wp-json\/wp\/v2\/comments?post=94762"}],"version-history":[{"count":1,"href":"https:\/\/www.boxrepsol.com\/es\/wp-json\/wp\/v2\/posts\/94762\/revisions"}],"predecessor-version":[{"id":94763,"href":"https:\/\/www.boxrepsol.com\/es\/wp-json\/wp\/v2\/posts\/94762\/revisions\/94763"}],"wp:featuredmedia":[{"embeddable":true,"href":"https:\/\/www.boxrepsol.com\/es\/wp-json\/wp\/v2\/media\/41621"}],"wp:attachment":[{"href":"https:\/\/www.boxrepsol.com\/es\/wp-json\/wp\/v2\/media?parent=94762"}],"wp:term":[{"taxonomy":"category","embeddable":true,"href":"https:\/\/www.boxrepsol.com\/es\/wp-json\/wp\/v2\/categories?post=94762"},{"taxonomy":"post_tag","embeddable":true,"href":"https:\/\/www.boxrepsol.com\/es\/wp-json\/wp\/v2\/tags?post=94762"}],"curies":[{"name":"wp","href":"https:\/\/api.w.org\/{rel}","templated":true}]}}