{"id":94738,"date":"2020-11-15T00:00:00","date_gmt":"2020-11-15T02:00:00","guid":{"rendered":"http:\/\/pre.boxrepsol.com\/sin-categorizar\/remontada-valencia\/"},"modified":"2024-04-19T06:55:09","modified_gmt":"2024-04-19T08:55:09","slug":"remontada-valencia","status":"publish","type":"post","link":"https:\/\/www.boxrepsol.com\/es\/moto3\/remontada-valencia\/","title":{"rendered":"Segundo puesto con remontada para Sergio Garc\u00eda Dols"},"content":{"rendered":"<p>Si la semana pasada <strong>Sergio Garc\u00eda Dols<\/strong> consigui\u00f3 una segunda posici\u00f3n tras partir s\u00e9ptimo, hoy el joven piloto se ha superado tras terminar en la segunda plaza de nuevo pero arrancando en parrilla decimos\u00e9ptimo. <strong>El piloto Repsol de Moto3 <\/strong>ha logrado su segundo podio del a\u00f1o, ambos conseguidos en el Circuit Ricardo Tormo de la Comunitat Valenciana. Su compa\u00f1ero, <strong>Ryusei Yamanaka<\/strong>, ha sumado un punto tras acabar decimoquinto.<\/p>\n<p><strong>En una carrera muy r\u00e1pida, Sergio Garc\u00eda Dols<\/strong> ha cimentado su remontada al ganar varias posiciones en las primeras vueltas, situ\u00e1ndose en el grupo delantero. A falta de cinco giros se encontraba entre los 3 pilotos destacados en cabeza que se han disputado las plazas de podio. Despu\u00e9s de una intensa lucha las 2 \u00faltimas vueltas con Ra\u00fal Fern\u00e1ndez, ha cruzado la l\u00ednea de meta en segunda posici\u00f3n tras el italiano Tony Arbolino.<\/p>\n<p><strong>Ryusei Yamanaka <\/strong>tambi\u00e9n part\u00eda desde una posici\u00f3n retrasada en la parrilla \u2013vig\u00e9simo-, pero ha sido capaz de recuperar posiciones progresivamente durante esta carrera. Finalmente, el piloto japon\u00e9s ha vuelto a puntuar en el Mundial al terminar decimoquinto.<\/p>\n<p>Con este resultado, <strong>Sergio Garc\u00eda Dols<\/strong> es duod\u00e9cimo en la general, con 77 puntos, y <strong>Ryusei Yamaka,<\/strong> vigesimocuarto, con 14.<\/p>\n<p>La pr\u00f3xima y \u00faltima cita del Mundial se celebrar\u00e1 el pr\u00f3ximo fin de semana, del 20 al 22 de noviembre, en el Aut\u00f3dromo Do Algarve, Portimao.<\/p>\n<p>                <!-- Imagen relacionada --><br \/>\n        <img loading=\"lazy\" decoding=\"async\" width=\"404\" height=\"336\" src=\"https:\/\/bxrepsol.s3.eu-west-1.amazonaws.com\/static\/2022\/08\/09120346\/2018_gp_cataluna_1000cc_5f439102c49e8-3.jpg\" alt=\"Marc M\u00e1rquez pilotando la RC213V\" \/><br \/>\n                <!-- Categor\u00eda --><br \/>\n            MotoGP<br \/>\n        <!-- T\u00edtulo --><br \/>\n        <a href=\"https:\/\/www.boxrepsol.com\/es\/motogp\/las-diferentes-cilindradas-del-mundial-motogp\/\"><\/p>\n<h3>Las diferentes cilindradas del Mundial de MotoGP<\/h3>\n<p>        <\/a><br \/>\n                    <!-- Fecha --><br \/>\n            hace 1 hora        <\/p>\n<p><strong>GP de Valencia 2020 &#8211; Carrera Moto3 &#8211; Declaraciones de los pilotos <\/strong><\/p>\n<p><strong>Sergio Garc\u00eda Dols<\/strong><\/p>\n<p><em>\u201cHa sido un d\u00eda s\u00faper positivo. He salido al warm up y sab\u00eda que est\u00e1bamos bien y que podr\u00edamos luchar, as\u00ed que en carrera no me lo he pensado y he adelantado a mis rivales hasta llegar al grupo de delante. Una vez he contactado con Arbolino me he esperado en esa posici\u00f3n -guardando neum\u00e1ticos- y lo he vuelto a hacer: un segundo puesto en esta segunda carrera en Valencia\u201d.<br \/>\n<\/em><\/p>\n<hr\/>\n<p><strong>Ryusei Yamanaka<\/strong><\/p>\n<p><em>\u201cNuestra salida no ha estado mal, pero las primeras vueltas han sido complicadas porque he tenido toques con varios pilotos y he tenido que modificar mi trazada. En ese momento me han pasado algunos pilotos. Despu\u00e9s de eso he intentado recuperar posiciones pero no ha sido f\u00e1cil. No he podido llegar al grupo de delante pero finalmente he sumado un punto y estoy contento, aunque podr\u00eda haber conseguido algo m\u00e1s\u201d. <\/em><\/p>\n","protected":false},"excerpt":{"rendered":"<p>El piloto Repsol de Moto3 suma su segundo podio consecutivamente tras iniciar la carrera de hoy desde la decimos\u00e9ptima plaza. Ryusei Yamanaka punt\u00faa al terminar decimoquinto<\/p>\n","protected":false},"author":43146,"featured_media":41497,"comment_status":"open","ping_status":"open","sticky":false,"template":"","format":"standard","meta":{"footnotes":""},"categories":[31],"tags":[191,136,14],"class_list":["post-94738","post","type-post","status-publish","format-standard","hentry","category-moto3","tag-191","tag-campeonato-del-mundo-de-motociclismo","tag-moto3"],"yoast_head":"<!-- This site is optimized with the Yoast SEO plugin v27.3 - https:\/\/yoast.com\/product\/yoast-seo-wordpress\/ -->\n<title>Segundo puesto con remontada para Sergio Garc\u00eda Dols - Box Repsol<\/title>\n<meta name=\"description\" content=\"El piloto Repsol de Moto3 suma su segundo podio consecutivamente tras iniciar la carrera de hoy desde la decimos\u00e9ptima plaza. Ryusei Yamanaka punt\u00faa al terminar decimoquinto\" \/>\n<link rel=\"canonical\" href=\"https:\/\/www.boxrepsol.com\/es\/moto3\/remontada-valencia\/\" \/>\n<meta property=\"og:locale\" content=\"es_ES\" \/>\n<meta property=\"og:type\" content=\"article\" \/>\n<meta property=\"og:title\" content=\"Segundo puesto con remontada para Sergio Garc\u00eda Dols - Box Repsol\" \/>\n<meta property=\"og:description\" content=\"El piloto Repsol de Moto3 suma su segundo podio consecutivamente tras iniciar la carrera de hoy desde la decimos\u00e9ptima plaza. Ryusei Yamanaka punt\u00faa al terminar decimoquinto\" \/>\n<meta property=\"og:url\" content=\"https:\/\/www.boxrepsol.com\/es\/moto3\/remontada-valencia\/\" \/>\n<meta property=\"og:site_name\" content=\"Box Repsol\" \/>\n<meta property=\"article:publisher\" content=\"https:\/\/www.facebook.com\/BoxRepsol\" \/>\n<meta property=\"article:author\" content=\"https:\/\/www.facebook.com\/BoxRepsol\/\" \/>\n<meta property=\"article:published_time\" content=\"2020-11-15T02:00:00+00:00\" \/>\n<meta property=\"article:modified_time\" content=\"2024-04-19T08:55:09+00:00\" \/>\n<meta property=\"og:image\" content=\"https:\/\/bxrepsol.s3.eu-west-1.amazonaws.com\/static\/2022\/08\/09121016\/sergio-garcia-valencia.jpg\" \/>\n\t<meta property=\"og:image:width\" content=\"1280\" \/>\n\t<meta property=\"og:image:height\" content=\"720\" \/>\n\t<meta property=\"og:image:type\" content=\"image\/jpeg\" \/>\n<meta name=\"author\" content=\"Redacci\u00f3n Box Repsol\" \/>\n<meta name=\"twitter:card\" content=\"summary_large_image\" \/>\n<meta name=\"twitter:creator\" content=\"@https:\/\/twitter.com\/box_repsol\" \/>\n<meta name=\"twitter:site\" content=\"@box_repsol\" \/>\n<meta name=\"twitter:label1\" content=\"Written by\" \/>\n\t<meta name=\"twitter:data1\" content=\"Redacci\u00f3n Box Repsol\" \/>\n\t<meta name=\"twitter:label2\" content=\"Est. reading time\" \/>\n\t<meta name=\"twitter:data2\" content=\"2 minutos\" \/>\n<script type=\"application\/ld+json\" class=\"yoast-schema-graph\">{\"@context\":\"https:\\\/\\\/schema.org\",\"@graph\":[{\"@type\":\"Article\",\"@id\":\"https:\\\/\\\/www.boxrepsol.com\\\/es\\\/moto3\\\/remontada-valencia\\\/#article\",\"isPartOf\":{\"@id\":\"https:\\\/\\\/www.boxrepsol.com\\\/es\\\/moto3\\\/remontada-valencia\\\/\"},\"author\":{\"name\":\"Redacci\u00f3n Box Repsol\",\"@id\":\"https:\\\/\\\/www.boxrepsol.com\\\/es\\\/#\\\/schema\\\/person\\\/c5c2138f2cca251b0ad92b7086bb60b7\"},\"headline\":\"Segundo puesto con remontada para Sergio Garc\u00eda Dols\",\"datePublished\":\"2020-11-15T02:00:00+00:00\",\"dateModified\":\"2024-04-19T08:55:09+00:00\",\"mainEntityOfPage\":{\"@id\":\"https:\\\/\\\/www.boxrepsol.com\\\/es\\\/moto3\\\/remontada-valencia\\\/\"},\"wordCount\":429,\"commentCount\":0,\"publisher\":{\"@id\":\"https:\\\/\\\/www.boxrepsol.com\\\/es\\\/#organization\"},\"image\":{\"@id\":\"https:\\\/\\\/www.boxrepsol.com\\\/es\\\/moto3\\\/remontada-valencia\\\/#primaryimage\"},\"thumbnailUrl\":\"https:\\\/\\\/bxrepsol.s3.eu-west-1.amazonaws.com\\\/static\\\/2022\\\/08\\\/09121016\\\/sergio-garcia-valencia.jpg\",\"keywords\":[\"2020\",\"Campeonato del Mundo de Motociclismo\",\"Moto3\"],\"articleSection\":[\"Moto3\"],\"inLanguage\":\"es\",\"potentialAction\":[{\"@type\":\"CommentAction\",\"name\":\"Comment\",\"target\":[\"https:\\\/\\\/www.boxrepsol.com\\\/es\\\/moto3\\\/remontada-valencia\\\/#respond\"]}]},{\"@type\":\"WebPage\",\"@id\":\"https:\\\/\\\/www.boxrepsol.com\\\/es\\\/moto3\\\/remontada-valencia\\\/\",\"url\":\"https:\\\/\\\/www.boxrepsol.com\\\/es\\\/moto3\\\/remontada-valencia\\\/\",\"name\":\"Segundo puesto con remontada para Sergio Garc\u00eda Dols - Box Repsol\",\"isPartOf\":{\"@id\":\"https:\\\/\\\/www.boxrepsol.com\\\/es\\\/#website\"},\"primaryImageOfPage\":{\"@id\":\"https:\\\/\\\/www.boxrepsol.com\\\/es\\\/moto3\\\/remontada-valencia\\\/#primaryimage\"},\"image\":{\"@id\":\"https:\\\/\\\/www.boxrepsol.com\\\/es\\\/moto3\\\/remontada-valencia\\\/#primaryimage\"},\"thumbnailUrl\":\"https:\\\/\\\/bxrepsol.s3.eu-west-1.amazonaws.com\\\/static\\\/2022\\\/08\\\/09121016\\\/sergio-garcia-valencia.jpg\",\"datePublished\":\"2020-11-15T02:00:00+00:00\",\"dateModified\":\"2024-04-19T08:55:09+00:00\",\"description\":\"El piloto Repsol de Moto3 suma su segundo podio consecutivamente tras iniciar la carrera de hoy desde la decimos\u00e9ptima plaza. Ryusei Yamanaka punt\u00faa al terminar decimoquinto\",\"breadcrumb\":{\"@id\":\"https:\\\/\\\/www.boxrepsol.com\\\/es\\\/moto3\\\/remontada-valencia\\\/#breadcrumb\"},\"inLanguage\":\"es\",\"potentialAction\":[{\"@type\":\"ReadAction\",\"target\":[\"https:\\\/\\\/www.boxrepsol.com\\\/es\\\/moto3\\\/remontada-valencia\\\/\"]}]},{\"@type\":\"ImageObject\",\"inLanguage\":\"es\",\"@id\":\"https:\\\/\\\/www.boxrepsol.com\\\/es\\\/moto3\\\/remontada-valencia\\\/#primaryimage\",\"url\":\"https:\\\/\\\/bxrepsol.s3.eu-west-1.amazonaws.com\\\/static\\\/2022\\\/08\\\/09121016\\\/sergio-garcia-valencia.jpg\",\"contentUrl\":\"https:\\\/\\\/bxrepsol.s3.eu-west-1.amazonaws.com\\\/static\\\/2022\\\/08\\\/09121016\\\/sergio-garcia-valencia.jpg\",\"width\":1280,\"height\":720,\"caption\":\"sergio-garcia-valencia\"},{\"@type\":\"BreadcrumbList\",\"@id\":\"https:\\\/\\\/www.boxrepsol.com\\\/es\\\/moto3\\\/remontada-valencia\\\/#breadcrumb\",\"itemListElement\":[{\"@type\":\"ListItem\",\"position\":1,\"name\":\"Home\",\"item\":\"https:\\\/\\\/www.boxrepsol.com\\\/es\\\/\"},{\"@type\":\"ListItem\",\"position\":2,\"name\":\"Segundo puesto con remontada para Sergio Garc\u00eda Dols\"}]},{\"@type\":\"WebSite\",\"@id\":\"https:\\\/\\\/www.boxrepsol.com\\\/es\\\/#website\",\"url\":\"https:\\\/\\\/www.boxrepsol.com\\\/es\\\/\",\"name\":\"Box Repsol\",\"description\":\"Box Repsol Site\",\"publisher\":{\"@id\":\"https:\\\/\\\/www.boxrepsol.com\\\/es\\\/#organization\"},\"potentialAction\":[{\"@type\":\"SearchAction\",\"target\":{\"@type\":\"EntryPoint\",\"urlTemplate\":\"https:\\\/\\\/www.boxrepsol.com\\\/es\\\/?s={search_term_string}\"},\"query-input\":{\"@type\":\"PropertyValueSpecification\",\"valueRequired\":true,\"valueName\":\"search_term_string\"}}],\"inLanguage\":\"es\"},{\"@type\":\"Organization\",\"@id\":\"https:\\\/\\\/www.boxrepsol.com\\\/es\\\/#organization\",\"name\":\"Box Repsol\",\"url\":\"https:\\\/\\\/www.boxrepsol.com\\\/es\\\/\",\"logo\":{\"@type\":\"ImageObject\",\"inLanguage\":\"es\",\"@id\":\"https:\\\/\\\/www.boxrepsol.com\\\/es\\\/#\\\/schema\\\/logo\\\/image\\\/\",\"url\":\"https:\\\/\\\/bxrepsol.s3.eu-west-1.amazonaws.com\\\/static\\\/2025\\\/07\\\/30083337\\\/favicon-96x96-1.png\",\"contentUrl\":\"https:\\\/\\\/bxrepsol.s3.eu-west-1.amazonaws.com\\\/static\\\/2025\\\/07\\\/30083337\\\/favicon-96x96-1.png\",\"width\":96,\"height\":96,\"caption\":\"Box Repsol\"},\"image\":{\"@id\":\"https:\\\/\\\/www.boxrepsol.com\\\/es\\\/#\\\/schema\\\/logo\\\/image\\\/\"},\"sameAs\":[\"https:\\\/\\\/www.facebook.com\\\/BoxRepsol\",\"https:\\\/\\\/x.com\\\/box_repsol\",\"http:\\\/\\\/instagram.com\\\/box_repsol\",\"https:\\\/\\\/www.youtube.com\\\/user\\\/RepsolCompeticion\",\"https:\\\/\\\/www.flickr.com\\\/photos\\\/box_repsol\\\/\"]},{\"@type\":\"Person\",\"@id\":\"https:\\\/\\\/www.boxrepsol.com\\\/es\\\/#\\\/schema\\\/person\\\/c5c2138f2cca251b0ad92b7086bb60b7\",\"name\":\"Redacci\u00f3n Box Repsol\",\"image\":{\"@type\":\"ImageObject\",\"inLanguage\":\"es\",\"@id\":\"https:\\\/\\\/secure.gravatar.com\\\/avatar\\\/adf7b77e38b4419baf32c7e9c21dde01f4e40df611f0978e3006fc4ba0aaab7e?s=96&d=mm&r=g\",\"url\":\"https:\\\/\\\/secure.gravatar.com\\\/avatar\\\/adf7b77e38b4419baf32c7e9c21dde01f4e40df611f0978e3006fc4ba0aaab7e?s=96&d=mm&r=g\",\"contentUrl\":\"https:\\\/\\\/secure.gravatar.com\\\/avatar\\\/adf7b77e38b4419baf32c7e9c21dde01f4e40df611f0978e3006fc4ba0aaab7e?s=96&d=mm&r=g\",\"caption\":\"Redacci\u00f3n Box Repsol\"},\"description\":\"Box Repsol lo forma un equipo de periodistas, community managers, dise\u00f1adores y fot\u00f3grafos con m\u00e1s de 20 a\u00f1os de experiencia en el mundo del motorsport. Hemos vivido el primer mundial de un espa\u00f1ol en la categor\u00eda reina de motociclismo con \u00c1lex Crivill\u00e9, estuvimos en las victorias de Pedrosa y los t\u00edtulos de M\u00e1rquez, acompa\u00f1amos en \u00c1frica a Nani Roma y Marc Coma en sus conquistas del Dakar y hemos vibrado con los t\u00edtulos de Toni Bou en Trial. Adem\u00e1s, en nuestro equipo contamos con expertos en el mundo de las dos y cuatro ruedas tanto de la calle y las carreteras, como de los circuitos. Periodistas que han trabajado en revistas y publicaciones para hacerte llegar desde rutas y consejos de mantenimiento, a curiosidades y trucos de pilotaje.\",\"sameAs\":[\"https:\\\/\\\/www.facebook.com\\\/BoxRepsol\\\/\",\"https:\\\/\\\/www.instagram.com\\\/box_repsol\\\/\",\"https:\\\/\\\/x.com\\\/https:\\\/\\\/twitter.com\\\/box_repsol\",\"https:\\\/\\\/www.youtube.com\\\/@Boxrepsol\"],\"url\":\"https:\\\/\\\/www.boxrepsol.com\\\/es\\\/author\\\/redaccion-box-repsol\\\/\"}]}<\/script>\n<!-- \/ Yoast SEO plugin. -->","yoast_head_json":{"title":"Segundo puesto con remontada para Sergio Garc\u00eda Dols - Box Repsol","description":"El piloto Repsol de Moto3 suma su segundo podio consecutivamente tras iniciar la carrera de hoy desde la decimos\u00e9ptima plaza. Ryusei Yamanaka punt\u00faa al terminar decimoquinto","canonical":"https:\/\/www.boxrepsol.com\/es\/moto3\/remontada-valencia\/","og_locale":"es_ES","og_type":"article","og_title":"Segundo puesto con remontada para Sergio Garc\u00eda Dols - Box Repsol","og_description":"El piloto Repsol de Moto3 suma su segundo podio consecutivamente tras iniciar la carrera de hoy desde la decimos\u00e9ptima plaza. Ryusei Yamanaka punt\u00faa al terminar decimoquinto","og_url":"https:\/\/www.boxrepsol.com\/es\/moto3\/remontada-valencia\/","og_site_name":"Box Repsol","article_publisher":"https:\/\/www.facebook.com\/BoxRepsol","article_author":"https:\/\/www.facebook.com\/BoxRepsol\/","article_published_time":"2020-11-15T02:00:00+00:00","article_modified_time":"2024-04-19T08:55:09+00:00","og_image":[{"width":1280,"height":720,"url":"https:\/\/bxrepsol.s3.eu-west-1.amazonaws.com\/static\/2022\/08\/09121016\/sergio-garcia-valencia.jpg","type":"image\/jpeg"}],"author":"Redacci\u00f3n Box Repsol","twitter_card":"summary_large_image","twitter_creator":"@https:\/\/twitter.com\/box_repsol","twitter_site":"@box_repsol","twitter_misc":{"Written by":"Redacci\u00f3n Box Repsol","Est. reading time":"2 minutos"},"schema":{"@context":"https:\/\/schema.org","@graph":[{"@type":"Article","@id":"https:\/\/www.boxrepsol.com\/es\/moto3\/remontada-valencia\/#article","isPartOf":{"@id":"https:\/\/www.boxrepsol.com\/es\/moto3\/remontada-valencia\/"},"author":{"name":"Redacci\u00f3n Box Repsol","@id":"https:\/\/www.boxrepsol.com\/es\/#\/schema\/person\/c5c2138f2cca251b0ad92b7086bb60b7"},"headline":"Segundo puesto con remontada para Sergio Garc\u00eda Dols","datePublished":"2020-11-15T02:00:00+00:00","dateModified":"2024-04-19T08:55:09+00:00","mainEntityOfPage":{"@id":"https:\/\/www.boxrepsol.com\/es\/moto3\/remontada-valencia\/"},"wordCount":429,"commentCount":0,"publisher":{"@id":"https:\/\/www.boxrepsol.com\/es\/#organization"},"image":{"@id":"https:\/\/www.boxrepsol.com\/es\/moto3\/remontada-valencia\/#primaryimage"},"thumbnailUrl":"https:\/\/bxrepsol.s3.eu-west-1.amazonaws.com\/static\/2022\/08\/09121016\/sergio-garcia-valencia.jpg","keywords":["2020","Campeonato del Mundo de Motociclismo","Moto3"],"articleSection":["Moto3"],"inLanguage":"es","potentialAction":[{"@type":"CommentAction","name":"Comment","target":["https:\/\/www.boxrepsol.com\/es\/moto3\/remontada-valencia\/#respond"]}]},{"@type":"WebPage","@id":"https:\/\/www.boxrepsol.com\/es\/moto3\/remontada-valencia\/","url":"https:\/\/www.boxrepsol.com\/es\/moto3\/remontada-valencia\/","name":"Segundo puesto con remontada para Sergio Garc\u00eda Dols - Box Repsol","isPartOf":{"@id":"https:\/\/www.boxrepsol.com\/es\/#website"},"primaryImageOfPage":{"@id":"https:\/\/www.boxrepsol.com\/es\/moto3\/remontada-valencia\/#primaryimage"},"image":{"@id":"https:\/\/www.boxrepsol.com\/es\/moto3\/remontada-valencia\/#primaryimage"},"thumbnailUrl":"https:\/\/bxrepsol.s3.eu-west-1.amazonaws.com\/static\/2022\/08\/09121016\/sergio-garcia-valencia.jpg","datePublished":"2020-11-15T02:00:00+00:00","dateModified":"2024-04-19T08:55:09+00:00","description":"El piloto Repsol de Moto3 suma su segundo podio consecutivamente tras iniciar la carrera de hoy desde la decimos\u00e9ptima plaza. Ryusei Yamanaka punt\u00faa al terminar decimoquinto","breadcrumb":{"@id":"https:\/\/www.boxrepsol.com\/es\/moto3\/remontada-valencia\/#breadcrumb"},"inLanguage":"es","potentialAction":[{"@type":"ReadAction","target":["https:\/\/www.boxrepsol.com\/es\/moto3\/remontada-valencia\/"]}]},{"@type":"ImageObject","inLanguage":"es","@id":"https:\/\/www.boxrepsol.com\/es\/moto3\/remontada-valencia\/#primaryimage","url":"https:\/\/bxrepsol.s3.eu-west-1.amazonaws.com\/static\/2022\/08\/09121016\/sergio-garcia-valencia.jpg","contentUrl":"https:\/\/bxrepsol.s3.eu-west-1.amazonaws.com\/static\/2022\/08\/09121016\/sergio-garcia-valencia.jpg","width":1280,"height":720,"caption":"sergio-garcia-valencia"},{"@type":"BreadcrumbList","@id":"https:\/\/www.boxrepsol.com\/es\/moto3\/remontada-valencia\/#breadcrumb","itemListElement":[{"@type":"ListItem","position":1,"name":"Home","item":"https:\/\/www.boxrepsol.com\/es\/"},{"@type":"ListItem","position":2,"name":"Segundo puesto con remontada para Sergio Garc\u00eda Dols"}]},{"@type":"WebSite","@id":"https:\/\/www.boxrepsol.com\/es\/#website","url":"https:\/\/www.boxrepsol.com\/es\/","name":"Box Repsol","description":"Box Repsol Site","publisher":{"@id":"https:\/\/www.boxrepsol.com\/es\/#organization"},"potentialAction":[{"@type":"SearchAction","target":{"@type":"EntryPoint","urlTemplate":"https:\/\/www.boxrepsol.com\/es\/?s={search_term_string}"},"query-input":{"@type":"PropertyValueSpecification","valueRequired":true,"valueName":"search_term_string"}}],"inLanguage":"es"},{"@type":"Organization","@id":"https:\/\/www.boxrepsol.com\/es\/#organization","name":"Box Repsol","url":"https:\/\/www.boxrepsol.com\/es\/","logo":{"@type":"ImageObject","inLanguage":"es","@id":"https:\/\/www.boxrepsol.com\/es\/#\/schema\/logo\/image\/","url":"https:\/\/bxrepsol.s3.eu-west-1.amazonaws.com\/static\/2025\/07\/30083337\/favicon-96x96-1.png","contentUrl":"https:\/\/bxrepsol.s3.eu-west-1.amazonaws.com\/static\/2025\/07\/30083337\/favicon-96x96-1.png","width":96,"height":96,"caption":"Box Repsol"},"image":{"@id":"https:\/\/www.boxrepsol.com\/es\/#\/schema\/logo\/image\/"},"sameAs":["https:\/\/www.facebook.com\/BoxRepsol","https:\/\/x.com\/box_repsol","http:\/\/instagram.com\/box_repsol","https:\/\/www.youtube.com\/user\/RepsolCompeticion","https:\/\/www.flickr.com\/photos\/box_repsol\/"]},{"@type":"Person","@id":"https:\/\/www.boxrepsol.com\/es\/#\/schema\/person\/c5c2138f2cca251b0ad92b7086bb60b7","name":"Redacci\u00f3n Box Repsol","image":{"@type":"ImageObject","inLanguage":"es","@id":"https:\/\/secure.gravatar.com\/avatar\/adf7b77e38b4419baf32c7e9c21dde01f4e40df611f0978e3006fc4ba0aaab7e?s=96&d=mm&r=g","url":"https:\/\/secure.gravatar.com\/avatar\/adf7b77e38b4419baf32c7e9c21dde01f4e40df611f0978e3006fc4ba0aaab7e?s=96&d=mm&r=g","contentUrl":"https:\/\/secure.gravatar.com\/avatar\/adf7b77e38b4419baf32c7e9c21dde01f4e40df611f0978e3006fc4ba0aaab7e?s=96&d=mm&r=g","caption":"Redacci\u00f3n Box Repsol"},"description":"Box Repsol lo forma un equipo de periodistas, community managers, dise\u00f1adores y fot\u00f3grafos con m\u00e1s de 20 a\u00f1os de experiencia en el mundo del motorsport. Hemos vivido el primer mundial de un espa\u00f1ol en la categor\u00eda reina de motociclismo con \u00c1lex Crivill\u00e9, estuvimos en las victorias de Pedrosa y los t\u00edtulos de M\u00e1rquez, acompa\u00f1amos en \u00c1frica a Nani Roma y Marc Coma en sus conquistas del Dakar y hemos vibrado con los t\u00edtulos de Toni Bou en Trial. Adem\u00e1s, en nuestro equipo contamos con expertos en el mundo de las dos y cuatro ruedas tanto de la calle y las carreteras, como de los circuitos. Periodistas que han trabajado en revistas y publicaciones para hacerte llegar desde rutas y consejos de mantenimiento, a curiosidades y trucos de pilotaje.","sameAs":["https:\/\/www.facebook.com\/BoxRepsol\/","https:\/\/www.instagram.com\/box_repsol\/","https:\/\/x.com\/https:\/\/twitter.com\/box_repsol","https:\/\/www.youtube.com\/@Boxrepsol"],"url":"https:\/\/www.boxrepsol.com\/es\/author\/redaccion-box-repsol\/"}]}},"_links":{"self":[{"href":"https:\/\/www.boxrepsol.com\/es\/wp-json\/wp\/v2\/posts\/94738","targetHints":{"allow":["GET"]}}],"collection":[{"href":"https:\/\/www.boxrepsol.com\/es\/wp-json\/wp\/v2\/posts"}],"about":[{"href":"https:\/\/www.boxrepsol.com\/es\/wp-json\/wp\/v2\/types\/post"}],"author":[{"embeddable":true,"href":"https:\/\/www.boxrepsol.com\/es\/wp-json\/wp\/v2\/users\/43146"}],"replies":[{"embeddable":true,"href":"https:\/\/www.boxrepsol.com\/es\/wp-json\/wp\/v2\/comments?post=94738"}],"version-history":[{"count":1,"href":"https:\/\/www.boxrepsol.com\/es\/wp-json\/wp\/v2\/posts\/94738\/revisions"}],"predecessor-version":[{"id":94739,"href":"https:\/\/www.boxrepsol.com\/es\/wp-json\/wp\/v2\/posts\/94738\/revisions\/94739"}],"wp:featuredmedia":[{"embeddable":true,"href":"https:\/\/www.boxrepsol.com\/es\/wp-json\/wp\/v2\/media\/41497"}],"wp:attachment":[{"href":"https:\/\/www.boxrepsol.com\/es\/wp-json\/wp\/v2\/media?parent=94738"}],"wp:term":[{"taxonomy":"category","embeddable":true,"href":"https:\/\/www.boxrepsol.com\/es\/wp-json\/wp\/v2\/categories?post=94738"},{"taxonomy":"post_tag","embeddable":true,"href":"https:\/\/www.boxrepsol.com\/es\/wp-json\/wp\/v2\/tags?post=94738"}],"curies":[{"name":"wp","href":"https:\/\/api.w.org\/{rel}","templated":true}]}}