{"id":94730,"date":"2020-11-09T00:00:00","date_gmt":"2020-11-09T02:00:00","guid":{"rendered":"http:\/\/pre.boxrepsol.com\/sin-categorizar\/gp-valencia-motogp-2020-ver-gratis\/"},"modified":"2024-07-30T11:00:26","modified_gmt":"2024-07-30T13:00:26","slug":"gp-valencia-motogp-2020-ver-gratis","status":"publish","type":"post","link":"https:\/\/www.boxrepsol.com\/es\/motogp\/gp-valencia-motogp-2020-ver-gratis\/","title":{"rendered":"GP de Valencia MotoGP 2020: ver hoy gratis, horario, TV y opciones online en directo"},"content":{"rendered":"<p>Si este fin de semana quieres <strong>ver el GP de Valencia gratis y en directo<\/strong>, desde Box Repsol te contamos varias alternativas para que no te pierdas detalle del Mundial de Motociclismo. Esta semana tienes la opci\u00f3n de <strong>ver online el gran premio de Valencia 2020 de MotoGP<\/strong> en varias plataformas y canales, que te resumimos a continuaci\u00f3n.<\/p>\n<p>\u00c1lex M\u00e1rquez vuelve a Cheste con muchas ganas tras la mala suerte del pasado fin de semana. El piloto del equipo Repsol Honda ha demostrado durante esta temporada que mejora siempre sus prestaciones en aquellos circuitos donde se ha corrido de forma consecutiva. As\u00ed que se espera que en este GP recupere las sensaciones que tuvo en los de Francia y Arag\u00f3n.<\/p>\n<p><a href=\"https:\/\/bxrepsol.s3.eu-west-1.amazonaws.com\/static\/2022\/08\/09120953\/00_alex_marquez_motogp_respol_honda-2.jpg\" data-index=\"0\"><br \/>\n<img decoding=\"async\" title=\"\u00c1lex M\u00e1rquez Rodando en MotoGP\" src=\"https:\/\/bxrepsol.s3.eu-west-1.amazonaws.com\/static\/2022\/08\/09120953\/00_alex_marquez_motogp_respol_honda-2.jpg\" srcset=\"https:\/\/bxrepsol.s3.eu-west-1.amazonaws.com\/static\/2022\/08\/09120953\/00_alex_marquez_motogp_respol_honda-2.jpg 1200w, https:\/\/bxrepsol.s3.eu-west-1.amazonaws.com\/static\/2022\/08\/09120953\/00_alex_marquez_motogp_respol_honda-2.jpg 900w, https:\/\/bxrepsol.s3.eu-west-1.amazonaws.com\/static\/2022\/08\/09120953\/00_alex_marquez_motogp_respol_honda-2.jpg 600w, https:\/\/bxrepsol.s3.eu-west-1.amazonaws.com\/static\/2022\/08\/09120953\/00_alex_marquez_motogp_respol_honda-2.jpg 480w, https:\/\/bxrepsol.s3.eu-west-1.amazonaws.com\/static\/2022\/08\/09120953\/00_alex_marquez_motogp_respol_honda-2.jpg 32w\" alt=\"\u00c1lex M\u00e1rquez Rodando en MotoGP\" data-title=\"\" \/><br \/>\n<\/a><br \/>\n<a href=\"https:\/\/bxrepsol.s3.eu-west-1.amazonaws.com\/static\/2022\/08\/09120918\/00_carrera_motogp-2.jpg\" data-index=\"1\"><br \/>\n<img decoding=\"async\" title=\"\u00c1lex M\u00e1rquez en carrera\" src=\"https:\/\/bxrepsol.s3.eu-west-1.amazonaws.com\/static\/2022\/08\/09120918\/00_carrera_motogp-2.jpg\" srcset=\"https:\/\/bxrepsol.s3.eu-west-1.amazonaws.com\/static\/2022\/08\/09120918\/00_carrera_motogp-2.jpg 1296w, https:\/\/bxrepsol.s3.eu-west-1.amazonaws.com\/static\/2022\/08\/09120918\/00_carrera_motogp-2.jpg 1280w, https:\/\/bxrepsol.s3.eu-west-1.amazonaws.com\/static\/2022\/08\/09120918\/00_carrera_motogp-2.jpg 900w, https:\/\/bxrepsol.s3.eu-west-1.amazonaws.com\/static\/2022\/08\/09120918\/00_carrera_motogp-2.jpg 600w, https:\/\/bxrepsol.s3.eu-west-1.amazonaws.com\/static\/2022\/08\/09120918\/00_carrera_motogp-2.jpg 480w, https:\/\/bxrepsol.s3.eu-west-1.amazonaws.com\/static\/2022\/08\/09120918\/00_carrera_motogp-2.jpg 32w\" alt=\"\u00c1lex M\u00e1rquez sobre la Honda en MotoGP\" data-title=\"\" \/><br \/>\n<\/a><br \/>\n<a href=\"https:\/\/bxrepsol.s3.eu-west-1.amazonaws.com\/static\/2022\/08\/09120954\/00_stefan_bradl_repsol_honda-3.jpg\" data-index=\"2\"><br \/>\n<img decoding=\"async\" title=\"Stefan Bradl rodando en la Honda\" src=\"https:\/\/bxrepsol.s3.eu-west-1.amazonaws.com\/static\/2022\/08\/09120954\/00_stefan_bradl_repsol_honda-3.jpg\" srcset=\"https:\/\/bxrepsol.s3.eu-west-1.amazonaws.com\/static\/2022\/08\/09120954\/00_stefan_bradl_repsol_honda-3.jpg 1200w, https:\/\/bxrepsol.s3.eu-west-1.amazonaws.com\/static\/2022\/08\/09120954\/00_stefan_bradl_repsol_honda-3.jpg 900w, https:\/\/bxrepsol.s3.eu-west-1.amazonaws.com\/static\/2022\/08\/09120954\/00_stefan_bradl_repsol_honda-3.jpg 600w, https:\/\/bxrepsol.s3.eu-west-1.amazonaws.com\/static\/2022\/08\/09120954\/00_stefan_bradl_repsol_honda-3.jpg 480w, https:\/\/bxrepsol.s3.eu-west-1.amazonaws.com\/static\/2022\/08\/09120954\/00_stefan_bradl_repsol_honda-3.jpg 32w\" alt=\"Stefan Bradls piloto Repsol Honda\" data-title=\"\" \/><br \/>\n<\/a><br \/>\n<a href=\"https:\/\/bxrepsol.s3.eu-west-1.amazonaws.com\/static\/2022\/08\/09120955\/042-2.jpg\" data-index=\"3\"><br \/>\n<img decoding=\"async\" title=\"Hermanos M\u00e1rquez con cascos blancos en pista\" src=\"https:\/\/bxrepsol.s3.eu-west-1.amazonaws.com\/static\/2022\/08\/09120955\/042-2.jpg\" srcset=\"https:\/\/bxrepsol.s3.eu-west-1.amazonaws.com\/static\/2022\/08\/09120955\/042-2.jpg 1200w, https:\/\/bxrepsol.s3.eu-west-1.amazonaws.com\/static\/2022\/08\/09120955\/042-2.jpg 900w, https:\/\/bxrepsol.s3.eu-west-1.amazonaws.com\/static\/2022\/08\/09120955\/042-2.jpg 600w, https:\/\/bxrepsol.s3.eu-west-1.amazonaws.com\/static\/2022\/08\/09120955\/042-2.jpg 480w, https:\/\/bxrepsol.s3.eu-west-1.amazonaws.com\/static\/2022\/08\/09120955\/042-2.jpg 32w\" alt=\"Marc y \u00c1lex M\u00e1rquez con cascos especiales en el GP de Jerez 2020\" data-title=\"\" \/><br \/>\n<\/a><br \/>\n<a href=\"https:\/\/bxrepsol.s3.eu-west-1.amazonaws.com\/static\/2022\/08\/05075409\/alex-y-bradl-pre-francia.jpg\" data-index=\"4\"><br \/>\n<\/a>Ver el GP de Valencia en directo en motoGP.com<\/p>\n<p>MotoGP.com nos ofrece un paquete anual de suscripci\u00f3n llamado Videopass, gracias al cual tendremos acceso, por un lado, a m\u00e1s de 45.000 v\u00eddeos de tem\u00e1tica variada y, por otro, al completo de las sesiones de cada GP en vivo y en directo. Podremos disfrutar de todas las pruebas del Mundial en cada categor\u00eda, de principio a fin.<\/p>\n<p>Los v\u00eddeos bajo demanda incluyen carreras desde 1992, documentales, reportajes t\u00e9cnicos y, por supuesto, toda la acci\u00f3n en pista, que adem\u00e1s ofrece la opci\u00f3n de combinar seis se\u00f1ales de v\u00eddeo diferentes: la general, la vista desde el helic\u00f3ptero y cuatro c\u00e1maras \u2018onboard\u2019 instaladas en las motos de varios pilotos.<\/p>\n<p>Podr\u00e1s disfrutar del Videopass en tu SmartTV, m\u00f3vil o tablet, adem\u00e1s de en tu ordenador. Una gran manera de disfrutar MotoGP online y en directo.<\/p>\n<p>El \u00fanico inconveniente de motoGP.com es que, a pesar de que la Web ofrece contenidos en castellano, la retransmisi\u00f3n de las pruebas se realiza \u00edntegramente en ingl\u00e9s<noscript><img decoding=\"async\" src=\"https:\/\/bxrepsol.s3.eu-west-1.amazonaws.com\/static\/2022\/08\/09120956\/00_alex_marquez_honda_rc213v-2.jpg\" alt=\"\u00c1lex M\u00e1rquez visto desde arriba pilotando\"><\/noscript><\/p>\n<figure><figcaption><\/figcaption><\/figure>\n<h2>Ver el GP de Valencia gratis online y en directo en DAZN:<\/h2>\n<p>DAZN nos ofrece un mes de prueba gratuita que podremos aprovechar para <strong>ver MotoGP gratis<\/strong>, pero \u00bfqu\u00e9 es DAZN?<\/p>\n<p>DAZN es una plataforma de v\u00eddeo en \u2018streaming\u2019 que permite disfrutar de multitud de deportes a la carta, tanto en televisor inteligente como en PC y dispositivos m\u00f3viles. Puedes registrar 5 dispositivos en tu cuenta y ver contenido en dos de ellos de forma simult\u00e1nea.<\/p>\n<p>El servicio que prestan se puede contratar en las modalidades mensuales o con una cuota anual, y no tiene permanencia. Podemos darnos de baja cuando deseemos o pausar la suscripci\u00f3n.<\/p>\n<p>Adem\u00e1s, usando el mes de prueba gratuito, si te registras justo para el GP de Valencia, podr\u00e1s <strong>ver gratis<\/strong> tambi\u00e9n el GP de Portugal y disfrutar de todas las carreras ya disputadas.<\/p>\n<p>Adem\u00e1s del Mundial de Motociclismo, DAZN ofrece multitud de deportes, como f\u00fatbol, tenis, ciclismo, boxeo\u2026<\/p>\n<figure><picture style=\"padding-bottom: 66.634522661524%; background-image: url('https:\/\/bxrepsol.s3.eu-west-1.amazonaws.com\/static\/2022\/08\/09120957\/00_stefan_Bradl_parrilla_desmontado-2.jpg');\"> <img decoding=\"async\" src=\"https:\/\/bxrepsol.s3.eu-west-1.amazonaws.com\/static\/2022\/08\/09120957\/00_stefan_Bradl_parrilla_desmontado-2.jpg\" \/><\/picture>\n<p><noscript><img decoding=\"async\" src=\"https:\/\/bxrepsol.s3.eu-west-1.amazonaws.com\/static\/2022\/08\/09120957\/00_stefan_Bradl_parrilla_desmontado-2.jpg\" alt=\"Stefan Bradl antes de empezar la carrera\"><\/noscript><figcaption>Stefan Bradl antes de empezar la carrera<\/figcaption><\/figure>\n<h2>HORARIOS GP DE Valencia MOTOGP 2020<\/h2>\n<p>Aqu\u00ed tienes los <strong>horarios espa\u00f1oles para el GP de Valencia<\/strong> GMT +1<br \/>\nPara Argentina GMT -3, para Chile GMT -4, para M\u00e9xico y Colombia, GMT -5.<\/p>\n<h3><strong>Horarios MotoGP GP de Valencia<\/strong><\/h3>\n<h4><strong>Viernes 13 de noviembre (GMT+1)<\/strong><\/h4>\n<ul>\n<li>10:00 &#8211; 10:40 FP1 Moto3<\/li>\n<li>10:55 &#8211; 11:40 FP1 MotoGP<\/li>\n<li>11:55 &#8211; 12:35 FP1 Moto2<\/li>\n<li>13:35 &#8211; 14:15 FP2 Moto3<\/li>\n<li>14:30 &#8211; 15:15 FP2 MotoGP<\/li>\n<li>15:30 &#8211; 16:10 FP2 Moto2<\/li>\n<\/ul>\n<h4><strong>S\u00e1bado 14 de noviembre (GMT+1)<\/strong><\/h4>\n<ul>\n<li>10:00 &#8211; 10:40 FP3 Moto3<\/li>\n<li>10:55 &#8211; 11:40 FP3 MotoGP<\/li>\n<li>11:55 &#8211; 12:35 FP3 Moto2<\/li>\n<li>13:15 &#8211; 13:30 Q1 Moto3<\/li>\n<li>13:40 &#8211; 13:55 Q2 Moto3<\/li>\n<li>14:10 &#8211; 14:40 FP4 MotoGP<\/li>\n<li>14:50 &#8211; 15:05 Q1 MotoGP<\/li>\n<li>15:15 &#8211; 15:30 Q2 MotoGP<\/li>\n<li>15:50 &#8211; 16:05 Q1 Moto2<\/li>\n<li>16:15 &#8211; 15:30 Q2 Moto2<\/li>\n<\/ul>\n<h4><strong>Domingo 15 de noviembre (GMT+1)<\/strong><\/h4>\n<ul>\n<li>09:00 &#8211; 09:20 Warm Up Moto3<\/li>\n<li>09:30 &#8211; 09:50 Warm Up Moto2<\/li>\n<li>10:00 &#8211; 10:20 Warm Up MotoGP<\/li>\n<li>11:00 Carrera Moto3<\/li>\n<li>12:20 Carrera Moto2<\/li>\n<li>14:00 Carrera MotoGP<\/li>\n<\/ul>\n<hr \/>\n<h3>Horarios MotoGP carreras Colombia y M\u00e9xico (GMT -5)<\/h3>\n<ul>\n<li>05:00 Carrera Moto3<\/li>\n<li>06:20 Carrera Moto2<\/li>\n<li>08:00 Carrera MotoGP<\/li>\n<\/ul>\n<hr \/>\n<h3>Horarios MotoGP carreras Argentina (GMT-3)<\/h3>\n<ul>\n<li>07:00 Carrera Moto3<\/li>\n<li>08:20 Carrera Moto2<\/li>\n<li>10:00 Carrera MotoGP<\/li>\n<\/ul>\n<hr \/>\n<h3>Horarios MotoGP carreras Chile (GMT-4)<\/h3>\n<ul>\n<li>06:00 Carrera Moto3<\/li>\n<li>07:20 Carrera Moto2<\/li>\n<li>09:00 Carrera MotoGP<\/li>\n<\/ul>\n<p>Adem\u00e1s, os recordamos que, tanto a trav\u00e9s de las redes sociales como en la App de Box Repsol, pod\u00e9is seguir lo m\u00e1s destacado de nuestro equipo en cada GP, incluyendo un &#8216;vuelta a vuelta&#8217; en directo de la carrera para sep\u00e1is qu\u00e9 sucede en pista en cada momento. En nuestra cuenta de Twitter @Box_Repsol podr\u00e9is seguir cada sesi\u00f3n de Moto3 y MotoGP, desde la FP1 hasta la carrera, con informaci\u00f3n e im\u00e1genes para vivir el GP como si estuvierais en el mismo circuito. <strong>\u00a1Os esperamos para vivir el Mundial en directo, online y gratis!<\/strong><\/p>\n","protected":false},"excerpt":{"rendered":"<p>El Mundial de Motociclismo se retransmite a trav\u00e9s de varias plataformas. \u00bfC\u00f3mo ver gratis el GP de Valencia de MotoGP online y en directo?<\/p>\n","protected":false},"author":43146,"featured_media":41473,"comment_status":"open","ping_status":"open","sticky":false,"template":"","format":"standard","meta":{"footnotes":""},"categories":[4],"tags":[191,137],"class_list":["post-94730","post","type-post","status-publish","format-standard","hentry","category-motogp","tag-191","tag-motogp-valencia"],"yoast_head":"<!-- This site is optimized with the Yoast SEO plugin v27.3 - https:\/\/yoast.com\/product\/yoast-seo-wordpress\/ -->\n<title>GP de Valencia MotoGP 2020: ver hoy gratis, horario, TV y opciones online en directo - Box Repsol<\/title>\n<meta name=\"description\" content=\"El Mundial de Motociclismo se retransmite a trav\u00e9s de varias plataformas. \u00bfC\u00f3mo ver gratis el GP de Valencia de MotoGP online y en directo?\" \/>\n<link rel=\"canonical\" href=\"https:\/\/www.boxrepsol.com\/es\/motogp\/gp-valencia-motogp-2020-ver-gratis\/\" \/>\n<meta property=\"og:locale\" content=\"es_ES\" \/>\n<meta property=\"og:type\" content=\"article\" \/>\n<meta property=\"og:title\" content=\"GP de Valencia MotoGP 2020: ver hoy gratis, horario, TV y opciones online en directo - Box Repsol\" \/>\n<meta property=\"og:description\" content=\"El Mundial de Motociclismo se retransmite a trav\u00e9s de varias plataformas. \u00bfC\u00f3mo ver gratis el GP de Valencia de MotoGP online y en directo?\" \/>\n<meta property=\"og:url\" content=\"https:\/\/www.boxrepsol.com\/es\/motogp\/gp-valencia-motogp-2020-ver-gratis\/\" \/>\n<meta property=\"og:site_name\" content=\"Box Repsol\" \/>\n<meta property=\"article:publisher\" content=\"https:\/\/www.facebook.com\/BoxRepsol\" \/>\n<meta property=\"article:author\" content=\"https:\/\/www.facebook.com\/BoxRepsol\/\" \/>\n<meta property=\"article:published_time\" content=\"2020-11-09T02:00:00+00:00\" \/>\n<meta property=\"article:modified_time\" content=\"2024-07-30T13:00:26+00:00\" \/>\n<meta property=\"og:image\" content=\"https:\/\/bxrepsol.s3.eu-west-1.amazonaws.com\/static\/2022\/08\/09120959\/00_alex_marquez_stefa_bradl_repsol_honda_motogp-2.jpg\" \/>\n\t<meta property=\"og:image:width\" content=\"1200\" \/>\n\t<meta property=\"og:image:height\" content=\"600\" \/>\n\t<meta property=\"og:image:type\" content=\"image\/jpeg\" \/>\n<meta name=\"author\" content=\"Redacci\u00f3n Box Repsol\" \/>\n<meta name=\"twitter:card\" content=\"summary_large_image\" \/>\n<meta name=\"twitter:creator\" content=\"@https:\/\/twitter.com\/box_repsol\" \/>\n<meta name=\"twitter:site\" content=\"@box_repsol\" \/>\n<meta name=\"twitter:label1\" content=\"Written by\" \/>\n\t<meta name=\"twitter:data1\" content=\"Redacci\u00f3n Box Repsol\" \/>\n\t<meta name=\"twitter:label2\" content=\"Est. reading time\" \/>\n\t<meta name=\"twitter:data2\" content=\"4 minutos\" \/>\n<script type=\"application\/ld+json\" class=\"yoast-schema-graph\">{\"@context\":\"https:\\\/\\\/schema.org\",\"@graph\":[{\"@type\":\"Article\",\"@id\":\"https:\\\/\\\/www.boxrepsol.com\\\/es\\\/motogp\\\/gp-valencia-motogp-2020-ver-gratis\\\/#article\",\"isPartOf\":{\"@id\":\"https:\\\/\\\/www.boxrepsol.com\\\/es\\\/motogp\\\/gp-valencia-motogp-2020-ver-gratis\\\/\"},\"author\":{\"name\":\"Redacci\u00f3n Box Repsol\",\"@id\":\"https:\\\/\\\/www.boxrepsol.com\\\/es\\\/#\\\/schema\\\/person\\\/c5c2138f2cca251b0ad92b7086bb60b7\"},\"headline\":\"GP de Valencia MotoGP 2020: ver hoy gratis, horario, TV y opciones online en directo\",\"datePublished\":\"2020-11-09T02:00:00+00:00\",\"dateModified\":\"2024-07-30T13:00:26+00:00\",\"mainEntityOfPage\":{\"@id\":\"https:\\\/\\\/www.boxrepsol.com\\\/es\\\/motogp\\\/gp-valencia-motogp-2020-ver-gratis\\\/\"},\"wordCount\":749,\"commentCount\":0,\"publisher\":{\"@id\":\"https:\\\/\\\/www.boxrepsol.com\\\/es\\\/#organization\"},\"image\":{\"@id\":\"https:\\\/\\\/www.boxrepsol.com\\\/es\\\/motogp\\\/gp-valencia-motogp-2020-ver-gratis\\\/#primaryimage\"},\"thumbnailUrl\":\"https:\\\/\\\/bxrepsol.s3.eu-west-1.amazonaws.com\\\/static\\\/2022\\\/08\\\/09120959\\\/00_alex_marquez_stefa_bradl_repsol_honda_motogp-2.jpg\",\"keywords\":[\"2020\",\"MotoGP Valencia\"],\"articleSection\":[\"MotoGP\"],\"inLanguage\":\"es\",\"potentialAction\":[{\"@type\":\"CommentAction\",\"name\":\"Comment\",\"target\":[\"https:\\\/\\\/www.boxrepsol.com\\\/es\\\/motogp\\\/gp-valencia-motogp-2020-ver-gratis\\\/#respond\"]}]},{\"@type\":\"WebPage\",\"@id\":\"https:\\\/\\\/www.boxrepsol.com\\\/es\\\/motogp\\\/gp-valencia-motogp-2020-ver-gratis\\\/\",\"url\":\"https:\\\/\\\/www.boxrepsol.com\\\/es\\\/motogp\\\/gp-valencia-motogp-2020-ver-gratis\\\/\",\"name\":\"GP de Valencia MotoGP 2020: ver hoy gratis, horario, TV y opciones online en directo - Box Repsol\",\"isPartOf\":{\"@id\":\"https:\\\/\\\/www.boxrepsol.com\\\/es\\\/#website\"},\"primaryImageOfPage\":{\"@id\":\"https:\\\/\\\/www.boxrepsol.com\\\/es\\\/motogp\\\/gp-valencia-motogp-2020-ver-gratis\\\/#primaryimage\"},\"image\":{\"@id\":\"https:\\\/\\\/www.boxrepsol.com\\\/es\\\/motogp\\\/gp-valencia-motogp-2020-ver-gratis\\\/#primaryimage\"},\"thumbnailUrl\":\"https:\\\/\\\/bxrepsol.s3.eu-west-1.amazonaws.com\\\/static\\\/2022\\\/08\\\/09120959\\\/00_alex_marquez_stefa_bradl_repsol_honda_motogp-2.jpg\",\"datePublished\":\"2020-11-09T02:00:00+00:00\",\"dateModified\":\"2024-07-30T13:00:26+00:00\",\"description\":\"El Mundial de Motociclismo se retransmite a trav\u00e9s de varias plataformas. \u00bfC\u00f3mo ver gratis el GP de Valencia de MotoGP online y en directo?\",\"breadcrumb\":{\"@id\":\"https:\\\/\\\/www.boxrepsol.com\\\/es\\\/motogp\\\/gp-valencia-motogp-2020-ver-gratis\\\/#breadcrumb\"},\"inLanguage\":\"es\",\"potentialAction\":[{\"@type\":\"ReadAction\",\"target\":[\"https:\\\/\\\/www.boxrepsol.com\\\/es\\\/motogp\\\/gp-valencia-motogp-2020-ver-gratis\\\/\"]}]},{\"@type\":\"ImageObject\",\"inLanguage\":\"es\",\"@id\":\"https:\\\/\\\/www.boxrepsol.com\\\/es\\\/motogp\\\/gp-valencia-motogp-2020-ver-gratis\\\/#primaryimage\",\"url\":\"https:\\\/\\\/bxrepsol.s3.eu-west-1.amazonaws.com\\\/static\\\/2022\\\/08\\\/09120959\\\/00_alex_marquez_stefa_bradl_repsol_honda_motogp-2.jpg\",\"contentUrl\":\"https:\\\/\\\/bxrepsol.s3.eu-west-1.amazonaws.com\\\/static\\\/2022\\\/08\\\/09120959\\\/00_alex_marquez_stefa_bradl_repsol_honda_motogp-2.jpg\",\"width\":1200,\"height\":600,\"caption\":\"Stefan Bradl y \u00c1lex M\u00e1rquez tomando una curva\"},{\"@type\":\"BreadcrumbList\",\"@id\":\"https:\\\/\\\/www.boxrepsol.com\\\/es\\\/motogp\\\/gp-valencia-motogp-2020-ver-gratis\\\/#breadcrumb\",\"itemListElement\":[{\"@type\":\"ListItem\",\"position\":1,\"name\":\"Home\",\"item\":\"https:\\\/\\\/www.boxrepsol.com\\\/es\\\/\"},{\"@type\":\"ListItem\",\"position\":2,\"name\":\"GP de Valencia MotoGP 2020: ver hoy gratis, horario, TV y opciones online en directo\"}]},{\"@type\":\"WebSite\",\"@id\":\"https:\\\/\\\/www.boxrepsol.com\\\/es\\\/#website\",\"url\":\"https:\\\/\\\/www.boxrepsol.com\\\/es\\\/\",\"name\":\"Box Repsol\",\"description\":\"Box Repsol Site\",\"publisher\":{\"@id\":\"https:\\\/\\\/www.boxrepsol.com\\\/es\\\/#organization\"},\"potentialAction\":[{\"@type\":\"SearchAction\",\"target\":{\"@type\":\"EntryPoint\",\"urlTemplate\":\"https:\\\/\\\/www.boxrepsol.com\\\/es\\\/?s={search_term_string}\"},\"query-input\":{\"@type\":\"PropertyValueSpecification\",\"valueRequired\":true,\"valueName\":\"search_term_string\"}}],\"inLanguage\":\"es\"},{\"@type\":\"Organization\",\"@id\":\"https:\\\/\\\/www.boxrepsol.com\\\/es\\\/#organization\",\"name\":\"Box Repsol\",\"url\":\"https:\\\/\\\/www.boxrepsol.com\\\/es\\\/\",\"logo\":{\"@type\":\"ImageObject\",\"inLanguage\":\"es\",\"@id\":\"https:\\\/\\\/www.boxrepsol.com\\\/es\\\/#\\\/schema\\\/logo\\\/image\\\/\",\"url\":\"https:\\\/\\\/bxrepsol.s3.eu-west-1.amazonaws.com\\\/static\\\/2025\\\/07\\\/30083337\\\/favicon-96x96-1.png\",\"contentUrl\":\"https:\\\/\\\/bxrepsol.s3.eu-west-1.amazonaws.com\\\/static\\\/2025\\\/07\\\/30083337\\\/favicon-96x96-1.png\",\"width\":96,\"height\":96,\"caption\":\"Box Repsol\"},\"image\":{\"@id\":\"https:\\\/\\\/www.boxrepsol.com\\\/es\\\/#\\\/schema\\\/logo\\\/image\\\/\"},\"sameAs\":[\"https:\\\/\\\/www.facebook.com\\\/BoxRepsol\",\"https:\\\/\\\/x.com\\\/box_repsol\",\"http:\\\/\\\/instagram.com\\\/box_repsol\",\"https:\\\/\\\/www.youtube.com\\\/user\\\/RepsolCompeticion\",\"https:\\\/\\\/www.flickr.com\\\/photos\\\/box_repsol\\\/\"]},{\"@type\":\"Person\",\"@id\":\"https:\\\/\\\/www.boxrepsol.com\\\/es\\\/#\\\/schema\\\/person\\\/c5c2138f2cca251b0ad92b7086bb60b7\",\"name\":\"Redacci\u00f3n Box Repsol\",\"image\":{\"@type\":\"ImageObject\",\"inLanguage\":\"es\",\"@id\":\"https:\\\/\\\/secure.gravatar.com\\\/avatar\\\/adf7b77e38b4419baf32c7e9c21dde01f4e40df611f0978e3006fc4ba0aaab7e?s=96&d=mm&r=g\",\"url\":\"https:\\\/\\\/secure.gravatar.com\\\/avatar\\\/adf7b77e38b4419baf32c7e9c21dde01f4e40df611f0978e3006fc4ba0aaab7e?s=96&d=mm&r=g\",\"contentUrl\":\"https:\\\/\\\/secure.gravatar.com\\\/avatar\\\/adf7b77e38b4419baf32c7e9c21dde01f4e40df611f0978e3006fc4ba0aaab7e?s=96&d=mm&r=g\",\"caption\":\"Redacci\u00f3n Box Repsol\"},\"description\":\"Box Repsol lo forma un equipo de periodistas, community managers, dise\u00f1adores y fot\u00f3grafos con m\u00e1s de 20 a\u00f1os de experiencia en el mundo del motorsport. Hemos vivido el primer mundial de un espa\u00f1ol en la categor\u00eda reina de motociclismo con \u00c1lex Crivill\u00e9, estuvimos en las victorias de Pedrosa y los t\u00edtulos de M\u00e1rquez, acompa\u00f1amos en \u00c1frica a Nani Roma y Marc Coma en sus conquistas del Dakar y hemos vibrado con los t\u00edtulos de Toni Bou en Trial. Adem\u00e1s, en nuestro equipo contamos con expertos en el mundo de las dos y cuatro ruedas tanto de la calle y las carreteras, como de los circuitos. Periodistas que han trabajado en revistas y publicaciones para hacerte llegar desde rutas y consejos de mantenimiento, a curiosidades y trucos de pilotaje.\",\"sameAs\":[\"https:\\\/\\\/www.facebook.com\\\/BoxRepsol\\\/\",\"https:\\\/\\\/www.instagram.com\\\/box_repsol\\\/\",\"https:\\\/\\\/x.com\\\/https:\\\/\\\/twitter.com\\\/box_repsol\",\"https:\\\/\\\/www.youtube.com\\\/@Boxrepsol\"],\"url\":\"https:\\\/\\\/www.boxrepsol.com\\\/es\\\/author\\\/redaccion-box-repsol\\\/\"}]}<\/script>\n<!-- \/ Yoast SEO plugin. -->","yoast_head_json":{"title":"GP de Valencia MotoGP 2020: ver hoy gratis, horario, TV y opciones online en directo - Box Repsol","description":"El Mundial de Motociclismo se retransmite a trav\u00e9s de varias plataformas. \u00bfC\u00f3mo ver gratis el GP de Valencia de MotoGP online y en directo?","canonical":"https:\/\/www.boxrepsol.com\/es\/motogp\/gp-valencia-motogp-2020-ver-gratis\/","og_locale":"es_ES","og_type":"article","og_title":"GP de Valencia MotoGP 2020: ver hoy gratis, horario, TV y opciones online en directo - Box Repsol","og_description":"El Mundial de Motociclismo se retransmite a trav\u00e9s de varias plataformas. \u00bfC\u00f3mo ver gratis el GP de Valencia de MotoGP online y en directo?","og_url":"https:\/\/www.boxrepsol.com\/es\/motogp\/gp-valencia-motogp-2020-ver-gratis\/","og_site_name":"Box Repsol","article_publisher":"https:\/\/www.facebook.com\/BoxRepsol","article_author":"https:\/\/www.facebook.com\/BoxRepsol\/","article_published_time":"2020-11-09T02:00:00+00:00","article_modified_time":"2024-07-30T13:00:26+00:00","og_image":[{"width":1200,"height":600,"url":"https:\/\/bxrepsol.s3.eu-west-1.amazonaws.com\/static\/2022\/08\/09120959\/00_alex_marquez_stefa_bradl_repsol_honda_motogp-2.jpg","type":"image\/jpeg"}],"author":"Redacci\u00f3n Box Repsol","twitter_card":"summary_large_image","twitter_creator":"@https:\/\/twitter.com\/box_repsol","twitter_site":"@box_repsol","twitter_misc":{"Written by":"Redacci\u00f3n Box Repsol","Est. reading time":"4 minutos"},"schema":{"@context":"https:\/\/schema.org","@graph":[{"@type":"Article","@id":"https:\/\/www.boxrepsol.com\/es\/motogp\/gp-valencia-motogp-2020-ver-gratis\/#article","isPartOf":{"@id":"https:\/\/www.boxrepsol.com\/es\/motogp\/gp-valencia-motogp-2020-ver-gratis\/"},"author":{"name":"Redacci\u00f3n Box Repsol","@id":"https:\/\/www.boxrepsol.com\/es\/#\/schema\/person\/c5c2138f2cca251b0ad92b7086bb60b7"},"headline":"GP de Valencia MotoGP 2020: ver hoy gratis, horario, TV y opciones online en directo","datePublished":"2020-11-09T02:00:00+00:00","dateModified":"2024-07-30T13:00:26+00:00","mainEntityOfPage":{"@id":"https:\/\/www.boxrepsol.com\/es\/motogp\/gp-valencia-motogp-2020-ver-gratis\/"},"wordCount":749,"commentCount":0,"publisher":{"@id":"https:\/\/www.boxrepsol.com\/es\/#organization"},"image":{"@id":"https:\/\/www.boxrepsol.com\/es\/motogp\/gp-valencia-motogp-2020-ver-gratis\/#primaryimage"},"thumbnailUrl":"https:\/\/bxrepsol.s3.eu-west-1.amazonaws.com\/static\/2022\/08\/09120959\/00_alex_marquez_stefa_bradl_repsol_honda_motogp-2.jpg","keywords":["2020","MotoGP Valencia"],"articleSection":["MotoGP"],"inLanguage":"es","potentialAction":[{"@type":"CommentAction","name":"Comment","target":["https:\/\/www.boxrepsol.com\/es\/motogp\/gp-valencia-motogp-2020-ver-gratis\/#respond"]}]},{"@type":"WebPage","@id":"https:\/\/www.boxrepsol.com\/es\/motogp\/gp-valencia-motogp-2020-ver-gratis\/","url":"https:\/\/www.boxrepsol.com\/es\/motogp\/gp-valencia-motogp-2020-ver-gratis\/","name":"GP de Valencia MotoGP 2020: ver hoy gratis, horario, TV y opciones online en directo - Box Repsol","isPartOf":{"@id":"https:\/\/www.boxrepsol.com\/es\/#website"},"primaryImageOfPage":{"@id":"https:\/\/www.boxrepsol.com\/es\/motogp\/gp-valencia-motogp-2020-ver-gratis\/#primaryimage"},"image":{"@id":"https:\/\/www.boxrepsol.com\/es\/motogp\/gp-valencia-motogp-2020-ver-gratis\/#primaryimage"},"thumbnailUrl":"https:\/\/bxrepsol.s3.eu-west-1.amazonaws.com\/static\/2022\/08\/09120959\/00_alex_marquez_stefa_bradl_repsol_honda_motogp-2.jpg","datePublished":"2020-11-09T02:00:00+00:00","dateModified":"2024-07-30T13:00:26+00:00","description":"El Mundial de Motociclismo se retransmite a trav\u00e9s de varias plataformas. \u00bfC\u00f3mo ver gratis el GP de Valencia de MotoGP online y en directo?","breadcrumb":{"@id":"https:\/\/www.boxrepsol.com\/es\/motogp\/gp-valencia-motogp-2020-ver-gratis\/#breadcrumb"},"inLanguage":"es","potentialAction":[{"@type":"ReadAction","target":["https:\/\/www.boxrepsol.com\/es\/motogp\/gp-valencia-motogp-2020-ver-gratis\/"]}]},{"@type":"ImageObject","inLanguage":"es","@id":"https:\/\/www.boxrepsol.com\/es\/motogp\/gp-valencia-motogp-2020-ver-gratis\/#primaryimage","url":"https:\/\/bxrepsol.s3.eu-west-1.amazonaws.com\/static\/2022\/08\/09120959\/00_alex_marquez_stefa_bradl_repsol_honda_motogp-2.jpg","contentUrl":"https:\/\/bxrepsol.s3.eu-west-1.amazonaws.com\/static\/2022\/08\/09120959\/00_alex_marquez_stefa_bradl_repsol_honda_motogp-2.jpg","width":1200,"height":600,"caption":"Stefan Bradl y \u00c1lex M\u00e1rquez tomando una curva"},{"@type":"BreadcrumbList","@id":"https:\/\/www.boxrepsol.com\/es\/motogp\/gp-valencia-motogp-2020-ver-gratis\/#breadcrumb","itemListElement":[{"@type":"ListItem","position":1,"name":"Home","item":"https:\/\/www.boxrepsol.com\/es\/"},{"@type":"ListItem","position":2,"name":"GP de Valencia MotoGP 2020: ver hoy gratis, horario, TV y opciones online en directo"}]},{"@type":"WebSite","@id":"https:\/\/www.boxrepsol.com\/es\/#website","url":"https:\/\/www.boxrepsol.com\/es\/","name":"Box Repsol","description":"Box Repsol Site","publisher":{"@id":"https:\/\/www.boxrepsol.com\/es\/#organization"},"potentialAction":[{"@type":"SearchAction","target":{"@type":"EntryPoint","urlTemplate":"https:\/\/www.boxrepsol.com\/es\/?s={search_term_string}"},"query-input":{"@type":"PropertyValueSpecification","valueRequired":true,"valueName":"search_term_string"}}],"inLanguage":"es"},{"@type":"Organization","@id":"https:\/\/www.boxrepsol.com\/es\/#organization","name":"Box Repsol","url":"https:\/\/www.boxrepsol.com\/es\/","logo":{"@type":"ImageObject","inLanguage":"es","@id":"https:\/\/www.boxrepsol.com\/es\/#\/schema\/logo\/image\/","url":"https:\/\/bxrepsol.s3.eu-west-1.amazonaws.com\/static\/2025\/07\/30083337\/favicon-96x96-1.png","contentUrl":"https:\/\/bxrepsol.s3.eu-west-1.amazonaws.com\/static\/2025\/07\/30083337\/favicon-96x96-1.png","width":96,"height":96,"caption":"Box Repsol"},"image":{"@id":"https:\/\/www.boxrepsol.com\/es\/#\/schema\/logo\/image\/"},"sameAs":["https:\/\/www.facebook.com\/BoxRepsol","https:\/\/x.com\/box_repsol","http:\/\/instagram.com\/box_repsol","https:\/\/www.youtube.com\/user\/RepsolCompeticion","https:\/\/www.flickr.com\/photos\/box_repsol\/"]},{"@type":"Person","@id":"https:\/\/www.boxrepsol.com\/es\/#\/schema\/person\/c5c2138f2cca251b0ad92b7086bb60b7","name":"Redacci\u00f3n Box Repsol","image":{"@type":"ImageObject","inLanguage":"es","@id":"https:\/\/secure.gravatar.com\/avatar\/adf7b77e38b4419baf32c7e9c21dde01f4e40df611f0978e3006fc4ba0aaab7e?s=96&d=mm&r=g","url":"https:\/\/secure.gravatar.com\/avatar\/adf7b77e38b4419baf32c7e9c21dde01f4e40df611f0978e3006fc4ba0aaab7e?s=96&d=mm&r=g","contentUrl":"https:\/\/secure.gravatar.com\/avatar\/adf7b77e38b4419baf32c7e9c21dde01f4e40df611f0978e3006fc4ba0aaab7e?s=96&d=mm&r=g","caption":"Redacci\u00f3n Box Repsol"},"description":"Box Repsol lo forma un equipo de periodistas, community managers, dise\u00f1adores y fot\u00f3grafos con m\u00e1s de 20 a\u00f1os de experiencia en el mundo del motorsport. Hemos vivido el primer mundial de un espa\u00f1ol en la categor\u00eda reina de motociclismo con \u00c1lex Crivill\u00e9, estuvimos en las victorias de Pedrosa y los t\u00edtulos de M\u00e1rquez, acompa\u00f1amos en \u00c1frica a Nani Roma y Marc Coma en sus conquistas del Dakar y hemos vibrado con los t\u00edtulos de Toni Bou en Trial. Adem\u00e1s, en nuestro equipo contamos con expertos en el mundo de las dos y cuatro ruedas tanto de la calle y las carreteras, como de los circuitos. Periodistas que han trabajado en revistas y publicaciones para hacerte llegar desde rutas y consejos de mantenimiento, a curiosidades y trucos de pilotaje.","sameAs":["https:\/\/www.facebook.com\/BoxRepsol\/","https:\/\/www.instagram.com\/box_repsol\/","https:\/\/x.com\/https:\/\/twitter.com\/box_repsol","https:\/\/www.youtube.com\/@Boxrepsol"],"url":"https:\/\/www.boxrepsol.com\/es\/author\/redaccion-box-repsol\/"}]}},"_links":{"self":[{"href":"https:\/\/www.boxrepsol.com\/es\/wp-json\/wp\/v2\/posts\/94730","targetHints":{"allow":["GET"]}}],"collection":[{"href":"https:\/\/www.boxrepsol.com\/es\/wp-json\/wp\/v2\/posts"}],"about":[{"href":"https:\/\/www.boxrepsol.com\/es\/wp-json\/wp\/v2\/types\/post"}],"author":[{"embeddable":true,"href":"https:\/\/www.boxrepsol.com\/es\/wp-json\/wp\/v2\/users\/43146"}],"replies":[{"embeddable":true,"href":"https:\/\/www.boxrepsol.com\/es\/wp-json\/wp\/v2\/comments?post=94730"}],"version-history":[{"count":2,"href":"https:\/\/www.boxrepsol.com\/es\/wp-json\/wp\/v2\/posts\/94730\/revisions"}],"predecessor-version":[{"id":117975,"href":"https:\/\/www.boxrepsol.com\/es\/wp-json\/wp\/v2\/posts\/94730\/revisions\/117975"}],"wp:featuredmedia":[{"embeddable":true,"href":"https:\/\/www.boxrepsol.com\/es\/wp-json\/wp\/v2\/media\/41473"}],"wp:attachment":[{"href":"https:\/\/www.boxrepsol.com\/es\/wp-json\/wp\/v2\/media?parent=94730"}],"wp:term":[{"taxonomy":"category","embeddable":true,"href":"https:\/\/www.boxrepsol.com\/es\/wp-json\/wp\/v2\/categories?post=94730"},{"taxonomy":"post_tag","embeddable":true,"href":"https:\/\/www.boxrepsol.com\/es\/wp-json\/wp\/v2\/tags?post=94730"}],"curies":[{"name":"wp","href":"https:\/\/api.w.org\/{rel}","templated":true}]}}