{"id":94716,"date":"2020-11-02T00:00:00","date_gmt":"2020-11-02T02:00:00","guid":{"rendered":"http:\/\/pre.boxrepsol.com\/sin-categorizar\/guevara-montella-alonso-campeones-fim-cev-repsol-2020\/"},"modified":"2024-04-19T07:07:39","modified_gmt":"2024-04-19T09:07:39","slug":"guevara-montella-alonso-campeones-fim-cev-repsol-2020","status":"publish","type":"post","link":"https:\/\/www.boxrepsol.com\/es\/sin-categorizar\/guevara-montella-alonso-campeones-fim-cev-repsol-2020\/","title":{"rendered":"Izan Guevara, Yari Montella y David Alonso, Campeones del FIM CEV Repsol 2020"},"content":{"rendered":"<p>El <strong>FIM CEV Repsol de Valencia<\/strong> ha reservado dosis de emoci\u00f3n hasta la \u00faltima carrera del d\u00eda. Si ayer se proclamaron campeones<strong> David Alonso<\/strong>, en la European Talent Talent Cup, y <strong>Yari Montella<\/strong>, en el Moto2 European Championship, hoy el t\u00edtulo del FIM Moto3 Junior World Championship no se ha decidido hasta la \u00faltima vuelta de la \u00faltima carrera del a\u00f1o. Finalmente, ha sido<strong> Izan Guevara <\/strong>quien se ha alzado con el t\u00edtulo por delante de su rival <strong>Xavi Artigas<\/strong>, que llegaba l\u00edder a esta cita. <\/p>\n<p>En la carrera del s\u00e1bado,<strong> Xavi Artigas <\/strong>sufri\u00f3 un problema en su moto en la parrilla de salida y tuvo que arrancar desde pit lane. Algo que aprovech\u00f3 a la perfecci\u00f3n su rival<strong> Izan Guevara<\/strong> que sum\u00f3 su quinta victoria del a\u00f1o y se coloc\u00f3 l\u00edder del FIM Moto3 Junior World Championship. Una posici\u00f3n que ha sabido defender con dos terceras posiciones en las dos carreras de hoy, que le han permitido alzarse como Campe\u00f3n de la categor\u00eda. Como algunos de sus compa\u00f1eros, ambos pilotos est\u00e1n ya confirmados como pilotos del Mundial de Motociclismo para la pr\u00f3xima temporada, lo que confirma al FIM CEV Repsol como la perfecta cantera del Campeonato del Mundo.<\/p>\n<p>En el Moto2 European Championship, al italiano <strong>Yari Montella<\/strong> le bast\u00f3 con un segundo puesto ayer s\u00e1bado para convertirse en el Campe\u00f3n de esta edici\u00f3n, tras completar una carrera inteligente pensando en el campeonato.<strong> Alessandro Zaccone<\/strong> fue el ganador de esta primera carrera logrando as\u00ed su tercera victoria del a\u00f1o. Hoy, el ya Campe\u00f3n <strong>Yari Montella<\/strong> ha puesto el broche final a una temporada redonda consiguiendo una nueva victoria, la octava de la temporada. <\/p>\n<p>Al igual que en Moto2, <strong>David Alonso<\/strong> se proclam\u00f3 Campe\u00f3n de la European Talent Cup el s\u00e1bado. El piloto colombiano lo hizo subiendo a lo m\u00e1s alto del podio en la primera carrera del fin de semana. Hoy domingo, Alonso ha vuelto al caj\u00f3n en la segunda posici\u00f3n en una carrera protagonizada por<strong> Marcos Ruda<\/strong>, que ha sumado su primera victoria en esta categor\u00eda. <\/p>\n<p>                    <a\n                        href=\"https:\/\/bxrepsol.s3.eu-west-1.amazonaws.com\/static\/2022\/08\/05075810\/fim_valencia_01.jpg\"\n                        data-index=\"0\"\n                    ><br \/>\n                        <img decoding=\"async\"\n                            src=\"https:\/\/bxrepsol.s3.eu-west-1.amazonaws.com\/static\/2022\/08\/05075810\/fim_valencia_01.jpg\"\n                            srcset=\"https:\/\/bxrepsol.s3.eu-west-1.amazonaws.com\/static\/2022\/08\/05075810\/fim_valencia_01.jpg 1000w, https:\/\/bxrepsol.s3.eu-west-1.amazonaws.com\/static\/2022\/08\/05075810\/fim_valencia_01.jpg 900w, https:\/\/bxrepsol.s3.eu-west-1.amazonaws.com\/static\/2022\/08\/05075810\/fim_valencia_01.jpg 600w, https:\/\/bxrepsol.s3.eu-west-1.amazonaws.com\/static\/2022\/08\/05075810\/fim_valencia_01.jpg 480w, https:\/\/bxrepsol.s3.eu-west-1.amazonaws.com\/static\/2022\/08\/05075810\/fim_valencia_01.jpg 32w\"\n                            title=\"Fim Cev Repsol Valencia 2020\"\n                            alt=\"Fim Cev Repsol Valencia 2020\"\n                            data-title=\"\"><br \/>\n                    <\/a><br \/>\n                    <a\n                        href=\"https:\/\/bxrepsol.s3.eu-west-1.amazonaws.com\/static\/2022\/08\/05075811\/fim_valencia_02.jpg\"\n                        data-index=\"1\"\n                    ><br \/>\n                        <img decoding=\"async\"\n                            src=\"https:\/\/bxrepsol.s3.eu-west-1.amazonaws.com\/static\/2022\/08\/05075811\/fim_valencia_02.jpg\"\n                            srcset=\"https:\/\/bxrepsol.s3.eu-west-1.amazonaws.com\/static\/2022\/08\/05075811\/fim_valencia_02.jpg 1250w, https:\/\/bxrepsol.s3.eu-west-1.amazonaws.com\/static\/2022\/08\/05075811\/fim_valencia_02.jpg 900w, https:\/\/bxrepsol.s3.eu-west-1.amazonaws.com\/static\/2022\/08\/05075811\/fim_valencia_02.jpg 600w, https:\/\/bxrepsol.s3.eu-west-1.amazonaws.com\/static\/2022\/08\/05075811\/fim_valencia_02.jpg 480w, https:\/\/bxrepsol.s3.eu-west-1.amazonaws.com\/static\/2022\/08\/05075811\/fim_valencia_02.jpg 32w\"\n                            title=\"Fim Cev Repsol Valencia 2020\"\n                            alt=\"Fim Cev Repsol Valencia 2020\"\n                            data-title=\"\"><br \/>\n                    <\/a><br \/>\n                    <a\n                        href=\"https:\/\/bxrepsol.s3.eu-west-1.amazonaws.com\/static\/2022\/08\/05075812\/fim_valencia_03.jpg\"\n                        data-index=\"2\"\n                    ><br \/>\n                        <img decoding=\"async\"\n                            src=\"https:\/\/bxrepsol.s3.eu-west-1.amazonaws.com\/static\/2022\/08\/05075812\/fim_valencia_03.jpg\"\n                            srcset=\"https:\/\/bxrepsol.s3.eu-west-1.amazonaws.com\/static\/2022\/08\/05075812\/fim_valencia_03.jpg 1250w, https:\/\/bxrepsol.s3.eu-west-1.amazonaws.com\/static\/2022\/08\/05075812\/fim_valencia_03.jpg 900w, https:\/\/bxrepsol.s3.eu-west-1.amazonaws.com\/static\/2022\/08\/05075812\/fim_valencia_03.jpg 600w, https:\/\/bxrepsol.s3.eu-west-1.amazonaws.com\/static\/2022\/08\/05075812\/fim_valencia_03.jpg 480w, https:\/\/bxrepsol.s3.eu-west-1.amazonaws.com\/static\/2022\/08\/05075812\/fim_valencia_03.jpg 32w\"\n                            title=\"Fim Cev Repsol Valencia 2020\"\n                            alt=\"Fim Cev Repsol Valencia 2020\"\n                            data-title=\"\"><br \/>\n                    <\/a><br \/>\n                    <a\n                        href=\"https:\/\/bxrepsol.s3.eu-west-1.amazonaws.com\/static\/2022\/08\/05075813\/fim_valencia_04.jpg\"\n                        data-index=\"3\"\n                    ><br \/>\n                        <img decoding=\"async\"\n                            src=\"https:\/\/bxrepsol.s3.eu-west-1.amazonaws.com\/static\/2022\/08\/05075813\/fim_valencia_04.jpg\"\n                            srcset=\"https:\/\/bxrepsol.s3.eu-west-1.amazonaws.com\/static\/2022\/08\/05075813\/fim_valencia_04.jpg 1250w, https:\/\/bxrepsol.s3.eu-west-1.amazonaws.com\/static\/2022\/08\/05075813\/fim_valencia_04.jpg 900w, https:\/\/bxrepsol.s3.eu-west-1.amazonaws.com\/static\/2022\/08\/05075813\/fim_valencia_04.jpg 600w, https:\/\/bxrepsol.s3.eu-west-1.amazonaws.com\/static\/2022\/08\/05075813\/fim_valencia_04.jpg 480w, https:\/\/bxrepsol.s3.eu-west-1.amazonaws.com\/static\/2022\/08\/05075813\/fim_valencia_04.jpg 32w\"\n                            title=\"Fim Cev Repsol Valencia 2020\"\n                            alt=\"Fim Cev Repsol Valencia 2020\"\n                            data-title=\"\"><br \/>\n                    <\/a><br \/>\n                    <a\n                        href=\"https:\/\/bxrepsol.s3.eu-west-1.amazonaws.com\/static\/2022\/08\/05075814\/fim_valencia_05.jpg\"\n                        data-index=\"4\"\n                    ><br \/>\n                        <img decoding=\"async\"\n                            src=\"https:\/\/bxrepsol.s3.eu-west-1.amazonaws.com\/static\/2022\/08\/05075814\/fim_valencia_05.jpg\"\n                            srcset=\"https:\/\/bxrepsol.s3.eu-west-1.amazonaws.com\/static\/2022\/08\/05075814\/fim_valencia_05.jpg 1250w, https:\/\/bxrepsol.s3.eu-west-1.amazonaws.com\/static\/2022\/08\/05075814\/fim_valencia_05.jpg 900w, https:\/\/bxrepsol.s3.eu-west-1.amazonaws.com\/static\/2022\/08\/05075814\/fim_valencia_05.jpg 600w, https:\/\/bxrepsol.s3.eu-west-1.amazonaws.com\/static\/2022\/08\/05075814\/fim_valencia_05.jpg 480w, https:\/\/bxrepsol.s3.eu-west-1.amazonaws.com\/static\/2022\/08\/05075814\/fim_valencia_05.jpg 32w\"\n                            title=\"Fim Cev Repsol Valencia 2020\"\n                            alt=\"Fim Cev Repsol Valencia 2020\"\n                            data-title=\"\"><br \/>\n                    <\/a><br \/>\n        <button data-glide-dir=\"<\"><br \/>\n            <svg role=\"img\"  viewBox=\"0 0 256 512\">\n                <path fill=\"currentColor\" d=\"M238.475 475.535l7.071-7.07c4.686-4.686 4.686-12.284 0-16.971L50.053 256 245.546 60.506c4.686-4.686 4.686-12.284 0-16.971l-7.071-7.07c-4.686-4.686-12.284-4.686-16.97 0L10.454 247.515c-4.686 4.686-4.686 12.284 0 16.971l211.051 211.05c4.686 4.686 12.284 4.686 16.97-.001z\"><\/path>\n            <\/svg><br \/>\n        <\/button><br \/>\n        <button data-glide-dir=\">\u00ab><br \/>\n            <svg role=\"img\"  viewBox=\"0 0 256 512\">\n                <path fill=\"currentColor\" d=\"M17.525 36.465l-7.071 7.07c-4.686 4.686-4.686 12.284 0 16.971L205.947 256 10.454 451.494c-4.686 4.686-4.686 12.284 0 16.971l7.071 7.07c4.686 4.686 12.284 4.686 16.97 0l211.051-211.05c4.686-4.686 4.686-12.284 0-16.971L34.495 36.465c-4.686-4.687-12.284-4.687-16.97 0z\"><\/path>\n            <\/svg><br \/>\n        <\/button><\/p>\n<h3>Izan Guevara &#8211; (S\u00e1bado) Ganador Carrera FIM Moto3 Junior World Championship<\/h3>\n<p><em>\u201cHa sido una carrera muy r\u00e1pida. Estoy muy contento porque hemos sacado unos puntos importantes para el campeonato. No tengo palabras para poder agradecer a mi equipo todo el apoyo que me dan cada d\u00eda, y sobre todo a Nico Terol\u201d.<\/em><\/p>\n<hr\/>\n<h3>Pedro Acosta &#8211; (Domingo) Ganador Carrera 1 FIM Moto3 Junior World Championship<\/h3>\n<p><em>\u00abHa sido incre\u00edble. En Jerez y MotorLand trabajamos muy duro, pero no conseguimos este resultado. S\u00f3lo puedo decir gracias a todo el equipo, a Jonathan, a Jordi, \u00d3scar\u2026 A mis mec\u00e1nicos porque han trabajado muy duro para que yo pueda estar aqu\u00ed\u00bb.<\/em><\/p>\n<hr\/>\n<h3>Pedro Acosta &#8211; (Domingo) Ganador Carrera 2 FIM Moto3 Junior Moto3 World Championship<\/h3>\n<p><em>\u00abEl principio de la temporada fue bastante bien, pero despu\u00e9s no tuvimos la misma suerte. Terminar con dos victorias la temporada es incre\u00edble para el equipo porque han trabajado muy duro para conseguir todo esto, y s\u00f3lo tengo palabras de agradecimiento para ellos, y tambi\u00e9n para la familia de Andreas P\u00e9rez y sobre todo para \u00e9l\u00bb.<\/em><\/p>\n<hr\/>\n<h3>Izan Guevara &#8211; (Domingo) Campe\u00f3n del FIM Moto3 Junior World Championship<\/h3>\n<p><em>\u00abNo me lo puedo creer. Si me llegan a decir que ser\u00eda campe\u00f3n en mi primer a\u00f1o en Moto3 no me lo habr\u00eda cre\u00eddo. Ha sido una carrera muy luchada. Adem\u00e1s me he tocado con alguien en una de las primeras vueltas y eso ha hecho que me retrasara, pero he conseguido llegar al grupo delantero y luchar hasta la \u00faltima curva. Es incre\u00edble ser campe\u00f3n y estoy muy contento\u00bb.<\/em><\/p>\n<hr\/>\n<h3>Alessandro Zaccone &#8211; (S\u00e1bado) Ganador Carrera Moto2 European Championship<\/h3>\n<p><em>\u00abEstoy muy contento porque en la primera parte del campeonato no me sent\u00eda demasiado bien con la moto, pero ahora hemos dado un paso importante hacia delante porque estamos luchando por victorias. El viernes tuvimos una sensaci\u00f3n extra\u00f1a con los neum\u00e1ticos y por eso no pudimos hacer una buena clasificaci\u00f3n. Mi equipo ha trabajado muy duro hoy para mejorar eso, y me he sentido muy bien, as\u00ed que quiero agradec\u00e9rselo a mi equipo. Estoy muy feliz por la victoria\u00bb.<\/em><\/p>\n<hr\/>\n<h3>Yari Montella &#8211; (S\u00e1bado) Campe\u00f3n del Moto2 European Championship<\/h3>\n<p><em>\u00abEstoy muy contento por haber ganado el campeonato, pero no por no conseguir la victoria. Ha sido una carrera un poco extra\u00f1a porque he tenido un problema con el neum\u00e1tico trasero, ya que lo notaba diferente. Es algo que tenemos que trabajar para la siguiente carrera. Sin embargo, estoy content\u00edsimo por ganar el campeonato. Todo esto es gracias al trabajo de mi equipo, el apoyo de mi familia, as\u00ed que quiero agradec\u00e9rselo a todos ellos\u00bb.<\/em><\/p>\n<hr\/>\n<h3>\nYari Montella &#8211; (Domingo) Ganador Carrera Moto2 European Championship<\/h3>\n<p><em>\u00abEstoy muy contento. La carrera ha sido muy dura porque intentaba escaparme, pero en todas las vueltas ve\u00eda +0 en mi pizarra y no pod\u00eda dejar atr\u00e1s a mis rivales. Pero igualmente he empujado mucho durante todas las vueltas y al final he podido llevarme la carrera. Estoy feliz y quiero dar las gracias a mi equipo y a mi familia\u00bb.<\/em><\/p>\n<hr\/>\n<h3>David Alonso &#8211; (S\u00e1bado) Ganador Carrera 1 y Campe\u00f3n de la European Talent Cup<\/h3>\n<p><em>\u00abEstoy muy contento de ganar el campeonato. Sobre todo al haberlo hecho consiguiendo la victoria que es lo que yo quer\u00eda. Ha sido dif\u00edcil, ya que sal\u00eda desde la decimoquinta plaza por una sanci\u00f3n. La carrera ha sido muy r\u00e1pida y los pilotos estaban muy fuertes, pero nos hemos mantenido en la primera y segunda posici\u00f3n en las \u00faltimas vueltas, y de esta forma he podido adelantar en la \u00faltima curva y llevarme la carrera. Ha sido un a\u00f1o magn\u00edfico con 5 victorias y 4 segundos. Quiero dar las gracias al equipo porque han hecho un trabajo incre\u00edble ya que la moto iba perfecta en esta carrera. Ahora ya podemos disfrutar de la \u00faltima porque ya tenemos el campeonato en nuestras manos\u00bb.<\/em><\/p>\n<hr\/>\n<h3>Marcos Ruda &#8211; (Domingo) Ganador Carrera European Talent Cup<\/h3>\n<p><em>\u00abEstoy muy contento por esta victoria porque este a\u00f1o hemos sufrido. Desde la pole hemos sabido controlar bien la carrera y al final hemos podido sacar un poco de hueco. Estoy muy contento y quiero agradecer esta victoria a todos los que me apoyan\u00bb.<\/em><\/p>\n","protected":false},"excerpt":{"rendered":"<p>Guevara y Acosta se reparten las victorias en el FIM Moto3 Junior World Championship, Alonso y Ruda en la European Talent Cup y Zaccone y Montella en el Moto2 European Championship.<\/p>\n","protected":false},"author":43146,"featured_media":41385,"comment_status":"open","ping_status":"open","sticky":false,"template":"","format":"standard","meta":{"footnotes":""},"categories":[1],"tags":[191,130],"class_list":["post-94716","post","type-post","status-publish","format-standard","hentry","category-sin-categorizar","tag-191","tag-otros-eventos-y-competiciones"],"yoast_head":"<!-- This site is optimized with the Yoast SEO plugin v27.3 - https:\/\/yoast.com\/product\/yoast-seo-wordpress\/ -->\n<title>Izan Guevara, Yari Montella y David Alonso, Campeones del FIM CEV Repsol 2020 - Box Repsol<\/title>\n<link rel=\"canonical\" href=\"https:\/\/www.boxrepsol.com\/es\/sin-categorizar\/guevara-montella-alonso-campeones-fim-cev-repsol-2020\/\" \/>\n<meta property=\"og:locale\" content=\"es_ES\" \/>\n<meta property=\"og:type\" content=\"article\" \/>\n<meta property=\"og:title\" content=\"Izan Guevara, Yari Montella y David Alonso, Campeones del FIM CEV Repsol 2020 - Box Repsol\" \/>\n<meta property=\"og:description\" content=\"Guevara y Acosta se reparten las victorias en el FIM Moto3 Junior World Championship, Alonso y Ruda en la European Talent Cup y Zaccone y Montella en el Moto2 European Championship.\" \/>\n<meta property=\"og:url\" content=\"https:\/\/www.boxrepsol.com\/es\/sin-categorizar\/guevara-montella-alonso-campeones-fim-cev-repsol-2020\/\" \/>\n<meta property=\"og:site_name\" content=\"Box Repsol\" \/>\n<meta property=\"article:publisher\" content=\"https:\/\/www.facebook.com\/BoxRepsol\" \/>\n<meta property=\"article:author\" content=\"https:\/\/www.facebook.com\/BoxRepsol\/\" \/>\n<meta property=\"article:published_time\" content=\"2020-11-02T02:00:00+00:00\" \/>\n<meta property=\"article:modified_time\" content=\"2024-04-19T09:07:39+00:00\" \/>\n<meta property=\"og:image\" content=\"https:\/\/bxrepsol.s3.eu-west-1.amazonaws.com\/static\/2022\/08\/09120908\/ganadores_fim_Cev_repsol_2020.jpg\" \/>\n\t<meta property=\"og:image:width\" content=\"1200\" \/>\n\t<meta property=\"og:image:height\" content=\"600\" \/>\n\t<meta property=\"og:image:type\" content=\"image\/jpeg\" \/>\n<meta name=\"author\" content=\"Redacci\u00f3n Box Repsol\" \/>\n<meta name=\"twitter:card\" content=\"summary_large_image\" \/>\n<meta name=\"twitter:creator\" content=\"@https:\/\/twitter.com\/box_repsol\" \/>\n<meta name=\"twitter:site\" content=\"@box_repsol\" \/>\n<meta name=\"twitter:label1\" content=\"Written by\" \/>\n\t<meta name=\"twitter:data1\" content=\"Redacci\u00f3n Box Repsol\" \/>\n\t<meta name=\"twitter:label2\" content=\"Est. reading time\" \/>\n\t<meta name=\"twitter:data2\" content=\"5 minutos\" \/>\n<script type=\"application\/ld+json\" class=\"yoast-schema-graph\">{\"@context\":\"https:\\\/\\\/schema.org\",\"@graph\":[{\"@type\":\"Article\",\"@id\":\"https:\\\/\\\/www.boxrepsol.com\\\/es\\\/sin-categorizar\\\/guevara-montella-alonso-campeones-fim-cev-repsol-2020\\\/#article\",\"isPartOf\":{\"@id\":\"https:\\\/\\\/www.boxrepsol.com\\\/es\\\/sin-categorizar\\\/guevara-montella-alonso-campeones-fim-cev-repsol-2020\\\/\"},\"author\":{\"name\":\"Redacci\u00f3n Box Repsol\",\"@id\":\"https:\\\/\\\/www.boxrepsol.com\\\/es\\\/#\\\/schema\\\/person\\\/c5c2138f2cca251b0ad92b7086bb60b7\"},\"headline\":\"Izan Guevara, Yari Montella y David Alonso, Campeones del FIM CEV Repsol 2020\",\"datePublished\":\"2020-11-02T02:00:00+00:00\",\"dateModified\":\"2024-04-19T09:07:39+00:00\",\"mainEntityOfPage\":{\"@id\":\"https:\\\/\\\/www.boxrepsol.com\\\/es\\\/sin-categorizar\\\/guevara-montella-alonso-campeones-fim-cev-repsol-2020\\\/\"},\"wordCount\":1105,\"commentCount\":0,\"publisher\":{\"@id\":\"https:\\\/\\\/www.boxrepsol.com\\\/es\\\/#organization\"},\"image\":{\"@id\":\"https:\\\/\\\/www.boxrepsol.com\\\/es\\\/sin-categorizar\\\/guevara-montella-alonso-campeones-fim-cev-repsol-2020\\\/#primaryimage\"},\"thumbnailUrl\":\"https:\\\/\\\/bxrepsol.s3.eu-west-1.amazonaws.com\\\/static\\\/2022\\\/08\\\/09120908\\\/ganadores_fim_Cev_repsol_2020.jpg\",\"keywords\":[\"2020\",\"otros eventos y competiciones\"],\"articleSection\":[\"Sin categorizar\"],\"inLanguage\":\"es\",\"potentialAction\":[{\"@type\":\"CommentAction\",\"name\":\"Comment\",\"target\":[\"https:\\\/\\\/www.boxrepsol.com\\\/es\\\/sin-categorizar\\\/guevara-montella-alonso-campeones-fim-cev-repsol-2020\\\/#respond\"]}]},{\"@type\":\"WebPage\",\"@id\":\"https:\\\/\\\/www.boxrepsol.com\\\/es\\\/sin-categorizar\\\/guevara-montella-alonso-campeones-fim-cev-repsol-2020\\\/\",\"url\":\"https:\\\/\\\/www.boxrepsol.com\\\/es\\\/sin-categorizar\\\/guevara-montella-alonso-campeones-fim-cev-repsol-2020\\\/\",\"name\":\"Izan Guevara, Yari Montella y David Alonso, Campeones del FIM CEV Repsol 2020 - Box Repsol\",\"isPartOf\":{\"@id\":\"https:\\\/\\\/www.boxrepsol.com\\\/es\\\/#website\"},\"primaryImageOfPage\":{\"@id\":\"https:\\\/\\\/www.boxrepsol.com\\\/es\\\/sin-categorizar\\\/guevara-montella-alonso-campeones-fim-cev-repsol-2020\\\/#primaryimage\"},\"image\":{\"@id\":\"https:\\\/\\\/www.boxrepsol.com\\\/es\\\/sin-categorizar\\\/guevara-montella-alonso-campeones-fim-cev-repsol-2020\\\/#primaryimage\"},\"thumbnailUrl\":\"https:\\\/\\\/bxrepsol.s3.eu-west-1.amazonaws.com\\\/static\\\/2022\\\/08\\\/09120908\\\/ganadores_fim_Cev_repsol_2020.jpg\",\"datePublished\":\"2020-11-02T02:00:00+00:00\",\"dateModified\":\"2024-04-19T09:07:39+00:00\",\"breadcrumb\":{\"@id\":\"https:\\\/\\\/www.boxrepsol.com\\\/es\\\/sin-categorizar\\\/guevara-montella-alonso-campeones-fim-cev-repsol-2020\\\/#breadcrumb\"},\"inLanguage\":\"es\",\"potentialAction\":[{\"@type\":\"ReadAction\",\"target\":[\"https:\\\/\\\/www.boxrepsol.com\\\/es\\\/sin-categorizar\\\/guevara-montella-alonso-campeones-fim-cev-repsol-2020\\\/\"]}]},{\"@type\":\"ImageObject\",\"inLanguage\":\"es\",\"@id\":\"https:\\\/\\\/www.boxrepsol.com\\\/es\\\/sin-categorizar\\\/guevara-montella-alonso-campeones-fim-cev-repsol-2020\\\/#primaryimage\",\"url\":\"https:\\\/\\\/bxrepsol.s3.eu-west-1.amazonaws.com\\\/static\\\/2022\\\/08\\\/09120908\\\/ganadores_fim_Cev_repsol_2020.jpg\",\"contentUrl\":\"https:\\\/\\\/bxrepsol.s3.eu-west-1.amazonaws.com\\\/static\\\/2022\\\/08\\\/09120908\\\/ganadores_fim_Cev_repsol_2020.jpg\",\"width\":1200,\"height\":600,\"caption\":\"Ganadores del FIM CEV Repsol\"},{\"@type\":\"BreadcrumbList\",\"@id\":\"https:\\\/\\\/www.boxrepsol.com\\\/es\\\/sin-categorizar\\\/guevara-montella-alonso-campeones-fim-cev-repsol-2020\\\/#breadcrumb\",\"itemListElement\":[{\"@type\":\"ListItem\",\"position\":1,\"name\":\"Home\",\"item\":\"https:\\\/\\\/www.boxrepsol.com\\\/es\\\/\"},{\"@type\":\"ListItem\",\"position\":2,\"name\":\"Izan Guevara, Yari Montella y David Alonso, Campeones del FIM CEV Repsol 2020\"}]},{\"@type\":\"WebSite\",\"@id\":\"https:\\\/\\\/www.boxrepsol.com\\\/es\\\/#website\",\"url\":\"https:\\\/\\\/www.boxrepsol.com\\\/es\\\/\",\"name\":\"Box Repsol\",\"description\":\"Box Repsol Site\",\"publisher\":{\"@id\":\"https:\\\/\\\/www.boxrepsol.com\\\/es\\\/#organization\"},\"potentialAction\":[{\"@type\":\"SearchAction\",\"target\":{\"@type\":\"EntryPoint\",\"urlTemplate\":\"https:\\\/\\\/www.boxrepsol.com\\\/es\\\/?s={search_term_string}\"},\"query-input\":{\"@type\":\"PropertyValueSpecification\",\"valueRequired\":true,\"valueName\":\"search_term_string\"}}],\"inLanguage\":\"es\"},{\"@type\":\"Organization\",\"@id\":\"https:\\\/\\\/www.boxrepsol.com\\\/es\\\/#organization\",\"name\":\"Box Repsol\",\"url\":\"https:\\\/\\\/www.boxrepsol.com\\\/es\\\/\",\"logo\":{\"@type\":\"ImageObject\",\"inLanguage\":\"es\",\"@id\":\"https:\\\/\\\/www.boxrepsol.com\\\/es\\\/#\\\/schema\\\/logo\\\/image\\\/\",\"url\":\"https:\\\/\\\/bxrepsol.s3.eu-west-1.amazonaws.com\\\/static\\\/2025\\\/07\\\/30083337\\\/favicon-96x96-1.png\",\"contentUrl\":\"https:\\\/\\\/bxrepsol.s3.eu-west-1.amazonaws.com\\\/static\\\/2025\\\/07\\\/30083337\\\/favicon-96x96-1.png\",\"width\":96,\"height\":96,\"caption\":\"Box Repsol\"},\"image\":{\"@id\":\"https:\\\/\\\/www.boxrepsol.com\\\/es\\\/#\\\/schema\\\/logo\\\/image\\\/\"},\"sameAs\":[\"https:\\\/\\\/www.facebook.com\\\/BoxRepsol\",\"https:\\\/\\\/x.com\\\/box_repsol\",\"http:\\\/\\\/instagram.com\\\/box_repsol\",\"https:\\\/\\\/www.youtube.com\\\/user\\\/RepsolCompeticion\",\"https:\\\/\\\/www.flickr.com\\\/photos\\\/box_repsol\\\/\"]},{\"@type\":\"Person\",\"@id\":\"https:\\\/\\\/www.boxrepsol.com\\\/es\\\/#\\\/schema\\\/person\\\/c5c2138f2cca251b0ad92b7086bb60b7\",\"name\":\"Redacci\u00f3n Box Repsol\",\"image\":{\"@type\":\"ImageObject\",\"inLanguage\":\"es\",\"@id\":\"https:\\\/\\\/secure.gravatar.com\\\/avatar\\\/adf7b77e38b4419baf32c7e9c21dde01f4e40df611f0978e3006fc4ba0aaab7e?s=96&d=mm&r=g\",\"url\":\"https:\\\/\\\/secure.gravatar.com\\\/avatar\\\/adf7b77e38b4419baf32c7e9c21dde01f4e40df611f0978e3006fc4ba0aaab7e?s=96&d=mm&r=g\",\"contentUrl\":\"https:\\\/\\\/secure.gravatar.com\\\/avatar\\\/adf7b77e38b4419baf32c7e9c21dde01f4e40df611f0978e3006fc4ba0aaab7e?s=96&d=mm&r=g\",\"caption\":\"Redacci\u00f3n Box Repsol\"},\"description\":\"Box Repsol lo forma un equipo de periodistas, community managers, dise\u00f1adores y fot\u00f3grafos con m\u00e1s de 20 a\u00f1os de experiencia en el mundo del motorsport. Hemos vivido el primer mundial de un espa\u00f1ol en la categor\u00eda reina de motociclismo con \u00c1lex Crivill\u00e9, estuvimos en las victorias de Pedrosa y los t\u00edtulos de M\u00e1rquez, acompa\u00f1amos en \u00c1frica a Nani Roma y Marc Coma en sus conquistas del Dakar y hemos vibrado con los t\u00edtulos de Toni Bou en Trial. Adem\u00e1s, en nuestro equipo contamos con expertos en el mundo de las dos y cuatro ruedas tanto de la calle y las carreteras, como de los circuitos. Periodistas que han trabajado en revistas y publicaciones para hacerte llegar desde rutas y consejos de mantenimiento, a curiosidades y trucos de pilotaje.\",\"sameAs\":[\"https:\\\/\\\/www.facebook.com\\\/BoxRepsol\\\/\",\"https:\\\/\\\/www.instagram.com\\\/box_repsol\\\/\",\"https:\\\/\\\/x.com\\\/https:\\\/\\\/twitter.com\\\/box_repsol\",\"https:\\\/\\\/www.youtube.com\\\/@Boxrepsol\"],\"url\":\"https:\\\/\\\/www.boxrepsol.com\\\/es\\\/author\\\/redaccion-box-repsol\\\/\"}]}<\/script>\n<!-- \/ Yoast SEO plugin. -->","yoast_head_json":{"title":"Izan Guevara, Yari Montella y David Alonso, Campeones del FIM CEV Repsol 2020 - Box Repsol","canonical":"https:\/\/www.boxrepsol.com\/es\/sin-categorizar\/guevara-montella-alonso-campeones-fim-cev-repsol-2020\/","og_locale":"es_ES","og_type":"article","og_title":"Izan Guevara, Yari Montella y David Alonso, Campeones del FIM CEV Repsol 2020 - Box Repsol","og_description":"Guevara y Acosta se reparten las victorias en el FIM Moto3 Junior World Championship, Alonso y Ruda en la European Talent Cup y Zaccone y Montella en el Moto2 European Championship.","og_url":"https:\/\/www.boxrepsol.com\/es\/sin-categorizar\/guevara-montella-alonso-campeones-fim-cev-repsol-2020\/","og_site_name":"Box Repsol","article_publisher":"https:\/\/www.facebook.com\/BoxRepsol","article_author":"https:\/\/www.facebook.com\/BoxRepsol\/","article_published_time":"2020-11-02T02:00:00+00:00","article_modified_time":"2024-04-19T09:07:39+00:00","og_image":[{"width":1200,"height":600,"url":"https:\/\/bxrepsol.s3.eu-west-1.amazonaws.com\/static\/2022\/08\/09120908\/ganadores_fim_Cev_repsol_2020.jpg","type":"image\/jpeg"}],"author":"Redacci\u00f3n Box Repsol","twitter_card":"summary_large_image","twitter_creator":"@https:\/\/twitter.com\/box_repsol","twitter_site":"@box_repsol","twitter_misc":{"Written by":"Redacci\u00f3n Box Repsol","Est. reading time":"5 minutos"},"schema":{"@context":"https:\/\/schema.org","@graph":[{"@type":"Article","@id":"https:\/\/www.boxrepsol.com\/es\/sin-categorizar\/guevara-montella-alonso-campeones-fim-cev-repsol-2020\/#article","isPartOf":{"@id":"https:\/\/www.boxrepsol.com\/es\/sin-categorizar\/guevara-montella-alonso-campeones-fim-cev-repsol-2020\/"},"author":{"name":"Redacci\u00f3n Box Repsol","@id":"https:\/\/www.boxrepsol.com\/es\/#\/schema\/person\/c5c2138f2cca251b0ad92b7086bb60b7"},"headline":"Izan Guevara, Yari Montella y David Alonso, Campeones del FIM CEV Repsol 2020","datePublished":"2020-11-02T02:00:00+00:00","dateModified":"2024-04-19T09:07:39+00:00","mainEntityOfPage":{"@id":"https:\/\/www.boxrepsol.com\/es\/sin-categorizar\/guevara-montella-alonso-campeones-fim-cev-repsol-2020\/"},"wordCount":1105,"commentCount":0,"publisher":{"@id":"https:\/\/www.boxrepsol.com\/es\/#organization"},"image":{"@id":"https:\/\/www.boxrepsol.com\/es\/sin-categorizar\/guevara-montella-alonso-campeones-fim-cev-repsol-2020\/#primaryimage"},"thumbnailUrl":"https:\/\/bxrepsol.s3.eu-west-1.amazonaws.com\/static\/2022\/08\/09120908\/ganadores_fim_Cev_repsol_2020.jpg","keywords":["2020","otros eventos y competiciones"],"articleSection":["Sin categorizar"],"inLanguage":"es","potentialAction":[{"@type":"CommentAction","name":"Comment","target":["https:\/\/www.boxrepsol.com\/es\/sin-categorizar\/guevara-montella-alonso-campeones-fim-cev-repsol-2020\/#respond"]}]},{"@type":"WebPage","@id":"https:\/\/www.boxrepsol.com\/es\/sin-categorizar\/guevara-montella-alonso-campeones-fim-cev-repsol-2020\/","url":"https:\/\/www.boxrepsol.com\/es\/sin-categorizar\/guevara-montella-alonso-campeones-fim-cev-repsol-2020\/","name":"Izan Guevara, Yari Montella y David Alonso, Campeones del FIM CEV Repsol 2020 - Box Repsol","isPartOf":{"@id":"https:\/\/www.boxrepsol.com\/es\/#website"},"primaryImageOfPage":{"@id":"https:\/\/www.boxrepsol.com\/es\/sin-categorizar\/guevara-montella-alonso-campeones-fim-cev-repsol-2020\/#primaryimage"},"image":{"@id":"https:\/\/www.boxrepsol.com\/es\/sin-categorizar\/guevara-montella-alonso-campeones-fim-cev-repsol-2020\/#primaryimage"},"thumbnailUrl":"https:\/\/bxrepsol.s3.eu-west-1.amazonaws.com\/static\/2022\/08\/09120908\/ganadores_fim_Cev_repsol_2020.jpg","datePublished":"2020-11-02T02:00:00+00:00","dateModified":"2024-04-19T09:07:39+00:00","breadcrumb":{"@id":"https:\/\/www.boxrepsol.com\/es\/sin-categorizar\/guevara-montella-alonso-campeones-fim-cev-repsol-2020\/#breadcrumb"},"inLanguage":"es","potentialAction":[{"@type":"ReadAction","target":["https:\/\/www.boxrepsol.com\/es\/sin-categorizar\/guevara-montella-alonso-campeones-fim-cev-repsol-2020\/"]}]},{"@type":"ImageObject","inLanguage":"es","@id":"https:\/\/www.boxrepsol.com\/es\/sin-categorizar\/guevara-montella-alonso-campeones-fim-cev-repsol-2020\/#primaryimage","url":"https:\/\/bxrepsol.s3.eu-west-1.amazonaws.com\/static\/2022\/08\/09120908\/ganadores_fim_Cev_repsol_2020.jpg","contentUrl":"https:\/\/bxrepsol.s3.eu-west-1.amazonaws.com\/static\/2022\/08\/09120908\/ganadores_fim_Cev_repsol_2020.jpg","width":1200,"height":600,"caption":"Ganadores del FIM CEV Repsol"},{"@type":"BreadcrumbList","@id":"https:\/\/www.boxrepsol.com\/es\/sin-categorizar\/guevara-montella-alonso-campeones-fim-cev-repsol-2020\/#breadcrumb","itemListElement":[{"@type":"ListItem","position":1,"name":"Home","item":"https:\/\/www.boxrepsol.com\/es\/"},{"@type":"ListItem","position":2,"name":"Izan Guevara, Yari Montella y David Alonso, Campeones del FIM CEV Repsol 2020"}]},{"@type":"WebSite","@id":"https:\/\/www.boxrepsol.com\/es\/#website","url":"https:\/\/www.boxrepsol.com\/es\/","name":"Box Repsol","description":"Box Repsol Site","publisher":{"@id":"https:\/\/www.boxrepsol.com\/es\/#organization"},"potentialAction":[{"@type":"SearchAction","target":{"@type":"EntryPoint","urlTemplate":"https:\/\/www.boxrepsol.com\/es\/?s={search_term_string}"},"query-input":{"@type":"PropertyValueSpecification","valueRequired":true,"valueName":"search_term_string"}}],"inLanguage":"es"},{"@type":"Organization","@id":"https:\/\/www.boxrepsol.com\/es\/#organization","name":"Box Repsol","url":"https:\/\/www.boxrepsol.com\/es\/","logo":{"@type":"ImageObject","inLanguage":"es","@id":"https:\/\/www.boxrepsol.com\/es\/#\/schema\/logo\/image\/","url":"https:\/\/bxrepsol.s3.eu-west-1.amazonaws.com\/static\/2025\/07\/30083337\/favicon-96x96-1.png","contentUrl":"https:\/\/bxrepsol.s3.eu-west-1.amazonaws.com\/static\/2025\/07\/30083337\/favicon-96x96-1.png","width":96,"height":96,"caption":"Box Repsol"},"image":{"@id":"https:\/\/www.boxrepsol.com\/es\/#\/schema\/logo\/image\/"},"sameAs":["https:\/\/www.facebook.com\/BoxRepsol","https:\/\/x.com\/box_repsol","http:\/\/instagram.com\/box_repsol","https:\/\/www.youtube.com\/user\/RepsolCompeticion","https:\/\/www.flickr.com\/photos\/box_repsol\/"]},{"@type":"Person","@id":"https:\/\/www.boxrepsol.com\/es\/#\/schema\/person\/c5c2138f2cca251b0ad92b7086bb60b7","name":"Redacci\u00f3n Box Repsol","image":{"@type":"ImageObject","inLanguage":"es","@id":"https:\/\/secure.gravatar.com\/avatar\/adf7b77e38b4419baf32c7e9c21dde01f4e40df611f0978e3006fc4ba0aaab7e?s=96&d=mm&r=g","url":"https:\/\/secure.gravatar.com\/avatar\/adf7b77e38b4419baf32c7e9c21dde01f4e40df611f0978e3006fc4ba0aaab7e?s=96&d=mm&r=g","contentUrl":"https:\/\/secure.gravatar.com\/avatar\/adf7b77e38b4419baf32c7e9c21dde01f4e40df611f0978e3006fc4ba0aaab7e?s=96&d=mm&r=g","caption":"Redacci\u00f3n Box Repsol"},"description":"Box Repsol lo forma un equipo de periodistas, community managers, dise\u00f1adores y fot\u00f3grafos con m\u00e1s de 20 a\u00f1os de experiencia en el mundo del motorsport. Hemos vivido el primer mundial de un espa\u00f1ol en la categor\u00eda reina de motociclismo con \u00c1lex Crivill\u00e9, estuvimos en las victorias de Pedrosa y los t\u00edtulos de M\u00e1rquez, acompa\u00f1amos en \u00c1frica a Nani Roma y Marc Coma en sus conquistas del Dakar y hemos vibrado con los t\u00edtulos de Toni Bou en Trial. Adem\u00e1s, en nuestro equipo contamos con expertos en el mundo de las dos y cuatro ruedas tanto de la calle y las carreteras, como de los circuitos. Periodistas que han trabajado en revistas y publicaciones para hacerte llegar desde rutas y consejos de mantenimiento, a curiosidades y trucos de pilotaje.","sameAs":["https:\/\/www.facebook.com\/BoxRepsol\/","https:\/\/www.instagram.com\/box_repsol\/","https:\/\/x.com\/https:\/\/twitter.com\/box_repsol","https:\/\/www.youtube.com\/@Boxrepsol"],"url":"https:\/\/www.boxrepsol.com\/es\/author\/redaccion-box-repsol\/"}]}},"_links":{"self":[{"href":"https:\/\/www.boxrepsol.com\/es\/wp-json\/wp\/v2\/posts\/94716","targetHints":{"allow":["GET"]}}],"collection":[{"href":"https:\/\/www.boxrepsol.com\/es\/wp-json\/wp\/v2\/posts"}],"about":[{"href":"https:\/\/www.boxrepsol.com\/es\/wp-json\/wp\/v2\/types\/post"}],"author":[{"embeddable":true,"href":"https:\/\/www.boxrepsol.com\/es\/wp-json\/wp\/v2\/users\/43146"}],"replies":[{"embeddable":true,"href":"https:\/\/www.boxrepsol.com\/es\/wp-json\/wp\/v2\/comments?post=94716"}],"version-history":[{"count":1,"href":"https:\/\/www.boxrepsol.com\/es\/wp-json\/wp\/v2\/posts\/94716\/revisions"}],"predecessor-version":[{"id":94717,"href":"https:\/\/www.boxrepsol.com\/es\/wp-json\/wp\/v2\/posts\/94716\/revisions\/94717"}],"wp:featuredmedia":[{"embeddable":true,"href":"https:\/\/www.boxrepsol.com\/es\/wp-json\/wp\/v2\/media\/41385"}],"wp:attachment":[{"href":"https:\/\/www.boxrepsol.com\/es\/wp-json\/wp\/v2\/media?parent=94716"}],"wp:term":[{"taxonomy":"category","embeddable":true,"href":"https:\/\/www.boxrepsol.com\/es\/wp-json\/wp\/v2\/categories?post=94716"},{"taxonomy":"post_tag","embeddable":true,"href":"https:\/\/www.boxrepsol.com\/es\/wp-json\/wp\/v2\/tags?post=94716"}],"curies":[{"name":"wp","href":"https:\/\/api.w.org\/{rel}","templated":true}]}}