{"id":94710,"date":"2020-10-26T00:00:00","date_gmt":"2020-10-26T02:00:00","guid":{"rendered":"http:\/\/pre.boxrepsol.com\/sin-categorizar\/castor-fantoba-campeon-espana-10o-vez-vuelo-acrobatico\/"},"modified":"2024-04-19T07:06:41","modified_gmt":"2024-04-19T09:06:41","slug":"castor-fantoba-campeon-espana-10o-vez-vuelo-acrobatico","status":"publish","type":"post","link":"https:\/\/www.boxrepsol.com\/es\/bravo3\/castor-fantoba-campeon-espana-10o-vez-vuelo-acrobatico\/","title":{"rendered":"C\u00e1stor Fantoba Campe\u00f3n  de Espa\u00f1a por 10\u00aa vez en Vuelo Acrob\u00e1tico"},"content":{"rendered":"<p>El piloto <strong>C\u00e1stor Fantoba logra por d\u00e9cima vez la medalla de oro en el Campeonato de Espa\u00f1a de Vuelo Acrob\u00e1tico <\/strong>(CEVA) al imponerse en las categor\u00edas de Ilimitado y Freestyle. As\u00ed, el deportista navarro se convierte en el piloto m\u00e1s laureado del vuelo acrob\u00e1tico en Espa\u00f1a.<\/p>\n<p>Durante dos d\u00edas se ha disputado el CEVA 2020 organizado por el Club Acrob\u00e1tico Central y la Real Federaci\u00f3n Aeron\u00e1utica Espa\u00f1ola, que ha estado<strong> marcado por las condiciones meteorol\u00f3gicas<\/strong>, ya que las nubes imped\u00edan el buen desarrollo de la competici\u00f3n en muchos momentos de la prueba. Celebrado a puerta cerrada y con estrictas medidas de seguridad por motivo de la pandemia, el campeonato ha tenido un amplio seguimiento a trav\u00e9s de la emisi\u00f3n en directo que ha ofrecido la web del campeonato (<a href=\"https:\/\/www.ceva.aero\/\" rel=\"noopener\" target=\"_blank\">www.ceva.aero<\/a>), llegando a todos los aficionados de este deporte.<\/p>\n<p>En Ilimitado, la categor\u00eda reina de este deporte, C\u00e1stor Fantoba se ha proclamado Campe\u00f3n de Espa\u00f1a Absoluto <strong>tras alcanzar con su \u00faltimo programa los 7602,1 puntos<\/strong> (80,02%). El segundo puesto ha sido para \u00c1lex Balcells con 4847,9 puntos (51,03%) se situ\u00f3 en segundo puesto y Manuel Coco Rey, como tercero tras registrar 3610,6 puntos (38,00%) completaron el podio final.<\/p>\n<p><strong>El campe\u00f3n de la competici\u00f3n, C\u00e1stor Fantoba ha valorado el triunfo y el CEVA 2020<\/strong>:<em> \u201cHa sido raro no tener, como en otras ediciones al p\u00fablico apoy\u00e1ndonos a pie de pista, pero ajust\u00e1ndonos a la actual situaci\u00f3n hay que pensar siempre, primero en la salud de todos. A\u00fan y todo, me consta que han sido muchos los aficionados que han podido disfrutar de la competici\u00f3n gracias al streaming. En el aspecto deportivo, muy contento de ganar. Este a\u00f1o ha costado m\u00e1s porque las condiciones no han sido las id\u00f3neas y los compa\u00f1eros lo han hecho tambi\u00e9n muy bien\u201d<\/em>.<\/p>\n<p><a href=\"https:\/\/bxrepsol.s3.eu-west-1.amazonaws.com\/static\/2022\/08\/09120836\/Pilotos-CEVA-2020-2.jpeg\" \n   title=\"Los pilotos participantes en el CEVA posando\" \n   data-gallery-thumbnail=\"https:\/\/bxrepsol.s3.eu-west-1.amazonaws.com\/static\/2022\/08\/09120836\/Pilotos-CEVA-2020-2.jpeg\"\n   data-gallery-title=\"\"\n   data-gallery><\/p>\n<figure>\n        <picture style=\"padding-bottom: 87.3046875%; background-image: url(https:\/\/bxrepsol.s3.eu-west-1.amazonaws.com\/static\/2022\/08\/09120836\/Pilotos-CEVA-2020-2.jpeg);\">\n            <img decoding=\"async\" src=\"https:\/\/bxrepsol.s3.eu-west-1.amazonaws.com\/static\/2022\/08\/09120836\/Pilotos-CEVA-2020-2.jpeg\"><br \/>\n            <img itemprop=\"image\"\n                data-srcset=\"https:\/\/bxrepsol.s3.eu-west-1.amazonaws.com\/static\/2022\/08\/09120836\/Pilotos-CEVA-2020-2.jpeg 480w, https:\/\/bxrepsol.s3.eu-west-1.amazonaws.com\/static\/2022\/08\/09120836\/Pilotos-CEVA-2020-2.jpeg 600w, https:\/\/bxrepsol.s3.eu-west-1.amazonaws.com\/static\/2022\/08\/09120836\/Pilotos-CEVA-2020-2.jpeg 900w, https:\/\/bxrepsol.s3.eu-west-1.amazonaws.com\/static\/2022\/08\/09120836\/Pilotos-CEVA-2020-2.jpeg 1280w\"\n                data-src=\"https:\/\/bxrepsol.s3.eu-west-1.amazonaws.com\/static\/2022\/08\/09120836\/Pilotos-CEVA-2020-2.jpeg\"\n                alt=\"Los pilotos participantes en el CEVA posando\"\n                title=\"Pilotos del Campeonato Espa\u00f1ol de vuelo acrob\u00e1tico, incluyendo C\u00e1stor Fantoba y Juan Velarde\"\/><br \/>\n            <noscript><img decoding=\"async\" src=\"https:\/\/bxrepsol.s3.eu-west-1.amazonaws.com\/static\/2022\/08\/09120836\/Pilotos-CEVA-2020-2.jpeg\" alt=\"Los pilotos participantes en el CEVA posando\"><\/noscript>\n        <\/picture><figcaption>Los pilotos participantes en el CEVA posando<\/figcaption><\/figure>\n<p><\/a><\/p>\n<p><strong>La categor\u00eda m\u00e1s disputada fue la de Avanzado<\/strong>, en la que Luis \u00c1lvarez, Javier Aranduy y Camilo Benito se alternaron a la cabeza en cada uno de los vuelos. Al final, <strong>Camilo Benito se llev\u00f3 el oro con 5212,3 puntos<\/strong> (53,84%), mientras que Luis \u00c1lvarez con 4929,0 puntos (50,91%) y Javier Aranduy con 2794,5 puntos (28,86%) se llevaron la plata y el bronce, respectivamente.<\/p>\n<p>Respecto a la <strong>modalidad Freestyle<\/strong>, disputada como guinda al pastel del fin de semana, <strong>Fantoba tambi\u00e9n logr\u00f3 la primera posici\u00f3n<\/strong> con 3426,6 puntos (85,66%), aunque <strong>seguido muy de cerca por <\/strong><a href=\"https:\/\/www.boxrepsol.com\/es\/equipo-repsol\/juan-velarde\/\">Juan Velarde<\/a> con 3200,0 puntos (80,00%).<\/p>\n<h2>CEVA 2020, dos aer\u00f3dromos y dos fines de semana<\/h2>\n<p>En la edici\u00f3n de este a\u00f1o, la competici\u00f3n ha cambiado el formato para ajustarse a las medidas de prevenci\u00f3n del covid-19 y<strong> se ha realizado en dos fines de semana y en dos aer\u00f3dromos<\/strong>, ambos sin la presencia de p\u00fablico. Aunque eso no ha impedido que los aficionados al vuelo acrob\u00e1tico hayan podido seguir el desarrollo de la competici\u00f3n a trav\u00e9s del streaming que gracias a la buena producci\u00f3n del mismo, ha acercado toda la emoci\u00f3n y adrenalina del vuelo acrob\u00e1tico a sus seguidores.<\/p>\n<p>En el aer\u00f3dromo de<strong> Matilla de los Ca\u00f1os <\/strong>(Valladolid) <strong>se disputaron las categor\u00edas de Deportivo y Elemental <\/strong> los d\u00edas16, 17 y 18 de octubre. Francisco Sirvent se proclam\u00f3 Campe\u00f3n de Espa\u00f1a en la categor\u00eda de Deportivo tras alcanzar con su \u00faltimo programa un total de 2321,2 puntos 79,76%. Paul Ansoleaga, con 2055,7 y 70,64%, se situ\u00f3 en el segundo puesto y Raquel Mart\u00edn, con 70,18% y 2042,5 puntos complet\u00f3 el podio final.<\/p>\n<p>En la categor\u00eda de Elemental el dominio fue absoluto por parte de Juan Jos\u00e9 Rodr\u00edguez. Eduardo Gracia obtuvo la segunda posici\u00f3n. Y el bronce fue para Irene Hijlkema.<\/p>\n<p><strong>El presidente de la Real Federaci\u00f3n Aeron\u00e1utica Espa\u00f1ola (RFAE), D. Manuel Roca Via\u00f1a, quiso poner en valor el talento del elenco de pilotos que han participado en el CEVA 2020<\/strong> <em>\u201cLos resultados de esta competici\u00f3n muestran que el vuelo acrob\u00e1tico cuenta con una creciente cantera de j\u00f3venes pilotos que, junto con la experiencia de los m\u00e1s experimentados, augura un futuro prometedor para este deporte\u201d<\/em>.<\/p>\n","protected":false},"excerpt":{"rendered":"<p>El piloto navarro ha conquistado su d\u00e9cimo campeonato nacional, convirti\u00e9ndose en el m\u00e1s laureado de la competici\u00f3n<\/p>\n","protected":false},"author":43146,"featured_media":41355,"comment_status":"open","ping_status":"open","sticky":false,"template":"","format":"standard","meta":{"footnotes":""},"categories":[199],"tags":[195,130],"class_list":["post-94710","post","type-post","status-publish","format-standard","hentry","category-bravo3","tag-castor-fantoba","tag-otros-eventos-y-competiciones"],"yoast_head":"<!-- This site is optimized with the Yoast SEO plugin v27.3 - https:\/\/yoast.com\/product\/yoast-seo-wordpress\/ -->\n<title>C\u00e1stor Fantoba Campe\u00f3n de Espa\u00f1a por 10\u00aa vez<\/title>\n<meta name=\"description\" content=\"El piloto navarro ha conquistado su d\u00e9cimo campeonato nacional, convirti\u00e9ndose en el m\u00e1s laureado de la competici\u00f3n.\" \/>\n<link rel=\"canonical\" href=\"https:\/\/www.boxrepsol.com\/es\/bravo3\/castor-fantoba-campeon-espana-10o-vez-vuelo-acrobatico\/\" \/>\n<meta property=\"og:locale\" content=\"es_ES\" \/>\n<meta property=\"og:type\" content=\"article\" \/>\n<meta property=\"og:title\" content=\"C\u00e1stor Fantoba Campe\u00f3n de Espa\u00f1a por 10\u00aa vez\" \/>\n<meta property=\"og:description\" content=\"El piloto navarro ha conquistado su d\u00e9cimo campeonato nacional, convirti\u00e9ndose en el m\u00e1s laureado de la competici\u00f3n.\" \/>\n<meta property=\"og:url\" content=\"https:\/\/www.boxrepsol.com\/es\/bravo3\/castor-fantoba-campeon-espana-10o-vez-vuelo-acrobatico\/\" \/>\n<meta property=\"og:site_name\" content=\"Box Repsol\" \/>\n<meta property=\"article:publisher\" content=\"https:\/\/www.facebook.com\/BoxRepsol\" \/>\n<meta property=\"article:author\" content=\"https:\/\/www.facebook.com\/BoxRepsol\/\" \/>\n<meta property=\"article:published_time\" content=\"2020-10-26T02:00:00+00:00\" \/>\n<meta property=\"article:modified_time\" content=\"2024-04-19T09:06:41+00:00\" \/>\n<meta property=\"og:image\" content=\"https:\/\/bxrepsol.s3.eu-west-1.amazonaws.com\/static\/2022\/08\/09120838\/castor_fantoba_repsol_bravo3_avion-1.jpg\" \/>\n\t<meta property=\"og:image:width\" content=\"1200\" \/>\n\t<meta property=\"og:image:height\" content=\"600\" \/>\n\t<meta property=\"og:image:type\" content=\"image\/jpeg\" \/>\n<meta name=\"author\" content=\"Redacci\u00f3n Box Repsol\" \/>\n<meta name=\"twitter:card\" content=\"summary_large_image\" \/>\n<meta name=\"twitter:creator\" content=\"@https:\/\/twitter.com\/box_repsol\" \/>\n<meta name=\"twitter:site\" content=\"@box_repsol\" \/>\n<meta name=\"twitter:label1\" content=\"Written by\" \/>\n\t<meta name=\"twitter:data1\" content=\"Redacci\u00f3n Box Repsol\" \/>\n\t<meta name=\"twitter:label2\" content=\"Est. reading time\" \/>\n\t<meta name=\"twitter:data2\" content=\"4 minutos\" \/>\n<script type=\"application\/ld+json\" class=\"yoast-schema-graph\">{\"@context\":\"https:\\\/\\\/schema.org\",\"@graph\":[{\"@type\":\"Article\",\"@id\":\"https:\\\/\\\/www.boxrepsol.com\\\/es\\\/bravo3\\\/castor-fantoba-campeon-espana-10o-vez-vuelo-acrobatico\\\/#article\",\"isPartOf\":{\"@id\":\"https:\\\/\\\/www.boxrepsol.com\\\/es\\\/bravo3\\\/castor-fantoba-campeon-espana-10o-vez-vuelo-acrobatico\\\/\"},\"author\":{\"name\":\"Redacci\u00f3n Box Repsol\",\"@id\":\"https:\\\/\\\/www.boxrepsol.com\\\/es\\\/#\\\/schema\\\/person\\\/c5c2138f2cca251b0ad92b7086bb60b7\"},\"headline\":\"C\u00e1stor Fantoba Campe\u00f3n de Espa\u00f1a por 10\u00aa vez en Vuelo Acrob\u00e1tico\",\"datePublished\":\"2020-10-26T02:00:00+00:00\",\"dateModified\":\"2024-04-19T09:06:41+00:00\",\"mainEntityOfPage\":{\"@id\":\"https:\\\/\\\/www.boxrepsol.com\\\/es\\\/bravo3\\\/castor-fantoba-campeon-espana-10o-vez-vuelo-acrobatico\\\/\"},\"wordCount\":718,\"commentCount\":0,\"publisher\":{\"@id\":\"https:\\\/\\\/www.boxrepsol.com\\\/es\\\/#organization\"},\"image\":{\"@id\":\"https:\\\/\\\/www.boxrepsol.com\\\/es\\\/bravo3\\\/castor-fantoba-campeon-espana-10o-vez-vuelo-acrobatico\\\/#primaryimage\"},\"thumbnailUrl\":\"https:\\\/\\\/bxrepsol.s3.eu-west-1.amazonaws.com\\\/static\\\/2022\\\/08\\\/09120838\\\/castor_fantoba_repsol_bravo3_avion-1.jpg\",\"keywords\":[\"C\u00e1stor Fantoba\",\"otros eventos y competiciones\"],\"articleSection\":[\"Bravo3\"],\"inLanguage\":\"es\",\"potentialAction\":[{\"@type\":\"CommentAction\",\"name\":\"Comment\",\"target\":[\"https:\\\/\\\/www.boxrepsol.com\\\/es\\\/bravo3\\\/castor-fantoba-campeon-espana-10o-vez-vuelo-acrobatico\\\/#respond\"]}]},{\"@type\":\"WebPage\",\"@id\":\"https:\\\/\\\/www.boxrepsol.com\\\/es\\\/bravo3\\\/castor-fantoba-campeon-espana-10o-vez-vuelo-acrobatico\\\/\",\"url\":\"https:\\\/\\\/www.boxrepsol.com\\\/es\\\/bravo3\\\/castor-fantoba-campeon-espana-10o-vez-vuelo-acrobatico\\\/\",\"name\":\"C\u00e1stor Fantoba Campe\u00f3n de Espa\u00f1a por 10\u00aa vez\",\"isPartOf\":{\"@id\":\"https:\\\/\\\/www.boxrepsol.com\\\/es\\\/#website\"},\"primaryImageOfPage\":{\"@id\":\"https:\\\/\\\/www.boxrepsol.com\\\/es\\\/bravo3\\\/castor-fantoba-campeon-espana-10o-vez-vuelo-acrobatico\\\/#primaryimage\"},\"image\":{\"@id\":\"https:\\\/\\\/www.boxrepsol.com\\\/es\\\/bravo3\\\/castor-fantoba-campeon-espana-10o-vez-vuelo-acrobatico\\\/#primaryimage\"},\"thumbnailUrl\":\"https:\\\/\\\/bxrepsol.s3.eu-west-1.amazonaws.com\\\/static\\\/2022\\\/08\\\/09120838\\\/castor_fantoba_repsol_bravo3_avion-1.jpg\",\"datePublished\":\"2020-10-26T02:00:00+00:00\",\"dateModified\":\"2024-04-19T09:06:41+00:00\",\"description\":\"El piloto navarro ha conquistado su d\u00e9cimo campeonato nacional, convirti\u00e9ndose en el m\u00e1s laureado de la competici\u00f3n.\",\"breadcrumb\":{\"@id\":\"https:\\\/\\\/www.boxrepsol.com\\\/es\\\/bravo3\\\/castor-fantoba-campeon-espana-10o-vez-vuelo-acrobatico\\\/#breadcrumb\"},\"inLanguage\":\"es\",\"potentialAction\":[{\"@type\":\"ReadAction\",\"target\":[\"https:\\\/\\\/www.boxrepsol.com\\\/es\\\/bravo3\\\/castor-fantoba-campeon-espana-10o-vez-vuelo-acrobatico\\\/\"]}]},{\"@type\":\"ImageObject\",\"inLanguage\":\"es\",\"@id\":\"https:\\\/\\\/www.boxrepsol.com\\\/es\\\/bravo3\\\/castor-fantoba-campeon-espana-10o-vez-vuelo-acrobatico\\\/#primaryimage\",\"url\":\"https:\\\/\\\/bxrepsol.s3.eu-west-1.amazonaws.com\\\/static\\\/2022\\\/08\\\/09120838\\\/castor_fantoba_repsol_bravo3_avion-1.jpg\",\"contentUrl\":\"https:\\\/\\\/bxrepsol.s3.eu-west-1.amazonaws.com\\\/static\\\/2022\\\/08\\\/09120838\\\/castor_fantoba_repsol_bravo3_avion-1.jpg\",\"width\":1200,\"height\":600,\"caption\":\"C\u00e1stor Fantoba maniobra con su avi\u00f3n durante la competici\u00f3n\"},{\"@type\":\"BreadcrumbList\",\"@id\":\"https:\\\/\\\/www.boxrepsol.com\\\/es\\\/bravo3\\\/castor-fantoba-campeon-espana-10o-vez-vuelo-acrobatico\\\/#breadcrumb\",\"itemListElement\":[{\"@type\":\"ListItem\",\"position\":1,\"name\":\"Home\",\"item\":\"https:\\\/\\\/www.boxrepsol.com\\\/es\\\/\"},{\"@type\":\"ListItem\",\"position\":2,\"name\":\"C\u00e1stor Fantoba Campe\u00f3n de Espa\u00f1a por 10\u00aa vez en Vuelo Acrob\u00e1tico\"}]},{\"@type\":\"WebSite\",\"@id\":\"https:\\\/\\\/www.boxrepsol.com\\\/es\\\/#website\",\"url\":\"https:\\\/\\\/www.boxrepsol.com\\\/es\\\/\",\"name\":\"Box Repsol\",\"description\":\"Box Repsol Site\",\"publisher\":{\"@id\":\"https:\\\/\\\/www.boxrepsol.com\\\/es\\\/#organization\"},\"potentialAction\":[{\"@type\":\"SearchAction\",\"target\":{\"@type\":\"EntryPoint\",\"urlTemplate\":\"https:\\\/\\\/www.boxrepsol.com\\\/es\\\/?s={search_term_string}\"},\"query-input\":{\"@type\":\"PropertyValueSpecification\",\"valueRequired\":true,\"valueName\":\"search_term_string\"}}],\"inLanguage\":\"es\"},{\"@type\":\"Organization\",\"@id\":\"https:\\\/\\\/www.boxrepsol.com\\\/es\\\/#organization\",\"name\":\"Box Repsol\",\"url\":\"https:\\\/\\\/www.boxrepsol.com\\\/es\\\/\",\"logo\":{\"@type\":\"ImageObject\",\"inLanguage\":\"es\",\"@id\":\"https:\\\/\\\/www.boxrepsol.com\\\/es\\\/#\\\/schema\\\/logo\\\/image\\\/\",\"url\":\"https:\\\/\\\/bxrepsol.s3.eu-west-1.amazonaws.com\\\/static\\\/2025\\\/07\\\/30083337\\\/favicon-96x96-1.png\",\"contentUrl\":\"https:\\\/\\\/bxrepsol.s3.eu-west-1.amazonaws.com\\\/static\\\/2025\\\/07\\\/30083337\\\/favicon-96x96-1.png\",\"width\":96,\"height\":96,\"caption\":\"Box Repsol\"},\"image\":{\"@id\":\"https:\\\/\\\/www.boxrepsol.com\\\/es\\\/#\\\/schema\\\/logo\\\/image\\\/\"},\"sameAs\":[\"https:\\\/\\\/www.facebook.com\\\/BoxRepsol\",\"https:\\\/\\\/x.com\\\/box_repsol\",\"http:\\\/\\\/instagram.com\\\/box_repsol\",\"https:\\\/\\\/www.youtube.com\\\/user\\\/RepsolCompeticion\",\"https:\\\/\\\/www.flickr.com\\\/photos\\\/box_repsol\\\/\"]},{\"@type\":\"Person\",\"@id\":\"https:\\\/\\\/www.boxrepsol.com\\\/es\\\/#\\\/schema\\\/person\\\/c5c2138f2cca251b0ad92b7086bb60b7\",\"name\":\"Redacci\u00f3n Box Repsol\",\"image\":{\"@type\":\"ImageObject\",\"inLanguage\":\"es\",\"@id\":\"https:\\\/\\\/secure.gravatar.com\\\/avatar\\\/adf7b77e38b4419baf32c7e9c21dde01f4e40df611f0978e3006fc4ba0aaab7e?s=96&d=mm&r=g\",\"url\":\"https:\\\/\\\/secure.gravatar.com\\\/avatar\\\/adf7b77e38b4419baf32c7e9c21dde01f4e40df611f0978e3006fc4ba0aaab7e?s=96&d=mm&r=g\",\"contentUrl\":\"https:\\\/\\\/secure.gravatar.com\\\/avatar\\\/adf7b77e38b4419baf32c7e9c21dde01f4e40df611f0978e3006fc4ba0aaab7e?s=96&d=mm&r=g\",\"caption\":\"Redacci\u00f3n Box Repsol\"},\"description\":\"Box Repsol lo forma un equipo de periodistas, community managers, dise\u00f1adores y fot\u00f3grafos con m\u00e1s de 20 a\u00f1os de experiencia en el mundo del motorsport. Hemos vivido el primer mundial de un espa\u00f1ol en la categor\u00eda reina de motociclismo con \u00c1lex Crivill\u00e9, estuvimos en las victorias de Pedrosa y los t\u00edtulos de M\u00e1rquez, acompa\u00f1amos en \u00c1frica a Nani Roma y Marc Coma en sus conquistas del Dakar y hemos vibrado con los t\u00edtulos de Toni Bou en Trial. Adem\u00e1s, en nuestro equipo contamos con expertos en el mundo de las dos y cuatro ruedas tanto de la calle y las carreteras, como de los circuitos. Periodistas que han trabajado en revistas y publicaciones para hacerte llegar desde rutas y consejos de mantenimiento, a curiosidades y trucos de pilotaje.\",\"sameAs\":[\"https:\\\/\\\/www.facebook.com\\\/BoxRepsol\\\/\",\"https:\\\/\\\/www.instagram.com\\\/box_repsol\\\/\",\"https:\\\/\\\/x.com\\\/https:\\\/\\\/twitter.com\\\/box_repsol\",\"https:\\\/\\\/www.youtube.com\\\/@Boxrepsol\"],\"url\":\"https:\\\/\\\/www.boxrepsol.com\\\/es\\\/author\\\/redaccion-box-repsol\\\/\"}]}<\/script>\n<!-- \/ Yoast SEO plugin. -->","yoast_head_json":{"title":"C\u00e1stor Fantoba Campe\u00f3n de Espa\u00f1a por 10\u00aa vez","description":"El piloto navarro ha conquistado su d\u00e9cimo campeonato nacional, convirti\u00e9ndose en el m\u00e1s laureado de la competici\u00f3n.","canonical":"https:\/\/www.boxrepsol.com\/es\/bravo3\/castor-fantoba-campeon-espana-10o-vez-vuelo-acrobatico\/","og_locale":"es_ES","og_type":"article","og_title":"C\u00e1stor Fantoba Campe\u00f3n de Espa\u00f1a por 10\u00aa vez","og_description":"El piloto navarro ha conquistado su d\u00e9cimo campeonato nacional, convirti\u00e9ndose en el m\u00e1s laureado de la competici\u00f3n.","og_url":"https:\/\/www.boxrepsol.com\/es\/bravo3\/castor-fantoba-campeon-espana-10o-vez-vuelo-acrobatico\/","og_site_name":"Box Repsol","article_publisher":"https:\/\/www.facebook.com\/BoxRepsol","article_author":"https:\/\/www.facebook.com\/BoxRepsol\/","article_published_time":"2020-10-26T02:00:00+00:00","article_modified_time":"2024-04-19T09:06:41+00:00","og_image":[{"width":1200,"height":600,"url":"https:\/\/bxrepsol.s3.eu-west-1.amazonaws.com\/static\/2022\/08\/09120838\/castor_fantoba_repsol_bravo3_avion-1.jpg","type":"image\/jpeg"}],"author":"Redacci\u00f3n Box Repsol","twitter_card":"summary_large_image","twitter_creator":"@https:\/\/twitter.com\/box_repsol","twitter_site":"@box_repsol","twitter_misc":{"Written by":"Redacci\u00f3n Box Repsol","Est. reading time":"4 minutos"},"schema":{"@context":"https:\/\/schema.org","@graph":[{"@type":"Article","@id":"https:\/\/www.boxrepsol.com\/es\/bravo3\/castor-fantoba-campeon-espana-10o-vez-vuelo-acrobatico\/#article","isPartOf":{"@id":"https:\/\/www.boxrepsol.com\/es\/bravo3\/castor-fantoba-campeon-espana-10o-vez-vuelo-acrobatico\/"},"author":{"name":"Redacci\u00f3n Box Repsol","@id":"https:\/\/www.boxrepsol.com\/es\/#\/schema\/person\/c5c2138f2cca251b0ad92b7086bb60b7"},"headline":"C\u00e1stor Fantoba Campe\u00f3n de Espa\u00f1a por 10\u00aa vez en Vuelo Acrob\u00e1tico","datePublished":"2020-10-26T02:00:00+00:00","dateModified":"2024-04-19T09:06:41+00:00","mainEntityOfPage":{"@id":"https:\/\/www.boxrepsol.com\/es\/bravo3\/castor-fantoba-campeon-espana-10o-vez-vuelo-acrobatico\/"},"wordCount":718,"commentCount":0,"publisher":{"@id":"https:\/\/www.boxrepsol.com\/es\/#organization"},"image":{"@id":"https:\/\/www.boxrepsol.com\/es\/bravo3\/castor-fantoba-campeon-espana-10o-vez-vuelo-acrobatico\/#primaryimage"},"thumbnailUrl":"https:\/\/bxrepsol.s3.eu-west-1.amazonaws.com\/static\/2022\/08\/09120838\/castor_fantoba_repsol_bravo3_avion-1.jpg","keywords":["C\u00e1stor Fantoba","otros eventos y competiciones"],"articleSection":["Bravo3"],"inLanguage":"es","potentialAction":[{"@type":"CommentAction","name":"Comment","target":["https:\/\/www.boxrepsol.com\/es\/bravo3\/castor-fantoba-campeon-espana-10o-vez-vuelo-acrobatico\/#respond"]}]},{"@type":"WebPage","@id":"https:\/\/www.boxrepsol.com\/es\/bravo3\/castor-fantoba-campeon-espana-10o-vez-vuelo-acrobatico\/","url":"https:\/\/www.boxrepsol.com\/es\/bravo3\/castor-fantoba-campeon-espana-10o-vez-vuelo-acrobatico\/","name":"C\u00e1stor Fantoba Campe\u00f3n de Espa\u00f1a por 10\u00aa vez","isPartOf":{"@id":"https:\/\/www.boxrepsol.com\/es\/#website"},"primaryImageOfPage":{"@id":"https:\/\/www.boxrepsol.com\/es\/bravo3\/castor-fantoba-campeon-espana-10o-vez-vuelo-acrobatico\/#primaryimage"},"image":{"@id":"https:\/\/www.boxrepsol.com\/es\/bravo3\/castor-fantoba-campeon-espana-10o-vez-vuelo-acrobatico\/#primaryimage"},"thumbnailUrl":"https:\/\/bxrepsol.s3.eu-west-1.amazonaws.com\/static\/2022\/08\/09120838\/castor_fantoba_repsol_bravo3_avion-1.jpg","datePublished":"2020-10-26T02:00:00+00:00","dateModified":"2024-04-19T09:06:41+00:00","description":"El piloto navarro ha conquistado su d\u00e9cimo campeonato nacional, convirti\u00e9ndose en el m\u00e1s laureado de la competici\u00f3n.","breadcrumb":{"@id":"https:\/\/www.boxrepsol.com\/es\/bravo3\/castor-fantoba-campeon-espana-10o-vez-vuelo-acrobatico\/#breadcrumb"},"inLanguage":"es","potentialAction":[{"@type":"ReadAction","target":["https:\/\/www.boxrepsol.com\/es\/bravo3\/castor-fantoba-campeon-espana-10o-vez-vuelo-acrobatico\/"]}]},{"@type":"ImageObject","inLanguage":"es","@id":"https:\/\/www.boxrepsol.com\/es\/bravo3\/castor-fantoba-campeon-espana-10o-vez-vuelo-acrobatico\/#primaryimage","url":"https:\/\/bxrepsol.s3.eu-west-1.amazonaws.com\/static\/2022\/08\/09120838\/castor_fantoba_repsol_bravo3_avion-1.jpg","contentUrl":"https:\/\/bxrepsol.s3.eu-west-1.amazonaws.com\/static\/2022\/08\/09120838\/castor_fantoba_repsol_bravo3_avion-1.jpg","width":1200,"height":600,"caption":"C\u00e1stor Fantoba maniobra con su avi\u00f3n durante la competici\u00f3n"},{"@type":"BreadcrumbList","@id":"https:\/\/www.boxrepsol.com\/es\/bravo3\/castor-fantoba-campeon-espana-10o-vez-vuelo-acrobatico\/#breadcrumb","itemListElement":[{"@type":"ListItem","position":1,"name":"Home","item":"https:\/\/www.boxrepsol.com\/es\/"},{"@type":"ListItem","position":2,"name":"C\u00e1stor Fantoba Campe\u00f3n de Espa\u00f1a por 10\u00aa vez en Vuelo Acrob\u00e1tico"}]},{"@type":"WebSite","@id":"https:\/\/www.boxrepsol.com\/es\/#website","url":"https:\/\/www.boxrepsol.com\/es\/","name":"Box Repsol","description":"Box Repsol Site","publisher":{"@id":"https:\/\/www.boxrepsol.com\/es\/#organization"},"potentialAction":[{"@type":"SearchAction","target":{"@type":"EntryPoint","urlTemplate":"https:\/\/www.boxrepsol.com\/es\/?s={search_term_string}"},"query-input":{"@type":"PropertyValueSpecification","valueRequired":true,"valueName":"search_term_string"}}],"inLanguage":"es"},{"@type":"Organization","@id":"https:\/\/www.boxrepsol.com\/es\/#organization","name":"Box Repsol","url":"https:\/\/www.boxrepsol.com\/es\/","logo":{"@type":"ImageObject","inLanguage":"es","@id":"https:\/\/www.boxrepsol.com\/es\/#\/schema\/logo\/image\/","url":"https:\/\/bxrepsol.s3.eu-west-1.amazonaws.com\/static\/2025\/07\/30083337\/favicon-96x96-1.png","contentUrl":"https:\/\/bxrepsol.s3.eu-west-1.amazonaws.com\/static\/2025\/07\/30083337\/favicon-96x96-1.png","width":96,"height":96,"caption":"Box Repsol"},"image":{"@id":"https:\/\/www.boxrepsol.com\/es\/#\/schema\/logo\/image\/"},"sameAs":["https:\/\/www.facebook.com\/BoxRepsol","https:\/\/x.com\/box_repsol","http:\/\/instagram.com\/box_repsol","https:\/\/www.youtube.com\/user\/RepsolCompeticion","https:\/\/www.flickr.com\/photos\/box_repsol\/"]},{"@type":"Person","@id":"https:\/\/www.boxrepsol.com\/es\/#\/schema\/person\/c5c2138f2cca251b0ad92b7086bb60b7","name":"Redacci\u00f3n Box Repsol","image":{"@type":"ImageObject","inLanguage":"es","@id":"https:\/\/secure.gravatar.com\/avatar\/adf7b77e38b4419baf32c7e9c21dde01f4e40df611f0978e3006fc4ba0aaab7e?s=96&d=mm&r=g","url":"https:\/\/secure.gravatar.com\/avatar\/adf7b77e38b4419baf32c7e9c21dde01f4e40df611f0978e3006fc4ba0aaab7e?s=96&d=mm&r=g","contentUrl":"https:\/\/secure.gravatar.com\/avatar\/adf7b77e38b4419baf32c7e9c21dde01f4e40df611f0978e3006fc4ba0aaab7e?s=96&d=mm&r=g","caption":"Redacci\u00f3n Box Repsol"},"description":"Box Repsol lo forma un equipo de periodistas, community managers, dise\u00f1adores y fot\u00f3grafos con m\u00e1s de 20 a\u00f1os de experiencia en el mundo del motorsport. Hemos vivido el primer mundial de un espa\u00f1ol en la categor\u00eda reina de motociclismo con \u00c1lex Crivill\u00e9, estuvimos en las victorias de Pedrosa y los t\u00edtulos de M\u00e1rquez, acompa\u00f1amos en \u00c1frica a Nani Roma y Marc Coma en sus conquistas del Dakar y hemos vibrado con los t\u00edtulos de Toni Bou en Trial. Adem\u00e1s, en nuestro equipo contamos con expertos en el mundo de las dos y cuatro ruedas tanto de la calle y las carreteras, como de los circuitos. Periodistas que han trabajado en revistas y publicaciones para hacerte llegar desde rutas y consejos de mantenimiento, a curiosidades y trucos de pilotaje.","sameAs":["https:\/\/www.facebook.com\/BoxRepsol\/","https:\/\/www.instagram.com\/box_repsol\/","https:\/\/x.com\/https:\/\/twitter.com\/box_repsol","https:\/\/www.youtube.com\/@Boxrepsol"],"url":"https:\/\/www.boxrepsol.com\/es\/author\/redaccion-box-repsol\/"}]}},"_links":{"self":[{"href":"https:\/\/www.boxrepsol.com\/es\/wp-json\/wp\/v2\/posts\/94710","targetHints":{"allow":["GET"]}}],"collection":[{"href":"https:\/\/www.boxrepsol.com\/es\/wp-json\/wp\/v2\/posts"}],"about":[{"href":"https:\/\/www.boxrepsol.com\/es\/wp-json\/wp\/v2\/types\/post"}],"author":[{"embeddable":true,"href":"https:\/\/www.boxrepsol.com\/es\/wp-json\/wp\/v2\/users\/43146"}],"replies":[{"embeddable":true,"href":"https:\/\/www.boxrepsol.com\/es\/wp-json\/wp\/v2\/comments?post=94710"}],"version-history":[{"count":1,"href":"https:\/\/www.boxrepsol.com\/es\/wp-json\/wp\/v2\/posts\/94710\/revisions"}],"predecessor-version":[{"id":94711,"href":"https:\/\/www.boxrepsol.com\/es\/wp-json\/wp\/v2\/posts\/94710\/revisions\/94711"}],"wp:featuredmedia":[{"embeddable":true,"href":"https:\/\/www.boxrepsol.com\/es\/wp-json\/wp\/v2\/media\/41355"}],"wp:attachment":[{"href":"https:\/\/www.boxrepsol.com\/es\/wp-json\/wp\/v2\/media?parent=94710"}],"wp:term":[{"taxonomy":"category","embeddable":true,"href":"https:\/\/www.boxrepsol.com\/es\/wp-json\/wp\/v2\/categories?post=94710"},{"taxonomy":"post_tag","embeddable":true,"href":"https:\/\/www.boxrepsol.com\/es\/wp-json\/wp\/v2\/tags?post=94710"}],"curies":[{"name":"wp","href":"https:\/\/api.w.org\/{rel}","templated":true}]}}