{"id":94705,"date":"2020-10-23T00:00:00","date_gmt":"2020-10-23T02:00:00","guid":{"rendered":"http:\/\/pre.boxrepsol.com\/sin-categorizar\/teruel-alex-marquez\/"},"modified":"2024-04-19T07:11:22","modified_gmt":"2024-04-19T09:11:22","slug":"teruel-alex-marquez","status":"publish","type":"post","link":"https:\/\/www.boxrepsol.com\/es\/motogp\/teruel-alex-marquez\/","title":{"rendered":"Sexto mejor tiempo para \u00c1lex M\u00e1rquez en Arag\u00f3n"},"content":{"rendered":"<p><strong>\u00c1lex M\u00e1rquez<\/strong> ha empezado liderando el primer entrenamiento del d\u00eda en el trazado aragon\u00e9s. El piloto espa\u00f1ol del equipo Repsol Honda ha registrado un mejor tiempo de 1 minuto, 48 segundos y 184 mil\u00e9simas en la sesi\u00f3n matinal. Por la tarde, \u00c1lex no ha podido sus tiempos de la ma\u00f1ana y ha finalizado la jornada con el sexto mejor registro del d\u00eda.<\/p>\n<p>Su compa\u00f1ero de equipo, <strong>Stefan Bradl<\/strong>, ha completado hoy su mejor viernes de la temporada. El piloto alem\u00e1n ha conseguido el cuarto mejor tiempo en la primera sesi\u00f3n del d\u00eda y el und\u00e9cimo en el entrenamiento de la tarde. Bradl ha registrado un mejor tiempo de 1 minuto, 48 segundos y 444 mil\u00e9simas.<\/p>\n<p>Ma\u00f1ana, el objetivo de los dos pilotos del equipo Repsol Honda ser\u00e1 lograr la clasificaci\u00f3n directa a la Q2.<\/p>\n<p><a href=\"https:\/\/www.boxrepsol.com\/es\/motogp\/gp-teruel-motogp-2020-ver-gratis-horario-tv-opciones-online-directo\/\">La carrera de MotoGP de este domingo se celebrar\u00e1 a la 13.00h CET.<\/a><\/p>\n<h2>GP de Teruel 2020 &#8211; Declaraciones de los pilotos<\/h2>\n<p><a href=\"https:\/\/twitter.com\/hashtag\/am73?src=hash&#038;lang=es\">#AM73<\/a><\/p>\n<p><em>\u201cHemos tenido un buen primer d\u00eda aqu\u00ed en Arag\u00f3n, llegando fuertes desde el fin de semana pasado y continuando paso a paso. He tenido una peque\u00f1a ca\u00edda al final de la FP1 cuando estaba intentando hacer una vuelta r\u00e1pida, pero estoy bien. El tiempo ha sido bueno y eso nos ha permitido mantenernos entre los diez primeros. El clima es mejor esta semana y eso hace que las cosas sean un poco m\u00e1s sencillas. Todav\u00eda hay algunos detalles en los que concentrarse para ma\u00f1ana, pero hemos comenzado bien\u201d.<\/em><\/p>\n<hr\/>\n<p><a href=\"https:\/\/twitter.com\/hashtag\/SB6?src=hash&#038;lang=es\">#SB6<\/a><\/p>\n<p><em>\u201cMe siento bastante bien hoy, es una buena motivaci\u00f3n estar m\u00e1s arriba en las hojas de tiempos. Estamos mejorando y hemos tenido dos buenas sesiones despu\u00e9s de dar un buen paso adelante y probar algunas cosas nuevas. Espero seguir as\u00ed durante el resto del fin de semana. No ha habido ninguna parte m\u00e1gica que haya cambiado, esto es debido a que llevamos un tiempo trabajando con la puesta a punto de la moto. Tambi\u00e9n hay un par de cosas para probar ma\u00f1ana, veremos qu\u00e9 tal va\u00bb.<\/em><\/p>\n","protected":false},"excerpt":{"rendered":"<p>El piloto del equipo Repsol Honda ha completado un positivo primer d\u00eda rodando en tiempos de cabeza. Stefan Bradl, und\u00e9cimo, tambi\u00e9n se ha mostrado r\u00e1pido en las dos sesiones de entrenamientos libres.<\/p>\n","protected":false},"author":43146,"featured_media":41339,"comment_status":"open","ping_status":"open","sticky":false,"template":"","format":"standard","meta":{"footnotes":""},"categories":[4],"tags":[191,136,198],"class_list":["post-94705","post","type-post","status-publish","format-standard","hentry","category-motogp","tag-191","tag-campeonato-del-mundo-de-motociclismo","tag-motogp-teruel"],"yoast_head":"<!-- This site is optimized with the Yoast SEO plugin v27.3 - https:\/\/yoast.com\/product\/yoast-seo-wordpress\/ -->\n<title>Sexto mejor tiempo para \u00c1lex M\u00e1rquez en Arag\u00f3n - Box Repsol<\/title>\n<meta name=\"description\" content=\"El piloto del equipo Repsol Honda ha completado un positivo primer d\u00eda rodando en tiempos de cabeza. Stefan Bradl, und\u00e9cimo, tambi\u00e9n se ha mostrado r\u00e1pido.\" \/>\n<link rel=\"canonical\" href=\"https:\/\/www.boxrepsol.com\/es\/motogp\/teruel-alex-marquez\/\" \/>\n<meta property=\"og:locale\" content=\"es_ES\" \/>\n<meta property=\"og:type\" content=\"article\" \/>\n<meta property=\"og:title\" content=\"Sexto mejor tiempo para \u00c1lex M\u00e1rquez en Arag\u00f3n - Box Repsol\" \/>\n<meta property=\"og:description\" content=\"El piloto del equipo Repsol Honda ha completado un positivo primer d\u00eda rodando en tiempos de cabeza. Stefan Bradl, und\u00e9cimo, tambi\u00e9n se ha mostrado r\u00e1pido.\" \/>\n<meta property=\"og:url\" content=\"https:\/\/www.boxrepsol.com\/es\/motogp\/teruel-alex-marquez\/\" \/>\n<meta property=\"og:site_name\" content=\"Box Repsol\" \/>\n<meta property=\"article:publisher\" content=\"https:\/\/www.facebook.com\/BoxRepsol\" \/>\n<meta property=\"article:author\" content=\"https:\/\/www.facebook.com\/BoxRepsol\/\" \/>\n<meta property=\"article:published_time\" content=\"2020-10-23T02:00:00+00:00\" \/>\n<meta property=\"article:modified_time\" content=\"2024-04-19T09:11:22+00:00\" \/>\n<meta property=\"og:image\" content=\"https:\/\/bxrepsol.s3.eu-west-1.amazonaws.com\/static\/2022\/08\/09120829\/foto_teruel_alexmarquez-1.jpg\" \/>\n\t<meta property=\"og:image:width\" content=\"1280\" \/>\n\t<meta property=\"og:image:height\" content=\"720\" \/>\n\t<meta property=\"og:image:type\" content=\"image\/jpeg\" \/>\n<meta name=\"author\" content=\"Redacci\u00f3n Box Repsol\" \/>\n<meta name=\"twitter:card\" content=\"summary_large_image\" \/>\n<meta name=\"twitter:creator\" content=\"@https:\/\/twitter.com\/box_repsol\" \/>\n<meta name=\"twitter:site\" content=\"@box_repsol\" \/>\n<meta name=\"twitter:label1\" content=\"Written by\" \/>\n\t<meta name=\"twitter:data1\" content=\"Redacci\u00f3n Box Repsol\" \/>\n\t<meta name=\"twitter:label2\" content=\"Est. reading time\" \/>\n\t<meta name=\"twitter:data2\" content=\"2 minutos\" \/>\n<script type=\"application\/ld+json\" class=\"yoast-schema-graph\">{\"@context\":\"https:\\\/\\\/schema.org\",\"@graph\":[{\"@type\":\"Article\",\"@id\":\"https:\\\/\\\/www.boxrepsol.com\\\/es\\\/motogp\\\/teruel-alex-marquez\\\/#article\",\"isPartOf\":{\"@id\":\"https:\\\/\\\/www.boxrepsol.com\\\/es\\\/motogp\\\/teruel-alex-marquez\\\/\"},\"author\":{\"name\":\"Redacci\u00f3n Box Repsol\",\"@id\":\"https:\\\/\\\/www.boxrepsol.com\\\/es\\\/#\\\/schema\\\/person\\\/c5c2138f2cca251b0ad92b7086bb60b7\"},\"headline\":\"Sexto mejor tiempo para \u00c1lex M\u00e1rquez en Arag\u00f3n\",\"datePublished\":\"2020-10-23T02:00:00+00:00\",\"dateModified\":\"2024-04-19T09:11:22+00:00\",\"mainEntityOfPage\":{\"@id\":\"https:\\\/\\\/www.boxrepsol.com\\\/es\\\/motogp\\\/teruel-alex-marquez\\\/\"},\"wordCount\":365,\"commentCount\":0,\"publisher\":{\"@id\":\"https:\\\/\\\/www.boxrepsol.com\\\/es\\\/#organization\"},\"image\":{\"@id\":\"https:\\\/\\\/www.boxrepsol.com\\\/es\\\/motogp\\\/teruel-alex-marquez\\\/#primaryimage\"},\"thumbnailUrl\":\"https:\\\/\\\/bxrepsol.s3.eu-west-1.amazonaws.com\\\/static\\\/2022\\\/08\\\/09120829\\\/foto_teruel_alexmarquez-1.jpg\",\"keywords\":[\"2020\",\"Campeonato del Mundo de Motociclismo\",\"MotoGP Teruel\"],\"articleSection\":[\"MotoGP\"],\"inLanguage\":\"es\",\"potentialAction\":[{\"@type\":\"CommentAction\",\"name\":\"Comment\",\"target\":[\"https:\\\/\\\/www.boxrepsol.com\\\/es\\\/motogp\\\/teruel-alex-marquez\\\/#respond\"]}]},{\"@type\":\"WebPage\",\"@id\":\"https:\\\/\\\/www.boxrepsol.com\\\/es\\\/motogp\\\/teruel-alex-marquez\\\/\",\"url\":\"https:\\\/\\\/www.boxrepsol.com\\\/es\\\/motogp\\\/teruel-alex-marquez\\\/\",\"name\":\"Sexto mejor tiempo para \u00c1lex M\u00e1rquez en Arag\u00f3n - Box Repsol\",\"isPartOf\":{\"@id\":\"https:\\\/\\\/www.boxrepsol.com\\\/es\\\/#website\"},\"primaryImageOfPage\":{\"@id\":\"https:\\\/\\\/www.boxrepsol.com\\\/es\\\/motogp\\\/teruel-alex-marquez\\\/#primaryimage\"},\"image\":{\"@id\":\"https:\\\/\\\/www.boxrepsol.com\\\/es\\\/motogp\\\/teruel-alex-marquez\\\/#primaryimage\"},\"thumbnailUrl\":\"https:\\\/\\\/bxrepsol.s3.eu-west-1.amazonaws.com\\\/static\\\/2022\\\/08\\\/09120829\\\/foto_teruel_alexmarquez-1.jpg\",\"datePublished\":\"2020-10-23T02:00:00+00:00\",\"dateModified\":\"2024-04-19T09:11:22+00:00\",\"description\":\"El piloto del equipo Repsol Honda ha completado un positivo primer d\u00eda rodando en tiempos de cabeza. Stefan Bradl, und\u00e9cimo, tambi\u00e9n se ha mostrado r\u00e1pido.\",\"breadcrumb\":{\"@id\":\"https:\\\/\\\/www.boxrepsol.com\\\/es\\\/motogp\\\/teruel-alex-marquez\\\/#breadcrumb\"},\"inLanguage\":\"es\",\"potentialAction\":[{\"@type\":\"ReadAction\",\"target\":[\"https:\\\/\\\/www.boxrepsol.com\\\/es\\\/motogp\\\/teruel-alex-marquez\\\/\"]}]},{\"@type\":\"ImageObject\",\"inLanguage\":\"es\",\"@id\":\"https:\\\/\\\/www.boxrepsol.com\\\/es\\\/motogp\\\/teruel-alex-marquez\\\/#primaryimage\",\"url\":\"https:\\\/\\\/bxrepsol.s3.eu-west-1.amazonaws.com\\\/static\\\/2022\\\/08\\\/09120829\\\/foto_teruel_alexmarquez-1.jpg\",\"contentUrl\":\"https:\\\/\\\/bxrepsol.s3.eu-west-1.amazonaws.com\\\/static\\\/2022\\\/08\\\/09120829\\\/foto_teruel_alexmarquez-1.jpg\",\"width\":1280,\"height\":720,\"caption\":\"\u00c1lex M\u00e1rquez Teruel\"},{\"@type\":\"BreadcrumbList\",\"@id\":\"https:\\\/\\\/www.boxrepsol.com\\\/es\\\/motogp\\\/teruel-alex-marquez\\\/#breadcrumb\",\"itemListElement\":[{\"@type\":\"ListItem\",\"position\":1,\"name\":\"Home\",\"item\":\"https:\\\/\\\/www.boxrepsol.com\\\/es\\\/\"},{\"@type\":\"ListItem\",\"position\":2,\"name\":\"Sexto mejor tiempo para \u00c1lex M\u00e1rquez en Arag\u00f3n\"}]},{\"@type\":\"WebSite\",\"@id\":\"https:\\\/\\\/www.boxrepsol.com\\\/es\\\/#website\",\"url\":\"https:\\\/\\\/www.boxrepsol.com\\\/es\\\/\",\"name\":\"Box Repsol\",\"description\":\"Box Repsol Site\",\"publisher\":{\"@id\":\"https:\\\/\\\/www.boxrepsol.com\\\/es\\\/#organization\"},\"potentialAction\":[{\"@type\":\"SearchAction\",\"target\":{\"@type\":\"EntryPoint\",\"urlTemplate\":\"https:\\\/\\\/www.boxrepsol.com\\\/es\\\/?s={search_term_string}\"},\"query-input\":{\"@type\":\"PropertyValueSpecification\",\"valueRequired\":true,\"valueName\":\"search_term_string\"}}],\"inLanguage\":\"es\"},{\"@type\":\"Organization\",\"@id\":\"https:\\\/\\\/www.boxrepsol.com\\\/es\\\/#organization\",\"name\":\"Box Repsol\",\"url\":\"https:\\\/\\\/www.boxrepsol.com\\\/es\\\/\",\"logo\":{\"@type\":\"ImageObject\",\"inLanguage\":\"es\",\"@id\":\"https:\\\/\\\/www.boxrepsol.com\\\/es\\\/#\\\/schema\\\/logo\\\/image\\\/\",\"url\":\"https:\\\/\\\/bxrepsol.s3.eu-west-1.amazonaws.com\\\/static\\\/2025\\\/07\\\/30083337\\\/favicon-96x96-1.png\",\"contentUrl\":\"https:\\\/\\\/bxrepsol.s3.eu-west-1.amazonaws.com\\\/static\\\/2025\\\/07\\\/30083337\\\/favicon-96x96-1.png\",\"width\":96,\"height\":96,\"caption\":\"Box Repsol\"},\"image\":{\"@id\":\"https:\\\/\\\/www.boxrepsol.com\\\/es\\\/#\\\/schema\\\/logo\\\/image\\\/\"},\"sameAs\":[\"https:\\\/\\\/www.facebook.com\\\/BoxRepsol\",\"https:\\\/\\\/x.com\\\/box_repsol\",\"http:\\\/\\\/instagram.com\\\/box_repsol\",\"https:\\\/\\\/www.youtube.com\\\/user\\\/RepsolCompeticion\",\"https:\\\/\\\/www.flickr.com\\\/photos\\\/box_repsol\\\/\"]},{\"@type\":\"Person\",\"@id\":\"https:\\\/\\\/www.boxrepsol.com\\\/es\\\/#\\\/schema\\\/person\\\/c5c2138f2cca251b0ad92b7086bb60b7\",\"name\":\"Redacci\u00f3n Box Repsol\",\"image\":{\"@type\":\"ImageObject\",\"inLanguage\":\"es\",\"@id\":\"https:\\\/\\\/secure.gravatar.com\\\/avatar\\\/adf7b77e38b4419baf32c7e9c21dde01f4e40df611f0978e3006fc4ba0aaab7e?s=96&d=mm&r=g\",\"url\":\"https:\\\/\\\/secure.gravatar.com\\\/avatar\\\/adf7b77e38b4419baf32c7e9c21dde01f4e40df611f0978e3006fc4ba0aaab7e?s=96&d=mm&r=g\",\"contentUrl\":\"https:\\\/\\\/secure.gravatar.com\\\/avatar\\\/adf7b77e38b4419baf32c7e9c21dde01f4e40df611f0978e3006fc4ba0aaab7e?s=96&d=mm&r=g\",\"caption\":\"Redacci\u00f3n Box Repsol\"},\"description\":\"Box Repsol lo forma un equipo de periodistas, community managers, dise\u00f1adores y fot\u00f3grafos con m\u00e1s de 20 a\u00f1os de experiencia en el mundo del motorsport. Hemos vivido el primer mundial de un espa\u00f1ol en la categor\u00eda reina de motociclismo con \u00c1lex Crivill\u00e9, estuvimos en las victorias de Pedrosa y los t\u00edtulos de M\u00e1rquez, acompa\u00f1amos en \u00c1frica a Nani Roma y Marc Coma en sus conquistas del Dakar y hemos vibrado con los t\u00edtulos de Toni Bou en Trial. Adem\u00e1s, en nuestro equipo contamos con expertos en el mundo de las dos y cuatro ruedas tanto de la calle y las carreteras, como de los circuitos. Periodistas que han trabajado en revistas y publicaciones para hacerte llegar desde rutas y consejos de mantenimiento, a curiosidades y trucos de pilotaje.\",\"sameAs\":[\"https:\\\/\\\/www.facebook.com\\\/BoxRepsol\\\/\",\"https:\\\/\\\/www.instagram.com\\\/box_repsol\\\/\",\"https:\\\/\\\/x.com\\\/https:\\\/\\\/twitter.com\\\/box_repsol\",\"https:\\\/\\\/www.youtube.com\\\/@Boxrepsol\"],\"url\":\"https:\\\/\\\/www.boxrepsol.com\\\/es\\\/author\\\/redaccion-box-repsol\\\/\"}]}<\/script>\n<!-- \/ Yoast SEO plugin. -->","yoast_head_json":{"title":"Sexto mejor tiempo para \u00c1lex M\u00e1rquez en Arag\u00f3n - Box Repsol","description":"El piloto del equipo Repsol Honda ha completado un positivo primer d\u00eda rodando en tiempos de cabeza. Stefan Bradl, und\u00e9cimo, tambi\u00e9n se ha mostrado r\u00e1pido.","canonical":"https:\/\/www.boxrepsol.com\/es\/motogp\/teruel-alex-marquez\/","og_locale":"es_ES","og_type":"article","og_title":"Sexto mejor tiempo para \u00c1lex M\u00e1rquez en Arag\u00f3n - Box Repsol","og_description":"El piloto del equipo Repsol Honda ha completado un positivo primer d\u00eda rodando en tiempos de cabeza. Stefan Bradl, und\u00e9cimo, tambi\u00e9n se ha mostrado r\u00e1pido.","og_url":"https:\/\/www.boxrepsol.com\/es\/motogp\/teruel-alex-marquez\/","og_site_name":"Box Repsol","article_publisher":"https:\/\/www.facebook.com\/BoxRepsol","article_author":"https:\/\/www.facebook.com\/BoxRepsol\/","article_published_time":"2020-10-23T02:00:00+00:00","article_modified_time":"2024-04-19T09:11:22+00:00","og_image":[{"width":1280,"height":720,"url":"https:\/\/bxrepsol.s3.eu-west-1.amazonaws.com\/static\/2022\/08\/09120829\/foto_teruel_alexmarquez-1.jpg","type":"image\/jpeg"}],"author":"Redacci\u00f3n Box Repsol","twitter_card":"summary_large_image","twitter_creator":"@https:\/\/twitter.com\/box_repsol","twitter_site":"@box_repsol","twitter_misc":{"Written by":"Redacci\u00f3n Box Repsol","Est. reading time":"2 minutos"},"schema":{"@context":"https:\/\/schema.org","@graph":[{"@type":"Article","@id":"https:\/\/www.boxrepsol.com\/es\/motogp\/teruel-alex-marquez\/#article","isPartOf":{"@id":"https:\/\/www.boxrepsol.com\/es\/motogp\/teruel-alex-marquez\/"},"author":{"name":"Redacci\u00f3n Box Repsol","@id":"https:\/\/www.boxrepsol.com\/es\/#\/schema\/person\/c5c2138f2cca251b0ad92b7086bb60b7"},"headline":"Sexto mejor tiempo para \u00c1lex M\u00e1rquez en Arag\u00f3n","datePublished":"2020-10-23T02:00:00+00:00","dateModified":"2024-04-19T09:11:22+00:00","mainEntityOfPage":{"@id":"https:\/\/www.boxrepsol.com\/es\/motogp\/teruel-alex-marquez\/"},"wordCount":365,"commentCount":0,"publisher":{"@id":"https:\/\/www.boxrepsol.com\/es\/#organization"},"image":{"@id":"https:\/\/www.boxrepsol.com\/es\/motogp\/teruel-alex-marquez\/#primaryimage"},"thumbnailUrl":"https:\/\/bxrepsol.s3.eu-west-1.amazonaws.com\/static\/2022\/08\/09120829\/foto_teruel_alexmarquez-1.jpg","keywords":["2020","Campeonato del Mundo de Motociclismo","MotoGP Teruel"],"articleSection":["MotoGP"],"inLanguage":"es","potentialAction":[{"@type":"CommentAction","name":"Comment","target":["https:\/\/www.boxrepsol.com\/es\/motogp\/teruel-alex-marquez\/#respond"]}]},{"@type":"WebPage","@id":"https:\/\/www.boxrepsol.com\/es\/motogp\/teruel-alex-marquez\/","url":"https:\/\/www.boxrepsol.com\/es\/motogp\/teruel-alex-marquez\/","name":"Sexto mejor tiempo para \u00c1lex M\u00e1rquez en Arag\u00f3n - Box Repsol","isPartOf":{"@id":"https:\/\/www.boxrepsol.com\/es\/#website"},"primaryImageOfPage":{"@id":"https:\/\/www.boxrepsol.com\/es\/motogp\/teruel-alex-marquez\/#primaryimage"},"image":{"@id":"https:\/\/www.boxrepsol.com\/es\/motogp\/teruel-alex-marquez\/#primaryimage"},"thumbnailUrl":"https:\/\/bxrepsol.s3.eu-west-1.amazonaws.com\/static\/2022\/08\/09120829\/foto_teruel_alexmarquez-1.jpg","datePublished":"2020-10-23T02:00:00+00:00","dateModified":"2024-04-19T09:11:22+00:00","description":"El piloto del equipo Repsol Honda ha completado un positivo primer d\u00eda rodando en tiempos de cabeza. Stefan Bradl, und\u00e9cimo, tambi\u00e9n se ha mostrado r\u00e1pido.","breadcrumb":{"@id":"https:\/\/www.boxrepsol.com\/es\/motogp\/teruel-alex-marquez\/#breadcrumb"},"inLanguage":"es","potentialAction":[{"@type":"ReadAction","target":["https:\/\/www.boxrepsol.com\/es\/motogp\/teruel-alex-marquez\/"]}]},{"@type":"ImageObject","inLanguage":"es","@id":"https:\/\/www.boxrepsol.com\/es\/motogp\/teruel-alex-marquez\/#primaryimage","url":"https:\/\/bxrepsol.s3.eu-west-1.amazonaws.com\/static\/2022\/08\/09120829\/foto_teruel_alexmarquez-1.jpg","contentUrl":"https:\/\/bxrepsol.s3.eu-west-1.amazonaws.com\/static\/2022\/08\/09120829\/foto_teruel_alexmarquez-1.jpg","width":1280,"height":720,"caption":"\u00c1lex M\u00e1rquez Teruel"},{"@type":"BreadcrumbList","@id":"https:\/\/www.boxrepsol.com\/es\/motogp\/teruel-alex-marquez\/#breadcrumb","itemListElement":[{"@type":"ListItem","position":1,"name":"Home","item":"https:\/\/www.boxrepsol.com\/es\/"},{"@type":"ListItem","position":2,"name":"Sexto mejor tiempo para \u00c1lex M\u00e1rquez en Arag\u00f3n"}]},{"@type":"WebSite","@id":"https:\/\/www.boxrepsol.com\/es\/#website","url":"https:\/\/www.boxrepsol.com\/es\/","name":"Box Repsol","description":"Box Repsol Site","publisher":{"@id":"https:\/\/www.boxrepsol.com\/es\/#organization"},"potentialAction":[{"@type":"SearchAction","target":{"@type":"EntryPoint","urlTemplate":"https:\/\/www.boxrepsol.com\/es\/?s={search_term_string}"},"query-input":{"@type":"PropertyValueSpecification","valueRequired":true,"valueName":"search_term_string"}}],"inLanguage":"es"},{"@type":"Organization","@id":"https:\/\/www.boxrepsol.com\/es\/#organization","name":"Box Repsol","url":"https:\/\/www.boxrepsol.com\/es\/","logo":{"@type":"ImageObject","inLanguage":"es","@id":"https:\/\/www.boxrepsol.com\/es\/#\/schema\/logo\/image\/","url":"https:\/\/bxrepsol.s3.eu-west-1.amazonaws.com\/static\/2025\/07\/30083337\/favicon-96x96-1.png","contentUrl":"https:\/\/bxrepsol.s3.eu-west-1.amazonaws.com\/static\/2025\/07\/30083337\/favicon-96x96-1.png","width":96,"height":96,"caption":"Box Repsol"},"image":{"@id":"https:\/\/www.boxrepsol.com\/es\/#\/schema\/logo\/image\/"},"sameAs":["https:\/\/www.facebook.com\/BoxRepsol","https:\/\/x.com\/box_repsol","http:\/\/instagram.com\/box_repsol","https:\/\/www.youtube.com\/user\/RepsolCompeticion","https:\/\/www.flickr.com\/photos\/box_repsol\/"]},{"@type":"Person","@id":"https:\/\/www.boxrepsol.com\/es\/#\/schema\/person\/c5c2138f2cca251b0ad92b7086bb60b7","name":"Redacci\u00f3n Box Repsol","image":{"@type":"ImageObject","inLanguage":"es","@id":"https:\/\/secure.gravatar.com\/avatar\/adf7b77e38b4419baf32c7e9c21dde01f4e40df611f0978e3006fc4ba0aaab7e?s=96&d=mm&r=g","url":"https:\/\/secure.gravatar.com\/avatar\/adf7b77e38b4419baf32c7e9c21dde01f4e40df611f0978e3006fc4ba0aaab7e?s=96&d=mm&r=g","contentUrl":"https:\/\/secure.gravatar.com\/avatar\/adf7b77e38b4419baf32c7e9c21dde01f4e40df611f0978e3006fc4ba0aaab7e?s=96&d=mm&r=g","caption":"Redacci\u00f3n Box Repsol"},"description":"Box Repsol lo forma un equipo de periodistas, community managers, dise\u00f1adores y fot\u00f3grafos con m\u00e1s de 20 a\u00f1os de experiencia en el mundo del motorsport. Hemos vivido el primer mundial de un espa\u00f1ol en la categor\u00eda reina de motociclismo con \u00c1lex Crivill\u00e9, estuvimos en las victorias de Pedrosa y los t\u00edtulos de M\u00e1rquez, acompa\u00f1amos en \u00c1frica a Nani Roma y Marc Coma en sus conquistas del Dakar y hemos vibrado con los t\u00edtulos de Toni Bou en Trial. Adem\u00e1s, en nuestro equipo contamos con expertos en el mundo de las dos y cuatro ruedas tanto de la calle y las carreteras, como de los circuitos. Periodistas que han trabajado en revistas y publicaciones para hacerte llegar desde rutas y consejos de mantenimiento, a curiosidades y trucos de pilotaje.","sameAs":["https:\/\/www.facebook.com\/BoxRepsol\/","https:\/\/www.instagram.com\/box_repsol\/","https:\/\/x.com\/https:\/\/twitter.com\/box_repsol","https:\/\/www.youtube.com\/@Boxrepsol"],"url":"https:\/\/www.boxrepsol.com\/es\/author\/redaccion-box-repsol\/"}]}},"_links":{"self":[{"href":"https:\/\/www.boxrepsol.com\/es\/wp-json\/wp\/v2\/posts\/94705","targetHints":{"allow":["GET"]}}],"collection":[{"href":"https:\/\/www.boxrepsol.com\/es\/wp-json\/wp\/v2\/posts"}],"about":[{"href":"https:\/\/www.boxrepsol.com\/es\/wp-json\/wp\/v2\/types\/post"}],"author":[{"embeddable":true,"href":"https:\/\/www.boxrepsol.com\/es\/wp-json\/wp\/v2\/users\/43146"}],"replies":[{"embeddable":true,"href":"https:\/\/www.boxrepsol.com\/es\/wp-json\/wp\/v2\/comments?post=94705"}],"version-history":[{"count":1,"href":"https:\/\/www.boxrepsol.com\/es\/wp-json\/wp\/v2\/posts\/94705\/revisions"}],"predecessor-version":[{"id":115096,"href":"https:\/\/www.boxrepsol.com\/es\/wp-json\/wp\/v2\/posts\/94705\/revisions\/115096"}],"wp:featuredmedia":[{"embeddable":true,"href":"https:\/\/www.boxrepsol.com\/es\/wp-json\/wp\/v2\/media\/41339"}],"wp:attachment":[{"href":"https:\/\/www.boxrepsol.com\/es\/wp-json\/wp\/v2\/media?parent=94705"}],"wp:term":[{"taxonomy":"category","embeddable":true,"href":"https:\/\/www.boxrepsol.com\/es\/wp-json\/wp\/v2\/categories?post=94705"},{"taxonomy":"post_tag","embeddable":true,"href":"https:\/\/www.boxrepsol.com\/es\/wp-json\/wp\/v2\/tags?post=94705"}],"curies":[{"name":"wp","href":"https:\/\/api.w.org\/{rel}","templated":true}]}}