{"id":94700,"date":"2020-10-21T00:00:00","date_gmt":"2020-10-21T02:00:00","guid":{"rendered":"http:\/\/pre.boxrepsol.com\/sin-categorizar\/renovacion-repsol-honda-2022\/"},"modified":"2024-04-19T07:10:47","modified_gmt":"2024-04-19T09:10:47","slug":"renovacion-repsol-honda-2022","status":"publish","type":"post","link":"https:\/\/www.boxrepsol.com\/es\/motogp\/renovacion-repsol-honda-2022\/","title":{"rendered":"Repsol y Honda renuevan su alianza hasta 2022"},"content":{"rendered":"<p>Pocos podr\u00edan haber imaginado en 1995, cuando Repsol y Honda firmaron su primer acuerdo de colaboraci\u00f3n tecnol\u00f3gica y deportiva, que esa alianza seguir\u00eda cosechando \u00e9xitos 26 a\u00f1os despu\u00e9s.<\/p>\n<p>Ambas compa\u00f1\u00edas han renovado su acuerdo y los colores de Repsol y Honda, el icono m\u00e1s reconocible del Campeonato del Mundo de MotoGP, continuar\u00e1n luciendo juntos durante dos a\u00f1os m\u00e1s, hasta 2022.<\/p>\n<p>La <strong>cooperaci\u00f3n entre Repsol y Honda Racing Corporation (HRC)<\/strong> logr\u00f3 el \u00e9xito inmediatamente cuando Mick Doohan gan\u00f3 la carrera inaugural de la temporada 1995 en Eastern Creek (Australia) y, adem\u00e1s, se llev\u00f3 el t\u00edtulo ese mismo a\u00f1o. Las alegr\u00edas han continuado desde entonces. El equipo Repsol Honda en la m\u00e1xima categor\u00eda del motociclismo mundial <strong>ha alcanzado las 180 victorias y 15 Campeonatos del Mundo de pilotos<\/strong>, consolid\u00e1ndose como referencia deportiva y tecnol\u00f3gica.<\/p>\n<p>M\u00e1s de la mitad de los t\u00edtulos mundiales de la categor\u00eda reina ganados desde 1995 han acabado en las vitrinas del equipo. Adem\u00e1s, la colaboraci\u00f3n Repsol-Honda ha dado lugar a diez campeonatos por equipos desde que se cre\u00f3 el galard\u00f3n en 2002. Tambi\u00e9n ha logrado un r\u00e9cord de 447 podios en 500cc y MotoGP gracias a pilotos como Mick Doohan, \u00c1lex Crivill\u00e9, Valentino Rossi, Nicky Hayden, Casey Stoner, Dani Pedrosa, Marc M\u00e1rquez y, m\u00e1s recientemente, \u00c1lex M\u00e1rquez en las dos \u00faltimas carreras, los GP de Francia y Arag\u00f3n.<\/p>\n<p>                    <a\n                        href=\"https:\/\/bxrepsol.s3.eu-west-1.amazonaws.com\/static\/2022\/08\/05075647\/15Tailandia19MgpREPSOL_AEJOC4624.jpg\"\n                        data-index=\"0\"\n                    ><br \/>\n                        <img decoding=\"async\"\n                            src=\"https:\/\/bxrepsol.s3.eu-west-1.amazonaws.com\/static\/2022\/08\/05075647\/15Tailandia19MgpREPSOL_AEJOC4624.jpg\"\n                            srcset=\"https:\/\/bxrepsol.s3.eu-west-1.amazonaws.com\/static\/2022\/08\/05075647\/15Tailandia19MgpREPSOL_AEJOC4624.jpg 1200w, https:\/\/bxrepsol.s3.eu-west-1.amazonaws.com\/static\/2022\/08\/05075647\/15Tailandia19MgpREPSOL_AEJOC4624.jpg 900w, https:\/\/bxrepsol.s3.eu-west-1.amazonaws.com\/static\/2022\/08\/05075647\/15Tailandia19MgpREPSOL_AEJOC4624.jpg 600w, https:\/\/bxrepsol.s3.eu-west-1.amazonaws.com\/static\/2022\/08\/05075647\/15Tailandia19MgpREPSOL_AEJOC4624.jpg 480w, https:\/\/bxrepsol.s3.eu-west-1.amazonaws.com\/static\/2022\/08\/05075647\/15Tailandia19MgpREPSOL_AEJOC4624.jpg 32w\"\n                            title=\"15Tailandia19MgpREPSOL_AEJOC4624\"\n                            alt=\"\"\n                            data-title=\"\"><br \/>\n                    <\/a><br \/>\n                    <a\n                        href=\"https:\/\/bxrepsol.s3.eu-west-1.amazonaws.com\/static\/2022\/08\/05075648\/16Valencia02-MgpJOlivares009.jpg\"\n                        data-index=\"1\"\n                    ><br \/>\n                        <img decoding=\"async\"\n                            src=\"https:\/\/bxrepsol.s3.eu-west-1.amazonaws.com\/static\/2022\/08\/05075648\/16Valencia02-MgpJOlivares009.jpg\"\n                            srcset=\"https:\/\/bxrepsol.s3.eu-west-1.amazonaws.com\/static\/2022\/08\/05075648\/16Valencia02-MgpJOlivares009.jpg 2464w, https:\/\/bxrepsol.s3.eu-west-1.amazonaws.com\/static\/2022\/08\/05075648\/16Valencia02-MgpJOlivares009.jpg 1280w, https:\/\/bxrepsol.s3.eu-west-1.amazonaws.com\/static\/2022\/08\/05075648\/16Valencia02-MgpJOlivares009.jpg 900w, https:\/\/bxrepsol.s3.eu-west-1.amazonaws.com\/static\/2022\/08\/05075648\/16Valencia02-MgpJOlivares009.jpg 600w, https:\/\/bxrepsol.s3.eu-west-1.amazonaws.com\/static\/2022\/08\/05075648\/16Valencia02-MgpJOlivares009.jpg 480w, https:\/\/bxrepsol.s3.eu-west-1.amazonaws.com\/static\/2022\/08\/05075648\/16Valencia02-MgpJOlivares009.jpg 32w\"\n                            title=\"2002 Grandes Premios GGPP 2002\"\n                            alt=\"\"\n                            data-title=\"\"><br \/>\n                    <\/a><br \/>\n                    <a\n                        href=\"https:\/\/bxrepsol.s3.eu-west-1.amazonaws.com\/static\/2022\/08\/05075651\/018Valencia13_RMgp_XXX_7661.jpg\"\n                        data-index=\"2\"\n                    ><br \/>\n                        <img decoding=\"async\"\n                            src=\"https:\/\/bxrepsol.s3.eu-west-1.amazonaws.com\/static\/2022\/08\/05075651\/018Valencia13_RMgp_XXX_7661.jpg\"\n                            srcset=\"https:\/\/bxrepsol.s3.eu-west-1.amazonaws.com\/static\/2022\/08\/05075651\/018Valencia13_RMgp_XXX_7661.jpg 1200w, https:\/\/bxrepsol.s3.eu-west-1.amazonaws.com\/static\/2022\/08\/05075651\/018Valencia13_RMgp_XXX_7661.jpg 900w, https:\/\/bxrepsol.s3.eu-west-1.amazonaws.com\/static\/2022\/08\/05075651\/018Valencia13_RMgp_XXX_7661.jpg 600w, https:\/\/bxrepsol.s3.eu-west-1.amazonaws.com\/static\/2022\/08\/05075651\/018Valencia13_RMgp_XXX_7661.jpg 480w, https:\/\/bxrepsol.s3.eu-west-1.amazonaws.com\/static\/2022\/08\/05075651\/018Valencia13_RMgp_XXX_7661.jpg 32w\"\n                            title=\"018Valencia13_RMgp_XXX_7661\"\n                            alt=\"\"\n                            data-title=\"\"><br \/>\n                    <\/a><br \/>\n                    <a\n                        href=\"https:\/\/bxrepsol.s3.eu-west-1.amazonaws.com\/static\/2022\/08\/05075652\/041a__179759_tcm7-320352.jpg\"\n                        data-index=\"3\"\n                    ><br \/>\n                        <img decoding=\"async\"\n                            src=\"https:\/\/bxrepsol.s3.eu-west-1.amazonaws.com\/static\/2022\/08\/05075652\/041a__179759_tcm7-320352.jpg\"\n                            srcset=\"https:\/\/bxrepsol.s3.eu-west-1.amazonaws.com\/static\/2022\/08\/05075652\/041a__179759_tcm7-320352.jpg 1200w, https:\/\/bxrepsol.s3.eu-west-1.amazonaws.com\/static\/2022\/08\/05075652\/041a__179759_tcm7-320352.jpg 900w, https:\/\/bxrepsol.s3.eu-west-1.amazonaws.com\/static\/2022\/08\/05075652\/041a__179759_tcm7-320352.jpg 600w, https:\/\/bxrepsol.s3.eu-west-1.amazonaws.com\/static\/2022\/08\/05075652\/041a__179759_tcm7-320352.jpg 480w, https:\/\/bxrepsol.s3.eu-west-1.amazonaws.com\/static\/2022\/08\/05075652\/041a__179759_tcm7-320352.jpg 32w\"\n                            title=\"041a__179759_tcm7-320352\"\n                            alt=\"\"\n                            data-title=\"\"><br \/>\n                    <\/a><br \/>\n                    <a\n                        href=\"https:\/\/bxrepsol.s3.eu-west-1.amazonaws.com\/static\/2022\/08\/05075653\/IMG_9878.jpg\"\n                        data-index=\"4\"\n                    ><br \/>\n                        <img decoding=\"async\"\n                            src=\"https:\/\/bxrepsol.s3.eu-west-1.amazonaws.com\/static\/2022\/08\/05075653\/IMG_9878.jpg\"\n                            srcset=\"https:\/\/bxrepsol.s3.eu-west-1.amazonaws.com\/static\/2022\/08\/05075653\/IMG_9878.jpg 1200w, https:\/\/bxrepsol.s3.eu-west-1.amazonaws.com\/static\/2022\/08\/05075653\/IMG_9878.jpg 900w, https:\/\/bxrepsol.s3.eu-west-1.amazonaws.com\/static\/2022\/08\/05075653\/IMG_9878.jpg 600w, https:\/\/bxrepsol.s3.eu-west-1.amazonaws.com\/static\/2022\/08\/05075653\/IMG_9878.jpg 480w, https:\/\/bxrepsol.s3.eu-west-1.amazonaws.com\/static\/2022\/08\/05075653\/IMG_9878.jpg 32w\"\n                            title=\"IMG_9878\"\n                            alt=\"\"\n                            data-title=\"\"><br \/>\n                    <\/a><br \/>\n        <button data-glide-dir=\"<\"><br \/>\n            <svg role=\"img\"  viewBox=\"0 0 256 512\">\n                <path fill=\"currentColor\" d=\"M238.475 475.535l7.071-7.07c4.686-4.686 4.686-12.284 0-16.971L50.053 256 245.546 60.506c4.686-4.686 4.686-12.284 0-16.971l-7.071-7.07c-4.686-4.686-12.284-4.686-16.97 0L10.454 247.515c-4.686 4.686-4.686 12.284 0 16.971l211.051 211.05c4.686 4.686 12.284 4.686 16.97-.001z\"><\/path>\n            <\/svg><br \/>\n        <\/button><br \/>\n        <button data-glide-dir=\">\u00ab><br \/>\n            <svg role=\"img\"  viewBox=\"0 0 256 512\">\n                <path fill=\"currentColor\" d=\"M17.525 36.465l-7.071 7.07c-4.686 4.686-4.686 12.284 0 16.971L205.947 256 10.454 451.494c-4.686 4.686-4.686 12.284 0 16.971l7.071 7.07c4.686 4.686 12.284 4.686 16.97 0l211.051-211.05c4.686-4.686 4.686-12.284 0-16.971L34.495 36.465c-4.686-4.687-12.284-4.687-16.97 0z\"><\/path>\n            <\/svg><br \/>\n        <\/button><\/p>\n<h3>La competici\u00f3n, el mejor banco de pruebas<\/h3>\n<p>La relaci\u00f3n entre estas dos grandes compa\u00f1\u00edas se basa en un trabajo conjunto para alcanzar la excelencia, es decir, la victoria en los circuitos de todo el mundo y tambi\u00e9n en el desarrollo de sus productos. La estrecha relaci\u00f3n de trabajo entre el Repsol Technology Lab, que se encuentra en M\u00f3stoles (Espa\u00f1a), y los laboratorios de HRC en Saitama (Jap\u00f3n) ha dado como resultado una f\u00f3rmula ganadora basada en la innovaci\u00f3n, la aplicaci\u00f3n de la \u00faltima tecnolog\u00eda y la mejora continua. En l\u00ednea con ello, Repsol ya est\u00e1 desarrollando, de acuerdo con el compromiso de ser una compa\u00f1\u00eda cero emisiones netas en el a\u00f1o 2050, diferentes soluciones con bajo contenido en carbono en todos los \u00e1mbitos de la movilidad, incluido el de la alta competici\u00f3n.<\/p>\n<p>Para la pr\u00f3xima temporada, el Repsol Technology Lab formular\u00e1 y producir\u00e1 aproximadamente 30.000 litros de gasolina y 5.000 litros de lubricante para el equipo oficial de MotoGP, tanto para los test de pretemporada como para los Grandes Premios y las pruebas de desarrollo que se llevan a cabo en Saitama.<\/p>\n<p>En la d\u00e9cada de los 90, la colaboraci\u00f3n comenz\u00f3 con el desarrollo de motores y combustible de dos tiempos, llegando posteriormente el desaf\u00edo de conseguir las mejores prestaciones para las motos de cuatro tiempos en las condiciones m\u00e1s extremas, como las que se dan en los circuitos. Hoy Repsol y Honda siguen trabajando conjuntamente para mejorar sus productos en un banco de pruebas tan exigente como MotoGP. Los aprendizajes de la competici\u00f3n se trasladan a todo aquello que ambas compa\u00f1\u00edas ofrecen a sus clientes. En el caso de Repsol, por ejemplo, los usuarios de sus 5.000 estaciones de servicio repartidas entre Espa\u00f1a, Portugal, Per\u00fa, Italia y M\u00e9xico, o de los m\u00e1s de 90 pa\u00edses donde comercializa sus lubricantes.<\/p>\n<h3>Valores en com\u00fan<\/h3>\n<p>Esta renovaci\u00f3n supone una reafirmaci\u00f3n en el compromiso de Repsol con el mundo del deporte. La presencia de la energ\u00e9tica espa\u00f1ola en la competici\u00f3n se remonta al a\u00f1o 1969 y va mucho m\u00e1s all\u00e1 del propio concepto de patrocinio deportivo. En \u00e9l radica su compromiso por aprender, mejorar d\u00eda a d\u00eda y seguir dando lo mejor de s\u00ed misma, sea cual sea la situaci\u00f3n a la que haya que hacer frente. Unos valores que cristalizan en su alianza con HRC a lo largo de estos 26 a\u00f1os de retos continuos. M\u00e1s de un cuarto de siglo en el que tanto Repsol como Honda han demostrado que comparten una misma filosof\u00eda de trabajo en equipo, basada en el respeto mutuo y el esp\u00edritu de superaci\u00f3n.<\/p>\n<p><a href=\"https:\/\/bxrepsol.s3.eu-west-1.amazonaws.com\/static\/2022\/08\/09120755\/info-esp-1-scaled.jpg\" \n   title=\"infografia repsol honda\" \n   data-gallery-thumbnail=\"https:\/\/bxrepsol.s3.eu-west-1.amazonaws.com\/static\/2022\/08\/09120755\/info-esp-1-scaled.jpg\"\n   data-gallery-title=\"\"\n   data-gallery><\/p>\n<figure>\n        <picture style=\"padding-bottom: 58.441558441558%; background-image: url(https:\/\/bxrepsol.s3.eu-west-1.amazonaws.com\/static\/2022\/08\/09120755\/info-esp-1-scaled.jpg);\">\n            <img decoding=\"async\" src=\"https:\/\/bxrepsol.s3.eu-west-1.amazonaws.com\/static\/2022\/08\/09120755\/info-esp-1-scaled.jpg\"><br \/>\n            <img itemprop=\"image\"\n                data-srcset=\"https:\/\/bxrepsol.s3.eu-west-1.amazonaws.com\/static\/2022\/08\/09120755\/info-esp-1-scaled.jpg 480w, https:\/\/bxrepsol.s3.eu-west-1.amazonaws.com\/static\/2022\/08\/09120755\/info-esp-1-scaled.jpg 600w, https:\/\/bxrepsol.s3.eu-west-1.amazonaws.com\/static\/2022\/08\/09120755\/info-esp-1-scaled.jpg 900w, https:\/\/bxrepsol.s3.eu-west-1.amazonaws.com\/static\/2022\/08\/09120755\/info-esp-1-scaled.jpg 1280w\"\n                data-src=\"https:\/\/bxrepsol.s3.eu-west-1.amazonaws.com\/static\/2022\/08\/09120755\/info-esp-1-scaled.jpg\"\n                alt=\"infografia repsol honda\"\n                title=\"info-esp\"\/><br \/>\n            <noscript><img decoding=\"async\" src=\"https:\/\/bxrepsol.s3.eu-west-1.amazonaws.com\/static\/2022\/08\/09120755\/info-esp-1-scaled.jpg\" alt=\"infografia repsol honda\"><\/noscript>\n        <\/picture><figcaption>infografia repsol honda<\/figcaption><\/figure>\n<p><\/a><\/p>\n<p><a> Bego\u00f1a Elices<\/a><\/p>\n<p><em>\u00abLa renovaci\u00f3n del acuerdo con un socio tan relevante para Repsol como Honda en MotoGP es una prueba de la solidez de nuestra alianza, m\u00e1s si cabe en el actual contexto internacional provocado por la pandemia por coronavirus. Para Repsol, el factor tecnol\u00f3gico resulta clave y esta hist\u00f3rica asociaci\u00f3n tiene mucho de innovaci\u00f3n y de colaboraci\u00f3n. Juntos hemos alcanzado grandes metas deportivas y tambi\u00e9n juntos hemos hecho evolucionar nuestros productos hacia la excelencia. Seguir avanzando por esta exitosa senda, siempre al servicio de la sociedad, es lo que nos impulsa a continuar super\u00e1ndonos d\u00eda a d\u00eda\u201d.<\/em><\/p>\n<hr\/>\n<p><a>Yoshishige Nomura<\/a><\/p>\n<p><em>\u00abSiempre es una satisfacci\u00f3n ampliar nuestra colaboraci\u00f3n con Repsol, esta vez por dos a\u00f1os m\u00e1s. Juntos hemos logrado un \u00e9xito incre\u00edble y formamos una asociaci\u00f3n que es \u00fanica en el deporte del motor. Trabajando como un solo equipo hemos tenido y seguiremos teniendo que superar todos los obst\u00e1culos y dificultades que se nos presenten. 2020 ha sido un a\u00f1o dif\u00edcil para el mundo, pero junto con Repsol hemos seguido trabajando centrados en nuestros objetivos. Ahora estamos deseando continuar este viaje juntos y escribir muchas m\u00e1s p\u00e1ginas en la historia de las carreras de la m\u00e1xima competici\u00f3n\u201d.<\/em><\/p>\n","protected":false},"excerpt":{"rendered":"<p>El binomio, uno de los m\u00e1s reconocidos en las competiciones internacionales de motor, ampl\u00eda dos a\u00f1os m\u00e1s su exitosa colaboraci\u00f3n.<\/p>\n","protected":false},"author":43146,"featured_media":41299,"comment_status":"open","ping_status":"open","sticky":false,"template":"","format":"standard","meta":{"footnotes":""},"categories":[4],"tags":[191,50],"class_list":["post-94700","post","type-post","status-publish","format-standard","hentry","category-motogp","tag-191","tag-equipo-repsol-honda"],"yoast_head":"<!-- This site is optimized with the Yoast SEO plugin v27.3 - https:\/\/yoast.com\/product\/yoast-seo-wordpress\/ -->\n<title>Repsol y Honda renuevan su alianza hasta 2022 - Box Repsol<\/title>\n<meta name=\"description\" content=\"El binomio, uno de los m\u00e1s reconocidos en las competiciones internacionales de motor, ampl\u00eda dos a\u00f1os m\u00e1s su exitosa colaboraci\u00f3n.\" \/>\n<link rel=\"canonical\" href=\"https:\/\/www.boxrepsol.com\/es\/motogp\/renovacion-repsol-honda-2022\/\" \/>\n<meta property=\"og:locale\" content=\"es_ES\" \/>\n<meta property=\"og:type\" content=\"article\" \/>\n<meta property=\"og:title\" content=\"Repsol y Honda renuevan su alianza hasta 2022 - Box Repsol\" \/>\n<meta property=\"og:description\" content=\"El binomio, uno de los m\u00e1s reconocidos en las competiciones internacionales de motor, ampl\u00eda dos a\u00f1os m\u00e1s su exitosa colaboraci\u00f3n.\" \/>\n<meta property=\"og:url\" content=\"https:\/\/www.boxrepsol.com\/es\/motogp\/renovacion-repsol-honda-2022\/\" \/>\n<meta property=\"og:site_name\" content=\"Box Repsol\" \/>\n<meta property=\"article:publisher\" content=\"https:\/\/www.facebook.com\/BoxRepsol\" \/>\n<meta property=\"article:author\" content=\"https:\/\/www.facebook.com\/BoxRepsol\/\" \/>\n<meta property=\"article:published_time\" content=\"2020-10-21T02:00:00+00:00\" \/>\n<meta property=\"article:modified_time\" content=\"2024-04-19T09:10:47+00:00\" \/>\n<meta property=\"og:image\" content=\"https:\/\/bxrepsol.s3.eu-west-1.amazonaws.com\/static\/2022\/08\/09120759\/renovacion-repsol-honda-esp1.jpg\" \/>\n\t<meta property=\"og:image:width\" content=\"1280\" \/>\n\t<meta property=\"og:image:height\" content=\"719\" \/>\n\t<meta property=\"og:image:type\" content=\"image\/jpeg\" \/>\n<meta name=\"author\" content=\"Redacci\u00f3n Box Repsol\" \/>\n<meta name=\"twitter:card\" content=\"summary_large_image\" \/>\n<meta name=\"twitter:creator\" content=\"@https:\/\/twitter.com\/box_repsol\" \/>\n<meta name=\"twitter:site\" content=\"@box_repsol\" \/>\n<meta name=\"twitter:label1\" content=\"Written by\" \/>\n\t<meta name=\"twitter:data1\" content=\"Redacci\u00f3n Box Repsol\" \/>\n\t<meta name=\"twitter:label2\" content=\"Est. reading time\" \/>\n\t<meta name=\"twitter:data2\" content=\"5 minutos\" \/>\n<script type=\"application\/ld+json\" class=\"yoast-schema-graph\">{\"@context\":\"https:\\\/\\\/schema.org\",\"@graph\":[{\"@type\":\"Article\",\"@id\":\"https:\\\/\\\/www.boxrepsol.com\\\/es\\\/motogp\\\/renovacion-repsol-honda-2022\\\/#article\",\"isPartOf\":{\"@id\":\"https:\\\/\\\/www.boxrepsol.com\\\/es\\\/motogp\\\/renovacion-repsol-honda-2022\\\/\"},\"author\":{\"name\":\"Redacci\u00f3n Box Repsol\",\"@id\":\"https:\\\/\\\/www.boxrepsol.com\\\/es\\\/#\\\/schema\\\/person\\\/c5c2138f2cca251b0ad92b7086bb60b7\"},\"headline\":\"Repsol y Honda renuevan su alianza hasta 2022\",\"datePublished\":\"2020-10-21T02:00:00+00:00\",\"dateModified\":\"2024-04-19T09:10:47+00:00\",\"mainEntityOfPage\":{\"@id\":\"https:\\\/\\\/www.boxrepsol.com\\\/es\\\/motogp\\\/renovacion-repsol-honda-2022\\\/\"},\"wordCount\":935,\"commentCount\":0,\"publisher\":{\"@id\":\"https:\\\/\\\/www.boxrepsol.com\\\/es\\\/#organization\"},\"image\":{\"@id\":\"https:\\\/\\\/www.boxrepsol.com\\\/es\\\/motogp\\\/renovacion-repsol-honda-2022\\\/#primaryimage\"},\"thumbnailUrl\":\"https:\\\/\\\/bxrepsol.s3.eu-west-1.amazonaws.com\\\/static\\\/2022\\\/08\\\/09120759\\\/renovacion-repsol-honda-esp1.jpg\",\"keywords\":[\"2020\",\"Equipo Repsol Honda\"],\"articleSection\":[\"MotoGP\"],\"inLanguage\":\"es\",\"potentialAction\":[{\"@type\":\"CommentAction\",\"name\":\"Comment\",\"target\":[\"https:\\\/\\\/www.boxrepsol.com\\\/es\\\/motogp\\\/renovacion-repsol-honda-2022\\\/#respond\"]}]},{\"@type\":\"WebPage\",\"@id\":\"https:\\\/\\\/www.boxrepsol.com\\\/es\\\/motogp\\\/renovacion-repsol-honda-2022\\\/\",\"url\":\"https:\\\/\\\/www.boxrepsol.com\\\/es\\\/motogp\\\/renovacion-repsol-honda-2022\\\/\",\"name\":\"Repsol y Honda renuevan su alianza hasta 2022 - Box Repsol\",\"isPartOf\":{\"@id\":\"https:\\\/\\\/www.boxrepsol.com\\\/es\\\/#website\"},\"primaryImageOfPage\":{\"@id\":\"https:\\\/\\\/www.boxrepsol.com\\\/es\\\/motogp\\\/renovacion-repsol-honda-2022\\\/#primaryimage\"},\"image\":{\"@id\":\"https:\\\/\\\/www.boxrepsol.com\\\/es\\\/motogp\\\/renovacion-repsol-honda-2022\\\/#primaryimage\"},\"thumbnailUrl\":\"https:\\\/\\\/bxrepsol.s3.eu-west-1.amazonaws.com\\\/static\\\/2022\\\/08\\\/09120759\\\/renovacion-repsol-honda-esp1.jpg\",\"datePublished\":\"2020-10-21T02:00:00+00:00\",\"dateModified\":\"2024-04-19T09:10:47+00:00\",\"description\":\"El binomio, uno de los m\u00e1s reconocidos en las competiciones internacionales de motor, ampl\u00eda dos a\u00f1os m\u00e1s su exitosa colaboraci\u00f3n.\",\"breadcrumb\":{\"@id\":\"https:\\\/\\\/www.boxrepsol.com\\\/es\\\/motogp\\\/renovacion-repsol-honda-2022\\\/#breadcrumb\"},\"inLanguage\":\"es\",\"potentialAction\":[{\"@type\":\"ReadAction\",\"target\":[\"https:\\\/\\\/www.boxrepsol.com\\\/es\\\/motogp\\\/renovacion-repsol-honda-2022\\\/\"]}]},{\"@type\":\"ImageObject\",\"inLanguage\":\"es\",\"@id\":\"https:\\\/\\\/www.boxrepsol.com\\\/es\\\/motogp\\\/renovacion-repsol-honda-2022\\\/#primaryimage\",\"url\":\"https:\\\/\\\/bxrepsol.s3.eu-west-1.amazonaws.com\\\/static\\\/2022\\\/08\\\/09120759\\\/renovacion-repsol-honda-esp1.jpg\",\"contentUrl\":\"https:\\\/\\\/bxrepsol.s3.eu-west-1.amazonaws.com\\\/static\\\/2022\\\/08\\\/09120759\\\/renovacion-repsol-honda-esp1.jpg\",\"width\":1280,\"height\":719,\"caption\":\"renovaci\u00f3n repsol honda\"},{\"@type\":\"BreadcrumbList\",\"@id\":\"https:\\\/\\\/www.boxrepsol.com\\\/es\\\/motogp\\\/renovacion-repsol-honda-2022\\\/#breadcrumb\",\"itemListElement\":[{\"@type\":\"ListItem\",\"position\":1,\"name\":\"Home\",\"item\":\"https:\\\/\\\/www.boxrepsol.com\\\/es\\\/\"},{\"@type\":\"ListItem\",\"position\":2,\"name\":\"Repsol y Honda renuevan su alianza hasta 2022\"}]},{\"@type\":\"WebSite\",\"@id\":\"https:\\\/\\\/www.boxrepsol.com\\\/es\\\/#website\",\"url\":\"https:\\\/\\\/www.boxrepsol.com\\\/es\\\/\",\"name\":\"Box Repsol\",\"description\":\"Box Repsol Site\",\"publisher\":{\"@id\":\"https:\\\/\\\/www.boxrepsol.com\\\/es\\\/#organization\"},\"potentialAction\":[{\"@type\":\"SearchAction\",\"target\":{\"@type\":\"EntryPoint\",\"urlTemplate\":\"https:\\\/\\\/www.boxrepsol.com\\\/es\\\/?s={search_term_string}\"},\"query-input\":{\"@type\":\"PropertyValueSpecification\",\"valueRequired\":true,\"valueName\":\"search_term_string\"}}],\"inLanguage\":\"es\"},{\"@type\":\"Organization\",\"@id\":\"https:\\\/\\\/www.boxrepsol.com\\\/es\\\/#organization\",\"name\":\"Box Repsol\",\"url\":\"https:\\\/\\\/www.boxrepsol.com\\\/es\\\/\",\"logo\":{\"@type\":\"ImageObject\",\"inLanguage\":\"es\",\"@id\":\"https:\\\/\\\/www.boxrepsol.com\\\/es\\\/#\\\/schema\\\/logo\\\/image\\\/\",\"url\":\"https:\\\/\\\/bxrepsol.s3.eu-west-1.amazonaws.com\\\/static\\\/2025\\\/07\\\/30083337\\\/favicon-96x96-1.png\",\"contentUrl\":\"https:\\\/\\\/bxrepsol.s3.eu-west-1.amazonaws.com\\\/static\\\/2025\\\/07\\\/30083337\\\/favicon-96x96-1.png\",\"width\":96,\"height\":96,\"caption\":\"Box Repsol\"},\"image\":{\"@id\":\"https:\\\/\\\/www.boxrepsol.com\\\/es\\\/#\\\/schema\\\/logo\\\/image\\\/\"},\"sameAs\":[\"https:\\\/\\\/www.facebook.com\\\/BoxRepsol\",\"https:\\\/\\\/x.com\\\/box_repsol\",\"http:\\\/\\\/instagram.com\\\/box_repsol\",\"https:\\\/\\\/www.youtube.com\\\/user\\\/RepsolCompeticion\",\"https:\\\/\\\/www.flickr.com\\\/photos\\\/box_repsol\\\/\"]},{\"@type\":\"Person\",\"@id\":\"https:\\\/\\\/www.boxrepsol.com\\\/es\\\/#\\\/schema\\\/person\\\/c5c2138f2cca251b0ad92b7086bb60b7\",\"name\":\"Redacci\u00f3n Box Repsol\",\"image\":{\"@type\":\"ImageObject\",\"inLanguage\":\"es\",\"@id\":\"https:\\\/\\\/secure.gravatar.com\\\/avatar\\\/adf7b77e38b4419baf32c7e9c21dde01f4e40df611f0978e3006fc4ba0aaab7e?s=96&d=mm&r=g\",\"url\":\"https:\\\/\\\/secure.gravatar.com\\\/avatar\\\/adf7b77e38b4419baf32c7e9c21dde01f4e40df611f0978e3006fc4ba0aaab7e?s=96&d=mm&r=g\",\"contentUrl\":\"https:\\\/\\\/secure.gravatar.com\\\/avatar\\\/adf7b77e38b4419baf32c7e9c21dde01f4e40df611f0978e3006fc4ba0aaab7e?s=96&d=mm&r=g\",\"caption\":\"Redacci\u00f3n Box Repsol\"},\"description\":\"Box Repsol lo forma un equipo de periodistas, community managers, dise\u00f1adores y fot\u00f3grafos con m\u00e1s de 20 a\u00f1os de experiencia en el mundo del motorsport. Hemos vivido el primer mundial de un espa\u00f1ol en la categor\u00eda reina de motociclismo con \u00c1lex Crivill\u00e9, estuvimos en las victorias de Pedrosa y los t\u00edtulos de M\u00e1rquez, acompa\u00f1amos en \u00c1frica a Nani Roma y Marc Coma en sus conquistas del Dakar y hemos vibrado con los t\u00edtulos de Toni Bou en Trial. Adem\u00e1s, en nuestro equipo contamos con expertos en el mundo de las dos y cuatro ruedas tanto de la calle y las carreteras, como de los circuitos. Periodistas que han trabajado en revistas y publicaciones para hacerte llegar desde rutas y consejos de mantenimiento, a curiosidades y trucos de pilotaje.\",\"sameAs\":[\"https:\\\/\\\/www.facebook.com\\\/BoxRepsol\\\/\",\"https:\\\/\\\/www.instagram.com\\\/box_repsol\\\/\",\"https:\\\/\\\/x.com\\\/https:\\\/\\\/twitter.com\\\/box_repsol\",\"https:\\\/\\\/www.youtube.com\\\/@Boxrepsol\"],\"url\":\"https:\\\/\\\/www.boxrepsol.com\\\/es\\\/author\\\/redaccion-box-repsol\\\/\"}]}<\/script>\n<!-- \/ Yoast SEO plugin. -->","yoast_head_json":{"title":"Repsol y Honda renuevan su alianza hasta 2022 - Box Repsol","description":"El binomio, uno de los m\u00e1s reconocidos en las competiciones internacionales de motor, ampl\u00eda dos a\u00f1os m\u00e1s su exitosa colaboraci\u00f3n.","canonical":"https:\/\/www.boxrepsol.com\/es\/motogp\/renovacion-repsol-honda-2022\/","og_locale":"es_ES","og_type":"article","og_title":"Repsol y Honda renuevan su alianza hasta 2022 - Box Repsol","og_description":"El binomio, uno de los m\u00e1s reconocidos en las competiciones internacionales de motor, ampl\u00eda dos a\u00f1os m\u00e1s su exitosa colaboraci\u00f3n.","og_url":"https:\/\/www.boxrepsol.com\/es\/motogp\/renovacion-repsol-honda-2022\/","og_site_name":"Box Repsol","article_publisher":"https:\/\/www.facebook.com\/BoxRepsol","article_author":"https:\/\/www.facebook.com\/BoxRepsol\/","article_published_time":"2020-10-21T02:00:00+00:00","article_modified_time":"2024-04-19T09:10:47+00:00","og_image":[{"width":1280,"height":719,"url":"https:\/\/bxrepsol.s3.eu-west-1.amazonaws.com\/static\/2022\/08\/09120759\/renovacion-repsol-honda-esp1.jpg","type":"image\/jpeg"}],"author":"Redacci\u00f3n Box Repsol","twitter_card":"summary_large_image","twitter_creator":"@https:\/\/twitter.com\/box_repsol","twitter_site":"@box_repsol","twitter_misc":{"Written by":"Redacci\u00f3n Box Repsol","Est. reading time":"5 minutos"},"schema":{"@context":"https:\/\/schema.org","@graph":[{"@type":"Article","@id":"https:\/\/www.boxrepsol.com\/es\/motogp\/renovacion-repsol-honda-2022\/#article","isPartOf":{"@id":"https:\/\/www.boxrepsol.com\/es\/motogp\/renovacion-repsol-honda-2022\/"},"author":{"name":"Redacci\u00f3n Box Repsol","@id":"https:\/\/www.boxrepsol.com\/es\/#\/schema\/person\/c5c2138f2cca251b0ad92b7086bb60b7"},"headline":"Repsol y Honda renuevan su alianza hasta 2022","datePublished":"2020-10-21T02:00:00+00:00","dateModified":"2024-04-19T09:10:47+00:00","mainEntityOfPage":{"@id":"https:\/\/www.boxrepsol.com\/es\/motogp\/renovacion-repsol-honda-2022\/"},"wordCount":935,"commentCount":0,"publisher":{"@id":"https:\/\/www.boxrepsol.com\/es\/#organization"},"image":{"@id":"https:\/\/www.boxrepsol.com\/es\/motogp\/renovacion-repsol-honda-2022\/#primaryimage"},"thumbnailUrl":"https:\/\/bxrepsol.s3.eu-west-1.amazonaws.com\/static\/2022\/08\/09120759\/renovacion-repsol-honda-esp1.jpg","keywords":["2020","Equipo Repsol Honda"],"articleSection":["MotoGP"],"inLanguage":"es","potentialAction":[{"@type":"CommentAction","name":"Comment","target":["https:\/\/www.boxrepsol.com\/es\/motogp\/renovacion-repsol-honda-2022\/#respond"]}]},{"@type":"WebPage","@id":"https:\/\/www.boxrepsol.com\/es\/motogp\/renovacion-repsol-honda-2022\/","url":"https:\/\/www.boxrepsol.com\/es\/motogp\/renovacion-repsol-honda-2022\/","name":"Repsol y Honda renuevan su alianza hasta 2022 - Box Repsol","isPartOf":{"@id":"https:\/\/www.boxrepsol.com\/es\/#website"},"primaryImageOfPage":{"@id":"https:\/\/www.boxrepsol.com\/es\/motogp\/renovacion-repsol-honda-2022\/#primaryimage"},"image":{"@id":"https:\/\/www.boxrepsol.com\/es\/motogp\/renovacion-repsol-honda-2022\/#primaryimage"},"thumbnailUrl":"https:\/\/bxrepsol.s3.eu-west-1.amazonaws.com\/static\/2022\/08\/09120759\/renovacion-repsol-honda-esp1.jpg","datePublished":"2020-10-21T02:00:00+00:00","dateModified":"2024-04-19T09:10:47+00:00","description":"El binomio, uno de los m\u00e1s reconocidos en las competiciones internacionales de motor, ampl\u00eda dos a\u00f1os m\u00e1s su exitosa colaboraci\u00f3n.","breadcrumb":{"@id":"https:\/\/www.boxrepsol.com\/es\/motogp\/renovacion-repsol-honda-2022\/#breadcrumb"},"inLanguage":"es","potentialAction":[{"@type":"ReadAction","target":["https:\/\/www.boxrepsol.com\/es\/motogp\/renovacion-repsol-honda-2022\/"]}]},{"@type":"ImageObject","inLanguage":"es","@id":"https:\/\/www.boxrepsol.com\/es\/motogp\/renovacion-repsol-honda-2022\/#primaryimage","url":"https:\/\/bxrepsol.s3.eu-west-1.amazonaws.com\/static\/2022\/08\/09120759\/renovacion-repsol-honda-esp1.jpg","contentUrl":"https:\/\/bxrepsol.s3.eu-west-1.amazonaws.com\/static\/2022\/08\/09120759\/renovacion-repsol-honda-esp1.jpg","width":1280,"height":719,"caption":"renovaci\u00f3n repsol honda"},{"@type":"BreadcrumbList","@id":"https:\/\/www.boxrepsol.com\/es\/motogp\/renovacion-repsol-honda-2022\/#breadcrumb","itemListElement":[{"@type":"ListItem","position":1,"name":"Home","item":"https:\/\/www.boxrepsol.com\/es\/"},{"@type":"ListItem","position":2,"name":"Repsol y Honda renuevan su alianza hasta 2022"}]},{"@type":"WebSite","@id":"https:\/\/www.boxrepsol.com\/es\/#website","url":"https:\/\/www.boxrepsol.com\/es\/","name":"Box Repsol","description":"Box Repsol Site","publisher":{"@id":"https:\/\/www.boxrepsol.com\/es\/#organization"},"potentialAction":[{"@type":"SearchAction","target":{"@type":"EntryPoint","urlTemplate":"https:\/\/www.boxrepsol.com\/es\/?s={search_term_string}"},"query-input":{"@type":"PropertyValueSpecification","valueRequired":true,"valueName":"search_term_string"}}],"inLanguage":"es"},{"@type":"Organization","@id":"https:\/\/www.boxrepsol.com\/es\/#organization","name":"Box Repsol","url":"https:\/\/www.boxrepsol.com\/es\/","logo":{"@type":"ImageObject","inLanguage":"es","@id":"https:\/\/www.boxrepsol.com\/es\/#\/schema\/logo\/image\/","url":"https:\/\/bxrepsol.s3.eu-west-1.amazonaws.com\/static\/2025\/07\/30083337\/favicon-96x96-1.png","contentUrl":"https:\/\/bxrepsol.s3.eu-west-1.amazonaws.com\/static\/2025\/07\/30083337\/favicon-96x96-1.png","width":96,"height":96,"caption":"Box Repsol"},"image":{"@id":"https:\/\/www.boxrepsol.com\/es\/#\/schema\/logo\/image\/"},"sameAs":["https:\/\/www.facebook.com\/BoxRepsol","https:\/\/x.com\/box_repsol","http:\/\/instagram.com\/box_repsol","https:\/\/www.youtube.com\/user\/RepsolCompeticion","https:\/\/www.flickr.com\/photos\/box_repsol\/"]},{"@type":"Person","@id":"https:\/\/www.boxrepsol.com\/es\/#\/schema\/person\/c5c2138f2cca251b0ad92b7086bb60b7","name":"Redacci\u00f3n Box Repsol","image":{"@type":"ImageObject","inLanguage":"es","@id":"https:\/\/secure.gravatar.com\/avatar\/adf7b77e38b4419baf32c7e9c21dde01f4e40df611f0978e3006fc4ba0aaab7e?s=96&d=mm&r=g","url":"https:\/\/secure.gravatar.com\/avatar\/adf7b77e38b4419baf32c7e9c21dde01f4e40df611f0978e3006fc4ba0aaab7e?s=96&d=mm&r=g","contentUrl":"https:\/\/secure.gravatar.com\/avatar\/adf7b77e38b4419baf32c7e9c21dde01f4e40df611f0978e3006fc4ba0aaab7e?s=96&d=mm&r=g","caption":"Redacci\u00f3n Box Repsol"},"description":"Box Repsol lo forma un equipo de periodistas, community managers, dise\u00f1adores y fot\u00f3grafos con m\u00e1s de 20 a\u00f1os de experiencia en el mundo del motorsport. Hemos vivido el primer mundial de un espa\u00f1ol en la categor\u00eda reina de motociclismo con \u00c1lex Crivill\u00e9, estuvimos en las victorias de Pedrosa y los t\u00edtulos de M\u00e1rquez, acompa\u00f1amos en \u00c1frica a Nani Roma y Marc Coma en sus conquistas del Dakar y hemos vibrado con los t\u00edtulos de Toni Bou en Trial. Adem\u00e1s, en nuestro equipo contamos con expertos en el mundo de las dos y cuatro ruedas tanto de la calle y las carreteras, como de los circuitos. Periodistas que han trabajado en revistas y publicaciones para hacerte llegar desde rutas y consejos de mantenimiento, a curiosidades y trucos de pilotaje.","sameAs":["https:\/\/www.facebook.com\/BoxRepsol\/","https:\/\/www.instagram.com\/box_repsol\/","https:\/\/x.com\/https:\/\/twitter.com\/box_repsol","https:\/\/www.youtube.com\/@Boxrepsol"],"url":"https:\/\/www.boxrepsol.com\/es\/author\/redaccion-box-repsol\/"}]}},"_links":{"self":[{"href":"https:\/\/www.boxrepsol.com\/es\/wp-json\/wp\/v2\/posts\/94700","targetHints":{"allow":["GET"]}}],"collection":[{"href":"https:\/\/www.boxrepsol.com\/es\/wp-json\/wp\/v2\/posts"}],"about":[{"href":"https:\/\/www.boxrepsol.com\/es\/wp-json\/wp\/v2\/types\/post"}],"author":[{"embeddable":true,"href":"https:\/\/www.boxrepsol.com\/es\/wp-json\/wp\/v2\/users\/43146"}],"replies":[{"embeddable":true,"href":"https:\/\/www.boxrepsol.com\/es\/wp-json\/wp\/v2\/comments?post=94700"}],"version-history":[{"count":1,"href":"https:\/\/www.boxrepsol.com\/es\/wp-json\/wp\/v2\/posts\/94700\/revisions"}],"predecessor-version":[{"id":94701,"href":"https:\/\/www.boxrepsol.com\/es\/wp-json\/wp\/v2\/posts\/94700\/revisions\/94701"}],"wp:featuredmedia":[{"embeddable":true,"href":"https:\/\/www.boxrepsol.com\/es\/wp-json\/wp\/v2\/media\/41299"}],"wp:attachment":[{"href":"https:\/\/www.boxrepsol.com\/es\/wp-json\/wp\/v2\/media?parent=94700"}],"wp:term":[{"taxonomy":"category","embeddable":true,"href":"https:\/\/www.boxrepsol.com\/es\/wp-json\/wp\/v2\/categories?post=94700"},{"taxonomy":"post_tag","embeddable":true,"href":"https:\/\/www.boxrepsol.com\/es\/wp-json\/wp\/v2\/tags?post=94700"}],"curies":[{"name":"wp","href":"https:\/\/api.w.org\/{rel}","templated":true}]}}