{"id":94699,"date":"2020-10-20T00:00:00","date_gmt":"2020-10-20T02:00:00","guid":{"rendered":"http:\/\/pre.boxrepsol.com\/sin-categorizar\/gp-de-teruel-motorland-equipo-repsol-honda\/"},"modified":"2024-04-19T07:10:06","modified_gmt":"2024-04-19T09:10:06","slug":"gp-de-teruel-motorland-equipo-repsol-honda","status":"publish","type":"post","link":"https:\/\/www.boxrepsol.com\/es\/motogp\/gp-de-teruel-motorland-equipo-repsol-honda\/","title":{"rendered":"El equipo Repsol Honda regresa a la acci\u00f3n en MotorLand Arag\u00f3n"},"content":{"rendered":"<p><strong>\u00c1lex M\u00e1rquez <\/strong>llega al <strong>GP de Teruel<\/strong> en su mejor momento de la temporada. El piloto espa\u00f1ol del equipo Repsol Honda ha logrado finalizar las dos \u00faltimas carreras en segunda posici\u00f3n, lo que le ha permitido empatar a puntos con Brad Binder en la lucha por ser el mejor rookie de la categor\u00eda reina.<\/p>\n<p>Con el resultado de este pasado domingo, M\u00e1rquez ya suma tres podios en las \u00faltimas cinco visitas a MotorLand.<\/p>\n<p><strong>Stefan Bradl<\/strong> seguir\u00e1 trabajando para mejorar su rendimiento sobre la RC213V. El piloto alem\u00e1n llega a la duod\u00e9cima cita de la temporada con el objetivo de sumar algunos puntos.<\/p>\n<p><a href=\"https:\/\/www.boxrepsol.com\/es\/motogp\/gp-teruel-motogp-2020-ver-gratis-horario-tv-opciones-online-directo\/\">La carrera de MotoGP de este domingo se celebrar\u00e1 a la 13.00h CET.<\/a><\/p>\n<h2>GP de Teruel 2020 &#8211; Declaraciones de los pilotos<\/h2>\n<p><a href=\"https:\/\/twitter.com\/hashtag\/am73?src=hash&#038;lang=es\">#AM73<\/a><\/p>\n<p><em>\u00abTengo muchas ganas de volver a pilotar en Arag\u00f3n despu\u00e9s de un buen fin de semana. Normalmente me siento mucho mejor en la segunda semana cuando hemos tenido las dos carreras, pero realmente tendremos que trabajar duro para mantener este camino. El objetivo sigue siendo el mismo: trabajar en nuestro plan e intentar dar un paso m\u00e1s en la clasificaci\u00f3n. Ahora ya sabemos que podemos ir directos a la Q2, pero a\u00fan queda trabajo por hacer. Si podemos continuar en la misma direcci\u00f3n que hemos ido en estas \u00faltimas carreras, estar\u00e9 muy feliz\u201d.<\/em><\/p>\n<hr\/>\n<p><a href=\"https:\/\/twitter.com\/hashtag\/SB6?src=hash&#038;lang=es\">#SB6<\/a><\/p>\n<p><em>\u00abHacia el final del fin de semana pasado empezamos a sentirnos m\u00e1s c\u00f3modos con la nueva configuraci\u00f3n de la moto, as\u00ed que continuar en esa direcci\u00f3n ser\u00e1 el objetivo de este segundo fin de semana en MotorLand. La Honda est\u00e1 funcionando muy bien aqu\u00ed y hay mucho potencial; estoy muy motivado para volver y seguir trabajando duro con el equipo Repsol Honda, para luchar por los puntos y seguir adelante. \u00a1Ojal\u00e1 no haga tanto fr\u00edo esta semana!\u201d.<\/em><\/p>\n","protected":false},"excerpt":{"rendered":"<p>Despu\u00e9s de lograr dos podios consecutivos, \u00c1lex M\u00e1rquez vuelve a competir este fin de semana en el mismo escenario. Stefan Bradl, optimista con mejorar su resultado en el trazado aragon\u00e9s.<\/p>\n","protected":false},"author":43146,"featured_media":41293,"comment_status":"open","ping_status":"open","sticky":false,"template":"","format":"standard","meta":{"footnotes":""},"categories":[4],"tags":[191,136,198],"class_list":["post-94699","post","type-post","status-publish","format-standard","hentry","category-motogp","tag-191","tag-campeonato-del-mundo-de-motociclismo","tag-motogp-teruel"],"yoast_head":"<!-- This site is optimized with the Yoast SEO plugin v27.3 - https:\/\/yoast.com\/product\/yoast-seo-wordpress\/ -->\n<title>El equipo Repsol Honda regresa a la acci\u00f3n en MotorLand Arag\u00f3n - Box Repsol<\/title>\n<meta name=\"description\" content=\"Tras dos podios consecutivos, \u00c1lex M\u00e1rquez vuelve a competir este fin de semana en el mismo escenario. Stefan Bradl, optimista con mejorar su resultado.\" \/>\n<link rel=\"canonical\" href=\"https:\/\/www.boxrepsol.com\/es\/motogp\/gp-de-teruel-motorland-equipo-repsol-honda\/\" \/>\n<meta property=\"og:locale\" content=\"es_ES\" \/>\n<meta property=\"og:type\" content=\"article\" \/>\n<meta property=\"og:title\" content=\"El equipo Repsol Honda regresa a la acci\u00f3n en MotorLand Arag\u00f3n - Box Repsol\" \/>\n<meta property=\"og:description\" content=\"Tras dos podios consecutivos, \u00c1lex M\u00e1rquez vuelve a competir este fin de semana en el mismo escenario. Stefan Bradl, optimista con mejorar su resultado.\" \/>\n<meta property=\"og:url\" content=\"https:\/\/www.boxrepsol.com\/es\/motogp\/gp-de-teruel-motorland-equipo-repsol-honda\/\" \/>\n<meta property=\"og:site_name\" content=\"Box Repsol\" \/>\n<meta property=\"article:publisher\" content=\"https:\/\/www.facebook.com\/BoxRepsol\" \/>\n<meta property=\"article:author\" content=\"https:\/\/www.facebook.com\/BoxRepsol\/\" \/>\n<meta property=\"article:published_time\" content=\"2020-10-20T02:00:00+00:00\" \/>\n<meta property=\"article:modified_time\" content=\"2024-04-19T09:10:06+00:00\" \/>\n<meta property=\"og:image\" content=\"https:\/\/bxrepsol.s3.eu-west-1.amazonaws.com\/static\/2022\/08\/09120752\/alex-y-bradl-en-motorland.jpg\" \/>\n\t<meta property=\"og:image:width\" content=\"1280\" \/>\n\t<meta property=\"og:image:height\" content=\"720\" \/>\n\t<meta property=\"og:image:type\" content=\"image\/jpeg\" \/>\n<meta name=\"author\" content=\"Redacci\u00f3n Box Repsol\" \/>\n<meta name=\"twitter:card\" content=\"summary_large_image\" \/>\n<meta name=\"twitter:creator\" content=\"@https:\/\/twitter.com\/box_repsol\" \/>\n<meta name=\"twitter:site\" content=\"@box_repsol\" \/>\n<meta name=\"twitter:label1\" content=\"Written by\" \/>\n\t<meta name=\"twitter:data1\" content=\"Redacci\u00f3n Box Repsol\" \/>\n\t<meta name=\"twitter:label2\" content=\"Est. reading time\" \/>\n\t<meta name=\"twitter:data2\" content=\"2 minutos\" \/>\n<script type=\"application\/ld+json\" class=\"yoast-schema-graph\">{\"@context\":\"https:\\\/\\\/schema.org\",\"@graph\":[{\"@type\":\"Article\",\"@id\":\"https:\\\/\\\/www.boxrepsol.com\\\/es\\\/motogp\\\/gp-de-teruel-motorland-equipo-repsol-honda\\\/#article\",\"isPartOf\":{\"@id\":\"https:\\\/\\\/www.boxrepsol.com\\\/es\\\/motogp\\\/gp-de-teruel-motorland-equipo-repsol-honda\\\/\"},\"author\":{\"name\":\"Redacci\u00f3n Box Repsol\",\"@id\":\"https:\\\/\\\/www.boxrepsol.com\\\/es\\\/#\\\/schema\\\/person\\\/c5c2138f2cca251b0ad92b7086bb60b7\"},\"headline\":\"El equipo Repsol Honda regresa a la acci\u00f3n en MotorLand Arag\u00f3n\",\"datePublished\":\"2020-10-20T02:00:00+00:00\",\"dateModified\":\"2024-04-19T09:10:06+00:00\",\"mainEntityOfPage\":{\"@id\":\"https:\\\/\\\/www.boxrepsol.com\\\/es\\\/motogp\\\/gp-de-teruel-motorland-equipo-repsol-honda\\\/\"},\"wordCount\":327,\"commentCount\":0,\"publisher\":{\"@id\":\"https:\\\/\\\/www.boxrepsol.com\\\/es\\\/#organization\"},\"image\":{\"@id\":\"https:\\\/\\\/www.boxrepsol.com\\\/es\\\/motogp\\\/gp-de-teruel-motorland-equipo-repsol-honda\\\/#primaryimage\"},\"thumbnailUrl\":\"https:\\\/\\\/bxrepsol.s3.eu-west-1.amazonaws.com\\\/static\\\/2022\\\/08\\\/09120752\\\/alex-y-bradl-en-motorland.jpg\",\"keywords\":[\"2020\",\"Campeonato del Mundo de Motociclismo\",\"MotoGP Teruel\"],\"articleSection\":[\"MotoGP\"],\"inLanguage\":\"es\",\"potentialAction\":[{\"@type\":\"CommentAction\",\"name\":\"Comment\",\"target\":[\"https:\\\/\\\/www.boxrepsol.com\\\/es\\\/motogp\\\/gp-de-teruel-motorland-equipo-repsol-honda\\\/#respond\"]}]},{\"@type\":\"WebPage\",\"@id\":\"https:\\\/\\\/www.boxrepsol.com\\\/es\\\/motogp\\\/gp-de-teruel-motorland-equipo-repsol-honda\\\/\",\"url\":\"https:\\\/\\\/www.boxrepsol.com\\\/es\\\/motogp\\\/gp-de-teruel-motorland-equipo-repsol-honda\\\/\",\"name\":\"El equipo Repsol Honda regresa a la acci\u00f3n en MotorLand Arag\u00f3n - Box Repsol\",\"isPartOf\":{\"@id\":\"https:\\\/\\\/www.boxrepsol.com\\\/es\\\/#website\"},\"primaryImageOfPage\":{\"@id\":\"https:\\\/\\\/www.boxrepsol.com\\\/es\\\/motogp\\\/gp-de-teruel-motorland-equipo-repsol-honda\\\/#primaryimage\"},\"image\":{\"@id\":\"https:\\\/\\\/www.boxrepsol.com\\\/es\\\/motogp\\\/gp-de-teruel-motorland-equipo-repsol-honda\\\/#primaryimage\"},\"thumbnailUrl\":\"https:\\\/\\\/bxrepsol.s3.eu-west-1.amazonaws.com\\\/static\\\/2022\\\/08\\\/09120752\\\/alex-y-bradl-en-motorland.jpg\",\"datePublished\":\"2020-10-20T02:00:00+00:00\",\"dateModified\":\"2024-04-19T09:10:06+00:00\",\"description\":\"Tras dos podios consecutivos, \u00c1lex M\u00e1rquez vuelve a competir este fin de semana en el mismo escenario. Stefan Bradl, optimista con mejorar su resultado.\",\"breadcrumb\":{\"@id\":\"https:\\\/\\\/www.boxrepsol.com\\\/es\\\/motogp\\\/gp-de-teruel-motorland-equipo-repsol-honda\\\/#breadcrumb\"},\"inLanguage\":\"es\",\"potentialAction\":[{\"@type\":\"ReadAction\",\"target\":[\"https:\\\/\\\/www.boxrepsol.com\\\/es\\\/motogp\\\/gp-de-teruel-motorland-equipo-repsol-honda\\\/\"]}]},{\"@type\":\"ImageObject\",\"inLanguage\":\"es\",\"@id\":\"https:\\\/\\\/www.boxrepsol.com\\\/es\\\/motogp\\\/gp-de-teruel-motorland-equipo-repsol-honda\\\/#primaryimage\",\"url\":\"https:\\\/\\\/bxrepsol.s3.eu-west-1.amazonaws.com\\\/static\\\/2022\\\/08\\\/09120752\\\/alex-y-bradl-en-motorland.jpg\",\"contentUrl\":\"https:\\\/\\\/bxrepsol.s3.eu-west-1.amazonaws.com\\\/static\\\/2022\\\/08\\\/09120752\\\/alex-y-bradl-en-motorland.jpg\",\"width\":1280,\"height\":720,\"caption\":\"\u00c1lex M\u00e1rquez y Stefan Bradl en Motorland antes del GP de Teruel\"},{\"@type\":\"BreadcrumbList\",\"@id\":\"https:\\\/\\\/www.boxrepsol.com\\\/es\\\/motogp\\\/gp-de-teruel-motorland-equipo-repsol-honda\\\/#breadcrumb\",\"itemListElement\":[{\"@type\":\"ListItem\",\"position\":1,\"name\":\"Home\",\"item\":\"https:\\\/\\\/www.boxrepsol.com\\\/es\\\/\"},{\"@type\":\"ListItem\",\"position\":2,\"name\":\"El equipo Repsol Honda regresa a la acci\u00f3n en MotorLand Arag\u00f3n\"}]},{\"@type\":\"WebSite\",\"@id\":\"https:\\\/\\\/www.boxrepsol.com\\\/es\\\/#website\",\"url\":\"https:\\\/\\\/www.boxrepsol.com\\\/es\\\/\",\"name\":\"Box Repsol\",\"description\":\"Box Repsol Site\",\"publisher\":{\"@id\":\"https:\\\/\\\/www.boxrepsol.com\\\/es\\\/#organization\"},\"potentialAction\":[{\"@type\":\"SearchAction\",\"target\":{\"@type\":\"EntryPoint\",\"urlTemplate\":\"https:\\\/\\\/www.boxrepsol.com\\\/es\\\/?s={search_term_string}\"},\"query-input\":{\"@type\":\"PropertyValueSpecification\",\"valueRequired\":true,\"valueName\":\"search_term_string\"}}],\"inLanguage\":\"es\"},{\"@type\":\"Organization\",\"@id\":\"https:\\\/\\\/www.boxrepsol.com\\\/es\\\/#organization\",\"name\":\"Box Repsol\",\"url\":\"https:\\\/\\\/www.boxrepsol.com\\\/es\\\/\",\"logo\":{\"@type\":\"ImageObject\",\"inLanguage\":\"es\",\"@id\":\"https:\\\/\\\/www.boxrepsol.com\\\/es\\\/#\\\/schema\\\/logo\\\/image\\\/\",\"url\":\"https:\\\/\\\/bxrepsol.s3.eu-west-1.amazonaws.com\\\/static\\\/2025\\\/07\\\/30083337\\\/favicon-96x96-1.png\",\"contentUrl\":\"https:\\\/\\\/bxrepsol.s3.eu-west-1.amazonaws.com\\\/static\\\/2025\\\/07\\\/30083337\\\/favicon-96x96-1.png\",\"width\":96,\"height\":96,\"caption\":\"Box Repsol\"},\"image\":{\"@id\":\"https:\\\/\\\/www.boxrepsol.com\\\/es\\\/#\\\/schema\\\/logo\\\/image\\\/\"},\"sameAs\":[\"https:\\\/\\\/www.facebook.com\\\/BoxRepsol\",\"https:\\\/\\\/x.com\\\/box_repsol\",\"http:\\\/\\\/instagram.com\\\/box_repsol\",\"https:\\\/\\\/www.youtube.com\\\/user\\\/RepsolCompeticion\",\"https:\\\/\\\/www.flickr.com\\\/photos\\\/box_repsol\\\/\"]},{\"@type\":\"Person\",\"@id\":\"https:\\\/\\\/www.boxrepsol.com\\\/es\\\/#\\\/schema\\\/person\\\/c5c2138f2cca251b0ad92b7086bb60b7\",\"name\":\"Redacci\u00f3n Box Repsol\",\"image\":{\"@type\":\"ImageObject\",\"inLanguage\":\"es\",\"@id\":\"https:\\\/\\\/secure.gravatar.com\\\/avatar\\\/adf7b77e38b4419baf32c7e9c21dde01f4e40df611f0978e3006fc4ba0aaab7e?s=96&d=mm&r=g\",\"url\":\"https:\\\/\\\/secure.gravatar.com\\\/avatar\\\/adf7b77e38b4419baf32c7e9c21dde01f4e40df611f0978e3006fc4ba0aaab7e?s=96&d=mm&r=g\",\"contentUrl\":\"https:\\\/\\\/secure.gravatar.com\\\/avatar\\\/adf7b77e38b4419baf32c7e9c21dde01f4e40df611f0978e3006fc4ba0aaab7e?s=96&d=mm&r=g\",\"caption\":\"Redacci\u00f3n Box Repsol\"},\"description\":\"Box Repsol lo forma un equipo de periodistas, community managers, dise\u00f1adores y fot\u00f3grafos con m\u00e1s de 20 a\u00f1os de experiencia en el mundo del motorsport. Hemos vivido el primer mundial de un espa\u00f1ol en la categor\u00eda reina de motociclismo con \u00c1lex Crivill\u00e9, estuvimos en las victorias de Pedrosa y los t\u00edtulos de M\u00e1rquez, acompa\u00f1amos en \u00c1frica a Nani Roma y Marc Coma en sus conquistas del Dakar y hemos vibrado con los t\u00edtulos de Toni Bou en Trial. Adem\u00e1s, en nuestro equipo contamos con expertos en el mundo de las dos y cuatro ruedas tanto de la calle y las carreteras, como de los circuitos. Periodistas que han trabajado en revistas y publicaciones para hacerte llegar desde rutas y consejos de mantenimiento, a curiosidades y trucos de pilotaje.\",\"sameAs\":[\"https:\\\/\\\/www.facebook.com\\\/BoxRepsol\\\/\",\"https:\\\/\\\/www.instagram.com\\\/box_repsol\\\/\",\"https:\\\/\\\/x.com\\\/https:\\\/\\\/twitter.com\\\/box_repsol\",\"https:\\\/\\\/www.youtube.com\\\/@Boxrepsol\"],\"url\":\"https:\\\/\\\/www.boxrepsol.com\\\/es\\\/author\\\/redaccion-box-repsol\\\/\"}]}<\/script>\n<!-- \/ Yoast SEO plugin. -->","yoast_head_json":{"title":"El equipo Repsol Honda regresa a la acci\u00f3n en MotorLand Arag\u00f3n - Box Repsol","description":"Tras dos podios consecutivos, \u00c1lex M\u00e1rquez vuelve a competir este fin de semana en el mismo escenario. Stefan Bradl, optimista con mejorar su resultado.","canonical":"https:\/\/www.boxrepsol.com\/es\/motogp\/gp-de-teruel-motorland-equipo-repsol-honda\/","og_locale":"es_ES","og_type":"article","og_title":"El equipo Repsol Honda regresa a la acci\u00f3n en MotorLand Arag\u00f3n - Box Repsol","og_description":"Tras dos podios consecutivos, \u00c1lex M\u00e1rquez vuelve a competir este fin de semana en el mismo escenario. Stefan Bradl, optimista con mejorar su resultado.","og_url":"https:\/\/www.boxrepsol.com\/es\/motogp\/gp-de-teruel-motorland-equipo-repsol-honda\/","og_site_name":"Box Repsol","article_publisher":"https:\/\/www.facebook.com\/BoxRepsol","article_author":"https:\/\/www.facebook.com\/BoxRepsol\/","article_published_time":"2020-10-20T02:00:00+00:00","article_modified_time":"2024-04-19T09:10:06+00:00","og_image":[{"width":1280,"height":720,"url":"https:\/\/bxrepsol.s3.eu-west-1.amazonaws.com\/static\/2022\/08\/09120752\/alex-y-bradl-en-motorland.jpg","type":"image\/jpeg"}],"author":"Redacci\u00f3n Box Repsol","twitter_card":"summary_large_image","twitter_creator":"@https:\/\/twitter.com\/box_repsol","twitter_site":"@box_repsol","twitter_misc":{"Written by":"Redacci\u00f3n Box Repsol","Est. reading time":"2 minutos"},"schema":{"@context":"https:\/\/schema.org","@graph":[{"@type":"Article","@id":"https:\/\/www.boxrepsol.com\/es\/motogp\/gp-de-teruel-motorland-equipo-repsol-honda\/#article","isPartOf":{"@id":"https:\/\/www.boxrepsol.com\/es\/motogp\/gp-de-teruel-motorland-equipo-repsol-honda\/"},"author":{"name":"Redacci\u00f3n Box Repsol","@id":"https:\/\/www.boxrepsol.com\/es\/#\/schema\/person\/c5c2138f2cca251b0ad92b7086bb60b7"},"headline":"El equipo Repsol Honda regresa a la acci\u00f3n en MotorLand Arag\u00f3n","datePublished":"2020-10-20T02:00:00+00:00","dateModified":"2024-04-19T09:10:06+00:00","mainEntityOfPage":{"@id":"https:\/\/www.boxrepsol.com\/es\/motogp\/gp-de-teruel-motorland-equipo-repsol-honda\/"},"wordCount":327,"commentCount":0,"publisher":{"@id":"https:\/\/www.boxrepsol.com\/es\/#organization"},"image":{"@id":"https:\/\/www.boxrepsol.com\/es\/motogp\/gp-de-teruel-motorland-equipo-repsol-honda\/#primaryimage"},"thumbnailUrl":"https:\/\/bxrepsol.s3.eu-west-1.amazonaws.com\/static\/2022\/08\/09120752\/alex-y-bradl-en-motorland.jpg","keywords":["2020","Campeonato del Mundo de Motociclismo","MotoGP Teruel"],"articleSection":["MotoGP"],"inLanguage":"es","potentialAction":[{"@type":"CommentAction","name":"Comment","target":["https:\/\/www.boxrepsol.com\/es\/motogp\/gp-de-teruel-motorland-equipo-repsol-honda\/#respond"]}]},{"@type":"WebPage","@id":"https:\/\/www.boxrepsol.com\/es\/motogp\/gp-de-teruel-motorland-equipo-repsol-honda\/","url":"https:\/\/www.boxrepsol.com\/es\/motogp\/gp-de-teruel-motorland-equipo-repsol-honda\/","name":"El equipo Repsol Honda regresa a la acci\u00f3n en MotorLand Arag\u00f3n - Box Repsol","isPartOf":{"@id":"https:\/\/www.boxrepsol.com\/es\/#website"},"primaryImageOfPage":{"@id":"https:\/\/www.boxrepsol.com\/es\/motogp\/gp-de-teruel-motorland-equipo-repsol-honda\/#primaryimage"},"image":{"@id":"https:\/\/www.boxrepsol.com\/es\/motogp\/gp-de-teruel-motorland-equipo-repsol-honda\/#primaryimage"},"thumbnailUrl":"https:\/\/bxrepsol.s3.eu-west-1.amazonaws.com\/static\/2022\/08\/09120752\/alex-y-bradl-en-motorland.jpg","datePublished":"2020-10-20T02:00:00+00:00","dateModified":"2024-04-19T09:10:06+00:00","description":"Tras dos podios consecutivos, \u00c1lex M\u00e1rquez vuelve a competir este fin de semana en el mismo escenario. Stefan Bradl, optimista con mejorar su resultado.","breadcrumb":{"@id":"https:\/\/www.boxrepsol.com\/es\/motogp\/gp-de-teruel-motorland-equipo-repsol-honda\/#breadcrumb"},"inLanguage":"es","potentialAction":[{"@type":"ReadAction","target":["https:\/\/www.boxrepsol.com\/es\/motogp\/gp-de-teruel-motorland-equipo-repsol-honda\/"]}]},{"@type":"ImageObject","inLanguage":"es","@id":"https:\/\/www.boxrepsol.com\/es\/motogp\/gp-de-teruel-motorland-equipo-repsol-honda\/#primaryimage","url":"https:\/\/bxrepsol.s3.eu-west-1.amazonaws.com\/static\/2022\/08\/09120752\/alex-y-bradl-en-motorland.jpg","contentUrl":"https:\/\/bxrepsol.s3.eu-west-1.amazonaws.com\/static\/2022\/08\/09120752\/alex-y-bradl-en-motorland.jpg","width":1280,"height":720,"caption":"\u00c1lex M\u00e1rquez y Stefan Bradl en Motorland antes del GP de Teruel"},{"@type":"BreadcrumbList","@id":"https:\/\/www.boxrepsol.com\/es\/motogp\/gp-de-teruel-motorland-equipo-repsol-honda\/#breadcrumb","itemListElement":[{"@type":"ListItem","position":1,"name":"Home","item":"https:\/\/www.boxrepsol.com\/es\/"},{"@type":"ListItem","position":2,"name":"El equipo Repsol Honda regresa a la acci\u00f3n en MotorLand Arag\u00f3n"}]},{"@type":"WebSite","@id":"https:\/\/www.boxrepsol.com\/es\/#website","url":"https:\/\/www.boxrepsol.com\/es\/","name":"Box Repsol","description":"Box Repsol Site","publisher":{"@id":"https:\/\/www.boxrepsol.com\/es\/#organization"},"potentialAction":[{"@type":"SearchAction","target":{"@type":"EntryPoint","urlTemplate":"https:\/\/www.boxrepsol.com\/es\/?s={search_term_string}"},"query-input":{"@type":"PropertyValueSpecification","valueRequired":true,"valueName":"search_term_string"}}],"inLanguage":"es"},{"@type":"Organization","@id":"https:\/\/www.boxrepsol.com\/es\/#organization","name":"Box Repsol","url":"https:\/\/www.boxrepsol.com\/es\/","logo":{"@type":"ImageObject","inLanguage":"es","@id":"https:\/\/www.boxrepsol.com\/es\/#\/schema\/logo\/image\/","url":"https:\/\/bxrepsol.s3.eu-west-1.amazonaws.com\/static\/2025\/07\/30083337\/favicon-96x96-1.png","contentUrl":"https:\/\/bxrepsol.s3.eu-west-1.amazonaws.com\/static\/2025\/07\/30083337\/favicon-96x96-1.png","width":96,"height":96,"caption":"Box Repsol"},"image":{"@id":"https:\/\/www.boxrepsol.com\/es\/#\/schema\/logo\/image\/"},"sameAs":["https:\/\/www.facebook.com\/BoxRepsol","https:\/\/x.com\/box_repsol","http:\/\/instagram.com\/box_repsol","https:\/\/www.youtube.com\/user\/RepsolCompeticion","https:\/\/www.flickr.com\/photos\/box_repsol\/"]},{"@type":"Person","@id":"https:\/\/www.boxrepsol.com\/es\/#\/schema\/person\/c5c2138f2cca251b0ad92b7086bb60b7","name":"Redacci\u00f3n Box Repsol","image":{"@type":"ImageObject","inLanguage":"es","@id":"https:\/\/secure.gravatar.com\/avatar\/adf7b77e38b4419baf32c7e9c21dde01f4e40df611f0978e3006fc4ba0aaab7e?s=96&d=mm&r=g","url":"https:\/\/secure.gravatar.com\/avatar\/adf7b77e38b4419baf32c7e9c21dde01f4e40df611f0978e3006fc4ba0aaab7e?s=96&d=mm&r=g","contentUrl":"https:\/\/secure.gravatar.com\/avatar\/adf7b77e38b4419baf32c7e9c21dde01f4e40df611f0978e3006fc4ba0aaab7e?s=96&d=mm&r=g","caption":"Redacci\u00f3n Box Repsol"},"description":"Box Repsol lo forma un equipo de periodistas, community managers, dise\u00f1adores y fot\u00f3grafos con m\u00e1s de 20 a\u00f1os de experiencia en el mundo del motorsport. Hemos vivido el primer mundial de un espa\u00f1ol en la categor\u00eda reina de motociclismo con \u00c1lex Crivill\u00e9, estuvimos en las victorias de Pedrosa y los t\u00edtulos de M\u00e1rquez, acompa\u00f1amos en \u00c1frica a Nani Roma y Marc Coma en sus conquistas del Dakar y hemos vibrado con los t\u00edtulos de Toni Bou en Trial. Adem\u00e1s, en nuestro equipo contamos con expertos en el mundo de las dos y cuatro ruedas tanto de la calle y las carreteras, como de los circuitos. Periodistas que han trabajado en revistas y publicaciones para hacerte llegar desde rutas y consejos de mantenimiento, a curiosidades y trucos de pilotaje.","sameAs":["https:\/\/www.facebook.com\/BoxRepsol\/","https:\/\/www.instagram.com\/box_repsol\/","https:\/\/x.com\/https:\/\/twitter.com\/box_repsol","https:\/\/www.youtube.com\/@Boxrepsol"],"url":"https:\/\/www.boxrepsol.com\/es\/author\/redaccion-box-repsol\/"}]}},"_links":{"self":[{"href":"https:\/\/www.boxrepsol.com\/es\/wp-json\/wp\/v2\/posts\/94699","targetHints":{"allow":["GET"]}}],"collection":[{"href":"https:\/\/www.boxrepsol.com\/es\/wp-json\/wp\/v2\/posts"}],"about":[{"href":"https:\/\/www.boxrepsol.com\/es\/wp-json\/wp\/v2\/types\/post"}],"author":[{"embeddable":true,"href":"https:\/\/www.boxrepsol.com\/es\/wp-json\/wp\/v2\/users\/43146"}],"replies":[{"embeddable":true,"href":"https:\/\/www.boxrepsol.com\/es\/wp-json\/wp\/v2\/comments?post=94699"}],"version-history":[{"count":1,"href":"https:\/\/www.boxrepsol.com\/es\/wp-json\/wp\/v2\/posts\/94699\/revisions"}],"predecessor-version":[{"id":115094,"href":"https:\/\/www.boxrepsol.com\/es\/wp-json\/wp\/v2\/posts\/94699\/revisions\/115094"}],"wp:featuredmedia":[{"embeddable":true,"href":"https:\/\/www.boxrepsol.com\/es\/wp-json\/wp\/v2\/media\/41293"}],"wp:attachment":[{"href":"https:\/\/www.boxrepsol.com\/es\/wp-json\/wp\/v2\/media?parent=94699"}],"wp:term":[{"taxonomy":"category","embeddable":true,"href":"https:\/\/www.boxrepsol.com\/es\/wp-json\/wp\/v2\/categories?post=94699"},{"taxonomy":"post_tag","embeddable":true,"href":"https:\/\/www.boxrepsol.com\/es\/wp-json\/wp\/v2\/tags?post=94699"}],"curies":[{"name":"wp","href":"https:\/\/api.w.org\/{rel}","templated":true}]}}