{"id":94672,"date":"2020-10-09T00:00:00","date_gmt":"2020-10-09T02:00:00","guid":{"rendered":"http:\/\/pre.boxrepsol.com\/sin-categorizar\/andalucia-rally-isidre-esteve-mejora-ritmo-toyota-hilux\/"},"modified":"2024-04-19T07:17:09","modified_gmt":"2024-04-19T09:17:09","slug":"andalucia-rally-isidre-esteve-mejora-ritmo-toyota-hilux","status":"publish","type":"post","link":"https:\/\/www.boxrepsol.com\/es\/rally\/andalucia-rally-isidre-esteve-mejora-ritmo-toyota-hilux\/","title":{"rendered":"Andaluc\u00eda Rally: Isidre Esteve mejora el ritmo con su flamante Toyota Hilux dakariano"},"content":{"rendered":"<p>El del Repsol Rally Team aprovecha cada kil\u00f3metro para evolucionar el 4&#215;4 con el que disputar\u00e1 el pr\u00f3ximo Dakar.<\/p>\n<p>\u201cHa sido un d\u00eda positivo que me ha servido para adaptar mi forma de pilotaje a las exigencias del nuevo veh\u00edculo y ganar confianza\u201d.<\/p>\n<p><strong>Isidre Esteve<\/strong> ha acabado muy satisfecho la segunda etapa del <strong>Andaluc\u00eda Rally<\/strong>, disputada este jueves. El piloto del<strong> Repsol Rally Team<\/strong> sigue avanzando en su proceso de adaptaci\u00f3n al nuevo<strong> Toyota Hilux Overdrive <\/strong>con el que disputar\u00e1 el pr\u00f3ximo <strong>Dakar 2021<\/strong>. El ilerdense ha completado la especial en duod\u00e9cima posici\u00f3n, la misma que pasa a ocupar en la general provisional de coches.<\/p>\n<p>La jornada constaba de 336 kil\u00f3metros muy variados, con un tramo cronometrado de 243 kil\u00f3metros y otros 93 de enlace. Isidre Esteve ha superado el dif\u00edcil examen con un tiempo final de 3 horas, 11 minutos y 39 segundos, que le ha otorgado el duod\u00e9cimo lugar. A bordo del prototipo dakariano con los mandos adaptados en el volante, el de Oliana ha acabado a 19\u201934\u201d del vencedor y nuevo l\u00edder, el qatar\u00ed Nasser Al Attiyah (Toyota Hilux).<\/p>\n<p>\u201cAl principio, la etapa ha sido complicada, sinuosa y con maleza, aunque hacia el kil\u00f3metro 100 hemos recuperado la pista de ayer, bastante m\u00e1s ancha y que nos ha permitido correr m\u00e1s. Hemos ido de menos a m\u00e1s y estoy muy contento de los tiempos que hemos hecho en los \u00faltimos parciales, con un ritmo que se acerca m\u00e1s a lo que buscamos\u201d, valoraba con satisfacci\u00f3n el piloto del Repsol Rally Team.<\/p>\n<p>Lo m\u00e1s positivo ha vuelto a ser la experiencia acumulada en su nuevo Toyota Hilux de Overdrive con los colores de Repsol, MGS Seguros, KH-7 y Toyota Espa\u00f1a. \u201c<strong>Este coche es distinto a los que he pilotado antes y tengo que ir adapt\u00e1ndome kil\u00f3metro a kil\u00f3metro<\/strong>. Anoche nos reunimos con los ingenieros de Overdrive para analizar los datos y detectamos que lo llevaba demasiado bajo de revoluciones. Tras corregir este aspecto, hoy ha sido un d\u00eda positivo que me ha servido para adaptar mi estilo de pilotaje a las exigencias del nuevo veh\u00edculo y ganar confianza. La mejora ha sido evidente, especialmente en la parte final\u201d, aseguraba un optimista Isidre Esteve.<\/p>\n<p><a href=\"https:\/\/bxrepsol.s3.eu-west-1.amazonaws.com\/static\/2022\/08\/09120626\/Isidre-esteve-toyota-hilux-rally-andalucia-dia-2-2.jpg\" \n   title=\"Isidre Esteve con su Toyota Hilux en el Andaluc\u00eda Rally\" \n   data-gallery-thumbnail=\"https:\/\/bxrepsol.s3.eu-west-1.amazonaws.com\/static\/2022\/08\/09120626\/Isidre-esteve-toyota-hilux-rally-andalucia-dia-2-2.jpg\"\n   data-gallery-title=\"\"\n   data-gallery><\/p>\n<figure>\n        <picture style=\"padding-bottom: 56.25%; background-image: url(https:\/\/bxrepsol.s3.eu-west-1.amazonaws.com\/static\/2022\/08\/09120626\/Isidre-esteve-toyota-hilux-rally-andalucia-dia-2-2.jpg);\">\n            <img decoding=\"async\" src=\"https:\/\/bxrepsol.s3.eu-west-1.amazonaws.com\/static\/2022\/08\/09120626\/Isidre-esteve-toyota-hilux-rally-andalucia-dia-2-2.jpg\"><br \/>\n            <img itemprop=\"image\"\n                data-srcset=\"https:\/\/bxrepsol.s3.eu-west-1.amazonaws.com\/static\/2022\/08\/09120626\/Isidre-esteve-toyota-hilux-rally-andalucia-dia-2-2.jpg 480w, https:\/\/bxrepsol.s3.eu-west-1.amazonaws.com\/static\/2022\/08\/09120626\/Isidre-esteve-toyota-hilux-rally-andalucia-dia-2-2.jpg 600w, https:\/\/bxrepsol.s3.eu-west-1.amazonaws.com\/static\/2022\/08\/09120626\/Isidre-esteve-toyota-hilux-rally-andalucia-dia-2-2.jpg 900w, https:\/\/bxrepsol.s3.eu-west-1.amazonaws.com\/static\/2022\/08\/09120626\/Isidre-esteve-toyota-hilux-rally-andalucia-dia-2-2.jpg 1280w\"\n                data-src=\"https:\/\/bxrepsol.s3.eu-west-1.amazonaws.com\/static\/2022\/08\/09120626\/Isidre-esteve-toyota-hilux-rally-andalucia-dia-2-2.jpg\"\n                alt=\"Isidre Esteve con su Toyota Hilux en el Andaluc\u00eda Rally\"\n                title=\"Isidre-esteve-toyota-hilux-rally-andalucia-dia-2\"\/><br \/>\n            <noscript><img decoding=\"async\" src=\"https:\/\/bxrepsol.s3.eu-west-1.amazonaws.com\/static\/2022\/08\/09120626\/Isidre-esteve-toyota-hilux-rally-andalucia-dia-2-2.jpg\" alt=\"Isidre Esteve con su Toyota Hilux en el Andaluc\u00eda Rally\"><\/noscript>\n        <\/picture><figcaption>Isidre Esteve con su Toyota Hilux en el Andaluc\u00eda Rally<\/figcaption><\/figure>\n<p><\/a><\/p>\n<p>Otro aspecto novedoso en este Andaluc\u00eda Rally es la utilizaci\u00f3n del roadbook electr\u00f3nico que se usar\u00e1 en el pr\u00f3ximo Dakar. En este sentido, el ilerdense ha destacado la labor de su copiloto: \u201cTxema Villalobos est\u00e1 realizando un magn\u00edfico trabajo, no ha cometido ning\u00fan error y est\u00e1 interpretando perfectamente el nuevo roadbook. Este rally nos viene muy bien para practicar un sistema que, por ahora, no nos est\u00e1 dando ning\u00fan problema\u201d.<\/p>\n<p>En la general, el Repsol Rally Team pasa a ocupar el duod\u00e9cimo puesto provisional, aunque mantiene serias aspiraciones de luchar el top 10, del que est\u00e1 a tan s\u00f3lo cuatro minutos. De todas formas, el de Oliana insiste en restar importancia a los resultados: \u201cAfrontamos esta carrera como un test para el Dakar y, por tanto, m\u00e1s que en la clasificaci\u00f3n, nos fijamos en si tenemos ritmo de carrera. La evoluci\u00f3n es clara y eso quiere decir que vamos por el buen camino, aunque todav\u00eda quedan detalles por pulir\u201d.<\/p>\n<p>Con esa idea, Isidre Esteve afrontar\u00e1 ma\u00f1ana la tercera y pen\u00faltima etapa del Andaluc\u00eda Rally, sobre una distancia de 233 kil\u00f3metros cronometrados por tierras andaluzas.<\/p>\n<p>                <!-- Imagen relacionada --><br \/>\n        <img loading=\"lazy\" decoding=\"async\" width=\"404\" height=\"336\" src=\"https:\/\/bxrepsol.s3.eu-west-1.amazonaws.com\/static\/2022\/08\/09120627\/Rally-de-Andalucia-dia-1-3.jpg\" alt=\"Isidre Esteve y Txema Villalobos en el Rally de Andaluc\u00eda\" \/><br \/>\n                <!-- Categor\u00eda --><br \/>\n            Rally<br \/>\n        <!-- T\u00edtulo --><br \/>\n        <a href=\"https:\/\/www.boxrepsol.com\/es\/rally\/isidre-esteve-toyota-hilux-carrera-rally-de-andalucia\/\"><\/p>\n<h3>Isidre Esteve, muy feliz tras estrenar su Toyota Hilux Overdrive en ca&#8230;<\/h3>\n<p>        <\/a><br \/>\n                    <!-- Fecha --><br \/>\n            hace 1 hora<\/p>\n","protected":false},"excerpt":{"rendered":"<p>El ilerdense finaliza duod\u00e9cimo la exigente segunda etapa del Andaluc\u00eda Rally, en la que ha ido de menos a m\u00e1s.<\/p>\n","protected":false},"author":43146,"featured_media":41191,"comment_status":"open","ping_status":"open","sticky":false,"template":"","format":"standard","meta":{"footnotes":""},"categories":[27],"tags":[191,29,130,183],"class_list":["post-94672","post","type-post","status-publish","format-standard","hentry","category-rally","tag-191","tag-isidre-esteve","tag-otros-eventos-y-competiciones","tag-repsol-rally-team"],"yoast_head":"<!-- This site is optimized with the Yoast SEO plugin v27.3 - https:\/\/yoast.com\/product\/yoast-seo-wordpress\/ -->\n<title>Andaluc\u00eda Rally: Isidre Esteve mejora el ritmo con su flamante Toyota Hilux dakariano - Box Repsol<\/title>\n<meta name=\"description\" content=\"El ilerdense finaliza duod\u00e9cimo la exigente segunda etapa del Andaluc\u00eda Rally, en la que ha ido de menos a m\u00e1s con su nuevo Toyota Hilux Overdrive.\" \/>\n<link rel=\"canonical\" href=\"https:\/\/www.boxrepsol.com\/es\/rally\/andalucia-rally-isidre-esteve-mejora-ritmo-toyota-hilux\/\" \/>\n<meta property=\"og:locale\" content=\"es_ES\" \/>\n<meta property=\"og:type\" content=\"article\" \/>\n<meta property=\"og:title\" content=\"Andaluc\u00eda Rally: Isidre Esteve mejora el ritmo con su flamante Toyota Hilux dakariano - Box Repsol\" \/>\n<meta property=\"og:description\" content=\"El ilerdense finaliza duod\u00e9cimo la exigente segunda etapa del Andaluc\u00eda Rally, en la que ha ido de menos a m\u00e1s con su nuevo Toyota Hilux Overdrive.\" \/>\n<meta property=\"og:url\" content=\"https:\/\/www.boxrepsol.com\/es\/rally\/andalucia-rally-isidre-esteve-mejora-ritmo-toyota-hilux\/\" \/>\n<meta property=\"og:site_name\" content=\"Box Repsol\" \/>\n<meta property=\"article:publisher\" content=\"https:\/\/www.facebook.com\/BoxRepsol\" \/>\n<meta property=\"article:author\" content=\"https:\/\/www.facebook.com\/BoxRepsol\/\" \/>\n<meta property=\"article:published_time\" content=\"2020-10-09T02:00:00+00:00\" \/>\n<meta property=\"article:modified_time\" content=\"2024-04-19T09:17:09+00:00\" \/>\n<meta property=\"og:image\" content=\"https:\/\/bxrepsol.s3.eu-west-1.amazonaws.com\/static\/2022\/08\/09120628\/Isidre-esteve-rally-andalucia-dia-2-1.jpg\" \/>\n\t<meta property=\"og:image:width\" content=\"1280\" \/>\n\t<meta property=\"og:image:height\" content=\"720\" \/>\n\t<meta property=\"og:image:type\" content=\"image\/jpeg\" \/>\n<meta name=\"author\" content=\"Redacci\u00f3n Box Repsol\" \/>\n<meta name=\"twitter:card\" content=\"summary_large_image\" \/>\n<meta name=\"twitter:creator\" content=\"@https:\/\/twitter.com\/box_repsol\" \/>\n<meta name=\"twitter:site\" content=\"@box_repsol\" \/>\n<meta name=\"twitter:label1\" content=\"Written by\" \/>\n\t<meta name=\"twitter:data1\" content=\"Redacci\u00f3n Box Repsol\" \/>\n\t<meta name=\"twitter:label2\" content=\"Est. reading time\" \/>\n\t<meta name=\"twitter:data2\" content=\"3 minutos\" \/>\n<script type=\"application\/ld+json\" class=\"yoast-schema-graph\">{\"@context\":\"https:\\\/\\\/schema.org\",\"@graph\":[{\"@type\":\"Article\",\"@id\":\"https:\\\/\\\/www.boxrepsol.com\\\/es\\\/rally\\\/andalucia-rally-isidre-esteve-mejora-ritmo-toyota-hilux\\\/#article\",\"isPartOf\":{\"@id\":\"https:\\\/\\\/www.boxrepsol.com\\\/es\\\/rally\\\/andalucia-rally-isidre-esteve-mejora-ritmo-toyota-hilux\\\/\"},\"author\":{\"name\":\"Redacci\u00f3n Box Repsol\",\"@id\":\"https:\\\/\\\/www.boxrepsol.com\\\/es\\\/#\\\/schema\\\/person\\\/c5c2138f2cca251b0ad92b7086bb60b7\"},\"headline\":\"Andaluc\u00eda Rally: Isidre Esteve mejora el ritmo con su flamante Toyota Hilux dakariano\",\"datePublished\":\"2020-10-09T02:00:00+00:00\",\"dateModified\":\"2024-04-19T09:17:09+00:00\",\"mainEntityOfPage\":{\"@id\":\"https:\\\/\\\/www.boxrepsol.com\\\/es\\\/rally\\\/andalucia-rally-isidre-esteve-mejora-ritmo-toyota-hilux\\\/\"},\"wordCount\":622,\"commentCount\":0,\"publisher\":{\"@id\":\"https:\\\/\\\/www.boxrepsol.com\\\/es\\\/#organization\"},\"image\":{\"@id\":\"https:\\\/\\\/www.boxrepsol.com\\\/es\\\/rally\\\/andalucia-rally-isidre-esteve-mejora-ritmo-toyota-hilux\\\/#primaryimage\"},\"thumbnailUrl\":\"https:\\\/\\\/bxrepsol.s3.eu-west-1.amazonaws.com\\\/static\\\/2022\\\/08\\\/09120628\\\/Isidre-esteve-rally-andalucia-dia-2-1.jpg\",\"keywords\":[\"2020\",\"Isidre Esteve\",\"otros eventos y competiciones\",\"Repsol Rally Team\"],\"articleSection\":[\"Rally\"],\"inLanguage\":\"es\",\"potentialAction\":[{\"@type\":\"CommentAction\",\"name\":\"Comment\",\"target\":[\"https:\\\/\\\/www.boxrepsol.com\\\/es\\\/rally\\\/andalucia-rally-isidre-esteve-mejora-ritmo-toyota-hilux\\\/#respond\"]}]},{\"@type\":\"WebPage\",\"@id\":\"https:\\\/\\\/www.boxrepsol.com\\\/es\\\/rally\\\/andalucia-rally-isidre-esteve-mejora-ritmo-toyota-hilux\\\/\",\"url\":\"https:\\\/\\\/www.boxrepsol.com\\\/es\\\/rally\\\/andalucia-rally-isidre-esteve-mejora-ritmo-toyota-hilux\\\/\",\"name\":\"Andaluc\u00eda Rally: Isidre Esteve mejora el ritmo con su flamante Toyota Hilux dakariano - Box Repsol\",\"isPartOf\":{\"@id\":\"https:\\\/\\\/www.boxrepsol.com\\\/es\\\/#website\"},\"primaryImageOfPage\":{\"@id\":\"https:\\\/\\\/www.boxrepsol.com\\\/es\\\/rally\\\/andalucia-rally-isidre-esteve-mejora-ritmo-toyota-hilux\\\/#primaryimage\"},\"image\":{\"@id\":\"https:\\\/\\\/www.boxrepsol.com\\\/es\\\/rally\\\/andalucia-rally-isidre-esteve-mejora-ritmo-toyota-hilux\\\/#primaryimage\"},\"thumbnailUrl\":\"https:\\\/\\\/bxrepsol.s3.eu-west-1.amazonaws.com\\\/static\\\/2022\\\/08\\\/09120628\\\/Isidre-esteve-rally-andalucia-dia-2-1.jpg\",\"datePublished\":\"2020-10-09T02:00:00+00:00\",\"dateModified\":\"2024-04-19T09:17:09+00:00\",\"description\":\"El ilerdense finaliza duod\u00e9cimo la exigente segunda etapa del Andaluc\u00eda Rally, en la que ha ido de menos a m\u00e1s con su nuevo Toyota Hilux Overdrive.\",\"breadcrumb\":{\"@id\":\"https:\\\/\\\/www.boxrepsol.com\\\/es\\\/rally\\\/andalucia-rally-isidre-esteve-mejora-ritmo-toyota-hilux\\\/#breadcrumb\"},\"inLanguage\":\"es\",\"potentialAction\":[{\"@type\":\"ReadAction\",\"target\":[\"https:\\\/\\\/www.boxrepsol.com\\\/es\\\/rally\\\/andalucia-rally-isidre-esteve-mejora-ritmo-toyota-hilux\\\/\"]}]},{\"@type\":\"ImageObject\",\"inLanguage\":\"es\",\"@id\":\"https:\\\/\\\/www.boxrepsol.com\\\/es\\\/rally\\\/andalucia-rally-isidre-esteve-mejora-ritmo-toyota-hilux\\\/#primaryimage\",\"url\":\"https:\\\/\\\/bxrepsol.s3.eu-west-1.amazonaws.com\\\/static\\\/2022\\\/08\\\/09120628\\\/Isidre-esteve-rally-andalucia-dia-2-1.jpg\",\"contentUrl\":\"https:\\\/\\\/bxrepsol.s3.eu-west-1.amazonaws.com\\\/static\\\/2022\\\/08\\\/09120628\\\/Isidre-esteve-rally-andalucia-dia-2-1.jpg\",\"width\":1280,\"height\":720,\"caption\":\"Isidre Esteve con su Toyota Hilux en el Andaluc\u00eda Rally\"},{\"@type\":\"BreadcrumbList\",\"@id\":\"https:\\\/\\\/www.boxrepsol.com\\\/es\\\/rally\\\/andalucia-rally-isidre-esteve-mejora-ritmo-toyota-hilux\\\/#breadcrumb\",\"itemListElement\":[{\"@type\":\"ListItem\",\"position\":1,\"name\":\"Home\",\"item\":\"https:\\\/\\\/www.boxrepsol.com\\\/es\\\/\"},{\"@type\":\"ListItem\",\"position\":2,\"name\":\"Andaluc\u00eda Rally: Isidre Esteve mejora el ritmo con su flamante Toyota Hilux dakariano\"}]},{\"@type\":\"WebSite\",\"@id\":\"https:\\\/\\\/www.boxrepsol.com\\\/es\\\/#website\",\"url\":\"https:\\\/\\\/www.boxrepsol.com\\\/es\\\/\",\"name\":\"Box Repsol\",\"description\":\"Box Repsol Site\",\"publisher\":{\"@id\":\"https:\\\/\\\/www.boxrepsol.com\\\/es\\\/#organization\"},\"potentialAction\":[{\"@type\":\"SearchAction\",\"target\":{\"@type\":\"EntryPoint\",\"urlTemplate\":\"https:\\\/\\\/www.boxrepsol.com\\\/es\\\/?s={search_term_string}\"},\"query-input\":{\"@type\":\"PropertyValueSpecification\",\"valueRequired\":true,\"valueName\":\"search_term_string\"}}],\"inLanguage\":\"es\"},{\"@type\":\"Organization\",\"@id\":\"https:\\\/\\\/www.boxrepsol.com\\\/es\\\/#organization\",\"name\":\"Box Repsol\",\"url\":\"https:\\\/\\\/www.boxrepsol.com\\\/es\\\/\",\"logo\":{\"@type\":\"ImageObject\",\"inLanguage\":\"es\",\"@id\":\"https:\\\/\\\/www.boxrepsol.com\\\/es\\\/#\\\/schema\\\/logo\\\/image\\\/\",\"url\":\"https:\\\/\\\/bxrepsol.s3.eu-west-1.amazonaws.com\\\/static\\\/2025\\\/07\\\/30083337\\\/favicon-96x96-1.png\",\"contentUrl\":\"https:\\\/\\\/bxrepsol.s3.eu-west-1.amazonaws.com\\\/static\\\/2025\\\/07\\\/30083337\\\/favicon-96x96-1.png\",\"width\":96,\"height\":96,\"caption\":\"Box Repsol\"},\"image\":{\"@id\":\"https:\\\/\\\/www.boxrepsol.com\\\/es\\\/#\\\/schema\\\/logo\\\/image\\\/\"},\"sameAs\":[\"https:\\\/\\\/www.facebook.com\\\/BoxRepsol\",\"https:\\\/\\\/x.com\\\/box_repsol\",\"http:\\\/\\\/instagram.com\\\/box_repsol\",\"https:\\\/\\\/www.youtube.com\\\/user\\\/RepsolCompeticion\",\"https:\\\/\\\/www.flickr.com\\\/photos\\\/box_repsol\\\/\"]},{\"@type\":\"Person\",\"@id\":\"https:\\\/\\\/www.boxrepsol.com\\\/es\\\/#\\\/schema\\\/person\\\/c5c2138f2cca251b0ad92b7086bb60b7\",\"name\":\"Redacci\u00f3n Box Repsol\",\"image\":{\"@type\":\"ImageObject\",\"inLanguage\":\"es\",\"@id\":\"https:\\\/\\\/secure.gravatar.com\\\/avatar\\\/adf7b77e38b4419baf32c7e9c21dde01f4e40df611f0978e3006fc4ba0aaab7e?s=96&d=mm&r=g\",\"url\":\"https:\\\/\\\/secure.gravatar.com\\\/avatar\\\/adf7b77e38b4419baf32c7e9c21dde01f4e40df611f0978e3006fc4ba0aaab7e?s=96&d=mm&r=g\",\"contentUrl\":\"https:\\\/\\\/secure.gravatar.com\\\/avatar\\\/adf7b77e38b4419baf32c7e9c21dde01f4e40df611f0978e3006fc4ba0aaab7e?s=96&d=mm&r=g\",\"caption\":\"Redacci\u00f3n Box Repsol\"},\"description\":\"Box Repsol lo forma un equipo de periodistas, community managers, dise\u00f1adores y fot\u00f3grafos con m\u00e1s de 20 a\u00f1os de experiencia en el mundo del motorsport. Hemos vivido el primer mundial de un espa\u00f1ol en la categor\u00eda reina de motociclismo con \u00c1lex Crivill\u00e9, estuvimos en las victorias de Pedrosa y los t\u00edtulos de M\u00e1rquez, acompa\u00f1amos en \u00c1frica a Nani Roma y Marc Coma en sus conquistas del Dakar y hemos vibrado con los t\u00edtulos de Toni Bou en Trial. Adem\u00e1s, en nuestro equipo contamos con expertos en el mundo de las dos y cuatro ruedas tanto de la calle y las carreteras, como de los circuitos. Periodistas que han trabajado en revistas y publicaciones para hacerte llegar desde rutas y consejos de mantenimiento, a curiosidades y trucos de pilotaje.\",\"sameAs\":[\"https:\\\/\\\/www.facebook.com\\\/BoxRepsol\\\/\",\"https:\\\/\\\/www.instagram.com\\\/box_repsol\\\/\",\"https:\\\/\\\/x.com\\\/https:\\\/\\\/twitter.com\\\/box_repsol\",\"https:\\\/\\\/www.youtube.com\\\/@Boxrepsol\"],\"url\":\"https:\\\/\\\/www.boxrepsol.com\\\/es\\\/author\\\/redaccion-box-repsol\\\/\"}]}<\/script>\n<!-- \/ Yoast SEO plugin. -->","yoast_head_json":{"title":"Andaluc\u00eda Rally: Isidre Esteve mejora el ritmo con su flamante Toyota Hilux dakariano - Box Repsol","description":"El ilerdense finaliza duod\u00e9cimo la exigente segunda etapa del Andaluc\u00eda Rally, en la que ha ido de menos a m\u00e1s con su nuevo Toyota Hilux Overdrive.","canonical":"https:\/\/www.boxrepsol.com\/es\/rally\/andalucia-rally-isidre-esteve-mejora-ritmo-toyota-hilux\/","og_locale":"es_ES","og_type":"article","og_title":"Andaluc\u00eda Rally: Isidre Esteve mejora el ritmo con su flamante Toyota Hilux dakariano - Box Repsol","og_description":"El ilerdense finaliza duod\u00e9cimo la exigente segunda etapa del Andaluc\u00eda Rally, en la que ha ido de menos a m\u00e1s con su nuevo Toyota Hilux Overdrive.","og_url":"https:\/\/www.boxrepsol.com\/es\/rally\/andalucia-rally-isidre-esteve-mejora-ritmo-toyota-hilux\/","og_site_name":"Box Repsol","article_publisher":"https:\/\/www.facebook.com\/BoxRepsol","article_author":"https:\/\/www.facebook.com\/BoxRepsol\/","article_published_time":"2020-10-09T02:00:00+00:00","article_modified_time":"2024-04-19T09:17:09+00:00","og_image":[{"width":1280,"height":720,"url":"https:\/\/bxrepsol.s3.eu-west-1.amazonaws.com\/static\/2022\/08\/09120628\/Isidre-esteve-rally-andalucia-dia-2-1.jpg","type":"image\/jpeg"}],"author":"Redacci\u00f3n Box Repsol","twitter_card":"summary_large_image","twitter_creator":"@https:\/\/twitter.com\/box_repsol","twitter_site":"@box_repsol","twitter_misc":{"Written by":"Redacci\u00f3n Box Repsol","Est. reading time":"3 minutos"},"schema":{"@context":"https:\/\/schema.org","@graph":[{"@type":"Article","@id":"https:\/\/www.boxrepsol.com\/es\/rally\/andalucia-rally-isidre-esteve-mejora-ritmo-toyota-hilux\/#article","isPartOf":{"@id":"https:\/\/www.boxrepsol.com\/es\/rally\/andalucia-rally-isidre-esteve-mejora-ritmo-toyota-hilux\/"},"author":{"name":"Redacci\u00f3n Box Repsol","@id":"https:\/\/www.boxrepsol.com\/es\/#\/schema\/person\/c5c2138f2cca251b0ad92b7086bb60b7"},"headline":"Andaluc\u00eda Rally: Isidre Esteve mejora el ritmo con su flamante Toyota Hilux dakariano","datePublished":"2020-10-09T02:00:00+00:00","dateModified":"2024-04-19T09:17:09+00:00","mainEntityOfPage":{"@id":"https:\/\/www.boxrepsol.com\/es\/rally\/andalucia-rally-isidre-esteve-mejora-ritmo-toyota-hilux\/"},"wordCount":622,"commentCount":0,"publisher":{"@id":"https:\/\/www.boxrepsol.com\/es\/#organization"},"image":{"@id":"https:\/\/www.boxrepsol.com\/es\/rally\/andalucia-rally-isidre-esteve-mejora-ritmo-toyota-hilux\/#primaryimage"},"thumbnailUrl":"https:\/\/bxrepsol.s3.eu-west-1.amazonaws.com\/static\/2022\/08\/09120628\/Isidre-esteve-rally-andalucia-dia-2-1.jpg","keywords":["2020","Isidre Esteve","otros eventos y competiciones","Repsol Rally Team"],"articleSection":["Rally"],"inLanguage":"es","potentialAction":[{"@type":"CommentAction","name":"Comment","target":["https:\/\/www.boxrepsol.com\/es\/rally\/andalucia-rally-isidre-esteve-mejora-ritmo-toyota-hilux\/#respond"]}]},{"@type":"WebPage","@id":"https:\/\/www.boxrepsol.com\/es\/rally\/andalucia-rally-isidre-esteve-mejora-ritmo-toyota-hilux\/","url":"https:\/\/www.boxrepsol.com\/es\/rally\/andalucia-rally-isidre-esteve-mejora-ritmo-toyota-hilux\/","name":"Andaluc\u00eda Rally: Isidre Esteve mejora el ritmo con su flamante Toyota Hilux dakariano - Box Repsol","isPartOf":{"@id":"https:\/\/www.boxrepsol.com\/es\/#website"},"primaryImageOfPage":{"@id":"https:\/\/www.boxrepsol.com\/es\/rally\/andalucia-rally-isidre-esteve-mejora-ritmo-toyota-hilux\/#primaryimage"},"image":{"@id":"https:\/\/www.boxrepsol.com\/es\/rally\/andalucia-rally-isidre-esteve-mejora-ritmo-toyota-hilux\/#primaryimage"},"thumbnailUrl":"https:\/\/bxrepsol.s3.eu-west-1.amazonaws.com\/static\/2022\/08\/09120628\/Isidre-esteve-rally-andalucia-dia-2-1.jpg","datePublished":"2020-10-09T02:00:00+00:00","dateModified":"2024-04-19T09:17:09+00:00","description":"El ilerdense finaliza duod\u00e9cimo la exigente segunda etapa del Andaluc\u00eda Rally, en la que ha ido de menos a m\u00e1s con su nuevo Toyota Hilux Overdrive.","breadcrumb":{"@id":"https:\/\/www.boxrepsol.com\/es\/rally\/andalucia-rally-isidre-esteve-mejora-ritmo-toyota-hilux\/#breadcrumb"},"inLanguage":"es","potentialAction":[{"@type":"ReadAction","target":["https:\/\/www.boxrepsol.com\/es\/rally\/andalucia-rally-isidre-esteve-mejora-ritmo-toyota-hilux\/"]}]},{"@type":"ImageObject","inLanguage":"es","@id":"https:\/\/www.boxrepsol.com\/es\/rally\/andalucia-rally-isidre-esteve-mejora-ritmo-toyota-hilux\/#primaryimage","url":"https:\/\/bxrepsol.s3.eu-west-1.amazonaws.com\/static\/2022\/08\/09120628\/Isidre-esteve-rally-andalucia-dia-2-1.jpg","contentUrl":"https:\/\/bxrepsol.s3.eu-west-1.amazonaws.com\/static\/2022\/08\/09120628\/Isidre-esteve-rally-andalucia-dia-2-1.jpg","width":1280,"height":720,"caption":"Isidre Esteve con su Toyota Hilux en el Andaluc\u00eda Rally"},{"@type":"BreadcrumbList","@id":"https:\/\/www.boxrepsol.com\/es\/rally\/andalucia-rally-isidre-esteve-mejora-ritmo-toyota-hilux\/#breadcrumb","itemListElement":[{"@type":"ListItem","position":1,"name":"Home","item":"https:\/\/www.boxrepsol.com\/es\/"},{"@type":"ListItem","position":2,"name":"Andaluc\u00eda Rally: Isidre Esteve mejora el ritmo con su flamante Toyota Hilux dakariano"}]},{"@type":"WebSite","@id":"https:\/\/www.boxrepsol.com\/es\/#website","url":"https:\/\/www.boxrepsol.com\/es\/","name":"Box Repsol","description":"Box Repsol Site","publisher":{"@id":"https:\/\/www.boxrepsol.com\/es\/#organization"},"potentialAction":[{"@type":"SearchAction","target":{"@type":"EntryPoint","urlTemplate":"https:\/\/www.boxrepsol.com\/es\/?s={search_term_string}"},"query-input":{"@type":"PropertyValueSpecification","valueRequired":true,"valueName":"search_term_string"}}],"inLanguage":"es"},{"@type":"Organization","@id":"https:\/\/www.boxrepsol.com\/es\/#organization","name":"Box Repsol","url":"https:\/\/www.boxrepsol.com\/es\/","logo":{"@type":"ImageObject","inLanguage":"es","@id":"https:\/\/www.boxrepsol.com\/es\/#\/schema\/logo\/image\/","url":"https:\/\/bxrepsol.s3.eu-west-1.amazonaws.com\/static\/2025\/07\/30083337\/favicon-96x96-1.png","contentUrl":"https:\/\/bxrepsol.s3.eu-west-1.amazonaws.com\/static\/2025\/07\/30083337\/favicon-96x96-1.png","width":96,"height":96,"caption":"Box Repsol"},"image":{"@id":"https:\/\/www.boxrepsol.com\/es\/#\/schema\/logo\/image\/"},"sameAs":["https:\/\/www.facebook.com\/BoxRepsol","https:\/\/x.com\/box_repsol","http:\/\/instagram.com\/box_repsol","https:\/\/www.youtube.com\/user\/RepsolCompeticion","https:\/\/www.flickr.com\/photos\/box_repsol\/"]},{"@type":"Person","@id":"https:\/\/www.boxrepsol.com\/es\/#\/schema\/person\/c5c2138f2cca251b0ad92b7086bb60b7","name":"Redacci\u00f3n Box Repsol","image":{"@type":"ImageObject","inLanguage":"es","@id":"https:\/\/secure.gravatar.com\/avatar\/adf7b77e38b4419baf32c7e9c21dde01f4e40df611f0978e3006fc4ba0aaab7e?s=96&d=mm&r=g","url":"https:\/\/secure.gravatar.com\/avatar\/adf7b77e38b4419baf32c7e9c21dde01f4e40df611f0978e3006fc4ba0aaab7e?s=96&d=mm&r=g","contentUrl":"https:\/\/secure.gravatar.com\/avatar\/adf7b77e38b4419baf32c7e9c21dde01f4e40df611f0978e3006fc4ba0aaab7e?s=96&d=mm&r=g","caption":"Redacci\u00f3n Box Repsol"},"description":"Box Repsol lo forma un equipo de periodistas, community managers, dise\u00f1adores y fot\u00f3grafos con m\u00e1s de 20 a\u00f1os de experiencia en el mundo del motorsport. Hemos vivido el primer mundial de un espa\u00f1ol en la categor\u00eda reina de motociclismo con \u00c1lex Crivill\u00e9, estuvimos en las victorias de Pedrosa y los t\u00edtulos de M\u00e1rquez, acompa\u00f1amos en \u00c1frica a Nani Roma y Marc Coma en sus conquistas del Dakar y hemos vibrado con los t\u00edtulos de Toni Bou en Trial. Adem\u00e1s, en nuestro equipo contamos con expertos en el mundo de las dos y cuatro ruedas tanto de la calle y las carreteras, como de los circuitos. Periodistas que han trabajado en revistas y publicaciones para hacerte llegar desde rutas y consejos de mantenimiento, a curiosidades y trucos de pilotaje.","sameAs":["https:\/\/www.facebook.com\/BoxRepsol\/","https:\/\/www.instagram.com\/box_repsol\/","https:\/\/x.com\/https:\/\/twitter.com\/box_repsol","https:\/\/www.youtube.com\/@Boxrepsol"],"url":"https:\/\/www.boxrepsol.com\/es\/author\/redaccion-box-repsol\/"}]}},"_links":{"self":[{"href":"https:\/\/www.boxrepsol.com\/es\/wp-json\/wp\/v2\/posts\/94672","targetHints":{"allow":["GET"]}}],"collection":[{"href":"https:\/\/www.boxrepsol.com\/es\/wp-json\/wp\/v2\/posts"}],"about":[{"href":"https:\/\/www.boxrepsol.com\/es\/wp-json\/wp\/v2\/types\/post"}],"author":[{"embeddable":true,"href":"https:\/\/www.boxrepsol.com\/es\/wp-json\/wp\/v2\/users\/43146"}],"replies":[{"embeddable":true,"href":"https:\/\/www.boxrepsol.com\/es\/wp-json\/wp\/v2\/comments?post=94672"}],"version-history":[{"count":1,"href":"https:\/\/www.boxrepsol.com\/es\/wp-json\/wp\/v2\/posts\/94672\/revisions"}],"predecessor-version":[{"id":94673,"href":"https:\/\/www.boxrepsol.com\/es\/wp-json\/wp\/v2\/posts\/94672\/revisions\/94673"}],"wp:featuredmedia":[{"embeddable":true,"href":"https:\/\/www.boxrepsol.com\/es\/wp-json\/wp\/v2\/media\/41191"}],"wp:attachment":[{"href":"https:\/\/www.boxrepsol.com\/es\/wp-json\/wp\/v2\/media?parent=94672"}],"wp:term":[{"taxonomy":"category","embeddable":true,"href":"https:\/\/www.boxrepsol.com\/es\/wp-json\/wp\/v2\/categories?post=94672"},{"taxonomy":"post_tag","embeddable":true,"href":"https:\/\/www.boxrepsol.com\/es\/wp-json\/wp\/v2\/tags?post=94672"}],"curies":[{"name":"wp","href":"https:\/\/api.w.org\/{rel}","templated":true}]}}