{"id":94667,"date":"2020-10-08T00:00:00","date_gmt":"2020-10-08T02:00:00","guid":{"rendered":"http:\/\/pre.boxrepsol.com\/sin-categorizar\/isidre-esteve-toyota-hilux-carrera-rally-de-andalucia\/"},"modified":"2024-04-19T07:31:56","modified_gmt":"2024-04-19T09:31:56","slug":"isidre-esteve-toyota-hilux-carrera-rally-de-andalucia","status":"publish","type":"post","link":"https:\/\/www.boxrepsol.com\/es\/rally\/isidre-esteve-toyota-hilux-carrera-rally-de-andalucia\/","title":{"rendered":"Isidre Esteve, muy feliz tras estrenar su Toyota Hilux Overdrive en carrera"},"content":{"rendered":"<p>\u201cEstamos muy contentos porque no hemos tenido ning\u00fan problema y las sensaciones de conducci\u00f3n han sido fant\u00e1sticas\u201d.<\/p>\n<p>\u201cPodemos ir mucho m\u00e1s r\u00e1pido, porque el Toyota tiene un potencial enorme, pero hemos preferido afrontar este primer d\u00eda con prudencia para no cometer errores\u201d.<\/p>\n<p>Radiante. As\u00ed estaba <strong>Isidre Esteve<\/strong> despu\u00e9s de pilotar por primera vez en competici\u00f3n su nuevo <strong>Toyota Hilux<\/strong> Overdrive. El del <strong>Repsol Rally Team<\/strong> ha completado la primera etapa del <strong>Andaluc\u00eda Rally<\/strong> en una esperanzadora und\u00e9cima posici\u00f3n, a tenor del elevado nivel de inscripci\u00f3n de esta prueba, considerada como el \u00faltimo gran test antes del Dakar 2021.<\/p>\n<p>\u201cEstamos contentos de c\u00f3mo ha ido el estreno del nuevo proyecto, porque no hemos tenido ning\u00fan problema y las sensaciones de conducci\u00f3n han sido fant\u00e1sticas\u201d, ha valorado el ilerdense.<\/p>\n<p>La primera etapa del rally andaluz, sustituto del Rally de Marruecos en el calendario, ha sufrido cambios de \u00faltima hora, a causa de unos problemas de la organizaci\u00f3n con el cronometraje. Por ese motivo, han decidido cancelar la pr\u00f3logo y recortar la especial a 168 kil\u00f3metros cronometrados, de los 240 previstos inicialmente.<\/p>\n<p>Despu\u00e9s de estrenarse en una polvorienta s\u00faper especial de apenas 9 kil\u00f3metros, que finalmente se ha cancelado, Isidre Esteve y su copiloto Txema Villalobos han completado el primer tramo del Andaluc\u00eda Rally en 2 horas, 21 minutos y 21 segundos. Ese registro les ha situado en el und\u00e9cimo lugar en el apartado de coches, a 15\u201947\u201d del ganador, el saud\u00ed Yazeed Al-Rajhi (Toyota Hilux).<\/p>\n<p>\u201cHa sido una etapa muy lenta al principio, con arena, arquetas de cemento y pasos estrechos entre los \u00e1rboles, que nos han obligado a ir en tensi\u00f3n para no chocar. A partir del kil\u00f3metro 50, la especial ha sido mucho m\u00e1s r\u00e1pida y ese cambio nos ha ido muy bien para ir solt\u00e1ndonos y coger confianza\u201d, explicaba el piloto de Oliana a su llegada a la Hacienda El Rosalejo, en Villamart\u00edn, centro neur\u00e1lgico de la prueba.<\/p>\n<p><a href=\"https:\/\/bxrepsol.s3.eu-west-1.amazonaws.com\/static\/2022\/08\/09120616\/rally-de-andalucia-isidre-esteve-2.jpg\" \n   title=\"Isidre Esteve y Txema Villalobos en el Rally de Andaluc\u00eda\" \n   data-gallery-thumbnail=\"https:\/\/bxrepsol.s3.eu-west-1.amazonaws.com\/static\/2022\/08\/09120616\/rally-de-andalucia-isidre-esteve-2.jpg\"\n   data-gallery-title=\"\"\n   data-gallery><\/p>\n<figure>\n        <picture style=\"padding-bottom: 56.25%; background-image: url(https:\/\/bxrepsol.s3.eu-west-1.amazonaws.com\/static\/2022\/08\/09120616\/rally-de-andalucia-isidre-esteve-2.jpg);\">\n            <img decoding=\"async\" src=\"https:\/\/bxrepsol.s3.eu-west-1.amazonaws.com\/static\/2022\/08\/09120616\/rally-de-andalucia-isidre-esteve-2.jpg\"><br \/>\n            <img itemprop=\"image\"\n                data-srcset=\"https:\/\/bxrepsol.s3.eu-west-1.amazonaws.com\/static\/2022\/08\/09120616\/rally-de-andalucia-isidre-esteve-2.jpg 480w, https:\/\/bxrepsol.s3.eu-west-1.amazonaws.com\/static\/2022\/08\/09120616\/rally-de-andalucia-isidre-esteve-2.jpg 600w, https:\/\/bxrepsol.s3.eu-west-1.amazonaws.com\/static\/2022\/08\/09120616\/rally-de-andalucia-isidre-esteve-2.jpg 900w, https:\/\/bxrepsol.s3.eu-west-1.amazonaws.com\/static\/2022\/08\/09120616\/rally-de-andalucia-isidre-esteve-2.jpg 1280w\"\n                data-src=\"https:\/\/bxrepsol.s3.eu-west-1.amazonaws.com\/static\/2022\/08\/09120616\/rally-de-andalucia-isidre-esteve-2.jpg\"\n                alt=\"Isidre Esteve y Txema Villalobos en el Rally de Andaluc\u00eda\"\n                title=\"rally-de-andalucia-isidre-esteve\"\/><br \/>\n            <noscript><img decoding=\"async\" src=\"https:\/\/bxrepsol.s3.eu-west-1.amazonaws.com\/static\/2022\/08\/09120616\/rally-de-andalucia-isidre-esteve-2.jpg\" alt=\"Isidre Esteve y Txema Villalobos en el Rally de Andaluc\u00eda\"><\/noscript>\n        <\/picture><figcaption>Isidre Esteve y Txema Villalobos en el Rally de Andaluc\u00eda<\/figcaption><\/figure>\n<p><\/a><\/p>\n<p>\u201cHemos comprobado que podemos ir mucho m\u00e1s r\u00e1pido, pero hemos preferido afrontar este primer d\u00eda con prudencia porque la pista estaba complicada y era f\u00e1cil cometer alg\u00fan error. El Toyota Hilux es impresionante y tiene un potencial enorme que iremos aprovechando conforme vayamos acumulando kil\u00f3metros\u201d, presagiaba el piloto que cuenta con el apoyo de Repsol, MGS Seguros, KH-7 y Toyota Espa\u00f1a.<\/p>\n<p>\u201cEsta carrera debe servirnos para establecer una buena din\u00e1mica de trabajo entre los t\u00e9cnicos de Overdrive y los mec\u00e1nicos del Repsol Rally Team, para aprender bien del coche y adaptarlo a mi conducci\u00f3n. \u00a1Vamos por el buen camino!\u201d, valoraba de forma positiva el piloto de Oliana que ha podido probar con satisfacci\u00f3n el buen funcionamiento de sus mandos adaptados al volante por Guidosimplex.<\/p>\n<p>Ma\u00f1ana jueves, el <strong>Andaluc\u00eda Rally<\/strong> disputar\u00e1 la segunda etapa, en la que los participantes deber\u00e1n completar 365 kil\u00f3metros, 270 de ellos de lucha contra el cron\u00f3metro. \u201cNuestro planteamiento ser\u00e1 ir progresando d\u00eda a d\u00eda. Es un lujo poder disputar esta carrera en Espa\u00f1a, con un nivel tan alto de participaci\u00f3n. Debemos aprovechar este magn\u00edfico test para llegar al Dakar al 100%\u201d, concluye Isidre Esteve.<\/p>\n<p>                <!-- Imagen relacionada --><br \/>\n        <img loading=\"lazy\" decoding=\"async\" width=\"404\" height=\"336\" src=\"https:\/\/bxrepsol.s3.eu-west-1.amazonaws.com\/static\/2022\/08\/09120617\/Isidre-esteve-y-txema-villalobos-toyota-hilux-3.jpg\" alt=\"Isidre Esteve y Txema Villalobos preparados para el Andalucia Rally\" \/><br \/>\n                <!-- Categor\u00eda --><br \/>\n            Rally<br \/>\n        <!-- T\u00edtulo --><br \/>\n        <a href=\"https:\/\/www.boxrepsol.com\/es\/rally\/andalucia-rally-isidre-esteve-toyota-hilux\/\"><\/p>\n<h3>Isidre Esteve estrenar\u00e1 su Toyota Hilux Overdrive en Andaluc\u00eda<\/h3>\n<p>        <\/a><br \/>\n                    <!-- Fecha --><br \/>\n            hace 1 hora<\/p>\n","protected":false},"excerpt":{"rendered":"<p>El piloto del Repsol Rally Team ha completado la primera etapa del Andaluc\u00eda Rally en und\u00e9cima posici\u00f3n.<\/p>\n","protected":false},"author":43146,"featured_media":41172,"comment_status":"open","ping_status":"open","sticky":false,"template":"","format":"standard","meta":{"footnotes":""},"categories":[27],"tags":[191,29,130,183],"class_list":["post-94667","post","type-post","status-publish","format-standard","hentry","category-rally","tag-191","tag-isidre-esteve","tag-otros-eventos-y-competiciones","tag-repsol-rally-team"],"yoast_head":"<!-- This site is optimized with the Yoast SEO plugin v27.3 - https:\/\/yoast.com\/product\/yoast-seo-wordpress\/ -->\n<title>Isidre Esteve, muy feliz tras estrenar su Toyota Hilux Overdrive en carrera - Box Repsol<\/title>\n<meta name=\"description\" content=\"Rally de Andaluc\u00eda: El piloto del Repsol Rally Team ha completado la primera etapa del Andaluc\u00eda Rally en und\u00e9cima posici\u00f3n.\" \/>\n<link rel=\"canonical\" href=\"https:\/\/www.boxrepsol.com\/es\/rally\/isidre-esteve-toyota-hilux-carrera-rally-de-andalucia\/\" \/>\n<meta property=\"og:locale\" content=\"es_ES\" \/>\n<meta property=\"og:type\" content=\"article\" \/>\n<meta property=\"og:title\" content=\"Isidre Esteve, muy feliz tras estrenar su Toyota Hilux Overdrive en carrera - Box Repsol\" \/>\n<meta property=\"og:description\" content=\"Rally de Andaluc\u00eda: El piloto del Repsol Rally Team ha completado la primera etapa del Andaluc\u00eda Rally en und\u00e9cima posici\u00f3n.\" \/>\n<meta property=\"og:url\" content=\"https:\/\/www.boxrepsol.com\/es\/rally\/isidre-esteve-toyota-hilux-carrera-rally-de-andalucia\/\" \/>\n<meta property=\"og:site_name\" content=\"Box Repsol\" \/>\n<meta property=\"article:publisher\" content=\"https:\/\/www.facebook.com\/BoxRepsol\" \/>\n<meta property=\"article:author\" content=\"https:\/\/www.facebook.com\/BoxRepsol\/\" \/>\n<meta property=\"article:published_time\" content=\"2020-10-08T02:00:00+00:00\" \/>\n<meta property=\"article:modified_time\" content=\"2024-04-19T09:31:56+00:00\" \/>\n<meta property=\"og:image\" content=\"https:\/\/bxrepsol.s3.eu-west-1.amazonaws.com\/static\/2022\/08\/09120618\/Rally-de-Andalucia-dia-1-2.jpg\" \/>\n\t<meta property=\"og:image:width\" content=\"1280\" \/>\n\t<meta property=\"og:image:height\" content=\"720\" \/>\n\t<meta property=\"og:image:type\" content=\"image\/jpeg\" \/>\n<meta name=\"author\" content=\"Redacci\u00f3n Box Repsol\" \/>\n<meta name=\"twitter:card\" content=\"summary_large_image\" \/>\n<meta name=\"twitter:creator\" content=\"@https:\/\/twitter.com\/box_repsol\" \/>\n<meta name=\"twitter:site\" content=\"@box_repsol\" \/>\n<meta name=\"twitter:label1\" content=\"Written by\" \/>\n\t<meta name=\"twitter:data1\" content=\"Redacci\u00f3n Box Repsol\" \/>\n\t<meta name=\"twitter:label2\" content=\"Est. reading time\" \/>\n\t<meta name=\"twitter:data2\" content=\"3 minutos\" \/>\n<script type=\"application\/ld+json\" class=\"yoast-schema-graph\">{\"@context\":\"https:\\\/\\\/schema.org\",\"@graph\":[{\"@type\":\"Article\",\"@id\":\"https:\\\/\\\/www.boxrepsol.com\\\/es\\\/rally\\\/isidre-esteve-toyota-hilux-carrera-rally-de-andalucia\\\/#article\",\"isPartOf\":{\"@id\":\"https:\\\/\\\/www.boxrepsol.com\\\/es\\\/rally\\\/isidre-esteve-toyota-hilux-carrera-rally-de-andalucia\\\/\"},\"author\":{\"name\":\"Redacci\u00f3n Box Repsol\",\"@id\":\"https:\\\/\\\/www.boxrepsol.com\\\/es\\\/#\\\/schema\\\/person\\\/c5c2138f2cca251b0ad92b7086bb60b7\"},\"headline\":\"Isidre Esteve, muy feliz tras estrenar su Toyota Hilux Overdrive en carrera\",\"datePublished\":\"2020-10-08T02:00:00+00:00\",\"dateModified\":\"2024-04-19T09:31:56+00:00\",\"mainEntityOfPage\":{\"@id\":\"https:\\\/\\\/www.boxrepsol.com\\\/es\\\/rally\\\/isidre-esteve-toyota-hilux-carrera-rally-de-andalucia\\\/\"},\"wordCount\":584,\"commentCount\":0,\"publisher\":{\"@id\":\"https:\\\/\\\/www.boxrepsol.com\\\/es\\\/#organization\"},\"image\":{\"@id\":\"https:\\\/\\\/www.boxrepsol.com\\\/es\\\/rally\\\/isidre-esteve-toyota-hilux-carrera-rally-de-andalucia\\\/#primaryimage\"},\"thumbnailUrl\":\"https:\\\/\\\/bxrepsol.s3.eu-west-1.amazonaws.com\\\/static\\\/2022\\\/08\\\/09120618\\\/Rally-de-Andalucia-dia-1-2.jpg\",\"keywords\":[\"2020\",\"Isidre Esteve\",\"otros eventos y competiciones\",\"Repsol Rally Team\"],\"articleSection\":[\"Rally\"],\"inLanguage\":\"es\",\"potentialAction\":[{\"@type\":\"CommentAction\",\"name\":\"Comment\",\"target\":[\"https:\\\/\\\/www.boxrepsol.com\\\/es\\\/rally\\\/isidre-esteve-toyota-hilux-carrera-rally-de-andalucia\\\/#respond\"]}]},{\"@type\":\"WebPage\",\"@id\":\"https:\\\/\\\/www.boxrepsol.com\\\/es\\\/rally\\\/isidre-esteve-toyota-hilux-carrera-rally-de-andalucia\\\/\",\"url\":\"https:\\\/\\\/www.boxrepsol.com\\\/es\\\/rally\\\/isidre-esteve-toyota-hilux-carrera-rally-de-andalucia\\\/\",\"name\":\"Isidre Esteve, muy feliz tras estrenar su Toyota Hilux Overdrive en carrera - Box Repsol\",\"isPartOf\":{\"@id\":\"https:\\\/\\\/www.boxrepsol.com\\\/es\\\/#website\"},\"primaryImageOfPage\":{\"@id\":\"https:\\\/\\\/www.boxrepsol.com\\\/es\\\/rally\\\/isidre-esteve-toyota-hilux-carrera-rally-de-andalucia\\\/#primaryimage\"},\"image\":{\"@id\":\"https:\\\/\\\/www.boxrepsol.com\\\/es\\\/rally\\\/isidre-esteve-toyota-hilux-carrera-rally-de-andalucia\\\/#primaryimage\"},\"thumbnailUrl\":\"https:\\\/\\\/bxrepsol.s3.eu-west-1.amazonaws.com\\\/static\\\/2022\\\/08\\\/09120618\\\/Rally-de-Andalucia-dia-1-2.jpg\",\"datePublished\":\"2020-10-08T02:00:00+00:00\",\"dateModified\":\"2024-04-19T09:31:56+00:00\",\"description\":\"Rally de Andaluc\u00eda: El piloto del Repsol Rally Team ha completado la primera etapa del Andaluc\u00eda Rally en und\u00e9cima posici\u00f3n.\",\"breadcrumb\":{\"@id\":\"https:\\\/\\\/www.boxrepsol.com\\\/es\\\/rally\\\/isidre-esteve-toyota-hilux-carrera-rally-de-andalucia\\\/#breadcrumb\"},\"inLanguage\":\"es\",\"potentialAction\":[{\"@type\":\"ReadAction\",\"target\":[\"https:\\\/\\\/www.boxrepsol.com\\\/es\\\/rally\\\/isidre-esteve-toyota-hilux-carrera-rally-de-andalucia\\\/\"]}]},{\"@type\":\"ImageObject\",\"inLanguage\":\"es\",\"@id\":\"https:\\\/\\\/www.boxrepsol.com\\\/es\\\/rally\\\/isidre-esteve-toyota-hilux-carrera-rally-de-andalucia\\\/#primaryimage\",\"url\":\"https:\\\/\\\/bxrepsol.s3.eu-west-1.amazonaws.com\\\/static\\\/2022\\\/08\\\/09120618\\\/Rally-de-Andalucia-dia-1-2.jpg\",\"contentUrl\":\"https:\\\/\\\/bxrepsol.s3.eu-west-1.amazonaws.com\\\/static\\\/2022\\\/08\\\/09120618\\\/Rally-de-Andalucia-dia-1-2.jpg\",\"width\":1280,\"height\":720,\"caption\":\"Isidre Esteve y Txema Villalobos en el Rally de Andaluc\u00eda\"},{\"@type\":\"BreadcrumbList\",\"@id\":\"https:\\\/\\\/www.boxrepsol.com\\\/es\\\/rally\\\/isidre-esteve-toyota-hilux-carrera-rally-de-andalucia\\\/#breadcrumb\",\"itemListElement\":[{\"@type\":\"ListItem\",\"position\":1,\"name\":\"Home\",\"item\":\"https:\\\/\\\/www.boxrepsol.com\\\/es\\\/\"},{\"@type\":\"ListItem\",\"position\":2,\"name\":\"Isidre Esteve, muy feliz tras estrenar su Toyota Hilux Overdrive en carrera\"}]},{\"@type\":\"WebSite\",\"@id\":\"https:\\\/\\\/www.boxrepsol.com\\\/es\\\/#website\",\"url\":\"https:\\\/\\\/www.boxrepsol.com\\\/es\\\/\",\"name\":\"Box Repsol\",\"description\":\"Box Repsol Site\",\"publisher\":{\"@id\":\"https:\\\/\\\/www.boxrepsol.com\\\/es\\\/#organization\"},\"potentialAction\":[{\"@type\":\"SearchAction\",\"target\":{\"@type\":\"EntryPoint\",\"urlTemplate\":\"https:\\\/\\\/www.boxrepsol.com\\\/es\\\/?s={search_term_string}\"},\"query-input\":{\"@type\":\"PropertyValueSpecification\",\"valueRequired\":true,\"valueName\":\"search_term_string\"}}],\"inLanguage\":\"es\"},{\"@type\":\"Organization\",\"@id\":\"https:\\\/\\\/www.boxrepsol.com\\\/es\\\/#organization\",\"name\":\"Box Repsol\",\"url\":\"https:\\\/\\\/www.boxrepsol.com\\\/es\\\/\",\"logo\":{\"@type\":\"ImageObject\",\"inLanguage\":\"es\",\"@id\":\"https:\\\/\\\/www.boxrepsol.com\\\/es\\\/#\\\/schema\\\/logo\\\/image\\\/\",\"url\":\"https:\\\/\\\/bxrepsol.s3.eu-west-1.amazonaws.com\\\/static\\\/2025\\\/07\\\/30083337\\\/favicon-96x96-1.png\",\"contentUrl\":\"https:\\\/\\\/bxrepsol.s3.eu-west-1.amazonaws.com\\\/static\\\/2025\\\/07\\\/30083337\\\/favicon-96x96-1.png\",\"width\":96,\"height\":96,\"caption\":\"Box Repsol\"},\"image\":{\"@id\":\"https:\\\/\\\/www.boxrepsol.com\\\/es\\\/#\\\/schema\\\/logo\\\/image\\\/\"},\"sameAs\":[\"https:\\\/\\\/www.facebook.com\\\/BoxRepsol\",\"https:\\\/\\\/x.com\\\/box_repsol\",\"http:\\\/\\\/instagram.com\\\/box_repsol\",\"https:\\\/\\\/www.youtube.com\\\/user\\\/RepsolCompeticion\",\"https:\\\/\\\/www.flickr.com\\\/photos\\\/box_repsol\\\/\"]},{\"@type\":\"Person\",\"@id\":\"https:\\\/\\\/www.boxrepsol.com\\\/es\\\/#\\\/schema\\\/person\\\/c5c2138f2cca251b0ad92b7086bb60b7\",\"name\":\"Redacci\u00f3n Box Repsol\",\"image\":{\"@type\":\"ImageObject\",\"inLanguage\":\"es\",\"@id\":\"https:\\\/\\\/secure.gravatar.com\\\/avatar\\\/adf7b77e38b4419baf32c7e9c21dde01f4e40df611f0978e3006fc4ba0aaab7e?s=96&d=mm&r=g\",\"url\":\"https:\\\/\\\/secure.gravatar.com\\\/avatar\\\/adf7b77e38b4419baf32c7e9c21dde01f4e40df611f0978e3006fc4ba0aaab7e?s=96&d=mm&r=g\",\"contentUrl\":\"https:\\\/\\\/secure.gravatar.com\\\/avatar\\\/adf7b77e38b4419baf32c7e9c21dde01f4e40df611f0978e3006fc4ba0aaab7e?s=96&d=mm&r=g\",\"caption\":\"Redacci\u00f3n Box Repsol\"},\"description\":\"Box Repsol lo forma un equipo de periodistas, community managers, dise\u00f1adores y fot\u00f3grafos con m\u00e1s de 20 a\u00f1os de experiencia en el mundo del motorsport. Hemos vivido el primer mundial de un espa\u00f1ol en la categor\u00eda reina de motociclismo con \u00c1lex Crivill\u00e9, estuvimos en las victorias de Pedrosa y los t\u00edtulos de M\u00e1rquez, acompa\u00f1amos en \u00c1frica a Nani Roma y Marc Coma en sus conquistas del Dakar y hemos vibrado con los t\u00edtulos de Toni Bou en Trial. Adem\u00e1s, en nuestro equipo contamos con expertos en el mundo de las dos y cuatro ruedas tanto de la calle y las carreteras, como de los circuitos. Periodistas que han trabajado en revistas y publicaciones para hacerte llegar desde rutas y consejos de mantenimiento, a curiosidades y trucos de pilotaje.\",\"sameAs\":[\"https:\\\/\\\/www.facebook.com\\\/BoxRepsol\\\/\",\"https:\\\/\\\/www.instagram.com\\\/box_repsol\\\/\",\"https:\\\/\\\/x.com\\\/https:\\\/\\\/twitter.com\\\/box_repsol\",\"https:\\\/\\\/www.youtube.com\\\/@Boxrepsol\"],\"url\":\"https:\\\/\\\/www.boxrepsol.com\\\/es\\\/author\\\/redaccion-box-repsol\\\/\"}]}<\/script>\n<!-- \/ Yoast SEO plugin. -->","yoast_head_json":{"title":"Isidre Esteve, muy feliz tras estrenar su Toyota Hilux Overdrive en carrera - Box Repsol","description":"Rally de Andaluc\u00eda: El piloto del Repsol Rally Team ha completado la primera etapa del Andaluc\u00eda Rally en und\u00e9cima posici\u00f3n.","canonical":"https:\/\/www.boxrepsol.com\/es\/rally\/isidre-esteve-toyota-hilux-carrera-rally-de-andalucia\/","og_locale":"es_ES","og_type":"article","og_title":"Isidre Esteve, muy feliz tras estrenar su Toyota Hilux Overdrive en carrera - Box Repsol","og_description":"Rally de Andaluc\u00eda: El piloto del Repsol Rally Team ha completado la primera etapa del Andaluc\u00eda Rally en und\u00e9cima posici\u00f3n.","og_url":"https:\/\/www.boxrepsol.com\/es\/rally\/isidre-esteve-toyota-hilux-carrera-rally-de-andalucia\/","og_site_name":"Box Repsol","article_publisher":"https:\/\/www.facebook.com\/BoxRepsol","article_author":"https:\/\/www.facebook.com\/BoxRepsol\/","article_published_time":"2020-10-08T02:00:00+00:00","article_modified_time":"2024-04-19T09:31:56+00:00","og_image":[{"width":1280,"height":720,"url":"https:\/\/bxrepsol.s3.eu-west-1.amazonaws.com\/static\/2022\/08\/09120618\/Rally-de-Andalucia-dia-1-2.jpg","type":"image\/jpeg"}],"author":"Redacci\u00f3n Box Repsol","twitter_card":"summary_large_image","twitter_creator":"@https:\/\/twitter.com\/box_repsol","twitter_site":"@box_repsol","twitter_misc":{"Written by":"Redacci\u00f3n Box Repsol","Est. reading time":"3 minutos"},"schema":{"@context":"https:\/\/schema.org","@graph":[{"@type":"Article","@id":"https:\/\/www.boxrepsol.com\/es\/rally\/isidre-esteve-toyota-hilux-carrera-rally-de-andalucia\/#article","isPartOf":{"@id":"https:\/\/www.boxrepsol.com\/es\/rally\/isidre-esteve-toyota-hilux-carrera-rally-de-andalucia\/"},"author":{"name":"Redacci\u00f3n Box Repsol","@id":"https:\/\/www.boxrepsol.com\/es\/#\/schema\/person\/c5c2138f2cca251b0ad92b7086bb60b7"},"headline":"Isidre Esteve, muy feliz tras estrenar su Toyota Hilux Overdrive en carrera","datePublished":"2020-10-08T02:00:00+00:00","dateModified":"2024-04-19T09:31:56+00:00","mainEntityOfPage":{"@id":"https:\/\/www.boxrepsol.com\/es\/rally\/isidre-esteve-toyota-hilux-carrera-rally-de-andalucia\/"},"wordCount":584,"commentCount":0,"publisher":{"@id":"https:\/\/www.boxrepsol.com\/es\/#organization"},"image":{"@id":"https:\/\/www.boxrepsol.com\/es\/rally\/isidre-esteve-toyota-hilux-carrera-rally-de-andalucia\/#primaryimage"},"thumbnailUrl":"https:\/\/bxrepsol.s3.eu-west-1.amazonaws.com\/static\/2022\/08\/09120618\/Rally-de-Andalucia-dia-1-2.jpg","keywords":["2020","Isidre Esteve","otros eventos y competiciones","Repsol Rally Team"],"articleSection":["Rally"],"inLanguage":"es","potentialAction":[{"@type":"CommentAction","name":"Comment","target":["https:\/\/www.boxrepsol.com\/es\/rally\/isidre-esteve-toyota-hilux-carrera-rally-de-andalucia\/#respond"]}]},{"@type":"WebPage","@id":"https:\/\/www.boxrepsol.com\/es\/rally\/isidre-esteve-toyota-hilux-carrera-rally-de-andalucia\/","url":"https:\/\/www.boxrepsol.com\/es\/rally\/isidre-esteve-toyota-hilux-carrera-rally-de-andalucia\/","name":"Isidre Esteve, muy feliz tras estrenar su Toyota Hilux Overdrive en carrera - Box Repsol","isPartOf":{"@id":"https:\/\/www.boxrepsol.com\/es\/#website"},"primaryImageOfPage":{"@id":"https:\/\/www.boxrepsol.com\/es\/rally\/isidre-esteve-toyota-hilux-carrera-rally-de-andalucia\/#primaryimage"},"image":{"@id":"https:\/\/www.boxrepsol.com\/es\/rally\/isidre-esteve-toyota-hilux-carrera-rally-de-andalucia\/#primaryimage"},"thumbnailUrl":"https:\/\/bxrepsol.s3.eu-west-1.amazonaws.com\/static\/2022\/08\/09120618\/Rally-de-Andalucia-dia-1-2.jpg","datePublished":"2020-10-08T02:00:00+00:00","dateModified":"2024-04-19T09:31:56+00:00","description":"Rally de Andaluc\u00eda: El piloto del Repsol Rally Team ha completado la primera etapa del Andaluc\u00eda Rally en und\u00e9cima posici\u00f3n.","breadcrumb":{"@id":"https:\/\/www.boxrepsol.com\/es\/rally\/isidre-esteve-toyota-hilux-carrera-rally-de-andalucia\/#breadcrumb"},"inLanguage":"es","potentialAction":[{"@type":"ReadAction","target":["https:\/\/www.boxrepsol.com\/es\/rally\/isidre-esteve-toyota-hilux-carrera-rally-de-andalucia\/"]}]},{"@type":"ImageObject","inLanguage":"es","@id":"https:\/\/www.boxrepsol.com\/es\/rally\/isidre-esteve-toyota-hilux-carrera-rally-de-andalucia\/#primaryimage","url":"https:\/\/bxrepsol.s3.eu-west-1.amazonaws.com\/static\/2022\/08\/09120618\/Rally-de-Andalucia-dia-1-2.jpg","contentUrl":"https:\/\/bxrepsol.s3.eu-west-1.amazonaws.com\/static\/2022\/08\/09120618\/Rally-de-Andalucia-dia-1-2.jpg","width":1280,"height":720,"caption":"Isidre Esteve y Txema Villalobos en el Rally de Andaluc\u00eda"},{"@type":"BreadcrumbList","@id":"https:\/\/www.boxrepsol.com\/es\/rally\/isidre-esteve-toyota-hilux-carrera-rally-de-andalucia\/#breadcrumb","itemListElement":[{"@type":"ListItem","position":1,"name":"Home","item":"https:\/\/www.boxrepsol.com\/es\/"},{"@type":"ListItem","position":2,"name":"Isidre Esteve, muy feliz tras estrenar su Toyota Hilux Overdrive en carrera"}]},{"@type":"WebSite","@id":"https:\/\/www.boxrepsol.com\/es\/#website","url":"https:\/\/www.boxrepsol.com\/es\/","name":"Box Repsol","description":"Box Repsol Site","publisher":{"@id":"https:\/\/www.boxrepsol.com\/es\/#organization"},"potentialAction":[{"@type":"SearchAction","target":{"@type":"EntryPoint","urlTemplate":"https:\/\/www.boxrepsol.com\/es\/?s={search_term_string}"},"query-input":{"@type":"PropertyValueSpecification","valueRequired":true,"valueName":"search_term_string"}}],"inLanguage":"es"},{"@type":"Organization","@id":"https:\/\/www.boxrepsol.com\/es\/#organization","name":"Box Repsol","url":"https:\/\/www.boxrepsol.com\/es\/","logo":{"@type":"ImageObject","inLanguage":"es","@id":"https:\/\/www.boxrepsol.com\/es\/#\/schema\/logo\/image\/","url":"https:\/\/bxrepsol.s3.eu-west-1.amazonaws.com\/static\/2025\/07\/30083337\/favicon-96x96-1.png","contentUrl":"https:\/\/bxrepsol.s3.eu-west-1.amazonaws.com\/static\/2025\/07\/30083337\/favicon-96x96-1.png","width":96,"height":96,"caption":"Box Repsol"},"image":{"@id":"https:\/\/www.boxrepsol.com\/es\/#\/schema\/logo\/image\/"},"sameAs":["https:\/\/www.facebook.com\/BoxRepsol","https:\/\/x.com\/box_repsol","http:\/\/instagram.com\/box_repsol","https:\/\/www.youtube.com\/user\/RepsolCompeticion","https:\/\/www.flickr.com\/photos\/box_repsol\/"]},{"@type":"Person","@id":"https:\/\/www.boxrepsol.com\/es\/#\/schema\/person\/c5c2138f2cca251b0ad92b7086bb60b7","name":"Redacci\u00f3n Box Repsol","image":{"@type":"ImageObject","inLanguage":"es","@id":"https:\/\/secure.gravatar.com\/avatar\/adf7b77e38b4419baf32c7e9c21dde01f4e40df611f0978e3006fc4ba0aaab7e?s=96&d=mm&r=g","url":"https:\/\/secure.gravatar.com\/avatar\/adf7b77e38b4419baf32c7e9c21dde01f4e40df611f0978e3006fc4ba0aaab7e?s=96&d=mm&r=g","contentUrl":"https:\/\/secure.gravatar.com\/avatar\/adf7b77e38b4419baf32c7e9c21dde01f4e40df611f0978e3006fc4ba0aaab7e?s=96&d=mm&r=g","caption":"Redacci\u00f3n Box Repsol"},"description":"Box Repsol lo forma un equipo de periodistas, community managers, dise\u00f1adores y fot\u00f3grafos con m\u00e1s de 20 a\u00f1os de experiencia en el mundo del motorsport. Hemos vivido el primer mundial de un espa\u00f1ol en la categor\u00eda reina de motociclismo con \u00c1lex Crivill\u00e9, estuvimos en las victorias de Pedrosa y los t\u00edtulos de M\u00e1rquez, acompa\u00f1amos en \u00c1frica a Nani Roma y Marc Coma en sus conquistas del Dakar y hemos vibrado con los t\u00edtulos de Toni Bou en Trial. Adem\u00e1s, en nuestro equipo contamos con expertos en el mundo de las dos y cuatro ruedas tanto de la calle y las carreteras, como de los circuitos. Periodistas que han trabajado en revistas y publicaciones para hacerte llegar desde rutas y consejos de mantenimiento, a curiosidades y trucos de pilotaje.","sameAs":["https:\/\/www.facebook.com\/BoxRepsol\/","https:\/\/www.instagram.com\/box_repsol\/","https:\/\/x.com\/https:\/\/twitter.com\/box_repsol","https:\/\/www.youtube.com\/@Boxrepsol"],"url":"https:\/\/www.boxrepsol.com\/es\/author\/redaccion-box-repsol\/"}]}},"_links":{"self":[{"href":"https:\/\/www.boxrepsol.com\/es\/wp-json\/wp\/v2\/posts\/94667","targetHints":{"allow":["GET"]}}],"collection":[{"href":"https:\/\/www.boxrepsol.com\/es\/wp-json\/wp\/v2\/posts"}],"about":[{"href":"https:\/\/www.boxrepsol.com\/es\/wp-json\/wp\/v2\/types\/post"}],"author":[{"embeddable":true,"href":"https:\/\/www.boxrepsol.com\/es\/wp-json\/wp\/v2\/users\/43146"}],"replies":[{"embeddable":true,"href":"https:\/\/www.boxrepsol.com\/es\/wp-json\/wp\/v2\/comments?post=94667"}],"version-history":[{"count":1,"href":"https:\/\/www.boxrepsol.com\/es\/wp-json\/wp\/v2\/posts\/94667\/revisions"}],"predecessor-version":[{"id":94668,"href":"https:\/\/www.boxrepsol.com\/es\/wp-json\/wp\/v2\/posts\/94667\/revisions\/94668"}],"wp:featuredmedia":[{"embeddable":true,"href":"https:\/\/www.boxrepsol.com\/es\/wp-json\/wp\/v2\/media\/41172"}],"wp:attachment":[{"href":"https:\/\/www.boxrepsol.com\/es\/wp-json\/wp\/v2\/media?parent=94667"}],"wp:term":[{"taxonomy":"category","embeddable":true,"href":"https:\/\/www.boxrepsol.com\/es\/wp-json\/wp\/v2\/categories?post=94667"},{"taxonomy":"post_tag","embeddable":true,"href":"https:\/\/www.boxrepsol.com\/es\/wp-json\/wp\/v2\/tags?post=94667"}],"curies":[{"name":"wp","href":"https:\/\/api.w.org\/{rel}","templated":true}]}}