{"id":94660,"date":"2020-10-05T00:00:00","date_gmt":"2020-10-05T02:00:00","guid":{"rendered":"http:\/\/pre.boxrepsol.com\/sin-categorizar\/titulos-fim-cev-repsol-decidiran-ultima-cita\/"},"modified":"2024-04-19T07:31:17","modified_gmt":"2024-04-19T09:31:17","slug":"titulos-fim-cev-repsol-decidiran-ultima-cita","status":"publish","type":"post","link":"https:\/\/www.boxrepsol.com\/es\/sin-categorizar\/titulos-fim-cev-repsol-decidiran-ultima-cita\/","title":{"rendered":"Los 3 t\u00edtulos del FIM CEV Repsol se decidir\u00e1n en la \u00faltima cita"},"content":{"rendered":"<p>Este fin de semana dos categor\u00edas del FIM CEV Repsol pod\u00edan decidirse si sus l\u00edderes ampliaban o manten\u00edan ventajas, pero ha sucedido todo lo contrario y <strong>las 3 categor\u00edas llegan vivas a la decisiva cita final en Valencia.<\/strong> Izan Guevara ha sido el piloto de las remontadas este fin de semana, partiendo vigesimosegundo en las tres carreras y llev\u00e1ndose la victoria en cada una de ellas. El piloto mallorqu\u00edn se sit\u00faa segundo en la general en su a\u00f1o debut en el <strong>FIM Moto3 Junior World Championship<\/strong> y se encuentra a tan solo 10 puntos del l\u00edder del mundial, <strong>Xavier Artigas<\/strong> que ha conseguido dos segundos y un quinto en MotorLand.<\/p>\n<p>El <strong>Moto2 European Championship <\/strong>ha sido la \u00fanica categor\u00eda que ha contado con dos vencedores diferentes en las tres carreras disputadas. El italiano Alessandro Zaccone se ha llevado las dos primeras, mientras que el l\u00edder del campeonato, el tambi\u00e9n italiano <strong>Yari Montella<\/strong>, se ha hecho con la tercera, y su s\u00e9ptima victoria de la temporada, tras una gran batalla hasta la \u00faltima curva con Niki Tuuli. Montella se mantiene primero en la general con 195 puntos y con una diferencia de 23, frente al segundo clasificado, Niki Tuuli. <\/p>\n<p>El otro triplete del fin de semana ha venido de la mano de Zonta Van Den Goorbergh en la <strong>European Talent Cup<\/strong> al llevarse la victoria en las tres carreras celebradas. El holand\u00e9s ha sumado su cuarta victoria consecutiva y ha demostrado tener un ritmo por encima de sus rivales a lo largo de la cita en MotorLand. Van Den Goorbergh ha sumado 75 puntos este fin de semana y se sit\u00faa segundo en la clasificaci\u00f3n general a 29 punto del l\u00edder, David Alonso. Por su parte, Alonso ha completado el fin de semana con dos segundos puestos y un \u2018no clasificado\u2019. <\/p>\n<p><strong>La \u00faltima cita del FIM CEV Repsol se celebrar\u00e1 en el Circuit Ricardo<\/strong> Tormo, donde se volver\u00e1n a celebrar dos rondas, entre el s\u00e1bado y el domingo. El gran final de la temporada 2020 tendr\u00e1 lugar los d\u00edas 31 de octubre y 1 de noviembre con un total de siete carreras. <\/p>\n","protected":false},"excerpt":{"rendered":"<p>Izan Guevara suma 3 victorias en MotorLand partiendo vigesimosegundo en parrilla en el FIM Moto3 World Championship; Zaccone (2) y Montella (1) se reparten las victorias en el Moto2 European Championship y Van Den Goorbergh se apunta los 3 triunfos en la European Talent Cup.<\/p>\n","protected":false},"author":43146,"featured_media":41136,"comment_status":"open","ping_status":"open","sticky":false,"template":"","format":"standard","meta":{"footnotes":""},"categories":[1],"tags":[191,130],"class_list":["post-94660","post","type-post","status-publish","format-standard","hentry","category-sin-categorizar","tag-191","tag-otros-eventos-y-competiciones"],"yoast_head":"<!-- This site is optimized with the Yoast SEO plugin v27.3 - https:\/\/yoast.com\/product\/yoast-seo-wordpress\/ -->\n<title>Los 3 t\u00edtulos del FIM CEV Repsol se decidir\u00e1n en la \u00faltima cita - Box Repsol<\/title>\n<meta name=\"description\" content=\"Izan Guevara suma 3 victorias en MotorLand en el FIM Moto3 World Championship; Zaccone (2) y Montella (1) se reparten las victorias en Moto2\" \/>\n<link rel=\"canonical\" href=\"https:\/\/www.boxrepsol.com\/es\/sin-categorizar\/titulos-fim-cev-repsol-decidiran-ultima-cita\/\" \/>\n<meta property=\"og:locale\" content=\"es_ES\" \/>\n<meta property=\"og:type\" content=\"article\" \/>\n<meta property=\"og:title\" content=\"Los 3 t\u00edtulos del FIM CEV Repsol se decidir\u00e1n en la \u00faltima cita - Box Repsol\" \/>\n<meta property=\"og:description\" content=\"Izan Guevara suma 3 victorias en MotorLand en el FIM Moto3 World Championship; Zaccone (2) y Montella (1) se reparten las victorias en Moto2\" \/>\n<meta property=\"og:url\" content=\"https:\/\/www.boxrepsol.com\/es\/sin-categorizar\/titulos-fim-cev-repsol-decidiran-ultima-cita\/\" \/>\n<meta property=\"og:site_name\" content=\"Box Repsol\" \/>\n<meta property=\"article:publisher\" content=\"https:\/\/www.facebook.com\/BoxRepsol\" \/>\n<meta property=\"article:author\" content=\"https:\/\/www.facebook.com\/BoxRepsol\/\" \/>\n<meta property=\"article:published_time\" content=\"2020-10-05T02:00:00+00:00\" \/>\n<meta property=\"article:modified_time\" content=\"2024-04-19T09:31:17+00:00\" \/>\n<meta property=\"og:image\" content=\"https:\/\/bxrepsol.s3.eu-west-1.amazonaws.com\/static\/2022\/08\/09120558\/fim-cev-repsol.jpg\" \/>\n\t<meta property=\"og:image:width\" content=\"1280\" \/>\n\t<meta property=\"og:image:height\" content=\"720\" \/>\n\t<meta property=\"og:image:type\" content=\"image\/jpeg\" \/>\n<meta name=\"author\" content=\"Redacci\u00f3n Box Repsol\" \/>\n<meta name=\"twitter:card\" content=\"summary_large_image\" \/>\n<meta name=\"twitter:creator\" content=\"@https:\/\/twitter.com\/box_repsol\" \/>\n<meta name=\"twitter:site\" content=\"@box_repsol\" \/>\n<meta name=\"twitter:label1\" content=\"Written by\" \/>\n\t<meta name=\"twitter:data1\" content=\"Redacci\u00f3n Box Repsol\" \/>\n\t<meta name=\"twitter:label2\" content=\"Est. reading time\" \/>\n\t<meta name=\"twitter:data2\" content=\"2 minutos\" \/>\n<script type=\"application\/ld+json\" class=\"yoast-schema-graph\">{\"@context\":\"https:\\\/\\\/schema.org\",\"@graph\":[{\"@type\":\"Article\",\"@id\":\"https:\\\/\\\/www.boxrepsol.com\\\/es\\\/sin-categorizar\\\/titulos-fim-cev-repsol-decidiran-ultima-cita\\\/#article\",\"isPartOf\":{\"@id\":\"https:\\\/\\\/www.boxrepsol.com\\\/es\\\/sin-categorizar\\\/titulos-fim-cev-repsol-decidiran-ultima-cita\\\/\"},\"author\":{\"name\":\"Redacci\u00f3n Box Repsol\",\"@id\":\"https:\\\/\\\/www.boxrepsol.com\\\/es\\\/#\\\/schema\\\/person\\\/c5c2138f2cca251b0ad92b7086bb60b7\"},\"headline\":\"Los 3 t\u00edtulos del FIM CEV Repsol se decidir\u00e1n en la \u00faltima cita\",\"datePublished\":\"2020-10-05T02:00:00+00:00\",\"dateModified\":\"2024-04-19T09:31:17+00:00\",\"mainEntityOfPage\":{\"@id\":\"https:\\\/\\\/www.boxrepsol.com\\\/es\\\/sin-categorizar\\\/titulos-fim-cev-repsol-decidiran-ultima-cita\\\/\"},\"wordCount\":377,\"commentCount\":0,\"publisher\":{\"@id\":\"https:\\\/\\\/www.boxrepsol.com\\\/es\\\/#organization\"},\"image\":{\"@id\":\"https:\\\/\\\/www.boxrepsol.com\\\/es\\\/sin-categorizar\\\/titulos-fim-cev-repsol-decidiran-ultima-cita\\\/#primaryimage\"},\"thumbnailUrl\":\"https:\\\/\\\/bxrepsol.s3.eu-west-1.amazonaws.com\\\/static\\\/2022\\\/08\\\/09120558\\\/fim-cev-repsol.jpg\",\"keywords\":[\"2020\",\"otros eventos y competiciones\"],\"articleSection\":[\"Sin categorizar\"],\"inLanguage\":\"es\",\"potentialAction\":[{\"@type\":\"CommentAction\",\"name\":\"Comment\",\"target\":[\"https:\\\/\\\/www.boxrepsol.com\\\/es\\\/sin-categorizar\\\/titulos-fim-cev-repsol-decidiran-ultima-cita\\\/#respond\"]}]},{\"@type\":\"WebPage\",\"@id\":\"https:\\\/\\\/www.boxrepsol.com\\\/es\\\/sin-categorizar\\\/titulos-fim-cev-repsol-decidiran-ultima-cita\\\/\",\"url\":\"https:\\\/\\\/www.boxrepsol.com\\\/es\\\/sin-categorizar\\\/titulos-fim-cev-repsol-decidiran-ultima-cita\\\/\",\"name\":\"Los 3 t\u00edtulos del FIM CEV Repsol se decidir\u00e1n en la \u00faltima cita - Box Repsol\",\"isPartOf\":{\"@id\":\"https:\\\/\\\/www.boxrepsol.com\\\/es\\\/#website\"},\"primaryImageOfPage\":{\"@id\":\"https:\\\/\\\/www.boxrepsol.com\\\/es\\\/sin-categorizar\\\/titulos-fim-cev-repsol-decidiran-ultima-cita\\\/#primaryimage\"},\"image\":{\"@id\":\"https:\\\/\\\/www.boxrepsol.com\\\/es\\\/sin-categorizar\\\/titulos-fim-cev-repsol-decidiran-ultima-cita\\\/#primaryimage\"},\"thumbnailUrl\":\"https:\\\/\\\/bxrepsol.s3.eu-west-1.amazonaws.com\\\/static\\\/2022\\\/08\\\/09120558\\\/fim-cev-repsol.jpg\",\"datePublished\":\"2020-10-05T02:00:00+00:00\",\"dateModified\":\"2024-04-19T09:31:17+00:00\",\"description\":\"Izan Guevara suma 3 victorias en MotorLand en el FIM Moto3 World Championship; Zaccone (2) y Montella (1) se reparten las victorias en Moto2\",\"breadcrumb\":{\"@id\":\"https:\\\/\\\/www.boxrepsol.com\\\/es\\\/sin-categorizar\\\/titulos-fim-cev-repsol-decidiran-ultima-cita\\\/#breadcrumb\"},\"inLanguage\":\"es\",\"potentialAction\":[{\"@type\":\"ReadAction\",\"target\":[\"https:\\\/\\\/www.boxrepsol.com\\\/es\\\/sin-categorizar\\\/titulos-fim-cev-repsol-decidiran-ultima-cita\\\/\"]}]},{\"@type\":\"ImageObject\",\"inLanguage\":\"es\",\"@id\":\"https:\\\/\\\/www.boxrepsol.com\\\/es\\\/sin-categorizar\\\/titulos-fim-cev-repsol-decidiran-ultima-cita\\\/#primaryimage\",\"url\":\"https:\\\/\\\/bxrepsol.s3.eu-west-1.amazonaws.com\\\/static\\\/2022\\\/08\\\/09120558\\\/fim-cev-repsol.jpg\",\"contentUrl\":\"https:\\\/\\\/bxrepsol.s3.eu-west-1.amazonaws.com\\\/static\\\/2022\\\/08\\\/09120558\\\/fim-cev-repsol.jpg\",\"width\":1280,\"height\":720,\"caption\":\"Fim CEV Repsol\"},{\"@type\":\"BreadcrumbList\",\"@id\":\"https:\\\/\\\/www.boxrepsol.com\\\/es\\\/sin-categorizar\\\/titulos-fim-cev-repsol-decidiran-ultima-cita\\\/#breadcrumb\",\"itemListElement\":[{\"@type\":\"ListItem\",\"position\":1,\"name\":\"Home\",\"item\":\"https:\\\/\\\/www.boxrepsol.com\\\/es\\\/\"},{\"@type\":\"ListItem\",\"position\":2,\"name\":\"Los 3 t\u00edtulos del FIM CEV Repsol se decidir\u00e1n en la \u00faltima cita\"}]},{\"@type\":\"WebSite\",\"@id\":\"https:\\\/\\\/www.boxrepsol.com\\\/es\\\/#website\",\"url\":\"https:\\\/\\\/www.boxrepsol.com\\\/es\\\/\",\"name\":\"Box Repsol\",\"description\":\"Box Repsol Site\",\"publisher\":{\"@id\":\"https:\\\/\\\/www.boxrepsol.com\\\/es\\\/#organization\"},\"potentialAction\":[{\"@type\":\"SearchAction\",\"target\":{\"@type\":\"EntryPoint\",\"urlTemplate\":\"https:\\\/\\\/www.boxrepsol.com\\\/es\\\/?s={search_term_string}\"},\"query-input\":{\"@type\":\"PropertyValueSpecification\",\"valueRequired\":true,\"valueName\":\"search_term_string\"}}],\"inLanguage\":\"es\"},{\"@type\":\"Organization\",\"@id\":\"https:\\\/\\\/www.boxrepsol.com\\\/es\\\/#organization\",\"name\":\"Box Repsol\",\"url\":\"https:\\\/\\\/www.boxrepsol.com\\\/es\\\/\",\"logo\":{\"@type\":\"ImageObject\",\"inLanguage\":\"es\",\"@id\":\"https:\\\/\\\/www.boxrepsol.com\\\/es\\\/#\\\/schema\\\/logo\\\/image\\\/\",\"url\":\"https:\\\/\\\/bxrepsol.s3.eu-west-1.amazonaws.com\\\/static\\\/2025\\\/07\\\/30083337\\\/favicon-96x96-1.png\",\"contentUrl\":\"https:\\\/\\\/bxrepsol.s3.eu-west-1.amazonaws.com\\\/static\\\/2025\\\/07\\\/30083337\\\/favicon-96x96-1.png\",\"width\":96,\"height\":96,\"caption\":\"Box Repsol\"},\"image\":{\"@id\":\"https:\\\/\\\/www.boxrepsol.com\\\/es\\\/#\\\/schema\\\/logo\\\/image\\\/\"},\"sameAs\":[\"https:\\\/\\\/www.facebook.com\\\/BoxRepsol\",\"https:\\\/\\\/x.com\\\/box_repsol\",\"http:\\\/\\\/instagram.com\\\/box_repsol\",\"https:\\\/\\\/www.youtube.com\\\/user\\\/RepsolCompeticion\",\"https:\\\/\\\/www.flickr.com\\\/photos\\\/box_repsol\\\/\"]},{\"@type\":\"Person\",\"@id\":\"https:\\\/\\\/www.boxrepsol.com\\\/es\\\/#\\\/schema\\\/person\\\/c5c2138f2cca251b0ad92b7086bb60b7\",\"name\":\"Redacci\u00f3n Box Repsol\",\"image\":{\"@type\":\"ImageObject\",\"inLanguage\":\"es\",\"@id\":\"https:\\\/\\\/secure.gravatar.com\\\/avatar\\\/adf7b77e38b4419baf32c7e9c21dde01f4e40df611f0978e3006fc4ba0aaab7e?s=96&d=mm&r=g\",\"url\":\"https:\\\/\\\/secure.gravatar.com\\\/avatar\\\/adf7b77e38b4419baf32c7e9c21dde01f4e40df611f0978e3006fc4ba0aaab7e?s=96&d=mm&r=g\",\"contentUrl\":\"https:\\\/\\\/secure.gravatar.com\\\/avatar\\\/adf7b77e38b4419baf32c7e9c21dde01f4e40df611f0978e3006fc4ba0aaab7e?s=96&d=mm&r=g\",\"caption\":\"Redacci\u00f3n Box Repsol\"},\"description\":\"Box Repsol lo forma un equipo de periodistas, community managers, dise\u00f1adores y fot\u00f3grafos con m\u00e1s de 20 a\u00f1os de experiencia en el mundo del motorsport. Hemos vivido el primer mundial de un espa\u00f1ol en la categor\u00eda reina de motociclismo con \u00c1lex Crivill\u00e9, estuvimos en las victorias de Pedrosa y los t\u00edtulos de M\u00e1rquez, acompa\u00f1amos en \u00c1frica a Nani Roma y Marc Coma en sus conquistas del Dakar y hemos vibrado con los t\u00edtulos de Toni Bou en Trial. Adem\u00e1s, en nuestro equipo contamos con expertos en el mundo de las dos y cuatro ruedas tanto de la calle y las carreteras, como de los circuitos. Periodistas que han trabajado en revistas y publicaciones para hacerte llegar desde rutas y consejos de mantenimiento, a curiosidades y trucos de pilotaje.\",\"sameAs\":[\"https:\\\/\\\/www.facebook.com\\\/BoxRepsol\\\/\",\"https:\\\/\\\/www.instagram.com\\\/box_repsol\\\/\",\"https:\\\/\\\/x.com\\\/https:\\\/\\\/twitter.com\\\/box_repsol\",\"https:\\\/\\\/www.youtube.com\\\/@Boxrepsol\"],\"url\":\"https:\\\/\\\/www.boxrepsol.com\\\/es\\\/author\\\/redaccion-box-repsol\\\/\"}]}<\/script>\n<!-- \/ Yoast SEO plugin. -->","yoast_head_json":{"title":"Los 3 t\u00edtulos del FIM CEV Repsol se decidir\u00e1n en la \u00faltima cita - Box Repsol","description":"Izan Guevara suma 3 victorias en MotorLand en el FIM Moto3 World Championship; Zaccone (2) y Montella (1) se reparten las victorias en Moto2","canonical":"https:\/\/www.boxrepsol.com\/es\/sin-categorizar\/titulos-fim-cev-repsol-decidiran-ultima-cita\/","og_locale":"es_ES","og_type":"article","og_title":"Los 3 t\u00edtulos del FIM CEV Repsol se decidir\u00e1n en la \u00faltima cita - Box Repsol","og_description":"Izan Guevara suma 3 victorias en MotorLand en el FIM Moto3 World Championship; Zaccone (2) y Montella (1) se reparten las victorias en Moto2","og_url":"https:\/\/www.boxrepsol.com\/es\/sin-categorizar\/titulos-fim-cev-repsol-decidiran-ultima-cita\/","og_site_name":"Box Repsol","article_publisher":"https:\/\/www.facebook.com\/BoxRepsol","article_author":"https:\/\/www.facebook.com\/BoxRepsol\/","article_published_time":"2020-10-05T02:00:00+00:00","article_modified_time":"2024-04-19T09:31:17+00:00","og_image":[{"width":1280,"height":720,"url":"https:\/\/bxrepsol.s3.eu-west-1.amazonaws.com\/static\/2022\/08\/09120558\/fim-cev-repsol.jpg","type":"image\/jpeg"}],"author":"Redacci\u00f3n Box Repsol","twitter_card":"summary_large_image","twitter_creator":"@https:\/\/twitter.com\/box_repsol","twitter_site":"@box_repsol","twitter_misc":{"Written by":"Redacci\u00f3n Box Repsol","Est. reading time":"2 minutos"},"schema":{"@context":"https:\/\/schema.org","@graph":[{"@type":"Article","@id":"https:\/\/www.boxrepsol.com\/es\/sin-categorizar\/titulos-fim-cev-repsol-decidiran-ultima-cita\/#article","isPartOf":{"@id":"https:\/\/www.boxrepsol.com\/es\/sin-categorizar\/titulos-fim-cev-repsol-decidiran-ultima-cita\/"},"author":{"name":"Redacci\u00f3n Box Repsol","@id":"https:\/\/www.boxrepsol.com\/es\/#\/schema\/person\/c5c2138f2cca251b0ad92b7086bb60b7"},"headline":"Los 3 t\u00edtulos del FIM CEV Repsol se decidir\u00e1n en la \u00faltima cita","datePublished":"2020-10-05T02:00:00+00:00","dateModified":"2024-04-19T09:31:17+00:00","mainEntityOfPage":{"@id":"https:\/\/www.boxrepsol.com\/es\/sin-categorizar\/titulos-fim-cev-repsol-decidiran-ultima-cita\/"},"wordCount":377,"commentCount":0,"publisher":{"@id":"https:\/\/www.boxrepsol.com\/es\/#organization"},"image":{"@id":"https:\/\/www.boxrepsol.com\/es\/sin-categorizar\/titulos-fim-cev-repsol-decidiran-ultima-cita\/#primaryimage"},"thumbnailUrl":"https:\/\/bxrepsol.s3.eu-west-1.amazonaws.com\/static\/2022\/08\/09120558\/fim-cev-repsol.jpg","keywords":["2020","otros eventos y competiciones"],"articleSection":["Sin categorizar"],"inLanguage":"es","potentialAction":[{"@type":"CommentAction","name":"Comment","target":["https:\/\/www.boxrepsol.com\/es\/sin-categorizar\/titulos-fim-cev-repsol-decidiran-ultima-cita\/#respond"]}]},{"@type":"WebPage","@id":"https:\/\/www.boxrepsol.com\/es\/sin-categorizar\/titulos-fim-cev-repsol-decidiran-ultima-cita\/","url":"https:\/\/www.boxrepsol.com\/es\/sin-categorizar\/titulos-fim-cev-repsol-decidiran-ultima-cita\/","name":"Los 3 t\u00edtulos del FIM CEV Repsol se decidir\u00e1n en la \u00faltima cita - Box Repsol","isPartOf":{"@id":"https:\/\/www.boxrepsol.com\/es\/#website"},"primaryImageOfPage":{"@id":"https:\/\/www.boxrepsol.com\/es\/sin-categorizar\/titulos-fim-cev-repsol-decidiran-ultima-cita\/#primaryimage"},"image":{"@id":"https:\/\/www.boxrepsol.com\/es\/sin-categorizar\/titulos-fim-cev-repsol-decidiran-ultima-cita\/#primaryimage"},"thumbnailUrl":"https:\/\/bxrepsol.s3.eu-west-1.amazonaws.com\/static\/2022\/08\/09120558\/fim-cev-repsol.jpg","datePublished":"2020-10-05T02:00:00+00:00","dateModified":"2024-04-19T09:31:17+00:00","description":"Izan Guevara suma 3 victorias en MotorLand en el FIM Moto3 World Championship; Zaccone (2) y Montella (1) se reparten las victorias en Moto2","breadcrumb":{"@id":"https:\/\/www.boxrepsol.com\/es\/sin-categorizar\/titulos-fim-cev-repsol-decidiran-ultima-cita\/#breadcrumb"},"inLanguage":"es","potentialAction":[{"@type":"ReadAction","target":["https:\/\/www.boxrepsol.com\/es\/sin-categorizar\/titulos-fim-cev-repsol-decidiran-ultima-cita\/"]}]},{"@type":"ImageObject","inLanguage":"es","@id":"https:\/\/www.boxrepsol.com\/es\/sin-categorizar\/titulos-fim-cev-repsol-decidiran-ultima-cita\/#primaryimage","url":"https:\/\/bxrepsol.s3.eu-west-1.amazonaws.com\/static\/2022\/08\/09120558\/fim-cev-repsol.jpg","contentUrl":"https:\/\/bxrepsol.s3.eu-west-1.amazonaws.com\/static\/2022\/08\/09120558\/fim-cev-repsol.jpg","width":1280,"height":720,"caption":"Fim CEV Repsol"},{"@type":"BreadcrumbList","@id":"https:\/\/www.boxrepsol.com\/es\/sin-categorizar\/titulos-fim-cev-repsol-decidiran-ultima-cita\/#breadcrumb","itemListElement":[{"@type":"ListItem","position":1,"name":"Home","item":"https:\/\/www.boxrepsol.com\/es\/"},{"@type":"ListItem","position":2,"name":"Los 3 t\u00edtulos del FIM CEV Repsol se decidir\u00e1n en la \u00faltima cita"}]},{"@type":"WebSite","@id":"https:\/\/www.boxrepsol.com\/es\/#website","url":"https:\/\/www.boxrepsol.com\/es\/","name":"Box Repsol","description":"Box Repsol Site","publisher":{"@id":"https:\/\/www.boxrepsol.com\/es\/#organization"},"potentialAction":[{"@type":"SearchAction","target":{"@type":"EntryPoint","urlTemplate":"https:\/\/www.boxrepsol.com\/es\/?s={search_term_string}"},"query-input":{"@type":"PropertyValueSpecification","valueRequired":true,"valueName":"search_term_string"}}],"inLanguage":"es"},{"@type":"Organization","@id":"https:\/\/www.boxrepsol.com\/es\/#organization","name":"Box Repsol","url":"https:\/\/www.boxrepsol.com\/es\/","logo":{"@type":"ImageObject","inLanguage":"es","@id":"https:\/\/www.boxrepsol.com\/es\/#\/schema\/logo\/image\/","url":"https:\/\/bxrepsol.s3.eu-west-1.amazonaws.com\/static\/2025\/07\/30083337\/favicon-96x96-1.png","contentUrl":"https:\/\/bxrepsol.s3.eu-west-1.amazonaws.com\/static\/2025\/07\/30083337\/favicon-96x96-1.png","width":96,"height":96,"caption":"Box Repsol"},"image":{"@id":"https:\/\/www.boxrepsol.com\/es\/#\/schema\/logo\/image\/"},"sameAs":["https:\/\/www.facebook.com\/BoxRepsol","https:\/\/x.com\/box_repsol","http:\/\/instagram.com\/box_repsol","https:\/\/www.youtube.com\/user\/RepsolCompeticion","https:\/\/www.flickr.com\/photos\/box_repsol\/"]},{"@type":"Person","@id":"https:\/\/www.boxrepsol.com\/es\/#\/schema\/person\/c5c2138f2cca251b0ad92b7086bb60b7","name":"Redacci\u00f3n Box Repsol","image":{"@type":"ImageObject","inLanguage":"es","@id":"https:\/\/secure.gravatar.com\/avatar\/adf7b77e38b4419baf32c7e9c21dde01f4e40df611f0978e3006fc4ba0aaab7e?s=96&d=mm&r=g","url":"https:\/\/secure.gravatar.com\/avatar\/adf7b77e38b4419baf32c7e9c21dde01f4e40df611f0978e3006fc4ba0aaab7e?s=96&d=mm&r=g","contentUrl":"https:\/\/secure.gravatar.com\/avatar\/adf7b77e38b4419baf32c7e9c21dde01f4e40df611f0978e3006fc4ba0aaab7e?s=96&d=mm&r=g","caption":"Redacci\u00f3n Box Repsol"},"description":"Box Repsol lo forma un equipo de periodistas, community managers, dise\u00f1adores y fot\u00f3grafos con m\u00e1s de 20 a\u00f1os de experiencia en el mundo del motorsport. Hemos vivido el primer mundial de un espa\u00f1ol en la categor\u00eda reina de motociclismo con \u00c1lex Crivill\u00e9, estuvimos en las victorias de Pedrosa y los t\u00edtulos de M\u00e1rquez, acompa\u00f1amos en \u00c1frica a Nani Roma y Marc Coma en sus conquistas del Dakar y hemos vibrado con los t\u00edtulos de Toni Bou en Trial. Adem\u00e1s, en nuestro equipo contamos con expertos en el mundo de las dos y cuatro ruedas tanto de la calle y las carreteras, como de los circuitos. Periodistas que han trabajado en revistas y publicaciones para hacerte llegar desde rutas y consejos de mantenimiento, a curiosidades y trucos de pilotaje.","sameAs":["https:\/\/www.facebook.com\/BoxRepsol\/","https:\/\/www.instagram.com\/box_repsol\/","https:\/\/x.com\/https:\/\/twitter.com\/box_repsol","https:\/\/www.youtube.com\/@Boxrepsol"],"url":"https:\/\/www.boxrepsol.com\/es\/author\/redaccion-box-repsol\/"}]}},"_links":{"self":[{"href":"https:\/\/www.boxrepsol.com\/es\/wp-json\/wp\/v2\/posts\/94660","targetHints":{"allow":["GET"]}}],"collection":[{"href":"https:\/\/www.boxrepsol.com\/es\/wp-json\/wp\/v2\/posts"}],"about":[{"href":"https:\/\/www.boxrepsol.com\/es\/wp-json\/wp\/v2\/types\/post"}],"author":[{"embeddable":true,"href":"https:\/\/www.boxrepsol.com\/es\/wp-json\/wp\/v2\/users\/43146"}],"replies":[{"embeddable":true,"href":"https:\/\/www.boxrepsol.com\/es\/wp-json\/wp\/v2\/comments?post=94660"}],"version-history":[{"count":1,"href":"https:\/\/www.boxrepsol.com\/es\/wp-json\/wp\/v2\/posts\/94660\/revisions"}],"predecessor-version":[{"id":115108,"href":"https:\/\/www.boxrepsol.com\/es\/wp-json\/wp\/v2\/posts\/94660\/revisions\/115108"}],"wp:featuredmedia":[{"embeddable":true,"href":"https:\/\/www.boxrepsol.com\/es\/wp-json\/wp\/v2\/media\/41136"}],"wp:attachment":[{"href":"https:\/\/www.boxrepsol.com\/es\/wp-json\/wp\/v2\/media?parent=94660"}],"wp:term":[{"taxonomy":"category","embeddable":true,"href":"https:\/\/www.boxrepsol.com\/es\/wp-json\/wp\/v2\/categories?post=94660"},{"taxonomy":"post_tag","embeddable":true,"href":"https:\/\/www.boxrepsol.com\/es\/wp-json\/wp\/v2\/tags?post=94660"}],"curies":[{"name":"wp","href":"https:\/\/api.w.org\/{rel}","templated":true}]}}