{"id":94656,"date":"2020-10-01T00:00:00","date_gmt":"2020-10-01T02:00:00","guid":{"rendered":"http:\/\/pre.boxrepsol.com\/sin-categorizar\/fim-cev-repsol-aragon-penultima-cita-temporada\/"},"modified":"2024-04-19T07:29:39","modified_gmt":"2024-04-19T09:29:39","slug":"fim-cev-repsol-aragon-penultima-cita-temporada","status":"publish","type":"post","link":"https:\/\/www.boxrepsol.com\/es\/sin-categorizar\/fim-cev-repsol-aragon-penultima-cita-temporada\/","title":{"rendered":"El FIM CEV Repsol llega a Arag\u00f3n para disputar la pen\u00faltima cita de la temporada"},"content":{"rendered":"<p>Despu\u00e9s de casi un mes de par\u00f3n, el <strong>FIM CEV Repsol<\/strong> vuelve a la acci\u00f3n para disputar de nuevo dos pruebas consecutivas en las que se celebrar\u00e1n un total de 9 carreras. Las 3 categor\u00edas contar\u00e1n con 3 carreras cada una, con la variaci\u00f3n de que el FIM Moto3 Junior World Championship y el Moto2 European Championship disputar\u00e1n una carrera el s\u00e1bado, mientras que la European Talent Cup har\u00e1 2. El domingo ser\u00e1 a la inversa, 2 carreras para el FIM Moto3 Junior World Championship y el Moto2 European Championship y una para la European Talent Cup.<\/p>\n<p>En el Moto2 European Championship, <strong>Yari Montella<\/strong> llega como l\u00edder indiscutible, tras ganar las 6 carreras disputadas hasta el momento. El italiano podr\u00eda proclamarse campe\u00f3n este fin de semana si mantiene su racha ganadora. Situaci\u00f3n muy parecida a la de <strong>David Alonso<\/strong> en la European Talent Cup. El piloto colombiano llega con una ventaja de 52 puntos respecto a su perseguidor <strong>Alberto Ferr\u00e1ndez<\/strong> y, si consigue la victoria en al menos dos de las carreras y hacer podio en otra, podr\u00eda convertirse en campe\u00f3n de la categor\u00eda.<\/p>\n<p><strong>Xavier Artigas<\/strong> contin\u00faa l\u00edder del <strong>FIM Moto3 Junior World Championship<\/strong>, despu\u00e9s de ganar una de las tres carreras disputadas la pasada ronda en Jerez y alejarse de su perseguidor, Pedro Acosta. Artigas llega a Arag\u00f3n despu\u00e9s de anunciarse que ser\u00e1 piloto del Mundial de Moto3 la pr\u00f3xima temporada con el Leopard Racing Team, confirmando una vez m\u00e1s al FIM CEV Repsol como el perfecto trampol\u00edn hacia MotoGP.<\/p>\n<h3>Horario de carreras<\/h3>\n<p>&#8211; S\u00e1bado 3 de octubre<\/p>\n<p>11:00 \u2013 European Talent Cup Carrera 1 (14 vueltas)<\/p>\n<p>12:00 \u2013 Moto2\u2122 (16 vueltas)<\/p>\n<p>13:00 \u2013 Moto3\u2122 (15 vueltas)<\/p>\n<p>14:00 \u2013 European Talent Cup Carrera 2 (14 vueltas)<\/p>\n<p>&#8211; Domingo 4 de octubre<\/p>\n<p>11:00 \u2013 Moto3\u2122 Carrera 1 (15 vueltas)<\/p>\n<p>12:00 \u2013 Moto2\u2122 Carrera 1 (16 vueltas)<\/p>\n<p>13:00 \u2013 European Talent Cup (14 vueltas)<\/p>\n<p>14:00 \u2013 Moto3\u2122 Carrera 2 (15 vueltas) <\/p>\n<p>15:00 \u2013 Moto2\u2122 Carrera 2 (16 vueltas)<\/p>\n","protected":false},"excerpt":{"rendered":"<p>El circuito de MotorLand Arag\u00f3n acoger\u00e1 este fin de semana la quinta y sexta rondas del FIM CEV Repsol, con un total de 9 carreras, que pueden coronar a los primeros campeones en el Moto2 European Championship y en la European Talent Cup.<\/p>\n","protected":false},"author":43146,"featured_media":41108,"comment_status":"open","ping_status":"open","sticky":false,"template":"","format":"standard","meta":{"footnotes":""},"categories":[1],"tags":[191,130],"class_list":["post-94656","post","type-post","status-publish","format-standard","hentry","category-sin-categorizar","tag-191","tag-otros-eventos-y-competiciones"],"yoast_head":"<!-- This site is optimized with the Yoast SEO plugin v27.3 - https:\/\/yoast.com\/product\/yoast-seo-wordpress\/ -->\n<title>El FIM CEV Repsol llega a Arag\u00f3n para disputar la pen\u00faltima cita de la temporada - Box Repsol<\/title>\n<meta name=\"description\" content=\"El circuito de MotorLand Arag\u00f3n acoger\u00e1 este fin de semana la quinta y sexta rondas del FIM CEV Repsol, con un total de 9 carreras.\" \/>\n<link rel=\"canonical\" href=\"https:\/\/www.boxrepsol.com\/es\/sin-categorizar\/fim-cev-repsol-aragon-penultima-cita-temporada\/\" \/>\n<meta property=\"og:locale\" content=\"es_ES\" \/>\n<meta property=\"og:type\" content=\"article\" \/>\n<meta property=\"og:title\" content=\"El FIM CEV Repsol llega a Arag\u00f3n para disputar la pen\u00faltima cita de la temporada - Box Repsol\" \/>\n<meta property=\"og:description\" content=\"El circuito de MotorLand Arag\u00f3n acoger\u00e1 este fin de semana la quinta y sexta rondas del FIM CEV Repsol, con un total de 9 carreras.\" \/>\n<meta property=\"og:url\" content=\"https:\/\/www.boxrepsol.com\/es\/sin-categorizar\/fim-cev-repsol-aragon-penultima-cita-temporada\/\" \/>\n<meta property=\"og:site_name\" content=\"Box Repsol\" \/>\n<meta property=\"article:publisher\" content=\"https:\/\/www.facebook.com\/BoxRepsol\" \/>\n<meta property=\"article:author\" content=\"https:\/\/www.facebook.com\/BoxRepsol\/\" \/>\n<meta property=\"article:published_time\" content=\"2020-10-01T02:00:00+00:00\" \/>\n<meta property=\"article:modified_time\" content=\"2024-04-19T09:29:39+00:00\" \/>\n<meta property=\"og:image\" content=\"https:\/\/bxrepsol.s3.eu-west-1.amazonaws.com\/static\/2022\/08\/09120543\/fim-cev-repsol-aragon.jpg\" \/>\n\t<meta property=\"og:image:width\" content=\"1280\" \/>\n\t<meta property=\"og:image:height\" content=\"720\" \/>\n\t<meta property=\"og:image:type\" content=\"image\/jpeg\" \/>\n<meta name=\"author\" content=\"Redacci\u00f3n Box Repsol\" \/>\n<meta name=\"twitter:card\" content=\"summary_large_image\" \/>\n<meta name=\"twitter:creator\" content=\"@https:\/\/twitter.com\/box_repsol\" \/>\n<meta name=\"twitter:site\" content=\"@box_repsol\" \/>\n<meta name=\"twitter:label1\" content=\"Written by\" \/>\n\t<meta name=\"twitter:data1\" content=\"Redacci\u00f3n Box Repsol\" \/>\n\t<meta name=\"twitter:label2\" content=\"Est. reading time\" \/>\n\t<meta name=\"twitter:data2\" content=\"2 minutos\" \/>\n<script type=\"application\/ld+json\" class=\"yoast-schema-graph\">{\"@context\":\"https:\\\/\\\/schema.org\",\"@graph\":[{\"@type\":\"Article\",\"@id\":\"https:\\\/\\\/www.boxrepsol.com\\\/es\\\/sin-categorizar\\\/fim-cev-repsol-aragon-penultima-cita-temporada\\\/#article\",\"isPartOf\":{\"@id\":\"https:\\\/\\\/www.boxrepsol.com\\\/es\\\/sin-categorizar\\\/fim-cev-repsol-aragon-penultima-cita-temporada\\\/\"},\"author\":{\"name\":\"Redacci\u00f3n Box Repsol\",\"@id\":\"https:\\\/\\\/www.boxrepsol.com\\\/es\\\/#\\\/schema\\\/person\\\/c5c2138f2cca251b0ad92b7086bb60b7\"},\"headline\":\"El FIM CEV Repsol llega a Arag\u00f3n para disputar la pen\u00faltima cita de la temporada\",\"datePublished\":\"2020-10-01T02:00:00+00:00\",\"dateModified\":\"2024-04-19T09:29:39+00:00\",\"mainEntityOfPage\":{\"@id\":\"https:\\\/\\\/www.boxrepsol.com\\\/es\\\/sin-categorizar\\\/fim-cev-repsol-aragon-penultima-cita-temporada\\\/\"},\"wordCount\":328,\"commentCount\":0,\"publisher\":{\"@id\":\"https:\\\/\\\/www.boxrepsol.com\\\/es\\\/#organization\"},\"image\":{\"@id\":\"https:\\\/\\\/www.boxrepsol.com\\\/es\\\/sin-categorizar\\\/fim-cev-repsol-aragon-penultima-cita-temporada\\\/#primaryimage\"},\"thumbnailUrl\":\"https:\\\/\\\/bxrepsol.s3.eu-west-1.amazonaws.com\\\/static\\\/2022\\\/08\\\/09120543\\\/fim-cev-repsol-aragon.jpg\",\"keywords\":[\"2020\",\"otros eventos y competiciones\"],\"articleSection\":[\"Sin categorizar\"],\"inLanguage\":\"es\",\"potentialAction\":[{\"@type\":\"CommentAction\",\"name\":\"Comment\",\"target\":[\"https:\\\/\\\/www.boxrepsol.com\\\/es\\\/sin-categorizar\\\/fim-cev-repsol-aragon-penultima-cita-temporada\\\/#respond\"]}]},{\"@type\":\"WebPage\",\"@id\":\"https:\\\/\\\/www.boxrepsol.com\\\/es\\\/sin-categorizar\\\/fim-cev-repsol-aragon-penultima-cita-temporada\\\/\",\"url\":\"https:\\\/\\\/www.boxrepsol.com\\\/es\\\/sin-categorizar\\\/fim-cev-repsol-aragon-penultima-cita-temporada\\\/\",\"name\":\"El FIM CEV Repsol llega a Arag\u00f3n para disputar la pen\u00faltima cita de la temporada - Box Repsol\",\"isPartOf\":{\"@id\":\"https:\\\/\\\/www.boxrepsol.com\\\/es\\\/#website\"},\"primaryImageOfPage\":{\"@id\":\"https:\\\/\\\/www.boxrepsol.com\\\/es\\\/sin-categorizar\\\/fim-cev-repsol-aragon-penultima-cita-temporada\\\/#primaryimage\"},\"image\":{\"@id\":\"https:\\\/\\\/www.boxrepsol.com\\\/es\\\/sin-categorizar\\\/fim-cev-repsol-aragon-penultima-cita-temporada\\\/#primaryimage\"},\"thumbnailUrl\":\"https:\\\/\\\/bxrepsol.s3.eu-west-1.amazonaws.com\\\/static\\\/2022\\\/08\\\/09120543\\\/fim-cev-repsol-aragon.jpg\",\"datePublished\":\"2020-10-01T02:00:00+00:00\",\"dateModified\":\"2024-04-19T09:29:39+00:00\",\"description\":\"El circuito de MotorLand Arag\u00f3n acoger\u00e1 este fin de semana la quinta y sexta rondas del FIM CEV Repsol, con un total de 9 carreras.\",\"breadcrumb\":{\"@id\":\"https:\\\/\\\/www.boxrepsol.com\\\/es\\\/sin-categorizar\\\/fim-cev-repsol-aragon-penultima-cita-temporada\\\/#breadcrumb\"},\"inLanguage\":\"es\",\"potentialAction\":[{\"@type\":\"ReadAction\",\"target\":[\"https:\\\/\\\/www.boxrepsol.com\\\/es\\\/sin-categorizar\\\/fim-cev-repsol-aragon-penultima-cita-temporada\\\/\"]}]},{\"@type\":\"ImageObject\",\"inLanguage\":\"es\",\"@id\":\"https:\\\/\\\/www.boxrepsol.com\\\/es\\\/sin-categorizar\\\/fim-cev-repsol-aragon-penultima-cita-temporada\\\/#primaryimage\",\"url\":\"https:\\\/\\\/bxrepsol.s3.eu-west-1.amazonaws.com\\\/static\\\/2022\\\/08\\\/09120543\\\/fim-cev-repsol-aragon.jpg\",\"contentUrl\":\"https:\\\/\\\/bxrepsol.s3.eu-west-1.amazonaws.com\\\/static\\\/2022\\\/08\\\/09120543\\\/fim-cev-repsol-aragon.jpg\",\"width\":1280,\"height\":720,\"caption\":\"Fim CEV Repsol\"},{\"@type\":\"BreadcrumbList\",\"@id\":\"https:\\\/\\\/www.boxrepsol.com\\\/es\\\/sin-categorizar\\\/fim-cev-repsol-aragon-penultima-cita-temporada\\\/#breadcrumb\",\"itemListElement\":[{\"@type\":\"ListItem\",\"position\":1,\"name\":\"Home\",\"item\":\"https:\\\/\\\/www.boxrepsol.com\\\/es\\\/\"},{\"@type\":\"ListItem\",\"position\":2,\"name\":\"El FIM CEV Repsol llega a Arag\u00f3n para disputar la pen\u00faltima cita de la temporada\"}]},{\"@type\":\"WebSite\",\"@id\":\"https:\\\/\\\/www.boxrepsol.com\\\/es\\\/#website\",\"url\":\"https:\\\/\\\/www.boxrepsol.com\\\/es\\\/\",\"name\":\"Box Repsol\",\"description\":\"Box Repsol Site\",\"publisher\":{\"@id\":\"https:\\\/\\\/www.boxrepsol.com\\\/es\\\/#organization\"},\"potentialAction\":[{\"@type\":\"SearchAction\",\"target\":{\"@type\":\"EntryPoint\",\"urlTemplate\":\"https:\\\/\\\/www.boxrepsol.com\\\/es\\\/?s={search_term_string}\"},\"query-input\":{\"@type\":\"PropertyValueSpecification\",\"valueRequired\":true,\"valueName\":\"search_term_string\"}}],\"inLanguage\":\"es\"},{\"@type\":\"Organization\",\"@id\":\"https:\\\/\\\/www.boxrepsol.com\\\/es\\\/#organization\",\"name\":\"Box Repsol\",\"url\":\"https:\\\/\\\/www.boxrepsol.com\\\/es\\\/\",\"logo\":{\"@type\":\"ImageObject\",\"inLanguage\":\"es\",\"@id\":\"https:\\\/\\\/www.boxrepsol.com\\\/es\\\/#\\\/schema\\\/logo\\\/image\\\/\",\"url\":\"https:\\\/\\\/bxrepsol.s3.eu-west-1.amazonaws.com\\\/static\\\/2025\\\/07\\\/30083337\\\/favicon-96x96-1.png\",\"contentUrl\":\"https:\\\/\\\/bxrepsol.s3.eu-west-1.amazonaws.com\\\/static\\\/2025\\\/07\\\/30083337\\\/favicon-96x96-1.png\",\"width\":96,\"height\":96,\"caption\":\"Box Repsol\"},\"image\":{\"@id\":\"https:\\\/\\\/www.boxrepsol.com\\\/es\\\/#\\\/schema\\\/logo\\\/image\\\/\"},\"sameAs\":[\"https:\\\/\\\/www.facebook.com\\\/BoxRepsol\",\"https:\\\/\\\/x.com\\\/box_repsol\",\"http:\\\/\\\/instagram.com\\\/box_repsol\",\"https:\\\/\\\/www.youtube.com\\\/user\\\/RepsolCompeticion\",\"https:\\\/\\\/www.flickr.com\\\/photos\\\/box_repsol\\\/\"]},{\"@type\":\"Person\",\"@id\":\"https:\\\/\\\/www.boxrepsol.com\\\/es\\\/#\\\/schema\\\/person\\\/c5c2138f2cca251b0ad92b7086bb60b7\",\"name\":\"Redacci\u00f3n Box Repsol\",\"image\":{\"@type\":\"ImageObject\",\"inLanguage\":\"es\",\"@id\":\"https:\\\/\\\/secure.gravatar.com\\\/avatar\\\/adf7b77e38b4419baf32c7e9c21dde01f4e40df611f0978e3006fc4ba0aaab7e?s=96&d=mm&r=g\",\"url\":\"https:\\\/\\\/secure.gravatar.com\\\/avatar\\\/adf7b77e38b4419baf32c7e9c21dde01f4e40df611f0978e3006fc4ba0aaab7e?s=96&d=mm&r=g\",\"contentUrl\":\"https:\\\/\\\/secure.gravatar.com\\\/avatar\\\/adf7b77e38b4419baf32c7e9c21dde01f4e40df611f0978e3006fc4ba0aaab7e?s=96&d=mm&r=g\",\"caption\":\"Redacci\u00f3n Box Repsol\"},\"description\":\"Box Repsol lo forma un equipo de periodistas, community managers, dise\u00f1adores y fot\u00f3grafos con m\u00e1s de 20 a\u00f1os de experiencia en el mundo del motorsport. Hemos vivido el primer mundial de un espa\u00f1ol en la categor\u00eda reina de motociclismo con \u00c1lex Crivill\u00e9, estuvimos en las victorias de Pedrosa y los t\u00edtulos de M\u00e1rquez, acompa\u00f1amos en \u00c1frica a Nani Roma y Marc Coma en sus conquistas del Dakar y hemos vibrado con los t\u00edtulos de Toni Bou en Trial. Adem\u00e1s, en nuestro equipo contamos con expertos en el mundo de las dos y cuatro ruedas tanto de la calle y las carreteras, como de los circuitos. Periodistas que han trabajado en revistas y publicaciones para hacerte llegar desde rutas y consejos de mantenimiento, a curiosidades y trucos de pilotaje.\",\"sameAs\":[\"https:\\\/\\\/www.facebook.com\\\/BoxRepsol\\\/\",\"https:\\\/\\\/www.instagram.com\\\/box_repsol\\\/\",\"https:\\\/\\\/x.com\\\/https:\\\/\\\/twitter.com\\\/box_repsol\",\"https:\\\/\\\/www.youtube.com\\\/@Boxrepsol\"],\"url\":\"https:\\\/\\\/www.boxrepsol.com\\\/es\\\/author\\\/redaccion-box-repsol\\\/\"}]}<\/script>\n<!-- \/ Yoast SEO plugin. -->","yoast_head_json":{"title":"El FIM CEV Repsol llega a Arag\u00f3n para disputar la pen\u00faltima cita de la temporada - Box Repsol","description":"El circuito de MotorLand Arag\u00f3n acoger\u00e1 este fin de semana la quinta y sexta rondas del FIM CEV Repsol, con un total de 9 carreras.","canonical":"https:\/\/www.boxrepsol.com\/es\/sin-categorizar\/fim-cev-repsol-aragon-penultima-cita-temporada\/","og_locale":"es_ES","og_type":"article","og_title":"El FIM CEV Repsol llega a Arag\u00f3n para disputar la pen\u00faltima cita de la temporada - Box Repsol","og_description":"El circuito de MotorLand Arag\u00f3n acoger\u00e1 este fin de semana la quinta y sexta rondas del FIM CEV Repsol, con un total de 9 carreras.","og_url":"https:\/\/www.boxrepsol.com\/es\/sin-categorizar\/fim-cev-repsol-aragon-penultima-cita-temporada\/","og_site_name":"Box Repsol","article_publisher":"https:\/\/www.facebook.com\/BoxRepsol","article_author":"https:\/\/www.facebook.com\/BoxRepsol\/","article_published_time":"2020-10-01T02:00:00+00:00","article_modified_time":"2024-04-19T09:29:39+00:00","og_image":[{"width":1280,"height":720,"url":"https:\/\/bxrepsol.s3.eu-west-1.amazonaws.com\/static\/2022\/08\/09120543\/fim-cev-repsol-aragon.jpg","type":"image\/jpeg"}],"author":"Redacci\u00f3n Box Repsol","twitter_card":"summary_large_image","twitter_creator":"@https:\/\/twitter.com\/box_repsol","twitter_site":"@box_repsol","twitter_misc":{"Written by":"Redacci\u00f3n Box Repsol","Est. reading time":"2 minutos"},"schema":{"@context":"https:\/\/schema.org","@graph":[{"@type":"Article","@id":"https:\/\/www.boxrepsol.com\/es\/sin-categorizar\/fim-cev-repsol-aragon-penultima-cita-temporada\/#article","isPartOf":{"@id":"https:\/\/www.boxrepsol.com\/es\/sin-categorizar\/fim-cev-repsol-aragon-penultima-cita-temporada\/"},"author":{"name":"Redacci\u00f3n Box Repsol","@id":"https:\/\/www.boxrepsol.com\/es\/#\/schema\/person\/c5c2138f2cca251b0ad92b7086bb60b7"},"headline":"El FIM CEV Repsol llega a Arag\u00f3n para disputar la pen\u00faltima cita de la temporada","datePublished":"2020-10-01T02:00:00+00:00","dateModified":"2024-04-19T09:29:39+00:00","mainEntityOfPage":{"@id":"https:\/\/www.boxrepsol.com\/es\/sin-categorizar\/fim-cev-repsol-aragon-penultima-cita-temporada\/"},"wordCount":328,"commentCount":0,"publisher":{"@id":"https:\/\/www.boxrepsol.com\/es\/#organization"},"image":{"@id":"https:\/\/www.boxrepsol.com\/es\/sin-categorizar\/fim-cev-repsol-aragon-penultima-cita-temporada\/#primaryimage"},"thumbnailUrl":"https:\/\/bxrepsol.s3.eu-west-1.amazonaws.com\/static\/2022\/08\/09120543\/fim-cev-repsol-aragon.jpg","keywords":["2020","otros eventos y competiciones"],"articleSection":["Sin categorizar"],"inLanguage":"es","potentialAction":[{"@type":"CommentAction","name":"Comment","target":["https:\/\/www.boxrepsol.com\/es\/sin-categorizar\/fim-cev-repsol-aragon-penultima-cita-temporada\/#respond"]}]},{"@type":"WebPage","@id":"https:\/\/www.boxrepsol.com\/es\/sin-categorizar\/fim-cev-repsol-aragon-penultima-cita-temporada\/","url":"https:\/\/www.boxrepsol.com\/es\/sin-categorizar\/fim-cev-repsol-aragon-penultima-cita-temporada\/","name":"El FIM CEV Repsol llega a Arag\u00f3n para disputar la pen\u00faltima cita de la temporada - Box Repsol","isPartOf":{"@id":"https:\/\/www.boxrepsol.com\/es\/#website"},"primaryImageOfPage":{"@id":"https:\/\/www.boxrepsol.com\/es\/sin-categorizar\/fim-cev-repsol-aragon-penultima-cita-temporada\/#primaryimage"},"image":{"@id":"https:\/\/www.boxrepsol.com\/es\/sin-categorizar\/fim-cev-repsol-aragon-penultima-cita-temporada\/#primaryimage"},"thumbnailUrl":"https:\/\/bxrepsol.s3.eu-west-1.amazonaws.com\/static\/2022\/08\/09120543\/fim-cev-repsol-aragon.jpg","datePublished":"2020-10-01T02:00:00+00:00","dateModified":"2024-04-19T09:29:39+00:00","description":"El circuito de MotorLand Arag\u00f3n acoger\u00e1 este fin de semana la quinta y sexta rondas del FIM CEV Repsol, con un total de 9 carreras.","breadcrumb":{"@id":"https:\/\/www.boxrepsol.com\/es\/sin-categorizar\/fim-cev-repsol-aragon-penultima-cita-temporada\/#breadcrumb"},"inLanguage":"es","potentialAction":[{"@type":"ReadAction","target":["https:\/\/www.boxrepsol.com\/es\/sin-categorizar\/fim-cev-repsol-aragon-penultima-cita-temporada\/"]}]},{"@type":"ImageObject","inLanguage":"es","@id":"https:\/\/www.boxrepsol.com\/es\/sin-categorizar\/fim-cev-repsol-aragon-penultima-cita-temporada\/#primaryimage","url":"https:\/\/bxrepsol.s3.eu-west-1.amazonaws.com\/static\/2022\/08\/09120543\/fim-cev-repsol-aragon.jpg","contentUrl":"https:\/\/bxrepsol.s3.eu-west-1.amazonaws.com\/static\/2022\/08\/09120543\/fim-cev-repsol-aragon.jpg","width":1280,"height":720,"caption":"Fim CEV Repsol"},{"@type":"BreadcrumbList","@id":"https:\/\/www.boxrepsol.com\/es\/sin-categorizar\/fim-cev-repsol-aragon-penultima-cita-temporada\/#breadcrumb","itemListElement":[{"@type":"ListItem","position":1,"name":"Home","item":"https:\/\/www.boxrepsol.com\/es\/"},{"@type":"ListItem","position":2,"name":"El FIM CEV Repsol llega a Arag\u00f3n para disputar la pen\u00faltima cita de la temporada"}]},{"@type":"WebSite","@id":"https:\/\/www.boxrepsol.com\/es\/#website","url":"https:\/\/www.boxrepsol.com\/es\/","name":"Box Repsol","description":"Box Repsol Site","publisher":{"@id":"https:\/\/www.boxrepsol.com\/es\/#organization"},"potentialAction":[{"@type":"SearchAction","target":{"@type":"EntryPoint","urlTemplate":"https:\/\/www.boxrepsol.com\/es\/?s={search_term_string}"},"query-input":{"@type":"PropertyValueSpecification","valueRequired":true,"valueName":"search_term_string"}}],"inLanguage":"es"},{"@type":"Organization","@id":"https:\/\/www.boxrepsol.com\/es\/#organization","name":"Box Repsol","url":"https:\/\/www.boxrepsol.com\/es\/","logo":{"@type":"ImageObject","inLanguage":"es","@id":"https:\/\/www.boxrepsol.com\/es\/#\/schema\/logo\/image\/","url":"https:\/\/bxrepsol.s3.eu-west-1.amazonaws.com\/static\/2025\/07\/30083337\/favicon-96x96-1.png","contentUrl":"https:\/\/bxrepsol.s3.eu-west-1.amazonaws.com\/static\/2025\/07\/30083337\/favicon-96x96-1.png","width":96,"height":96,"caption":"Box Repsol"},"image":{"@id":"https:\/\/www.boxrepsol.com\/es\/#\/schema\/logo\/image\/"},"sameAs":["https:\/\/www.facebook.com\/BoxRepsol","https:\/\/x.com\/box_repsol","http:\/\/instagram.com\/box_repsol","https:\/\/www.youtube.com\/user\/RepsolCompeticion","https:\/\/www.flickr.com\/photos\/box_repsol\/"]},{"@type":"Person","@id":"https:\/\/www.boxrepsol.com\/es\/#\/schema\/person\/c5c2138f2cca251b0ad92b7086bb60b7","name":"Redacci\u00f3n Box Repsol","image":{"@type":"ImageObject","inLanguage":"es","@id":"https:\/\/secure.gravatar.com\/avatar\/adf7b77e38b4419baf32c7e9c21dde01f4e40df611f0978e3006fc4ba0aaab7e?s=96&d=mm&r=g","url":"https:\/\/secure.gravatar.com\/avatar\/adf7b77e38b4419baf32c7e9c21dde01f4e40df611f0978e3006fc4ba0aaab7e?s=96&d=mm&r=g","contentUrl":"https:\/\/secure.gravatar.com\/avatar\/adf7b77e38b4419baf32c7e9c21dde01f4e40df611f0978e3006fc4ba0aaab7e?s=96&d=mm&r=g","caption":"Redacci\u00f3n Box Repsol"},"description":"Box Repsol lo forma un equipo de periodistas, community managers, dise\u00f1adores y fot\u00f3grafos con m\u00e1s de 20 a\u00f1os de experiencia en el mundo del motorsport. Hemos vivido el primer mundial de un espa\u00f1ol en la categor\u00eda reina de motociclismo con \u00c1lex Crivill\u00e9, estuvimos en las victorias de Pedrosa y los t\u00edtulos de M\u00e1rquez, acompa\u00f1amos en \u00c1frica a Nani Roma y Marc Coma en sus conquistas del Dakar y hemos vibrado con los t\u00edtulos de Toni Bou en Trial. Adem\u00e1s, en nuestro equipo contamos con expertos en el mundo de las dos y cuatro ruedas tanto de la calle y las carreteras, como de los circuitos. Periodistas que han trabajado en revistas y publicaciones para hacerte llegar desde rutas y consejos de mantenimiento, a curiosidades y trucos de pilotaje.","sameAs":["https:\/\/www.facebook.com\/BoxRepsol\/","https:\/\/www.instagram.com\/box_repsol\/","https:\/\/x.com\/https:\/\/twitter.com\/box_repsol","https:\/\/www.youtube.com\/@Boxrepsol"],"url":"https:\/\/www.boxrepsol.com\/es\/author\/redaccion-box-repsol\/"}]}},"_links":{"self":[{"href":"https:\/\/www.boxrepsol.com\/es\/wp-json\/wp\/v2\/posts\/94656","targetHints":{"allow":["GET"]}}],"collection":[{"href":"https:\/\/www.boxrepsol.com\/es\/wp-json\/wp\/v2\/posts"}],"about":[{"href":"https:\/\/www.boxrepsol.com\/es\/wp-json\/wp\/v2\/types\/post"}],"author":[{"embeddable":true,"href":"https:\/\/www.boxrepsol.com\/es\/wp-json\/wp\/v2\/users\/43146"}],"replies":[{"embeddable":true,"href":"https:\/\/www.boxrepsol.com\/es\/wp-json\/wp\/v2\/comments?post=94656"}],"version-history":[{"count":1,"href":"https:\/\/www.boxrepsol.com\/es\/wp-json\/wp\/v2\/posts\/94656\/revisions"}],"predecessor-version":[{"id":115106,"href":"https:\/\/www.boxrepsol.com\/es\/wp-json\/wp\/v2\/posts\/94656\/revisions\/115106"}],"wp:featuredmedia":[{"embeddable":true,"href":"https:\/\/www.boxrepsol.com\/es\/wp-json\/wp\/v2\/media\/41108"}],"wp:attachment":[{"href":"https:\/\/www.boxrepsol.com\/es\/wp-json\/wp\/v2\/media?parent=94656"}],"wp:term":[{"taxonomy":"category","embeddable":true,"href":"https:\/\/www.boxrepsol.com\/es\/wp-json\/wp\/v2\/categories?post=94656"},{"taxonomy":"post_tag","embeddable":true,"href":"https:\/\/www.boxrepsol.com\/es\/wp-json\/wp\/v2\/tags?post=94656"}],"curies":[{"name":"wp","href":"https:\/\/api.w.org\/{rel}","templated":true}]}}