{"id":94649,"date":"2020-09-27T00:00:00","date_gmt":"2020-09-27T02:00:00","guid":{"rendered":"http:\/\/pre.boxrepsol.com\/sin-categorizar\/sergio-garcia-montmelo\/"},"modified":"2024-04-19T07:28:12","modified_gmt":"2024-04-19T09:28:12","slug":"sergio-garcia-montmelo","status":"publish","type":"post","link":"https:\/\/www.boxrepsol.com\/es\/moto3\/sergio-garcia-montmelo\/","title":{"rendered":"Sergio Garc\u00eda Dols finaliza cuarto"},"content":{"rendered":"<p><strong>Garc\u00eda Dols<\/strong>, que sal\u00eda d\u00e9cimo en parrilla, ha remontado seis posiciones y ha logrado finalizar cuarto en el Circuit de Barcelona \u2013 Catalunya. El piloto valenciano ha estado pilotando en posiciones de podio durante algunas vueltas, hasta cruzar  la l\u00ednea de meta justo detr\u00e1s del tercer clasificado, logrando de esta manera su mejor resultado de esta temporada.<\/p>\n<p><strong>Ryusei Yamanka<\/strong>, que sal\u00eda vig\u00e9simo sexto, tambi\u00e9n ha logrado realizar una remontada y finalmente ha finalizado decimoquinto, once posiciones por delante de su inicio de carrera en parrilla. El piloto japon\u00e9s ha sumado as\u00ed un punto.<\/p>\n<p>Con este resultado, <strong>Sergio Garc\u00eda Dols gana dos posiciones en la clasificaci\u00f3n general y se sit\u00faa decimosexto con 32 puntos<\/strong>. Ryusei Yamanaka es vig\u00e9simo segundo con 13 puntos.<\/p>\n<p>                <!-- Imagen relacionada --><br \/>\n        <img loading=\"lazy\" decoding=\"async\" width=\"404\" height=\"336\" src=\"https:\/\/bxrepsol.s3.eu-west-1.amazonaws.com\/static\/2022\/08\/09120346\/2018_gp_cataluna_1000cc_5f439102c49e8-3.jpg\" alt=\"Marc M\u00e1rquez pilotando la RC213V\" \/><br \/>\n                <!-- Categor\u00eda --><br \/>\n            MotoGP<br \/>\n        <!-- T\u00edtulo --><br \/>\n        <a href=\"https:\/\/www.boxrepsol.com\/es\/motogp\/las-diferentes-cilindradas-del-mundial-motogp\/\"><\/p>\n<h3>Las diferentes cilindradas del Mundial de MotoGP<\/h3>\n<p>        <\/a><br \/>\n                    <!-- Fecha --><br \/>\n            hace 1 hora        <\/p>\n<p><strong>GP de Catalunya 2020 &#8211; Carrera Moto3 &#8211; Declaraciones de los pilotos <\/strong><\/p>\n<p><strong>Sergio Garc\u00eda Dols<\/strong><\/p>\n<p><em>\u201cHa sido un fin de semana bastante positivo. Hemos trabajado mucho en el ritmo pensando en la carrera, que es lo que m\u00e1s nos costaba. Creo que el fin de semana ha ido muy bien; en carrera he estado pilotando bien y tranquilo, y he estado all\u00ed delante. Ha sido una pena en las \u00faltimas vueltas, ya que me he ido largo en alguna ocasi\u00f3n y eso creo que es lo que ha provocado que no pudiese hacer podio. Pero bueno, estoy muy contento, hemos dado un gran paso adelante y ahora toca continuar as\u00ed\u201d.<br \/>\n<\/em><\/p>\n<hr\/>\n<p><strong>Ryusei Yamanaka<\/strong><\/p>\n<p><em>\u201cHoy he disfrutado bastante de la carrera porque he luchado mucho. No he hecho una buena salida y eso me ha obligado a tener que luchar mucho, aunque finalmente he intentado avanzar hacia delante. Se ha separado un poco el grupo delantero y yo me he quedado en el segundo hasta el final, y ah\u00ed he podido avanzar a algunos pilotos. Ha sido dif\u00edcil pero hemos logrado sumar un punto muy importante para la pr\u00f3xima carrera\u201d..<\/em><\/p>\n","protected":false},"excerpt":{"rendered":"<p>El piloto Repsol de Moto3 se ha quedado a las puertas del podio en el Gran Premio de Catalunya. Ryusei Yamanaka acaba decimoquinto.<\/p>\n","protected":false},"author":43146,"featured_media":41044,"comment_status":"open","ping_status":"open","sticky":false,"template":"","format":"standard","meta":{"footnotes":""},"categories":[31],"tags":[191,136,14,144],"class_list":["post-94649","post","type-post","status-publish","format-standard","hentry","category-moto3","tag-191","tag-campeonato-del-mundo-de-motociclismo","tag-moto3","tag-motogp-republica-checa"],"yoast_head":"<!-- This site is optimized with the Yoast SEO plugin v27.3 - https:\/\/yoast.com\/product\/yoast-seo-wordpress\/ -->\n<title>Sergio Garc\u00eda Dols finaliza cuarto - Box Repsol<\/title>\n<meta name=\"description\" content=\"El piloto Repsol de Moto3 se ha quedado a las puertas del podio en el Gran Premio de Catalunya. Ryusei Yamanaka acaba decimoquinto.\" \/>\n<link rel=\"canonical\" href=\"https:\/\/www.boxrepsol.com\/es\/moto3\/sergio-garcia-montmelo\/\" \/>\n<meta property=\"og:locale\" content=\"es_ES\" \/>\n<meta property=\"og:type\" content=\"article\" \/>\n<meta property=\"og:title\" content=\"Sergio Garc\u00eda Dols finaliza cuarto - Box Repsol\" \/>\n<meta property=\"og:description\" content=\"El piloto Repsol de Moto3 se ha quedado a las puertas del podio en el Gran Premio de Catalunya. Ryusei Yamanaka acaba decimoquinto.\" \/>\n<meta property=\"og:url\" content=\"https:\/\/www.boxrepsol.com\/es\/moto3\/sergio-garcia-montmelo\/\" \/>\n<meta property=\"og:site_name\" content=\"Box Repsol\" \/>\n<meta property=\"article:publisher\" content=\"https:\/\/www.facebook.com\/BoxRepsol\" \/>\n<meta property=\"article:author\" content=\"https:\/\/www.facebook.com\/BoxRepsol\/\" \/>\n<meta property=\"article:published_time\" content=\"2020-09-27T02:00:00+00:00\" \/>\n<meta property=\"article:modified_time\" content=\"2024-04-19T09:28:12+00:00\" \/>\n<meta property=\"og:image\" content=\"https:\/\/bxrepsol.s3.eu-west-1.amazonaws.com\/static\/2022\/08\/09120507\/moto3-catalunya-1.jpg\" \/>\n\t<meta property=\"og:image:width\" content=\"1280\" \/>\n\t<meta property=\"og:image:height\" content=\"720\" \/>\n\t<meta property=\"og:image:type\" content=\"image\/jpeg\" \/>\n<meta name=\"author\" content=\"Redacci\u00f3n Box Repsol\" \/>\n<meta name=\"twitter:card\" content=\"summary_large_image\" \/>\n<meta name=\"twitter:creator\" content=\"@https:\/\/twitter.com\/box_repsol\" \/>\n<meta name=\"twitter:site\" content=\"@box_repsol\" \/>\n<meta name=\"twitter:label1\" content=\"Written by\" \/>\n\t<meta name=\"twitter:data1\" content=\"Redacci\u00f3n Box Repsol\" \/>\n\t<meta name=\"twitter:label2\" content=\"Est. reading time\" \/>\n\t<meta name=\"twitter:data2\" content=\"2 minutos\" \/>\n<script type=\"application\/ld+json\" class=\"yoast-schema-graph\">{\"@context\":\"https:\\\/\\\/schema.org\",\"@graph\":[{\"@type\":\"Article\",\"@id\":\"https:\\\/\\\/www.boxrepsol.com\\\/es\\\/moto3\\\/sergio-garcia-montmelo\\\/#article\",\"isPartOf\":{\"@id\":\"https:\\\/\\\/www.boxrepsol.com\\\/es\\\/moto3\\\/sergio-garcia-montmelo\\\/\"},\"author\":{\"name\":\"Redacci\u00f3n Box Repsol\",\"@id\":\"https:\\\/\\\/www.boxrepsol.com\\\/es\\\/#\\\/schema\\\/person\\\/c5c2138f2cca251b0ad92b7086bb60b7\"},\"headline\":\"Sergio Garc\u00eda Dols finaliza cuarto\",\"datePublished\":\"2020-09-27T02:00:00+00:00\",\"dateModified\":\"2024-04-19T09:28:12+00:00\",\"mainEntityOfPage\":{\"@id\":\"https:\\\/\\\/www.boxrepsol.com\\\/es\\\/moto3\\\/sergio-garcia-montmelo\\\/\"},\"wordCount\":339,\"commentCount\":0,\"publisher\":{\"@id\":\"https:\\\/\\\/www.boxrepsol.com\\\/es\\\/#organization\"},\"image\":{\"@id\":\"https:\\\/\\\/www.boxrepsol.com\\\/es\\\/moto3\\\/sergio-garcia-montmelo\\\/#primaryimage\"},\"thumbnailUrl\":\"https:\\\/\\\/bxrepsol.s3.eu-west-1.amazonaws.com\\\/static\\\/2022\\\/08\\\/09120507\\\/moto3-catalunya-1.jpg\",\"keywords\":[\"2020\",\"Campeonato del Mundo de Motociclismo\",\"Moto3\",\"MotoGP Rep\u00fablica Checa\"],\"articleSection\":[\"Moto3\"],\"inLanguage\":\"es\",\"potentialAction\":[{\"@type\":\"CommentAction\",\"name\":\"Comment\",\"target\":[\"https:\\\/\\\/www.boxrepsol.com\\\/es\\\/moto3\\\/sergio-garcia-montmelo\\\/#respond\"]}]},{\"@type\":\"WebPage\",\"@id\":\"https:\\\/\\\/www.boxrepsol.com\\\/es\\\/moto3\\\/sergio-garcia-montmelo\\\/\",\"url\":\"https:\\\/\\\/www.boxrepsol.com\\\/es\\\/moto3\\\/sergio-garcia-montmelo\\\/\",\"name\":\"Sergio Garc\u00eda Dols finaliza cuarto - Box Repsol\",\"isPartOf\":{\"@id\":\"https:\\\/\\\/www.boxrepsol.com\\\/es\\\/#website\"},\"primaryImageOfPage\":{\"@id\":\"https:\\\/\\\/www.boxrepsol.com\\\/es\\\/moto3\\\/sergio-garcia-montmelo\\\/#primaryimage\"},\"image\":{\"@id\":\"https:\\\/\\\/www.boxrepsol.com\\\/es\\\/moto3\\\/sergio-garcia-montmelo\\\/#primaryimage\"},\"thumbnailUrl\":\"https:\\\/\\\/bxrepsol.s3.eu-west-1.amazonaws.com\\\/static\\\/2022\\\/08\\\/09120507\\\/moto3-catalunya-1.jpg\",\"datePublished\":\"2020-09-27T02:00:00+00:00\",\"dateModified\":\"2024-04-19T09:28:12+00:00\",\"description\":\"El piloto Repsol de Moto3 se ha quedado a las puertas del podio en el Gran Premio de Catalunya. Ryusei Yamanaka acaba decimoquinto.\",\"breadcrumb\":{\"@id\":\"https:\\\/\\\/www.boxrepsol.com\\\/es\\\/moto3\\\/sergio-garcia-montmelo\\\/#breadcrumb\"},\"inLanguage\":\"es\",\"potentialAction\":[{\"@type\":\"ReadAction\",\"target\":[\"https:\\\/\\\/www.boxrepsol.com\\\/es\\\/moto3\\\/sergio-garcia-montmelo\\\/\"]}]},{\"@type\":\"ImageObject\",\"inLanguage\":\"es\",\"@id\":\"https:\\\/\\\/www.boxrepsol.com\\\/es\\\/moto3\\\/sergio-garcia-montmelo\\\/#primaryimage\",\"url\":\"https:\\\/\\\/bxrepsol.s3.eu-west-1.amazonaws.com\\\/static\\\/2022\\\/08\\\/09120507\\\/moto3-catalunya-1.jpg\",\"contentUrl\":\"https:\\\/\\\/bxrepsol.s3.eu-west-1.amazonaws.com\\\/static\\\/2022\\\/08\\\/09120507\\\/moto3-catalunya-1.jpg\",\"width\":1280,\"height\":720,\"caption\":\"moto3-catalunya\"},{\"@type\":\"BreadcrumbList\",\"@id\":\"https:\\\/\\\/www.boxrepsol.com\\\/es\\\/moto3\\\/sergio-garcia-montmelo\\\/#breadcrumb\",\"itemListElement\":[{\"@type\":\"ListItem\",\"position\":1,\"name\":\"Home\",\"item\":\"https:\\\/\\\/www.boxrepsol.com\\\/es\\\/\"},{\"@type\":\"ListItem\",\"position\":2,\"name\":\"Sergio Garc\u00eda Dols finaliza cuarto\"}]},{\"@type\":\"WebSite\",\"@id\":\"https:\\\/\\\/www.boxrepsol.com\\\/es\\\/#website\",\"url\":\"https:\\\/\\\/www.boxrepsol.com\\\/es\\\/\",\"name\":\"Box Repsol\",\"description\":\"Box Repsol Site\",\"publisher\":{\"@id\":\"https:\\\/\\\/www.boxrepsol.com\\\/es\\\/#organization\"},\"potentialAction\":[{\"@type\":\"SearchAction\",\"target\":{\"@type\":\"EntryPoint\",\"urlTemplate\":\"https:\\\/\\\/www.boxrepsol.com\\\/es\\\/?s={search_term_string}\"},\"query-input\":{\"@type\":\"PropertyValueSpecification\",\"valueRequired\":true,\"valueName\":\"search_term_string\"}}],\"inLanguage\":\"es\"},{\"@type\":\"Organization\",\"@id\":\"https:\\\/\\\/www.boxrepsol.com\\\/es\\\/#organization\",\"name\":\"Box Repsol\",\"url\":\"https:\\\/\\\/www.boxrepsol.com\\\/es\\\/\",\"logo\":{\"@type\":\"ImageObject\",\"inLanguage\":\"es\",\"@id\":\"https:\\\/\\\/www.boxrepsol.com\\\/es\\\/#\\\/schema\\\/logo\\\/image\\\/\",\"url\":\"https:\\\/\\\/bxrepsol.s3.eu-west-1.amazonaws.com\\\/static\\\/2025\\\/07\\\/30083337\\\/favicon-96x96-1.png\",\"contentUrl\":\"https:\\\/\\\/bxrepsol.s3.eu-west-1.amazonaws.com\\\/static\\\/2025\\\/07\\\/30083337\\\/favicon-96x96-1.png\",\"width\":96,\"height\":96,\"caption\":\"Box Repsol\"},\"image\":{\"@id\":\"https:\\\/\\\/www.boxrepsol.com\\\/es\\\/#\\\/schema\\\/logo\\\/image\\\/\"},\"sameAs\":[\"https:\\\/\\\/www.facebook.com\\\/BoxRepsol\",\"https:\\\/\\\/x.com\\\/box_repsol\",\"http:\\\/\\\/instagram.com\\\/box_repsol\",\"https:\\\/\\\/www.youtube.com\\\/user\\\/RepsolCompeticion\",\"https:\\\/\\\/www.flickr.com\\\/photos\\\/box_repsol\\\/\"]},{\"@type\":\"Person\",\"@id\":\"https:\\\/\\\/www.boxrepsol.com\\\/es\\\/#\\\/schema\\\/person\\\/c5c2138f2cca251b0ad92b7086bb60b7\",\"name\":\"Redacci\u00f3n Box Repsol\",\"image\":{\"@type\":\"ImageObject\",\"inLanguage\":\"es\",\"@id\":\"https:\\\/\\\/secure.gravatar.com\\\/avatar\\\/adf7b77e38b4419baf32c7e9c21dde01f4e40df611f0978e3006fc4ba0aaab7e?s=96&d=mm&r=g\",\"url\":\"https:\\\/\\\/secure.gravatar.com\\\/avatar\\\/adf7b77e38b4419baf32c7e9c21dde01f4e40df611f0978e3006fc4ba0aaab7e?s=96&d=mm&r=g\",\"contentUrl\":\"https:\\\/\\\/secure.gravatar.com\\\/avatar\\\/adf7b77e38b4419baf32c7e9c21dde01f4e40df611f0978e3006fc4ba0aaab7e?s=96&d=mm&r=g\",\"caption\":\"Redacci\u00f3n Box Repsol\"},\"description\":\"Box Repsol lo forma un equipo de periodistas, community managers, dise\u00f1adores y fot\u00f3grafos con m\u00e1s de 20 a\u00f1os de experiencia en el mundo del motorsport. Hemos vivido el primer mundial de un espa\u00f1ol en la categor\u00eda reina de motociclismo con \u00c1lex Crivill\u00e9, estuvimos en las victorias de Pedrosa y los t\u00edtulos de M\u00e1rquez, acompa\u00f1amos en \u00c1frica a Nani Roma y Marc Coma en sus conquistas del Dakar y hemos vibrado con los t\u00edtulos de Toni Bou en Trial. Adem\u00e1s, en nuestro equipo contamos con expertos en el mundo de las dos y cuatro ruedas tanto de la calle y las carreteras, como de los circuitos. Periodistas que han trabajado en revistas y publicaciones para hacerte llegar desde rutas y consejos de mantenimiento, a curiosidades y trucos de pilotaje.\",\"sameAs\":[\"https:\\\/\\\/www.facebook.com\\\/BoxRepsol\\\/\",\"https:\\\/\\\/www.instagram.com\\\/box_repsol\\\/\",\"https:\\\/\\\/x.com\\\/https:\\\/\\\/twitter.com\\\/box_repsol\",\"https:\\\/\\\/www.youtube.com\\\/@Boxrepsol\"],\"url\":\"https:\\\/\\\/www.boxrepsol.com\\\/es\\\/author\\\/redaccion-box-repsol\\\/\"}]}<\/script>\n<!-- \/ Yoast SEO plugin. -->","yoast_head_json":{"title":"Sergio Garc\u00eda Dols finaliza cuarto - Box Repsol","description":"El piloto Repsol de Moto3 se ha quedado a las puertas del podio en el Gran Premio de Catalunya. Ryusei Yamanaka acaba decimoquinto.","canonical":"https:\/\/www.boxrepsol.com\/es\/moto3\/sergio-garcia-montmelo\/","og_locale":"es_ES","og_type":"article","og_title":"Sergio Garc\u00eda Dols finaliza cuarto - Box Repsol","og_description":"El piloto Repsol de Moto3 se ha quedado a las puertas del podio en el Gran Premio de Catalunya. Ryusei Yamanaka acaba decimoquinto.","og_url":"https:\/\/www.boxrepsol.com\/es\/moto3\/sergio-garcia-montmelo\/","og_site_name":"Box Repsol","article_publisher":"https:\/\/www.facebook.com\/BoxRepsol","article_author":"https:\/\/www.facebook.com\/BoxRepsol\/","article_published_time":"2020-09-27T02:00:00+00:00","article_modified_time":"2024-04-19T09:28:12+00:00","og_image":[{"width":1280,"height":720,"url":"https:\/\/bxrepsol.s3.eu-west-1.amazonaws.com\/static\/2022\/08\/09120507\/moto3-catalunya-1.jpg","type":"image\/jpeg"}],"author":"Redacci\u00f3n Box Repsol","twitter_card":"summary_large_image","twitter_creator":"@https:\/\/twitter.com\/box_repsol","twitter_site":"@box_repsol","twitter_misc":{"Written by":"Redacci\u00f3n Box Repsol","Est. reading time":"2 minutos"},"schema":{"@context":"https:\/\/schema.org","@graph":[{"@type":"Article","@id":"https:\/\/www.boxrepsol.com\/es\/moto3\/sergio-garcia-montmelo\/#article","isPartOf":{"@id":"https:\/\/www.boxrepsol.com\/es\/moto3\/sergio-garcia-montmelo\/"},"author":{"name":"Redacci\u00f3n Box Repsol","@id":"https:\/\/www.boxrepsol.com\/es\/#\/schema\/person\/c5c2138f2cca251b0ad92b7086bb60b7"},"headline":"Sergio Garc\u00eda Dols finaliza cuarto","datePublished":"2020-09-27T02:00:00+00:00","dateModified":"2024-04-19T09:28:12+00:00","mainEntityOfPage":{"@id":"https:\/\/www.boxrepsol.com\/es\/moto3\/sergio-garcia-montmelo\/"},"wordCount":339,"commentCount":0,"publisher":{"@id":"https:\/\/www.boxrepsol.com\/es\/#organization"},"image":{"@id":"https:\/\/www.boxrepsol.com\/es\/moto3\/sergio-garcia-montmelo\/#primaryimage"},"thumbnailUrl":"https:\/\/bxrepsol.s3.eu-west-1.amazonaws.com\/static\/2022\/08\/09120507\/moto3-catalunya-1.jpg","keywords":["2020","Campeonato del Mundo de Motociclismo","Moto3","MotoGP Rep\u00fablica Checa"],"articleSection":["Moto3"],"inLanguage":"es","potentialAction":[{"@type":"CommentAction","name":"Comment","target":["https:\/\/www.boxrepsol.com\/es\/moto3\/sergio-garcia-montmelo\/#respond"]}]},{"@type":"WebPage","@id":"https:\/\/www.boxrepsol.com\/es\/moto3\/sergio-garcia-montmelo\/","url":"https:\/\/www.boxrepsol.com\/es\/moto3\/sergio-garcia-montmelo\/","name":"Sergio Garc\u00eda Dols finaliza cuarto - Box Repsol","isPartOf":{"@id":"https:\/\/www.boxrepsol.com\/es\/#website"},"primaryImageOfPage":{"@id":"https:\/\/www.boxrepsol.com\/es\/moto3\/sergio-garcia-montmelo\/#primaryimage"},"image":{"@id":"https:\/\/www.boxrepsol.com\/es\/moto3\/sergio-garcia-montmelo\/#primaryimage"},"thumbnailUrl":"https:\/\/bxrepsol.s3.eu-west-1.amazonaws.com\/static\/2022\/08\/09120507\/moto3-catalunya-1.jpg","datePublished":"2020-09-27T02:00:00+00:00","dateModified":"2024-04-19T09:28:12+00:00","description":"El piloto Repsol de Moto3 se ha quedado a las puertas del podio en el Gran Premio de Catalunya. Ryusei Yamanaka acaba decimoquinto.","breadcrumb":{"@id":"https:\/\/www.boxrepsol.com\/es\/moto3\/sergio-garcia-montmelo\/#breadcrumb"},"inLanguage":"es","potentialAction":[{"@type":"ReadAction","target":["https:\/\/www.boxrepsol.com\/es\/moto3\/sergio-garcia-montmelo\/"]}]},{"@type":"ImageObject","inLanguage":"es","@id":"https:\/\/www.boxrepsol.com\/es\/moto3\/sergio-garcia-montmelo\/#primaryimage","url":"https:\/\/bxrepsol.s3.eu-west-1.amazonaws.com\/static\/2022\/08\/09120507\/moto3-catalunya-1.jpg","contentUrl":"https:\/\/bxrepsol.s3.eu-west-1.amazonaws.com\/static\/2022\/08\/09120507\/moto3-catalunya-1.jpg","width":1280,"height":720,"caption":"moto3-catalunya"},{"@type":"BreadcrumbList","@id":"https:\/\/www.boxrepsol.com\/es\/moto3\/sergio-garcia-montmelo\/#breadcrumb","itemListElement":[{"@type":"ListItem","position":1,"name":"Home","item":"https:\/\/www.boxrepsol.com\/es\/"},{"@type":"ListItem","position":2,"name":"Sergio Garc\u00eda Dols finaliza cuarto"}]},{"@type":"WebSite","@id":"https:\/\/www.boxrepsol.com\/es\/#website","url":"https:\/\/www.boxrepsol.com\/es\/","name":"Box Repsol","description":"Box Repsol Site","publisher":{"@id":"https:\/\/www.boxrepsol.com\/es\/#organization"},"potentialAction":[{"@type":"SearchAction","target":{"@type":"EntryPoint","urlTemplate":"https:\/\/www.boxrepsol.com\/es\/?s={search_term_string}"},"query-input":{"@type":"PropertyValueSpecification","valueRequired":true,"valueName":"search_term_string"}}],"inLanguage":"es"},{"@type":"Organization","@id":"https:\/\/www.boxrepsol.com\/es\/#organization","name":"Box Repsol","url":"https:\/\/www.boxrepsol.com\/es\/","logo":{"@type":"ImageObject","inLanguage":"es","@id":"https:\/\/www.boxrepsol.com\/es\/#\/schema\/logo\/image\/","url":"https:\/\/bxrepsol.s3.eu-west-1.amazonaws.com\/static\/2025\/07\/30083337\/favicon-96x96-1.png","contentUrl":"https:\/\/bxrepsol.s3.eu-west-1.amazonaws.com\/static\/2025\/07\/30083337\/favicon-96x96-1.png","width":96,"height":96,"caption":"Box Repsol"},"image":{"@id":"https:\/\/www.boxrepsol.com\/es\/#\/schema\/logo\/image\/"},"sameAs":["https:\/\/www.facebook.com\/BoxRepsol","https:\/\/x.com\/box_repsol","http:\/\/instagram.com\/box_repsol","https:\/\/www.youtube.com\/user\/RepsolCompeticion","https:\/\/www.flickr.com\/photos\/box_repsol\/"]},{"@type":"Person","@id":"https:\/\/www.boxrepsol.com\/es\/#\/schema\/person\/c5c2138f2cca251b0ad92b7086bb60b7","name":"Redacci\u00f3n Box Repsol","image":{"@type":"ImageObject","inLanguage":"es","@id":"https:\/\/secure.gravatar.com\/avatar\/adf7b77e38b4419baf32c7e9c21dde01f4e40df611f0978e3006fc4ba0aaab7e?s=96&d=mm&r=g","url":"https:\/\/secure.gravatar.com\/avatar\/adf7b77e38b4419baf32c7e9c21dde01f4e40df611f0978e3006fc4ba0aaab7e?s=96&d=mm&r=g","contentUrl":"https:\/\/secure.gravatar.com\/avatar\/adf7b77e38b4419baf32c7e9c21dde01f4e40df611f0978e3006fc4ba0aaab7e?s=96&d=mm&r=g","caption":"Redacci\u00f3n Box Repsol"},"description":"Box Repsol lo forma un equipo de periodistas, community managers, dise\u00f1adores y fot\u00f3grafos con m\u00e1s de 20 a\u00f1os de experiencia en el mundo del motorsport. Hemos vivido el primer mundial de un espa\u00f1ol en la categor\u00eda reina de motociclismo con \u00c1lex Crivill\u00e9, estuvimos en las victorias de Pedrosa y los t\u00edtulos de M\u00e1rquez, acompa\u00f1amos en \u00c1frica a Nani Roma y Marc Coma en sus conquistas del Dakar y hemos vibrado con los t\u00edtulos de Toni Bou en Trial. Adem\u00e1s, en nuestro equipo contamos con expertos en el mundo de las dos y cuatro ruedas tanto de la calle y las carreteras, como de los circuitos. Periodistas que han trabajado en revistas y publicaciones para hacerte llegar desde rutas y consejos de mantenimiento, a curiosidades y trucos de pilotaje.","sameAs":["https:\/\/www.facebook.com\/BoxRepsol\/","https:\/\/www.instagram.com\/box_repsol\/","https:\/\/x.com\/https:\/\/twitter.com\/box_repsol","https:\/\/www.youtube.com\/@Boxrepsol"],"url":"https:\/\/www.boxrepsol.com\/es\/author\/redaccion-box-repsol\/"}]}},"_links":{"self":[{"href":"https:\/\/www.boxrepsol.com\/es\/wp-json\/wp\/v2\/posts\/94649","targetHints":{"allow":["GET"]}}],"collection":[{"href":"https:\/\/www.boxrepsol.com\/es\/wp-json\/wp\/v2\/posts"}],"about":[{"href":"https:\/\/www.boxrepsol.com\/es\/wp-json\/wp\/v2\/types\/post"}],"author":[{"embeddable":true,"href":"https:\/\/www.boxrepsol.com\/es\/wp-json\/wp\/v2\/users\/43146"}],"replies":[{"embeddable":true,"href":"https:\/\/www.boxrepsol.com\/es\/wp-json\/wp\/v2\/comments?post=94649"}],"version-history":[{"count":1,"href":"https:\/\/www.boxrepsol.com\/es\/wp-json\/wp\/v2\/posts\/94649\/revisions"}],"predecessor-version":[{"id":94650,"href":"https:\/\/www.boxrepsol.com\/es\/wp-json\/wp\/v2\/posts\/94649\/revisions\/94650"}],"wp:featuredmedia":[{"embeddable":true,"href":"https:\/\/www.boxrepsol.com\/es\/wp-json\/wp\/v2\/media\/41044"}],"wp:attachment":[{"href":"https:\/\/www.boxrepsol.com\/es\/wp-json\/wp\/v2\/media?parent=94649"}],"wp:term":[{"taxonomy":"category","embeddable":true,"href":"https:\/\/www.boxrepsol.com\/es\/wp-json\/wp\/v2\/categories?post=94649"},{"taxonomy":"post_tag","embeddable":true,"href":"https:\/\/www.boxrepsol.com\/es\/wp-json\/wp\/v2\/tags?post=94649"}],"curies":[{"name":"wp","href":"https:\/\/api.w.org\/{rel}","templated":true}]}}