{"id":94613,"date":"2020-09-08T00:00:00","date_gmt":"2020-09-08T02:00:00","guid":{"rendered":"http:\/\/pre.boxrepsol.com\/sin-categorizar\/equipo-repsol-honda-vuelve-la-accion-san-marino\/"},"modified":"2023-02-24T11:11:43","modified_gmt":"2023-02-24T13:11:43","slug":"equipo-repsol-honda-vuelve-la-accion-san-marino","status":"publish","type":"post","link":"https:\/\/www.boxrepsol.com\/es\/motogp\/equipo-repsol-honda-vuelve-la-accion-san-marino\/","title":{"rendered":"El equipo Repsol Honda vuelve a la acci\u00f3n en San Marino"},"content":{"rendered":"<p>Un nuevo triplete les espera a los pilotos del equipo Repsol Honda. Primera parada en el Circuito de Misano Marco Simoncelli, donde se disputar\u00e1n dos carreras consecutivas. La primera de ellas ser\u00e1 este fin de semana<strong> -GP de San Marino-<\/strong>, del 11 al 13 de septiembre.<\/p>\n<p><strong>\u00c1lex M\u00e1rquez<\/strong> llega a la sexta carrera de la temporada como rookie de MotoGP en un trazado donde el piloto de Cervera<strong> ha subido al podio hasta en tres ocasiones<\/strong>: 3\u00ba en 2019 y 2013, y 2\u00ba en 2014.<\/p>\n<p>Al otro lado del box, Stefan Bradl continuar\u00e1 un Gran Premio m\u00e1s sustituyendo al lesionado Marc M\u00e1rquez y ayudando al equipo Repsol Honda en la evoluci\u00f3n de la RC213V. <strong>El piloto alem\u00e1n subi\u00f3 al segundo escal\u00f3n del podio en Misano en 2011<\/strong> cuando compet\u00eda en Moto2.<\/p>\n<p>                <!-- Imagen relacionada --><br \/>\n        <img loading=\"lazy\" decoding=\"async\" width=\"404\" height=\"336\" src=\"https:\/\/bxrepsol.s3.eu-west-1.amazonaws.com\/static\/2022\/08\/09120335\/00_repsol_honda_motogp_2020_alex_marquez_stefan_bradl-3.jpg\" alt=\"Los pilotos del equipo Repsol Honda en la pista\" \/><br \/>\n                <!-- Categor\u00eda --><br \/>\n            MotoGP<br \/>\n        <!-- T\u00edtulo --><br \/>\n        <a href=\"https:\/\/www.boxrepsol.com\/es\/motogp\/gp-san-marino-motogp-2020-horario-tv-donde-ver-directo-online\/\"><\/p>\n<h3>GP de San Marino MotoGP 2020: horario, TV y d\u00f3nde ver en directo onlin&#8230;<\/h3>\n<p>        <\/a><br \/>\n                    <!-- Fecha --><br \/>\n            hace 1 hora        <\/p>\n<h2>MotoGP San Marino 2020 &#8211; declaraciones de los pilotos<\/h2>\n<h3>\u00c1lex M\u00e1rquez<\/h3>\n<p><em>\u201cHa estado bien poder volver a casa, tener un tiempo para descansar, ver a la familia y seguir entrenando. Austria no fue exactamente como yo quer\u00eda, pero estoy seguro de que volver\u00e9 m\u00e1s fuerte este fin de semana. <\/p>\n<p>Tuvimos una buena batalla y un buen resultado en la carrera en Misano de los e-sports a principios de a\u00f1o, as\u00ed que espero hacer una buena carrera de nuevo. Misano es un circuito muy variado, con el revirado sector inicial y la r\u00e1pida parte final del trazado\u201d.<\/em><\/p>\n<h3>Stefan Bradl<\/h3>\n<p><em>\u201cEstoy muy feliz de volver a Misano con el equipo Repsol Honda. Hemos hecho grandes progresos en las primeras tres carreras y tengo experiencia en este trazado. <\/p>\n<p>Como de costumbre, va a ser un fin de semana complicado, pero estamos empezando a tener m\u00e1s informaci\u00f3n y datos que no ten\u00edamos en las carreras anteriores, por lo que esto nos ayudar\u00e1 a ser m\u00e1s fuertes desde el principio. Veremos qu\u00e9 nos deparar\u00e1 el fin de semana\u201d.<\/em><\/p>\n<p><strong>Suscr\u00edbete al bolet\u00edn de Box Repsol<\/strong><\/p>\n<p>Te contamos en exclusiva todas las noticias del Equipo Repsol, entrevistas, reportajes, v\u00eddeos, resultados de nuestros pilotos de <strong>MotoGP<\/strong>, <strong>Trial<\/strong>, <strong>FIM CEV Repsol<\/strong>, <strong>Rally<\/strong>, <strong>Red Bull Air Race<\/strong> y mucho m\u00e1s. <a href=\"https:\/\/www.boxrepsol.com\/es\/suscribete\/\">Suscr\u00edbete al bolet\u00edn de Box Repsol<\/a> y ent\u00e9rate de todas nuestras <strong>promociones<\/strong> y <strong>concursos<\/strong>.<\/p>\n","protected":false},"excerpt":{"rendered":"<p>\u00c1lex M\u00e1rquez y Stefan Bradl volver\u00e1n a subirse a sus motos en Misano, despu\u00e9s de dos semanas de descanso.<\/p>\n","protected":false},"author":1,"featured_media":40928,"comment_status":"open","ping_status":"open","sticky":false,"template":"","format":"standard","meta":{"footnotes":""},"categories":[4],"tags":[136],"class_list":["post-94613","post","type-post","status-publish","format-standard","hentry","category-motogp","tag-campeonato-del-mundo-de-motociclismo"],"yoast_head":"<!-- This site is optimized with the Yoast SEO plugin v27.3 - https:\/\/yoast.com\/product\/yoast-seo-wordpress\/ -->\n<title>MotoGP San Marino 2020 - El equipo Repsol Honda vuelve a la acci\u00f3n en San Marino<\/title>\n<meta name=\"description\" content=\"MotoGP San Marino 2020: \u00c1lex M\u00e1rquez y Stefan Bradl volver\u00e1n a subirse a sus motos en Misano, despu\u00e9s de dos semanas de descanso.\" \/>\n<link rel=\"canonical\" href=\"https:\/\/www.boxrepsol.com\/es\/motogp\/equipo-repsol-honda-vuelve-la-accion-san-marino\/\" \/>\n<meta property=\"og:locale\" content=\"es_ES\" \/>\n<meta property=\"og:type\" content=\"article\" \/>\n<meta property=\"og:title\" content=\"MotoGP San Marino 2020 - El equipo Repsol Honda vuelve a la acci\u00f3n en San Marino\" \/>\n<meta property=\"og:description\" content=\"MotoGP San Marino 2020: \u00c1lex M\u00e1rquez y Stefan Bradl volver\u00e1n a subirse a sus motos en Misano, despu\u00e9s de dos semanas de descanso.\" \/>\n<meta property=\"og:url\" content=\"https:\/\/www.boxrepsol.com\/es\/motogp\/equipo-repsol-honda-vuelve-la-accion-san-marino\/\" \/>\n<meta property=\"og:site_name\" content=\"Box Repsol\" \/>\n<meta property=\"article:publisher\" content=\"https:\/\/www.facebook.com\/BoxRepsol\" \/>\n<meta property=\"article:published_time\" content=\"2020-09-08T02:00:00+00:00\" \/>\n<meta property=\"article:modified_time\" content=\"2023-02-24T13:11:43+00:00\" \/>\n<meta property=\"og:image\" content=\"https:\/\/bxrepsol.s3.eu-west-1.amazonaws.com\/static\/2022\/08\/09120336\/00_alex_marquez_stefan_bradl_repsol_honda_motogp-2.jpg\" \/>\n\t<meta property=\"og:image:width\" content=\"1280\" \/>\n\t<meta property=\"og:image:height\" content=\"600\" \/>\n\t<meta property=\"og:image:type\" content=\"image\/jpeg\" \/>\n<meta name=\"author\" content=\"bx_ayesa\" \/>\n<meta name=\"twitter:card\" content=\"summary_large_image\" \/>\n<meta name=\"twitter:creator\" content=\"@box_repsol\" \/>\n<meta name=\"twitter:site\" content=\"@box_repsol\" \/>\n<meta name=\"twitter:label1\" content=\"Written by\" \/>\n\t<meta name=\"twitter:data1\" content=\"bx_ayesa\" \/>\n\t<meta name=\"twitter:label2\" content=\"Est. reading time\" \/>\n\t<meta name=\"twitter:data2\" content=\"2 minutos\" \/>\n<script type=\"application\/ld+json\" class=\"yoast-schema-graph\">{\"@context\":\"https:\\\/\\\/schema.org\",\"@graph\":[{\"@type\":\"Article\",\"@id\":\"https:\\\/\\\/www.boxrepsol.com\\\/es\\\/motogp\\\/equipo-repsol-honda-vuelve-la-accion-san-marino\\\/#article\",\"isPartOf\":{\"@id\":\"https:\\\/\\\/www.boxrepsol.com\\\/es\\\/motogp\\\/equipo-repsol-honda-vuelve-la-accion-san-marino\\\/\"},\"author\":{\"name\":\"bx_ayesa\",\"@id\":\"https:\\\/\\\/www.boxrepsol.com\\\/es\\\/#\\\/schema\\\/person\\\/d9d0f442a4332c7d099d31ffda4747a0\"},\"headline\":\"El equipo Repsol Honda vuelve a la acci\u00f3n en San Marino\",\"datePublished\":\"2020-09-08T02:00:00+00:00\",\"dateModified\":\"2023-02-24T13:11:43+00:00\",\"mainEntityOfPage\":{\"@id\":\"https:\\\/\\\/www.boxrepsol.com\\\/es\\\/motogp\\\/equipo-repsol-honda-vuelve-la-accion-san-marino\\\/\"},\"wordCount\":400,\"commentCount\":0,\"publisher\":{\"@id\":\"https:\\\/\\\/www.boxrepsol.com\\\/es\\\/#organization\"},\"image\":{\"@id\":\"https:\\\/\\\/www.boxrepsol.com\\\/es\\\/motogp\\\/equipo-repsol-honda-vuelve-la-accion-san-marino\\\/#primaryimage\"},\"thumbnailUrl\":\"https:\\\/\\\/bxrepsol.s3.eu-west-1.amazonaws.com\\\/static\\\/2022\\\/08\\\/09120336\\\/00_alex_marquez_stefan_bradl_repsol_honda_motogp-2.jpg\",\"keywords\":[\"Campeonato del Mundo de Motociclismo\"],\"articleSection\":[\"MotoGP\"],\"inLanguage\":\"es\",\"potentialAction\":[{\"@type\":\"CommentAction\",\"name\":\"Comment\",\"target\":[\"https:\\\/\\\/www.boxrepsol.com\\\/es\\\/motogp\\\/equipo-repsol-honda-vuelve-la-accion-san-marino\\\/#respond\"]}]},{\"@type\":\"WebPage\",\"@id\":\"https:\\\/\\\/www.boxrepsol.com\\\/es\\\/motogp\\\/equipo-repsol-honda-vuelve-la-accion-san-marino\\\/\",\"url\":\"https:\\\/\\\/www.boxrepsol.com\\\/es\\\/motogp\\\/equipo-repsol-honda-vuelve-la-accion-san-marino\\\/\",\"name\":\"MotoGP San Marino 2020 - El equipo Repsol Honda vuelve a la acci\u00f3n en San Marino\",\"isPartOf\":{\"@id\":\"https:\\\/\\\/www.boxrepsol.com\\\/es\\\/#website\"},\"primaryImageOfPage\":{\"@id\":\"https:\\\/\\\/www.boxrepsol.com\\\/es\\\/motogp\\\/equipo-repsol-honda-vuelve-la-accion-san-marino\\\/#primaryimage\"},\"image\":{\"@id\":\"https:\\\/\\\/www.boxrepsol.com\\\/es\\\/motogp\\\/equipo-repsol-honda-vuelve-la-accion-san-marino\\\/#primaryimage\"},\"thumbnailUrl\":\"https:\\\/\\\/bxrepsol.s3.eu-west-1.amazonaws.com\\\/static\\\/2022\\\/08\\\/09120336\\\/00_alex_marquez_stefan_bradl_repsol_honda_motogp-2.jpg\",\"datePublished\":\"2020-09-08T02:00:00+00:00\",\"dateModified\":\"2023-02-24T13:11:43+00:00\",\"description\":\"MotoGP San Marino 2020: \u00c1lex M\u00e1rquez y Stefan Bradl volver\u00e1n a subirse a sus motos en Misano, despu\u00e9s de dos semanas de descanso.\",\"breadcrumb\":{\"@id\":\"https:\\\/\\\/www.boxrepsol.com\\\/es\\\/motogp\\\/equipo-repsol-honda-vuelve-la-accion-san-marino\\\/#breadcrumb\"},\"inLanguage\":\"es\",\"potentialAction\":[{\"@type\":\"ReadAction\",\"target\":[\"https:\\\/\\\/www.boxrepsol.com\\\/es\\\/motogp\\\/equipo-repsol-honda-vuelve-la-accion-san-marino\\\/\"]}]},{\"@type\":\"ImageObject\",\"inLanguage\":\"es\",\"@id\":\"https:\\\/\\\/www.boxrepsol.com\\\/es\\\/motogp\\\/equipo-repsol-honda-vuelve-la-accion-san-marino\\\/#primaryimage\",\"url\":\"https:\\\/\\\/bxrepsol.s3.eu-west-1.amazonaws.com\\\/static\\\/2022\\\/08\\\/09120336\\\/00_alex_marquez_stefan_bradl_repsol_honda_motogp-2.jpg\",\"contentUrl\":\"https:\\\/\\\/bxrepsol.s3.eu-west-1.amazonaws.com\\\/static\\\/2022\\\/08\\\/09120336\\\/00_alex_marquez_stefan_bradl_repsol_honda_motogp-2.jpg\",\"width\":1280,\"height\":600,\"caption\":\"\u00c1lex M\u00e1rquez y Stefan Bradl el pista sobre las motos\"},{\"@type\":\"BreadcrumbList\",\"@id\":\"https:\\\/\\\/www.boxrepsol.com\\\/es\\\/motogp\\\/equipo-repsol-honda-vuelve-la-accion-san-marino\\\/#breadcrumb\",\"itemListElement\":[{\"@type\":\"ListItem\",\"position\":1,\"name\":\"Home\",\"item\":\"https:\\\/\\\/www.boxrepsol.com\\\/es\\\/\"},{\"@type\":\"ListItem\",\"position\":2,\"name\":\"El equipo Repsol Honda vuelve a la acci\u00f3n en San Marino\"}]},{\"@type\":\"WebSite\",\"@id\":\"https:\\\/\\\/www.boxrepsol.com\\\/es\\\/#website\",\"url\":\"https:\\\/\\\/www.boxrepsol.com\\\/es\\\/\",\"name\":\"Box Repsol\",\"description\":\"Box Repsol Site\",\"publisher\":{\"@id\":\"https:\\\/\\\/www.boxrepsol.com\\\/es\\\/#organization\"},\"potentialAction\":[{\"@type\":\"SearchAction\",\"target\":{\"@type\":\"EntryPoint\",\"urlTemplate\":\"https:\\\/\\\/www.boxrepsol.com\\\/es\\\/?s={search_term_string}\"},\"query-input\":{\"@type\":\"PropertyValueSpecification\",\"valueRequired\":true,\"valueName\":\"search_term_string\"}}],\"inLanguage\":\"es\"},{\"@type\":\"Organization\",\"@id\":\"https:\\\/\\\/www.boxrepsol.com\\\/es\\\/#organization\",\"name\":\"Box Repsol\",\"url\":\"https:\\\/\\\/www.boxrepsol.com\\\/es\\\/\",\"logo\":{\"@type\":\"ImageObject\",\"inLanguage\":\"es\",\"@id\":\"https:\\\/\\\/www.boxrepsol.com\\\/es\\\/#\\\/schema\\\/logo\\\/image\\\/\",\"url\":\"https:\\\/\\\/bxrepsol.s3.eu-west-1.amazonaws.com\\\/static\\\/2025\\\/07\\\/30083337\\\/favicon-96x96-1.png\",\"contentUrl\":\"https:\\\/\\\/bxrepsol.s3.eu-west-1.amazonaws.com\\\/static\\\/2025\\\/07\\\/30083337\\\/favicon-96x96-1.png\",\"width\":96,\"height\":96,\"caption\":\"Box Repsol\"},\"image\":{\"@id\":\"https:\\\/\\\/www.boxrepsol.com\\\/es\\\/#\\\/schema\\\/logo\\\/image\\\/\"},\"sameAs\":[\"https:\\\/\\\/www.facebook.com\\\/BoxRepsol\",\"https:\\\/\\\/x.com\\\/box_repsol\",\"http:\\\/\\\/instagram.com\\\/box_repsol\",\"https:\\\/\\\/www.youtube.com\\\/user\\\/RepsolCompeticion\",\"https:\\\/\\\/www.flickr.com\\\/photos\\\/box_repsol\\\/\"]},{\"@type\":\"Person\",\"@id\":\"https:\\\/\\\/www.boxrepsol.com\\\/es\\\/#\\\/schema\\\/person\\\/d9d0f442a4332c7d099d31ffda4747a0\",\"name\":\"bx_ayesa\",\"image\":{\"@type\":\"ImageObject\",\"inLanguage\":\"es\",\"@id\":\"https:\\\/\\\/secure.gravatar.com\\\/avatar\\\/059e1b9d3585083708845ba70e8dd968f143ff35f5e0e10cf2d1e7afe2c6a878?s=96&d=mm&r=g\",\"url\":\"https:\\\/\\\/secure.gravatar.com\\\/avatar\\\/059e1b9d3585083708845ba70e8dd968f143ff35f5e0e10cf2d1e7afe2c6a878?s=96&d=mm&r=g\",\"contentUrl\":\"https:\\\/\\\/secure.gravatar.com\\\/avatar\\\/059e1b9d3585083708845ba70e8dd968f143ff35f5e0e10cf2d1e7afe2c6a878?s=96&d=mm&r=g\",\"caption\":\"bx_ayesa\"},\"sameAs\":[\"http:\\\/\\\/54.155.157.200\"],\"url\":\"https:\\\/\\\/www.boxrepsol.com\\\/es\\\/author\\\/bx_ayesa\\\/\"}]}<\/script>\n<!-- \/ Yoast SEO plugin. -->","yoast_head_json":{"title":"MotoGP San Marino 2020 - El equipo Repsol Honda vuelve a la acci\u00f3n en San Marino","description":"MotoGP San Marino 2020: \u00c1lex M\u00e1rquez y Stefan Bradl volver\u00e1n a subirse a sus motos en Misano, despu\u00e9s de dos semanas de descanso.","canonical":"https:\/\/www.boxrepsol.com\/es\/motogp\/equipo-repsol-honda-vuelve-la-accion-san-marino\/","og_locale":"es_ES","og_type":"article","og_title":"MotoGP San Marino 2020 - El equipo Repsol Honda vuelve a la acci\u00f3n en San Marino","og_description":"MotoGP San Marino 2020: \u00c1lex M\u00e1rquez y Stefan Bradl volver\u00e1n a subirse a sus motos en Misano, despu\u00e9s de dos semanas de descanso.","og_url":"https:\/\/www.boxrepsol.com\/es\/motogp\/equipo-repsol-honda-vuelve-la-accion-san-marino\/","og_site_name":"Box Repsol","article_publisher":"https:\/\/www.facebook.com\/BoxRepsol","article_published_time":"2020-09-08T02:00:00+00:00","article_modified_time":"2023-02-24T13:11:43+00:00","og_image":[{"width":1280,"height":600,"url":"https:\/\/bxrepsol.s3.eu-west-1.amazonaws.com\/static\/2022\/08\/09120336\/00_alex_marquez_stefan_bradl_repsol_honda_motogp-2.jpg","type":"image\/jpeg"}],"author":"bx_ayesa","twitter_card":"summary_large_image","twitter_creator":"@box_repsol","twitter_site":"@box_repsol","twitter_misc":{"Written by":"bx_ayesa","Est. reading time":"2 minutos"},"schema":{"@context":"https:\/\/schema.org","@graph":[{"@type":"Article","@id":"https:\/\/www.boxrepsol.com\/es\/motogp\/equipo-repsol-honda-vuelve-la-accion-san-marino\/#article","isPartOf":{"@id":"https:\/\/www.boxrepsol.com\/es\/motogp\/equipo-repsol-honda-vuelve-la-accion-san-marino\/"},"author":{"name":"bx_ayesa","@id":"https:\/\/www.boxrepsol.com\/es\/#\/schema\/person\/d9d0f442a4332c7d099d31ffda4747a0"},"headline":"El equipo Repsol Honda vuelve a la acci\u00f3n en San Marino","datePublished":"2020-09-08T02:00:00+00:00","dateModified":"2023-02-24T13:11:43+00:00","mainEntityOfPage":{"@id":"https:\/\/www.boxrepsol.com\/es\/motogp\/equipo-repsol-honda-vuelve-la-accion-san-marino\/"},"wordCount":400,"commentCount":0,"publisher":{"@id":"https:\/\/www.boxrepsol.com\/es\/#organization"},"image":{"@id":"https:\/\/www.boxrepsol.com\/es\/motogp\/equipo-repsol-honda-vuelve-la-accion-san-marino\/#primaryimage"},"thumbnailUrl":"https:\/\/bxrepsol.s3.eu-west-1.amazonaws.com\/static\/2022\/08\/09120336\/00_alex_marquez_stefan_bradl_repsol_honda_motogp-2.jpg","keywords":["Campeonato del Mundo de Motociclismo"],"articleSection":["MotoGP"],"inLanguage":"es","potentialAction":[{"@type":"CommentAction","name":"Comment","target":["https:\/\/www.boxrepsol.com\/es\/motogp\/equipo-repsol-honda-vuelve-la-accion-san-marino\/#respond"]}]},{"@type":"WebPage","@id":"https:\/\/www.boxrepsol.com\/es\/motogp\/equipo-repsol-honda-vuelve-la-accion-san-marino\/","url":"https:\/\/www.boxrepsol.com\/es\/motogp\/equipo-repsol-honda-vuelve-la-accion-san-marino\/","name":"MotoGP San Marino 2020 - El equipo Repsol Honda vuelve a la acci\u00f3n en San Marino","isPartOf":{"@id":"https:\/\/www.boxrepsol.com\/es\/#website"},"primaryImageOfPage":{"@id":"https:\/\/www.boxrepsol.com\/es\/motogp\/equipo-repsol-honda-vuelve-la-accion-san-marino\/#primaryimage"},"image":{"@id":"https:\/\/www.boxrepsol.com\/es\/motogp\/equipo-repsol-honda-vuelve-la-accion-san-marino\/#primaryimage"},"thumbnailUrl":"https:\/\/bxrepsol.s3.eu-west-1.amazonaws.com\/static\/2022\/08\/09120336\/00_alex_marquez_stefan_bradl_repsol_honda_motogp-2.jpg","datePublished":"2020-09-08T02:00:00+00:00","dateModified":"2023-02-24T13:11:43+00:00","description":"MotoGP San Marino 2020: \u00c1lex M\u00e1rquez y Stefan Bradl volver\u00e1n a subirse a sus motos en Misano, despu\u00e9s de dos semanas de descanso.","breadcrumb":{"@id":"https:\/\/www.boxrepsol.com\/es\/motogp\/equipo-repsol-honda-vuelve-la-accion-san-marino\/#breadcrumb"},"inLanguage":"es","potentialAction":[{"@type":"ReadAction","target":["https:\/\/www.boxrepsol.com\/es\/motogp\/equipo-repsol-honda-vuelve-la-accion-san-marino\/"]}]},{"@type":"ImageObject","inLanguage":"es","@id":"https:\/\/www.boxrepsol.com\/es\/motogp\/equipo-repsol-honda-vuelve-la-accion-san-marino\/#primaryimage","url":"https:\/\/bxrepsol.s3.eu-west-1.amazonaws.com\/static\/2022\/08\/09120336\/00_alex_marquez_stefan_bradl_repsol_honda_motogp-2.jpg","contentUrl":"https:\/\/bxrepsol.s3.eu-west-1.amazonaws.com\/static\/2022\/08\/09120336\/00_alex_marquez_stefan_bradl_repsol_honda_motogp-2.jpg","width":1280,"height":600,"caption":"\u00c1lex M\u00e1rquez y Stefan Bradl el pista sobre las motos"},{"@type":"BreadcrumbList","@id":"https:\/\/www.boxrepsol.com\/es\/motogp\/equipo-repsol-honda-vuelve-la-accion-san-marino\/#breadcrumb","itemListElement":[{"@type":"ListItem","position":1,"name":"Home","item":"https:\/\/www.boxrepsol.com\/es\/"},{"@type":"ListItem","position":2,"name":"El equipo Repsol Honda vuelve a la acci\u00f3n en San Marino"}]},{"@type":"WebSite","@id":"https:\/\/www.boxrepsol.com\/es\/#website","url":"https:\/\/www.boxrepsol.com\/es\/","name":"Box Repsol","description":"Box Repsol Site","publisher":{"@id":"https:\/\/www.boxrepsol.com\/es\/#organization"},"potentialAction":[{"@type":"SearchAction","target":{"@type":"EntryPoint","urlTemplate":"https:\/\/www.boxrepsol.com\/es\/?s={search_term_string}"},"query-input":{"@type":"PropertyValueSpecification","valueRequired":true,"valueName":"search_term_string"}}],"inLanguage":"es"},{"@type":"Organization","@id":"https:\/\/www.boxrepsol.com\/es\/#organization","name":"Box Repsol","url":"https:\/\/www.boxrepsol.com\/es\/","logo":{"@type":"ImageObject","inLanguage":"es","@id":"https:\/\/www.boxrepsol.com\/es\/#\/schema\/logo\/image\/","url":"https:\/\/bxrepsol.s3.eu-west-1.amazonaws.com\/static\/2025\/07\/30083337\/favicon-96x96-1.png","contentUrl":"https:\/\/bxrepsol.s3.eu-west-1.amazonaws.com\/static\/2025\/07\/30083337\/favicon-96x96-1.png","width":96,"height":96,"caption":"Box Repsol"},"image":{"@id":"https:\/\/www.boxrepsol.com\/es\/#\/schema\/logo\/image\/"},"sameAs":["https:\/\/www.facebook.com\/BoxRepsol","https:\/\/x.com\/box_repsol","http:\/\/instagram.com\/box_repsol","https:\/\/www.youtube.com\/user\/RepsolCompeticion","https:\/\/www.flickr.com\/photos\/box_repsol\/"]},{"@type":"Person","@id":"https:\/\/www.boxrepsol.com\/es\/#\/schema\/person\/d9d0f442a4332c7d099d31ffda4747a0","name":"bx_ayesa","image":{"@type":"ImageObject","inLanguage":"es","@id":"https:\/\/secure.gravatar.com\/avatar\/059e1b9d3585083708845ba70e8dd968f143ff35f5e0e10cf2d1e7afe2c6a878?s=96&d=mm&r=g","url":"https:\/\/secure.gravatar.com\/avatar\/059e1b9d3585083708845ba70e8dd968f143ff35f5e0e10cf2d1e7afe2c6a878?s=96&d=mm&r=g","contentUrl":"https:\/\/secure.gravatar.com\/avatar\/059e1b9d3585083708845ba70e8dd968f143ff35f5e0e10cf2d1e7afe2c6a878?s=96&d=mm&r=g","caption":"bx_ayesa"},"sameAs":["http:\/\/54.155.157.200"],"url":"https:\/\/www.boxrepsol.com\/es\/author\/bx_ayesa\/"}]}},"_links":{"self":[{"href":"https:\/\/www.boxrepsol.com\/es\/wp-json\/wp\/v2\/posts\/94613","targetHints":{"allow":["GET"]}}],"collection":[{"href":"https:\/\/www.boxrepsol.com\/es\/wp-json\/wp\/v2\/posts"}],"about":[{"href":"https:\/\/www.boxrepsol.com\/es\/wp-json\/wp\/v2\/types\/post"}],"author":[{"embeddable":true,"href":"https:\/\/www.boxrepsol.com\/es\/wp-json\/wp\/v2\/users\/1"}],"replies":[{"embeddable":true,"href":"https:\/\/www.boxrepsol.com\/es\/wp-json\/wp\/v2\/comments?post=94613"}],"version-history":[{"count":1,"href":"https:\/\/www.boxrepsol.com\/es\/wp-json\/wp\/v2\/posts\/94613\/revisions"}],"predecessor-version":[{"id":94614,"href":"https:\/\/www.boxrepsol.com\/es\/wp-json\/wp\/v2\/posts\/94613\/revisions\/94614"}],"wp:featuredmedia":[{"embeddable":true,"href":"https:\/\/www.boxrepsol.com\/es\/wp-json\/wp\/v2\/media\/40928"}],"wp:attachment":[{"href":"https:\/\/www.boxrepsol.com\/es\/wp-json\/wp\/v2\/media?parent=94613"}],"wp:term":[{"taxonomy":"category","embeddable":true,"href":"https:\/\/www.boxrepsol.com\/es\/wp-json\/wp\/v2\/categories?post=94613"},{"taxonomy":"post_tag","embeddable":true,"href":"https:\/\/www.boxrepsol.com\/es\/wp-json\/wp\/v2\/tags?post=94613"}],"curies":[{"name":"wp","href":"https:\/\/api.w.org\/{rel}","templated":true}]}}