{"id":94609,"date":"2020-09-07T00:00:00","date_gmt":"2020-09-07T02:00:00","guid":{"rendered":"http:\/\/pre.boxrepsol.com\/sin-categorizar\/dos-podios-liderato-toni-bou-tras-gp-francia\/"},"modified":"2024-04-19T08:07:23","modified_gmt":"2024-04-19T10:07:23","slug":"dos-podios-liderato-toni-bou-tras-gp-francia","status":"publish","type":"post","link":"https:\/\/www.boxrepsol.com\/es\/trial\/dos-podios-liderato-toni-bou-tras-gp-francia\/","title":{"rendered":"Dos podios y liderato para Toni Bou tras el GP de Francia"},"content":{"rendered":"<p>Un error en el control de los tiempos de varias zonas hizo que ayer, en el inicio de la primera prueba del Campeonato del Mundo 2020, la organizaci\u00f3n decidiera anular la primera de las tres vueltas y que solamente puntuaran la segunda y la tercera.<\/p>\n<p><strong>Toni Bou empez\u00f3 la temporada realizando una actuaci\u00f3n casi perfecta <\/strong>marcando un solo un punto de penalizaci\u00f3n en la segunda vuelta y tres en la tercera. El piloto del equipo Repsol Honda finaliz\u00f3 el primer d\u00eda en primera posici\u00f3n sumando un total de seis puntos.<\/p>\n<p>Por su parte, Takahisa Fujinami cometi\u00f3 algunos errores en las zonas 5 y 9 que le dejaron sin opciones de podio. El piloto japon\u00e9s acab\u00f3 la primera prueba en Isola 2000 en sexta posici\u00f3n.<\/p>\n<p>En la segunda jornada de competici\u00f3n, disputada hoy,<strong> Toni Bou ha vuelto a subir al podio <\/strong>pero esta vez en tercer lugar con 41 puntos. Bou ha cometido alg\u00fan error en la segunda vuelta que le ha impedido lograr su segunda victoria del fin de semana.<\/p>\n<p>Como sucedi\u00f3 ayer, su compa\u00f1ero en el equipo Repsol Honda, Takahisa Fujinami, ha finalizado el Trial GP de Francia en sexta posici\u00f3n sumando 53 puntos.<\/p>\n<p>Tras el TrialGP de Francia,<strong> Toni Bou comanda la clasificaci\u00f3n general y Fujinami es sexto<\/strong>. La siguiente prueba se celebrar\u00e1 en Pobladura de las Regueras, Espa\u00f1a, este pr\u00f3ximo fin de semana.<\/p>\n<p><a href=\"https:\/\/bxrepsol.s3.eu-west-1.amazonaws.com\/static\/2022\/08\/09120325\/00_toni_bou_descendiendo_por_tramo-2.jpg\" \n   title=\"Toni Bou pilotando su moto en competici\u00f3n\" \n   data-gallery-thumbnail=\"https:\/\/bxrepsol.s3.eu-west-1.amazonaws.com\/static\/2022\/08\/09120325\/00_toni_bou_descendiendo_por_tramo-2.jpg\"\n   data-gallery-title=\"\"\n   data-gallery><\/p>\n<figure>\n        <picture style=\"padding-bottom: 66.689655172414%; background-image: url(https:\/\/bxrepsol.s3.eu-west-1.amazonaws.com\/static\/2022\/08\/09120325\/00_toni_bou_descendiendo_por_tramo-2.jpg);\">\n            <img decoding=\"async\" src=\"https:\/\/bxrepsol.s3.eu-west-1.amazonaws.com\/static\/2022\/08\/09120325\/00_toni_bou_descendiendo_por_tramo-2.jpg\"><br \/>\n            <img itemprop=\"image\"\n                data-srcset=\"https:\/\/bxrepsol.s3.eu-west-1.amazonaws.com\/static\/2022\/08\/09120325\/00_toni_bou_descendiendo_por_tramo-2.jpg 480w, https:\/\/bxrepsol.s3.eu-west-1.amazonaws.com\/static\/2022\/08\/09120325\/00_toni_bou_descendiendo_por_tramo-2.jpg 600w, https:\/\/bxrepsol.s3.eu-west-1.amazonaws.com\/static\/2022\/08\/09120325\/00_toni_bou_descendiendo_por_tramo-2.jpg 900w, https:\/\/bxrepsol.s3.eu-west-1.amazonaws.com\/static\/2022\/08\/09120325\/00_toni_bou_descendiendo_por_tramo-2.jpg 1280w\"\n                data-src=\"https:\/\/bxrepsol.s3.eu-west-1.amazonaws.com\/static\/2022\/08\/09120325\/00_toni_bou_descendiendo_por_tramo-2.jpg\"\n                alt=\"Toni Bou pilotando su moto en competici\u00f3n\"\n                title=\"Toni Bou desciende por un tramo de zona\"\/><br \/>\n            <noscript><img decoding=\"async\" src=\"https:\/\/bxrepsol.s3.eu-west-1.amazonaws.com\/static\/2022\/08\/09120325\/00_toni_bou_descendiendo_por_tramo-2.jpg\" alt=\"Toni Bou pilotando su moto en competici\u00f3n\"><\/noscript>\n        <\/picture><figcaption>Toni Bou pilotando su moto en competici\u00f3n<\/figcaption><\/figure>\n<p><\/a><\/p>\n<h2>TrialGP Francia 2020 &#8211; declaraciones de los pilotos<\/h2>\n<h3>Toni Bou<\/h3>\n<p><em>\u00abHa sido un d\u00eda muy complicado, siguiendo con las molestias f\u00edsicas de ayer y con un dolor en la espalda que me provoca rampas en el brazo derecho. Hemos ido a disgusto durante casi toda la jornada y ha sido bastante duro. Creo que el balance del fin de semana es positivo dentro de las condiciones en las que nos encontramos. Ser\u00e1 un campeonato muy complicado para nosotros ya que las carreras son muy seguidas. Aun s\u00ed, lucharemos para estar lo mejor posible para la siguiente carrera\u201d.<\/em><\/p>\n<h3>Takahisa Fujinami<\/h3>\n<p><em>\u201cHoy no he empezado muy bien la primera vuelta, pero ya en la segunda me he encontrado m\u00e1s c\u00f3modo con la moto y he podido recuperar bastantes puntos para luchar delante. En la tercera y \u00faltima vuelta, he empezado bien, pero he cometido muchos errores y no he podido recuperar. Finalmente he terminado sexto, pero este no es el sitio donde s\u00e9 que puedo que estar. Durante el confinamiento hemos trabajado muy duro, pero no es lo mismo que estar seis horas de carrera encima de la moto. Seguro que para la pr\u00f3xima ir\u00e1 todo mejor. Lucharemos para estar en el top 3\u201d.<\/em><\/p>\n<p>                <!-- Imagen relacionada --><br \/>\n        <img loading=\"lazy\" decoding=\"async\" width=\"404\" height=\"336\" src=\"https:\/\/bxrepsol.s3.eu-west-1.amazonaws.com\/static\/2022\/08\/09120326\/00_toni_bou_fujigas_trial-3.jpg\" alt=\"\" \/><br \/>\n                <!-- Categor\u00eda --><br \/>\n            Trial<br \/>\n        <!-- T\u00edtulo --><br \/>\n        <a href=\"https:\/\/www.boxrepsol.com\/es\/trial\/mundial-trial-equipo-repsol-honda-arrancan-motores-nuevo\/\"><\/p>\n<h3>El Mundial de Trial y el equipo Repsol Honda arrancan motores de nuevo<\/h3>\n<p>        <\/a><br \/>\n                    <!-- Fecha --><br \/>\n            hace 1 hora<\/p>\n","protected":false},"excerpt":{"rendered":"<p>El piloto del equipo Repsol Honda, Toni Bou, ha logrado un primer y un tercer puesto en la primera y segunda jornada del TrialGP de Francia. Su compa\u00f1ero, Takahisa Fujinami, ha finalizado en sexta posici\u00f3n en ambas jornadas.<\/p>\n","protected":false},"author":43146,"featured_media":40914,"comment_status":"open","ping_status":"open","sticky":false,"template":"","format":"standard","meta":{"footnotes":""},"categories":[23],"tags":[130],"class_list":["post-94609","post","type-post","status-publish","format-standard","hentry","category-trial","tag-otros-eventos-y-competiciones"],"yoast_head":"<!-- This site is optimized with the Yoast SEO plugin v27.3 - https:\/\/yoast.com\/product\/yoast-seo-wordpress\/ -->\n<title>TrialGP 2020 Francia - Dos podios y liderato para Toni Bou<\/title>\n<meta name=\"description\" content=\"TrialGP 2020 Francia: El piloto del equipo Repsol, Toni Bou, ha logrado un primer y un tercer puesto en la primera y segunda jornada del TrialGP de Francia.\" \/>\n<link rel=\"canonical\" href=\"https:\/\/www.boxrepsol.com\/es\/trial\/dos-podios-liderato-toni-bou-tras-gp-francia\/\" \/>\n<meta property=\"og:locale\" content=\"es_ES\" \/>\n<meta property=\"og:type\" content=\"article\" \/>\n<meta property=\"og:title\" content=\"TrialGP 2020 Francia - Dos podios y liderato para Toni Bou\" \/>\n<meta property=\"og:description\" content=\"TrialGP 2020 Francia: El piloto del equipo Repsol, Toni Bou, ha logrado un primer y un tercer puesto en la primera y segunda jornada del TrialGP de Francia.\" \/>\n<meta property=\"og:url\" content=\"https:\/\/www.boxrepsol.com\/es\/trial\/dos-podios-liderato-toni-bou-tras-gp-francia\/\" \/>\n<meta property=\"og:site_name\" content=\"Box Repsol\" \/>\n<meta property=\"article:publisher\" content=\"https:\/\/www.facebook.com\/BoxRepsol\" \/>\n<meta property=\"article:author\" content=\"https:\/\/www.facebook.com\/BoxRepsol\/\" \/>\n<meta property=\"article:published_time\" content=\"2020-09-07T02:00:00+00:00\" \/>\n<meta property=\"article:modified_time\" content=\"2024-04-19T10:07:23+00:00\" \/>\n<meta property=\"og:image\" content=\"https:\/\/bxrepsol.s3.eu-west-1.amazonaws.com\/static\/2022\/08\/09120327\/00_trialgp_tono_bou_podio_victoria_trial-1.jpg\" \/>\n\t<meta property=\"og:image:width\" content=\"1280\" \/>\n\t<meta property=\"og:image:height\" content=\"600\" \/>\n\t<meta property=\"og:image:type\" content=\"image\/jpeg\" \/>\n<meta name=\"author\" content=\"Redacci\u00f3n Box Repsol\" \/>\n<meta name=\"twitter:card\" content=\"summary_large_image\" \/>\n<meta name=\"twitter:creator\" content=\"@https:\/\/twitter.com\/box_repsol\" \/>\n<meta name=\"twitter:site\" content=\"@box_repsol\" \/>\n<meta name=\"twitter:label1\" content=\"Written by\" \/>\n\t<meta name=\"twitter:data1\" content=\"Redacci\u00f3n Box Repsol\" \/>\n\t<meta name=\"twitter:label2\" content=\"Est. reading time\" \/>\n\t<meta name=\"twitter:data2\" content=\"2 minutos\" \/>\n<script type=\"application\/ld+json\" class=\"yoast-schema-graph\">{\"@context\":\"https:\\\/\\\/schema.org\",\"@graph\":[{\"@type\":\"Article\",\"@id\":\"https:\\\/\\\/www.boxrepsol.com\\\/es\\\/trial\\\/dos-podios-liderato-toni-bou-tras-gp-francia\\\/#article\",\"isPartOf\":{\"@id\":\"https:\\\/\\\/www.boxrepsol.com\\\/es\\\/trial\\\/dos-podios-liderato-toni-bou-tras-gp-francia\\\/\"},\"author\":{\"name\":\"Redacci\u00f3n Box Repsol\",\"@id\":\"https:\\\/\\\/www.boxrepsol.com\\\/es\\\/#\\\/schema\\\/person\\\/c5c2138f2cca251b0ad92b7086bb60b7\"},\"headline\":\"Dos podios y liderato para Toni Bou tras el GP de Francia\",\"datePublished\":\"2020-09-07T02:00:00+00:00\",\"dateModified\":\"2024-04-19T10:07:23+00:00\",\"mainEntityOfPage\":{\"@id\":\"https:\\\/\\\/www.boxrepsol.com\\\/es\\\/trial\\\/dos-podios-liderato-toni-bou-tras-gp-francia\\\/\"},\"wordCount\":475,\"commentCount\":0,\"publisher\":{\"@id\":\"https:\\\/\\\/www.boxrepsol.com\\\/es\\\/#organization\"},\"image\":{\"@id\":\"https:\\\/\\\/www.boxrepsol.com\\\/es\\\/trial\\\/dos-podios-liderato-toni-bou-tras-gp-francia\\\/#primaryimage\"},\"thumbnailUrl\":\"https:\\\/\\\/bxrepsol.s3.eu-west-1.amazonaws.com\\\/static\\\/2022\\\/08\\\/09120327\\\/00_trialgp_tono_bou_podio_victoria_trial-1.jpg\",\"keywords\":[\"otros eventos y competiciones\"],\"articleSection\":[\"Trial\"],\"inLanguage\":\"es\",\"potentialAction\":[{\"@type\":\"CommentAction\",\"name\":\"Comment\",\"target\":[\"https:\\\/\\\/www.boxrepsol.com\\\/es\\\/trial\\\/dos-podios-liderato-toni-bou-tras-gp-francia\\\/#respond\"]}]},{\"@type\":\"WebPage\",\"@id\":\"https:\\\/\\\/www.boxrepsol.com\\\/es\\\/trial\\\/dos-podios-liderato-toni-bou-tras-gp-francia\\\/\",\"url\":\"https:\\\/\\\/www.boxrepsol.com\\\/es\\\/trial\\\/dos-podios-liderato-toni-bou-tras-gp-francia\\\/\",\"name\":\"TrialGP 2020 Francia - Dos podios y liderato para Toni Bou\",\"isPartOf\":{\"@id\":\"https:\\\/\\\/www.boxrepsol.com\\\/es\\\/#website\"},\"primaryImageOfPage\":{\"@id\":\"https:\\\/\\\/www.boxrepsol.com\\\/es\\\/trial\\\/dos-podios-liderato-toni-bou-tras-gp-francia\\\/#primaryimage\"},\"image\":{\"@id\":\"https:\\\/\\\/www.boxrepsol.com\\\/es\\\/trial\\\/dos-podios-liderato-toni-bou-tras-gp-francia\\\/#primaryimage\"},\"thumbnailUrl\":\"https:\\\/\\\/bxrepsol.s3.eu-west-1.amazonaws.com\\\/static\\\/2022\\\/08\\\/09120327\\\/00_trialgp_tono_bou_podio_victoria_trial-1.jpg\",\"datePublished\":\"2020-09-07T02:00:00+00:00\",\"dateModified\":\"2024-04-19T10:07:23+00:00\",\"description\":\"TrialGP 2020 Francia: El piloto del equipo Repsol, Toni Bou, ha logrado un primer y un tercer puesto en la primera y segunda jornada del TrialGP de Francia.\",\"breadcrumb\":{\"@id\":\"https:\\\/\\\/www.boxrepsol.com\\\/es\\\/trial\\\/dos-podios-liderato-toni-bou-tras-gp-francia\\\/#breadcrumb\"},\"inLanguage\":\"es\",\"potentialAction\":[{\"@type\":\"ReadAction\",\"target\":[\"https:\\\/\\\/www.boxrepsol.com\\\/es\\\/trial\\\/dos-podios-liderato-toni-bou-tras-gp-francia\\\/\"]}]},{\"@type\":\"ImageObject\",\"inLanguage\":\"es\",\"@id\":\"https:\\\/\\\/www.boxrepsol.com\\\/es\\\/trial\\\/dos-podios-liderato-toni-bou-tras-gp-francia\\\/#primaryimage\",\"url\":\"https:\\\/\\\/bxrepsol.s3.eu-west-1.amazonaws.com\\\/static\\\/2022\\\/08\\\/09120327\\\/00_trialgp_tono_bou_podio_victoria_trial-1.jpg\",\"contentUrl\":\"https:\\\/\\\/bxrepsol.s3.eu-west-1.amazonaws.com\\\/static\\\/2022\\\/08\\\/09120327\\\/00_trialgp_tono_bou_podio_victoria_trial-1.jpg\",\"width\":1280,\"height\":600,\"caption\":\"Toni Bou consigue la victoria en el Francia en 2020\"},{\"@type\":\"BreadcrumbList\",\"@id\":\"https:\\\/\\\/www.boxrepsol.com\\\/es\\\/trial\\\/dos-podios-liderato-toni-bou-tras-gp-francia\\\/#breadcrumb\",\"itemListElement\":[{\"@type\":\"ListItem\",\"position\":1,\"name\":\"Home\",\"item\":\"https:\\\/\\\/www.boxrepsol.com\\\/es\\\/\"},{\"@type\":\"ListItem\",\"position\":2,\"name\":\"Dos podios y liderato para Toni Bou tras el GP de Francia\"}]},{\"@type\":\"WebSite\",\"@id\":\"https:\\\/\\\/www.boxrepsol.com\\\/es\\\/#website\",\"url\":\"https:\\\/\\\/www.boxrepsol.com\\\/es\\\/\",\"name\":\"Box Repsol\",\"description\":\"Box Repsol Site\",\"publisher\":{\"@id\":\"https:\\\/\\\/www.boxrepsol.com\\\/es\\\/#organization\"},\"potentialAction\":[{\"@type\":\"SearchAction\",\"target\":{\"@type\":\"EntryPoint\",\"urlTemplate\":\"https:\\\/\\\/www.boxrepsol.com\\\/es\\\/?s={search_term_string}\"},\"query-input\":{\"@type\":\"PropertyValueSpecification\",\"valueRequired\":true,\"valueName\":\"search_term_string\"}}],\"inLanguage\":\"es\"},{\"@type\":\"Organization\",\"@id\":\"https:\\\/\\\/www.boxrepsol.com\\\/es\\\/#organization\",\"name\":\"Box Repsol\",\"url\":\"https:\\\/\\\/www.boxrepsol.com\\\/es\\\/\",\"logo\":{\"@type\":\"ImageObject\",\"inLanguage\":\"es\",\"@id\":\"https:\\\/\\\/www.boxrepsol.com\\\/es\\\/#\\\/schema\\\/logo\\\/image\\\/\",\"url\":\"https:\\\/\\\/bxrepsol.s3.eu-west-1.amazonaws.com\\\/static\\\/2025\\\/07\\\/30083337\\\/favicon-96x96-1.png\",\"contentUrl\":\"https:\\\/\\\/bxrepsol.s3.eu-west-1.amazonaws.com\\\/static\\\/2025\\\/07\\\/30083337\\\/favicon-96x96-1.png\",\"width\":96,\"height\":96,\"caption\":\"Box Repsol\"},\"image\":{\"@id\":\"https:\\\/\\\/www.boxrepsol.com\\\/es\\\/#\\\/schema\\\/logo\\\/image\\\/\"},\"sameAs\":[\"https:\\\/\\\/www.facebook.com\\\/BoxRepsol\",\"https:\\\/\\\/x.com\\\/box_repsol\",\"http:\\\/\\\/instagram.com\\\/box_repsol\",\"https:\\\/\\\/www.youtube.com\\\/user\\\/RepsolCompeticion\",\"https:\\\/\\\/www.flickr.com\\\/photos\\\/box_repsol\\\/\"]},{\"@type\":\"Person\",\"@id\":\"https:\\\/\\\/www.boxrepsol.com\\\/es\\\/#\\\/schema\\\/person\\\/c5c2138f2cca251b0ad92b7086bb60b7\",\"name\":\"Redacci\u00f3n Box Repsol\",\"image\":{\"@type\":\"ImageObject\",\"inLanguage\":\"es\",\"@id\":\"https:\\\/\\\/secure.gravatar.com\\\/avatar\\\/adf7b77e38b4419baf32c7e9c21dde01f4e40df611f0978e3006fc4ba0aaab7e?s=96&d=mm&r=g\",\"url\":\"https:\\\/\\\/secure.gravatar.com\\\/avatar\\\/adf7b77e38b4419baf32c7e9c21dde01f4e40df611f0978e3006fc4ba0aaab7e?s=96&d=mm&r=g\",\"contentUrl\":\"https:\\\/\\\/secure.gravatar.com\\\/avatar\\\/adf7b77e38b4419baf32c7e9c21dde01f4e40df611f0978e3006fc4ba0aaab7e?s=96&d=mm&r=g\",\"caption\":\"Redacci\u00f3n Box Repsol\"},\"description\":\"Box Repsol lo forma un equipo de periodistas, community managers, dise\u00f1adores y fot\u00f3grafos con m\u00e1s de 20 a\u00f1os de experiencia en el mundo del motorsport. Hemos vivido el primer mundial de un espa\u00f1ol en la categor\u00eda reina de motociclismo con \u00c1lex Crivill\u00e9, estuvimos en las victorias de Pedrosa y los t\u00edtulos de M\u00e1rquez, acompa\u00f1amos en \u00c1frica a Nani Roma y Marc Coma en sus conquistas del Dakar y hemos vibrado con los t\u00edtulos de Toni Bou en Trial. Adem\u00e1s, en nuestro equipo contamos con expertos en el mundo de las dos y cuatro ruedas tanto de la calle y las carreteras, como de los circuitos. Periodistas que han trabajado en revistas y publicaciones para hacerte llegar desde rutas y consejos de mantenimiento, a curiosidades y trucos de pilotaje.\",\"sameAs\":[\"https:\\\/\\\/www.facebook.com\\\/BoxRepsol\\\/\",\"https:\\\/\\\/www.instagram.com\\\/box_repsol\\\/\",\"https:\\\/\\\/x.com\\\/https:\\\/\\\/twitter.com\\\/box_repsol\",\"https:\\\/\\\/www.youtube.com\\\/@Boxrepsol\"],\"url\":\"https:\\\/\\\/www.boxrepsol.com\\\/es\\\/author\\\/redaccion-box-repsol\\\/\"}]}<\/script>\n<!-- \/ Yoast SEO plugin. -->","yoast_head_json":{"title":"TrialGP 2020 Francia - Dos podios y liderato para Toni Bou","description":"TrialGP 2020 Francia: El piloto del equipo Repsol, Toni Bou, ha logrado un primer y un tercer puesto en la primera y segunda jornada del TrialGP de Francia.","canonical":"https:\/\/www.boxrepsol.com\/es\/trial\/dos-podios-liderato-toni-bou-tras-gp-francia\/","og_locale":"es_ES","og_type":"article","og_title":"TrialGP 2020 Francia - Dos podios y liderato para Toni Bou","og_description":"TrialGP 2020 Francia: El piloto del equipo Repsol, Toni Bou, ha logrado un primer y un tercer puesto en la primera y segunda jornada del TrialGP de Francia.","og_url":"https:\/\/www.boxrepsol.com\/es\/trial\/dos-podios-liderato-toni-bou-tras-gp-francia\/","og_site_name":"Box Repsol","article_publisher":"https:\/\/www.facebook.com\/BoxRepsol","article_author":"https:\/\/www.facebook.com\/BoxRepsol\/","article_published_time":"2020-09-07T02:00:00+00:00","article_modified_time":"2024-04-19T10:07:23+00:00","og_image":[{"width":1280,"height":600,"url":"https:\/\/bxrepsol.s3.eu-west-1.amazonaws.com\/static\/2022\/08\/09120327\/00_trialgp_tono_bou_podio_victoria_trial-1.jpg","type":"image\/jpeg"}],"author":"Redacci\u00f3n Box Repsol","twitter_card":"summary_large_image","twitter_creator":"@https:\/\/twitter.com\/box_repsol","twitter_site":"@box_repsol","twitter_misc":{"Written by":"Redacci\u00f3n Box Repsol","Est. reading time":"2 minutos"},"schema":{"@context":"https:\/\/schema.org","@graph":[{"@type":"Article","@id":"https:\/\/www.boxrepsol.com\/es\/trial\/dos-podios-liderato-toni-bou-tras-gp-francia\/#article","isPartOf":{"@id":"https:\/\/www.boxrepsol.com\/es\/trial\/dos-podios-liderato-toni-bou-tras-gp-francia\/"},"author":{"name":"Redacci\u00f3n Box Repsol","@id":"https:\/\/www.boxrepsol.com\/es\/#\/schema\/person\/c5c2138f2cca251b0ad92b7086bb60b7"},"headline":"Dos podios y liderato para Toni Bou tras el GP de Francia","datePublished":"2020-09-07T02:00:00+00:00","dateModified":"2024-04-19T10:07:23+00:00","mainEntityOfPage":{"@id":"https:\/\/www.boxrepsol.com\/es\/trial\/dos-podios-liderato-toni-bou-tras-gp-francia\/"},"wordCount":475,"commentCount":0,"publisher":{"@id":"https:\/\/www.boxrepsol.com\/es\/#organization"},"image":{"@id":"https:\/\/www.boxrepsol.com\/es\/trial\/dos-podios-liderato-toni-bou-tras-gp-francia\/#primaryimage"},"thumbnailUrl":"https:\/\/bxrepsol.s3.eu-west-1.amazonaws.com\/static\/2022\/08\/09120327\/00_trialgp_tono_bou_podio_victoria_trial-1.jpg","keywords":["otros eventos y competiciones"],"articleSection":["Trial"],"inLanguage":"es","potentialAction":[{"@type":"CommentAction","name":"Comment","target":["https:\/\/www.boxrepsol.com\/es\/trial\/dos-podios-liderato-toni-bou-tras-gp-francia\/#respond"]}]},{"@type":"WebPage","@id":"https:\/\/www.boxrepsol.com\/es\/trial\/dos-podios-liderato-toni-bou-tras-gp-francia\/","url":"https:\/\/www.boxrepsol.com\/es\/trial\/dos-podios-liderato-toni-bou-tras-gp-francia\/","name":"TrialGP 2020 Francia - Dos podios y liderato para Toni Bou","isPartOf":{"@id":"https:\/\/www.boxrepsol.com\/es\/#website"},"primaryImageOfPage":{"@id":"https:\/\/www.boxrepsol.com\/es\/trial\/dos-podios-liderato-toni-bou-tras-gp-francia\/#primaryimage"},"image":{"@id":"https:\/\/www.boxrepsol.com\/es\/trial\/dos-podios-liderato-toni-bou-tras-gp-francia\/#primaryimage"},"thumbnailUrl":"https:\/\/bxrepsol.s3.eu-west-1.amazonaws.com\/static\/2022\/08\/09120327\/00_trialgp_tono_bou_podio_victoria_trial-1.jpg","datePublished":"2020-09-07T02:00:00+00:00","dateModified":"2024-04-19T10:07:23+00:00","description":"TrialGP 2020 Francia: El piloto del equipo Repsol, Toni Bou, ha logrado un primer y un tercer puesto en la primera y segunda jornada del TrialGP de Francia.","breadcrumb":{"@id":"https:\/\/www.boxrepsol.com\/es\/trial\/dos-podios-liderato-toni-bou-tras-gp-francia\/#breadcrumb"},"inLanguage":"es","potentialAction":[{"@type":"ReadAction","target":["https:\/\/www.boxrepsol.com\/es\/trial\/dos-podios-liderato-toni-bou-tras-gp-francia\/"]}]},{"@type":"ImageObject","inLanguage":"es","@id":"https:\/\/www.boxrepsol.com\/es\/trial\/dos-podios-liderato-toni-bou-tras-gp-francia\/#primaryimage","url":"https:\/\/bxrepsol.s3.eu-west-1.amazonaws.com\/static\/2022\/08\/09120327\/00_trialgp_tono_bou_podio_victoria_trial-1.jpg","contentUrl":"https:\/\/bxrepsol.s3.eu-west-1.amazonaws.com\/static\/2022\/08\/09120327\/00_trialgp_tono_bou_podio_victoria_trial-1.jpg","width":1280,"height":600,"caption":"Toni Bou consigue la victoria en el Francia en 2020"},{"@type":"BreadcrumbList","@id":"https:\/\/www.boxrepsol.com\/es\/trial\/dos-podios-liderato-toni-bou-tras-gp-francia\/#breadcrumb","itemListElement":[{"@type":"ListItem","position":1,"name":"Home","item":"https:\/\/www.boxrepsol.com\/es\/"},{"@type":"ListItem","position":2,"name":"Dos podios y liderato para Toni Bou tras el GP de Francia"}]},{"@type":"WebSite","@id":"https:\/\/www.boxrepsol.com\/es\/#website","url":"https:\/\/www.boxrepsol.com\/es\/","name":"Box Repsol","description":"Box Repsol Site","publisher":{"@id":"https:\/\/www.boxrepsol.com\/es\/#organization"},"potentialAction":[{"@type":"SearchAction","target":{"@type":"EntryPoint","urlTemplate":"https:\/\/www.boxrepsol.com\/es\/?s={search_term_string}"},"query-input":{"@type":"PropertyValueSpecification","valueRequired":true,"valueName":"search_term_string"}}],"inLanguage":"es"},{"@type":"Organization","@id":"https:\/\/www.boxrepsol.com\/es\/#organization","name":"Box Repsol","url":"https:\/\/www.boxrepsol.com\/es\/","logo":{"@type":"ImageObject","inLanguage":"es","@id":"https:\/\/www.boxrepsol.com\/es\/#\/schema\/logo\/image\/","url":"https:\/\/bxrepsol.s3.eu-west-1.amazonaws.com\/static\/2025\/07\/30083337\/favicon-96x96-1.png","contentUrl":"https:\/\/bxrepsol.s3.eu-west-1.amazonaws.com\/static\/2025\/07\/30083337\/favicon-96x96-1.png","width":96,"height":96,"caption":"Box Repsol"},"image":{"@id":"https:\/\/www.boxrepsol.com\/es\/#\/schema\/logo\/image\/"},"sameAs":["https:\/\/www.facebook.com\/BoxRepsol","https:\/\/x.com\/box_repsol","http:\/\/instagram.com\/box_repsol","https:\/\/www.youtube.com\/user\/RepsolCompeticion","https:\/\/www.flickr.com\/photos\/box_repsol\/"]},{"@type":"Person","@id":"https:\/\/www.boxrepsol.com\/es\/#\/schema\/person\/c5c2138f2cca251b0ad92b7086bb60b7","name":"Redacci\u00f3n Box Repsol","image":{"@type":"ImageObject","inLanguage":"es","@id":"https:\/\/secure.gravatar.com\/avatar\/adf7b77e38b4419baf32c7e9c21dde01f4e40df611f0978e3006fc4ba0aaab7e?s=96&d=mm&r=g","url":"https:\/\/secure.gravatar.com\/avatar\/adf7b77e38b4419baf32c7e9c21dde01f4e40df611f0978e3006fc4ba0aaab7e?s=96&d=mm&r=g","contentUrl":"https:\/\/secure.gravatar.com\/avatar\/adf7b77e38b4419baf32c7e9c21dde01f4e40df611f0978e3006fc4ba0aaab7e?s=96&d=mm&r=g","caption":"Redacci\u00f3n Box Repsol"},"description":"Box Repsol lo forma un equipo de periodistas, community managers, dise\u00f1adores y fot\u00f3grafos con m\u00e1s de 20 a\u00f1os de experiencia en el mundo del motorsport. Hemos vivido el primer mundial de un espa\u00f1ol en la categor\u00eda reina de motociclismo con \u00c1lex Crivill\u00e9, estuvimos en las victorias de Pedrosa y los t\u00edtulos de M\u00e1rquez, acompa\u00f1amos en \u00c1frica a Nani Roma y Marc Coma en sus conquistas del Dakar y hemos vibrado con los t\u00edtulos de Toni Bou en Trial. Adem\u00e1s, en nuestro equipo contamos con expertos en el mundo de las dos y cuatro ruedas tanto de la calle y las carreteras, como de los circuitos. Periodistas que han trabajado en revistas y publicaciones para hacerte llegar desde rutas y consejos de mantenimiento, a curiosidades y trucos de pilotaje.","sameAs":["https:\/\/www.facebook.com\/BoxRepsol\/","https:\/\/www.instagram.com\/box_repsol\/","https:\/\/x.com\/https:\/\/twitter.com\/box_repsol","https:\/\/www.youtube.com\/@Boxrepsol"],"url":"https:\/\/www.boxrepsol.com\/es\/author\/redaccion-box-repsol\/"}]}},"_links":{"self":[{"href":"https:\/\/www.boxrepsol.com\/es\/wp-json\/wp\/v2\/posts\/94609","targetHints":{"allow":["GET"]}}],"collection":[{"href":"https:\/\/www.boxrepsol.com\/es\/wp-json\/wp\/v2\/posts"}],"about":[{"href":"https:\/\/www.boxrepsol.com\/es\/wp-json\/wp\/v2\/types\/post"}],"author":[{"embeddable":true,"href":"https:\/\/www.boxrepsol.com\/es\/wp-json\/wp\/v2\/users\/43146"}],"replies":[{"embeddable":true,"href":"https:\/\/www.boxrepsol.com\/es\/wp-json\/wp\/v2\/comments?post=94609"}],"version-history":[{"count":1,"href":"https:\/\/www.boxrepsol.com\/es\/wp-json\/wp\/v2\/posts\/94609\/revisions"}],"predecessor-version":[{"id":94610,"href":"https:\/\/www.boxrepsol.com\/es\/wp-json\/wp\/v2\/posts\/94609\/revisions\/94610"}],"wp:featuredmedia":[{"embeddable":true,"href":"https:\/\/www.boxrepsol.com\/es\/wp-json\/wp\/v2\/media\/40914"}],"wp:attachment":[{"href":"https:\/\/www.boxrepsol.com\/es\/wp-json\/wp\/v2\/media?parent=94609"}],"wp:term":[{"taxonomy":"category","embeddable":true,"href":"https:\/\/www.boxrepsol.com\/es\/wp-json\/wp\/v2\/categories?post=94609"},{"taxonomy":"post_tag","embeddable":true,"href":"https:\/\/www.boxrepsol.com\/es\/wp-json\/wp\/v2\/tags?post=94609"}],"curies":[{"name":"wp","href":"https:\/\/api.w.org\/{rel}","templated":true}]}}