{"id":94606,"date":"2020-08-31T00:00:00","date_gmt":"2020-08-31T02:00:00","guid":{"rendered":"http:\/\/pre.boxrepsol.com\/sin-categorizar\/artigas-montella-alonso-siguen-lideres-tras-dos-rondas-del-fim-cev-repsol-jerez\/"},"modified":"2024-04-19T08:08:32","modified_gmt":"2024-04-19T10:08:32","slug":"artigas-montella-alonso-siguen-lideres-tras-dos-rondas-del-fim-cev-repsol-jerez","status":"publish","type":"post","link":"https:\/\/www.boxrepsol.com\/es\/sin-categorizar\/artigas-montella-alonso-siguen-lideres-tras-dos-rondas-del-fim-cev-repsol-jerez\/","title":{"rendered":"Artigas, Montella y Alonso siguen l\u00edderes tras dos rondas del FIM CEV Repsol en Jerez"},"content":{"rendered":"<p><strong>Xavi Artigas<\/strong>,<strong> Izan Guevara <\/strong>y <strong>Jos\u00e9 Juli\u00e1n Garc\u00eda<\/strong> han sido los vencedores en las tres carreras que el FIM Moto3 Junior World Championship ha disputado este fin de semana en Jerez. Artigas se mantiene l\u00edder del campeonato, pese haber terminado octavo en la \u00faltima carrera. Izan Guevara ha sido uno de los nombres destacados este domingo, tras conseguir su primera victoria en Moto3, y acabar segundo en la tercera carrera, al perder una posici\u00f3n por exceder los l\u00edmites de la pista en la \u00faltima vuelta. Finalmente, el piloto del Sic58 Squadra Corse Jos\u00e9 Juli\u00e1n Garc\u00eda ha sido el que ha subido a lo m\u00e1s alto del podio.<\/p>\n<p>El Moto2 European Championship ha sido la \u00fanica categor\u00eda que ha contado con dos carreras este fin de semana en Jerez. Ambas lideradas con holgura por el italiano <strong>Yari Montella <\/strong>que se distancia en la clasificaci\u00f3n general, despu\u00e9s de que no haya bajado de lo alto del podio en ninguna de las 6 carreras disputadas esta temporada. Niki Tuuli ha ocupado la segunda plaza en ambas carreras, mientras que Alessandro Zaccone completaba el podio en la primera, y Alejandro Medina sub\u00eda al caj\u00f3n por primera vez esta temporada, en la segunda.<\/p>\n<p>Al igual que en el FIM Moto3 Junior World Championship, ha habido una total diversidad de ganadores en las tres carreras de la European Talent Cup.<strong> David Alonso<\/strong> se sit\u00faa m\u00e1s l\u00edder tras ganar el s\u00e1bado la primera carrera del fin de semana y ser segundo en las dem\u00e1s. <strong>Marco Morelli <\/strong>subi\u00f3 a lo alto del podio en la segunda carrera, mientras que en la tercera el piloto holand\u00e9s, <strong>Zonta Van Den Goorbergh<\/strong>, consegu\u00eda su primera victoria en una carrera marcada por una bandera roja.<\/p>\n<p>Tras las dos rondas disputadas por el FIM CEV Repsol en Jerez, Xavi Artigas sigue al frente de la general del FIM Moto3 Junior World Championship con una ventaja de 21 puntos sobre Pedro Acosta. El italiano Yari Montella encabeza el Moto2 European Championship con un pleno de victorias y 34 puntos sobre Niki Tuuli, y David Alonso es l\u00edder de la European Talent Cup con un amplio margen de 52 puntos por delante de Alberto Ferr\u00e1ndez.<\/p>\n<p><strong>La cuarta ronda del FIM CEV Repsol tendr\u00e1 lugar en MotorLand Arag\u00f3n<\/strong>, donde se volver\u00e1n a celebrar dos rondas, entre el s\u00e1bado y el domingo. La cita tendr\u00e1 lugar los d\u00edas 3 y 4 de octubre con un total de nueve carreras, tres en cada categor\u00eda.<\/p>\n<p><a href=\"https:\/\/bxrepsol.s3.eu-west-1.amazonaws.com\/static\/2022\/08\/09120318\/00_pit_lane_cev-2.jpg\" \n   title=\"Piloto del CEV en el Pit Lane\" \n   data-gallery-thumbnail=\"https:\/\/bxrepsol.s3.eu-west-1.amazonaws.com\/static\/2022\/08\/09120318\/00_pit_lane_cev-2.jpg\"\n   data-gallery-title=\"\"\n   data-gallery><\/p>\n<figure>\n        <picture style=\"padding-bottom: 66.7%; background-image: url(https:\/\/bxrepsol.s3.eu-west-1.amazonaws.com\/static\/2022\/08\/09120318\/00_pit_lane_cev-2.jpg);\">\n            <img decoding=\"async\" src=\"https:\/\/bxrepsol.s3.eu-west-1.amazonaws.com\/static\/2022\/08\/09120318\/00_pit_lane_cev-2.jpg\"><br \/>\n            <img itemprop=\"image\"\n                data-srcset=\"https:\/\/bxrepsol.s3.eu-west-1.amazonaws.com\/static\/2022\/08\/09120318\/00_pit_lane_cev-2.jpg 480w, https:\/\/bxrepsol.s3.eu-west-1.amazonaws.com\/static\/2022\/08\/09120318\/00_pit_lane_cev-2.jpg 600w, https:\/\/bxrepsol.s3.eu-west-1.amazonaws.com\/static\/2022\/08\/09120318\/00_pit_lane_cev-2.jpg 900w\"\n                data-src=\"https:\/\/bxrepsol.s3.eu-west-1.amazonaws.com\/static\/2022\/08\/09120318\/00_pit_lane_cev-2.jpg\"\n                alt=\"Piloto del CEV en el Pit Lane\"\n                title=\"Piloto del CEV en el Pit Lane\"\/><br \/>\n            <noscript><img decoding=\"async\" src=\"https:\/\/bxrepsol.s3.eu-west-1.amazonaws.com\/static\/2022\/08\/09120318\/00_pit_lane_cev-2.jpg\" alt=\"Piloto del CEV en el Pit Lane\"><\/noscript>\n        <\/picture><figcaption>Piloto del CEV en el Pit Lane<\/figcaption><\/figure>\n<p><\/a><\/p>\n<h2>FIM CEV Repsol Jerez 2020 &#8211; Declaraciones de los ganadores Moto3<\/h2>\n<h3>Xavi Artigas &#8211; Ganador Carrera 1 FIM Moto3 Junior World Championship<\/h3>\n<p><em>\u201cEstoy muy contento por c\u00f3mo ha ido el fin de semana porque las condiciones eran dif\u00edciles, hac\u00eda mucho calor pero sab\u00edamos que ten\u00edamos ritmo. No he hecho una salida demasiado buena y cuando quedaban ocho vueltas estaba octavo. Entonces he tenido que apretar y finalmente, haber ganado es una gran alegr\u00eda\u201d.<\/em><\/p>\n<h3>Izan Guevara &#8211; Ganador Carrera 1 FIM Moto3 Junior World Championship<\/h3>\n<p><em>\u00abHa sido una carrera muy dif\u00edcil, no me esperaba para nada ganar. Ha sido una batalla en grupo, pero ha terminado muy bien para m\u00ed: mi cuarta carrera en Moto3 y conseguir la victoria es incre\u00edble. Quiero dar las gracias a mi equipo por apoyarme siempre, a mis patrocinadores y a mi familia\u00bb.<\/em><\/p>\n<h3>Jos\u00e9 Juli\u00e1n Garc\u00eda &#8211; Ganador Carrera 2 FIM Moto3 Junior Moto3 World Championship<\/h3>\n<p><em>\u00abEstoy muy contento por esta carrera. Este fin de semana ha sido bastante dif\u00edcil porque tras los cronometrados sal\u00edamos en la decimoquinta posici\u00f3n. Quiero darle las gracias a mi equipo, que me ha dado una moto con la que he sido capaz de hacer la remontada. Gracias al Sic58 y a Paolo Simoncelli por esta oportunidad\u00bb.<\/em><\/p>\n<hr>\n<h2>FIM CEV Repsol Jerez 2020 &#8211; Declaraciones de los ganadores Moto2<\/h2>\n<h3>Yari Montella &#8211; Ganador Carrera 1 Moto2 European Championship<\/h3>\n<p><em>\u00abCinco victorias de cinco es un sue\u00f1o. Estoy muy contento por esta nueva victoria. Quiero darle las gracias al equipo porque este fin de semana ha sido muy diferente a los dos anteriores porque tuvimos algunos problemas. Pero hemos trabajado mucho y hemos podido volver a ganar\u00bb.<\/em><\/p>\n<h3>Yari Montella &#8211; Ganador Carrera 1 Moto2 European Championship<\/h3>\n<p><em>\u00abEs impresionante conseguir 6 victorias de 6 carreras. Agradezco mucho al equipo todo el trabajo que est\u00e1n haciendo. La carrera de hoy ha sido diferente porque el asfalto estaba m\u00e1s caliente, pero vuelta tras vuelta hemos podido seguir haciendo el mismo tiempo, por lo que estoy muy contento. Veremos la pr\u00f3xima carrera\u00bb.<\/em><\/p>\n<hr\/>\n<h2>FIM CEV Repsol Jerez 2020 &#8211; Declaraciones de los ganadores ETC<\/h2>\n<h3>David Alonso &#8211; Ganador Carrera 1 European Talent Cup<\/h3>\n<p><em>\u00abEstoy muy contento. Ha sido una buena carrera para nosotros porque este fin de semana nos estaba costando un poco y finalmente, hemos podido dar ese paso en carrera y aguantar toda la carrera delante. Al final lo hemos intentado y no ha podido ser pero gracias a las sanciones por exceder el l\u00edmite de pista nos hemos llevado la victoria. Quiero dedicar la victoria a mi Jefe de equipo, Jorge Mart\u00ednez Aspar, porque hoy [s\u00e1bado] es su cumplea\u00f1os\u00bb.<\/em><\/p>\n<h3>Marco Morelli &#8211; Ganador Carrera 2 European Talent Cup<\/h3>\n<p><em>\u00abHa sido mi primera victoria en la ETC y estoy muy contento. La \u00faltima vuelta ha sido un poco complicada porque todos los pilotos han apretado, pero en la \u00faltima curva he ido por dentro y he podido conseguir la victoria\u00bb.<\/em><\/p>\n<h3>Zonta Van Den Goorbergh &#8211; Ganador Carrera 1 European Talent Cup<\/h3>\n<p><em>\u00abHa sido mi primera victoria en la ETC y estoy muy contento. La \u00faltima vuelta ha sido un poco complicada porque todos los pilotos han apretado, pero en la \u00faltima curva he ido por dentro y he podido conseguir la victoria\u00bb.<\/em><\/p>\n","protected":false},"excerpt":{"rendered":"<p>Xavi Artigas, Izan Guevara y Jos\u00e9 Juli\u00e1n Garc\u00eda, en Moto3, Yari Montella, en las dos carreras de Moto2, y David Alonso, Marco Morelli y Zonta Van Den Goorgergh, en la European Talent Cup, se reparten las victorias en las ocho carreras disputadas este fin de semana.<\/p>\n","protected":false},"author":43146,"featured_media":40901,"comment_status":"open","ping_status":"open","sticky":false,"template":"","format":"standard","meta":{"footnotes":""},"categories":[1],"tags":[130],"class_list":["post-94606","post","type-post","status-publish","format-standard","hentry","category-sin-categorizar","tag-otros-eventos-y-competiciones"],"yoast_head":"<!-- This site is optimized with the Yoast SEO plugin v27.3 - https:\/\/yoast.com\/product\/yoast-seo-wordpress\/ -->\n<title>FIM CEV Jerez 2020 - Artigas, Montella y Alonso siguen l\u00edderes<\/title>\n<meta name=\"description\" content=\"Artigas, Guevara y Garc\u00eda, en Moto3, Montella, en las dos carreras de Moto2, y Alonso, Morelli y Van Den Goorgergh, en la ETC, se reparten las victorias.\" \/>\n<link rel=\"canonical\" href=\"https:\/\/www.boxrepsol.com\/es\/sin-categorizar\/artigas-montella-alonso-siguen-lideres-tras-dos-rondas-del-fim-cev-repsol-jerez\/\" \/>\n<meta property=\"og:locale\" content=\"es_ES\" \/>\n<meta property=\"og:type\" content=\"article\" \/>\n<meta property=\"og:title\" content=\"FIM CEV Jerez 2020 - Artigas, Montella y Alonso siguen l\u00edderes\" \/>\n<meta property=\"og:description\" content=\"Artigas, Guevara y Garc\u00eda, en Moto3, Montella, en las dos carreras de Moto2, y Alonso, Morelli y Van Den Goorgergh, en la ETC, se reparten las victorias.\" \/>\n<meta property=\"og:url\" content=\"https:\/\/www.boxrepsol.com\/es\/sin-categorizar\/artigas-montella-alonso-siguen-lideres-tras-dos-rondas-del-fim-cev-repsol-jerez\/\" \/>\n<meta property=\"og:site_name\" content=\"Box Repsol\" \/>\n<meta property=\"article:publisher\" content=\"https:\/\/www.facebook.com\/BoxRepsol\" \/>\n<meta property=\"article:author\" content=\"https:\/\/www.facebook.com\/BoxRepsol\/\" \/>\n<meta property=\"article:published_time\" content=\"2020-08-31T02:00:00+00:00\" \/>\n<meta property=\"article:modified_time\" content=\"2024-04-19T10:08:32+00:00\" \/>\n<meta property=\"og:image\" content=\"https:\/\/bxrepsol.s3.eu-west-1.amazonaws.com\/static\/2022\/08\/09120319\/00_podio_fim_cev_repsol-1.jpg\" \/>\n\t<meta property=\"og:image:width\" content=\"1280\" \/>\n\t<meta property=\"og:image:height\" content=\"600\" \/>\n\t<meta property=\"og:image:type\" content=\"image\/jpeg\" \/>\n<meta name=\"author\" content=\"Redacci\u00f3n Box Repsol\" \/>\n<meta name=\"twitter:card\" content=\"summary_large_image\" \/>\n<meta name=\"twitter:creator\" content=\"@https:\/\/twitter.com\/box_repsol\" \/>\n<meta name=\"twitter:site\" content=\"@box_repsol\" \/>\n<meta name=\"twitter:label1\" content=\"Written by\" \/>\n\t<meta name=\"twitter:data1\" content=\"Redacci\u00f3n Box Repsol\" \/>\n\t<meta name=\"twitter:label2\" content=\"Est. reading time\" \/>\n\t<meta name=\"twitter:data2\" content=\"5 minutos\" \/>\n<script type=\"application\/ld+json\" class=\"yoast-schema-graph\">{\"@context\":\"https:\\\/\\\/schema.org\",\"@graph\":[{\"@type\":\"Article\",\"@id\":\"https:\\\/\\\/www.boxrepsol.com\\\/es\\\/sin-categorizar\\\/artigas-montella-alonso-siguen-lideres-tras-dos-rondas-del-fim-cev-repsol-jerez\\\/#article\",\"isPartOf\":{\"@id\":\"https:\\\/\\\/www.boxrepsol.com\\\/es\\\/sin-categorizar\\\/artigas-montella-alonso-siguen-lideres-tras-dos-rondas-del-fim-cev-repsol-jerez\\\/\"},\"author\":{\"name\":\"Redacci\u00f3n Box Repsol\",\"@id\":\"https:\\\/\\\/www.boxrepsol.com\\\/es\\\/#\\\/schema\\\/person\\\/c5c2138f2cca251b0ad92b7086bb60b7\"},\"headline\":\"Artigas, Montella y Alonso siguen l\u00edderes tras dos rondas del FIM CEV Repsol en Jerez\",\"datePublished\":\"2020-08-31T02:00:00+00:00\",\"dateModified\":\"2024-04-19T10:08:32+00:00\",\"mainEntityOfPage\":{\"@id\":\"https:\\\/\\\/www.boxrepsol.com\\\/es\\\/sin-categorizar\\\/artigas-montella-alonso-siguen-lideres-tras-dos-rondas-del-fim-cev-repsol-jerez\\\/\"},\"wordCount\":993,\"commentCount\":0,\"publisher\":{\"@id\":\"https:\\\/\\\/www.boxrepsol.com\\\/es\\\/#organization\"},\"image\":{\"@id\":\"https:\\\/\\\/www.boxrepsol.com\\\/es\\\/sin-categorizar\\\/artigas-montella-alonso-siguen-lideres-tras-dos-rondas-del-fim-cev-repsol-jerez\\\/#primaryimage\"},\"thumbnailUrl\":\"https:\\\/\\\/bxrepsol.s3.eu-west-1.amazonaws.com\\\/static\\\/2022\\\/08\\\/09120319\\\/00_podio_fim_cev_repsol-1.jpg\",\"keywords\":[\"otros eventos y competiciones\"],\"articleSection\":[\"Sin categorizar\"],\"inLanguage\":\"es\",\"potentialAction\":[{\"@type\":\"CommentAction\",\"name\":\"Comment\",\"target\":[\"https:\\\/\\\/www.boxrepsol.com\\\/es\\\/sin-categorizar\\\/artigas-montella-alonso-siguen-lideres-tras-dos-rondas-del-fim-cev-repsol-jerez\\\/#respond\"]}]},{\"@type\":\"WebPage\",\"@id\":\"https:\\\/\\\/www.boxrepsol.com\\\/es\\\/sin-categorizar\\\/artigas-montella-alonso-siguen-lideres-tras-dos-rondas-del-fim-cev-repsol-jerez\\\/\",\"url\":\"https:\\\/\\\/www.boxrepsol.com\\\/es\\\/sin-categorizar\\\/artigas-montella-alonso-siguen-lideres-tras-dos-rondas-del-fim-cev-repsol-jerez\\\/\",\"name\":\"FIM CEV Jerez 2020 - Artigas, Montella y Alonso siguen l\u00edderes\",\"isPartOf\":{\"@id\":\"https:\\\/\\\/www.boxrepsol.com\\\/es\\\/#website\"},\"primaryImageOfPage\":{\"@id\":\"https:\\\/\\\/www.boxrepsol.com\\\/es\\\/sin-categorizar\\\/artigas-montella-alonso-siguen-lideres-tras-dos-rondas-del-fim-cev-repsol-jerez\\\/#primaryimage\"},\"image\":{\"@id\":\"https:\\\/\\\/www.boxrepsol.com\\\/es\\\/sin-categorizar\\\/artigas-montella-alonso-siguen-lideres-tras-dos-rondas-del-fim-cev-repsol-jerez\\\/#primaryimage\"},\"thumbnailUrl\":\"https:\\\/\\\/bxrepsol.s3.eu-west-1.amazonaws.com\\\/static\\\/2022\\\/08\\\/09120319\\\/00_podio_fim_cev_repsol-1.jpg\",\"datePublished\":\"2020-08-31T02:00:00+00:00\",\"dateModified\":\"2024-04-19T10:08:32+00:00\",\"description\":\"Artigas, Guevara y Garc\u00eda, en Moto3, Montella, en las dos carreras de Moto2, y Alonso, Morelli y Van Den Goorgergh, en la ETC, se reparten las victorias.\",\"breadcrumb\":{\"@id\":\"https:\\\/\\\/www.boxrepsol.com\\\/es\\\/sin-categorizar\\\/artigas-montella-alonso-siguen-lideres-tras-dos-rondas-del-fim-cev-repsol-jerez\\\/#breadcrumb\"},\"inLanguage\":\"es\",\"potentialAction\":[{\"@type\":\"ReadAction\",\"target\":[\"https:\\\/\\\/www.boxrepsol.com\\\/es\\\/sin-categorizar\\\/artigas-montella-alonso-siguen-lideres-tras-dos-rondas-del-fim-cev-repsol-jerez\\\/\"]}]},{\"@type\":\"ImageObject\",\"inLanguage\":\"es\",\"@id\":\"https:\\\/\\\/www.boxrepsol.com\\\/es\\\/sin-categorizar\\\/artigas-montella-alonso-siguen-lideres-tras-dos-rondas-del-fim-cev-repsol-jerez\\\/#primaryimage\",\"url\":\"https:\\\/\\\/bxrepsol.s3.eu-west-1.amazonaws.com\\\/static\\\/2022\\\/08\\\/09120319\\\/00_podio_fim_cev_repsol-1.jpg\",\"contentUrl\":\"https:\\\/\\\/bxrepsol.s3.eu-west-1.amazonaws.com\\\/static\\\/2022\\\/08\\\/09120319\\\/00_podio_fim_cev_repsol-1.jpg\",\"width\":1280,\"height\":600,\"caption\":\"Podio del CEV en Jerez\"},{\"@type\":\"BreadcrumbList\",\"@id\":\"https:\\\/\\\/www.boxrepsol.com\\\/es\\\/sin-categorizar\\\/artigas-montella-alonso-siguen-lideres-tras-dos-rondas-del-fim-cev-repsol-jerez\\\/#breadcrumb\",\"itemListElement\":[{\"@type\":\"ListItem\",\"position\":1,\"name\":\"Home\",\"item\":\"https:\\\/\\\/www.boxrepsol.com\\\/es\\\/\"},{\"@type\":\"ListItem\",\"position\":2,\"name\":\"Artigas, Montella y Alonso siguen l\u00edderes tras dos rondas del FIM CEV Repsol en Jerez\"}]},{\"@type\":\"WebSite\",\"@id\":\"https:\\\/\\\/www.boxrepsol.com\\\/es\\\/#website\",\"url\":\"https:\\\/\\\/www.boxrepsol.com\\\/es\\\/\",\"name\":\"Box Repsol\",\"description\":\"Box Repsol Site\",\"publisher\":{\"@id\":\"https:\\\/\\\/www.boxrepsol.com\\\/es\\\/#organization\"},\"potentialAction\":[{\"@type\":\"SearchAction\",\"target\":{\"@type\":\"EntryPoint\",\"urlTemplate\":\"https:\\\/\\\/www.boxrepsol.com\\\/es\\\/?s={search_term_string}\"},\"query-input\":{\"@type\":\"PropertyValueSpecification\",\"valueRequired\":true,\"valueName\":\"search_term_string\"}}],\"inLanguage\":\"es\"},{\"@type\":\"Organization\",\"@id\":\"https:\\\/\\\/www.boxrepsol.com\\\/es\\\/#organization\",\"name\":\"Box Repsol\",\"url\":\"https:\\\/\\\/www.boxrepsol.com\\\/es\\\/\",\"logo\":{\"@type\":\"ImageObject\",\"inLanguage\":\"es\",\"@id\":\"https:\\\/\\\/www.boxrepsol.com\\\/es\\\/#\\\/schema\\\/logo\\\/image\\\/\",\"url\":\"https:\\\/\\\/bxrepsol.s3.eu-west-1.amazonaws.com\\\/static\\\/2025\\\/07\\\/30083337\\\/favicon-96x96-1.png\",\"contentUrl\":\"https:\\\/\\\/bxrepsol.s3.eu-west-1.amazonaws.com\\\/static\\\/2025\\\/07\\\/30083337\\\/favicon-96x96-1.png\",\"width\":96,\"height\":96,\"caption\":\"Box Repsol\"},\"image\":{\"@id\":\"https:\\\/\\\/www.boxrepsol.com\\\/es\\\/#\\\/schema\\\/logo\\\/image\\\/\"},\"sameAs\":[\"https:\\\/\\\/www.facebook.com\\\/BoxRepsol\",\"https:\\\/\\\/x.com\\\/box_repsol\",\"http:\\\/\\\/instagram.com\\\/box_repsol\",\"https:\\\/\\\/www.youtube.com\\\/user\\\/RepsolCompeticion\",\"https:\\\/\\\/www.flickr.com\\\/photos\\\/box_repsol\\\/\"]},{\"@type\":\"Person\",\"@id\":\"https:\\\/\\\/www.boxrepsol.com\\\/es\\\/#\\\/schema\\\/person\\\/c5c2138f2cca251b0ad92b7086bb60b7\",\"name\":\"Redacci\u00f3n Box Repsol\",\"image\":{\"@type\":\"ImageObject\",\"inLanguage\":\"es\",\"@id\":\"https:\\\/\\\/secure.gravatar.com\\\/avatar\\\/adf7b77e38b4419baf32c7e9c21dde01f4e40df611f0978e3006fc4ba0aaab7e?s=96&d=mm&r=g\",\"url\":\"https:\\\/\\\/secure.gravatar.com\\\/avatar\\\/adf7b77e38b4419baf32c7e9c21dde01f4e40df611f0978e3006fc4ba0aaab7e?s=96&d=mm&r=g\",\"contentUrl\":\"https:\\\/\\\/secure.gravatar.com\\\/avatar\\\/adf7b77e38b4419baf32c7e9c21dde01f4e40df611f0978e3006fc4ba0aaab7e?s=96&d=mm&r=g\",\"caption\":\"Redacci\u00f3n Box Repsol\"},\"description\":\"Box Repsol lo forma un equipo de periodistas, community managers, dise\u00f1adores y fot\u00f3grafos con m\u00e1s de 20 a\u00f1os de experiencia en el mundo del motorsport. Hemos vivido el primer mundial de un espa\u00f1ol en la categor\u00eda reina de motociclismo con \u00c1lex Crivill\u00e9, estuvimos en las victorias de Pedrosa y los t\u00edtulos de M\u00e1rquez, acompa\u00f1amos en \u00c1frica a Nani Roma y Marc Coma en sus conquistas del Dakar y hemos vibrado con los t\u00edtulos de Toni Bou en Trial. Adem\u00e1s, en nuestro equipo contamos con expertos en el mundo de las dos y cuatro ruedas tanto de la calle y las carreteras, como de los circuitos. Periodistas que han trabajado en revistas y publicaciones para hacerte llegar desde rutas y consejos de mantenimiento, a curiosidades y trucos de pilotaje.\",\"sameAs\":[\"https:\\\/\\\/www.facebook.com\\\/BoxRepsol\\\/\",\"https:\\\/\\\/www.instagram.com\\\/box_repsol\\\/\",\"https:\\\/\\\/x.com\\\/https:\\\/\\\/twitter.com\\\/box_repsol\",\"https:\\\/\\\/www.youtube.com\\\/@Boxrepsol\"],\"url\":\"https:\\\/\\\/www.boxrepsol.com\\\/es\\\/author\\\/redaccion-box-repsol\\\/\"}]}<\/script>\n<!-- \/ Yoast SEO plugin. -->","yoast_head_json":{"title":"FIM CEV Jerez 2020 - Artigas, Montella y Alonso siguen l\u00edderes","description":"Artigas, Guevara y Garc\u00eda, en Moto3, Montella, en las dos carreras de Moto2, y Alonso, Morelli y Van Den Goorgergh, en la ETC, se reparten las victorias.","canonical":"https:\/\/www.boxrepsol.com\/es\/sin-categorizar\/artigas-montella-alonso-siguen-lideres-tras-dos-rondas-del-fim-cev-repsol-jerez\/","og_locale":"es_ES","og_type":"article","og_title":"FIM CEV Jerez 2020 - Artigas, Montella y Alonso siguen l\u00edderes","og_description":"Artigas, Guevara y Garc\u00eda, en Moto3, Montella, en las dos carreras de Moto2, y Alonso, Morelli y Van Den Goorgergh, en la ETC, se reparten las victorias.","og_url":"https:\/\/www.boxrepsol.com\/es\/sin-categorizar\/artigas-montella-alonso-siguen-lideres-tras-dos-rondas-del-fim-cev-repsol-jerez\/","og_site_name":"Box Repsol","article_publisher":"https:\/\/www.facebook.com\/BoxRepsol","article_author":"https:\/\/www.facebook.com\/BoxRepsol\/","article_published_time":"2020-08-31T02:00:00+00:00","article_modified_time":"2024-04-19T10:08:32+00:00","og_image":[{"width":1280,"height":600,"url":"https:\/\/bxrepsol.s3.eu-west-1.amazonaws.com\/static\/2022\/08\/09120319\/00_podio_fim_cev_repsol-1.jpg","type":"image\/jpeg"}],"author":"Redacci\u00f3n Box Repsol","twitter_card":"summary_large_image","twitter_creator":"@https:\/\/twitter.com\/box_repsol","twitter_site":"@box_repsol","twitter_misc":{"Written by":"Redacci\u00f3n Box Repsol","Est. reading time":"5 minutos"},"schema":{"@context":"https:\/\/schema.org","@graph":[{"@type":"Article","@id":"https:\/\/www.boxrepsol.com\/es\/sin-categorizar\/artigas-montella-alonso-siguen-lideres-tras-dos-rondas-del-fim-cev-repsol-jerez\/#article","isPartOf":{"@id":"https:\/\/www.boxrepsol.com\/es\/sin-categorizar\/artigas-montella-alonso-siguen-lideres-tras-dos-rondas-del-fim-cev-repsol-jerez\/"},"author":{"name":"Redacci\u00f3n Box Repsol","@id":"https:\/\/www.boxrepsol.com\/es\/#\/schema\/person\/c5c2138f2cca251b0ad92b7086bb60b7"},"headline":"Artigas, Montella y Alonso siguen l\u00edderes tras dos rondas del FIM CEV Repsol en Jerez","datePublished":"2020-08-31T02:00:00+00:00","dateModified":"2024-04-19T10:08:32+00:00","mainEntityOfPage":{"@id":"https:\/\/www.boxrepsol.com\/es\/sin-categorizar\/artigas-montella-alonso-siguen-lideres-tras-dos-rondas-del-fim-cev-repsol-jerez\/"},"wordCount":993,"commentCount":0,"publisher":{"@id":"https:\/\/www.boxrepsol.com\/es\/#organization"},"image":{"@id":"https:\/\/www.boxrepsol.com\/es\/sin-categorizar\/artigas-montella-alonso-siguen-lideres-tras-dos-rondas-del-fim-cev-repsol-jerez\/#primaryimage"},"thumbnailUrl":"https:\/\/bxrepsol.s3.eu-west-1.amazonaws.com\/static\/2022\/08\/09120319\/00_podio_fim_cev_repsol-1.jpg","keywords":["otros eventos y competiciones"],"articleSection":["Sin categorizar"],"inLanguage":"es","potentialAction":[{"@type":"CommentAction","name":"Comment","target":["https:\/\/www.boxrepsol.com\/es\/sin-categorizar\/artigas-montella-alonso-siguen-lideres-tras-dos-rondas-del-fim-cev-repsol-jerez\/#respond"]}]},{"@type":"WebPage","@id":"https:\/\/www.boxrepsol.com\/es\/sin-categorizar\/artigas-montella-alonso-siguen-lideres-tras-dos-rondas-del-fim-cev-repsol-jerez\/","url":"https:\/\/www.boxrepsol.com\/es\/sin-categorizar\/artigas-montella-alonso-siguen-lideres-tras-dos-rondas-del-fim-cev-repsol-jerez\/","name":"FIM CEV Jerez 2020 - Artigas, Montella y Alonso siguen l\u00edderes","isPartOf":{"@id":"https:\/\/www.boxrepsol.com\/es\/#website"},"primaryImageOfPage":{"@id":"https:\/\/www.boxrepsol.com\/es\/sin-categorizar\/artigas-montella-alonso-siguen-lideres-tras-dos-rondas-del-fim-cev-repsol-jerez\/#primaryimage"},"image":{"@id":"https:\/\/www.boxrepsol.com\/es\/sin-categorizar\/artigas-montella-alonso-siguen-lideres-tras-dos-rondas-del-fim-cev-repsol-jerez\/#primaryimage"},"thumbnailUrl":"https:\/\/bxrepsol.s3.eu-west-1.amazonaws.com\/static\/2022\/08\/09120319\/00_podio_fim_cev_repsol-1.jpg","datePublished":"2020-08-31T02:00:00+00:00","dateModified":"2024-04-19T10:08:32+00:00","description":"Artigas, Guevara y Garc\u00eda, en Moto3, Montella, en las dos carreras de Moto2, y Alonso, Morelli y Van Den Goorgergh, en la ETC, se reparten las victorias.","breadcrumb":{"@id":"https:\/\/www.boxrepsol.com\/es\/sin-categorizar\/artigas-montella-alonso-siguen-lideres-tras-dos-rondas-del-fim-cev-repsol-jerez\/#breadcrumb"},"inLanguage":"es","potentialAction":[{"@type":"ReadAction","target":["https:\/\/www.boxrepsol.com\/es\/sin-categorizar\/artigas-montella-alonso-siguen-lideres-tras-dos-rondas-del-fim-cev-repsol-jerez\/"]}]},{"@type":"ImageObject","inLanguage":"es","@id":"https:\/\/www.boxrepsol.com\/es\/sin-categorizar\/artigas-montella-alonso-siguen-lideres-tras-dos-rondas-del-fim-cev-repsol-jerez\/#primaryimage","url":"https:\/\/bxrepsol.s3.eu-west-1.amazonaws.com\/static\/2022\/08\/09120319\/00_podio_fim_cev_repsol-1.jpg","contentUrl":"https:\/\/bxrepsol.s3.eu-west-1.amazonaws.com\/static\/2022\/08\/09120319\/00_podio_fim_cev_repsol-1.jpg","width":1280,"height":600,"caption":"Podio del CEV en Jerez"},{"@type":"BreadcrumbList","@id":"https:\/\/www.boxrepsol.com\/es\/sin-categorizar\/artigas-montella-alonso-siguen-lideres-tras-dos-rondas-del-fim-cev-repsol-jerez\/#breadcrumb","itemListElement":[{"@type":"ListItem","position":1,"name":"Home","item":"https:\/\/www.boxrepsol.com\/es\/"},{"@type":"ListItem","position":2,"name":"Artigas, Montella y Alonso siguen l\u00edderes tras dos rondas del FIM CEV Repsol en Jerez"}]},{"@type":"WebSite","@id":"https:\/\/www.boxrepsol.com\/es\/#website","url":"https:\/\/www.boxrepsol.com\/es\/","name":"Box Repsol","description":"Box Repsol Site","publisher":{"@id":"https:\/\/www.boxrepsol.com\/es\/#organization"},"potentialAction":[{"@type":"SearchAction","target":{"@type":"EntryPoint","urlTemplate":"https:\/\/www.boxrepsol.com\/es\/?s={search_term_string}"},"query-input":{"@type":"PropertyValueSpecification","valueRequired":true,"valueName":"search_term_string"}}],"inLanguage":"es"},{"@type":"Organization","@id":"https:\/\/www.boxrepsol.com\/es\/#organization","name":"Box Repsol","url":"https:\/\/www.boxrepsol.com\/es\/","logo":{"@type":"ImageObject","inLanguage":"es","@id":"https:\/\/www.boxrepsol.com\/es\/#\/schema\/logo\/image\/","url":"https:\/\/bxrepsol.s3.eu-west-1.amazonaws.com\/static\/2025\/07\/30083337\/favicon-96x96-1.png","contentUrl":"https:\/\/bxrepsol.s3.eu-west-1.amazonaws.com\/static\/2025\/07\/30083337\/favicon-96x96-1.png","width":96,"height":96,"caption":"Box Repsol"},"image":{"@id":"https:\/\/www.boxrepsol.com\/es\/#\/schema\/logo\/image\/"},"sameAs":["https:\/\/www.facebook.com\/BoxRepsol","https:\/\/x.com\/box_repsol","http:\/\/instagram.com\/box_repsol","https:\/\/www.youtube.com\/user\/RepsolCompeticion","https:\/\/www.flickr.com\/photos\/box_repsol\/"]},{"@type":"Person","@id":"https:\/\/www.boxrepsol.com\/es\/#\/schema\/person\/c5c2138f2cca251b0ad92b7086bb60b7","name":"Redacci\u00f3n Box Repsol","image":{"@type":"ImageObject","inLanguage":"es","@id":"https:\/\/secure.gravatar.com\/avatar\/adf7b77e38b4419baf32c7e9c21dde01f4e40df611f0978e3006fc4ba0aaab7e?s=96&d=mm&r=g","url":"https:\/\/secure.gravatar.com\/avatar\/adf7b77e38b4419baf32c7e9c21dde01f4e40df611f0978e3006fc4ba0aaab7e?s=96&d=mm&r=g","contentUrl":"https:\/\/secure.gravatar.com\/avatar\/adf7b77e38b4419baf32c7e9c21dde01f4e40df611f0978e3006fc4ba0aaab7e?s=96&d=mm&r=g","caption":"Redacci\u00f3n Box Repsol"},"description":"Box Repsol lo forma un equipo de periodistas, community managers, dise\u00f1adores y fot\u00f3grafos con m\u00e1s de 20 a\u00f1os de experiencia en el mundo del motorsport. Hemos vivido el primer mundial de un espa\u00f1ol en la categor\u00eda reina de motociclismo con \u00c1lex Crivill\u00e9, estuvimos en las victorias de Pedrosa y los t\u00edtulos de M\u00e1rquez, acompa\u00f1amos en \u00c1frica a Nani Roma y Marc Coma en sus conquistas del Dakar y hemos vibrado con los t\u00edtulos de Toni Bou en Trial. Adem\u00e1s, en nuestro equipo contamos con expertos en el mundo de las dos y cuatro ruedas tanto de la calle y las carreteras, como de los circuitos. Periodistas que han trabajado en revistas y publicaciones para hacerte llegar desde rutas y consejos de mantenimiento, a curiosidades y trucos de pilotaje.","sameAs":["https:\/\/www.facebook.com\/BoxRepsol\/","https:\/\/www.instagram.com\/box_repsol\/","https:\/\/x.com\/https:\/\/twitter.com\/box_repsol","https:\/\/www.youtube.com\/@Boxrepsol"],"url":"https:\/\/www.boxrepsol.com\/es\/author\/redaccion-box-repsol\/"}]}},"_links":{"self":[{"href":"https:\/\/www.boxrepsol.com\/es\/wp-json\/wp\/v2\/posts\/94606","targetHints":{"allow":["GET"]}}],"collection":[{"href":"https:\/\/www.boxrepsol.com\/es\/wp-json\/wp\/v2\/posts"}],"about":[{"href":"https:\/\/www.boxrepsol.com\/es\/wp-json\/wp\/v2\/types\/post"}],"author":[{"embeddable":true,"href":"https:\/\/www.boxrepsol.com\/es\/wp-json\/wp\/v2\/users\/43146"}],"replies":[{"embeddable":true,"href":"https:\/\/www.boxrepsol.com\/es\/wp-json\/wp\/v2\/comments?post=94606"}],"version-history":[{"count":1,"href":"https:\/\/www.boxrepsol.com\/es\/wp-json\/wp\/v2\/posts\/94606\/revisions"}],"predecessor-version":[{"id":94607,"href":"https:\/\/www.boxrepsol.com\/es\/wp-json\/wp\/v2\/posts\/94606\/revisions\/94607"}],"wp:featuredmedia":[{"embeddable":true,"href":"https:\/\/www.boxrepsol.com\/es\/wp-json\/wp\/v2\/media\/40901"}],"wp:attachment":[{"href":"https:\/\/www.boxrepsol.com\/es\/wp-json\/wp\/v2\/media?parent=94606"}],"wp:term":[{"taxonomy":"category","embeddable":true,"href":"https:\/\/www.boxrepsol.com\/es\/wp-json\/wp\/v2\/categories?post=94606"},{"taxonomy":"post_tag","embeddable":true,"href":"https:\/\/www.boxrepsol.com\/es\/wp-json\/wp\/v2\/tags?post=94606"}],"curies":[{"name":"wp","href":"https:\/\/api.w.org\/{rel}","templated":true}]}}