{"id":94586,"date":"2020-08-18T00:00:00","date_gmt":"2020-08-18T02:00:00","guid":{"rendered":"http:\/\/pre.boxrepsol.com\/sin-categorizar\/gp-estiria-2020-escenario-mas-experiencia-alex-marquez-stefan-bradl\/"},"modified":"2024-10-09T13:41:47","modified_gmt":"2024-10-09T15:41:47","slug":"gp-estiria-2020-escenario-mas-experiencia-alex-marquez-stefan-bradl","status":"publish","type":"post","link":"https:\/\/www.boxrepsol.com\/es\/motogp\/gp-estiria-2020-escenario-mas-experiencia-alex-marquez-stefan-bradl\/","title":{"rendered":"GP de Estiria 2020: Mismo escenario y m\u00e1s experiencia para \u00c1lex M\u00e1rquez y Stefan Bradl"},"content":{"rendered":"<p>Despu\u00e9s de un fin de semana marcado por las ca\u00eddas y por una bandera roja en la carrera del domingo, <strong>\u00c1lex M\u00e1rquez<\/strong> llega a la quinta prueba del a\u00f1o habiendo puntuado en las cuatro anteriores.<\/p>\n<p>El rookie del equipo Repsol Honda sigue adapt\u00e1ndose y aprendiendo en una temporada at\u00edpica, en la que sus principales objetivos pasan por puntuar y reducir la distancia con el l\u00edder en cada carrera.<\/p>\n<p>Al otro lado del box, <strong>Stefan Bradl<\/strong> seguir\u00e1 substituyendo al lesionado Marc M\u00e1rquez. El piloto alem\u00e1n del equipo Repsol Honda afrontar\u00e1 su tercera prueba del a\u00f1o cumpliendo con sus objetivos de progresar en el desarrollo de la RC213V.<\/p>\n<p><!-- Imagen relacionada --><br \/>\n<img loading=\"lazy\" decoding=\"async\" src=\"https:\/\/bxrepsol.s3.eu-west-1.amazonaws.com\/static\/2022\/08\/09115950\/box-gp-austria-2.jpg\" alt=\"Box Repsol en el circuito Red Bull Ring GP de Estiria \u00bfsabes c\u00f3mo ver gratis el GP de Estiria?\" width=\"404\" height=\"336\" \/><\/p>\n<figure><picture style=\"padding-bottom: 56.25%; background-image: url('https:\/\/bxrepsol.s3.eu-west-1.amazonaws.com\/static\/2022\/08\/09115951\/Alex-Marquez-Stefan-Bradl-Red-Bull-Ring-2020-1.jpg');\"> <img decoding=\"async\" src=\"https:\/\/bxrepsol.s3.eu-west-1.amazonaws.com\/static\/2022\/08\/09115951\/Alex-Marquez-Stefan-Bradl-Red-Bull-Ring-2020-1.jpg\" \/><\/picture>\n<picture style=\"padding-bottom: 56.25%; background-image: url('https:\/\/bxrepsol.s3.eu-west-1.amazonaws.com\/static\/2022\/08\/09115951\/Alex-Marquez-Stefan-Bradl-Red-Bull-Ring-2020-1.jpg');\"><img title=\"Alex-Marquez-Stefan-Bradl-Red-Bull-Ring-2020\" alt=\"Alex M\u00e1rquez y Stefan Bradl durante el GP de Austria en el Red Bull Ring 2020\" data-srcset=\"https:\/\/bxrepsol.s3.eu-west-1.amazonaws.com\/static\/2022\/08\/09115951\/Alex-Marquez-Stefan-Bradl-Red-Bull-Ring-2020-1.jpg 480w, https:\/\/bxrepsol.s3.eu-west-1.amazonaws.com\/static\/2022\/08\/09115951\/Alex-Marquez-Stefan-Bradl-Red-Bull-Ring-2020-1.jpg 600w, https:\/\/bxrepsol.s3.eu-west-1.amazonaws.com\/static\/2022\/08\/09115951\/Alex-Marquez-Stefan-Bradl-Red-Bull-Ring-2020-1.jpg 900w, https:\/\/bxrepsol.s3.eu-west-1.amazonaws.com\/static\/2022\/08\/09115951\/Alex-Marquez-Stefan-Bradl-Red-Bull-Ring-2020-1.jpg 1280w\" data-src=\"https:\/\/bxrepsol.s3.eu-west-1.amazonaws.com\/static\/2022\/08\/09115951\/Alex-Marquez-Stefan-Bradl-Red-Bull-Ring-2020-1.jpg\" \/><\/picture>\n<noscript><img decoding=\"async\" src=\"https:\/\/bxrepsol.s3.eu-west-1.amazonaws.com\/static\/2022\/08\/09115951\/Alex-Marquez-Stefan-Bradl-Red-Bull-Ring-2020-1.jpg\" alt=\"Alex M\u00e1rquez y Stefan Bradl durante el GP de Austria en el Red Bull Ring 2020\"><\/noscript><figcaption>Alex M\u00e1rquez y Stefan Bradl durante el GP de Austria en el Red Bull Ring 2020<\/figcaption><\/figure>\n<p><a href=\"https:\/\/twitter.com\/hashtag\/AM73?src=hash&amp;lang=es\">#AM73<\/a><\/p>\n<p><em><strong> El potencial est\u00e1 ah\u00ed, lo noto. <\/strong>\u00abUn par de d\u00edas disfrutando de la bici en Austria entre carreras se agradece. Desde un principio aprend\u00ed las trazadas del Red Bull Ring bastante r\u00e1pido, as\u00ed que ahora, con una segunda carrera, podemos centrarnos en la mejora de algunas \u00e1reas. Estaba muy contento con mis sensaciones antes de la bandera roja el pasado domingo y creo que podemos volver a tener eso. El potencial est\u00e1 ah\u00ed, lo noto, as\u00ed que salgamos y trabajemos duro como siempre\u00bb.<\/em><\/p>\n<hr \/>\n<p><a href=\"https:\/\/twitter.com\/hashtag\/stefanbradl?src=hash&amp;lang=es\">#SB6<\/a><\/p>\n<p><em><strong>Nuestro fin de semana depender\u00e1 del clima. <\/strong>\u00abEstoy feliz de poder volver a trabajar con el equipo Repsol Honda por tercera semana, cada vez hemos mejorado un poco y tengo ganas de ver c\u00f3mo es correr dos veces en el mismo circuito; \u00e9sta ser\u00e1 la primera vez para m\u00ed. Nuestro fin de semana depender\u00e1 del clima y tambi\u00e9n de la estrategia que usemos con Honda, hasta ahora en dos carreras hemos podido hacer mucho. Veamos c\u00f3mo va el fin de semana\u00bb.<\/em><\/p>\n","protected":false},"excerpt":{"rendered":"<p>GP de Estiria 2020: Contin\u00faa la acci\u00f3n en el trazado de Spielberg para los pilotos del equipo Repsol Honda, donde se celebrar\u00e1 este pr\u00f3ximo fin de semana el Gran Premio de Estiria.<\/p>\n","protected":false},"author":43146,"featured_media":40783,"comment_status":"open","ping_status":"open","sticky":false,"template":"","format":"standard","meta":{"footnotes":""},"categories":[4],"tags":[191,192,136,246],"class_list":["post-94586","post","type-post","status-publish","format-standard","hentry","category-motogp","tag-191","tag-alex-marquez","tag-campeonato-del-mundo-de-motociclismo","tag-motogp-styria"],"yoast_head":"<!-- This site is optimized with the Yoast SEO plugin v27.3 - https:\/\/yoast.com\/product\/yoast-seo-wordpress\/ -->\n<title>GP de Estiria 2020: Mismo escenario y m\u00e1s experiencia para \u00c1lex M\u00e1rquez y Stefan Bradl - Box Repsol<\/title>\n<meta name=\"description\" content=\"GP de Estiria 2020: Contin\u00faa la acci\u00f3n en el trazado de Spielberg para los pilotos del equipo Repsol Honda, en el nuevo GP de Estiria.\" \/>\n<link rel=\"canonical\" href=\"https:\/\/www.boxrepsol.com\/es\/motogp\/gp-estiria-2020-escenario-mas-experiencia-alex-marquez-stefan-bradl\/\" \/>\n<meta property=\"og:locale\" content=\"es_ES\" \/>\n<meta property=\"og:type\" content=\"article\" \/>\n<meta property=\"og:title\" content=\"GP de Estiria 2020: Mismo escenario y m\u00e1s experiencia para \u00c1lex M\u00e1rquez y Stefan Bradl - Box Repsol\" \/>\n<meta property=\"og:description\" content=\"GP de Estiria 2020: Contin\u00faa la acci\u00f3n en el trazado de Spielberg para los pilotos del equipo Repsol Honda, en el nuevo GP de Estiria.\" \/>\n<meta property=\"og:url\" content=\"https:\/\/www.boxrepsol.com\/es\/motogp\/gp-estiria-2020-escenario-mas-experiencia-alex-marquez-stefan-bradl\/\" \/>\n<meta property=\"og:site_name\" content=\"Box Repsol\" \/>\n<meta property=\"article:publisher\" content=\"https:\/\/www.facebook.com\/BoxRepsol\" \/>\n<meta property=\"article:author\" content=\"https:\/\/www.facebook.com\/BoxRepsol\/\" \/>\n<meta property=\"article:published_time\" content=\"2020-08-18T02:00:00+00:00\" \/>\n<meta property=\"article:modified_time\" content=\"2024-10-09T15:41:47+00:00\" \/>\n<meta property=\"og:image\" content=\"https:\/\/bxrepsol.s3.eu-west-1.amazonaws.com\/static\/2022\/08\/09115953\/Austria_Alex_2020-portada.jpg\" \/>\n\t<meta property=\"og:image:width\" content=\"1280\" \/>\n\t<meta property=\"og:image:height\" content=\"720\" \/>\n\t<meta property=\"og:image:type\" content=\"image\/jpeg\" \/>\n<meta name=\"author\" content=\"Redacci\u00f3n Box Repsol\" \/>\n<meta name=\"twitter:card\" content=\"summary_large_image\" \/>\n<meta name=\"twitter:creator\" content=\"@https:\/\/twitter.com\/box_repsol\" \/>\n<meta name=\"twitter:site\" content=\"@box_repsol\" \/>\n<meta name=\"twitter:label1\" content=\"Written by\" \/>\n\t<meta name=\"twitter:data1\" content=\"Redacci\u00f3n Box Repsol\" \/>\n\t<meta name=\"twitter:label2\" content=\"Est. reading time\" \/>\n\t<meta name=\"twitter:data2\" content=\"2 minutos\" \/>\n<script type=\"application\/ld+json\" class=\"yoast-schema-graph\">{\"@context\":\"https:\\\/\\\/schema.org\",\"@graph\":[{\"@type\":\"Article\",\"@id\":\"https:\\\/\\\/www.boxrepsol.com\\\/es\\\/motogp\\\/gp-estiria-2020-escenario-mas-experiencia-alex-marquez-stefan-bradl\\\/#article\",\"isPartOf\":{\"@id\":\"https:\\\/\\\/www.boxrepsol.com\\\/es\\\/motogp\\\/gp-estiria-2020-escenario-mas-experiencia-alex-marquez-stefan-bradl\\\/\"},\"author\":{\"name\":\"Redacci\u00f3n Box Repsol\",\"@id\":\"https:\\\/\\\/www.boxrepsol.com\\\/es\\\/#\\\/schema\\\/person\\\/c5c2138f2cca251b0ad92b7086bb60b7\"},\"headline\":\"GP de Estiria 2020: Mismo escenario y m\u00e1s experiencia para \u00c1lex M\u00e1rquez y Stefan Bradl\",\"datePublished\":\"2020-08-18T02:00:00+00:00\",\"dateModified\":\"2024-10-09T15:41:47+00:00\",\"mainEntityOfPage\":{\"@id\":\"https:\\\/\\\/www.boxrepsol.com\\\/es\\\/motogp\\\/gp-estiria-2020-escenario-mas-experiencia-alex-marquez-stefan-bradl\\\/\"},\"wordCount\":320,\"commentCount\":0,\"publisher\":{\"@id\":\"https:\\\/\\\/www.boxrepsol.com\\\/es\\\/#organization\"},\"image\":{\"@id\":\"https:\\\/\\\/www.boxrepsol.com\\\/es\\\/motogp\\\/gp-estiria-2020-escenario-mas-experiencia-alex-marquez-stefan-bradl\\\/#primaryimage\"},\"thumbnailUrl\":\"https:\\\/\\\/bxrepsol.s3.eu-west-1.amazonaws.com\\\/static\\\/2022\\\/08\\\/09115953\\\/Austria_Alex_2020-portada.jpg\",\"keywords\":[\"2020\",\"\u00c1lex M\u00e1rquez\",\"Campeonato del Mundo de Motociclismo\",\"MotoGP Styria\"],\"articleSection\":[\"MotoGP\"],\"inLanguage\":\"es\",\"potentialAction\":[{\"@type\":\"CommentAction\",\"name\":\"Comment\",\"target\":[\"https:\\\/\\\/www.boxrepsol.com\\\/es\\\/motogp\\\/gp-estiria-2020-escenario-mas-experiencia-alex-marquez-stefan-bradl\\\/#respond\"]}]},{\"@type\":\"WebPage\",\"@id\":\"https:\\\/\\\/www.boxrepsol.com\\\/es\\\/motogp\\\/gp-estiria-2020-escenario-mas-experiencia-alex-marquez-stefan-bradl\\\/\",\"url\":\"https:\\\/\\\/www.boxrepsol.com\\\/es\\\/motogp\\\/gp-estiria-2020-escenario-mas-experiencia-alex-marquez-stefan-bradl\\\/\",\"name\":\"GP de Estiria 2020: Mismo escenario y m\u00e1s experiencia para \u00c1lex M\u00e1rquez y Stefan Bradl - Box Repsol\",\"isPartOf\":{\"@id\":\"https:\\\/\\\/www.boxrepsol.com\\\/es\\\/#website\"},\"primaryImageOfPage\":{\"@id\":\"https:\\\/\\\/www.boxrepsol.com\\\/es\\\/motogp\\\/gp-estiria-2020-escenario-mas-experiencia-alex-marquez-stefan-bradl\\\/#primaryimage\"},\"image\":{\"@id\":\"https:\\\/\\\/www.boxrepsol.com\\\/es\\\/motogp\\\/gp-estiria-2020-escenario-mas-experiencia-alex-marquez-stefan-bradl\\\/#primaryimage\"},\"thumbnailUrl\":\"https:\\\/\\\/bxrepsol.s3.eu-west-1.amazonaws.com\\\/static\\\/2022\\\/08\\\/09115953\\\/Austria_Alex_2020-portada.jpg\",\"datePublished\":\"2020-08-18T02:00:00+00:00\",\"dateModified\":\"2024-10-09T15:41:47+00:00\",\"description\":\"GP de Estiria 2020: Contin\u00faa la acci\u00f3n en el trazado de Spielberg para los pilotos del equipo Repsol Honda, en el nuevo GP de Estiria.\",\"breadcrumb\":{\"@id\":\"https:\\\/\\\/www.boxrepsol.com\\\/es\\\/motogp\\\/gp-estiria-2020-escenario-mas-experiencia-alex-marquez-stefan-bradl\\\/#breadcrumb\"},\"inLanguage\":\"es\",\"potentialAction\":[{\"@type\":\"ReadAction\",\"target\":[\"https:\\\/\\\/www.boxrepsol.com\\\/es\\\/motogp\\\/gp-estiria-2020-escenario-mas-experiencia-alex-marquez-stefan-bradl\\\/\"]}]},{\"@type\":\"ImageObject\",\"inLanguage\":\"es\",\"@id\":\"https:\\\/\\\/www.boxrepsol.com\\\/es\\\/motogp\\\/gp-estiria-2020-escenario-mas-experiencia-alex-marquez-stefan-bradl\\\/#primaryimage\",\"url\":\"https:\\\/\\\/bxrepsol.s3.eu-west-1.amazonaws.com\\\/static\\\/2022\\\/08\\\/09115953\\\/Austria_Alex_2020-portada.jpg\",\"contentUrl\":\"https:\\\/\\\/bxrepsol.s3.eu-west-1.amazonaws.com\\\/static\\\/2022\\\/08\\\/09115953\\\/Austria_Alex_2020-portada.jpg\",\"width\":1280,\"height\":720,\"caption\":\"Alex M\u00e1rquez en el Red Bull Ring en la carrera previa al GP de Estiria 2020\"},{\"@type\":\"BreadcrumbList\",\"@id\":\"https:\\\/\\\/www.boxrepsol.com\\\/es\\\/motogp\\\/gp-estiria-2020-escenario-mas-experiencia-alex-marquez-stefan-bradl\\\/#breadcrumb\",\"itemListElement\":[{\"@type\":\"ListItem\",\"position\":1,\"name\":\"Home\",\"item\":\"https:\\\/\\\/www.boxrepsol.com\\\/es\\\/\"},{\"@type\":\"ListItem\",\"position\":2,\"name\":\"GP de Estiria 2020: Mismo escenario y m\u00e1s experiencia para \u00c1lex M\u00e1rquez y Stefan Bradl\"}]},{\"@type\":\"WebSite\",\"@id\":\"https:\\\/\\\/www.boxrepsol.com\\\/es\\\/#website\",\"url\":\"https:\\\/\\\/www.boxrepsol.com\\\/es\\\/\",\"name\":\"Box Repsol\",\"description\":\"Box Repsol Site\",\"publisher\":{\"@id\":\"https:\\\/\\\/www.boxrepsol.com\\\/es\\\/#organization\"},\"potentialAction\":[{\"@type\":\"SearchAction\",\"target\":{\"@type\":\"EntryPoint\",\"urlTemplate\":\"https:\\\/\\\/www.boxrepsol.com\\\/es\\\/?s={search_term_string}\"},\"query-input\":{\"@type\":\"PropertyValueSpecification\",\"valueRequired\":true,\"valueName\":\"search_term_string\"}}],\"inLanguage\":\"es\"},{\"@type\":\"Organization\",\"@id\":\"https:\\\/\\\/www.boxrepsol.com\\\/es\\\/#organization\",\"name\":\"Box Repsol\",\"url\":\"https:\\\/\\\/www.boxrepsol.com\\\/es\\\/\",\"logo\":{\"@type\":\"ImageObject\",\"inLanguage\":\"es\",\"@id\":\"https:\\\/\\\/www.boxrepsol.com\\\/es\\\/#\\\/schema\\\/logo\\\/image\\\/\",\"url\":\"https:\\\/\\\/bxrepsol.s3.eu-west-1.amazonaws.com\\\/static\\\/2025\\\/07\\\/30083337\\\/favicon-96x96-1.png\",\"contentUrl\":\"https:\\\/\\\/bxrepsol.s3.eu-west-1.amazonaws.com\\\/static\\\/2025\\\/07\\\/30083337\\\/favicon-96x96-1.png\",\"width\":96,\"height\":96,\"caption\":\"Box Repsol\"},\"image\":{\"@id\":\"https:\\\/\\\/www.boxrepsol.com\\\/es\\\/#\\\/schema\\\/logo\\\/image\\\/\"},\"sameAs\":[\"https:\\\/\\\/www.facebook.com\\\/BoxRepsol\",\"https:\\\/\\\/x.com\\\/box_repsol\",\"http:\\\/\\\/instagram.com\\\/box_repsol\",\"https:\\\/\\\/www.youtube.com\\\/user\\\/RepsolCompeticion\",\"https:\\\/\\\/www.flickr.com\\\/photos\\\/box_repsol\\\/\"]},{\"@type\":\"Person\",\"@id\":\"https:\\\/\\\/www.boxrepsol.com\\\/es\\\/#\\\/schema\\\/person\\\/c5c2138f2cca251b0ad92b7086bb60b7\",\"name\":\"Redacci\u00f3n Box Repsol\",\"image\":{\"@type\":\"ImageObject\",\"inLanguage\":\"es\",\"@id\":\"https:\\\/\\\/secure.gravatar.com\\\/avatar\\\/adf7b77e38b4419baf32c7e9c21dde01f4e40df611f0978e3006fc4ba0aaab7e?s=96&d=mm&r=g\",\"url\":\"https:\\\/\\\/secure.gravatar.com\\\/avatar\\\/adf7b77e38b4419baf32c7e9c21dde01f4e40df611f0978e3006fc4ba0aaab7e?s=96&d=mm&r=g\",\"contentUrl\":\"https:\\\/\\\/secure.gravatar.com\\\/avatar\\\/adf7b77e38b4419baf32c7e9c21dde01f4e40df611f0978e3006fc4ba0aaab7e?s=96&d=mm&r=g\",\"caption\":\"Redacci\u00f3n Box Repsol\"},\"description\":\"Box Repsol lo forma un equipo de periodistas, community managers, dise\u00f1adores y fot\u00f3grafos con m\u00e1s de 20 a\u00f1os de experiencia en el mundo del motorsport. Hemos vivido el primer mundial de un espa\u00f1ol en la categor\u00eda reina de motociclismo con \u00c1lex Crivill\u00e9, estuvimos en las victorias de Pedrosa y los t\u00edtulos de M\u00e1rquez, acompa\u00f1amos en \u00c1frica a Nani Roma y Marc Coma en sus conquistas del Dakar y hemos vibrado con los t\u00edtulos de Toni Bou en Trial. Adem\u00e1s, en nuestro equipo contamos con expertos en el mundo de las dos y cuatro ruedas tanto de la calle y las carreteras, como de los circuitos. Periodistas que han trabajado en revistas y publicaciones para hacerte llegar desde rutas y consejos de mantenimiento, a curiosidades y trucos de pilotaje.\",\"sameAs\":[\"https:\\\/\\\/www.facebook.com\\\/BoxRepsol\\\/\",\"https:\\\/\\\/www.instagram.com\\\/box_repsol\\\/\",\"https:\\\/\\\/x.com\\\/https:\\\/\\\/twitter.com\\\/box_repsol\",\"https:\\\/\\\/www.youtube.com\\\/@Boxrepsol\"],\"url\":\"https:\\\/\\\/www.boxrepsol.com\\\/es\\\/author\\\/redaccion-box-repsol\\\/\"}]}<\/script>\n<!-- \/ Yoast SEO plugin. -->","yoast_head_json":{"title":"GP de Estiria 2020: Mismo escenario y m\u00e1s experiencia para \u00c1lex M\u00e1rquez y Stefan Bradl - Box Repsol","description":"GP de Estiria 2020: Contin\u00faa la acci\u00f3n en el trazado de Spielberg para los pilotos del equipo Repsol Honda, en el nuevo GP de Estiria.","canonical":"https:\/\/www.boxrepsol.com\/es\/motogp\/gp-estiria-2020-escenario-mas-experiencia-alex-marquez-stefan-bradl\/","og_locale":"es_ES","og_type":"article","og_title":"GP de Estiria 2020: Mismo escenario y m\u00e1s experiencia para \u00c1lex M\u00e1rquez y Stefan Bradl - Box Repsol","og_description":"GP de Estiria 2020: Contin\u00faa la acci\u00f3n en el trazado de Spielberg para los pilotos del equipo Repsol Honda, en el nuevo GP de Estiria.","og_url":"https:\/\/www.boxrepsol.com\/es\/motogp\/gp-estiria-2020-escenario-mas-experiencia-alex-marquez-stefan-bradl\/","og_site_name":"Box Repsol","article_publisher":"https:\/\/www.facebook.com\/BoxRepsol","article_author":"https:\/\/www.facebook.com\/BoxRepsol\/","article_published_time":"2020-08-18T02:00:00+00:00","article_modified_time":"2024-10-09T15:41:47+00:00","og_image":[{"width":1280,"height":720,"url":"https:\/\/bxrepsol.s3.eu-west-1.amazonaws.com\/static\/2022\/08\/09115953\/Austria_Alex_2020-portada.jpg","type":"image\/jpeg"}],"author":"Redacci\u00f3n Box Repsol","twitter_card":"summary_large_image","twitter_creator":"@https:\/\/twitter.com\/box_repsol","twitter_site":"@box_repsol","twitter_misc":{"Written by":"Redacci\u00f3n Box Repsol","Est. reading time":"2 minutos"},"schema":{"@context":"https:\/\/schema.org","@graph":[{"@type":"Article","@id":"https:\/\/www.boxrepsol.com\/es\/motogp\/gp-estiria-2020-escenario-mas-experiencia-alex-marquez-stefan-bradl\/#article","isPartOf":{"@id":"https:\/\/www.boxrepsol.com\/es\/motogp\/gp-estiria-2020-escenario-mas-experiencia-alex-marquez-stefan-bradl\/"},"author":{"name":"Redacci\u00f3n Box Repsol","@id":"https:\/\/www.boxrepsol.com\/es\/#\/schema\/person\/c5c2138f2cca251b0ad92b7086bb60b7"},"headline":"GP de Estiria 2020: Mismo escenario y m\u00e1s experiencia para \u00c1lex M\u00e1rquez y Stefan Bradl","datePublished":"2020-08-18T02:00:00+00:00","dateModified":"2024-10-09T15:41:47+00:00","mainEntityOfPage":{"@id":"https:\/\/www.boxrepsol.com\/es\/motogp\/gp-estiria-2020-escenario-mas-experiencia-alex-marquez-stefan-bradl\/"},"wordCount":320,"commentCount":0,"publisher":{"@id":"https:\/\/www.boxrepsol.com\/es\/#organization"},"image":{"@id":"https:\/\/www.boxrepsol.com\/es\/motogp\/gp-estiria-2020-escenario-mas-experiencia-alex-marquez-stefan-bradl\/#primaryimage"},"thumbnailUrl":"https:\/\/bxrepsol.s3.eu-west-1.amazonaws.com\/static\/2022\/08\/09115953\/Austria_Alex_2020-portada.jpg","keywords":["2020","\u00c1lex M\u00e1rquez","Campeonato del Mundo de Motociclismo","MotoGP Styria"],"articleSection":["MotoGP"],"inLanguage":"es","potentialAction":[{"@type":"CommentAction","name":"Comment","target":["https:\/\/www.boxrepsol.com\/es\/motogp\/gp-estiria-2020-escenario-mas-experiencia-alex-marquez-stefan-bradl\/#respond"]}]},{"@type":"WebPage","@id":"https:\/\/www.boxrepsol.com\/es\/motogp\/gp-estiria-2020-escenario-mas-experiencia-alex-marquez-stefan-bradl\/","url":"https:\/\/www.boxrepsol.com\/es\/motogp\/gp-estiria-2020-escenario-mas-experiencia-alex-marquez-stefan-bradl\/","name":"GP de Estiria 2020: Mismo escenario y m\u00e1s experiencia para \u00c1lex M\u00e1rquez y Stefan Bradl - Box Repsol","isPartOf":{"@id":"https:\/\/www.boxrepsol.com\/es\/#website"},"primaryImageOfPage":{"@id":"https:\/\/www.boxrepsol.com\/es\/motogp\/gp-estiria-2020-escenario-mas-experiencia-alex-marquez-stefan-bradl\/#primaryimage"},"image":{"@id":"https:\/\/www.boxrepsol.com\/es\/motogp\/gp-estiria-2020-escenario-mas-experiencia-alex-marquez-stefan-bradl\/#primaryimage"},"thumbnailUrl":"https:\/\/bxrepsol.s3.eu-west-1.amazonaws.com\/static\/2022\/08\/09115953\/Austria_Alex_2020-portada.jpg","datePublished":"2020-08-18T02:00:00+00:00","dateModified":"2024-10-09T15:41:47+00:00","description":"GP de Estiria 2020: Contin\u00faa la acci\u00f3n en el trazado de Spielberg para los pilotos del equipo Repsol Honda, en el nuevo GP de Estiria.","breadcrumb":{"@id":"https:\/\/www.boxrepsol.com\/es\/motogp\/gp-estiria-2020-escenario-mas-experiencia-alex-marquez-stefan-bradl\/#breadcrumb"},"inLanguage":"es","potentialAction":[{"@type":"ReadAction","target":["https:\/\/www.boxrepsol.com\/es\/motogp\/gp-estiria-2020-escenario-mas-experiencia-alex-marquez-stefan-bradl\/"]}]},{"@type":"ImageObject","inLanguage":"es","@id":"https:\/\/www.boxrepsol.com\/es\/motogp\/gp-estiria-2020-escenario-mas-experiencia-alex-marquez-stefan-bradl\/#primaryimage","url":"https:\/\/bxrepsol.s3.eu-west-1.amazonaws.com\/static\/2022\/08\/09115953\/Austria_Alex_2020-portada.jpg","contentUrl":"https:\/\/bxrepsol.s3.eu-west-1.amazonaws.com\/static\/2022\/08\/09115953\/Austria_Alex_2020-portada.jpg","width":1280,"height":720,"caption":"Alex M\u00e1rquez en el Red Bull Ring en la carrera previa al GP de Estiria 2020"},{"@type":"BreadcrumbList","@id":"https:\/\/www.boxrepsol.com\/es\/motogp\/gp-estiria-2020-escenario-mas-experiencia-alex-marquez-stefan-bradl\/#breadcrumb","itemListElement":[{"@type":"ListItem","position":1,"name":"Home","item":"https:\/\/www.boxrepsol.com\/es\/"},{"@type":"ListItem","position":2,"name":"GP de Estiria 2020: Mismo escenario y m\u00e1s experiencia para \u00c1lex M\u00e1rquez y Stefan Bradl"}]},{"@type":"WebSite","@id":"https:\/\/www.boxrepsol.com\/es\/#website","url":"https:\/\/www.boxrepsol.com\/es\/","name":"Box Repsol","description":"Box Repsol Site","publisher":{"@id":"https:\/\/www.boxrepsol.com\/es\/#organization"},"potentialAction":[{"@type":"SearchAction","target":{"@type":"EntryPoint","urlTemplate":"https:\/\/www.boxrepsol.com\/es\/?s={search_term_string}"},"query-input":{"@type":"PropertyValueSpecification","valueRequired":true,"valueName":"search_term_string"}}],"inLanguage":"es"},{"@type":"Organization","@id":"https:\/\/www.boxrepsol.com\/es\/#organization","name":"Box Repsol","url":"https:\/\/www.boxrepsol.com\/es\/","logo":{"@type":"ImageObject","inLanguage":"es","@id":"https:\/\/www.boxrepsol.com\/es\/#\/schema\/logo\/image\/","url":"https:\/\/bxrepsol.s3.eu-west-1.amazonaws.com\/static\/2025\/07\/30083337\/favicon-96x96-1.png","contentUrl":"https:\/\/bxrepsol.s3.eu-west-1.amazonaws.com\/static\/2025\/07\/30083337\/favicon-96x96-1.png","width":96,"height":96,"caption":"Box Repsol"},"image":{"@id":"https:\/\/www.boxrepsol.com\/es\/#\/schema\/logo\/image\/"},"sameAs":["https:\/\/www.facebook.com\/BoxRepsol","https:\/\/x.com\/box_repsol","http:\/\/instagram.com\/box_repsol","https:\/\/www.youtube.com\/user\/RepsolCompeticion","https:\/\/www.flickr.com\/photos\/box_repsol\/"]},{"@type":"Person","@id":"https:\/\/www.boxrepsol.com\/es\/#\/schema\/person\/c5c2138f2cca251b0ad92b7086bb60b7","name":"Redacci\u00f3n Box Repsol","image":{"@type":"ImageObject","inLanguage":"es","@id":"https:\/\/secure.gravatar.com\/avatar\/adf7b77e38b4419baf32c7e9c21dde01f4e40df611f0978e3006fc4ba0aaab7e?s=96&d=mm&r=g","url":"https:\/\/secure.gravatar.com\/avatar\/adf7b77e38b4419baf32c7e9c21dde01f4e40df611f0978e3006fc4ba0aaab7e?s=96&d=mm&r=g","contentUrl":"https:\/\/secure.gravatar.com\/avatar\/adf7b77e38b4419baf32c7e9c21dde01f4e40df611f0978e3006fc4ba0aaab7e?s=96&d=mm&r=g","caption":"Redacci\u00f3n Box Repsol"},"description":"Box Repsol lo forma un equipo de periodistas, community managers, dise\u00f1adores y fot\u00f3grafos con m\u00e1s de 20 a\u00f1os de experiencia en el mundo del motorsport. Hemos vivido el primer mundial de un espa\u00f1ol en la categor\u00eda reina de motociclismo con \u00c1lex Crivill\u00e9, estuvimos en las victorias de Pedrosa y los t\u00edtulos de M\u00e1rquez, acompa\u00f1amos en \u00c1frica a Nani Roma y Marc Coma en sus conquistas del Dakar y hemos vibrado con los t\u00edtulos de Toni Bou en Trial. Adem\u00e1s, en nuestro equipo contamos con expertos en el mundo de las dos y cuatro ruedas tanto de la calle y las carreteras, como de los circuitos. Periodistas que han trabajado en revistas y publicaciones para hacerte llegar desde rutas y consejos de mantenimiento, a curiosidades y trucos de pilotaje.","sameAs":["https:\/\/www.facebook.com\/BoxRepsol\/","https:\/\/www.instagram.com\/box_repsol\/","https:\/\/x.com\/https:\/\/twitter.com\/box_repsol","https:\/\/www.youtube.com\/@Boxrepsol"],"url":"https:\/\/www.boxrepsol.com\/es\/author\/redaccion-box-repsol\/"}]}},"_links":{"self":[{"href":"https:\/\/www.boxrepsol.com\/es\/wp-json\/wp\/v2\/posts\/94586","targetHints":{"allow":["GET"]}}],"collection":[{"href":"https:\/\/www.boxrepsol.com\/es\/wp-json\/wp\/v2\/posts"}],"about":[{"href":"https:\/\/www.boxrepsol.com\/es\/wp-json\/wp\/v2\/types\/post"}],"author":[{"embeddable":true,"href":"https:\/\/www.boxrepsol.com\/es\/wp-json\/wp\/v2\/users\/43146"}],"replies":[{"embeddable":true,"href":"https:\/\/www.boxrepsol.com\/es\/wp-json\/wp\/v2\/comments?post=94586"}],"version-history":[{"count":2,"href":"https:\/\/www.boxrepsol.com\/es\/wp-json\/wp\/v2\/posts\/94586\/revisions"}],"predecessor-version":[{"id":121066,"href":"https:\/\/www.boxrepsol.com\/es\/wp-json\/wp\/v2\/posts\/94586\/revisions\/121066"}],"wp:featuredmedia":[{"embeddable":true,"href":"https:\/\/www.boxrepsol.com\/es\/wp-json\/wp\/v2\/media\/40783"}],"wp:attachment":[{"href":"https:\/\/www.boxrepsol.com\/es\/wp-json\/wp\/v2\/media?parent=94586"}],"wp:term":[{"taxonomy":"category","embeddable":true,"href":"https:\/\/www.boxrepsol.com\/es\/wp-json\/wp\/v2\/categories?post=94586"},{"taxonomy":"post_tag","embeddable":true,"href":"https:\/\/www.boxrepsol.com\/es\/wp-json\/wp\/v2\/tags?post=94586"}],"curies":[{"name":"wp","href":"https:\/\/api.w.org\/{rel}","templated":true}]}}