{"id":94582,"date":"2020-08-16T00:00:00","date_gmt":"2020-08-16T02:00:00","guid":{"rendered":"http:\/\/pre.boxrepsol.com\/sin-categorizar\/progresion-puntos-alex-marquez-austria\/"},"modified":"2024-04-19T08:15:40","modified_gmt":"2024-04-19T10:15:40","slug":"progresion-puntos-alex-marquez-austria","status":"publish","type":"post","link":"https:\/\/www.boxrepsol.com\/es\/motogp\/progresion-puntos-alex-marquez-austria\/","title":{"rendered":"Progresi\u00f3n y puntos para \u00c1lex M\u00e1rquez en Austria"},"content":{"rendered":"<p>Cuarto Gran Premio del \u2018rookie\u2019 <strong>\u00c1lex M\u00e1rquez<\/strong> y cuarta vez consecutiva que punt\u00faa en su debut en la categor\u00eda reina. El piloto del equipo Repsol Honda ha trazado una l\u00ednea ascendente en este GP de Austria, que ha rematado terminando en los puntos de nuevo, en la decimotercera posici\u00f3n final, en una carrera interrumpida por una bandera roja tras un aparatoso incidente.<\/p>\n<p>Su compa\u00f1ero en el equipo Repsol Honda, <strong>Stefan Bradl,<\/strong> tambi\u00e9n ha logrado mejorar la posici\u00f3n de la que part\u00eda en la parrilla de salida, aunque ha finalizado fuera de los puntos, por apenas un segundo. El piloto alem\u00e1n ha terminado en decimos\u00e9ptima posici\u00f3n.<\/p>\n<p>Con este resultado, \u00c1lex M\u00e1rquez es decimoquinto en la clasificaci\u00f3n general y Stefan Bradl es vigesimotercero.<\/p>\n<p>                <!-- Imagen relacionada --><br \/>\n        <img loading=\"lazy\" decoding=\"async\" width=\"404\" height=\"336\" src=\"https:\/\/bxrepsol.s3.eu-west-1.amazonaws.com\/static\/2022\/08\/09115708\/GP-de-Austria-011-1.jpg\" alt=\"\" \/><br \/>\n                <!-- Categor\u00eda --><br \/>\n            MotoGP<br \/>\n        <!-- T\u00edtulo --><br \/>\n        <a href=\"https:\/\/www.boxrepsol.com\/en\/motogp-en\/marquez-bradl-siguen-progresando-austria\/\"><\/p>\n<h3>M\u00e1rquez and Bradl continue to progress in Austria<\/h3>\n<p>        <\/a><br \/>\n                    <!-- Fecha --><br \/>\n            23 hours ago        <\/p>\n<p>        <button data-glide-dir=\"<\"><br \/>\n            <svg role=\"img\"  viewBox=\"0 0 256 512\">\n                <path fill=\"currentColor\" d=\"M238.475 475.535l7.071-7.07c4.686-4.686 4.686-12.284 0-16.971L50.053 256 245.546 60.506c4.686-4.686 4.686-12.284 0-16.971l-7.071-7.07c-4.686-4.686-12.284-4.686-16.97 0L10.454 247.515c-4.686 4.686-4.686 12.284 0 16.971l211.051 211.05c4.686 4.686 12.284 4.686 16.97-.001z\"><\/path>\n            <\/svg><br \/>\n        <\/button><br \/>\n        <button data-glide-dir=\">\u00ab><br \/>\n            <svg role=\"img\"  viewBox=\"0 0 256 512\">\n                <path fill=\"currentColor\" d=\"M17.525 36.465l-7.071 7.07c-4.686 4.686-4.686 12.284 0 16.971L205.947 256 10.454 451.494c-4.686 4.686-4.686 12.284 0 16.971l7.071 7.07c4.686 4.686 12.284 4.686 16.97 0l211.051-211.05c4.686-4.686 4.686-12.284 0-16.971L34.495 36.465c-4.686-4.687-12.284-4.687-16.97 0z\"><\/path>\n            <\/svg><br \/>\n        <\/button><\/p>\n<h2>GP de Austria 2020 &#8211; Carrera MotoGP &#8211; Declaraciones de los pilotos<\/h2>\n<p><strong>Stefan Bradl<\/strong><\/p>\n<p><em><strong>Jornada complicada <\/strong> \u00abHa sido un fin de semana dif\u00edcil para nosotros, no hemos tenido la velocidad que necesit\u00e1bamos, nos han penalizado las sesiones sobre mojado o con la pista h\u00fameda, porque a\u00fan necesitamos probar muchas piezas. Esto ha limitado nuestro tiempo para prepararnos para la carrera, as\u00ed que nuestra actuaci\u00f3n no ha sido tan competitiva como podr\u00eda haber sido. De todas maneras, hemos aprendido mucho de este fin de semana y veremos qu\u00e9 pasa el pr\u00f3ximo cuando vuelva a pilotar para el equipo Repsol Honda. Ahora es el momento de sentarnos y analizar los datos. Espero que Morbidelli y aquellos que han sufrido ca\u00eddas hoy est\u00e9n bien. He llegado a la zona del incidente poco despu\u00e9s de que sucediera y hab\u00eda muchas piezas volando por todas partes, ha sido un momento aterrador. No he visto el accidente en s\u00ed, pero viendo las motos destrozadas como estaban, me he preocupado\u00bb.<\/em><\/p>\n<hr\/>\n<p><a href=\"https:\/\/twitter.com\/hashtag\/AM73?src=hash&#038;lang=es\">#AM73<\/a><\/p>\n<p><em><strong> Tengo ganas de volver a competir<\/strong>\u201cSumar m\u00e1s puntos este fin de semana ha sido positivo, pero no ha sido la carrera que quer\u00edamos. En la primera parte de la prueba ha tenido buenas sensaciones y he hecho una buena salida, as\u00ed que he podido avanzar algunas posiciones, pero entonces han ense\u00f1ado la bandera roja. En la reanudaci\u00f3n, he vuelto a salir bien, pero no estaba igual de c\u00f3modo y me ha costado mantenerme ah\u00ed, porque las sensaciones con el neum\u00e1tico nuevo no eran las mismas. De nuevo, no ten\u00eda confianza delante con los compuestos nuevos. Tengo ganas de volver a competir aqu\u00ed la semana que viene; en Jerez mejoramos mucho para la segunda carrera. Hoy hemos visto un serio incidente entre Zaroco y Morbidelli, espero que todos los que han ca\u00eddo est\u00e9n bien. Cuando ves un accidente como \u00e9ste te quedas muy preocupado\u201d.<br \/>\n<\/em><\/p>\n","protected":false},"excerpt":{"rendered":"<p>El piloto del equipo Repsol Honda termina decimotercero en su primera visita con una MotoGP al Red Bull Ring. Stefan Bradl finaliza decimos\u00e9ptimo.<\/p>\n","protected":false},"author":43146,"featured_media":40763,"comment_status":"open","ping_status":"open","sticky":false,"template":"","format":"standard","meta":{"footnotes":""},"categories":[4],"tags":[191,192,145],"class_list":["post-94582","post","type-post","status-publish","format-standard","hentry","category-motogp","tag-191","tag-alex-marquez","tag-motogp-austria"],"yoast_head":"<!-- This site is optimized with the Yoast SEO plugin v27.3 - https:\/\/yoast.com\/product\/yoast-seo-wordpress\/ -->\n<title>GP de Austria 2020 - Carrera MotoGP - Progresi\u00f3n y puntos para \u00c1lex M\u00e1rquez en Austria<\/title>\n<meta name=\"description\" content=\"El piloto del equipo Repsol Honda termina decimotercero en su primera visita con una MotoGP al Red Bull Ring. Stefan Bradl finaliza decimos\u00e9ptimo.\" \/>\n<link rel=\"canonical\" href=\"https:\/\/www.boxrepsol.com\/es\/motogp\/progresion-puntos-alex-marquez-austria\/\" \/>\n<meta property=\"og:locale\" content=\"es_ES\" \/>\n<meta property=\"og:type\" content=\"article\" \/>\n<meta property=\"og:title\" content=\"GP de Austria 2020 - Carrera MotoGP - Progresi\u00f3n y puntos para \u00c1lex M\u00e1rquez en Austria\" \/>\n<meta property=\"og:description\" content=\"El piloto del equipo Repsol Honda termina decimotercero en su primera visita con una MotoGP al Red Bull Ring. Stefan Bradl finaliza decimos\u00e9ptimo.\" \/>\n<meta property=\"og:url\" content=\"https:\/\/www.boxrepsol.com\/es\/motogp\/progresion-puntos-alex-marquez-austria\/\" \/>\n<meta property=\"og:site_name\" content=\"Box Repsol\" \/>\n<meta property=\"article:publisher\" content=\"https:\/\/www.facebook.com\/BoxRepsol\" \/>\n<meta property=\"article:author\" content=\"https:\/\/www.facebook.com\/BoxRepsol\/\" \/>\n<meta property=\"article:published_time\" content=\"2020-08-16T02:00:00+00:00\" \/>\n<meta property=\"article:modified_time\" content=\"2024-04-19T10:15:40+00:00\" \/>\n<meta property=\"og:image\" content=\"https:\/\/bxrepsol.s3.eu-west-1.amazonaws.com\/static\/2022\/08\/09115905\/MotoGP-GP-de-Austria-08.jpg\" \/>\n\t<meta property=\"og:image:width\" content=\"1280\" \/>\n\t<meta property=\"og:image:height\" content=\"720\" \/>\n\t<meta property=\"og:image:type\" content=\"image\/jpeg\" \/>\n<meta name=\"author\" content=\"Redacci\u00f3n Box Repsol\" \/>\n<meta name=\"twitter:card\" content=\"summary_large_image\" \/>\n<meta name=\"twitter:creator\" content=\"@https:\/\/twitter.com\/box_repsol\" \/>\n<meta name=\"twitter:site\" content=\"@box_repsol\" \/>\n<meta name=\"twitter:label1\" content=\"Written by\" \/>\n\t<meta name=\"twitter:data1\" content=\"Redacci\u00f3n Box Repsol\" \/>\n\t<meta name=\"twitter:label2\" content=\"Est. reading time\" \/>\n\t<meta name=\"twitter:data2\" content=\"2 minutos\" \/>\n<script type=\"application\/ld+json\" class=\"yoast-schema-graph\">{\"@context\":\"https:\\\/\\\/schema.org\",\"@graph\":[{\"@type\":\"Article\",\"@id\":\"https:\\\/\\\/www.boxrepsol.com\\\/es\\\/motogp\\\/progresion-puntos-alex-marquez-austria\\\/#article\",\"isPartOf\":{\"@id\":\"https:\\\/\\\/www.boxrepsol.com\\\/es\\\/motogp\\\/progresion-puntos-alex-marquez-austria\\\/\"},\"author\":{\"name\":\"Redacci\u00f3n Box Repsol\",\"@id\":\"https:\\\/\\\/www.boxrepsol.com\\\/es\\\/#\\\/schema\\\/person\\\/c5c2138f2cca251b0ad92b7086bb60b7\"},\"headline\":\"Progresi\u00f3n y puntos para \u00c1lex M\u00e1rquez en Austria\",\"datePublished\":\"2020-08-16T02:00:00+00:00\",\"dateModified\":\"2024-04-19T10:15:40+00:00\",\"mainEntityOfPage\":{\"@id\":\"https:\\\/\\\/www.boxrepsol.com\\\/es\\\/motogp\\\/progresion-puntos-alex-marquez-austria\\\/\"},\"wordCount\":484,\"commentCount\":0,\"publisher\":{\"@id\":\"https:\\\/\\\/www.boxrepsol.com\\\/es\\\/#organization\"},\"image\":{\"@id\":\"https:\\\/\\\/www.boxrepsol.com\\\/es\\\/motogp\\\/progresion-puntos-alex-marquez-austria\\\/#primaryimage\"},\"thumbnailUrl\":\"https:\\\/\\\/bxrepsol.s3.eu-west-1.amazonaws.com\\\/static\\\/2022\\\/08\\\/09115905\\\/MotoGP-GP-de-Austria-08.jpg\",\"keywords\":[\"2020\",\"\u00c1lex M\u00e1rquez\",\"MotoGP Austria\"],\"articleSection\":[\"MotoGP\"],\"inLanguage\":\"es\",\"potentialAction\":[{\"@type\":\"CommentAction\",\"name\":\"Comment\",\"target\":[\"https:\\\/\\\/www.boxrepsol.com\\\/es\\\/motogp\\\/progresion-puntos-alex-marquez-austria\\\/#respond\"]}]},{\"@type\":\"WebPage\",\"@id\":\"https:\\\/\\\/www.boxrepsol.com\\\/es\\\/motogp\\\/progresion-puntos-alex-marquez-austria\\\/\",\"url\":\"https:\\\/\\\/www.boxrepsol.com\\\/es\\\/motogp\\\/progresion-puntos-alex-marquez-austria\\\/\",\"name\":\"GP de Austria 2020 - Carrera MotoGP - Progresi\u00f3n y puntos para \u00c1lex M\u00e1rquez en Austria\",\"isPartOf\":{\"@id\":\"https:\\\/\\\/www.boxrepsol.com\\\/es\\\/#website\"},\"primaryImageOfPage\":{\"@id\":\"https:\\\/\\\/www.boxrepsol.com\\\/es\\\/motogp\\\/progresion-puntos-alex-marquez-austria\\\/#primaryimage\"},\"image\":{\"@id\":\"https:\\\/\\\/www.boxrepsol.com\\\/es\\\/motogp\\\/progresion-puntos-alex-marquez-austria\\\/#primaryimage\"},\"thumbnailUrl\":\"https:\\\/\\\/bxrepsol.s3.eu-west-1.amazonaws.com\\\/static\\\/2022\\\/08\\\/09115905\\\/MotoGP-GP-de-Austria-08.jpg\",\"datePublished\":\"2020-08-16T02:00:00+00:00\",\"dateModified\":\"2024-04-19T10:15:40+00:00\",\"description\":\"El piloto del equipo Repsol Honda termina decimotercero en su primera visita con una MotoGP al Red Bull Ring. Stefan Bradl finaliza decimos\u00e9ptimo.\",\"breadcrumb\":{\"@id\":\"https:\\\/\\\/www.boxrepsol.com\\\/es\\\/motogp\\\/progresion-puntos-alex-marquez-austria\\\/#breadcrumb\"},\"inLanguage\":\"es\",\"potentialAction\":[{\"@type\":\"ReadAction\",\"target\":[\"https:\\\/\\\/www.boxrepsol.com\\\/es\\\/motogp\\\/progresion-puntos-alex-marquez-austria\\\/\"]}]},{\"@type\":\"ImageObject\",\"inLanguage\":\"es\",\"@id\":\"https:\\\/\\\/www.boxrepsol.com\\\/es\\\/motogp\\\/progresion-puntos-alex-marquez-austria\\\/#primaryimage\",\"url\":\"https:\\\/\\\/bxrepsol.s3.eu-west-1.amazonaws.com\\\/static\\\/2022\\\/08\\\/09115905\\\/MotoGP-GP-de-Austria-08.jpg\",\"contentUrl\":\"https:\\\/\\\/bxrepsol.s3.eu-west-1.amazonaws.com\\\/static\\\/2022\\\/08\\\/09115905\\\/MotoGP-GP-de-Austria-08.jpg\",\"width\":1280,\"height\":720,\"caption\":\"\u00c1lex M\u00e1rquez en el GP de Austria 2020\"},{\"@type\":\"BreadcrumbList\",\"@id\":\"https:\\\/\\\/www.boxrepsol.com\\\/es\\\/motogp\\\/progresion-puntos-alex-marquez-austria\\\/#breadcrumb\",\"itemListElement\":[{\"@type\":\"ListItem\",\"position\":1,\"name\":\"Home\",\"item\":\"https:\\\/\\\/www.boxrepsol.com\\\/es\\\/\"},{\"@type\":\"ListItem\",\"position\":2,\"name\":\"Progresi\u00f3n y puntos para \u00c1lex M\u00e1rquez en Austria\"}]},{\"@type\":\"WebSite\",\"@id\":\"https:\\\/\\\/www.boxrepsol.com\\\/es\\\/#website\",\"url\":\"https:\\\/\\\/www.boxrepsol.com\\\/es\\\/\",\"name\":\"Box Repsol\",\"description\":\"Box Repsol Site\",\"publisher\":{\"@id\":\"https:\\\/\\\/www.boxrepsol.com\\\/es\\\/#organization\"},\"potentialAction\":[{\"@type\":\"SearchAction\",\"target\":{\"@type\":\"EntryPoint\",\"urlTemplate\":\"https:\\\/\\\/www.boxrepsol.com\\\/es\\\/?s={search_term_string}\"},\"query-input\":{\"@type\":\"PropertyValueSpecification\",\"valueRequired\":true,\"valueName\":\"search_term_string\"}}],\"inLanguage\":\"es\"},{\"@type\":\"Organization\",\"@id\":\"https:\\\/\\\/www.boxrepsol.com\\\/es\\\/#organization\",\"name\":\"Box Repsol\",\"url\":\"https:\\\/\\\/www.boxrepsol.com\\\/es\\\/\",\"logo\":{\"@type\":\"ImageObject\",\"inLanguage\":\"es\",\"@id\":\"https:\\\/\\\/www.boxrepsol.com\\\/es\\\/#\\\/schema\\\/logo\\\/image\\\/\",\"url\":\"https:\\\/\\\/bxrepsol.s3.eu-west-1.amazonaws.com\\\/static\\\/2025\\\/07\\\/30083337\\\/favicon-96x96-1.png\",\"contentUrl\":\"https:\\\/\\\/bxrepsol.s3.eu-west-1.amazonaws.com\\\/static\\\/2025\\\/07\\\/30083337\\\/favicon-96x96-1.png\",\"width\":96,\"height\":96,\"caption\":\"Box Repsol\"},\"image\":{\"@id\":\"https:\\\/\\\/www.boxrepsol.com\\\/es\\\/#\\\/schema\\\/logo\\\/image\\\/\"},\"sameAs\":[\"https:\\\/\\\/www.facebook.com\\\/BoxRepsol\",\"https:\\\/\\\/x.com\\\/box_repsol\",\"http:\\\/\\\/instagram.com\\\/box_repsol\",\"https:\\\/\\\/www.youtube.com\\\/user\\\/RepsolCompeticion\",\"https:\\\/\\\/www.flickr.com\\\/photos\\\/box_repsol\\\/\"]},{\"@type\":\"Person\",\"@id\":\"https:\\\/\\\/www.boxrepsol.com\\\/es\\\/#\\\/schema\\\/person\\\/c5c2138f2cca251b0ad92b7086bb60b7\",\"name\":\"Redacci\u00f3n Box Repsol\",\"image\":{\"@type\":\"ImageObject\",\"inLanguage\":\"es\",\"@id\":\"https:\\\/\\\/secure.gravatar.com\\\/avatar\\\/adf7b77e38b4419baf32c7e9c21dde01f4e40df611f0978e3006fc4ba0aaab7e?s=96&d=mm&r=g\",\"url\":\"https:\\\/\\\/secure.gravatar.com\\\/avatar\\\/adf7b77e38b4419baf32c7e9c21dde01f4e40df611f0978e3006fc4ba0aaab7e?s=96&d=mm&r=g\",\"contentUrl\":\"https:\\\/\\\/secure.gravatar.com\\\/avatar\\\/adf7b77e38b4419baf32c7e9c21dde01f4e40df611f0978e3006fc4ba0aaab7e?s=96&d=mm&r=g\",\"caption\":\"Redacci\u00f3n Box Repsol\"},\"description\":\"Box Repsol lo forma un equipo de periodistas, community managers, dise\u00f1adores y fot\u00f3grafos con m\u00e1s de 20 a\u00f1os de experiencia en el mundo del motorsport. Hemos vivido el primer mundial de un espa\u00f1ol en la categor\u00eda reina de motociclismo con \u00c1lex Crivill\u00e9, estuvimos en las victorias de Pedrosa y los t\u00edtulos de M\u00e1rquez, acompa\u00f1amos en \u00c1frica a Nani Roma y Marc Coma en sus conquistas del Dakar y hemos vibrado con los t\u00edtulos de Toni Bou en Trial. Adem\u00e1s, en nuestro equipo contamos con expertos en el mundo de las dos y cuatro ruedas tanto de la calle y las carreteras, como de los circuitos. Periodistas que han trabajado en revistas y publicaciones para hacerte llegar desde rutas y consejos de mantenimiento, a curiosidades y trucos de pilotaje.\",\"sameAs\":[\"https:\\\/\\\/www.facebook.com\\\/BoxRepsol\\\/\",\"https:\\\/\\\/www.instagram.com\\\/box_repsol\\\/\",\"https:\\\/\\\/x.com\\\/https:\\\/\\\/twitter.com\\\/box_repsol\",\"https:\\\/\\\/www.youtube.com\\\/@Boxrepsol\"],\"url\":\"https:\\\/\\\/www.boxrepsol.com\\\/es\\\/author\\\/redaccion-box-repsol\\\/\"}]}<\/script>\n<!-- \/ Yoast SEO plugin. -->","yoast_head_json":{"title":"GP de Austria 2020 - Carrera MotoGP - Progresi\u00f3n y puntos para \u00c1lex M\u00e1rquez en Austria","description":"El piloto del equipo Repsol Honda termina decimotercero en su primera visita con una MotoGP al Red Bull Ring. Stefan Bradl finaliza decimos\u00e9ptimo.","canonical":"https:\/\/www.boxrepsol.com\/es\/motogp\/progresion-puntos-alex-marquez-austria\/","og_locale":"es_ES","og_type":"article","og_title":"GP de Austria 2020 - Carrera MotoGP - Progresi\u00f3n y puntos para \u00c1lex M\u00e1rquez en Austria","og_description":"El piloto del equipo Repsol Honda termina decimotercero en su primera visita con una MotoGP al Red Bull Ring. Stefan Bradl finaliza decimos\u00e9ptimo.","og_url":"https:\/\/www.boxrepsol.com\/es\/motogp\/progresion-puntos-alex-marquez-austria\/","og_site_name":"Box Repsol","article_publisher":"https:\/\/www.facebook.com\/BoxRepsol","article_author":"https:\/\/www.facebook.com\/BoxRepsol\/","article_published_time":"2020-08-16T02:00:00+00:00","article_modified_time":"2024-04-19T10:15:40+00:00","og_image":[{"width":1280,"height":720,"url":"https:\/\/bxrepsol.s3.eu-west-1.amazonaws.com\/static\/2022\/08\/09115905\/MotoGP-GP-de-Austria-08.jpg","type":"image\/jpeg"}],"author":"Redacci\u00f3n Box Repsol","twitter_card":"summary_large_image","twitter_creator":"@https:\/\/twitter.com\/box_repsol","twitter_site":"@box_repsol","twitter_misc":{"Written by":"Redacci\u00f3n Box Repsol","Est. reading time":"2 minutos"},"schema":{"@context":"https:\/\/schema.org","@graph":[{"@type":"Article","@id":"https:\/\/www.boxrepsol.com\/es\/motogp\/progresion-puntos-alex-marquez-austria\/#article","isPartOf":{"@id":"https:\/\/www.boxrepsol.com\/es\/motogp\/progresion-puntos-alex-marquez-austria\/"},"author":{"name":"Redacci\u00f3n Box Repsol","@id":"https:\/\/www.boxrepsol.com\/es\/#\/schema\/person\/c5c2138f2cca251b0ad92b7086bb60b7"},"headline":"Progresi\u00f3n y puntos para \u00c1lex M\u00e1rquez en Austria","datePublished":"2020-08-16T02:00:00+00:00","dateModified":"2024-04-19T10:15:40+00:00","mainEntityOfPage":{"@id":"https:\/\/www.boxrepsol.com\/es\/motogp\/progresion-puntos-alex-marquez-austria\/"},"wordCount":484,"commentCount":0,"publisher":{"@id":"https:\/\/www.boxrepsol.com\/es\/#organization"},"image":{"@id":"https:\/\/www.boxrepsol.com\/es\/motogp\/progresion-puntos-alex-marquez-austria\/#primaryimage"},"thumbnailUrl":"https:\/\/bxrepsol.s3.eu-west-1.amazonaws.com\/static\/2022\/08\/09115905\/MotoGP-GP-de-Austria-08.jpg","keywords":["2020","\u00c1lex M\u00e1rquez","MotoGP Austria"],"articleSection":["MotoGP"],"inLanguage":"es","potentialAction":[{"@type":"CommentAction","name":"Comment","target":["https:\/\/www.boxrepsol.com\/es\/motogp\/progresion-puntos-alex-marquez-austria\/#respond"]}]},{"@type":"WebPage","@id":"https:\/\/www.boxrepsol.com\/es\/motogp\/progresion-puntos-alex-marquez-austria\/","url":"https:\/\/www.boxrepsol.com\/es\/motogp\/progresion-puntos-alex-marquez-austria\/","name":"GP de Austria 2020 - Carrera MotoGP - Progresi\u00f3n y puntos para \u00c1lex M\u00e1rquez en Austria","isPartOf":{"@id":"https:\/\/www.boxrepsol.com\/es\/#website"},"primaryImageOfPage":{"@id":"https:\/\/www.boxrepsol.com\/es\/motogp\/progresion-puntos-alex-marquez-austria\/#primaryimage"},"image":{"@id":"https:\/\/www.boxrepsol.com\/es\/motogp\/progresion-puntos-alex-marquez-austria\/#primaryimage"},"thumbnailUrl":"https:\/\/bxrepsol.s3.eu-west-1.amazonaws.com\/static\/2022\/08\/09115905\/MotoGP-GP-de-Austria-08.jpg","datePublished":"2020-08-16T02:00:00+00:00","dateModified":"2024-04-19T10:15:40+00:00","description":"El piloto del equipo Repsol Honda termina decimotercero en su primera visita con una MotoGP al Red Bull Ring. Stefan Bradl finaliza decimos\u00e9ptimo.","breadcrumb":{"@id":"https:\/\/www.boxrepsol.com\/es\/motogp\/progresion-puntos-alex-marquez-austria\/#breadcrumb"},"inLanguage":"es","potentialAction":[{"@type":"ReadAction","target":["https:\/\/www.boxrepsol.com\/es\/motogp\/progresion-puntos-alex-marquez-austria\/"]}]},{"@type":"ImageObject","inLanguage":"es","@id":"https:\/\/www.boxrepsol.com\/es\/motogp\/progresion-puntos-alex-marquez-austria\/#primaryimage","url":"https:\/\/bxrepsol.s3.eu-west-1.amazonaws.com\/static\/2022\/08\/09115905\/MotoGP-GP-de-Austria-08.jpg","contentUrl":"https:\/\/bxrepsol.s3.eu-west-1.amazonaws.com\/static\/2022\/08\/09115905\/MotoGP-GP-de-Austria-08.jpg","width":1280,"height":720,"caption":"\u00c1lex M\u00e1rquez en el GP de Austria 2020"},{"@type":"BreadcrumbList","@id":"https:\/\/www.boxrepsol.com\/es\/motogp\/progresion-puntos-alex-marquez-austria\/#breadcrumb","itemListElement":[{"@type":"ListItem","position":1,"name":"Home","item":"https:\/\/www.boxrepsol.com\/es\/"},{"@type":"ListItem","position":2,"name":"Progresi\u00f3n y puntos para \u00c1lex M\u00e1rquez en Austria"}]},{"@type":"WebSite","@id":"https:\/\/www.boxrepsol.com\/es\/#website","url":"https:\/\/www.boxrepsol.com\/es\/","name":"Box Repsol","description":"Box Repsol Site","publisher":{"@id":"https:\/\/www.boxrepsol.com\/es\/#organization"},"potentialAction":[{"@type":"SearchAction","target":{"@type":"EntryPoint","urlTemplate":"https:\/\/www.boxrepsol.com\/es\/?s={search_term_string}"},"query-input":{"@type":"PropertyValueSpecification","valueRequired":true,"valueName":"search_term_string"}}],"inLanguage":"es"},{"@type":"Organization","@id":"https:\/\/www.boxrepsol.com\/es\/#organization","name":"Box Repsol","url":"https:\/\/www.boxrepsol.com\/es\/","logo":{"@type":"ImageObject","inLanguage":"es","@id":"https:\/\/www.boxrepsol.com\/es\/#\/schema\/logo\/image\/","url":"https:\/\/bxrepsol.s3.eu-west-1.amazonaws.com\/static\/2025\/07\/30083337\/favicon-96x96-1.png","contentUrl":"https:\/\/bxrepsol.s3.eu-west-1.amazonaws.com\/static\/2025\/07\/30083337\/favicon-96x96-1.png","width":96,"height":96,"caption":"Box Repsol"},"image":{"@id":"https:\/\/www.boxrepsol.com\/es\/#\/schema\/logo\/image\/"},"sameAs":["https:\/\/www.facebook.com\/BoxRepsol","https:\/\/x.com\/box_repsol","http:\/\/instagram.com\/box_repsol","https:\/\/www.youtube.com\/user\/RepsolCompeticion","https:\/\/www.flickr.com\/photos\/box_repsol\/"]},{"@type":"Person","@id":"https:\/\/www.boxrepsol.com\/es\/#\/schema\/person\/c5c2138f2cca251b0ad92b7086bb60b7","name":"Redacci\u00f3n Box Repsol","image":{"@type":"ImageObject","inLanguage":"es","@id":"https:\/\/secure.gravatar.com\/avatar\/adf7b77e38b4419baf32c7e9c21dde01f4e40df611f0978e3006fc4ba0aaab7e?s=96&d=mm&r=g","url":"https:\/\/secure.gravatar.com\/avatar\/adf7b77e38b4419baf32c7e9c21dde01f4e40df611f0978e3006fc4ba0aaab7e?s=96&d=mm&r=g","contentUrl":"https:\/\/secure.gravatar.com\/avatar\/adf7b77e38b4419baf32c7e9c21dde01f4e40df611f0978e3006fc4ba0aaab7e?s=96&d=mm&r=g","caption":"Redacci\u00f3n Box Repsol"},"description":"Box Repsol lo forma un equipo de periodistas, community managers, dise\u00f1adores y fot\u00f3grafos con m\u00e1s de 20 a\u00f1os de experiencia en el mundo del motorsport. Hemos vivido el primer mundial de un espa\u00f1ol en la categor\u00eda reina de motociclismo con \u00c1lex Crivill\u00e9, estuvimos en las victorias de Pedrosa y los t\u00edtulos de M\u00e1rquez, acompa\u00f1amos en \u00c1frica a Nani Roma y Marc Coma en sus conquistas del Dakar y hemos vibrado con los t\u00edtulos de Toni Bou en Trial. Adem\u00e1s, en nuestro equipo contamos con expertos en el mundo de las dos y cuatro ruedas tanto de la calle y las carreteras, como de los circuitos. Periodistas que han trabajado en revistas y publicaciones para hacerte llegar desde rutas y consejos de mantenimiento, a curiosidades y trucos de pilotaje.","sameAs":["https:\/\/www.facebook.com\/BoxRepsol\/","https:\/\/www.instagram.com\/box_repsol\/","https:\/\/x.com\/https:\/\/twitter.com\/box_repsol","https:\/\/www.youtube.com\/@Boxrepsol"],"url":"https:\/\/www.boxrepsol.com\/es\/author\/redaccion-box-repsol\/"}]}},"_links":{"self":[{"href":"https:\/\/www.boxrepsol.com\/es\/wp-json\/wp\/v2\/posts\/94582","targetHints":{"allow":["GET"]}}],"collection":[{"href":"https:\/\/www.boxrepsol.com\/es\/wp-json\/wp\/v2\/posts"}],"about":[{"href":"https:\/\/www.boxrepsol.com\/es\/wp-json\/wp\/v2\/types\/post"}],"author":[{"embeddable":true,"href":"https:\/\/www.boxrepsol.com\/es\/wp-json\/wp\/v2\/users\/43146"}],"replies":[{"embeddable":true,"href":"https:\/\/www.boxrepsol.com\/es\/wp-json\/wp\/v2\/comments?post=94582"}],"version-history":[{"count":13,"href":"https:\/\/www.boxrepsol.com\/es\/wp-json\/wp\/v2\/posts\/94582\/revisions"}],"predecessor-version":[{"id":108532,"href":"https:\/\/www.boxrepsol.com\/es\/wp-json\/wp\/v2\/posts\/94582\/revisions\/108532"}],"wp:featuredmedia":[{"embeddable":true,"href":"https:\/\/www.boxrepsol.com\/es\/wp-json\/wp\/v2\/media\/40763"}],"wp:attachment":[{"href":"https:\/\/www.boxrepsol.com\/es\/wp-json\/wp\/v2\/media?parent=94582"}],"wp:term":[{"taxonomy":"category","embeddable":true,"href":"https:\/\/www.boxrepsol.com\/es\/wp-json\/wp\/v2\/categories?post=94582"},{"taxonomy":"post_tag","embeddable":true,"href":"https:\/\/www.boxrepsol.com\/es\/wp-json\/wp\/v2\/tags?post=94582"}],"curies":[{"name":"wp","href":"https:\/\/api.w.org\/{rel}","templated":true}]}}