{"id":94580,"date":"2020-08-16T00:00:00","date_gmt":"2020-08-16T02:00:00","guid":{"rendered":"http:\/\/pre.boxrepsol.com\/sin-categorizar\/sergio-garcia-dols-termina-dos-decimas-los-puntos-una-disputada-carrera\/"},"modified":"2024-04-19T08:15:32","modified_gmt":"2024-04-19T10:15:32","slug":"sergio-garcia-dols-termina-dos-decimas-los-puntos-una-disputada-carrera","status":"publish","type":"post","link":"https:\/\/www.boxrepsol.com\/es\/motogp\/sergio-garcia-dols-termina-dos-decimas-los-puntos-una-disputada-carrera\/","title":{"rendered":"Sergio Garc\u00eda Dols termina a dos d\u00e9cimas de los puntos en una disputada carrera"},"content":{"rendered":"<p>De nuevo<strong> Sergio Garc\u00eda<\/strong> ha protagonizado una buena salida, y en los primeros compases de la carrera ha podido recuperar cuatro posiciones y colocarse decimocuarto en el numeroso grupo delantero. Los adelantamientos se han sucedido y Sergio Garc\u00eda ha finalizado decimosexto, a s\u00f3lo 2 d\u00e9cimas de los puntos.<\/p>\n<p>Peor suerte ha sufrido su compa\u00f1ero <strong>Ryusei Yamanaka<\/strong>, que tras un incidente con otro piloto se ha salido de pista, reincorpor\u00e1ndose casi en \u00faltima posici\u00f3n. A partir de ese momento, tambi\u00e9n se ha visto envuelto en una continua sucesi\u00f3n de adelantamientos hasta la bandera a cuadros, que el japon\u00e9s ha cruzado en vigesimocuarta posici\u00f3n.<\/p>\n<p>Tras este primer GP en Austria, Sergio Garc\u00eda Dols es decimosexto en la clasificaci\u00f3n general, con 13 puntos, y su compa\u00f1ero, Ryusei Yamanaka es vigesimosegundo, con 7.<\/p>\n<p>                <!-- Imagen relacionada --><br \/>\n        <img loading=\"lazy\" decoding=\"async\" width=\"404\" height=\"336\" src=\"https:\/\/bxrepsol.s3.eu-west-1.amazonaws.com\/static\/2022\/08\/09115708\/GP-de-Austria-011-1.jpg\" alt=\"\" \/><br \/>\n                <!-- Categor\u00eda --><br \/>\n            MotoGP<br \/>\n        <!-- T\u00edtulo --><br \/>\n        <a href=\"https:\/\/www.boxrepsol.com\/es\/motogp\/marquez-bradl-siguen-progresando-austria\/\"><\/p>\n<h3>M\u00e1rquez y Bradl siguen progresando en Austria<\/h3>\n<p>        <\/a><br \/>\n                    <!-- Fecha --><br \/>\n            hace 1 hora<br \/>\n                    <a\n                        href=\"https:\/\/bxrepsol.s3.eu-west-1.amazonaws.com\/static\/2022\/08\/09115709\/Moto3-GP-de-Austria-06.jpg\"\n                        data-index=\"0\"\n                    ><br \/>\n                        <img decoding=\"async\"\n                            src=\"https:\/\/bxrepsol.s3.eu-west-1.amazonaws.com\/static\/2022\/08\/09115709\/Moto3-GP-de-Austria-06.jpg\"\n                            srcset=\"https:\/\/bxrepsol.s3.eu-west-1.amazonaws.com\/static\/2022\/08\/09115709\/Moto3-GP-de-Austria-06.jpg 1280w, https:\/\/bxrepsol.s3.eu-west-1.amazonaws.com\/static\/2022\/08\/09115709\/Moto3-GP-de-Austria-06.jpg 900w, https:\/\/bxrepsol.s3.eu-west-1.amazonaws.com\/static\/2022\/08\/09115709\/Moto3-GP-de-Austria-06.jpg 600w, https:\/\/bxrepsol.s3.eu-west-1.amazonaws.com\/static\/2022\/08\/09115709\/Moto3-GP-de-Austria-06.jpg 480w, https:\/\/bxrepsol.s3.eu-west-1.amazonaws.com\/static\/2022\/08\/09115709\/Moto3-GP-de-Austria-06.jpg 32w\"\n                            title=\"Moto3-GP-de-Austria-06\"\n                            alt=\"\"\n                            data-title=\"\"><br \/>\n                    <\/a><br \/>\n                    <a\n                        href=\"https:\/\/bxrepsol.s3.eu-west-1.amazonaws.com\/static\/2022\/08\/09115710\/Moto3-GP-de-Austria-05.jpg\"\n                        data-index=\"1\"\n                    ><br \/>\n                        <img decoding=\"async\"\n                            src=\"https:\/\/bxrepsol.s3.eu-west-1.amazonaws.com\/static\/2022\/08\/09115710\/Moto3-GP-de-Austria-05.jpg\"\n                            srcset=\"https:\/\/bxrepsol.s3.eu-west-1.amazonaws.com\/static\/2022\/08\/09115710\/Moto3-GP-de-Austria-05.jpg 1280w, https:\/\/bxrepsol.s3.eu-west-1.amazonaws.com\/static\/2022\/08\/09115710\/Moto3-GP-de-Austria-05.jpg 900w, https:\/\/bxrepsol.s3.eu-west-1.amazonaws.com\/static\/2022\/08\/09115710\/Moto3-GP-de-Austria-05.jpg 600w, https:\/\/bxrepsol.s3.eu-west-1.amazonaws.com\/static\/2022\/08\/09115710\/Moto3-GP-de-Austria-05.jpg 480w, https:\/\/bxrepsol.s3.eu-west-1.amazonaws.com\/static\/2022\/08\/09115710\/Moto3-GP-de-Austria-05.jpg 32w\"\n                            title=\"Moto3-GP-de-Austria-05\"\n                            alt=\"\"\n                            data-title=\"\"><br \/>\n                    <\/a><br \/>\n                    <a\n                        href=\"https:\/\/bxrepsol.s3.eu-west-1.amazonaws.com\/static\/2022\/08\/09115711\/Moto3-GP-de-Austria-04.jpg\"\n                        data-index=\"2\"\n                    ><br \/>\n                        <img decoding=\"async\"\n                            src=\"https:\/\/bxrepsol.s3.eu-west-1.amazonaws.com\/static\/2022\/08\/09115711\/Moto3-GP-de-Austria-04.jpg\"\n                            srcset=\"https:\/\/bxrepsol.s3.eu-west-1.amazonaws.com\/static\/2022\/08\/09115711\/Moto3-GP-de-Austria-04.jpg 1280w, https:\/\/bxrepsol.s3.eu-west-1.amazonaws.com\/static\/2022\/08\/09115711\/Moto3-GP-de-Austria-04.jpg 900w, https:\/\/bxrepsol.s3.eu-west-1.amazonaws.com\/static\/2022\/08\/09115711\/Moto3-GP-de-Austria-04.jpg 600w, https:\/\/bxrepsol.s3.eu-west-1.amazonaws.com\/static\/2022\/08\/09115711\/Moto3-GP-de-Austria-04.jpg 480w, https:\/\/bxrepsol.s3.eu-west-1.amazonaws.com\/static\/2022\/08\/09115711\/Moto3-GP-de-Austria-04.jpg 32w\"\n                            title=\"Moto3-GP-de-Austria-04\"\n                            alt=\"\"\n                            data-title=\"\"><br \/>\n                    <\/a><br \/>\n                    <a\n                        href=\"https:\/\/bxrepsol.s3.eu-west-1.amazonaws.com\/static\/2022\/08\/09115712\/Moto3-GP-de-Austria-02.jpg\"\n                        data-index=\"3\"\n                    ><br \/>\n                        <img decoding=\"async\"\n                            src=\"https:\/\/bxrepsol.s3.eu-west-1.amazonaws.com\/static\/2022\/08\/09115712\/Moto3-GP-de-Austria-02.jpg\"\n                            srcset=\"https:\/\/bxrepsol.s3.eu-west-1.amazonaws.com\/static\/2022\/08\/09115712\/Moto3-GP-de-Austria-02.jpg 1280w, https:\/\/bxrepsol.s3.eu-west-1.amazonaws.com\/static\/2022\/08\/09115712\/Moto3-GP-de-Austria-02.jpg 900w, https:\/\/bxrepsol.s3.eu-west-1.amazonaws.com\/static\/2022\/08\/09115712\/Moto3-GP-de-Austria-02.jpg 600w, https:\/\/bxrepsol.s3.eu-west-1.amazonaws.com\/static\/2022\/08\/09115712\/Moto3-GP-de-Austria-02.jpg 480w, https:\/\/bxrepsol.s3.eu-west-1.amazonaws.com\/static\/2022\/08\/09115712\/Moto3-GP-de-Austria-02.jpg 32w\"\n                            title=\"Moto3-GP-de-Austria-02\"\n                            alt=\"\"\n                            data-title=\"\"><br \/>\n                    <\/a><br \/>\n                    <a\n                        href=\"https:\/\/bxrepsol.s3.eu-west-1.amazonaws.com\/static\/2022\/08\/09115713\/Moto3-GP-de-Austria-01.jpg\"\n                        data-index=\"4\"\n                    ><br \/>\n                        <img decoding=\"async\"\n                            src=\"https:\/\/bxrepsol.s3.eu-west-1.amazonaws.com\/static\/2022\/08\/09115713\/Moto3-GP-de-Austria-01.jpg\"\n                            srcset=\"https:\/\/bxrepsol.s3.eu-west-1.amazonaws.com\/static\/2022\/08\/09115713\/Moto3-GP-de-Austria-01.jpg 1280w, https:\/\/bxrepsol.s3.eu-west-1.amazonaws.com\/static\/2022\/08\/09115713\/Moto3-GP-de-Austria-01.jpg 900w, https:\/\/bxrepsol.s3.eu-west-1.amazonaws.com\/static\/2022\/08\/09115713\/Moto3-GP-de-Austria-01.jpg 600w, https:\/\/bxrepsol.s3.eu-west-1.amazonaws.com\/static\/2022\/08\/09115713\/Moto3-GP-de-Austria-01.jpg 480w, https:\/\/bxrepsol.s3.eu-west-1.amazonaws.com\/static\/2022\/08\/09115713\/Moto3-GP-de-Austria-01.jpg 32w\"\n                            title=\"Moto3-GP-de-Austria-01\"\n                            alt=\"\"\n                            data-title=\"\"><br \/>\n                    <\/a><br \/>\n        <button data-glide-dir=\"<\"><br \/>\n            <svg role=\"img\"  viewBox=\"0 0 256 512\">\n                <path fill=\"currentColor\" d=\"M238.475 475.535l7.071-7.07c4.686-4.686 4.686-12.284 0-16.971L50.053 256 245.546 60.506c4.686-4.686 4.686-12.284 0-16.971l-7.071-7.07c-4.686-4.686-12.284-4.686-16.97 0L10.454 247.515c-4.686 4.686-4.686 12.284 0 16.971l211.051 211.05c4.686 4.686 12.284 4.686 16.97-.001z\"><\/path>\n            <\/svg><br \/>\n        <\/button><br \/>\n        <button data-glide-dir=\">\u00ab><br \/>\n            <svg role=\"img\"  viewBox=\"0 0 256 512\">\n                <path fill=\"currentColor\" d=\"M17.525 36.465l-7.071 7.07c-4.686 4.686-4.686 12.284 0 16.971L205.947 256 10.454 451.494c-4.686 4.686-4.686 12.284 0 16.971l7.071 7.07c4.686 4.686 12.284 4.686 16.97 0l211.051-211.05c4.686-4.686 4.686-12.284 0-16.971L34.495 36.465c-4.686-4.687-12.284-4.687-16.97 0z\"><\/path>\n            <\/svg><br \/>\n        <\/button><\/p>\n<h2>GP de Austria 2020 &#8211; Carrera Moto3 &#8211; Declaraciones de los pilotos<\/h2>\n<p><strong>Sergio Garc\u00eda Dols<\/strong><\/p>\n<p><em><strong>Toca seguir trabajando <\/strong> \u00abSal\u00edamos vig\u00e9simos, pero hemos hecho una buena salida y en seguida he podido ganar seis posiciones. Me he situado en el grupo de cabeza y estaba rodando c\u00f3modo, pero he notado que me faltaba algo de velocidad en las rectas. Me quedo con lo positivo y con el 36.9 que he podido marcar en la pen\u00faltima vuelta, porque nunca hab\u00eda rodado en ese tiempo aqu\u00ed. Ahora toca seguir trabajando para la semana que viene\u00bb<\/em><\/p>\n<hr\/>\n<p><strong>Ryusei Yamanaka<\/strong><\/p>\n<p><em><strong>Tengo que mejorar la sesi\u00f3n cronometrada<\/strong>\u00abNo hemos terminado en una buena posici\u00f3n. En la segunda vuelta un piloto me ha golpeado y me ha sacado de la pista. Despu\u00e9s de eso, me he reincorporado en las \u00faltimas posiciones. He intentado apretar para atrapar al grupo de delante pero no he podido, porque nos est\u00e1bamos adelantando una y otra vez, recuperando y perdiendo posiciones. Tengo que mejorar en la sesi\u00f3n cronometrada, porque empezar desde atr\u00e1s complica las cosas. La siguiente carrera ser\u00e1 en este mismo circuito y vamos a trabajar a\u00fan m\u00e1s desde la FP1\u00bb.<br \/>\n<\/em><\/p>\n","protected":false},"excerpt":{"rendered":"<p>El piloto Repsol de Moto3 ha mejorado su posici\u00f3n de salida en el GP de Austria, vig\u00e9simo, acabando decimosexto tras una continua batalla en el numeroso grupo delantero. Su compa\u00f1ero Ryusei Yamanaka finaliza vigesimocuarto.<\/p>\n","protected":false},"author":43146,"featured_media":40749,"comment_status":"open","ping_status":"open","sticky":false,"template":"","format":"standard","meta":{"footnotes":""},"categories":[4],"tags":[191,14,145],"class_list":["post-94580","post","type-post","status-publish","format-standard","hentry","category-motogp","tag-191","tag-moto3","tag-motogp-austria"],"yoast_head":"<!-- This site is optimized with the Yoast SEO plugin v27.3 - https:\/\/yoast.com\/product\/yoast-seo-wordpress\/ -->\n<title>GP de Austria 2020 - Moto3 - Sergio Garc\u00eda Dols termina a dos d\u00e9cimas de los puntos en una disputada carrera<\/title>\n<meta name=\"description\" content=\"El piloto Repsol de Moto3 ha mejorado su posici\u00f3n de salida en el GP de Austria, vig\u00e9simo, acabando decimosexto tras una continua batalla\" \/>\n<link rel=\"canonical\" href=\"https:\/\/www.boxrepsol.com\/es\/motogp\/sergio-garcia-dols-termina-dos-decimas-los-puntos-una-disputada-carrera\/\" \/>\n<meta property=\"og:locale\" content=\"es_ES\" \/>\n<meta property=\"og:type\" content=\"article\" \/>\n<meta property=\"og:title\" content=\"GP de Austria 2020 - Moto3 - Sergio Garc\u00eda Dols termina a dos d\u00e9cimas de los puntos en una disputada carrera\" \/>\n<meta property=\"og:description\" content=\"El piloto Repsol de Moto3 ha mejorado su posici\u00f3n de salida en el GP de Austria, vig\u00e9simo, acabando decimosexto tras una continua batalla\" \/>\n<meta property=\"og:url\" content=\"https:\/\/www.boxrepsol.com\/es\/motogp\/sergio-garcia-dols-termina-dos-decimas-los-puntos-una-disputada-carrera\/\" \/>\n<meta property=\"og:site_name\" content=\"Box Repsol\" \/>\n<meta property=\"article:publisher\" content=\"https:\/\/www.facebook.com\/BoxRepsol\" \/>\n<meta property=\"article:author\" content=\"https:\/\/www.facebook.com\/BoxRepsol\/\" \/>\n<meta property=\"article:published_time\" content=\"2020-08-16T02:00:00+00:00\" \/>\n<meta property=\"article:modified_time\" content=\"2024-04-19T10:15:32+00:00\" \/>\n<meta property=\"og:image\" content=\"https:\/\/bxrepsol.s3.eu-west-1.amazonaws.com\/static\/2022\/08\/09115714\/Moto3-GP-de-Austria-03.jpg\" \/>\n\t<meta property=\"og:image:width\" content=\"1280\" \/>\n\t<meta property=\"og:image:height\" content=\"720\" \/>\n\t<meta property=\"og:image:type\" content=\"image\/jpeg\" \/>\n<meta name=\"author\" content=\"Redacci\u00f3n Box Repsol\" \/>\n<meta name=\"twitter:card\" content=\"summary_large_image\" \/>\n<meta name=\"twitter:creator\" content=\"@https:\/\/twitter.com\/box_repsol\" \/>\n<meta name=\"twitter:site\" content=\"@box_repsol\" \/>\n<meta name=\"twitter:label1\" content=\"Written by\" \/>\n\t<meta name=\"twitter:data1\" content=\"Redacci\u00f3n Box Repsol\" \/>\n\t<meta name=\"twitter:label2\" content=\"Est. reading time\" \/>\n\t<meta name=\"twitter:data2\" content=\"2 minutos\" \/>\n<script type=\"application\/ld+json\" class=\"yoast-schema-graph\">{\"@context\":\"https:\\\/\\\/schema.org\",\"@graph\":[{\"@type\":\"Article\",\"@id\":\"https:\\\/\\\/www.boxrepsol.com\\\/es\\\/motogp\\\/sergio-garcia-dols-termina-dos-decimas-los-puntos-una-disputada-carrera\\\/#article\",\"isPartOf\":{\"@id\":\"https:\\\/\\\/www.boxrepsol.com\\\/es\\\/motogp\\\/sergio-garcia-dols-termina-dos-decimas-los-puntos-una-disputada-carrera\\\/\"},\"author\":{\"name\":\"Redacci\u00f3n Box Repsol\",\"@id\":\"https:\\\/\\\/www.boxrepsol.com\\\/es\\\/#\\\/schema\\\/person\\\/c5c2138f2cca251b0ad92b7086bb60b7\"},\"headline\":\"Sergio Garc\u00eda Dols termina a dos d\u00e9cimas de los puntos en una disputada carrera\",\"datePublished\":\"2020-08-16T02:00:00+00:00\",\"dateModified\":\"2024-04-19T10:15:32+00:00\",\"mainEntityOfPage\":{\"@id\":\"https:\\\/\\\/www.boxrepsol.com\\\/es\\\/motogp\\\/sergio-garcia-dols-termina-dos-decimas-los-puntos-una-disputada-carrera\\\/\"},\"wordCount\":368,\"commentCount\":0,\"publisher\":{\"@id\":\"https:\\\/\\\/www.boxrepsol.com\\\/es\\\/#organization\"},\"image\":{\"@id\":\"https:\\\/\\\/www.boxrepsol.com\\\/es\\\/motogp\\\/sergio-garcia-dols-termina-dos-decimas-los-puntos-una-disputada-carrera\\\/#primaryimage\"},\"thumbnailUrl\":\"https:\\\/\\\/bxrepsol.s3.eu-west-1.amazonaws.com\\\/static\\\/2022\\\/08\\\/09115714\\\/Moto3-GP-de-Austria-03.jpg\",\"keywords\":[\"2020\",\"Moto3\",\"MotoGP Austria\"],\"articleSection\":[\"MotoGP\"],\"inLanguage\":\"es\",\"potentialAction\":[{\"@type\":\"CommentAction\",\"name\":\"Comment\",\"target\":[\"https:\\\/\\\/www.boxrepsol.com\\\/es\\\/motogp\\\/sergio-garcia-dols-termina-dos-decimas-los-puntos-una-disputada-carrera\\\/#respond\"]}]},{\"@type\":\"WebPage\",\"@id\":\"https:\\\/\\\/www.boxrepsol.com\\\/es\\\/motogp\\\/sergio-garcia-dols-termina-dos-decimas-los-puntos-una-disputada-carrera\\\/\",\"url\":\"https:\\\/\\\/www.boxrepsol.com\\\/es\\\/motogp\\\/sergio-garcia-dols-termina-dos-decimas-los-puntos-una-disputada-carrera\\\/\",\"name\":\"GP de Austria 2020 - Moto3 - Sergio Garc\u00eda Dols termina a dos d\u00e9cimas de los puntos en una disputada carrera\",\"isPartOf\":{\"@id\":\"https:\\\/\\\/www.boxrepsol.com\\\/es\\\/#website\"},\"primaryImageOfPage\":{\"@id\":\"https:\\\/\\\/www.boxrepsol.com\\\/es\\\/motogp\\\/sergio-garcia-dols-termina-dos-decimas-los-puntos-una-disputada-carrera\\\/#primaryimage\"},\"image\":{\"@id\":\"https:\\\/\\\/www.boxrepsol.com\\\/es\\\/motogp\\\/sergio-garcia-dols-termina-dos-decimas-los-puntos-una-disputada-carrera\\\/#primaryimage\"},\"thumbnailUrl\":\"https:\\\/\\\/bxrepsol.s3.eu-west-1.amazonaws.com\\\/static\\\/2022\\\/08\\\/09115714\\\/Moto3-GP-de-Austria-03.jpg\",\"datePublished\":\"2020-08-16T02:00:00+00:00\",\"dateModified\":\"2024-04-19T10:15:32+00:00\",\"description\":\"El piloto Repsol de Moto3 ha mejorado su posici\u00f3n de salida en el GP de Austria, vig\u00e9simo, acabando decimosexto tras una continua batalla\",\"breadcrumb\":{\"@id\":\"https:\\\/\\\/www.boxrepsol.com\\\/es\\\/motogp\\\/sergio-garcia-dols-termina-dos-decimas-los-puntos-una-disputada-carrera\\\/#breadcrumb\"},\"inLanguage\":\"es\",\"potentialAction\":[{\"@type\":\"ReadAction\",\"target\":[\"https:\\\/\\\/www.boxrepsol.com\\\/es\\\/motogp\\\/sergio-garcia-dols-termina-dos-decimas-los-puntos-una-disputada-carrera\\\/\"]}]},{\"@type\":\"ImageObject\",\"inLanguage\":\"es\",\"@id\":\"https:\\\/\\\/www.boxrepsol.com\\\/es\\\/motogp\\\/sergio-garcia-dols-termina-dos-decimas-los-puntos-una-disputada-carrera\\\/#primaryimage\",\"url\":\"https:\\\/\\\/bxrepsol.s3.eu-west-1.amazonaws.com\\\/static\\\/2022\\\/08\\\/09115714\\\/Moto3-GP-de-Austria-03.jpg\",\"contentUrl\":\"https:\\\/\\\/bxrepsol.s3.eu-west-1.amazonaws.com\\\/static\\\/2022\\\/08\\\/09115714\\\/Moto3-GP-de-Austria-03.jpg\",\"width\":1280,\"height\":720,\"caption\":\"GP de Austria 2020 - Moto3\"},{\"@type\":\"BreadcrumbList\",\"@id\":\"https:\\\/\\\/www.boxrepsol.com\\\/es\\\/motogp\\\/sergio-garcia-dols-termina-dos-decimas-los-puntos-una-disputada-carrera\\\/#breadcrumb\",\"itemListElement\":[{\"@type\":\"ListItem\",\"position\":1,\"name\":\"Home\",\"item\":\"https:\\\/\\\/www.boxrepsol.com\\\/es\\\/\"},{\"@type\":\"ListItem\",\"position\":2,\"name\":\"Sergio Garc\u00eda Dols termina a dos d\u00e9cimas de los puntos en una disputada carrera\"}]},{\"@type\":\"WebSite\",\"@id\":\"https:\\\/\\\/www.boxrepsol.com\\\/es\\\/#website\",\"url\":\"https:\\\/\\\/www.boxrepsol.com\\\/es\\\/\",\"name\":\"Box Repsol\",\"description\":\"Box Repsol Site\",\"publisher\":{\"@id\":\"https:\\\/\\\/www.boxrepsol.com\\\/es\\\/#organization\"},\"potentialAction\":[{\"@type\":\"SearchAction\",\"target\":{\"@type\":\"EntryPoint\",\"urlTemplate\":\"https:\\\/\\\/www.boxrepsol.com\\\/es\\\/?s={search_term_string}\"},\"query-input\":{\"@type\":\"PropertyValueSpecification\",\"valueRequired\":true,\"valueName\":\"search_term_string\"}}],\"inLanguage\":\"es\"},{\"@type\":\"Organization\",\"@id\":\"https:\\\/\\\/www.boxrepsol.com\\\/es\\\/#organization\",\"name\":\"Box Repsol\",\"url\":\"https:\\\/\\\/www.boxrepsol.com\\\/es\\\/\",\"logo\":{\"@type\":\"ImageObject\",\"inLanguage\":\"es\",\"@id\":\"https:\\\/\\\/www.boxrepsol.com\\\/es\\\/#\\\/schema\\\/logo\\\/image\\\/\",\"url\":\"https:\\\/\\\/bxrepsol.s3.eu-west-1.amazonaws.com\\\/static\\\/2025\\\/07\\\/30083337\\\/favicon-96x96-1.png\",\"contentUrl\":\"https:\\\/\\\/bxrepsol.s3.eu-west-1.amazonaws.com\\\/static\\\/2025\\\/07\\\/30083337\\\/favicon-96x96-1.png\",\"width\":96,\"height\":96,\"caption\":\"Box Repsol\"},\"image\":{\"@id\":\"https:\\\/\\\/www.boxrepsol.com\\\/es\\\/#\\\/schema\\\/logo\\\/image\\\/\"},\"sameAs\":[\"https:\\\/\\\/www.facebook.com\\\/BoxRepsol\",\"https:\\\/\\\/x.com\\\/box_repsol\",\"http:\\\/\\\/instagram.com\\\/box_repsol\",\"https:\\\/\\\/www.youtube.com\\\/user\\\/RepsolCompeticion\",\"https:\\\/\\\/www.flickr.com\\\/photos\\\/box_repsol\\\/\"]},{\"@type\":\"Person\",\"@id\":\"https:\\\/\\\/www.boxrepsol.com\\\/es\\\/#\\\/schema\\\/person\\\/c5c2138f2cca251b0ad92b7086bb60b7\",\"name\":\"Redacci\u00f3n Box Repsol\",\"image\":{\"@type\":\"ImageObject\",\"inLanguage\":\"es\",\"@id\":\"https:\\\/\\\/secure.gravatar.com\\\/avatar\\\/adf7b77e38b4419baf32c7e9c21dde01f4e40df611f0978e3006fc4ba0aaab7e?s=96&d=mm&r=g\",\"url\":\"https:\\\/\\\/secure.gravatar.com\\\/avatar\\\/adf7b77e38b4419baf32c7e9c21dde01f4e40df611f0978e3006fc4ba0aaab7e?s=96&d=mm&r=g\",\"contentUrl\":\"https:\\\/\\\/secure.gravatar.com\\\/avatar\\\/adf7b77e38b4419baf32c7e9c21dde01f4e40df611f0978e3006fc4ba0aaab7e?s=96&d=mm&r=g\",\"caption\":\"Redacci\u00f3n Box Repsol\"},\"description\":\"Box Repsol lo forma un equipo de periodistas, community managers, dise\u00f1adores y fot\u00f3grafos con m\u00e1s de 20 a\u00f1os de experiencia en el mundo del motorsport. Hemos vivido el primer mundial de un espa\u00f1ol en la categor\u00eda reina de motociclismo con \u00c1lex Crivill\u00e9, estuvimos en las victorias de Pedrosa y los t\u00edtulos de M\u00e1rquez, acompa\u00f1amos en \u00c1frica a Nani Roma y Marc Coma en sus conquistas del Dakar y hemos vibrado con los t\u00edtulos de Toni Bou en Trial. Adem\u00e1s, en nuestro equipo contamos con expertos en el mundo de las dos y cuatro ruedas tanto de la calle y las carreteras, como de los circuitos. Periodistas que han trabajado en revistas y publicaciones para hacerte llegar desde rutas y consejos de mantenimiento, a curiosidades y trucos de pilotaje.\",\"sameAs\":[\"https:\\\/\\\/www.facebook.com\\\/BoxRepsol\\\/\",\"https:\\\/\\\/www.instagram.com\\\/box_repsol\\\/\",\"https:\\\/\\\/x.com\\\/https:\\\/\\\/twitter.com\\\/box_repsol\",\"https:\\\/\\\/www.youtube.com\\\/@Boxrepsol\"],\"url\":\"https:\\\/\\\/www.boxrepsol.com\\\/es\\\/author\\\/redaccion-box-repsol\\\/\"}]}<\/script>\n<!-- \/ Yoast SEO plugin. -->","yoast_head_json":{"title":"GP de Austria 2020 - Moto3 - Sergio Garc\u00eda Dols termina a dos d\u00e9cimas de los puntos en una disputada carrera","description":"El piloto Repsol de Moto3 ha mejorado su posici\u00f3n de salida en el GP de Austria, vig\u00e9simo, acabando decimosexto tras una continua batalla","canonical":"https:\/\/www.boxrepsol.com\/es\/motogp\/sergio-garcia-dols-termina-dos-decimas-los-puntos-una-disputada-carrera\/","og_locale":"es_ES","og_type":"article","og_title":"GP de Austria 2020 - Moto3 - Sergio Garc\u00eda Dols termina a dos d\u00e9cimas de los puntos en una disputada carrera","og_description":"El piloto Repsol de Moto3 ha mejorado su posici\u00f3n de salida en el GP de Austria, vig\u00e9simo, acabando decimosexto tras una continua batalla","og_url":"https:\/\/www.boxrepsol.com\/es\/motogp\/sergio-garcia-dols-termina-dos-decimas-los-puntos-una-disputada-carrera\/","og_site_name":"Box Repsol","article_publisher":"https:\/\/www.facebook.com\/BoxRepsol","article_author":"https:\/\/www.facebook.com\/BoxRepsol\/","article_published_time":"2020-08-16T02:00:00+00:00","article_modified_time":"2024-04-19T10:15:32+00:00","og_image":[{"width":1280,"height":720,"url":"https:\/\/bxrepsol.s3.eu-west-1.amazonaws.com\/static\/2022\/08\/09115714\/Moto3-GP-de-Austria-03.jpg","type":"image\/jpeg"}],"author":"Redacci\u00f3n Box Repsol","twitter_card":"summary_large_image","twitter_creator":"@https:\/\/twitter.com\/box_repsol","twitter_site":"@box_repsol","twitter_misc":{"Written by":"Redacci\u00f3n Box Repsol","Est. reading time":"2 minutos"},"schema":{"@context":"https:\/\/schema.org","@graph":[{"@type":"Article","@id":"https:\/\/www.boxrepsol.com\/es\/motogp\/sergio-garcia-dols-termina-dos-decimas-los-puntos-una-disputada-carrera\/#article","isPartOf":{"@id":"https:\/\/www.boxrepsol.com\/es\/motogp\/sergio-garcia-dols-termina-dos-decimas-los-puntos-una-disputada-carrera\/"},"author":{"name":"Redacci\u00f3n Box Repsol","@id":"https:\/\/www.boxrepsol.com\/es\/#\/schema\/person\/c5c2138f2cca251b0ad92b7086bb60b7"},"headline":"Sergio Garc\u00eda Dols termina a dos d\u00e9cimas de los puntos en una disputada carrera","datePublished":"2020-08-16T02:00:00+00:00","dateModified":"2024-04-19T10:15:32+00:00","mainEntityOfPage":{"@id":"https:\/\/www.boxrepsol.com\/es\/motogp\/sergio-garcia-dols-termina-dos-decimas-los-puntos-una-disputada-carrera\/"},"wordCount":368,"commentCount":0,"publisher":{"@id":"https:\/\/www.boxrepsol.com\/es\/#organization"},"image":{"@id":"https:\/\/www.boxrepsol.com\/es\/motogp\/sergio-garcia-dols-termina-dos-decimas-los-puntos-una-disputada-carrera\/#primaryimage"},"thumbnailUrl":"https:\/\/bxrepsol.s3.eu-west-1.amazonaws.com\/static\/2022\/08\/09115714\/Moto3-GP-de-Austria-03.jpg","keywords":["2020","Moto3","MotoGP Austria"],"articleSection":["MotoGP"],"inLanguage":"es","potentialAction":[{"@type":"CommentAction","name":"Comment","target":["https:\/\/www.boxrepsol.com\/es\/motogp\/sergio-garcia-dols-termina-dos-decimas-los-puntos-una-disputada-carrera\/#respond"]}]},{"@type":"WebPage","@id":"https:\/\/www.boxrepsol.com\/es\/motogp\/sergio-garcia-dols-termina-dos-decimas-los-puntos-una-disputada-carrera\/","url":"https:\/\/www.boxrepsol.com\/es\/motogp\/sergio-garcia-dols-termina-dos-decimas-los-puntos-una-disputada-carrera\/","name":"GP de Austria 2020 - Moto3 - Sergio Garc\u00eda Dols termina a dos d\u00e9cimas de los puntos en una disputada carrera","isPartOf":{"@id":"https:\/\/www.boxrepsol.com\/es\/#website"},"primaryImageOfPage":{"@id":"https:\/\/www.boxrepsol.com\/es\/motogp\/sergio-garcia-dols-termina-dos-decimas-los-puntos-una-disputada-carrera\/#primaryimage"},"image":{"@id":"https:\/\/www.boxrepsol.com\/es\/motogp\/sergio-garcia-dols-termina-dos-decimas-los-puntos-una-disputada-carrera\/#primaryimage"},"thumbnailUrl":"https:\/\/bxrepsol.s3.eu-west-1.amazonaws.com\/static\/2022\/08\/09115714\/Moto3-GP-de-Austria-03.jpg","datePublished":"2020-08-16T02:00:00+00:00","dateModified":"2024-04-19T10:15:32+00:00","description":"El piloto Repsol de Moto3 ha mejorado su posici\u00f3n de salida en el GP de Austria, vig\u00e9simo, acabando decimosexto tras una continua batalla","breadcrumb":{"@id":"https:\/\/www.boxrepsol.com\/es\/motogp\/sergio-garcia-dols-termina-dos-decimas-los-puntos-una-disputada-carrera\/#breadcrumb"},"inLanguage":"es","potentialAction":[{"@type":"ReadAction","target":["https:\/\/www.boxrepsol.com\/es\/motogp\/sergio-garcia-dols-termina-dos-decimas-los-puntos-una-disputada-carrera\/"]}]},{"@type":"ImageObject","inLanguage":"es","@id":"https:\/\/www.boxrepsol.com\/es\/motogp\/sergio-garcia-dols-termina-dos-decimas-los-puntos-una-disputada-carrera\/#primaryimage","url":"https:\/\/bxrepsol.s3.eu-west-1.amazonaws.com\/static\/2022\/08\/09115714\/Moto3-GP-de-Austria-03.jpg","contentUrl":"https:\/\/bxrepsol.s3.eu-west-1.amazonaws.com\/static\/2022\/08\/09115714\/Moto3-GP-de-Austria-03.jpg","width":1280,"height":720,"caption":"GP de Austria 2020 - Moto3"},{"@type":"BreadcrumbList","@id":"https:\/\/www.boxrepsol.com\/es\/motogp\/sergio-garcia-dols-termina-dos-decimas-los-puntos-una-disputada-carrera\/#breadcrumb","itemListElement":[{"@type":"ListItem","position":1,"name":"Home","item":"https:\/\/www.boxrepsol.com\/es\/"},{"@type":"ListItem","position":2,"name":"Sergio Garc\u00eda Dols termina a dos d\u00e9cimas de los puntos en una disputada carrera"}]},{"@type":"WebSite","@id":"https:\/\/www.boxrepsol.com\/es\/#website","url":"https:\/\/www.boxrepsol.com\/es\/","name":"Box Repsol","description":"Box Repsol Site","publisher":{"@id":"https:\/\/www.boxrepsol.com\/es\/#organization"},"potentialAction":[{"@type":"SearchAction","target":{"@type":"EntryPoint","urlTemplate":"https:\/\/www.boxrepsol.com\/es\/?s={search_term_string}"},"query-input":{"@type":"PropertyValueSpecification","valueRequired":true,"valueName":"search_term_string"}}],"inLanguage":"es"},{"@type":"Organization","@id":"https:\/\/www.boxrepsol.com\/es\/#organization","name":"Box Repsol","url":"https:\/\/www.boxrepsol.com\/es\/","logo":{"@type":"ImageObject","inLanguage":"es","@id":"https:\/\/www.boxrepsol.com\/es\/#\/schema\/logo\/image\/","url":"https:\/\/bxrepsol.s3.eu-west-1.amazonaws.com\/static\/2025\/07\/30083337\/favicon-96x96-1.png","contentUrl":"https:\/\/bxrepsol.s3.eu-west-1.amazonaws.com\/static\/2025\/07\/30083337\/favicon-96x96-1.png","width":96,"height":96,"caption":"Box Repsol"},"image":{"@id":"https:\/\/www.boxrepsol.com\/es\/#\/schema\/logo\/image\/"},"sameAs":["https:\/\/www.facebook.com\/BoxRepsol","https:\/\/x.com\/box_repsol","http:\/\/instagram.com\/box_repsol","https:\/\/www.youtube.com\/user\/RepsolCompeticion","https:\/\/www.flickr.com\/photos\/box_repsol\/"]},{"@type":"Person","@id":"https:\/\/www.boxrepsol.com\/es\/#\/schema\/person\/c5c2138f2cca251b0ad92b7086bb60b7","name":"Redacci\u00f3n Box Repsol","image":{"@type":"ImageObject","inLanguage":"es","@id":"https:\/\/secure.gravatar.com\/avatar\/adf7b77e38b4419baf32c7e9c21dde01f4e40df611f0978e3006fc4ba0aaab7e?s=96&d=mm&r=g","url":"https:\/\/secure.gravatar.com\/avatar\/adf7b77e38b4419baf32c7e9c21dde01f4e40df611f0978e3006fc4ba0aaab7e?s=96&d=mm&r=g","contentUrl":"https:\/\/secure.gravatar.com\/avatar\/adf7b77e38b4419baf32c7e9c21dde01f4e40df611f0978e3006fc4ba0aaab7e?s=96&d=mm&r=g","caption":"Redacci\u00f3n Box Repsol"},"description":"Box Repsol lo forma un equipo de periodistas, community managers, dise\u00f1adores y fot\u00f3grafos con m\u00e1s de 20 a\u00f1os de experiencia en el mundo del motorsport. Hemos vivido el primer mundial de un espa\u00f1ol en la categor\u00eda reina de motociclismo con \u00c1lex Crivill\u00e9, estuvimos en las victorias de Pedrosa y los t\u00edtulos de M\u00e1rquez, acompa\u00f1amos en \u00c1frica a Nani Roma y Marc Coma en sus conquistas del Dakar y hemos vibrado con los t\u00edtulos de Toni Bou en Trial. Adem\u00e1s, en nuestro equipo contamos con expertos en el mundo de las dos y cuatro ruedas tanto de la calle y las carreteras, como de los circuitos. Periodistas que han trabajado en revistas y publicaciones para hacerte llegar desde rutas y consejos de mantenimiento, a curiosidades y trucos de pilotaje.","sameAs":["https:\/\/www.facebook.com\/BoxRepsol\/","https:\/\/www.instagram.com\/box_repsol\/","https:\/\/x.com\/https:\/\/twitter.com\/box_repsol","https:\/\/www.youtube.com\/@Boxrepsol"],"url":"https:\/\/www.boxrepsol.com\/es\/author\/redaccion-box-repsol\/"}]}},"_links":{"self":[{"href":"https:\/\/www.boxrepsol.com\/es\/wp-json\/wp\/v2\/posts\/94580","targetHints":{"allow":["GET"]}}],"collection":[{"href":"https:\/\/www.boxrepsol.com\/es\/wp-json\/wp\/v2\/posts"}],"about":[{"href":"https:\/\/www.boxrepsol.com\/es\/wp-json\/wp\/v2\/types\/post"}],"author":[{"embeddable":true,"href":"https:\/\/www.boxrepsol.com\/es\/wp-json\/wp\/v2\/users\/43146"}],"replies":[{"embeddable":true,"href":"https:\/\/www.boxrepsol.com\/es\/wp-json\/wp\/v2\/comments?post=94580"}],"version-history":[{"count":1,"href":"https:\/\/www.boxrepsol.com\/es\/wp-json\/wp\/v2\/posts\/94580\/revisions"}],"predecessor-version":[{"id":94581,"href":"https:\/\/www.boxrepsol.com\/es\/wp-json\/wp\/v2\/posts\/94580\/revisions\/94581"}],"wp:featuredmedia":[{"embeddable":true,"href":"https:\/\/www.boxrepsol.com\/es\/wp-json\/wp\/v2\/media\/40749"}],"wp:attachment":[{"href":"https:\/\/www.boxrepsol.com\/es\/wp-json\/wp\/v2\/media?parent=94580"}],"wp:term":[{"taxonomy":"category","embeddable":true,"href":"https:\/\/www.boxrepsol.com\/es\/wp-json\/wp\/v2\/categories?post=94580"},{"taxonomy":"post_tag","embeddable":true,"href":"https:\/\/www.boxrepsol.com\/es\/wp-json\/wp\/v2\/tags?post=94580"}],"curies":[{"name":"wp","href":"https:\/\/api.w.org\/{rel}","templated":true}]}}