{"id":94568,"date":"2020-08-09T00:00:00","date_gmt":"2020-08-09T02:00:00","guid":{"rendered":"http:\/\/pre.boxrepsol.com\/sin-categorizar\/gp-de-la-republica-checa-2020-alex-marquez-puntua-en-brno\/"},"modified":"2024-10-03T06:06:27","modified_gmt":"2024-10-03T08:06:27","slug":"gp-de-la-republica-checa-2020-alex-marquez-puntua-en-brno","status":"publish","type":"post","link":"https:\/\/www.boxrepsol.com\/es\/motogp\/gp-de-la-republica-checa-2020-alex-marquez-puntua-en-brno\/","title":{"rendered":"GP de la Rep\u00fablica Checa 2020:  \u00c1lex M\u00e1rquez punt\u00faa tambi\u00e9n en Brno"},"content":{"rendered":"<p>El rookie del equipo Repsol Honda ha protagonizado una remontado desde la \u00faltima plaza de la parrilla de salida hasta los puntos, acabando en decimoquinta posici\u00f3n. Con este resultado, \u00c1lex M\u00e1rquez ha logrado sumar en todas las carreras que ha disputado en su primera temporada en MotoGP.<\/p>\n<p>Su compa\u00f1ero de equipo, <strong>Stefan Bradl<\/strong>, ha arrancado vig\u00e9simo el Gran Premio de la Rep\u00fablica Checa, pero ha sabido completar una dif\u00edcil carrera para terminar decimoctavo.<\/p>\n<p>En la clasificaci\u00f3n general, <strong>\u00c1lex M\u00e1rquez<\/strong> es decimotercero, con 13 puntos, antes de llegar al GP de Austria del pr\u00f3ximo fin de semana. Stefan Bradl competir\u00e1 de nuevo con el equipo Repsol Honda en esa prueba, mientras el vigente Campe\u00f3n del Mundo Marc M\u00e1rquez contin\u00faa recuper\u00e1ndose de su intervenci\u00f3n.<\/p>\n<p><!-- Imagen relacionada --><br \/>\n<img loading=\"lazy\" decoding=\"async\" src=\"https:\/\/bxrepsol.s3.eu-west-1.amazonaws.com\/static\/2022\/08\/09115606\/gp-de-la-republica-checa-moto3-1.jpg\" alt=\"Sergio Garc\u00eda Dols durante la carrera del GP de la Rep\u00fablica Checa Moto3 2020\" width=\"404\" height=\"336\" \/><\/p>\n<p><a href=\"https:\/\/bxrepsol.s3.eu-west-1.amazonaws.com\/static\/2022\/08\/09115607\/pit-lane-box-repsol-republica-checa-2020.jpg\" data-index=\"0\"><br \/>\n<img decoding=\"async\" title=\"pit-lane-box-repsol-republica-checa-2020\" src=\"https:\/\/bxrepsol.s3.eu-west-1.amazonaws.com\/static\/2022\/08\/09115607\/pit-lane-box-repsol-republica-checa-2020.jpg\" srcset=\"https:\/\/bxrepsol.s3.eu-west-1.amazonaws.com\/static\/2022\/08\/09115607\/pit-lane-box-repsol-republica-checa-2020.jpg 1280w, https:\/\/bxrepsol.s3.eu-west-1.amazonaws.com\/static\/2022\/08\/09115607\/pit-lane-box-repsol-republica-checa-2020.jpg 900w, https:\/\/bxrepsol.s3.eu-west-1.amazonaws.com\/static\/2022\/08\/09115607\/pit-lane-box-repsol-republica-checa-2020.jpg 600w, https:\/\/bxrepsol.s3.eu-west-1.amazonaws.com\/static\/2022\/08\/09115607\/pit-lane-box-repsol-republica-checa-2020.jpg 480w, https:\/\/bxrepsol.s3.eu-west-1.amazonaws.com\/static\/2022\/08\/09115607\/pit-lane-box-repsol-republica-checa-2020.jpg 32w\" alt=\"El puesto del Equipo Repsol Honda en el pitlane del circuito de Brno\" data-title=\"\" \/><br \/>\n<\/a><br \/>\n<a href=\"https:\/\/bxrepsol.s3.eu-west-1.amazonaws.com\/static\/2022\/08\/09115608\/bradl-republica-checa-carrera-2020.jpg\" data-index=\"1\"><br \/>\n<img decoding=\"async\" title=\"bradl-republica-checa-carrera-2020\" src=\"https:\/\/bxrepsol.s3.eu-west-1.amazonaws.com\/static\/2022\/08\/09115608\/bradl-republica-checa-carrera-2020.jpg\" srcset=\"https:\/\/bxrepsol.s3.eu-west-1.amazonaws.com\/static\/2022\/08\/09115608\/bradl-republica-checa-carrera-2020.jpg 1280w, https:\/\/bxrepsol.s3.eu-west-1.amazonaws.com\/static\/2022\/08\/09115608\/bradl-republica-checa-carrera-2020.jpg 900w, https:\/\/bxrepsol.s3.eu-west-1.amazonaws.com\/static\/2022\/08\/09115608\/bradl-republica-checa-carrera-2020.jpg 600w, https:\/\/bxrepsol.s3.eu-west-1.amazonaws.com\/static\/2022\/08\/09115608\/bradl-republica-checa-carrera-2020.jpg 480w, https:\/\/bxrepsol.s3.eu-west-1.amazonaws.com\/static\/2022\/08\/09115608\/bradl-republica-checa-carrera-2020.jpg 32w\" alt=\"Stefan Bradl rodando durante la carrera del GP de la Rep\u00fablica Checa 2020\" data-title=\"\" \/><br \/>\n<\/a><br \/>\n<a href=\"https:\/\/bxrepsol.s3.eu-west-1.amazonaws.com\/static\/2022\/08\/09115610\/alex-marquez-republica-checa-rc213v-2020.jpg\" data-index=\"2\"><br \/>\n<img decoding=\"async\" title=\"alex-marquez-republica-checa-rc213v-2020\" src=\"https:\/\/bxrepsol.s3.eu-west-1.amazonaws.com\/static\/2022\/08\/09115610\/alex-marquez-republica-checa-rc213v-2020.jpg\" srcset=\"https:\/\/bxrepsol.s3.eu-west-1.amazonaws.com\/static\/2022\/08\/09115610\/alex-marquez-republica-checa-rc213v-2020.jpg 1280w, https:\/\/bxrepsol.s3.eu-west-1.amazonaws.com\/static\/2022\/08\/09115610\/alex-marquez-republica-checa-rc213v-2020.jpg 900w, https:\/\/bxrepsol.s3.eu-west-1.amazonaws.com\/static\/2022\/08\/09115610\/alex-marquez-republica-checa-rc213v-2020.jpg 600w, https:\/\/bxrepsol.s3.eu-west-1.amazonaws.com\/static\/2022\/08\/09115610\/alex-marquez-republica-checa-rc213v-2020.jpg 480w, https:\/\/bxrepsol.s3.eu-west-1.amazonaws.com\/static\/2022\/08\/09115610\/alex-marquez-republica-checa-rc213v-2020.jpg 32w\" alt=\"\u00c1lex M\u00e1rquez rodando durante la carrera del GP de la Rep\u00fablica Checa 2020\" data-title=\"\" \/><br \/>\n<\/a><br \/>\n<a href=\"https:\/\/bxrepsol.s3.eu-west-1.amazonaws.com\/static\/2022\/08\/09115611\/bradl-entrando-rc213v-brno-2020.jpg\" data-index=\"3\"><br \/>\n<img decoding=\"async\" title=\"bradl-entrando-rc213v-brno-2020\" src=\"https:\/\/bxrepsol.s3.eu-west-1.amazonaws.com\/static\/2022\/08\/09115611\/bradl-entrando-rc213v-brno-2020.jpg\" srcset=\"https:\/\/bxrepsol.s3.eu-west-1.amazonaws.com\/static\/2022\/08\/09115611\/bradl-entrando-rc213v-brno-2020.jpg 1280w, https:\/\/bxrepsol.s3.eu-west-1.amazonaws.com\/static\/2022\/08\/09115611\/bradl-entrando-rc213v-brno-2020.jpg 900w, https:\/\/bxrepsol.s3.eu-west-1.amazonaws.com\/static\/2022\/08\/09115611\/bradl-entrando-rc213v-brno-2020.jpg 600w, https:\/\/bxrepsol.s3.eu-west-1.amazonaws.com\/static\/2022\/08\/09115611\/bradl-entrando-rc213v-brno-2020.jpg 480w, https:\/\/bxrepsol.s3.eu-west-1.amazonaws.com\/static\/2022\/08\/09115611\/bradl-entrando-rc213v-brno-2020.jpg 32w\" alt=\"Stefan Bradl rodando durante la carrera del GP de la Rep\u00fablica Checa 2020\" data-title=\"\" \/><br \/>\n<\/a><br \/>\n<a href=\"https:\/\/bxrepsol.s3.eu-west-1.amazonaws.com\/static\/2022\/08\/09115612\/alex-marquez-republica-checa-brno-20201.jpg\" data-index=\"4\"><br \/>\n<img decoding=\"async\" title=\"alex-marquez-republica-checa-brno-20201\" src=\"https:\/\/bxrepsol.s3.eu-west-1.amazonaws.com\/static\/2022\/08\/09115612\/alex-marquez-republica-checa-brno-20201.jpg\" srcset=\"https:\/\/bxrepsol.s3.eu-west-1.amazonaws.com\/static\/2022\/08\/09115612\/alex-marquez-republica-checa-brno-20201.jpg 1280w, https:\/\/bxrepsol.s3.eu-west-1.amazonaws.com\/static\/2022\/08\/09115612\/alex-marquez-republica-checa-brno-20201.jpg 900w, https:\/\/bxrepsol.s3.eu-west-1.amazonaws.com\/static\/2022\/08\/09115612\/alex-marquez-republica-checa-brno-20201.jpg 600w, https:\/\/bxrepsol.s3.eu-west-1.amazonaws.com\/static\/2022\/08\/09115612\/alex-marquez-republica-checa-brno-20201.jpg 480w, https:\/\/bxrepsol.s3.eu-west-1.amazonaws.com\/static\/2022\/08\/09115612\/alex-marquez-republica-checa-brno-20201.jpg 32w\" alt=\"\u00c1lex M\u00e1rquez rodando durante la carrera del GP de la Rep\u00fablica Checa 2020\" data-title=\"\" \/><br \/>\n<\/a><br \/>\n<a href=\"https:\/\/bxrepsol.s3.eu-west-1.amazonaws.com\/static\/2022\/08\/09115612\/bradl-entrando-a-box-brrno-2020.jpg\" data-index=\"5\"><br \/>\n<img decoding=\"async\" title=\"bradl-entrando-a-box-brrno-2020\" src=\"https:\/\/bxrepsol.s3.eu-west-1.amazonaws.com\/static\/2022\/08\/09115612\/bradl-entrando-a-box-brrno-2020.jpg\" srcset=\"https:\/\/bxrepsol.s3.eu-west-1.amazonaws.com\/static\/2022\/08\/09115612\/bradl-entrando-a-box-brrno-2020.jpg 1280w, https:\/\/bxrepsol.s3.eu-west-1.amazonaws.com\/static\/2022\/08\/09115612\/bradl-entrando-a-box-brrno-2020.jpg 900w, https:\/\/bxrepsol.s3.eu-west-1.amazonaws.com\/static\/2022\/08\/09115612\/bradl-entrando-a-box-brrno-2020.jpg 600w, https:\/\/bxrepsol.s3.eu-west-1.amazonaws.com\/static\/2022\/08\/09115612\/bradl-entrando-a-box-brrno-2020.jpg 480w, https:\/\/bxrepsol.s3.eu-west-1.amazonaws.com\/static\/2022\/08\/09115612\/bradl-entrando-a-box-brrno-2020.jpg 32w\" alt=\"Stefan Bradl bajandose de la moto durante la carrera del GP de la Rep\u00fablica Checa 2020\" data-title=\"\" \/><br \/>\n<\/a><br \/>\n<a href=\"https:\/\/bxrepsol.s3.eu-west-1.amazonaws.com\/static\/2022\/08\/09115613\/alex-marquez-brno-20201.jpg\" data-index=\"6\"><br \/>\n<img decoding=\"async\" title=\"alex-marquez-brno-20201\" src=\"https:\/\/bxrepsol.s3.eu-west-1.amazonaws.com\/static\/2022\/08\/09115613\/alex-marquez-brno-20201.jpg\" srcset=\"https:\/\/bxrepsol.s3.eu-west-1.amazonaws.com\/static\/2022\/08\/09115613\/alex-marquez-brno-20201.jpg 1280w, https:\/\/bxrepsol.s3.eu-west-1.amazonaws.com\/static\/2022\/08\/09115613\/alex-marquez-brno-20201.jpg 900w, https:\/\/bxrepsol.s3.eu-west-1.amazonaws.com\/static\/2022\/08\/09115613\/alex-marquez-brno-20201.jpg 600w, https:\/\/bxrepsol.s3.eu-west-1.amazonaws.com\/static\/2022\/08\/09115613\/alex-marquez-brno-20201.jpg 480w, https:\/\/bxrepsol.s3.eu-west-1.amazonaws.com\/static\/2022\/08\/09115613\/alex-marquez-brno-20201.jpg 32w\" alt=\"\u00c1lex M\u00e1rquez rodando durante la carrera del GP de la Rep\u00fablica Checa 2020\" data-title=\"\" \/><br \/>\n<\/a><br \/>\n<a href=\"https:\/\/bxrepsol.s3.eu-west-1.amazonaws.com\/static\/2022\/08\/09115614\/alex-marquez-republica-checa-20202.jpg\" data-index=\"7\"><br \/>\n<img decoding=\"async\" title=\"alex-marquez-republica-checa-20202\" src=\"https:\/\/bxrepsol.s3.eu-west-1.amazonaws.com\/static\/2022\/08\/09115614\/alex-marquez-republica-checa-20202.jpg\" srcset=\"https:\/\/bxrepsol.s3.eu-west-1.amazonaws.com\/static\/2022\/08\/09115614\/alex-marquez-republica-checa-20202.jpg 1280w, https:\/\/bxrepsol.s3.eu-west-1.amazonaws.com\/static\/2022\/08\/09115614\/alex-marquez-republica-checa-20202.jpg 900w, https:\/\/bxrepsol.s3.eu-west-1.amazonaws.com\/static\/2022\/08\/09115614\/alex-marquez-republica-checa-20202.jpg 600w, https:\/\/bxrepsol.s3.eu-west-1.amazonaws.com\/static\/2022\/08\/09115614\/alex-marquez-republica-checa-20202.jpg 480w, https:\/\/bxrepsol.s3.eu-west-1.amazonaws.com\/static\/2022\/08\/09115614\/alex-marquez-republica-checa-20202.jpg 32w\" alt=\"\u00c1lex M\u00e1rquez rodando durante la carrera del GP de la Rep\u00fablica Checa 2020\" data-title=\"\" \/><br \/>\n<\/a><br \/>\n<button data-glide-dir=\"&lt;\"><\/p>\n<p><\/button><br \/>\n<button data-glide-dir=\"&gt;\"><\/p>\n<p><\/button><\/p>\n<h2>GP de la Rep\u00fablica Checa 2020 &#8211; Carrera &#8211; Declaraciones de los pilotos<\/h2>\n<p><a href=\"https:\/\/twitter.com\/hashtag\/AM73?src=hash&amp;lang=es\">#AM73<\/a><\/p>\n<p><em><strong> He aprendido mucho sobre la gesti\u00f3n de los neum\u00e1ticos. <\/strong> \u00abHa sido un d\u00eda duro; esperaba mucho m\u00e1s de este fin de semana, la verdad. A veces, cuando esperas demasiado, puede suceder esto. Pero de todas maneras, hemos aprendido algunas cosas nuevas ya que \u00e9sta ha sido la primera carrera con muchos cambios en los neum\u00e1ticos. He perdido mucho tiempo adelantando a Bradl y Smith; realmente ah\u00ed se han ido al traste mis opciones ah\u00ed. Despu\u00e9s de eso el ritmo no ha estado mal y he aprendido mucho sobre la gesti\u00f3n de los neum\u00e1ticos. No ha sido el fin de semana que pens\u00e1bamos pero hemos seguido aprendiendo\u201d.<\/em><\/p>\n<hr \/>\n<p><a href=\"https:\/\/twitter.com\/hashtag\/stefanbradl?src=hash&amp;lang=es\">#SB6<\/a><\/p>\n<p><em><strong>Tenemos datos de todo un Gran Premio para comprender mejor la moto.<\/strong>\u00abSinceramente, ha sido un d\u00eda muy duro. Llegar a un fin de semana de carreras siempre es complicado, as\u00ed que hemos hecho lo m\u00e1ximo que hemos podido. En la carrera no me he sentido realmente c\u00f3modo sobre la moto, pero he podido hacer una buena salida. En la vuelta 7, desafortunadamente he cometido un error frenando en la entrada de la curva 1 y me he ido largo. A partir de ese momento he pilotado solo y he hecho lo que he podido. Tengo ganas de pasar al pr\u00f3ximo fin de semana. Tenemos datos de todo un Gran Premio para comprender mejor la moto, as\u00ed que veremos qu\u00e9 podemos hacer\u00bb.<\/em><\/p>\n","protected":false},"excerpt":{"rendered":"<p>El piloto del equipo Repsol Honda ha finalizado decimoquinto a pesar de salir \u00faltimo de la parrilla, puntuando as\u00ed en todas las carreras del a\u00f1o. Bradl ha sido decimoctavo.<\/p>\n","protected":false},"author":43146,"featured_media":40655,"comment_status":"open","ping_status":"open","sticky":false,"template":"","format":"standard","meta":{"footnotes":""},"categories":[4],"tags":[191,192,136,50,144],"class_list":["post-94568","post","type-post","status-publish","format-standard","hentry","category-motogp","tag-191","tag-alex-marquez","tag-campeonato-del-mundo-de-motociclismo","tag-equipo-repsol-honda","tag-motogp-republica-checa"],"yoast_head":"<!-- This site is optimized with the Yoast SEO plugin v27.3 - https:\/\/yoast.com\/product\/yoast-seo-wordpress\/ -->\n<title>GP de la Rep\u00fablica Checa 2020: \u00c1lex M\u00e1rquez punt\u00faa tambi\u00e9n en Brno - Box Repsol<\/title>\n<meta name=\"description\" content=\"GP de la Rep\u00fablica Checa 2020: \u00c1lex ha finalizado decimoquinto pese a salir \u00faltimo, puntuando as\u00ed en todas las carreras del a\u00f1o. Bradl ha sido decimoctavo.\" \/>\n<link rel=\"canonical\" href=\"https:\/\/www.boxrepsol.com\/es\/motogp\/gp-de-la-republica-checa-2020-alex-marquez-puntua-en-brno\/\" \/>\n<meta property=\"og:locale\" content=\"es_ES\" \/>\n<meta property=\"og:type\" content=\"article\" \/>\n<meta property=\"og:title\" content=\"GP de la Rep\u00fablica Checa 2020: \u00c1lex M\u00e1rquez punt\u00faa tambi\u00e9n en Brno - Box Repsol\" \/>\n<meta property=\"og:description\" content=\"GP de la Rep\u00fablica Checa 2020: \u00c1lex ha finalizado decimoquinto pese a salir \u00faltimo, puntuando as\u00ed en todas las carreras del a\u00f1o. Bradl ha sido decimoctavo.\" \/>\n<meta property=\"og:url\" content=\"https:\/\/www.boxrepsol.com\/es\/motogp\/gp-de-la-republica-checa-2020-alex-marquez-puntua-en-brno\/\" \/>\n<meta property=\"og:site_name\" content=\"Box Repsol\" \/>\n<meta property=\"article:publisher\" content=\"https:\/\/www.facebook.com\/BoxRepsol\" \/>\n<meta property=\"article:author\" content=\"https:\/\/www.facebook.com\/BoxRepsol\/\" \/>\n<meta property=\"article:published_time\" content=\"2020-08-09T02:00:00+00:00\" \/>\n<meta property=\"article:modified_time\" content=\"2024-10-03T08:06:27+00:00\" \/>\n<meta property=\"og:image\" content=\"https:\/\/bxrepsol.s3.eu-west-1.amazonaws.com\/static\/2022\/08\/09115616\/alex-marquez-stefan-bradl-republica-checa-rc213v-2020.jpg\" \/>\n\t<meta property=\"og:image:width\" content=\"1280\" \/>\n\t<meta property=\"og:image:height\" content=\"720\" \/>\n\t<meta property=\"og:image:type\" content=\"image\/jpeg\" \/>\n<meta name=\"author\" content=\"Redacci\u00f3n Box Repsol\" \/>\n<meta name=\"twitter:card\" content=\"summary_large_image\" \/>\n<meta name=\"twitter:creator\" content=\"@https:\/\/twitter.com\/box_repsol\" \/>\n<meta name=\"twitter:site\" content=\"@box_repsol\" \/>\n<meta name=\"twitter:label1\" content=\"Written by\" \/>\n\t<meta name=\"twitter:data1\" content=\"Redacci\u00f3n Box Repsol\" \/>\n\t<meta name=\"twitter:label2\" content=\"Est. reading time\" \/>\n\t<meta name=\"twitter:data2\" content=\"2 minutos\" \/>\n<script type=\"application\/ld+json\" class=\"yoast-schema-graph\">{\"@context\":\"https:\\\/\\\/schema.org\",\"@graph\":[{\"@type\":\"Article\",\"@id\":\"https:\\\/\\\/www.boxrepsol.com\\\/es\\\/motogp\\\/gp-de-la-republica-checa-2020-alex-marquez-puntua-en-brno\\\/#article\",\"isPartOf\":{\"@id\":\"https:\\\/\\\/www.boxrepsol.com\\\/es\\\/motogp\\\/gp-de-la-republica-checa-2020-alex-marquez-puntua-en-brno\\\/\"},\"author\":{\"name\":\"Redacci\u00f3n Box Repsol\",\"@id\":\"https:\\\/\\\/www.boxrepsol.com\\\/es\\\/#\\\/schema\\\/person\\\/c5c2138f2cca251b0ad92b7086bb60b7\"},\"headline\":\"GP de la Rep\u00fablica Checa 2020: \u00c1lex M\u00e1rquez punt\u00faa tambi\u00e9n en Brno\",\"datePublished\":\"2020-08-09T02:00:00+00:00\",\"dateModified\":\"2024-10-03T08:06:27+00:00\",\"mainEntityOfPage\":{\"@id\":\"https:\\\/\\\/www.boxrepsol.com\\\/es\\\/motogp\\\/gp-de-la-republica-checa-2020-alex-marquez-puntua-en-brno\\\/\"},\"wordCount\":404,\"commentCount\":0,\"publisher\":{\"@id\":\"https:\\\/\\\/www.boxrepsol.com\\\/es\\\/#organization\"},\"image\":{\"@id\":\"https:\\\/\\\/www.boxrepsol.com\\\/es\\\/motogp\\\/gp-de-la-republica-checa-2020-alex-marquez-puntua-en-brno\\\/#primaryimage\"},\"thumbnailUrl\":\"https:\\\/\\\/bxrepsol.s3.eu-west-1.amazonaws.com\\\/static\\\/2022\\\/08\\\/09115616\\\/alex-marquez-stefan-bradl-republica-checa-rc213v-2020.jpg\",\"keywords\":[\"2020\",\"\u00c1lex M\u00e1rquez\",\"Campeonato del Mundo de Motociclismo\",\"Equipo Repsol Honda\",\"MotoGP Rep\u00fablica Checa\"],\"articleSection\":[\"MotoGP\"],\"inLanguage\":\"es\",\"potentialAction\":[{\"@type\":\"CommentAction\",\"name\":\"Comment\",\"target\":[\"https:\\\/\\\/www.boxrepsol.com\\\/es\\\/motogp\\\/gp-de-la-republica-checa-2020-alex-marquez-puntua-en-brno\\\/#respond\"]}]},{\"@type\":\"WebPage\",\"@id\":\"https:\\\/\\\/www.boxrepsol.com\\\/es\\\/motogp\\\/gp-de-la-republica-checa-2020-alex-marquez-puntua-en-brno\\\/\",\"url\":\"https:\\\/\\\/www.boxrepsol.com\\\/es\\\/motogp\\\/gp-de-la-republica-checa-2020-alex-marquez-puntua-en-brno\\\/\",\"name\":\"GP de la Rep\u00fablica Checa 2020: \u00c1lex M\u00e1rquez punt\u00faa tambi\u00e9n en Brno - Box Repsol\",\"isPartOf\":{\"@id\":\"https:\\\/\\\/www.boxrepsol.com\\\/es\\\/#website\"},\"primaryImageOfPage\":{\"@id\":\"https:\\\/\\\/www.boxrepsol.com\\\/es\\\/motogp\\\/gp-de-la-republica-checa-2020-alex-marquez-puntua-en-brno\\\/#primaryimage\"},\"image\":{\"@id\":\"https:\\\/\\\/www.boxrepsol.com\\\/es\\\/motogp\\\/gp-de-la-republica-checa-2020-alex-marquez-puntua-en-brno\\\/#primaryimage\"},\"thumbnailUrl\":\"https:\\\/\\\/bxrepsol.s3.eu-west-1.amazonaws.com\\\/static\\\/2022\\\/08\\\/09115616\\\/alex-marquez-stefan-bradl-republica-checa-rc213v-2020.jpg\",\"datePublished\":\"2020-08-09T02:00:00+00:00\",\"dateModified\":\"2024-10-03T08:06:27+00:00\",\"description\":\"GP de la Rep\u00fablica Checa 2020: \u00c1lex ha finalizado decimoquinto pese a salir \u00faltimo, puntuando as\u00ed en todas las carreras del a\u00f1o. Bradl ha sido decimoctavo.\",\"breadcrumb\":{\"@id\":\"https:\\\/\\\/www.boxrepsol.com\\\/es\\\/motogp\\\/gp-de-la-republica-checa-2020-alex-marquez-puntua-en-brno\\\/#breadcrumb\"},\"inLanguage\":\"es\",\"potentialAction\":[{\"@type\":\"ReadAction\",\"target\":[\"https:\\\/\\\/www.boxrepsol.com\\\/es\\\/motogp\\\/gp-de-la-republica-checa-2020-alex-marquez-puntua-en-brno\\\/\"]}]},{\"@type\":\"ImageObject\",\"inLanguage\":\"es\",\"@id\":\"https:\\\/\\\/www.boxrepsol.com\\\/es\\\/motogp\\\/gp-de-la-republica-checa-2020-alex-marquez-puntua-en-brno\\\/#primaryimage\",\"url\":\"https:\\\/\\\/bxrepsol.s3.eu-west-1.amazonaws.com\\\/static\\\/2022\\\/08\\\/09115616\\\/alex-marquez-stefan-bradl-republica-checa-rc213v-2020.jpg\",\"contentUrl\":\"https:\\\/\\\/bxrepsol.s3.eu-west-1.amazonaws.com\\\/static\\\/2022\\\/08\\\/09115616\\\/alex-marquez-stefan-bradl-republica-checa-rc213v-2020.jpg\",\"width\":1280,\"height\":720,\"caption\":\"\u00c1lex M\u00e1rquez y Stefan Bradl durante la carrera GP de la Rep\u00fablica Checa 2020\"},{\"@type\":\"BreadcrumbList\",\"@id\":\"https:\\\/\\\/www.boxrepsol.com\\\/es\\\/motogp\\\/gp-de-la-republica-checa-2020-alex-marquez-puntua-en-brno\\\/#breadcrumb\",\"itemListElement\":[{\"@type\":\"ListItem\",\"position\":1,\"name\":\"Home\",\"item\":\"https:\\\/\\\/www.boxrepsol.com\\\/es\\\/\"},{\"@type\":\"ListItem\",\"position\":2,\"name\":\"GP de la Rep\u00fablica Checa 2020: \u00c1lex M\u00e1rquez punt\u00faa tambi\u00e9n en Brno\"}]},{\"@type\":\"WebSite\",\"@id\":\"https:\\\/\\\/www.boxrepsol.com\\\/es\\\/#website\",\"url\":\"https:\\\/\\\/www.boxrepsol.com\\\/es\\\/\",\"name\":\"Box Repsol\",\"description\":\"Box Repsol Site\",\"publisher\":{\"@id\":\"https:\\\/\\\/www.boxrepsol.com\\\/es\\\/#organization\"},\"potentialAction\":[{\"@type\":\"SearchAction\",\"target\":{\"@type\":\"EntryPoint\",\"urlTemplate\":\"https:\\\/\\\/www.boxrepsol.com\\\/es\\\/?s={search_term_string}\"},\"query-input\":{\"@type\":\"PropertyValueSpecification\",\"valueRequired\":true,\"valueName\":\"search_term_string\"}}],\"inLanguage\":\"es\"},{\"@type\":\"Organization\",\"@id\":\"https:\\\/\\\/www.boxrepsol.com\\\/es\\\/#organization\",\"name\":\"Box Repsol\",\"url\":\"https:\\\/\\\/www.boxrepsol.com\\\/es\\\/\",\"logo\":{\"@type\":\"ImageObject\",\"inLanguage\":\"es\",\"@id\":\"https:\\\/\\\/www.boxrepsol.com\\\/es\\\/#\\\/schema\\\/logo\\\/image\\\/\",\"url\":\"https:\\\/\\\/bxrepsol.s3.eu-west-1.amazonaws.com\\\/static\\\/2025\\\/07\\\/30083337\\\/favicon-96x96-1.png\",\"contentUrl\":\"https:\\\/\\\/bxrepsol.s3.eu-west-1.amazonaws.com\\\/static\\\/2025\\\/07\\\/30083337\\\/favicon-96x96-1.png\",\"width\":96,\"height\":96,\"caption\":\"Box Repsol\"},\"image\":{\"@id\":\"https:\\\/\\\/www.boxrepsol.com\\\/es\\\/#\\\/schema\\\/logo\\\/image\\\/\"},\"sameAs\":[\"https:\\\/\\\/www.facebook.com\\\/BoxRepsol\",\"https:\\\/\\\/x.com\\\/box_repsol\",\"http:\\\/\\\/instagram.com\\\/box_repsol\",\"https:\\\/\\\/www.youtube.com\\\/user\\\/RepsolCompeticion\",\"https:\\\/\\\/www.flickr.com\\\/photos\\\/box_repsol\\\/\"]},{\"@type\":\"Person\",\"@id\":\"https:\\\/\\\/www.boxrepsol.com\\\/es\\\/#\\\/schema\\\/person\\\/c5c2138f2cca251b0ad92b7086bb60b7\",\"name\":\"Redacci\u00f3n Box Repsol\",\"image\":{\"@type\":\"ImageObject\",\"inLanguage\":\"es\",\"@id\":\"https:\\\/\\\/secure.gravatar.com\\\/avatar\\\/adf7b77e38b4419baf32c7e9c21dde01f4e40df611f0978e3006fc4ba0aaab7e?s=96&d=mm&r=g\",\"url\":\"https:\\\/\\\/secure.gravatar.com\\\/avatar\\\/adf7b77e38b4419baf32c7e9c21dde01f4e40df611f0978e3006fc4ba0aaab7e?s=96&d=mm&r=g\",\"contentUrl\":\"https:\\\/\\\/secure.gravatar.com\\\/avatar\\\/adf7b77e38b4419baf32c7e9c21dde01f4e40df611f0978e3006fc4ba0aaab7e?s=96&d=mm&r=g\",\"caption\":\"Redacci\u00f3n Box Repsol\"},\"description\":\"Box Repsol lo forma un equipo de periodistas, community managers, dise\u00f1adores y fot\u00f3grafos con m\u00e1s de 20 a\u00f1os de experiencia en el mundo del motorsport. Hemos vivido el primer mundial de un espa\u00f1ol en la categor\u00eda reina de motociclismo con \u00c1lex Crivill\u00e9, estuvimos en las victorias de Pedrosa y los t\u00edtulos de M\u00e1rquez, acompa\u00f1amos en \u00c1frica a Nani Roma y Marc Coma en sus conquistas del Dakar y hemos vibrado con los t\u00edtulos de Toni Bou en Trial. Adem\u00e1s, en nuestro equipo contamos con expertos en el mundo de las dos y cuatro ruedas tanto de la calle y las carreteras, como de los circuitos. Periodistas que han trabajado en revistas y publicaciones para hacerte llegar desde rutas y consejos de mantenimiento, a curiosidades y trucos de pilotaje.\",\"sameAs\":[\"https:\\\/\\\/www.facebook.com\\\/BoxRepsol\\\/\",\"https:\\\/\\\/www.instagram.com\\\/box_repsol\\\/\",\"https:\\\/\\\/x.com\\\/https:\\\/\\\/twitter.com\\\/box_repsol\",\"https:\\\/\\\/www.youtube.com\\\/@Boxrepsol\"],\"url\":\"https:\\\/\\\/www.boxrepsol.com\\\/es\\\/author\\\/redaccion-box-repsol\\\/\"}]}<\/script>\n<!-- \/ Yoast SEO plugin. -->","yoast_head_json":{"title":"GP de la Rep\u00fablica Checa 2020: \u00c1lex M\u00e1rquez punt\u00faa tambi\u00e9n en Brno - Box Repsol","description":"GP de la Rep\u00fablica Checa 2020: \u00c1lex ha finalizado decimoquinto pese a salir \u00faltimo, puntuando as\u00ed en todas las carreras del a\u00f1o. Bradl ha sido decimoctavo.","canonical":"https:\/\/www.boxrepsol.com\/es\/motogp\/gp-de-la-republica-checa-2020-alex-marquez-puntua-en-brno\/","og_locale":"es_ES","og_type":"article","og_title":"GP de la Rep\u00fablica Checa 2020: \u00c1lex M\u00e1rquez punt\u00faa tambi\u00e9n en Brno - Box Repsol","og_description":"GP de la Rep\u00fablica Checa 2020: \u00c1lex ha finalizado decimoquinto pese a salir \u00faltimo, puntuando as\u00ed en todas las carreras del a\u00f1o. Bradl ha sido decimoctavo.","og_url":"https:\/\/www.boxrepsol.com\/es\/motogp\/gp-de-la-republica-checa-2020-alex-marquez-puntua-en-brno\/","og_site_name":"Box Repsol","article_publisher":"https:\/\/www.facebook.com\/BoxRepsol","article_author":"https:\/\/www.facebook.com\/BoxRepsol\/","article_published_time":"2020-08-09T02:00:00+00:00","article_modified_time":"2024-10-03T08:06:27+00:00","og_image":[{"width":1280,"height":720,"url":"https:\/\/bxrepsol.s3.eu-west-1.amazonaws.com\/static\/2022\/08\/09115616\/alex-marquez-stefan-bradl-republica-checa-rc213v-2020.jpg","type":"image\/jpeg"}],"author":"Redacci\u00f3n Box Repsol","twitter_card":"summary_large_image","twitter_creator":"@https:\/\/twitter.com\/box_repsol","twitter_site":"@box_repsol","twitter_misc":{"Written by":"Redacci\u00f3n Box Repsol","Est. reading time":"2 minutos"},"schema":{"@context":"https:\/\/schema.org","@graph":[{"@type":"Article","@id":"https:\/\/www.boxrepsol.com\/es\/motogp\/gp-de-la-republica-checa-2020-alex-marquez-puntua-en-brno\/#article","isPartOf":{"@id":"https:\/\/www.boxrepsol.com\/es\/motogp\/gp-de-la-republica-checa-2020-alex-marquez-puntua-en-brno\/"},"author":{"name":"Redacci\u00f3n Box Repsol","@id":"https:\/\/www.boxrepsol.com\/es\/#\/schema\/person\/c5c2138f2cca251b0ad92b7086bb60b7"},"headline":"GP de la Rep\u00fablica Checa 2020: \u00c1lex M\u00e1rquez punt\u00faa tambi\u00e9n en Brno","datePublished":"2020-08-09T02:00:00+00:00","dateModified":"2024-10-03T08:06:27+00:00","mainEntityOfPage":{"@id":"https:\/\/www.boxrepsol.com\/es\/motogp\/gp-de-la-republica-checa-2020-alex-marquez-puntua-en-brno\/"},"wordCount":404,"commentCount":0,"publisher":{"@id":"https:\/\/www.boxrepsol.com\/es\/#organization"},"image":{"@id":"https:\/\/www.boxrepsol.com\/es\/motogp\/gp-de-la-republica-checa-2020-alex-marquez-puntua-en-brno\/#primaryimage"},"thumbnailUrl":"https:\/\/bxrepsol.s3.eu-west-1.amazonaws.com\/static\/2022\/08\/09115616\/alex-marquez-stefan-bradl-republica-checa-rc213v-2020.jpg","keywords":["2020","\u00c1lex M\u00e1rquez","Campeonato del Mundo de Motociclismo","Equipo Repsol Honda","MotoGP Rep\u00fablica Checa"],"articleSection":["MotoGP"],"inLanguage":"es","potentialAction":[{"@type":"CommentAction","name":"Comment","target":["https:\/\/www.boxrepsol.com\/es\/motogp\/gp-de-la-republica-checa-2020-alex-marquez-puntua-en-brno\/#respond"]}]},{"@type":"WebPage","@id":"https:\/\/www.boxrepsol.com\/es\/motogp\/gp-de-la-republica-checa-2020-alex-marquez-puntua-en-brno\/","url":"https:\/\/www.boxrepsol.com\/es\/motogp\/gp-de-la-republica-checa-2020-alex-marquez-puntua-en-brno\/","name":"GP de la Rep\u00fablica Checa 2020: \u00c1lex M\u00e1rquez punt\u00faa tambi\u00e9n en Brno - Box Repsol","isPartOf":{"@id":"https:\/\/www.boxrepsol.com\/es\/#website"},"primaryImageOfPage":{"@id":"https:\/\/www.boxrepsol.com\/es\/motogp\/gp-de-la-republica-checa-2020-alex-marquez-puntua-en-brno\/#primaryimage"},"image":{"@id":"https:\/\/www.boxrepsol.com\/es\/motogp\/gp-de-la-republica-checa-2020-alex-marquez-puntua-en-brno\/#primaryimage"},"thumbnailUrl":"https:\/\/bxrepsol.s3.eu-west-1.amazonaws.com\/static\/2022\/08\/09115616\/alex-marquez-stefan-bradl-republica-checa-rc213v-2020.jpg","datePublished":"2020-08-09T02:00:00+00:00","dateModified":"2024-10-03T08:06:27+00:00","description":"GP de la Rep\u00fablica Checa 2020: \u00c1lex ha finalizado decimoquinto pese a salir \u00faltimo, puntuando as\u00ed en todas las carreras del a\u00f1o. Bradl ha sido decimoctavo.","breadcrumb":{"@id":"https:\/\/www.boxrepsol.com\/es\/motogp\/gp-de-la-republica-checa-2020-alex-marquez-puntua-en-brno\/#breadcrumb"},"inLanguage":"es","potentialAction":[{"@type":"ReadAction","target":["https:\/\/www.boxrepsol.com\/es\/motogp\/gp-de-la-republica-checa-2020-alex-marquez-puntua-en-brno\/"]}]},{"@type":"ImageObject","inLanguage":"es","@id":"https:\/\/www.boxrepsol.com\/es\/motogp\/gp-de-la-republica-checa-2020-alex-marquez-puntua-en-brno\/#primaryimage","url":"https:\/\/bxrepsol.s3.eu-west-1.amazonaws.com\/static\/2022\/08\/09115616\/alex-marquez-stefan-bradl-republica-checa-rc213v-2020.jpg","contentUrl":"https:\/\/bxrepsol.s3.eu-west-1.amazonaws.com\/static\/2022\/08\/09115616\/alex-marquez-stefan-bradl-republica-checa-rc213v-2020.jpg","width":1280,"height":720,"caption":"\u00c1lex M\u00e1rquez y Stefan Bradl durante la carrera GP de la Rep\u00fablica Checa 2020"},{"@type":"BreadcrumbList","@id":"https:\/\/www.boxrepsol.com\/es\/motogp\/gp-de-la-republica-checa-2020-alex-marquez-puntua-en-brno\/#breadcrumb","itemListElement":[{"@type":"ListItem","position":1,"name":"Home","item":"https:\/\/www.boxrepsol.com\/es\/"},{"@type":"ListItem","position":2,"name":"GP de la Rep\u00fablica Checa 2020: \u00c1lex M\u00e1rquez punt\u00faa tambi\u00e9n en Brno"}]},{"@type":"WebSite","@id":"https:\/\/www.boxrepsol.com\/es\/#website","url":"https:\/\/www.boxrepsol.com\/es\/","name":"Box Repsol","description":"Box Repsol Site","publisher":{"@id":"https:\/\/www.boxrepsol.com\/es\/#organization"},"potentialAction":[{"@type":"SearchAction","target":{"@type":"EntryPoint","urlTemplate":"https:\/\/www.boxrepsol.com\/es\/?s={search_term_string}"},"query-input":{"@type":"PropertyValueSpecification","valueRequired":true,"valueName":"search_term_string"}}],"inLanguage":"es"},{"@type":"Organization","@id":"https:\/\/www.boxrepsol.com\/es\/#organization","name":"Box Repsol","url":"https:\/\/www.boxrepsol.com\/es\/","logo":{"@type":"ImageObject","inLanguage":"es","@id":"https:\/\/www.boxrepsol.com\/es\/#\/schema\/logo\/image\/","url":"https:\/\/bxrepsol.s3.eu-west-1.amazonaws.com\/static\/2025\/07\/30083337\/favicon-96x96-1.png","contentUrl":"https:\/\/bxrepsol.s3.eu-west-1.amazonaws.com\/static\/2025\/07\/30083337\/favicon-96x96-1.png","width":96,"height":96,"caption":"Box Repsol"},"image":{"@id":"https:\/\/www.boxrepsol.com\/es\/#\/schema\/logo\/image\/"},"sameAs":["https:\/\/www.facebook.com\/BoxRepsol","https:\/\/x.com\/box_repsol","http:\/\/instagram.com\/box_repsol","https:\/\/www.youtube.com\/user\/RepsolCompeticion","https:\/\/www.flickr.com\/photos\/box_repsol\/"]},{"@type":"Person","@id":"https:\/\/www.boxrepsol.com\/es\/#\/schema\/person\/c5c2138f2cca251b0ad92b7086bb60b7","name":"Redacci\u00f3n Box Repsol","image":{"@type":"ImageObject","inLanguage":"es","@id":"https:\/\/secure.gravatar.com\/avatar\/adf7b77e38b4419baf32c7e9c21dde01f4e40df611f0978e3006fc4ba0aaab7e?s=96&d=mm&r=g","url":"https:\/\/secure.gravatar.com\/avatar\/adf7b77e38b4419baf32c7e9c21dde01f4e40df611f0978e3006fc4ba0aaab7e?s=96&d=mm&r=g","contentUrl":"https:\/\/secure.gravatar.com\/avatar\/adf7b77e38b4419baf32c7e9c21dde01f4e40df611f0978e3006fc4ba0aaab7e?s=96&d=mm&r=g","caption":"Redacci\u00f3n Box Repsol"},"description":"Box Repsol lo forma un equipo de periodistas, community managers, dise\u00f1adores y fot\u00f3grafos con m\u00e1s de 20 a\u00f1os de experiencia en el mundo del motorsport. Hemos vivido el primer mundial de un espa\u00f1ol en la categor\u00eda reina de motociclismo con \u00c1lex Crivill\u00e9, estuvimos en las victorias de Pedrosa y los t\u00edtulos de M\u00e1rquez, acompa\u00f1amos en \u00c1frica a Nani Roma y Marc Coma en sus conquistas del Dakar y hemos vibrado con los t\u00edtulos de Toni Bou en Trial. Adem\u00e1s, en nuestro equipo contamos con expertos en el mundo de las dos y cuatro ruedas tanto de la calle y las carreteras, como de los circuitos. Periodistas que han trabajado en revistas y publicaciones para hacerte llegar desde rutas y consejos de mantenimiento, a curiosidades y trucos de pilotaje.","sameAs":["https:\/\/www.facebook.com\/BoxRepsol\/","https:\/\/www.instagram.com\/box_repsol\/","https:\/\/x.com\/https:\/\/twitter.com\/box_repsol","https:\/\/www.youtube.com\/@Boxrepsol"],"url":"https:\/\/www.boxrepsol.com\/es\/author\/redaccion-box-repsol\/"}]}},"_links":{"self":[{"href":"https:\/\/www.boxrepsol.com\/es\/wp-json\/wp\/v2\/posts\/94568","targetHints":{"allow":["GET"]}}],"collection":[{"href":"https:\/\/www.boxrepsol.com\/es\/wp-json\/wp\/v2\/posts"}],"about":[{"href":"https:\/\/www.boxrepsol.com\/es\/wp-json\/wp\/v2\/types\/post"}],"author":[{"embeddable":true,"href":"https:\/\/www.boxrepsol.com\/es\/wp-json\/wp\/v2\/users\/43146"}],"replies":[{"embeddable":true,"href":"https:\/\/www.boxrepsol.com\/es\/wp-json\/wp\/v2\/comments?post=94568"}],"version-history":[{"count":2,"href":"https:\/\/www.boxrepsol.com\/es\/wp-json\/wp\/v2\/posts\/94568\/revisions"}],"predecessor-version":[{"id":120279,"href":"https:\/\/www.boxrepsol.com\/es\/wp-json\/wp\/v2\/posts\/94568\/revisions\/120279"}],"wp:featuredmedia":[{"embeddable":true,"href":"https:\/\/www.boxrepsol.com\/es\/wp-json\/wp\/v2\/media\/40655"}],"wp:attachment":[{"href":"https:\/\/www.boxrepsol.com\/es\/wp-json\/wp\/v2\/media?parent=94568"}],"wp:term":[{"taxonomy":"category","embeddable":true,"href":"https:\/\/www.boxrepsol.com\/es\/wp-json\/wp\/v2\/categories?post=94568"},{"taxonomy":"post_tag","embeddable":true,"href":"https:\/\/www.boxrepsol.com\/es\/wp-json\/wp\/v2\/tags?post=94568"}],"curies":[{"name":"wp","href":"https:\/\/api.w.org\/{rel}","templated":true}]}}