{"id":94564,"date":"2020-08-08T00:00:00","date_gmt":"2020-08-08T02:00:00","guid":{"rendered":"http:\/\/pre.boxrepsol.com\/sin-categorizar\/gp-de-la-republica-checa-alex-marquez-stefan-bradl-vista-puesta-en-carrera\/"},"modified":"2024-04-19T08:26:39","modified_gmt":"2024-04-19T10:26:39","slug":"gp-de-la-republica-checa-alex-marquez-stefan-bradl-vista-puesta-en-carrera","status":"publish","type":"post","link":"https:\/\/www.boxrepsol.com\/es\/motogp\/gp-de-la-republica-checa-alex-marquez-stefan-bradl-vista-puesta-en-carrera\/","title":{"rendered":"GP de la Rep\u00fablica Checa: \u00c1lex M\u00e1rquez y Stefan Bradl, con la vista puesta en la carrera de ma\u00f1ana"},"content":{"rendered":"<p><strong>\u00c1lex M\u00e1rquez<\/strong> ha establecido hoy su mejor registro del fin de semana en el FP3 -1 minuto, 57 segundos y 335 mil\u00e9simas-, pero no ha podido reproducirlo en la Q1 por s\u00f3lo 3 d\u00e9cimas.<\/p>\n<p>El piloto espa\u00f1ol arrancar\u00e1 ma\u00f1ana en la parrilla de salida del <strong>Gran Premio de la Rep\u00fablica Checa<\/strong> desde la 21\u00aa posici\u00f3n.<\/p>\n<p><strong>Stefan Bradl<\/strong> ha rebajado casi un segundo su registro de ayer gracias al mejor tiempo conseguido hoy de 1 minuto, 57 segundos y 509 mil\u00e9simas.<\/p>\n<p>El alem\u00e1n partir\u00e1 vig\u00e9simo en la carrera de ma\u00f1ana, que comenzar\u00e1 a las 14:00, hora local.<\/p>\n<p><a href=\"https:\/\/www.boxrepsol.com\/es\/motogp\/gp-la-republica-checa-motogp-2020-ver-directo-online\/\">Consulta aqu\u00ed los horarios completos del GP de la Rep\u00fablica Checa 2020<\/a><\/p>\n<p>                <!-- Imagen relacionada --><br \/>\n        <img loading=\"lazy\" decoding=\"async\" width=\"404\" height=\"336\" src=\"https:\/\/bxrepsol.s3.eu-west-1.amazonaws.com\/static\/2022\/08\/09115524\/alex-marquez-y-stefan-bradl-republica-checa-2020-1.jpg\" alt=\"\u00c1lex M\u00e1rquez y Stefan Bradl rodando en el el circuito de Brno durante una FP del GP de la Rep\u00fablica Checa 2020\" \/><br \/>\n                <!-- Categor\u00eda --><br \/>\n            MotoGP<br \/>\n        <!-- T\u00edtulo --><br \/>\n        <a href=\"https:\/\/www.boxrepsol.com\/es\/motogp\/gp-republica-checa-equipo-repsol-honda-fp-1-2\/\"><\/p>\n<h3>GP de la Rep\u00fablica Checa: El equipo Repsol Honda completa el primer d\u00ed&#8230;<\/h3>\n<p>        <\/a><br \/>\n                    <!-- Fecha --><br \/>\n            hace 1 hora<br \/>\n                    <a\n                        href=\"https:\/\/bxrepsol.s3.eu-west-1.amazonaws.com\/static\/2022\/08\/09115525\/alex-marquez-republica-checa-brno-2020-d2.jpg\"\n                        data-index=\"0\"\n                    ><br \/>\n                        <img decoding=\"async\"\n                            src=\"https:\/\/bxrepsol.s3.eu-west-1.amazonaws.com\/static\/2022\/08\/09115525\/alex-marquez-republica-checa-brno-2020-d2.jpg\"\n                            srcset=\"https:\/\/bxrepsol.s3.eu-west-1.amazonaws.com\/static\/2022\/08\/09115525\/alex-marquez-republica-checa-brno-2020-d2.jpg 1280w, https:\/\/bxrepsol.s3.eu-west-1.amazonaws.com\/static\/2022\/08\/09115525\/alex-marquez-republica-checa-brno-2020-d2.jpg 900w, https:\/\/bxrepsol.s3.eu-west-1.amazonaws.com\/static\/2022\/08\/09115525\/alex-marquez-republica-checa-brno-2020-d2.jpg 600w, https:\/\/bxrepsol.s3.eu-west-1.amazonaws.com\/static\/2022\/08\/09115525\/alex-marquez-republica-checa-brno-2020-d2.jpg 480w, https:\/\/bxrepsol.s3.eu-west-1.amazonaws.com\/static\/2022\/08\/09115525\/alex-marquez-republica-checa-brno-2020-d2.jpg 32w\"\n                            title=\"alex-marquez-republica-checa-brno-2020-d2\"\n                            alt=\"\u00c1lex M\u00e1rquez rodando durante los entrenamientos del GP de la Rep\u00fablica Checa 2020\"\n                            data-title=\"\"><br \/>\n                    <\/a><br \/>\n                    <a\n                        href=\"https:\/\/bxrepsol.s3.eu-west-1.amazonaws.com\/static\/2022\/08\/05063610\/alex-marquez-republica-checa-2020-d2.jpg\"\n                        data-index=\"1\"\n                    ><br \/>\n                        <img decoding=\"async\"\n                            src=\"https:\/\/bxrepsol.s3.eu-west-1.amazonaws.com\/static\/2022\/08\/05063610\/alex-marquez-republica-checa-2020-d2.jpg\"\n                            srcset=\"https:\/\/bxrepsol.s3.eu-west-1.amazonaws.com\/static\/2022\/08\/05063610\/alex-marquez-republica-checa-2020-d2.jpg 1280w, https:\/\/bxrepsol.s3.eu-west-1.amazonaws.com\/static\/2022\/08\/05063610\/alex-marquez-republica-checa-2020-d2.jpg 900w, https:\/\/bxrepsol.s3.eu-west-1.amazonaws.com\/static\/2022\/08\/05063610\/alex-marquez-republica-checa-2020-d2.jpg 600w, https:\/\/bxrepsol.s3.eu-west-1.amazonaws.com\/static\/2022\/08\/05063610\/alex-marquez-republica-checa-2020-d2.jpg 480w, https:\/\/bxrepsol.s3.eu-west-1.amazonaws.com\/static\/2022\/08\/05063610\/alex-marquez-republica-checa-2020-d2.jpg 32w\"\n                            title=\"alex-marquez-republica-checa-2020-d2\"\n                            alt=\"\u00c1lex M\u00e1rquez rodando durante los entrenamientos del GP de la Rep\u00fablica Checa 2020\"\n                            data-title=\"\"><br \/>\n                    <\/a><br \/>\n                    <a\n                        href=\"https:\/\/bxrepsol.s3.eu-west-1.amazonaws.com\/static\/2022\/08\/09115526\/alex-marquez-brno-2020-d2.jpg\"\n                        data-index=\"2\"\n                    ><br \/>\n                        <img decoding=\"async\"\n                            src=\"https:\/\/bxrepsol.s3.eu-west-1.amazonaws.com\/static\/2022\/08\/09115526\/alex-marquez-brno-2020-d2.jpg\"\n                            srcset=\"https:\/\/bxrepsol.s3.eu-west-1.amazonaws.com\/static\/2022\/08\/09115526\/alex-marquez-brno-2020-d2.jpg 1280w, https:\/\/bxrepsol.s3.eu-west-1.amazonaws.com\/static\/2022\/08\/09115526\/alex-marquez-brno-2020-d2.jpg 900w, https:\/\/bxrepsol.s3.eu-west-1.amazonaws.com\/static\/2022\/08\/09115526\/alex-marquez-brno-2020-d2.jpg 600w, https:\/\/bxrepsol.s3.eu-west-1.amazonaws.com\/static\/2022\/08\/09115526\/alex-marquez-brno-2020-d2.jpg 480w, https:\/\/bxrepsol.s3.eu-west-1.amazonaws.com\/static\/2022\/08\/09115526\/alex-marquez-brno-2020-d2.jpg 32w\"\n                            title=\"alex-marquez-brno-2020-d2\"\n                            alt=\"\u00c1lex M\u00e1rquez rodando durante los entrenamientos del GP de la Rep\u00fablica Checa 2020\"\n                            data-title=\"\"><br \/>\n                    <\/a><br \/>\n                    <a\n                        href=\"https:\/\/bxrepsol.s3.eu-west-1.amazonaws.com\/static\/2022\/08\/09115527\/stefan-bradl-brno-2020-d2.jpg\"\n                        data-index=\"3\"\n                    ><br \/>\n                        <img decoding=\"async\"\n                            src=\"https:\/\/bxrepsol.s3.eu-west-1.amazonaws.com\/static\/2022\/08\/09115527\/stefan-bradl-brno-2020-d2.jpg\"\n                            srcset=\"https:\/\/bxrepsol.s3.eu-west-1.amazonaws.com\/static\/2022\/08\/09115527\/stefan-bradl-brno-2020-d2.jpg 1280w, https:\/\/bxrepsol.s3.eu-west-1.amazonaws.com\/static\/2022\/08\/09115527\/stefan-bradl-brno-2020-d2.jpg 900w, https:\/\/bxrepsol.s3.eu-west-1.amazonaws.com\/static\/2022\/08\/09115527\/stefan-bradl-brno-2020-d2.jpg 600w, https:\/\/bxrepsol.s3.eu-west-1.amazonaws.com\/static\/2022\/08\/09115527\/stefan-bradl-brno-2020-d2.jpg 480w, https:\/\/bxrepsol.s3.eu-west-1.amazonaws.com\/static\/2022\/08\/09115527\/stefan-bradl-brno-2020-d2.jpg 32w\"\n                            title=\"stefan-bradl-brno-2020-d2\"\n                            alt=\"Stefan Bradl rodando durante los entrenamientos del GP de la Rep\u00fablica Checa 2020\"\n                            data-title=\"\"><br \/>\n                    <\/a><br \/>\n                    <a\n                        href=\"https:\/\/bxrepsol.s3.eu-west-1.amazonaws.com\/static\/2022\/08\/09115528\/stefan-bradl-brno-republica-checa-2020-d2.jpg\"\n                        data-index=\"4\"\n                    ><br \/>\n                        <img decoding=\"async\"\n                            src=\"https:\/\/bxrepsol.s3.eu-west-1.amazonaws.com\/static\/2022\/08\/09115528\/stefan-bradl-brno-republica-checa-2020-d2.jpg\"\n                            srcset=\"https:\/\/bxrepsol.s3.eu-west-1.amazonaws.com\/static\/2022\/08\/09115528\/stefan-bradl-brno-republica-checa-2020-d2.jpg 1280w, https:\/\/bxrepsol.s3.eu-west-1.amazonaws.com\/static\/2022\/08\/09115528\/stefan-bradl-brno-republica-checa-2020-d2.jpg 900w, https:\/\/bxrepsol.s3.eu-west-1.amazonaws.com\/static\/2022\/08\/09115528\/stefan-bradl-brno-republica-checa-2020-d2.jpg 600w, https:\/\/bxrepsol.s3.eu-west-1.amazonaws.com\/static\/2022\/08\/09115528\/stefan-bradl-brno-republica-checa-2020-d2.jpg 480w, https:\/\/bxrepsol.s3.eu-west-1.amazonaws.com\/static\/2022\/08\/09115528\/stefan-bradl-brno-republica-checa-2020-d2.jpg 32w\"\n                            title=\"stefan-bradl-brno-republica-checa-2020-d2\"\n                            alt=\"Stefan Bradl rodando durante los entrenamientos del GP de la Rep\u00fablica Checa 2020\"\n                            data-title=\"\"><br \/>\n                    <\/a><br \/>\n                    <a\n                        href=\"https:\/\/bxrepsol.s3.eu-west-1.amazonaws.com\/static\/2022\/08\/09115529\/alex-marquez-brno-curva-2020-d2.jpg\"\n                        data-index=\"5\"\n                    ><br \/>\n                        <img decoding=\"async\"\n                            src=\"https:\/\/bxrepsol.s3.eu-west-1.amazonaws.com\/static\/2022\/08\/09115529\/alex-marquez-brno-curva-2020-d2.jpg\"\n                            srcset=\"https:\/\/bxrepsol.s3.eu-west-1.amazonaws.com\/static\/2022\/08\/09115529\/alex-marquez-brno-curva-2020-d2.jpg 1280w, https:\/\/bxrepsol.s3.eu-west-1.amazonaws.com\/static\/2022\/08\/09115529\/alex-marquez-brno-curva-2020-d2.jpg 900w, https:\/\/bxrepsol.s3.eu-west-1.amazonaws.com\/static\/2022\/08\/09115529\/alex-marquez-brno-curva-2020-d2.jpg 600w, https:\/\/bxrepsol.s3.eu-west-1.amazonaws.com\/static\/2022\/08\/09115529\/alex-marquez-brno-curva-2020-d2.jpg 480w, https:\/\/bxrepsol.s3.eu-west-1.amazonaws.com\/static\/2022\/08\/09115529\/alex-marquez-brno-curva-2020-d2.jpg 32w\"\n                            title=\"alex-marquez-brno-curva-2020-d2\"\n                            alt=\"\u00c1lex M\u00e1rquez rodando durante los entrenamientos del GP de la Rep\u00fablica Checa 2020\"\n                            data-title=\"\"><br \/>\n                    <\/a><br \/>\n                    <a\n                        href=\"https:\/\/bxrepsol.s3.eu-west-1.amazonaws.com\/static\/2022\/08\/09115530\/alex-marquez-brno-republica-checa-2020-d2.jpg\"\n                        data-index=\"6\"\n                    ><br \/>\n                        <img decoding=\"async\"\n                            src=\"https:\/\/bxrepsol.s3.eu-west-1.amazonaws.com\/static\/2022\/08\/09115530\/alex-marquez-brno-republica-checa-2020-d2.jpg\"\n                            srcset=\"https:\/\/bxrepsol.s3.eu-west-1.amazonaws.com\/static\/2022\/08\/09115530\/alex-marquez-brno-republica-checa-2020-d2.jpg 1280w, https:\/\/bxrepsol.s3.eu-west-1.amazonaws.com\/static\/2022\/08\/09115530\/alex-marquez-brno-republica-checa-2020-d2.jpg 900w, https:\/\/bxrepsol.s3.eu-west-1.amazonaws.com\/static\/2022\/08\/09115530\/alex-marquez-brno-republica-checa-2020-d2.jpg 600w, https:\/\/bxrepsol.s3.eu-west-1.amazonaws.com\/static\/2022\/08\/09115530\/alex-marquez-brno-republica-checa-2020-d2.jpg 480w, https:\/\/bxrepsol.s3.eu-west-1.amazonaws.com\/static\/2022\/08\/09115530\/alex-marquez-brno-republica-checa-2020-d2.jpg 32w\"\n                            title=\"alex-marquez-brno-republica-checa-2020-d2\"\n                            alt=\"\u00c1lex M\u00e1rquez rodando durante los entrenamientos del GP de la Rep\u00fablica Checa 2020\"\n                            data-title=\"\"><br \/>\n                    <\/a><br \/>\n                    <a\n                        href=\"https:\/\/bxrepsol.s3.eu-west-1.amazonaws.com\/static\/2022\/08\/09115531\/stefan-bradl-republica-checa-2020-d2.jpg\"\n                        data-index=\"7\"\n                    ><br \/>\n                        <img decoding=\"async\"\n                            src=\"https:\/\/bxrepsol.s3.eu-west-1.amazonaws.com\/static\/2022\/08\/09115531\/stefan-bradl-republica-checa-2020-d2.jpg\"\n                            srcset=\"https:\/\/bxrepsol.s3.eu-west-1.amazonaws.com\/static\/2022\/08\/09115531\/stefan-bradl-republica-checa-2020-d2.jpg 1280w, https:\/\/bxrepsol.s3.eu-west-1.amazonaws.com\/static\/2022\/08\/09115531\/stefan-bradl-republica-checa-2020-d2.jpg 900w, https:\/\/bxrepsol.s3.eu-west-1.amazonaws.com\/static\/2022\/08\/09115531\/stefan-bradl-republica-checa-2020-d2.jpg 600w, https:\/\/bxrepsol.s3.eu-west-1.amazonaws.com\/static\/2022\/08\/09115531\/stefan-bradl-republica-checa-2020-d2.jpg 480w, https:\/\/bxrepsol.s3.eu-west-1.amazonaws.com\/static\/2022\/08\/09115531\/stefan-bradl-republica-checa-2020-d2.jpg 32w\"\n                            title=\"stefan-bradl-republica-checa-2020-d2\"\n                            alt=\"Stefan Bradl rodando durante los entrenamientos del GP de la Rep\u00fablica Checa 2020\"\n                            data-title=\"\"><br \/>\n                    <\/a><br \/>\n        <button data-glide-dir=\"<\"><br \/>\n            <svg role=\"img\"  viewBox=\"0 0 256 512\">\n                <path fill=\"currentColor\" d=\"M238.475 475.535l7.071-7.07c4.686-4.686 4.686-12.284 0-16.971L50.053 256 245.546 60.506c4.686-4.686 4.686-12.284 0-16.971l-7.071-7.07c-4.686-4.686-12.284-4.686-16.97 0L10.454 247.515c-4.686 4.686-4.686 12.284 0 16.971l211.051 211.05c4.686 4.686 12.284 4.686 16.97-.001z\"><\/path>\n            <\/svg><br \/>\n        <\/button><br \/>\n        <button data-glide-dir=\">\u00ab><br \/>\n            <svg role=\"img\"  viewBox=\"0 0 256 512\">\n                <path fill=\"currentColor\" d=\"M17.525 36.465l-7.071 7.07c-4.686 4.686-4.686 12.284 0 16.971L205.947 256 10.454 451.494c-4.686 4.686-4.686 12.284 0 16.971l7.071 7.07c4.686 4.686 12.284 4.686 16.97 0l211.051-211.05c4.686-4.686 4.686-12.284 0-16.971L34.495 36.465c-4.686-4.687-12.284-4.687-16.97 0z\"><\/path>\n            <\/svg><br \/>\n        <\/button><\/p>\n<h2>GP de la Rep\u00fablic Checa 2020 &#8211; Q2 &#8211; Declaraciones de los pilotos<\/h2>\n<p><a href=\"https:\/\/twitter.com\/hashtag\/AM73?src=hash&#038;lang=es\">#AM73<\/a><\/p>\n<p><em><strong>Tendremos una carrera larga, as\u00ed que el ritmo ser\u00e1 importante. <\/strong> \u00abHoy ha sido un d\u00eda duro si miramos la posici\u00f3n final. Necesito trabajar m\u00e1s en aprovechar al m\u00e1ximo los neum\u00e1ticos nuevos. La clasificaci\u00f3n ha sido negativa, pero el FP4, aparte de la ca\u00edda, no ha sido una mala sesi\u00f3n y todo el fin de semana nuestro ritmo est\u00e1 siendo bueno. S\u00e9 que empezar desde atr\u00e1s ma\u00f1ana complicar\u00e1 las cosas, pero me siento positivo y tendremos una carrera larga, as\u00ed que el ritmo ser\u00e1 importante. Todav\u00eda tenemos que definir nuestra elecci\u00f3n de neum\u00e1ticos, pero creo que con nuestro ritmo de carrera podemos recuperar algunas posiciones y sin duda aprenderemos mucho\u201d.<\/em><\/p>\n<hr\/>\n<p><a href=\"https:\/\/twitter.com\/hashtag\/stefanbradl?src=hash&#038;lang=es\">#SB6<\/a><\/p>\n<p><em><strong>Ha sido un d\u00eda ajetreado, probando configuraciones y trabajando con HRC. <\/strong> \u00abHoy las sensaciones han sido mejores sobre la moto y hemos seguido evolucionando en cada vuelta. Todav\u00eda estamos buscando un poco m\u00e1s de agarre, pero creo que muchos otros pilotos tambi\u00e9n est\u00e1n trabajando en esa \u00e1rea. Ha sido un d\u00eda ajetreado, probando configuraciones y trabajando con HRC, as\u00ed que no hemos podido concentrarnos completamente en nuestra vuelta r\u00e1pida para la clasificaci\u00f3n. La carrera de ma\u00f1ana nos ayudar\u00e1 mucho y creo que ser\u00e1 el momento m\u00e1s provechoso para que pueda aprender y comprender la moto a\u00fan m\u00e1s. Veamos qu\u00e9 pasa, ser\u00e1 una carrera larga\u00bb.<\/em><\/p>\n","protected":false},"excerpt":{"rendered":"<p>Los pilotos del equipo Repsol Honda partir\u00e1n desde la s\u00e9ptima fila en la tercera cita de la temporada.<\/p>\n","protected":false},"author":43146,"featured_media":40579,"comment_status":"open","ping_status":"open","sticky":false,"template":"","format":"standard","meta":{"footnotes":""},"categories":[4],"tags":[191,192,136,144,196],"class_list":["post-94564","post","type-post","status-publish","format-standard","hentry","category-motogp","tag-191","tag-alex-marquez","tag-campeonato-del-mundo-de-motociclismo","tag-motogp-republica-checa","tag-q2"],"yoast_head":"<!-- This site is optimized with the Yoast SEO plugin v27.3 - https:\/\/yoast.com\/product\/yoast-seo-wordpress\/ -->\n<title>GP de la Rep\u00fablica Checa: \u00c1lex M\u00e1rquez y Stefan Bradl, con la vista puesta en la carrera de ma\u00f1ana - Box Repsol<\/title>\n<meta name=\"description\" content=\"GP de la Rep\u00fablica Checa 2020: Los pilotos del equipo Repsol Honda partir\u00e1n desde la s\u00e9ptima fila en la tercera cita de la temporada.\" \/>\n<link rel=\"canonical\" href=\"https:\/\/www.boxrepsol.com\/es\/motogp\/gp-de-la-republica-checa-alex-marquez-stefan-bradl-vista-puesta-en-carrera\/\" \/>\n<meta property=\"og:locale\" content=\"es_ES\" \/>\n<meta property=\"og:type\" content=\"article\" \/>\n<meta property=\"og:title\" content=\"GP de la Rep\u00fablica Checa: \u00c1lex M\u00e1rquez y Stefan Bradl, con la vista puesta en la carrera de ma\u00f1ana - Box Repsol\" \/>\n<meta property=\"og:description\" content=\"GP de la Rep\u00fablica Checa 2020: Los pilotos del equipo Repsol Honda partir\u00e1n desde la s\u00e9ptima fila en la tercera cita de la temporada.\" \/>\n<meta property=\"og:url\" content=\"https:\/\/www.boxrepsol.com\/es\/motogp\/gp-de-la-republica-checa-alex-marquez-stefan-bradl-vista-puesta-en-carrera\/\" \/>\n<meta property=\"og:site_name\" content=\"Box Repsol\" \/>\n<meta property=\"article:publisher\" content=\"https:\/\/www.facebook.com\/BoxRepsol\" \/>\n<meta property=\"article:author\" content=\"https:\/\/www.facebook.com\/BoxRepsol\/\" \/>\n<meta property=\"article:published_time\" content=\"2020-08-08T02:00:00+00:00\" \/>\n<meta property=\"article:modified_time\" content=\"2024-04-19T10:26:39+00:00\" \/>\n<meta property=\"og:image\" content=\"https:\/\/bxrepsol.s3.eu-west-1.amazonaws.com\/static\/2022\/08\/09115533\/alex-marquez-y-stefan-bradl-brno-2020-d2.jpg\" \/>\n\t<meta property=\"og:image:width\" content=\"1280\" \/>\n\t<meta property=\"og:image:height\" content=\"720\" \/>\n\t<meta property=\"og:image:type\" content=\"image\/jpeg\" \/>\n<meta name=\"author\" content=\"Redacci\u00f3n Box Repsol\" \/>\n<meta name=\"twitter:card\" content=\"summary_large_image\" \/>\n<meta name=\"twitter:creator\" content=\"@https:\/\/twitter.com\/box_repsol\" \/>\n<meta name=\"twitter:site\" content=\"@box_repsol\" \/>\n<meta name=\"twitter:label1\" content=\"Written by\" \/>\n\t<meta name=\"twitter:data1\" content=\"Redacci\u00f3n Box Repsol\" \/>\n\t<meta name=\"twitter:label2\" content=\"Est. reading time\" \/>\n\t<meta name=\"twitter:data2\" content=\"2 minutos\" \/>\n<script type=\"application\/ld+json\" class=\"yoast-schema-graph\">{\"@context\":\"https:\\\/\\\/schema.org\",\"@graph\":[{\"@type\":\"Article\",\"@id\":\"https:\\\/\\\/www.boxrepsol.com\\\/es\\\/motogp\\\/gp-de-la-republica-checa-alex-marquez-stefan-bradl-vista-puesta-en-carrera\\\/#article\",\"isPartOf\":{\"@id\":\"https:\\\/\\\/www.boxrepsol.com\\\/es\\\/motogp\\\/gp-de-la-republica-checa-alex-marquez-stefan-bradl-vista-puesta-en-carrera\\\/\"},\"author\":{\"name\":\"Redacci\u00f3n Box Repsol\",\"@id\":\"https:\\\/\\\/www.boxrepsol.com\\\/es\\\/#\\\/schema\\\/person\\\/c5c2138f2cca251b0ad92b7086bb60b7\"},\"headline\":\"GP de la Rep\u00fablica Checa: \u00c1lex M\u00e1rquez y Stefan Bradl, con la vista puesta en la carrera de ma\u00f1ana\",\"datePublished\":\"2020-08-08T02:00:00+00:00\",\"dateModified\":\"2024-04-19T10:26:39+00:00\",\"mainEntityOfPage\":{\"@id\":\"https:\\\/\\\/www.boxrepsol.com\\\/es\\\/motogp\\\/gp-de-la-republica-checa-alex-marquez-stefan-bradl-vista-puesta-en-carrera\\\/\"},\"wordCount\":404,\"commentCount\":0,\"publisher\":{\"@id\":\"https:\\\/\\\/www.boxrepsol.com\\\/es\\\/#organization\"},\"image\":{\"@id\":\"https:\\\/\\\/www.boxrepsol.com\\\/es\\\/motogp\\\/gp-de-la-republica-checa-alex-marquez-stefan-bradl-vista-puesta-en-carrera\\\/#primaryimage\"},\"thumbnailUrl\":\"https:\\\/\\\/bxrepsol.s3.eu-west-1.amazonaws.com\\\/static\\\/2022\\\/08\\\/09115533\\\/alex-marquez-y-stefan-bradl-brno-2020-d2.jpg\",\"keywords\":[\"2020\",\"\u00c1lex M\u00e1rquez\",\"Campeonato del Mundo de Motociclismo\",\"MotoGP Rep\u00fablica Checa\",\"Q2\"],\"articleSection\":[\"MotoGP\"],\"inLanguage\":\"es\",\"potentialAction\":[{\"@type\":\"CommentAction\",\"name\":\"Comment\",\"target\":[\"https:\\\/\\\/www.boxrepsol.com\\\/es\\\/motogp\\\/gp-de-la-republica-checa-alex-marquez-stefan-bradl-vista-puesta-en-carrera\\\/#respond\"]}]},{\"@type\":\"WebPage\",\"@id\":\"https:\\\/\\\/www.boxrepsol.com\\\/es\\\/motogp\\\/gp-de-la-republica-checa-alex-marquez-stefan-bradl-vista-puesta-en-carrera\\\/\",\"url\":\"https:\\\/\\\/www.boxrepsol.com\\\/es\\\/motogp\\\/gp-de-la-republica-checa-alex-marquez-stefan-bradl-vista-puesta-en-carrera\\\/\",\"name\":\"GP de la Rep\u00fablica Checa: \u00c1lex M\u00e1rquez y Stefan Bradl, con la vista puesta en la carrera de ma\u00f1ana - Box Repsol\",\"isPartOf\":{\"@id\":\"https:\\\/\\\/www.boxrepsol.com\\\/es\\\/#website\"},\"primaryImageOfPage\":{\"@id\":\"https:\\\/\\\/www.boxrepsol.com\\\/es\\\/motogp\\\/gp-de-la-republica-checa-alex-marquez-stefan-bradl-vista-puesta-en-carrera\\\/#primaryimage\"},\"image\":{\"@id\":\"https:\\\/\\\/www.boxrepsol.com\\\/es\\\/motogp\\\/gp-de-la-republica-checa-alex-marquez-stefan-bradl-vista-puesta-en-carrera\\\/#primaryimage\"},\"thumbnailUrl\":\"https:\\\/\\\/bxrepsol.s3.eu-west-1.amazonaws.com\\\/static\\\/2022\\\/08\\\/09115533\\\/alex-marquez-y-stefan-bradl-brno-2020-d2.jpg\",\"datePublished\":\"2020-08-08T02:00:00+00:00\",\"dateModified\":\"2024-04-19T10:26:39+00:00\",\"description\":\"GP de la Rep\u00fablica Checa 2020: Los pilotos del equipo Repsol Honda partir\u00e1n desde la s\u00e9ptima fila en la tercera cita de la temporada.\",\"breadcrumb\":{\"@id\":\"https:\\\/\\\/www.boxrepsol.com\\\/es\\\/motogp\\\/gp-de-la-republica-checa-alex-marquez-stefan-bradl-vista-puesta-en-carrera\\\/#breadcrumb\"},\"inLanguage\":\"es\",\"potentialAction\":[{\"@type\":\"ReadAction\",\"target\":[\"https:\\\/\\\/www.boxrepsol.com\\\/es\\\/motogp\\\/gp-de-la-republica-checa-alex-marquez-stefan-bradl-vista-puesta-en-carrera\\\/\"]}]},{\"@type\":\"ImageObject\",\"inLanguage\":\"es\",\"@id\":\"https:\\\/\\\/www.boxrepsol.com\\\/es\\\/motogp\\\/gp-de-la-republica-checa-alex-marquez-stefan-bradl-vista-puesta-en-carrera\\\/#primaryimage\",\"url\":\"https:\\\/\\\/bxrepsol.s3.eu-west-1.amazonaws.com\\\/static\\\/2022\\\/08\\\/09115533\\\/alex-marquez-y-stefan-bradl-brno-2020-d2.jpg\",\"contentUrl\":\"https:\\\/\\\/bxrepsol.s3.eu-west-1.amazonaws.com\\\/static\\\/2022\\\/08\\\/09115533\\\/alex-marquez-y-stefan-bradl-brno-2020-d2.jpg\",\"width\":1280,\"height\":720,\"caption\":\"\u00c1lex M\u00e1rquez y Stefan Bradl rodando en el el circuito de Brno durante una FP del GP de la Rep\u00fablica Checa 2020\"},{\"@type\":\"BreadcrumbList\",\"@id\":\"https:\\\/\\\/www.boxrepsol.com\\\/es\\\/motogp\\\/gp-de-la-republica-checa-alex-marquez-stefan-bradl-vista-puesta-en-carrera\\\/#breadcrumb\",\"itemListElement\":[{\"@type\":\"ListItem\",\"position\":1,\"name\":\"Home\",\"item\":\"https:\\\/\\\/www.boxrepsol.com\\\/es\\\/\"},{\"@type\":\"ListItem\",\"position\":2,\"name\":\"GP de la Rep\u00fablica Checa: \u00c1lex M\u00e1rquez y Stefan Bradl, con la vista puesta en la carrera de ma\u00f1ana\"}]},{\"@type\":\"WebSite\",\"@id\":\"https:\\\/\\\/www.boxrepsol.com\\\/es\\\/#website\",\"url\":\"https:\\\/\\\/www.boxrepsol.com\\\/es\\\/\",\"name\":\"Box Repsol\",\"description\":\"Box Repsol Site\",\"publisher\":{\"@id\":\"https:\\\/\\\/www.boxrepsol.com\\\/es\\\/#organization\"},\"potentialAction\":[{\"@type\":\"SearchAction\",\"target\":{\"@type\":\"EntryPoint\",\"urlTemplate\":\"https:\\\/\\\/www.boxrepsol.com\\\/es\\\/?s={search_term_string}\"},\"query-input\":{\"@type\":\"PropertyValueSpecification\",\"valueRequired\":true,\"valueName\":\"search_term_string\"}}],\"inLanguage\":\"es\"},{\"@type\":\"Organization\",\"@id\":\"https:\\\/\\\/www.boxrepsol.com\\\/es\\\/#organization\",\"name\":\"Box Repsol\",\"url\":\"https:\\\/\\\/www.boxrepsol.com\\\/es\\\/\",\"logo\":{\"@type\":\"ImageObject\",\"inLanguage\":\"es\",\"@id\":\"https:\\\/\\\/www.boxrepsol.com\\\/es\\\/#\\\/schema\\\/logo\\\/image\\\/\",\"url\":\"https:\\\/\\\/bxrepsol.s3.eu-west-1.amazonaws.com\\\/static\\\/2025\\\/07\\\/30083337\\\/favicon-96x96-1.png\",\"contentUrl\":\"https:\\\/\\\/bxrepsol.s3.eu-west-1.amazonaws.com\\\/static\\\/2025\\\/07\\\/30083337\\\/favicon-96x96-1.png\",\"width\":96,\"height\":96,\"caption\":\"Box Repsol\"},\"image\":{\"@id\":\"https:\\\/\\\/www.boxrepsol.com\\\/es\\\/#\\\/schema\\\/logo\\\/image\\\/\"},\"sameAs\":[\"https:\\\/\\\/www.facebook.com\\\/BoxRepsol\",\"https:\\\/\\\/x.com\\\/box_repsol\",\"http:\\\/\\\/instagram.com\\\/box_repsol\",\"https:\\\/\\\/www.youtube.com\\\/user\\\/RepsolCompeticion\",\"https:\\\/\\\/www.flickr.com\\\/photos\\\/box_repsol\\\/\"]},{\"@type\":\"Person\",\"@id\":\"https:\\\/\\\/www.boxrepsol.com\\\/es\\\/#\\\/schema\\\/person\\\/c5c2138f2cca251b0ad92b7086bb60b7\",\"name\":\"Redacci\u00f3n Box Repsol\",\"image\":{\"@type\":\"ImageObject\",\"inLanguage\":\"es\",\"@id\":\"https:\\\/\\\/secure.gravatar.com\\\/avatar\\\/adf7b77e38b4419baf32c7e9c21dde01f4e40df611f0978e3006fc4ba0aaab7e?s=96&d=mm&r=g\",\"url\":\"https:\\\/\\\/secure.gravatar.com\\\/avatar\\\/adf7b77e38b4419baf32c7e9c21dde01f4e40df611f0978e3006fc4ba0aaab7e?s=96&d=mm&r=g\",\"contentUrl\":\"https:\\\/\\\/secure.gravatar.com\\\/avatar\\\/adf7b77e38b4419baf32c7e9c21dde01f4e40df611f0978e3006fc4ba0aaab7e?s=96&d=mm&r=g\",\"caption\":\"Redacci\u00f3n Box Repsol\"},\"description\":\"Box Repsol lo forma un equipo de periodistas, community managers, dise\u00f1adores y fot\u00f3grafos con m\u00e1s de 20 a\u00f1os de experiencia en el mundo del motorsport. Hemos vivido el primer mundial de un espa\u00f1ol en la categor\u00eda reina de motociclismo con \u00c1lex Crivill\u00e9, estuvimos en las victorias de Pedrosa y los t\u00edtulos de M\u00e1rquez, acompa\u00f1amos en \u00c1frica a Nani Roma y Marc Coma en sus conquistas del Dakar y hemos vibrado con los t\u00edtulos de Toni Bou en Trial. Adem\u00e1s, en nuestro equipo contamos con expertos en el mundo de las dos y cuatro ruedas tanto de la calle y las carreteras, como de los circuitos. Periodistas que han trabajado en revistas y publicaciones para hacerte llegar desde rutas y consejos de mantenimiento, a curiosidades y trucos de pilotaje.\",\"sameAs\":[\"https:\\\/\\\/www.facebook.com\\\/BoxRepsol\\\/\",\"https:\\\/\\\/www.instagram.com\\\/box_repsol\\\/\",\"https:\\\/\\\/x.com\\\/https:\\\/\\\/twitter.com\\\/box_repsol\",\"https:\\\/\\\/www.youtube.com\\\/@Boxrepsol\"],\"url\":\"https:\\\/\\\/www.boxrepsol.com\\\/es\\\/author\\\/redaccion-box-repsol\\\/\"}]}<\/script>\n<!-- \/ Yoast SEO plugin. -->","yoast_head_json":{"title":"GP de la Rep\u00fablica Checa: \u00c1lex M\u00e1rquez y Stefan Bradl, con la vista puesta en la carrera de ma\u00f1ana - Box Repsol","description":"GP de la Rep\u00fablica Checa 2020: Los pilotos del equipo Repsol Honda partir\u00e1n desde la s\u00e9ptima fila en la tercera cita de la temporada.","canonical":"https:\/\/www.boxrepsol.com\/es\/motogp\/gp-de-la-republica-checa-alex-marquez-stefan-bradl-vista-puesta-en-carrera\/","og_locale":"es_ES","og_type":"article","og_title":"GP de la Rep\u00fablica Checa: \u00c1lex M\u00e1rquez y Stefan Bradl, con la vista puesta en la carrera de ma\u00f1ana - Box Repsol","og_description":"GP de la Rep\u00fablica Checa 2020: Los pilotos del equipo Repsol Honda partir\u00e1n desde la s\u00e9ptima fila en la tercera cita de la temporada.","og_url":"https:\/\/www.boxrepsol.com\/es\/motogp\/gp-de-la-republica-checa-alex-marquez-stefan-bradl-vista-puesta-en-carrera\/","og_site_name":"Box Repsol","article_publisher":"https:\/\/www.facebook.com\/BoxRepsol","article_author":"https:\/\/www.facebook.com\/BoxRepsol\/","article_published_time":"2020-08-08T02:00:00+00:00","article_modified_time":"2024-04-19T10:26:39+00:00","og_image":[{"width":1280,"height":720,"url":"https:\/\/bxrepsol.s3.eu-west-1.amazonaws.com\/static\/2022\/08\/09115533\/alex-marquez-y-stefan-bradl-brno-2020-d2.jpg","type":"image\/jpeg"}],"author":"Redacci\u00f3n Box Repsol","twitter_card":"summary_large_image","twitter_creator":"@https:\/\/twitter.com\/box_repsol","twitter_site":"@box_repsol","twitter_misc":{"Written by":"Redacci\u00f3n Box Repsol","Est. reading time":"2 minutos"},"schema":{"@context":"https:\/\/schema.org","@graph":[{"@type":"Article","@id":"https:\/\/www.boxrepsol.com\/es\/motogp\/gp-de-la-republica-checa-alex-marquez-stefan-bradl-vista-puesta-en-carrera\/#article","isPartOf":{"@id":"https:\/\/www.boxrepsol.com\/es\/motogp\/gp-de-la-republica-checa-alex-marquez-stefan-bradl-vista-puesta-en-carrera\/"},"author":{"name":"Redacci\u00f3n Box Repsol","@id":"https:\/\/www.boxrepsol.com\/es\/#\/schema\/person\/c5c2138f2cca251b0ad92b7086bb60b7"},"headline":"GP de la Rep\u00fablica Checa: \u00c1lex M\u00e1rquez y Stefan Bradl, con la vista puesta en la carrera de ma\u00f1ana","datePublished":"2020-08-08T02:00:00+00:00","dateModified":"2024-04-19T10:26:39+00:00","mainEntityOfPage":{"@id":"https:\/\/www.boxrepsol.com\/es\/motogp\/gp-de-la-republica-checa-alex-marquez-stefan-bradl-vista-puesta-en-carrera\/"},"wordCount":404,"commentCount":0,"publisher":{"@id":"https:\/\/www.boxrepsol.com\/es\/#organization"},"image":{"@id":"https:\/\/www.boxrepsol.com\/es\/motogp\/gp-de-la-republica-checa-alex-marquez-stefan-bradl-vista-puesta-en-carrera\/#primaryimage"},"thumbnailUrl":"https:\/\/bxrepsol.s3.eu-west-1.amazonaws.com\/static\/2022\/08\/09115533\/alex-marquez-y-stefan-bradl-brno-2020-d2.jpg","keywords":["2020","\u00c1lex M\u00e1rquez","Campeonato del Mundo de Motociclismo","MotoGP Rep\u00fablica Checa","Q2"],"articleSection":["MotoGP"],"inLanguage":"es","potentialAction":[{"@type":"CommentAction","name":"Comment","target":["https:\/\/www.boxrepsol.com\/es\/motogp\/gp-de-la-republica-checa-alex-marquez-stefan-bradl-vista-puesta-en-carrera\/#respond"]}]},{"@type":"WebPage","@id":"https:\/\/www.boxrepsol.com\/es\/motogp\/gp-de-la-republica-checa-alex-marquez-stefan-bradl-vista-puesta-en-carrera\/","url":"https:\/\/www.boxrepsol.com\/es\/motogp\/gp-de-la-republica-checa-alex-marquez-stefan-bradl-vista-puesta-en-carrera\/","name":"GP de la Rep\u00fablica Checa: \u00c1lex M\u00e1rquez y Stefan Bradl, con la vista puesta en la carrera de ma\u00f1ana - Box Repsol","isPartOf":{"@id":"https:\/\/www.boxrepsol.com\/es\/#website"},"primaryImageOfPage":{"@id":"https:\/\/www.boxrepsol.com\/es\/motogp\/gp-de-la-republica-checa-alex-marquez-stefan-bradl-vista-puesta-en-carrera\/#primaryimage"},"image":{"@id":"https:\/\/www.boxrepsol.com\/es\/motogp\/gp-de-la-republica-checa-alex-marquez-stefan-bradl-vista-puesta-en-carrera\/#primaryimage"},"thumbnailUrl":"https:\/\/bxrepsol.s3.eu-west-1.amazonaws.com\/static\/2022\/08\/09115533\/alex-marquez-y-stefan-bradl-brno-2020-d2.jpg","datePublished":"2020-08-08T02:00:00+00:00","dateModified":"2024-04-19T10:26:39+00:00","description":"GP de la Rep\u00fablica Checa 2020: Los pilotos del equipo Repsol Honda partir\u00e1n desde la s\u00e9ptima fila en la tercera cita de la temporada.","breadcrumb":{"@id":"https:\/\/www.boxrepsol.com\/es\/motogp\/gp-de-la-republica-checa-alex-marquez-stefan-bradl-vista-puesta-en-carrera\/#breadcrumb"},"inLanguage":"es","potentialAction":[{"@type":"ReadAction","target":["https:\/\/www.boxrepsol.com\/es\/motogp\/gp-de-la-republica-checa-alex-marquez-stefan-bradl-vista-puesta-en-carrera\/"]}]},{"@type":"ImageObject","inLanguage":"es","@id":"https:\/\/www.boxrepsol.com\/es\/motogp\/gp-de-la-republica-checa-alex-marquez-stefan-bradl-vista-puesta-en-carrera\/#primaryimage","url":"https:\/\/bxrepsol.s3.eu-west-1.amazonaws.com\/static\/2022\/08\/09115533\/alex-marquez-y-stefan-bradl-brno-2020-d2.jpg","contentUrl":"https:\/\/bxrepsol.s3.eu-west-1.amazonaws.com\/static\/2022\/08\/09115533\/alex-marquez-y-stefan-bradl-brno-2020-d2.jpg","width":1280,"height":720,"caption":"\u00c1lex M\u00e1rquez y Stefan Bradl rodando en el el circuito de Brno durante una FP del GP de la Rep\u00fablica Checa 2020"},{"@type":"BreadcrumbList","@id":"https:\/\/www.boxrepsol.com\/es\/motogp\/gp-de-la-republica-checa-alex-marquez-stefan-bradl-vista-puesta-en-carrera\/#breadcrumb","itemListElement":[{"@type":"ListItem","position":1,"name":"Home","item":"https:\/\/www.boxrepsol.com\/es\/"},{"@type":"ListItem","position":2,"name":"GP de la Rep\u00fablica Checa: \u00c1lex M\u00e1rquez y Stefan Bradl, con la vista puesta en la carrera de ma\u00f1ana"}]},{"@type":"WebSite","@id":"https:\/\/www.boxrepsol.com\/es\/#website","url":"https:\/\/www.boxrepsol.com\/es\/","name":"Box Repsol","description":"Box Repsol Site","publisher":{"@id":"https:\/\/www.boxrepsol.com\/es\/#organization"},"potentialAction":[{"@type":"SearchAction","target":{"@type":"EntryPoint","urlTemplate":"https:\/\/www.boxrepsol.com\/es\/?s={search_term_string}"},"query-input":{"@type":"PropertyValueSpecification","valueRequired":true,"valueName":"search_term_string"}}],"inLanguage":"es"},{"@type":"Organization","@id":"https:\/\/www.boxrepsol.com\/es\/#organization","name":"Box Repsol","url":"https:\/\/www.boxrepsol.com\/es\/","logo":{"@type":"ImageObject","inLanguage":"es","@id":"https:\/\/www.boxrepsol.com\/es\/#\/schema\/logo\/image\/","url":"https:\/\/bxrepsol.s3.eu-west-1.amazonaws.com\/static\/2025\/07\/30083337\/favicon-96x96-1.png","contentUrl":"https:\/\/bxrepsol.s3.eu-west-1.amazonaws.com\/static\/2025\/07\/30083337\/favicon-96x96-1.png","width":96,"height":96,"caption":"Box Repsol"},"image":{"@id":"https:\/\/www.boxrepsol.com\/es\/#\/schema\/logo\/image\/"},"sameAs":["https:\/\/www.facebook.com\/BoxRepsol","https:\/\/x.com\/box_repsol","http:\/\/instagram.com\/box_repsol","https:\/\/www.youtube.com\/user\/RepsolCompeticion","https:\/\/www.flickr.com\/photos\/box_repsol\/"]},{"@type":"Person","@id":"https:\/\/www.boxrepsol.com\/es\/#\/schema\/person\/c5c2138f2cca251b0ad92b7086bb60b7","name":"Redacci\u00f3n Box Repsol","image":{"@type":"ImageObject","inLanguage":"es","@id":"https:\/\/secure.gravatar.com\/avatar\/adf7b77e38b4419baf32c7e9c21dde01f4e40df611f0978e3006fc4ba0aaab7e?s=96&d=mm&r=g","url":"https:\/\/secure.gravatar.com\/avatar\/adf7b77e38b4419baf32c7e9c21dde01f4e40df611f0978e3006fc4ba0aaab7e?s=96&d=mm&r=g","contentUrl":"https:\/\/secure.gravatar.com\/avatar\/adf7b77e38b4419baf32c7e9c21dde01f4e40df611f0978e3006fc4ba0aaab7e?s=96&d=mm&r=g","caption":"Redacci\u00f3n Box Repsol"},"description":"Box Repsol lo forma un equipo de periodistas, community managers, dise\u00f1adores y fot\u00f3grafos con m\u00e1s de 20 a\u00f1os de experiencia en el mundo del motorsport. Hemos vivido el primer mundial de un espa\u00f1ol en la categor\u00eda reina de motociclismo con \u00c1lex Crivill\u00e9, estuvimos en las victorias de Pedrosa y los t\u00edtulos de M\u00e1rquez, acompa\u00f1amos en \u00c1frica a Nani Roma y Marc Coma en sus conquistas del Dakar y hemos vibrado con los t\u00edtulos de Toni Bou en Trial. Adem\u00e1s, en nuestro equipo contamos con expertos en el mundo de las dos y cuatro ruedas tanto de la calle y las carreteras, como de los circuitos. Periodistas que han trabajado en revistas y publicaciones para hacerte llegar desde rutas y consejos de mantenimiento, a curiosidades y trucos de pilotaje.","sameAs":["https:\/\/www.facebook.com\/BoxRepsol\/","https:\/\/www.instagram.com\/box_repsol\/","https:\/\/x.com\/https:\/\/twitter.com\/box_repsol","https:\/\/www.youtube.com\/@Boxrepsol"],"url":"https:\/\/www.boxrepsol.com\/es\/author\/redaccion-box-repsol\/"}]}},"_links":{"self":[{"href":"https:\/\/www.boxrepsol.com\/es\/wp-json\/wp\/v2\/posts\/94564","targetHints":{"allow":["GET"]}}],"collection":[{"href":"https:\/\/www.boxrepsol.com\/es\/wp-json\/wp\/v2\/posts"}],"about":[{"href":"https:\/\/www.boxrepsol.com\/es\/wp-json\/wp\/v2\/types\/post"}],"author":[{"embeddable":true,"href":"https:\/\/www.boxrepsol.com\/es\/wp-json\/wp\/v2\/users\/43146"}],"replies":[{"embeddable":true,"href":"https:\/\/www.boxrepsol.com\/es\/wp-json\/wp\/v2\/comments?post=94564"}],"version-history":[{"count":1,"href":"https:\/\/www.boxrepsol.com\/es\/wp-json\/wp\/v2\/posts\/94564\/revisions"}],"predecessor-version":[{"id":94565,"href":"https:\/\/www.boxrepsol.com\/es\/wp-json\/wp\/v2\/posts\/94564\/revisions\/94565"}],"wp:featuredmedia":[{"embeddable":true,"href":"https:\/\/www.boxrepsol.com\/es\/wp-json\/wp\/v2\/media\/40579"}],"wp:attachment":[{"href":"https:\/\/www.boxrepsol.com\/es\/wp-json\/wp\/v2\/media?parent=94564"}],"wp:term":[{"taxonomy":"category","embeddable":true,"href":"https:\/\/www.boxrepsol.com\/es\/wp-json\/wp\/v2\/categories?post=94564"},{"taxonomy":"post_tag","embeddable":true,"href":"https:\/\/www.boxrepsol.com\/es\/wp-json\/wp\/v2\/tags?post=94564"}],"curies":[{"name":"wp","href":"https:\/\/api.w.org\/{rel}","templated":true}]}}