{"id":94562,"date":"2020-08-07T00:00:00","date_gmt":"2020-08-07T02:00:00","guid":{"rendered":"http:\/\/pre.boxrepsol.com\/sin-categorizar\/gp-republica-checa-equipo-repsol-honda-fp-1-2\/"},"modified":"2024-04-19T08:26:48","modified_gmt":"2024-04-19T10:26:48","slug":"gp-republica-checa-equipo-repsol-honda-fp-1-2","status":"publish","type":"post","link":"https:\/\/www.boxrepsol.com\/es\/motogp\/gp-republica-checa-equipo-repsol-honda-fp-1-2\/","title":{"rendered":"GP de la Rep\u00fablica Checa: El equipo Repsol Honda completa el primer d\u00eda de entrenamientos"},"content":{"rendered":"<p>El piloto de Cervera ha aprovechado los dos entrenamientos libres de hoy para seguir adapt\u00e1ndose a un trazado nuevo para \u00e9l con su Repsol Honda <strong>RC213V<\/strong>. El rookie de MotoGP cierra el primer d\u00eda marcando un mejor tiempo de 1 minuto, 57 segundos y 688 mil\u00e9simas, a 1 segundo y 186 mil\u00e9simas del mejor tiempo.<\/p>\n<p>Al otro lado del box y <strong>sustituyendo al lesionado Marc M\u00e1rquez, Stefan Bradl<\/strong> ha sumado sus primeros kil\u00f3metros en esta toma de contacto con la Honda despu\u00e9s de muchos meses sin poder entrenar. Stefan ha mejorado su tiempo de la primera sesi\u00f3n por la tarde y ha finalizado la jornada marcando un registro de 1 minuto, 58 segundos y 424 mil\u00e9simas.<\/p>\n<p><a href=\"https:\/\/www.boxrepsol.com\/es\/motogp\/gp-la-republica-checa-motogp-2020-ver-directo-online\/\">Consulta aqu\u00ed los horarios completos del GP de la Rep\u00fablica Checa 2020<\/a><\/p>\n<p>                <!-- Imagen relacionada --><\/p>\n<p>                <!-- Categor\u00eda --><br \/>\n            MotoGP<br \/>\n        <!-- T\u00edtulo --><br \/>\n        <a href=\"https:\/\/www.boxrepsol.com\/es\/motogp\/repsol-honda-brno-alex-marquez-stefan-bradl\/\"><\/p>\n<h3>El Repsol Honda se presenta en Brno con \u00c1lex M\u00e1rquez y Stefan Bradl<\/h3>\n<p>        <\/a><br \/>\n                    <!-- Fecha --><br \/>\n            hace 1 hora<br \/>\n                    <a\n                        href=\"https:\/\/bxrepsol.s3.eu-west-1.amazonaws.com\/static\/2022\/08\/09105416\/alex-marquez-republica-checa-brno-2020.jpg\"\n                        data-index=\"0\"\n                    ><br \/>\n                        <img decoding=\"async\"\n                            src=\"https:\/\/bxrepsol.s3.eu-west-1.amazonaws.com\/static\/2022\/08\/09105416\/alex-marquez-republica-checa-brno-2020.jpg\"\n                            srcset=\"https:\/\/bxrepsol.s3.eu-west-1.amazonaws.com\/static\/2022\/08\/09105416\/alex-marquez-republica-checa-brno-2020.jpg 1280w, https:\/\/bxrepsol.s3.eu-west-1.amazonaws.com\/static\/2022\/08\/09105416\/alex-marquez-republica-checa-brno-2020.jpg 900w, https:\/\/bxrepsol.s3.eu-west-1.amazonaws.com\/static\/2022\/08\/09105416\/alex-marquez-republica-checa-brno-2020.jpg 600w, https:\/\/bxrepsol.s3.eu-west-1.amazonaws.com\/static\/2022\/08\/09105416\/alex-marquez-republica-checa-brno-2020.jpg 480w, https:\/\/bxrepsol.s3.eu-west-1.amazonaws.com\/static\/2022\/08\/09105416\/alex-marquez-republica-checa-brno-2020.jpg 32w\"\n                            title=\"alex-marquez-republica-checa-brno-2020\"\n                            alt=\"\u00c1lex M\u00e1rquez rodando durante los entrenamientos del GP de la Rep\u00fablica Checa 2020\"\n                            data-title=\"\"><br \/>\n                    <\/a><br \/>\n                    <a\n                        href=\"https:\/\/bxrepsol.s3.eu-west-1.amazonaws.com\/static\/2022\/08\/09105417\/alex-marquez-republica-checa-2020.jpg\"\n                        data-index=\"1\"\n                    ><br \/>\n                        <img decoding=\"async\"\n                            src=\"https:\/\/bxrepsol.s3.eu-west-1.amazonaws.com\/static\/2022\/08\/09105417\/alex-marquez-republica-checa-2020.jpg\"\n                            srcset=\"https:\/\/bxrepsol.s3.eu-west-1.amazonaws.com\/static\/2022\/08\/09105417\/alex-marquez-republica-checa-2020.jpg 1280w, https:\/\/bxrepsol.s3.eu-west-1.amazonaws.com\/static\/2022\/08\/09105417\/alex-marquez-republica-checa-2020.jpg 900w, https:\/\/bxrepsol.s3.eu-west-1.amazonaws.com\/static\/2022\/08\/09105417\/alex-marquez-republica-checa-2020.jpg 600w, https:\/\/bxrepsol.s3.eu-west-1.amazonaws.com\/static\/2022\/08\/09105417\/alex-marquez-republica-checa-2020.jpg 480w, https:\/\/bxrepsol.s3.eu-west-1.amazonaws.com\/static\/2022\/08\/09105417\/alex-marquez-republica-checa-2020.jpg 32w\"\n                            title=\"alex-marquez-republica-checa-2020\"\n                            alt=\"\u00c1lex M\u00e1rquez rodando durante los entrenamientos del GP de la Rep\u00fablica Checa 2020\"\n                            data-title=\"\"><br \/>\n                    <\/a><br \/>\n                    <a\n                        href=\"https:\/\/bxrepsol.s3.eu-west-1.amazonaws.com\/static\/2022\/08\/09105417\/alex-marquez-brno-2020.jpg\"\n                        data-index=\"2\"\n                    ><br \/>\n                        <img decoding=\"async\"\n                            src=\"https:\/\/bxrepsol.s3.eu-west-1.amazonaws.com\/static\/2022\/08\/09105417\/alex-marquez-brno-2020.jpg\"\n                            srcset=\"https:\/\/bxrepsol.s3.eu-west-1.amazonaws.com\/static\/2022\/08\/09105417\/alex-marquez-brno-2020.jpg 1280w, https:\/\/bxrepsol.s3.eu-west-1.amazonaws.com\/static\/2022\/08\/09105417\/alex-marquez-brno-2020.jpg 900w, https:\/\/bxrepsol.s3.eu-west-1.amazonaws.com\/static\/2022\/08\/09105417\/alex-marquez-brno-2020.jpg 600w, https:\/\/bxrepsol.s3.eu-west-1.amazonaws.com\/static\/2022\/08\/09105417\/alex-marquez-brno-2020.jpg 480w, https:\/\/bxrepsol.s3.eu-west-1.amazonaws.com\/static\/2022\/08\/09105417\/alex-marquez-brno-2020.jpg 32w\"\n                            title=\"alex-marquez-brno-2020\"\n                            alt=\"\u00c1lex M\u00e1rquez rodando durante los entrenamientos del GP de la Rep\u00fablica Checa 2020\"\n                            data-title=\"\"><br \/>\n                    <\/a><br \/>\n                    <a\n                        href=\"https:\/\/bxrepsol.s3.eu-west-1.amazonaws.com\/static\/2022\/08\/09105418\/alex-marquez-brno-rc213v-2020.jpg\"\n                        data-index=\"3\"\n                    ><br \/>\n                        <img decoding=\"async\"\n                            src=\"https:\/\/bxrepsol.s3.eu-west-1.amazonaws.com\/static\/2022\/08\/09105418\/alex-marquez-brno-rc213v-2020.jpg\"\n                            srcset=\"https:\/\/bxrepsol.s3.eu-west-1.amazonaws.com\/static\/2022\/08\/09105418\/alex-marquez-brno-rc213v-2020.jpg 1280w, https:\/\/bxrepsol.s3.eu-west-1.amazonaws.com\/static\/2022\/08\/09105418\/alex-marquez-brno-rc213v-2020.jpg 900w, https:\/\/bxrepsol.s3.eu-west-1.amazonaws.com\/static\/2022\/08\/09105418\/alex-marquez-brno-rc213v-2020.jpg 600w, https:\/\/bxrepsol.s3.eu-west-1.amazonaws.com\/static\/2022\/08\/09105418\/alex-marquez-brno-rc213v-2020.jpg 480w, https:\/\/bxrepsol.s3.eu-west-1.amazonaws.com\/static\/2022\/08\/09105418\/alex-marquez-brno-rc213v-2020.jpg 32w\"\n                            title=\"alex-marquez-brno-rc213v-2020\"\n                            alt=\"\u00c1lex M\u00e1rquez rodando durante los entrenamientos del GP de la Rep\u00fablica Checa 2020\"\n                            data-title=\"\"><br \/>\n                    <\/a><\/p>\n<p>        <button data-glide-dir=\"<\"><br \/>\n            <svg role=\"img\"  viewBox=\"0 0 256 512\">\n                <path fill=\"currentColor\" d=\"M238.475 475.535l7.071-7.07c4.686-4.686 4.686-12.284 0-16.971L50.053 256 245.546 60.506c4.686-4.686 4.686-12.284 0-16.971l-7.071-7.07c-4.686-4.686-12.284-4.686-16.97 0L10.454 247.515c-4.686 4.686-4.686 12.284 0 16.971l211.051 211.05c4.686 4.686 12.284 4.686 16.97-.001z\"><\/path>\n            <\/svg><br \/>\n        <\/button><br \/>\n        <button data-glide-dir=\">\u00ab><br \/>\n            <svg role=\"img\"  viewBox=\"0 0 256 512\">\n                <path fill=\"currentColor\" d=\"M17.525 36.465l-7.071 7.07c-4.686 4.686-4.686 12.284 0 16.971L205.947 256 10.454 451.494c-4.686 4.686-4.686 12.284 0 16.971l7.071 7.07c4.686 4.686 12.284 4.686 16.97 0l211.051-211.05c4.686-4.686 4.686-12.284 0-16.971L34.495 36.465c-4.686-4.687-12.284-4.687-16.97 0z\"><\/path>\n            <\/svg><br \/>\n        <\/button><\/p>\n<h2>GP de la Rep\u00fablica Checa 2020 &#8211; FP2 &#8211; Declaraciones de los pilotos<\/h2>\n<p><a href=\"https:\/\/twitter.com\/hashtag\/AM73?src=hash&#038;lang=es\">#AM73<\/a><\/p>\n<p><em><strong> Tengo que trabajar mi ritmo a una vuelta. <\/strong>\u00abEs bueno volver a pilotar y, adem\u00e1s, en un circuito que me gusta mucho. Ha sido un buen primer d\u00eda, aparte del peque\u00f1o problema en la segunda sesi\u00f3n, pero, sinceramente, no nos ha perjudicado mucho. El agarre de la pista no ha sido perfecto y ha habido muchas ca\u00eddas, especialmente en las categor\u00edas peque\u00f1as, as\u00ed que espero que esto mejore para ma\u00f1ana. Hoy me he sentido muy bien, pero todav\u00eda tengo que trabajar mi ritmo a una vuelta; las sensaciones para ma\u00f1ana son buenas. Veamos c\u00f3mo est\u00e1n las condiciones del circuito ma\u00f1ana y qu\u00e9 podemos hacer en \u00e9l\u00bb.<\/em><\/p>\n<hr\/>\n<p><a href=\"https:\/\/twitter.com\/hashtag\/stefanbradl?src=hash&#038;lang=es\">#SB6<\/a><\/p>\n<p><em><strong>Estoy mejorando en cada vuelta.<\/strong>\u00abHoy hemos tratado de volver a recuperar sensaciones. No importa cu\u00e1nto tiempo lleves pilotando, cuando vuelves a subir a una MotoGP despu\u00e9s de un descanso y aceleras en la recta, la potencia siempre es sorprendente. Han pasado seis meses desde que pilot\u00e9 por \u00faltima vez esta moto, as\u00ed que me ha costado un tiempo ajustar la mente a estas velocidades y administrarlo todo, es bastante normal. Pero vamos bien y estoy mejorando en cada vuelta. Estoy listo para ma\u00f1ana y deseando que llegue despu\u00e9s de un primer d\u00eda positivo; hasta ahora, todo bien\u00bb.<\/em><\/p>\n","protected":false},"excerpt":{"rendered":"<p>\u00c1lex M\u00e1rquez y Stefan Bradl han finalizado la primera jornada del Gran Premio de la Rep\u00fablica Checa decimosexto y vigesimosegundo, respectivamente<\/p>\n","protected":false},"author":43146,"featured_media":40547,"comment_status":"open","ping_status":"open","sticky":false,"template":"","format":"standard","meta":{"footnotes":""},"categories":[4],"tags":[191,192,136,144],"class_list":["post-94562","post","type-post","status-publish","format-standard","hentry","category-motogp","tag-191","tag-alex-marquez","tag-campeonato-del-mundo-de-motociclismo","tag-motogp-republica-checa"],"yoast_head":"<!-- This site is optimized with the Yoast SEO plugin v27.3 - https:\/\/yoast.com\/product\/yoast-seo-wordpress\/ -->\n<title>GP de la Rep\u00fablica Checa: El equipo Repsol Honda completa el primer d\u00eda de entrenamientos - Box Repsol<\/title>\n<meta name=\"description\" content=\"GP de la Rep\u00fablica Checa: \u00c1lex M\u00e1rquez y Stefan Bradl acaban la primera jornada del GP de la Rep\u00fablica Checa decimosexto y vigesimosegundo, respectivamente.\" \/>\n<link rel=\"canonical\" href=\"https:\/\/www.boxrepsol.com\/es\/motogp\/gp-republica-checa-equipo-repsol-honda-fp-1-2\/\" \/>\n<meta property=\"og:locale\" content=\"es_ES\" \/>\n<meta property=\"og:type\" content=\"article\" \/>\n<meta property=\"og:title\" content=\"GP de la Rep\u00fablica Checa: El equipo Repsol Honda completa el primer d\u00eda de entrenamientos - Box Repsol\" \/>\n<meta property=\"og:description\" content=\"GP de la Rep\u00fablica Checa: \u00c1lex M\u00e1rquez y Stefan Bradl acaban la primera jornada del GP de la Rep\u00fablica Checa decimosexto y vigesimosegundo, respectivamente.\" \/>\n<meta property=\"og:url\" content=\"https:\/\/www.boxrepsol.com\/es\/motogp\/gp-republica-checa-equipo-repsol-honda-fp-1-2\/\" \/>\n<meta property=\"og:site_name\" content=\"Box Repsol\" \/>\n<meta property=\"article:publisher\" content=\"https:\/\/www.facebook.com\/BoxRepsol\" \/>\n<meta property=\"article:author\" content=\"https:\/\/www.facebook.com\/BoxRepsol\/\" \/>\n<meta property=\"article:published_time\" content=\"2020-08-07T02:00:00+00:00\" \/>\n<meta property=\"article:modified_time\" content=\"2024-04-19T10:26:48+00:00\" \/>\n<meta property=\"og:image\" content=\"https:\/\/bxrepsol.s3.eu-west-1.amazonaws.com\/static\/2022\/08\/09115515\/alex-marquez-y-stefan-bradl-republica-checa-2020.jpg\" \/>\n\t<meta property=\"og:image:width\" content=\"1280\" \/>\n\t<meta property=\"og:image:height\" content=\"720\" \/>\n\t<meta property=\"og:image:type\" content=\"image\/jpeg\" \/>\n<meta name=\"author\" content=\"Redacci\u00f3n Box Repsol\" \/>\n<meta name=\"twitter:card\" content=\"summary_large_image\" \/>\n<meta name=\"twitter:creator\" content=\"@https:\/\/twitter.com\/box_repsol\" \/>\n<meta name=\"twitter:site\" content=\"@box_repsol\" \/>\n<meta name=\"twitter:label1\" content=\"Written by\" \/>\n\t<meta name=\"twitter:data1\" content=\"Redacci\u00f3n Box Repsol\" \/>\n\t<meta name=\"twitter:label2\" content=\"Est. reading time\" \/>\n\t<meta name=\"twitter:data2\" content=\"2 minutos\" \/>\n<script type=\"application\/ld+json\" class=\"yoast-schema-graph\">{\"@context\":\"https:\\\/\\\/schema.org\",\"@graph\":[{\"@type\":\"Article\",\"@id\":\"https:\\\/\\\/www.boxrepsol.com\\\/es\\\/motogp\\\/gp-republica-checa-equipo-repsol-honda-fp-1-2\\\/#article\",\"isPartOf\":{\"@id\":\"https:\\\/\\\/www.boxrepsol.com\\\/es\\\/motogp\\\/gp-republica-checa-equipo-repsol-honda-fp-1-2\\\/\"},\"author\":{\"name\":\"Redacci\u00f3n Box Repsol\",\"@id\":\"https:\\\/\\\/www.boxrepsol.com\\\/es\\\/#\\\/schema\\\/person\\\/c5c2138f2cca251b0ad92b7086bb60b7\"},\"headline\":\"GP de la Rep\u00fablica Checa: El equipo Repsol Honda completa el primer d\u00eda de entrenamientos\",\"datePublished\":\"2020-08-07T02:00:00+00:00\",\"dateModified\":\"2024-04-19T10:26:48+00:00\",\"mainEntityOfPage\":{\"@id\":\"https:\\\/\\\/www.boxrepsol.com\\\/es\\\/motogp\\\/gp-republica-checa-equipo-repsol-honda-fp-1-2\\\/\"},\"wordCount\":401,\"commentCount\":0,\"publisher\":{\"@id\":\"https:\\\/\\\/www.boxrepsol.com\\\/es\\\/#organization\"},\"image\":{\"@id\":\"https:\\\/\\\/www.boxrepsol.com\\\/es\\\/motogp\\\/gp-republica-checa-equipo-repsol-honda-fp-1-2\\\/#primaryimage\"},\"thumbnailUrl\":\"https:\\\/\\\/bxrepsol.s3.eu-west-1.amazonaws.com\\\/static\\\/2022\\\/08\\\/09115515\\\/alex-marquez-y-stefan-bradl-republica-checa-2020.jpg\",\"keywords\":[\"2020\",\"\u00c1lex M\u00e1rquez\",\"Campeonato del Mundo de Motociclismo\",\"MotoGP Rep\u00fablica Checa\"],\"articleSection\":[\"MotoGP\"],\"inLanguage\":\"es\",\"potentialAction\":[{\"@type\":\"CommentAction\",\"name\":\"Comment\",\"target\":[\"https:\\\/\\\/www.boxrepsol.com\\\/es\\\/motogp\\\/gp-republica-checa-equipo-repsol-honda-fp-1-2\\\/#respond\"]}]},{\"@type\":\"WebPage\",\"@id\":\"https:\\\/\\\/www.boxrepsol.com\\\/es\\\/motogp\\\/gp-republica-checa-equipo-repsol-honda-fp-1-2\\\/\",\"url\":\"https:\\\/\\\/www.boxrepsol.com\\\/es\\\/motogp\\\/gp-republica-checa-equipo-repsol-honda-fp-1-2\\\/\",\"name\":\"GP de la Rep\u00fablica Checa: El equipo Repsol Honda completa el primer d\u00eda de entrenamientos - Box Repsol\",\"isPartOf\":{\"@id\":\"https:\\\/\\\/www.boxrepsol.com\\\/es\\\/#website\"},\"primaryImageOfPage\":{\"@id\":\"https:\\\/\\\/www.boxrepsol.com\\\/es\\\/motogp\\\/gp-republica-checa-equipo-repsol-honda-fp-1-2\\\/#primaryimage\"},\"image\":{\"@id\":\"https:\\\/\\\/www.boxrepsol.com\\\/es\\\/motogp\\\/gp-republica-checa-equipo-repsol-honda-fp-1-2\\\/#primaryimage\"},\"thumbnailUrl\":\"https:\\\/\\\/bxrepsol.s3.eu-west-1.amazonaws.com\\\/static\\\/2022\\\/08\\\/09115515\\\/alex-marquez-y-stefan-bradl-republica-checa-2020.jpg\",\"datePublished\":\"2020-08-07T02:00:00+00:00\",\"dateModified\":\"2024-04-19T10:26:48+00:00\",\"description\":\"GP de la Rep\u00fablica Checa: \u00c1lex M\u00e1rquez y Stefan Bradl acaban la primera jornada del GP de la Rep\u00fablica Checa decimosexto y vigesimosegundo, respectivamente.\",\"breadcrumb\":{\"@id\":\"https:\\\/\\\/www.boxrepsol.com\\\/es\\\/motogp\\\/gp-republica-checa-equipo-repsol-honda-fp-1-2\\\/#breadcrumb\"},\"inLanguage\":\"es\",\"potentialAction\":[{\"@type\":\"ReadAction\",\"target\":[\"https:\\\/\\\/www.boxrepsol.com\\\/es\\\/motogp\\\/gp-republica-checa-equipo-repsol-honda-fp-1-2\\\/\"]}]},{\"@type\":\"ImageObject\",\"inLanguage\":\"es\",\"@id\":\"https:\\\/\\\/www.boxrepsol.com\\\/es\\\/motogp\\\/gp-republica-checa-equipo-repsol-honda-fp-1-2\\\/#primaryimage\",\"url\":\"https:\\\/\\\/bxrepsol.s3.eu-west-1.amazonaws.com\\\/static\\\/2022\\\/08\\\/09115515\\\/alex-marquez-y-stefan-bradl-republica-checa-2020.jpg\",\"contentUrl\":\"https:\\\/\\\/bxrepsol.s3.eu-west-1.amazonaws.com\\\/static\\\/2022\\\/08\\\/09115515\\\/alex-marquez-y-stefan-bradl-republica-checa-2020.jpg\",\"width\":1280,\"height\":720,\"caption\":\"\u00c1lex M\u00e1rquez y Stefan Bradl rodando en el el circuito de Brno durante una FP del GP de la Rep\u00fablica Checa 2020\"},{\"@type\":\"BreadcrumbList\",\"@id\":\"https:\\\/\\\/www.boxrepsol.com\\\/es\\\/motogp\\\/gp-republica-checa-equipo-repsol-honda-fp-1-2\\\/#breadcrumb\",\"itemListElement\":[{\"@type\":\"ListItem\",\"position\":1,\"name\":\"Home\",\"item\":\"https:\\\/\\\/www.boxrepsol.com\\\/es\\\/\"},{\"@type\":\"ListItem\",\"position\":2,\"name\":\"GP de la Rep\u00fablica Checa: El equipo Repsol Honda completa el primer d\u00eda de entrenamientos\"}]},{\"@type\":\"WebSite\",\"@id\":\"https:\\\/\\\/www.boxrepsol.com\\\/es\\\/#website\",\"url\":\"https:\\\/\\\/www.boxrepsol.com\\\/es\\\/\",\"name\":\"Box Repsol\",\"description\":\"Box Repsol Site\",\"publisher\":{\"@id\":\"https:\\\/\\\/www.boxrepsol.com\\\/es\\\/#organization\"},\"potentialAction\":[{\"@type\":\"SearchAction\",\"target\":{\"@type\":\"EntryPoint\",\"urlTemplate\":\"https:\\\/\\\/www.boxrepsol.com\\\/es\\\/?s={search_term_string}\"},\"query-input\":{\"@type\":\"PropertyValueSpecification\",\"valueRequired\":true,\"valueName\":\"search_term_string\"}}],\"inLanguage\":\"es\"},{\"@type\":\"Organization\",\"@id\":\"https:\\\/\\\/www.boxrepsol.com\\\/es\\\/#organization\",\"name\":\"Box Repsol\",\"url\":\"https:\\\/\\\/www.boxrepsol.com\\\/es\\\/\",\"logo\":{\"@type\":\"ImageObject\",\"inLanguage\":\"es\",\"@id\":\"https:\\\/\\\/www.boxrepsol.com\\\/es\\\/#\\\/schema\\\/logo\\\/image\\\/\",\"url\":\"https:\\\/\\\/bxrepsol.s3.eu-west-1.amazonaws.com\\\/static\\\/2025\\\/07\\\/30083337\\\/favicon-96x96-1.png\",\"contentUrl\":\"https:\\\/\\\/bxrepsol.s3.eu-west-1.amazonaws.com\\\/static\\\/2025\\\/07\\\/30083337\\\/favicon-96x96-1.png\",\"width\":96,\"height\":96,\"caption\":\"Box Repsol\"},\"image\":{\"@id\":\"https:\\\/\\\/www.boxrepsol.com\\\/es\\\/#\\\/schema\\\/logo\\\/image\\\/\"},\"sameAs\":[\"https:\\\/\\\/www.facebook.com\\\/BoxRepsol\",\"https:\\\/\\\/x.com\\\/box_repsol\",\"http:\\\/\\\/instagram.com\\\/box_repsol\",\"https:\\\/\\\/www.youtube.com\\\/user\\\/RepsolCompeticion\",\"https:\\\/\\\/www.flickr.com\\\/photos\\\/box_repsol\\\/\"]},{\"@type\":\"Person\",\"@id\":\"https:\\\/\\\/www.boxrepsol.com\\\/es\\\/#\\\/schema\\\/person\\\/c5c2138f2cca251b0ad92b7086bb60b7\",\"name\":\"Redacci\u00f3n Box Repsol\",\"image\":{\"@type\":\"ImageObject\",\"inLanguage\":\"es\",\"@id\":\"https:\\\/\\\/secure.gravatar.com\\\/avatar\\\/adf7b77e38b4419baf32c7e9c21dde01f4e40df611f0978e3006fc4ba0aaab7e?s=96&d=mm&r=g\",\"url\":\"https:\\\/\\\/secure.gravatar.com\\\/avatar\\\/adf7b77e38b4419baf32c7e9c21dde01f4e40df611f0978e3006fc4ba0aaab7e?s=96&d=mm&r=g\",\"contentUrl\":\"https:\\\/\\\/secure.gravatar.com\\\/avatar\\\/adf7b77e38b4419baf32c7e9c21dde01f4e40df611f0978e3006fc4ba0aaab7e?s=96&d=mm&r=g\",\"caption\":\"Redacci\u00f3n Box Repsol\"},\"description\":\"Box Repsol lo forma un equipo de periodistas, community managers, dise\u00f1adores y fot\u00f3grafos con m\u00e1s de 20 a\u00f1os de experiencia en el mundo del motorsport. Hemos vivido el primer mundial de un espa\u00f1ol en la categor\u00eda reina de motociclismo con \u00c1lex Crivill\u00e9, estuvimos en las victorias de Pedrosa y los t\u00edtulos de M\u00e1rquez, acompa\u00f1amos en \u00c1frica a Nani Roma y Marc Coma en sus conquistas del Dakar y hemos vibrado con los t\u00edtulos de Toni Bou en Trial. Adem\u00e1s, en nuestro equipo contamos con expertos en el mundo de las dos y cuatro ruedas tanto de la calle y las carreteras, como de los circuitos. Periodistas que han trabajado en revistas y publicaciones para hacerte llegar desde rutas y consejos de mantenimiento, a curiosidades y trucos de pilotaje.\",\"sameAs\":[\"https:\\\/\\\/www.facebook.com\\\/BoxRepsol\\\/\",\"https:\\\/\\\/www.instagram.com\\\/box_repsol\\\/\",\"https:\\\/\\\/x.com\\\/https:\\\/\\\/twitter.com\\\/box_repsol\",\"https:\\\/\\\/www.youtube.com\\\/@Boxrepsol\"],\"url\":\"https:\\\/\\\/www.boxrepsol.com\\\/es\\\/author\\\/redaccion-box-repsol\\\/\"}]}<\/script>\n<!-- \/ Yoast SEO plugin. -->","yoast_head_json":{"title":"GP de la Rep\u00fablica Checa: El equipo Repsol Honda completa el primer d\u00eda de entrenamientos - Box Repsol","description":"GP de la Rep\u00fablica Checa: \u00c1lex M\u00e1rquez y Stefan Bradl acaban la primera jornada del GP de la Rep\u00fablica Checa decimosexto y vigesimosegundo, respectivamente.","canonical":"https:\/\/www.boxrepsol.com\/es\/motogp\/gp-republica-checa-equipo-repsol-honda-fp-1-2\/","og_locale":"es_ES","og_type":"article","og_title":"GP de la Rep\u00fablica Checa: El equipo Repsol Honda completa el primer d\u00eda de entrenamientos - Box Repsol","og_description":"GP de la Rep\u00fablica Checa: \u00c1lex M\u00e1rquez y Stefan Bradl acaban la primera jornada del GP de la Rep\u00fablica Checa decimosexto y vigesimosegundo, respectivamente.","og_url":"https:\/\/www.boxrepsol.com\/es\/motogp\/gp-republica-checa-equipo-repsol-honda-fp-1-2\/","og_site_name":"Box Repsol","article_publisher":"https:\/\/www.facebook.com\/BoxRepsol","article_author":"https:\/\/www.facebook.com\/BoxRepsol\/","article_published_time":"2020-08-07T02:00:00+00:00","article_modified_time":"2024-04-19T10:26:48+00:00","og_image":[{"width":1280,"height":720,"url":"https:\/\/bxrepsol.s3.eu-west-1.amazonaws.com\/static\/2022\/08\/09115515\/alex-marquez-y-stefan-bradl-republica-checa-2020.jpg","type":"image\/jpeg"}],"author":"Redacci\u00f3n Box Repsol","twitter_card":"summary_large_image","twitter_creator":"@https:\/\/twitter.com\/box_repsol","twitter_site":"@box_repsol","twitter_misc":{"Written by":"Redacci\u00f3n Box Repsol","Est. reading time":"2 minutos"},"schema":{"@context":"https:\/\/schema.org","@graph":[{"@type":"Article","@id":"https:\/\/www.boxrepsol.com\/es\/motogp\/gp-republica-checa-equipo-repsol-honda-fp-1-2\/#article","isPartOf":{"@id":"https:\/\/www.boxrepsol.com\/es\/motogp\/gp-republica-checa-equipo-repsol-honda-fp-1-2\/"},"author":{"name":"Redacci\u00f3n Box Repsol","@id":"https:\/\/www.boxrepsol.com\/es\/#\/schema\/person\/c5c2138f2cca251b0ad92b7086bb60b7"},"headline":"GP de la Rep\u00fablica Checa: El equipo Repsol Honda completa el primer d\u00eda de entrenamientos","datePublished":"2020-08-07T02:00:00+00:00","dateModified":"2024-04-19T10:26:48+00:00","mainEntityOfPage":{"@id":"https:\/\/www.boxrepsol.com\/es\/motogp\/gp-republica-checa-equipo-repsol-honda-fp-1-2\/"},"wordCount":401,"commentCount":0,"publisher":{"@id":"https:\/\/www.boxrepsol.com\/es\/#organization"},"image":{"@id":"https:\/\/www.boxrepsol.com\/es\/motogp\/gp-republica-checa-equipo-repsol-honda-fp-1-2\/#primaryimage"},"thumbnailUrl":"https:\/\/bxrepsol.s3.eu-west-1.amazonaws.com\/static\/2022\/08\/09115515\/alex-marquez-y-stefan-bradl-republica-checa-2020.jpg","keywords":["2020","\u00c1lex M\u00e1rquez","Campeonato del Mundo de Motociclismo","MotoGP Rep\u00fablica Checa"],"articleSection":["MotoGP"],"inLanguage":"es","potentialAction":[{"@type":"CommentAction","name":"Comment","target":["https:\/\/www.boxrepsol.com\/es\/motogp\/gp-republica-checa-equipo-repsol-honda-fp-1-2\/#respond"]}]},{"@type":"WebPage","@id":"https:\/\/www.boxrepsol.com\/es\/motogp\/gp-republica-checa-equipo-repsol-honda-fp-1-2\/","url":"https:\/\/www.boxrepsol.com\/es\/motogp\/gp-republica-checa-equipo-repsol-honda-fp-1-2\/","name":"GP de la Rep\u00fablica Checa: El equipo Repsol Honda completa el primer d\u00eda de entrenamientos - Box Repsol","isPartOf":{"@id":"https:\/\/www.boxrepsol.com\/es\/#website"},"primaryImageOfPage":{"@id":"https:\/\/www.boxrepsol.com\/es\/motogp\/gp-republica-checa-equipo-repsol-honda-fp-1-2\/#primaryimage"},"image":{"@id":"https:\/\/www.boxrepsol.com\/es\/motogp\/gp-republica-checa-equipo-repsol-honda-fp-1-2\/#primaryimage"},"thumbnailUrl":"https:\/\/bxrepsol.s3.eu-west-1.amazonaws.com\/static\/2022\/08\/09115515\/alex-marquez-y-stefan-bradl-republica-checa-2020.jpg","datePublished":"2020-08-07T02:00:00+00:00","dateModified":"2024-04-19T10:26:48+00:00","description":"GP de la Rep\u00fablica Checa: \u00c1lex M\u00e1rquez y Stefan Bradl acaban la primera jornada del GP de la Rep\u00fablica Checa decimosexto y vigesimosegundo, respectivamente.","breadcrumb":{"@id":"https:\/\/www.boxrepsol.com\/es\/motogp\/gp-republica-checa-equipo-repsol-honda-fp-1-2\/#breadcrumb"},"inLanguage":"es","potentialAction":[{"@type":"ReadAction","target":["https:\/\/www.boxrepsol.com\/es\/motogp\/gp-republica-checa-equipo-repsol-honda-fp-1-2\/"]}]},{"@type":"ImageObject","inLanguage":"es","@id":"https:\/\/www.boxrepsol.com\/es\/motogp\/gp-republica-checa-equipo-repsol-honda-fp-1-2\/#primaryimage","url":"https:\/\/bxrepsol.s3.eu-west-1.amazonaws.com\/static\/2022\/08\/09115515\/alex-marquez-y-stefan-bradl-republica-checa-2020.jpg","contentUrl":"https:\/\/bxrepsol.s3.eu-west-1.amazonaws.com\/static\/2022\/08\/09115515\/alex-marquez-y-stefan-bradl-republica-checa-2020.jpg","width":1280,"height":720,"caption":"\u00c1lex M\u00e1rquez y Stefan Bradl rodando en el el circuito de Brno durante una FP del GP de la Rep\u00fablica Checa 2020"},{"@type":"BreadcrumbList","@id":"https:\/\/www.boxrepsol.com\/es\/motogp\/gp-republica-checa-equipo-repsol-honda-fp-1-2\/#breadcrumb","itemListElement":[{"@type":"ListItem","position":1,"name":"Home","item":"https:\/\/www.boxrepsol.com\/es\/"},{"@type":"ListItem","position":2,"name":"GP de la Rep\u00fablica Checa: El equipo Repsol Honda completa el primer d\u00eda de entrenamientos"}]},{"@type":"WebSite","@id":"https:\/\/www.boxrepsol.com\/es\/#website","url":"https:\/\/www.boxrepsol.com\/es\/","name":"Box Repsol","description":"Box Repsol Site","publisher":{"@id":"https:\/\/www.boxrepsol.com\/es\/#organization"},"potentialAction":[{"@type":"SearchAction","target":{"@type":"EntryPoint","urlTemplate":"https:\/\/www.boxrepsol.com\/es\/?s={search_term_string}"},"query-input":{"@type":"PropertyValueSpecification","valueRequired":true,"valueName":"search_term_string"}}],"inLanguage":"es"},{"@type":"Organization","@id":"https:\/\/www.boxrepsol.com\/es\/#organization","name":"Box Repsol","url":"https:\/\/www.boxrepsol.com\/es\/","logo":{"@type":"ImageObject","inLanguage":"es","@id":"https:\/\/www.boxrepsol.com\/es\/#\/schema\/logo\/image\/","url":"https:\/\/bxrepsol.s3.eu-west-1.amazonaws.com\/static\/2025\/07\/30083337\/favicon-96x96-1.png","contentUrl":"https:\/\/bxrepsol.s3.eu-west-1.amazonaws.com\/static\/2025\/07\/30083337\/favicon-96x96-1.png","width":96,"height":96,"caption":"Box Repsol"},"image":{"@id":"https:\/\/www.boxrepsol.com\/es\/#\/schema\/logo\/image\/"},"sameAs":["https:\/\/www.facebook.com\/BoxRepsol","https:\/\/x.com\/box_repsol","http:\/\/instagram.com\/box_repsol","https:\/\/www.youtube.com\/user\/RepsolCompeticion","https:\/\/www.flickr.com\/photos\/box_repsol\/"]},{"@type":"Person","@id":"https:\/\/www.boxrepsol.com\/es\/#\/schema\/person\/c5c2138f2cca251b0ad92b7086bb60b7","name":"Redacci\u00f3n Box Repsol","image":{"@type":"ImageObject","inLanguage":"es","@id":"https:\/\/secure.gravatar.com\/avatar\/adf7b77e38b4419baf32c7e9c21dde01f4e40df611f0978e3006fc4ba0aaab7e?s=96&d=mm&r=g","url":"https:\/\/secure.gravatar.com\/avatar\/adf7b77e38b4419baf32c7e9c21dde01f4e40df611f0978e3006fc4ba0aaab7e?s=96&d=mm&r=g","contentUrl":"https:\/\/secure.gravatar.com\/avatar\/adf7b77e38b4419baf32c7e9c21dde01f4e40df611f0978e3006fc4ba0aaab7e?s=96&d=mm&r=g","caption":"Redacci\u00f3n Box Repsol"},"description":"Box Repsol lo forma un equipo de periodistas, community managers, dise\u00f1adores y fot\u00f3grafos con m\u00e1s de 20 a\u00f1os de experiencia en el mundo del motorsport. Hemos vivido el primer mundial de un espa\u00f1ol en la categor\u00eda reina de motociclismo con \u00c1lex Crivill\u00e9, estuvimos en las victorias de Pedrosa y los t\u00edtulos de M\u00e1rquez, acompa\u00f1amos en \u00c1frica a Nani Roma y Marc Coma en sus conquistas del Dakar y hemos vibrado con los t\u00edtulos de Toni Bou en Trial. Adem\u00e1s, en nuestro equipo contamos con expertos en el mundo de las dos y cuatro ruedas tanto de la calle y las carreteras, como de los circuitos. Periodistas que han trabajado en revistas y publicaciones para hacerte llegar desde rutas y consejos de mantenimiento, a curiosidades y trucos de pilotaje.","sameAs":["https:\/\/www.facebook.com\/BoxRepsol\/","https:\/\/www.instagram.com\/box_repsol\/","https:\/\/x.com\/https:\/\/twitter.com\/box_repsol","https:\/\/www.youtube.com\/@Boxrepsol"],"url":"https:\/\/www.boxrepsol.com\/es\/author\/redaccion-box-repsol\/"}]}},"_links":{"self":[{"href":"https:\/\/www.boxrepsol.com\/es\/wp-json\/wp\/v2\/posts\/94562","targetHints":{"allow":["GET"]}}],"collection":[{"href":"https:\/\/www.boxrepsol.com\/es\/wp-json\/wp\/v2\/posts"}],"about":[{"href":"https:\/\/www.boxrepsol.com\/es\/wp-json\/wp\/v2\/types\/post"}],"author":[{"embeddable":true,"href":"https:\/\/www.boxrepsol.com\/es\/wp-json\/wp\/v2\/users\/43146"}],"replies":[{"embeddable":true,"href":"https:\/\/www.boxrepsol.com\/es\/wp-json\/wp\/v2\/comments?post=94562"}],"version-history":[{"count":6,"href":"https:\/\/www.boxrepsol.com\/es\/wp-json\/wp\/v2\/posts\/94562\/revisions"}],"predecessor-version":[{"id":108487,"href":"https:\/\/www.boxrepsol.com\/es\/wp-json\/wp\/v2\/posts\/94562\/revisions\/108487"}],"wp:featuredmedia":[{"embeddable":true,"href":"https:\/\/www.boxrepsol.com\/es\/wp-json\/wp\/v2\/media\/40547"}],"wp:attachment":[{"href":"https:\/\/www.boxrepsol.com\/es\/wp-json\/wp\/v2\/media?parent=94562"}],"wp:term":[{"taxonomy":"category","embeddable":true,"href":"https:\/\/www.boxrepsol.com\/es\/wp-json\/wp\/v2\/categories?post=94562"},{"taxonomy":"post_tag","embeddable":true,"href":"https:\/\/www.boxrepsol.com\/es\/wp-json\/wp\/v2\/tags?post=94562"}],"curies":[{"name":"wp","href":"https:\/\/api.w.org\/{rel}","templated":true}]}}