{"id":94560,"date":"2020-08-04T00:00:00","date_gmt":"2020-08-04T02:00:00","guid":{"rendered":"http:\/\/pre.boxrepsol.com\/sin-categorizar\/repsol-honda-brno-alex-marquez-stefan-bradl\/"},"modified":"2024-04-19T08:26:56","modified_gmt":"2024-04-19T10:26:56","slug":"repsol-honda-brno-alex-marquez-stefan-bradl","status":"publish","type":"post","link":"https:\/\/www.boxrepsol.com\/es\/motogp\/repsol-honda-brno-alex-marquez-stefan-bradl\/","title":{"rendered":"El Repsol Honda se presenta en Brno con \u00c1lex M\u00e1rquez y Stefan Bradl"},"content":{"rendered":"<p>El vigente Campe\u00f3n del Mundo de MotoGP tuvo que someterse ayer a una nueva  intervenci\u00f3n quir\u00fargica para substituir la placa da\u00f1ada de su h\u00famero derecho por una nueva. El Dr. Xavier Mir y su equipo informaron ayer lunes que esperan darle el alta en 48 horas.<\/p>\n<p>En un circuito en el que Marc sorprendi\u00f3 a todos el a\u00f1o pasado con una pole espectacular -dejando al segundo clasificado, Jack Miller, a m\u00e1s de 2 segundos y medio de su mejor tiempo-, este fin de semana ser\u00e1 el piloto alem\u00e1n <strong>Stefan Bradl<\/strong> quien lo sustituya. El piloto alem\u00e1n ha terminado tres veces entre los diez primeros en Brno durante los siete a\u00f1os que compiti\u00f3 en MotoGP.<\/p>\n<p>El vencedor del <strong>Gran Premio de la Rep\u00fablica Checa<\/strong> 2019 de Moto2, <strong>\u00c1lex M\u00e1rquez<\/strong>, llega al Aut\u00f3dromo de Brno con los deberes bien hechos en sus dos primeras carreras de MotoGP como rookie. Las dos citas jerezanas de \u00c1lex se saldaron con una duod\u00e9cima posici\u00f3n y un octavo. En uno de sus circuitos favoritos del calendario, el joven piloto de Cervera seguir\u00e1 adapt\u00e1ndose a su Repsol Honda RC213V y a la categor\u00eda reina, con el objetivo de terminar nuevamente la carrera y seguir sumando puntos muy valiosos para el campeonato.<\/p>\n<p><a href=\"https:\/\/bxrepsol.s3.eu-west-1.amazonaws.com\/static\/2022\/08\/05073813\/alex-marquez-jerez-2020-caballito.jpg\" \n   title=\"\u00c1lex M\u00e1rquez en pista durante el GP de Espa\u00f1a 2020\" \n   data-gallery-thumbnail=\"https:\/\/bxrepsol.s3.eu-west-1.amazonaws.com\/static\/2022\/08\/05073813\/alex-marquez-jerez-2020-caballito.jpg\"\n   data-gallery-title=\"\"\n   data-gallery><\/p>\n<figure>\n        <picture style=\"padding-bottom: 56.25%; background-image: url(https:\/\/bxrepsol.s3.eu-west-1.amazonaws.com\/static\/2022\/08\/05073813\/alex-marquez-jerez-2020-caballito.jpg);\">\n            <img decoding=\"async\" src=\"https:\/\/bxrepsol.s3.eu-west-1.amazonaws.com\/static\/2022\/08\/05073813\/alex-marquez-jerez-2020-caballito.jpg\"><br \/>\n            <img itemprop=\"image\"\n                data-srcset=\"https:\/\/bxrepsol.s3.eu-west-1.amazonaws.com\/static\/2022\/08\/05073813\/alex-marquez-jerez-2020-caballito.jpg 480w, https:\/\/bxrepsol.s3.eu-west-1.amazonaws.com\/static\/2022\/08\/05073813\/alex-marquez-jerez-2020-caballito.jpg 600w, https:\/\/bxrepsol.s3.eu-west-1.amazonaws.com\/static\/2022\/08\/05073813\/alex-marquez-jerez-2020-caballito.jpg 900w, https:\/\/bxrepsol.s3.eu-west-1.amazonaws.com\/static\/2022\/08\/05073813\/alex-marquez-jerez-2020-caballito.jpg 1280w\"\n                data-src=\"https:\/\/bxrepsol.s3.eu-west-1.amazonaws.com\/static\/2022\/08\/05073813\/alex-marquez-jerez-2020-caballito.jpg\"\n                alt=\"\u00c1lex M\u00e1rquez en pista durante el GP de Espa\u00f1a 2020\"\n                title=\"alex-marquez-jerez-2020-caballito\"\/><br \/>\n            <noscript><img decoding=\"async\" src=\"https:\/\/bxrepsol.s3.eu-west-1.amazonaws.com\/static\/2022\/08\/05073813\/alex-marquez-jerez-2020-caballito.jpg\" alt=\"\u00c1lex M\u00e1rquez en pista durante el GP de Espa\u00f1a 2020\"><\/noscript>\n        <\/picture><figcaption>\u00c1lex M\u00e1rquez en pista durante el GP de Espa\u00f1a 2020<\/figcaption><\/figure>\n<p><\/a><\/p>\n<p><a href=\"https:\/\/twitter.com\/hashtag\/AM73?src=hash&#038;lang=es\">#AM73<\/a><\/p>\n<p><em><strong>Cada sesi\u00f3n aprendo m\u00e1s sobre la categor\u00eda y mi moto. <\/strong>\u00abEste ser\u00e1 solo el quinto circuito en el que pilotar\u00e9 una MotoGP, pero es uno de los que siempre he disfrutado y se ha adaptado mucho a mi estilo de pilotaje en el pasado. Recopilamos mucha informaci\u00f3n durante los dos fines de semana en Jerez y ahora podremos aplicar lo que hemos aprendido a un nuevo circuito. Cada sesi\u00f3n aprendo m\u00e1s sobre la categor\u00eda y mi moto; tengo muchas ganas de pilotar en Brno y afrontar tres carreras en tres fines de semana, ser\u00e1 intenso pero estoy deseando que llegue\u201d.<\/em><\/p>\n<p><a href=\"https:\/\/twitter.com\/hashtag\/stefanbradl?src=hash&#038;lang=es\">#SB6<\/a><\/p>\n<p><em><strong>Es un desaf\u00edo que espero con ganas. <\/strong>\u00abAntes que nada quiero desearle a Marc una pronta recuperaci\u00f3n; lo que hizo en Jerez fue incre\u00edble y demostr\u00f3 que tiene el verdadero esp\u00edritu de un campe\u00f3n. Tengo muchas ganas de volver a subirme a la Honda RC213V; debido a la pandemia mundial no hemos podido entrenar como lo har\u00edamos normalmente, as\u00ed que me llevar\u00e1 un tiempo adaptarme a la moto y nuevamente a la categor\u00eda. No obstante, he entrenado con la Superbike varias veces y tengo claro que mi estado f\u00edsico es bueno. Es un desaf\u00edo que espero con ganas, competir con el equipo Repsol Honda siempre es un gran honor y me complace ayudar a Honda. Veamos c\u00f3mo va el fin de semana\u00bb.<\/em><\/p>\n","protected":false},"excerpt":{"rendered":"<p>Debido a la intervenci\u00f3n a la que se someti\u00f3 ayer en Barcelona, Marc M\u00e1rquez se perder\u00e1 esta carrera y le sustituir\u00e1 Stefan Bradl. \u00c1lex M\u00e1rquez continuar\u00e1 con su adaptaci\u00f3n a la categor\u00eda y tratar\u00e1 de seguir sumando puntos.<\/p>\n","protected":false},"author":43146,"featured_media":40432,"comment_status":"open","ping_status":"open","sticky":false,"template":"","format":"standard","meta":{"footnotes":""},"categories":[4],"tags":[191,192,136,144],"class_list":["post-94560","post","type-post","status-publish","format-standard","hentry","category-motogp","tag-191","tag-alex-marquez","tag-campeonato-del-mundo-de-motociclismo","tag-motogp-republica-checa"],"yoast_head":"<!-- This site is optimized with the Yoast SEO plugin v27.3 - https:\/\/yoast.com\/product\/yoast-seo-wordpress\/ -->\n<title>El Repsol Honda se presenta en Brno con \u00c1lex M\u00e1rquez y Stefan Bradl - Box Repsol<\/title>\n<meta name=\"description\" content=\"Marc M\u00e1rquez se perder\u00e1 esta carrera y le sustituir\u00e1 Stefan Bradl. \u00c1lex M\u00e1rquez continuar\u00e1 con su adaptaci\u00f3n y tratar\u00e1 de seguir sumando puntos.\" \/>\n<link rel=\"canonical\" href=\"https:\/\/www.boxrepsol.com\/es\/motogp\/repsol-honda-brno-alex-marquez-stefan-bradl\/\" \/>\n<meta property=\"og:locale\" content=\"es_ES\" \/>\n<meta property=\"og:type\" content=\"article\" \/>\n<meta property=\"og:title\" content=\"El Repsol Honda se presenta en Brno con \u00c1lex M\u00e1rquez y Stefan Bradl - Box Repsol\" \/>\n<meta property=\"og:description\" content=\"Marc M\u00e1rquez se perder\u00e1 esta carrera y le sustituir\u00e1 Stefan Bradl. \u00c1lex M\u00e1rquez continuar\u00e1 con su adaptaci\u00f3n y tratar\u00e1 de seguir sumando puntos.\" \/>\n<meta property=\"og:url\" content=\"https:\/\/www.boxrepsol.com\/es\/motogp\/repsol-honda-brno-alex-marquez-stefan-bradl\/\" \/>\n<meta property=\"og:site_name\" content=\"Box Repsol\" \/>\n<meta property=\"article:publisher\" content=\"https:\/\/www.facebook.com\/BoxRepsol\" \/>\n<meta property=\"article:author\" content=\"https:\/\/www.facebook.com\/BoxRepsol\/\" \/>\n<meta property=\"article:published_time\" content=\"2020-08-04T02:00:00+00:00\" \/>\n<meta property=\"article:modified_time\" content=\"2024-04-19T10:26:56+00:00\" \/>\n<meta property=\"og:image\" content=\"https:\/\/bxrepsol.s3.eu-west-1.amazonaws.com\/static\/2022\/08\/09104846\/GP-de-Andalucia-041.jpg\" \/>\n\t<meta property=\"og:image:width\" content=\"1280\" \/>\n\t<meta property=\"og:image:height\" content=\"720\" \/>\n\t<meta property=\"og:image:type\" content=\"image\/jpeg\" \/>\n<meta name=\"author\" content=\"Redacci\u00f3n Box Repsol\" \/>\n<meta name=\"twitter:card\" content=\"summary_large_image\" \/>\n<meta name=\"twitter:creator\" content=\"@https:\/\/twitter.com\/box_repsol\" \/>\n<meta name=\"twitter:site\" content=\"@box_repsol\" \/>\n<meta name=\"twitter:label1\" content=\"Written by\" \/>\n\t<meta name=\"twitter:data1\" content=\"Redacci\u00f3n Box Repsol\" \/>\n\t<meta name=\"twitter:label2\" content=\"Est. reading time\" \/>\n\t<meta name=\"twitter:data2\" content=\"2 minutos\" \/>\n<script type=\"application\/ld+json\" class=\"yoast-schema-graph\">{\"@context\":\"https:\\\/\\\/schema.org\",\"@graph\":[{\"@type\":\"Article\",\"@id\":\"https:\\\/\\\/www.boxrepsol.com\\\/es\\\/motogp\\\/repsol-honda-brno-alex-marquez-stefan-bradl\\\/#article\",\"isPartOf\":{\"@id\":\"https:\\\/\\\/www.boxrepsol.com\\\/es\\\/motogp\\\/repsol-honda-brno-alex-marquez-stefan-bradl\\\/\"},\"author\":{\"name\":\"Redacci\u00f3n Box Repsol\",\"@id\":\"https:\\\/\\\/www.boxrepsol.com\\\/es\\\/#\\\/schema\\\/person\\\/c5c2138f2cca251b0ad92b7086bb60b7\"},\"headline\":\"El Repsol Honda se presenta en Brno con \u00c1lex M\u00e1rquez y Stefan Bradl\",\"datePublished\":\"2020-08-04T02:00:00+00:00\",\"dateModified\":\"2024-04-19T10:26:56+00:00\",\"mainEntityOfPage\":{\"@id\":\"https:\\\/\\\/www.boxrepsol.com\\\/es\\\/motogp\\\/repsol-honda-brno-alex-marquez-stefan-bradl\\\/\"},\"wordCount\":486,\"commentCount\":0,\"publisher\":{\"@id\":\"https:\\\/\\\/www.boxrepsol.com\\\/es\\\/#organization\"},\"image\":{\"@id\":\"https:\\\/\\\/www.boxrepsol.com\\\/es\\\/motogp\\\/repsol-honda-brno-alex-marquez-stefan-bradl\\\/#primaryimage\"},\"thumbnailUrl\":\"https:\\\/\\\/bxrepsol.s3.eu-west-1.amazonaws.com\\\/static\\\/2022\\\/08\\\/09104846\\\/GP-de-Andalucia-041.jpg\",\"keywords\":[\"2020\",\"\u00c1lex M\u00e1rquez\",\"Campeonato del Mundo de Motociclismo\",\"MotoGP Rep\u00fablica Checa\"],\"articleSection\":[\"MotoGP\"],\"inLanguage\":\"es\",\"potentialAction\":[{\"@type\":\"CommentAction\",\"name\":\"Comment\",\"target\":[\"https:\\\/\\\/www.boxrepsol.com\\\/es\\\/motogp\\\/repsol-honda-brno-alex-marquez-stefan-bradl\\\/#respond\"]}]},{\"@type\":\"WebPage\",\"@id\":\"https:\\\/\\\/www.boxrepsol.com\\\/es\\\/motogp\\\/repsol-honda-brno-alex-marquez-stefan-bradl\\\/\",\"url\":\"https:\\\/\\\/www.boxrepsol.com\\\/es\\\/motogp\\\/repsol-honda-brno-alex-marquez-stefan-bradl\\\/\",\"name\":\"El Repsol Honda se presenta en Brno con \u00c1lex M\u00e1rquez y Stefan Bradl - Box Repsol\",\"isPartOf\":{\"@id\":\"https:\\\/\\\/www.boxrepsol.com\\\/es\\\/#website\"},\"primaryImageOfPage\":{\"@id\":\"https:\\\/\\\/www.boxrepsol.com\\\/es\\\/motogp\\\/repsol-honda-brno-alex-marquez-stefan-bradl\\\/#primaryimage\"},\"image\":{\"@id\":\"https:\\\/\\\/www.boxrepsol.com\\\/es\\\/motogp\\\/repsol-honda-brno-alex-marquez-stefan-bradl\\\/#primaryimage\"},\"thumbnailUrl\":\"https:\\\/\\\/bxrepsol.s3.eu-west-1.amazonaws.com\\\/static\\\/2022\\\/08\\\/09104846\\\/GP-de-Andalucia-041.jpg\",\"datePublished\":\"2020-08-04T02:00:00+00:00\",\"dateModified\":\"2024-04-19T10:26:56+00:00\",\"description\":\"Marc M\u00e1rquez se perder\u00e1 esta carrera y le sustituir\u00e1 Stefan Bradl. \u00c1lex M\u00e1rquez continuar\u00e1 con su adaptaci\u00f3n y tratar\u00e1 de seguir sumando puntos.\",\"breadcrumb\":{\"@id\":\"https:\\\/\\\/www.boxrepsol.com\\\/es\\\/motogp\\\/repsol-honda-brno-alex-marquez-stefan-bradl\\\/#breadcrumb\"},\"inLanguage\":\"es\",\"potentialAction\":[{\"@type\":\"ReadAction\",\"target\":[\"https:\\\/\\\/www.boxrepsol.com\\\/es\\\/motogp\\\/repsol-honda-brno-alex-marquez-stefan-bradl\\\/\"]}]},{\"@type\":\"ImageObject\",\"inLanguage\":\"es\",\"@id\":\"https:\\\/\\\/www.boxrepsol.com\\\/es\\\/motogp\\\/repsol-honda-brno-alex-marquez-stefan-bradl\\\/#primaryimage\",\"url\":\"https:\\\/\\\/bxrepsol.s3.eu-west-1.amazonaws.com\\\/static\\\/2022\\\/08\\\/09104846\\\/GP-de-Andalucia-041.jpg\",\"contentUrl\":\"https:\\\/\\\/bxrepsol.s3.eu-west-1.amazonaws.com\\\/static\\\/2022\\\/08\\\/09104846\\\/GP-de-Andalucia-041.jpg\",\"width\":1280,\"height\":720,\"caption\":\"03 Jerez GP 23 al 26 de Junio de 2020 circuito Angel Nieto, Jerez de la Frontera, Espa\u00f1a\"},{\"@type\":\"BreadcrumbList\",\"@id\":\"https:\\\/\\\/www.boxrepsol.com\\\/es\\\/motogp\\\/repsol-honda-brno-alex-marquez-stefan-bradl\\\/#breadcrumb\",\"itemListElement\":[{\"@type\":\"ListItem\",\"position\":1,\"name\":\"Home\",\"item\":\"https:\\\/\\\/www.boxrepsol.com\\\/es\\\/\"},{\"@type\":\"ListItem\",\"position\":2,\"name\":\"El Repsol Honda se presenta en Brno con \u00c1lex M\u00e1rquez y Stefan Bradl\"}]},{\"@type\":\"WebSite\",\"@id\":\"https:\\\/\\\/www.boxrepsol.com\\\/es\\\/#website\",\"url\":\"https:\\\/\\\/www.boxrepsol.com\\\/es\\\/\",\"name\":\"Box Repsol\",\"description\":\"Box Repsol Site\",\"publisher\":{\"@id\":\"https:\\\/\\\/www.boxrepsol.com\\\/es\\\/#organization\"},\"potentialAction\":[{\"@type\":\"SearchAction\",\"target\":{\"@type\":\"EntryPoint\",\"urlTemplate\":\"https:\\\/\\\/www.boxrepsol.com\\\/es\\\/?s={search_term_string}\"},\"query-input\":{\"@type\":\"PropertyValueSpecification\",\"valueRequired\":true,\"valueName\":\"search_term_string\"}}],\"inLanguage\":\"es\"},{\"@type\":\"Organization\",\"@id\":\"https:\\\/\\\/www.boxrepsol.com\\\/es\\\/#organization\",\"name\":\"Box Repsol\",\"url\":\"https:\\\/\\\/www.boxrepsol.com\\\/es\\\/\",\"logo\":{\"@type\":\"ImageObject\",\"inLanguage\":\"es\",\"@id\":\"https:\\\/\\\/www.boxrepsol.com\\\/es\\\/#\\\/schema\\\/logo\\\/image\\\/\",\"url\":\"https:\\\/\\\/bxrepsol.s3.eu-west-1.amazonaws.com\\\/static\\\/2025\\\/07\\\/30083337\\\/favicon-96x96-1.png\",\"contentUrl\":\"https:\\\/\\\/bxrepsol.s3.eu-west-1.amazonaws.com\\\/static\\\/2025\\\/07\\\/30083337\\\/favicon-96x96-1.png\",\"width\":96,\"height\":96,\"caption\":\"Box Repsol\"},\"image\":{\"@id\":\"https:\\\/\\\/www.boxrepsol.com\\\/es\\\/#\\\/schema\\\/logo\\\/image\\\/\"},\"sameAs\":[\"https:\\\/\\\/www.facebook.com\\\/BoxRepsol\",\"https:\\\/\\\/x.com\\\/box_repsol\",\"http:\\\/\\\/instagram.com\\\/box_repsol\",\"https:\\\/\\\/www.youtube.com\\\/user\\\/RepsolCompeticion\",\"https:\\\/\\\/www.flickr.com\\\/photos\\\/box_repsol\\\/\"]},{\"@type\":\"Person\",\"@id\":\"https:\\\/\\\/www.boxrepsol.com\\\/es\\\/#\\\/schema\\\/person\\\/c5c2138f2cca251b0ad92b7086bb60b7\",\"name\":\"Redacci\u00f3n Box Repsol\",\"image\":{\"@type\":\"ImageObject\",\"inLanguage\":\"es\",\"@id\":\"https:\\\/\\\/secure.gravatar.com\\\/avatar\\\/adf7b77e38b4419baf32c7e9c21dde01f4e40df611f0978e3006fc4ba0aaab7e?s=96&d=mm&r=g\",\"url\":\"https:\\\/\\\/secure.gravatar.com\\\/avatar\\\/adf7b77e38b4419baf32c7e9c21dde01f4e40df611f0978e3006fc4ba0aaab7e?s=96&d=mm&r=g\",\"contentUrl\":\"https:\\\/\\\/secure.gravatar.com\\\/avatar\\\/adf7b77e38b4419baf32c7e9c21dde01f4e40df611f0978e3006fc4ba0aaab7e?s=96&d=mm&r=g\",\"caption\":\"Redacci\u00f3n Box Repsol\"},\"description\":\"Box Repsol lo forma un equipo de periodistas, community managers, dise\u00f1adores y fot\u00f3grafos con m\u00e1s de 20 a\u00f1os de experiencia en el mundo del motorsport. Hemos vivido el primer mundial de un espa\u00f1ol en la categor\u00eda reina de motociclismo con \u00c1lex Crivill\u00e9, estuvimos en las victorias de Pedrosa y los t\u00edtulos de M\u00e1rquez, acompa\u00f1amos en \u00c1frica a Nani Roma y Marc Coma en sus conquistas del Dakar y hemos vibrado con los t\u00edtulos de Toni Bou en Trial. Adem\u00e1s, en nuestro equipo contamos con expertos en el mundo de las dos y cuatro ruedas tanto de la calle y las carreteras, como de los circuitos. Periodistas que han trabajado en revistas y publicaciones para hacerte llegar desde rutas y consejos de mantenimiento, a curiosidades y trucos de pilotaje.\",\"sameAs\":[\"https:\\\/\\\/www.facebook.com\\\/BoxRepsol\\\/\",\"https:\\\/\\\/www.instagram.com\\\/box_repsol\\\/\",\"https:\\\/\\\/x.com\\\/https:\\\/\\\/twitter.com\\\/box_repsol\",\"https:\\\/\\\/www.youtube.com\\\/@Boxrepsol\"],\"url\":\"https:\\\/\\\/www.boxrepsol.com\\\/es\\\/author\\\/redaccion-box-repsol\\\/\"}]}<\/script>\n<!-- \/ Yoast SEO plugin. -->","yoast_head_json":{"title":"El Repsol Honda se presenta en Brno con \u00c1lex M\u00e1rquez y Stefan Bradl - Box Repsol","description":"Marc M\u00e1rquez se perder\u00e1 esta carrera y le sustituir\u00e1 Stefan Bradl. \u00c1lex M\u00e1rquez continuar\u00e1 con su adaptaci\u00f3n y tratar\u00e1 de seguir sumando puntos.","canonical":"https:\/\/www.boxrepsol.com\/es\/motogp\/repsol-honda-brno-alex-marquez-stefan-bradl\/","og_locale":"es_ES","og_type":"article","og_title":"El Repsol Honda se presenta en Brno con \u00c1lex M\u00e1rquez y Stefan Bradl - Box Repsol","og_description":"Marc M\u00e1rquez se perder\u00e1 esta carrera y le sustituir\u00e1 Stefan Bradl. \u00c1lex M\u00e1rquez continuar\u00e1 con su adaptaci\u00f3n y tratar\u00e1 de seguir sumando puntos.","og_url":"https:\/\/www.boxrepsol.com\/es\/motogp\/repsol-honda-brno-alex-marquez-stefan-bradl\/","og_site_name":"Box Repsol","article_publisher":"https:\/\/www.facebook.com\/BoxRepsol","article_author":"https:\/\/www.facebook.com\/BoxRepsol\/","article_published_time":"2020-08-04T02:00:00+00:00","article_modified_time":"2024-04-19T10:26:56+00:00","og_image":[{"width":1280,"height":720,"url":"https:\/\/bxrepsol.s3.eu-west-1.amazonaws.com\/static\/2022\/08\/09104846\/GP-de-Andalucia-041.jpg","type":"image\/jpeg"}],"author":"Redacci\u00f3n Box Repsol","twitter_card":"summary_large_image","twitter_creator":"@https:\/\/twitter.com\/box_repsol","twitter_site":"@box_repsol","twitter_misc":{"Written by":"Redacci\u00f3n Box Repsol","Est. reading time":"2 minutos"},"schema":{"@context":"https:\/\/schema.org","@graph":[{"@type":"Article","@id":"https:\/\/www.boxrepsol.com\/es\/motogp\/repsol-honda-brno-alex-marquez-stefan-bradl\/#article","isPartOf":{"@id":"https:\/\/www.boxrepsol.com\/es\/motogp\/repsol-honda-brno-alex-marquez-stefan-bradl\/"},"author":{"name":"Redacci\u00f3n Box Repsol","@id":"https:\/\/www.boxrepsol.com\/es\/#\/schema\/person\/c5c2138f2cca251b0ad92b7086bb60b7"},"headline":"El Repsol Honda se presenta en Brno con \u00c1lex M\u00e1rquez y Stefan Bradl","datePublished":"2020-08-04T02:00:00+00:00","dateModified":"2024-04-19T10:26:56+00:00","mainEntityOfPage":{"@id":"https:\/\/www.boxrepsol.com\/es\/motogp\/repsol-honda-brno-alex-marquez-stefan-bradl\/"},"wordCount":486,"commentCount":0,"publisher":{"@id":"https:\/\/www.boxrepsol.com\/es\/#organization"},"image":{"@id":"https:\/\/www.boxrepsol.com\/es\/motogp\/repsol-honda-brno-alex-marquez-stefan-bradl\/#primaryimage"},"thumbnailUrl":"https:\/\/bxrepsol.s3.eu-west-1.amazonaws.com\/static\/2022\/08\/09104846\/GP-de-Andalucia-041.jpg","keywords":["2020","\u00c1lex M\u00e1rquez","Campeonato del Mundo de Motociclismo","MotoGP Rep\u00fablica Checa"],"articleSection":["MotoGP"],"inLanguage":"es","potentialAction":[{"@type":"CommentAction","name":"Comment","target":["https:\/\/www.boxrepsol.com\/es\/motogp\/repsol-honda-brno-alex-marquez-stefan-bradl\/#respond"]}]},{"@type":"WebPage","@id":"https:\/\/www.boxrepsol.com\/es\/motogp\/repsol-honda-brno-alex-marquez-stefan-bradl\/","url":"https:\/\/www.boxrepsol.com\/es\/motogp\/repsol-honda-brno-alex-marquez-stefan-bradl\/","name":"El Repsol Honda se presenta en Brno con \u00c1lex M\u00e1rquez y Stefan Bradl - Box Repsol","isPartOf":{"@id":"https:\/\/www.boxrepsol.com\/es\/#website"},"primaryImageOfPage":{"@id":"https:\/\/www.boxrepsol.com\/es\/motogp\/repsol-honda-brno-alex-marquez-stefan-bradl\/#primaryimage"},"image":{"@id":"https:\/\/www.boxrepsol.com\/es\/motogp\/repsol-honda-brno-alex-marquez-stefan-bradl\/#primaryimage"},"thumbnailUrl":"https:\/\/bxrepsol.s3.eu-west-1.amazonaws.com\/static\/2022\/08\/09104846\/GP-de-Andalucia-041.jpg","datePublished":"2020-08-04T02:00:00+00:00","dateModified":"2024-04-19T10:26:56+00:00","description":"Marc M\u00e1rquez se perder\u00e1 esta carrera y le sustituir\u00e1 Stefan Bradl. \u00c1lex M\u00e1rquez continuar\u00e1 con su adaptaci\u00f3n y tratar\u00e1 de seguir sumando puntos.","breadcrumb":{"@id":"https:\/\/www.boxrepsol.com\/es\/motogp\/repsol-honda-brno-alex-marquez-stefan-bradl\/#breadcrumb"},"inLanguage":"es","potentialAction":[{"@type":"ReadAction","target":["https:\/\/www.boxrepsol.com\/es\/motogp\/repsol-honda-brno-alex-marquez-stefan-bradl\/"]}]},{"@type":"ImageObject","inLanguage":"es","@id":"https:\/\/www.boxrepsol.com\/es\/motogp\/repsol-honda-brno-alex-marquez-stefan-bradl\/#primaryimage","url":"https:\/\/bxrepsol.s3.eu-west-1.amazonaws.com\/static\/2022\/08\/09104846\/GP-de-Andalucia-041.jpg","contentUrl":"https:\/\/bxrepsol.s3.eu-west-1.amazonaws.com\/static\/2022\/08\/09104846\/GP-de-Andalucia-041.jpg","width":1280,"height":720,"caption":"03 Jerez GP 23 al 26 de Junio de 2020 circuito Angel Nieto, Jerez de la Frontera, Espa\u00f1a"},{"@type":"BreadcrumbList","@id":"https:\/\/www.boxrepsol.com\/es\/motogp\/repsol-honda-brno-alex-marquez-stefan-bradl\/#breadcrumb","itemListElement":[{"@type":"ListItem","position":1,"name":"Home","item":"https:\/\/www.boxrepsol.com\/es\/"},{"@type":"ListItem","position":2,"name":"El Repsol Honda se presenta en Brno con \u00c1lex M\u00e1rquez y Stefan Bradl"}]},{"@type":"WebSite","@id":"https:\/\/www.boxrepsol.com\/es\/#website","url":"https:\/\/www.boxrepsol.com\/es\/","name":"Box Repsol","description":"Box Repsol Site","publisher":{"@id":"https:\/\/www.boxrepsol.com\/es\/#organization"},"potentialAction":[{"@type":"SearchAction","target":{"@type":"EntryPoint","urlTemplate":"https:\/\/www.boxrepsol.com\/es\/?s={search_term_string}"},"query-input":{"@type":"PropertyValueSpecification","valueRequired":true,"valueName":"search_term_string"}}],"inLanguage":"es"},{"@type":"Organization","@id":"https:\/\/www.boxrepsol.com\/es\/#organization","name":"Box Repsol","url":"https:\/\/www.boxrepsol.com\/es\/","logo":{"@type":"ImageObject","inLanguage":"es","@id":"https:\/\/www.boxrepsol.com\/es\/#\/schema\/logo\/image\/","url":"https:\/\/bxrepsol.s3.eu-west-1.amazonaws.com\/static\/2025\/07\/30083337\/favicon-96x96-1.png","contentUrl":"https:\/\/bxrepsol.s3.eu-west-1.amazonaws.com\/static\/2025\/07\/30083337\/favicon-96x96-1.png","width":96,"height":96,"caption":"Box Repsol"},"image":{"@id":"https:\/\/www.boxrepsol.com\/es\/#\/schema\/logo\/image\/"},"sameAs":["https:\/\/www.facebook.com\/BoxRepsol","https:\/\/x.com\/box_repsol","http:\/\/instagram.com\/box_repsol","https:\/\/www.youtube.com\/user\/RepsolCompeticion","https:\/\/www.flickr.com\/photos\/box_repsol\/"]},{"@type":"Person","@id":"https:\/\/www.boxrepsol.com\/es\/#\/schema\/person\/c5c2138f2cca251b0ad92b7086bb60b7","name":"Redacci\u00f3n Box Repsol","image":{"@type":"ImageObject","inLanguage":"es","@id":"https:\/\/secure.gravatar.com\/avatar\/adf7b77e38b4419baf32c7e9c21dde01f4e40df611f0978e3006fc4ba0aaab7e?s=96&d=mm&r=g","url":"https:\/\/secure.gravatar.com\/avatar\/adf7b77e38b4419baf32c7e9c21dde01f4e40df611f0978e3006fc4ba0aaab7e?s=96&d=mm&r=g","contentUrl":"https:\/\/secure.gravatar.com\/avatar\/adf7b77e38b4419baf32c7e9c21dde01f4e40df611f0978e3006fc4ba0aaab7e?s=96&d=mm&r=g","caption":"Redacci\u00f3n Box Repsol"},"description":"Box Repsol lo forma un equipo de periodistas, community managers, dise\u00f1adores y fot\u00f3grafos con m\u00e1s de 20 a\u00f1os de experiencia en el mundo del motorsport. Hemos vivido el primer mundial de un espa\u00f1ol en la categor\u00eda reina de motociclismo con \u00c1lex Crivill\u00e9, estuvimos en las victorias de Pedrosa y los t\u00edtulos de M\u00e1rquez, acompa\u00f1amos en \u00c1frica a Nani Roma y Marc Coma en sus conquistas del Dakar y hemos vibrado con los t\u00edtulos de Toni Bou en Trial. Adem\u00e1s, en nuestro equipo contamos con expertos en el mundo de las dos y cuatro ruedas tanto de la calle y las carreteras, como de los circuitos. Periodistas que han trabajado en revistas y publicaciones para hacerte llegar desde rutas y consejos de mantenimiento, a curiosidades y trucos de pilotaje.","sameAs":["https:\/\/www.facebook.com\/BoxRepsol\/","https:\/\/www.instagram.com\/box_repsol\/","https:\/\/x.com\/https:\/\/twitter.com\/box_repsol","https:\/\/www.youtube.com\/@Boxrepsol"],"url":"https:\/\/www.boxrepsol.com\/es\/author\/redaccion-box-repsol\/"}]}},"_links":{"self":[{"href":"https:\/\/www.boxrepsol.com\/es\/wp-json\/wp\/v2\/posts\/94560","targetHints":{"allow":["GET"]}}],"collection":[{"href":"https:\/\/www.boxrepsol.com\/es\/wp-json\/wp\/v2\/posts"}],"about":[{"href":"https:\/\/www.boxrepsol.com\/es\/wp-json\/wp\/v2\/types\/post"}],"author":[{"embeddable":true,"href":"https:\/\/www.boxrepsol.com\/es\/wp-json\/wp\/v2\/users\/43146"}],"replies":[{"embeddable":true,"href":"https:\/\/www.boxrepsol.com\/es\/wp-json\/wp\/v2\/comments?post=94560"}],"version-history":[{"count":1,"href":"https:\/\/www.boxrepsol.com\/es\/wp-json\/wp\/v2\/posts\/94560\/revisions"}],"predecessor-version":[{"id":94561,"href":"https:\/\/www.boxrepsol.com\/es\/wp-json\/wp\/v2\/posts\/94560\/revisions\/94561"}],"wp:featuredmedia":[{"embeddable":true,"href":"https:\/\/www.boxrepsol.com\/es\/wp-json\/wp\/v2\/media\/40432"}],"wp:attachment":[{"href":"https:\/\/www.boxrepsol.com\/es\/wp-json\/wp\/v2\/media?parent=94560"}],"wp:term":[{"taxonomy":"category","embeddable":true,"href":"https:\/\/www.boxrepsol.com\/es\/wp-json\/wp\/v2\/categories?post=94560"},{"taxonomy":"post_tag","embeddable":true,"href":"https:\/\/www.boxrepsol.com\/es\/wp-json\/wp\/v2\/tags?post=94560"}],"curies":[{"name":"wp","href":"https:\/\/api.w.org\/{rel}","templated":true}]}}