{"id":94552,"date":"2020-07-26T00:00:00","date_gmt":"2020-07-26T02:00:00","guid":{"rendered":"http:\/\/pre.boxrepsol.com\/sin-categorizar\/sergio-garcia-dols-ryusei-yamanaka-firman-una-gran-carrera-jerez\/"},"modified":"2024-04-19T08:28:36","modified_gmt":"2024-04-19T10:28:36","slug":"sergio-garcia-dols-ryusei-yamanaka-firman-una-gran-carrera-jerez","status":"publish","type":"post","link":"https:\/\/www.boxrepsol.com\/es\/motogp\/sergio-garcia-dols-ryusei-yamanaka-firman-una-gran-carrera-jerez\/","title":{"rendered":"Sergio Garc\u00eda Dols y Ryusei Yamanaka firman una gran carrera en Jerez"},"content":{"rendered":"<p><strong>Garc\u00eda Dols <\/strong>ha realizado una buena salida desde la decimotercera posici\u00f3n y ha logrado rodar con el grupo delantero durante gran parte de la prueba. El espa\u00f1ol ha perdido contacto con la cabeza de la carrera en el tramo final, pero ha logrado cruzar la meta octavo.<\/p>\n<p>Su compa\u00f1ero de equipo, Ryusei Yamanaka, ha logrado igualar su mejor resultado mundialista conseguido en el Circuit de Barcelona-Catalunya la pasada temporada. Exhibiendo un gran ritmo, el japon\u00e9s ha remontado desde la decimos\u00e9ptima plaza y ha finalizado noveno.<\/p>\n<p>Tras la tercera carrera de Moto3, <strong>Sergio Garc\u00eda Dols<\/strong> se encuentra decimotercero en la clasificaci\u00f3n general con trece puntos y Yamanaka es decimosexto con un total de siete.<\/p>\n<p>                <!-- Imagen relacionada --><br \/>\n        <img loading=\"lazy\" decoding=\"async\" width=\"404\" height=\"336\" src=\"https:\/\/bxrepsol.s3.eu-west-1.amazonaws.com\/static\/2022\/08\/09104917\/GP-de-Andalucia-Q2-07-e1595705570407-404x336-1.jpg\" alt=\"\" \/><br \/>\n                <!-- Categor\u00eda --><br \/>\n            MotoGP<br \/>\n        <!-- T\u00edtulo --><br \/>\n        <a href=\"https:\/\/www.boxrepsol.com\/es\/motogp\/marc-marquez-finaliza-participacion-gran-premio-andalucia\/\"><\/p>\n<h3>Marc M\u00e1rquez finaliza su participaci\u00f3n en el Gran Premio de Andaluc\u00eda<\/h3>\n<p>        <\/a><br \/>\n                    <!-- Fecha --><br \/>\n            hace 1 hora        <\/p>\n<p>        <button data-glide-dir=\"<\"><br \/>\n            <svg role=\"img\"  viewBox=\"0 0 256 512\">\n                <path fill=\"currentColor\" d=\"M238.475 475.535l7.071-7.07c4.686-4.686 4.686-12.284 0-16.971L50.053 256 245.546 60.506c4.686-4.686 4.686-12.284 0-16.971l-7.071-7.07c-4.686-4.686-12.284-4.686-16.97 0L10.454 247.515c-4.686 4.686-4.686 12.284 0 16.971l211.051 211.05c4.686 4.686 12.284 4.686 16.97-.001z\"><\/path>\n            <\/svg><br \/>\n        <\/button><br \/>\n        <button data-glide-dir=\">\u00ab><br \/>\n            <svg role=\"img\"  viewBox=\"0 0 256 512\">\n                <path fill=\"currentColor\" d=\"M17.525 36.465l-7.071 7.07c-4.686 4.686-4.686 12.284 0 16.971L205.947 256 10.454 451.494c-4.686 4.686-4.686 12.284 0 16.971l7.071 7.07c4.686 4.686 12.284 4.686 16.97 0l211.051-211.05c4.686-4.686 4.686-12.284 0-16.971L34.495 36.465c-4.686-4.687-12.284-4.687-16.97 0z\"><\/path>\n            <\/svg><br \/>\n        <\/button><\/p>\n<p><strong>GP de Andaluc\u00eda 2020 &#8211; Carrera Moto3 &#8211; Declaraciones de los pilotos <\/strong><\/p>\n<p><strong>Sergio Garc\u00eda Dols<\/strong><\/p>\n<p><em><strong>Seguiremos d\u00e1ndolo todo para mejorar<\/strong>. \u00abEn estos dos fines de semana nos ha costado mucho encontrar buenas sensaciones en la pista. En la carrera de hoy he tenido muchos toques con otros pilotos y, de hecho, tras uno de ellos he tardado en acomodarme de nuevo. Sin embargo, he podido seguir luchando en el segundo grupo, que creo est\u00e1 bien para las dificultades que hemos tenido. Seguiremos d\u00e1ndolo todo para mejorar. Espero que en Brno contin\u00fae nuestra progresi\u00f3n\u00bb.<br \/>\n<\/em><\/p>\n<hr\/>\n<p><strong>Ryusei Yamanaka<\/strong><\/p>\n<p><em><strong>Un paso adelante <\/strong> \u00abHoy he hecho una gran remontada, he salido desde la decimos\u00e9ptima posici\u00f3n en la parrilla y he terminado noveno. Ha sido un gran trabajo de todo el equipo. Tras las primeras vueltas, que siempre son complicadas, he ido rodando cada vez m\u00e1s r\u00e1pido y encontr\u00e1ndome mejor encima de la moto. He liderado mi grupo durante varios giros y en el tramo final he podido acercarme al grupo que lideraba. S\u00e9 que todav\u00eda tengo mucho que aprender, pero hemos dado un paso adelante en estas \u00faltimas dos semanas, por lo que etoy satisfecho\u00bb.<\/em><\/p>\n","protected":false},"excerpt":{"rendered":"<p>Garc\u00eda Dols ha realizado una buena salida desde la decimotercera posici\u00f3n y ha logrado rodar con el grupo delantero durante gran parte de la prueba. El espa\u00f1ol ha perdido contacto con la cabeza de la carrera en el tramo final, pero ha logrado cruzar la meta octavo.<\/p>\n","protected":false},"author":43146,"featured_media":40486,"comment_status":"open","ping_status":"open","sticky":false,"template":"","format":"standard","meta":{"footnotes":""},"categories":[4],"tags":[191,14,245],"class_list":["post-94552","post","type-post","status-publish","format-standard","hentry","category-motogp","tag-191","tag-moto3","tag-motogp-andalucia"],"yoast_head":"<!-- This site is optimized with the Yoast SEO plugin v27.3 - https:\/\/yoast.com\/product\/yoast-seo-wordpress\/ -->\n<title>GP de Andaluc\u00eda 2020 - Sergio Garc\u00eda Dols y Ryusei Yamanaka firman una gran carrera en Jerez<\/title>\n<meta name=\"description\" content=\"GP de Andaluc\u00eda: Sergio Garc\u00eda Dols ha realizado una buena salida desde la 13\u00ba posici\u00f3n y ha rodado con el grupo delantero durante gran parte de la prueba.\" \/>\n<link rel=\"canonical\" href=\"https:\/\/www.boxrepsol.com\/es\/motogp\/sergio-garcia-dols-ryusei-yamanaka-firman-una-gran-carrera-jerez\/\" \/>\n<meta property=\"og:locale\" content=\"es_ES\" \/>\n<meta property=\"og:type\" content=\"article\" \/>\n<meta property=\"og:title\" content=\"GP de Andaluc\u00eda 2020 - Sergio Garc\u00eda Dols y Ryusei Yamanaka firman una gran carrera en Jerez\" \/>\n<meta property=\"og:description\" content=\"GP de Andaluc\u00eda: Sergio Garc\u00eda Dols ha realizado una buena salida desde la 13\u00ba posici\u00f3n y ha rodado con el grupo delantero durante gran parte de la prueba.\" \/>\n<meta property=\"og:url\" content=\"https:\/\/www.boxrepsol.com\/es\/motogp\/sergio-garcia-dols-ryusei-yamanaka-firman-una-gran-carrera-jerez\/\" \/>\n<meta property=\"og:site_name\" content=\"Box Repsol\" \/>\n<meta property=\"article:publisher\" content=\"https:\/\/www.facebook.com\/BoxRepsol\" \/>\n<meta property=\"article:author\" content=\"https:\/\/www.facebook.com\/BoxRepsol\/\" \/>\n<meta property=\"article:published_time\" content=\"2020-07-26T02:00:00+00:00\" \/>\n<meta property=\"article:modified_time\" content=\"2024-04-19T10:28:36+00:00\" \/>\n<meta property=\"og:image\" content=\"https:\/\/bxrepsol.s3.eu-west-1.amazonaws.com\/static\/2022\/08\/09105118\/GP-de-Andalucia-Moto3-07.jpg\" \/>\n\t<meta property=\"og:image:width\" content=\"1280\" \/>\n\t<meta property=\"og:image:height\" content=\"720\" \/>\n\t<meta property=\"og:image:type\" content=\"image\/jpeg\" \/>\n<meta name=\"author\" content=\"Redacci\u00f3n Box Repsol\" \/>\n<meta name=\"twitter:card\" content=\"summary_large_image\" \/>\n<meta name=\"twitter:creator\" content=\"@https:\/\/twitter.com\/box_repsol\" \/>\n<meta name=\"twitter:site\" content=\"@box_repsol\" \/>\n<meta name=\"twitter:label1\" content=\"Written by\" \/>\n\t<meta name=\"twitter:data1\" content=\"Redacci\u00f3n Box Repsol\" \/>\n\t<meta name=\"twitter:label2\" content=\"Est. reading time\" \/>\n\t<meta name=\"twitter:data2\" content=\"2 minutos\" \/>\n<script type=\"application\/ld+json\" class=\"yoast-schema-graph\">{\"@context\":\"https:\\\/\\\/schema.org\",\"@graph\":[{\"@type\":\"Article\",\"@id\":\"https:\\\/\\\/www.boxrepsol.com\\\/es\\\/motogp\\\/sergio-garcia-dols-ryusei-yamanaka-firman-una-gran-carrera-jerez\\\/#article\",\"isPartOf\":{\"@id\":\"https:\\\/\\\/www.boxrepsol.com\\\/es\\\/motogp\\\/sergio-garcia-dols-ryusei-yamanaka-firman-una-gran-carrera-jerez\\\/\"},\"author\":{\"name\":\"Redacci\u00f3n Box Repsol\",\"@id\":\"https:\\\/\\\/www.boxrepsol.com\\\/es\\\/#\\\/schema\\\/person\\\/c5c2138f2cca251b0ad92b7086bb60b7\"},\"headline\":\"Sergio Garc\u00eda Dols y Ryusei Yamanaka firman una gran carrera en Jerez\",\"datePublished\":\"2020-07-26T02:00:00+00:00\",\"dateModified\":\"2024-04-19T10:28:36+00:00\",\"mainEntityOfPage\":{\"@id\":\"https:\\\/\\\/www.boxrepsol.com\\\/es\\\/motogp\\\/sergio-garcia-dols-ryusei-yamanaka-firman-una-gran-carrera-jerez\\\/\"},\"wordCount\":352,\"commentCount\":0,\"publisher\":{\"@id\":\"https:\\\/\\\/www.boxrepsol.com\\\/es\\\/#organization\"},\"image\":{\"@id\":\"https:\\\/\\\/www.boxrepsol.com\\\/es\\\/motogp\\\/sergio-garcia-dols-ryusei-yamanaka-firman-una-gran-carrera-jerez\\\/#primaryimage\"},\"thumbnailUrl\":\"https:\\\/\\\/bxrepsol.s3.eu-west-1.amazonaws.com\\\/static\\\/2022\\\/08\\\/09105118\\\/GP-de-Andalucia-Moto3-07.jpg\",\"keywords\":[\"2020\",\"Moto3\",\"MotoGP Andaluc\u00eda\"],\"articleSection\":[\"MotoGP\"],\"inLanguage\":\"es\",\"potentialAction\":[{\"@type\":\"CommentAction\",\"name\":\"Comment\",\"target\":[\"https:\\\/\\\/www.boxrepsol.com\\\/es\\\/motogp\\\/sergio-garcia-dols-ryusei-yamanaka-firman-una-gran-carrera-jerez\\\/#respond\"]}]},{\"@type\":\"WebPage\",\"@id\":\"https:\\\/\\\/www.boxrepsol.com\\\/es\\\/motogp\\\/sergio-garcia-dols-ryusei-yamanaka-firman-una-gran-carrera-jerez\\\/\",\"url\":\"https:\\\/\\\/www.boxrepsol.com\\\/es\\\/motogp\\\/sergio-garcia-dols-ryusei-yamanaka-firman-una-gran-carrera-jerez\\\/\",\"name\":\"GP de Andaluc\u00eda 2020 - Sergio Garc\u00eda Dols y Ryusei Yamanaka firman una gran carrera en Jerez\",\"isPartOf\":{\"@id\":\"https:\\\/\\\/www.boxrepsol.com\\\/es\\\/#website\"},\"primaryImageOfPage\":{\"@id\":\"https:\\\/\\\/www.boxrepsol.com\\\/es\\\/motogp\\\/sergio-garcia-dols-ryusei-yamanaka-firman-una-gran-carrera-jerez\\\/#primaryimage\"},\"image\":{\"@id\":\"https:\\\/\\\/www.boxrepsol.com\\\/es\\\/motogp\\\/sergio-garcia-dols-ryusei-yamanaka-firman-una-gran-carrera-jerez\\\/#primaryimage\"},\"thumbnailUrl\":\"https:\\\/\\\/bxrepsol.s3.eu-west-1.amazonaws.com\\\/static\\\/2022\\\/08\\\/09105118\\\/GP-de-Andalucia-Moto3-07.jpg\",\"datePublished\":\"2020-07-26T02:00:00+00:00\",\"dateModified\":\"2024-04-19T10:28:36+00:00\",\"description\":\"GP de Andaluc\u00eda: Sergio Garc\u00eda Dols ha realizado una buena salida desde la 13\u00ba posici\u00f3n y ha rodado con el grupo delantero durante gran parte de la prueba.\",\"breadcrumb\":{\"@id\":\"https:\\\/\\\/www.boxrepsol.com\\\/es\\\/motogp\\\/sergio-garcia-dols-ryusei-yamanaka-firman-una-gran-carrera-jerez\\\/#breadcrumb\"},\"inLanguage\":\"es\",\"potentialAction\":[{\"@type\":\"ReadAction\",\"target\":[\"https:\\\/\\\/www.boxrepsol.com\\\/es\\\/motogp\\\/sergio-garcia-dols-ryusei-yamanaka-firman-una-gran-carrera-jerez\\\/\"]}]},{\"@type\":\"ImageObject\",\"inLanguage\":\"es\",\"@id\":\"https:\\\/\\\/www.boxrepsol.com\\\/es\\\/motogp\\\/sergio-garcia-dols-ryusei-yamanaka-firman-una-gran-carrera-jerez\\\/#primaryimage\",\"url\":\"https:\\\/\\\/bxrepsol.s3.eu-west-1.amazonaws.com\\\/static\\\/2022\\\/08\\\/09105118\\\/GP-de-Andalucia-Moto3-07.jpg\",\"contentUrl\":\"https:\\\/\\\/bxrepsol.s3.eu-west-1.amazonaws.com\\\/static\\\/2022\\\/08\\\/09105118\\\/GP-de-Andalucia-Moto3-07.jpg\",\"width\":1280,\"height\":720,\"caption\":\"Sergio Garcia, Moto3, Spanish MotoGP 2020\"},{\"@type\":\"BreadcrumbList\",\"@id\":\"https:\\\/\\\/www.boxrepsol.com\\\/es\\\/motogp\\\/sergio-garcia-dols-ryusei-yamanaka-firman-una-gran-carrera-jerez\\\/#breadcrumb\",\"itemListElement\":[{\"@type\":\"ListItem\",\"position\":1,\"name\":\"Home\",\"item\":\"https:\\\/\\\/www.boxrepsol.com\\\/es\\\/\"},{\"@type\":\"ListItem\",\"position\":2,\"name\":\"Sergio Garc\u00eda Dols y Ryusei Yamanaka firman una gran carrera en Jerez\"}]},{\"@type\":\"WebSite\",\"@id\":\"https:\\\/\\\/www.boxrepsol.com\\\/es\\\/#website\",\"url\":\"https:\\\/\\\/www.boxrepsol.com\\\/es\\\/\",\"name\":\"Box Repsol\",\"description\":\"Box Repsol Site\",\"publisher\":{\"@id\":\"https:\\\/\\\/www.boxrepsol.com\\\/es\\\/#organization\"},\"potentialAction\":[{\"@type\":\"SearchAction\",\"target\":{\"@type\":\"EntryPoint\",\"urlTemplate\":\"https:\\\/\\\/www.boxrepsol.com\\\/es\\\/?s={search_term_string}\"},\"query-input\":{\"@type\":\"PropertyValueSpecification\",\"valueRequired\":true,\"valueName\":\"search_term_string\"}}],\"inLanguage\":\"es\"},{\"@type\":\"Organization\",\"@id\":\"https:\\\/\\\/www.boxrepsol.com\\\/es\\\/#organization\",\"name\":\"Box Repsol\",\"url\":\"https:\\\/\\\/www.boxrepsol.com\\\/es\\\/\",\"logo\":{\"@type\":\"ImageObject\",\"inLanguage\":\"es\",\"@id\":\"https:\\\/\\\/www.boxrepsol.com\\\/es\\\/#\\\/schema\\\/logo\\\/image\\\/\",\"url\":\"https:\\\/\\\/bxrepsol.s3.eu-west-1.amazonaws.com\\\/static\\\/2025\\\/07\\\/30083337\\\/favicon-96x96-1.png\",\"contentUrl\":\"https:\\\/\\\/bxrepsol.s3.eu-west-1.amazonaws.com\\\/static\\\/2025\\\/07\\\/30083337\\\/favicon-96x96-1.png\",\"width\":96,\"height\":96,\"caption\":\"Box Repsol\"},\"image\":{\"@id\":\"https:\\\/\\\/www.boxrepsol.com\\\/es\\\/#\\\/schema\\\/logo\\\/image\\\/\"},\"sameAs\":[\"https:\\\/\\\/www.facebook.com\\\/BoxRepsol\",\"https:\\\/\\\/x.com\\\/box_repsol\",\"http:\\\/\\\/instagram.com\\\/box_repsol\",\"https:\\\/\\\/www.youtube.com\\\/user\\\/RepsolCompeticion\",\"https:\\\/\\\/www.flickr.com\\\/photos\\\/box_repsol\\\/\"]},{\"@type\":\"Person\",\"@id\":\"https:\\\/\\\/www.boxrepsol.com\\\/es\\\/#\\\/schema\\\/person\\\/c5c2138f2cca251b0ad92b7086bb60b7\",\"name\":\"Redacci\u00f3n Box Repsol\",\"image\":{\"@type\":\"ImageObject\",\"inLanguage\":\"es\",\"@id\":\"https:\\\/\\\/secure.gravatar.com\\\/avatar\\\/adf7b77e38b4419baf32c7e9c21dde01f4e40df611f0978e3006fc4ba0aaab7e?s=96&d=mm&r=g\",\"url\":\"https:\\\/\\\/secure.gravatar.com\\\/avatar\\\/adf7b77e38b4419baf32c7e9c21dde01f4e40df611f0978e3006fc4ba0aaab7e?s=96&d=mm&r=g\",\"contentUrl\":\"https:\\\/\\\/secure.gravatar.com\\\/avatar\\\/adf7b77e38b4419baf32c7e9c21dde01f4e40df611f0978e3006fc4ba0aaab7e?s=96&d=mm&r=g\",\"caption\":\"Redacci\u00f3n Box Repsol\"},\"description\":\"Box Repsol lo forma un equipo de periodistas, community managers, dise\u00f1adores y fot\u00f3grafos con m\u00e1s de 20 a\u00f1os de experiencia en el mundo del motorsport. Hemos vivido el primer mundial de un espa\u00f1ol en la categor\u00eda reina de motociclismo con \u00c1lex Crivill\u00e9, estuvimos en las victorias de Pedrosa y los t\u00edtulos de M\u00e1rquez, acompa\u00f1amos en \u00c1frica a Nani Roma y Marc Coma en sus conquistas del Dakar y hemos vibrado con los t\u00edtulos de Toni Bou en Trial. Adem\u00e1s, en nuestro equipo contamos con expertos en el mundo de las dos y cuatro ruedas tanto de la calle y las carreteras, como de los circuitos. Periodistas que han trabajado en revistas y publicaciones para hacerte llegar desde rutas y consejos de mantenimiento, a curiosidades y trucos de pilotaje.\",\"sameAs\":[\"https:\\\/\\\/www.facebook.com\\\/BoxRepsol\\\/\",\"https:\\\/\\\/www.instagram.com\\\/box_repsol\\\/\",\"https:\\\/\\\/x.com\\\/https:\\\/\\\/twitter.com\\\/box_repsol\",\"https:\\\/\\\/www.youtube.com\\\/@Boxrepsol\"],\"url\":\"https:\\\/\\\/www.boxrepsol.com\\\/es\\\/author\\\/redaccion-box-repsol\\\/\"}]}<\/script>\n<!-- \/ Yoast SEO plugin. -->","yoast_head_json":{"title":"GP de Andaluc\u00eda 2020 - Sergio Garc\u00eda Dols y Ryusei Yamanaka firman una gran carrera en Jerez","description":"GP de Andaluc\u00eda: Sergio Garc\u00eda Dols ha realizado una buena salida desde la 13\u00ba posici\u00f3n y ha rodado con el grupo delantero durante gran parte de la prueba.","canonical":"https:\/\/www.boxrepsol.com\/es\/motogp\/sergio-garcia-dols-ryusei-yamanaka-firman-una-gran-carrera-jerez\/","og_locale":"es_ES","og_type":"article","og_title":"GP de Andaluc\u00eda 2020 - Sergio Garc\u00eda Dols y Ryusei Yamanaka firman una gran carrera en Jerez","og_description":"GP de Andaluc\u00eda: Sergio Garc\u00eda Dols ha realizado una buena salida desde la 13\u00ba posici\u00f3n y ha rodado con el grupo delantero durante gran parte de la prueba.","og_url":"https:\/\/www.boxrepsol.com\/es\/motogp\/sergio-garcia-dols-ryusei-yamanaka-firman-una-gran-carrera-jerez\/","og_site_name":"Box Repsol","article_publisher":"https:\/\/www.facebook.com\/BoxRepsol","article_author":"https:\/\/www.facebook.com\/BoxRepsol\/","article_published_time":"2020-07-26T02:00:00+00:00","article_modified_time":"2024-04-19T10:28:36+00:00","og_image":[{"width":1280,"height":720,"url":"https:\/\/bxrepsol.s3.eu-west-1.amazonaws.com\/static\/2022\/08\/09105118\/GP-de-Andalucia-Moto3-07.jpg","type":"image\/jpeg"}],"author":"Redacci\u00f3n Box Repsol","twitter_card":"summary_large_image","twitter_creator":"@https:\/\/twitter.com\/box_repsol","twitter_site":"@box_repsol","twitter_misc":{"Written by":"Redacci\u00f3n Box Repsol","Est. reading time":"2 minutos"},"schema":{"@context":"https:\/\/schema.org","@graph":[{"@type":"Article","@id":"https:\/\/www.boxrepsol.com\/es\/motogp\/sergio-garcia-dols-ryusei-yamanaka-firman-una-gran-carrera-jerez\/#article","isPartOf":{"@id":"https:\/\/www.boxrepsol.com\/es\/motogp\/sergio-garcia-dols-ryusei-yamanaka-firman-una-gran-carrera-jerez\/"},"author":{"name":"Redacci\u00f3n Box Repsol","@id":"https:\/\/www.boxrepsol.com\/es\/#\/schema\/person\/c5c2138f2cca251b0ad92b7086bb60b7"},"headline":"Sergio Garc\u00eda Dols y Ryusei Yamanaka firman una gran carrera en Jerez","datePublished":"2020-07-26T02:00:00+00:00","dateModified":"2024-04-19T10:28:36+00:00","mainEntityOfPage":{"@id":"https:\/\/www.boxrepsol.com\/es\/motogp\/sergio-garcia-dols-ryusei-yamanaka-firman-una-gran-carrera-jerez\/"},"wordCount":352,"commentCount":0,"publisher":{"@id":"https:\/\/www.boxrepsol.com\/es\/#organization"},"image":{"@id":"https:\/\/www.boxrepsol.com\/es\/motogp\/sergio-garcia-dols-ryusei-yamanaka-firman-una-gran-carrera-jerez\/#primaryimage"},"thumbnailUrl":"https:\/\/bxrepsol.s3.eu-west-1.amazonaws.com\/static\/2022\/08\/09105118\/GP-de-Andalucia-Moto3-07.jpg","keywords":["2020","Moto3","MotoGP Andaluc\u00eda"],"articleSection":["MotoGP"],"inLanguage":"es","potentialAction":[{"@type":"CommentAction","name":"Comment","target":["https:\/\/www.boxrepsol.com\/es\/motogp\/sergio-garcia-dols-ryusei-yamanaka-firman-una-gran-carrera-jerez\/#respond"]}]},{"@type":"WebPage","@id":"https:\/\/www.boxrepsol.com\/es\/motogp\/sergio-garcia-dols-ryusei-yamanaka-firman-una-gran-carrera-jerez\/","url":"https:\/\/www.boxrepsol.com\/es\/motogp\/sergio-garcia-dols-ryusei-yamanaka-firman-una-gran-carrera-jerez\/","name":"GP de Andaluc\u00eda 2020 - Sergio Garc\u00eda Dols y Ryusei Yamanaka firman una gran carrera en Jerez","isPartOf":{"@id":"https:\/\/www.boxrepsol.com\/es\/#website"},"primaryImageOfPage":{"@id":"https:\/\/www.boxrepsol.com\/es\/motogp\/sergio-garcia-dols-ryusei-yamanaka-firman-una-gran-carrera-jerez\/#primaryimage"},"image":{"@id":"https:\/\/www.boxrepsol.com\/es\/motogp\/sergio-garcia-dols-ryusei-yamanaka-firman-una-gran-carrera-jerez\/#primaryimage"},"thumbnailUrl":"https:\/\/bxrepsol.s3.eu-west-1.amazonaws.com\/static\/2022\/08\/09105118\/GP-de-Andalucia-Moto3-07.jpg","datePublished":"2020-07-26T02:00:00+00:00","dateModified":"2024-04-19T10:28:36+00:00","description":"GP de Andaluc\u00eda: Sergio Garc\u00eda Dols ha realizado una buena salida desde la 13\u00ba posici\u00f3n y ha rodado con el grupo delantero durante gran parte de la prueba.","breadcrumb":{"@id":"https:\/\/www.boxrepsol.com\/es\/motogp\/sergio-garcia-dols-ryusei-yamanaka-firman-una-gran-carrera-jerez\/#breadcrumb"},"inLanguage":"es","potentialAction":[{"@type":"ReadAction","target":["https:\/\/www.boxrepsol.com\/es\/motogp\/sergio-garcia-dols-ryusei-yamanaka-firman-una-gran-carrera-jerez\/"]}]},{"@type":"ImageObject","inLanguage":"es","@id":"https:\/\/www.boxrepsol.com\/es\/motogp\/sergio-garcia-dols-ryusei-yamanaka-firman-una-gran-carrera-jerez\/#primaryimage","url":"https:\/\/bxrepsol.s3.eu-west-1.amazonaws.com\/static\/2022\/08\/09105118\/GP-de-Andalucia-Moto3-07.jpg","contentUrl":"https:\/\/bxrepsol.s3.eu-west-1.amazonaws.com\/static\/2022\/08\/09105118\/GP-de-Andalucia-Moto3-07.jpg","width":1280,"height":720,"caption":"Sergio Garcia, Moto3, Spanish MotoGP 2020"},{"@type":"BreadcrumbList","@id":"https:\/\/www.boxrepsol.com\/es\/motogp\/sergio-garcia-dols-ryusei-yamanaka-firman-una-gran-carrera-jerez\/#breadcrumb","itemListElement":[{"@type":"ListItem","position":1,"name":"Home","item":"https:\/\/www.boxrepsol.com\/es\/"},{"@type":"ListItem","position":2,"name":"Sergio Garc\u00eda Dols y Ryusei Yamanaka firman una gran carrera en Jerez"}]},{"@type":"WebSite","@id":"https:\/\/www.boxrepsol.com\/es\/#website","url":"https:\/\/www.boxrepsol.com\/es\/","name":"Box Repsol","description":"Box Repsol Site","publisher":{"@id":"https:\/\/www.boxrepsol.com\/es\/#organization"},"potentialAction":[{"@type":"SearchAction","target":{"@type":"EntryPoint","urlTemplate":"https:\/\/www.boxrepsol.com\/es\/?s={search_term_string}"},"query-input":{"@type":"PropertyValueSpecification","valueRequired":true,"valueName":"search_term_string"}}],"inLanguage":"es"},{"@type":"Organization","@id":"https:\/\/www.boxrepsol.com\/es\/#organization","name":"Box Repsol","url":"https:\/\/www.boxrepsol.com\/es\/","logo":{"@type":"ImageObject","inLanguage":"es","@id":"https:\/\/www.boxrepsol.com\/es\/#\/schema\/logo\/image\/","url":"https:\/\/bxrepsol.s3.eu-west-1.amazonaws.com\/static\/2025\/07\/30083337\/favicon-96x96-1.png","contentUrl":"https:\/\/bxrepsol.s3.eu-west-1.amazonaws.com\/static\/2025\/07\/30083337\/favicon-96x96-1.png","width":96,"height":96,"caption":"Box Repsol"},"image":{"@id":"https:\/\/www.boxrepsol.com\/es\/#\/schema\/logo\/image\/"},"sameAs":["https:\/\/www.facebook.com\/BoxRepsol","https:\/\/x.com\/box_repsol","http:\/\/instagram.com\/box_repsol","https:\/\/www.youtube.com\/user\/RepsolCompeticion","https:\/\/www.flickr.com\/photos\/box_repsol\/"]},{"@type":"Person","@id":"https:\/\/www.boxrepsol.com\/es\/#\/schema\/person\/c5c2138f2cca251b0ad92b7086bb60b7","name":"Redacci\u00f3n Box Repsol","image":{"@type":"ImageObject","inLanguage":"es","@id":"https:\/\/secure.gravatar.com\/avatar\/adf7b77e38b4419baf32c7e9c21dde01f4e40df611f0978e3006fc4ba0aaab7e?s=96&d=mm&r=g","url":"https:\/\/secure.gravatar.com\/avatar\/adf7b77e38b4419baf32c7e9c21dde01f4e40df611f0978e3006fc4ba0aaab7e?s=96&d=mm&r=g","contentUrl":"https:\/\/secure.gravatar.com\/avatar\/adf7b77e38b4419baf32c7e9c21dde01f4e40df611f0978e3006fc4ba0aaab7e?s=96&d=mm&r=g","caption":"Redacci\u00f3n Box Repsol"},"description":"Box Repsol lo forma un equipo de periodistas, community managers, dise\u00f1adores y fot\u00f3grafos con m\u00e1s de 20 a\u00f1os de experiencia en el mundo del motorsport. Hemos vivido el primer mundial de un espa\u00f1ol en la categor\u00eda reina de motociclismo con \u00c1lex Crivill\u00e9, estuvimos en las victorias de Pedrosa y los t\u00edtulos de M\u00e1rquez, acompa\u00f1amos en \u00c1frica a Nani Roma y Marc Coma en sus conquistas del Dakar y hemos vibrado con los t\u00edtulos de Toni Bou en Trial. Adem\u00e1s, en nuestro equipo contamos con expertos en el mundo de las dos y cuatro ruedas tanto de la calle y las carreteras, como de los circuitos. Periodistas que han trabajado en revistas y publicaciones para hacerte llegar desde rutas y consejos de mantenimiento, a curiosidades y trucos de pilotaje.","sameAs":["https:\/\/www.facebook.com\/BoxRepsol\/","https:\/\/www.instagram.com\/box_repsol\/","https:\/\/x.com\/https:\/\/twitter.com\/box_repsol","https:\/\/www.youtube.com\/@Boxrepsol"],"url":"https:\/\/www.boxrepsol.com\/es\/author\/redaccion-box-repsol\/"}]}},"_links":{"self":[{"href":"https:\/\/www.boxrepsol.com\/es\/wp-json\/wp\/v2\/posts\/94552","targetHints":{"allow":["GET"]}}],"collection":[{"href":"https:\/\/www.boxrepsol.com\/es\/wp-json\/wp\/v2\/posts"}],"about":[{"href":"https:\/\/www.boxrepsol.com\/es\/wp-json\/wp\/v2\/types\/post"}],"author":[{"embeddable":true,"href":"https:\/\/www.boxrepsol.com\/es\/wp-json\/wp\/v2\/users\/43146"}],"replies":[{"embeddable":true,"href":"https:\/\/www.boxrepsol.com\/es\/wp-json\/wp\/v2\/comments?post=94552"}],"version-history":[{"count":15,"href":"https:\/\/www.boxrepsol.com\/es\/wp-json\/wp\/v2\/posts\/94552\/revisions"}],"predecessor-version":[{"id":108445,"href":"https:\/\/www.boxrepsol.com\/es\/wp-json\/wp\/v2\/posts\/94552\/revisions\/108445"}],"wp:featuredmedia":[{"embeddable":true,"href":"https:\/\/www.boxrepsol.com\/es\/wp-json\/wp\/v2\/media\/40486"}],"wp:attachment":[{"href":"https:\/\/www.boxrepsol.com\/es\/wp-json\/wp\/v2\/media?parent=94552"}],"wp:term":[{"taxonomy":"category","embeddable":true,"href":"https:\/\/www.boxrepsol.com\/es\/wp-json\/wp\/v2\/categories?post=94552"},{"taxonomy":"post_tag","embeddable":true,"href":"https:\/\/www.boxrepsol.com\/es\/wp-json\/wp\/v2\/tags?post=94552"}],"curies":[{"name":"wp","href":"https:\/\/api.w.org\/{rel}","templated":true}]}}