{"id":94550,"date":"2020-07-25T00:00:00","date_gmt":"2020-07-25T02:00:00","guid":{"rendered":"http:\/\/pre.boxrepsol.com\/sin-categorizar\/marc-marquez-finaliza-participacion-gran-premio-andalucia\/"},"modified":"2024-04-19T08:28:54","modified_gmt":"2024-04-19T10:28:54","slug":"marc-marquez-finaliza-participacion-gran-premio-andalucia","status":"publish","type":"post","link":"https:\/\/www.boxrepsol.com\/es\/motogp\/marc-marquez-finaliza-participacion-gran-premio-andalucia\/","title":{"rendered":"Marc M\u00e1rquez finaliza su participaci\u00f3n en el Gran Premio de Andaluc\u00eda"},"content":{"rendered":"<p><strong>Marc M\u00e1rquez <\/strong>no participar\u00e1 ma\u00f1ana en la segunda carrera de la temporada en Jerez. El vigente Campe\u00f3n del Mundo de MotoGP ha tomado esta decisi\u00f3n junto a su equipo tras completar las dos sesiones de entrenamientos libres de la jornada.<\/p>\n<p>El piloto del Repsol Honda fue operado de su fractura en el h\u00famero derecho el pasado martes en Barcelona, antes de regresar a Jerez para intentar participar en el GP de Andaluc\u00eda.<br \/>\n<strong><br \/>\n\u00c1lex M\u00e1rquez<\/strong> ha seguido dando pasos adelante durante la ma\u00f1ana, terminando decimosexto en el FP3 y decimotercero en el FP4, qued\u00e1ndose a menos de un segundo de la cabeza en ambas sesiones.<\/p>\n<p>En la Q1, el debutante ha sufrido una ca\u00edda sin consecuencias en la curva 5 cuando buscaba mejorar su registro. Con un tiempo de 1 minuto, 38 segundos y 648 mil\u00e9simas, \u00c1lex M\u00e1rquez partir\u00e1 ma\u00f1ana vigesimoprimero.<\/p>\n<p>                <!-- Imagen relacionada --><br \/>\n        <img loading=\"lazy\" decoding=\"async\" width=\"404\" height=\"336\" src=\"https:\/\/bxrepsol.s3.eu-west-1.amazonaws.com\/static\/2022\/08\/09104854\/GP-de-Andalucia-04-e1595607662339-404x336-1.jpg\" alt=\"GP de Andaluc\u00eda Alex M\u00e1rquez\" \/><br \/>\n                <!-- Categor\u00eda --><br \/>\n            MotoGP<br \/>\n        <!-- T\u00edtulo --><br \/>\n        <a href=\"https:\/\/www.boxrepsol.com\/es\/motogp\/paso-adelante-alex-marquez-primer-dia-entrenamientos\/\"><\/p>\n<h3>Paso adelante de \u00c1lex M\u00e1rquez en el primer d\u00eda de entrenamientos<\/h3>\n<p>        <\/a><br \/>\n                    <!-- Fecha --><br \/>\n            hace 1 hora<br \/>\n                    <a\n                        href=\"https:\/\/bxrepsol.s3.eu-west-1.amazonaws.com\/static\/2022\/08\/09104854\/GP-de-Andalucia-Q2-11.jpg\"\n                        data-index=\"0\"\n                    ><br \/>\n                        <img decoding=\"async\"\n                            src=\"https:\/\/bxrepsol.s3.eu-west-1.amazonaws.com\/static\/2022\/08\/09104854\/GP-de-Andalucia-Q2-11.jpg\"\n                            srcset=\"https:\/\/bxrepsol.s3.eu-west-1.amazonaws.com\/static\/2022\/08\/09104854\/GP-de-Andalucia-Q2-11.jpg 1280w, https:\/\/bxrepsol.s3.eu-west-1.amazonaws.com\/static\/2022\/08\/09104854\/GP-de-Andalucia-Q2-11.jpg 900w, https:\/\/bxrepsol.s3.eu-west-1.amazonaws.com\/static\/2022\/08\/09104854\/GP-de-Andalucia-Q2-11.jpg 600w, https:\/\/bxrepsol.s3.eu-west-1.amazonaws.com\/static\/2022\/08\/09104854\/GP-de-Andalucia-Q2-11.jpg 480w, https:\/\/bxrepsol.s3.eu-west-1.amazonaws.com\/static\/2022\/08\/09104854\/GP-de-Andalucia-Q2-11.jpg 32w\"\n                            title=\"04 GP de Espa\u00f1a, circuito de Angel Nieto, Jerez de la Frontera,\"\n                            alt=\"\"\n                            data-title=\"\"><br \/>\n                    <\/a><br \/>\n                    <a\n                        href=\"https:\/\/bxrepsol.s3.eu-west-1.amazonaws.com\/static\/2022\/08\/09104855\/GP-de-Andalucia-Q2-10.jpg\"\n                        data-index=\"1\"\n                    ><br \/>\n                        <img decoding=\"async\"\n                            src=\"https:\/\/bxrepsol.s3.eu-west-1.amazonaws.com\/static\/2022\/08\/09104855\/GP-de-Andalucia-Q2-10.jpg\"\n                            srcset=\"https:\/\/bxrepsol.s3.eu-west-1.amazonaws.com\/static\/2022\/08\/09104855\/GP-de-Andalucia-Q2-10.jpg 1280w, https:\/\/bxrepsol.s3.eu-west-1.amazonaws.com\/static\/2022\/08\/09104855\/GP-de-Andalucia-Q2-10.jpg 900w, https:\/\/bxrepsol.s3.eu-west-1.amazonaws.com\/static\/2022\/08\/09104855\/GP-de-Andalucia-Q2-10.jpg 600w, https:\/\/bxrepsol.s3.eu-west-1.amazonaws.com\/static\/2022\/08\/09104855\/GP-de-Andalucia-Q2-10.jpg 480w, https:\/\/bxrepsol.s3.eu-west-1.amazonaws.com\/static\/2022\/08\/09104855\/GP-de-Andalucia-Q2-10.jpg 32w\"\n                            title=\"04 GP de Espa\u00f1a, circuito de Angel Nieto, Jerez de la Frontera,\"\n                            alt=\"\"\n                            data-title=\"\"><br \/>\n                    <\/a><br \/>\n                    <a\n                        href=\"https:\/\/bxrepsol.s3.eu-west-1.amazonaws.com\/static\/2022\/08\/09104856\/GP-de-Andalucia-Q2-09.jpg\"\n                        data-index=\"2\"\n                    ><br \/>\n                        <img decoding=\"async\"\n                            src=\"https:\/\/bxrepsol.s3.eu-west-1.amazonaws.com\/static\/2022\/08\/09104856\/GP-de-Andalucia-Q2-09.jpg\"\n                            srcset=\"https:\/\/bxrepsol.s3.eu-west-1.amazonaws.com\/static\/2022\/08\/09104856\/GP-de-Andalucia-Q2-09.jpg 1280w, https:\/\/bxrepsol.s3.eu-west-1.amazonaws.com\/static\/2022\/08\/09104856\/GP-de-Andalucia-Q2-09.jpg 900w, https:\/\/bxrepsol.s3.eu-west-1.amazonaws.com\/static\/2022\/08\/09104856\/GP-de-Andalucia-Q2-09.jpg 600w, https:\/\/bxrepsol.s3.eu-west-1.amazonaws.com\/static\/2022\/08\/09104856\/GP-de-Andalucia-Q2-09.jpg 480w, https:\/\/bxrepsol.s3.eu-west-1.amazonaws.com\/static\/2022\/08\/09104856\/GP-de-Andalucia-Q2-09.jpg 32w\"\n                            title=\"04 GP de Espa\u00f1a, circuito de Angel Nieto, Jerez de la Frontera,\"\n                            alt=\"\"\n                            data-title=\"\"><br \/>\n                    <\/a><br \/>\n                    <a\n                        href=\"https:\/\/bxrepsol.s3.eu-west-1.amazonaws.com\/static\/2022\/08\/09104857\/GP-de-Andalucia-Q2-08.jpg\"\n                        data-index=\"3\"\n                    ><br \/>\n                        <img decoding=\"async\"\n                            src=\"https:\/\/bxrepsol.s3.eu-west-1.amazonaws.com\/static\/2022\/08\/09104857\/GP-de-Andalucia-Q2-08.jpg\"\n                            srcset=\"https:\/\/bxrepsol.s3.eu-west-1.amazonaws.com\/static\/2022\/08\/09104857\/GP-de-Andalucia-Q2-08.jpg 1280w, https:\/\/bxrepsol.s3.eu-west-1.amazonaws.com\/static\/2022\/08\/09104857\/GP-de-Andalucia-Q2-08.jpg 900w, https:\/\/bxrepsol.s3.eu-west-1.amazonaws.com\/static\/2022\/08\/09104857\/GP-de-Andalucia-Q2-08.jpg 600w, https:\/\/bxrepsol.s3.eu-west-1.amazonaws.com\/static\/2022\/08\/09104857\/GP-de-Andalucia-Q2-08.jpg 480w, https:\/\/bxrepsol.s3.eu-west-1.amazonaws.com\/static\/2022\/08\/09104857\/GP-de-Andalucia-Q2-08.jpg 32w\"\n                            title=\"04 GP de Espa\u00f1a, circuito de Angel Nieto, Jerez de la Frontera,\"\n                            alt=\"\"\n                            data-title=\"\"><br \/>\n                    <\/a><br \/>\n                    <a\n                        href=\"https:\/\/bxrepsol.s3.eu-west-1.amazonaws.com\/static\/2022\/08\/09104858\/GP-de-Andalucia-Q2-06.jpg\"\n                        data-index=\"4\"\n                    ><br \/>\n                        <img decoding=\"async\"\n                            src=\"https:\/\/bxrepsol.s3.eu-west-1.amazonaws.com\/static\/2022\/08\/09104858\/GP-de-Andalucia-Q2-06.jpg\"\n                            srcset=\"https:\/\/bxrepsol.s3.eu-west-1.amazonaws.com\/static\/2022\/08\/09104858\/GP-de-Andalucia-Q2-06.jpg 1280w, https:\/\/bxrepsol.s3.eu-west-1.amazonaws.com\/static\/2022\/08\/09104858\/GP-de-Andalucia-Q2-06.jpg 900w, https:\/\/bxrepsol.s3.eu-west-1.amazonaws.com\/static\/2022\/08\/09104858\/GP-de-Andalucia-Q2-06.jpg 600w, https:\/\/bxrepsol.s3.eu-west-1.amazonaws.com\/static\/2022\/08\/09104858\/GP-de-Andalucia-Q2-06.jpg 480w, https:\/\/bxrepsol.s3.eu-west-1.amazonaws.com\/static\/2022\/08\/09104858\/GP-de-Andalucia-Q2-06.jpg 32w\"\n                            title=\"GP-de-Andalucia-Q2-06\"\n                            alt=\"\"\n                            data-title=\"\"><br \/>\n                    <\/a><br \/>\n                    <a\n                        href=\"https:\/\/bxrepsol.s3.eu-west-1.amazonaws.com\/static\/2022\/08\/09104859\/GP-de-Andalucia-Q2-05.jpg\"\n                        data-index=\"5\"\n                    ><br \/>\n                        <img decoding=\"async\"\n                            src=\"https:\/\/bxrepsol.s3.eu-west-1.amazonaws.com\/static\/2022\/08\/09104859\/GP-de-Andalucia-Q2-05.jpg\"\n                            srcset=\"https:\/\/bxrepsol.s3.eu-west-1.amazonaws.com\/static\/2022\/08\/09104859\/GP-de-Andalucia-Q2-05.jpg 1280w, https:\/\/bxrepsol.s3.eu-west-1.amazonaws.com\/static\/2022\/08\/09104859\/GP-de-Andalucia-Q2-05.jpg 900w, https:\/\/bxrepsol.s3.eu-west-1.amazonaws.com\/static\/2022\/08\/09104859\/GP-de-Andalucia-Q2-05.jpg 600w, https:\/\/bxrepsol.s3.eu-west-1.amazonaws.com\/static\/2022\/08\/09104859\/GP-de-Andalucia-Q2-05.jpg 480w, https:\/\/bxrepsol.s3.eu-west-1.amazonaws.com\/static\/2022\/08\/09104859\/GP-de-Andalucia-Q2-05.jpg 32w\"\n                            title=\"GP-de-Andalucia-Q2-05\"\n                            alt=\"\"\n                            data-title=\"\"><br \/>\n                    <\/a><br \/>\n                    <a\n                        href=\"https:\/\/bxrepsol.s3.eu-west-1.amazonaws.com\/static\/2022\/08\/09104901\/GP-de-Andalucia-Q2-02.jpg\"\n                        data-index=\"6\"\n                    ><br \/>\n                        <img decoding=\"async\"\n                            src=\"https:\/\/bxrepsol.s3.eu-west-1.amazonaws.com\/static\/2022\/08\/09104901\/GP-de-Andalucia-Q2-02.jpg\"\n                            srcset=\"https:\/\/bxrepsol.s3.eu-west-1.amazonaws.com\/static\/2022\/08\/09104901\/GP-de-Andalucia-Q2-02.jpg 1280w, https:\/\/bxrepsol.s3.eu-west-1.amazonaws.com\/static\/2022\/08\/09104901\/GP-de-Andalucia-Q2-02.jpg 900w, https:\/\/bxrepsol.s3.eu-west-1.amazonaws.com\/static\/2022\/08\/09104901\/GP-de-Andalucia-Q2-02.jpg 600w, https:\/\/bxrepsol.s3.eu-west-1.amazonaws.com\/static\/2022\/08\/09104901\/GP-de-Andalucia-Q2-02.jpg 480w, https:\/\/bxrepsol.s3.eu-west-1.amazonaws.com\/static\/2022\/08\/09104901\/GP-de-Andalucia-Q2-02.jpg 32w\"\n                            title=\"GP-de-Andalucia-Q2-02\"\n                            alt=\"\"\n                            data-title=\"\"><br \/>\n                    <\/a><br \/>\n                    <a\n                        href=\"https:\/\/bxrepsol.s3.eu-west-1.amazonaws.com\/static\/2022\/08\/09104902\/GP-de-Andalucia-Q2-01.jpg\"\n                        data-index=\"7\"\n                    ><br \/>\n                        <img decoding=\"async\"\n                            src=\"https:\/\/bxrepsol.s3.eu-west-1.amazonaws.com\/static\/2022\/08\/09104902\/GP-de-Andalucia-Q2-01.jpg\"\n                            srcset=\"https:\/\/bxrepsol.s3.eu-west-1.amazonaws.com\/static\/2022\/08\/09104902\/GP-de-Andalucia-Q2-01.jpg 1280w, https:\/\/bxrepsol.s3.eu-west-1.amazonaws.com\/static\/2022\/08\/09104902\/GP-de-Andalucia-Q2-01.jpg 900w, https:\/\/bxrepsol.s3.eu-west-1.amazonaws.com\/static\/2022\/08\/09104902\/GP-de-Andalucia-Q2-01.jpg 600w, https:\/\/bxrepsol.s3.eu-west-1.amazonaws.com\/static\/2022\/08\/09104902\/GP-de-Andalucia-Q2-01.jpg 480w, https:\/\/bxrepsol.s3.eu-west-1.amazonaws.com\/static\/2022\/08\/09104902\/GP-de-Andalucia-Q2-01.jpg 32w\"\n                            title=\"GP-de-Andalucia-Q2-01\"\n                            alt=\"\"\n                            data-title=\"\"><br \/>\n                    <\/a><br \/>\n        <button data-glide-dir=\"<\"><br \/>\n            <svg role=\"img\"  viewBox=\"0 0 256 512\">\n                <path fill=\"currentColor\" d=\"M238.475 475.535l7.071-7.07c4.686-4.686 4.686-12.284 0-16.971L50.053 256 245.546 60.506c4.686-4.686 4.686-12.284 0-16.971l-7.071-7.07c-4.686-4.686-12.284-4.686-16.97 0L10.454 247.515c-4.686 4.686-4.686 12.284 0 16.971l211.051 211.05c4.686 4.686 12.284 4.686 16.97-.001z\"><\/path>\n            <\/svg><br \/>\n        <\/button><br \/>\n        <button data-glide-dir=\">\u00ab><br \/>\n            <svg role=\"img\"  viewBox=\"0 0 256 512\">\n                <path fill=\"currentColor\" d=\"M17.525 36.465l-7.071 7.07c-4.686 4.686-4.686 12.284 0 16.971L205.947 256 10.454 451.494c-4.686 4.686-4.686 12.284 0 16.971l7.071 7.07c4.686 4.686 12.284 4.686 16.97 0l211.051-211.05c4.686-4.686 4.686-12.284 0-16.971L34.495 36.465c-4.686-4.687-12.284-4.687-16.97 0z\"><\/path>\n            <\/svg><br \/>\n        <\/button><\/p>\n<p><strong>GP de Andaluc\u00eda 2020 &#8211; Q2 &#8211; Declaraciones de los pilotos<\/strong><\/p>\n<p><strong>Alberto Puig<\/strong><br \/>\n<em><strong>Hemos analizado la situaci\u00f3n<\/strong>\u201cEsta ma\u00f1ana, el objetivo de Marc [M\u00e1rquez] era tomar contacto con la moto y hemos visto que pod\u00eda ir r\u00e1pido. Por la tarde, el plan era hacer una tanda m\u00e1s larga. Bien sea por el calor o por la fatiga de la ma\u00f1ana, ha tenido m\u00e1s problemas y se ha encontrado peor. Evidentemente, hemos comprendido que era mejor no tomar m\u00e1s riesgos. Hemos seguido el plan, que era no probar el viernes y ver c\u00f3mo se sent\u00eda hoy. Ahora, hemos analizado la situaci\u00f3n y hemos tomado la decisi\u00f3n de no participar en la carrera de ma\u00f1ana. Marc ha intentado escuchar su cuerpo, ver c\u00f3mo respond\u00eda. Cuando ha visto que no pod\u00eda, entre todos hemos decidido no salir ma\u00f1ana. An\u00edmicamente Marc es muy fuerte. Quer\u00eda probar, lo ha hecho y hemos querido darle la oportunidad de hacerlo, le hemos apoyado siempre. Creo que hemos tomado la decisi\u00f3n correcta en todo momento. Un campe\u00f3n no puede quedarse en casa si cree que tiene opciones o una m\u00ednima posibilidad. Ahora tiene el brazo inflamado, pero pasar\u00e1. Quedan muchas carreras por delante y el objetivo es llegar a Brno de la mejor forma\u201d.<\/em><\/p>\n<hr\/>\n<p><a href=\"https:\/\/twitter.com\/hashtag\/mm93?src=hash&#038;lang=es\">#MM93<\/a><\/p>\n<p><em><strong>Sab\u00eda que ten\u00eda que escuchar a mi cuerpo<\/strong>. \u201cHa sido una semana dif\u00edcil y han pasado muchas cosas desde el pasado domingo. En ese momento nunca hubiese pensado que intentar\u00eda correr el GP de Andaluc\u00eda, pero cuando se tiene pasi\u00f3n por algo y lo dedicas todo a lograrlo, como m\u00ednimo tienes que intentarlo para tener la conciencia tranquila. Despu\u00e9s de la operaci\u00f3n vi que ten\u00eda movilidad en el codo y bastante fuerza; pude realizar algunas flexiones y pese a que ten\u00eda dolor era manejable. Habl\u00e9 con el equipo para valorar todas las opciones y estuvimos de acuerdo en intentarlo el s\u00e1bado. Durante todo este proceso he escuchado a los doctores y a mi cuerpo. Hoy por la ma\u00f1ana me he sentido bien y est\u00e1bamos satisfechos con nuestro progreso. Sin embargo, cuando ha llegado el momento de rebajar los tiempos \u2013en ese momento hay que ser menos consistente y algo m\u00e1s agresivo-, el brazo no ten\u00eda fuerza. No s\u00e9 si ha sido por la inflamaci\u00f3n o por el calor, pero sab\u00eda que ten\u00eda que escuchar a mi cuerpo. Estos d\u00edas he hablado en todo momento con el equipo Repsol Honda y HRC y quiero agradecerles que siempre hayan respetado mis decisiones. Tambi\u00e9n quiero dar las gracias a los doctores, los fisioterapeutas y todas las personas de mi alrededor que me han ayudado a intentarlo. Desafortunadamente no podr\u00e9 correr ma\u00f1ana, pero voy a seguir d\u00e1ndolo todo para volver en Brno y luchar por el campeonato\u201d<br \/>\n<\/em><\/p>\n<hr\/>\n<p><a href=\"https:\/\/twitter.com\/hashtag\/AM73?src=hash&#038;lang=es\">#AM73<\/a><\/p>\n<p><em><strong>Seguimos avanzando <\/strong>\u201cHemos hecho un FP4 muy positivo y me he sentido c\u00f3modo con el neum\u00e1tico usado, pero me ha costado m\u00e1s con ruedas nuevas. He cometido varios errores durante la sesi\u00f3n cronometrada y no he conseguido aprovechar al m\u00e1ximo el agarre inicial. Esto es algo en lo que tengo que seguir trabajando, porque es muy importante para conseguir una buena clasificaci\u00f3n en MotoGP. A pesar de esto, estoy satisfecho porque hemos mejorado el ritmo. He sufrido una peque\u00f1a ca\u00edda al final de la Q1; ha sido r\u00e1pida, as\u00ed que al principio he sentido algo de dolor en el brazo, pero finalmente est\u00e1 bien. Mi objetivo para la carrera de ma\u00f1ana es seguir avanzando\u201d.<\/em><\/p>\n","protected":false},"excerpt":{"rendered":"<p>El piloto del equipo Repsol Honda toma la decisi\u00f3n de no continuar tras completar las dos sesiones de entrenamientos libres de hoy. \u00c1lex M\u00e1rquez ha sufrido una ca\u00edda en la Q1 y ma\u00f1ana partir\u00e1 vigesimoprimero.<\/p>\n","protected":false},"author":43146,"featured_media":40462,"comment_status":"open","ping_status":"open","sticky":false,"template":"","format":"standard","meta":{"footnotes":""},"categories":[4],"tags":[191,192,6,245],"class_list":["post-94550","post","type-post","status-publish","format-standard","hentry","category-motogp","tag-191","tag-alex-marquez","tag-marc-marquez","tag-motogp-andalucia"],"yoast_head":"<!-- This site is optimized with the Yoast SEO plugin v27.3 - https:\/\/yoast.com\/product\/yoast-seo-wordpress\/ -->\n<title>GP de Andaluc\u00eda 2020 - Marc M\u00e1rquez finaliza su participaci\u00f3n en el Gran Premio de Andaluc\u00eda<\/title>\n<meta name=\"description\" content=\"GP de Andaluc\u00eda: El piloto del equipo Repsol Honda toma la decisi\u00f3n de no continuar tras completar las dos sesiones de entrenamientos libres de hoy.\" \/>\n<link rel=\"canonical\" href=\"https:\/\/www.boxrepsol.com\/es\/motogp\/marc-marquez-finaliza-participacion-gran-premio-andalucia\/\" \/>\n<meta property=\"og:locale\" content=\"es_ES\" \/>\n<meta property=\"og:type\" content=\"article\" \/>\n<meta property=\"og:title\" content=\"GP de Andaluc\u00eda 2020 - Marc M\u00e1rquez finaliza su participaci\u00f3n en el Gran Premio de Andaluc\u00eda\" \/>\n<meta property=\"og:description\" content=\"GP de Andaluc\u00eda: El piloto del equipo Repsol Honda toma la decisi\u00f3n de no continuar tras completar las dos sesiones de entrenamientos libres de hoy.\" \/>\n<meta property=\"og:url\" content=\"https:\/\/www.boxrepsol.com\/es\/motogp\/marc-marquez-finaliza-participacion-gran-premio-andalucia\/\" \/>\n<meta property=\"og:site_name\" content=\"Box Repsol\" \/>\n<meta property=\"article:publisher\" content=\"https:\/\/www.facebook.com\/BoxRepsol\" \/>\n<meta property=\"article:author\" content=\"https:\/\/www.facebook.com\/BoxRepsol\/\" \/>\n<meta property=\"article:published_time\" content=\"2020-07-25T02:00:00+00:00\" \/>\n<meta property=\"article:modified_time\" content=\"2024-04-19T10:28:54+00:00\" \/>\n<meta property=\"og:image\" content=\"https:\/\/bxrepsol.s3.eu-west-1.amazonaws.com\/static\/2022\/08\/09104904\/GP-de-Andalucia-Q2-07-1.jpg\" \/>\n\t<meta property=\"og:image:width\" content=\"1280\" \/>\n\t<meta property=\"og:image:height\" content=\"720\" \/>\n\t<meta property=\"og:image:type\" content=\"image\/jpeg\" \/>\n<meta name=\"author\" content=\"Redacci\u00f3n Box Repsol\" \/>\n<meta name=\"twitter:card\" content=\"summary_large_image\" \/>\n<meta name=\"twitter:creator\" content=\"@https:\/\/twitter.com\/box_repsol\" \/>\n<meta name=\"twitter:site\" content=\"@box_repsol\" \/>\n<meta name=\"twitter:label1\" content=\"Written by\" \/>\n\t<meta name=\"twitter:data1\" content=\"Redacci\u00f3n Box Repsol\" \/>\n\t<meta name=\"twitter:label2\" content=\"Est. reading time\" \/>\n\t<meta name=\"twitter:data2\" content=\"4 minutos\" \/>\n<script type=\"application\/ld+json\" class=\"yoast-schema-graph\">{\"@context\":\"https:\\\/\\\/schema.org\",\"@graph\":[{\"@type\":\"Article\",\"@id\":\"https:\\\/\\\/www.boxrepsol.com\\\/es\\\/motogp\\\/marc-marquez-finaliza-participacion-gran-premio-andalucia\\\/#article\",\"isPartOf\":{\"@id\":\"https:\\\/\\\/www.boxrepsol.com\\\/es\\\/motogp\\\/marc-marquez-finaliza-participacion-gran-premio-andalucia\\\/\"},\"author\":{\"name\":\"Redacci\u00f3n Box Repsol\",\"@id\":\"https:\\\/\\\/www.boxrepsol.com\\\/es\\\/#\\\/schema\\\/person\\\/c5c2138f2cca251b0ad92b7086bb60b7\"},\"headline\":\"Marc M\u00e1rquez finaliza su participaci\u00f3n en el Gran Premio de Andaluc\u00eda\",\"datePublished\":\"2020-07-25T02:00:00+00:00\",\"dateModified\":\"2024-04-19T10:28:54+00:00\",\"mainEntityOfPage\":{\"@id\":\"https:\\\/\\\/www.boxrepsol.com\\\/es\\\/motogp\\\/marc-marquez-finaliza-participacion-gran-premio-andalucia\\\/\"},\"wordCount\":800,\"commentCount\":0,\"publisher\":{\"@id\":\"https:\\\/\\\/www.boxrepsol.com\\\/es\\\/#organization\"},\"image\":{\"@id\":\"https:\\\/\\\/www.boxrepsol.com\\\/es\\\/motogp\\\/marc-marquez-finaliza-participacion-gran-premio-andalucia\\\/#primaryimage\"},\"thumbnailUrl\":\"https:\\\/\\\/bxrepsol.s3.eu-west-1.amazonaws.com\\\/static\\\/2022\\\/08\\\/09104904\\\/GP-de-Andalucia-Q2-07-1.jpg\",\"keywords\":[\"2020\",\"\u00c1lex M\u00e1rquez\",\"Marc M\u00e1rquez\",\"MotoGP Andaluc\u00eda\"],\"articleSection\":[\"MotoGP\"],\"inLanguage\":\"es\",\"potentialAction\":[{\"@type\":\"CommentAction\",\"name\":\"Comment\",\"target\":[\"https:\\\/\\\/www.boxrepsol.com\\\/es\\\/motogp\\\/marc-marquez-finaliza-participacion-gran-premio-andalucia\\\/#respond\"]}]},{\"@type\":\"WebPage\",\"@id\":\"https:\\\/\\\/www.boxrepsol.com\\\/es\\\/motogp\\\/marc-marquez-finaliza-participacion-gran-premio-andalucia\\\/\",\"url\":\"https:\\\/\\\/www.boxrepsol.com\\\/es\\\/motogp\\\/marc-marquez-finaliza-participacion-gran-premio-andalucia\\\/\",\"name\":\"GP de Andaluc\u00eda 2020 - Marc M\u00e1rquez finaliza su participaci\u00f3n en el Gran Premio de Andaluc\u00eda\",\"isPartOf\":{\"@id\":\"https:\\\/\\\/www.boxrepsol.com\\\/es\\\/#website\"},\"primaryImageOfPage\":{\"@id\":\"https:\\\/\\\/www.boxrepsol.com\\\/es\\\/motogp\\\/marc-marquez-finaliza-participacion-gran-premio-andalucia\\\/#primaryimage\"},\"image\":{\"@id\":\"https:\\\/\\\/www.boxrepsol.com\\\/es\\\/motogp\\\/marc-marquez-finaliza-participacion-gran-premio-andalucia\\\/#primaryimage\"},\"thumbnailUrl\":\"https:\\\/\\\/bxrepsol.s3.eu-west-1.amazonaws.com\\\/static\\\/2022\\\/08\\\/09104904\\\/GP-de-Andalucia-Q2-07-1.jpg\",\"datePublished\":\"2020-07-25T02:00:00+00:00\",\"dateModified\":\"2024-04-19T10:28:54+00:00\",\"description\":\"GP de Andaluc\u00eda: El piloto del equipo Repsol Honda toma la decisi\u00f3n de no continuar tras completar las dos sesiones de entrenamientos libres de hoy.\",\"breadcrumb\":{\"@id\":\"https:\\\/\\\/www.boxrepsol.com\\\/es\\\/motogp\\\/marc-marquez-finaliza-participacion-gran-premio-andalucia\\\/#breadcrumb\"},\"inLanguage\":\"es\",\"potentialAction\":[{\"@type\":\"ReadAction\",\"target\":[\"https:\\\/\\\/www.boxrepsol.com\\\/es\\\/motogp\\\/marc-marquez-finaliza-participacion-gran-premio-andalucia\\\/\"]}]},{\"@type\":\"ImageObject\",\"inLanguage\":\"es\",\"@id\":\"https:\\\/\\\/www.boxrepsol.com\\\/es\\\/motogp\\\/marc-marquez-finaliza-participacion-gran-premio-andalucia\\\/#primaryimage\",\"url\":\"https:\\\/\\\/bxrepsol.s3.eu-west-1.amazonaws.com\\\/static\\\/2022\\\/08\\\/09104904\\\/GP-de-Andalucia-Q2-07-1.jpg\",\"contentUrl\":\"https:\\\/\\\/bxrepsol.s3.eu-west-1.amazonaws.com\\\/static\\\/2022\\\/08\\\/09104904\\\/GP-de-Andalucia-Q2-07-1.jpg\",\"width\":1280,\"height\":720,\"caption\":\"04 GP de Espa\u00f1a, circuito de Angel Nieto, Jerez de la Frontera, ESPA\u00d1A 2, 3, 4 y 5 de mayo de 2019\"},{\"@type\":\"BreadcrumbList\",\"@id\":\"https:\\\/\\\/www.boxrepsol.com\\\/es\\\/motogp\\\/marc-marquez-finaliza-participacion-gran-premio-andalucia\\\/#breadcrumb\",\"itemListElement\":[{\"@type\":\"ListItem\",\"position\":1,\"name\":\"Home\",\"item\":\"https:\\\/\\\/www.boxrepsol.com\\\/es\\\/\"},{\"@type\":\"ListItem\",\"position\":2,\"name\":\"Marc M\u00e1rquez finaliza su participaci\u00f3n en el Gran Premio de Andaluc\u00eda\"}]},{\"@type\":\"WebSite\",\"@id\":\"https:\\\/\\\/www.boxrepsol.com\\\/es\\\/#website\",\"url\":\"https:\\\/\\\/www.boxrepsol.com\\\/es\\\/\",\"name\":\"Box Repsol\",\"description\":\"Box Repsol Site\",\"publisher\":{\"@id\":\"https:\\\/\\\/www.boxrepsol.com\\\/es\\\/#organization\"},\"potentialAction\":[{\"@type\":\"SearchAction\",\"target\":{\"@type\":\"EntryPoint\",\"urlTemplate\":\"https:\\\/\\\/www.boxrepsol.com\\\/es\\\/?s={search_term_string}\"},\"query-input\":{\"@type\":\"PropertyValueSpecification\",\"valueRequired\":true,\"valueName\":\"search_term_string\"}}],\"inLanguage\":\"es\"},{\"@type\":\"Organization\",\"@id\":\"https:\\\/\\\/www.boxrepsol.com\\\/es\\\/#organization\",\"name\":\"Box Repsol\",\"url\":\"https:\\\/\\\/www.boxrepsol.com\\\/es\\\/\",\"logo\":{\"@type\":\"ImageObject\",\"inLanguage\":\"es\",\"@id\":\"https:\\\/\\\/www.boxrepsol.com\\\/es\\\/#\\\/schema\\\/logo\\\/image\\\/\",\"url\":\"https:\\\/\\\/bxrepsol.s3.eu-west-1.amazonaws.com\\\/static\\\/2025\\\/07\\\/30083337\\\/favicon-96x96-1.png\",\"contentUrl\":\"https:\\\/\\\/bxrepsol.s3.eu-west-1.amazonaws.com\\\/static\\\/2025\\\/07\\\/30083337\\\/favicon-96x96-1.png\",\"width\":96,\"height\":96,\"caption\":\"Box Repsol\"},\"image\":{\"@id\":\"https:\\\/\\\/www.boxrepsol.com\\\/es\\\/#\\\/schema\\\/logo\\\/image\\\/\"},\"sameAs\":[\"https:\\\/\\\/www.facebook.com\\\/BoxRepsol\",\"https:\\\/\\\/x.com\\\/box_repsol\",\"http:\\\/\\\/instagram.com\\\/box_repsol\",\"https:\\\/\\\/www.youtube.com\\\/user\\\/RepsolCompeticion\",\"https:\\\/\\\/www.flickr.com\\\/photos\\\/box_repsol\\\/\"]},{\"@type\":\"Person\",\"@id\":\"https:\\\/\\\/www.boxrepsol.com\\\/es\\\/#\\\/schema\\\/person\\\/c5c2138f2cca251b0ad92b7086bb60b7\",\"name\":\"Redacci\u00f3n Box Repsol\",\"image\":{\"@type\":\"ImageObject\",\"inLanguage\":\"es\",\"@id\":\"https:\\\/\\\/secure.gravatar.com\\\/avatar\\\/adf7b77e38b4419baf32c7e9c21dde01f4e40df611f0978e3006fc4ba0aaab7e?s=96&d=mm&r=g\",\"url\":\"https:\\\/\\\/secure.gravatar.com\\\/avatar\\\/adf7b77e38b4419baf32c7e9c21dde01f4e40df611f0978e3006fc4ba0aaab7e?s=96&d=mm&r=g\",\"contentUrl\":\"https:\\\/\\\/secure.gravatar.com\\\/avatar\\\/adf7b77e38b4419baf32c7e9c21dde01f4e40df611f0978e3006fc4ba0aaab7e?s=96&d=mm&r=g\",\"caption\":\"Redacci\u00f3n Box Repsol\"},\"description\":\"Box Repsol lo forma un equipo de periodistas, community managers, dise\u00f1adores y fot\u00f3grafos con m\u00e1s de 20 a\u00f1os de experiencia en el mundo del motorsport. Hemos vivido el primer mundial de un espa\u00f1ol en la categor\u00eda reina de motociclismo con \u00c1lex Crivill\u00e9, estuvimos en las victorias de Pedrosa y los t\u00edtulos de M\u00e1rquez, acompa\u00f1amos en \u00c1frica a Nani Roma y Marc Coma en sus conquistas del Dakar y hemos vibrado con los t\u00edtulos de Toni Bou en Trial. Adem\u00e1s, en nuestro equipo contamos con expertos en el mundo de las dos y cuatro ruedas tanto de la calle y las carreteras, como de los circuitos. Periodistas que han trabajado en revistas y publicaciones para hacerte llegar desde rutas y consejos de mantenimiento, a curiosidades y trucos de pilotaje.\",\"sameAs\":[\"https:\\\/\\\/www.facebook.com\\\/BoxRepsol\\\/\",\"https:\\\/\\\/www.instagram.com\\\/box_repsol\\\/\",\"https:\\\/\\\/x.com\\\/https:\\\/\\\/twitter.com\\\/box_repsol\",\"https:\\\/\\\/www.youtube.com\\\/@Boxrepsol\"],\"url\":\"https:\\\/\\\/www.boxrepsol.com\\\/es\\\/author\\\/redaccion-box-repsol\\\/\"}]}<\/script>\n<!-- \/ Yoast SEO plugin. -->","yoast_head_json":{"title":"GP de Andaluc\u00eda 2020 - Marc M\u00e1rquez finaliza su participaci\u00f3n en el Gran Premio de Andaluc\u00eda","description":"GP de Andaluc\u00eda: El piloto del equipo Repsol Honda toma la decisi\u00f3n de no continuar tras completar las dos sesiones de entrenamientos libres de hoy.","canonical":"https:\/\/www.boxrepsol.com\/es\/motogp\/marc-marquez-finaliza-participacion-gran-premio-andalucia\/","og_locale":"es_ES","og_type":"article","og_title":"GP de Andaluc\u00eda 2020 - Marc M\u00e1rquez finaliza su participaci\u00f3n en el Gran Premio de Andaluc\u00eda","og_description":"GP de Andaluc\u00eda: El piloto del equipo Repsol Honda toma la decisi\u00f3n de no continuar tras completar las dos sesiones de entrenamientos libres de hoy.","og_url":"https:\/\/www.boxrepsol.com\/es\/motogp\/marc-marquez-finaliza-participacion-gran-premio-andalucia\/","og_site_name":"Box Repsol","article_publisher":"https:\/\/www.facebook.com\/BoxRepsol","article_author":"https:\/\/www.facebook.com\/BoxRepsol\/","article_published_time":"2020-07-25T02:00:00+00:00","article_modified_time":"2024-04-19T10:28:54+00:00","og_image":[{"width":1280,"height":720,"url":"https:\/\/bxrepsol.s3.eu-west-1.amazonaws.com\/static\/2022\/08\/09104904\/GP-de-Andalucia-Q2-07-1.jpg","type":"image\/jpeg"}],"author":"Redacci\u00f3n Box Repsol","twitter_card":"summary_large_image","twitter_creator":"@https:\/\/twitter.com\/box_repsol","twitter_site":"@box_repsol","twitter_misc":{"Written by":"Redacci\u00f3n Box Repsol","Est. reading time":"4 minutos"},"schema":{"@context":"https:\/\/schema.org","@graph":[{"@type":"Article","@id":"https:\/\/www.boxrepsol.com\/es\/motogp\/marc-marquez-finaliza-participacion-gran-premio-andalucia\/#article","isPartOf":{"@id":"https:\/\/www.boxrepsol.com\/es\/motogp\/marc-marquez-finaliza-participacion-gran-premio-andalucia\/"},"author":{"name":"Redacci\u00f3n Box Repsol","@id":"https:\/\/www.boxrepsol.com\/es\/#\/schema\/person\/c5c2138f2cca251b0ad92b7086bb60b7"},"headline":"Marc M\u00e1rquez finaliza su participaci\u00f3n en el Gran Premio de Andaluc\u00eda","datePublished":"2020-07-25T02:00:00+00:00","dateModified":"2024-04-19T10:28:54+00:00","mainEntityOfPage":{"@id":"https:\/\/www.boxrepsol.com\/es\/motogp\/marc-marquez-finaliza-participacion-gran-premio-andalucia\/"},"wordCount":800,"commentCount":0,"publisher":{"@id":"https:\/\/www.boxrepsol.com\/es\/#organization"},"image":{"@id":"https:\/\/www.boxrepsol.com\/es\/motogp\/marc-marquez-finaliza-participacion-gran-premio-andalucia\/#primaryimage"},"thumbnailUrl":"https:\/\/bxrepsol.s3.eu-west-1.amazonaws.com\/static\/2022\/08\/09104904\/GP-de-Andalucia-Q2-07-1.jpg","keywords":["2020","\u00c1lex M\u00e1rquez","Marc M\u00e1rquez","MotoGP Andaluc\u00eda"],"articleSection":["MotoGP"],"inLanguage":"es","potentialAction":[{"@type":"CommentAction","name":"Comment","target":["https:\/\/www.boxrepsol.com\/es\/motogp\/marc-marquez-finaliza-participacion-gran-premio-andalucia\/#respond"]}]},{"@type":"WebPage","@id":"https:\/\/www.boxrepsol.com\/es\/motogp\/marc-marquez-finaliza-participacion-gran-premio-andalucia\/","url":"https:\/\/www.boxrepsol.com\/es\/motogp\/marc-marquez-finaliza-participacion-gran-premio-andalucia\/","name":"GP de Andaluc\u00eda 2020 - Marc M\u00e1rquez finaliza su participaci\u00f3n en el Gran Premio de Andaluc\u00eda","isPartOf":{"@id":"https:\/\/www.boxrepsol.com\/es\/#website"},"primaryImageOfPage":{"@id":"https:\/\/www.boxrepsol.com\/es\/motogp\/marc-marquez-finaliza-participacion-gran-premio-andalucia\/#primaryimage"},"image":{"@id":"https:\/\/www.boxrepsol.com\/es\/motogp\/marc-marquez-finaliza-participacion-gran-premio-andalucia\/#primaryimage"},"thumbnailUrl":"https:\/\/bxrepsol.s3.eu-west-1.amazonaws.com\/static\/2022\/08\/09104904\/GP-de-Andalucia-Q2-07-1.jpg","datePublished":"2020-07-25T02:00:00+00:00","dateModified":"2024-04-19T10:28:54+00:00","description":"GP de Andaluc\u00eda: El piloto del equipo Repsol Honda toma la decisi\u00f3n de no continuar tras completar las dos sesiones de entrenamientos libres de hoy.","breadcrumb":{"@id":"https:\/\/www.boxrepsol.com\/es\/motogp\/marc-marquez-finaliza-participacion-gran-premio-andalucia\/#breadcrumb"},"inLanguage":"es","potentialAction":[{"@type":"ReadAction","target":["https:\/\/www.boxrepsol.com\/es\/motogp\/marc-marquez-finaliza-participacion-gran-premio-andalucia\/"]}]},{"@type":"ImageObject","inLanguage":"es","@id":"https:\/\/www.boxrepsol.com\/es\/motogp\/marc-marquez-finaliza-participacion-gran-premio-andalucia\/#primaryimage","url":"https:\/\/bxrepsol.s3.eu-west-1.amazonaws.com\/static\/2022\/08\/09104904\/GP-de-Andalucia-Q2-07-1.jpg","contentUrl":"https:\/\/bxrepsol.s3.eu-west-1.amazonaws.com\/static\/2022\/08\/09104904\/GP-de-Andalucia-Q2-07-1.jpg","width":1280,"height":720,"caption":"04 GP de Espa\u00f1a, circuito de Angel Nieto, Jerez de la Frontera, ESPA\u00d1A 2, 3, 4 y 5 de mayo de 2019"},{"@type":"BreadcrumbList","@id":"https:\/\/www.boxrepsol.com\/es\/motogp\/marc-marquez-finaliza-participacion-gran-premio-andalucia\/#breadcrumb","itemListElement":[{"@type":"ListItem","position":1,"name":"Home","item":"https:\/\/www.boxrepsol.com\/es\/"},{"@type":"ListItem","position":2,"name":"Marc M\u00e1rquez finaliza su participaci\u00f3n en el Gran Premio de Andaluc\u00eda"}]},{"@type":"WebSite","@id":"https:\/\/www.boxrepsol.com\/es\/#website","url":"https:\/\/www.boxrepsol.com\/es\/","name":"Box Repsol","description":"Box Repsol Site","publisher":{"@id":"https:\/\/www.boxrepsol.com\/es\/#organization"},"potentialAction":[{"@type":"SearchAction","target":{"@type":"EntryPoint","urlTemplate":"https:\/\/www.boxrepsol.com\/es\/?s={search_term_string}"},"query-input":{"@type":"PropertyValueSpecification","valueRequired":true,"valueName":"search_term_string"}}],"inLanguage":"es"},{"@type":"Organization","@id":"https:\/\/www.boxrepsol.com\/es\/#organization","name":"Box Repsol","url":"https:\/\/www.boxrepsol.com\/es\/","logo":{"@type":"ImageObject","inLanguage":"es","@id":"https:\/\/www.boxrepsol.com\/es\/#\/schema\/logo\/image\/","url":"https:\/\/bxrepsol.s3.eu-west-1.amazonaws.com\/static\/2025\/07\/30083337\/favicon-96x96-1.png","contentUrl":"https:\/\/bxrepsol.s3.eu-west-1.amazonaws.com\/static\/2025\/07\/30083337\/favicon-96x96-1.png","width":96,"height":96,"caption":"Box Repsol"},"image":{"@id":"https:\/\/www.boxrepsol.com\/es\/#\/schema\/logo\/image\/"},"sameAs":["https:\/\/www.facebook.com\/BoxRepsol","https:\/\/x.com\/box_repsol","http:\/\/instagram.com\/box_repsol","https:\/\/www.youtube.com\/user\/RepsolCompeticion","https:\/\/www.flickr.com\/photos\/box_repsol\/"]},{"@type":"Person","@id":"https:\/\/www.boxrepsol.com\/es\/#\/schema\/person\/c5c2138f2cca251b0ad92b7086bb60b7","name":"Redacci\u00f3n Box Repsol","image":{"@type":"ImageObject","inLanguage":"es","@id":"https:\/\/secure.gravatar.com\/avatar\/adf7b77e38b4419baf32c7e9c21dde01f4e40df611f0978e3006fc4ba0aaab7e?s=96&d=mm&r=g","url":"https:\/\/secure.gravatar.com\/avatar\/adf7b77e38b4419baf32c7e9c21dde01f4e40df611f0978e3006fc4ba0aaab7e?s=96&d=mm&r=g","contentUrl":"https:\/\/secure.gravatar.com\/avatar\/adf7b77e38b4419baf32c7e9c21dde01f4e40df611f0978e3006fc4ba0aaab7e?s=96&d=mm&r=g","caption":"Redacci\u00f3n Box Repsol"},"description":"Box Repsol lo forma un equipo de periodistas, community managers, dise\u00f1adores y fot\u00f3grafos con m\u00e1s de 20 a\u00f1os de experiencia en el mundo del motorsport. Hemos vivido el primer mundial de un espa\u00f1ol en la categor\u00eda reina de motociclismo con \u00c1lex Crivill\u00e9, estuvimos en las victorias de Pedrosa y los t\u00edtulos de M\u00e1rquez, acompa\u00f1amos en \u00c1frica a Nani Roma y Marc Coma en sus conquistas del Dakar y hemos vibrado con los t\u00edtulos de Toni Bou en Trial. Adem\u00e1s, en nuestro equipo contamos con expertos en el mundo de las dos y cuatro ruedas tanto de la calle y las carreteras, como de los circuitos. Periodistas que han trabajado en revistas y publicaciones para hacerte llegar desde rutas y consejos de mantenimiento, a curiosidades y trucos de pilotaje.","sameAs":["https:\/\/www.facebook.com\/BoxRepsol\/","https:\/\/www.instagram.com\/box_repsol\/","https:\/\/x.com\/https:\/\/twitter.com\/box_repsol","https:\/\/www.youtube.com\/@Boxrepsol"],"url":"https:\/\/www.boxrepsol.com\/es\/author\/redaccion-box-repsol\/"}]}},"_links":{"self":[{"href":"https:\/\/www.boxrepsol.com\/es\/wp-json\/wp\/v2\/posts\/94550","targetHints":{"allow":["GET"]}}],"collection":[{"href":"https:\/\/www.boxrepsol.com\/es\/wp-json\/wp\/v2\/posts"}],"about":[{"href":"https:\/\/www.boxrepsol.com\/es\/wp-json\/wp\/v2\/types\/post"}],"author":[{"embeddable":true,"href":"https:\/\/www.boxrepsol.com\/es\/wp-json\/wp\/v2\/users\/43146"}],"replies":[{"embeddable":true,"href":"https:\/\/www.boxrepsol.com\/es\/wp-json\/wp\/v2\/comments?post=94550"}],"version-history":[{"count":1,"href":"https:\/\/www.boxrepsol.com\/es\/wp-json\/wp\/v2\/posts\/94550\/revisions"}],"predecessor-version":[{"id":94551,"href":"https:\/\/www.boxrepsol.com\/es\/wp-json\/wp\/v2\/posts\/94550\/revisions\/94551"}],"wp:featuredmedia":[{"embeddable":true,"href":"https:\/\/www.boxrepsol.com\/es\/wp-json\/wp\/v2\/media\/40462"}],"wp:attachment":[{"href":"https:\/\/www.boxrepsol.com\/es\/wp-json\/wp\/v2\/media?parent=94550"}],"wp:term":[{"taxonomy":"category","embeddable":true,"href":"https:\/\/www.boxrepsol.com\/es\/wp-json\/wp\/v2\/categories?post=94550"},{"taxonomy":"post_tag","embeddable":true,"href":"https:\/\/www.boxrepsol.com\/es\/wp-json\/wp\/v2\/tags?post=94550"}],"curies":[{"name":"wp","href":"https:\/\/api.w.org\/{rel}","templated":true}]}}