{"id":94548,"date":"2020-07-24T00:00:00","date_gmt":"2020-07-24T02:00:00","guid":{"rendered":"http:\/\/pre.boxrepsol.com\/sin-categorizar\/paso-adelante-alex-marquez-primer-dia-entrenamientos\/"},"modified":"2024-04-19T08:29:02","modified_gmt":"2024-04-19T10:29:02","slug":"paso-adelante-alex-marquez-primer-dia-entrenamientos","status":"publish","type":"post","link":"https:\/\/www.boxrepsol.com\/es\/motogp\/paso-adelante-alex-marquez-primer-dia-entrenamientos\/","title":{"rendered":"Paso adelante de \u00c1lex M\u00e1rquez en el primer d\u00eda de entrenamientos"},"content":{"rendered":"<p><strong>\u00c1lex M\u00e1rquez<\/strong> ha completado los primeros entrenamientos entre los quince primeros, con un mejor tiempo de 1 minuto, 37 segundos y 957 mil\u00e9simas, a apenas 894 del primer clasificado.<\/p>\n<p>En el FP2, con m\u00e1s temperatura tanto en el asfalto como en el ambiente, la mayor\u00eda de pilotos no han podido mejorar sus registros.<\/p>\n<p>El vigente Campe\u00f3n del Mundo de MotoGP, <strong>Marc M\u00e1rquez<\/strong>, se encuentra tambi\u00e9n en el trazado andaluz tras su intervenci\u00f3n del pasado martes, y tras descansar en el d\u00eda de hoy volver\u00e1 ma\u00f1ana a pilotar su MotoGP.<\/p>\n<p>                <!-- Imagen relacionada --><br \/>\n        <img loading=\"lazy\" decoding=\"async\" width=\"404\" height=\"336\" src=\"https:\/\/bxrepsol.s3.eu-west-1.amazonaws.com\/static\/2022\/08\/08051247\/marc-jerez-andalucia-2020-1.jpg\" alt=\"Marc M\u00e1rquez en Jerez sentado en su box\" \/><br \/>\n                <!-- Categor\u00eda --><br \/>\n            MotoGP<br \/>\n        <!-- T\u00edtulo --><br \/>\n        <a href=\"https:\/\/www.boxrepsol.com\/es\/motogp\/marc-marquez-en-jerez-tras-operacion\/\"><\/p>\n<h3>Marc M\u00e1rquez podr\u00e1 correr el GP de Andaluc\u00eda<\/h3>\n<p>        <\/a><br \/>\n                    <!-- Fecha --><br \/>\n            hace 1 hora        <\/p>\n<p>        <button data-glide-dir=\"<\"><br \/>\n            <svg role=\"img\"  viewBox=\"0 0 256 512\">\n                <path fill=\"currentColor\" d=\"M238.475 475.535l7.071-7.07c4.686-4.686 4.686-12.284 0-16.971L50.053 256 245.546 60.506c4.686-4.686 4.686-12.284 0-16.971l-7.071-7.07c-4.686-4.686-12.284-4.686-16.97 0L10.454 247.515c-4.686 4.686-4.686 12.284 0 16.971l211.051 211.05c4.686 4.686 12.284 4.686 16.97-.001z\"><\/path>\n            <\/svg><br \/>\n        <\/button><br \/>\n        <button data-glide-dir=\">\u00ab><br \/>\n            <svg role=\"img\"  viewBox=\"0 0 256 512\">\n                <path fill=\"currentColor\" d=\"M17.525 36.465l-7.071 7.07c-4.686 4.686-4.686 12.284 0 16.971L205.947 256 10.454 451.494c-4.686 4.686-4.686 12.284 0 16.971l7.071 7.07c4.686 4.686 12.284 4.686 16.97 0l211.051-211.05c4.686-4.686 4.686-12.284 0-16.971L34.495 36.465c-4.686-4.687-12.284-4.687-16.97 0z\"><\/path>\n            <\/svg><br \/>\n        <\/button><\/p>\n<p><strong>GP de Andaluc\u00eda 2020 &#8211; FP2 &#8211; Declaraciones de los pilotos<\/strong><\/p>\n<p><a href=\"https:\/\/twitter.com\/hashtag\/mm93?src=hash&#038;lang=es\">#MM93<\/a><\/p>\n<p><em><strong>Un solo objetivo<\/strong>. \u00abAyer llegu\u00e9 al circuito despu\u00e9s de la intervenci\u00f3n en Barcelona y super\u00e9 el control m\u00e9dico al mediod\u00eda. Esto significa que puedo correr, y despu\u00e9s de discutir con Honda hemos decidido comenzar directamente el s\u00e1bado. He dormido bastante bien, obviamente tengo dolor, pero hemos hecho sesiones de fisioterapia con mi fisio que me han ido bastante bien. Con el equipo nos hemos planteado solo un objetivo, que es ver nuestras sensaciones ma\u00f1ana en el FP3. A ver como est\u00e1 el brazo y a partir de ah\u00ed decidiremos nuestro siguiente objetivo. Gracias a todos por las muestras de apoyo, han sido d\u00edas duros que se llevan mucho mejor con el apoyo de todo HRC, del equipo, pero tambi\u00e9n de todos los patrocinadores y aficionados que aman igual que yo este deporte\u201d.<br \/>\n<\/em><\/p>\n<hr\/>\n<p><a href=\"https:\/\/twitter.com\/hashtag\/AM73?src=hash&#038;lang=es\">#AM73<\/a><\/p>\n<p><em><strong>Ma\u00f1ana ser\u00e1 un d\u00eda importante <\/strong>\u00abSer\u00e1 interesante ver cu\u00e1nto podemos mejorar este fin de semana, ya que hemos podido dar un paso adelante, especialmente con las condiciones m\u00e1s calurosas de la tarde. Estoy 100% seguro de que ma\u00f1ana podremos dar otro paso, ya que hemos encontrado un cambio en la configuraci\u00f3n para condiciones de calor que nos ayudar\u00e1. Ma\u00f1ana ser\u00e1 un d\u00eda importante para nosotros, para ir directamente a la Q2 necesitar\u00eda un 37 bajo y nuestro objetivo es estar lo m\u00e1s cerca posible de la Q2. Estamos trabajando en nuestro ritmo a una vuelta para tratar de lograrlo\u201d.<\/em><\/p>\n","protected":false},"excerpt":{"rendered":"<p>El piloto del equipo Repsol Honda, Alex M\u00e1rquez, ha sido decimoquinto en los entrenamientos del GP de Andaluc\u00eda. Marc M\u00e1rquez probar\u00e1 ma\u00f1ana s\u00e1bado c\u00f3mo se encuentra pilotando de nuevo su MotoGP.<\/p>\n","protected":false},"author":43146,"featured_media":40422,"comment_status":"open","ping_status":"open","sticky":false,"template":"","format":"standard","meta":{"footnotes":""},"categories":[4],"tags":[191,192,6,245],"class_list":["post-94548","post","type-post","status-publish","format-standard","hentry","category-motogp","tag-191","tag-alex-marquez","tag-marc-marquez","tag-motogp-andalucia"],"yoast_head":"<!-- This site is optimized with the Yoast SEO plugin v27.3 - https:\/\/yoast.com\/product\/yoast-seo-wordpress\/ -->\n<title>GP de Andaluc\u00eda 2020 - Paso adelante de \u00c1lex M\u00e1rquez en el primer d\u00eda de entrenamientos<\/title>\n<meta name=\"description\" content=\"El piloto del equipo Repsol Honda, Alex M\u00e1rquez, ha sido decimoquinto. Marc M\u00e1rquez probar\u00e1 ma\u00f1ana s\u00e1bado c\u00f3mo se encuentra pilotando de nuevo su MotoGP.\" \/>\n<link rel=\"canonical\" href=\"https:\/\/www.boxrepsol.com\/es\/motogp\/paso-adelante-alex-marquez-primer-dia-entrenamientos\/\" \/>\n<meta property=\"og:locale\" content=\"es_ES\" \/>\n<meta property=\"og:type\" content=\"article\" \/>\n<meta property=\"og:title\" content=\"GP de Andaluc\u00eda 2020 - Paso adelante de \u00c1lex M\u00e1rquez en el primer d\u00eda de entrenamientos\" \/>\n<meta property=\"og:description\" content=\"El piloto del equipo Repsol Honda, Alex M\u00e1rquez, ha sido decimoquinto. Marc M\u00e1rquez probar\u00e1 ma\u00f1ana s\u00e1bado c\u00f3mo se encuentra pilotando de nuevo su MotoGP.\" \/>\n<meta property=\"og:url\" content=\"https:\/\/www.boxrepsol.com\/es\/motogp\/paso-adelante-alex-marquez-primer-dia-entrenamientos\/\" \/>\n<meta property=\"og:site_name\" content=\"Box Repsol\" \/>\n<meta property=\"article:publisher\" content=\"https:\/\/www.facebook.com\/BoxRepsol\" \/>\n<meta property=\"article:author\" content=\"https:\/\/www.facebook.com\/BoxRepsol\/\" \/>\n<meta property=\"article:published_time\" content=\"2020-07-24T02:00:00+00:00\" \/>\n<meta property=\"article:modified_time\" content=\"2024-04-19T10:29:02+00:00\" \/>\n<meta property=\"og:image\" content=\"https:\/\/bxrepsol.s3.eu-west-1.amazonaws.com\/static\/2022\/08\/09104841\/GP-de-Andalucia-04.jpg\" \/>\n\t<meta property=\"og:image:width\" content=\"1280\" \/>\n\t<meta property=\"og:image:height\" content=\"720\" \/>\n\t<meta property=\"og:image:type\" content=\"image\/jpeg\" \/>\n<meta name=\"author\" content=\"Redacci\u00f3n Box Repsol\" \/>\n<meta name=\"twitter:card\" content=\"summary_large_image\" \/>\n<meta name=\"twitter:creator\" content=\"@https:\/\/twitter.com\/box_repsol\" \/>\n<meta name=\"twitter:site\" content=\"@box_repsol\" \/>\n<meta name=\"twitter:label1\" content=\"Written by\" \/>\n\t<meta name=\"twitter:data1\" content=\"Redacci\u00f3n Box Repsol\" \/>\n\t<meta name=\"twitter:label2\" content=\"Est. reading time\" \/>\n\t<meta name=\"twitter:data2\" content=\"2 minutos\" \/>\n<script type=\"application\/ld+json\" class=\"yoast-schema-graph\">{\"@context\":\"https:\\\/\\\/schema.org\",\"@graph\":[{\"@type\":\"Article\",\"@id\":\"https:\\\/\\\/www.boxrepsol.com\\\/es\\\/motogp\\\/paso-adelante-alex-marquez-primer-dia-entrenamientos\\\/#article\",\"isPartOf\":{\"@id\":\"https:\\\/\\\/www.boxrepsol.com\\\/es\\\/motogp\\\/paso-adelante-alex-marquez-primer-dia-entrenamientos\\\/\"},\"author\":{\"name\":\"Redacci\u00f3n Box Repsol\",\"@id\":\"https:\\\/\\\/www.boxrepsol.com\\\/es\\\/#\\\/schema\\\/person\\\/c5c2138f2cca251b0ad92b7086bb60b7\"},\"headline\":\"Paso adelante de \u00c1lex M\u00e1rquez en el primer d\u00eda de entrenamientos\",\"datePublished\":\"2020-07-24T02:00:00+00:00\",\"dateModified\":\"2024-04-19T10:29:02+00:00\",\"mainEntityOfPage\":{\"@id\":\"https:\\\/\\\/www.boxrepsol.com\\\/es\\\/motogp\\\/paso-adelante-alex-marquez-primer-dia-entrenamientos\\\/\"},\"wordCount\":382,\"commentCount\":0,\"publisher\":{\"@id\":\"https:\\\/\\\/www.boxrepsol.com\\\/es\\\/#organization\"},\"image\":{\"@id\":\"https:\\\/\\\/www.boxrepsol.com\\\/es\\\/motogp\\\/paso-adelante-alex-marquez-primer-dia-entrenamientos\\\/#primaryimage\"},\"thumbnailUrl\":\"https:\\\/\\\/bxrepsol.s3.eu-west-1.amazonaws.com\\\/static\\\/2022\\\/08\\\/09104841\\\/GP-de-Andalucia-04.jpg\",\"keywords\":[\"2020\",\"\u00c1lex M\u00e1rquez\",\"Marc M\u00e1rquez\",\"MotoGP Andaluc\u00eda\"],\"articleSection\":[\"MotoGP\"],\"inLanguage\":\"es\",\"potentialAction\":[{\"@type\":\"CommentAction\",\"name\":\"Comment\",\"target\":[\"https:\\\/\\\/www.boxrepsol.com\\\/es\\\/motogp\\\/paso-adelante-alex-marquez-primer-dia-entrenamientos\\\/#respond\"]}]},{\"@type\":\"WebPage\",\"@id\":\"https:\\\/\\\/www.boxrepsol.com\\\/es\\\/motogp\\\/paso-adelante-alex-marquez-primer-dia-entrenamientos\\\/\",\"url\":\"https:\\\/\\\/www.boxrepsol.com\\\/es\\\/motogp\\\/paso-adelante-alex-marquez-primer-dia-entrenamientos\\\/\",\"name\":\"GP de Andaluc\u00eda 2020 - Paso adelante de \u00c1lex M\u00e1rquez en el primer d\u00eda de entrenamientos\",\"isPartOf\":{\"@id\":\"https:\\\/\\\/www.boxrepsol.com\\\/es\\\/#website\"},\"primaryImageOfPage\":{\"@id\":\"https:\\\/\\\/www.boxrepsol.com\\\/es\\\/motogp\\\/paso-adelante-alex-marquez-primer-dia-entrenamientos\\\/#primaryimage\"},\"image\":{\"@id\":\"https:\\\/\\\/www.boxrepsol.com\\\/es\\\/motogp\\\/paso-adelante-alex-marquez-primer-dia-entrenamientos\\\/#primaryimage\"},\"thumbnailUrl\":\"https:\\\/\\\/bxrepsol.s3.eu-west-1.amazonaws.com\\\/static\\\/2022\\\/08\\\/09104841\\\/GP-de-Andalucia-04.jpg\",\"datePublished\":\"2020-07-24T02:00:00+00:00\",\"dateModified\":\"2024-04-19T10:29:02+00:00\",\"description\":\"El piloto del equipo Repsol Honda, Alex M\u00e1rquez, ha sido decimoquinto. Marc M\u00e1rquez probar\u00e1 ma\u00f1ana s\u00e1bado c\u00f3mo se encuentra pilotando de nuevo su MotoGP.\",\"breadcrumb\":{\"@id\":\"https:\\\/\\\/www.boxrepsol.com\\\/es\\\/motogp\\\/paso-adelante-alex-marquez-primer-dia-entrenamientos\\\/#breadcrumb\"},\"inLanguage\":\"es\",\"potentialAction\":[{\"@type\":\"ReadAction\",\"target\":[\"https:\\\/\\\/www.boxrepsol.com\\\/es\\\/motogp\\\/paso-adelante-alex-marquez-primer-dia-entrenamientos\\\/\"]}]},{\"@type\":\"ImageObject\",\"inLanguage\":\"es\",\"@id\":\"https:\\\/\\\/www.boxrepsol.com\\\/es\\\/motogp\\\/paso-adelante-alex-marquez-primer-dia-entrenamientos\\\/#primaryimage\",\"url\":\"https:\\\/\\\/bxrepsol.s3.eu-west-1.amazonaws.com\\\/static\\\/2022\\\/08\\\/09104841\\\/GP-de-Andalucia-04.jpg\",\"contentUrl\":\"https:\\\/\\\/bxrepsol.s3.eu-west-1.amazonaws.com\\\/static\\\/2022\\\/08\\\/09104841\\\/GP-de-Andalucia-04.jpg\",\"width\":1280,\"height\":720,\"caption\":\"03 Jerez GP 23 al 26 de Junio de 2020 circuito Angel Nieto, Jerez de la Frontera, Espa\u00f1a\"},{\"@type\":\"BreadcrumbList\",\"@id\":\"https:\\\/\\\/www.boxrepsol.com\\\/es\\\/motogp\\\/paso-adelante-alex-marquez-primer-dia-entrenamientos\\\/#breadcrumb\",\"itemListElement\":[{\"@type\":\"ListItem\",\"position\":1,\"name\":\"Home\",\"item\":\"https:\\\/\\\/www.boxrepsol.com\\\/es\\\/\"},{\"@type\":\"ListItem\",\"position\":2,\"name\":\"Paso adelante de \u00c1lex M\u00e1rquez en el primer d\u00eda de entrenamientos\"}]},{\"@type\":\"WebSite\",\"@id\":\"https:\\\/\\\/www.boxrepsol.com\\\/es\\\/#website\",\"url\":\"https:\\\/\\\/www.boxrepsol.com\\\/es\\\/\",\"name\":\"Box Repsol\",\"description\":\"Box Repsol Site\",\"publisher\":{\"@id\":\"https:\\\/\\\/www.boxrepsol.com\\\/es\\\/#organization\"},\"potentialAction\":[{\"@type\":\"SearchAction\",\"target\":{\"@type\":\"EntryPoint\",\"urlTemplate\":\"https:\\\/\\\/www.boxrepsol.com\\\/es\\\/?s={search_term_string}\"},\"query-input\":{\"@type\":\"PropertyValueSpecification\",\"valueRequired\":true,\"valueName\":\"search_term_string\"}}],\"inLanguage\":\"es\"},{\"@type\":\"Organization\",\"@id\":\"https:\\\/\\\/www.boxrepsol.com\\\/es\\\/#organization\",\"name\":\"Box Repsol\",\"url\":\"https:\\\/\\\/www.boxrepsol.com\\\/es\\\/\",\"logo\":{\"@type\":\"ImageObject\",\"inLanguage\":\"es\",\"@id\":\"https:\\\/\\\/www.boxrepsol.com\\\/es\\\/#\\\/schema\\\/logo\\\/image\\\/\",\"url\":\"https:\\\/\\\/bxrepsol.s3.eu-west-1.amazonaws.com\\\/static\\\/2025\\\/07\\\/30083337\\\/favicon-96x96-1.png\",\"contentUrl\":\"https:\\\/\\\/bxrepsol.s3.eu-west-1.amazonaws.com\\\/static\\\/2025\\\/07\\\/30083337\\\/favicon-96x96-1.png\",\"width\":96,\"height\":96,\"caption\":\"Box Repsol\"},\"image\":{\"@id\":\"https:\\\/\\\/www.boxrepsol.com\\\/es\\\/#\\\/schema\\\/logo\\\/image\\\/\"},\"sameAs\":[\"https:\\\/\\\/www.facebook.com\\\/BoxRepsol\",\"https:\\\/\\\/x.com\\\/box_repsol\",\"http:\\\/\\\/instagram.com\\\/box_repsol\",\"https:\\\/\\\/www.youtube.com\\\/user\\\/RepsolCompeticion\",\"https:\\\/\\\/www.flickr.com\\\/photos\\\/box_repsol\\\/\"]},{\"@type\":\"Person\",\"@id\":\"https:\\\/\\\/www.boxrepsol.com\\\/es\\\/#\\\/schema\\\/person\\\/c5c2138f2cca251b0ad92b7086bb60b7\",\"name\":\"Redacci\u00f3n Box Repsol\",\"image\":{\"@type\":\"ImageObject\",\"inLanguage\":\"es\",\"@id\":\"https:\\\/\\\/secure.gravatar.com\\\/avatar\\\/adf7b77e38b4419baf32c7e9c21dde01f4e40df611f0978e3006fc4ba0aaab7e?s=96&d=mm&r=g\",\"url\":\"https:\\\/\\\/secure.gravatar.com\\\/avatar\\\/adf7b77e38b4419baf32c7e9c21dde01f4e40df611f0978e3006fc4ba0aaab7e?s=96&d=mm&r=g\",\"contentUrl\":\"https:\\\/\\\/secure.gravatar.com\\\/avatar\\\/adf7b77e38b4419baf32c7e9c21dde01f4e40df611f0978e3006fc4ba0aaab7e?s=96&d=mm&r=g\",\"caption\":\"Redacci\u00f3n Box Repsol\"},\"description\":\"Box Repsol lo forma un equipo de periodistas, community managers, dise\u00f1adores y fot\u00f3grafos con m\u00e1s de 20 a\u00f1os de experiencia en el mundo del motorsport. Hemos vivido el primer mundial de un espa\u00f1ol en la categor\u00eda reina de motociclismo con \u00c1lex Crivill\u00e9, estuvimos en las victorias de Pedrosa y los t\u00edtulos de M\u00e1rquez, acompa\u00f1amos en \u00c1frica a Nani Roma y Marc Coma en sus conquistas del Dakar y hemos vibrado con los t\u00edtulos de Toni Bou en Trial. Adem\u00e1s, en nuestro equipo contamos con expertos en el mundo de las dos y cuatro ruedas tanto de la calle y las carreteras, como de los circuitos. Periodistas que han trabajado en revistas y publicaciones para hacerte llegar desde rutas y consejos de mantenimiento, a curiosidades y trucos de pilotaje.\",\"sameAs\":[\"https:\\\/\\\/www.facebook.com\\\/BoxRepsol\\\/\",\"https:\\\/\\\/www.instagram.com\\\/box_repsol\\\/\",\"https:\\\/\\\/x.com\\\/https:\\\/\\\/twitter.com\\\/box_repsol\",\"https:\\\/\\\/www.youtube.com\\\/@Boxrepsol\"],\"url\":\"https:\\\/\\\/www.boxrepsol.com\\\/es\\\/author\\\/redaccion-box-repsol\\\/\"}]}<\/script>\n<!-- \/ Yoast SEO plugin. -->","yoast_head_json":{"title":"GP de Andaluc\u00eda 2020 - Paso adelante de \u00c1lex M\u00e1rquez en el primer d\u00eda de entrenamientos","description":"El piloto del equipo Repsol Honda, Alex M\u00e1rquez, ha sido decimoquinto. Marc M\u00e1rquez probar\u00e1 ma\u00f1ana s\u00e1bado c\u00f3mo se encuentra pilotando de nuevo su MotoGP.","canonical":"https:\/\/www.boxrepsol.com\/es\/motogp\/paso-adelante-alex-marquez-primer-dia-entrenamientos\/","og_locale":"es_ES","og_type":"article","og_title":"GP de Andaluc\u00eda 2020 - Paso adelante de \u00c1lex M\u00e1rquez en el primer d\u00eda de entrenamientos","og_description":"El piloto del equipo Repsol Honda, Alex M\u00e1rquez, ha sido decimoquinto. Marc M\u00e1rquez probar\u00e1 ma\u00f1ana s\u00e1bado c\u00f3mo se encuentra pilotando de nuevo su MotoGP.","og_url":"https:\/\/www.boxrepsol.com\/es\/motogp\/paso-adelante-alex-marquez-primer-dia-entrenamientos\/","og_site_name":"Box Repsol","article_publisher":"https:\/\/www.facebook.com\/BoxRepsol","article_author":"https:\/\/www.facebook.com\/BoxRepsol\/","article_published_time":"2020-07-24T02:00:00+00:00","article_modified_time":"2024-04-19T10:29:02+00:00","og_image":[{"width":1280,"height":720,"url":"https:\/\/bxrepsol.s3.eu-west-1.amazonaws.com\/static\/2022\/08\/09104841\/GP-de-Andalucia-04.jpg","type":"image\/jpeg"}],"author":"Redacci\u00f3n Box Repsol","twitter_card":"summary_large_image","twitter_creator":"@https:\/\/twitter.com\/box_repsol","twitter_site":"@box_repsol","twitter_misc":{"Written by":"Redacci\u00f3n Box Repsol","Est. reading time":"2 minutos"},"schema":{"@context":"https:\/\/schema.org","@graph":[{"@type":"Article","@id":"https:\/\/www.boxrepsol.com\/es\/motogp\/paso-adelante-alex-marquez-primer-dia-entrenamientos\/#article","isPartOf":{"@id":"https:\/\/www.boxrepsol.com\/es\/motogp\/paso-adelante-alex-marquez-primer-dia-entrenamientos\/"},"author":{"name":"Redacci\u00f3n Box Repsol","@id":"https:\/\/www.boxrepsol.com\/es\/#\/schema\/person\/c5c2138f2cca251b0ad92b7086bb60b7"},"headline":"Paso adelante de \u00c1lex M\u00e1rquez en el primer d\u00eda de entrenamientos","datePublished":"2020-07-24T02:00:00+00:00","dateModified":"2024-04-19T10:29:02+00:00","mainEntityOfPage":{"@id":"https:\/\/www.boxrepsol.com\/es\/motogp\/paso-adelante-alex-marquez-primer-dia-entrenamientos\/"},"wordCount":382,"commentCount":0,"publisher":{"@id":"https:\/\/www.boxrepsol.com\/es\/#organization"},"image":{"@id":"https:\/\/www.boxrepsol.com\/es\/motogp\/paso-adelante-alex-marquez-primer-dia-entrenamientos\/#primaryimage"},"thumbnailUrl":"https:\/\/bxrepsol.s3.eu-west-1.amazonaws.com\/static\/2022\/08\/09104841\/GP-de-Andalucia-04.jpg","keywords":["2020","\u00c1lex M\u00e1rquez","Marc M\u00e1rquez","MotoGP Andaluc\u00eda"],"articleSection":["MotoGP"],"inLanguage":"es","potentialAction":[{"@type":"CommentAction","name":"Comment","target":["https:\/\/www.boxrepsol.com\/es\/motogp\/paso-adelante-alex-marquez-primer-dia-entrenamientos\/#respond"]}]},{"@type":"WebPage","@id":"https:\/\/www.boxrepsol.com\/es\/motogp\/paso-adelante-alex-marquez-primer-dia-entrenamientos\/","url":"https:\/\/www.boxrepsol.com\/es\/motogp\/paso-adelante-alex-marquez-primer-dia-entrenamientos\/","name":"GP de Andaluc\u00eda 2020 - Paso adelante de \u00c1lex M\u00e1rquez en el primer d\u00eda de entrenamientos","isPartOf":{"@id":"https:\/\/www.boxrepsol.com\/es\/#website"},"primaryImageOfPage":{"@id":"https:\/\/www.boxrepsol.com\/es\/motogp\/paso-adelante-alex-marquez-primer-dia-entrenamientos\/#primaryimage"},"image":{"@id":"https:\/\/www.boxrepsol.com\/es\/motogp\/paso-adelante-alex-marquez-primer-dia-entrenamientos\/#primaryimage"},"thumbnailUrl":"https:\/\/bxrepsol.s3.eu-west-1.amazonaws.com\/static\/2022\/08\/09104841\/GP-de-Andalucia-04.jpg","datePublished":"2020-07-24T02:00:00+00:00","dateModified":"2024-04-19T10:29:02+00:00","description":"El piloto del equipo Repsol Honda, Alex M\u00e1rquez, ha sido decimoquinto. Marc M\u00e1rquez probar\u00e1 ma\u00f1ana s\u00e1bado c\u00f3mo se encuentra pilotando de nuevo su MotoGP.","breadcrumb":{"@id":"https:\/\/www.boxrepsol.com\/es\/motogp\/paso-adelante-alex-marquez-primer-dia-entrenamientos\/#breadcrumb"},"inLanguage":"es","potentialAction":[{"@type":"ReadAction","target":["https:\/\/www.boxrepsol.com\/es\/motogp\/paso-adelante-alex-marquez-primer-dia-entrenamientos\/"]}]},{"@type":"ImageObject","inLanguage":"es","@id":"https:\/\/www.boxrepsol.com\/es\/motogp\/paso-adelante-alex-marquez-primer-dia-entrenamientos\/#primaryimage","url":"https:\/\/bxrepsol.s3.eu-west-1.amazonaws.com\/static\/2022\/08\/09104841\/GP-de-Andalucia-04.jpg","contentUrl":"https:\/\/bxrepsol.s3.eu-west-1.amazonaws.com\/static\/2022\/08\/09104841\/GP-de-Andalucia-04.jpg","width":1280,"height":720,"caption":"03 Jerez GP 23 al 26 de Junio de 2020 circuito Angel Nieto, Jerez de la Frontera, Espa\u00f1a"},{"@type":"BreadcrumbList","@id":"https:\/\/www.boxrepsol.com\/es\/motogp\/paso-adelante-alex-marquez-primer-dia-entrenamientos\/#breadcrumb","itemListElement":[{"@type":"ListItem","position":1,"name":"Home","item":"https:\/\/www.boxrepsol.com\/es\/"},{"@type":"ListItem","position":2,"name":"Paso adelante de \u00c1lex M\u00e1rquez en el primer d\u00eda de entrenamientos"}]},{"@type":"WebSite","@id":"https:\/\/www.boxrepsol.com\/es\/#website","url":"https:\/\/www.boxrepsol.com\/es\/","name":"Box Repsol","description":"Box Repsol Site","publisher":{"@id":"https:\/\/www.boxrepsol.com\/es\/#organization"},"potentialAction":[{"@type":"SearchAction","target":{"@type":"EntryPoint","urlTemplate":"https:\/\/www.boxrepsol.com\/es\/?s={search_term_string}"},"query-input":{"@type":"PropertyValueSpecification","valueRequired":true,"valueName":"search_term_string"}}],"inLanguage":"es"},{"@type":"Organization","@id":"https:\/\/www.boxrepsol.com\/es\/#organization","name":"Box Repsol","url":"https:\/\/www.boxrepsol.com\/es\/","logo":{"@type":"ImageObject","inLanguage":"es","@id":"https:\/\/www.boxrepsol.com\/es\/#\/schema\/logo\/image\/","url":"https:\/\/bxrepsol.s3.eu-west-1.amazonaws.com\/static\/2025\/07\/30083337\/favicon-96x96-1.png","contentUrl":"https:\/\/bxrepsol.s3.eu-west-1.amazonaws.com\/static\/2025\/07\/30083337\/favicon-96x96-1.png","width":96,"height":96,"caption":"Box Repsol"},"image":{"@id":"https:\/\/www.boxrepsol.com\/es\/#\/schema\/logo\/image\/"},"sameAs":["https:\/\/www.facebook.com\/BoxRepsol","https:\/\/x.com\/box_repsol","http:\/\/instagram.com\/box_repsol","https:\/\/www.youtube.com\/user\/RepsolCompeticion","https:\/\/www.flickr.com\/photos\/box_repsol\/"]},{"@type":"Person","@id":"https:\/\/www.boxrepsol.com\/es\/#\/schema\/person\/c5c2138f2cca251b0ad92b7086bb60b7","name":"Redacci\u00f3n Box Repsol","image":{"@type":"ImageObject","inLanguage":"es","@id":"https:\/\/secure.gravatar.com\/avatar\/adf7b77e38b4419baf32c7e9c21dde01f4e40df611f0978e3006fc4ba0aaab7e?s=96&d=mm&r=g","url":"https:\/\/secure.gravatar.com\/avatar\/adf7b77e38b4419baf32c7e9c21dde01f4e40df611f0978e3006fc4ba0aaab7e?s=96&d=mm&r=g","contentUrl":"https:\/\/secure.gravatar.com\/avatar\/adf7b77e38b4419baf32c7e9c21dde01f4e40df611f0978e3006fc4ba0aaab7e?s=96&d=mm&r=g","caption":"Redacci\u00f3n Box Repsol"},"description":"Box Repsol lo forma un equipo de periodistas, community managers, dise\u00f1adores y fot\u00f3grafos con m\u00e1s de 20 a\u00f1os de experiencia en el mundo del motorsport. Hemos vivido el primer mundial de un espa\u00f1ol en la categor\u00eda reina de motociclismo con \u00c1lex Crivill\u00e9, estuvimos en las victorias de Pedrosa y los t\u00edtulos de M\u00e1rquez, acompa\u00f1amos en \u00c1frica a Nani Roma y Marc Coma en sus conquistas del Dakar y hemos vibrado con los t\u00edtulos de Toni Bou en Trial. Adem\u00e1s, en nuestro equipo contamos con expertos en el mundo de las dos y cuatro ruedas tanto de la calle y las carreteras, como de los circuitos. Periodistas que han trabajado en revistas y publicaciones para hacerte llegar desde rutas y consejos de mantenimiento, a curiosidades y trucos de pilotaje.","sameAs":["https:\/\/www.facebook.com\/BoxRepsol\/","https:\/\/www.instagram.com\/box_repsol\/","https:\/\/x.com\/https:\/\/twitter.com\/box_repsol","https:\/\/www.youtube.com\/@Boxrepsol"],"url":"https:\/\/www.boxrepsol.com\/es\/author\/redaccion-box-repsol\/"}]}},"_links":{"self":[{"href":"https:\/\/www.boxrepsol.com\/es\/wp-json\/wp\/v2\/posts\/94548","targetHints":{"allow":["GET"]}}],"collection":[{"href":"https:\/\/www.boxrepsol.com\/es\/wp-json\/wp\/v2\/posts"}],"about":[{"href":"https:\/\/www.boxrepsol.com\/es\/wp-json\/wp\/v2\/types\/post"}],"author":[{"embeddable":true,"href":"https:\/\/www.boxrepsol.com\/es\/wp-json\/wp\/v2\/users\/43146"}],"replies":[{"embeddable":true,"href":"https:\/\/www.boxrepsol.com\/es\/wp-json\/wp\/v2\/comments?post=94548"}],"version-history":[{"count":17,"href":"https:\/\/www.boxrepsol.com\/es\/wp-json\/wp\/v2\/posts\/94548\/revisions"}],"predecessor-version":[{"id":108417,"href":"https:\/\/www.boxrepsol.com\/es\/wp-json\/wp\/v2\/posts\/94548\/revisions\/108417"}],"wp:featuredmedia":[{"embeddable":true,"href":"https:\/\/www.boxrepsol.com\/es\/wp-json\/wp\/v2\/media\/40422"}],"wp:attachment":[{"href":"https:\/\/www.boxrepsol.com\/es\/wp-json\/wp\/v2\/media?parent=94548"}],"wp:term":[{"taxonomy":"category","embeddable":true,"href":"https:\/\/www.boxrepsol.com\/es\/wp-json\/wp\/v2\/categories?post=94548"},{"taxonomy":"post_tag","embeddable":true,"href":"https:\/\/www.boxrepsol.com\/es\/wp-json\/wp\/v2\/tags?post=94548"}],"curies":[{"name":"wp","href":"https:\/\/api.w.org\/{rel}","templated":true}]}}