{"id":94542,"date":"2020-07-21T00:00:00","date_gmt":"2020-07-21T02:00:00","guid":{"rendered":"http:\/\/pre.boxrepsol.com\/sin-categorizar\/marc-marquez-intervenido-2020-exito\/"},"modified":"2024-04-19T08:29:48","modified_gmt":"2024-04-19T10:29:48","slug":"marc-marquez-intervenido-2020-exito","status":"publish","type":"post","link":"https:\/\/www.boxrepsol.com\/es\/motogp\/marc-marquez-intervenido-2020-exito\/","title":{"rendered":"Marc M\u00e1rquez es intervenido con \u00e9xito y \u00c1lex M\u00e1rquez est\u00e1 listo para una nueva cita en Jerez"},"content":{"rendered":"<p>Tras la ca\u00edda del domingo pasado en la que sufri\u00f3 <strong>una fractura del h\u00famero derecho<\/strong>, el piloto del equipo Repsol Honda viaj\u00f3 a Barcelona el lunes para ingresar <strong>en el Hospital Universitari Dexeus<\/strong>. Hoy, el Dr. <strong>Xavier Mir<\/strong> y su equipo, en colaboraci\u00f3n con el Dr. Barrera, han realizado una reducci\u00f3n abierta y fijaci\u00f3n interna de una placa de titanio en el h\u00famero derecho. <strong>El nervio radial estaba intacto y no ha necesitado tratamiento.<\/strong><\/p>\n<p>El piloto del equipo Repsol Honda se est\u00e1 recuperando de la intervenci\u00f3n y permanecer\u00e1 ingresado las pr\u00f3ximas 48 horas. <strong>Su objetivo es regresar al  Campeonato del Mundo 2020 lo antes posible.<\/strong><\/p>\n<p>Por este motivo, <strong>\u00c1lex M\u00e1rquez ser\u00e1 el \u00fanico piloto del equipo Repsol Honda presente en la segunda prueba de la temporada en el Circuito de Jerez<\/strong> \u2013 \u00c1ngel Nieto. El menor de los M\u00e1rquez continuar\u00e1 trabajando en su adaptaci\u00f3n a la  categor\u00eda reina y a su Honda RC213V. <\/p>\n<p>Despu\u00e9s de sumar sus primeros puntos el pasado domingo en este mismo trazado, el piloto del equipo Repsol Honda afronta su <a href=\"https:\/\/www.boxrepsol.com\/es\/motogp\/ver-gratis-el-gp-de-andalucia-motogp-2020-directo-online\/\">segunda prueba en MotoGP<\/a> con los mismos objetivos que en la primera: seguir aprendiendo y acabar la carrera.<\/p>\n<p><strong>DECLARACIONES ALBERTO PUIG<\/strong><\/p>\n<p>\u00abTodos los que compiten en el Campeonato del Mundo tienen la desafortunada posibilidad de lesionarse y tener que pasar por quir\u00f3fano. Por mala suerte, ha sido nuestro turno y ha sido Marc qui\u00e9n ha tenido que someterse a una cirug\u00eda. Marc tardar\u00e1 un tiempo en recuperarse, pero estamos contentos de c\u00f3mo ha ido todo. El doctor Mir y su equipo se han ocupado de toda la situaci\u00f3n desde la ca\u00edda y han realizado la operaci\u00f3n con \u00e9xito. Esto le da al equipo Repsol Honda mucha motivaci\u00f3n, sabiendo que ha salido bien, pero ahora tenemos que ser pacientes para ver c\u00f3mo se recupera Marc y entender cu\u00e1ndo puede volver. Este fin de semana nos centraremos en \u00c1lex, ayud\u00e1ndole a dar un paso m\u00e1s. Cuando eres joven y adem\u00e1s rookie, cada semana mejoras y creces\u00bb.<\/p>\n<p><strong>DECLARACIONES \u00c1LEX M\u00c1RQUEZ<\/strong><\/p>\n<p>\u00abPrimero, me gustar\u00eda desear de nuevo a Marc, Cal [Crutchlow] y Rins una pronta recuperaci\u00f3n. Por mi parte, la situaci\u00f3n en el equipo no cambia demasiado ya que tengo el mismo trabajo, mismos objetivos y siempre trabajaremos al m\u00e1ximo para lograrlos. Correr en el mismo circuito ser\u00e1 interesante, los tiempos ser\u00e1n muy r\u00e1pidos, ya que la mayor\u00eda de los pilotos ya tienen una buena base, pero estoy seguro de que el fin de semana pasado, en mi primer GP, aprend\u00ed mucho y ahora puedo aplicarlo otra vez\u201d.<\/p>\n","protected":false},"excerpt":{"rendered":"<p>Al vigente Campe\u00f3n del Mundo de MotoGP le han fijado la fractura con una placa y no tiene afectado el nervio radial. Su compa\u00f1ero de equipo disputar\u00e1 este fin de semana el Gran Premio de Andaluc\u00eda<\/p>\n","protected":false},"author":43146,"featured_media":40361,"comment_status":"open","ping_status":"open","sticky":false,"template":"","format":"standard","meta":{"footnotes":""},"categories":[4],"tags":[6],"class_list":["post-94542","post","type-post","status-publish","format-standard","hentry","category-motogp","tag-marc-marquez"],"yoast_head":"<!-- This site is optimized with the Yoast SEO plugin v27.3 - https:\/\/yoast.com\/product\/yoast-seo-wordpress\/ -->\n<title>Marc M\u00e1rquez es intervenido con \u00e9xito y \u00c1lex M\u00e1rquez est\u00e1 listo para una nueva cita en Jerez - Box Repsol<\/title>\n<meta name=\"description\" content=\"Al vigente Campe\u00f3n del Mundo de MotoGP le han fijado la fractura con una placa y no tiene afectado el nervio radial.\" \/>\n<link rel=\"canonical\" href=\"https:\/\/www.boxrepsol.com\/es\/motogp\/marc-marquez-intervenido-2020-exito\/\" \/>\n<meta property=\"og:locale\" content=\"es_ES\" \/>\n<meta property=\"og:type\" content=\"article\" \/>\n<meta property=\"og:title\" content=\"Marc M\u00e1rquez es intervenido con \u00e9xito y \u00c1lex M\u00e1rquez est\u00e1 listo para una nueva cita en Jerez - Box Repsol\" \/>\n<meta property=\"og:description\" content=\"Al vigente Campe\u00f3n del Mundo de MotoGP le han fijado la fractura con una placa y no tiene afectado el nervio radial.\" \/>\n<meta property=\"og:url\" content=\"https:\/\/www.boxrepsol.com\/es\/motogp\/marc-marquez-intervenido-2020-exito\/\" \/>\n<meta property=\"og:site_name\" content=\"Box Repsol\" \/>\n<meta property=\"article:publisher\" content=\"https:\/\/www.facebook.com\/BoxRepsol\" \/>\n<meta property=\"article:author\" content=\"https:\/\/www.facebook.com\/BoxRepsol\/\" \/>\n<meta property=\"article:published_time\" content=\"2020-07-21T02:00:00+00:00\" \/>\n<meta property=\"article:modified_time\" content=\"2024-04-19T10:29:48+00:00\" \/>\n<meta property=\"og:image\" content=\"https:\/\/bxrepsol.s3.eu-west-1.amazonaws.com\/static\/2022\/08\/09104044\/Marc-intervenido-con-exito-1.jpeg\" \/>\n\t<meta property=\"og:image:width\" content=\"1600\" \/>\n\t<meta property=\"og:image:height\" content=\"1066\" \/>\n\t<meta property=\"og:image:type\" content=\"image\/jpeg\" \/>\n<meta name=\"author\" content=\"Redacci\u00f3n Box Repsol\" \/>\n<meta name=\"twitter:card\" content=\"summary_large_image\" \/>\n<meta name=\"twitter:creator\" content=\"@https:\/\/twitter.com\/box_repsol\" \/>\n<meta name=\"twitter:site\" content=\"@box_repsol\" \/>\n<meta name=\"twitter:label1\" content=\"Written by\" \/>\n\t<meta name=\"twitter:data1\" content=\"Redacci\u00f3n Box Repsol\" \/>\n\t<meta name=\"twitter:label2\" content=\"Est. reading time\" \/>\n\t<meta name=\"twitter:data2\" content=\"2 minutos\" \/>\n<script type=\"application\/ld+json\" class=\"yoast-schema-graph\">{\"@context\":\"https:\\\/\\\/schema.org\",\"@graph\":[{\"@type\":\"Article\",\"@id\":\"https:\\\/\\\/www.boxrepsol.com\\\/es\\\/motogp\\\/marc-marquez-intervenido-2020-exito\\\/#article\",\"isPartOf\":{\"@id\":\"https:\\\/\\\/www.boxrepsol.com\\\/es\\\/motogp\\\/marc-marquez-intervenido-2020-exito\\\/\"},\"author\":{\"name\":\"Redacci\u00f3n Box Repsol\",\"@id\":\"https:\\\/\\\/www.boxrepsol.com\\\/es\\\/#\\\/schema\\\/person\\\/c5c2138f2cca251b0ad92b7086bb60b7\"},\"headline\":\"Marc M\u00e1rquez es intervenido con \u00e9xito y \u00c1lex M\u00e1rquez est\u00e1 listo para una nueva cita en Jerez\",\"datePublished\":\"2020-07-21T02:00:00+00:00\",\"dateModified\":\"2024-04-19T10:29:48+00:00\",\"mainEntityOfPage\":{\"@id\":\"https:\\\/\\\/www.boxrepsol.com\\\/es\\\/motogp\\\/marc-marquez-intervenido-2020-exito\\\/\"},\"wordCount\":469,\"commentCount\":0,\"publisher\":{\"@id\":\"https:\\\/\\\/www.boxrepsol.com\\\/es\\\/#organization\"},\"image\":{\"@id\":\"https:\\\/\\\/www.boxrepsol.com\\\/es\\\/motogp\\\/marc-marquez-intervenido-2020-exito\\\/#primaryimage\"},\"thumbnailUrl\":\"https:\\\/\\\/bxrepsol.s3.eu-west-1.amazonaws.com\\\/static\\\/2022\\\/08\\\/09104044\\\/Marc-intervenido-con-exito-1.jpeg\",\"keywords\":[\"Marc M\u00e1rquez\"],\"articleSection\":[\"MotoGP\"],\"inLanguage\":\"es\",\"potentialAction\":[{\"@type\":\"CommentAction\",\"name\":\"Comment\",\"target\":[\"https:\\\/\\\/www.boxrepsol.com\\\/es\\\/motogp\\\/marc-marquez-intervenido-2020-exito\\\/#respond\"]}]},{\"@type\":\"WebPage\",\"@id\":\"https:\\\/\\\/www.boxrepsol.com\\\/es\\\/motogp\\\/marc-marquez-intervenido-2020-exito\\\/\",\"url\":\"https:\\\/\\\/www.boxrepsol.com\\\/es\\\/motogp\\\/marc-marquez-intervenido-2020-exito\\\/\",\"name\":\"Marc M\u00e1rquez es intervenido con \u00e9xito y \u00c1lex M\u00e1rquez est\u00e1 listo para una nueva cita en Jerez - Box Repsol\",\"isPartOf\":{\"@id\":\"https:\\\/\\\/www.boxrepsol.com\\\/es\\\/#website\"},\"primaryImageOfPage\":{\"@id\":\"https:\\\/\\\/www.boxrepsol.com\\\/es\\\/motogp\\\/marc-marquez-intervenido-2020-exito\\\/#primaryimage\"},\"image\":{\"@id\":\"https:\\\/\\\/www.boxrepsol.com\\\/es\\\/motogp\\\/marc-marquez-intervenido-2020-exito\\\/#primaryimage\"},\"thumbnailUrl\":\"https:\\\/\\\/bxrepsol.s3.eu-west-1.amazonaws.com\\\/static\\\/2022\\\/08\\\/09104044\\\/Marc-intervenido-con-exito-1.jpeg\",\"datePublished\":\"2020-07-21T02:00:00+00:00\",\"dateModified\":\"2024-04-19T10:29:48+00:00\",\"description\":\"Al vigente Campe\u00f3n del Mundo de MotoGP le han fijado la fractura con una placa y no tiene afectado el nervio radial.\",\"breadcrumb\":{\"@id\":\"https:\\\/\\\/www.boxrepsol.com\\\/es\\\/motogp\\\/marc-marquez-intervenido-2020-exito\\\/#breadcrumb\"},\"inLanguage\":\"es\",\"potentialAction\":[{\"@type\":\"ReadAction\",\"target\":[\"https:\\\/\\\/www.boxrepsol.com\\\/es\\\/motogp\\\/marc-marquez-intervenido-2020-exito\\\/\"]}]},{\"@type\":\"ImageObject\",\"inLanguage\":\"es\",\"@id\":\"https:\\\/\\\/www.boxrepsol.com\\\/es\\\/motogp\\\/marc-marquez-intervenido-2020-exito\\\/#primaryimage\",\"url\":\"https:\\\/\\\/bxrepsol.s3.eu-west-1.amazonaws.com\\\/static\\\/2022\\\/08\\\/09104044\\\/Marc-intervenido-con-exito-1.jpeg\",\"contentUrl\":\"https:\\\/\\\/bxrepsol.s3.eu-west-1.amazonaws.com\\\/static\\\/2022\\\/08\\\/09104044\\\/Marc-intervenido-con-exito-1.jpeg\",\"width\":1600,\"height\":1066,\"caption\":\"Marc M\u00e1rquez 2020\"},{\"@type\":\"BreadcrumbList\",\"@id\":\"https:\\\/\\\/www.boxrepsol.com\\\/es\\\/motogp\\\/marc-marquez-intervenido-2020-exito\\\/#breadcrumb\",\"itemListElement\":[{\"@type\":\"ListItem\",\"position\":1,\"name\":\"Home\",\"item\":\"https:\\\/\\\/www.boxrepsol.com\\\/es\\\/\"},{\"@type\":\"ListItem\",\"position\":2,\"name\":\"Marc M\u00e1rquez es intervenido con \u00e9xito y \u00c1lex M\u00e1rquez est\u00e1 listo para una nueva cita en Jerez\"}]},{\"@type\":\"WebSite\",\"@id\":\"https:\\\/\\\/www.boxrepsol.com\\\/es\\\/#website\",\"url\":\"https:\\\/\\\/www.boxrepsol.com\\\/es\\\/\",\"name\":\"Box Repsol\",\"description\":\"Box Repsol Site\",\"publisher\":{\"@id\":\"https:\\\/\\\/www.boxrepsol.com\\\/es\\\/#organization\"},\"potentialAction\":[{\"@type\":\"SearchAction\",\"target\":{\"@type\":\"EntryPoint\",\"urlTemplate\":\"https:\\\/\\\/www.boxrepsol.com\\\/es\\\/?s={search_term_string}\"},\"query-input\":{\"@type\":\"PropertyValueSpecification\",\"valueRequired\":true,\"valueName\":\"search_term_string\"}}],\"inLanguage\":\"es\"},{\"@type\":\"Organization\",\"@id\":\"https:\\\/\\\/www.boxrepsol.com\\\/es\\\/#organization\",\"name\":\"Box Repsol\",\"url\":\"https:\\\/\\\/www.boxrepsol.com\\\/es\\\/\",\"logo\":{\"@type\":\"ImageObject\",\"inLanguage\":\"es\",\"@id\":\"https:\\\/\\\/www.boxrepsol.com\\\/es\\\/#\\\/schema\\\/logo\\\/image\\\/\",\"url\":\"https:\\\/\\\/bxrepsol.s3.eu-west-1.amazonaws.com\\\/static\\\/2025\\\/07\\\/30083337\\\/favicon-96x96-1.png\",\"contentUrl\":\"https:\\\/\\\/bxrepsol.s3.eu-west-1.amazonaws.com\\\/static\\\/2025\\\/07\\\/30083337\\\/favicon-96x96-1.png\",\"width\":96,\"height\":96,\"caption\":\"Box Repsol\"},\"image\":{\"@id\":\"https:\\\/\\\/www.boxrepsol.com\\\/es\\\/#\\\/schema\\\/logo\\\/image\\\/\"},\"sameAs\":[\"https:\\\/\\\/www.facebook.com\\\/BoxRepsol\",\"https:\\\/\\\/x.com\\\/box_repsol\",\"http:\\\/\\\/instagram.com\\\/box_repsol\",\"https:\\\/\\\/www.youtube.com\\\/user\\\/RepsolCompeticion\",\"https:\\\/\\\/www.flickr.com\\\/photos\\\/box_repsol\\\/\"]},{\"@type\":\"Person\",\"@id\":\"https:\\\/\\\/www.boxrepsol.com\\\/es\\\/#\\\/schema\\\/person\\\/c5c2138f2cca251b0ad92b7086bb60b7\",\"name\":\"Redacci\u00f3n Box Repsol\",\"image\":{\"@type\":\"ImageObject\",\"inLanguage\":\"es\",\"@id\":\"https:\\\/\\\/secure.gravatar.com\\\/avatar\\\/adf7b77e38b4419baf32c7e9c21dde01f4e40df611f0978e3006fc4ba0aaab7e?s=96&d=mm&r=g\",\"url\":\"https:\\\/\\\/secure.gravatar.com\\\/avatar\\\/adf7b77e38b4419baf32c7e9c21dde01f4e40df611f0978e3006fc4ba0aaab7e?s=96&d=mm&r=g\",\"contentUrl\":\"https:\\\/\\\/secure.gravatar.com\\\/avatar\\\/adf7b77e38b4419baf32c7e9c21dde01f4e40df611f0978e3006fc4ba0aaab7e?s=96&d=mm&r=g\",\"caption\":\"Redacci\u00f3n Box Repsol\"},\"description\":\"Box Repsol lo forma un equipo de periodistas, community managers, dise\u00f1adores y fot\u00f3grafos con m\u00e1s de 20 a\u00f1os de experiencia en el mundo del motorsport. Hemos vivido el primer mundial de un espa\u00f1ol en la categor\u00eda reina de motociclismo con \u00c1lex Crivill\u00e9, estuvimos en las victorias de Pedrosa y los t\u00edtulos de M\u00e1rquez, acompa\u00f1amos en \u00c1frica a Nani Roma y Marc Coma en sus conquistas del Dakar y hemos vibrado con los t\u00edtulos de Toni Bou en Trial. Adem\u00e1s, en nuestro equipo contamos con expertos en el mundo de las dos y cuatro ruedas tanto de la calle y las carreteras, como de los circuitos. Periodistas que han trabajado en revistas y publicaciones para hacerte llegar desde rutas y consejos de mantenimiento, a curiosidades y trucos de pilotaje.\",\"sameAs\":[\"https:\\\/\\\/www.facebook.com\\\/BoxRepsol\\\/\",\"https:\\\/\\\/www.instagram.com\\\/box_repsol\\\/\",\"https:\\\/\\\/x.com\\\/https:\\\/\\\/twitter.com\\\/box_repsol\",\"https:\\\/\\\/www.youtube.com\\\/@Boxrepsol\"],\"url\":\"https:\\\/\\\/www.boxrepsol.com\\\/es\\\/author\\\/redaccion-box-repsol\\\/\"}]}<\/script>\n<!-- \/ Yoast SEO plugin. -->","yoast_head_json":{"title":"Marc M\u00e1rquez es intervenido con \u00e9xito y \u00c1lex M\u00e1rquez est\u00e1 listo para una nueva cita en Jerez - Box Repsol","description":"Al vigente Campe\u00f3n del Mundo de MotoGP le han fijado la fractura con una placa y no tiene afectado el nervio radial.","canonical":"https:\/\/www.boxrepsol.com\/es\/motogp\/marc-marquez-intervenido-2020-exito\/","og_locale":"es_ES","og_type":"article","og_title":"Marc M\u00e1rquez es intervenido con \u00e9xito y \u00c1lex M\u00e1rquez est\u00e1 listo para una nueva cita en Jerez - Box Repsol","og_description":"Al vigente Campe\u00f3n del Mundo de MotoGP le han fijado la fractura con una placa y no tiene afectado el nervio radial.","og_url":"https:\/\/www.boxrepsol.com\/es\/motogp\/marc-marquez-intervenido-2020-exito\/","og_site_name":"Box Repsol","article_publisher":"https:\/\/www.facebook.com\/BoxRepsol","article_author":"https:\/\/www.facebook.com\/BoxRepsol\/","article_published_time":"2020-07-21T02:00:00+00:00","article_modified_time":"2024-04-19T10:29:48+00:00","og_image":[{"width":1600,"height":1066,"url":"https:\/\/bxrepsol.s3.eu-west-1.amazonaws.com\/static\/2022\/08\/09104044\/Marc-intervenido-con-exito-1.jpeg","type":"image\/jpeg"}],"author":"Redacci\u00f3n Box Repsol","twitter_card":"summary_large_image","twitter_creator":"@https:\/\/twitter.com\/box_repsol","twitter_site":"@box_repsol","twitter_misc":{"Written by":"Redacci\u00f3n Box Repsol","Est. reading time":"2 minutos"},"schema":{"@context":"https:\/\/schema.org","@graph":[{"@type":"Article","@id":"https:\/\/www.boxrepsol.com\/es\/motogp\/marc-marquez-intervenido-2020-exito\/#article","isPartOf":{"@id":"https:\/\/www.boxrepsol.com\/es\/motogp\/marc-marquez-intervenido-2020-exito\/"},"author":{"name":"Redacci\u00f3n Box Repsol","@id":"https:\/\/www.boxrepsol.com\/es\/#\/schema\/person\/c5c2138f2cca251b0ad92b7086bb60b7"},"headline":"Marc M\u00e1rquez es intervenido con \u00e9xito y \u00c1lex M\u00e1rquez est\u00e1 listo para una nueva cita en Jerez","datePublished":"2020-07-21T02:00:00+00:00","dateModified":"2024-04-19T10:29:48+00:00","mainEntityOfPage":{"@id":"https:\/\/www.boxrepsol.com\/es\/motogp\/marc-marquez-intervenido-2020-exito\/"},"wordCount":469,"commentCount":0,"publisher":{"@id":"https:\/\/www.boxrepsol.com\/es\/#organization"},"image":{"@id":"https:\/\/www.boxrepsol.com\/es\/motogp\/marc-marquez-intervenido-2020-exito\/#primaryimage"},"thumbnailUrl":"https:\/\/bxrepsol.s3.eu-west-1.amazonaws.com\/static\/2022\/08\/09104044\/Marc-intervenido-con-exito-1.jpeg","keywords":["Marc M\u00e1rquez"],"articleSection":["MotoGP"],"inLanguage":"es","potentialAction":[{"@type":"CommentAction","name":"Comment","target":["https:\/\/www.boxrepsol.com\/es\/motogp\/marc-marquez-intervenido-2020-exito\/#respond"]}]},{"@type":"WebPage","@id":"https:\/\/www.boxrepsol.com\/es\/motogp\/marc-marquez-intervenido-2020-exito\/","url":"https:\/\/www.boxrepsol.com\/es\/motogp\/marc-marquez-intervenido-2020-exito\/","name":"Marc M\u00e1rquez es intervenido con \u00e9xito y \u00c1lex M\u00e1rquez est\u00e1 listo para una nueva cita en Jerez - Box Repsol","isPartOf":{"@id":"https:\/\/www.boxrepsol.com\/es\/#website"},"primaryImageOfPage":{"@id":"https:\/\/www.boxrepsol.com\/es\/motogp\/marc-marquez-intervenido-2020-exito\/#primaryimage"},"image":{"@id":"https:\/\/www.boxrepsol.com\/es\/motogp\/marc-marquez-intervenido-2020-exito\/#primaryimage"},"thumbnailUrl":"https:\/\/bxrepsol.s3.eu-west-1.amazonaws.com\/static\/2022\/08\/09104044\/Marc-intervenido-con-exito-1.jpeg","datePublished":"2020-07-21T02:00:00+00:00","dateModified":"2024-04-19T10:29:48+00:00","description":"Al vigente Campe\u00f3n del Mundo de MotoGP le han fijado la fractura con una placa y no tiene afectado el nervio radial.","breadcrumb":{"@id":"https:\/\/www.boxrepsol.com\/es\/motogp\/marc-marquez-intervenido-2020-exito\/#breadcrumb"},"inLanguage":"es","potentialAction":[{"@type":"ReadAction","target":["https:\/\/www.boxrepsol.com\/es\/motogp\/marc-marquez-intervenido-2020-exito\/"]}]},{"@type":"ImageObject","inLanguage":"es","@id":"https:\/\/www.boxrepsol.com\/es\/motogp\/marc-marquez-intervenido-2020-exito\/#primaryimage","url":"https:\/\/bxrepsol.s3.eu-west-1.amazonaws.com\/static\/2022\/08\/09104044\/Marc-intervenido-con-exito-1.jpeg","contentUrl":"https:\/\/bxrepsol.s3.eu-west-1.amazonaws.com\/static\/2022\/08\/09104044\/Marc-intervenido-con-exito-1.jpeg","width":1600,"height":1066,"caption":"Marc M\u00e1rquez 2020"},{"@type":"BreadcrumbList","@id":"https:\/\/www.boxrepsol.com\/es\/motogp\/marc-marquez-intervenido-2020-exito\/#breadcrumb","itemListElement":[{"@type":"ListItem","position":1,"name":"Home","item":"https:\/\/www.boxrepsol.com\/es\/"},{"@type":"ListItem","position":2,"name":"Marc M\u00e1rquez es intervenido con \u00e9xito y \u00c1lex M\u00e1rquez est\u00e1 listo para una nueva cita en Jerez"}]},{"@type":"WebSite","@id":"https:\/\/www.boxrepsol.com\/es\/#website","url":"https:\/\/www.boxrepsol.com\/es\/","name":"Box Repsol","description":"Box Repsol Site","publisher":{"@id":"https:\/\/www.boxrepsol.com\/es\/#organization"},"potentialAction":[{"@type":"SearchAction","target":{"@type":"EntryPoint","urlTemplate":"https:\/\/www.boxrepsol.com\/es\/?s={search_term_string}"},"query-input":{"@type":"PropertyValueSpecification","valueRequired":true,"valueName":"search_term_string"}}],"inLanguage":"es"},{"@type":"Organization","@id":"https:\/\/www.boxrepsol.com\/es\/#organization","name":"Box Repsol","url":"https:\/\/www.boxrepsol.com\/es\/","logo":{"@type":"ImageObject","inLanguage":"es","@id":"https:\/\/www.boxrepsol.com\/es\/#\/schema\/logo\/image\/","url":"https:\/\/bxrepsol.s3.eu-west-1.amazonaws.com\/static\/2025\/07\/30083337\/favicon-96x96-1.png","contentUrl":"https:\/\/bxrepsol.s3.eu-west-1.amazonaws.com\/static\/2025\/07\/30083337\/favicon-96x96-1.png","width":96,"height":96,"caption":"Box Repsol"},"image":{"@id":"https:\/\/www.boxrepsol.com\/es\/#\/schema\/logo\/image\/"},"sameAs":["https:\/\/www.facebook.com\/BoxRepsol","https:\/\/x.com\/box_repsol","http:\/\/instagram.com\/box_repsol","https:\/\/www.youtube.com\/user\/RepsolCompeticion","https:\/\/www.flickr.com\/photos\/box_repsol\/"]},{"@type":"Person","@id":"https:\/\/www.boxrepsol.com\/es\/#\/schema\/person\/c5c2138f2cca251b0ad92b7086bb60b7","name":"Redacci\u00f3n Box Repsol","image":{"@type":"ImageObject","inLanguage":"es","@id":"https:\/\/secure.gravatar.com\/avatar\/adf7b77e38b4419baf32c7e9c21dde01f4e40df611f0978e3006fc4ba0aaab7e?s=96&d=mm&r=g","url":"https:\/\/secure.gravatar.com\/avatar\/adf7b77e38b4419baf32c7e9c21dde01f4e40df611f0978e3006fc4ba0aaab7e?s=96&d=mm&r=g","contentUrl":"https:\/\/secure.gravatar.com\/avatar\/adf7b77e38b4419baf32c7e9c21dde01f4e40df611f0978e3006fc4ba0aaab7e?s=96&d=mm&r=g","caption":"Redacci\u00f3n Box Repsol"},"description":"Box Repsol lo forma un equipo de periodistas, community managers, dise\u00f1adores y fot\u00f3grafos con m\u00e1s de 20 a\u00f1os de experiencia en el mundo del motorsport. Hemos vivido el primer mundial de un espa\u00f1ol en la categor\u00eda reina de motociclismo con \u00c1lex Crivill\u00e9, estuvimos en las victorias de Pedrosa y los t\u00edtulos de M\u00e1rquez, acompa\u00f1amos en \u00c1frica a Nani Roma y Marc Coma en sus conquistas del Dakar y hemos vibrado con los t\u00edtulos de Toni Bou en Trial. Adem\u00e1s, en nuestro equipo contamos con expertos en el mundo de las dos y cuatro ruedas tanto de la calle y las carreteras, como de los circuitos. Periodistas que han trabajado en revistas y publicaciones para hacerte llegar desde rutas y consejos de mantenimiento, a curiosidades y trucos de pilotaje.","sameAs":["https:\/\/www.facebook.com\/BoxRepsol\/","https:\/\/www.instagram.com\/box_repsol\/","https:\/\/x.com\/https:\/\/twitter.com\/box_repsol","https:\/\/www.youtube.com\/@Boxrepsol"],"url":"https:\/\/www.boxrepsol.com\/es\/author\/redaccion-box-repsol\/"}]}},"_links":{"self":[{"href":"https:\/\/www.boxrepsol.com\/es\/wp-json\/wp\/v2\/posts\/94542","targetHints":{"allow":["GET"]}}],"collection":[{"href":"https:\/\/www.boxrepsol.com\/es\/wp-json\/wp\/v2\/posts"}],"about":[{"href":"https:\/\/www.boxrepsol.com\/es\/wp-json\/wp\/v2\/types\/post"}],"author":[{"embeddable":true,"href":"https:\/\/www.boxrepsol.com\/es\/wp-json\/wp\/v2\/users\/43146"}],"replies":[{"embeddable":true,"href":"https:\/\/www.boxrepsol.com\/es\/wp-json\/wp\/v2\/comments?post=94542"}],"version-history":[{"count":1,"href":"https:\/\/www.boxrepsol.com\/es\/wp-json\/wp\/v2\/posts\/94542\/revisions"}],"predecessor-version":[{"id":115135,"href":"https:\/\/www.boxrepsol.com\/es\/wp-json\/wp\/v2\/posts\/94542\/revisions\/115135"}],"wp:featuredmedia":[{"embeddable":true,"href":"https:\/\/www.boxrepsol.com\/es\/wp-json\/wp\/v2\/media\/40361"}],"wp:attachment":[{"href":"https:\/\/www.boxrepsol.com\/es\/wp-json\/wp\/v2\/media?parent=94542"}],"wp:term":[{"taxonomy":"category","embeddable":true,"href":"https:\/\/www.boxrepsol.com\/es\/wp-json\/wp\/v2\/categories?post=94542"},{"taxonomy":"post_tag","embeddable":true,"href":"https:\/\/www.boxrepsol.com\/es\/wp-json\/wp\/v2\/tags?post=94542"}],"curies":[{"name":"wp","href":"https:\/\/api.w.org\/{rel}","templated":true}]}}